{"id":76294,"date":"2016-05-21T03:36:49","date_gmt":"2016-05-21T01:36:49","guid":{"rendered":"http:\/\/eldigitaldeasturias.com\/magazine365\/?p=76294"},"modified":"2016-05-21T03:36:49","modified_gmt":"2016-05-21T01:36:49","slug":"blogueros-europeos-descubren-la-oferta-de-turismo-activo-de-cantabria","status":"publish","type":"post","link":"https:\/\/eldigitaldeasturias.com\/magazine365\/blogueros-europeos-descubren-la-oferta-de-turismo-activo-de-cantabria\/","title":{"rendered":"Blogueros europeos descubren la oferta de turismo activo de Cantabria"},"content":{"rendered":"<p><img fetchpriority=\"high\" decoding=\"async\" class=\"alignleft size-medium wp-image-76295\" src=\"https:\/\/eldigitaldeasturias.com\/magazine365\/wp-content\/uploads\/2016\/05\/fotonoticia_20160518113014_800-360x270.jpg\" alt=\"fotonoticia_20160518113014_800\" width=\"360\" height=\"270\" srcset=\"https:\/\/eldigitaldeasturias.com\/magazine365\/wp-content\/uploads\/2016\/05\/fotonoticia_20160518113014_800-360x270.jpg 360w, https:\/\/eldigitaldeasturias.com\/magazine365\/wp-content\/uploads\/2016\/05\/fotonoticia_20160518113014_800-650x488.jpg 650w, https:\/\/eldigitaldeasturias.com\/magazine365\/wp-content\/uploads\/2016\/05\/fotonoticia_20160518113014_800-768x576.jpg 768w, https:\/\/eldigitaldeasturias.com\/magazine365\/wp-content\/uploads\/2016\/05\/fotonoticia_20160518113014_800-150x113.jpg 150w, https:\/\/eldigitaldeasturias.com\/magazine365\/wp-content\/uploads\/2016\/05\/fotonoticia_20160518113014_800-450x338.jpg 450w, https:\/\/eldigitaldeasturias.com\/magazine365\/wp-content\/uploads\/2016\/05\/fotonoticia_20160518113014_800-90x67.jpg 90w, https:\/\/eldigitaldeasturias.com\/magazine365\/wp-content\/uploads\/2016\/05\/fotonoticia_20160518113014_800-164x124.jpg 164w, https:\/\/eldigitaldeasturias.com\/magazine365\/wp-content\/uploads\/2016\/05\/fotonoticia_20160518113014_800-100x75.jpg 100w, https:\/\/eldigitaldeasturias.com\/magazine365\/wp-content\/uploads\/2016\/05\/fotonoticia_20160518113014_800.jpg 800w\" sizes=\"(max-width: 360px) 100vw, 360px\" \/>Blogueros europeos especializados en viajes y turismo de naturaleza visitan esta semana Cantabria para conocer la oferta de turismo activo de la regi\u00f3n y volcar sus experiencias en sus respectivos blogs, lo que permitir\u00e1 difundir, a trav\u00e9s de las redes sociales, el potencial tur\u00edstico c\u00e1ntabro en este \u00e1mbito a los miles de seguidores de estos prescriptores en Alemania, B\u00e9lgica e Irlanda, as\u00ed como en otras partes del mundo.<\/p>\n<p>Esta actividad se enmarca dentro de las acciones de promoci\u00f3n internacional que la Consejer\u00eda de Innovaci\u00f3n, Industria, Turismo y Comercio lleva a cabo con el objeto de dar a conocer los atractivos tur\u00edsticos y acercar la oferta c\u00e1ntabra a mercados considerados prioritarios y estrat\u00e9gicos para los intereses del turismo regional, favorecidos por las conexiones a\u00e9reas directas con las principales ciudades y capitales de estos pa\u00edses.<\/p>\n<p>Los blogueros invitados son la alemana Nima Ashoff, autora del blog &#8216;Abenteuer Spanien&#8217; (www.abenteuer-spanien.com); la irlandesa Edwina Elizabeth O&#8217;Connor, que dirige el blog &#8216;The Life of Stuff&#8217; (www.thelifeofstuff.com) y los belgas Amandine Legrand y Fran\u00e7ois Thierens, responsables de &#8216;Un sac sur le dos&#8217; (www.unsacsurledos.com)<\/p>\n<p>La Consejer\u00eda de Turismo ha informado en un comunicado que ha dise\u00f1ado un programa cargado de actividades deportivas y relacionadas con el turismo activo y de aventura, que los blogueros est\u00e1n realizando durante estos d\u00edas y con el que se busca que conozcan una amplia muestra de toda la oferta que ofrecen las distintas comarcas.<\/p>\n<p>La bah\u00eda de Santander, con actividades mar\u00edtimas y una ruta de interpretaci\u00f3n de la naturaleza; el Parque Nacional por los Picos de Europa, el telef\u00e9rico de Fuente D\u00e9 y una ruta en raquetas de nieve junto con la realizaci\u00f3n de una etapa del Camino Lebaniego son algunas de las propuestas que han podido experimentar los blogueros.<\/p>\n<p>\u00c9stos tambi\u00e9n han conocido la zona oriental c\u00e1ntabra con una visita a la comarca As\u00f3n-Ag\u00fcera-Trasmiera, donde han podido recorrer una v\u00eda ferrata y realizar un descenso en canoa por el r\u00edo As\u00f3n y, finalmente, tendr\u00e1n la oportunidad de disfrutar de una de las Reservas de Surf de la regi\u00f3n, con una sesi\u00f3n de surf en la playa de Somo.<\/p>\n","protected":false},"excerpt":{"rendered":"<p>Blogueros europeos especializados en viajes y turismo de naturaleza visitan esta semana Cantabria para conocer la oferta de turismo activo de la regi\u00f3n y volcar sus experiencias en sus respectivos blogs, lo que permitir\u00e1 difundir, a trav\u00e9s de las redes sociales, el potencial tur\u00edstico c\u00e1ntabro en este \u00e1mbito a los miles de seguidores de estos<\/p>\n","protected":false},"author":1,"featured_media":76295,"comment_status":"open","ping_status":"closed","sticky":false,"template":"","format":"standard","meta":{"footnotes":""},"categories":[224],"tags":[],"class_list":{"0":"post-76294","1":"post","2":"type-post","3":"status-publish","4":"format-standard","5":"has-post-thumbnail","7":"category-noticias-actualidad"},"aioseo_notices":[],"aioseo_head":"\n\t\t<!-- All in One SEO Pro 4.9.6.1 - aioseo.com -->\n\t<meta name=\"description\" content=\"Blogueros europeos especializados en viajes y turismo de naturaleza visitan esta semana Cantabria para conocer la oferta de turismo activo de la regi\u00f3n y volcar sus experiencias en sus respectivos blogs, lo que permitir\u00e1 difundir, a trav\u00e9s de las redes sociales, el potencial tur\u00edstico c\u00e1ntabro en este \u00e1mbito a los miles de seguidores de estos\" \/>\n\t<meta name=\"robots\" content=\"max-image-preview:large\" \/>\n\t<meta name=\"author\" content=\"admin\"\/>\n\t<meta name=\"google-site-verification\" content=\"UA-38556648-1\" \/>\n\t<meta name=\"keywords\" content=\"noticias y actualidad\" \/>\n\t<link rel=\"canonical\" href=\"https:\/\/eldigitaldeasturias.com\/magazine365\/blogueros-europeos-descubren-la-oferta-de-turismo-activo-de-cantabria\/\" \/>\n\t<meta name=\"generator\" content=\"All in One SEO Pro (AIOSEO) 4.9.6.1\" \/>\n\t\t<meta property=\"og:locale\" content=\"es_ES\" \/>\n\t\t<meta property=\"og:site_name\" content=\"El Digital de Asturias \u2013 Revista de ocio, turismo y estilo de vida\" \/>\n\t\t<meta property=\"og:type\" content=\"article\" \/>\n\t\t<meta property=\"og:title\" content=\"Blogueros europeos descubren la oferta de turismo activo de Cantabria | El Digital de Asturias\" \/>\n\t\t<meta property=\"og:description\" content=\"Blogueros europeos especializados en viajes y turismo de naturaleza visitan esta semana Cantabria para conocer la oferta de turismo activo de la regi\u00f3n y volcar sus experiencias en sus respectivos blogs, lo que permitir\u00e1 difundir, a trav\u00e9s de las redes sociales, el potencial tur\u00edstico c\u00e1ntabro en este \u00e1mbito a los miles de seguidores de estos\" \/>\n\t\t<meta property=\"og:url\" content=\"https:\/\/eldigitaldeasturias.com\/magazine365\/blogueros-europeos-descubren-la-oferta-de-turismo-activo-de-cantabria\/\" \/>\n\t\t<meta property=\"og:image\" content=\"https:\/\/eldigitaldeasturias.com\/magazine365\/wp-content\/uploads\/2016\/05\/fotonoticia_20160518113014_800.jpg\" \/>\n\t\t<meta property=\"og:image:secure_url\" content=\"https:\/\/eldigitaldeasturias.com\/magazine365\/wp-content\/uploads\/2016\/05\/fotonoticia_20160518113014_800.jpg\" \/>\n\t\t<meta property=\"og:image:width\" content=\"800\" \/>\n\t\t<meta property=\"og:image:height\" content=\"600\" \/>\n\t\t<meta property=\"article:published_time\" content=\"2016-05-21T01:36:49+00:00\" \/>\n\t\t<meta property=\"article:modified_time\" content=\"2016-05-21T01:36:49+00:00\" \/>\n\t\t<meta name=\"twitter:card\" content=\"summary_large_image\" \/>\n\t\t<meta name=\"twitter:title\" content=\"Blogueros europeos descubren la oferta de turismo activo de Cantabria | El Digital de Asturias\" \/>\n\t\t<meta name=\"twitter:description\" content=\"Blogueros europeos especializados en viajes y turismo de naturaleza visitan esta semana Cantabria para conocer la oferta de turismo activo de la regi\u00f3n y volcar sus experiencias en sus respectivos blogs, lo que permitir\u00e1 difundir, a trav\u00e9s de las redes sociales, el potencial tur\u00edstico c\u00e1ntabro en este \u00e1mbito a los miles de seguidores de estos\" \/>\n\t\t<meta name=\"twitter:image\" content=\"https:\/\/eldigitaldeasturias.com\/magazine365\/wp-content\/uploads\/2016\/05\/fotonoticia_20160518113014_800.jpg\" \/>\n\t\t<script type=\"application\/ld+json\" class=\"aioseo-schema\">\n\t\t\t{\"@context\":\"https:\\\/\\\/schema.org\",\"@graph\":[{\"@type\":\"Article\",\"@id\":\"https:\\\/\\\/eldigitaldeasturias.com\\\/magazine365\\\/blogueros-europeos-descubren-la-oferta-de-turismo-activo-de-cantabria\\\/#article\",\"name\":\"Blogueros europeos descubren la oferta de turismo activo de Cantabria | El Digital de Asturias\",\"headline\":\"Blogueros europeos descubren la oferta de turismo activo de Cantabria\",\"author\":{\"@id\":\"https:\\\/\\\/eldigitaldeasturias.com\\\/magazine365\\\/author\\\/admin\\\/#author\"},\"publisher\":{\"@id\":\"https:\\\/\\\/eldigitaldeasturias.com\\\/magazine365\\\/#organization\"},\"image\":{\"@type\":\"ImageObject\",\"url\":\"https:\\\/\\\/eldigitaldeasturias.com\\\/magazine365\\\/wp-content\\\/uploads\\\/2016\\\/05\\\/fotonoticia_20160518113014_800.jpg\",\"width\":800,\"height\":600},\"datePublished\":\"2016-05-21T03:36:49+02:00\",\"dateModified\":\"2016-05-21T03:36:49+02:00\",\"inLanguage\":\"es-ES\",\"mainEntityOfPage\":{\"@id\":\"https:\\\/\\\/eldigitaldeasturias.com\\\/magazine365\\\/blogueros-europeos-descubren-la-oferta-de-turismo-activo-de-cantabria\\\/#webpage\"},\"isPartOf\":{\"@id\":\"https:\\\/\\\/eldigitaldeasturias.com\\\/magazine365\\\/blogueros-europeos-descubren-la-oferta-de-turismo-activo-de-cantabria\\\/#webpage\"},\"articleSection\":\"Noticias y Actualidad\"},{\"@type\":\"BreadcrumbList\",\"@id\":\"https:\\\/\\\/eldigitaldeasturias.com\\\/magazine365\\\/blogueros-europeos-descubren-la-oferta-de-turismo-activo-de-cantabria\\\/#breadcrumblist\",\"itemListElement\":[{\"@type\":\"ListItem\",\"@id\":\"https:\\\/\\\/eldigitaldeasturias.com\\\/magazine365#listItem\",\"position\":1,\"name\":\"Home\",\"item\":\"https:\\\/\\\/eldigitaldeasturias.com\\\/magazine365\",\"nextItem\":{\"@type\":\"ListItem\",\"@id\":\"https:\\\/\\\/eldigitaldeasturias.com\\\/magazine365\\\/category\\\/noticias-actualidad\\\/#listItem\",\"name\":\"Noticias y Actualidad\"}},{\"@type\":\"ListItem\",\"@id\":\"https:\\\/\\\/eldigitaldeasturias.com\\\/magazine365\\\/category\\\/noticias-actualidad\\\/#listItem\",\"position\":2,\"name\":\"Noticias y Actualidad\",\"item\":\"https:\\\/\\\/eldigitaldeasturias.com\\\/magazine365\\\/category\\\/noticias-actualidad\\\/\",\"nextItem\":{\"@type\":\"ListItem\",\"@id\":\"https:\\\/\\\/eldigitaldeasturias.com\\\/magazine365\\\/blogueros-europeos-descubren-la-oferta-de-turismo-activo-de-cantabria\\\/#listItem\",\"name\":\"Blogueros europeos descubren la oferta de turismo activo de Cantabria\"},\"previousItem\":{\"@type\":\"ListItem\",\"@id\":\"https:\\\/\\\/eldigitaldeasturias.com\\\/magazine365#listItem\",\"name\":\"Home\"}},{\"@type\":\"ListItem\",\"@id\":\"https:\\\/\\\/eldigitaldeasturias.com\\\/magazine365\\\/blogueros-europeos-descubren-la-oferta-de-turismo-activo-de-cantabria\\\/#listItem\",\"position\":3,\"name\":\"Blogueros europeos descubren la oferta de turismo activo de Cantabria\",\"previousItem\":{\"@type\":\"ListItem\",\"@id\":\"https:\\\/\\\/eldigitaldeasturias.com\\\/magazine365\\\/category\\\/noticias-actualidad\\\/#listItem\",\"name\":\"Noticias y Actualidad\"}}]},{\"@type\":\"Organization\",\"@id\":\"https:\\\/\\\/eldigitaldeasturias.com\\\/magazine365\\\/#organization\",\"name\":\"El digital de Asturias\",\"description\":\"Revista de ocio, turismo y estilo de vida\",\"url\":\"https:\\\/\\\/eldigitaldeasturias.com\\\/magazine365\\\/\",\"logo\":{\"@type\":\"ImageObject\",\"url\":\"https:\\\/\\\/www.eldigitaldeasturias.com\\\/noticias\\\/wp-content\\\/uploads\\\/2020\\\/12\\\/EDA.jpg\",\"@id\":\"https:\\\/\\\/eldigitaldeasturias.com\\\/magazine365\\\/blogueros-europeos-descubren-la-oferta-de-turismo-activo-de-cantabria\\\/#organizationLogo\"},\"image\":{\"@id\":\"https:\\\/\\\/eldigitaldeasturias.com\\\/magazine365\\\/blogueros-europeos-descubren-la-oferta-de-turismo-activo-de-cantabria\\\/#organizationLogo\"}},{\"@type\":\"Person\",\"@id\":\"https:\\\/\\\/eldigitaldeasturias.com\\\/magazine365\\\/author\\\/admin\\\/#author\",\"url\":\"https:\\\/\\\/eldigitaldeasturias.com\\\/magazine365\\\/author\\\/admin\\\/\",\"name\":\"admin\",\"image\":{\"@type\":\"ImageObject\",\"@id\":\"https:\\\/\\\/eldigitaldeasturias.com\\\/magazine365\\\/blogueros-europeos-descubren-la-oferta-de-turismo-activo-de-cantabria\\\/#authorImage\",\"url\":\"https:\\\/\\\/eldigitaldeasturias.com\\\/magazine365\\\/wp-content\\\/litespeed\\\/avatar\\\/e571bcf59a0edd6fa6838245a470f2fe.jpg?ver=1777574230\",\"width\":96,\"height\":96,\"caption\":\"admin\"}},{\"@type\":\"WebPage\",\"@id\":\"https:\\\/\\\/eldigitaldeasturias.com\\\/magazine365\\\/blogueros-europeos-descubren-la-oferta-de-turismo-activo-de-cantabria\\\/#webpage\",\"url\":\"https:\\\/\\\/eldigitaldeasturias.com\\\/magazine365\\\/blogueros-europeos-descubren-la-oferta-de-turismo-activo-de-cantabria\\\/\",\"name\":\"Blogueros europeos descubren la oferta de turismo activo de Cantabria | El Digital de Asturias\",\"description\":\"Blogueros europeos especializados en viajes y turismo de naturaleza visitan esta semana Cantabria para conocer la oferta de turismo activo de la regi\\u00f3n y volcar sus experiencias en sus respectivos blogs, lo que permitir\\u00e1 difundir, a trav\\u00e9s de las redes sociales, el potencial tur\\u00edstico c\\u00e1ntabro en este \\u00e1mbito a los miles de seguidores de estos\",\"inLanguage\":\"es-ES\",\"isPartOf\":{\"@id\":\"https:\\\/\\\/eldigitaldeasturias.com\\\/magazine365\\\/#website\"},\"breadcrumb\":{\"@id\":\"https:\\\/\\\/eldigitaldeasturias.com\\\/magazine365\\\/blogueros-europeos-descubren-la-oferta-de-turismo-activo-de-cantabria\\\/#breadcrumblist\"},\"author\":{\"@id\":\"https:\\\/\\\/eldigitaldeasturias.com\\\/magazine365\\\/author\\\/admin\\\/#author\"},\"creator\":{\"@id\":\"https:\\\/\\\/eldigitaldeasturias.com\\\/magazine365\\\/author\\\/admin\\\/#author\"},\"image\":{\"@type\":\"ImageObject\",\"url\":\"https:\\\/\\\/eldigitaldeasturias.com\\\/magazine365\\\/wp-content\\\/uploads\\\/2016\\\/05\\\/fotonoticia_20160518113014_800.jpg\",\"@id\":\"https:\\\/\\\/eldigitaldeasturias.com\\\/magazine365\\\/blogueros-europeos-descubren-la-oferta-de-turismo-activo-de-cantabria\\\/#mainImage\",\"width\":800,\"height\":600},\"primaryImageOfPage\":{\"@id\":\"https:\\\/\\\/eldigitaldeasturias.com\\\/magazine365\\\/blogueros-europeos-descubren-la-oferta-de-turismo-activo-de-cantabria\\\/#mainImage\"},\"datePublished\":\"2016-05-21T03:36:49+02:00\",\"dateModified\":\"2016-05-21T03:36:49+02:00\"},{\"@type\":\"WebSite\",\"@id\":\"https:\\\/\\\/eldigitaldeasturias.com\\\/magazine365\\\/#website\",\"url\":\"https:\\\/\\\/eldigitaldeasturias.com\\\/magazine365\\\/\",\"name\":\"El Digital de Asturias\",\"description\":\"Revista de ocio, turismo y estilo de vida\",\"inLanguage\":\"es-ES\",\"publisher\":{\"@id\":\"https:\\\/\\\/eldigitaldeasturias.com\\\/magazine365\\\/#organization\"}}]}\n\t\t<\/script>\n\t\t<!-- All in One SEO Pro -->\r\n\t\t<title>Blogueros europeos descubren la oferta de turismo activo de Cantabria | El Digital de Asturias<\/title>\n\n","aioseo_head_json":{"title":"Blogueros europeos descubren la oferta de turismo activo de Cantabria | El Digital de Asturias","description":"Blogueros europeos especializados en viajes y turismo de naturaleza visitan esta semana Cantabria para conocer la oferta de turismo activo de la regi\u00f3n y volcar sus experiencias en sus respectivos blogs, lo que permitir\u00e1 difundir, a trav\u00e9s de las redes sociales, el potencial tur\u00edstico c\u00e1ntabro en este \u00e1mbito a los miles de seguidores de estos","canonical_url":"https:\/\/eldigitaldeasturias.com\/magazine365\/blogueros-europeos-descubren-la-oferta-de-turismo-activo-de-cantabria\/","robots":"max-image-preview:large","keywords":"noticias y actualidad","webmasterTools":{"google-site-verification":"UA-38556648-1","miscellaneous":""},"schema":{"@context":"https:\/\/schema.org","@graph":[{"@type":"Article","@id":"https:\/\/eldigitaldeasturias.com\/magazine365\/blogueros-europeos-descubren-la-oferta-de-turismo-activo-de-cantabria\/#article","name":"Blogueros europeos descubren la oferta de turismo activo de Cantabria | El Digital de Asturias","headline":"Blogueros europeos descubren la oferta de turismo activo de Cantabria","author":{"@id":"https:\/\/eldigitaldeasturias.com\/magazine365\/author\/admin\/#author"},"publisher":{"@id":"https:\/\/eldigitaldeasturias.com\/magazine365\/#organization"},"image":{"@type":"ImageObject","url":"https:\/\/eldigitaldeasturias.com\/magazine365\/wp-content\/uploads\/2016\/05\/fotonoticia_20160518113014_800.jpg","width":800,"height":600},"datePublished":"2016-05-21T03:36:49+02:00","dateModified":"2016-05-21T03:36:49+02:00","inLanguage":"es-ES","mainEntityOfPage":{"@id":"https:\/\/eldigitaldeasturias.com\/magazine365\/blogueros-europeos-descubren-la-oferta-de-turismo-activo-de-cantabria\/#webpage"},"isPartOf":{"@id":"https:\/\/eldigitaldeasturias.com\/magazine365\/blogueros-europeos-descubren-la-oferta-de-turismo-activo-de-cantabria\/#webpage"},"articleSection":"Noticias y Actualidad"},{"@type":"BreadcrumbList","@id":"https:\/\/eldigitaldeasturias.com\/magazine365\/blogueros-europeos-descubren-la-oferta-de-turismo-activo-de-cantabria\/#breadcrumblist","itemListElement":[{"@type":"ListItem","@id":"https:\/\/eldigitaldeasturias.com\/magazine365#listItem","position":1,"name":"Home","item":"https:\/\/eldigitaldeasturias.com\/magazine365","nextItem":{"@type":"ListItem","@id":"https:\/\/eldigitaldeasturias.com\/magazine365\/category\/noticias-actualidad\/#listItem","name":"Noticias y Actualidad"}},{"@type":"ListItem","@id":"https:\/\/eldigitaldeasturias.com\/magazine365\/category\/noticias-actualidad\/#listItem","position":2,"name":"Noticias y Actualidad","item":"https:\/\/eldigitaldeasturias.com\/magazine365\/category\/noticias-actualidad\/","nextItem":{"@type":"ListItem","@id":"https:\/\/eldigitaldeasturias.com\/magazine365\/blogueros-europeos-descubren-la-oferta-de-turismo-activo-de-cantabria\/#listItem","name":"Blogueros europeos descubren la oferta de turismo activo de Cantabria"},"previousItem":{"@type":"ListItem","@id":"https:\/\/eldigitaldeasturias.com\/magazine365#listItem","name":"Home"}},{"@type":"ListItem","@id":"https:\/\/eldigitaldeasturias.com\/magazine365\/blogueros-europeos-descubren-la-oferta-de-turismo-activo-de-cantabria\/#listItem","position":3,"name":"Blogueros europeos descubren la oferta de turismo activo de Cantabria","previousItem":{"@type":"ListItem","@id":"https:\/\/eldigitaldeasturias.com\/magazine365\/category\/noticias-actualidad\/#listItem","name":"Noticias y Actualidad"}}]},{"@type":"Organization","@id":"https:\/\/eldigitaldeasturias.com\/magazine365\/#organization","name":"El digital de Asturias","description":"Revista de ocio, turismo y estilo de vida","url":"https:\/\/eldigitaldeasturias.com\/magazine365\/","logo":{"@type":"ImageObject","url":"https:\/\/www.eldigitaldeasturias.com\/noticias\/wp-content\/uploads\/2020\/12\/EDA.jpg","@id":"https:\/\/eldigitaldeasturias.com\/magazine365\/blogueros-europeos-descubren-la-oferta-de-turismo-activo-de-cantabria\/#organizationLogo"},"image":{"@id":"https:\/\/eldigitaldeasturias.com\/magazine365\/blogueros-europeos-descubren-la-oferta-de-turismo-activo-de-cantabria\/#organizationLogo"}},{"@type":"Person","@id":"https:\/\/eldigitaldeasturias.com\/magazine365\/author\/admin\/#author","url":"https:\/\/eldigitaldeasturias.com\/magazine365\/author\/admin\/","name":"admin","image":{"@type":"ImageObject","@id":"https:\/\/eldigitaldeasturias.com\/magazine365\/blogueros-europeos-descubren-la-oferta-de-turismo-activo-de-cantabria\/#authorImage","url":"https:\/\/eldigitaldeasturias.com\/magazine365\/wp-content\/litespeed\/avatar\/e571bcf59a0edd6fa6838245a470f2fe.jpg?ver=1777574230","width":96,"height":96,"caption":"admin"}},{"@type":"WebPage","@id":"https:\/\/eldigitaldeasturias.com\/magazine365\/blogueros-europeos-descubren-la-oferta-de-turismo-activo-de-cantabria\/#webpage","url":"https:\/\/eldigitaldeasturias.com\/magazine365\/blogueros-europeos-descubren-la-oferta-de-turismo-activo-de-cantabria\/","name":"Blogueros europeos descubren la oferta de turismo activo de Cantabria | El Digital de Asturias","description":"Blogueros europeos especializados en viajes y turismo de naturaleza visitan esta semana Cantabria para conocer la oferta de turismo activo de la regi\u00f3n y volcar sus experiencias en sus respectivos blogs, lo que permitir\u00e1 difundir, a trav\u00e9s de las redes sociales, el potencial tur\u00edstico c\u00e1ntabro en este \u00e1mbito a los miles de seguidores de estos","inLanguage":"es-ES","isPartOf":{"@id":"https:\/\/eldigitaldeasturias.com\/magazine365\/#website"},"breadcrumb":{"@id":"https:\/\/eldigitaldeasturias.com\/magazine365\/blogueros-europeos-descubren-la-oferta-de-turismo-activo-de-cantabria\/#breadcrumblist"},"author":{"@id":"https:\/\/eldigitaldeasturias.com\/magazine365\/author\/admin\/#author"},"creator":{"@id":"https:\/\/eldigitaldeasturias.com\/magazine365\/author\/admin\/#author"},"image":{"@type":"ImageObject","url":"https:\/\/eldigitaldeasturias.com\/magazine365\/wp-content\/uploads\/2016\/05\/fotonoticia_20160518113014_800.jpg","@id":"https:\/\/eldigitaldeasturias.com\/magazine365\/blogueros-europeos-descubren-la-oferta-de-turismo-activo-de-cantabria\/#mainImage","width":800,"height":600},"primaryImageOfPage":{"@id":"https:\/\/eldigitaldeasturias.com\/magazine365\/blogueros-europeos-descubren-la-oferta-de-turismo-activo-de-cantabria\/#mainImage"},"datePublished":"2016-05-21T03:36:49+02:00","dateModified":"2016-05-21T03:36:49+02:00"},{"@type":"WebSite","@id":"https:\/\/eldigitaldeasturias.com\/magazine365\/#website","url":"https:\/\/eldigitaldeasturias.com\/magazine365\/","name":"El Digital de Asturias","description":"Revista de ocio, turismo y estilo de vida","inLanguage":"es-ES","publisher":{"@id":"https:\/\/eldigitaldeasturias.com\/magazine365\/#organization"}}]},"og:locale":"es_ES","og:site_name":"El Digital de Asturias \u2013 Revista de ocio, turismo y estilo de vida","og:type":"article","og:title":"Blogueros europeos descubren la oferta de turismo activo de Cantabria | El Digital de Asturias","og:description":"Blogueros europeos especializados en viajes y turismo de naturaleza visitan esta semana Cantabria para conocer la oferta de turismo activo de la regi\u00f3n y volcar sus experiencias en sus respectivos blogs, lo que permitir\u00e1 difundir, a trav\u00e9s de las redes sociales, el potencial tur\u00edstico c\u00e1ntabro en este \u00e1mbito a los miles de seguidores de estos","og:url":"https:\/\/eldigitaldeasturias.com\/magazine365\/blogueros-europeos-descubren-la-oferta-de-turismo-activo-de-cantabria\/","og:image":"https:\/\/eldigitaldeasturias.com\/magazine365\/wp-content\/uploads\/2016\/05\/fotonoticia_20160518113014_800.jpg","og:image:secure_url":"https:\/\/eldigitaldeasturias.com\/magazine365\/wp-content\/uploads\/2016\/05\/fotonoticia_20160518113014_800.jpg","og:image:width":800,"og:image:height":600,"article:published_time":"2016-05-21T01:36:49+00:00","article:modified_time":"2016-05-21T01:36:49+00:00","twitter:card":"summary_large_image","twitter:title":"Blogueros europeos descubren la oferta de turismo activo de Cantabria | El Digital de Asturias","twitter:description":"Blogueros europeos especializados en viajes y turismo de naturaleza visitan esta semana Cantabria para conocer la oferta de turismo activo de la regi\u00f3n y volcar sus experiencias en sus respectivos blogs, lo que permitir\u00e1 difundir, a trav\u00e9s de las redes sociales, el potencial tur\u00edstico c\u00e1ntabro en este \u00e1mbito a los miles de seguidores de estos","twitter:image":"https:\/\/eldigitaldeasturias.com\/magazine365\/wp-content\/uploads\/2016\/05\/fotonoticia_20160518113014_800.jpg"},"aioseo_meta_data":{"post_id":"76294","title":null,"description":null,"keywords":null,"keyphrases":null,"primary_term":null,"canonical_url":null,"og_title":null,"og_description":null,"og_object_type":"default","og_image_type":"default","og_image_url":null,"og_image_width":null,"og_image_height":null,"og_image_custom_url":null,"og_image_custom_fields":null,"og_video":null,"og_custom_url":null,"og_article_section":null,"og_article_tags":null,"twitter_use_og":false,"twitter_card":"default","twitter_image_type":"default","twitter_image_url":null,"twitter_image_custom_url":null,"twitter_image_custom_fields":null,"twitter_title":null,"twitter_description":null,"schema":{"blockGraphs":[],"customGraphs":[],"default":{"data":{"Article":[],"Course":[],"Dataset":[],"FAQPage":[],"Movie":[],"Person":[],"Product":[],"ProductReview":[],"Car":[],"Recipe":[],"Service":[],"SoftwareApplication":[],"WebPage":[]},"graphName":"","isEnabled":true},"graphs":[],"defaultGraph":"","defaultPostTypeGraph":""},"schema_type":null,"schema_type_options":null,"pillar_content":false,"robots_default":true,"robots_noindex":false,"robots_noarchive":false,"robots_nosnippet":false,"robots_nofollow":false,"robots_noimageindex":false,"robots_noodp":false,"robots_notranslate":false,"robots_max_snippet":null,"robots_max_videopreview":null,"robots_max_imagepreview":"large","priority":null,"frequency":null,"location":null,"local_seo":null,"seo_analyzer_scan_date":"2025-09-27 12:17:18","breadcrumb_settings":null,"limit_modified_date":false,"open_ai":null,"ai":null,"created":"2021-03-08 18:29:46","updated":"2025-09-27 12:17:18"},"aioseo_breadcrumb":"<div class=\"aioseo-breadcrumbs\"><span class=\"aioseo-breadcrumb\">\n\t<a href=\"https:\/\/eldigitaldeasturias.com\/magazine365\" title=\"Home\">Home<\/a>\n<\/span><span class=\"aioseo-breadcrumb-separator\">\u2013<\/span><span class=\"aioseo-breadcrumb\">\n\t<a href=\"https:\/\/eldigitaldeasturias.com\/magazine365\/category\/noticias-actualidad\/\" title=\"Noticias y Actualidad\">Noticias y Actualidad<\/a>\n<\/span><span class=\"aioseo-breadcrumb-separator\">\u2013<\/span><span class=\"aioseo-breadcrumb\">\n\t<a href=\"https:\/\/eldigitaldeasturias.com\/magazine365\/blogueros-europeos-descubren-la-oferta-de-turismo-activo-de-cantabria\/\" title=\"Blogueros europeos descubren la oferta de turismo activo de Cantabria\">Blogueros europeos descubren la oferta de turismo activo de Cantabria<\/a>\n<\/span><\/div>","aioseo_breadcrumb_json":[{"label":"Home","link":"https:\/\/eldigitaldeasturias.com\/magazine365"},{"label":"Noticias y Actualidad","link":"https:\/\/eldigitaldeasturias.com\/magazine365\/category\/noticias-actualidad\/"},{"label":"Blogueros europeos descubren la oferta de turismo activo de Cantabria","link":"https:\/\/eldigitaldeasturias.com\/magazine365\/blogueros-europeos-descubren-la-oferta-de-turismo-activo-de-cantabria\/"}],"_links":{"self":[{"href":"https:\/\/eldigitaldeasturias.com\/magazine365\/wp-json\/wp\/v2\/posts\/76294","targetHints":{"allow":["GET"]}}],"collection":[{"href":"https:\/\/eldigitaldeasturias.com\/magazine365\/wp-json\/wp\/v2\/posts"}],"about":[{"href":"https:\/\/eldigitaldeasturias.com\/magazine365\/wp-json\/wp\/v2\/types\/post"}],"author":[{"embeddable":true,"href":"https:\/\/eldigitaldeasturias.com\/magazine365\/wp-json\/wp\/v2\/users\/1"}],"replies":[{"embeddable":true,"href":"https:\/\/eldigitaldeasturias.com\/magazine365\/wp-json\/wp\/v2\/comments?post=76294"}],"version-history":[{"count":0,"href":"https:\/\/eldigitaldeasturias.com\/magazine365\/wp-json\/wp\/v2\/posts\/76294\/revisions"}],"wp:featuredmedia":[{"embeddable":true,"href":"https:\/\/eldigitaldeasturias.com\/magazine365\/wp-json\/wp\/v2\/media\/76295"}],"wp:attachment":[{"href":"https:\/\/eldigitaldeasturias.com\/magazine365\/wp-json\/wp\/v2\/media?parent=76294"}],"wp:term":[{"taxonomy":"category","embeddable":true,"href":"https:\/\/eldigitaldeasturias.com\/magazine365\/wp-json\/wp\/v2\/categories?post=76294"},{"taxonomy":"post_tag","embeddable":true,"href":"https:\/\/eldigitaldeasturias.com\/magazine365\/wp-json\/wp\/v2\/tags?post=76294"}],"curies":[{"name":"wp","href":"https:\/\/api.w.org\/{rel}","templated":true}]}}