{"id":76288,"date":"2016-05-21T03:34:50","date_gmt":"2016-05-21T01:34:50","guid":{"rendered":"http:\/\/eldigitaldeasturias.com\/magazine365\/?p=76288"},"modified":"2016-05-21T03:34:50","modified_gmt":"2016-05-21T01:34:50","slug":"amics-de-la-terra-presenta-alegaciones-contra-el-megaparque-de-cap-blanc-en-llucmajor","status":"publish","type":"post","link":"https:\/\/eldigitaldeasturias.com\/magazine365\/amics-de-la-terra-presenta-alegaciones-contra-el-megaparque-de-cap-blanc-en-llucmajor\/","title":{"rendered":"Amics de la Terra presenta alegaciones contra el \u00abmegaparque\u00bb de Cap Blanc en Llucmajor"},"content":{"rendered":"<p><img fetchpriority=\"high\" decoding=\"async\" class=\"alignleft size-medium wp-image-76289\" src=\"https:\/\/eldigitaldeasturias.com\/magazine365\/wp-content\/uploads\/2016\/05\/fotonoticia_20160518105426_800-360x217.jpg\" alt=\"fotonoticia_20160518105426_800\" width=\"360\" height=\"217\" srcset=\"https:\/\/eldigitaldeasturias.com\/magazine365\/wp-content\/uploads\/2016\/05\/fotonoticia_20160518105426_800-360x217.jpg 360w, https:\/\/eldigitaldeasturias.com\/magazine365\/wp-content\/uploads\/2016\/05\/fotonoticia_20160518105426_800-650x392.jpg 650w, https:\/\/eldigitaldeasturias.com\/magazine365\/wp-content\/uploads\/2016\/05\/fotonoticia_20160518105426_800-768x464.jpg 768w, https:\/\/eldigitaldeasturias.com\/magazine365\/wp-content\/uploads\/2016\/05\/fotonoticia_20160518105426_800-150x91.jpg 150w, https:\/\/eldigitaldeasturias.com\/magazine365\/wp-content\/uploads\/2016\/05\/fotonoticia_20160518105426_800-450x272.jpg 450w, https:\/\/eldigitaldeasturias.com\/magazine365\/wp-content\/uploads\/2016\/05\/fotonoticia_20160518105426_800.jpg 800w\" sizes=\"(max-width: 360px) 100vw, 360px\" \/>Amics de la Terra Mallorca ha presentado este mi\u00e9rcoles por la ma\u00f1ana una serie de alegaciones a la Comisi\u00f3n Balear de Medio Ambiente contra el proyecto de \u00abmegaparque fotovoltaico\u00bb que ocupar\u00e1 50 hect\u00e1reas en el municipio de Llucmajor con el objetivo de que desestimen su construcci\u00f3n.<\/p>\n<p>Seg\u00fan consideran, las dimensiones del parque fotovoltaico proyectado \u00abson totalmente desproporcionadas en un territorio insular limitado como el de la isla\u00bb y provocar\u00eda un \u00abimpacto paisaj\u00edstico enorme\u00bb. Adem\u00e1s, recuerdan que hay otro parque fotovoltaico previsto de unos 25 hect\u00e1reas en la misma zona.<\/p>\n<p>As\u00ed, aseguran que ya preve\u00edan \u00abel problema de acumulaci\u00f3n de instalaciones\u00bb en las alegaciones presentadas el a\u00f1o pasado a la modificaci\u00f3n del Plan Sectorial de Energ\u00eda de Baleares en las que pidieron \u00abdelimitar tanto el tama\u00f1o de los parques como la distancia entre ellos\u00bb.<\/p>\n<p>De esta manera, afirman que la zona donde se prev\u00e9 la instalaci\u00f3n \u00abest\u00e1 muy cerca de la Marina de Llucmajor y rodeada de zona boscosa de alto valor ambiental, as\u00ed como de otros espacios protegidos\u00bb.<\/p>\n<p>En este sentido, se\u00f1alan que es una zona emblem\u00e1tica para el turismo local y visitante de una gran belleza y riqueza en biodiversidad.<\/p>\n<p>As\u00ed mismo, comentan que es un espacio de \u00abalto valor ornitol\u00f3gico\u00bb y alberga especies protegidas de aves como la milana, adem\u00e1s de otras especies de flora end\u00e9mica y fauna de inter\u00e9s especial como la tortuga mediterr\u00e1nea.<\/p>\n<p>Amics de la Terra proponen apostar por un modelo de ordenaci\u00f3n de las energ\u00edas renovables \u00abm\u00e1s descentralizado y menos impactante en el territorio\u00bb, dando prioridad a las peque\u00f1as y medianas instalaciones, junto con la instalaci\u00f3n de placas fotovoltaicas para el autoconsumo.<\/p>\n","protected":false},"excerpt":{"rendered":"<p>Amics de la Terra Mallorca ha presentado este mi\u00e9rcoles por la ma\u00f1ana una serie de alegaciones a la Comisi\u00f3n Balear de Medio Ambiente contra el proyecto de \u00abmegaparque fotovoltaico\u00bb que ocupar\u00e1 50 hect\u00e1reas en el municipio de Llucmajor con el objetivo de que desestimen su construcci\u00f3n. Seg\u00fan consideran, las dimensiones del parque fotovoltaico proyectado \u00abson<\/p>\n","protected":false},"author":1,"featured_media":76289,"comment_status":"open","ping_status":"closed","sticky":false,"template":"","format":"standard","meta":{"footnotes":""},"categories":[224],"tags":[],"class_list":{"0":"post-76288","1":"post","2":"type-post","3":"status-publish","4":"format-standard","5":"has-post-thumbnail","7":"category-noticias-actualidad"},"aioseo_notices":[],"aioseo_head":"\n\t\t<!-- All in One SEO Pro 4.9.6.1 - aioseo.com -->\n\t<meta name=\"description\" content=\"Amics de la Terra Mallorca ha presentado este mi\u00e9rcoles por la ma\u00f1ana una serie de alegaciones a la Comisi\u00f3n Balear de Medio Ambiente contra el proyecto de &quot;megaparque fotovoltaico&quot; que ocupar\u00e1 50 hect\u00e1reas en el municipio de Llucmajor con el objetivo de que desestimen su construcci\u00f3n. Seg\u00fan consideran, las dimensiones del parque fotovoltaico proyectado &quot;son\" \/>\n\t<meta name=\"robots\" content=\"max-image-preview:large\" \/>\n\t<meta name=\"author\" content=\"admin\"\/>\n\t<meta name=\"google-site-verification\" content=\"UA-38556648-1\" \/>\n\t<meta name=\"keywords\" content=\"noticias y actualidad\" \/>\n\t<link rel=\"canonical\" href=\"https:\/\/eldigitaldeasturias.com\/magazine365\/amics-de-la-terra-presenta-alegaciones-contra-el-megaparque-de-cap-blanc-en-llucmajor\/\" \/>\n\t<meta name=\"generator\" content=\"All in One SEO Pro (AIOSEO) 4.9.6.1\" \/>\n\t\t<meta property=\"og:locale\" content=\"es_ES\" \/>\n\t\t<meta property=\"og:site_name\" content=\"El Digital de Asturias \u2013 Revista de ocio, turismo y estilo de vida\" \/>\n\t\t<meta property=\"og:type\" content=\"article\" \/>\n\t\t<meta property=\"og:title\" content=\"Amics de la Terra presenta alegaciones contra el \u00abmegaparque\u00bb de Cap Blanc en Llucmajor | El Digital de Asturias\" \/>\n\t\t<meta property=\"og:description\" content=\"Amics de la Terra Mallorca ha presentado este mi\u00e9rcoles por la ma\u00f1ana una serie de alegaciones a la Comisi\u00f3n Balear de Medio Ambiente contra el proyecto de &quot;megaparque fotovoltaico&quot; que ocupar\u00e1 50 hect\u00e1reas en el municipio de Llucmajor con el objetivo de que desestimen su construcci\u00f3n. Seg\u00fan consideran, las dimensiones del parque fotovoltaico proyectado &quot;son\" \/>\n\t\t<meta property=\"og:url\" content=\"https:\/\/eldigitaldeasturias.com\/magazine365\/amics-de-la-terra-presenta-alegaciones-contra-el-megaparque-de-cap-blanc-en-llucmajor\/\" \/>\n\t\t<meta property=\"og:image\" content=\"https:\/\/eldigitaldeasturias.com\/magazine365\/wp-content\/uploads\/2016\/05\/fotonoticia_20160518105426_800.jpg\" \/>\n\t\t<meta property=\"og:image:secure_url\" content=\"https:\/\/eldigitaldeasturias.com\/magazine365\/wp-content\/uploads\/2016\/05\/fotonoticia_20160518105426_800.jpg\" \/>\n\t\t<meta property=\"og:image:width\" content=\"800\" \/>\n\t\t<meta property=\"og:image:height\" content=\"483\" \/>\n\t\t<meta property=\"article:published_time\" content=\"2016-05-21T01:34:50+00:00\" \/>\n\t\t<meta property=\"article:modified_time\" content=\"2016-05-21T01:34:50+00:00\" \/>\n\t\t<meta name=\"twitter:card\" content=\"summary_large_image\" \/>\n\t\t<meta name=\"twitter:title\" content=\"Amics de la Terra presenta alegaciones contra el \u00abmegaparque\u00bb de Cap Blanc en Llucmajor | El Digital de Asturias\" \/>\n\t\t<meta name=\"twitter:description\" content=\"Amics de la Terra Mallorca ha presentado este mi\u00e9rcoles por la ma\u00f1ana una serie de alegaciones a la Comisi\u00f3n Balear de Medio Ambiente contra el proyecto de &quot;megaparque fotovoltaico&quot; que ocupar\u00e1 50 hect\u00e1reas en el municipio de Llucmajor con el objetivo de que desestimen su construcci\u00f3n. Seg\u00fan consideran, las dimensiones del parque fotovoltaico proyectado &quot;son\" \/>\n\t\t<meta name=\"twitter:image\" content=\"https:\/\/eldigitaldeasturias.com\/magazine365\/wp-content\/uploads\/2016\/05\/fotonoticia_20160518105426_800.jpg\" \/>\n\t\t<script type=\"application\/ld+json\" class=\"aioseo-schema\">\n\t\t\t{\"@context\":\"https:\\\/\\\/schema.org\",\"@graph\":[{\"@type\":\"Article\",\"@id\":\"https:\\\/\\\/eldigitaldeasturias.com\\\/magazine365\\\/amics-de-la-terra-presenta-alegaciones-contra-el-megaparque-de-cap-blanc-en-llucmajor\\\/#article\",\"name\":\"Amics de la Terra presenta alegaciones contra el \\u00abmegaparque\\u00bb de Cap Blanc en Llucmajor | El Digital de Asturias\",\"headline\":\"Amics de la Terra presenta alegaciones contra el \\u00abmegaparque\\u00bb de Cap Blanc en Llucmajor\",\"author\":{\"@id\":\"https:\\\/\\\/eldigitaldeasturias.com\\\/magazine365\\\/author\\\/admin\\\/#author\"},\"publisher\":{\"@id\":\"https:\\\/\\\/eldigitaldeasturias.com\\\/magazine365\\\/#organization\"},\"image\":{\"@type\":\"ImageObject\",\"url\":\"https:\\\/\\\/eldigitaldeasturias.com\\\/magazine365\\\/wp-content\\\/uploads\\\/2016\\\/05\\\/fotonoticia_20160518105426_800.jpg\",\"width\":800,\"height\":483},\"datePublished\":\"2016-05-21T03:34:50+02:00\",\"dateModified\":\"2016-05-21T03:34:50+02:00\",\"inLanguage\":\"es-ES\",\"mainEntityOfPage\":{\"@id\":\"https:\\\/\\\/eldigitaldeasturias.com\\\/magazine365\\\/amics-de-la-terra-presenta-alegaciones-contra-el-megaparque-de-cap-blanc-en-llucmajor\\\/#webpage\"},\"isPartOf\":{\"@id\":\"https:\\\/\\\/eldigitaldeasturias.com\\\/magazine365\\\/amics-de-la-terra-presenta-alegaciones-contra-el-megaparque-de-cap-blanc-en-llucmajor\\\/#webpage\"},\"articleSection\":\"Noticias y Actualidad\"},{\"@type\":\"BreadcrumbList\",\"@id\":\"https:\\\/\\\/eldigitaldeasturias.com\\\/magazine365\\\/amics-de-la-terra-presenta-alegaciones-contra-el-megaparque-de-cap-blanc-en-llucmajor\\\/#breadcrumblist\",\"itemListElement\":[{\"@type\":\"ListItem\",\"@id\":\"https:\\\/\\\/eldigitaldeasturias.com\\\/magazine365#listItem\",\"position\":1,\"name\":\"Home\",\"item\":\"https:\\\/\\\/eldigitaldeasturias.com\\\/magazine365\",\"nextItem\":{\"@type\":\"ListItem\",\"@id\":\"https:\\\/\\\/eldigitaldeasturias.com\\\/magazine365\\\/category\\\/noticias-actualidad\\\/#listItem\",\"name\":\"Noticias y Actualidad\"}},{\"@type\":\"ListItem\",\"@id\":\"https:\\\/\\\/eldigitaldeasturias.com\\\/magazine365\\\/category\\\/noticias-actualidad\\\/#listItem\",\"position\":2,\"name\":\"Noticias y Actualidad\",\"item\":\"https:\\\/\\\/eldigitaldeasturias.com\\\/magazine365\\\/category\\\/noticias-actualidad\\\/\",\"nextItem\":{\"@type\":\"ListItem\",\"@id\":\"https:\\\/\\\/eldigitaldeasturias.com\\\/magazine365\\\/amics-de-la-terra-presenta-alegaciones-contra-el-megaparque-de-cap-blanc-en-llucmajor\\\/#listItem\",\"name\":\"Amics de la Terra presenta alegaciones contra el \\u00abmegaparque\\u00bb de Cap Blanc en Llucmajor\"},\"previousItem\":{\"@type\":\"ListItem\",\"@id\":\"https:\\\/\\\/eldigitaldeasturias.com\\\/magazine365#listItem\",\"name\":\"Home\"}},{\"@type\":\"ListItem\",\"@id\":\"https:\\\/\\\/eldigitaldeasturias.com\\\/magazine365\\\/amics-de-la-terra-presenta-alegaciones-contra-el-megaparque-de-cap-blanc-en-llucmajor\\\/#listItem\",\"position\":3,\"name\":\"Amics de la Terra presenta alegaciones contra el \\u00abmegaparque\\u00bb de Cap Blanc en Llucmajor\",\"previousItem\":{\"@type\":\"ListItem\",\"@id\":\"https:\\\/\\\/eldigitaldeasturias.com\\\/magazine365\\\/category\\\/noticias-actualidad\\\/#listItem\",\"name\":\"Noticias y Actualidad\"}}]},{\"@type\":\"Organization\",\"@id\":\"https:\\\/\\\/eldigitaldeasturias.com\\\/magazine365\\\/#organization\",\"name\":\"El digital de Asturias\",\"description\":\"Revista de ocio, turismo y estilo de vida\",\"url\":\"https:\\\/\\\/eldigitaldeasturias.com\\\/magazine365\\\/\",\"logo\":{\"@type\":\"ImageObject\",\"url\":\"https:\\\/\\\/www.eldigitaldeasturias.com\\\/noticias\\\/wp-content\\\/uploads\\\/2020\\\/12\\\/EDA.jpg\",\"@id\":\"https:\\\/\\\/eldigitaldeasturias.com\\\/magazine365\\\/amics-de-la-terra-presenta-alegaciones-contra-el-megaparque-de-cap-blanc-en-llucmajor\\\/#organizationLogo\"},\"image\":{\"@id\":\"https:\\\/\\\/eldigitaldeasturias.com\\\/magazine365\\\/amics-de-la-terra-presenta-alegaciones-contra-el-megaparque-de-cap-blanc-en-llucmajor\\\/#organizationLogo\"}},{\"@type\":\"Person\",\"@id\":\"https:\\\/\\\/eldigitaldeasturias.com\\\/magazine365\\\/author\\\/admin\\\/#author\",\"url\":\"https:\\\/\\\/eldigitaldeasturias.com\\\/magazine365\\\/author\\\/admin\\\/\",\"name\":\"admin\",\"image\":{\"@type\":\"ImageObject\",\"@id\":\"https:\\\/\\\/eldigitaldeasturias.com\\\/magazine365\\\/amics-de-la-terra-presenta-alegaciones-contra-el-megaparque-de-cap-blanc-en-llucmajor\\\/#authorImage\",\"url\":\"https:\\\/\\\/eldigitaldeasturias.com\\\/magazine365\\\/wp-content\\\/litespeed\\\/avatar\\\/e571bcf59a0edd6fa6838245a470f2fe.jpg?ver=1777574230\",\"width\":96,\"height\":96,\"caption\":\"admin\"}},{\"@type\":\"WebPage\",\"@id\":\"https:\\\/\\\/eldigitaldeasturias.com\\\/magazine365\\\/amics-de-la-terra-presenta-alegaciones-contra-el-megaparque-de-cap-blanc-en-llucmajor\\\/#webpage\",\"url\":\"https:\\\/\\\/eldigitaldeasturias.com\\\/magazine365\\\/amics-de-la-terra-presenta-alegaciones-contra-el-megaparque-de-cap-blanc-en-llucmajor\\\/\",\"name\":\"Amics de la Terra presenta alegaciones contra el \\u00abmegaparque\\u00bb de Cap Blanc en Llucmajor | El Digital de Asturias\",\"description\":\"Amics de la Terra Mallorca ha presentado este mi\\u00e9rcoles por la ma\\u00f1ana una serie de alegaciones a la Comisi\\u00f3n Balear de Medio Ambiente contra el proyecto de \\\"megaparque fotovoltaico\\\" que ocupar\\u00e1 50 hect\\u00e1reas en el municipio de Llucmajor con el objetivo de que desestimen su construcci\\u00f3n. Seg\\u00fan consideran, las dimensiones del parque fotovoltaico proyectado \\\"son\",\"inLanguage\":\"es-ES\",\"isPartOf\":{\"@id\":\"https:\\\/\\\/eldigitaldeasturias.com\\\/magazine365\\\/#website\"},\"breadcrumb\":{\"@id\":\"https:\\\/\\\/eldigitaldeasturias.com\\\/magazine365\\\/amics-de-la-terra-presenta-alegaciones-contra-el-megaparque-de-cap-blanc-en-llucmajor\\\/#breadcrumblist\"},\"author\":{\"@id\":\"https:\\\/\\\/eldigitaldeasturias.com\\\/magazine365\\\/author\\\/admin\\\/#author\"},\"creator\":{\"@id\":\"https:\\\/\\\/eldigitaldeasturias.com\\\/magazine365\\\/author\\\/admin\\\/#author\"},\"image\":{\"@type\":\"ImageObject\",\"url\":\"https:\\\/\\\/eldigitaldeasturias.com\\\/magazine365\\\/wp-content\\\/uploads\\\/2016\\\/05\\\/fotonoticia_20160518105426_800.jpg\",\"@id\":\"https:\\\/\\\/eldigitaldeasturias.com\\\/magazine365\\\/amics-de-la-terra-presenta-alegaciones-contra-el-megaparque-de-cap-blanc-en-llucmajor\\\/#mainImage\",\"width\":800,\"height\":483},\"primaryImageOfPage\":{\"@id\":\"https:\\\/\\\/eldigitaldeasturias.com\\\/magazine365\\\/amics-de-la-terra-presenta-alegaciones-contra-el-megaparque-de-cap-blanc-en-llucmajor\\\/#mainImage\"},\"datePublished\":\"2016-05-21T03:34:50+02:00\",\"dateModified\":\"2016-05-21T03:34:50+02:00\"},{\"@type\":\"WebSite\",\"@id\":\"https:\\\/\\\/eldigitaldeasturias.com\\\/magazine365\\\/#website\",\"url\":\"https:\\\/\\\/eldigitaldeasturias.com\\\/magazine365\\\/\",\"name\":\"El Digital de Asturias\",\"description\":\"Revista de ocio, turismo y estilo de vida\",\"inLanguage\":\"es-ES\",\"publisher\":{\"@id\":\"https:\\\/\\\/eldigitaldeasturias.com\\\/magazine365\\\/#organization\"}}]}\n\t\t<\/script>\n\t\t<!-- All in One SEO Pro -->\r\n\t\t<title>Amics de la Terra presenta alegaciones contra el \u00abmegaparque\u00bb de Cap Blanc en Llucmajor | El Digital de Asturias<\/title>\n\n","aioseo_head_json":{"title":"Amics de la Terra presenta alegaciones contra el \u00abmegaparque\u00bb de Cap Blanc en Llucmajor | El Digital de Asturias","description":"Amics de la Terra Mallorca ha presentado este mi\u00e9rcoles por la ma\u00f1ana una serie de alegaciones a la Comisi\u00f3n Balear de Medio Ambiente contra el proyecto de \"megaparque fotovoltaico\" que ocupar\u00e1 50 hect\u00e1reas en el municipio de Llucmajor con el objetivo de que desestimen su construcci\u00f3n. Seg\u00fan consideran, las dimensiones del parque fotovoltaico proyectado \"son","canonical_url":"https:\/\/eldigitaldeasturias.com\/magazine365\/amics-de-la-terra-presenta-alegaciones-contra-el-megaparque-de-cap-blanc-en-llucmajor\/","robots":"max-image-preview:large","keywords":"noticias y actualidad","webmasterTools":{"google-site-verification":"UA-38556648-1","miscellaneous":""},"schema":{"@context":"https:\/\/schema.org","@graph":[{"@type":"Article","@id":"https:\/\/eldigitaldeasturias.com\/magazine365\/amics-de-la-terra-presenta-alegaciones-contra-el-megaparque-de-cap-blanc-en-llucmajor\/#article","name":"Amics de la Terra presenta alegaciones contra el \u00abmegaparque\u00bb de Cap Blanc en Llucmajor | El Digital de Asturias","headline":"Amics de la Terra presenta alegaciones contra el \u00abmegaparque\u00bb de Cap Blanc en Llucmajor","author":{"@id":"https:\/\/eldigitaldeasturias.com\/magazine365\/author\/admin\/#author"},"publisher":{"@id":"https:\/\/eldigitaldeasturias.com\/magazine365\/#organization"},"image":{"@type":"ImageObject","url":"https:\/\/eldigitaldeasturias.com\/magazine365\/wp-content\/uploads\/2016\/05\/fotonoticia_20160518105426_800.jpg","width":800,"height":483},"datePublished":"2016-05-21T03:34:50+02:00","dateModified":"2016-05-21T03:34:50+02:00","inLanguage":"es-ES","mainEntityOfPage":{"@id":"https:\/\/eldigitaldeasturias.com\/magazine365\/amics-de-la-terra-presenta-alegaciones-contra-el-megaparque-de-cap-blanc-en-llucmajor\/#webpage"},"isPartOf":{"@id":"https:\/\/eldigitaldeasturias.com\/magazine365\/amics-de-la-terra-presenta-alegaciones-contra-el-megaparque-de-cap-blanc-en-llucmajor\/#webpage"},"articleSection":"Noticias y Actualidad"},{"@type":"BreadcrumbList","@id":"https:\/\/eldigitaldeasturias.com\/magazine365\/amics-de-la-terra-presenta-alegaciones-contra-el-megaparque-de-cap-blanc-en-llucmajor\/#breadcrumblist","itemListElement":[{"@type":"ListItem","@id":"https:\/\/eldigitaldeasturias.com\/magazine365#listItem","position":1,"name":"Home","item":"https:\/\/eldigitaldeasturias.com\/magazine365","nextItem":{"@type":"ListItem","@id":"https:\/\/eldigitaldeasturias.com\/magazine365\/category\/noticias-actualidad\/#listItem","name":"Noticias y Actualidad"}},{"@type":"ListItem","@id":"https:\/\/eldigitaldeasturias.com\/magazine365\/category\/noticias-actualidad\/#listItem","position":2,"name":"Noticias y Actualidad","item":"https:\/\/eldigitaldeasturias.com\/magazine365\/category\/noticias-actualidad\/","nextItem":{"@type":"ListItem","@id":"https:\/\/eldigitaldeasturias.com\/magazine365\/amics-de-la-terra-presenta-alegaciones-contra-el-megaparque-de-cap-blanc-en-llucmajor\/#listItem","name":"Amics de la Terra presenta alegaciones contra el \u00abmegaparque\u00bb de Cap Blanc en Llucmajor"},"previousItem":{"@type":"ListItem","@id":"https:\/\/eldigitaldeasturias.com\/magazine365#listItem","name":"Home"}},{"@type":"ListItem","@id":"https:\/\/eldigitaldeasturias.com\/magazine365\/amics-de-la-terra-presenta-alegaciones-contra-el-megaparque-de-cap-blanc-en-llucmajor\/#listItem","position":3,"name":"Amics de la Terra presenta alegaciones contra el \u00abmegaparque\u00bb de Cap Blanc en Llucmajor","previousItem":{"@type":"ListItem","@id":"https:\/\/eldigitaldeasturias.com\/magazine365\/category\/noticias-actualidad\/#listItem","name":"Noticias y Actualidad"}}]},{"@type":"Organization","@id":"https:\/\/eldigitaldeasturias.com\/magazine365\/#organization","name":"El digital de Asturias","description":"Revista de ocio, turismo y estilo de vida","url":"https:\/\/eldigitaldeasturias.com\/magazine365\/","logo":{"@type":"ImageObject","url":"https:\/\/www.eldigitaldeasturias.com\/noticias\/wp-content\/uploads\/2020\/12\/EDA.jpg","@id":"https:\/\/eldigitaldeasturias.com\/magazine365\/amics-de-la-terra-presenta-alegaciones-contra-el-megaparque-de-cap-blanc-en-llucmajor\/#organizationLogo"},"image":{"@id":"https:\/\/eldigitaldeasturias.com\/magazine365\/amics-de-la-terra-presenta-alegaciones-contra-el-megaparque-de-cap-blanc-en-llucmajor\/#organizationLogo"}},{"@type":"Person","@id":"https:\/\/eldigitaldeasturias.com\/magazine365\/author\/admin\/#author","url":"https:\/\/eldigitaldeasturias.com\/magazine365\/author\/admin\/","name":"admin","image":{"@type":"ImageObject","@id":"https:\/\/eldigitaldeasturias.com\/magazine365\/amics-de-la-terra-presenta-alegaciones-contra-el-megaparque-de-cap-blanc-en-llucmajor\/#authorImage","url":"https:\/\/eldigitaldeasturias.com\/magazine365\/wp-content\/litespeed\/avatar\/e571bcf59a0edd6fa6838245a470f2fe.jpg?ver=1777574230","width":96,"height":96,"caption":"admin"}},{"@type":"WebPage","@id":"https:\/\/eldigitaldeasturias.com\/magazine365\/amics-de-la-terra-presenta-alegaciones-contra-el-megaparque-de-cap-blanc-en-llucmajor\/#webpage","url":"https:\/\/eldigitaldeasturias.com\/magazine365\/amics-de-la-terra-presenta-alegaciones-contra-el-megaparque-de-cap-blanc-en-llucmajor\/","name":"Amics de la Terra presenta alegaciones contra el \u00abmegaparque\u00bb de Cap Blanc en Llucmajor | El Digital de Asturias","description":"Amics de la Terra Mallorca ha presentado este mi\u00e9rcoles por la ma\u00f1ana una serie de alegaciones a la Comisi\u00f3n Balear de Medio Ambiente contra el proyecto de \"megaparque fotovoltaico\" que ocupar\u00e1 50 hect\u00e1reas en el municipio de Llucmajor con el objetivo de que desestimen su construcci\u00f3n. Seg\u00fan consideran, las dimensiones del parque fotovoltaico proyectado \"son","inLanguage":"es-ES","isPartOf":{"@id":"https:\/\/eldigitaldeasturias.com\/magazine365\/#website"},"breadcrumb":{"@id":"https:\/\/eldigitaldeasturias.com\/magazine365\/amics-de-la-terra-presenta-alegaciones-contra-el-megaparque-de-cap-blanc-en-llucmajor\/#breadcrumblist"},"author":{"@id":"https:\/\/eldigitaldeasturias.com\/magazine365\/author\/admin\/#author"},"creator":{"@id":"https:\/\/eldigitaldeasturias.com\/magazine365\/author\/admin\/#author"},"image":{"@type":"ImageObject","url":"https:\/\/eldigitaldeasturias.com\/magazine365\/wp-content\/uploads\/2016\/05\/fotonoticia_20160518105426_800.jpg","@id":"https:\/\/eldigitaldeasturias.com\/magazine365\/amics-de-la-terra-presenta-alegaciones-contra-el-megaparque-de-cap-blanc-en-llucmajor\/#mainImage","width":800,"height":483},"primaryImageOfPage":{"@id":"https:\/\/eldigitaldeasturias.com\/magazine365\/amics-de-la-terra-presenta-alegaciones-contra-el-megaparque-de-cap-blanc-en-llucmajor\/#mainImage"},"datePublished":"2016-05-21T03:34:50+02:00","dateModified":"2016-05-21T03:34:50+02:00"},{"@type":"WebSite","@id":"https:\/\/eldigitaldeasturias.com\/magazine365\/#website","url":"https:\/\/eldigitaldeasturias.com\/magazine365\/","name":"El Digital de Asturias","description":"Revista de ocio, turismo y estilo de vida","inLanguage":"es-ES","publisher":{"@id":"https:\/\/eldigitaldeasturias.com\/magazine365\/#organization"}}]},"og:locale":"es_ES","og:site_name":"El Digital de Asturias \u2013 Revista de ocio, turismo y estilo de vida","og:type":"article","og:title":"Amics de la Terra presenta alegaciones contra el \u00abmegaparque\u00bb de Cap Blanc en Llucmajor | El Digital de Asturias","og:description":"Amics de la Terra Mallorca ha presentado este mi\u00e9rcoles por la ma\u00f1ana una serie de alegaciones a la Comisi\u00f3n Balear de Medio Ambiente contra el proyecto de &quot;megaparque fotovoltaico&quot; que ocupar\u00e1 50 hect\u00e1reas en el municipio de Llucmajor con el objetivo de que desestimen su construcci\u00f3n. Seg\u00fan consideran, las dimensiones del parque fotovoltaico proyectado &quot;son","og:url":"https:\/\/eldigitaldeasturias.com\/magazine365\/amics-de-la-terra-presenta-alegaciones-contra-el-megaparque-de-cap-blanc-en-llucmajor\/","og:image":"https:\/\/eldigitaldeasturias.com\/magazine365\/wp-content\/uploads\/2016\/05\/fotonoticia_20160518105426_800.jpg","og:image:secure_url":"https:\/\/eldigitaldeasturias.com\/magazine365\/wp-content\/uploads\/2016\/05\/fotonoticia_20160518105426_800.jpg","og:image:width":800,"og:image:height":483,"article:published_time":"2016-05-21T01:34:50+00:00","article:modified_time":"2016-05-21T01:34:50+00:00","twitter:card":"summary_large_image","twitter:title":"Amics de la Terra presenta alegaciones contra el \u00abmegaparque\u00bb de Cap Blanc en Llucmajor | El Digital de Asturias","twitter:description":"Amics de la Terra Mallorca ha presentado este mi\u00e9rcoles por la ma\u00f1ana una serie de alegaciones a la Comisi\u00f3n Balear de Medio Ambiente contra el proyecto de &quot;megaparque fotovoltaico&quot; que ocupar\u00e1 50 hect\u00e1reas en el municipio de Llucmajor con el objetivo de que desestimen su construcci\u00f3n. Seg\u00fan consideran, las dimensiones del parque fotovoltaico proyectado &quot;son","twitter:image":"https:\/\/eldigitaldeasturias.com\/magazine365\/wp-content\/uploads\/2016\/05\/fotonoticia_20160518105426_800.jpg"},"aioseo_meta_data":{"post_id":"76288","title":null,"description":null,"keywords":null,"keyphrases":null,"primary_term":null,"canonical_url":null,"og_title":null,"og_description":null,"og_object_type":"default","og_image_type":"default","og_image_url":null,"og_image_width":null,"og_image_height":null,"og_image_custom_url":null,"og_image_custom_fields":null,"og_video":null,"og_custom_url":null,"og_article_section":null,"og_article_tags":null,"twitter_use_og":false,"twitter_card":"default","twitter_image_type":"default","twitter_image_url":null,"twitter_image_custom_url":null,"twitter_image_custom_fields":null,"twitter_title":null,"twitter_description":null,"schema":{"blockGraphs":[],"customGraphs":[],"default":{"data":{"Article":[],"Course":[],"Dataset":[],"FAQPage":[],"Movie":[],"Person":[],"Product":[],"ProductReview":[],"Car":[],"Recipe":[],"Service":[],"SoftwareApplication":[],"WebPage":[]},"graphName":"","isEnabled":true},"graphs":[],"defaultGraph":"","defaultPostTypeGraph":""},"schema_type":null,"schema_type_options":null,"pillar_content":false,"robots_default":true,"robots_noindex":false,"robots_noarchive":false,"robots_nosnippet":false,"robots_nofollow":false,"robots_noimageindex":false,"robots_noodp":false,"robots_notranslate":false,"robots_max_snippet":null,"robots_max_videopreview":null,"robots_max_imagepreview":"large","priority":null,"frequency":null,"location":null,"local_seo":null,"seo_analyzer_scan_date":"2025-09-27 12:17:16","breadcrumb_settings":null,"limit_modified_date":false,"open_ai":null,"ai":null,"created":"2021-03-08 18:31:04","updated":"2025-09-27 12:17:16"},"aioseo_breadcrumb":"<div class=\"aioseo-breadcrumbs\"><span class=\"aioseo-breadcrumb\">\n\t<a href=\"https:\/\/eldigitaldeasturias.com\/magazine365\" title=\"Home\">Home<\/a>\n<\/span><span class=\"aioseo-breadcrumb-separator\">\u2013<\/span><span class=\"aioseo-breadcrumb\">\n\t<a href=\"https:\/\/eldigitaldeasturias.com\/magazine365\/category\/noticias-actualidad\/\" title=\"Noticias y Actualidad\">Noticias y Actualidad<\/a>\n<\/span><span class=\"aioseo-breadcrumb-separator\">\u2013<\/span><span class=\"aioseo-breadcrumb\">\n\t<a href=\"https:\/\/eldigitaldeasturias.com\/magazine365\/amics-de-la-terra-presenta-alegaciones-contra-el-megaparque-de-cap-blanc-en-llucmajor\/\" title=\"Amics de la Terra presenta alegaciones contra el \u00abmegaparque\u00bb de Cap Blanc en Llucmajor\">Amics de la Terra presenta alegaciones contra el \u00abmegaparque\u00bb de Cap Blanc en Llucmajor<\/a>\n<\/span><\/div>","aioseo_breadcrumb_json":[{"label":"Home","link":"https:\/\/eldigitaldeasturias.com\/magazine365"},{"label":"Noticias y Actualidad","link":"https:\/\/eldigitaldeasturias.com\/magazine365\/category\/noticias-actualidad\/"},{"label":"Amics de la Terra presenta alegaciones contra el \u00abmegaparque\u00bb de Cap Blanc en Llucmajor","link":"https:\/\/eldigitaldeasturias.com\/magazine365\/amics-de-la-terra-presenta-alegaciones-contra-el-megaparque-de-cap-blanc-en-llucmajor\/"}],"_links":{"self":[{"href":"https:\/\/eldigitaldeasturias.com\/magazine365\/wp-json\/wp\/v2\/posts\/76288","targetHints":{"allow":["GET"]}}],"collection":[{"href":"https:\/\/eldigitaldeasturias.com\/magazine365\/wp-json\/wp\/v2\/posts"}],"about":[{"href":"https:\/\/eldigitaldeasturias.com\/magazine365\/wp-json\/wp\/v2\/types\/post"}],"author":[{"embeddable":true,"href":"https:\/\/eldigitaldeasturias.com\/magazine365\/wp-json\/wp\/v2\/users\/1"}],"replies":[{"embeddable":true,"href":"https:\/\/eldigitaldeasturias.com\/magazine365\/wp-json\/wp\/v2\/comments?post=76288"}],"version-history":[{"count":0,"href":"https:\/\/eldigitaldeasturias.com\/magazine365\/wp-json\/wp\/v2\/posts\/76288\/revisions"}],"wp:featuredmedia":[{"embeddable":true,"href":"https:\/\/eldigitaldeasturias.com\/magazine365\/wp-json\/wp\/v2\/media\/76289"}],"wp:attachment":[{"href":"https:\/\/eldigitaldeasturias.com\/magazine365\/wp-json\/wp\/v2\/media?parent=76288"}],"wp:term":[{"taxonomy":"category","embeddable":true,"href":"https:\/\/eldigitaldeasturias.com\/magazine365\/wp-json\/wp\/v2\/categories?post=76288"},{"taxonomy":"post_tag","embeddable":true,"href":"https:\/\/eldigitaldeasturias.com\/magazine365\/wp-json\/wp\/v2\/tags?post=76288"}],"curies":[{"name":"wp","href":"https:\/\/api.w.org\/{rel}","templated":true}]}}