{"id":76267,"date":"2016-05-21T03:28:31","date_gmt":"2016-05-21T01:28:31","guid":{"rendered":"http:\/\/eldigitaldeasturias.com\/magazine365\/?p=76267"},"modified":"2016-05-21T03:28:31","modified_gmt":"2016-05-21T01:28:31","slug":"el-barco-de-la-paz-hace-este-miercoles-en-el-puerto-de-motril-su-unica-escala-de-primavera-en-espana","status":"publish","type":"post","link":"https:\/\/eldigitaldeasturias.com\/magazine365\/el-barco-de-la-paz-hace-este-miercoles-en-el-puerto-de-motril-su-unica-escala-de-primavera-en-espana\/","title":{"rendered":"El Barco de la Paz hace este mi\u00e9rcoles en el Puerto de Motril su \u00fanica escala de primavera en Espa\u00f1a"},"content":{"rendered":"<p><img fetchpriority=\"high\" decoding=\"async\" class=\"alignleft size-medium wp-image-76268\" src=\"https:\/\/eldigitaldeasturias.com\/magazine365\/wp-content\/uploads\/2016\/05\/fotonoticia_20160518100324_800-360x270.jpg\" alt=\"fotonoticia_20160518100324_800\" width=\"360\" height=\"270\" srcset=\"https:\/\/eldigitaldeasturias.com\/magazine365\/wp-content\/uploads\/2016\/05\/fotonoticia_20160518100324_800-360x270.jpg 360w, https:\/\/eldigitaldeasturias.com\/magazine365\/wp-content\/uploads\/2016\/05\/fotonoticia_20160518100324_800-650x488.jpg 650w, https:\/\/eldigitaldeasturias.com\/magazine365\/wp-content\/uploads\/2016\/05\/fotonoticia_20160518100324_800-768x576.jpg 768w, https:\/\/eldigitaldeasturias.com\/magazine365\/wp-content\/uploads\/2016\/05\/fotonoticia_20160518100324_800-150x113.jpg 150w, https:\/\/eldigitaldeasturias.com\/magazine365\/wp-content\/uploads\/2016\/05\/fotonoticia_20160518100324_800-450x338.jpg 450w, https:\/\/eldigitaldeasturias.com\/magazine365\/wp-content\/uploads\/2016\/05\/fotonoticia_20160518100324_800-90x67.jpg 90w, https:\/\/eldigitaldeasturias.com\/magazine365\/wp-content\/uploads\/2016\/05\/fotonoticia_20160518100324_800-164x124.jpg 164w, https:\/\/eldigitaldeasturias.com\/magazine365\/wp-content\/uploads\/2016\/05\/fotonoticia_20160518100324_800-100x75.jpg 100w, https:\/\/eldigitaldeasturias.com\/magazine365\/wp-content\/uploads\/2016\/05\/fotonoticia_20160518100324_800.jpg 800w\" sizes=\"(max-width: 360px) 100vw, 360px\" \/>El crucero Peace Boat, el Barco de la Paz, de nacionalidad japonesa y con m\u00e1s de un millar de pasajeros a bordo, har\u00e1 este mi\u00e9rcoles en el Puerto de Motril (Granada) la que ser\u00e1 su \u00fanica escala en Espa\u00f1a dentro de su itinerario de primavera.<\/p>\n<p>Lo har\u00e1 dentro de la traves\u00eda de tres meses que inici\u00f3 en Yokohama y concluir\u00e1 en Kobe, despu\u00e9s de visitar puertos de pa\u00edses situados en distintos continentes, entre los que destacan Turqu\u00eda, Francia, Rusia, Venezuela, Panam\u00e1, Estados Unidos y Jap\u00f3n.<\/p>\n<p>Peace Boat es una organizaci\u00f3n no gubernamental sin \u00e1nimo de lucro, de \u00e1mbito internacional y con sede central en Jap\u00f3n, que trabaja para promover la paz, los derechos humanos, el desarrollo justo y sostenible y el respeto por el medio ambiente.<\/p>\n<p>Con una eslora de 204 metros, el pasaje en el Barco de la Paz, que fue construido en 1981, oscila entre los 10.000 y 23.000 euros. El atraque est\u00e1 previsto este mi\u00e9rcoles a las 9,00 horas en el muelle de Costa, procedente de la ciudad italiana de Catania, y zarpar\u00e1 a las 23,00 horas, con destino a Lisboa.<\/p>\n<p>El turoperador Intercruises ha dispuesto 25 autobuses que van a salir de excursi\u00f3n a los lugares m\u00e1s emblem\u00e1ticos del destino, como Granada, la Alhambra, Nerja o Frigiliana. Tambi\u00e9n hay prevista una ruta de tapas por Motril, senderismo en Salobre\u00f1a y visita a Ron Montero, entre otras.<\/p>\n<p>La llegada del Peace Boat coincide con el D\u00eda Internacional de los Museos y la Noche en Blanco de Motril, por lo que las concejal\u00edas de Turismo y Comercio organizan una serie de actividades culturales y el &#8216;Turiscom Contigo&#8217;, un mercado artesanal dirigido a los cruceristas que permanecer\u00e1 instalado en la Plaza de la Aurora desde las 11,00 hasta las 23,00 horas.<\/p>\n<p>Este mi\u00e9rcoles tambi\u00e9n esta prevista la visita del National Geographic Orion y el jueves el Sea Cloud II.<\/p>\n","protected":false},"excerpt":{"rendered":"<p>El crucero Peace Boat, el Barco de la Paz, de nacionalidad japonesa y con m\u00e1s de un millar de pasajeros a bordo, har\u00e1 este mi\u00e9rcoles en el Puerto de Motril (Granada) la que ser\u00e1 su \u00fanica escala en Espa\u00f1a dentro de su itinerario de primavera. Lo har\u00e1 dentro de la traves\u00eda de tres meses que<\/p>\n","protected":false},"author":1,"featured_media":76268,"comment_status":"open","ping_status":"closed","sticky":false,"template":"","format":"standard","meta":{"footnotes":""},"categories":[224],"tags":[],"class_list":{"0":"post-76267","1":"post","2":"type-post","3":"status-publish","4":"format-standard","5":"has-post-thumbnail","7":"category-noticias-actualidad"},"aioseo_notices":[],"aioseo_head":"\n\t\t<!-- All in One SEO Pro 4.9.6.1 - aioseo.com -->\n\t<meta name=\"description\" content=\"El crucero Peace Boat, el Barco de la Paz, de nacionalidad japonesa y con m\u00e1s de un millar de pasajeros a bordo, har\u00e1 este mi\u00e9rcoles en el Puerto de Motril (Granada) la que ser\u00e1 su \u00fanica escala en Espa\u00f1a dentro de su itinerario de primavera. Lo har\u00e1 dentro de la traves\u00eda de tres meses que\" \/>\n\t<meta name=\"robots\" content=\"max-image-preview:large\" \/>\n\t<meta name=\"author\" content=\"admin\"\/>\n\t<meta name=\"google-site-verification\" content=\"UA-38556648-1\" \/>\n\t<meta name=\"keywords\" content=\"noticias y actualidad\" \/>\n\t<link rel=\"canonical\" href=\"https:\/\/eldigitaldeasturias.com\/magazine365\/el-barco-de-la-paz-hace-este-miercoles-en-el-puerto-de-motril-su-unica-escala-de-primavera-en-espana\/\" \/>\n\t<meta name=\"generator\" content=\"All in One SEO Pro (AIOSEO) 4.9.6.1\" \/>\n\t\t<meta property=\"og:locale\" content=\"es_ES\" \/>\n\t\t<meta property=\"og:site_name\" content=\"El Digital de Asturias \u2013 Revista de ocio, turismo y estilo de vida\" \/>\n\t\t<meta property=\"og:type\" content=\"article\" \/>\n\t\t<meta property=\"og:title\" content=\"El Barco de la Paz hace este mi\u00e9rcoles en el Puerto de Motril su \u00fanica escala de primavera en Espa\u00f1a | El Digital de Asturias\" \/>\n\t\t<meta property=\"og:description\" content=\"El crucero Peace Boat, el Barco de la Paz, de nacionalidad japonesa y con m\u00e1s de un millar de pasajeros a bordo, har\u00e1 este mi\u00e9rcoles en el Puerto de Motril (Granada) la que ser\u00e1 su \u00fanica escala en Espa\u00f1a dentro de su itinerario de primavera. Lo har\u00e1 dentro de la traves\u00eda de tres meses que\" \/>\n\t\t<meta property=\"og:url\" content=\"https:\/\/eldigitaldeasturias.com\/magazine365\/el-barco-de-la-paz-hace-este-miercoles-en-el-puerto-de-motril-su-unica-escala-de-primavera-en-espana\/\" \/>\n\t\t<meta property=\"og:image\" content=\"https:\/\/eldigitaldeasturias.com\/magazine365\/wp-content\/uploads\/2016\/05\/fotonoticia_20160518100324_800.jpg\" \/>\n\t\t<meta property=\"og:image:secure_url\" content=\"https:\/\/eldigitaldeasturias.com\/magazine365\/wp-content\/uploads\/2016\/05\/fotonoticia_20160518100324_800.jpg\" \/>\n\t\t<meta property=\"og:image:width\" content=\"800\" \/>\n\t\t<meta property=\"og:image:height\" content=\"600\" \/>\n\t\t<meta property=\"article:published_time\" content=\"2016-05-21T01:28:31+00:00\" \/>\n\t\t<meta property=\"article:modified_time\" content=\"2016-05-21T01:28:31+00:00\" \/>\n\t\t<meta name=\"twitter:card\" content=\"summary_large_image\" \/>\n\t\t<meta name=\"twitter:title\" content=\"El Barco de la Paz hace este mi\u00e9rcoles en el Puerto de Motril su \u00fanica escala de primavera en Espa\u00f1a | El Digital de Asturias\" \/>\n\t\t<meta name=\"twitter:description\" content=\"El crucero Peace Boat, el Barco de la Paz, de nacionalidad japonesa y con m\u00e1s de un millar de pasajeros a bordo, har\u00e1 este mi\u00e9rcoles en el Puerto de Motril (Granada) la que ser\u00e1 su \u00fanica escala en Espa\u00f1a dentro de su itinerario de primavera. Lo har\u00e1 dentro de la traves\u00eda de tres meses que\" \/>\n\t\t<meta name=\"twitter:image\" content=\"https:\/\/eldigitaldeasturias.com\/magazine365\/wp-content\/uploads\/2016\/05\/fotonoticia_20160518100324_800.jpg\" \/>\n\t\t<script type=\"application\/ld+json\" class=\"aioseo-schema\">\n\t\t\t{\"@context\":\"https:\\\/\\\/schema.org\",\"@graph\":[{\"@type\":\"Article\",\"@id\":\"https:\\\/\\\/eldigitaldeasturias.com\\\/magazine365\\\/el-barco-de-la-paz-hace-este-miercoles-en-el-puerto-de-motril-su-unica-escala-de-primavera-en-espana\\\/#article\",\"name\":\"El Barco de la Paz hace este mi\\u00e9rcoles en el Puerto de Motril su \\u00fanica escala de primavera en Espa\\u00f1a | El Digital de Asturias\",\"headline\":\"El Barco de la Paz hace este mi\\u00e9rcoles en el Puerto de Motril su \\u00fanica escala de primavera en Espa\\u00f1a\",\"author\":{\"@id\":\"https:\\\/\\\/eldigitaldeasturias.com\\\/magazine365\\\/author\\\/admin\\\/#author\"},\"publisher\":{\"@id\":\"https:\\\/\\\/eldigitaldeasturias.com\\\/magazine365\\\/#organization\"},\"image\":{\"@type\":\"ImageObject\",\"url\":\"https:\\\/\\\/eldigitaldeasturias.com\\\/magazine365\\\/wp-content\\\/uploads\\\/2016\\\/05\\\/fotonoticia_20160518100324_800.jpg\",\"width\":800,\"height\":600},\"datePublished\":\"2016-05-21T03:28:31+02:00\",\"dateModified\":\"2016-05-21T03:28:31+02:00\",\"inLanguage\":\"es-ES\",\"mainEntityOfPage\":{\"@id\":\"https:\\\/\\\/eldigitaldeasturias.com\\\/magazine365\\\/el-barco-de-la-paz-hace-este-miercoles-en-el-puerto-de-motril-su-unica-escala-de-primavera-en-espana\\\/#webpage\"},\"isPartOf\":{\"@id\":\"https:\\\/\\\/eldigitaldeasturias.com\\\/magazine365\\\/el-barco-de-la-paz-hace-este-miercoles-en-el-puerto-de-motril-su-unica-escala-de-primavera-en-espana\\\/#webpage\"},\"articleSection\":\"Noticias y Actualidad\"},{\"@type\":\"BreadcrumbList\",\"@id\":\"https:\\\/\\\/eldigitaldeasturias.com\\\/magazine365\\\/el-barco-de-la-paz-hace-este-miercoles-en-el-puerto-de-motril-su-unica-escala-de-primavera-en-espana\\\/#breadcrumblist\",\"itemListElement\":[{\"@type\":\"ListItem\",\"@id\":\"https:\\\/\\\/eldigitaldeasturias.com\\\/magazine365#listItem\",\"position\":1,\"name\":\"Home\",\"item\":\"https:\\\/\\\/eldigitaldeasturias.com\\\/magazine365\",\"nextItem\":{\"@type\":\"ListItem\",\"@id\":\"https:\\\/\\\/eldigitaldeasturias.com\\\/magazine365\\\/category\\\/noticias-actualidad\\\/#listItem\",\"name\":\"Noticias y Actualidad\"}},{\"@type\":\"ListItem\",\"@id\":\"https:\\\/\\\/eldigitaldeasturias.com\\\/magazine365\\\/category\\\/noticias-actualidad\\\/#listItem\",\"position\":2,\"name\":\"Noticias y Actualidad\",\"item\":\"https:\\\/\\\/eldigitaldeasturias.com\\\/magazine365\\\/category\\\/noticias-actualidad\\\/\",\"nextItem\":{\"@type\":\"ListItem\",\"@id\":\"https:\\\/\\\/eldigitaldeasturias.com\\\/magazine365\\\/el-barco-de-la-paz-hace-este-miercoles-en-el-puerto-de-motril-su-unica-escala-de-primavera-en-espana\\\/#listItem\",\"name\":\"El Barco de la Paz hace este mi\\u00e9rcoles en el Puerto de Motril su \\u00fanica escala de primavera en Espa\\u00f1a\"},\"previousItem\":{\"@type\":\"ListItem\",\"@id\":\"https:\\\/\\\/eldigitaldeasturias.com\\\/magazine365#listItem\",\"name\":\"Home\"}},{\"@type\":\"ListItem\",\"@id\":\"https:\\\/\\\/eldigitaldeasturias.com\\\/magazine365\\\/el-barco-de-la-paz-hace-este-miercoles-en-el-puerto-de-motril-su-unica-escala-de-primavera-en-espana\\\/#listItem\",\"position\":3,\"name\":\"El Barco de la Paz hace este mi\\u00e9rcoles en el Puerto de Motril su \\u00fanica escala de primavera en Espa\\u00f1a\",\"previousItem\":{\"@type\":\"ListItem\",\"@id\":\"https:\\\/\\\/eldigitaldeasturias.com\\\/magazine365\\\/category\\\/noticias-actualidad\\\/#listItem\",\"name\":\"Noticias y Actualidad\"}}]},{\"@type\":\"Organization\",\"@id\":\"https:\\\/\\\/eldigitaldeasturias.com\\\/magazine365\\\/#organization\",\"name\":\"El digital de Asturias\",\"description\":\"Revista de ocio, turismo y estilo de vida\",\"url\":\"https:\\\/\\\/eldigitaldeasturias.com\\\/magazine365\\\/\",\"logo\":{\"@type\":\"ImageObject\",\"url\":\"https:\\\/\\\/www.eldigitaldeasturias.com\\\/noticias\\\/wp-content\\\/uploads\\\/2020\\\/12\\\/EDA.jpg\",\"@id\":\"https:\\\/\\\/eldigitaldeasturias.com\\\/magazine365\\\/el-barco-de-la-paz-hace-este-miercoles-en-el-puerto-de-motril-su-unica-escala-de-primavera-en-espana\\\/#organizationLogo\"},\"image\":{\"@id\":\"https:\\\/\\\/eldigitaldeasturias.com\\\/magazine365\\\/el-barco-de-la-paz-hace-este-miercoles-en-el-puerto-de-motril-su-unica-escala-de-primavera-en-espana\\\/#organizationLogo\"}},{\"@type\":\"Person\",\"@id\":\"https:\\\/\\\/eldigitaldeasturias.com\\\/magazine365\\\/author\\\/admin\\\/#author\",\"url\":\"https:\\\/\\\/eldigitaldeasturias.com\\\/magazine365\\\/author\\\/admin\\\/\",\"name\":\"admin\",\"image\":{\"@type\":\"ImageObject\",\"@id\":\"https:\\\/\\\/eldigitaldeasturias.com\\\/magazine365\\\/el-barco-de-la-paz-hace-este-miercoles-en-el-puerto-de-motril-su-unica-escala-de-primavera-en-espana\\\/#authorImage\",\"url\":\"https:\\\/\\\/eldigitaldeasturias.com\\\/magazine365\\\/wp-content\\\/litespeed\\\/avatar\\\/e571bcf59a0edd6fa6838245a470f2fe.jpg?ver=1777574230\",\"width\":96,\"height\":96,\"caption\":\"admin\"}},{\"@type\":\"WebPage\",\"@id\":\"https:\\\/\\\/eldigitaldeasturias.com\\\/magazine365\\\/el-barco-de-la-paz-hace-este-miercoles-en-el-puerto-de-motril-su-unica-escala-de-primavera-en-espana\\\/#webpage\",\"url\":\"https:\\\/\\\/eldigitaldeasturias.com\\\/magazine365\\\/el-barco-de-la-paz-hace-este-miercoles-en-el-puerto-de-motril-su-unica-escala-de-primavera-en-espana\\\/\",\"name\":\"El Barco de la Paz hace este mi\\u00e9rcoles en el Puerto de Motril su \\u00fanica escala de primavera en Espa\\u00f1a | El Digital de Asturias\",\"description\":\"El crucero Peace Boat, el Barco de la Paz, de nacionalidad japonesa y con m\\u00e1s de un millar de pasajeros a bordo, har\\u00e1 este mi\\u00e9rcoles en el Puerto de Motril (Granada) la que ser\\u00e1 su \\u00fanica escala en Espa\\u00f1a dentro de su itinerario de primavera. Lo har\\u00e1 dentro de la traves\\u00eda de tres meses que\",\"inLanguage\":\"es-ES\",\"isPartOf\":{\"@id\":\"https:\\\/\\\/eldigitaldeasturias.com\\\/magazine365\\\/#website\"},\"breadcrumb\":{\"@id\":\"https:\\\/\\\/eldigitaldeasturias.com\\\/magazine365\\\/el-barco-de-la-paz-hace-este-miercoles-en-el-puerto-de-motril-su-unica-escala-de-primavera-en-espana\\\/#breadcrumblist\"},\"author\":{\"@id\":\"https:\\\/\\\/eldigitaldeasturias.com\\\/magazine365\\\/author\\\/admin\\\/#author\"},\"creator\":{\"@id\":\"https:\\\/\\\/eldigitaldeasturias.com\\\/magazine365\\\/author\\\/admin\\\/#author\"},\"image\":{\"@type\":\"ImageObject\",\"url\":\"https:\\\/\\\/eldigitaldeasturias.com\\\/magazine365\\\/wp-content\\\/uploads\\\/2016\\\/05\\\/fotonoticia_20160518100324_800.jpg\",\"@id\":\"https:\\\/\\\/eldigitaldeasturias.com\\\/magazine365\\\/el-barco-de-la-paz-hace-este-miercoles-en-el-puerto-de-motril-su-unica-escala-de-primavera-en-espana\\\/#mainImage\",\"width\":800,\"height\":600},\"primaryImageOfPage\":{\"@id\":\"https:\\\/\\\/eldigitaldeasturias.com\\\/magazine365\\\/el-barco-de-la-paz-hace-este-miercoles-en-el-puerto-de-motril-su-unica-escala-de-primavera-en-espana\\\/#mainImage\"},\"datePublished\":\"2016-05-21T03:28:31+02:00\",\"dateModified\":\"2016-05-21T03:28:31+02:00\"},{\"@type\":\"WebSite\",\"@id\":\"https:\\\/\\\/eldigitaldeasturias.com\\\/magazine365\\\/#website\",\"url\":\"https:\\\/\\\/eldigitaldeasturias.com\\\/magazine365\\\/\",\"name\":\"El Digital de Asturias\",\"description\":\"Revista de ocio, turismo y estilo de vida\",\"inLanguage\":\"es-ES\",\"publisher\":{\"@id\":\"https:\\\/\\\/eldigitaldeasturias.com\\\/magazine365\\\/#organization\"}}]}\n\t\t<\/script>\n\t\t<!-- All in One SEO Pro -->\r\n\t\t<title>El Barco de la Paz hace este mi\u00e9rcoles en el Puerto de Motril su \u00fanica escala de primavera en Espa\u00f1a | El Digital de Asturias<\/title>\n\n","aioseo_head_json":{"title":"El Barco de la Paz hace este mi\u00e9rcoles en el Puerto de Motril su \u00fanica escala de primavera en Espa\u00f1a | El Digital de Asturias","description":"El crucero Peace Boat, el Barco de la Paz, de nacionalidad japonesa y con m\u00e1s de un millar de pasajeros a bordo, har\u00e1 este mi\u00e9rcoles en el Puerto de Motril (Granada) la que ser\u00e1 su \u00fanica escala en Espa\u00f1a dentro de su itinerario de primavera. Lo har\u00e1 dentro de la traves\u00eda de tres meses que","canonical_url":"https:\/\/eldigitaldeasturias.com\/magazine365\/el-barco-de-la-paz-hace-este-miercoles-en-el-puerto-de-motril-su-unica-escala-de-primavera-en-espana\/","robots":"max-image-preview:large","keywords":"noticias y actualidad","webmasterTools":{"google-site-verification":"UA-38556648-1","miscellaneous":""},"schema":{"@context":"https:\/\/schema.org","@graph":[{"@type":"Article","@id":"https:\/\/eldigitaldeasturias.com\/magazine365\/el-barco-de-la-paz-hace-este-miercoles-en-el-puerto-de-motril-su-unica-escala-de-primavera-en-espana\/#article","name":"El Barco de la Paz hace este mi\u00e9rcoles en el Puerto de Motril su \u00fanica escala de primavera en Espa\u00f1a | El Digital de Asturias","headline":"El Barco de la Paz hace este mi\u00e9rcoles en el Puerto de Motril su \u00fanica escala de primavera en Espa\u00f1a","author":{"@id":"https:\/\/eldigitaldeasturias.com\/magazine365\/author\/admin\/#author"},"publisher":{"@id":"https:\/\/eldigitaldeasturias.com\/magazine365\/#organization"},"image":{"@type":"ImageObject","url":"https:\/\/eldigitaldeasturias.com\/magazine365\/wp-content\/uploads\/2016\/05\/fotonoticia_20160518100324_800.jpg","width":800,"height":600},"datePublished":"2016-05-21T03:28:31+02:00","dateModified":"2016-05-21T03:28:31+02:00","inLanguage":"es-ES","mainEntityOfPage":{"@id":"https:\/\/eldigitaldeasturias.com\/magazine365\/el-barco-de-la-paz-hace-este-miercoles-en-el-puerto-de-motril-su-unica-escala-de-primavera-en-espana\/#webpage"},"isPartOf":{"@id":"https:\/\/eldigitaldeasturias.com\/magazine365\/el-barco-de-la-paz-hace-este-miercoles-en-el-puerto-de-motril-su-unica-escala-de-primavera-en-espana\/#webpage"},"articleSection":"Noticias y Actualidad"},{"@type":"BreadcrumbList","@id":"https:\/\/eldigitaldeasturias.com\/magazine365\/el-barco-de-la-paz-hace-este-miercoles-en-el-puerto-de-motril-su-unica-escala-de-primavera-en-espana\/#breadcrumblist","itemListElement":[{"@type":"ListItem","@id":"https:\/\/eldigitaldeasturias.com\/magazine365#listItem","position":1,"name":"Home","item":"https:\/\/eldigitaldeasturias.com\/magazine365","nextItem":{"@type":"ListItem","@id":"https:\/\/eldigitaldeasturias.com\/magazine365\/category\/noticias-actualidad\/#listItem","name":"Noticias y Actualidad"}},{"@type":"ListItem","@id":"https:\/\/eldigitaldeasturias.com\/magazine365\/category\/noticias-actualidad\/#listItem","position":2,"name":"Noticias y Actualidad","item":"https:\/\/eldigitaldeasturias.com\/magazine365\/category\/noticias-actualidad\/","nextItem":{"@type":"ListItem","@id":"https:\/\/eldigitaldeasturias.com\/magazine365\/el-barco-de-la-paz-hace-este-miercoles-en-el-puerto-de-motril-su-unica-escala-de-primavera-en-espana\/#listItem","name":"El Barco de la Paz hace este mi\u00e9rcoles en el Puerto de Motril su \u00fanica escala de primavera en Espa\u00f1a"},"previousItem":{"@type":"ListItem","@id":"https:\/\/eldigitaldeasturias.com\/magazine365#listItem","name":"Home"}},{"@type":"ListItem","@id":"https:\/\/eldigitaldeasturias.com\/magazine365\/el-barco-de-la-paz-hace-este-miercoles-en-el-puerto-de-motril-su-unica-escala-de-primavera-en-espana\/#listItem","position":3,"name":"El Barco de la Paz hace este mi\u00e9rcoles en el Puerto de Motril su \u00fanica escala de primavera en Espa\u00f1a","previousItem":{"@type":"ListItem","@id":"https:\/\/eldigitaldeasturias.com\/magazine365\/category\/noticias-actualidad\/#listItem","name":"Noticias y Actualidad"}}]},{"@type":"Organization","@id":"https:\/\/eldigitaldeasturias.com\/magazine365\/#organization","name":"El digital de Asturias","description":"Revista de ocio, turismo y estilo de vida","url":"https:\/\/eldigitaldeasturias.com\/magazine365\/","logo":{"@type":"ImageObject","url":"https:\/\/www.eldigitaldeasturias.com\/noticias\/wp-content\/uploads\/2020\/12\/EDA.jpg","@id":"https:\/\/eldigitaldeasturias.com\/magazine365\/el-barco-de-la-paz-hace-este-miercoles-en-el-puerto-de-motril-su-unica-escala-de-primavera-en-espana\/#organizationLogo"},"image":{"@id":"https:\/\/eldigitaldeasturias.com\/magazine365\/el-barco-de-la-paz-hace-este-miercoles-en-el-puerto-de-motril-su-unica-escala-de-primavera-en-espana\/#organizationLogo"}},{"@type":"Person","@id":"https:\/\/eldigitaldeasturias.com\/magazine365\/author\/admin\/#author","url":"https:\/\/eldigitaldeasturias.com\/magazine365\/author\/admin\/","name":"admin","image":{"@type":"ImageObject","@id":"https:\/\/eldigitaldeasturias.com\/magazine365\/el-barco-de-la-paz-hace-este-miercoles-en-el-puerto-de-motril-su-unica-escala-de-primavera-en-espana\/#authorImage","url":"https:\/\/eldigitaldeasturias.com\/magazine365\/wp-content\/litespeed\/avatar\/e571bcf59a0edd6fa6838245a470f2fe.jpg?ver=1777574230","width":96,"height":96,"caption":"admin"}},{"@type":"WebPage","@id":"https:\/\/eldigitaldeasturias.com\/magazine365\/el-barco-de-la-paz-hace-este-miercoles-en-el-puerto-de-motril-su-unica-escala-de-primavera-en-espana\/#webpage","url":"https:\/\/eldigitaldeasturias.com\/magazine365\/el-barco-de-la-paz-hace-este-miercoles-en-el-puerto-de-motril-su-unica-escala-de-primavera-en-espana\/","name":"El Barco de la Paz hace este mi\u00e9rcoles en el Puerto de Motril su \u00fanica escala de primavera en Espa\u00f1a | El Digital de Asturias","description":"El crucero Peace Boat, el Barco de la Paz, de nacionalidad japonesa y con m\u00e1s de un millar de pasajeros a bordo, har\u00e1 este mi\u00e9rcoles en el Puerto de Motril (Granada) la que ser\u00e1 su \u00fanica escala en Espa\u00f1a dentro de su itinerario de primavera. Lo har\u00e1 dentro de la traves\u00eda de tres meses que","inLanguage":"es-ES","isPartOf":{"@id":"https:\/\/eldigitaldeasturias.com\/magazine365\/#website"},"breadcrumb":{"@id":"https:\/\/eldigitaldeasturias.com\/magazine365\/el-barco-de-la-paz-hace-este-miercoles-en-el-puerto-de-motril-su-unica-escala-de-primavera-en-espana\/#breadcrumblist"},"author":{"@id":"https:\/\/eldigitaldeasturias.com\/magazine365\/author\/admin\/#author"},"creator":{"@id":"https:\/\/eldigitaldeasturias.com\/magazine365\/author\/admin\/#author"},"image":{"@type":"ImageObject","url":"https:\/\/eldigitaldeasturias.com\/magazine365\/wp-content\/uploads\/2016\/05\/fotonoticia_20160518100324_800.jpg","@id":"https:\/\/eldigitaldeasturias.com\/magazine365\/el-barco-de-la-paz-hace-este-miercoles-en-el-puerto-de-motril-su-unica-escala-de-primavera-en-espana\/#mainImage","width":800,"height":600},"primaryImageOfPage":{"@id":"https:\/\/eldigitaldeasturias.com\/magazine365\/el-barco-de-la-paz-hace-este-miercoles-en-el-puerto-de-motril-su-unica-escala-de-primavera-en-espana\/#mainImage"},"datePublished":"2016-05-21T03:28:31+02:00","dateModified":"2016-05-21T03:28:31+02:00"},{"@type":"WebSite","@id":"https:\/\/eldigitaldeasturias.com\/magazine365\/#website","url":"https:\/\/eldigitaldeasturias.com\/magazine365\/","name":"El Digital de Asturias","description":"Revista de ocio, turismo y estilo de vida","inLanguage":"es-ES","publisher":{"@id":"https:\/\/eldigitaldeasturias.com\/magazine365\/#organization"}}]},"og:locale":"es_ES","og:site_name":"El Digital de Asturias \u2013 Revista de ocio, turismo y estilo de vida","og:type":"article","og:title":"El Barco de la Paz hace este mi\u00e9rcoles en el Puerto de Motril su \u00fanica escala de primavera en Espa\u00f1a | El Digital de Asturias","og:description":"El crucero Peace Boat, el Barco de la Paz, de nacionalidad japonesa y con m\u00e1s de un millar de pasajeros a bordo, har\u00e1 este mi\u00e9rcoles en el Puerto de Motril (Granada) la que ser\u00e1 su \u00fanica escala en Espa\u00f1a dentro de su itinerario de primavera. Lo har\u00e1 dentro de la traves\u00eda de tres meses que","og:url":"https:\/\/eldigitaldeasturias.com\/magazine365\/el-barco-de-la-paz-hace-este-miercoles-en-el-puerto-de-motril-su-unica-escala-de-primavera-en-espana\/","og:image":"https:\/\/eldigitaldeasturias.com\/magazine365\/wp-content\/uploads\/2016\/05\/fotonoticia_20160518100324_800.jpg","og:image:secure_url":"https:\/\/eldigitaldeasturias.com\/magazine365\/wp-content\/uploads\/2016\/05\/fotonoticia_20160518100324_800.jpg","og:image:width":800,"og:image:height":600,"article:published_time":"2016-05-21T01:28:31+00:00","article:modified_time":"2016-05-21T01:28:31+00:00","twitter:card":"summary_large_image","twitter:title":"El Barco de la Paz hace este mi\u00e9rcoles en el Puerto de Motril su \u00fanica escala de primavera en Espa\u00f1a | El Digital de Asturias","twitter:description":"El crucero Peace Boat, el Barco de la Paz, de nacionalidad japonesa y con m\u00e1s de un millar de pasajeros a bordo, har\u00e1 este mi\u00e9rcoles en el Puerto de Motril (Granada) la que ser\u00e1 su \u00fanica escala en Espa\u00f1a dentro de su itinerario de primavera. Lo har\u00e1 dentro de la traves\u00eda de tres meses que","twitter:image":"https:\/\/eldigitaldeasturias.com\/magazine365\/wp-content\/uploads\/2016\/05\/fotonoticia_20160518100324_800.jpg"},"aioseo_meta_data":{"post_id":"76267","title":null,"description":null,"keywords":null,"keyphrases":null,"primary_term":null,"canonical_url":null,"og_title":null,"og_description":null,"og_object_type":"default","og_image_type":"default","og_image_url":null,"og_image_width":null,"og_image_height":null,"og_image_custom_url":null,"og_image_custom_fields":null,"og_video":null,"og_custom_url":null,"og_article_section":null,"og_article_tags":null,"twitter_use_og":false,"twitter_card":"default","twitter_image_type":"default","twitter_image_url":null,"twitter_image_custom_url":null,"twitter_image_custom_fields":null,"twitter_title":null,"twitter_description":null,"schema":{"blockGraphs":[],"customGraphs":[],"default":{"data":{"Article":[],"Course":[],"Dataset":[],"FAQPage":[],"Movie":[],"Person":[],"Product":[],"ProductReview":[],"Car":[],"Recipe":[],"Service":[],"SoftwareApplication":[],"WebPage":[]},"graphName":"","isEnabled":true},"graphs":[],"defaultGraph":"","defaultPostTypeGraph":""},"schema_type":null,"schema_type_options":null,"pillar_content":false,"robots_default":true,"robots_noindex":false,"robots_noarchive":false,"robots_nosnippet":false,"robots_nofollow":false,"robots_noimageindex":false,"robots_noodp":false,"robots_notranslate":false,"robots_max_snippet":null,"robots_max_videopreview":null,"robots_max_imagepreview":"large","priority":null,"frequency":null,"location":null,"local_seo":null,"seo_analyzer_scan_date":"2025-09-27 12:15:22","breadcrumb_settings":null,"limit_modified_date":false,"open_ai":null,"ai":null,"created":"2021-03-08 18:31:04","updated":"2025-09-27 12:15:22"},"aioseo_breadcrumb":"<div class=\"aioseo-breadcrumbs\"><span class=\"aioseo-breadcrumb\">\n\t<a href=\"https:\/\/eldigitaldeasturias.com\/magazine365\" title=\"Home\">Home<\/a>\n<\/span><span class=\"aioseo-breadcrumb-separator\">\u2013<\/span><span class=\"aioseo-breadcrumb\">\n\t<a href=\"https:\/\/eldigitaldeasturias.com\/magazine365\/category\/noticias-actualidad\/\" title=\"Noticias y Actualidad\">Noticias y Actualidad<\/a>\n<\/span><span class=\"aioseo-breadcrumb-separator\">\u2013<\/span><span class=\"aioseo-breadcrumb\">\n\t<a href=\"https:\/\/eldigitaldeasturias.com\/magazine365\/el-barco-de-la-paz-hace-este-miercoles-en-el-puerto-de-motril-su-unica-escala-de-primavera-en-espana\/\" title=\"El Barco de la Paz hace este mi\u00e9rcoles en el Puerto de Motril su \u00fanica escala de primavera en Espa\u00f1a\">El Barco de la Paz hace este mi\u00e9rcoles en el Puerto de Motril su \u00fanica escala de primavera en Espa\u00f1a<\/a>\n<\/span><\/div>","aioseo_breadcrumb_json":[{"label":"Home","link":"https:\/\/eldigitaldeasturias.com\/magazine365"},{"label":"Noticias y Actualidad","link":"https:\/\/eldigitaldeasturias.com\/magazine365\/category\/noticias-actualidad\/"},{"label":"El Barco de la Paz hace este mi\u00e9rcoles en el Puerto de Motril su \u00fanica escala de primavera en Espa\u00f1a","link":"https:\/\/eldigitaldeasturias.com\/magazine365\/el-barco-de-la-paz-hace-este-miercoles-en-el-puerto-de-motril-su-unica-escala-de-primavera-en-espana\/"}],"_links":{"self":[{"href":"https:\/\/eldigitaldeasturias.com\/magazine365\/wp-json\/wp\/v2\/posts\/76267","targetHints":{"allow":["GET"]}}],"collection":[{"href":"https:\/\/eldigitaldeasturias.com\/magazine365\/wp-json\/wp\/v2\/posts"}],"about":[{"href":"https:\/\/eldigitaldeasturias.com\/magazine365\/wp-json\/wp\/v2\/types\/post"}],"author":[{"embeddable":true,"href":"https:\/\/eldigitaldeasturias.com\/magazine365\/wp-json\/wp\/v2\/users\/1"}],"replies":[{"embeddable":true,"href":"https:\/\/eldigitaldeasturias.com\/magazine365\/wp-json\/wp\/v2\/comments?post=76267"}],"version-history":[{"count":0,"href":"https:\/\/eldigitaldeasturias.com\/magazine365\/wp-json\/wp\/v2\/posts\/76267\/revisions"}],"wp:featuredmedia":[{"embeddable":true,"href":"https:\/\/eldigitaldeasturias.com\/magazine365\/wp-json\/wp\/v2\/media\/76268"}],"wp:attachment":[{"href":"https:\/\/eldigitaldeasturias.com\/magazine365\/wp-json\/wp\/v2\/media?parent=76267"}],"wp:term":[{"taxonomy":"category","embeddable":true,"href":"https:\/\/eldigitaldeasturias.com\/magazine365\/wp-json\/wp\/v2\/categories?post=76267"},{"taxonomy":"post_tag","embeddable":true,"href":"https:\/\/eldigitaldeasturias.com\/magazine365\/wp-json\/wp\/v2\/tags?post=76267"}],"curies":[{"name":"wp","href":"https:\/\/api.w.org\/{rel}","templated":true}]}}