{"id":76234,"date":"2016-05-17T03:01:33","date_gmt":"2016-05-17T01:01:33","guid":{"rendered":"http:\/\/eldigitaldeasturias.com\/magazine365\/?p=76234"},"modified":"2016-05-17T03:01:33","modified_gmt":"2016-05-17T01:01:33","slug":"arrey-hotels-convertira-en-hotel-la-antigua-sede-de-las-cavas-signat-de-alella","status":"publish","type":"post","link":"https:\/\/eldigitaldeasturias.com\/magazine365\/arrey-hotels-convertira-en-hotel-la-antigua-sede-de-las-cavas-signat-de-alella\/","title":{"rendered":"Arrey Hotels convertir\u00e1 en hotel la antigua sede de las cavas Signat de Alella"},"content":{"rendered":"<p><img fetchpriority=\"high\" decoding=\"async\" class=\"alignleft size-medium wp-image-76235\" src=\"https:\/\/eldigitaldeasturias.com\/magazine365\/wp-content\/uploads\/2016\/05\/fotonoticia_20160512140417_800-360x203.jpg\" alt=\"fotonoticia_20160512140417_800\" width=\"360\" height=\"203\" srcset=\"https:\/\/eldigitaldeasturias.com\/magazine365\/wp-content\/uploads\/2016\/05\/fotonoticia_20160512140417_800-360x203.jpg 360w, https:\/\/eldigitaldeasturias.com\/magazine365\/wp-content\/uploads\/2016\/05\/fotonoticia_20160512140417_800-650x366.jpg 650w, https:\/\/eldigitaldeasturias.com\/magazine365\/wp-content\/uploads\/2016\/05\/fotonoticia_20160512140417_800-768x432.jpg 768w, https:\/\/eldigitaldeasturias.com\/magazine365\/wp-content\/uploads\/2016\/05\/fotonoticia_20160512140417_800-150x84.jpg 150w, https:\/\/eldigitaldeasturias.com\/magazine365\/wp-content\/uploads\/2016\/05\/fotonoticia_20160512140417_800-450x253.jpg 450w, https:\/\/eldigitaldeasturias.com\/magazine365\/wp-content\/uploads\/2016\/05\/fotonoticia_20160512140417_800-499x280.jpg 499w, https:\/\/eldigitaldeasturias.com\/magazine365\/wp-content\/uploads\/2016\/05\/fotonoticia_20160512140417_800-510x289.jpg 510w, https:\/\/eldigitaldeasturias.com\/magazine365\/wp-content\/uploads\/2016\/05\/fotonoticia_20160512140417_800.jpg 800w\" sizes=\"(max-width: 360px) 100vw, 360px\" \/>El Grupo Arrey Hotels inaugurar\u00e1 este verano un hotel de cuatro estrellas y 37 habitaciones en Alella (Barcelona), que se ha construido en la torre de Can Balcells, antigua sede de las cavas Signat, ha informado la compa\u00f1\u00eda este jueves en un comunicado.<\/p>\n<p>El Hotel Arrey Alella ha supuesto una inversi\u00f3n de 4,5 millones de euros y la creaci\u00f3n de 15 empleos directos, y las obras de rehabilitaci\u00f3n y restauraci\u00f3n han convertido la antigua casa se\u00f1orial en el elemento central del recinto, que albergar\u00e1 la recepci\u00f3n, el restaurante y nueve habitaciones.<\/p>\n<p>Adem\u00e1s del edificio principal, el proyecto de rehabilitaci\u00f3n tambi\u00e9n ha incluido la construcci\u00f3n de un edificio anexo con otras 18 habitaciones distribuidas en dos plantas.<\/p>\n<p>Se trata del segundo establecimiento del Grupo Arrey Hotels en Espa\u00f1a, tras la adquisici\u00f3n en 2014 del Hotel Palacio Carvajal-Gir\u00f3n de Plasencia (C\u00e1ceres), construido en un palacete renacentista del siglo XVII en el centro hist\u00f3rico.<\/p>\n<p>El grupo fue fundado en 1980 por su presidente y director, Manuel Arrey, natural de Manlleu (Barcelona), que despu\u00e9s de tres d\u00e9cadas de actividad empresarial centrada en Brasil, ha decidido diversificar su negocio con nuevos proyectos en Espa\u00f1a y Guinea-Bissau.<\/p>\n","protected":false},"excerpt":{"rendered":"<p>El Grupo Arrey Hotels inaugurar\u00e1 este verano un hotel de cuatro estrellas y 37 habitaciones en Alella (Barcelona), que se ha construido en la torre de Can Balcells, antigua sede de las cavas Signat, ha informado la compa\u00f1\u00eda este jueves en un comunicado. El Hotel Arrey Alella ha supuesto una inversi\u00f3n de 4,5 millones de<\/p>\n","protected":false},"author":1,"featured_media":76235,"comment_status":"open","ping_status":"closed","sticky":false,"template":"","format":"standard","meta":{"footnotes":""},"categories":[224],"tags":[],"class_list":{"0":"post-76234","1":"post","2":"type-post","3":"status-publish","4":"format-standard","5":"has-post-thumbnail","7":"category-noticias-actualidad"},"aioseo_notices":[],"aioseo_head":"\n\t\t<!-- All in One SEO Pro 4.9.6.1 - aioseo.com -->\n\t<meta name=\"description\" content=\"El Grupo Arrey Hotels inaugurar\u00e1 este verano un hotel de cuatro estrellas y 37 habitaciones en Alella (Barcelona), que se ha construido en la torre de Can Balcells, antigua sede de las cavas Signat, ha informado la compa\u00f1\u00eda este jueves en un comunicado. El Hotel Arrey Alella ha supuesto una inversi\u00f3n de 4,5 millones de\" \/>\n\t<meta name=\"robots\" content=\"max-image-preview:large\" \/>\n\t<meta name=\"author\" content=\"admin\"\/>\n\t<meta name=\"google-site-verification\" content=\"UA-38556648-1\" \/>\n\t<meta name=\"keywords\" content=\"noticias y actualidad\" \/>\n\t<link rel=\"canonical\" href=\"https:\/\/eldigitaldeasturias.com\/magazine365\/arrey-hotels-convertira-en-hotel-la-antigua-sede-de-las-cavas-signat-de-alella\/\" \/>\n\t<meta name=\"generator\" content=\"All in One SEO Pro (AIOSEO) 4.9.6.1\" \/>\n\t\t<meta property=\"og:locale\" content=\"es_ES\" \/>\n\t\t<meta property=\"og:site_name\" content=\"El Digital de Asturias \u2013 Revista de ocio, turismo y estilo de vida\" \/>\n\t\t<meta property=\"og:type\" content=\"article\" \/>\n\t\t<meta property=\"og:title\" content=\"Arrey Hotels convertir\u00e1 en hotel la antigua sede de las cavas Signat de Alella | El Digital de Asturias\" \/>\n\t\t<meta property=\"og:description\" content=\"El Grupo Arrey Hotels inaugurar\u00e1 este verano un hotel de cuatro estrellas y 37 habitaciones en Alella (Barcelona), que se ha construido en la torre de Can Balcells, antigua sede de las cavas Signat, ha informado la compa\u00f1\u00eda este jueves en un comunicado. El Hotel Arrey Alella ha supuesto una inversi\u00f3n de 4,5 millones de\" \/>\n\t\t<meta property=\"og:url\" content=\"https:\/\/eldigitaldeasturias.com\/magazine365\/arrey-hotels-convertira-en-hotel-la-antigua-sede-de-las-cavas-signat-de-alella\/\" \/>\n\t\t<meta property=\"og:image\" content=\"https:\/\/eldigitaldeasturias.com\/magazine365\/wp-content\/uploads\/2016\/05\/fotonoticia_20160512140417_800.jpg\" \/>\n\t\t<meta property=\"og:image:secure_url\" content=\"https:\/\/eldigitaldeasturias.com\/magazine365\/wp-content\/uploads\/2016\/05\/fotonoticia_20160512140417_800.jpg\" \/>\n\t\t<meta property=\"og:image:width\" content=\"800\" \/>\n\t\t<meta property=\"og:image:height\" content=\"450\" \/>\n\t\t<meta property=\"article:published_time\" content=\"2016-05-17T01:01:33+00:00\" \/>\n\t\t<meta property=\"article:modified_time\" content=\"2016-05-17T01:01:33+00:00\" \/>\n\t\t<meta name=\"twitter:card\" content=\"summary_large_image\" \/>\n\t\t<meta name=\"twitter:title\" content=\"Arrey Hotels convertir\u00e1 en hotel la antigua sede de las cavas Signat de Alella | El Digital de Asturias\" \/>\n\t\t<meta name=\"twitter:description\" content=\"El Grupo Arrey Hotels inaugurar\u00e1 este verano un hotel de cuatro estrellas y 37 habitaciones en Alella (Barcelona), que se ha construido en la torre de Can Balcells, antigua sede de las cavas Signat, ha informado la compa\u00f1\u00eda este jueves en un comunicado. El Hotel Arrey Alella ha supuesto una inversi\u00f3n de 4,5 millones de\" \/>\n\t\t<meta name=\"twitter:image\" content=\"https:\/\/eldigitaldeasturias.com\/magazine365\/wp-content\/uploads\/2016\/05\/fotonoticia_20160512140417_800.jpg\" \/>\n\t\t<script type=\"application\/ld+json\" class=\"aioseo-schema\">\n\t\t\t{\"@context\":\"https:\\\/\\\/schema.org\",\"@graph\":[{\"@type\":\"Article\",\"@id\":\"https:\\\/\\\/eldigitaldeasturias.com\\\/magazine365\\\/arrey-hotels-convertira-en-hotel-la-antigua-sede-de-las-cavas-signat-de-alella\\\/#article\",\"name\":\"Arrey Hotels convertir\\u00e1 en hotel la antigua sede de las cavas Signat de Alella | El Digital de Asturias\",\"headline\":\"Arrey Hotels convertir\\u00e1 en hotel la antigua sede de las cavas Signat de Alella\",\"author\":{\"@id\":\"https:\\\/\\\/eldigitaldeasturias.com\\\/magazine365\\\/author\\\/admin\\\/#author\"},\"publisher\":{\"@id\":\"https:\\\/\\\/eldigitaldeasturias.com\\\/magazine365\\\/#organization\"},\"image\":{\"@type\":\"ImageObject\",\"url\":\"https:\\\/\\\/eldigitaldeasturias.com\\\/magazine365\\\/wp-content\\\/uploads\\\/2016\\\/05\\\/fotonoticia_20160512140417_800.jpg\",\"width\":800,\"height\":450},\"datePublished\":\"2016-05-17T03:01:33+02:00\",\"dateModified\":\"2016-05-17T03:01:33+02:00\",\"inLanguage\":\"es-ES\",\"mainEntityOfPage\":{\"@id\":\"https:\\\/\\\/eldigitaldeasturias.com\\\/magazine365\\\/arrey-hotels-convertira-en-hotel-la-antigua-sede-de-las-cavas-signat-de-alella\\\/#webpage\"},\"isPartOf\":{\"@id\":\"https:\\\/\\\/eldigitaldeasturias.com\\\/magazine365\\\/arrey-hotels-convertira-en-hotel-la-antigua-sede-de-las-cavas-signat-de-alella\\\/#webpage\"},\"articleSection\":\"Noticias y Actualidad\"},{\"@type\":\"BreadcrumbList\",\"@id\":\"https:\\\/\\\/eldigitaldeasturias.com\\\/magazine365\\\/arrey-hotels-convertira-en-hotel-la-antigua-sede-de-las-cavas-signat-de-alella\\\/#breadcrumblist\",\"itemListElement\":[{\"@type\":\"ListItem\",\"@id\":\"https:\\\/\\\/eldigitaldeasturias.com\\\/magazine365#listItem\",\"position\":1,\"name\":\"Home\",\"item\":\"https:\\\/\\\/eldigitaldeasturias.com\\\/magazine365\",\"nextItem\":{\"@type\":\"ListItem\",\"@id\":\"https:\\\/\\\/eldigitaldeasturias.com\\\/magazine365\\\/category\\\/noticias-actualidad\\\/#listItem\",\"name\":\"Noticias y Actualidad\"}},{\"@type\":\"ListItem\",\"@id\":\"https:\\\/\\\/eldigitaldeasturias.com\\\/magazine365\\\/category\\\/noticias-actualidad\\\/#listItem\",\"position\":2,\"name\":\"Noticias y Actualidad\",\"item\":\"https:\\\/\\\/eldigitaldeasturias.com\\\/magazine365\\\/category\\\/noticias-actualidad\\\/\",\"nextItem\":{\"@type\":\"ListItem\",\"@id\":\"https:\\\/\\\/eldigitaldeasturias.com\\\/magazine365\\\/arrey-hotels-convertira-en-hotel-la-antigua-sede-de-las-cavas-signat-de-alella\\\/#listItem\",\"name\":\"Arrey Hotels convertir\\u00e1 en hotel la antigua sede de las cavas Signat de Alella\"},\"previousItem\":{\"@type\":\"ListItem\",\"@id\":\"https:\\\/\\\/eldigitaldeasturias.com\\\/magazine365#listItem\",\"name\":\"Home\"}},{\"@type\":\"ListItem\",\"@id\":\"https:\\\/\\\/eldigitaldeasturias.com\\\/magazine365\\\/arrey-hotels-convertira-en-hotel-la-antigua-sede-de-las-cavas-signat-de-alella\\\/#listItem\",\"position\":3,\"name\":\"Arrey Hotels convertir\\u00e1 en hotel la antigua sede de las cavas Signat de Alella\",\"previousItem\":{\"@type\":\"ListItem\",\"@id\":\"https:\\\/\\\/eldigitaldeasturias.com\\\/magazine365\\\/category\\\/noticias-actualidad\\\/#listItem\",\"name\":\"Noticias y Actualidad\"}}]},{\"@type\":\"Organization\",\"@id\":\"https:\\\/\\\/eldigitaldeasturias.com\\\/magazine365\\\/#organization\",\"name\":\"El digital de Asturias\",\"description\":\"Revista de ocio, turismo y estilo de vida\",\"url\":\"https:\\\/\\\/eldigitaldeasturias.com\\\/magazine365\\\/\",\"logo\":{\"@type\":\"ImageObject\",\"url\":\"https:\\\/\\\/www.eldigitaldeasturias.com\\\/noticias\\\/wp-content\\\/uploads\\\/2020\\\/12\\\/EDA.jpg\",\"@id\":\"https:\\\/\\\/eldigitaldeasturias.com\\\/magazine365\\\/arrey-hotels-convertira-en-hotel-la-antigua-sede-de-las-cavas-signat-de-alella\\\/#organizationLogo\"},\"image\":{\"@id\":\"https:\\\/\\\/eldigitaldeasturias.com\\\/magazine365\\\/arrey-hotels-convertira-en-hotel-la-antigua-sede-de-las-cavas-signat-de-alella\\\/#organizationLogo\"}},{\"@type\":\"Person\",\"@id\":\"https:\\\/\\\/eldigitaldeasturias.com\\\/magazine365\\\/author\\\/admin\\\/#author\",\"url\":\"https:\\\/\\\/eldigitaldeasturias.com\\\/magazine365\\\/author\\\/admin\\\/\",\"name\":\"admin\",\"image\":{\"@type\":\"ImageObject\",\"@id\":\"https:\\\/\\\/eldigitaldeasturias.com\\\/magazine365\\\/arrey-hotels-convertira-en-hotel-la-antigua-sede-de-las-cavas-signat-de-alella\\\/#authorImage\",\"url\":\"https:\\\/\\\/eldigitaldeasturias.com\\\/magazine365\\\/wp-content\\\/litespeed\\\/avatar\\\/e571bcf59a0edd6fa6838245a470f2fe.jpg?ver=1777574230\",\"width\":96,\"height\":96,\"caption\":\"admin\"}},{\"@type\":\"WebPage\",\"@id\":\"https:\\\/\\\/eldigitaldeasturias.com\\\/magazine365\\\/arrey-hotels-convertira-en-hotel-la-antigua-sede-de-las-cavas-signat-de-alella\\\/#webpage\",\"url\":\"https:\\\/\\\/eldigitaldeasturias.com\\\/magazine365\\\/arrey-hotels-convertira-en-hotel-la-antigua-sede-de-las-cavas-signat-de-alella\\\/\",\"name\":\"Arrey Hotels convertir\\u00e1 en hotel la antigua sede de las cavas Signat de Alella | El Digital de Asturias\",\"description\":\"El Grupo Arrey Hotels inaugurar\\u00e1 este verano un hotel de cuatro estrellas y 37 habitaciones en Alella (Barcelona), que se ha construido en la torre de Can Balcells, antigua sede de las cavas Signat, ha informado la compa\\u00f1\\u00eda este jueves en un comunicado. El Hotel Arrey Alella ha supuesto una inversi\\u00f3n de 4,5 millones de\",\"inLanguage\":\"es-ES\",\"isPartOf\":{\"@id\":\"https:\\\/\\\/eldigitaldeasturias.com\\\/magazine365\\\/#website\"},\"breadcrumb\":{\"@id\":\"https:\\\/\\\/eldigitaldeasturias.com\\\/magazine365\\\/arrey-hotels-convertira-en-hotel-la-antigua-sede-de-las-cavas-signat-de-alella\\\/#breadcrumblist\"},\"author\":{\"@id\":\"https:\\\/\\\/eldigitaldeasturias.com\\\/magazine365\\\/author\\\/admin\\\/#author\"},\"creator\":{\"@id\":\"https:\\\/\\\/eldigitaldeasturias.com\\\/magazine365\\\/author\\\/admin\\\/#author\"},\"image\":{\"@type\":\"ImageObject\",\"url\":\"https:\\\/\\\/eldigitaldeasturias.com\\\/magazine365\\\/wp-content\\\/uploads\\\/2016\\\/05\\\/fotonoticia_20160512140417_800.jpg\",\"@id\":\"https:\\\/\\\/eldigitaldeasturias.com\\\/magazine365\\\/arrey-hotels-convertira-en-hotel-la-antigua-sede-de-las-cavas-signat-de-alella\\\/#mainImage\",\"width\":800,\"height\":450},\"primaryImageOfPage\":{\"@id\":\"https:\\\/\\\/eldigitaldeasturias.com\\\/magazine365\\\/arrey-hotels-convertira-en-hotel-la-antigua-sede-de-las-cavas-signat-de-alella\\\/#mainImage\"},\"datePublished\":\"2016-05-17T03:01:33+02:00\",\"dateModified\":\"2016-05-17T03:01:33+02:00\"},{\"@type\":\"WebSite\",\"@id\":\"https:\\\/\\\/eldigitaldeasturias.com\\\/magazine365\\\/#website\",\"url\":\"https:\\\/\\\/eldigitaldeasturias.com\\\/magazine365\\\/\",\"name\":\"El Digital de Asturias\",\"description\":\"Revista de ocio, turismo y estilo de vida\",\"inLanguage\":\"es-ES\",\"publisher\":{\"@id\":\"https:\\\/\\\/eldigitaldeasturias.com\\\/magazine365\\\/#organization\"}}]}\n\t\t<\/script>\n\t\t<!-- All in One SEO Pro -->\r\n\t\t<title>Arrey Hotels convertir\u00e1 en hotel la antigua sede de las cavas Signat de Alella | El Digital de Asturias<\/title>\n\n","aioseo_head_json":{"title":"Arrey Hotels convertir\u00e1 en hotel la antigua sede de las cavas Signat de Alella | El Digital de Asturias","description":"El Grupo Arrey Hotels inaugurar\u00e1 este verano un hotel de cuatro estrellas y 37 habitaciones en Alella (Barcelona), que se ha construido en la torre de Can Balcells, antigua sede de las cavas Signat, ha informado la compa\u00f1\u00eda este jueves en un comunicado. El Hotel Arrey Alella ha supuesto una inversi\u00f3n de 4,5 millones de","canonical_url":"https:\/\/eldigitaldeasturias.com\/magazine365\/arrey-hotels-convertira-en-hotel-la-antigua-sede-de-las-cavas-signat-de-alella\/","robots":"max-image-preview:large","keywords":"noticias y actualidad","webmasterTools":{"google-site-verification":"UA-38556648-1","miscellaneous":""},"schema":{"@context":"https:\/\/schema.org","@graph":[{"@type":"Article","@id":"https:\/\/eldigitaldeasturias.com\/magazine365\/arrey-hotels-convertira-en-hotel-la-antigua-sede-de-las-cavas-signat-de-alella\/#article","name":"Arrey Hotels convertir\u00e1 en hotel la antigua sede de las cavas Signat de Alella | El Digital de Asturias","headline":"Arrey Hotels convertir\u00e1 en hotel la antigua sede de las cavas Signat de Alella","author":{"@id":"https:\/\/eldigitaldeasturias.com\/magazine365\/author\/admin\/#author"},"publisher":{"@id":"https:\/\/eldigitaldeasturias.com\/magazine365\/#organization"},"image":{"@type":"ImageObject","url":"https:\/\/eldigitaldeasturias.com\/magazine365\/wp-content\/uploads\/2016\/05\/fotonoticia_20160512140417_800.jpg","width":800,"height":450},"datePublished":"2016-05-17T03:01:33+02:00","dateModified":"2016-05-17T03:01:33+02:00","inLanguage":"es-ES","mainEntityOfPage":{"@id":"https:\/\/eldigitaldeasturias.com\/magazine365\/arrey-hotels-convertira-en-hotel-la-antigua-sede-de-las-cavas-signat-de-alella\/#webpage"},"isPartOf":{"@id":"https:\/\/eldigitaldeasturias.com\/magazine365\/arrey-hotels-convertira-en-hotel-la-antigua-sede-de-las-cavas-signat-de-alella\/#webpage"},"articleSection":"Noticias y Actualidad"},{"@type":"BreadcrumbList","@id":"https:\/\/eldigitaldeasturias.com\/magazine365\/arrey-hotels-convertira-en-hotel-la-antigua-sede-de-las-cavas-signat-de-alella\/#breadcrumblist","itemListElement":[{"@type":"ListItem","@id":"https:\/\/eldigitaldeasturias.com\/magazine365#listItem","position":1,"name":"Home","item":"https:\/\/eldigitaldeasturias.com\/magazine365","nextItem":{"@type":"ListItem","@id":"https:\/\/eldigitaldeasturias.com\/magazine365\/category\/noticias-actualidad\/#listItem","name":"Noticias y Actualidad"}},{"@type":"ListItem","@id":"https:\/\/eldigitaldeasturias.com\/magazine365\/category\/noticias-actualidad\/#listItem","position":2,"name":"Noticias y Actualidad","item":"https:\/\/eldigitaldeasturias.com\/magazine365\/category\/noticias-actualidad\/","nextItem":{"@type":"ListItem","@id":"https:\/\/eldigitaldeasturias.com\/magazine365\/arrey-hotels-convertira-en-hotel-la-antigua-sede-de-las-cavas-signat-de-alella\/#listItem","name":"Arrey Hotels convertir\u00e1 en hotel la antigua sede de las cavas Signat de Alella"},"previousItem":{"@type":"ListItem","@id":"https:\/\/eldigitaldeasturias.com\/magazine365#listItem","name":"Home"}},{"@type":"ListItem","@id":"https:\/\/eldigitaldeasturias.com\/magazine365\/arrey-hotels-convertira-en-hotel-la-antigua-sede-de-las-cavas-signat-de-alella\/#listItem","position":3,"name":"Arrey Hotels convertir\u00e1 en hotel la antigua sede de las cavas Signat de Alella","previousItem":{"@type":"ListItem","@id":"https:\/\/eldigitaldeasturias.com\/magazine365\/category\/noticias-actualidad\/#listItem","name":"Noticias y Actualidad"}}]},{"@type":"Organization","@id":"https:\/\/eldigitaldeasturias.com\/magazine365\/#organization","name":"El digital de Asturias","description":"Revista de ocio, turismo y estilo de vida","url":"https:\/\/eldigitaldeasturias.com\/magazine365\/","logo":{"@type":"ImageObject","url":"https:\/\/www.eldigitaldeasturias.com\/noticias\/wp-content\/uploads\/2020\/12\/EDA.jpg","@id":"https:\/\/eldigitaldeasturias.com\/magazine365\/arrey-hotels-convertira-en-hotel-la-antigua-sede-de-las-cavas-signat-de-alella\/#organizationLogo"},"image":{"@id":"https:\/\/eldigitaldeasturias.com\/magazine365\/arrey-hotels-convertira-en-hotel-la-antigua-sede-de-las-cavas-signat-de-alella\/#organizationLogo"}},{"@type":"Person","@id":"https:\/\/eldigitaldeasturias.com\/magazine365\/author\/admin\/#author","url":"https:\/\/eldigitaldeasturias.com\/magazine365\/author\/admin\/","name":"admin","image":{"@type":"ImageObject","@id":"https:\/\/eldigitaldeasturias.com\/magazine365\/arrey-hotels-convertira-en-hotel-la-antigua-sede-de-las-cavas-signat-de-alella\/#authorImage","url":"https:\/\/eldigitaldeasturias.com\/magazine365\/wp-content\/litespeed\/avatar\/e571bcf59a0edd6fa6838245a470f2fe.jpg?ver=1777574230","width":96,"height":96,"caption":"admin"}},{"@type":"WebPage","@id":"https:\/\/eldigitaldeasturias.com\/magazine365\/arrey-hotels-convertira-en-hotel-la-antigua-sede-de-las-cavas-signat-de-alella\/#webpage","url":"https:\/\/eldigitaldeasturias.com\/magazine365\/arrey-hotels-convertira-en-hotel-la-antigua-sede-de-las-cavas-signat-de-alella\/","name":"Arrey Hotels convertir\u00e1 en hotel la antigua sede de las cavas Signat de Alella | El Digital de Asturias","description":"El Grupo Arrey Hotels inaugurar\u00e1 este verano un hotel de cuatro estrellas y 37 habitaciones en Alella (Barcelona), que se ha construido en la torre de Can Balcells, antigua sede de las cavas Signat, ha informado la compa\u00f1\u00eda este jueves en un comunicado. El Hotel Arrey Alella ha supuesto una inversi\u00f3n de 4,5 millones de","inLanguage":"es-ES","isPartOf":{"@id":"https:\/\/eldigitaldeasturias.com\/magazine365\/#website"},"breadcrumb":{"@id":"https:\/\/eldigitaldeasturias.com\/magazine365\/arrey-hotels-convertira-en-hotel-la-antigua-sede-de-las-cavas-signat-de-alella\/#breadcrumblist"},"author":{"@id":"https:\/\/eldigitaldeasturias.com\/magazine365\/author\/admin\/#author"},"creator":{"@id":"https:\/\/eldigitaldeasturias.com\/magazine365\/author\/admin\/#author"},"image":{"@type":"ImageObject","url":"https:\/\/eldigitaldeasturias.com\/magazine365\/wp-content\/uploads\/2016\/05\/fotonoticia_20160512140417_800.jpg","@id":"https:\/\/eldigitaldeasturias.com\/magazine365\/arrey-hotels-convertira-en-hotel-la-antigua-sede-de-las-cavas-signat-de-alella\/#mainImage","width":800,"height":450},"primaryImageOfPage":{"@id":"https:\/\/eldigitaldeasturias.com\/magazine365\/arrey-hotels-convertira-en-hotel-la-antigua-sede-de-las-cavas-signat-de-alella\/#mainImage"},"datePublished":"2016-05-17T03:01:33+02:00","dateModified":"2016-05-17T03:01:33+02:00"},{"@type":"WebSite","@id":"https:\/\/eldigitaldeasturias.com\/magazine365\/#website","url":"https:\/\/eldigitaldeasturias.com\/magazine365\/","name":"El Digital de Asturias","description":"Revista de ocio, turismo y estilo de vida","inLanguage":"es-ES","publisher":{"@id":"https:\/\/eldigitaldeasturias.com\/magazine365\/#organization"}}]},"og:locale":"es_ES","og:site_name":"El Digital de Asturias \u2013 Revista de ocio, turismo y estilo de vida","og:type":"article","og:title":"Arrey Hotels convertir\u00e1 en hotel la antigua sede de las cavas Signat de Alella | El Digital de Asturias","og:description":"El Grupo Arrey Hotels inaugurar\u00e1 este verano un hotel de cuatro estrellas y 37 habitaciones en Alella (Barcelona), que se ha construido en la torre de Can Balcells, antigua sede de las cavas Signat, ha informado la compa\u00f1\u00eda este jueves en un comunicado. El Hotel Arrey Alella ha supuesto una inversi\u00f3n de 4,5 millones de","og:url":"https:\/\/eldigitaldeasturias.com\/magazine365\/arrey-hotels-convertira-en-hotel-la-antigua-sede-de-las-cavas-signat-de-alella\/","og:image":"https:\/\/eldigitaldeasturias.com\/magazine365\/wp-content\/uploads\/2016\/05\/fotonoticia_20160512140417_800.jpg","og:image:secure_url":"https:\/\/eldigitaldeasturias.com\/magazine365\/wp-content\/uploads\/2016\/05\/fotonoticia_20160512140417_800.jpg","og:image:width":800,"og:image:height":450,"article:published_time":"2016-05-17T01:01:33+00:00","article:modified_time":"2016-05-17T01:01:33+00:00","twitter:card":"summary_large_image","twitter:title":"Arrey Hotels convertir\u00e1 en hotel la antigua sede de las cavas Signat de Alella | El Digital de Asturias","twitter:description":"El Grupo Arrey Hotels inaugurar\u00e1 este verano un hotel de cuatro estrellas y 37 habitaciones en Alella (Barcelona), que se ha construido en la torre de Can Balcells, antigua sede de las cavas Signat, ha informado la compa\u00f1\u00eda este jueves en un comunicado. El Hotel Arrey Alella ha supuesto una inversi\u00f3n de 4,5 millones de","twitter:image":"https:\/\/eldigitaldeasturias.com\/magazine365\/wp-content\/uploads\/2016\/05\/fotonoticia_20160512140417_800.jpg"},"aioseo_meta_data":{"post_id":"76234","title":null,"description":null,"keywords":null,"keyphrases":null,"primary_term":null,"canonical_url":null,"og_title":null,"og_description":null,"og_object_type":"default","og_image_type":"default","og_image_url":null,"og_image_width":null,"og_image_height":null,"og_image_custom_url":null,"og_image_custom_fields":null,"og_video":null,"og_custom_url":null,"og_article_section":null,"og_article_tags":null,"twitter_use_og":false,"twitter_card":"default","twitter_image_type":"default","twitter_image_url":null,"twitter_image_custom_url":null,"twitter_image_custom_fields":null,"twitter_title":null,"twitter_description":null,"schema":{"blockGraphs":[],"customGraphs":[],"default":{"data":{"Article":[],"Course":[],"Dataset":[],"FAQPage":[],"Movie":[],"Person":[],"Product":[],"ProductReview":[],"Car":[],"Recipe":[],"Service":[],"SoftwareApplication":[],"WebPage":[]},"graphName":"","isEnabled":true},"graphs":[],"defaultGraph":"","defaultPostTypeGraph":""},"schema_type":null,"schema_type_options":null,"pillar_content":false,"robots_default":true,"robots_noindex":false,"robots_noarchive":false,"robots_nosnippet":false,"robots_nofollow":false,"robots_noimageindex":false,"robots_noodp":false,"robots_notranslate":false,"robots_max_snippet":null,"robots_max_videopreview":null,"robots_max_imagepreview":"large","priority":null,"frequency":null,"location":null,"local_seo":null,"seo_analyzer_scan_date":"2025-09-27 12:10:03","breadcrumb_settings":null,"limit_modified_date":false,"open_ai":null,"ai":null,"created":"2021-03-08 18:31:04","updated":"2025-09-27 12:10:03"},"aioseo_breadcrumb":"<div class=\"aioseo-breadcrumbs\"><span class=\"aioseo-breadcrumb\">\n\t<a href=\"https:\/\/eldigitaldeasturias.com\/magazine365\" title=\"Home\">Home<\/a>\n<\/span><span class=\"aioseo-breadcrumb-separator\">\u2013<\/span><span class=\"aioseo-breadcrumb\">\n\t<a href=\"https:\/\/eldigitaldeasturias.com\/magazine365\/category\/noticias-actualidad\/\" title=\"Noticias y Actualidad\">Noticias y Actualidad<\/a>\n<\/span><span class=\"aioseo-breadcrumb-separator\">\u2013<\/span><span class=\"aioseo-breadcrumb\">\n\t<a href=\"https:\/\/eldigitaldeasturias.com\/magazine365\/arrey-hotels-convertira-en-hotel-la-antigua-sede-de-las-cavas-signat-de-alella\/\" title=\"Arrey Hotels convertir\u00e1 en hotel la antigua sede de las cavas Signat de Alella\">Arrey Hotels convertir\u00e1 en hotel la antigua sede de las cavas Signat de Alella<\/a>\n<\/span><\/div>","aioseo_breadcrumb_json":[{"label":"Home","link":"https:\/\/eldigitaldeasturias.com\/magazine365"},{"label":"Noticias y Actualidad","link":"https:\/\/eldigitaldeasturias.com\/magazine365\/category\/noticias-actualidad\/"},{"label":"Arrey Hotels convertir\u00e1 en hotel la antigua sede de las cavas Signat de Alella","link":"https:\/\/eldigitaldeasturias.com\/magazine365\/arrey-hotels-convertira-en-hotel-la-antigua-sede-de-las-cavas-signat-de-alella\/"}],"_links":{"self":[{"href":"https:\/\/eldigitaldeasturias.com\/magazine365\/wp-json\/wp\/v2\/posts\/76234","targetHints":{"allow":["GET"]}}],"collection":[{"href":"https:\/\/eldigitaldeasturias.com\/magazine365\/wp-json\/wp\/v2\/posts"}],"about":[{"href":"https:\/\/eldigitaldeasturias.com\/magazine365\/wp-json\/wp\/v2\/types\/post"}],"author":[{"embeddable":true,"href":"https:\/\/eldigitaldeasturias.com\/magazine365\/wp-json\/wp\/v2\/users\/1"}],"replies":[{"embeddable":true,"href":"https:\/\/eldigitaldeasturias.com\/magazine365\/wp-json\/wp\/v2\/comments?post=76234"}],"version-history":[{"count":0,"href":"https:\/\/eldigitaldeasturias.com\/magazine365\/wp-json\/wp\/v2\/posts\/76234\/revisions"}],"wp:featuredmedia":[{"embeddable":true,"href":"https:\/\/eldigitaldeasturias.com\/magazine365\/wp-json\/wp\/v2\/media\/76235"}],"wp:attachment":[{"href":"https:\/\/eldigitaldeasturias.com\/magazine365\/wp-json\/wp\/v2\/media?parent=76234"}],"wp:term":[{"taxonomy":"category","embeddable":true,"href":"https:\/\/eldigitaldeasturias.com\/magazine365\/wp-json\/wp\/v2\/categories?post=76234"},{"taxonomy":"post_tag","embeddable":true,"href":"https:\/\/eldigitaldeasturias.com\/magazine365\/wp-json\/wp\/v2\/tags?post=76234"}],"curies":[{"name":"wp","href":"https:\/\/api.w.org\/{rel}","templated":true}]}}