{"id":76225,"date":"2016-05-17T02:46:29","date_gmt":"2016-05-17T00:46:29","guid":{"rendered":"http:\/\/eldigitaldeasturias.com\/magazine365\/?p=76225"},"modified":"2016-05-17T02:46:29","modified_gmt":"2016-05-17T00:46:29","slug":"clavijo-exige-a-pastor-extender-a-canarias-la-tarifa-plana-de-30-euros-aceptada-para-baleares","status":"publish","type":"post","link":"https:\/\/eldigitaldeasturias.com\/magazine365\/clavijo-exige-a-pastor-extender-a-canarias-la-tarifa-plana-de-30-euros-aceptada-para-baleares\/","title":{"rendered":"Clavijo exige a Pastor extender a Canarias la tarifa plana de 30 euros aceptada para Baleares"},"content":{"rendered":"<p><img fetchpriority=\"high\" decoding=\"async\" class=\"alignleft size-medium wp-image-76226\" src=\"https:\/\/eldigitaldeasturias.com\/magazine365\/wp-content\/uploads\/2016\/05\/fotonoticia_20160512133515_800-360x240.jpg\" alt=\"fotonoticia_20160512133515_800\" width=\"360\" height=\"240\" srcset=\"https:\/\/eldigitaldeasturias.com\/magazine365\/wp-content\/uploads\/2016\/05\/fotonoticia_20160512133515_800-360x240.jpg 360w, https:\/\/eldigitaldeasturias.com\/magazine365\/wp-content\/uploads\/2016\/05\/fotonoticia_20160512133515_800-650x433.jpg 650w, https:\/\/eldigitaldeasturias.com\/magazine365\/wp-content\/uploads\/2016\/05\/fotonoticia_20160512133515_800-768x512.jpg 768w, https:\/\/eldigitaldeasturias.com\/magazine365\/wp-content\/uploads\/2016\/05\/fotonoticia_20160512133515_800-150x100.jpg 150w, https:\/\/eldigitaldeasturias.com\/magazine365\/wp-content\/uploads\/2016\/05\/fotonoticia_20160512133515_800-450x300.jpg 450w, https:\/\/eldigitaldeasturias.com\/magazine365\/wp-content\/uploads\/2016\/05\/fotonoticia_20160512133515_800-101x66.jpg 101w, https:\/\/eldigitaldeasturias.com\/magazine365\/wp-content\/uploads\/2016\/05\/fotonoticia_20160512133515_800.jpg 800w\" sizes=\"(max-width: 360px) 100vw, 360px\" \/>El presidente del Gobierno canario, Fernando Clavijo, ha exigido a la ministra de Fomento en funciones, Ana Pastor, que extienda a Canarias la tarifa plana de 30 euros para volar entre islas, que ha sido aceptada para Baleares.<\/p>\n<p>Al respecto, Clavijo record\u00f3 que el pasado 13 de abril el Congreso de los Diputados aprob\u00f3 una Proposici\u00f3n No de Ley presentada por la diputada de CC, Ana Oramas, sobre la modificaci\u00f3n del acuerdo de obligaci\u00f3n de servicio p\u00fablico para establecer una tarifa plana en los vuelos entre las Islas Canarias.<\/p>\n<p>Por ello, ha subrayado que \u00abse trata de una vieja demanda canaria que siempre se ha encontrado con la negativa del Ministerio de Fomento que, sin embargo, ahora parece querer aplicar en Baleares\u00bb, seg\u00fan inform\u00f3 el Ejecutivo regional en nota de prensa.<\/p>\n<p>Clavijo asegur\u00f3 que aplaude que \u00abse atienda las demandas de Baleares\u00bb, si bien reclama el \u00abmismo trato a Canarias pero no s\u00f3lo con la aplicaci\u00f3n de una tarifa plana sino, tambi\u00e9n, con la incorporaci\u00f3n de cambios en la pr\u00f3xima convocatoria de la Obligaci\u00f3n de Servicio P\u00fablico que permita la introducci\u00f3n de tarifas sociales para estudiantes, personas mayores, menores y personas con discapacidad y cambio de horario\u00bb.<\/p>\n","protected":false},"excerpt":{"rendered":"<p>El presidente del Gobierno canario, Fernando Clavijo, ha exigido a la ministra de Fomento en funciones, Ana Pastor, que extienda a Canarias la tarifa plana de 30 euros para volar entre islas, que ha sido aceptada para Baleares. Al respecto, Clavijo record\u00f3 que el pasado 13 de abril el Congreso de los Diputados aprob\u00f3 una<\/p>\n","protected":false},"author":1,"featured_media":76226,"comment_status":"open","ping_status":"closed","sticky":false,"template":"","format":"standard","meta":{"footnotes":""},"categories":[224],"tags":[],"class_list":{"0":"post-76225","1":"post","2":"type-post","3":"status-publish","4":"format-standard","5":"has-post-thumbnail","7":"category-noticias-actualidad"},"aioseo_notices":[],"aioseo_head":"\n\t\t<!-- All in One SEO Pro 4.9.6.1 - aioseo.com -->\n\t<meta name=\"description\" content=\"El presidente del Gobierno canario, Fernando Clavijo, ha exigido a la ministra de Fomento en funciones, Ana Pastor, que extienda a Canarias la tarifa plana de 30 euros para volar entre islas, que ha sido aceptada para Baleares. Al respecto, Clavijo record\u00f3 que el pasado 13 de abril el Congreso de los Diputados aprob\u00f3 una\" \/>\n\t<meta name=\"robots\" content=\"max-image-preview:large\" \/>\n\t<meta name=\"author\" content=\"admin\"\/>\n\t<meta name=\"google-site-verification\" content=\"UA-38556648-1\" \/>\n\t<meta name=\"keywords\" content=\"noticias y actualidad\" \/>\n\t<link rel=\"canonical\" href=\"https:\/\/eldigitaldeasturias.com\/magazine365\/clavijo-exige-a-pastor-extender-a-canarias-la-tarifa-plana-de-30-euros-aceptada-para-baleares\/\" \/>\n\t<meta name=\"generator\" content=\"All in One SEO Pro (AIOSEO) 4.9.6.1\" \/>\n\t\t<meta property=\"og:locale\" content=\"es_ES\" \/>\n\t\t<meta property=\"og:site_name\" content=\"El Digital de Asturias \u2013 Revista de ocio, turismo y estilo de vida\" \/>\n\t\t<meta property=\"og:type\" content=\"article\" \/>\n\t\t<meta property=\"og:title\" content=\"Clavijo exige a Pastor extender a Canarias la tarifa plana de 30 euros aceptada para Baleares | El Digital de Asturias\" \/>\n\t\t<meta property=\"og:description\" content=\"El presidente del Gobierno canario, Fernando Clavijo, ha exigido a la ministra de Fomento en funciones, Ana Pastor, que extienda a Canarias la tarifa plana de 30 euros para volar entre islas, que ha sido aceptada para Baleares. Al respecto, Clavijo record\u00f3 que el pasado 13 de abril el Congreso de los Diputados aprob\u00f3 una\" \/>\n\t\t<meta property=\"og:url\" content=\"https:\/\/eldigitaldeasturias.com\/magazine365\/clavijo-exige-a-pastor-extender-a-canarias-la-tarifa-plana-de-30-euros-aceptada-para-baleares\/\" \/>\n\t\t<meta property=\"og:image\" content=\"https:\/\/eldigitaldeasturias.com\/magazine365\/wp-content\/uploads\/2016\/05\/fotonoticia_20160512133515_800.jpg\" \/>\n\t\t<meta property=\"og:image:secure_url\" content=\"https:\/\/eldigitaldeasturias.com\/magazine365\/wp-content\/uploads\/2016\/05\/fotonoticia_20160512133515_800.jpg\" \/>\n\t\t<meta property=\"og:image:width\" content=\"800\" \/>\n\t\t<meta property=\"og:image:height\" content=\"533\" \/>\n\t\t<meta property=\"article:published_time\" content=\"2016-05-17T00:46:29+00:00\" \/>\n\t\t<meta property=\"article:modified_time\" content=\"2016-05-17T00:46:29+00:00\" \/>\n\t\t<meta name=\"twitter:card\" content=\"summary_large_image\" \/>\n\t\t<meta name=\"twitter:title\" content=\"Clavijo exige a Pastor extender a Canarias la tarifa plana de 30 euros aceptada para Baleares | El Digital de Asturias\" \/>\n\t\t<meta name=\"twitter:description\" content=\"El presidente del Gobierno canario, Fernando Clavijo, ha exigido a la ministra de Fomento en funciones, Ana Pastor, que extienda a Canarias la tarifa plana de 30 euros para volar entre islas, que ha sido aceptada para Baleares. Al respecto, Clavijo record\u00f3 que el pasado 13 de abril el Congreso de los Diputados aprob\u00f3 una\" \/>\n\t\t<meta name=\"twitter:image\" content=\"https:\/\/eldigitaldeasturias.com\/magazine365\/wp-content\/uploads\/2016\/05\/fotonoticia_20160512133515_800.jpg\" \/>\n\t\t<script type=\"application\/ld+json\" class=\"aioseo-schema\">\n\t\t\t{\"@context\":\"https:\\\/\\\/schema.org\",\"@graph\":[{\"@type\":\"Article\",\"@id\":\"https:\\\/\\\/eldigitaldeasturias.com\\\/magazine365\\\/clavijo-exige-a-pastor-extender-a-canarias-la-tarifa-plana-de-30-euros-aceptada-para-baleares\\\/#article\",\"name\":\"Clavijo exige a Pastor extender a Canarias la tarifa plana de 30 euros aceptada para Baleares | El Digital de Asturias\",\"headline\":\"Clavijo exige a Pastor extender a Canarias la tarifa plana de 30 euros aceptada para Baleares\",\"author\":{\"@id\":\"https:\\\/\\\/eldigitaldeasturias.com\\\/magazine365\\\/author\\\/admin\\\/#author\"},\"publisher\":{\"@id\":\"https:\\\/\\\/eldigitaldeasturias.com\\\/magazine365\\\/#organization\"},\"image\":{\"@type\":\"ImageObject\",\"url\":\"https:\\\/\\\/eldigitaldeasturias.com\\\/magazine365\\\/wp-content\\\/uploads\\\/2016\\\/05\\\/fotonoticia_20160512133515_800.jpg\",\"width\":800,\"height\":533},\"datePublished\":\"2016-05-17T02:46:29+02:00\",\"dateModified\":\"2016-05-17T02:46:29+02:00\",\"inLanguage\":\"es-ES\",\"mainEntityOfPage\":{\"@id\":\"https:\\\/\\\/eldigitaldeasturias.com\\\/magazine365\\\/clavijo-exige-a-pastor-extender-a-canarias-la-tarifa-plana-de-30-euros-aceptada-para-baleares\\\/#webpage\"},\"isPartOf\":{\"@id\":\"https:\\\/\\\/eldigitaldeasturias.com\\\/magazine365\\\/clavijo-exige-a-pastor-extender-a-canarias-la-tarifa-plana-de-30-euros-aceptada-para-baleares\\\/#webpage\"},\"articleSection\":\"Noticias y Actualidad\"},{\"@type\":\"BreadcrumbList\",\"@id\":\"https:\\\/\\\/eldigitaldeasturias.com\\\/magazine365\\\/clavijo-exige-a-pastor-extender-a-canarias-la-tarifa-plana-de-30-euros-aceptada-para-baleares\\\/#breadcrumblist\",\"itemListElement\":[{\"@type\":\"ListItem\",\"@id\":\"https:\\\/\\\/eldigitaldeasturias.com\\\/magazine365#listItem\",\"position\":1,\"name\":\"Home\",\"item\":\"https:\\\/\\\/eldigitaldeasturias.com\\\/magazine365\",\"nextItem\":{\"@type\":\"ListItem\",\"@id\":\"https:\\\/\\\/eldigitaldeasturias.com\\\/magazine365\\\/category\\\/noticias-actualidad\\\/#listItem\",\"name\":\"Noticias y Actualidad\"}},{\"@type\":\"ListItem\",\"@id\":\"https:\\\/\\\/eldigitaldeasturias.com\\\/magazine365\\\/category\\\/noticias-actualidad\\\/#listItem\",\"position\":2,\"name\":\"Noticias y Actualidad\",\"item\":\"https:\\\/\\\/eldigitaldeasturias.com\\\/magazine365\\\/category\\\/noticias-actualidad\\\/\",\"nextItem\":{\"@type\":\"ListItem\",\"@id\":\"https:\\\/\\\/eldigitaldeasturias.com\\\/magazine365\\\/clavijo-exige-a-pastor-extender-a-canarias-la-tarifa-plana-de-30-euros-aceptada-para-baleares\\\/#listItem\",\"name\":\"Clavijo exige a Pastor extender a Canarias la tarifa plana de 30 euros aceptada para Baleares\"},\"previousItem\":{\"@type\":\"ListItem\",\"@id\":\"https:\\\/\\\/eldigitaldeasturias.com\\\/magazine365#listItem\",\"name\":\"Home\"}},{\"@type\":\"ListItem\",\"@id\":\"https:\\\/\\\/eldigitaldeasturias.com\\\/magazine365\\\/clavijo-exige-a-pastor-extender-a-canarias-la-tarifa-plana-de-30-euros-aceptada-para-baleares\\\/#listItem\",\"position\":3,\"name\":\"Clavijo exige a Pastor extender a Canarias la tarifa plana de 30 euros aceptada para Baleares\",\"previousItem\":{\"@type\":\"ListItem\",\"@id\":\"https:\\\/\\\/eldigitaldeasturias.com\\\/magazine365\\\/category\\\/noticias-actualidad\\\/#listItem\",\"name\":\"Noticias y Actualidad\"}}]},{\"@type\":\"Organization\",\"@id\":\"https:\\\/\\\/eldigitaldeasturias.com\\\/magazine365\\\/#organization\",\"name\":\"El digital de Asturias\",\"description\":\"Revista de ocio, turismo y estilo de vida\",\"url\":\"https:\\\/\\\/eldigitaldeasturias.com\\\/magazine365\\\/\",\"logo\":{\"@type\":\"ImageObject\",\"url\":\"https:\\\/\\\/www.eldigitaldeasturias.com\\\/noticias\\\/wp-content\\\/uploads\\\/2020\\\/12\\\/EDA.jpg\",\"@id\":\"https:\\\/\\\/eldigitaldeasturias.com\\\/magazine365\\\/clavijo-exige-a-pastor-extender-a-canarias-la-tarifa-plana-de-30-euros-aceptada-para-baleares\\\/#organizationLogo\"},\"image\":{\"@id\":\"https:\\\/\\\/eldigitaldeasturias.com\\\/magazine365\\\/clavijo-exige-a-pastor-extender-a-canarias-la-tarifa-plana-de-30-euros-aceptada-para-baleares\\\/#organizationLogo\"}},{\"@type\":\"Person\",\"@id\":\"https:\\\/\\\/eldigitaldeasturias.com\\\/magazine365\\\/author\\\/admin\\\/#author\",\"url\":\"https:\\\/\\\/eldigitaldeasturias.com\\\/magazine365\\\/author\\\/admin\\\/\",\"name\":\"admin\",\"image\":{\"@type\":\"ImageObject\",\"@id\":\"https:\\\/\\\/eldigitaldeasturias.com\\\/magazine365\\\/clavijo-exige-a-pastor-extender-a-canarias-la-tarifa-plana-de-30-euros-aceptada-para-baleares\\\/#authorImage\",\"url\":\"https:\\\/\\\/eldigitaldeasturias.com\\\/magazine365\\\/wp-content\\\/litespeed\\\/avatar\\\/e571bcf59a0edd6fa6838245a470f2fe.jpg?ver=1777574230\",\"width\":96,\"height\":96,\"caption\":\"admin\"}},{\"@type\":\"WebPage\",\"@id\":\"https:\\\/\\\/eldigitaldeasturias.com\\\/magazine365\\\/clavijo-exige-a-pastor-extender-a-canarias-la-tarifa-plana-de-30-euros-aceptada-para-baleares\\\/#webpage\",\"url\":\"https:\\\/\\\/eldigitaldeasturias.com\\\/magazine365\\\/clavijo-exige-a-pastor-extender-a-canarias-la-tarifa-plana-de-30-euros-aceptada-para-baleares\\\/\",\"name\":\"Clavijo exige a Pastor extender a Canarias la tarifa plana de 30 euros aceptada para Baleares | El Digital de Asturias\",\"description\":\"El presidente del Gobierno canario, Fernando Clavijo, ha exigido a la ministra de Fomento en funciones, Ana Pastor, que extienda a Canarias la tarifa plana de 30 euros para volar entre islas, que ha sido aceptada para Baleares. Al respecto, Clavijo record\\u00f3 que el pasado 13 de abril el Congreso de los Diputados aprob\\u00f3 una\",\"inLanguage\":\"es-ES\",\"isPartOf\":{\"@id\":\"https:\\\/\\\/eldigitaldeasturias.com\\\/magazine365\\\/#website\"},\"breadcrumb\":{\"@id\":\"https:\\\/\\\/eldigitaldeasturias.com\\\/magazine365\\\/clavijo-exige-a-pastor-extender-a-canarias-la-tarifa-plana-de-30-euros-aceptada-para-baleares\\\/#breadcrumblist\"},\"author\":{\"@id\":\"https:\\\/\\\/eldigitaldeasturias.com\\\/magazine365\\\/author\\\/admin\\\/#author\"},\"creator\":{\"@id\":\"https:\\\/\\\/eldigitaldeasturias.com\\\/magazine365\\\/author\\\/admin\\\/#author\"},\"image\":{\"@type\":\"ImageObject\",\"url\":\"https:\\\/\\\/eldigitaldeasturias.com\\\/magazine365\\\/wp-content\\\/uploads\\\/2016\\\/05\\\/fotonoticia_20160512133515_800.jpg\",\"@id\":\"https:\\\/\\\/eldigitaldeasturias.com\\\/magazine365\\\/clavijo-exige-a-pastor-extender-a-canarias-la-tarifa-plana-de-30-euros-aceptada-para-baleares\\\/#mainImage\",\"width\":800,\"height\":533},\"primaryImageOfPage\":{\"@id\":\"https:\\\/\\\/eldigitaldeasturias.com\\\/magazine365\\\/clavijo-exige-a-pastor-extender-a-canarias-la-tarifa-plana-de-30-euros-aceptada-para-baleares\\\/#mainImage\"},\"datePublished\":\"2016-05-17T02:46:29+02:00\",\"dateModified\":\"2016-05-17T02:46:29+02:00\"},{\"@type\":\"WebSite\",\"@id\":\"https:\\\/\\\/eldigitaldeasturias.com\\\/magazine365\\\/#website\",\"url\":\"https:\\\/\\\/eldigitaldeasturias.com\\\/magazine365\\\/\",\"name\":\"El Digital de Asturias\",\"description\":\"Revista de ocio, turismo y estilo de vida\",\"inLanguage\":\"es-ES\",\"publisher\":{\"@id\":\"https:\\\/\\\/eldigitaldeasturias.com\\\/magazine365\\\/#organization\"}}]}\n\t\t<\/script>\n\t\t<!-- All in One SEO Pro -->\r\n\t\t<title>Clavijo exige a Pastor extender a Canarias la tarifa plana de 30 euros aceptada para Baleares | El Digital de Asturias<\/title>\n\n","aioseo_head_json":{"title":"Clavijo exige a Pastor extender a Canarias la tarifa plana de 30 euros aceptada para Baleares | El Digital de Asturias","description":"El presidente del Gobierno canario, Fernando Clavijo, ha exigido a la ministra de Fomento en funciones, Ana Pastor, que extienda a Canarias la tarifa plana de 30 euros para volar entre islas, que ha sido aceptada para Baleares. Al respecto, Clavijo record\u00f3 que el pasado 13 de abril el Congreso de los Diputados aprob\u00f3 una","canonical_url":"https:\/\/eldigitaldeasturias.com\/magazine365\/clavijo-exige-a-pastor-extender-a-canarias-la-tarifa-plana-de-30-euros-aceptada-para-baleares\/","robots":"max-image-preview:large","keywords":"noticias y actualidad","webmasterTools":{"google-site-verification":"UA-38556648-1","miscellaneous":""},"schema":{"@context":"https:\/\/schema.org","@graph":[{"@type":"Article","@id":"https:\/\/eldigitaldeasturias.com\/magazine365\/clavijo-exige-a-pastor-extender-a-canarias-la-tarifa-plana-de-30-euros-aceptada-para-baleares\/#article","name":"Clavijo exige a Pastor extender a Canarias la tarifa plana de 30 euros aceptada para Baleares | El Digital de Asturias","headline":"Clavijo exige a Pastor extender a Canarias la tarifa plana de 30 euros aceptada para Baleares","author":{"@id":"https:\/\/eldigitaldeasturias.com\/magazine365\/author\/admin\/#author"},"publisher":{"@id":"https:\/\/eldigitaldeasturias.com\/magazine365\/#organization"},"image":{"@type":"ImageObject","url":"https:\/\/eldigitaldeasturias.com\/magazine365\/wp-content\/uploads\/2016\/05\/fotonoticia_20160512133515_800.jpg","width":800,"height":533},"datePublished":"2016-05-17T02:46:29+02:00","dateModified":"2016-05-17T02:46:29+02:00","inLanguage":"es-ES","mainEntityOfPage":{"@id":"https:\/\/eldigitaldeasturias.com\/magazine365\/clavijo-exige-a-pastor-extender-a-canarias-la-tarifa-plana-de-30-euros-aceptada-para-baleares\/#webpage"},"isPartOf":{"@id":"https:\/\/eldigitaldeasturias.com\/magazine365\/clavijo-exige-a-pastor-extender-a-canarias-la-tarifa-plana-de-30-euros-aceptada-para-baleares\/#webpage"},"articleSection":"Noticias y Actualidad"},{"@type":"BreadcrumbList","@id":"https:\/\/eldigitaldeasturias.com\/magazine365\/clavijo-exige-a-pastor-extender-a-canarias-la-tarifa-plana-de-30-euros-aceptada-para-baleares\/#breadcrumblist","itemListElement":[{"@type":"ListItem","@id":"https:\/\/eldigitaldeasturias.com\/magazine365#listItem","position":1,"name":"Home","item":"https:\/\/eldigitaldeasturias.com\/magazine365","nextItem":{"@type":"ListItem","@id":"https:\/\/eldigitaldeasturias.com\/magazine365\/category\/noticias-actualidad\/#listItem","name":"Noticias y Actualidad"}},{"@type":"ListItem","@id":"https:\/\/eldigitaldeasturias.com\/magazine365\/category\/noticias-actualidad\/#listItem","position":2,"name":"Noticias y Actualidad","item":"https:\/\/eldigitaldeasturias.com\/magazine365\/category\/noticias-actualidad\/","nextItem":{"@type":"ListItem","@id":"https:\/\/eldigitaldeasturias.com\/magazine365\/clavijo-exige-a-pastor-extender-a-canarias-la-tarifa-plana-de-30-euros-aceptada-para-baleares\/#listItem","name":"Clavijo exige a Pastor extender a Canarias la tarifa plana de 30 euros aceptada para Baleares"},"previousItem":{"@type":"ListItem","@id":"https:\/\/eldigitaldeasturias.com\/magazine365#listItem","name":"Home"}},{"@type":"ListItem","@id":"https:\/\/eldigitaldeasturias.com\/magazine365\/clavijo-exige-a-pastor-extender-a-canarias-la-tarifa-plana-de-30-euros-aceptada-para-baleares\/#listItem","position":3,"name":"Clavijo exige a Pastor extender a Canarias la tarifa plana de 30 euros aceptada para Baleares","previousItem":{"@type":"ListItem","@id":"https:\/\/eldigitaldeasturias.com\/magazine365\/category\/noticias-actualidad\/#listItem","name":"Noticias y Actualidad"}}]},{"@type":"Organization","@id":"https:\/\/eldigitaldeasturias.com\/magazine365\/#organization","name":"El digital de Asturias","description":"Revista de ocio, turismo y estilo de vida","url":"https:\/\/eldigitaldeasturias.com\/magazine365\/","logo":{"@type":"ImageObject","url":"https:\/\/www.eldigitaldeasturias.com\/noticias\/wp-content\/uploads\/2020\/12\/EDA.jpg","@id":"https:\/\/eldigitaldeasturias.com\/magazine365\/clavijo-exige-a-pastor-extender-a-canarias-la-tarifa-plana-de-30-euros-aceptada-para-baleares\/#organizationLogo"},"image":{"@id":"https:\/\/eldigitaldeasturias.com\/magazine365\/clavijo-exige-a-pastor-extender-a-canarias-la-tarifa-plana-de-30-euros-aceptada-para-baleares\/#organizationLogo"}},{"@type":"Person","@id":"https:\/\/eldigitaldeasturias.com\/magazine365\/author\/admin\/#author","url":"https:\/\/eldigitaldeasturias.com\/magazine365\/author\/admin\/","name":"admin","image":{"@type":"ImageObject","@id":"https:\/\/eldigitaldeasturias.com\/magazine365\/clavijo-exige-a-pastor-extender-a-canarias-la-tarifa-plana-de-30-euros-aceptada-para-baleares\/#authorImage","url":"https:\/\/eldigitaldeasturias.com\/magazine365\/wp-content\/litespeed\/avatar\/e571bcf59a0edd6fa6838245a470f2fe.jpg?ver=1777574230","width":96,"height":96,"caption":"admin"}},{"@type":"WebPage","@id":"https:\/\/eldigitaldeasturias.com\/magazine365\/clavijo-exige-a-pastor-extender-a-canarias-la-tarifa-plana-de-30-euros-aceptada-para-baleares\/#webpage","url":"https:\/\/eldigitaldeasturias.com\/magazine365\/clavijo-exige-a-pastor-extender-a-canarias-la-tarifa-plana-de-30-euros-aceptada-para-baleares\/","name":"Clavijo exige a Pastor extender a Canarias la tarifa plana de 30 euros aceptada para Baleares | El Digital de Asturias","description":"El presidente del Gobierno canario, Fernando Clavijo, ha exigido a la ministra de Fomento en funciones, Ana Pastor, que extienda a Canarias la tarifa plana de 30 euros para volar entre islas, que ha sido aceptada para Baleares. Al respecto, Clavijo record\u00f3 que el pasado 13 de abril el Congreso de los Diputados aprob\u00f3 una","inLanguage":"es-ES","isPartOf":{"@id":"https:\/\/eldigitaldeasturias.com\/magazine365\/#website"},"breadcrumb":{"@id":"https:\/\/eldigitaldeasturias.com\/magazine365\/clavijo-exige-a-pastor-extender-a-canarias-la-tarifa-plana-de-30-euros-aceptada-para-baleares\/#breadcrumblist"},"author":{"@id":"https:\/\/eldigitaldeasturias.com\/magazine365\/author\/admin\/#author"},"creator":{"@id":"https:\/\/eldigitaldeasturias.com\/magazine365\/author\/admin\/#author"},"image":{"@type":"ImageObject","url":"https:\/\/eldigitaldeasturias.com\/magazine365\/wp-content\/uploads\/2016\/05\/fotonoticia_20160512133515_800.jpg","@id":"https:\/\/eldigitaldeasturias.com\/magazine365\/clavijo-exige-a-pastor-extender-a-canarias-la-tarifa-plana-de-30-euros-aceptada-para-baleares\/#mainImage","width":800,"height":533},"primaryImageOfPage":{"@id":"https:\/\/eldigitaldeasturias.com\/magazine365\/clavijo-exige-a-pastor-extender-a-canarias-la-tarifa-plana-de-30-euros-aceptada-para-baleares\/#mainImage"},"datePublished":"2016-05-17T02:46:29+02:00","dateModified":"2016-05-17T02:46:29+02:00"},{"@type":"WebSite","@id":"https:\/\/eldigitaldeasturias.com\/magazine365\/#website","url":"https:\/\/eldigitaldeasturias.com\/magazine365\/","name":"El Digital de Asturias","description":"Revista de ocio, turismo y estilo de vida","inLanguage":"es-ES","publisher":{"@id":"https:\/\/eldigitaldeasturias.com\/magazine365\/#organization"}}]},"og:locale":"es_ES","og:site_name":"El Digital de Asturias \u2013 Revista de ocio, turismo y estilo de vida","og:type":"article","og:title":"Clavijo exige a Pastor extender a Canarias la tarifa plana de 30 euros aceptada para Baleares | El Digital de Asturias","og:description":"El presidente del Gobierno canario, Fernando Clavijo, ha exigido a la ministra de Fomento en funciones, Ana Pastor, que extienda a Canarias la tarifa plana de 30 euros para volar entre islas, que ha sido aceptada para Baleares. Al respecto, Clavijo record\u00f3 que el pasado 13 de abril el Congreso de los Diputados aprob\u00f3 una","og:url":"https:\/\/eldigitaldeasturias.com\/magazine365\/clavijo-exige-a-pastor-extender-a-canarias-la-tarifa-plana-de-30-euros-aceptada-para-baleares\/","og:image":"https:\/\/eldigitaldeasturias.com\/magazine365\/wp-content\/uploads\/2016\/05\/fotonoticia_20160512133515_800.jpg","og:image:secure_url":"https:\/\/eldigitaldeasturias.com\/magazine365\/wp-content\/uploads\/2016\/05\/fotonoticia_20160512133515_800.jpg","og:image:width":800,"og:image:height":533,"article:published_time":"2016-05-17T00:46:29+00:00","article:modified_time":"2016-05-17T00:46:29+00:00","twitter:card":"summary_large_image","twitter:title":"Clavijo exige a Pastor extender a Canarias la tarifa plana de 30 euros aceptada para Baleares | El Digital de Asturias","twitter:description":"El presidente del Gobierno canario, Fernando Clavijo, ha exigido a la ministra de Fomento en funciones, Ana Pastor, que extienda a Canarias la tarifa plana de 30 euros para volar entre islas, que ha sido aceptada para Baleares. Al respecto, Clavijo record\u00f3 que el pasado 13 de abril el Congreso de los Diputados aprob\u00f3 una","twitter:image":"https:\/\/eldigitaldeasturias.com\/magazine365\/wp-content\/uploads\/2016\/05\/fotonoticia_20160512133515_800.jpg"},"aioseo_meta_data":{"post_id":"76225","title":null,"description":null,"keywords":null,"keyphrases":null,"primary_term":null,"canonical_url":null,"og_title":null,"og_description":null,"og_object_type":"default","og_image_type":"default","og_image_url":null,"og_image_width":null,"og_image_height":null,"og_image_custom_url":null,"og_image_custom_fields":null,"og_video":null,"og_custom_url":null,"og_article_section":null,"og_article_tags":null,"twitter_use_og":false,"twitter_card":"default","twitter_image_type":"default","twitter_image_url":null,"twitter_image_custom_url":null,"twitter_image_custom_fields":null,"twitter_title":null,"twitter_description":null,"schema":{"blockGraphs":[],"customGraphs":[],"default":{"data":{"Article":[],"Course":[],"Dataset":[],"FAQPage":[],"Movie":[],"Person":[],"Product":[],"ProductReview":[],"Car":[],"Recipe":[],"Service":[],"SoftwareApplication":[],"WebPage":[]},"graphName":"","isEnabled":true},"graphs":[]},"schema_type":null,"schema_type_options":null,"pillar_content":false,"robots_default":true,"robots_noindex":false,"robots_noarchive":false,"robots_nosnippet":false,"robots_nofollow":false,"robots_noimageindex":false,"robots_noodp":false,"robots_notranslate":false,"robots_max_snippet":null,"robots_max_videopreview":null,"robots_max_imagepreview":"large","priority":null,"frequency":null,"location":null,"local_seo":null,"seo_analyzer_scan_date":"2025-09-27 12:09:59","breadcrumb_settings":null,"limit_modified_date":false,"open_ai":null,"ai":null,"created":"2021-03-08 18:31:04","updated":"2025-09-27 12:09:59"},"aioseo_breadcrumb":"<div class=\"aioseo-breadcrumbs\"><span class=\"aioseo-breadcrumb\">\n\t<a href=\"https:\/\/eldigitaldeasturias.com\/magazine365\" title=\"Home\">Home<\/a>\n<\/span><span class=\"aioseo-breadcrumb-separator\">\u2013<\/span><span class=\"aioseo-breadcrumb\">\n\t<a href=\"https:\/\/eldigitaldeasturias.com\/magazine365\/category\/noticias-actualidad\/\" title=\"Noticias y Actualidad\">Noticias y Actualidad<\/a>\n<\/span><span class=\"aioseo-breadcrumb-separator\">\u2013<\/span><span class=\"aioseo-breadcrumb\">\n\t<a href=\"https:\/\/eldigitaldeasturias.com\/magazine365\/clavijo-exige-a-pastor-extender-a-canarias-la-tarifa-plana-de-30-euros-aceptada-para-baleares\/\" title=\"Clavijo exige a Pastor extender a Canarias la tarifa plana de 30 euros aceptada para Baleares\">Clavijo exige a Pastor extender a Canarias la tarifa plana de 30 euros aceptada para Baleares<\/a>\n<\/span><\/div>","aioseo_breadcrumb_json":[{"label":"Home","link":"https:\/\/eldigitaldeasturias.com\/magazine365"},{"label":"Noticias y Actualidad","link":"https:\/\/eldigitaldeasturias.com\/magazine365\/category\/noticias-actualidad\/"},{"label":"Clavijo exige a Pastor extender a Canarias la tarifa plana de 30 euros aceptada para Baleares","link":"https:\/\/eldigitaldeasturias.com\/magazine365\/clavijo-exige-a-pastor-extender-a-canarias-la-tarifa-plana-de-30-euros-aceptada-para-baleares\/"}],"_links":{"self":[{"href":"https:\/\/eldigitaldeasturias.com\/magazine365\/wp-json\/wp\/v2\/posts\/76225","targetHints":{"allow":["GET"]}}],"collection":[{"href":"https:\/\/eldigitaldeasturias.com\/magazine365\/wp-json\/wp\/v2\/posts"}],"about":[{"href":"https:\/\/eldigitaldeasturias.com\/magazine365\/wp-json\/wp\/v2\/types\/post"}],"author":[{"embeddable":true,"href":"https:\/\/eldigitaldeasturias.com\/magazine365\/wp-json\/wp\/v2\/users\/1"}],"replies":[{"embeddable":true,"href":"https:\/\/eldigitaldeasturias.com\/magazine365\/wp-json\/wp\/v2\/comments?post=76225"}],"version-history":[{"count":0,"href":"https:\/\/eldigitaldeasturias.com\/magazine365\/wp-json\/wp\/v2\/posts\/76225\/revisions"}],"wp:featuredmedia":[{"embeddable":true,"href":"https:\/\/eldigitaldeasturias.com\/magazine365\/wp-json\/wp\/v2\/media\/76226"}],"wp:attachment":[{"href":"https:\/\/eldigitaldeasturias.com\/magazine365\/wp-json\/wp\/v2\/media?parent=76225"}],"wp:term":[{"taxonomy":"category","embeddable":true,"href":"https:\/\/eldigitaldeasturias.com\/magazine365\/wp-json\/wp\/v2\/categories?post=76225"},{"taxonomy":"post_tag","embeddable":true,"href":"https:\/\/eldigitaldeasturias.com\/magazine365\/wp-json\/wp\/v2\/tags?post=76225"}],"curies":[{"name":"wp","href":"https:\/\/api.w.org\/{rel}","templated":true}]}}