{"id":76216,"date":"2016-05-17T02:38:22","date_gmt":"2016-05-17T00:38:22","guid":{"rendered":"http:\/\/eldigitaldeasturias.com\/magazine365\/?p=76216"},"modified":"2016-05-17T02:38:22","modified_gmt":"2016-05-17T00:38:22","slug":"susana-diaz-se-compromete-a-primar-a-los-empresarios-turisticos-que-den-dignidad-y-estabilidad-al-empleo","status":"publish","type":"post","link":"https:\/\/eldigitaldeasturias.com\/magazine365\/susana-diaz-se-compromete-a-primar-a-los-empresarios-turisticos-que-den-dignidad-y-estabilidad-al-empleo\/","title":{"rendered":"Susana D\u00edaz se compromete a primar a los empresarios tur\u00edsticos que den dignidad y estabilidad al empleo"},"content":{"rendered":"<p><img fetchpriority=\"high\" decoding=\"async\" class=\"alignleft size-medium wp-image-76217\" src=\"https:\/\/eldigitaldeasturias.com\/magazine365\/wp-content\/uploads\/2016\/05\/fotonoticia_20160512131511_800-360x240.jpg\" alt=\"fotonoticia_20160512131511_800\" width=\"360\" height=\"240\" srcset=\"https:\/\/eldigitaldeasturias.com\/magazine365\/wp-content\/uploads\/2016\/05\/fotonoticia_20160512131511_800-360x240.jpg 360w, https:\/\/eldigitaldeasturias.com\/magazine365\/wp-content\/uploads\/2016\/05\/fotonoticia_20160512131511_800-650x433.jpg 650w, https:\/\/eldigitaldeasturias.com\/magazine365\/wp-content\/uploads\/2016\/05\/fotonoticia_20160512131511_800-768x512.jpg 768w, https:\/\/eldigitaldeasturias.com\/magazine365\/wp-content\/uploads\/2016\/05\/fotonoticia_20160512131511_800-150x100.jpg 150w, https:\/\/eldigitaldeasturias.com\/magazine365\/wp-content\/uploads\/2016\/05\/fotonoticia_20160512131511_800-450x300.jpg 450w, https:\/\/eldigitaldeasturias.com\/magazine365\/wp-content\/uploads\/2016\/05\/fotonoticia_20160512131511_800-101x66.jpg 101w, https:\/\/eldigitaldeasturias.com\/magazine365\/wp-content\/uploads\/2016\/05\/fotonoticia_20160512131511_800.jpg 800w\" sizes=\"(max-width: 360px) 100vw, 360px\" \/>La presidenta de la Junta de Andaluc\u00eda, Susana D\u00edaz, ha se\u00f1alado este jueves que su Gobierno va a \u00abprimar las buenas pr\u00e1cticas en el sector tur\u00edstico en Andaluc\u00eda\u00bb y a \u00abaquellos empresarios que act\u00faen con responsabilidad social y den dignidad en el empleo y reconozcan salarios dignos\u00bb.<\/p>\n<p>As\u00ed lo ha se\u00f1alado en respuesta a una pregunta que le ha formulado el portavoz parlamentario de IULV-CA, Antonio Ma\u00edllo, en la sesi\u00f3n de control al Gobierno andaluz en el Pleno del Parlamento, a prop\u00f3sito de la situaci\u00f3n del empleo en el sector tur\u00edstico andaluz.<\/p>\n<p>En su segunda intervenci\u00f3n, Susana D\u00edaz ha detallado los \u00abfrentes\u00bb en los que va a trabajar el Gobierno andaluz para \u00abdar calidad y dignidad al empleo en el sector tur\u00edstico en Andaluc\u00eda\u00bb, empezando por el de la \u00abestabilidad, que es la que da dignidad, la que permite que haya proyectos de vida s\u00f3lidos en el tiempo\u00bb.<\/p>\n<p>En esa l\u00ednea ha enmarcado el Plan General de Turismo Sostenible en Andaluc\u00eda, aprobado por la Junta con un horizonte 2020, en el que ha subrayado que se va a \u00abprimar a empresarios que den dignidad en el trabajo y estabilidad, as\u00ed como que mantengan el empleo en temporadas bajas, donde es mucho m\u00e1s complicado hacerlo\u00bb. As\u00ed, ha apuntado que \u00abse va a fomentar la reducci\u00f3n del tipo del IVA, la bonificaci\u00f3n del IBI o en las cuotas de la Seguridad Social, sobre todo en meses que se consideren de temporada baja\u00bb, seg\u00fan ha abundado.<\/p>\n<p>Adem\u00e1s, ha indicado que los otros dos frentes en los que trabajar\u00e1 la Junta son para combatir la \u00abestacionalidad\u00bb, con un plan de choque que \u00abvan a notar 57 municipios de las cinco provincias costeras de Andaluc\u00eda\u00bb, y donde se va a hacer \u00abun esfuerzo enorme para ayudar a revitalizar fundamentalmente esas zonas donde es clave romper esa influencia de turismo de sol y playa\u00bb, y, en tercer lugar, la \u00abcualificaci\u00f3n\u00bb para los trabajadores, necesaria para \u00abun producto de calidad que sea capaz de competir en un mercado global que permita que el que venga quiera volver a hacerlo\u00bb.<\/p>\n<p>Susana D\u00edaz ha abundado en este asunto despu\u00e9s de que Ma\u00edllo le hubiese trasladado las \u00abtendencias preocupantes\u00bb que en IULV-CA aprecian en el sector tur\u00edstico andaluz actualmente, y entre las que ha citado una \u00abtendencia al oligopolio de las cadenas hoteleras y la proliferaci\u00f3n de franquicias en bares y restaurantes\u00bb, as\u00ed como \u00abla concentraci\u00f3n de capital de transnacionales en el sector\u00bb.<\/p>\n<p>MA\u00cdLLO PIDE \u00abPONER EL FOCO\u00bb EN \u00abLO QUE NO SE DICE\u00bb<\/p>\n<p>En esa l\u00ednea, Ma\u00edllo ha instado a \u00abponer el foco\u00bb en \u00ablo que no se dice\u00bb del sector tur\u00edstico, que \u00aben t\u00e9rminos num\u00e9ricos\u00bb ha tenido un a\u00f1o 2015 \u00abpositivo\u00bb, seg\u00fan ha admitido, haciendo alusi\u00f3n al incremento de ingresos o de empleo, cifras que, no obstante, \u00abocultan una realidad ignorada\u00bb, la de los \u00abtrabajadores que sostienen al sector\u00bb.<\/p>\n<p>As\u00ed, el portavoz de IULV-CA ha incidido en que \u00abno se dice que el empleo que se crea destruye empleo estable y lo convierte en empleo en precario, destruye empleo de calidad y lo sustituye por empleo sin derechos, y destruye empleo a tiempo completo y lo sustituye por empleo a tiempo parcial\u00bb.<\/p>\n<p>Se oculta una \u00abexplotaci\u00f3n pura y dura\u00bb, ha enfatizado Ma\u00edllo, que ha alertado tambi\u00e9n del \u00abfraude permanente de ley\u00bb que se comete cuando \u00abse hacen contratos parciales de dos y cuatro horas que en realidad convierten en jornadas laborales de ocho a diez horas que no se cobran\u00bb.<\/p>\n<p>\u00abAnte esta realidad queremos un Gobierno que no sea neutral\u00bb, ha remachado el coordinador general de IULV-CA, que ha pedido \u00abconcreci\u00f3n\u00bb a Susana D\u00edaz porque \u00abplantea unas tesis que luego no se traducen en realidades concretas que luego transformen la realidad de la gente\u00bb.<\/p>\n<p>Se ha referido adem\u00e1s al caso concreto de las camareras de piso, un \u00absector muy feminizado que sostiene a sus familias\u00bb donde hay \u00abmujeres que malcomen a ratos porque tienen que hacer habitaciones y no les da tiempo\u00bb, y de las que \u00abalgunas no llegan\u00bb ni a cobrar \u00abdos euros por habitaci\u00f3n\u00bb que limpian.<\/p>\n<p>De igual modo, ha criticado la reforma laboral \u00abdel PP y la suya\u00bb, en alusi\u00f3n a la del PSOE, y en esa l\u00ednea ha afeado que el Grupo Socialista en el Congreso, \u00abcuando el grupo Podemos presenta una propuesta para su derogaci\u00f3n se abstiene y la tumba junto al PP\u00bb. \u00abLas palabras no sirven de nada, son palabras\u00bb, ha aseverado Ma\u00edllo, que ha concluido reprochando al PSOE que \u00abhist\u00f3ricamente siempre opta por la derecha en las alianzas pol\u00edticas que hace en los momentos claves de cambio\u00bb, citando sus \u00ababrazos\u00bb a CiU en su momento o a Ciudadanos (C&#8217;s) este a\u00f1o.<\/p>\n<p>REFORMA LABORAL \u00abINFAME\u00bb<\/p>\n<p>La presidenta de la Junta se ha referido a la \u00abinfame\u00bb reforma laboral del Gobierno de Rajoy para culparle de la \u00abprecarizaci\u00f3n\u00bb que se ha producido en el empleo del pa\u00eds, y que ha lamentado que a\u00fan est\u00e9 \u00aben vigor porque no ha sido posible desalojar al Gobierno cruel que la puso en marcha\u00bb.<\/p>\n<p>Ha enfatizado que \u00aburge de manera inmediata llevar a cabo un cambio en este pa\u00eds que derogue esa reforma laboral infame y que devuelva derechos a los trabajadores y dignidad al empleo\u00bb. Por ello, se ha comprometido a \u00ablevantar la voz donde haga falta para que cuanto antes se derogue\u00bb dicha norma.<\/p>\n<p>La presidenta ha recordado que en la anterior legislatura se demandaba al sector tur\u00edstico que los \u00abbuenos datos\u00bb en ese segmento se tradujeran en empleo, pero en el pasado a\u00f1o 2015 \u00abpor primera vez ha aumentado el n\u00famero de ocupados en el sector\u00bb, en un 7,3 por ciento, seg\u00fan ha se\u00f1alado.<\/p>\n<p>En todo caso, ha remarcado que \u00abno es suficiente que se cree empleo\u00bb, ya que \u00e9ste \u00abtiene que ser en condiciones dignas, para que, por ejemplo, no haya hoteles o grandes empresas en Andaluc\u00eda que externalicen a esas camareras de piso que est\u00e1n rozando el l\u00edmite de la explotaci\u00f3n\u00bb, y cuya realidad le produce \u00abun profundo dolor\u00bb, y que \u00abtienen todo el derecho a pedir que se les reconozcan determinadas enfermedades como dificultades profesionales en el desempe\u00f1o de sus tareas\u00bb, ha a\u00f1adido.<\/p>\n<p>Al hilo, ha defendido que \u00abtodos los planes que est\u00e1 poniendo en marcha la Junta van dirigidos fundamentalmente a que se produzca calidad en el empleo\u00bb, porque \u00abpara ofrecer un producto de calidad tiene que haber calidad tambi\u00e9n en el empleo, cualificaci\u00f3n de los profesionales, dignidad en el trabajo y buenas condiciones para desempe\u00f1arlo\u00bb, ha resumido.<\/p>\n<p>Por \u00faltimo, D\u00edaz ha animado a Ma\u00edllo a trasladarle al Gobierno andaluz \u00abuna bater\u00eda de medidas que crea que pueda paliar en estos casos la situaci\u00f3n infame que est\u00e1n atravesando miles de trabajadores en esta tierra y en el conjunto de Espa\u00f1a\u00bb.<\/p>\n","protected":false},"excerpt":{"rendered":"<p>La presidenta de la Junta de Andaluc\u00eda, Susana D\u00edaz, ha se\u00f1alado este jueves que su Gobierno va a \u00abprimar las buenas pr\u00e1cticas en el sector tur\u00edstico en Andaluc\u00eda\u00bb y a \u00abaquellos empresarios que act\u00faen con responsabilidad social y den dignidad en el empleo y reconozcan salarios dignos\u00bb. As\u00ed lo ha se\u00f1alado en respuesta a una<\/p>\n","protected":false},"author":1,"featured_media":76217,"comment_status":"open","ping_status":"closed","sticky":false,"template":"","format":"standard","meta":{"footnotes":""},"categories":[224],"tags":[],"class_list":{"0":"post-76216","1":"post","2":"type-post","3":"status-publish","4":"format-standard","5":"has-post-thumbnail","7":"category-noticias-actualidad"},"aioseo_notices":[],"aioseo_head":"\n\t\t<!-- All in One SEO Pro 4.9.6.1 - aioseo.com -->\n\t<meta name=\"description\" content=\"La presidenta de la Junta de Andaluc\u00eda, Susana D\u00edaz, ha se\u00f1alado este jueves que su Gobierno va a &quot;primar las buenas pr\u00e1cticas en el sector tur\u00edstico en Andaluc\u00eda&quot; y a &quot;aquellos empresarios que act\u00faen con responsabilidad social y den dignidad en el empleo y reconozcan salarios dignos&quot;. As\u00ed lo ha se\u00f1alado en respuesta a una\" \/>\n\t<meta name=\"robots\" content=\"max-image-preview:large\" \/>\n\t<meta name=\"author\" content=\"admin\"\/>\n\t<meta name=\"google-site-verification\" content=\"UA-38556648-1\" \/>\n\t<meta name=\"keywords\" content=\"noticias y actualidad\" \/>\n\t<link rel=\"canonical\" href=\"https:\/\/eldigitaldeasturias.com\/magazine365\/susana-diaz-se-compromete-a-primar-a-los-empresarios-turisticos-que-den-dignidad-y-estabilidad-al-empleo\/\" \/>\n\t<meta name=\"generator\" content=\"All in One SEO Pro (AIOSEO) 4.9.6.1\" \/>\n\t\t<meta property=\"og:locale\" content=\"es_ES\" \/>\n\t\t<meta property=\"og:site_name\" content=\"El Digital de Asturias \u2013 Revista de ocio, turismo y estilo de vida\" \/>\n\t\t<meta property=\"og:type\" content=\"article\" \/>\n\t\t<meta property=\"og:title\" content=\"Susana D\u00edaz se compromete a primar a los empresarios tur\u00edsticos que den dignidad y estabilidad al empleo | El Digital de Asturias\" \/>\n\t\t<meta property=\"og:description\" content=\"La presidenta de la Junta de Andaluc\u00eda, Susana D\u00edaz, ha se\u00f1alado este jueves que su Gobierno va a &quot;primar las buenas pr\u00e1cticas en el sector tur\u00edstico en Andaluc\u00eda&quot; y a &quot;aquellos empresarios que act\u00faen con responsabilidad social y den dignidad en el empleo y reconozcan salarios dignos&quot;. As\u00ed lo ha se\u00f1alado en respuesta a una\" \/>\n\t\t<meta property=\"og:url\" content=\"https:\/\/eldigitaldeasturias.com\/magazine365\/susana-diaz-se-compromete-a-primar-a-los-empresarios-turisticos-que-den-dignidad-y-estabilidad-al-empleo\/\" \/>\n\t\t<meta property=\"og:image\" content=\"https:\/\/eldigitaldeasturias.com\/magazine365\/wp-content\/uploads\/2016\/05\/fotonoticia_20160512131511_800.jpg\" \/>\n\t\t<meta property=\"og:image:secure_url\" content=\"https:\/\/eldigitaldeasturias.com\/magazine365\/wp-content\/uploads\/2016\/05\/fotonoticia_20160512131511_800.jpg\" \/>\n\t\t<meta property=\"og:image:width\" content=\"800\" \/>\n\t\t<meta property=\"og:image:height\" content=\"533\" \/>\n\t\t<meta property=\"article:published_time\" content=\"2016-05-17T00:38:22+00:00\" \/>\n\t\t<meta property=\"article:modified_time\" content=\"2016-05-17T00:38:22+00:00\" \/>\n\t\t<meta name=\"twitter:card\" content=\"summary_large_image\" \/>\n\t\t<meta name=\"twitter:title\" content=\"Susana D\u00edaz se compromete a primar a los empresarios tur\u00edsticos que den dignidad y estabilidad al empleo | El Digital de Asturias\" \/>\n\t\t<meta name=\"twitter:description\" content=\"La presidenta de la Junta de Andaluc\u00eda, Susana D\u00edaz, ha se\u00f1alado este jueves que su Gobierno va a &quot;primar las buenas pr\u00e1cticas en el sector tur\u00edstico en Andaluc\u00eda&quot; y a &quot;aquellos empresarios que act\u00faen con responsabilidad social y den dignidad en el empleo y reconozcan salarios dignos&quot;. As\u00ed lo ha se\u00f1alado en respuesta a una\" \/>\n\t\t<meta name=\"twitter:image\" content=\"https:\/\/eldigitaldeasturias.com\/magazine365\/wp-content\/uploads\/2016\/05\/fotonoticia_20160512131511_800.jpg\" \/>\n\t\t<script type=\"application\/ld+json\" class=\"aioseo-schema\">\n\t\t\t{\"@context\":\"https:\\\/\\\/schema.org\",\"@graph\":[{\"@type\":\"Article\",\"@id\":\"https:\\\/\\\/eldigitaldeasturias.com\\\/magazine365\\\/susana-diaz-se-compromete-a-primar-a-los-empresarios-turisticos-que-den-dignidad-y-estabilidad-al-empleo\\\/#article\",\"name\":\"Susana D\\u00edaz se compromete a primar a los empresarios tur\\u00edsticos que den dignidad y estabilidad al empleo | El Digital de Asturias\",\"headline\":\"Susana D\\u00edaz se compromete a primar a los empresarios tur\\u00edsticos que den dignidad y estabilidad al empleo\",\"author\":{\"@id\":\"https:\\\/\\\/eldigitaldeasturias.com\\\/magazine365\\\/author\\\/admin\\\/#author\"},\"publisher\":{\"@id\":\"https:\\\/\\\/eldigitaldeasturias.com\\\/magazine365\\\/#organization\"},\"image\":{\"@type\":\"ImageObject\",\"url\":\"https:\\\/\\\/eldigitaldeasturias.com\\\/magazine365\\\/wp-content\\\/uploads\\\/2016\\\/05\\\/fotonoticia_20160512131511_800.jpg\",\"width\":800,\"height\":533},\"datePublished\":\"2016-05-17T02:38:22+02:00\",\"dateModified\":\"2016-05-17T02:38:22+02:00\",\"inLanguage\":\"es-ES\",\"mainEntityOfPage\":{\"@id\":\"https:\\\/\\\/eldigitaldeasturias.com\\\/magazine365\\\/susana-diaz-se-compromete-a-primar-a-los-empresarios-turisticos-que-den-dignidad-y-estabilidad-al-empleo\\\/#webpage\"},\"isPartOf\":{\"@id\":\"https:\\\/\\\/eldigitaldeasturias.com\\\/magazine365\\\/susana-diaz-se-compromete-a-primar-a-los-empresarios-turisticos-que-den-dignidad-y-estabilidad-al-empleo\\\/#webpage\"},\"articleSection\":\"Noticias y Actualidad\"},{\"@type\":\"BreadcrumbList\",\"@id\":\"https:\\\/\\\/eldigitaldeasturias.com\\\/magazine365\\\/susana-diaz-se-compromete-a-primar-a-los-empresarios-turisticos-que-den-dignidad-y-estabilidad-al-empleo\\\/#breadcrumblist\",\"itemListElement\":[{\"@type\":\"ListItem\",\"@id\":\"https:\\\/\\\/eldigitaldeasturias.com\\\/magazine365#listItem\",\"position\":1,\"name\":\"Home\",\"item\":\"https:\\\/\\\/eldigitaldeasturias.com\\\/magazine365\",\"nextItem\":{\"@type\":\"ListItem\",\"@id\":\"https:\\\/\\\/eldigitaldeasturias.com\\\/magazine365\\\/category\\\/noticias-actualidad\\\/#listItem\",\"name\":\"Noticias y Actualidad\"}},{\"@type\":\"ListItem\",\"@id\":\"https:\\\/\\\/eldigitaldeasturias.com\\\/magazine365\\\/category\\\/noticias-actualidad\\\/#listItem\",\"position\":2,\"name\":\"Noticias y Actualidad\",\"item\":\"https:\\\/\\\/eldigitaldeasturias.com\\\/magazine365\\\/category\\\/noticias-actualidad\\\/\",\"nextItem\":{\"@type\":\"ListItem\",\"@id\":\"https:\\\/\\\/eldigitaldeasturias.com\\\/magazine365\\\/susana-diaz-se-compromete-a-primar-a-los-empresarios-turisticos-que-den-dignidad-y-estabilidad-al-empleo\\\/#listItem\",\"name\":\"Susana D\\u00edaz se compromete a primar a los empresarios tur\\u00edsticos que den dignidad y estabilidad al empleo\"},\"previousItem\":{\"@type\":\"ListItem\",\"@id\":\"https:\\\/\\\/eldigitaldeasturias.com\\\/magazine365#listItem\",\"name\":\"Home\"}},{\"@type\":\"ListItem\",\"@id\":\"https:\\\/\\\/eldigitaldeasturias.com\\\/magazine365\\\/susana-diaz-se-compromete-a-primar-a-los-empresarios-turisticos-que-den-dignidad-y-estabilidad-al-empleo\\\/#listItem\",\"position\":3,\"name\":\"Susana D\\u00edaz se compromete a primar a los empresarios tur\\u00edsticos que den dignidad y estabilidad al empleo\",\"previousItem\":{\"@type\":\"ListItem\",\"@id\":\"https:\\\/\\\/eldigitaldeasturias.com\\\/magazine365\\\/category\\\/noticias-actualidad\\\/#listItem\",\"name\":\"Noticias y Actualidad\"}}]},{\"@type\":\"Organization\",\"@id\":\"https:\\\/\\\/eldigitaldeasturias.com\\\/magazine365\\\/#organization\",\"name\":\"El digital de Asturias\",\"description\":\"Revista de ocio, turismo y estilo de vida\",\"url\":\"https:\\\/\\\/eldigitaldeasturias.com\\\/magazine365\\\/\",\"logo\":{\"@type\":\"ImageObject\",\"url\":\"https:\\\/\\\/www.eldigitaldeasturias.com\\\/noticias\\\/wp-content\\\/uploads\\\/2020\\\/12\\\/EDA.jpg\",\"@id\":\"https:\\\/\\\/eldigitaldeasturias.com\\\/magazine365\\\/susana-diaz-se-compromete-a-primar-a-los-empresarios-turisticos-que-den-dignidad-y-estabilidad-al-empleo\\\/#organizationLogo\"},\"image\":{\"@id\":\"https:\\\/\\\/eldigitaldeasturias.com\\\/magazine365\\\/susana-diaz-se-compromete-a-primar-a-los-empresarios-turisticos-que-den-dignidad-y-estabilidad-al-empleo\\\/#organizationLogo\"}},{\"@type\":\"Person\",\"@id\":\"https:\\\/\\\/eldigitaldeasturias.com\\\/magazine365\\\/author\\\/admin\\\/#author\",\"url\":\"https:\\\/\\\/eldigitaldeasturias.com\\\/magazine365\\\/author\\\/admin\\\/\",\"name\":\"admin\",\"image\":{\"@type\":\"ImageObject\",\"@id\":\"https:\\\/\\\/eldigitaldeasturias.com\\\/magazine365\\\/susana-diaz-se-compromete-a-primar-a-los-empresarios-turisticos-que-den-dignidad-y-estabilidad-al-empleo\\\/#authorImage\",\"url\":\"https:\\\/\\\/eldigitaldeasturias.com\\\/magazine365\\\/wp-content\\\/litespeed\\\/avatar\\\/e571bcf59a0edd6fa6838245a470f2fe.jpg?ver=1777574230\",\"width\":96,\"height\":96,\"caption\":\"admin\"}},{\"@type\":\"WebPage\",\"@id\":\"https:\\\/\\\/eldigitaldeasturias.com\\\/magazine365\\\/susana-diaz-se-compromete-a-primar-a-los-empresarios-turisticos-que-den-dignidad-y-estabilidad-al-empleo\\\/#webpage\",\"url\":\"https:\\\/\\\/eldigitaldeasturias.com\\\/magazine365\\\/susana-diaz-se-compromete-a-primar-a-los-empresarios-turisticos-que-den-dignidad-y-estabilidad-al-empleo\\\/\",\"name\":\"Susana D\\u00edaz se compromete a primar a los empresarios tur\\u00edsticos que den dignidad y estabilidad al empleo | El Digital de Asturias\",\"description\":\"La presidenta de la Junta de Andaluc\\u00eda, Susana D\\u00edaz, ha se\\u00f1alado este jueves que su Gobierno va a \\\"primar las buenas pr\\u00e1cticas en el sector tur\\u00edstico en Andaluc\\u00eda\\\" y a \\\"aquellos empresarios que act\\u00faen con responsabilidad social y den dignidad en el empleo y reconozcan salarios dignos\\\". As\\u00ed lo ha se\\u00f1alado en respuesta a una\",\"inLanguage\":\"es-ES\",\"isPartOf\":{\"@id\":\"https:\\\/\\\/eldigitaldeasturias.com\\\/magazine365\\\/#website\"},\"breadcrumb\":{\"@id\":\"https:\\\/\\\/eldigitaldeasturias.com\\\/magazine365\\\/susana-diaz-se-compromete-a-primar-a-los-empresarios-turisticos-que-den-dignidad-y-estabilidad-al-empleo\\\/#breadcrumblist\"},\"author\":{\"@id\":\"https:\\\/\\\/eldigitaldeasturias.com\\\/magazine365\\\/author\\\/admin\\\/#author\"},\"creator\":{\"@id\":\"https:\\\/\\\/eldigitaldeasturias.com\\\/magazine365\\\/author\\\/admin\\\/#author\"},\"image\":{\"@type\":\"ImageObject\",\"url\":\"https:\\\/\\\/eldigitaldeasturias.com\\\/magazine365\\\/wp-content\\\/uploads\\\/2016\\\/05\\\/fotonoticia_20160512131511_800.jpg\",\"@id\":\"https:\\\/\\\/eldigitaldeasturias.com\\\/magazine365\\\/susana-diaz-se-compromete-a-primar-a-los-empresarios-turisticos-que-den-dignidad-y-estabilidad-al-empleo\\\/#mainImage\",\"width\":800,\"height\":533},\"primaryImageOfPage\":{\"@id\":\"https:\\\/\\\/eldigitaldeasturias.com\\\/magazine365\\\/susana-diaz-se-compromete-a-primar-a-los-empresarios-turisticos-que-den-dignidad-y-estabilidad-al-empleo\\\/#mainImage\"},\"datePublished\":\"2016-05-17T02:38:22+02:00\",\"dateModified\":\"2016-05-17T02:38:22+02:00\"},{\"@type\":\"WebSite\",\"@id\":\"https:\\\/\\\/eldigitaldeasturias.com\\\/magazine365\\\/#website\",\"url\":\"https:\\\/\\\/eldigitaldeasturias.com\\\/magazine365\\\/\",\"name\":\"El Digital de Asturias\",\"description\":\"Revista de ocio, turismo y estilo de vida\",\"inLanguage\":\"es-ES\",\"publisher\":{\"@id\":\"https:\\\/\\\/eldigitaldeasturias.com\\\/magazine365\\\/#organization\"}}]}\n\t\t<\/script>\n\t\t<!-- All in One SEO Pro -->\r\n\t\t<title>Susana D\u00edaz se compromete a primar a los empresarios tur\u00edsticos que den dignidad y estabilidad al empleo | El Digital de Asturias<\/title>\n\n","aioseo_head_json":{"title":"Susana D\u00edaz se compromete a primar a los empresarios tur\u00edsticos que den dignidad y estabilidad al empleo | El Digital de Asturias","description":"La presidenta de la Junta de Andaluc\u00eda, Susana D\u00edaz, ha se\u00f1alado este jueves que su Gobierno va a \"primar las buenas pr\u00e1cticas en el sector tur\u00edstico en Andaluc\u00eda\" y a \"aquellos empresarios que act\u00faen con responsabilidad social y den dignidad en el empleo y reconozcan salarios dignos\". As\u00ed lo ha se\u00f1alado en respuesta a una","canonical_url":"https:\/\/eldigitaldeasturias.com\/magazine365\/susana-diaz-se-compromete-a-primar-a-los-empresarios-turisticos-que-den-dignidad-y-estabilidad-al-empleo\/","robots":"max-image-preview:large","keywords":"noticias y actualidad","webmasterTools":{"google-site-verification":"UA-38556648-1","miscellaneous":""},"schema":{"@context":"https:\/\/schema.org","@graph":[{"@type":"Article","@id":"https:\/\/eldigitaldeasturias.com\/magazine365\/susana-diaz-se-compromete-a-primar-a-los-empresarios-turisticos-que-den-dignidad-y-estabilidad-al-empleo\/#article","name":"Susana D\u00edaz se compromete a primar a los empresarios tur\u00edsticos que den dignidad y estabilidad al empleo | El Digital de Asturias","headline":"Susana D\u00edaz se compromete a primar a los empresarios tur\u00edsticos que den dignidad y estabilidad al empleo","author":{"@id":"https:\/\/eldigitaldeasturias.com\/magazine365\/author\/admin\/#author"},"publisher":{"@id":"https:\/\/eldigitaldeasturias.com\/magazine365\/#organization"},"image":{"@type":"ImageObject","url":"https:\/\/eldigitaldeasturias.com\/magazine365\/wp-content\/uploads\/2016\/05\/fotonoticia_20160512131511_800.jpg","width":800,"height":533},"datePublished":"2016-05-17T02:38:22+02:00","dateModified":"2016-05-17T02:38:22+02:00","inLanguage":"es-ES","mainEntityOfPage":{"@id":"https:\/\/eldigitaldeasturias.com\/magazine365\/susana-diaz-se-compromete-a-primar-a-los-empresarios-turisticos-que-den-dignidad-y-estabilidad-al-empleo\/#webpage"},"isPartOf":{"@id":"https:\/\/eldigitaldeasturias.com\/magazine365\/susana-diaz-se-compromete-a-primar-a-los-empresarios-turisticos-que-den-dignidad-y-estabilidad-al-empleo\/#webpage"},"articleSection":"Noticias y Actualidad"},{"@type":"BreadcrumbList","@id":"https:\/\/eldigitaldeasturias.com\/magazine365\/susana-diaz-se-compromete-a-primar-a-los-empresarios-turisticos-que-den-dignidad-y-estabilidad-al-empleo\/#breadcrumblist","itemListElement":[{"@type":"ListItem","@id":"https:\/\/eldigitaldeasturias.com\/magazine365#listItem","position":1,"name":"Home","item":"https:\/\/eldigitaldeasturias.com\/magazine365","nextItem":{"@type":"ListItem","@id":"https:\/\/eldigitaldeasturias.com\/magazine365\/category\/noticias-actualidad\/#listItem","name":"Noticias y Actualidad"}},{"@type":"ListItem","@id":"https:\/\/eldigitaldeasturias.com\/magazine365\/category\/noticias-actualidad\/#listItem","position":2,"name":"Noticias y Actualidad","item":"https:\/\/eldigitaldeasturias.com\/magazine365\/category\/noticias-actualidad\/","nextItem":{"@type":"ListItem","@id":"https:\/\/eldigitaldeasturias.com\/magazine365\/susana-diaz-se-compromete-a-primar-a-los-empresarios-turisticos-que-den-dignidad-y-estabilidad-al-empleo\/#listItem","name":"Susana D\u00edaz se compromete a primar a los empresarios tur\u00edsticos que den dignidad y estabilidad al empleo"},"previousItem":{"@type":"ListItem","@id":"https:\/\/eldigitaldeasturias.com\/magazine365#listItem","name":"Home"}},{"@type":"ListItem","@id":"https:\/\/eldigitaldeasturias.com\/magazine365\/susana-diaz-se-compromete-a-primar-a-los-empresarios-turisticos-que-den-dignidad-y-estabilidad-al-empleo\/#listItem","position":3,"name":"Susana D\u00edaz se compromete a primar a los empresarios tur\u00edsticos que den dignidad y estabilidad al empleo","previousItem":{"@type":"ListItem","@id":"https:\/\/eldigitaldeasturias.com\/magazine365\/category\/noticias-actualidad\/#listItem","name":"Noticias y Actualidad"}}]},{"@type":"Organization","@id":"https:\/\/eldigitaldeasturias.com\/magazine365\/#organization","name":"El digital de Asturias","description":"Revista de ocio, turismo y estilo de vida","url":"https:\/\/eldigitaldeasturias.com\/magazine365\/","logo":{"@type":"ImageObject","url":"https:\/\/www.eldigitaldeasturias.com\/noticias\/wp-content\/uploads\/2020\/12\/EDA.jpg","@id":"https:\/\/eldigitaldeasturias.com\/magazine365\/susana-diaz-se-compromete-a-primar-a-los-empresarios-turisticos-que-den-dignidad-y-estabilidad-al-empleo\/#organizationLogo"},"image":{"@id":"https:\/\/eldigitaldeasturias.com\/magazine365\/susana-diaz-se-compromete-a-primar-a-los-empresarios-turisticos-que-den-dignidad-y-estabilidad-al-empleo\/#organizationLogo"}},{"@type":"Person","@id":"https:\/\/eldigitaldeasturias.com\/magazine365\/author\/admin\/#author","url":"https:\/\/eldigitaldeasturias.com\/magazine365\/author\/admin\/","name":"admin","image":{"@type":"ImageObject","@id":"https:\/\/eldigitaldeasturias.com\/magazine365\/susana-diaz-se-compromete-a-primar-a-los-empresarios-turisticos-que-den-dignidad-y-estabilidad-al-empleo\/#authorImage","url":"https:\/\/eldigitaldeasturias.com\/magazine365\/wp-content\/litespeed\/avatar\/e571bcf59a0edd6fa6838245a470f2fe.jpg?ver=1777574230","width":96,"height":96,"caption":"admin"}},{"@type":"WebPage","@id":"https:\/\/eldigitaldeasturias.com\/magazine365\/susana-diaz-se-compromete-a-primar-a-los-empresarios-turisticos-que-den-dignidad-y-estabilidad-al-empleo\/#webpage","url":"https:\/\/eldigitaldeasturias.com\/magazine365\/susana-diaz-se-compromete-a-primar-a-los-empresarios-turisticos-que-den-dignidad-y-estabilidad-al-empleo\/","name":"Susana D\u00edaz se compromete a primar a los empresarios tur\u00edsticos que den dignidad y estabilidad al empleo | El Digital de Asturias","description":"La presidenta de la Junta de Andaluc\u00eda, Susana D\u00edaz, ha se\u00f1alado este jueves que su Gobierno va a \"primar las buenas pr\u00e1cticas en el sector tur\u00edstico en Andaluc\u00eda\" y a \"aquellos empresarios que act\u00faen con responsabilidad social y den dignidad en el empleo y reconozcan salarios dignos\". As\u00ed lo ha se\u00f1alado en respuesta a una","inLanguage":"es-ES","isPartOf":{"@id":"https:\/\/eldigitaldeasturias.com\/magazine365\/#website"},"breadcrumb":{"@id":"https:\/\/eldigitaldeasturias.com\/magazine365\/susana-diaz-se-compromete-a-primar-a-los-empresarios-turisticos-que-den-dignidad-y-estabilidad-al-empleo\/#breadcrumblist"},"author":{"@id":"https:\/\/eldigitaldeasturias.com\/magazine365\/author\/admin\/#author"},"creator":{"@id":"https:\/\/eldigitaldeasturias.com\/magazine365\/author\/admin\/#author"},"image":{"@type":"ImageObject","url":"https:\/\/eldigitaldeasturias.com\/magazine365\/wp-content\/uploads\/2016\/05\/fotonoticia_20160512131511_800.jpg","@id":"https:\/\/eldigitaldeasturias.com\/magazine365\/susana-diaz-se-compromete-a-primar-a-los-empresarios-turisticos-que-den-dignidad-y-estabilidad-al-empleo\/#mainImage","width":800,"height":533},"primaryImageOfPage":{"@id":"https:\/\/eldigitaldeasturias.com\/magazine365\/susana-diaz-se-compromete-a-primar-a-los-empresarios-turisticos-que-den-dignidad-y-estabilidad-al-empleo\/#mainImage"},"datePublished":"2016-05-17T02:38:22+02:00","dateModified":"2016-05-17T02:38:22+02:00"},{"@type":"WebSite","@id":"https:\/\/eldigitaldeasturias.com\/magazine365\/#website","url":"https:\/\/eldigitaldeasturias.com\/magazine365\/","name":"El Digital de Asturias","description":"Revista de ocio, turismo y estilo de vida","inLanguage":"es-ES","publisher":{"@id":"https:\/\/eldigitaldeasturias.com\/magazine365\/#organization"}}]},"og:locale":"es_ES","og:site_name":"El Digital de Asturias \u2013 Revista de ocio, turismo y estilo de vida","og:type":"article","og:title":"Susana D\u00edaz se compromete a primar a los empresarios tur\u00edsticos que den dignidad y estabilidad al empleo | El Digital de Asturias","og:description":"La presidenta de la Junta de Andaluc\u00eda, Susana D\u00edaz, ha se\u00f1alado este jueves que su Gobierno va a &quot;primar las buenas pr\u00e1cticas en el sector tur\u00edstico en Andaluc\u00eda&quot; y a &quot;aquellos empresarios que act\u00faen con responsabilidad social y den dignidad en el empleo y reconozcan salarios dignos&quot;. As\u00ed lo ha se\u00f1alado en respuesta a una","og:url":"https:\/\/eldigitaldeasturias.com\/magazine365\/susana-diaz-se-compromete-a-primar-a-los-empresarios-turisticos-que-den-dignidad-y-estabilidad-al-empleo\/","og:image":"https:\/\/eldigitaldeasturias.com\/magazine365\/wp-content\/uploads\/2016\/05\/fotonoticia_20160512131511_800.jpg","og:image:secure_url":"https:\/\/eldigitaldeasturias.com\/magazine365\/wp-content\/uploads\/2016\/05\/fotonoticia_20160512131511_800.jpg","og:image:width":800,"og:image:height":533,"article:published_time":"2016-05-17T00:38:22+00:00","article:modified_time":"2016-05-17T00:38:22+00:00","twitter:card":"summary_large_image","twitter:title":"Susana D\u00edaz se compromete a primar a los empresarios tur\u00edsticos que den dignidad y estabilidad al empleo | El Digital de Asturias","twitter:description":"La presidenta de la Junta de Andaluc\u00eda, Susana D\u00edaz, ha se\u00f1alado este jueves que su Gobierno va a &quot;primar las buenas pr\u00e1cticas en el sector tur\u00edstico en Andaluc\u00eda&quot; y a &quot;aquellos empresarios que act\u00faen con responsabilidad social y den dignidad en el empleo y reconozcan salarios dignos&quot;. As\u00ed lo ha se\u00f1alado en respuesta a una","twitter:image":"https:\/\/eldigitaldeasturias.com\/magazine365\/wp-content\/uploads\/2016\/05\/fotonoticia_20160512131511_800.jpg"},"aioseo_meta_data":{"post_id":"76216","title":null,"description":null,"keywords":null,"keyphrases":null,"primary_term":null,"canonical_url":null,"og_title":null,"og_description":null,"og_object_type":"default","og_image_type":"default","og_image_url":null,"og_image_width":null,"og_image_height":null,"og_image_custom_url":null,"og_image_custom_fields":null,"og_video":null,"og_custom_url":null,"og_article_section":null,"og_article_tags":null,"twitter_use_og":false,"twitter_card":"default","twitter_image_type":"default","twitter_image_url":null,"twitter_image_custom_url":null,"twitter_image_custom_fields":null,"twitter_title":null,"twitter_description":null,"schema":{"blockGraphs":[],"customGraphs":[],"default":{"data":{"Article":[],"Course":[],"Dataset":[],"FAQPage":[],"Movie":[],"Person":[],"Product":[],"ProductReview":[],"Car":[],"Recipe":[],"Service":[],"SoftwareApplication":[],"WebPage":[]},"graphName":"","isEnabled":true},"graphs":[],"defaultGraph":"","defaultPostTypeGraph":""},"schema_type":null,"schema_type_options":null,"pillar_content":false,"robots_default":true,"robots_noindex":false,"robots_noarchive":false,"robots_nosnippet":false,"robots_nofollow":false,"robots_noimageindex":false,"robots_noodp":false,"robots_notranslate":false,"robots_max_snippet":null,"robots_max_videopreview":null,"robots_max_imagepreview":"large","priority":null,"frequency":null,"location":null,"local_seo":null,"seo_analyzer_scan_date":"2025-09-27 12:08:02","breadcrumb_settings":null,"limit_modified_date":false,"open_ai":null,"ai":null,"created":"2021-03-08 18:31:04","updated":"2025-09-27 12:08:02"},"aioseo_breadcrumb":"<div class=\"aioseo-breadcrumbs\"><span class=\"aioseo-breadcrumb\">\n\t<a href=\"https:\/\/eldigitaldeasturias.com\/magazine365\" title=\"Home\">Home<\/a>\n<\/span><span class=\"aioseo-breadcrumb-separator\">\u2013<\/span><span class=\"aioseo-breadcrumb\">\n\t<a href=\"https:\/\/eldigitaldeasturias.com\/magazine365\/category\/noticias-actualidad\/\" title=\"Noticias y Actualidad\">Noticias y Actualidad<\/a>\n<\/span><span class=\"aioseo-breadcrumb-separator\">\u2013<\/span><span class=\"aioseo-breadcrumb\">\n\t<a href=\"https:\/\/eldigitaldeasturias.com\/magazine365\/susana-diaz-se-compromete-a-primar-a-los-empresarios-turisticos-que-den-dignidad-y-estabilidad-al-empleo\/\" title=\"Susana D\u00edaz se compromete a primar a los empresarios tur\u00edsticos que den dignidad y estabilidad al empleo\">Susana D\u00edaz se compromete a primar a los empresarios tur\u00edsticos que den dignidad y estabilidad al empleo<\/a>\n<\/span><\/div>","aioseo_breadcrumb_json":[{"label":"Home","link":"https:\/\/eldigitaldeasturias.com\/magazine365"},{"label":"Noticias y Actualidad","link":"https:\/\/eldigitaldeasturias.com\/magazine365\/category\/noticias-actualidad\/"},{"label":"Susana D\u00edaz se compromete a primar a los empresarios tur\u00edsticos que den dignidad y estabilidad al empleo","link":"https:\/\/eldigitaldeasturias.com\/magazine365\/susana-diaz-se-compromete-a-primar-a-los-empresarios-turisticos-que-den-dignidad-y-estabilidad-al-empleo\/"}],"_links":{"self":[{"href":"https:\/\/eldigitaldeasturias.com\/magazine365\/wp-json\/wp\/v2\/posts\/76216","targetHints":{"allow":["GET"]}}],"collection":[{"href":"https:\/\/eldigitaldeasturias.com\/magazine365\/wp-json\/wp\/v2\/posts"}],"about":[{"href":"https:\/\/eldigitaldeasturias.com\/magazine365\/wp-json\/wp\/v2\/types\/post"}],"author":[{"embeddable":true,"href":"https:\/\/eldigitaldeasturias.com\/magazine365\/wp-json\/wp\/v2\/users\/1"}],"replies":[{"embeddable":true,"href":"https:\/\/eldigitaldeasturias.com\/magazine365\/wp-json\/wp\/v2\/comments?post=76216"}],"version-history":[{"count":0,"href":"https:\/\/eldigitaldeasturias.com\/magazine365\/wp-json\/wp\/v2\/posts\/76216\/revisions"}],"wp:featuredmedia":[{"embeddable":true,"href":"https:\/\/eldigitaldeasturias.com\/magazine365\/wp-json\/wp\/v2\/media\/76217"}],"wp:attachment":[{"href":"https:\/\/eldigitaldeasturias.com\/magazine365\/wp-json\/wp\/v2\/media?parent=76216"}],"wp:term":[{"taxonomy":"category","embeddable":true,"href":"https:\/\/eldigitaldeasturias.com\/magazine365\/wp-json\/wp\/v2\/categories?post=76216"},{"taxonomy":"post_tag","embeddable":true,"href":"https:\/\/eldigitaldeasturias.com\/magazine365\/wp-json\/wp\/v2\/tags?post=76216"}],"curies":[{"name":"wp","href":"https:\/\/api.w.org\/{rel}","templated":true}]}}