{"id":76213,"date":"2016-05-17T02:37:23","date_gmt":"2016-05-17T00:37:23","guid":{"rendered":"http:\/\/eldigitaldeasturias.com\/magazine365\/?p=76213"},"modified":"2016-05-17T02:37:23","modified_gmt":"2016-05-17T00:37:23","slug":"experto-en-aviacion-ve-futuro-en-el-sector-andaluz","status":"publish","type":"post","link":"https:\/\/eldigitaldeasturias.com\/magazine365\/experto-en-aviacion-ve-futuro-en-el-sector-andaluz\/","title":{"rendered":"Experto en aviaci\u00f3n ve futuro en el sector andaluz"},"content":{"rendered":"<p><img fetchpriority=\"high\" decoding=\"async\" class=\"alignleft size-medium wp-image-76214\" src=\"https:\/\/eldigitaldeasturias.com\/magazine365\/wp-content\/uploads\/2016\/05\/fotonoticia_20160512131324_800-360x270.jpg\" alt=\"fotonoticia_20160512131324_800\" width=\"360\" height=\"270\" srcset=\"https:\/\/eldigitaldeasturias.com\/magazine365\/wp-content\/uploads\/2016\/05\/fotonoticia_20160512131324_800-360x270.jpg 360w, https:\/\/eldigitaldeasturias.com\/magazine365\/wp-content\/uploads\/2016\/05\/fotonoticia_20160512131324_800-650x488.jpg 650w, https:\/\/eldigitaldeasturias.com\/magazine365\/wp-content\/uploads\/2016\/05\/fotonoticia_20160512131324_800-768x576.jpg 768w, https:\/\/eldigitaldeasturias.com\/magazine365\/wp-content\/uploads\/2016\/05\/fotonoticia_20160512131324_800-150x113.jpg 150w, https:\/\/eldigitaldeasturias.com\/magazine365\/wp-content\/uploads\/2016\/05\/fotonoticia_20160512131324_800-450x338.jpg 450w, https:\/\/eldigitaldeasturias.com\/magazine365\/wp-content\/uploads\/2016\/05\/fotonoticia_20160512131324_800-90x67.jpg 90w, https:\/\/eldigitaldeasturias.com\/magazine365\/wp-content\/uploads\/2016\/05\/fotonoticia_20160512131324_800-164x124.jpg 164w, https:\/\/eldigitaldeasturias.com\/magazine365\/wp-content\/uploads\/2016\/05\/fotonoticia_20160512131324_800-100x75.jpg 100w, https:\/\/eldigitaldeasturias.com\/magazine365\/wp-content\/uploads\/2016\/05\/fotonoticia_20160512131324_800.jpg 800w\" sizes=\"(max-width: 360px) 100vw, 360px\" \/>El escritor e ilustrador aeron\u00e1utico Juan Antonio Guerrero ha instado este jueves a \u00abdejar de ser chapistas\u00bb y a\u00f1adir valor a\u00f1adido a las aeronaves en Andaluc\u00eda, tierra con \u00abm\u00e1s de un siglo de experiencia en el sector\u00bb.<\/p>\n<p>As\u00ed lo ha se\u00f1alado en la presentaci\u00f3n del libro &#8216;Alas de Andaluc\u00eda&#8217;, donde comparte autor\u00eda con el rector de la Universidad Internacional de Andaluc\u00eda (UNIA), Eugenio Dom\u00ednguez. La presentaci\u00f3n se ha celebrado en Aerospace &amp; Defense Meetings ADM Sevilla 2016 y el libro ha sido editado por la UNIA.<\/p>\n<p>As\u00ed, Guerrero ha apuntado que, aunque ve con \u00aboptimismo\u00bb el futuro en el sector, Andaluc\u00eda \u00abno puede dormirse en los laureles\u00bb, sino que se debe seguir invirtiendo, con el apoyo de las administraciones p\u00fablicas.<\/p>\n<p>De igual manera, ha llamado la atenci\u00f3n sobre la importancia de la educaci\u00f3n y la formaci\u00f3n para que el sector siga creciendo. \u00abEsto es algo que se ha cuidado\u00bb, ha subrayado.<\/p>\n<p>Seg\u00fan ha detallado, en Andaluc\u00eda se cuenta con las tres l\u00edneas de montaje de los tres proyectos aeron\u00e1uticos \u00abm\u00e1s importantes\u00bb, lo que genera \u00abtrabajo para un mont\u00f3n de a\u00f1os\u00bb, al mismo tiempo que supone \u00abun acicate para seguir trabajando\u00bb.<\/p>\n<p>\u00abSe est\u00e1n dando pasos interesantes y hay futuro\u00bb, ha expresado el autor, quien ha se\u00f1alado la importante labor de documentaci\u00f3n llevada a cabo para este libro, que cuenta con una serie de ilustraciones y fotograf\u00eda muy cuidada.<\/p>\n<p>UNIA<\/p>\n<p>Por su parte, la asesora al rector de la UNIA, Victoria Gil, ha insistido en que el futuro del sector pasa por la formaci\u00f3n y ha precisado la labor que la UNIA realiza en este \u00e1mbito, con un m\u00e1ster propio, diferentes foros y un Congreso Internacional de Derecho A\u00e9reo.<\/p>\n<p>Tras agradecer \u00abla oportunidad\u00bb de traer este libro a ADM, evento de referencia en el sector aeron\u00e1utico, Gil ha se\u00f1alado que el libro es gratuito y se facilita a todos los interesados.<\/p>\n<p>\u00abEl libro merece la pena por su cuesti\u00f3n t\u00e9cnica. Se trata de un trabajo meticuloso que homenajea a las personas y la industria andaluza de m\u00e1s de cien a\u00f1os\u00bb, ha indicado.<\/p>\n<p>&#8216;Alas de Andaluc\u00eda&#8217; realiza un recorrido desde que Andaluc\u00eda \u00abech\u00f3 a volar\u00bb en La Ruzafa cordobesa, casi 600 a\u00f1os antes de que Leonardo Da Vinci so\u00f1ara con ello, y se recogen las decenas de aeronaves proyectadas y fabricadas por andaluces desde 1915.<\/p>\n<p>La publicaci\u00f3n tambi\u00e9n recuerda a algunos de los talentos de la historia de la tecnolog\u00eda aeron\u00e1utica que nacieron en Andaluc\u00eda y desarrollaron en esta regi\u00f3n su creatividad.<\/p>\n<p>El libro est\u00e1 dedicado a las aeronaves concebidas por los ingenieros y t\u00e9cnicos andaluces, y a las f\u00e1bricadas en C\u00e1diz y Sevilla, hoy centros del consolidado sector aeroespacial. De esta forma, se presentan en esta obra ?as de treinta tipos de aviones, concebidos por andaluces y producidos en Andaluc\u00eda.<\/p>\n<p>&nbsp;<\/p>\n","protected":false},"excerpt":{"rendered":"<p>El escritor e ilustrador aeron\u00e1utico Juan Antonio Guerrero ha instado este jueves a \u00abdejar de ser chapistas\u00bb y a\u00f1adir valor a\u00f1adido a las aeronaves en Andaluc\u00eda, tierra con \u00abm\u00e1s de un siglo de experiencia en el sector\u00bb. As\u00ed lo ha se\u00f1alado en la presentaci\u00f3n del libro &#8216;Alas de Andaluc\u00eda&#8217;, donde comparte autor\u00eda con el rector<\/p>\n","protected":false},"author":1,"featured_media":76214,"comment_status":"open","ping_status":"closed","sticky":false,"template":"","format":"standard","meta":{"footnotes":""},"categories":[224],"tags":[],"class_list":{"0":"post-76213","1":"post","2":"type-post","3":"status-publish","4":"format-standard","5":"has-post-thumbnail","7":"category-noticias-actualidad"},"aioseo_notices":[],"aioseo_head":"\n\t\t<!-- All in One SEO Pro 4.9.6.1 - aioseo.com -->\n\t<meta name=\"description\" content=\"El escritor e ilustrador aeron\u00e1utico Juan Antonio Guerrero ha instado este jueves a &quot;dejar de ser chapistas&quot; y a\u00f1adir valor a\u00f1adido a las aeronaves en Andaluc\u00eda, tierra con &quot;m\u00e1s de un siglo de experiencia en el sector&quot;. As\u00ed lo ha se\u00f1alado en la presentaci\u00f3n del libro &#039;Alas de Andaluc\u00eda&#039;, donde comparte autor\u00eda con el rector\" \/>\n\t<meta name=\"robots\" content=\"max-image-preview:large\" \/>\n\t<meta name=\"author\" content=\"admin\"\/>\n\t<meta name=\"google-site-verification\" content=\"UA-38556648-1\" \/>\n\t<meta name=\"keywords\" content=\"noticias y actualidad\" \/>\n\t<link rel=\"canonical\" href=\"https:\/\/eldigitaldeasturias.com\/magazine365\/experto-en-aviacion-ve-futuro-en-el-sector-andaluz\/\" \/>\n\t<meta name=\"generator\" content=\"All in One SEO Pro (AIOSEO) 4.9.6.1\" \/>\n\t\t<meta property=\"og:locale\" content=\"es_ES\" \/>\n\t\t<meta property=\"og:site_name\" content=\"El Digital de Asturias \u2013 Revista de ocio, turismo y estilo de vida\" \/>\n\t\t<meta property=\"og:type\" content=\"article\" \/>\n\t\t<meta property=\"og:title\" content=\"Experto en aviaci\u00f3n ve futuro en el sector andaluz | El Digital de Asturias\" \/>\n\t\t<meta property=\"og:description\" content=\"El escritor e ilustrador aeron\u00e1utico Juan Antonio Guerrero ha instado este jueves a &quot;dejar de ser chapistas&quot; y a\u00f1adir valor a\u00f1adido a las aeronaves en Andaluc\u00eda, tierra con &quot;m\u00e1s de un siglo de experiencia en el sector&quot;. As\u00ed lo ha se\u00f1alado en la presentaci\u00f3n del libro &#039;Alas de Andaluc\u00eda&#039;, donde comparte autor\u00eda con el rector\" \/>\n\t\t<meta property=\"og:url\" content=\"https:\/\/eldigitaldeasturias.com\/magazine365\/experto-en-aviacion-ve-futuro-en-el-sector-andaluz\/\" \/>\n\t\t<meta property=\"og:image\" content=\"https:\/\/eldigitaldeasturias.com\/magazine365\/wp-content\/uploads\/2016\/05\/fotonoticia_20160512131324_800.jpg\" \/>\n\t\t<meta property=\"og:image:secure_url\" content=\"https:\/\/eldigitaldeasturias.com\/magazine365\/wp-content\/uploads\/2016\/05\/fotonoticia_20160512131324_800.jpg\" \/>\n\t\t<meta property=\"og:image:width\" content=\"800\" \/>\n\t\t<meta property=\"og:image:height\" content=\"600\" \/>\n\t\t<meta property=\"article:published_time\" content=\"2016-05-17T00:37:23+00:00\" \/>\n\t\t<meta property=\"article:modified_time\" content=\"2016-05-17T00:37:23+00:00\" \/>\n\t\t<meta name=\"twitter:card\" content=\"summary_large_image\" \/>\n\t\t<meta name=\"twitter:title\" content=\"Experto en aviaci\u00f3n ve futuro en el sector andaluz | El Digital de Asturias\" \/>\n\t\t<meta name=\"twitter:description\" content=\"El escritor e ilustrador aeron\u00e1utico Juan Antonio Guerrero ha instado este jueves a &quot;dejar de ser chapistas&quot; y a\u00f1adir valor a\u00f1adido a las aeronaves en Andaluc\u00eda, tierra con &quot;m\u00e1s de un siglo de experiencia en el sector&quot;. As\u00ed lo ha se\u00f1alado en la presentaci\u00f3n del libro &#039;Alas de Andaluc\u00eda&#039;, donde comparte autor\u00eda con el rector\" \/>\n\t\t<meta name=\"twitter:image\" content=\"https:\/\/eldigitaldeasturias.com\/magazine365\/wp-content\/uploads\/2016\/05\/fotonoticia_20160512131324_800.jpg\" \/>\n\t\t<script type=\"application\/ld+json\" class=\"aioseo-schema\">\n\t\t\t{\"@context\":\"https:\\\/\\\/schema.org\",\"@graph\":[{\"@type\":\"Article\",\"@id\":\"https:\\\/\\\/eldigitaldeasturias.com\\\/magazine365\\\/experto-en-aviacion-ve-futuro-en-el-sector-andaluz\\\/#article\",\"name\":\"Experto en aviaci\\u00f3n ve futuro en el sector andaluz | El Digital de Asturias\",\"headline\":\"Experto en aviaci\\u00f3n ve futuro en el sector andaluz\",\"author\":{\"@id\":\"https:\\\/\\\/eldigitaldeasturias.com\\\/magazine365\\\/author\\\/admin\\\/#author\"},\"publisher\":{\"@id\":\"https:\\\/\\\/eldigitaldeasturias.com\\\/magazine365\\\/#organization\"},\"image\":{\"@type\":\"ImageObject\",\"url\":\"https:\\\/\\\/eldigitaldeasturias.com\\\/magazine365\\\/wp-content\\\/uploads\\\/2016\\\/05\\\/fotonoticia_20160512131324_800.jpg\",\"width\":800,\"height\":600},\"datePublished\":\"2016-05-17T02:37:23+02:00\",\"dateModified\":\"2016-05-17T02:37:23+02:00\",\"inLanguage\":\"es-ES\",\"mainEntityOfPage\":{\"@id\":\"https:\\\/\\\/eldigitaldeasturias.com\\\/magazine365\\\/experto-en-aviacion-ve-futuro-en-el-sector-andaluz\\\/#webpage\"},\"isPartOf\":{\"@id\":\"https:\\\/\\\/eldigitaldeasturias.com\\\/magazine365\\\/experto-en-aviacion-ve-futuro-en-el-sector-andaluz\\\/#webpage\"},\"articleSection\":\"Noticias y Actualidad\"},{\"@type\":\"BreadcrumbList\",\"@id\":\"https:\\\/\\\/eldigitaldeasturias.com\\\/magazine365\\\/experto-en-aviacion-ve-futuro-en-el-sector-andaluz\\\/#breadcrumblist\",\"itemListElement\":[{\"@type\":\"ListItem\",\"@id\":\"https:\\\/\\\/eldigitaldeasturias.com\\\/magazine365#listItem\",\"position\":1,\"name\":\"Home\",\"item\":\"https:\\\/\\\/eldigitaldeasturias.com\\\/magazine365\",\"nextItem\":{\"@type\":\"ListItem\",\"@id\":\"https:\\\/\\\/eldigitaldeasturias.com\\\/magazine365\\\/category\\\/noticias-actualidad\\\/#listItem\",\"name\":\"Noticias y Actualidad\"}},{\"@type\":\"ListItem\",\"@id\":\"https:\\\/\\\/eldigitaldeasturias.com\\\/magazine365\\\/category\\\/noticias-actualidad\\\/#listItem\",\"position\":2,\"name\":\"Noticias y Actualidad\",\"item\":\"https:\\\/\\\/eldigitaldeasturias.com\\\/magazine365\\\/category\\\/noticias-actualidad\\\/\",\"nextItem\":{\"@type\":\"ListItem\",\"@id\":\"https:\\\/\\\/eldigitaldeasturias.com\\\/magazine365\\\/experto-en-aviacion-ve-futuro-en-el-sector-andaluz\\\/#listItem\",\"name\":\"Experto en aviaci\\u00f3n ve futuro en el sector andaluz\"},\"previousItem\":{\"@type\":\"ListItem\",\"@id\":\"https:\\\/\\\/eldigitaldeasturias.com\\\/magazine365#listItem\",\"name\":\"Home\"}},{\"@type\":\"ListItem\",\"@id\":\"https:\\\/\\\/eldigitaldeasturias.com\\\/magazine365\\\/experto-en-aviacion-ve-futuro-en-el-sector-andaluz\\\/#listItem\",\"position\":3,\"name\":\"Experto en aviaci\\u00f3n ve futuro en el sector andaluz\",\"previousItem\":{\"@type\":\"ListItem\",\"@id\":\"https:\\\/\\\/eldigitaldeasturias.com\\\/magazine365\\\/category\\\/noticias-actualidad\\\/#listItem\",\"name\":\"Noticias y Actualidad\"}}]},{\"@type\":\"Organization\",\"@id\":\"https:\\\/\\\/eldigitaldeasturias.com\\\/magazine365\\\/#organization\",\"name\":\"El digital de Asturias\",\"description\":\"Revista de ocio, turismo y estilo de vida\",\"url\":\"https:\\\/\\\/eldigitaldeasturias.com\\\/magazine365\\\/\",\"logo\":{\"@type\":\"ImageObject\",\"url\":\"https:\\\/\\\/www.eldigitaldeasturias.com\\\/noticias\\\/wp-content\\\/uploads\\\/2020\\\/12\\\/EDA.jpg\",\"@id\":\"https:\\\/\\\/eldigitaldeasturias.com\\\/magazine365\\\/experto-en-aviacion-ve-futuro-en-el-sector-andaluz\\\/#organizationLogo\"},\"image\":{\"@id\":\"https:\\\/\\\/eldigitaldeasturias.com\\\/magazine365\\\/experto-en-aviacion-ve-futuro-en-el-sector-andaluz\\\/#organizationLogo\"}},{\"@type\":\"Person\",\"@id\":\"https:\\\/\\\/eldigitaldeasturias.com\\\/magazine365\\\/author\\\/admin\\\/#author\",\"url\":\"https:\\\/\\\/eldigitaldeasturias.com\\\/magazine365\\\/author\\\/admin\\\/\",\"name\":\"admin\",\"image\":{\"@type\":\"ImageObject\",\"@id\":\"https:\\\/\\\/eldigitaldeasturias.com\\\/magazine365\\\/experto-en-aviacion-ve-futuro-en-el-sector-andaluz\\\/#authorImage\",\"url\":\"https:\\\/\\\/eldigitaldeasturias.com\\\/magazine365\\\/wp-content\\\/litespeed\\\/avatar\\\/e571bcf59a0edd6fa6838245a470f2fe.jpg?ver=1777574230\",\"width\":96,\"height\":96,\"caption\":\"admin\"}},{\"@type\":\"WebPage\",\"@id\":\"https:\\\/\\\/eldigitaldeasturias.com\\\/magazine365\\\/experto-en-aviacion-ve-futuro-en-el-sector-andaluz\\\/#webpage\",\"url\":\"https:\\\/\\\/eldigitaldeasturias.com\\\/magazine365\\\/experto-en-aviacion-ve-futuro-en-el-sector-andaluz\\\/\",\"name\":\"Experto en aviaci\\u00f3n ve futuro en el sector andaluz | El Digital de Asturias\",\"description\":\"El escritor e ilustrador aeron\\u00e1utico Juan Antonio Guerrero ha instado este jueves a \\\"dejar de ser chapistas\\\" y a\\u00f1adir valor a\\u00f1adido a las aeronaves en Andaluc\\u00eda, tierra con \\\"m\\u00e1s de un siglo de experiencia en el sector\\\". As\\u00ed lo ha se\\u00f1alado en la presentaci\\u00f3n del libro 'Alas de Andaluc\\u00eda', donde comparte autor\\u00eda con el rector\",\"inLanguage\":\"es-ES\",\"isPartOf\":{\"@id\":\"https:\\\/\\\/eldigitaldeasturias.com\\\/magazine365\\\/#website\"},\"breadcrumb\":{\"@id\":\"https:\\\/\\\/eldigitaldeasturias.com\\\/magazine365\\\/experto-en-aviacion-ve-futuro-en-el-sector-andaluz\\\/#breadcrumblist\"},\"author\":{\"@id\":\"https:\\\/\\\/eldigitaldeasturias.com\\\/magazine365\\\/author\\\/admin\\\/#author\"},\"creator\":{\"@id\":\"https:\\\/\\\/eldigitaldeasturias.com\\\/magazine365\\\/author\\\/admin\\\/#author\"},\"image\":{\"@type\":\"ImageObject\",\"url\":\"https:\\\/\\\/eldigitaldeasturias.com\\\/magazine365\\\/wp-content\\\/uploads\\\/2016\\\/05\\\/fotonoticia_20160512131324_800.jpg\",\"@id\":\"https:\\\/\\\/eldigitaldeasturias.com\\\/magazine365\\\/experto-en-aviacion-ve-futuro-en-el-sector-andaluz\\\/#mainImage\",\"width\":800,\"height\":600},\"primaryImageOfPage\":{\"@id\":\"https:\\\/\\\/eldigitaldeasturias.com\\\/magazine365\\\/experto-en-aviacion-ve-futuro-en-el-sector-andaluz\\\/#mainImage\"},\"datePublished\":\"2016-05-17T02:37:23+02:00\",\"dateModified\":\"2016-05-17T02:37:23+02:00\"},{\"@type\":\"WebSite\",\"@id\":\"https:\\\/\\\/eldigitaldeasturias.com\\\/magazine365\\\/#website\",\"url\":\"https:\\\/\\\/eldigitaldeasturias.com\\\/magazine365\\\/\",\"name\":\"El Digital de Asturias\",\"description\":\"Revista de ocio, turismo y estilo de vida\",\"inLanguage\":\"es-ES\",\"publisher\":{\"@id\":\"https:\\\/\\\/eldigitaldeasturias.com\\\/magazine365\\\/#organization\"}}]}\n\t\t<\/script>\n\t\t<!-- All in One SEO Pro -->\r\n\t\t<title>Experto en aviaci\u00f3n ve futuro en el sector andaluz | El Digital de Asturias<\/title>\n\n","aioseo_head_json":{"title":"Experto en aviaci\u00f3n ve futuro en el sector andaluz | El Digital de Asturias","description":"El escritor e ilustrador aeron\u00e1utico Juan Antonio Guerrero ha instado este jueves a \"dejar de ser chapistas\" y a\u00f1adir valor a\u00f1adido a las aeronaves en Andaluc\u00eda, tierra con \"m\u00e1s de un siglo de experiencia en el sector\". As\u00ed lo ha se\u00f1alado en la presentaci\u00f3n del libro 'Alas de Andaluc\u00eda', donde comparte autor\u00eda con el rector","canonical_url":"https:\/\/eldigitaldeasturias.com\/magazine365\/experto-en-aviacion-ve-futuro-en-el-sector-andaluz\/","robots":"max-image-preview:large","keywords":"noticias y actualidad","webmasterTools":{"google-site-verification":"UA-38556648-1","miscellaneous":""},"schema":{"@context":"https:\/\/schema.org","@graph":[{"@type":"Article","@id":"https:\/\/eldigitaldeasturias.com\/magazine365\/experto-en-aviacion-ve-futuro-en-el-sector-andaluz\/#article","name":"Experto en aviaci\u00f3n ve futuro en el sector andaluz | El Digital de Asturias","headline":"Experto en aviaci\u00f3n ve futuro en el sector andaluz","author":{"@id":"https:\/\/eldigitaldeasturias.com\/magazine365\/author\/admin\/#author"},"publisher":{"@id":"https:\/\/eldigitaldeasturias.com\/magazine365\/#organization"},"image":{"@type":"ImageObject","url":"https:\/\/eldigitaldeasturias.com\/magazine365\/wp-content\/uploads\/2016\/05\/fotonoticia_20160512131324_800.jpg","width":800,"height":600},"datePublished":"2016-05-17T02:37:23+02:00","dateModified":"2016-05-17T02:37:23+02:00","inLanguage":"es-ES","mainEntityOfPage":{"@id":"https:\/\/eldigitaldeasturias.com\/magazine365\/experto-en-aviacion-ve-futuro-en-el-sector-andaluz\/#webpage"},"isPartOf":{"@id":"https:\/\/eldigitaldeasturias.com\/magazine365\/experto-en-aviacion-ve-futuro-en-el-sector-andaluz\/#webpage"},"articleSection":"Noticias y Actualidad"},{"@type":"BreadcrumbList","@id":"https:\/\/eldigitaldeasturias.com\/magazine365\/experto-en-aviacion-ve-futuro-en-el-sector-andaluz\/#breadcrumblist","itemListElement":[{"@type":"ListItem","@id":"https:\/\/eldigitaldeasturias.com\/magazine365#listItem","position":1,"name":"Home","item":"https:\/\/eldigitaldeasturias.com\/magazine365","nextItem":{"@type":"ListItem","@id":"https:\/\/eldigitaldeasturias.com\/magazine365\/category\/noticias-actualidad\/#listItem","name":"Noticias y Actualidad"}},{"@type":"ListItem","@id":"https:\/\/eldigitaldeasturias.com\/magazine365\/category\/noticias-actualidad\/#listItem","position":2,"name":"Noticias y Actualidad","item":"https:\/\/eldigitaldeasturias.com\/magazine365\/category\/noticias-actualidad\/","nextItem":{"@type":"ListItem","@id":"https:\/\/eldigitaldeasturias.com\/magazine365\/experto-en-aviacion-ve-futuro-en-el-sector-andaluz\/#listItem","name":"Experto en aviaci\u00f3n ve futuro en el sector andaluz"},"previousItem":{"@type":"ListItem","@id":"https:\/\/eldigitaldeasturias.com\/magazine365#listItem","name":"Home"}},{"@type":"ListItem","@id":"https:\/\/eldigitaldeasturias.com\/magazine365\/experto-en-aviacion-ve-futuro-en-el-sector-andaluz\/#listItem","position":3,"name":"Experto en aviaci\u00f3n ve futuro en el sector andaluz","previousItem":{"@type":"ListItem","@id":"https:\/\/eldigitaldeasturias.com\/magazine365\/category\/noticias-actualidad\/#listItem","name":"Noticias y Actualidad"}}]},{"@type":"Organization","@id":"https:\/\/eldigitaldeasturias.com\/magazine365\/#organization","name":"El digital de Asturias","description":"Revista de ocio, turismo y estilo de vida","url":"https:\/\/eldigitaldeasturias.com\/magazine365\/","logo":{"@type":"ImageObject","url":"https:\/\/www.eldigitaldeasturias.com\/noticias\/wp-content\/uploads\/2020\/12\/EDA.jpg","@id":"https:\/\/eldigitaldeasturias.com\/magazine365\/experto-en-aviacion-ve-futuro-en-el-sector-andaluz\/#organizationLogo"},"image":{"@id":"https:\/\/eldigitaldeasturias.com\/magazine365\/experto-en-aviacion-ve-futuro-en-el-sector-andaluz\/#organizationLogo"}},{"@type":"Person","@id":"https:\/\/eldigitaldeasturias.com\/magazine365\/author\/admin\/#author","url":"https:\/\/eldigitaldeasturias.com\/magazine365\/author\/admin\/","name":"admin","image":{"@type":"ImageObject","@id":"https:\/\/eldigitaldeasturias.com\/magazine365\/experto-en-aviacion-ve-futuro-en-el-sector-andaluz\/#authorImage","url":"https:\/\/eldigitaldeasturias.com\/magazine365\/wp-content\/litespeed\/avatar\/e571bcf59a0edd6fa6838245a470f2fe.jpg?ver=1777574230","width":96,"height":96,"caption":"admin"}},{"@type":"WebPage","@id":"https:\/\/eldigitaldeasturias.com\/magazine365\/experto-en-aviacion-ve-futuro-en-el-sector-andaluz\/#webpage","url":"https:\/\/eldigitaldeasturias.com\/magazine365\/experto-en-aviacion-ve-futuro-en-el-sector-andaluz\/","name":"Experto en aviaci\u00f3n ve futuro en el sector andaluz | El Digital de Asturias","description":"El escritor e ilustrador aeron\u00e1utico Juan Antonio Guerrero ha instado este jueves a \"dejar de ser chapistas\" y a\u00f1adir valor a\u00f1adido a las aeronaves en Andaluc\u00eda, tierra con \"m\u00e1s de un siglo de experiencia en el sector\". As\u00ed lo ha se\u00f1alado en la presentaci\u00f3n del libro 'Alas de Andaluc\u00eda', donde comparte autor\u00eda con el rector","inLanguage":"es-ES","isPartOf":{"@id":"https:\/\/eldigitaldeasturias.com\/magazine365\/#website"},"breadcrumb":{"@id":"https:\/\/eldigitaldeasturias.com\/magazine365\/experto-en-aviacion-ve-futuro-en-el-sector-andaluz\/#breadcrumblist"},"author":{"@id":"https:\/\/eldigitaldeasturias.com\/magazine365\/author\/admin\/#author"},"creator":{"@id":"https:\/\/eldigitaldeasturias.com\/magazine365\/author\/admin\/#author"},"image":{"@type":"ImageObject","url":"https:\/\/eldigitaldeasturias.com\/magazine365\/wp-content\/uploads\/2016\/05\/fotonoticia_20160512131324_800.jpg","@id":"https:\/\/eldigitaldeasturias.com\/magazine365\/experto-en-aviacion-ve-futuro-en-el-sector-andaluz\/#mainImage","width":800,"height":600},"primaryImageOfPage":{"@id":"https:\/\/eldigitaldeasturias.com\/magazine365\/experto-en-aviacion-ve-futuro-en-el-sector-andaluz\/#mainImage"},"datePublished":"2016-05-17T02:37:23+02:00","dateModified":"2016-05-17T02:37:23+02:00"},{"@type":"WebSite","@id":"https:\/\/eldigitaldeasturias.com\/magazine365\/#website","url":"https:\/\/eldigitaldeasturias.com\/magazine365\/","name":"El Digital de Asturias","description":"Revista de ocio, turismo y estilo de vida","inLanguage":"es-ES","publisher":{"@id":"https:\/\/eldigitaldeasturias.com\/magazine365\/#organization"}}]},"og:locale":"es_ES","og:site_name":"El Digital de Asturias \u2013 Revista de ocio, turismo y estilo de vida","og:type":"article","og:title":"Experto en aviaci\u00f3n ve futuro en el sector andaluz | El Digital de Asturias","og:description":"El escritor e ilustrador aeron\u00e1utico Juan Antonio Guerrero ha instado este jueves a &quot;dejar de ser chapistas&quot; y a\u00f1adir valor a\u00f1adido a las aeronaves en Andaluc\u00eda, tierra con &quot;m\u00e1s de un siglo de experiencia en el sector&quot;. As\u00ed lo ha se\u00f1alado en la presentaci\u00f3n del libro 'Alas de Andaluc\u00eda', donde comparte autor\u00eda con el rector","og:url":"https:\/\/eldigitaldeasturias.com\/magazine365\/experto-en-aviacion-ve-futuro-en-el-sector-andaluz\/","og:image":"https:\/\/eldigitaldeasturias.com\/magazine365\/wp-content\/uploads\/2016\/05\/fotonoticia_20160512131324_800.jpg","og:image:secure_url":"https:\/\/eldigitaldeasturias.com\/magazine365\/wp-content\/uploads\/2016\/05\/fotonoticia_20160512131324_800.jpg","og:image:width":800,"og:image:height":600,"article:published_time":"2016-05-17T00:37:23+00:00","article:modified_time":"2016-05-17T00:37:23+00:00","twitter:card":"summary_large_image","twitter:title":"Experto en aviaci\u00f3n ve futuro en el sector andaluz | El Digital de Asturias","twitter:description":"El escritor e ilustrador aeron\u00e1utico Juan Antonio Guerrero ha instado este jueves a &quot;dejar de ser chapistas&quot; y a\u00f1adir valor a\u00f1adido a las aeronaves en Andaluc\u00eda, tierra con &quot;m\u00e1s de un siglo de experiencia en el sector&quot;. As\u00ed lo ha se\u00f1alado en la presentaci\u00f3n del libro 'Alas de Andaluc\u00eda', donde comparte autor\u00eda con el rector","twitter:image":"https:\/\/eldigitaldeasturias.com\/magazine365\/wp-content\/uploads\/2016\/05\/fotonoticia_20160512131324_800.jpg"},"aioseo_meta_data":{"post_id":"76213","title":null,"description":null,"keywords":null,"keyphrases":null,"primary_term":null,"canonical_url":null,"og_title":null,"og_description":null,"og_object_type":"default","og_image_type":"default","og_image_url":null,"og_image_width":null,"og_image_height":null,"og_image_custom_url":null,"og_image_custom_fields":null,"og_video":null,"og_custom_url":null,"og_article_section":null,"og_article_tags":null,"twitter_use_og":false,"twitter_card":"default","twitter_image_type":"default","twitter_image_url":null,"twitter_image_custom_url":null,"twitter_image_custom_fields":null,"twitter_title":null,"twitter_description":null,"schema":{"blockGraphs":[],"customGraphs":[],"default":{"data":{"Article":[],"Course":[],"Dataset":[],"FAQPage":[],"Movie":[],"Person":[],"Product":[],"ProductReview":[],"Car":[],"Recipe":[],"Service":[],"SoftwareApplication":[],"WebPage":[]},"graphName":"","isEnabled":true},"graphs":[],"defaultGraph":"","defaultPostTypeGraph":""},"schema_type":null,"schema_type_options":null,"pillar_content":false,"robots_default":true,"robots_noindex":false,"robots_noarchive":false,"robots_nosnippet":false,"robots_nofollow":false,"robots_noimageindex":false,"robots_noodp":false,"robots_notranslate":false,"robots_max_snippet":null,"robots_max_videopreview":null,"robots_max_imagepreview":"large","priority":null,"frequency":null,"location":null,"local_seo":null,"seo_analyzer_scan_date":"2025-09-27 12:08:01","breadcrumb_settings":null,"limit_modified_date":false,"open_ai":null,"ai":null,"created":"2021-03-08 18:31:04","updated":"2025-09-27 12:08:01"},"aioseo_breadcrumb":"<div class=\"aioseo-breadcrumbs\"><span class=\"aioseo-breadcrumb\">\n\t<a href=\"https:\/\/eldigitaldeasturias.com\/magazine365\" title=\"Home\">Home<\/a>\n<\/span><span class=\"aioseo-breadcrumb-separator\">\u2013<\/span><span class=\"aioseo-breadcrumb\">\n\t<a href=\"https:\/\/eldigitaldeasturias.com\/magazine365\/category\/noticias-actualidad\/\" title=\"Noticias y Actualidad\">Noticias y Actualidad<\/a>\n<\/span><span class=\"aioseo-breadcrumb-separator\">\u2013<\/span><span class=\"aioseo-breadcrumb\">\n\t<a href=\"https:\/\/eldigitaldeasturias.com\/magazine365\/experto-en-aviacion-ve-futuro-en-el-sector-andaluz\/\" title=\"Experto en aviaci\u00f3n ve futuro en el sector andaluz\">Experto en aviaci\u00f3n ve futuro en el sector andaluz<\/a>\n<\/span><\/div>","aioseo_breadcrumb_json":[{"label":"Home","link":"https:\/\/eldigitaldeasturias.com\/magazine365"},{"label":"Noticias y Actualidad","link":"https:\/\/eldigitaldeasturias.com\/magazine365\/category\/noticias-actualidad\/"},{"label":"Experto en aviaci\u00f3n ve futuro en el sector andaluz","link":"https:\/\/eldigitaldeasturias.com\/magazine365\/experto-en-aviacion-ve-futuro-en-el-sector-andaluz\/"}],"_links":{"self":[{"href":"https:\/\/eldigitaldeasturias.com\/magazine365\/wp-json\/wp\/v2\/posts\/76213","targetHints":{"allow":["GET"]}}],"collection":[{"href":"https:\/\/eldigitaldeasturias.com\/magazine365\/wp-json\/wp\/v2\/posts"}],"about":[{"href":"https:\/\/eldigitaldeasturias.com\/magazine365\/wp-json\/wp\/v2\/types\/post"}],"author":[{"embeddable":true,"href":"https:\/\/eldigitaldeasturias.com\/magazine365\/wp-json\/wp\/v2\/users\/1"}],"replies":[{"embeddable":true,"href":"https:\/\/eldigitaldeasturias.com\/magazine365\/wp-json\/wp\/v2\/comments?post=76213"}],"version-history":[{"count":0,"href":"https:\/\/eldigitaldeasturias.com\/magazine365\/wp-json\/wp\/v2\/posts\/76213\/revisions"}],"wp:featuredmedia":[{"embeddable":true,"href":"https:\/\/eldigitaldeasturias.com\/magazine365\/wp-json\/wp\/v2\/media\/76214"}],"wp:attachment":[{"href":"https:\/\/eldigitaldeasturias.com\/magazine365\/wp-json\/wp\/v2\/media?parent=76213"}],"wp:term":[{"taxonomy":"category","embeddable":true,"href":"https:\/\/eldigitaldeasturias.com\/magazine365\/wp-json\/wp\/v2\/categories?post=76213"},{"taxonomy":"post_tag","embeddable":true,"href":"https:\/\/eldigitaldeasturias.com\/magazine365\/wp-json\/wp\/v2\/tags?post=76213"}],"curies":[{"name":"wp","href":"https:\/\/api.w.org\/{rel}","templated":true}]}}