{"id":76207,"date":"2016-05-17T02:30:28","date_gmt":"2016-05-17T00:30:28","guid":{"rendered":"http:\/\/eldigitaldeasturias.com\/magazine365\/?p=76207"},"modified":"2016-05-17T02:30:28","modified_gmt":"2016-05-17T00:30:28","slug":"el-equipo-espanol-bocuse-dor-2016-no-logra-clasificarse-en-la-eliminatoria-europea","status":"publish","type":"post","link":"https:\/\/eldigitaldeasturias.com\/magazine365\/el-equipo-espanol-bocuse-dor-2016-no-logra-clasificarse-en-la-eliminatoria-europea\/","title":{"rendered":"El equipo espa\u00f1ol Bocuse d&#8217;Or 2016 no logra clasificarse en la eliminatoria europea"},"content":{"rendered":"<p><img fetchpriority=\"high\" decoding=\"async\" class=\"alignleft size-medium wp-image-76208\" src=\"https:\/\/eldigitaldeasturias.com\/magazine365\/wp-content\/uploads\/2016\/05\/fotonoticia_20160512122214_800-360x240.jpg\" alt=\"fotonoticia_20160512122214_800\" width=\"360\" height=\"240\" srcset=\"https:\/\/eldigitaldeasturias.com\/magazine365\/wp-content\/uploads\/2016\/05\/fotonoticia_20160512122214_800-360x240.jpg 360w, https:\/\/eldigitaldeasturias.com\/magazine365\/wp-content\/uploads\/2016\/05\/fotonoticia_20160512122214_800-650x433.jpg 650w, https:\/\/eldigitaldeasturias.com\/magazine365\/wp-content\/uploads\/2016\/05\/fotonoticia_20160512122214_800-768x512.jpg 768w, https:\/\/eldigitaldeasturias.com\/magazine365\/wp-content\/uploads\/2016\/05\/fotonoticia_20160512122214_800-150x100.jpg 150w, https:\/\/eldigitaldeasturias.com\/magazine365\/wp-content\/uploads\/2016\/05\/fotonoticia_20160512122214_800-450x300.jpg 450w, https:\/\/eldigitaldeasturias.com\/magazine365\/wp-content\/uploads\/2016\/05\/fotonoticia_20160512122214_800-101x66.jpg 101w, https:\/\/eldigitaldeasturias.com\/magazine365\/wp-content\/uploads\/2016\/05\/fotonoticia_20160512122214_800.jpg 800w\" sizes=\"(max-width: 360px) 100vw, 360px\" \/>El equipo espa\u00f1ol Bocuse d&#8217;Or 2016 no ha logrado clasificarse en la eliminatoria europea del certamen culinario m\u00e1s prestigioso del mundo que se celebr\u00f3 el pasado mi\u00e9rcoles en Budapest, no obstante el grupo ha quedo muy satisfecho con sus elaboraciones.<\/p>\n<p>El chef espa\u00f1ol Juan Manuel Salgado y su equipo no han logrado clasificarse entre los 11 primeros, requisito necesario para obtener un pase para la Fase Mundial francesa de 2017.<\/p>\n<p>Hungr\u00eda, pa\u00eds en el que se celebrada el certamen, se ha alzado con el primer puesto en la clasificaci\u00f3n, seguido de Noruega y Suecia, pa\u00edses que han conseguido las posiciones de plata y bronce respectivamente.<\/p>\n<p>Ente los once finalistas que han ganado la plaza para participar en la fase mundial de Lyon (Francia) en 2017 se encuentran Francia, Islandia, Finlandia, Holanda, Suiza, B\u00e9lgica, Dinamarca y Estonia<\/p>\n<p>Adem\u00e1s se han entregado tambi\u00e9n los premios a mejoraAyudante, que ha reca\u00eddo en Suecia; el Especial de Pescado, para Islandia y el Especial de Carne, galard\u00f3n otorgado a Francia.<\/p>\n<p>LOS PLATOS ESPA\u00d1OLES<\/p>\n<p>El conjunto espa\u00f1ol formado por el chef Juan Manuel Salgado; su ayudante Adria Viladomat; el coach y dos estrellas Michelin, Juan Manuel Miguel y el presidente, Adolfo Mu\u00f1oz, elabor\u00f3 ayer 14 raciones de pescado, con el nombre Pescator, un suquet t\u00edpico del Mediterr\u00e1neo con jugos de cangrejo de r\u00edo, piment\u00f3n de la vera, y aceite de oliva virgen extra.<\/p>\n<p>Prepar\u00f3 tambi\u00e9n 14 raciones de carne, diez en bandeja y cuatro emplatadas, bajo el nombre Venator, donde el producto ha lucido en todo su esplendor con pat\u00e9 de ciervo, aceite, jam\u00f3n de la dehesa de Extremadura y vino de Jerez, entre otros alimentos aut\u00f3ctonos.<\/p>\n<p>\u00abMe quedo con el grand\u00edsimo equipo que hemos conseguido. Ha sido y ser\u00e1 un apoyo continuo y nos sentimos muy orgullosos y satisfechos con el trabajo realizado. Este es solo el comienzo de una nueva etapa\u00bb, asegur\u00f3 el cocinero extreme\u00f1o.<\/p>\n","protected":false},"excerpt":{"rendered":"<p>El equipo espa\u00f1ol Bocuse d&#8217;Or 2016 no ha logrado clasificarse en la eliminatoria europea del certamen culinario m\u00e1s prestigioso del mundo que se celebr\u00f3 el pasado mi\u00e9rcoles en Budapest, no obstante el grupo ha quedo muy satisfecho con sus elaboraciones. El chef espa\u00f1ol Juan Manuel Salgado y su equipo no han logrado clasificarse entre los<\/p>\n","protected":false},"author":1,"featured_media":76208,"comment_status":"open","ping_status":"closed","sticky":false,"template":"","format":"standard","meta":{"footnotes":""},"categories":[224],"tags":[],"class_list":{"0":"post-76207","1":"post","2":"type-post","3":"status-publish","4":"format-standard","5":"has-post-thumbnail","7":"category-noticias-actualidad"},"aioseo_notices":[],"aioseo_head":"\n\t\t<!-- All in One SEO Pro 4.9.6.1 - aioseo.com -->\n\t<meta name=\"description\" content=\"El equipo espa\u00f1ol Bocuse d&#039;Or 2016 no ha logrado clasificarse en la eliminatoria europea del certamen culinario m\u00e1s prestigioso del mundo que se celebr\u00f3 el pasado mi\u00e9rcoles en Budapest, no obstante el grupo ha quedo muy satisfecho con sus elaboraciones. El chef espa\u00f1ol Juan Manuel Salgado y su equipo no han logrado clasificarse entre los\" \/>\n\t<meta name=\"robots\" content=\"max-image-preview:large\" \/>\n\t<meta name=\"author\" content=\"admin\"\/>\n\t<meta name=\"google-site-verification\" content=\"UA-38556648-1\" \/>\n\t<meta name=\"keywords\" content=\"noticias y actualidad\" \/>\n\t<link rel=\"canonical\" href=\"https:\/\/eldigitaldeasturias.com\/magazine365\/el-equipo-espanol-bocuse-dor-2016-no-logra-clasificarse-en-la-eliminatoria-europea\/\" \/>\n\t<meta name=\"generator\" content=\"All in One SEO Pro (AIOSEO) 4.9.6.1\" \/>\n\t\t<meta property=\"og:locale\" content=\"es_ES\" \/>\n\t\t<meta property=\"og:site_name\" content=\"El Digital de Asturias \u2013 Revista de ocio, turismo y estilo de vida\" \/>\n\t\t<meta property=\"og:type\" content=\"article\" \/>\n\t\t<meta property=\"og:title\" content=\"El equipo espa\u00f1ol Bocuse d\u2019Or 2016 no logra clasificarse en la eliminatoria europea | El Digital de Asturias\" \/>\n\t\t<meta property=\"og:description\" content=\"El equipo espa\u00f1ol Bocuse d&#039;Or 2016 no ha logrado clasificarse en la eliminatoria europea del certamen culinario m\u00e1s prestigioso del mundo que se celebr\u00f3 el pasado mi\u00e9rcoles en Budapest, no obstante el grupo ha quedo muy satisfecho con sus elaboraciones. El chef espa\u00f1ol Juan Manuel Salgado y su equipo no han logrado clasificarse entre los\" \/>\n\t\t<meta property=\"og:url\" content=\"https:\/\/eldigitaldeasturias.com\/magazine365\/el-equipo-espanol-bocuse-dor-2016-no-logra-clasificarse-en-la-eliminatoria-europea\/\" \/>\n\t\t<meta property=\"og:image\" content=\"https:\/\/eldigitaldeasturias.com\/magazine365\/wp-content\/uploads\/2016\/05\/fotonoticia_20160512122214_800.jpg\" \/>\n\t\t<meta property=\"og:image:secure_url\" content=\"https:\/\/eldigitaldeasturias.com\/magazine365\/wp-content\/uploads\/2016\/05\/fotonoticia_20160512122214_800.jpg\" \/>\n\t\t<meta property=\"og:image:width\" content=\"800\" \/>\n\t\t<meta property=\"og:image:height\" content=\"533\" \/>\n\t\t<meta property=\"article:published_time\" content=\"2016-05-17T00:30:28+00:00\" \/>\n\t\t<meta property=\"article:modified_time\" content=\"2016-05-17T00:30:28+00:00\" \/>\n\t\t<meta name=\"twitter:card\" content=\"summary_large_image\" \/>\n\t\t<meta name=\"twitter:title\" content=\"El equipo espa\u00f1ol Bocuse d\u2019Or 2016 no logra clasificarse en la eliminatoria europea | El Digital de Asturias\" \/>\n\t\t<meta name=\"twitter:description\" content=\"El equipo espa\u00f1ol Bocuse d&#039;Or 2016 no ha logrado clasificarse en la eliminatoria europea del certamen culinario m\u00e1s prestigioso del mundo que se celebr\u00f3 el pasado mi\u00e9rcoles en Budapest, no obstante el grupo ha quedo muy satisfecho con sus elaboraciones. El chef espa\u00f1ol Juan Manuel Salgado y su equipo no han logrado clasificarse entre los\" \/>\n\t\t<meta name=\"twitter:image\" content=\"https:\/\/eldigitaldeasturias.com\/magazine365\/wp-content\/uploads\/2016\/05\/fotonoticia_20160512122214_800.jpg\" \/>\n\t\t<script type=\"application\/ld+json\" class=\"aioseo-schema\">\n\t\t\t{\"@context\":\"https:\\\/\\\/schema.org\",\"@graph\":[{\"@type\":\"Article\",\"@id\":\"https:\\\/\\\/eldigitaldeasturias.com\\\/magazine365\\\/el-equipo-espanol-bocuse-dor-2016-no-logra-clasificarse-en-la-eliminatoria-europea\\\/#article\",\"name\":\"El equipo espa\\u00f1ol Bocuse d\\u2019Or 2016 no logra clasificarse en la eliminatoria europea | El Digital de Asturias\",\"headline\":\"El equipo espa\\u00f1ol Bocuse d&#8217;Or 2016 no logra clasificarse en la eliminatoria europea\",\"author\":{\"@id\":\"https:\\\/\\\/eldigitaldeasturias.com\\\/magazine365\\\/author\\\/admin\\\/#author\"},\"publisher\":{\"@id\":\"https:\\\/\\\/eldigitaldeasturias.com\\\/magazine365\\\/#organization\"},\"image\":{\"@type\":\"ImageObject\",\"url\":\"https:\\\/\\\/eldigitaldeasturias.com\\\/magazine365\\\/wp-content\\\/uploads\\\/2016\\\/05\\\/fotonoticia_20160512122214_800.jpg\",\"width\":800,\"height\":533},\"datePublished\":\"2016-05-17T02:30:28+02:00\",\"dateModified\":\"2016-05-17T02:30:28+02:00\",\"inLanguage\":\"es-ES\",\"mainEntityOfPage\":{\"@id\":\"https:\\\/\\\/eldigitaldeasturias.com\\\/magazine365\\\/el-equipo-espanol-bocuse-dor-2016-no-logra-clasificarse-en-la-eliminatoria-europea\\\/#webpage\"},\"isPartOf\":{\"@id\":\"https:\\\/\\\/eldigitaldeasturias.com\\\/magazine365\\\/el-equipo-espanol-bocuse-dor-2016-no-logra-clasificarse-en-la-eliminatoria-europea\\\/#webpage\"},\"articleSection\":\"Noticias y Actualidad\"},{\"@type\":\"BreadcrumbList\",\"@id\":\"https:\\\/\\\/eldigitaldeasturias.com\\\/magazine365\\\/el-equipo-espanol-bocuse-dor-2016-no-logra-clasificarse-en-la-eliminatoria-europea\\\/#breadcrumblist\",\"itemListElement\":[{\"@type\":\"ListItem\",\"@id\":\"https:\\\/\\\/eldigitaldeasturias.com\\\/magazine365#listItem\",\"position\":1,\"name\":\"Home\",\"item\":\"https:\\\/\\\/eldigitaldeasturias.com\\\/magazine365\",\"nextItem\":{\"@type\":\"ListItem\",\"@id\":\"https:\\\/\\\/eldigitaldeasturias.com\\\/magazine365\\\/category\\\/noticias-actualidad\\\/#listItem\",\"name\":\"Noticias y Actualidad\"}},{\"@type\":\"ListItem\",\"@id\":\"https:\\\/\\\/eldigitaldeasturias.com\\\/magazine365\\\/category\\\/noticias-actualidad\\\/#listItem\",\"position\":2,\"name\":\"Noticias y Actualidad\",\"item\":\"https:\\\/\\\/eldigitaldeasturias.com\\\/magazine365\\\/category\\\/noticias-actualidad\\\/\",\"nextItem\":{\"@type\":\"ListItem\",\"@id\":\"https:\\\/\\\/eldigitaldeasturias.com\\\/magazine365\\\/el-equipo-espanol-bocuse-dor-2016-no-logra-clasificarse-en-la-eliminatoria-europea\\\/#listItem\",\"name\":\"El equipo espa\\u00f1ol Bocuse d&#8217;Or 2016 no logra clasificarse en la eliminatoria europea\"},\"previousItem\":{\"@type\":\"ListItem\",\"@id\":\"https:\\\/\\\/eldigitaldeasturias.com\\\/magazine365#listItem\",\"name\":\"Home\"}},{\"@type\":\"ListItem\",\"@id\":\"https:\\\/\\\/eldigitaldeasturias.com\\\/magazine365\\\/el-equipo-espanol-bocuse-dor-2016-no-logra-clasificarse-en-la-eliminatoria-europea\\\/#listItem\",\"position\":3,\"name\":\"El equipo espa\\u00f1ol Bocuse d&#8217;Or 2016 no logra clasificarse en la eliminatoria europea\",\"previousItem\":{\"@type\":\"ListItem\",\"@id\":\"https:\\\/\\\/eldigitaldeasturias.com\\\/magazine365\\\/category\\\/noticias-actualidad\\\/#listItem\",\"name\":\"Noticias y Actualidad\"}}]},{\"@type\":\"Organization\",\"@id\":\"https:\\\/\\\/eldigitaldeasturias.com\\\/magazine365\\\/#organization\",\"name\":\"El digital de Asturias\",\"description\":\"Revista de ocio, turismo y estilo de vida\",\"url\":\"https:\\\/\\\/eldigitaldeasturias.com\\\/magazine365\\\/\",\"logo\":{\"@type\":\"ImageObject\",\"url\":\"https:\\\/\\\/www.eldigitaldeasturias.com\\\/noticias\\\/wp-content\\\/uploads\\\/2020\\\/12\\\/EDA.jpg\",\"@id\":\"https:\\\/\\\/eldigitaldeasturias.com\\\/magazine365\\\/el-equipo-espanol-bocuse-dor-2016-no-logra-clasificarse-en-la-eliminatoria-europea\\\/#organizationLogo\"},\"image\":{\"@id\":\"https:\\\/\\\/eldigitaldeasturias.com\\\/magazine365\\\/el-equipo-espanol-bocuse-dor-2016-no-logra-clasificarse-en-la-eliminatoria-europea\\\/#organizationLogo\"}},{\"@type\":\"Person\",\"@id\":\"https:\\\/\\\/eldigitaldeasturias.com\\\/magazine365\\\/author\\\/admin\\\/#author\",\"url\":\"https:\\\/\\\/eldigitaldeasturias.com\\\/magazine365\\\/author\\\/admin\\\/\",\"name\":\"admin\",\"image\":{\"@type\":\"ImageObject\",\"@id\":\"https:\\\/\\\/eldigitaldeasturias.com\\\/magazine365\\\/el-equipo-espanol-bocuse-dor-2016-no-logra-clasificarse-en-la-eliminatoria-europea\\\/#authorImage\",\"url\":\"https:\\\/\\\/eldigitaldeasturias.com\\\/magazine365\\\/wp-content\\\/litespeed\\\/avatar\\\/e571bcf59a0edd6fa6838245a470f2fe.jpg?ver=1777574230\",\"width\":96,\"height\":96,\"caption\":\"admin\"}},{\"@type\":\"WebPage\",\"@id\":\"https:\\\/\\\/eldigitaldeasturias.com\\\/magazine365\\\/el-equipo-espanol-bocuse-dor-2016-no-logra-clasificarse-en-la-eliminatoria-europea\\\/#webpage\",\"url\":\"https:\\\/\\\/eldigitaldeasturias.com\\\/magazine365\\\/el-equipo-espanol-bocuse-dor-2016-no-logra-clasificarse-en-la-eliminatoria-europea\\\/\",\"name\":\"El equipo espa\\u00f1ol Bocuse d\\u2019Or 2016 no logra clasificarse en la eliminatoria europea | El Digital de Asturias\",\"description\":\"El equipo espa\\u00f1ol Bocuse d'Or 2016 no ha logrado clasificarse en la eliminatoria europea del certamen culinario m\\u00e1s prestigioso del mundo que se celebr\\u00f3 el pasado mi\\u00e9rcoles en Budapest, no obstante el grupo ha quedo muy satisfecho con sus elaboraciones. El chef espa\\u00f1ol Juan Manuel Salgado y su equipo no han logrado clasificarse entre los\",\"inLanguage\":\"es-ES\",\"isPartOf\":{\"@id\":\"https:\\\/\\\/eldigitaldeasturias.com\\\/magazine365\\\/#website\"},\"breadcrumb\":{\"@id\":\"https:\\\/\\\/eldigitaldeasturias.com\\\/magazine365\\\/el-equipo-espanol-bocuse-dor-2016-no-logra-clasificarse-en-la-eliminatoria-europea\\\/#breadcrumblist\"},\"author\":{\"@id\":\"https:\\\/\\\/eldigitaldeasturias.com\\\/magazine365\\\/author\\\/admin\\\/#author\"},\"creator\":{\"@id\":\"https:\\\/\\\/eldigitaldeasturias.com\\\/magazine365\\\/author\\\/admin\\\/#author\"},\"image\":{\"@type\":\"ImageObject\",\"url\":\"https:\\\/\\\/eldigitaldeasturias.com\\\/magazine365\\\/wp-content\\\/uploads\\\/2016\\\/05\\\/fotonoticia_20160512122214_800.jpg\",\"@id\":\"https:\\\/\\\/eldigitaldeasturias.com\\\/magazine365\\\/el-equipo-espanol-bocuse-dor-2016-no-logra-clasificarse-en-la-eliminatoria-europea\\\/#mainImage\",\"width\":800,\"height\":533},\"primaryImageOfPage\":{\"@id\":\"https:\\\/\\\/eldigitaldeasturias.com\\\/magazine365\\\/el-equipo-espanol-bocuse-dor-2016-no-logra-clasificarse-en-la-eliminatoria-europea\\\/#mainImage\"},\"datePublished\":\"2016-05-17T02:30:28+02:00\",\"dateModified\":\"2016-05-17T02:30:28+02:00\"},{\"@type\":\"WebSite\",\"@id\":\"https:\\\/\\\/eldigitaldeasturias.com\\\/magazine365\\\/#website\",\"url\":\"https:\\\/\\\/eldigitaldeasturias.com\\\/magazine365\\\/\",\"name\":\"El Digital de Asturias\",\"description\":\"Revista de ocio, turismo y estilo de vida\",\"inLanguage\":\"es-ES\",\"publisher\":{\"@id\":\"https:\\\/\\\/eldigitaldeasturias.com\\\/magazine365\\\/#organization\"}}]}\n\t\t<\/script>\n\t\t<!-- All in One SEO Pro -->\r\n\t\t<title>El equipo espa\u00f1ol Bocuse d\u2019Or 2016 no logra clasificarse en la eliminatoria europea | El Digital de Asturias<\/title>\n\n","aioseo_head_json":{"title":"El equipo espa\u00f1ol Bocuse d\u2019Or 2016 no logra clasificarse en la eliminatoria europea | El Digital de Asturias","description":"El equipo espa\u00f1ol Bocuse d'Or 2016 no ha logrado clasificarse en la eliminatoria europea del certamen culinario m\u00e1s prestigioso del mundo que se celebr\u00f3 el pasado mi\u00e9rcoles en Budapest, no obstante el grupo ha quedo muy satisfecho con sus elaboraciones. El chef espa\u00f1ol Juan Manuel Salgado y su equipo no han logrado clasificarse entre los","canonical_url":"https:\/\/eldigitaldeasturias.com\/magazine365\/el-equipo-espanol-bocuse-dor-2016-no-logra-clasificarse-en-la-eliminatoria-europea\/","robots":"max-image-preview:large","keywords":"noticias y actualidad","webmasterTools":{"google-site-verification":"UA-38556648-1","miscellaneous":""},"schema":{"@context":"https:\/\/schema.org","@graph":[{"@type":"Article","@id":"https:\/\/eldigitaldeasturias.com\/magazine365\/el-equipo-espanol-bocuse-dor-2016-no-logra-clasificarse-en-la-eliminatoria-europea\/#article","name":"El equipo espa\u00f1ol Bocuse d\u2019Or 2016 no logra clasificarse en la eliminatoria europea | El Digital de Asturias","headline":"El equipo espa\u00f1ol Bocuse d&#8217;Or 2016 no logra clasificarse en la eliminatoria europea","author":{"@id":"https:\/\/eldigitaldeasturias.com\/magazine365\/author\/admin\/#author"},"publisher":{"@id":"https:\/\/eldigitaldeasturias.com\/magazine365\/#organization"},"image":{"@type":"ImageObject","url":"https:\/\/eldigitaldeasturias.com\/magazine365\/wp-content\/uploads\/2016\/05\/fotonoticia_20160512122214_800.jpg","width":800,"height":533},"datePublished":"2016-05-17T02:30:28+02:00","dateModified":"2016-05-17T02:30:28+02:00","inLanguage":"es-ES","mainEntityOfPage":{"@id":"https:\/\/eldigitaldeasturias.com\/magazine365\/el-equipo-espanol-bocuse-dor-2016-no-logra-clasificarse-en-la-eliminatoria-europea\/#webpage"},"isPartOf":{"@id":"https:\/\/eldigitaldeasturias.com\/magazine365\/el-equipo-espanol-bocuse-dor-2016-no-logra-clasificarse-en-la-eliminatoria-europea\/#webpage"},"articleSection":"Noticias y Actualidad"},{"@type":"BreadcrumbList","@id":"https:\/\/eldigitaldeasturias.com\/magazine365\/el-equipo-espanol-bocuse-dor-2016-no-logra-clasificarse-en-la-eliminatoria-europea\/#breadcrumblist","itemListElement":[{"@type":"ListItem","@id":"https:\/\/eldigitaldeasturias.com\/magazine365#listItem","position":1,"name":"Home","item":"https:\/\/eldigitaldeasturias.com\/magazine365","nextItem":{"@type":"ListItem","@id":"https:\/\/eldigitaldeasturias.com\/magazine365\/category\/noticias-actualidad\/#listItem","name":"Noticias y Actualidad"}},{"@type":"ListItem","@id":"https:\/\/eldigitaldeasturias.com\/magazine365\/category\/noticias-actualidad\/#listItem","position":2,"name":"Noticias y Actualidad","item":"https:\/\/eldigitaldeasturias.com\/magazine365\/category\/noticias-actualidad\/","nextItem":{"@type":"ListItem","@id":"https:\/\/eldigitaldeasturias.com\/magazine365\/el-equipo-espanol-bocuse-dor-2016-no-logra-clasificarse-en-la-eliminatoria-europea\/#listItem","name":"El equipo espa\u00f1ol Bocuse d&#8217;Or 2016 no logra clasificarse en la eliminatoria europea"},"previousItem":{"@type":"ListItem","@id":"https:\/\/eldigitaldeasturias.com\/magazine365#listItem","name":"Home"}},{"@type":"ListItem","@id":"https:\/\/eldigitaldeasturias.com\/magazine365\/el-equipo-espanol-bocuse-dor-2016-no-logra-clasificarse-en-la-eliminatoria-europea\/#listItem","position":3,"name":"El equipo espa\u00f1ol Bocuse d&#8217;Or 2016 no logra clasificarse en la eliminatoria europea","previousItem":{"@type":"ListItem","@id":"https:\/\/eldigitaldeasturias.com\/magazine365\/category\/noticias-actualidad\/#listItem","name":"Noticias y Actualidad"}}]},{"@type":"Organization","@id":"https:\/\/eldigitaldeasturias.com\/magazine365\/#organization","name":"El digital de Asturias","description":"Revista de ocio, turismo y estilo de vida","url":"https:\/\/eldigitaldeasturias.com\/magazine365\/","logo":{"@type":"ImageObject","url":"https:\/\/www.eldigitaldeasturias.com\/noticias\/wp-content\/uploads\/2020\/12\/EDA.jpg","@id":"https:\/\/eldigitaldeasturias.com\/magazine365\/el-equipo-espanol-bocuse-dor-2016-no-logra-clasificarse-en-la-eliminatoria-europea\/#organizationLogo"},"image":{"@id":"https:\/\/eldigitaldeasturias.com\/magazine365\/el-equipo-espanol-bocuse-dor-2016-no-logra-clasificarse-en-la-eliminatoria-europea\/#organizationLogo"}},{"@type":"Person","@id":"https:\/\/eldigitaldeasturias.com\/magazine365\/author\/admin\/#author","url":"https:\/\/eldigitaldeasturias.com\/magazine365\/author\/admin\/","name":"admin","image":{"@type":"ImageObject","@id":"https:\/\/eldigitaldeasturias.com\/magazine365\/el-equipo-espanol-bocuse-dor-2016-no-logra-clasificarse-en-la-eliminatoria-europea\/#authorImage","url":"https:\/\/eldigitaldeasturias.com\/magazine365\/wp-content\/litespeed\/avatar\/e571bcf59a0edd6fa6838245a470f2fe.jpg?ver=1777574230","width":96,"height":96,"caption":"admin"}},{"@type":"WebPage","@id":"https:\/\/eldigitaldeasturias.com\/magazine365\/el-equipo-espanol-bocuse-dor-2016-no-logra-clasificarse-en-la-eliminatoria-europea\/#webpage","url":"https:\/\/eldigitaldeasturias.com\/magazine365\/el-equipo-espanol-bocuse-dor-2016-no-logra-clasificarse-en-la-eliminatoria-europea\/","name":"El equipo espa\u00f1ol Bocuse d\u2019Or 2016 no logra clasificarse en la eliminatoria europea | El Digital de Asturias","description":"El equipo espa\u00f1ol Bocuse d'Or 2016 no ha logrado clasificarse en la eliminatoria europea del certamen culinario m\u00e1s prestigioso del mundo que se celebr\u00f3 el pasado mi\u00e9rcoles en Budapest, no obstante el grupo ha quedo muy satisfecho con sus elaboraciones. El chef espa\u00f1ol Juan Manuel Salgado y su equipo no han logrado clasificarse entre los","inLanguage":"es-ES","isPartOf":{"@id":"https:\/\/eldigitaldeasturias.com\/magazine365\/#website"},"breadcrumb":{"@id":"https:\/\/eldigitaldeasturias.com\/magazine365\/el-equipo-espanol-bocuse-dor-2016-no-logra-clasificarse-en-la-eliminatoria-europea\/#breadcrumblist"},"author":{"@id":"https:\/\/eldigitaldeasturias.com\/magazine365\/author\/admin\/#author"},"creator":{"@id":"https:\/\/eldigitaldeasturias.com\/magazine365\/author\/admin\/#author"},"image":{"@type":"ImageObject","url":"https:\/\/eldigitaldeasturias.com\/magazine365\/wp-content\/uploads\/2016\/05\/fotonoticia_20160512122214_800.jpg","@id":"https:\/\/eldigitaldeasturias.com\/magazine365\/el-equipo-espanol-bocuse-dor-2016-no-logra-clasificarse-en-la-eliminatoria-europea\/#mainImage","width":800,"height":533},"primaryImageOfPage":{"@id":"https:\/\/eldigitaldeasturias.com\/magazine365\/el-equipo-espanol-bocuse-dor-2016-no-logra-clasificarse-en-la-eliminatoria-europea\/#mainImage"},"datePublished":"2016-05-17T02:30:28+02:00","dateModified":"2016-05-17T02:30:28+02:00"},{"@type":"WebSite","@id":"https:\/\/eldigitaldeasturias.com\/magazine365\/#website","url":"https:\/\/eldigitaldeasturias.com\/magazine365\/","name":"El Digital de Asturias","description":"Revista de ocio, turismo y estilo de vida","inLanguage":"es-ES","publisher":{"@id":"https:\/\/eldigitaldeasturias.com\/magazine365\/#organization"}}]},"og:locale":"es_ES","og:site_name":"El Digital de Asturias \u2013 Revista de ocio, turismo y estilo de vida","og:type":"article","og:title":"El equipo espa\u00f1ol Bocuse d\u2019Or 2016 no logra clasificarse en la eliminatoria europea | El Digital de Asturias","og:description":"El equipo espa\u00f1ol Bocuse d'Or 2016 no ha logrado clasificarse en la eliminatoria europea del certamen culinario m\u00e1s prestigioso del mundo que se celebr\u00f3 el pasado mi\u00e9rcoles en Budapest, no obstante el grupo ha quedo muy satisfecho con sus elaboraciones. El chef espa\u00f1ol Juan Manuel Salgado y su equipo no han logrado clasificarse entre los","og:url":"https:\/\/eldigitaldeasturias.com\/magazine365\/el-equipo-espanol-bocuse-dor-2016-no-logra-clasificarse-en-la-eliminatoria-europea\/","og:image":"https:\/\/eldigitaldeasturias.com\/magazine365\/wp-content\/uploads\/2016\/05\/fotonoticia_20160512122214_800.jpg","og:image:secure_url":"https:\/\/eldigitaldeasturias.com\/magazine365\/wp-content\/uploads\/2016\/05\/fotonoticia_20160512122214_800.jpg","og:image:width":800,"og:image:height":533,"article:published_time":"2016-05-17T00:30:28+00:00","article:modified_time":"2016-05-17T00:30:28+00:00","twitter:card":"summary_large_image","twitter:title":"El equipo espa\u00f1ol Bocuse d\u2019Or 2016 no logra clasificarse en la eliminatoria europea | El Digital de Asturias","twitter:description":"El equipo espa\u00f1ol Bocuse d'Or 2016 no ha logrado clasificarse en la eliminatoria europea del certamen culinario m\u00e1s prestigioso del mundo que se celebr\u00f3 el pasado mi\u00e9rcoles en Budapest, no obstante el grupo ha quedo muy satisfecho con sus elaboraciones. El chef espa\u00f1ol Juan Manuel Salgado y su equipo no han logrado clasificarse entre los","twitter:image":"https:\/\/eldigitaldeasturias.com\/magazine365\/wp-content\/uploads\/2016\/05\/fotonoticia_20160512122214_800.jpg"},"aioseo_meta_data":{"post_id":"76207","title":null,"description":null,"keywords":null,"keyphrases":null,"primary_term":null,"canonical_url":null,"og_title":null,"og_description":null,"og_object_type":"default","og_image_type":"default","og_image_url":null,"og_image_width":null,"og_image_height":null,"og_image_custom_url":null,"og_image_custom_fields":null,"og_video":null,"og_custom_url":null,"og_article_section":null,"og_article_tags":null,"twitter_use_og":false,"twitter_card":"default","twitter_image_type":"default","twitter_image_url":null,"twitter_image_custom_url":null,"twitter_image_custom_fields":null,"twitter_title":null,"twitter_description":null,"schema":{"blockGraphs":[],"customGraphs":[],"default":{"data":{"Article":[],"Course":[],"Dataset":[],"FAQPage":[],"Movie":[],"Person":[],"Product":[],"ProductReview":[],"Car":[],"Recipe":[],"Service":[],"SoftwareApplication":[],"WebPage":[]},"graphName":"","isEnabled":true},"graphs":[]},"schema_type":null,"schema_type_options":null,"pillar_content":false,"robots_default":true,"robots_noindex":false,"robots_noarchive":false,"robots_nosnippet":false,"robots_nofollow":false,"robots_noimageindex":false,"robots_noodp":false,"robots_notranslate":false,"robots_max_snippet":null,"robots_max_videopreview":null,"robots_max_imagepreview":"large","priority":null,"frequency":null,"location":null,"local_seo":null,"seo_analyzer_scan_date":"2025-09-27 12:07:58","breadcrumb_settings":null,"limit_modified_date":false,"open_ai":null,"ai":null,"created":"2021-03-08 18:31:45","updated":"2025-09-27 12:07:58"},"aioseo_breadcrumb":"<div class=\"aioseo-breadcrumbs\"><span class=\"aioseo-breadcrumb\">\n\t<a href=\"https:\/\/eldigitaldeasturias.com\/magazine365\" title=\"Home\">Home<\/a>\n<\/span><span class=\"aioseo-breadcrumb-separator\">\u2013<\/span><span class=\"aioseo-breadcrumb\">\n\t<a href=\"https:\/\/eldigitaldeasturias.com\/magazine365\/category\/noticias-actualidad\/\" title=\"Noticias y Actualidad\">Noticias y Actualidad<\/a>\n<\/span><span class=\"aioseo-breadcrumb-separator\">\u2013<\/span><span class=\"aioseo-breadcrumb\">\n\t<a href=\"https:\/\/eldigitaldeasturias.com\/magazine365\/el-equipo-espanol-bocuse-dor-2016-no-logra-clasificarse-en-la-eliminatoria-europea\/\" title=\"El equipo espa\u00f1ol Bocuse d\u2019Or 2016 no logra clasificarse en la eliminatoria europea\">El equipo espa\u00f1ol Bocuse d\u2019Or 2016 no logra clasificarse en la eliminatoria europea<\/a>\n<\/span><\/div>","aioseo_breadcrumb_json":[{"label":"Home","link":"https:\/\/eldigitaldeasturias.com\/magazine365"},{"label":"Noticias y Actualidad","link":"https:\/\/eldigitaldeasturias.com\/magazine365\/category\/noticias-actualidad\/"},{"label":"El equipo espa\u00f1ol Bocuse d&#8217;Or 2016 no logra clasificarse en la eliminatoria europea","link":"https:\/\/eldigitaldeasturias.com\/magazine365\/el-equipo-espanol-bocuse-dor-2016-no-logra-clasificarse-en-la-eliminatoria-europea\/"}],"_links":{"self":[{"href":"https:\/\/eldigitaldeasturias.com\/magazine365\/wp-json\/wp\/v2\/posts\/76207","targetHints":{"allow":["GET"]}}],"collection":[{"href":"https:\/\/eldigitaldeasturias.com\/magazine365\/wp-json\/wp\/v2\/posts"}],"about":[{"href":"https:\/\/eldigitaldeasturias.com\/magazine365\/wp-json\/wp\/v2\/types\/post"}],"author":[{"embeddable":true,"href":"https:\/\/eldigitaldeasturias.com\/magazine365\/wp-json\/wp\/v2\/users\/1"}],"replies":[{"embeddable":true,"href":"https:\/\/eldigitaldeasturias.com\/magazine365\/wp-json\/wp\/v2\/comments?post=76207"}],"version-history":[{"count":0,"href":"https:\/\/eldigitaldeasturias.com\/magazine365\/wp-json\/wp\/v2\/posts\/76207\/revisions"}],"wp:featuredmedia":[{"embeddable":true,"href":"https:\/\/eldigitaldeasturias.com\/magazine365\/wp-json\/wp\/v2\/media\/76208"}],"wp:attachment":[{"href":"https:\/\/eldigitaldeasturias.com\/magazine365\/wp-json\/wp\/v2\/media?parent=76207"}],"wp:term":[{"taxonomy":"category","embeddable":true,"href":"https:\/\/eldigitaldeasturias.com\/magazine365\/wp-json\/wp\/v2\/categories?post=76207"},{"taxonomy":"post_tag","embeddable":true,"href":"https:\/\/eldigitaldeasturias.com\/magazine365\/wp-json\/wp\/v2\/tags?post=76207"}],"curies":[{"name":"wp","href":"https:\/\/api.w.org\/{rel}","templated":true}]}}