{"id":76186,"date":"2016-05-17T02:18:11","date_gmt":"2016-05-17T00:18:11","guid":{"rendered":"http:\/\/eldigitaldeasturias.com\/magazine365\/?p=76186"},"modified":"2016-05-17T02:18:11","modified_gmt":"2016-05-17T00:18:11","slug":"los-usuarios-de-avion-despegan-un-14-y-los-de-ave-crecen-un-71-en-marzo","status":"publish","type":"post","link":"https:\/\/eldigitaldeasturias.com\/magazine365\/los-usuarios-de-avion-despegan-un-14-y-los-de-ave-crecen-un-71-en-marzo\/","title":{"rendered":"Los usuarios de avi\u00f3n despegan un 14% y los de AVE crecen un 7,1% en marzo"},"content":{"rendered":"<p><img fetchpriority=\"high\" decoding=\"async\" class=\"alignleft size-medium wp-image-44646\" src=\"https:\/\/eldigitaldeasturias.com\/magazine365\/wp-content\/uploads\/2015\/08\/aeropuerto-360x239.jpg\" alt=\"aeropuerto\" width=\"360\" height=\"239\" srcset=\"https:\/\/eldigitaldeasturias.com\/magazine365\/wp-content\/uploads\/2015\/08\/aeropuerto-360x239.jpg 360w, https:\/\/eldigitaldeasturias.com\/magazine365\/wp-content\/uploads\/2015\/08\/aeropuerto-650x432.jpg 650w, https:\/\/eldigitaldeasturias.com\/magazine365\/wp-content\/uploads\/2015\/08\/aeropuerto-768x511.jpg 768w, https:\/\/eldigitaldeasturias.com\/magazine365\/wp-content\/uploads\/2015\/08\/aeropuerto-150x100.jpg 150w, https:\/\/eldigitaldeasturias.com\/magazine365\/wp-content\/uploads\/2015\/08\/aeropuerto-450x299.jpg 450w, https:\/\/eldigitaldeasturias.com\/magazine365\/wp-content\/uploads\/2015\/08\/aeropuerto-696x463.jpg 696w, https:\/\/eldigitaldeasturias.com\/magazine365\/wp-content\/uploads\/2015\/08\/aeropuerto-632x420.jpg 632w, https:\/\/eldigitaldeasturias.com\/magazine365\/wp-content\/uploads\/2015\/08\/aeropuerto-84x55.jpg 84w, https:\/\/eldigitaldeasturias.com\/magazine365\/wp-content\/uploads\/2015\/08\/aeropuerto.jpg 800w\" sizes=\"(max-width: 360px) 100vw, 360px\" \/>El n\u00famero de viajeros que opt\u00f3 por viajar en avi\u00f3n para desplazarse por el interior del pa\u00eds aument\u00f3 un 14% en marzo en relaci\u00f3n al mismo mes de 2015, mientras que los que eligieron los trenes AVE crecieron un 7,1%, seg\u00fan datos provisionales del Instituto Nacional de Estad\u00edstica (INE).<\/p>\n<p>En concreto, m\u00e1s de 2,74 millones de usuarios utilizaron el transporte a\u00e9reo en el tercer mes del a\u00f1o, cifra similar a los que escogieron el tren de Larga Distancia para sus desplazamientos, con 2,68 millones. Dentro de este segmento, los viajeros que utilizaron el AVE superaron los 1,7 millones de usuarios.<\/p>\n<p>El transporte ferroviario fue utilizado por m\u00e1s de 50,1 millones de viajeros, un 1% m\u00e1s que en marzo de 2015, de los cuales 44,8 millones corresponden a usuarios de Cercan\u00edas (+0,6%); 2,58 millones a Media Distancia (+2,8%), y los 2,68 millones restantes a Larga Distancia (+4,9%). El transporte mar\u00edtimo creci\u00f3 un 25,4%.<\/p>\n<p>Por su parte, el transporte por autob\u00fas fue utilizado por 55,32 millones de viajeros en marzo, cifra un 0,9% menor a la del mismo mes de 2015. Este crecimiento se explica por el repunte experimentado en autobuses de larga distancia (+6,4%), mientras que los de cercan\u00edas crecieron levemente (+0,4%) y retrocedieron un 4,6% los de media distancia.<\/p>\n<p>En conjunto, m\u00e1s de 108,8 millones de viajeros utilizaron el transporte interurbano en marzo, lo que supone un incremento del 0,4% respecto al mismo mes de 2015.<\/p>\n<p>UN 2,4% M\u00c1S EN TRANSPORTE P\u00daBLICO.<\/p>\n<p>El n\u00famero de viajeros que utilizaron el transporte p\u00fablico en marzo fue de 392,5 millones, un 2,4% m\u00e1s que en igual mes del a\u00f1o pasado. El transporte urbano baj\u00f3 un 2,7%, con un descenso de los usuarios del metro del 2,8%. La tasa de variaci\u00f3n del n\u00famero de pasajeros del transporte p\u00fablico del mes de marzo sobre febrero es del 2,3%.<\/p>\n<p>M\u00e1s de 43,8 millones de usuarios utilizaron el transporte especial y discrecional en marzo, un descenso del 6,9% en tasa anual. El n\u00famero de pasajeros del transporte especial baja un 10,3%, hasta 29,7 millones de usuarios. Dentro de \u00e9ste, el escolar desciende un 11,8% y el laboral un 5,3%.<\/p>\n<p>De su lado, los viajeros del transporte discrecional se elevaron un 1,2% en el tercer mes del a\u00f1o respecto al mismo mes de 2015, hasta los 14,1 millones de usuarios.<\/p>\n<p>UN 2,7% M\u00c1S EN TRANSPORTE URBANO.<\/p>\n<p>El transporte urbano se increment\u00f3 un 2,7%, hasta m\u00e1s de 239,7 millones de viajeros en marzo, con un descenso de los usuarios del metro del 2,8% y del 2,7% en el transporte por autob\u00fas.<\/p>\n<p>El descenso del transporte por metro fue generalizado en todas las ciudades, excepto en M\u00e1laga (+5,2%) y Sevilla (+11%). El metro en Bilbao registr\u00f3 la mayor ca\u00edda hasta un 8,6% en tasa anual<\/p>\n<p>Por su parte, el transporte por autob\u00fas se reduce un 2,7% en tasa anual, con descenso generalizado en todas las ciudades que disponen de metro. La mayor ca\u00edda la registr\u00f3 Bilbao (-6,3%), seg\u00fan el organismo estad\u00edstico.<\/p>\n","protected":false},"excerpt":{"rendered":"<p>El n\u00famero de viajeros que opt\u00f3 por viajar en avi\u00f3n para desplazarse por el interior del pa\u00eds aument\u00f3 un 14% en marzo en relaci\u00f3n al mismo mes de 2015, mientras que los que eligieron los trenes AVE crecieron un 7,1%, seg\u00fan datos provisionales del Instituto Nacional de Estad\u00edstica (INE). En concreto, m\u00e1s de 2,74 millones<\/p>\n","protected":false},"author":1,"featured_media":39092,"comment_status":"open","ping_status":"closed","sticky":false,"template":"","format":"standard","meta":{"footnotes":""},"categories":[224],"tags":[],"class_list":{"0":"post-76186","1":"post","2":"type-post","3":"status-publish","4":"format-standard","5":"has-post-thumbnail","7":"category-noticias-actualidad"},"aioseo_notices":[],"aioseo_head":"\n\t\t<!-- All in One SEO Pro 4.9.6.1 - aioseo.com -->\n\t<meta name=\"description\" content=\"El n\u00famero de viajeros que opt\u00f3 por viajar en avi\u00f3n para desplazarse por el interior del pa\u00eds aument\u00f3 un 14% en marzo en relaci\u00f3n al mismo mes de 2015, mientras que los que eligieron los trenes AVE crecieron un 7,1%, seg\u00fan datos provisionales del Instituto Nacional de Estad\u00edstica (INE). En concreto, m\u00e1s de 2,74 millones\" \/>\n\t<meta name=\"robots\" content=\"max-image-preview:large\" \/>\n\t<meta name=\"author\" content=\"admin\"\/>\n\t<meta name=\"google-site-verification\" content=\"UA-38556648-1\" \/>\n\t<meta name=\"keywords\" content=\"noticias y actualidad\" \/>\n\t<link rel=\"canonical\" href=\"https:\/\/eldigitaldeasturias.com\/magazine365\/los-usuarios-de-avion-despegan-un-14-y-los-de-ave-crecen-un-71-en-marzo\/\" \/>\n\t<meta name=\"generator\" content=\"All in One SEO Pro (AIOSEO) 4.9.6.1\" \/>\n\t\t<meta property=\"og:locale\" content=\"es_ES\" \/>\n\t\t<meta property=\"og:site_name\" content=\"El Digital de Asturias \u2013 Revista de ocio, turismo y estilo de vida\" \/>\n\t\t<meta property=\"og:type\" content=\"article\" \/>\n\t\t<meta property=\"og:title\" content=\"Los usuarios de avi\u00f3n despegan un 14% y los de AVE crecen un 7,1% en marzo | El Digital de Asturias\" \/>\n\t\t<meta property=\"og:description\" content=\"El n\u00famero de viajeros que opt\u00f3 por viajar en avi\u00f3n para desplazarse por el interior del pa\u00eds aument\u00f3 un 14% en marzo en relaci\u00f3n al mismo mes de 2015, mientras que los que eligieron los trenes AVE crecieron un 7,1%, seg\u00fan datos provisionales del Instituto Nacional de Estad\u00edstica (INE). En concreto, m\u00e1s de 2,74 millones\" \/>\n\t\t<meta property=\"og:url\" content=\"https:\/\/eldigitaldeasturias.com\/magazine365\/los-usuarios-de-avion-despegan-un-14-y-los-de-ave-crecen-un-71-en-marzo\/\" \/>\n\t\t<meta property=\"og:image\" content=\"https:\/\/eldigitaldeasturias.com\/magazine365\/wp-content\/uploads\/2015\/06\/aeropuerto.jpg\" \/>\n\t\t<meta property=\"og:image:secure_url\" content=\"https:\/\/eldigitaldeasturias.com\/magazine365\/wp-content\/uploads\/2015\/06\/aeropuerto.jpg\" \/>\n\t\t<meta property=\"og:image:width\" content=\"800\" \/>\n\t\t<meta property=\"og:image:height\" content=\"531\" \/>\n\t\t<meta property=\"article:published_time\" content=\"2016-05-17T00:18:11+00:00\" \/>\n\t\t<meta property=\"article:modified_time\" content=\"2016-05-17T00:18:11+00:00\" \/>\n\t\t<meta name=\"twitter:card\" content=\"summary_large_image\" \/>\n\t\t<meta name=\"twitter:title\" content=\"Los usuarios de avi\u00f3n despegan un 14% y los de AVE crecen un 7,1% en marzo | El Digital de Asturias\" \/>\n\t\t<meta name=\"twitter:description\" content=\"El n\u00famero de viajeros que opt\u00f3 por viajar en avi\u00f3n para desplazarse por el interior del pa\u00eds aument\u00f3 un 14% en marzo en relaci\u00f3n al mismo mes de 2015, mientras que los que eligieron los trenes AVE crecieron un 7,1%, seg\u00fan datos provisionales del Instituto Nacional de Estad\u00edstica (INE). En concreto, m\u00e1s de 2,74 millones\" \/>\n\t\t<meta name=\"twitter:image\" content=\"https:\/\/eldigitaldeasturias.com\/magazine365\/wp-content\/uploads\/2015\/06\/aeropuerto.jpg\" \/>\n\t\t<script type=\"application\/ld+json\" class=\"aioseo-schema\">\n\t\t\t{\"@context\":\"https:\\\/\\\/schema.org\",\"@graph\":[{\"@type\":\"Article\",\"@id\":\"https:\\\/\\\/eldigitaldeasturias.com\\\/magazine365\\\/los-usuarios-de-avion-despegan-un-14-y-los-de-ave-crecen-un-71-en-marzo\\\/#article\",\"name\":\"Los usuarios de avi\\u00f3n despegan un 14% y los de AVE crecen un 7,1% en marzo | El Digital de Asturias\",\"headline\":\"Los usuarios de avi\\u00f3n despegan un 14% y los de AVE crecen un 7,1% en marzo\",\"author\":{\"@id\":\"https:\\\/\\\/eldigitaldeasturias.com\\\/magazine365\\\/author\\\/admin\\\/#author\"},\"publisher\":{\"@id\":\"https:\\\/\\\/eldigitaldeasturias.com\\\/magazine365\\\/#organization\"},\"image\":{\"@type\":\"ImageObject\",\"url\":\"https:\\\/\\\/eldigitaldeasturias.com\\\/magazine365\\\/wp-content\\\/uploads\\\/2015\\\/06\\\/aeropuerto.jpg\",\"width\":800,\"height\":531},\"datePublished\":\"2016-05-17T02:18:11+02:00\",\"dateModified\":\"2016-05-17T02:18:11+02:00\",\"inLanguage\":\"es-ES\",\"mainEntityOfPage\":{\"@id\":\"https:\\\/\\\/eldigitaldeasturias.com\\\/magazine365\\\/los-usuarios-de-avion-despegan-un-14-y-los-de-ave-crecen-un-71-en-marzo\\\/#webpage\"},\"isPartOf\":{\"@id\":\"https:\\\/\\\/eldigitaldeasturias.com\\\/magazine365\\\/los-usuarios-de-avion-despegan-un-14-y-los-de-ave-crecen-un-71-en-marzo\\\/#webpage\"},\"articleSection\":\"Noticias y Actualidad\"},{\"@type\":\"BreadcrumbList\",\"@id\":\"https:\\\/\\\/eldigitaldeasturias.com\\\/magazine365\\\/los-usuarios-de-avion-despegan-un-14-y-los-de-ave-crecen-un-71-en-marzo\\\/#breadcrumblist\",\"itemListElement\":[{\"@type\":\"ListItem\",\"@id\":\"https:\\\/\\\/eldigitaldeasturias.com\\\/magazine365#listItem\",\"position\":1,\"name\":\"Home\",\"item\":\"https:\\\/\\\/eldigitaldeasturias.com\\\/magazine365\",\"nextItem\":{\"@type\":\"ListItem\",\"@id\":\"https:\\\/\\\/eldigitaldeasturias.com\\\/magazine365\\\/category\\\/noticias-actualidad\\\/#listItem\",\"name\":\"Noticias y Actualidad\"}},{\"@type\":\"ListItem\",\"@id\":\"https:\\\/\\\/eldigitaldeasturias.com\\\/magazine365\\\/category\\\/noticias-actualidad\\\/#listItem\",\"position\":2,\"name\":\"Noticias y Actualidad\",\"item\":\"https:\\\/\\\/eldigitaldeasturias.com\\\/magazine365\\\/category\\\/noticias-actualidad\\\/\",\"nextItem\":{\"@type\":\"ListItem\",\"@id\":\"https:\\\/\\\/eldigitaldeasturias.com\\\/magazine365\\\/los-usuarios-de-avion-despegan-un-14-y-los-de-ave-crecen-un-71-en-marzo\\\/#listItem\",\"name\":\"Los usuarios de avi\\u00f3n despegan un 14% y los de AVE crecen un 7,1% en marzo\"},\"previousItem\":{\"@type\":\"ListItem\",\"@id\":\"https:\\\/\\\/eldigitaldeasturias.com\\\/magazine365#listItem\",\"name\":\"Home\"}},{\"@type\":\"ListItem\",\"@id\":\"https:\\\/\\\/eldigitaldeasturias.com\\\/magazine365\\\/los-usuarios-de-avion-despegan-un-14-y-los-de-ave-crecen-un-71-en-marzo\\\/#listItem\",\"position\":3,\"name\":\"Los usuarios de avi\\u00f3n despegan un 14% y los de AVE crecen un 7,1% en marzo\",\"previousItem\":{\"@type\":\"ListItem\",\"@id\":\"https:\\\/\\\/eldigitaldeasturias.com\\\/magazine365\\\/category\\\/noticias-actualidad\\\/#listItem\",\"name\":\"Noticias y Actualidad\"}}]},{\"@type\":\"Organization\",\"@id\":\"https:\\\/\\\/eldigitaldeasturias.com\\\/magazine365\\\/#organization\",\"name\":\"El digital de Asturias\",\"description\":\"Revista de ocio, turismo y estilo de vida\",\"url\":\"https:\\\/\\\/eldigitaldeasturias.com\\\/magazine365\\\/\",\"logo\":{\"@type\":\"ImageObject\",\"url\":\"https:\\\/\\\/www.eldigitaldeasturias.com\\\/noticias\\\/wp-content\\\/uploads\\\/2020\\\/12\\\/EDA.jpg\",\"@id\":\"https:\\\/\\\/eldigitaldeasturias.com\\\/magazine365\\\/los-usuarios-de-avion-despegan-un-14-y-los-de-ave-crecen-un-71-en-marzo\\\/#organizationLogo\"},\"image\":{\"@id\":\"https:\\\/\\\/eldigitaldeasturias.com\\\/magazine365\\\/los-usuarios-de-avion-despegan-un-14-y-los-de-ave-crecen-un-71-en-marzo\\\/#organizationLogo\"}},{\"@type\":\"Person\",\"@id\":\"https:\\\/\\\/eldigitaldeasturias.com\\\/magazine365\\\/author\\\/admin\\\/#author\",\"url\":\"https:\\\/\\\/eldigitaldeasturias.com\\\/magazine365\\\/author\\\/admin\\\/\",\"name\":\"admin\",\"image\":{\"@type\":\"ImageObject\",\"@id\":\"https:\\\/\\\/eldigitaldeasturias.com\\\/magazine365\\\/los-usuarios-de-avion-despegan-un-14-y-los-de-ave-crecen-un-71-en-marzo\\\/#authorImage\",\"url\":\"https:\\\/\\\/eldigitaldeasturias.com\\\/magazine365\\\/wp-content\\\/litespeed\\\/avatar\\\/e571bcf59a0edd6fa6838245a470f2fe.jpg?ver=1777574230\",\"width\":96,\"height\":96,\"caption\":\"admin\"}},{\"@type\":\"WebPage\",\"@id\":\"https:\\\/\\\/eldigitaldeasturias.com\\\/magazine365\\\/los-usuarios-de-avion-despegan-un-14-y-los-de-ave-crecen-un-71-en-marzo\\\/#webpage\",\"url\":\"https:\\\/\\\/eldigitaldeasturias.com\\\/magazine365\\\/los-usuarios-de-avion-despegan-un-14-y-los-de-ave-crecen-un-71-en-marzo\\\/\",\"name\":\"Los usuarios de avi\\u00f3n despegan un 14% y los de AVE crecen un 7,1% en marzo | El Digital de Asturias\",\"description\":\"El n\\u00famero de viajeros que opt\\u00f3 por viajar en avi\\u00f3n para desplazarse por el interior del pa\\u00eds aument\\u00f3 un 14% en marzo en relaci\\u00f3n al mismo mes de 2015, mientras que los que eligieron los trenes AVE crecieron un 7,1%, seg\\u00fan datos provisionales del Instituto Nacional de Estad\\u00edstica (INE). En concreto, m\\u00e1s de 2,74 millones\",\"inLanguage\":\"es-ES\",\"isPartOf\":{\"@id\":\"https:\\\/\\\/eldigitaldeasturias.com\\\/magazine365\\\/#website\"},\"breadcrumb\":{\"@id\":\"https:\\\/\\\/eldigitaldeasturias.com\\\/magazine365\\\/los-usuarios-de-avion-despegan-un-14-y-los-de-ave-crecen-un-71-en-marzo\\\/#breadcrumblist\"},\"author\":{\"@id\":\"https:\\\/\\\/eldigitaldeasturias.com\\\/magazine365\\\/author\\\/admin\\\/#author\"},\"creator\":{\"@id\":\"https:\\\/\\\/eldigitaldeasturias.com\\\/magazine365\\\/author\\\/admin\\\/#author\"},\"image\":{\"@type\":\"ImageObject\",\"url\":\"https:\\\/\\\/eldigitaldeasturias.com\\\/magazine365\\\/wp-content\\\/uploads\\\/2015\\\/06\\\/aeropuerto.jpg\",\"@id\":\"https:\\\/\\\/eldigitaldeasturias.com\\\/magazine365\\\/los-usuarios-de-avion-despegan-un-14-y-los-de-ave-crecen-un-71-en-marzo\\\/#mainImage\",\"width\":800,\"height\":531},\"primaryImageOfPage\":{\"@id\":\"https:\\\/\\\/eldigitaldeasturias.com\\\/magazine365\\\/los-usuarios-de-avion-despegan-un-14-y-los-de-ave-crecen-un-71-en-marzo\\\/#mainImage\"},\"datePublished\":\"2016-05-17T02:18:11+02:00\",\"dateModified\":\"2016-05-17T02:18:11+02:00\"},{\"@type\":\"WebSite\",\"@id\":\"https:\\\/\\\/eldigitaldeasturias.com\\\/magazine365\\\/#website\",\"url\":\"https:\\\/\\\/eldigitaldeasturias.com\\\/magazine365\\\/\",\"name\":\"El Digital de Asturias\",\"description\":\"Revista de ocio, turismo y estilo de vida\",\"inLanguage\":\"es-ES\",\"publisher\":{\"@id\":\"https:\\\/\\\/eldigitaldeasturias.com\\\/magazine365\\\/#organization\"}}]}\n\t\t<\/script>\n\t\t<!-- All in One SEO Pro -->\r\n\t\t<title>Los usuarios de avi\u00f3n despegan un 14% y los de AVE crecen un 7,1% en marzo | El Digital de Asturias<\/title>\n\n","aioseo_head_json":{"title":"Los usuarios de avi\u00f3n despegan un 14% y los de AVE crecen un 7,1% en marzo | El Digital de Asturias","description":"El n\u00famero de viajeros que opt\u00f3 por viajar en avi\u00f3n para desplazarse por el interior del pa\u00eds aument\u00f3 un 14% en marzo en relaci\u00f3n al mismo mes de 2015, mientras que los que eligieron los trenes AVE crecieron un 7,1%, seg\u00fan datos provisionales del Instituto Nacional de Estad\u00edstica (INE). En concreto, m\u00e1s de 2,74 millones","canonical_url":"https:\/\/eldigitaldeasturias.com\/magazine365\/los-usuarios-de-avion-despegan-un-14-y-los-de-ave-crecen-un-71-en-marzo\/","robots":"max-image-preview:large","keywords":"noticias y actualidad","webmasterTools":{"google-site-verification":"UA-38556648-1","miscellaneous":""},"schema":{"@context":"https:\/\/schema.org","@graph":[{"@type":"Article","@id":"https:\/\/eldigitaldeasturias.com\/magazine365\/los-usuarios-de-avion-despegan-un-14-y-los-de-ave-crecen-un-71-en-marzo\/#article","name":"Los usuarios de avi\u00f3n despegan un 14% y los de AVE crecen un 7,1% en marzo | El Digital de Asturias","headline":"Los usuarios de avi\u00f3n despegan un 14% y los de AVE crecen un 7,1% en marzo","author":{"@id":"https:\/\/eldigitaldeasturias.com\/magazine365\/author\/admin\/#author"},"publisher":{"@id":"https:\/\/eldigitaldeasturias.com\/magazine365\/#organization"},"image":{"@type":"ImageObject","url":"https:\/\/eldigitaldeasturias.com\/magazine365\/wp-content\/uploads\/2015\/06\/aeropuerto.jpg","width":800,"height":531},"datePublished":"2016-05-17T02:18:11+02:00","dateModified":"2016-05-17T02:18:11+02:00","inLanguage":"es-ES","mainEntityOfPage":{"@id":"https:\/\/eldigitaldeasturias.com\/magazine365\/los-usuarios-de-avion-despegan-un-14-y-los-de-ave-crecen-un-71-en-marzo\/#webpage"},"isPartOf":{"@id":"https:\/\/eldigitaldeasturias.com\/magazine365\/los-usuarios-de-avion-despegan-un-14-y-los-de-ave-crecen-un-71-en-marzo\/#webpage"},"articleSection":"Noticias y Actualidad"},{"@type":"BreadcrumbList","@id":"https:\/\/eldigitaldeasturias.com\/magazine365\/los-usuarios-de-avion-despegan-un-14-y-los-de-ave-crecen-un-71-en-marzo\/#breadcrumblist","itemListElement":[{"@type":"ListItem","@id":"https:\/\/eldigitaldeasturias.com\/magazine365#listItem","position":1,"name":"Home","item":"https:\/\/eldigitaldeasturias.com\/magazine365","nextItem":{"@type":"ListItem","@id":"https:\/\/eldigitaldeasturias.com\/magazine365\/category\/noticias-actualidad\/#listItem","name":"Noticias y Actualidad"}},{"@type":"ListItem","@id":"https:\/\/eldigitaldeasturias.com\/magazine365\/category\/noticias-actualidad\/#listItem","position":2,"name":"Noticias y Actualidad","item":"https:\/\/eldigitaldeasturias.com\/magazine365\/category\/noticias-actualidad\/","nextItem":{"@type":"ListItem","@id":"https:\/\/eldigitaldeasturias.com\/magazine365\/los-usuarios-de-avion-despegan-un-14-y-los-de-ave-crecen-un-71-en-marzo\/#listItem","name":"Los usuarios de avi\u00f3n despegan un 14% y los de AVE crecen un 7,1% en marzo"},"previousItem":{"@type":"ListItem","@id":"https:\/\/eldigitaldeasturias.com\/magazine365#listItem","name":"Home"}},{"@type":"ListItem","@id":"https:\/\/eldigitaldeasturias.com\/magazine365\/los-usuarios-de-avion-despegan-un-14-y-los-de-ave-crecen-un-71-en-marzo\/#listItem","position":3,"name":"Los usuarios de avi\u00f3n despegan un 14% y los de AVE crecen un 7,1% en marzo","previousItem":{"@type":"ListItem","@id":"https:\/\/eldigitaldeasturias.com\/magazine365\/category\/noticias-actualidad\/#listItem","name":"Noticias y Actualidad"}}]},{"@type":"Organization","@id":"https:\/\/eldigitaldeasturias.com\/magazine365\/#organization","name":"El digital de Asturias","description":"Revista de ocio, turismo y estilo de vida","url":"https:\/\/eldigitaldeasturias.com\/magazine365\/","logo":{"@type":"ImageObject","url":"https:\/\/www.eldigitaldeasturias.com\/noticias\/wp-content\/uploads\/2020\/12\/EDA.jpg","@id":"https:\/\/eldigitaldeasturias.com\/magazine365\/los-usuarios-de-avion-despegan-un-14-y-los-de-ave-crecen-un-71-en-marzo\/#organizationLogo"},"image":{"@id":"https:\/\/eldigitaldeasturias.com\/magazine365\/los-usuarios-de-avion-despegan-un-14-y-los-de-ave-crecen-un-71-en-marzo\/#organizationLogo"}},{"@type":"Person","@id":"https:\/\/eldigitaldeasturias.com\/magazine365\/author\/admin\/#author","url":"https:\/\/eldigitaldeasturias.com\/magazine365\/author\/admin\/","name":"admin","image":{"@type":"ImageObject","@id":"https:\/\/eldigitaldeasturias.com\/magazine365\/los-usuarios-de-avion-despegan-un-14-y-los-de-ave-crecen-un-71-en-marzo\/#authorImage","url":"https:\/\/eldigitaldeasturias.com\/magazine365\/wp-content\/litespeed\/avatar\/e571bcf59a0edd6fa6838245a470f2fe.jpg?ver=1777574230","width":96,"height":96,"caption":"admin"}},{"@type":"WebPage","@id":"https:\/\/eldigitaldeasturias.com\/magazine365\/los-usuarios-de-avion-despegan-un-14-y-los-de-ave-crecen-un-71-en-marzo\/#webpage","url":"https:\/\/eldigitaldeasturias.com\/magazine365\/los-usuarios-de-avion-despegan-un-14-y-los-de-ave-crecen-un-71-en-marzo\/","name":"Los usuarios de avi\u00f3n despegan un 14% y los de AVE crecen un 7,1% en marzo | El Digital de Asturias","description":"El n\u00famero de viajeros que opt\u00f3 por viajar en avi\u00f3n para desplazarse por el interior del pa\u00eds aument\u00f3 un 14% en marzo en relaci\u00f3n al mismo mes de 2015, mientras que los que eligieron los trenes AVE crecieron un 7,1%, seg\u00fan datos provisionales del Instituto Nacional de Estad\u00edstica (INE). En concreto, m\u00e1s de 2,74 millones","inLanguage":"es-ES","isPartOf":{"@id":"https:\/\/eldigitaldeasturias.com\/magazine365\/#website"},"breadcrumb":{"@id":"https:\/\/eldigitaldeasturias.com\/magazine365\/los-usuarios-de-avion-despegan-un-14-y-los-de-ave-crecen-un-71-en-marzo\/#breadcrumblist"},"author":{"@id":"https:\/\/eldigitaldeasturias.com\/magazine365\/author\/admin\/#author"},"creator":{"@id":"https:\/\/eldigitaldeasturias.com\/magazine365\/author\/admin\/#author"},"image":{"@type":"ImageObject","url":"https:\/\/eldigitaldeasturias.com\/magazine365\/wp-content\/uploads\/2015\/06\/aeropuerto.jpg","@id":"https:\/\/eldigitaldeasturias.com\/magazine365\/los-usuarios-de-avion-despegan-un-14-y-los-de-ave-crecen-un-71-en-marzo\/#mainImage","width":800,"height":531},"primaryImageOfPage":{"@id":"https:\/\/eldigitaldeasturias.com\/magazine365\/los-usuarios-de-avion-despegan-un-14-y-los-de-ave-crecen-un-71-en-marzo\/#mainImage"},"datePublished":"2016-05-17T02:18:11+02:00","dateModified":"2016-05-17T02:18:11+02:00"},{"@type":"WebSite","@id":"https:\/\/eldigitaldeasturias.com\/magazine365\/#website","url":"https:\/\/eldigitaldeasturias.com\/magazine365\/","name":"El Digital de Asturias","description":"Revista de ocio, turismo y estilo de vida","inLanguage":"es-ES","publisher":{"@id":"https:\/\/eldigitaldeasturias.com\/magazine365\/#organization"}}]},"og:locale":"es_ES","og:site_name":"El Digital de Asturias \u2013 Revista de ocio, turismo y estilo de vida","og:type":"article","og:title":"Los usuarios de avi\u00f3n despegan un 14% y los de AVE crecen un 7,1% en marzo | El Digital de Asturias","og:description":"El n\u00famero de viajeros que opt\u00f3 por viajar en avi\u00f3n para desplazarse por el interior del pa\u00eds aument\u00f3 un 14% en marzo en relaci\u00f3n al mismo mes de 2015, mientras que los que eligieron los trenes AVE crecieron un 7,1%, seg\u00fan datos provisionales del Instituto Nacional de Estad\u00edstica (INE). En concreto, m\u00e1s de 2,74 millones","og:url":"https:\/\/eldigitaldeasturias.com\/magazine365\/los-usuarios-de-avion-despegan-un-14-y-los-de-ave-crecen-un-71-en-marzo\/","og:image":"https:\/\/eldigitaldeasturias.com\/magazine365\/wp-content\/uploads\/2015\/06\/aeropuerto.jpg","og:image:secure_url":"https:\/\/eldigitaldeasturias.com\/magazine365\/wp-content\/uploads\/2015\/06\/aeropuerto.jpg","og:image:width":800,"og:image:height":531,"article:published_time":"2016-05-17T00:18:11+00:00","article:modified_time":"2016-05-17T00:18:11+00:00","twitter:card":"summary_large_image","twitter:title":"Los usuarios de avi\u00f3n despegan un 14% y los de AVE crecen un 7,1% en marzo | El Digital de Asturias","twitter:description":"El n\u00famero de viajeros que opt\u00f3 por viajar en avi\u00f3n para desplazarse por el interior del pa\u00eds aument\u00f3 un 14% en marzo en relaci\u00f3n al mismo mes de 2015, mientras que los que eligieron los trenes AVE crecieron un 7,1%, seg\u00fan datos provisionales del Instituto Nacional de Estad\u00edstica (INE). En concreto, m\u00e1s de 2,74 millones","twitter:image":"https:\/\/eldigitaldeasturias.com\/magazine365\/wp-content\/uploads\/2015\/06\/aeropuerto.jpg"},"aioseo_meta_data":{"post_id":"76186","title":null,"description":null,"keywords":null,"keyphrases":null,"primary_term":null,"canonical_url":null,"og_title":null,"og_description":null,"og_object_type":"default","og_image_type":"default","og_image_url":null,"og_image_width":null,"og_image_height":null,"og_image_custom_url":null,"og_image_custom_fields":null,"og_video":null,"og_custom_url":null,"og_article_section":null,"og_article_tags":null,"twitter_use_og":false,"twitter_card":"default","twitter_image_type":"default","twitter_image_url":null,"twitter_image_custom_url":null,"twitter_image_custom_fields":null,"twitter_title":null,"twitter_description":null,"schema":{"blockGraphs":[],"customGraphs":[],"default":{"data":{"Article":[],"Course":[],"Dataset":[],"FAQPage":[],"Movie":[],"Person":[],"Product":[],"ProductReview":[],"Car":[],"Recipe":[],"Service":[],"SoftwareApplication":[],"WebPage":[]},"graphName":"","isEnabled":true},"graphs":[],"defaultGraph":"","defaultPostTypeGraph":""},"schema_type":null,"schema_type_options":null,"pillar_content":false,"robots_default":true,"robots_noindex":false,"robots_noarchive":false,"robots_nosnippet":false,"robots_nofollow":false,"robots_noimageindex":false,"robots_noodp":false,"robots_notranslate":false,"robots_max_snippet":null,"robots_max_videopreview":null,"robots_max_imagepreview":"large","priority":null,"frequency":null,"location":null,"local_seo":null,"seo_analyzer_scan_date":"2025-09-27 12:02:49","breadcrumb_settings":null,"limit_modified_date":false,"open_ai":null,"ai":null,"created":"2021-03-08 18:31:45","updated":"2025-09-27 12:02:49"},"aioseo_breadcrumb":"<div class=\"aioseo-breadcrumbs\"><span class=\"aioseo-breadcrumb\">\n\t<a href=\"https:\/\/eldigitaldeasturias.com\/magazine365\" title=\"Home\">Home<\/a>\n<\/span><span class=\"aioseo-breadcrumb-separator\">\u2013<\/span><span class=\"aioseo-breadcrumb\">\n\t<a href=\"https:\/\/eldigitaldeasturias.com\/magazine365\/category\/noticias-actualidad\/\" title=\"Noticias y Actualidad\">Noticias y Actualidad<\/a>\n<\/span><span class=\"aioseo-breadcrumb-separator\">\u2013<\/span><span class=\"aioseo-breadcrumb\">\n\t<a href=\"https:\/\/eldigitaldeasturias.com\/magazine365\/los-usuarios-de-avion-despegan-un-14-y-los-de-ave-crecen-un-71-en-marzo\/\" title=\"Los usuarios de avi\u00f3n despegan un 14% y los de AVE crecen un 7,1% en marzo\">Los usuarios de avi\u00f3n despegan un 14% y los de AVE crecen un 7,1% en marzo<\/a>\n<\/span><\/div>","aioseo_breadcrumb_json":[{"label":"Home","link":"https:\/\/eldigitaldeasturias.com\/magazine365"},{"label":"Noticias y Actualidad","link":"https:\/\/eldigitaldeasturias.com\/magazine365\/category\/noticias-actualidad\/"},{"label":"Los usuarios de avi\u00f3n despegan un 14% y los de AVE crecen un 7,1% en marzo","link":"https:\/\/eldigitaldeasturias.com\/magazine365\/los-usuarios-de-avion-despegan-un-14-y-los-de-ave-crecen-un-71-en-marzo\/"}],"_links":{"self":[{"href":"https:\/\/eldigitaldeasturias.com\/magazine365\/wp-json\/wp\/v2\/posts\/76186","targetHints":{"allow":["GET"]}}],"collection":[{"href":"https:\/\/eldigitaldeasturias.com\/magazine365\/wp-json\/wp\/v2\/posts"}],"about":[{"href":"https:\/\/eldigitaldeasturias.com\/magazine365\/wp-json\/wp\/v2\/types\/post"}],"author":[{"embeddable":true,"href":"https:\/\/eldigitaldeasturias.com\/magazine365\/wp-json\/wp\/v2\/users\/1"}],"replies":[{"embeddable":true,"href":"https:\/\/eldigitaldeasturias.com\/magazine365\/wp-json\/wp\/v2\/comments?post=76186"}],"version-history":[{"count":0,"href":"https:\/\/eldigitaldeasturias.com\/magazine365\/wp-json\/wp\/v2\/posts\/76186\/revisions"}],"wp:featuredmedia":[{"embeddable":true,"href":"https:\/\/eldigitaldeasturias.com\/magazine365\/wp-json\/wp\/v2\/media\/39092"}],"wp:attachment":[{"href":"https:\/\/eldigitaldeasturias.com\/magazine365\/wp-json\/wp\/v2\/media?parent=76186"}],"wp:term":[{"taxonomy":"category","embeddable":true,"href":"https:\/\/eldigitaldeasturias.com\/magazine365\/wp-json\/wp\/v2\/categories?post=76186"},{"taxonomy":"post_tag","embeddable":true,"href":"https:\/\/eldigitaldeasturias.com\/magazine365\/wp-json\/wp\/v2\/tags?post=76186"}],"curies":[{"name":"wp","href":"https:\/\/api.w.org\/{rel}","templated":true}]}}