{"id":76171,"date":"2016-05-17T02:13:36","date_gmt":"2016-05-17T00:13:36","guid":{"rendered":"http:\/\/eldigitaldeasturias.com\/magazine365\/?p=76171"},"modified":"2016-05-17T02:13:36","modified_gmt":"2016-05-17T00:13:36","slug":"margallo-confia-en-el-recorrido-de-los-recursos-contra-decretos-de-turismo-no-me-gusta-perder-ni-contra-el-parchis","status":"publish","type":"post","link":"https:\/\/eldigitaldeasturias.com\/magazine365\/margallo-confia-en-el-recorrido-de-los-recursos-contra-decretos-de-turismo-no-me-gusta-perder-ni-contra-el-parchis\/","title":{"rendered":"Margallo conf\u00eda en el recorrido de los recursos contra decretos de turismo: \u00abNo me gusta perder ni contra el parch\u00eds\u00bb"},"content":{"rendered":"<p><img fetchpriority=\"high\" decoding=\"async\" class=\"alignleft size-medium wp-image-76172\" src=\"https:\/\/eldigitaldeasturias.com\/magazine365\/wp-content\/uploads\/2016\/05\/fotonoticia_20160512085703_800-360x270.jpg\" alt=\"fotonoticia_20160512085703_800\" width=\"360\" height=\"270\" srcset=\"https:\/\/eldigitaldeasturias.com\/magazine365\/wp-content\/uploads\/2016\/05\/fotonoticia_20160512085703_800-360x270.jpg 360w, https:\/\/eldigitaldeasturias.com\/magazine365\/wp-content\/uploads\/2016\/05\/fotonoticia_20160512085703_800-650x488.jpg 650w, https:\/\/eldigitaldeasturias.com\/magazine365\/wp-content\/uploads\/2016\/05\/fotonoticia_20160512085703_800-768x576.jpg 768w, https:\/\/eldigitaldeasturias.com\/magazine365\/wp-content\/uploads\/2016\/05\/fotonoticia_20160512085703_800-150x113.jpg 150w, https:\/\/eldigitaldeasturias.com\/magazine365\/wp-content\/uploads\/2016\/05\/fotonoticia_20160512085703_800-450x338.jpg 450w, https:\/\/eldigitaldeasturias.com\/magazine365\/wp-content\/uploads\/2016\/05\/fotonoticia_20160512085703_800-90x67.jpg 90w, https:\/\/eldigitaldeasturias.com\/magazine365\/wp-content\/uploads\/2016\/05\/fotonoticia_20160512085703_800-164x124.jpg 164w, https:\/\/eldigitaldeasturias.com\/magazine365\/wp-content\/uploads\/2016\/05\/fotonoticia_20160512085703_800-100x75.jpg 100w, https:\/\/eldigitaldeasturias.com\/magazine365\/wp-content\/uploads\/2016\/05\/fotonoticia_20160512085703_800.jpg 800w\" sizes=\"(max-width: 360px) 100vw, 360px\" \/>El ministro de Asuntos Exteriores y Cooperaci\u00f3n, Jos\u00e9 Manuel Garc\u00eda Margallo, ha indicado este mi\u00e9rcoles que conf\u00eda en el recorrido jur\u00eddico de los recurso interpuesto por el Gobierno y las Diputaciones de Alicante y Castell\u00f3n contra los decretos de coordinaci\u00f3n de turismo y deporte del Consell. \u00abSi no creyera en ellos no los hubiera presentado porque no me gusta ni perder contra el parch\u00eds\u00bb, ha se\u00f1alado.<\/p>\n<p>As\u00ed, lo ha indicado Margallo a los medios de comunicaci\u00f3n en Alicante donde se ha reunido con el presidente de la corporaci\u00f3n provincial alicantino, C\u00e9sar S\u00e1nchez, y el de Castell\u00f3n, Javier Moliner, al ser preguntado sobre si conf\u00eda en el recorrido de los recursos interpuestos por el Gobierno y las dos corporaciones provinciales contra los decretos de coordinaci\u00f3n de turismo y deporte aprobados por la Generalitat Valenciana el pasado mes de marzo.<\/p>\n<p>Al respecto, ha afirmado este extremo al se\u00f1alar que si no creyera en ellos no los hubiera interpuesto porque no le gusta \u00abni perder contra el parch\u00eds\u00bb. No obstante, ha defendido que ser\u00e1 el Tribunal Superior de Justicia de la Comunitat Valenciana (TSJCV) el que deber\u00e1 determinar si los decretos del Consell de Ximo Puig son \u00abcoherentes\u00bb y \u00abdesarrollan la ley o la exceden\u00bb.<\/p>\n<p>Adem\u00e1s, Margallo ha avanzado que se han dado \u00abinstrucciones\u00bb al Ministerio de Hacienda y Administraciones P\u00fablicas para que \u00abestudie\u00bb la conveniencia de establecer un recurso de inconstitucionalidad en el supuesto de que los recursos de las diputaciones de Alicante y Castell\u00f3n contra estos decretos \u00abno fuesen suficientes\u00bb. \u00abSe est\u00e1 estudiando en estos momentos y cuando se llegue a una conclusi\u00f3n jur\u00eddica y de la oportunidad pol\u00edtica, habr\u00e1 una respuesta\u00bb, ha manifestado.<\/p>\n<p>El ministro en funciones ha defendido que sigue siendo diputado por la provincia de Alicante \u00abcomo miembro de la Diputaci\u00f3n permanente\u00bb del Congreso y ha afirmado que si la provincia entiende que su instituci\u00f3n m\u00e1s representativa est\u00e1 amenazada en sus competencias y en su financiaci\u00f3n, su deber es ponerse \u00abal lado de la Diputaci\u00f3n de Alicante\u00bb. \u00abEso es lo que he hecho\u00bb, ha puntualizado.<\/p>\n<p>LOS RECURSOS \u00abNO SON ELECTORALISTAS\u00bb<\/p>\n<p>de este modo, ha defendido que los recursos \u00abno son electoralistas\u00bb sino \u00aboportunos o no oportunos\u00bb y que se presentan \u00aben un plazo determinado o carecen de sentido\u00bb.<\/p>\n<p>Por su parte, el presidente de la Diputaci\u00f3n de Alicante, C\u00e9sar S\u00e1nchez, ha acusado al presidente de la Generalitat, Ximo Puig, de \u00ababrir brechas\u00bb porque tienen formas \u00abdistintas\u00bb de entender \u00abEspa\u00f1a y la Comunitat Valenciana\u00bb. Ha defendido que la premisa es el di\u00e1logo y el consenso para \u00abconstantemente de manera leal\u00bb trabajar \u00abentre las distintas administraciones con independencia de qui\u00e9n ostente la responsabilidad de gobernar y de qu\u00e9 partido sea\u00bb.<\/p>\n<p>COMISI\u00d3N DE TRABAJO<\/p>\n<p>Sin embargo, se ha felicitado por la admisi\u00f3n a tr\u00e1mite de los recursos de las dos diputaciones al decreto del Consell para Coordinar turismo y deportes y ha anunciado que \u00aben las pr\u00f3ximas fechas se va a realizar una comisi\u00f3n de trabajo entre el gobierno valenciano, la secretaria auton\u00f3mica de turismo y las dos diputaciones, entiendo que tambi\u00e9n Valencia, para preparar Fitur\u00bb.<\/p>\n<p>S\u00e1nchez ha lanzado un mensaje para \u00abempezar de nuevo\u00bb poniendo el \u00abcontador a cero\u00bb porque Puig ha tenido un \u00abinicio de legislatura dif\u00edcil\u00bb con Comprom\u00eds y Podemos que han estado \u00abcomplicando constantemente la gesti\u00f3n de gobierno\u00bb. As\u00ed, ha apelado al di\u00e1logo y al consenso porque \u00abpor encima de todo est\u00e1 el inter\u00e9s general, respetar la Constituci\u00f3n y la instituci\u00f3n provincial\u00bb.<\/p>\n<p>Adem\u00e1s, le ha \u00abtendido la mano a Puig\u00bb para que visite el Palacio Provincial de Alicante y ha cre\u00eddo que \u00abcon humildad y sencillez ganaremos nosotros y la provincia\u00bb.<\/p>\n<p>&nbsp;<\/p>\n","protected":false},"excerpt":{"rendered":"<p>El ministro de Asuntos Exteriores y Cooperaci\u00f3n, Jos\u00e9 Manuel Garc\u00eda Margallo, ha indicado este mi\u00e9rcoles que conf\u00eda en el recorrido jur\u00eddico de los recurso interpuesto por el Gobierno y las Diputaciones de Alicante y Castell\u00f3n contra los decretos de coordinaci\u00f3n de turismo y deporte del Consell. \u00abSi no creyera en ellos no los hubiera presentado<\/p>\n","protected":false},"author":1,"featured_media":76172,"comment_status":"open","ping_status":"closed","sticky":false,"template":"","format":"standard","meta":{"footnotes":""},"categories":[224],"tags":[],"class_list":{"0":"post-76171","1":"post","2":"type-post","3":"status-publish","4":"format-standard","5":"has-post-thumbnail","7":"category-noticias-actualidad"},"aioseo_notices":[],"aioseo_head":"\n\t\t<!-- All in One SEO Pro 4.9.6.1 - aioseo.com -->\n\t<meta name=\"description\" content=\"El ministro de Asuntos Exteriores y Cooperaci\u00f3n, Jos\u00e9 Manuel Garc\u00eda Margallo, ha indicado este mi\u00e9rcoles que conf\u00eda en el recorrido jur\u00eddico de los recurso interpuesto por el Gobierno y las Diputaciones de Alicante y Castell\u00f3n contra los decretos de coordinaci\u00f3n de turismo y deporte del Consell. &quot;Si no creyera en ellos no los hubiera presentado\" \/>\n\t<meta name=\"robots\" content=\"max-image-preview:large\" \/>\n\t<meta name=\"author\" content=\"admin\"\/>\n\t<meta name=\"google-site-verification\" content=\"UA-38556648-1\" \/>\n\t<meta name=\"keywords\" content=\"noticias y actualidad\" \/>\n\t<link rel=\"canonical\" href=\"https:\/\/eldigitaldeasturias.com\/magazine365\/margallo-confia-en-el-recorrido-de-los-recursos-contra-decretos-de-turismo-no-me-gusta-perder-ni-contra-el-parchis\/\" \/>\n\t<meta name=\"generator\" content=\"All in One SEO Pro (AIOSEO) 4.9.6.1\" \/>\n\t\t<meta property=\"og:locale\" content=\"es_ES\" \/>\n\t\t<meta property=\"og:site_name\" content=\"El Digital de Asturias \u2013 Revista de ocio, turismo y estilo de vida\" \/>\n\t\t<meta property=\"og:type\" content=\"article\" \/>\n\t\t<meta property=\"og:title\" content=\"Margallo conf\u00eda en el recorrido de los recursos contra decretos de turismo: \u00abNo me gusta perder ni contra el parch\u00eds\u00bb | El Digital de Asturias\" \/>\n\t\t<meta property=\"og:description\" content=\"El ministro de Asuntos Exteriores y Cooperaci\u00f3n, Jos\u00e9 Manuel Garc\u00eda Margallo, ha indicado este mi\u00e9rcoles que conf\u00eda en el recorrido jur\u00eddico de los recurso interpuesto por el Gobierno y las Diputaciones de Alicante y Castell\u00f3n contra los decretos de coordinaci\u00f3n de turismo y deporte del Consell. &quot;Si no creyera en ellos no los hubiera presentado\" \/>\n\t\t<meta property=\"og:url\" content=\"https:\/\/eldigitaldeasturias.com\/magazine365\/margallo-confia-en-el-recorrido-de-los-recursos-contra-decretos-de-turismo-no-me-gusta-perder-ni-contra-el-parchis\/\" \/>\n\t\t<meta property=\"og:image\" content=\"https:\/\/eldigitaldeasturias.com\/magazine365\/wp-content\/uploads\/2016\/05\/fotonoticia_20160512085703_800.jpg\" \/>\n\t\t<meta property=\"og:image:secure_url\" content=\"https:\/\/eldigitaldeasturias.com\/magazine365\/wp-content\/uploads\/2016\/05\/fotonoticia_20160512085703_800.jpg\" \/>\n\t\t<meta property=\"og:image:width\" content=\"800\" \/>\n\t\t<meta property=\"og:image:height\" content=\"600\" \/>\n\t\t<meta property=\"article:published_time\" content=\"2016-05-17T00:13:36+00:00\" \/>\n\t\t<meta property=\"article:modified_time\" content=\"2016-05-17T00:13:36+00:00\" \/>\n\t\t<meta name=\"twitter:card\" content=\"summary_large_image\" \/>\n\t\t<meta name=\"twitter:title\" content=\"Margallo conf\u00eda en el recorrido de los recursos contra decretos de turismo: \u00abNo me gusta perder ni contra el parch\u00eds\u00bb | El Digital de Asturias\" \/>\n\t\t<meta name=\"twitter:description\" content=\"El ministro de Asuntos Exteriores y Cooperaci\u00f3n, Jos\u00e9 Manuel Garc\u00eda Margallo, ha indicado este mi\u00e9rcoles que conf\u00eda en el recorrido jur\u00eddico de los recurso interpuesto por el Gobierno y las Diputaciones de Alicante y Castell\u00f3n contra los decretos de coordinaci\u00f3n de turismo y deporte del Consell. &quot;Si no creyera en ellos no los hubiera presentado\" \/>\n\t\t<meta name=\"twitter:image\" content=\"https:\/\/eldigitaldeasturias.com\/magazine365\/wp-content\/uploads\/2016\/05\/fotonoticia_20160512085703_800.jpg\" \/>\n\t\t<script type=\"application\/ld+json\" class=\"aioseo-schema\">\n\t\t\t{\"@context\":\"https:\\\/\\\/schema.org\",\"@graph\":[{\"@type\":\"Article\",\"@id\":\"https:\\\/\\\/eldigitaldeasturias.com\\\/magazine365\\\/margallo-confia-en-el-recorrido-de-los-recursos-contra-decretos-de-turismo-no-me-gusta-perder-ni-contra-el-parchis\\\/#article\",\"name\":\"Margallo conf\\u00eda en el recorrido de los recursos contra decretos de turismo: \\u00abNo me gusta perder ni contra el parch\\u00eds\\u00bb | El Digital de Asturias\",\"headline\":\"Margallo conf\\u00eda en el recorrido de los recursos contra decretos de turismo: \\u00abNo me gusta perder ni contra el parch\\u00eds\\u00bb\",\"author\":{\"@id\":\"https:\\\/\\\/eldigitaldeasturias.com\\\/magazine365\\\/author\\\/admin\\\/#author\"},\"publisher\":{\"@id\":\"https:\\\/\\\/eldigitaldeasturias.com\\\/magazine365\\\/#organization\"},\"image\":{\"@type\":\"ImageObject\",\"url\":\"https:\\\/\\\/eldigitaldeasturias.com\\\/magazine365\\\/wp-content\\\/uploads\\\/2016\\\/05\\\/fotonoticia_20160512085703_800.jpg\",\"width\":800,\"height\":600},\"datePublished\":\"2016-05-17T02:13:36+02:00\",\"dateModified\":\"2016-05-17T02:13:36+02:00\",\"inLanguage\":\"es-ES\",\"mainEntityOfPage\":{\"@id\":\"https:\\\/\\\/eldigitaldeasturias.com\\\/magazine365\\\/margallo-confia-en-el-recorrido-de-los-recursos-contra-decretos-de-turismo-no-me-gusta-perder-ni-contra-el-parchis\\\/#webpage\"},\"isPartOf\":{\"@id\":\"https:\\\/\\\/eldigitaldeasturias.com\\\/magazine365\\\/margallo-confia-en-el-recorrido-de-los-recursos-contra-decretos-de-turismo-no-me-gusta-perder-ni-contra-el-parchis\\\/#webpage\"},\"articleSection\":\"Noticias y Actualidad\"},{\"@type\":\"BreadcrumbList\",\"@id\":\"https:\\\/\\\/eldigitaldeasturias.com\\\/magazine365\\\/margallo-confia-en-el-recorrido-de-los-recursos-contra-decretos-de-turismo-no-me-gusta-perder-ni-contra-el-parchis\\\/#breadcrumblist\",\"itemListElement\":[{\"@type\":\"ListItem\",\"@id\":\"https:\\\/\\\/eldigitaldeasturias.com\\\/magazine365#listItem\",\"position\":1,\"name\":\"Home\",\"item\":\"https:\\\/\\\/eldigitaldeasturias.com\\\/magazine365\",\"nextItem\":{\"@type\":\"ListItem\",\"@id\":\"https:\\\/\\\/eldigitaldeasturias.com\\\/magazine365\\\/category\\\/noticias-actualidad\\\/#listItem\",\"name\":\"Noticias y Actualidad\"}},{\"@type\":\"ListItem\",\"@id\":\"https:\\\/\\\/eldigitaldeasturias.com\\\/magazine365\\\/category\\\/noticias-actualidad\\\/#listItem\",\"position\":2,\"name\":\"Noticias y Actualidad\",\"item\":\"https:\\\/\\\/eldigitaldeasturias.com\\\/magazine365\\\/category\\\/noticias-actualidad\\\/\",\"nextItem\":{\"@type\":\"ListItem\",\"@id\":\"https:\\\/\\\/eldigitaldeasturias.com\\\/magazine365\\\/margallo-confia-en-el-recorrido-de-los-recursos-contra-decretos-de-turismo-no-me-gusta-perder-ni-contra-el-parchis\\\/#listItem\",\"name\":\"Margallo conf\\u00eda en el recorrido de los recursos contra decretos de turismo: \\u00abNo me gusta perder ni contra el parch\\u00eds\\u00bb\"},\"previousItem\":{\"@type\":\"ListItem\",\"@id\":\"https:\\\/\\\/eldigitaldeasturias.com\\\/magazine365#listItem\",\"name\":\"Home\"}},{\"@type\":\"ListItem\",\"@id\":\"https:\\\/\\\/eldigitaldeasturias.com\\\/magazine365\\\/margallo-confia-en-el-recorrido-de-los-recursos-contra-decretos-de-turismo-no-me-gusta-perder-ni-contra-el-parchis\\\/#listItem\",\"position\":3,\"name\":\"Margallo conf\\u00eda en el recorrido de los recursos contra decretos de turismo: \\u00abNo me gusta perder ni contra el parch\\u00eds\\u00bb\",\"previousItem\":{\"@type\":\"ListItem\",\"@id\":\"https:\\\/\\\/eldigitaldeasturias.com\\\/magazine365\\\/category\\\/noticias-actualidad\\\/#listItem\",\"name\":\"Noticias y Actualidad\"}}]},{\"@type\":\"Organization\",\"@id\":\"https:\\\/\\\/eldigitaldeasturias.com\\\/magazine365\\\/#organization\",\"name\":\"El digital de Asturias\",\"description\":\"Revista de ocio, turismo y estilo de vida\",\"url\":\"https:\\\/\\\/eldigitaldeasturias.com\\\/magazine365\\\/\",\"logo\":{\"@type\":\"ImageObject\",\"url\":\"https:\\\/\\\/www.eldigitaldeasturias.com\\\/noticias\\\/wp-content\\\/uploads\\\/2020\\\/12\\\/EDA.jpg\",\"@id\":\"https:\\\/\\\/eldigitaldeasturias.com\\\/magazine365\\\/margallo-confia-en-el-recorrido-de-los-recursos-contra-decretos-de-turismo-no-me-gusta-perder-ni-contra-el-parchis\\\/#organizationLogo\"},\"image\":{\"@id\":\"https:\\\/\\\/eldigitaldeasturias.com\\\/magazine365\\\/margallo-confia-en-el-recorrido-de-los-recursos-contra-decretos-de-turismo-no-me-gusta-perder-ni-contra-el-parchis\\\/#organizationLogo\"}},{\"@type\":\"Person\",\"@id\":\"https:\\\/\\\/eldigitaldeasturias.com\\\/magazine365\\\/author\\\/admin\\\/#author\",\"url\":\"https:\\\/\\\/eldigitaldeasturias.com\\\/magazine365\\\/author\\\/admin\\\/\",\"name\":\"admin\",\"image\":{\"@type\":\"ImageObject\",\"@id\":\"https:\\\/\\\/eldigitaldeasturias.com\\\/magazine365\\\/margallo-confia-en-el-recorrido-de-los-recursos-contra-decretos-de-turismo-no-me-gusta-perder-ni-contra-el-parchis\\\/#authorImage\",\"url\":\"https:\\\/\\\/eldigitaldeasturias.com\\\/magazine365\\\/wp-content\\\/litespeed\\\/avatar\\\/e571bcf59a0edd6fa6838245a470f2fe.jpg?ver=1777574230\",\"width\":96,\"height\":96,\"caption\":\"admin\"}},{\"@type\":\"WebPage\",\"@id\":\"https:\\\/\\\/eldigitaldeasturias.com\\\/magazine365\\\/margallo-confia-en-el-recorrido-de-los-recursos-contra-decretos-de-turismo-no-me-gusta-perder-ni-contra-el-parchis\\\/#webpage\",\"url\":\"https:\\\/\\\/eldigitaldeasturias.com\\\/magazine365\\\/margallo-confia-en-el-recorrido-de-los-recursos-contra-decretos-de-turismo-no-me-gusta-perder-ni-contra-el-parchis\\\/\",\"name\":\"Margallo conf\\u00eda en el recorrido de los recursos contra decretos de turismo: \\u00abNo me gusta perder ni contra el parch\\u00eds\\u00bb | El Digital de Asturias\",\"description\":\"El ministro de Asuntos Exteriores y Cooperaci\\u00f3n, Jos\\u00e9 Manuel Garc\\u00eda Margallo, ha indicado este mi\\u00e9rcoles que conf\\u00eda en el recorrido jur\\u00eddico de los recurso interpuesto por el Gobierno y las Diputaciones de Alicante y Castell\\u00f3n contra los decretos de coordinaci\\u00f3n de turismo y deporte del Consell. \\\"Si no creyera en ellos no los hubiera presentado\",\"inLanguage\":\"es-ES\",\"isPartOf\":{\"@id\":\"https:\\\/\\\/eldigitaldeasturias.com\\\/magazine365\\\/#website\"},\"breadcrumb\":{\"@id\":\"https:\\\/\\\/eldigitaldeasturias.com\\\/magazine365\\\/margallo-confia-en-el-recorrido-de-los-recursos-contra-decretos-de-turismo-no-me-gusta-perder-ni-contra-el-parchis\\\/#breadcrumblist\"},\"author\":{\"@id\":\"https:\\\/\\\/eldigitaldeasturias.com\\\/magazine365\\\/author\\\/admin\\\/#author\"},\"creator\":{\"@id\":\"https:\\\/\\\/eldigitaldeasturias.com\\\/magazine365\\\/author\\\/admin\\\/#author\"},\"image\":{\"@type\":\"ImageObject\",\"url\":\"https:\\\/\\\/eldigitaldeasturias.com\\\/magazine365\\\/wp-content\\\/uploads\\\/2016\\\/05\\\/fotonoticia_20160512085703_800.jpg\",\"@id\":\"https:\\\/\\\/eldigitaldeasturias.com\\\/magazine365\\\/margallo-confia-en-el-recorrido-de-los-recursos-contra-decretos-de-turismo-no-me-gusta-perder-ni-contra-el-parchis\\\/#mainImage\",\"width\":800,\"height\":600},\"primaryImageOfPage\":{\"@id\":\"https:\\\/\\\/eldigitaldeasturias.com\\\/magazine365\\\/margallo-confia-en-el-recorrido-de-los-recursos-contra-decretos-de-turismo-no-me-gusta-perder-ni-contra-el-parchis\\\/#mainImage\"},\"datePublished\":\"2016-05-17T02:13:36+02:00\",\"dateModified\":\"2016-05-17T02:13:36+02:00\"},{\"@type\":\"WebSite\",\"@id\":\"https:\\\/\\\/eldigitaldeasturias.com\\\/magazine365\\\/#website\",\"url\":\"https:\\\/\\\/eldigitaldeasturias.com\\\/magazine365\\\/\",\"name\":\"El Digital de Asturias\",\"description\":\"Revista de ocio, turismo y estilo de vida\",\"inLanguage\":\"es-ES\",\"publisher\":{\"@id\":\"https:\\\/\\\/eldigitaldeasturias.com\\\/magazine365\\\/#organization\"}}]}\n\t\t<\/script>\n\t\t<!-- All in One SEO Pro -->\r\n\t\t<title>Margallo conf\u00eda en el recorrido de los recursos contra decretos de turismo: \u00abNo me gusta perder ni contra el parch\u00eds\u00bb | El Digital de Asturias<\/title>\n\n","aioseo_head_json":{"title":"Margallo conf\u00eda en el recorrido de los recursos contra decretos de turismo: \u00abNo me gusta perder ni contra el parch\u00eds\u00bb | El Digital de Asturias","description":"El ministro de Asuntos Exteriores y Cooperaci\u00f3n, Jos\u00e9 Manuel Garc\u00eda Margallo, ha indicado este mi\u00e9rcoles que conf\u00eda en el recorrido jur\u00eddico de los recurso interpuesto por el Gobierno y las Diputaciones de Alicante y Castell\u00f3n contra los decretos de coordinaci\u00f3n de turismo y deporte del Consell. \"Si no creyera en ellos no los hubiera presentado","canonical_url":"https:\/\/eldigitaldeasturias.com\/magazine365\/margallo-confia-en-el-recorrido-de-los-recursos-contra-decretos-de-turismo-no-me-gusta-perder-ni-contra-el-parchis\/","robots":"max-image-preview:large","keywords":"noticias y actualidad","webmasterTools":{"google-site-verification":"UA-38556648-1","miscellaneous":""},"schema":{"@context":"https:\/\/schema.org","@graph":[{"@type":"Article","@id":"https:\/\/eldigitaldeasturias.com\/magazine365\/margallo-confia-en-el-recorrido-de-los-recursos-contra-decretos-de-turismo-no-me-gusta-perder-ni-contra-el-parchis\/#article","name":"Margallo conf\u00eda en el recorrido de los recursos contra decretos de turismo: \u00abNo me gusta perder ni contra el parch\u00eds\u00bb | El Digital de Asturias","headline":"Margallo conf\u00eda en el recorrido de los recursos contra decretos de turismo: \u00abNo me gusta perder ni contra el parch\u00eds\u00bb","author":{"@id":"https:\/\/eldigitaldeasturias.com\/magazine365\/author\/admin\/#author"},"publisher":{"@id":"https:\/\/eldigitaldeasturias.com\/magazine365\/#organization"},"image":{"@type":"ImageObject","url":"https:\/\/eldigitaldeasturias.com\/magazine365\/wp-content\/uploads\/2016\/05\/fotonoticia_20160512085703_800.jpg","width":800,"height":600},"datePublished":"2016-05-17T02:13:36+02:00","dateModified":"2016-05-17T02:13:36+02:00","inLanguage":"es-ES","mainEntityOfPage":{"@id":"https:\/\/eldigitaldeasturias.com\/magazine365\/margallo-confia-en-el-recorrido-de-los-recursos-contra-decretos-de-turismo-no-me-gusta-perder-ni-contra-el-parchis\/#webpage"},"isPartOf":{"@id":"https:\/\/eldigitaldeasturias.com\/magazine365\/margallo-confia-en-el-recorrido-de-los-recursos-contra-decretos-de-turismo-no-me-gusta-perder-ni-contra-el-parchis\/#webpage"},"articleSection":"Noticias y Actualidad"},{"@type":"BreadcrumbList","@id":"https:\/\/eldigitaldeasturias.com\/magazine365\/margallo-confia-en-el-recorrido-de-los-recursos-contra-decretos-de-turismo-no-me-gusta-perder-ni-contra-el-parchis\/#breadcrumblist","itemListElement":[{"@type":"ListItem","@id":"https:\/\/eldigitaldeasturias.com\/magazine365#listItem","position":1,"name":"Home","item":"https:\/\/eldigitaldeasturias.com\/magazine365","nextItem":{"@type":"ListItem","@id":"https:\/\/eldigitaldeasturias.com\/magazine365\/category\/noticias-actualidad\/#listItem","name":"Noticias y Actualidad"}},{"@type":"ListItem","@id":"https:\/\/eldigitaldeasturias.com\/magazine365\/category\/noticias-actualidad\/#listItem","position":2,"name":"Noticias y Actualidad","item":"https:\/\/eldigitaldeasturias.com\/magazine365\/category\/noticias-actualidad\/","nextItem":{"@type":"ListItem","@id":"https:\/\/eldigitaldeasturias.com\/magazine365\/margallo-confia-en-el-recorrido-de-los-recursos-contra-decretos-de-turismo-no-me-gusta-perder-ni-contra-el-parchis\/#listItem","name":"Margallo conf\u00eda en el recorrido de los recursos contra decretos de turismo: \u00abNo me gusta perder ni contra el parch\u00eds\u00bb"},"previousItem":{"@type":"ListItem","@id":"https:\/\/eldigitaldeasturias.com\/magazine365#listItem","name":"Home"}},{"@type":"ListItem","@id":"https:\/\/eldigitaldeasturias.com\/magazine365\/margallo-confia-en-el-recorrido-de-los-recursos-contra-decretos-de-turismo-no-me-gusta-perder-ni-contra-el-parchis\/#listItem","position":3,"name":"Margallo conf\u00eda en el recorrido de los recursos contra decretos de turismo: \u00abNo me gusta perder ni contra el parch\u00eds\u00bb","previousItem":{"@type":"ListItem","@id":"https:\/\/eldigitaldeasturias.com\/magazine365\/category\/noticias-actualidad\/#listItem","name":"Noticias y Actualidad"}}]},{"@type":"Organization","@id":"https:\/\/eldigitaldeasturias.com\/magazine365\/#organization","name":"El digital de Asturias","description":"Revista de ocio, turismo y estilo de vida","url":"https:\/\/eldigitaldeasturias.com\/magazine365\/","logo":{"@type":"ImageObject","url":"https:\/\/www.eldigitaldeasturias.com\/noticias\/wp-content\/uploads\/2020\/12\/EDA.jpg","@id":"https:\/\/eldigitaldeasturias.com\/magazine365\/margallo-confia-en-el-recorrido-de-los-recursos-contra-decretos-de-turismo-no-me-gusta-perder-ni-contra-el-parchis\/#organizationLogo"},"image":{"@id":"https:\/\/eldigitaldeasturias.com\/magazine365\/margallo-confia-en-el-recorrido-de-los-recursos-contra-decretos-de-turismo-no-me-gusta-perder-ni-contra-el-parchis\/#organizationLogo"}},{"@type":"Person","@id":"https:\/\/eldigitaldeasturias.com\/magazine365\/author\/admin\/#author","url":"https:\/\/eldigitaldeasturias.com\/magazine365\/author\/admin\/","name":"admin","image":{"@type":"ImageObject","@id":"https:\/\/eldigitaldeasturias.com\/magazine365\/margallo-confia-en-el-recorrido-de-los-recursos-contra-decretos-de-turismo-no-me-gusta-perder-ni-contra-el-parchis\/#authorImage","url":"https:\/\/eldigitaldeasturias.com\/magazine365\/wp-content\/litespeed\/avatar\/e571bcf59a0edd6fa6838245a470f2fe.jpg?ver=1777574230","width":96,"height":96,"caption":"admin"}},{"@type":"WebPage","@id":"https:\/\/eldigitaldeasturias.com\/magazine365\/margallo-confia-en-el-recorrido-de-los-recursos-contra-decretos-de-turismo-no-me-gusta-perder-ni-contra-el-parchis\/#webpage","url":"https:\/\/eldigitaldeasturias.com\/magazine365\/margallo-confia-en-el-recorrido-de-los-recursos-contra-decretos-de-turismo-no-me-gusta-perder-ni-contra-el-parchis\/","name":"Margallo conf\u00eda en el recorrido de los recursos contra decretos de turismo: \u00abNo me gusta perder ni contra el parch\u00eds\u00bb | El Digital de Asturias","description":"El ministro de Asuntos Exteriores y Cooperaci\u00f3n, Jos\u00e9 Manuel Garc\u00eda Margallo, ha indicado este mi\u00e9rcoles que conf\u00eda en el recorrido jur\u00eddico de los recurso interpuesto por el Gobierno y las Diputaciones de Alicante y Castell\u00f3n contra los decretos de coordinaci\u00f3n de turismo y deporte del Consell. \"Si no creyera en ellos no los hubiera presentado","inLanguage":"es-ES","isPartOf":{"@id":"https:\/\/eldigitaldeasturias.com\/magazine365\/#website"},"breadcrumb":{"@id":"https:\/\/eldigitaldeasturias.com\/magazine365\/margallo-confia-en-el-recorrido-de-los-recursos-contra-decretos-de-turismo-no-me-gusta-perder-ni-contra-el-parchis\/#breadcrumblist"},"author":{"@id":"https:\/\/eldigitaldeasturias.com\/magazine365\/author\/admin\/#author"},"creator":{"@id":"https:\/\/eldigitaldeasturias.com\/magazine365\/author\/admin\/#author"},"image":{"@type":"ImageObject","url":"https:\/\/eldigitaldeasturias.com\/magazine365\/wp-content\/uploads\/2016\/05\/fotonoticia_20160512085703_800.jpg","@id":"https:\/\/eldigitaldeasturias.com\/magazine365\/margallo-confia-en-el-recorrido-de-los-recursos-contra-decretos-de-turismo-no-me-gusta-perder-ni-contra-el-parchis\/#mainImage","width":800,"height":600},"primaryImageOfPage":{"@id":"https:\/\/eldigitaldeasturias.com\/magazine365\/margallo-confia-en-el-recorrido-de-los-recursos-contra-decretos-de-turismo-no-me-gusta-perder-ni-contra-el-parchis\/#mainImage"},"datePublished":"2016-05-17T02:13:36+02:00","dateModified":"2016-05-17T02:13:36+02:00"},{"@type":"WebSite","@id":"https:\/\/eldigitaldeasturias.com\/magazine365\/#website","url":"https:\/\/eldigitaldeasturias.com\/magazine365\/","name":"El Digital de Asturias","description":"Revista de ocio, turismo y estilo de vida","inLanguage":"es-ES","publisher":{"@id":"https:\/\/eldigitaldeasturias.com\/magazine365\/#organization"}}]},"og:locale":"es_ES","og:site_name":"El Digital de Asturias \u2013 Revista de ocio, turismo y estilo de vida","og:type":"article","og:title":"Margallo conf\u00eda en el recorrido de los recursos contra decretos de turismo: \u00abNo me gusta perder ni contra el parch\u00eds\u00bb | El Digital de Asturias","og:description":"El ministro de Asuntos Exteriores y Cooperaci\u00f3n, Jos\u00e9 Manuel Garc\u00eda Margallo, ha indicado este mi\u00e9rcoles que conf\u00eda en el recorrido jur\u00eddico de los recurso interpuesto por el Gobierno y las Diputaciones de Alicante y Castell\u00f3n contra los decretos de coordinaci\u00f3n de turismo y deporte del Consell. &quot;Si no creyera en ellos no los hubiera presentado","og:url":"https:\/\/eldigitaldeasturias.com\/magazine365\/margallo-confia-en-el-recorrido-de-los-recursos-contra-decretos-de-turismo-no-me-gusta-perder-ni-contra-el-parchis\/","og:image":"https:\/\/eldigitaldeasturias.com\/magazine365\/wp-content\/uploads\/2016\/05\/fotonoticia_20160512085703_800.jpg","og:image:secure_url":"https:\/\/eldigitaldeasturias.com\/magazine365\/wp-content\/uploads\/2016\/05\/fotonoticia_20160512085703_800.jpg","og:image:width":800,"og:image:height":600,"article:published_time":"2016-05-17T00:13:36+00:00","article:modified_time":"2016-05-17T00:13:36+00:00","twitter:card":"summary_large_image","twitter:title":"Margallo conf\u00eda en el recorrido de los recursos contra decretos de turismo: \u00abNo me gusta perder ni contra el parch\u00eds\u00bb | El Digital de Asturias","twitter:description":"El ministro de Asuntos Exteriores y Cooperaci\u00f3n, Jos\u00e9 Manuel Garc\u00eda Margallo, ha indicado este mi\u00e9rcoles que conf\u00eda en el recorrido jur\u00eddico de los recurso interpuesto por el Gobierno y las Diputaciones de Alicante y Castell\u00f3n contra los decretos de coordinaci\u00f3n de turismo y deporte del Consell. &quot;Si no creyera en ellos no los hubiera presentado","twitter:image":"https:\/\/eldigitaldeasturias.com\/magazine365\/wp-content\/uploads\/2016\/05\/fotonoticia_20160512085703_800.jpg"},"aioseo_meta_data":{"post_id":"76171","title":null,"description":null,"keywords":null,"keyphrases":null,"primary_term":null,"canonical_url":null,"og_title":null,"og_description":null,"og_object_type":"default","og_image_type":"default","og_image_url":null,"og_image_width":null,"og_image_height":null,"og_image_custom_url":null,"og_image_custom_fields":null,"og_video":null,"og_custom_url":null,"og_article_section":null,"og_article_tags":null,"twitter_use_og":false,"twitter_card":"default","twitter_image_type":"default","twitter_image_url":null,"twitter_image_custom_url":null,"twitter_image_custom_fields":null,"twitter_title":null,"twitter_description":null,"schema":{"blockGraphs":[],"customGraphs":[],"default":{"data":{"Article":[],"Course":[],"Dataset":[],"FAQPage":[],"Movie":[],"Person":[],"Product":[],"ProductReview":[],"Car":[],"Recipe":[],"Service":[],"SoftwareApplication":[],"WebPage":[]},"graphName":"","isEnabled":true},"graphs":[],"defaultGraph":"","defaultPostTypeGraph":""},"schema_type":null,"schema_type_options":null,"pillar_content":false,"robots_default":true,"robots_noindex":false,"robots_noarchive":false,"robots_nosnippet":false,"robots_nofollow":false,"robots_noimageindex":false,"robots_noodp":false,"robots_notranslate":false,"robots_max_snippet":null,"robots_max_videopreview":null,"robots_max_imagepreview":"large","priority":null,"frequency":null,"location":null,"local_seo":null,"seo_analyzer_scan_date":"2025-09-27 11:59:34","breadcrumb_settings":null,"limit_modified_date":false,"open_ai":null,"ai":null,"created":"2021-03-08 18:31:46","updated":"2025-09-27 11:59:34"},"aioseo_breadcrumb":"<div class=\"aioseo-breadcrumbs\"><span class=\"aioseo-breadcrumb\">\n\t<a href=\"https:\/\/eldigitaldeasturias.com\/magazine365\" title=\"Home\">Home<\/a>\n<\/span><span class=\"aioseo-breadcrumb-separator\">\u2013<\/span><span class=\"aioseo-breadcrumb\">\n\t<a href=\"https:\/\/eldigitaldeasturias.com\/magazine365\/category\/noticias-actualidad\/\" title=\"Noticias y Actualidad\">Noticias y Actualidad<\/a>\n<\/span><span class=\"aioseo-breadcrumb-separator\">\u2013<\/span><span class=\"aioseo-breadcrumb\">\n\t<a href=\"https:\/\/eldigitaldeasturias.com\/magazine365\/margallo-confia-en-el-recorrido-de-los-recursos-contra-decretos-de-turismo-no-me-gusta-perder-ni-contra-el-parchis\/\" title=\"Margallo conf\u00eda en el recorrido de los recursos contra decretos de turismo: \u00abNo me gusta perder ni contra el parch\u00eds\u00bb\">Margallo conf\u00eda en el recorrido de los recursos contra decretos de turismo: \u00abNo me gusta perder ni contra el parch\u00eds\u00bb<\/a>\n<\/span><\/div>","aioseo_breadcrumb_json":[{"label":"Home","link":"https:\/\/eldigitaldeasturias.com\/magazine365"},{"label":"Noticias y Actualidad","link":"https:\/\/eldigitaldeasturias.com\/magazine365\/category\/noticias-actualidad\/"},{"label":"Margallo conf\u00eda en el recorrido de los recursos contra decretos de turismo: \u00abNo me gusta perder ni contra el parch\u00eds\u00bb","link":"https:\/\/eldigitaldeasturias.com\/magazine365\/margallo-confia-en-el-recorrido-de-los-recursos-contra-decretos-de-turismo-no-me-gusta-perder-ni-contra-el-parchis\/"}],"_links":{"self":[{"href":"https:\/\/eldigitaldeasturias.com\/magazine365\/wp-json\/wp\/v2\/posts\/76171","targetHints":{"allow":["GET"]}}],"collection":[{"href":"https:\/\/eldigitaldeasturias.com\/magazine365\/wp-json\/wp\/v2\/posts"}],"about":[{"href":"https:\/\/eldigitaldeasturias.com\/magazine365\/wp-json\/wp\/v2\/types\/post"}],"author":[{"embeddable":true,"href":"https:\/\/eldigitaldeasturias.com\/magazine365\/wp-json\/wp\/v2\/users\/1"}],"replies":[{"embeddable":true,"href":"https:\/\/eldigitaldeasturias.com\/magazine365\/wp-json\/wp\/v2\/comments?post=76171"}],"version-history":[{"count":0,"href":"https:\/\/eldigitaldeasturias.com\/magazine365\/wp-json\/wp\/v2\/posts\/76171\/revisions"}],"wp:featuredmedia":[{"embeddable":true,"href":"https:\/\/eldigitaldeasturias.com\/magazine365\/wp-json\/wp\/v2\/media\/76172"}],"wp:attachment":[{"href":"https:\/\/eldigitaldeasturias.com\/magazine365\/wp-json\/wp\/v2\/media?parent=76171"}],"wp:term":[{"taxonomy":"category","embeddable":true,"href":"https:\/\/eldigitaldeasturias.com\/magazine365\/wp-json\/wp\/v2\/categories?post=76171"},{"taxonomy":"post_tag","embeddable":true,"href":"https:\/\/eldigitaldeasturias.com\/magazine365\/wp-json\/wp\/v2\/tags?post=76171"}],"curies":[{"name":"wp","href":"https:\/\/api.w.org\/{rel}","templated":true}]}}