{"id":76166,"date":"2016-05-11T00:51:06","date_gmt":"2016-05-10T22:51:06","guid":{"rendered":"http:\/\/eldigitaldeasturias.com\/magazine365\/?p=76166"},"modified":"2016-05-11T00:51:06","modified_gmt":"2016-05-10T22:51:06","slug":"la-region-de-murcia-se-sumara-a-la-red-de-ciudades-y-comunidades-amigables-con-las-personas-mayores","status":"publish","type":"post","link":"https:\/\/eldigitaldeasturias.com\/magazine365\/la-region-de-murcia-se-sumara-a-la-red-de-ciudades-y-comunidades-amigables-con-las-personas-mayores\/","title":{"rendered":"La Regi\u00f3n de Murcia se sumar\u00e1 a la Red de Ciudades y Comunidades Amigables con las Personas Mayores"},"content":{"rendered":"<p><img fetchpriority=\"high\" decoding=\"async\" class=\"alignleft size-medium wp-image-76167\" src=\"https:\/\/eldigitaldeasturias.com\/magazine365\/wp-content\/uploads\/2016\/05\/fotonoticia_20160505192433_800-360x240.jpg\" alt=\"fotonoticia_20160505192433_800\" width=\"360\" height=\"240\" srcset=\"https:\/\/eldigitaldeasturias.com\/magazine365\/wp-content\/uploads\/2016\/05\/fotonoticia_20160505192433_800-360x240.jpg 360w, https:\/\/eldigitaldeasturias.com\/magazine365\/wp-content\/uploads\/2016\/05\/fotonoticia_20160505192433_800-650x434.jpg 650w, https:\/\/eldigitaldeasturias.com\/magazine365\/wp-content\/uploads\/2016\/05\/fotonoticia_20160505192433_800-768x513.jpg 768w, https:\/\/eldigitaldeasturias.com\/magazine365\/wp-content\/uploads\/2016\/05\/fotonoticia_20160505192433_800-150x100.jpg 150w, https:\/\/eldigitaldeasturias.com\/magazine365\/wp-content\/uploads\/2016\/05\/fotonoticia_20160505192433_800-450x300.jpg 450w, https:\/\/eldigitaldeasturias.com\/magazine365\/wp-content\/uploads\/2016\/05\/fotonoticia_20160505192433_800-101x66.jpg 101w, https:\/\/eldigitaldeasturias.com\/magazine365\/wp-content\/uploads\/2016\/05\/fotonoticia_20160505192433_800.jpg 800w\" sizes=\"(max-width: 360px) 100vw, 360px\" \/>El Ayuntamiento de Murcia, a trav\u00e9s de la Concejal\u00eda de Derechos Sociales, est\u00e1 presente en la jornada &#8216;C\u00f3mo ser una ciudad amigable con las personas mayores&#8217;, que se celebra este jueves en San Fernando (C\u00e1diz), organizada por el Imserso, para reunir a las ciudades que desean adherirse a la Red de Ciudades y Comunidades Amigables con las Personas Mayores, entre las que se encuentra Murcia.<\/p>\n<p>Esta alianza de municipios supone una oportunidad para afrontar y preparar a las ciudades ante el reto que supone un futuro con m\u00e1s personas mayores como consecuencia del envejecimiento demogr\u00e1fico.<\/p>\n<p>En el caso de Murcia, el padr\u00f3n de habitantes registra m\u00e1s de 65.000 personas mayores de 65 a\u00f1os, lo que supone un porcentaje de casi el 15 por ciento de la poblaci\u00f3n.<\/p>\n<p>El Pleno de la Corporaci\u00f3n aprob\u00f3 el pasado mes de febrero, de forma un\u00e1nime, una moci\u00f3n proponiendo la adhesi\u00f3n de Murcia a esta red y la Concejal\u00eda de Derechos Sociales est\u00e1 trabajando en este proyecto, impulsado por la Organizaci\u00f3n Mundial de la Salud, con el fin de crear entornos y servicios que promuevan y faciliten un envejecimiento activo y saludable.<\/p>\n<p>\u00abEs fundamental promover la participaci\u00f3n de las personas mayores, teniendo en cuenta sus necesidades, percepciones y opiniones y preparar a la ciudad para un futuro con habitantes de m\u00e1s edad\u00bb, ha comentado la concejal de Derechos Sociales, Conchita Ruiz Caballero.<\/p>\n<p>El Imserso, en virtud del Convenio de Colaboraci\u00f3n con la OMS, es el organismo encargado de promocionar y apoyar este proyecto, para lo cual adem\u00e1s de ofrecer informaci\u00f3n y asesoramiento, lleva a cabo actividades formativas para contribuir a una adecuada implantaci\u00f3n en Espa\u00f1a. Se puede encontrar toda la informaci\u00f3n en &#8216;www.ciudadesamigables.imserso.es&#8217;.<\/p>\n<p>Durante la jornada de este jueves se han mostrado experiencias concretas de participaci\u00f3n de diversos municipios, con ejemplos pr\u00e1cticos en el desarrollo del proyecto. Tambi\u00e9n se ha desarrollado el debate y el intercambio de informaci\u00f3n entre los ayuntamientos que integran la red y aquellos que est\u00e1n interesados en adherirse.<\/p>\n<p>Conchita Ruiz ha explicado que para el Ayuntamiento \u00abes una apuesta prioritaria convertir Murcia en una ciudad 100% acesible, en la que los ciudadanos y ciudadanas disfruten del m\u00e1ximo bienestar y calidad de vida, con independencia de la edad o conficiones f\u00edsicas o ps\u00edquicas que presenten\u00bb.<\/p>\n<p>La Concejal\u00eda de Derechos Sociales est\u00e1 trabajando en la actualidad en desarrollar un plan de actuaci\u00f3n para la adhesi\u00f3n de Murcia a esta red, de modo que \u00abdemos una respuesta satisfactoria al reto que representa contar con una poblaci\u00f3n cada vez m\u00e1s nutrida de personas mayores, a quienes prestamos servicios que faciliten un envejecimiento activo y saludable, teniendo en cuenta sus necesidades y opiniones\u00bb, ha a\u00f1adido Ruiz.<\/p>\n<p>El Ayuntamiento de Murcia dispone de una amplia red de equipamientos puestos al servicio de los mayores, en la que destaca los 76 centros municipales repartidos por todo el municipio, que se han convertido en espacios que aglutinan la vida social y cultural de la poblaci\u00f3n mayor, y cuentan en la actualidad con cerca de 35.000 socios. En ellos disfrutan de un lugar donde dar respuesta a sus necesidades y una mejora de su calidad de vida.<\/p>\n<p>Adem\u00e1s, tienen la oportunidad de participar en distintos programas formativos y culturales, junto con actividades propias de car\u00e1cter asistencial, as\u00ed como la celebraci\u00f3n de cursos y talleres formativos y l\u00fadicos-recreativos.<\/p>\n<p>Son recursos p\u00fablicos puestos a disposici\u00f3n de los mayores para contribuir a mejorar su calidad de vida mediante su participaci\u00f3n en actividades que promueven el bienestar.<\/p>\n<p>Entre las iniciativas programadas se incluyen cursos de gerontogimnasia, expresi\u00f3n art\u00edstica y estimulaci\u00f3n cognitiva, as\u00ed como otros talleres culturales de los que se benefician miles de participantes.<\/p>\n<p>Por otra parte, el Ayuntamiento de Murcia cuenta tambi\u00e9n con tres centros de estancias diurnas que permiten promover una vida activa, saludable, independiente y participativa para los mayores y desde hace m\u00e1s de 20 a\u00f1os mantiene programas como ayuda a domicilio y teleasistencia, muy demandados y utilizados por las personas de m\u00e1s edad.<\/p>\n","protected":false},"excerpt":{"rendered":"<p>El Ayuntamiento de Murcia, a trav\u00e9s de la Concejal\u00eda de Derechos Sociales, est\u00e1 presente en la jornada &#8216;C\u00f3mo ser una ciudad amigable con las personas mayores&#8217;, que se celebra este jueves en San Fernando (C\u00e1diz), organizada por el Imserso, para reunir a las ciudades que desean adherirse a la Red de Ciudades y Comunidades Amigables<\/p>\n","protected":false},"author":1,"featured_media":76167,"comment_status":"open","ping_status":"closed","sticky":false,"template":"","format":"standard","meta":{"footnotes":""},"categories":[224],"tags":[],"class_list":{"0":"post-76166","1":"post","2":"type-post","3":"status-publish","4":"format-standard","5":"has-post-thumbnail","7":"category-noticias-actualidad"},"aioseo_notices":[],"aioseo_head":"\n\t\t<!-- All in One SEO Pro 4.9.6.1 - aioseo.com -->\n\t<meta name=\"description\" content=\"El Ayuntamiento de Murcia, a trav\u00e9s de la Concejal\u00eda de Derechos Sociales, est\u00e1 presente en la jornada &#039;C\u00f3mo ser una ciudad amigable con las personas mayores&#039;, que se celebra este jueves en San Fernando (C\u00e1diz), organizada por el Imserso, para reunir a las ciudades que desean adherirse a la Red de Ciudades y Comunidades Amigables\" \/>\n\t<meta name=\"robots\" content=\"max-image-preview:large\" \/>\n\t<meta name=\"author\" content=\"admin\"\/>\n\t<meta name=\"google-site-verification\" content=\"UA-38556648-1\" \/>\n\t<meta name=\"keywords\" content=\"noticias y actualidad\" \/>\n\t<link rel=\"canonical\" href=\"https:\/\/eldigitaldeasturias.com\/magazine365\/la-region-de-murcia-se-sumara-a-la-red-de-ciudades-y-comunidades-amigables-con-las-personas-mayores\/\" \/>\n\t<meta name=\"generator\" content=\"All in One SEO Pro (AIOSEO) 4.9.6.1\" \/>\n\t\t<meta property=\"og:locale\" content=\"es_ES\" \/>\n\t\t<meta property=\"og:site_name\" content=\"El Digital de Asturias \u2013 Revista de ocio, turismo y estilo de vida\" \/>\n\t\t<meta property=\"og:type\" content=\"article\" \/>\n\t\t<meta property=\"og:title\" content=\"La Regi\u00f3n de Murcia se sumar\u00e1 a la Red de Ciudades y Comunidades Amigables con las Personas Mayores | El Digital de Asturias\" \/>\n\t\t<meta property=\"og:description\" content=\"El Ayuntamiento de Murcia, a trav\u00e9s de la Concejal\u00eda de Derechos Sociales, est\u00e1 presente en la jornada &#039;C\u00f3mo ser una ciudad amigable con las personas mayores&#039;, que se celebra este jueves en San Fernando (C\u00e1diz), organizada por el Imserso, para reunir a las ciudades que desean adherirse a la Red de Ciudades y Comunidades Amigables\" \/>\n\t\t<meta property=\"og:url\" content=\"https:\/\/eldigitaldeasturias.com\/magazine365\/la-region-de-murcia-se-sumara-a-la-red-de-ciudades-y-comunidades-amigables-con-las-personas-mayores\/\" \/>\n\t\t<meta property=\"og:image\" content=\"https:\/\/eldigitaldeasturias.com\/magazine365\/wp-content\/uploads\/2016\/05\/fotonoticia_20160505192433_800.jpg\" \/>\n\t\t<meta property=\"og:image:secure_url\" content=\"https:\/\/eldigitaldeasturias.com\/magazine365\/wp-content\/uploads\/2016\/05\/fotonoticia_20160505192433_800.jpg\" \/>\n\t\t<meta property=\"og:image:width\" content=\"800\" \/>\n\t\t<meta property=\"og:image:height\" content=\"534\" \/>\n\t\t<meta property=\"article:published_time\" content=\"2016-05-10T22:51:06+00:00\" \/>\n\t\t<meta property=\"article:modified_time\" content=\"2016-05-10T22:51:06+00:00\" \/>\n\t\t<meta name=\"twitter:card\" content=\"summary_large_image\" \/>\n\t\t<meta name=\"twitter:title\" content=\"La Regi\u00f3n de Murcia se sumar\u00e1 a la Red de Ciudades y Comunidades Amigables con las Personas Mayores | El Digital de Asturias\" \/>\n\t\t<meta name=\"twitter:description\" content=\"El Ayuntamiento de Murcia, a trav\u00e9s de la Concejal\u00eda de Derechos Sociales, est\u00e1 presente en la jornada &#039;C\u00f3mo ser una ciudad amigable con las personas mayores&#039;, que se celebra este jueves en San Fernando (C\u00e1diz), organizada por el Imserso, para reunir a las ciudades que desean adherirse a la Red de Ciudades y Comunidades Amigables\" \/>\n\t\t<meta name=\"twitter:image\" content=\"https:\/\/eldigitaldeasturias.com\/magazine365\/wp-content\/uploads\/2016\/05\/fotonoticia_20160505192433_800.jpg\" \/>\n\t\t<script type=\"application\/ld+json\" class=\"aioseo-schema\">\n\t\t\t{\"@context\":\"https:\\\/\\\/schema.org\",\"@graph\":[{\"@type\":\"Article\",\"@id\":\"https:\\\/\\\/eldigitaldeasturias.com\\\/magazine365\\\/la-region-de-murcia-se-sumara-a-la-red-de-ciudades-y-comunidades-amigables-con-las-personas-mayores\\\/#article\",\"name\":\"La Regi\\u00f3n de Murcia se sumar\\u00e1 a la Red de Ciudades y Comunidades Amigables con las Personas Mayores | El Digital de Asturias\",\"headline\":\"La Regi\\u00f3n de Murcia se sumar\\u00e1 a la Red de Ciudades y Comunidades Amigables con las Personas Mayores\",\"author\":{\"@id\":\"https:\\\/\\\/eldigitaldeasturias.com\\\/magazine365\\\/author\\\/admin\\\/#author\"},\"publisher\":{\"@id\":\"https:\\\/\\\/eldigitaldeasturias.com\\\/magazine365\\\/#organization\"},\"image\":{\"@type\":\"ImageObject\",\"url\":\"https:\\\/\\\/eldigitaldeasturias.com\\\/magazine365\\\/wp-content\\\/uploads\\\/2016\\\/05\\\/fotonoticia_20160505192433_800.jpg\",\"width\":800,\"height\":534},\"datePublished\":\"2016-05-11T00:51:06+02:00\",\"dateModified\":\"2016-05-11T00:51:06+02:00\",\"inLanguage\":\"es-ES\",\"mainEntityOfPage\":{\"@id\":\"https:\\\/\\\/eldigitaldeasturias.com\\\/magazine365\\\/la-region-de-murcia-se-sumara-a-la-red-de-ciudades-y-comunidades-amigables-con-las-personas-mayores\\\/#webpage\"},\"isPartOf\":{\"@id\":\"https:\\\/\\\/eldigitaldeasturias.com\\\/magazine365\\\/la-region-de-murcia-se-sumara-a-la-red-de-ciudades-y-comunidades-amigables-con-las-personas-mayores\\\/#webpage\"},\"articleSection\":\"Noticias y Actualidad\"},{\"@type\":\"BreadcrumbList\",\"@id\":\"https:\\\/\\\/eldigitaldeasturias.com\\\/magazine365\\\/la-region-de-murcia-se-sumara-a-la-red-de-ciudades-y-comunidades-amigables-con-las-personas-mayores\\\/#breadcrumblist\",\"itemListElement\":[{\"@type\":\"ListItem\",\"@id\":\"https:\\\/\\\/eldigitaldeasturias.com\\\/magazine365#listItem\",\"position\":1,\"name\":\"Home\",\"item\":\"https:\\\/\\\/eldigitaldeasturias.com\\\/magazine365\",\"nextItem\":{\"@type\":\"ListItem\",\"@id\":\"https:\\\/\\\/eldigitaldeasturias.com\\\/magazine365\\\/category\\\/noticias-actualidad\\\/#listItem\",\"name\":\"Noticias y Actualidad\"}},{\"@type\":\"ListItem\",\"@id\":\"https:\\\/\\\/eldigitaldeasturias.com\\\/magazine365\\\/category\\\/noticias-actualidad\\\/#listItem\",\"position\":2,\"name\":\"Noticias y Actualidad\",\"item\":\"https:\\\/\\\/eldigitaldeasturias.com\\\/magazine365\\\/category\\\/noticias-actualidad\\\/\",\"nextItem\":{\"@type\":\"ListItem\",\"@id\":\"https:\\\/\\\/eldigitaldeasturias.com\\\/magazine365\\\/la-region-de-murcia-se-sumara-a-la-red-de-ciudades-y-comunidades-amigables-con-las-personas-mayores\\\/#listItem\",\"name\":\"La Regi\\u00f3n de Murcia se sumar\\u00e1 a la Red de Ciudades y Comunidades Amigables con las Personas Mayores\"},\"previousItem\":{\"@type\":\"ListItem\",\"@id\":\"https:\\\/\\\/eldigitaldeasturias.com\\\/magazine365#listItem\",\"name\":\"Home\"}},{\"@type\":\"ListItem\",\"@id\":\"https:\\\/\\\/eldigitaldeasturias.com\\\/magazine365\\\/la-region-de-murcia-se-sumara-a-la-red-de-ciudades-y-comunidades-amigables-con-las-personas-mayores\\\/#listItem\",\"position\":3,\"name\":\"La Regi\\u00f3n de Murcia se sumar\\u00e1 a la Red de Ciudades y Comunidades Amigables con las Personas Mayores\",\"previousItem\":{\"@type\":\"ListItem\",\"@id\":\"https:\\\/\\\/eldigitaldeasturias.com\\\/magazine365\\\/category\\\/noticias-actualidad\\\/#listItem\",\"name\":\"Noticias y Actualidad\"}}]},{\"@type\":\"Organization\",\"@id\":\"https:\\\/\\\/eldigitaldeasturias.com\\\/magazine365\\\/#organization\",\"name\":\"El digital de Asturias\",\"description\":\"Revista de ocio, turismo y estilo de vida\",\"url\":\"https:\\\/\\\/eldigitaldeasturias.com\\\/magazine365\\\/\",\"logo\":{\"@type\":\"ImageObject\",\"url\":\"https:\\\/\\\/www.eldigitaldeasturias.com\\\/noticias\\\/wp-content\\\/uploads\\\/2020\\\/12\\\/EDA.jpg\",\"@id\":\"https:\\\/\\\/eldigitaldeasturias.com\\\/magazine365\\\/la-region-de-murcia-se-sumara-a-la-red-de-ciudades-y-comunidades-amigables-con-las-personas-mayores\\\/#organizationLogo\"},\"image\":{\"@id\":\"https:\\\/\\\/eldigitaldeasturias.com\\\/magazine365\\\/la-region-de-murcia-se-sumara-a-la-red-de-ciudades-y-comunidades-amigables-con-las-personas-mayores\\\/#organizationLogo\"}},{\"@type\":\"Person\",\"@id\":\"https:\\\/\\\/eldigitaldeasturias.com\\\/magazine365\\\/author\\\/admin\\\/#author\",\"url\":\"https:\\\/\\\/eldigitaldeasturias.com\\\/magazine365\\\/author\\\/admin\\\/\",\"name\":\"admin\",\"image\":{\"@type\":\"ImageObject\",\"@id\":\"https:\\\/\\\/eldigitaldeasturias.com\\\/magazine365\\\/la-region-de-murcia-se-sumara-a-la-red-de-ciudades-y-comunidades-amigables-con-las-personas-mayores\\\/#authorImage\",\"url\":\"https:\\\/\\\/eldigitaldeasturias.com\\\/magazine365\\\/wp-content\\\/litespeed\\\/avatar\\\/e571bcf59a0edd6fa6838245a470f2fe.jpg?ver=1777574230\",\"width\":96,\"height\":96,\"caption\":\"admin\"}},{\"@type\":\"WebPage\",\"@id\":\"https:\\\/\\\/eldigitaldeasturias.com\\\/magazine365\\\/la-region-de-murcia-se-sumara-a-la-red-de-ciudades-y-comunidades-amigables-con-las-personas-mayores\\\/#webpage\",\"url\":\"https:\\\/\\\/eldigitaldeasturias.com\\\/magazine365\\\/la-region-de-murcia-se-sumara-a-la-red-de-ciudades-y-comunidades-amigables-con-las-personas-mayores\\\/\",\"name\":\"La Regi\\u00f3n de Murcia se sumar\\u00e1 a la Red de Ciudades y Comunidades Amigables con las Personas Mayores | El Digital de Asturias\",\"description\":\"El Ayuntamiento de Murcia, a trav\\u00e9s de la Concejal\\u00eda de Derechos Sociales, est\\u00e1 presente en la jornada 'C\\u00f3mo ser una ciudad amigable con las personas mayores', que se celebra este jueves en San Fernando (C\\u00e1diz), organizada por el Imserso, para reunir a las ciudades que desean adherirse a la Red de Ciudades y Comunidades Amigables\",\"inLanguage\":\"es-ES\",\"isPartOf\":{\"@id\":\"https:\\\/\\\/eldigitaldeasturias.com\\\/magazine365\\\/#website\"},\"breadcrumb\":{\"@id\":\"https:\\\/\\\/eldigitaldeasturias.com\\\/magazine365\\\/la-region-de-murcia-se-sumara-a-la-red-de-ciudades-y-comunidades-amigables-con-las-personas-mayores\\\/#breadcrumblist\"},\"author\":{\"@id\":\"https:\\\/\\\/eldigitaldeasturias.com\\\/magazine365\\\/author\\\/admin\\\/#author\"},\"creator\":{\"@id\":\"https:\\\/\\\/eldigitaldeasturias.com\\\/magazine365\\\/author\\\/admin\\\/#author\"},\"image\":{\"@type\":\"ImageObject\",\"url\":\"https:\\\/\\\/eldigitaldeasturias.com\\\/magazine365\\\/wp-content\\\/uploads\\\/2016\\\/05\\\/fotonoticia_20160505192433_800.jpg\",\"@id\":\"https:\\\/\\\/eldigitaldeasturias.com\\\/magazine365\\\/la-region-de-murcia-se-sumara-a-la-red-de-ciudades-y-comunidades-amigables-con-las-personas-mayores\\\/#mainImage\",\"width\":800,\"height\":534},\"primaryImageOfPage\":{\"@id\":\"https:\\\/\\\/eldigitaldeasturias.com\\\/magazine365\\\/la-region-de-murcia-se-sumara-a-la-red-de-ciudades-y-comunidades-amigables-con-las-personas-mayores\\\/#mainImage\"},\"datePublished\":\"2016-05-11T00:51:06+02:00\",\"dateModified\":\"2016-05-11T00:51:06+02:00\"},{\"@type\":\"WebSite\",\"@id\":\"https:\\\/\\\/eldigitaldeasturias.com\\\/magazine365\\\/#website\",\"url\":\"https:\\\/\\\/eldigitaldeasturias.com\\\/magazine365\\\/\",\"name\":\"El Digital de Asturias\",\"description\":\"Revista de ocio, turismo y estilo de vida\",\"inLanguage\":\"es-ES\",\"publisher\":{\"@id\":\"https:\\\/\\\/eldigitaldeasturias.com\\\/magazine365\\\/#organization\"}}]}\n\t\t<\/script>\n\t\t<!-- All in One SEO Pro -->\r\n\t\t<title>La Regi\u00f3n de Murcia se sumar\u00e1 a la Red de Ciudades y Comunidades Amigables con las Personas Mayores | El Digital de Asturias<\/title>\n\n","aioseo_head_json":{"title":"La Regi\u00f3n de Murcia se sumar\u00e1 a la Red de Ciudades y Comunidades Amigables con las Personas Mayores | El Digital de Asturias","description":"El Ayuntamiento de Murcia, a trav\u00e9s de la Concejal\u00eda de Derechos Sociales, est\u00e1 presente en la jornada 'C\u00f3mo ser una ciudad amigable con las personas mayores', que se celebra este jueves en San Fernando (C\u00e1diz), organizada por el Imserso, para reunir a las ciudades que desean adherirse a la Red de Ciudades y Comunidades Amigables","canonical_url":"https:\/\/eldigitaldeasturias.com\/magazine365\/la-region-de-murcia-se-sumara-a-la-red-de-ciudades-y-comunidades-amigables-con-las-personas-mayores\/","robots":"max-image-preview:large","keywords":"noticias y actualidad","webmasterTools":{"google-site-verification":"UA-38556648-1","miscellaneous":""},"schema":{"@context":"https:\/\/schema.org","@graph":[{"@type":"Article","@id":"https:\/\/eldigitaldeasturias.com\/magazine365\/la-region-de-murcia-se-sumara-a-la-red-de-ciudades-y-comunidades-amigables-con-las-personas-mayores\/#article","name":"La Regi\u00f3n de Murcia se sumar\u00e1 a la Red de Ciudades y Comunidades Amigables con las Personas Mayores | El Digital de Asturias","headline":"La Regi\u00f3n de Murcia se sumar\u00e1 a la Red de Ciudades y Comunidades Amigables con las Personas Mayores","author":{"@id":"https:\/\/eldigitaldeasturias.com\/magazine365\/author\/admin\/#author"},"publisher":{"@id":"https:\/\/eldigitaldeasturias.com\/magazine365\/#organization"},"image":{"@type":"ImageObject","url":"https:\/\/eldigitaldeasturias.com\/magazine365\/wp-content\/uploads\/2016\/05\/fotonoticia_20160505192433_800.jpg","width":800,"height":534},"datePublished":"2016-05-11T00:51:06+02:00","dateModified":"2016-05-11T00:51:06+02:00","inLanguage":"es-ES","mainEntityOfPage":{"@id":"https:\/\/eldigitaldeasturias.com\/magazine365\/la-region-de-murcia-se-sumara-a-la-red-de-ciudades-y-comunidades-amigables-con-las-personas-mayores\/#webpage"},"isPartOf":{"@id":"https:\/\/eldigitaldeasturias.com\/magazine365\/la-region-de-murcia-se-sumara-a-la-red-de-ciudades-y-comunidades-amigables-con-las-personas-mayores\/#webpage"},"articleSection":"Noticias y Actualidad"},{"@type":"BreadcrumbList","@id":"https:\/\/eldigitaldeasturias.com\/magazine365\/la-region-de-murcia-se-sumara-a-la-red-de-ciudades-y-comunidades-amigables-con-las-personas-mayores\/#breadcrumblist","itemListElement":[{"@type":"ListItem","@id":"https:\/\/eldigitaldeasturias.com\/magazine365#listItem","position":1,"name":"Home","item":"https:\/\/eldigitaldeasturias.com\/magazine365","nextItem":{"@type":"ListItem","@id":"https:\/\/eldigitaldeasturias.com\/magazine365\/category\/noticias-actualidad\/#listItem","name":"Noticias y Actualidad"}},{"@type":"ListItem","@id":"https:\/\/eldigitaldeasturias.com\/magazine365\/category\/noticias-actualidad\/#listItem","position":2,"name":"Noticias y Actualidad","item":"https:\/\/eldigitaldeasturias.com\/magazine365\/category\/noticias-actualidad\/","nextItem":{"@type":"ListItem","@id":"https:\/\/eldigitaldeasturias.com\/magazine365\/la-region-de-murcia-se-sumara-a-la-red-de-ciudades-y-comunidades-amigables-con-las-personas-mayores\/#listItem","name":"La Regi\u00f3n de Murcia se sumar\u00e1 a la Red de Ciudades y Comunidades Amigables con las Personas Mayores"},"previousItem":{"@type":"ListItem","@id":"https:\/\/eldigitaldeasturias.com\/magazine365#listItem","name":"Home"}},{"@type":"ListItem","@id":"https:\/\/eldigitaldeasturias.com\/magazine365\/la-region-de-murcia-se-sumara-a-la-red-de-ciudades-y-comunidades-amigables-con-las-personas-mayores\/#listItem","position":3,"name":"La Regi\u00f3n de Murcia se sumar\u00e1 a la Red de Ciudades y Comunidades Amigables con las Personas Mayores","previousItem":{"@type":"ListItem","@id":"https:\/\/eldigitaldeasturias.com\/magazine365\/category\/noticias-actualidad\/#listItem","name":"Noticias y Actualidad"}}]},{"@type":"Organization","@id":"https:\/\/eldigitaldeasturias.com\/magazine365\/#organization","name":"El digital de Asturias","description":"Revista de ocio, turismo y estilo de vida","url":"https:\/\/eldigitaldeasturias.com\/magazine365\/","logo":{"@type":"ImageObject","url":"https:\/\/www.eldigitaldeasturias.com\/noticias\/wp-content\/uploads\/2020\/12\/EDA.jpg","@id":"https:\/\/eldigitaldeasturias.com\/magazine365\/la-region-de-murcia-se-sumara-a-la-red-de-ciudades-y-comunidades-amigables-con-las-personas-mayores\/#organizationLogo"},"image":{"@id":"https:\/\/eldigitaldeasturias.com\/magazine365\/la-region-de-murcia-se-sumara-a-la-red-de-ciudades-y-comunidades-amigables-con-las-personas-mayores\/#organizationLogo"}},{"@type":"Person","@id":"https:\/\/eldigitaldeasturias.com\/magazine365\/author\/admin\/#author","url":"https:\/\/eldigitaldeasturias.com\/magazine365\/author\/admin\/","name":"admin","image":{"@type":"ImageObject","@id":"https:\/\/eldigitaldeasturias.com\/magazine365\/la-region-de-murcia-se-sumara-a-la-red-de-ciudades-y-comunidades-amigables-con-las-personas-mayores\/#authorImage","url":"https:\/\/eldigitaldeasturias.com\/magazine365\/wp-content\/litespeed\/avatar\/e571bcf59a0edd6fa6838245a470f2fe.jpg?ver=1777574230","width":96,"height":96,"caption":"admin"}},{"@type":"WebPage","@id":"https:\/\/eldigitaldeasturias.com\/magazine365\/la-region-de-murcia-se-sumara-a-la-red-de-ciudades-y-comunidades-amigables-con-las-personas-mayores\/#webpage","url":"https:\/\/eldigitaldeasturias.com\/magazine365\/la-region-de-murcia-se-sumara-a-la-red-de-ciudades-y-comunidades-amigables-con-las-personas-mayores\/","name":"La Regi\u00f3n de Murcia se sumar\u00e1 a la Red de Ciudades y Comunidades Amigables con las Personas Mayores | El Digital de Asturias","description":"El Ayuntamiento de Murcia, a trav\u00e9s de la Concejal\u00eda de Derechos Sociales, est\u00e1 presente en la jornada 'C\u00f3mo ser una ciudad amigable con las personas mayores', que se celebra este jueves en San Fernando (C\u00e1diz), organizada por el Imserso, para reunir a las ciudades que desean adherirse a la Red de Ciudades y Comunidades Amigables","inLanguage":"es-ES","isPartOf":{"@id":"https:\/\/eldigitaldeasturias.com\/magazine365\/#website"},"breadcrumb":{"@id":"https:\/\/eldigitaldeasturias.com\/magazine365\/la-region-de-murcia-se-sumara-a-la-red-de-ciudades-y-comunidades-amigables-con-las-personas-mayores\/#breadcrumblist"},"author":{"@id":"https:\/\/eldigitaldeasturias.com\/magazine365\/author\/admin\/#author"},"creator":{"@id":"https:\/\/eldigitaldeasturias.com\/magazine365\/author\/admin\/#author"},"image":{"@type":"ImageObject","url":"https:\/\/eldigitaldeasturias.com\/magazine365\/wp-content\/uploads\/2016\/05\/fotonoticia_20160505192433_800.jpg","@id":"https:\/\/eldigitaldeasturias.com\/magazine365\/la-region-de-murcia-se-sumara-a-la-red-de-ciudades-y-comunidades-amigables-con-las-personas-mayores\/#mainImage","width":800,"height":534},"primaryImageOfPage":{"@id":"https:\/\/eldigitaldeasturias.com\/magazine365\/la-region-de-murcia-se-sumara-a-la-red-de-ciudades-y-comunidades-amigables-con-las-personas-mayores\/#mainImage"},"datePublished":"2016-05-11T00:51:06+02:00","dateModified":"2016-05-11T00:51:06+02:00"},{"@type":"WebSite","@id":"https:\/\/eldigitaldeasturias.com\/magazine365\/#website","url":"https:\/\/eldigitaldeasturias.com\/magazine365\/","name":"El Digital de Asturias","description":"Revista de ocio, turismo y estilo de vida","inLanguage":"es-ES","publisher":{"@id":"https:\/\/eldigitaldeasturias.com\/magazine365\/#organization"}}]},"og:locale":"es_ES","og:site_name":"El Digital de Asturias \u2013 Revista de ocio, turismo y estilo de vida","og:type":"article","og:title":"La Regi\u00f3n de Murcia se sumar\u00e1 a la Red de Ciudades y Comunidades Amigables con las Personas Mayores | El Digital de Asturias","og:description":"El Ayuntamiento de Murcia, a trav\u00e9s de la Concejal\u00eda de Derechos Sociales, est\u00e1 presente en la jornada 'C\u00f3mo ser una ciudad amigable con las personas mayores', que se celebra este jueves en San Fernando (C\u00e1diz), organizada por el Imserso, para reunir a las ciudades que desean adherirse a la Red de Ciudades y Comunidades Amigables","og:url":"https:\/\/eldigitaldeasturias.com\/magazine365\/la-region-de-murcia-se-sumara-a-la-red-de-ciudades-y-comunidades-amigables-con-las-personas-mayores\/","og:image":"https:\/\/eldigitaldeasturias.com\/magazine365\/wp-content\/uploads\/2016\/05\/fotonoticia_20160505192433_800.jpg","og:image:secure_url":"https:\/\/eldigitaldeasturias.com\/magazine365\/wp-content\/uploads\/2016\/05\/fotonoticia_20160505192433_800.jpg","og:image:width":800,"og:image:height":534,"article:published_time":"2016-05-10T22:51:06+00:00","article:modified_time":"2016-05-10T22:51:06+00:00","twitter:card":"summary_large_image","twitter:title":"La Regi\u00f3n de Murcia se sumar\u00e1 a la Red de Ciudades y Comunidades Amigables con las Personas Mayores | El Digital de Asturias","twitter:description":"El Ayuntamiento de Murcia, a trav\u00e9s de la Concejal\u00eda de Derechos Sociales, est\u00e1 presente en la jornada 'C\u00f3mo ser una ciudad amigable con las personas mayores', que se celebra este jueves en San Fernando (C\u00e1diz), organizada por el Imserso, para reunir a las ciudades que desean adherirse a la Red de Ciudades y Comunidades Amigables","twitter:image":"https:\/\/eldigitaldeasturias.com\/magazine365\/wp-content\/uploads\/2016\/05\/fotonoticia_20160505192433_800.jpg"},"aioseo_meta_data":{"post_id":"76166","title":null,"description":null,"keywords":null,"keyphrases":null,"primary_term":null,"canonical_url":null,"og_title":null,"og_description":null,"og_object_type":"default","og_image_type":"default","og_image_url":null,"og_image_width":null,"og_image_height":null,"og_image_custom_url":null,"og_image_custom_fields":null,"og_video":null,"og_custom_url":null,"og_article_section":null,"og_article_tags":null,"twitter_use_og":false,"twitter_card":"default","twitter_image_type":"default","twitter_image_url":null,"twitter_image_custom_url":null,"twitter_image_custom_fields":null,"twitter_title":null,"twitter_description":null,"schema":{"blockGraphs":[],"customGraphs":[],"default":{"data":{"Article":[],"Course":[],"Dataset":[],"FAQPage":[],"Movie":[],"Person":[],"Product":[],"ProductReview":[],"Car":[],"Recipe":[],"Service":[],"SoftwareApplication":[],"WebPage":[]},"graphName":"","isEnabled":true},"graphs":[]},"schema_type":null,"schema_type_options":null,"pillar_content":false,"robots_default":true,"robots_noindex":false,"robots_noarchive":false,"robots_nosnippet":false,"robots_nofollow":false,"robots_noimageindex":false,"robots_noodp":false,"robots_notranslate":false,"robots_max_snippet":null,"robots_max_videopreview":null,"robots_max_imagepreview":"large","priority":null,"frequency":null,"location":null,"local_seo":null,"seo_analyzer_scan_date":"2025-09-27 11:59:32","breadcrumb_settings":null,"limit_modified_date":false,"open_ai":null,"ai":null,"created":"2021-03-08 18:31:46","updated":"2025-09-27 11:59:32"},"aioseo_breadcrumb":"<div class=\"aioseo-breadcrumbs\"><span class=\"aioseo-breadcrumb\">\n\t<a href=\"https:\/\/eldigitaldeasturias.com\/magazine365\" title=\"Home\">Home<\/a>\n<\/span><span class=\"aioseo-breadcrumb-separator\">\u2013<\/span><span class=\"aioseo-breadcrumb\">\n\t<a href=\"https:\/\/eldigitaldeasturias.com\/magazine365\/category\/noticias-actualidad\/\" title=\"Noticias y Actualidad\">Noticias y Actualidad<\/a>\n<\/span><span class=\"aioseo-breadcrumb-separator\">\u2013<\/span><span class=\"aioseo-breadcrumb\">\n\t<a href=\"https:\/\/eldigitaldeasturias.com\/magazine365\/la-region-de-murcia-se-sumara-a-la-red-de-ciudades-y-comunidades-amigables-con-las-personas-mayores\/\" title=\"La Regi\u00f3n de Murcia se sumar\u00e1 a la Red de Ciudades y Comunidades Amigables con las Personas Mayores\">La Regi\u00f3n de Murcia se sumar\u00e1 a la Red de Ciudades y Comunidades Amigables con las Personas Mayores<\/a>\n<\/span><\/div>","aioseo_breadcrumb_json":[{"label":"Home","link":"https:\/\/eldigitaldeasturias.com\/magazine365"},{"label":"Noticias y Actualidad","link":"https:\/\/eldigitaldeasturias.com\/magazine365\/category\/noticias-actualidad\/"},{"label":"La Regi\u00f3n de Murcia se sumar\u00e1 a la Red de Ciudades y Comunidades Amigables con las Personas Mayores","link":"https:\/\/eldigitaldeasturias.com\/magazine365\/la-region-de-murcia-se-sumara-a-la-red-de-ciudades-y-comunidades-amigables-con-las-personas-mayores\/"}],"_links":{"self":[{"href":"https:\/\/eldigitaldeasturias.com\/magazine365\/wp-json\/wp\/v2\/posts\/76166","targetHints":{"allow":["GET"]}}],"collection":[{"href":"https:\/\/eldigitaldeasturias.com\/magazine365\/wp-json\/wp\/v2\/posts"}],"about":[{"href":"https:\/\/eldigitaldeasturias.com\/magazine365\/wp-json\/wp\/v2\/types\/post"}],"author":[{"embeddable":true,"href":"https:\/\/eldigitaldeasturias.com\/magazine365\/wp-json\/wp\/v2\/users\/1"}],"replies":[{"embeddable":true,"href":"https:\/\/eldigitaldeasturias.com\/magazine365\/wp-json\/wp\/v2\/comments?post=76166"}],"version-history":[{"count":0,"href":"https:\/\/eldigitaldeasturias.com\/magazine365\/wp-json\/wp\/v2\/posts\/76166\/revisions"}],"wp:featuredmedia":[{"embeddable":true,"href":"https:\/\/eldigitaldeasturias.com\/magazine365\/wp-json\/wp\/v2\/media\/76167"}],"wp:attachment":[{"href":"https:\/\/eldigitaldeasturias.com\/magazine365\/wp-json\/wp\/v2\/media?parent=76166"}],"wp:term":[{"taxonomy":"category","embeddable":true,"href":"https:\/\/eldigitaldeasturias.com\/magazine365\/wp-json\/wp\/v2\/categories?post=76166"},{"taxonomy":"post_tag","embeddable":true,"href":"https:\/\/eldigitaldeasturias.com\/magazine365\/wp-json\/wp\/v2\/tags?post=76166"}],"curies":[{"name":"wp","href":"https:\/\/api.w.org\/{rel}","templated":true}]}}