{"id":76160,"date":"2016-05-10T23:12:25","date_gmt":"2016-05-10T21:12:25","guid":{"rendered":"http:\/\/eldigitaldeasturias.com\/magazine365\/?p=76160"},"modified":"2016-05-10T23:12:25","modified_gmt":"2016-05-10T21:12:25","slug":"la-comarca-de-los-monegros-promociona-sus-atractivos-turisticos-en-el-pais-vasco","status":"publish","type":"post","link":"https:\/\/eldigitaldeasturias.com\/magazine365\/la-comarca-de-los-monegros-promociona-sus-atractivos-turisticos-en-el-pais-vasco\/","title":{"rendered":"La Comarca de Los Monegros promociona sus atractivos tur\u00edsticos en el Pa\u00eds Vasco"},"content":{"rendered":"<p><img fetchpriority=\"high\" decoding=\"async\" class=\"alignleft size-medium wp-image-76161\" src=\"https:\/\/eldigitaldeasturias.com\/magazine365\/wp-content\/uploads\/2016\/05\/fotonoticia_20160505191435_800-360x240.jpg\" alt=\"fotonoticia_20160505191435_800\" width=\"360\" height=\"240\" srcset=\"https:\/\/eldigitaldeasturias.com\/magazine365\/wp-content\/uploads\/2016\/05\/fotonoticia_20160505191435_800-360x240.jpg 360w, https:\/\/eldigitaldeasturias.com\/magazine365\/wp-content\/uploads\/2016\/05\/fotonoticia_20160505191435_800-650x433.jpg 650w, https:\/\/eldigitaldeasturias.com\/magazine365\/wp-content\/uploads\/2016\/05\/fotonoticia_20160505191435_800-768x512.jpg 768w, https:\/\/eldigitaldeasturias.com\/magazine365\/wp-content\/uploads\/2016\/05\/fotonoticia_20160505191435_800-150x100.jpg 150w, https:\/\/eldigitaldeasturias.com\/magazine365\/wp-content\/uploads\/2016\/05\/fotonoticia_20160505191435_800-450x300.jpg 450w, https:\/\/eldigitaldeasturias.com\/magazine365\/wp-content\/uploads\/2016\/05\/fotonoticia_20160505191435_800-101x66.jpg 101w, https:\/\/eldigitaldeasturias.com\/magazine365\/wp-content\/uploads\/2016\/05\/fotonoticia_20160505191435_800.jpg 800w\" sizes=\"(max-width: 360px) 100vw, 360px\" \/>El \u00c1rea de Turismo de la Comarca de Los Monegros promociona sus atractivos naturales y culturales en la XXXVII edici\u00f3n de la feria Expovacaciones en el Pa\u00eds Vasco, a trav\u00e9s del stand institucional del Gobierno de Arag\u00f3n.<\/p>\n<p>El certamen tiene lugar en el Bilbao Exhibition Centre, donde se dar\u00e1n cita comunidades aut\u00f3nomas y pa\u00edses con el objetivo de presentar las diferentes tendencias y experiencias en viajes nacionales e internacionales, as\u00ed como innovadoras alternativas de ocio y tiempo libre.<\/p>\n<p>En opini\u00f3n del consejero comarcal de Turismo, Carmelo Rozas, la presencia de Los Monegros en este certamen es importante, ya que \u00abPa\u00eds Vasco y Navarra representan el tercer origen m\u00e1s numeroso de los viajeros espa\u00f1oles que se acercan hasta Los Monegros, por detr\u00e1s de Arag\u00f3n y Catalu\u00f1a.<\/p>\n<p>Demandan sobre todo rutas en la naturaleza para realizar BTT y senderismo y, en segundo lugar, vienen atra\u00eddos por el turismo cultural, en especial, la Ruta Orwell en el Sierra de Alcubierre. Adem\u00e1s, el n\u00famero de turistas con esta procedencia va en aumento, por lo que vamos a seguir incidiendo en la promoci\u00f3n de nuestro territorio en esta zona\u00bb.<\/p>\n<p>El patrimonio natural y cultural de Los Monegros, junto a las diversas rutas se\u00f1alizadas que se pueden realizar en la comarca, ser\u00e1n los contenidos que centrar\u00e1n la promoci\u00f3n del territorio en Bilbao. Expovacaciones congregar\u00e1 a representantes de agencias de viajes, mayoristas, compa\u00f1\u00edas de transporte, organismos oficiales, hoteles, medios de comunicaci\u00f3n, camping y caravanning, inmobiliarias y empresas de turismo, que ser\u00e1n los responsables de ofrecer m\u00faltiples propuestas tur\u00edsticas.<\/p>\n<p>Un total de 161 expositores participar\u00e1n en esta feria especializada, una de las principales citas del sector tur\u00edstico espa\u00f1ol que presenta una oferta dirigida principalmente al p\u00fablico final.<\/p>\n","protected":false},"excerpt":{"rendered":"<p>El \u00c1rea de Turismo de la Comarca de Los Monegros promociona sus atractivos naturales y culturales en la XXXVII edici\u00f3n de la feria Expovacaciones en el Pa\u00eds Vasco, a trav\u00e9s del stand institucional del Gobierno de Arag\u00f3n. El certamen tiene lugar en el Bilbao Exhibition Centre, donde se dar\u00e1n cita comunidades aut\u00f3nomas y pa\u00edses con<\/p>\n","protected":false},"author":1,"featured_media":76161,"comment_status":"open","ping_status":"closed","sticky":false,"template":"","format":"standard","meta":{"footnotes":""},"categories":[224],"tags":[],"class_list":{"0":"post-76160","1":"post","2":"type-post","3":"status-publish","4":"format-standard","5":"has-post-thumbnail","7":"category-noticias-actualidad"},"aioseo_notices":[],"aioseo_head":"\n\t\t<!-- All in One SEO Pro 4.9.6.1 - aioseo.com -->\n\t<meta name=\"description\" content=\"El \u00c1rea de Turismo de la Comarca de Los Monegros promociona sus atractivos naturales y culturales en la XXXVII edici\u00f3n de la feria Expovacaciones en el Pa\u00eds Vasco, a trav\u00e9s del stand institucional del Gobierno de Arag\u00f3n. El certamen tiene lugar en el Bilbao Exhibition Centre, donde se dar\u00e1n cita comunidades aut\u00f3nomas y pa\u00edses con\" \/>\n\t<meta name=\"robots\" content=\"max-image-preview:large\" \/>\n\t<meta name=\"author\" content=\"admin\"\/>\n\t<meta name=\"google-site-verification\" content=\"UA-38556648-1\" \/>\n\t<meta name=\"keywords\" content=\"noticias y actualidad\" \/>\n\t<link rel=\"canonical\" href=\"https:\/\/eldigitaldeasturias.com\/magazine365\/la-comarca-de-los-monegros-promociona-sus-atractivos-turisticos-en-el-pais-vasco\/\" \/>\n\t<meta name=\"generator\" content=\"All in One SEO Pro (AIOSEO) 4.9.6.1\" \/>\n\t\t<meta property=\"og:locale\" content=\"es_ES\" \/>\n\t\t<meta property=\"og:site_name\" content=\"El Digital de Asturias \u2013 Revista de ocio, turismo y estilo de vida\" \/>\n\t\t<meta property=\"og:type\" content=\"article\" \/>\n\t\t<meta property=\"og:title\" content=\"La Comarca de Los Monegros promociona sus atractivos tur\u00edsticos en el Pa\u00eds Vasco | El Digital de Asturias\" \/>\n\t\t<meta property=\"og:description\" content=\"El \u00c1rea de Turismo de la Comarca de Los Monegros promociona sus atractivos naturales y culturales en la XXXVII edici\u00f3n de la feria Expovacaciones en el Pa\u00eds Vasco, a trav\u00e9s del stand institucional del Gobierno de Arag\u00f3n. El certamen tiene lugar en el Bilbao Exhibition Centre, donde se dar\u00e1n cita comunidades aut\u00f3nomas y pa\u00edses con\" \/>\n\t\t<meta property=\"og:url\" content=\"https:\/\/eldigitaldeasturias.com\/magazine365\/la-comarca-de-los-monegros-promociona-sus-atractivos-turisticos-en-el-pais-vasco\/\" \/>\n\t\t<meta property=\"og:image\" content=\"https:\/\/eldigitaldeasturias.com\/magazine365\/wp-content\/uploads\/2016\/05\/fotonoticia_20160505191435_800.jpg\" \/>\n\t\t<meta property=\"og:image:secure_url\" content=\"https:\/\/eldigitaldeasturias.com\/magazine365\/wp-content\/uploads\/2016\/05\/fotonoticia_20160505191435_800.jpg\" \/>\n\t\t<meta property=\"og:image:width\" content=\"800\" \/>\n\t\t<meta property=\"og:image:height\" content=\"533\" \/>\n\t\t<meta property=\"article:published_time\" content=\"2016-05-10T21:12:25+00:00\" \/>\n\t\t<meta property=\"article:modified_time\" content=\"2016-05-10T21:12:25+00:00\" \/>\n\t\t<meta name=\"twitter:card\" content=\"summary_large_image\" \/>\n\t\t<meta name=\"twitter:title\" content=\"La Comarca de Los Monegros promociona sus atractivos tur\u00edsticos en el Pa\u00eds Vasco | El Digital de Asturias\" \/>\n\t\t<meta name=\"twitter:description\" content=\"El \u00c1rea de Turismo de la Comarca de Los Monegros promociona sus atractivos naturales y culturales en la XXXVII edici\u00f3n de la feria Expovacaciones en el Pa\u00eds Vasco, a trav\u00e9s del stand institucional del Gobierno de Arag\u00f3n. El certamen tiene lugar en el Bilbao Exhibition Centre, donde se dar\u00e1n cita comunidades aut\u00f3nomas y pa\u00edses con\" \/>\n\t\t<meta name=\"twitter:image\" content=\"https:\/\/eldigitaldeasturias.com\/magazine365\/wp-content\/uploads\/2016\/05\/fotonoticia_20160505191435_800.jpg\" \/>\n\t\t<script type=\"application\/ld+json\" class=\"aioseo-schema\">\n\t\t\t{\"@context\":\"https:\\\/\\\/schema.org\",\"@graph\":[{\"@type\":\"Article\",\"@id\":\"https:\\\/\\\/eldigitaldeasturias.com\\\/magazine365\\\/la-comarca-de-los-monegros-promociona-sus-atractivos-turisticos-en-el-pais-vasco\\\/#article\",\"name\":\"La Comarca de Los Monegros promociona sus atractivos tur\\u00edsticos en el Pa\\u00eds Vasco | El Digital de Asturias\",\"headline\":\"La Comarca de Los Monegros promociona sus atractivos tur\\u00edsticos en el Pa\\u00eds Vasco\",\"author\":{\"@id\":\"https:\\\/\\\/eldigitaldeasturias.com\\\/magazine365\\\/author\\\/admin\\\/#author\"},\"publisher\":{\"@id\":\"https:\\\/\\\/eldigitaldeasturias.com\\\/magazine365\\\/#organization\"},\"image\":{\"@type\":\"ImageObject\",\"url\":\"https:\\\/\\\/eldigitaldeasturias.com\\\/magazine365\\\/wp-content\\\/uploads\\\/2016\\\/05\\\/fotonoticia_20160505191435_800.jpg\",\"width\":800,\"height\":533},\"datePublished\":\"2016-05-10T23:12:25+02:00\",\"dateModified\":\"2016-05-10T23:12:25+02:00\",\"inLanguage\":\"es-ES\",\"mainEntityOfPage\":{\"@id\":\"https:\\\/\\\/eldigitaldeasturias.com\\\/magazine365\\\/la-comarca-de-los-monegros-promociona-sus-atractivos-turisticos-en-el-pais-vasco\\\/#webpage\"},\"isPartOf\":{\"@id\":\"https:\\\/\\\/eldigitaldeasturias.com\\\/magazine365\\\/la-comarca-de-los-monegros-promociona-sus-atractivos-turisticos-en-el-pais-vasco\\\/#webpage\"},\"articleSection\":\"Noticias y Actualidad\"},{\"@type\":\"BreadcrumbList\",\"@id\":\"https:\\\/\\\/eldigitaldeasturias.com\\\/magazine365\\\/la-comarca-de-los-monegros-promociona-sus-atractivos-turisticos-en-el-pais-vasco\\\/#breadcrumblist\",\"itemListElement\":[{\"@type\":\"ListItem\",\"@id\":\"https:\\\/\\\/eldigitaldeasturias.com\\\/magazine365#listItem\",\"position\":1,\"name\":\"Home\",\"item\":\"https:\\\/\\\/eldigitaldeasturias.com\\\/magazine365\",\"nextItem\":{\"@type\":\"ListItem\",\"@id\":\"https:\\\/\\\/eldigitaldeasturias.com\\\/magazine365\\\/category\\\/noticias-actualidad\\\/#listItem\",\"name\":\"Noticias y Actualidad\"}},{\"@type\":\"ListItem\",\"@id\":\"https:\\\/\\\/eldigitaldeasturias.com\\\/magazine365\\\/category\\\/noticias-actualidad\\\/#listItem\",\"position\":2,\"name\":\"Noticias y Actualidad\",\"item\":\"https:\\\/\\\/eldigitaldeasturias.com\\\/magazine365\\\/category\\\/noticias-actualidad\\\/\",\"nextItem\":{\"@type\":\"ListItem\",\"@id\":\"https:\\\/\\\/eldigitaldeasturias.com\\\/magazine365\\\/la-comarca-de-los-monegros-promociona-sus-atractivos-turisticos-en-el-pais-vasco\\\/#listItem\",\"name\":\"La Comarca de Los Monegros promociona sus atractivos tur\\u00edsticos en el Pa\\u00eds Vasco\"},\"previousItem\":{\"@type\":\"ListItem\",\"@id\":\"https:\\\/\\\/eldigitaldeasturias.com\\\/magazine365#listItem\",\"name\":\"Home\"}},{\"@type\":\"ListItem\",\"@id\":\"https:\\\/\\\/eldigitaldeasturias.com\\\/magazine365\\\/la-comarca-de-los-monegros-promociona-sus-atractivos-turisticos-en-el-pais-vasco\\\/#listItem\",\"position\":3,\"name\":\"La Comarca de Los Monegros promociona sus atractivos tur\\u00edsticos en el Pa\\u00eds Vasco\",\"previousItem\":{\"@type\":\"ListItem\",\"@id\":\"https:\\\/\\\/eldigitaldeasturias.com\\\/magazine365\\\/category\\\/noticias-actualidad\\\/#listItem\",\"name\":\"Noticias y Actualidad\"}}]},{\"@type\":\"Organization\",\"@id\":\"https:\\\/\\\/eldigitaldeasturias.com\\\/magazine365\\\/#organization\",\"name\":\"El digital de Asturias\",\"description\":\"Revista de ocio, turismo y estilo de vida\",\"url\":\"https:\\\/\\\/eldigitaldeasturias.com\\\/magazine365\\\/\",\"logo\":{\"@type\":\"ImageObject\",\"url\":\"https:\\\/\\\/www.eldigitaldeasturias.com\\\/noticias\\\/wp-content\\\/uploads\\\/2020\\\/12\\\/EDA.jpg\",\"@id\":\"https:\\\/\\\/eldigitaldeasturias.com\\\/magazine365\\\/la-comarca-de-los-monegros-promociona-sus-atractivos-turisticos-en-el-pais-vasco\\\/#organizationLogo\"},\"image\":{\"@id\":\"https:\\\/\\\/eldigitaldeasturias.com\\\/magazine365\\\/la-comarca-de-los-monegros-promociona-sus-atractivos-turisticos-en-el-pais-vasco\\\/#organizationLogo\"}},{\"@type\":\"Person\",\"@id\":\"https:\\\/\\\/eldigitaldeasturias.com\\\/magazine365\\\/author\\\/admin\\\/#author\",\"url\":\"https:\\\/\\\/eldigitaldeasturias.com\\\/magazine365\\\/author\\\/admin\\\/\",\"name\":\"admin\",\"image\":{\"@type\":\"ImageObject\",\"@id\":\"https:\\\/\\\/eldigitaldeasturias.com\\\/magazine365\\\/la-comarca-de-los-monegros-promociona-sus-atractivos-turisticos-en-el-pais-vasco\\\/#authorImage\",\"url\":\"https:\\\/\\\/eldigitaldeasturias.com\\\/magazine365\\\/wp-content\\\/litespeed\\\/avatar\\\/e571bcf59a0edd6fa6838245a470f2fe.jpg?ver=1777574230\",\"width\":96,\"height\":96,\"caption\":\"admin\"}},{\"@type\":\"WebPage\",\"@id\":\"https:\\\/\\\/eldigitaldeasturias.com\\\/magazine365\\\/la-comarca-de-los-monegros-promociona-sus-atractivos-turisticos-en-el-pais-vasco\\\/#webpage\",\"url\":\"https:\\\/\\\/eldigitaldeasturias.com\\\/magazine365\\\/la-comarca-de-los-monegros-promociona-sus-atractivos-turisticos-en-el-pais-vasco\\\/\",\"name\":\"La Comarca de Los Monegros promociona sus atractivos tur\\u00edsticos en el Pa\\u00eds Vasco | El Digital de Asturias\",\"description\":\"El \\u00c1rea de Turismo de la Comarca de Los Monegros promociona sus atractivos naturales y culturales en la XXXVII edici\\u00f3n de la feria Expovacaciones en el Pa\\u00eds Vasco, a trav\\u00e9s del stand institucional del Gobierno de Arag\\u00f3n. El certamen tiene lugar en el Bilbao Exhibition Centre, donde se dar\\u00e1n cita comunidades aut\\u00f3nomas y pa\\u00edses con\",\"inLanguage\":\"es-ES\",\"isPartOf\":{\"@id\":\"https:\\\/\\\/eldigitaldeasturias.com\\\/magazine365\\\/#website\"},\"breadcrumb\":{\"@id\":\"https:\\\/\\\/eldigitaldeasturias.com\\\/magazine365\\\/la-comarca-de-los-monegros-promociona-sus-atractivos-turisticos-en-el-pais-vasco\\\/#breadcrumblist\"},\"author\":{\"@id\":\"https:\\\/\\\/eldigitaldeasturias.com\\\/magazine365\\\/author\\\/admin\\\/#author\"},\"creator\":{\"@id\":\"https:\\\/\\\/eldigitaldeasturias.com\\\/magazine365\\\/author\\\/admin\\\/#author\"},\"image\":{\"@type\":\"ImageObject\",\"url\":\"https:\\\/\\\/eldigitaldeasturias.com\\\/magazine365\\\/wp-content\\\/uploads\\\/2016\\\/05\\\/fotonoticia_20160505191435_800.jpg\",\"@id\":\"https:\\\/\\\/eldigitaldeasturias.com\\\/magazine365\\\/la-comarca-de-los-monegros-promociona-sus-atractivos-turisticos-en-el-pais-vasco\\\/#mainImage\",\"width\":800,\"height\":533},\"primaryImageOfPage\":{\"@id\":\"https:\\\/\\\/eldigitaldeasturias.com\\\/magazine365\\\/la-comarca-de-los-monegros-promociona-sus-atractivos-turisticos-en-el-pais-vasco\\\/#mainImage\"},\"datePublished\":\"2016-05-10T23:12:25+02:00\",\"dateModified\":\"2016-05-10T23:12:25+02:00\"},{\"@type\":\"WebSite\",\"@id\":\"https:\\\/\\\/eldigitaldeasturias.com\\\/magazine365\\\/#website\",\"url\":\"https:\\\/\\\/eldigitaldeasturias.com\\\/magazine365\\\/\",\"name\":\"El Digital de Asturias\",\"description\":\"Revista de ocio, turismo y estilo de vida\",\"inLanguage\":\"es-ES\",\"publisher\":{\"@id\":\"https:\\\/\\\/eldigitaldeasturias.com\\\/magazine365\\\/#organization\"}}]}\n\t\t<\/script>\n\t\t<!-- All in One SEO Pro -->\r\n\t\t<title>La Comarca de Los Monegros promociona sus atractivos tur\u00edsticos en el Pa\u00eds Vasco | El Digital de Asturias<\/title>\n\n","aioseo_head_json":{"title":"La Comarca de Los Monegros promociona sus atractivos tur\u00edsticos en el Pa\u00eds Vasco | El Digital de Asturias","description":"El \u00c1rea de Turismo de la Comarca de Los Monegros promociona sus atractivos naturales y culturales en la XXXVII edici\u00f3n de la feria Expovacaciones en el Pa\u00eds Vasco, a trav\u00e9s del stand institucional del Gobierno de Arag\u00f3n. El certamen tiene lugar en el Bilbao Exhibition Centre, donde se dar\u00e1n cita comunidades aut\u00f3nomas y pa\u00edses con","canonical_url":"https:\/\/eldigitaldeasturias.com\/magazine365\/la-comarca-de-los-monegros-promociona-sus-atractivos-turisticos-en-el-pais-vasco\/","robots":"max-image-preview:large","keywords":"noticias y actualidad","webmasterTools":{"google-site-verification":"UA-38556648-1","miscellaneous":""},"schema":{"@context":"https:\/\/schema.org","@graph":[{"@type":"Article","@id":"https:\/\/eldigitaldeasturias.com\/magazine365\/la-comarca-de-los-monegros-promociona-sus-atractivos-turisticos-en-el-pais-vasco\/#article","name":"La Comarca de Los Monegros promociona sus atractivos tur\u00edsticos en el Pa\u00eds Vasco | El Digital de Asturias","headline":"La Comarca de Los Monegros promociona sus atractivos tur\u00edsticos en el Pa\u00eds Vasco","author":{"@id":"https:\/\/eldigitaldeasturias.com\/magazine365\/author\/admin\/#author"},"publisher":{"@id":"https:\/\/eldigitaldeasturias.com\/magazine365\/#organization"},"image":{"@type":"ImageObject","url":"https:\/\/eldigitaldeasturias.com\/magazine365\/wp-content\/uploads\/2016\/05\/fotonoticia_20160505191435_800.jpg","width":800,"height":533},"datePublished":"2016-05-10T23:12:25+02:00","dateModified":"2016-05-10T23:12:25+02:00","inLanguage":"es-ES","mainEntityOfPage":{"@id":"https:\/\/eldigitaldeasturias.com\/magazine365\/la-comarca-de-los-monegros-promociona-sus-atractivos-turisticos-en-el-pais-vasco\/#webpage"},"isPartOf":{"@id":"https:\/\/eldigitaldeasturias.com\/magazine365\/la-comarca-de-los-monegros-promociona-sus-atractivos-turisticos-en-el-pais-vasco\/#webpage"},"articleSection":"Noticias y Actualidad"},{"@type":"BreadcrumbList","@id":"https:\/\/eldigitaldeasturias.com\/magazine365\/la-comarca-de-los-monegros-promociona-sus-atractivos-turisticos-en-el-pais-vasco\/#breadcrumblist","itemListElement":[{"@type":"ListItem","@id":"https:\/\/eldigitaldeasturias.com\/magazine365#listItem","position":1,"name":"Home","item":"https:\/\/eldigitaldeasturias.com\/magazine365","nextItem":{"@type":"ListItem","@id":"https:\/\/eldigitaldeasturias.com\/magazine365\/category\/noticias-actualidad\/#listItem","name":"Noticias y Actualidad"}},{"@type":"ListItem","@id":"https:\/\/eldigitaldeasturias.com\/magazine365\/category\/noticias-actualidad\/#listItem","position":2,"name":"Noticias y Actualidad","item":"https:\/\/eldigitaldeasturias.com\/magazine365\/category\/noticias-actualidad\/","nextItem":{"@type":"ListItem","@id":"https:\/\/eldigitaldeasturias.com\/magazine365\/la-comarca-de-los-monegros-promociona-sus-atractivos-turisticos-en-el-pais-vasco\/#listItem","name":"La Comarca de Los Monegros promociona sus atractivos tur\u00edsticos en el Pa\u00eds Vasco"},"previousItem":{"@type":"ListItem","@id":"https:\/\/eldigitaldeasturias.com\/magazine365#listItem","name":"Home"}},{"@type":"ListItem","@id":"https:\/\/eldigitaldeasturias.com\/magazine365\/la-comarca-de-los-monegros-promociona-sus-atractivos-turisticos-en-el-pais-vasco\/#listItem","position":3,"name":"La Comarca de Los Monegros promociona sus atractivos tur\u00edsticos en el Pa\u00eds Vasco","previousItem":{"@type":"ListItem","@id":"https:\/\/eldigitaldeasturias.com\/magazine365\/category\/noticias-actualidad\/#listItem","name":"Noticias y Actualidad"}}]},{"@type":"Organization","@id":"https:\/\/eldigitaldeasturias.com\/magazine365\/#organization","name":"El digital de Asturias","description":"Revista de ocio, turismo y estilo de vida","url":"https:\/\/eldigitaldeasturias.com\/magazine365\/","logo":{"@type":"ImageObject","url":"https:\/\/www.eldigitaldeasturias.com\/noticias\/wp-content\/uploads\/2020\/12\/EDA.jpg","@id":"https:\/\/eldigitaldeasturias.com\/magazine365\/la-comarca-de-los-monegros-promociona-sus-atractivos-turisticos-en-el-pais-vasco\/#organizationLogo"},"image":{"@id":"https:\/\/eldigitaldeasturias.com\/magazine365\/la-comarca-de-los-monegros-promociona-sus-atractivos-turisticos-en-el-pais-vasco\/#organizationLogo"}},{"@type":"Person","@id":"https:\/\/eldigitaldeasturias.com\/magazine365\/author\/admin\/#author","url":"https:\/\/eldigitaldeasturias.com\/magazine365\/author\/admin\/","name":"admin","image":{"@type":"ImageObject","@id":"https:\/\/eldigitaldeasturias.com\/magazine365\/la-comarca-de-los-monegros-promociona-sus-atractivos-turisticos-en-el-pais-vasco\/#authorImage","url":"https:\/\/eldigitaldeasturias.com\/magazine365\/wp-content\/litespeed\/avatar\/e571bcf59a0edd6fa6838245a470f2fe.jpg?ver=1777574230","width":96,"height":96,"caption":"admin"}},{"@type":"WebPage","@id":"https:\/\/eldigitaldeasturias.com\/magazine365\/la-comarca-de-los-monegros-promociona-sus-atractivos-turisticos-en-el-pais-vasco\/#webpage","url":"https:\/\/eldigitaldeasturias.com\/magazine365\/la-comarca-de-los-monegros-promociona-sus-atractivos-turisticos-en-el-pais-vasco\/","name":"La Comarca de Los Monegros promociona sus atractivos tur\u00edsticos en el Pa\u00eds Vasco | El Digital de Asturias","description":"El \u00c1rea de Turismo de la Comarca de Los Monegros promociona sus atractivos naturales y culturales en la XXXVII edici\u00f3n de la feria Expovacaciones en el Pa\u00eds Vasco, a trav\u00e9s del stand institucional del Gobierno de Arag\u00f3n. El certamen tiene lugar en el Bilbao Exhibition Centre, donde se dar\u00e1n cita comunidades aut\u00f3nomas y pa\u00edses con","inLanguage":"es-ES","isPartOf":{"@id":"https:\/\/eldigitaldeasturias.com\/magazine365\/#website"},"breadcrumb":{"@id":"https:\/\/eldigitaldeasturias.com\/magazine365\/la-comarca-de-los-monegros-promociona-sus-atractivos-turisticos-en-el-pais-vasco\/#breadcrumblist"},"author":{"@id":"https:\/\/eldigitaldeasturias.com\/magazine365\/author\/admin\/#author"},"creator":{"@id":"https:\/\/eldigitaldeasturias.com\/magazine365\/author\/admin\/#author"},"image":{"@type":"ImageObject","url":"https:\/\/eldigitaldeasturias.com\/magazine365\/wp-content\/uploads\/2016\/05\/fotonoticia_20160505191435_800.jpg","@id":"https:\/\/eldigitaldeasturias.com\/magazine365\/la-comarca-de-los-monegros-promociona-sus-atractivos-turisticos-en-el-pais-vasco\/#mainImage","width":800,"height":533},"primaryImageOfPage":{"@id":"https:\/\/eldigitaldeasturias.com\/magazine365\/la-comarca-de-los-monegros-promociona-sus-atractivos-turisticos-en-el-pais-vasco\/#mainImage"},"datePublished":"2016-05-10T23:12:25+02:00","dateModified":"2016-05-10T23:12:25+02:00"},{"@type":"WebSite","@id":"https:\/\/eldigitaldeasturias.com\/magazine365\/#website","url":"https:\/\/eldigitaldeasturias.com\/magazine365\/","name":"El Digital de Asturias","description":"Revista de ocio, turismo y estilo de vida","inLanguage":"es-ES","publisher":{"@id":"https:\/\/eldigitaldeasturias.com\/magazine365\/#organization"}}]},"og:locale":"es_ES","og:site_name":"El Digital de Asturias \u2013 Revista de ocio, turismo y estilo de vida","og:type":"article","og:title":"La Comarca de Los Monegros promociona sus atractivos tur\u00edsticos en el Pa\u00eds Vasco | El Digital de Asturias","og:description":"El \u00c1rea de Turismo de la Comarca de Los Monegros promociona sus atractivos naturales y culturales en la XXXVII edici\u00f3n de la feria Expovacaciones en el Pa\u00eds Vasco, a trav\u00e9s del stand institucional del Gobierno de Arag\u00f3n. El certamen tiene lugar en el Bilbao Exhibition Centre, donde se dar\u00e1n cita comunidades aut\u00f3nomas y pa\u00edses con","og:url":"https:\/\/eldigitaldeasturias.com\/magazine365\/la-comarca-de-los-monegros-promociona-sus-atractivos-turisticos-en-el-pais-vasco\/","og:image":"https:\/\/eldigitaldeasturias.com\/magazine365\/wp-content\/uploads\/2016\/05\/fotonoticia_20160505191435_800.jpg","og:image:secure_url":"https:\/\/eldigitaldeasturias.com\/magazine365\/wp-content\/uploads\/2016\/05\/fotonoticia_20160505191435_800.jpg","og:image:width":800,"og:image:height":533,"article:published_time":"2016-05-10T21:12:25+00:00","article:modified_time":"2016-05-10T21:12:25+00:00","twitter:card":"summary_large_image","twitter:title":"La Comarca de Los Monegros promociona sus atractivos tur\u00edsticos en el Pa\u00eds Vasco | El Digital de Asturias","twitter:description":"El \u00c1rea de Turismo de la Comarca de Los Monegros promociona sus atractivos naturales y culturales en la XXXVII edici\u00f3n de la feria Expovacaciones en el Pa\u00eds Vasco, a trav\u00e9s del stand institucional del Gobierno de Arag\u00f3n. El certamen tiene lugar en el Bilbao Exhibition Centre, donde se dar\u00e1n cita comunidades aut\u00f3nomas y pa\u00edses con","twitter:image":"https:\/\/eldigitaldeasturias.com\/magazine365\/wp-content\/uploads\/2016\/05\/fotonoticia_20160505191435_800.jpg"},"aioseo_meta_data":{"post_id":"76160","title":null,"description":null,"keywords":null,"keyphrases":null,"primary_term":null,"canonical_url":null,"og_title":null,"og_description":null,"og_object_type":"default","og_image_type":"default","og_image_url":null,"og_image_width":null,"og_image_height":null,"og_image_custom_url":null,"og_image_custom_fields":null,"og_video":null,"og_custom_url":null,"og_article_section":null,"og_article_tags":null,"twitter_use_og":false,"twitter_card":"default","twitter_image_type":"default","twitter_image_url":null,"twitter_image_custom_url":null,"twitter_image_custom_fields":null,"twitter_title":null,"twitter_description":null,"schema":{"blockGraphs":[],"customGraphs":[],"default":{"data":{"Article":[],"Course":[],"Dataset":[],"FAQPage":[],"Movie":[],"Person":[],"Product":[],"ProductReview":[],"Car":[],"Recipe":[],"Service":[],"SoftwareApplication":[],"WebPage":[]},"graphName":"","isEnabled":true},"graphs":[],"defaultGraph":"","defaultPostTypeGraph":""},"schema_type":null,"schema_type_options":null,"pillar_content":false,"robots_default":true,"robots_noindex":false,"robots_noarchive":false,"robots_nosnippet":false,"robots_nofollow":false,"robots_noimageindex":false,"robots_noodp":false,"robots_notranslate":false,"robots_max_snippet":null,"robots_max_videopreview":null,"robots_max_imagepreview":"large","priority":null,"frequency":null,"location":null,"local_seo":null,"seo_analyzer_scan_date":"2025-09-27 11:58:02","breadcrumb_settings":null,"limit_modified_date":false,"open_ai":null,"ai":null,"created":"2021-03-08 18:31:46","updated":"2025-09-27 11:58:02"},"aioseo_breadcrumb":"<div class=\"aioseo-breadcrumbs\"><span class=\"aioseo-breadcrumb\">\n\t<a href=\"https:\/\/eldigitaldeasturias.com\/magazine365\" title=\"Home\">Home<\/a>\n<\/span><span class=\"aioseo-breadcrumb-separator\">\u2013<\/span><span class=\"aioseo-breadcrumb\">\n\t<a href=\"https:\/\/eldigitaldeasturias.com\/magazine365\/category\/noticias-actualidad\/\" title=\"Noticias y Actualidad\">Noticias y Actualidad<\/a>\n<\/span><span class=\"aioseo-breadcrumb-separator\">\u2013<\/span><span class=\"aioseo-breadcrumb\">\n\t<a href=\"https:\/\/eldigitaldeasturias.com\/magazine365\/la-comarca-de-los-monegros-promociona-sus-atractivos-turisticos-en-el-pais-vasco\/\" title=\"La Comarca de Los Monegros promociona sus atractivos tur\u00edsticos en el Pa\u00eds Vasco\">La Comarca de Los Monegros promociona sus atractivos tur\u00edsticos en el Pa\u00eds Vasco<\/a>\n<\/span><\/div>","aioseo_breadcrumb_json":[{"label":"Home","link":"https:\/\/eldigitaldeasturias.com\/magazine365"},{"label":"Noticias y Actualidad","link":"https:\/\/eldigitaldeasturias.com\/magazine365\/category\/noticias-actualidad\/"},{"label":"La Comarca de Los Monegros promociona sus atractivos tur\u00edsticos en el Pa\u00eds Vasco","link":"https:\/\/eldigitaldeasturias.com\/magazine365\/la-comarca-de-los-monegros-promociona-sus-atractivos-turisticos-en-el-pais-vasco\/"}],"_links":{"self":[{"href":"https:\/\/eldigitaldeasturias.com\/magazine365\/wp-json\/wp\/v2\/posts\/76160","targetHints":{"allow":["GET"]}}],"collection":[{"href":"https:\/\/eldigitaldeasturias.com\/magazine365\/wp-json\/wp\/v2\/posts"}],"about":[{"href":"https:\/\/eldigitaldeasturias.com\/magazine365\/wp-json\/wp\/v2\/types\/post"}],"author":[{"embeddable":true,"href":"https:\/\/eldigitaldeasturias.com\/magazine365\/wp-json\/wp\/v2\/users\/1"}],"replies":[{"embeddable":true,"href":"https:\/\/eldigitaldeasturias.com\/magazine365\/wp-json\/wp\/v2\/comments?post=76160"}],"version-history":[{"count":0,"href":"https:\/\/eldigitaldeasturias.com\/magazine365\/wp-json\/wp\/v2\/posts\/76160\/revisions"}],"wp:featuredmedia":[{"embeddable":true,"href":"https:\/\/eldigitaldeasturias.com\/magazine365\/wp-json\/wp\/v2\/media\/76161"}],"wp:attachment":[{"href":"https:\/\/eldigitaldeasturias.com\/magazine365\/wp-json\/wp\/v2\/media?parent=76160"}],"wp:term":[{"taxonomy":"category","embeddable":true,"href":"https:\/\/eldigitaldeasturias.com\/magazine365\/wp-json\/wp\/v2\/categories?post=76160"},{"taxonomy":"post_tag","embeddable":true,"href":"https:\/\/eldigitaldeasturias.com\/magazine365\/wp-json\/wp\/v2\/tags?post=76160"}],"curies":[{"name":"wp","href":"https:\/\/api.w.org\/{rel}","templated":true}]}}