{"id":76154,"date":"2016-05-10T23:10:06","date_gmt":"2016-05-10T21:10:06","guid":{"rendered":"http:\/\/eldigitaldeasturias.com\/magazine365\/?p=76154"},"modified":"2016-05-10T23:10:06","modified_gmt":"2016-05-10T21:10:06","slug":"la-generalitat-organiza-una-feria-para-incentivar-las-escapadas-en-cataluna","status":"publish","type":"post","link":"https:\/\/eldigitaldeasturias.com\/magazine365\/la-generalitat-organiza-una-feria-para-incentivar-las-escapadas-en-cataluna\/","title":{"rendered":"La Generalitat organiza una feria para incentivar las escapadas en Catalu\u00f1a"},"content":{"rendered":"<p><img fetchpriority=\"high\" decoding=\"async\" class=\"alignleft size-medium wp-image-76155\" src=\"https:\/\/eldigitaldeasturias.com\/magazine365\/wp-content\/uploads\/2016\/05\/fotonoticia_20160505184050_800-360x270.jpg\" alt=\"fotonoticia_20160505184050_800\" width=\"360\" height=\"270\" srcset=\"https:\/\/eldigitaldeasturias.com\/magazine365\/wp-content\/uploads\/2016\/05\/fotonoticia_20160505184050_800-360x270.jpg 360w, https:\/\/eldigitaldeasturias.com\/magazine365\/wp-content\/uploads\/2016\/05\/fotonoticia_20160505184050_800-650x488.jpg 650w, https:\/\/eldigitaldeasturias.com\/magazine365\/wp-content\/uploads\/2016\/05\/fotonoticia_20160505184050_800-768x576.jpg 768w, https:\/\/eldigitaldeasturias.com\/magazine365\/wp-content\/uploads\/2016\/05\/fotonoticia_20160505184050_800-150x113.jpg 150w, https:\/\/eldigitaldeasturias.com\/magazine365\/wp-content\/uploads\/2016\/05\/fotonoticia_20160505184050_800-450x338.jpg 450w, https:\/\/eldigitaldeasturias.com\/magazine365\/wp-content\/uploads\/2016\/05\/fotonoticia_20160505184050_800-90x67.jpg 90w, https:\/\/eldigitaldeasturias.com\/magazine365\/wp-content\/uploads\/2016\/05\/fotonoticia_20160505184050_800-164x124.jpg 164w, https:\/\/eldigitaldeasturias.com\/magazine365\/wp-content\/uploads\/2016\/05\/fotonoticia_20160505184050_800-100x75.jpg 100w, https:\/\/eldigitaldeasturias.com\/magazine365\/wp-content\/uploads\/2016\/05\/fotonoticia_20160505184050_800.jpg 800w\" sizes=\"(max-width: 360px) 100vw, 360px\" \/>La Agencia Catalana de Turismo (ACT) organiza este fin de semana en el Arc de Triomf de Barcelona el Mercado de Escapadas, una feria que pretende incentivar los viajes de corta duraci\u00f3n en Catalu\u00f1a y entre los catalanes.<\/p>\n<p>Seg\u00fan ha informado la Conselleria de Empresa y Conocimiento de la Generalitat este jueves en un comunicado, la feria reunir\u00e1 a m\u00e1s de 140 empresas y entidades catalanas que podr\u00e1n vender su oferta tur\u00edstica directamente al p\u00fablico final.<\/p>\n<p>El mercado dom\u00e9stico es un importante mercado emisor para Catalu\u00f1a, ya que en 2015 m\u00e1s de 6,4 millones de catalanes (+29,1%) se alojaron en establecimientos tur\u00edsticos y realizaron 17,5 millones de pernoctaciones (+23,3%).<\/p>\n<p>La feria se dividir\u00e1 en cuatro zonas que se identificar\u00e1n con cuatro tipos de productos: actividades en la naturaleza, cultura, enoturismo y gastronom\u00eda, y vacaciones en familia.<\/p>\n<p>El Mercado de Escapadas se complementar\u00e1 con diversas actividades dirigidas al p\u00fablico asistente, como moverse en &#8216;burricleta&#8217;, subir al roc\u00f3dromo y viajar en un tren el\u00e9ctrico, as\u00ed como tambi\u00e9n degustar las recetas de cocineros de los hoteles gastron\u00f3micos y los colectivos de cocina de Catalu\u00f1a.<\/p>\n","protected":false},"excerpt":{"rendered":"<p>La Agencia Catalana de Turismo (ACT) organiza este fin de semana en el Arc de Triomf de Barcelona el Mercado de Escapadas, una feria que pretende incentivar los viajes de corta duraci\u00f3n en Catalu\u00f1a y entre los catalanes. Seg\u00fan ha informado la Conselleria de Empresa y Conocimiento de la Generalitat este jueves en un comunicado,<\/p>\n","protected":false},"author":1,"featured_media":76155,"comment_status":"open","ping_status":"closed","sticky":false,"template":"","format":"standard","meta":{"footnotes":""},"categories":[224],"tags":[],"class_list":{"0":"post-76154","1":"post","2":"type-post","3":"status-publish","4":"format-standard","5":"has-post-thumbnail","7":"category-noticias-actualidad"},"aioseo_notices":[],"aioseo_head":"\n\t\t<!-- All in One SEO Pro 4.9.6.1 - aioseo.com -->\n\t<meta name=\"description\" content=\"La Agencia Catalana de Turismo (ACT) organiza este fin de semana en el Arc de Triomf de Barcelona el Mercado de Escapadas, una feria que pretende incentivar los viajes de corta duraci\u00f3n en Catalu\u00f1a y entre los catalanes. Seg\u00fan ha informado la Conselleria de Empresa y Conocimiento de la Generalitat este jueves en un comunicado,\" \/>\n\t<meta name=\"robots\" content=\"max-image-preview:large\" \/>\n\t<meta name=\"author\" content=\"admin\"\/>\n\t<meta name=\"google-site-verification\" content=\"UA-38556648-1\" \/>\n\t<meta name=\"keywords\" content=\"noticias y actualidad\" \/>\n\t<link rel=\"canonical\" href=\"https:\/\/eldigitaldeasturias.com\/magazine365\/la-generalitat-organiza-una-feria-para-incentivar-las-escapadas-en-cataluna\/\" \/>\n\t<meta name=\"generator\" content=\"All in One SEO Pro (AIOSEO) 4.9.6.1\" \/>\n\t\t<meta property=\"og:locale\" content=\"es_ES\" \/>\n\t\t<meta property=\"og:site_name\" content=\"El Digital de Asturias \u2013 Revista de ocio, turismo y estilo de vida\" \/>\n\t\t<meta property=\"og:type\" content=\"article\" \/>\n\t\t<meta property=\"og:title\" content=\"La Generalitat organiza una feria para incentivar las escapadas en Catalu\u00f1a | El Digital de Asturias\" \/>\n\t\t<meta property=\"og:description\" content=\"La Agencia Catalana de Turismo (ACT) organiza este fin de semana en el Arc de Triomf de Barcelona el Mercado de Escapadas, una feria que pretende incentivar los viajes de corta duraci\u00f3n en Catalu\u00f1a y entre los catalanes. Seg\u00fan ha informado la Conselleria de Empresa y Conocimiento de la Generalitat este jueves en un comunicado,\" \/>\n\t\t<meta property=\"og:url\" content=\"https:\/\/eldigitaldeasturias.com\/magazine365\/la-generalitat-organiza-una-feria-para-incentivar-las-escapadas-en-cataluna\/\" \/>\n\t\t<meta property=\"og:image\" content=\"https:\/\/eldigitaldeasturias.com\/magazine365\/wp-content\/uploads\/2016\/05\/fotonoticia_20160505184050_800.jpg\" \/>\n\t\t<meta property=\"og:image:secure_url\" content=\"https:\/\/eldigitaldeasturias.com\/magazine365\/wp-content\/uploads\/2016\/05\/fotonoticia_20160505184050_800.jpg\" \/>\n\t\t<meta property=\"og:image:width\" content=\"800\" \/>\n\t\t<meta property=\"og:image:height\" content=\"600\" \/>\n\t\t<meta property=\"article:published_time\" content=\"2016-05-10T21:10:06+00:00\" \/>\n\t\t<meta property=\"article:modified_time\" content=\"2016-05-10T21:10:06+00:00\" \/>\n\t\t<meta name=\"twitter:card\" content=\"summary_large_image\" \/>\n\t\t<meta name=\"twitter:title\" content=\"La Generalitat organiza una feria para incentivar las escapadas en Catalu\u00f1a | El Digital de Asturias\" \/>\n\t\t<meta name=\"twitter:description\" content=\"La Agencia Catalana de Turismo (ACT) organiza este fin de semana en el Arc de Triomf de Barcelona el Mercado de Escapadas, una feria que pretende incentivar los viajes de corta duraci\u00f3n en Catalu\u00f1a y entre los catalanes. Seg\u00fan ha informado la Conselleria de Empresa y Conocimiento de la Generalitat este jueves en un comunicado,\" \/>\n\t\t<meta name=\"twitter:image\" content=\"https:\/\/eldigitaldeasturias.com\/magazine365\/wp-content\/uploads\/2016\/05\/fotonoticia_20160505184050_800.jpg\" \/>\n\t\t<script type=\"application\/ld+json\" class=\"aioseo-schema\">\n\t\t\t{\"@context\":\"https:\\\/\\\/schema.org\",\"@graph\":[{\"@type\":\"Article\",\"@id\":\"https:\\\/\\\/eldigitaldeasturias.com\\\/magazine365\\\/la-generalitat-organiza-una-feria-para-incentivar-las-escapadas-en-cataluna\\\/#article\",\"name\":\"La Generalitat organiza una feria para incentivar las escapadas en Catalu\\u00f1a | El Digital de Asturias\",\"headline\":\"La Generalitat organiza una feria para incentivar las escapadas en Catalu\\u00f1a\",\"author\":{\"@id\":\"https:\\\/\\\/eldigitaldeasturias.com\\\/magazine365\\\/author\\\/admin\\\/#author\"},\"publisher\":{\"@id\":\"https:\\\/\\\/eldigitaldeasturias.com\\\/magazine365\\\/#organization\"},\"image\":{\"@type\":\"ImageObject\",\"url\":\"https:\\\/\\\/eldigitaldeasturias.com\\\/magazine365\\\/wp-content\\\/uploads\\\/2016\\\/05\\\/fotonoticia_20160505184050_800.jpg\",\"width\":800,\"height\":600},\"datePublished\":\"2016-05-10T23:10:06+02:00\",\"dateModified\":\"2016-05-10T23:10:06+02:00\",\"inLanguage\":\"es-ES\",\"mainEntityOfPage\":{\"@id\":\"https:\\\/\\\/eldigitaldeasturias.com\\\/magazine365\\\/la-generalitat-organiza-una-feria-para-incentivar-las-escapadas-en-cataluna\\\/#webpage\"},\"isPartOf\":{\"@id\":\"https:\\\/\\\/eldigitaldeasturias.com\\\/magazine365\\\/la-generalitat-organiza-una-feria-para-incentivar-las-escapadas-en-cataluna\\\/#webpage\"},\"articleSection\":\"Noticias y Actualidad\"},{\"@type\":\"BreadcrumbList\",\"@id\":\"https:\\\/\\\/eldigitaldeasturias.com\\\/magazine365\\\/la-generalitat-organiza-una-feria-para-incentivar-las-escapadas-en-cataluna\\\/#breadcrumblist\",\"itemListElement\":[{\"@type\":\"ListItem\",\"@id\":\"https:\\\/\\\/eldigitaldeasturias.com\\\/magazine365#listItem\",\"position\":1,\"name\":\"Home\",\"item\":\"https:\\\/\\\/eldigitaldeasturias.com\\\/magazine365\",\"nextItem\":{\"@type\":\"ListItem\",\"@id\":\"https:\\\/\\\/eldigitaldeasturias.com\\\/magazine365\\\/category\\\/noticias-actualidad\\\/#listItem\",\"name\":\"Noticias y Actualidad\"}},{\"@type\":\"ListItem\",\"@id\":\"https:\\\/\\\/eldigitaldeasturias.com\\\/magazine365\\\/category\\\/noticias-actualidad\\\/#listItem\",\"position\":2,\"name\":\"Noticias y Actualidad\",\"item\":\"https:\\\/\\\/eldigitaldeasturias.com\\\/magazine365\\\/category\\\/noticias-actualidad\\\/\",\"nextItem\":{\"@type\":\"ListItem\",\"@id\":\"https:\\\/\\\/eldigitaldeasturias.com\\\/magazine365\\\/la-generalitat-organiza-una-feria-para-incentivar-las-escapadas-en-cataluna\\\/#listItem\",\"name\":\"La Generalitat organiza una feria para incentivar las escapadas en Catalu\\u00f1a\"},\"previousItem\":{\"@type\":\"ListItem\",\"@id\":\"https:\\\/\\\/eldigitaldeasturias.com\\\/magazine365#listItem\",\"name\":\"Home\"}},{\"@type\":\"ListItem\",\"@id\":\"https:\\\/\\\/eldigitaldeasturias.com\\\/magazine365\\\/la-generalitat-organiza-una-feria-para-incentivar-las-escapadas-en-cataluna\\\/#listItem\",\"position\":3,\"name\":\"La Generalitat organiza una feria para incentivar las escapadas en Catalu\\u00f1a\",\"previousItem\":{\"@type\":\"ListItem\",\"@id\":\"https:\\\/\\\/eldigitaldeasturias.com\\\/magazine365\\\/category\\\/noticias-actualidad\\\/#listItem\",\"name\":\"Noticias y Actualidad\"}}]},{\"@type\":\"Organization\",\"@id\":\"https:\\\/\\\/eldigitaldeasturias.com\\\/magazine365\\\/#organization\",\"name\":\"El digital de Asturias\",\"description\":\"Revista de ocio, turismo y estilo de vida\",\"url\":\"https:\\\/\\\/eldigitaldeasturias.com\\\/magazine365\\\/\",\"logo\":{\"@type\":\"ImageObject\",\"url\":\"https:\\\/\\\/www.eldigitaldeasturias.com\\\/noticias\\\/wp-content\\\/uploads\\\/2020\\\/12\\\/EDA.jpg\",\"@id\":\"https:\\\/\\\/eldigitaldeasturias.com\\\/magazine365\\\/la-generalitat-organiza-una-feria-para-incentivar-las-escapadas-en-cataluna\\\/#organizationLogo\"},\"image\":{\"@id\":\"https:\\\/\\\/eldigitaldeasturias.com\\\/magazine365\\\/la-generalitat-organiza-una-feria-para-incentivar-las-escapadas-en-cataluna\\\/#organizationLogo\"}},{\"@type\":\"Person\",\"@id\":\"https:\\\/\\\/eldigitaldeasturias.com\\\/magazine365\\\/author\\\/admin\\\/#author\",\"url\":\"https:\\\/\\\/eldigitaldeasturias.com\\\/magazine365\\\/author\\\/admin\\\/\",\"name\":\"admin\",\"image\":{\"@type\":\"ImageObject\",\"@id\":\"https:\\\/\\\/eldigitaldeasturias.com\\\/magazine365\\\/la-generalitat-organiza-una-feria-para-incentivar-las-escapadas-en-cataluna\\\/#authorImage\",\"url\":\"https:\\\/\\\/eldigitaldeasturias.com\\\/magazine365\\\/wp-content\\\/litespeed\\\/avatar\\\/e571bcf59a0edd6fa6838245a470f2fe.jpg?ver=1777574230\",\"width\":96,\"height\":96,\"caption\":\"admin\"}},{\"@type\":\"WebPage\",\"@id\":\"https:\\\/\\\/eldigitaldeasturias.com\\\/magazine365\\\/la-generalitat-organiza-una-feria-para-incentivar-las-escapadas-en-cataluna\\\/#webpage\",\"url\":\"https:\\\/\\\/eldigitaldeasturias.com\\\/magazine365\\\/la-generalitat-organiza-una-feria-para-incentivar-las-escapadas-en-cataluna\\\/\",\"name\":\"La Generalitat organiza una feria para incentivar las escapadas en Catalu\\u00f1a | El Digital de Asturias\",\"description\":\"La Agencia Catalana de Turismo (ACT) organiza este fin de semana en el Arc de Triomf de Barcelona el Mercado de Escapadas, una feria que pretende incentivar los viajes de corta duraci\\u00f3n en Catalu\\u00f1a y entre los catalanes. Seg\\u00fan ha informado la Conselleria de Empresa y Conocimiento de la Generalitat este jueves en un comunicado,\",\"inLanguage\":\"es-ES\",\"isPartOf\":{\"@id\":\"https:\\\/\\\/eldigitaldeasturias.com\\\/magazine365\\\/#website\"},\"breadcrumb\":{\"@id\":\"https:\\\/\\\/eldigitaldeasturias.com\\\/magazine365\\\/la-generalitat-organiza-una-feria-para-incentivar-las-escapadas-en-cataluna\\\/#breadcrumblist\"},\"author\":{\"@id\":\"https:\\\/\\\/eldigitaldeasturias.com\\\/magazine365\\\/author\\\/admin\\\/#author\"},\"creator\":{\"@id\":\"https:\\\/\\\/eldigitaldeasturias.com\\\/magazine365\\\/author\\\/admin\\\/#author\"},\"image\":{\"@type\":\"ImageObject\",\"url\":\"https:\\\/\\\/eldigitaldeasturias.com\\\/magazine365\\\/wp-content\\\/uploads\\\/2016\\\/05\\\/fotonoticia_20160505184050_800.jpg\",\"@id\":\"https:\\\/\\\/eldigitaldeasturias.com\\\/magazine365\\\/la-generalitat-organiza-una-feria-para-incentivar-las-escapadas-en-cataluna\\\/#mainImage\",\"width\":800,\"height\":600},\"primaryImageOfPage\":{\"@id\":\"https:\\\/\\\/eldigitaldeasturias.com\\\/magazine365\\\/la-generalitat-organiza-una-feria-para-incentivar-las-escapadas-en-cataluna\\\/#mainImage\"},\"datePublished\":\"2016-05-10T23:10:06+02:00\",\"dateModified\":\"2016-05-10T23:10:06+02:00\"},{\"@type\":\"WebSite\",\"@id\":\"https:\\\/\\\/eldigitaldeasturias.com\\\/magazine365\\\/#website\",\"url\":\"https:\\\/\\\/eldigitaldeasturias.com\\\/magazine365\\\/\",\"name\":\"El Digital de Asturias\",\"description\":\"Revista de ocio, turismo y estilo de vida\",\"inLanguage\":\"es-ES\",\"publisher\":{\"@id\":\"https:\\\/\\\/eldigitaldeasturias.com\\\/magazine365\\\/#organization\"}}]}\n\t\t<\/script>\n\t\t<!-- All in One SEO Pro -->\r\n\t\t<title>La Generalitat organiza una feria para incentivar las escapadas en Catalu\u00f1a | El Digital de Asturias<\/title>\n\n","aioseo_head_json":{"title":"La Generalitat organiza una feria para incentivar las escapadas en Catalu\u00f1a | El Digital de Asturias","description":"La Agencia Catalana de Turismo (ACT) organiza este fin de semana en el Arc de Triomf de Barcelona el Mercado de Escapadas, una feria que pretende incentivar los viajes de corta duraci\u00f3n en Catalu\u00f1a y entre los catalanes. Seg\u00fan ha informado la Conselleria de Empresa y Conocimiento de la Generalitat este jueves en un comunicado,","canonical_url":"https:\/\/eldigitaldeasturias.com\/magazine365\/la-generalitat-organiza-una-feria-para-incentivar-las-escapadas-en-cataluna\/","robots":"max-image-preview:large","keywords":"noticias y actualidad","webmasterTools":{"google-site-verification":"UA-38556648-1","miscellaneous":""},"schema":{"@context":"https:\/\/schema.org","@graph":[{"@type":"Article","@id":"https:\/\/eldigitaldeasturias.com\/magazine365\/la-generalitat-organiza-una-feria-para-incentivar-las-escapadas-en-cataluna\/#article","name":"La Generalitat organiza una feria para incentivar las escapadas en Catalu\u00f1a | El Digital de Asturias","headline":"La Generalitat organiza una feria para incentivar las escapadas en Catalu\u00f1a","author":{"@id":"https:\/\/eldigitaldeasturias.com\/magazine365\/author\/admin\/#author"},"publisher":{"@id":"https:\/\/eldigitaldeasturias.com\/magazine365\/#organization"},"image":{"@type":"ImageObject","url":"https:\/\/eldigitaldeasturias.com\/magazine365\/wp-content\/uploads\/2016\/05\/fotonoticia_20160505184050_800.jpg","width":800,"height":600},"datePublished":"2016-05-10T23:10:06+02:00","dateModified":"2016-05-10T23:10:06+02:00","inLanguage":"es-ES","mainEntityOfPage":{"@id":"https:\/\/eldigitaldeasturias.com\/magazine365\/la-generalitat-organiza-una-feria-para-incentivar-las-escapadas-en-cataluna\/#webpage"},"isPartOf":{"@id":"https:\/\/eldigitaldeasturias.com\/magazine365\/la-generalitat-organiza-una-feria-para-incentivar-las-escapadas-en-cataluna\/#webpage"},"articleSection":"Noticias y Actualidad"},{"@type":"BreadcrumbList","@id":"https:\/\/eldigitaldeasturias.com\/magazine365\/la-generalitat-organiza-una-feria-para-incentivar-las-escapadas-en-cataluna\/#breadcrumblist","itemListElement":[{"@type":"ListItem","@id":"https:\/\/eldigitaldeasturias.com\/magazine365#listItem","position":1,"name":"Home","item":"https:\/\/eldigitaldeasturias.com\/magazine365","nextItem":{"@type":"ListItem","@id":"https:\/\/eldigitaldeasturias.com\/magazine365\/category\/noticias-actualidad\/#listItem","name":"Noticias y Actualidad"}},{"@type":"ListItem","@id":"https:\/\/eldigitaldeasturias.com\/magazine365\/category\/noticias-actualidad\/#listItem","position":2,"name":"Noticias y Actualidad","item":"https:\/\/eldigitaldeasturias.com\/magazine365\/category\/noticias-actualidad\/","nextItem":{"@type":"ListItem","@id":"https:\/\/eldigitaldeasturias.com\/magazine365\/la-generalitat-organiza-una-feria-para-incentivar-las-escapadas-en-cataluna\/#listItem","name":"La Generalitat organiza una feria para incentivar las escapadas en Catalu\u00f1a"},"previousItem":{"@type":"ListItem","@id":"https:\/\/eldigitaldeasturias.com\/magazine365#listItem","name":"Home"}},{"@type":"ListItem","@id":"https:\/\/eldigitaldeasturias.com\/magazine365\/la-generalitat-organiza-una-feria-para-incentivar-las-escapadas-en-cataluna\/#listItem","position":3,"name":"La Generalitat organiza una feria para incentivar las escapadas en Catalu\u00f1a","previousItem":{"@type":"ListItem","@id":"https:\/\/eldigitaldeasturias.com\/magazine365\/category\/noticias-actualidad\/#listItem","name":"Noticias y Actualidad"}}]},{"@type":"Organization","@id":"https:\/\/eldigitaldeasturias.com\/magazine365\/#organization","name":"El digital de Asturias","description":"Revista de ocio, turismo y estilo de vida","url":"https:\/\/eldigitaldeasturias.com\/magazine365\/","logo":{"@type":"ImageObject","url":"https:\/\/www.eldigitaldeasturias.com\/noticias\/wp-content\/uploads\/2020\/12\/EDA.jpg","@id":"https:\/\/eldigitaldeasturias.com\/magazine365\/la-generalitat-organiza-una-feria-para-incentivar-las-escapadas-en-cataluna\/#organizationLogo"},"image":{"@id":"https:\/\/eldigitaldeasturias.com\/magazine365\/la-generalitat-organiza-una-feria-para-incentivar-las-escapadas-en-cataluna\/#organizationLogo"}},{"@type":"Person","@id":"https:\/\/eldigitaldeasturias.com\/magazine365\/author\/admin\/#author","url":"https:\/\/eldigitaldeasturias.com\/magazine365\/author\/admin\/","name":"admin","image":{"@type":"ImageObject","@id":"https:\/\/eldigitaldeasturias.com\/magazine365\/la-generalitat-organiza-una-feria-para-incentivar-las-escapadas-en-cataluna\/#authorImage","url":"https:\/\/eldigitaldeasturias.com\/magazine365\/wp-content\/litespeed\/avatar\/e571bcf59a0edd6fa6838245a470f2fe.jpg?ver=1777574230","width":96,"height":96,"caption":"admin"}},{"@type":"WebPage","@id":"https:\/\/eldigitaldeasturias.com\/magazine365\/la-generalitat-organiza-una-feria-para-incentivar-las-escapadas-en-cataluna\/#webpage","url":"https:\/\/eldigitaldeasturias.com\/magazine365\/la-generalitat-organiza-una-feria-para-incentivar-las-escapadas-en-cataluna\/","name":"La Generalitat organiza una feria para incentivar las escapadas en Catalu\u00f1a | El Digital de Asturias","description":"La Agencia Catalana de Turismo (ACT) organiza este fin de semana en el Arc de Triomf de Barcelona el Mercado de Escapadas, una feria que pretende incentivar los viajes de corta duraci\u00f3n en Catalu\u00f1a y entre los catalanes. Seg\u00fan ha informado la Conselleria de Empresa y Conocimiento de la Generalitat este jueves en un comunicado,","inLanguage":"es-ES","isPartOf":{"@id":"https:\/\/eldigitaldeasturias.com\/magazine365\/#website"},"breadcrumb":{"@id":"https:\/\/eldigitaldeasturias.com\/magazine365\/la-generalitat-organiza-una-feria-para-incentivar-las-escapadas-en-cataluna\/#breadcrumblist"},"author":{"@id":"https:\/\/eldigitaldeasturias.com\/magazine365\/author\/admin\/#author"},"creator":{"@id":"https:\/\/eldigitaldeasturias.com\/magazine365\/author\/admin\/#author"},"image":{"@type":"ImageObject","url":"https:\/\/eldigitaldeasturias.com\/magazine365\/wp-content\/uploads\/2016\/05\/fotonoticia_20160505184050_800.jpg","@id":"https:\/\/eldigitaldeasturias.com\/magazine365\/la-generalitat-organiza-una-feria-para-incentivar-las-escapadas-en-cataluna\/#mainImage","width":800,"height":600},"primaryImageOfPage":{"@id":"https:\/\/eldigitaldeasturias.com\/magazine365\/la-generalitat-organiza-una-feria-para-incentivar-las-escapadas-en-cataluna\/#mainImage"},"datePublished":"2016-05-10T23:10:06+02:00","dateModified":"2016-05-10T23:10:06+02:00"},{"@type":"WebSite","@id":"https:\/\/eldigitaldeasturias.com\/magazine365\/#website","url":"https:\/\/eldigitaldeasturias.com\/magazine365\/","name":"El Digital de Asturias","description":"Revista de ocio, turismo y estilo de vida","inLanguage":"es-ES","publisher":{"@id":"https:\/\/eldigitaldeasturias.com\/magazine365\/#organization"}}]},"og:locale":"es_ES","og:site_name":"El Digital de Asturias \u2013 Revista de ocio, turismo y estilo de vida","og:type":"article","og:title":"La Generalitat organiza una feria para incentivar las escapadas en Catalu\u00f1a | El Digital de Asturias","og:description":"La Agencia Catalana de Turismo (ACT) organiza este fin de semana en el Arc de Triomf de Barcelona el Mercado de Escapadas, una feria que pretende incentivar los viajes de corta duraci\u00f3n en Catalu\u00f1a y entre los catalanes. Seg\u00fan ha informado la Conselleria de Empresa y Conocimiento de la Generalitat este jueves en un comunicado,","og:url":"https:\/\/eldigitaldeasturias.com\/magazine365\/la-generalitat-organiza-una-feria-para-incentivar-las-escapadas-en-cataluna\/","og:image":"https:\/\/eldigitaldeasturias.com\/magazine365\/wp-content\/uploads\/2016\/05\/fotonoticia_20160505184050_800.jpg","og:image:secure_url":"https:\/\/eldigitaldeasturias.com\/magazine365\/wp-content\/uploads\/2016\/05\/fotonoticia_20160505184050_800.jpg","og:image:width":800,"og:image:height":600,"article:published_time":"2016-05-10T21:10:06+00:00","article:modified_time":"2016-05-10T21:10:06+00:00","twitter:card":"summary_large_image","twitter:title":"La Generalitat organiza una feria para incentivar las escapadas en Catalu\u00f1a | El Digital de Asturias","twitter:description":"La Agencia Catalana de Turismo (ACT) organiza este fin de semana en el Arc de Triomf de Barcelona el Mercado de Escapadas, una feria que pretende incentivar los viajes de corta duraci\u00f3n en Catalu\u00f1a y entre los catalanes. Seg\u00fan ha informado la Conselleria de Empresa y Conocimiento de la Generalitat este jueves en un comunicado,","twitter:image":"https:\/\/eldigitaldeasturias.com\/magazine365\/wp-content\/uploads\/2016\/05\/fotonoticia_20160505184050_800.jpg"},"aioseo_meta_data":{"post_id":"76154","title":null,"description":null,"keywords":null,"keyphrases":null,"primary_term":null,"canonical_url":null,"og_title":null,"og_description":null,"og_object_type":"default","og_image_type":"default","og_image_url":null,"og_image_width":null,"og_image_height":null,"og_image_custom_url":null,"og_image_custom_fields":null,"og_video":null,"og_custom_url":null,"og_article_section":null,"og_article_tags":null,"twitter_use_og":false,"twitter_card":"default","twitter_image_type":"default","twitter_image_url":null,"twitter_image_custom_url":null,"twitter_image_custom_fields":null,"twitter_title":null,"twitter_description":null,"schema":{"blockGraphs":[],"customGraphs":[],"default":{"data":{"Article":[],"Course":[],"Dataset":[],"FAQPage":[],"Movie":[],"Person":[],"Product":[],"ProductReview":[],"Car":[],"Recipe":[],"Service":[],"SoftwareApplication":[],"WebPage":[]},"graphName":"","isEnabled":true},"graphs":[],"defaultGraph":"","defaultPostTypeGraph":""},"schema_type":null,"schema_type_options":null,"pillar_content":false,"robots_default":true,"robots_noindex":false,"robots_noarchive":false,"robots_nosnippet":false,"robots_nofollow":false,"robots_noimageindex":false,"robots_noodp":false,"robots_notranslate":false,"robots_max_snippet":null,"robots_max_videopreview":null,"robots_max_imagepreview":"large","priority":null,"frequency":null,"location":null,"local_seo":null,"seo_analyzer_scan_date":"2025-09-27 11:58:00","breadcrumb_settings":null,"limit_modified_date":false,"open_ai":null,"ai":null,"created":"2021-03-08 18:31:46","updated":"2025-09-27 11:58:00"},"aioseo_breadcrumb":"<div class=\"aioseo-breadcrumbs\"><span class=\"aioseo-breadcrumb\">\n\t<a href=\"https:\/\/eldigitaldeasturias.com\/magazine365\" title=\"Home\">Home<\/a>\n<\/span><span class=\"aioseo-breadcrumb-separator\">\u2013<\/span><span class=\"aioseo-breadcrumb\">\n\t<a href=\"https:\/\/eldigitaldeasturias.com\/magazine365\/category\/noticias-actualidad\/\" title=\"Noticias y Actualidad\">Noticias y Actualidad<\/a>\n<\/span><span class=\"aioseo-breadcrumb-separator\">\u2013<\/span><span class=\"aioseo-breadcrumb\">\n\t<a href=\"https:\/\/eldigitaldeasturias.com\/magazine365\/la-generalitat-organiza-una-feria-para-incentivar-las-escapadas-en-cataluna\/\" title=\"La Generalitat organiza una feria para incentivar las escapadas en Catalu\u00f1a\">La Generalitat organiza una feria para incentivar las escapadas en Catalu\u00f1a<\/a>\n<\/span><\/div>","aioseo_breadcrumb_json":[{"label":"Home","link":"https:\/\/eldigitaldeasturias.com\/magazine365"},{"label":"Noticias y Actualidad","link":"https:\/\/eldigitaldeasturias.com\/magazine365\/category\/noticias-actualidad\/"},{"label":"La Generalitat organiza una feria para incentivar las escapadas en Catalu\u00f1a","link":"https:\/\/eldigitaldeasturias.com\/magazine365\/la-generalitat-organiza-una-feria-para-incentivar-las-escapadas-en-cataluna\/"}],"_links":{"self":[{"href":"https:\/\/eldigitaldeasturias.com\/magazine365\/wp-json\/wp\/v2\/posts\/76154","targetHints":{"allow":["GET"]}}],"collection":[{"href":"https:\/\/eldigitaldeasturias.com\/magazine365\/wp-json\/wp\/v2\/posts"}],"about":[{"href":"https:\/\/eldigitaldeasturias.com\/magazine365\/wp-json\/wp\/v2\/types\/post"}],"author":[{"embeddable":true,"href":"https:\/\/eldigitaldeasturias.com\/magazine365\/wp-json\/wp\/v2\/users\/1"}],"replies":[{"embeddable":true,"href":"https:\/\/eldigitaldeasturias.com\/magazine365\/wp-json\/wp\/v2\/comments?post=76154"}],"version-history":[{"count":0,"href":"https:\/\/eldigitaldeasturias.com\/magazine365\/wp-json\/wp\/v2\/posts\/76154\/revisions"}],"wp:featuredmedia":[{"embeddable":true,"href":"https:\/\/eldigitaldeasturias.com\/magazine365\/wp-json\/wp\/v2\/media\/76155"}],"wp:attachment":[{"href":"https:\/\/eldigitaldeasturias.com\/magazine365\/wp-json\/wp\/v2\/media?parent=76154"}],"wp:term":[{"taxonomy":"category","embeddable":true,"href":"https:\/\/eldigitaldeasturias.com\/magazine365\/wp-json\/wp\/v2\/categories?post=76154"},{"taxonomy":"post_tag","embeddable":true,"href":"https:\/\/eldigitaldeasturias.com\/magazine365\/wp-json\/wp\/v2\/tags?post=76154"}],"curies":[{"name":"wp","href":"https:\/\/api.w.org\/{rel}","templated":true}]}}