{"id":76148,"date":"2016-05-10T23:08:39","date_gmt":"2016-05-10T21:08:39","guid":{"rendered":"http:\/\/eldigitaldeasturias.com\/magazine365\/?p=76148"},"modified":"2016-05-10T23:08:39","modified_gmt":"2016-05-10T21:08:39","slug":"la-ultima-guitarra-de-paco-de-lucia-sale-de-gira-de-la-mano-de-iberia","status":"publish","type":"post","link":"https:\/\/eldigitaldeasturias.com\/magazine365\/la-ultima-guitarra-de-paco-de-lucia-sale-de-gira-de-la-mano-de-iberia\/","title":{"rendered":"La \u00faltima guitarra de Paco de Luc\u00eda sale de gira de la mano de Iberia"},"content":{"rendered":"<p><img fetchpriority=\"high\" decoding=\"async\" class=\"alignleft size-medium wp-image-76149\" src=\"https:\/\/eldigitaldeasturias.com\/magazine365\/wp-content\/uploads\/2016\/05\/fotonoticia_20160505183220_800-360x234.jpg\" alt=\"fotonoticia_20160505183220_800\" width=\"360\" height=\"234\" srcset=\"https:\/\/eldigitaldeasturias.com\/magazine365\/wp-content\/uploads\/2016\/05\/fotonoticia_20160505183220_800-360x234.jpg 360w, https:\/\/eldigitaldeasturias.com\/magazine365\/wp-content\/uploads\/2016\/05\/fotonoticia_20160505183220_800-650x422.jpg 650w, https:\/\/eldigitaldeasturias.com\/magazine365\/wp-content\/uploads\/2016\/05\/fotonoticia_20160505183220_800-768x498.jpg 768w, https:\/\/eldigitaldeasturias.com\/magazine365\/wp-content\/uploads\/2016\/05\/fotonoticia_20160505183220_800-150x97.jpg 150w, https:\/\/eldigitaldeasturias.com\/magazine365\/wp-content\/uploads\/2016\/05\/fotonoticia_20160505183220_800-450x292.jpg 450w, https:\/\/eldigitaldeasturias.com\/magazine365\/wp-content\/uploads\/2016\/05\/fotonoticia_20160505183220_800-225x145.jpg 225w, https:\/\/eldigitaldeasturias.com\/magazine365\/wp-content\/uploads\/2016\/05\/fotonoticia_20160505183220_800-121x79.jpg 121w, https:\/\/eldigitaldeasturias.com\/magazine365\/wp-content\/uploads\/2016\/05\/fotonoticia_20160505183220_800-101x66.jpg 101w, https:\/\/eldigitaldeasturias.com\/magazine365\/wp-content\/uploads\/2016\/05\/fotonoticia_20160505183220_800-326x213.jpg 326w, https:\/\/eldigitaldeasturias.com\/magazine365\/wp-content\/uploads\/2016\/05\/fotonoticia_20160505183220_800.jpg 800w\" sizes=\"(max-width: 360px) 100vw, 360px\" \/>La \u00faltima guitarra de Paco de Luc\u00eda, &#8216;La Maestro&#8217;, se va de viaje de la mano de Iberia para hacer una gira y rendirle homenaje por toda Iberoam\u00e9rica, en la que Mariza, Caetano Veloso, Carlinhos Brown, Alejandro Sanz y Tomatito, entre otros la acompa\u00f1ar\u00e1n en esta gira in\u00e9dita plasmada en el documental &#8216;La guitarra vuela. So\u00f1ando a Paco de Luc\u00eda&#8217;, creado por Javier Lim\u00f3n y Jorge Mart\u00ednez.<\/p>\n<p>El proyecto, que se presentar\u00e1 el pr\u00f3ximo 21 de junio en Casa de Am\u00e9rica, cuenta con el patrocinio de Iberia en el marco del 70 aniversario de sus vuelos con Am\u00e9rica Latina, que ha visto en este proyecto una oportunidad para celebrarlo y rendir homenaje al m\u00fasico espa\u00f1ol m\u00e1s universal.<\/p>\n<p>As\u00ed, &#8216;La Maestro&#8217; viajar\u00e1 por los lugares que m\u00e1s han marcado musicalmente a Paco de Luc\u00eda y a su m\u00fasica, desde Mallorca a Jerez de la Frontera, pasando por Lisboa, Nueva York, Boston, M\u00e9xico, Bogot\u00e1, La Habana, Matanzas, Montevideo, Buenos Aires, Salvador de Bah\u00eda y R\u00edo de Janeiro, inform\u00f3 la aerol\u00ednea.<\/p>\n<p>En el documental, veremos a la guitarra tomar un avi\u00f3n de Iberia, como un pasajero m\u00e1s, para encontrarse con algunos de los mejores artistas del mundo, que hablar\u00e1n sobre ella y sobre Paco, recordando situaciones y an\u00e9cdotas.<\/p>\n<p>Este documental se estrenar\u00e1 en los aviones de Iberia, en los vuelos a Am\u00e9rica y pr\u00f3ximamente en las nuevas rutas a Shangh\u00e1i, Johannesburgo y Tokio, para posteriormente ser exhibido en el circuito de festivales internacionales, salas y televisiones.<\/p>\n<p>NUEVAS BECAS PACO DE LUC\u00cdA.<\/p>\n<p>Como parte de este proyecto, Iberia pondr\u00e1 en marcha la Beca Paco de Luc\u00eda, en colaboraci\u00f3n con Berklee Meditarranean Music Institut, que consistir\u00e1 en tres &#8216;Five Weeks Program&#8217; repartidos en tres disciplinas: cante, caj\u00f3n y guitarra espa\u00f1ola. Podr\u00e1n optar a estas tres becas alumnos de toda Iberoam\u00e9rica, que tendr\u00e1n la oportunidad de seguir form\u00e1ndose en la universidad privada de m\u00fasica m\u00e1s importante y prestigiosa del mundo y de la que Paco de Luc\u00eda fue el primer m\u00fasico espa\u00f1ol investido Doctor Honoris Causa.<\/p>\n<p>Adem\u00e1s, junto al documental, y de la mano de Universal Music Spain, se editar\u00e1 un disco con su banda sonora en el que se incluyen los temas musicales tocados por los artistas que han participado en el proyecto. Una selecci\u00f3n de canciones, algunas in\u00e9ditas, y otras que ya forman parte de la historia de la m\u00fasica, interpretadas con un solo instrumento, el \u00fanico capaz de recuperar el esp\u00edritu de Paco de Luc\u00eda.<\/p>\n","protected":false},"excerpt":{"rendered":"<p>La \u00faltima guitarra de Paco de Luc\u00eda, &#8216;La Maestro&#8217;, se va de viaje de la mano de Iberia para hacer una gira y rendirle homenaje por toda Iberoam\u00e9rica, en la que Mariza, Caetano Veloso, Carlinhos Brown, Alejandro Sanz y Tomatito, entre otros la acompa\u00f1ar\u00e1n en esta gira in\u00e9dita plasmada en el documental &#8216;La guitarra vuela.<\/p>\n","protected":false},"author":1,"featured_media":76149,"comment_status":"open","ping_status":"closed","sticky":false,"template":"","format":"standard","meta":{"footnotes":""},"categories":[224],"tags":[],"class_list":{"0":"post-76148","1":"post","2":"type-post","3":"status-publish","4":"format-standard","5":"has-post-thumbnail","7":"category-noticias-actualidad"},"aioseo_notices":[],"aioseo_head":"\n\t\t<!-- All in One SEO Pro 4.9.6.1 - aioseo.com -->\n\t<meta name=\"description\" content=\"La \u00faltima guitarra de Paco de Luc\u00eda, &#039;La Maestro&#039;, se va de viaje de la mano de Iberia para hacer una gira y rendirle homenaje por toda Iberoam\u00e9rica, en la que Mariza, Caetano Veloso, Carlinhos Brown, Alejandro Sanz y Tomatito, entre otros la acompa\u00f1ar\u00e1n en esta gira in\u00e9dita plasmada en el documental &#039;La guitarra vuela.\" \/>\n\t<meta name=\"robots\" content=\"max-image-preview:large\" \/>\n\t<meta name=\"author\" content=\"admin\"\/>\n\t<meta name=\"google-site-verification\" content=\"UA-38556648-1\" \/>\n\t<meta name=\"keywords\" content=\"noticias y actualidad\" \/>\n\t<link rel=\"canonical\" href=\"https:\/\/eldigitaldeasturias.com\/magazine365\/la-ultima-guitarra-de-paco-de-lucia-sale-de-gira-de-la-mano-de-iberia\/\" \/>\n\t<meta name=\"generator\" content=\"All in One SEO Pro (AIOSEO) 4.9.6.1\" \/>\n\t\t<meta property=\"og:locale\" content=\"es_ES\" \/>\n\t\t<meta property=\"og:site_name\" content=\"El Digital de Asturias \u2013 Revista de ocio, turismo y estilo de vida\" \/>\n\t\t<meta property=\"og:type\" content=\"article\" \/>\n\t\t<meta property=\"og:title\" content=\"La \u00faltima guitarra de Paco de Luc\u00eda sale de gira de la mano de Iberia | El Digital de Asturias\" \/>\n\t\t<meta property=\"og:description\" content=\"La \u00faltima guitarra de Paco de Luc\u00eda, &#039;La Maestro&#039;, se va de viaje de la mano de Iberia para hacer una gira y rendirle homenaje por toda Iberoam\u00e9rica, en la que Mariza, Caetano Veloso, Carlinhos Brown, Alejandro Sanz y Tomatito, entre otros la acompa\u00f1ar\u00e1n en esta gira in\u00e9dita plasmada en el documental &#039;La guitarra vuela.\" \/>\n\t\t<meta property=\"og:url\" content=\"https:\/\/eldigitaldeasturias.com\/magazine365\/la-ultima-guitarra-de-paco-de-lucia-sale-de-gira-de-la-mano-de-iberia\/\" \/>\n\t\t<meta property=\"og:image\" content=\"https:\/\/eldigitaldeasturias.com\/magazine365\/wp-content\/uploads\/2016\/05\/fotonoticia_20160505183220_800.jpg\" \/>\n\t\t<meta property=\"og:image:secure_url\" content=\"https:\/\/eldigitaldeasturias.com\/magazine365\/wp-content\/uploads\/2016\/05\/fotonoticia_20160505183220_800.jpg\" \/>\n\t\t<meta property=\"og:image:width\" content=\"800\" \/>\n\t\t<meta property=\"og:image:height\" content=\"519\" \/>\n\t\t<meta property=\"article:published_time\" content=\"2016-05-10T21:08:39+00:00\" \/>\n\t\t<meta property=\"article:modified_time\" content=\"2016-05-10T21:08:39+00:00\" \/>\n\t\t<meta name=\"twitter:card\" content=\"summary_large_image\" \/>\n\t\t<meta name=\"twitter:title\" content=\"La \u00faltima guitarra de Paco de Luc\u00eda sale de gira de la mano de Iberia | El Digital de Asturias\" \/>\n\t\t<meta name=\"twitter:description\" content=\"La \u00faltima guitarra de Paco de Luc\u00eda, &#039;La Maestro&#039;, se va de viaje de la mano de Iberia para hacer una gira y rendirle homenaje por toda Iberoam\u00e9rica, en la que Mariza, Caetano Veloso, Carlinhos Brown, Alejandro Sanz y Tomatito, entre otros la acompa\u00f1ar\u00e1n en esta gira in\u00e9dita plasmada en el documental &#039;La guitarra vuela.\" \/>\n\t\t<meta name=\"twitter:image\" content=\"https:\/\/eldigitaldeasturias.com\/magazine365\/wp-content\/uploads\/2016\/05\/fotonoticia_20160505183220_800.jpg\" \/>\n\t\t<script type=\"application\/ld+json\" class=\"aioseo-schema\">\n\t\t\t{\"@context\":\"https:\\\/\\\/schema.org\",\"@graph\":[{\"@type\":\"Article\",\"@id\":\"https:\\\/\\\/eldigitaldeasturias.com\\\/magazine365\\\/la-ultima-guitarra-de-paco-de-lucia-sale-de-gira-de-la-mano-de-iberia\\\/#article\",\"name\":\"La \\u00faltima guitarra de Paco de Luc\\u00eda sale de gira de la mano de Iberia | El Digital de Asturias\",\"headline\":\"La \\u00faltima guitarra de Paco de Luc\\u00eda sale de gira de la mano de Iberia\",\"author\":{\"@id\":\"https:\\\/\\\/eldigitaldeasturias.com\\\/magazine365\\\/author\\\/admin\\\/#author\"},\"publisher\":{\"@id\":\"https:\\\/\\\/eldigitaldeasturias.com\\\/magazine365\\\/#organization\"},\"image\":{\"@type\":\"ImageObject\",\"url\":\"https:\\\/\\\/eldigitaldeasturias.com\\\/magazine365\\\/wp-content\\\/uploads\\\/2016\\\/05\\\/fotonoticia_20160505183220_800.jpg\",\"width\":800,\"height\":519},\"datePublished\":\"2016-05-10T23:08:39+02:00\",\"dateModified\":\"2016-05-10T23:08:39+02:00\",\"inLanguage\":\"es-ES\",\"mainEntityOfPage\":{\"@id\":\"https:\\\/\\\/eldigitaldeasturias.com\\\/magazine365\\\/la-ultima-guitarra-de-paco-de-lucia-sale-de-gira-de-la-mano-de-iberia\\\/#webpage\"},\"isPartOf\":{\"@id\":\"https:\\\/\\\/eldigitaldeasturias.com\\\/magazine365\\\/la-ultima-guitarra-de-paco-de-lucia-sale-de-gira-de-la-mano-de-iberia\\\/#webpage\"},\"articleSection\":\"Noticias y Actualidad\"},{\"@type\":\"BreadcrumbList\",\"@id\":\"https:\\\/\\\/eldigitaldeasturias.com\\\/magazine365\\\/la-ultima-guitarra-de-paco-de-lucia-sale-de-gira-de-la-mano-de-iberia\\\/#breadcrumblist\",\"itemListElement\":[{\"@type\":\"ListItem\",\"@id\":\"https:\\\/\\\/eldigitaldeasturias.com\\\/magazine365#listItem\",\"position\":1,\"name\":\"Home\",\"item\":\"https:\\\/\\\/eldigitaldeasturias.com\\\/magazine365\",\"nextItem\":{\"@type\":\"ListItem\",\"@id\":\"https:\\\/\\\/eldigitaldeasturias.com\\\/magazine365\\\/category\\\/noticias-actualidad\\\/#listItem\",\"name\":\"Noticias y Actualidad\"}},{\"@type\":\"ListItem\",\"@id\":\"https:\\\/\\\/eldigitaldeasturias.com\\\/magazine365\\\/category\\\/noticias-actualidad\\\/#listItem\",\"position\":2,\"name\":\"Noticias y Actualidad\",\"item\":\"https:\\\/\\\/eldigitaldeasturias.com\\\/magazine365\\\/category\\\/noticias-actualidad\\\/\",\"nextItem\":{\"@type\":\"ListItem\",\"@id\":\"https:\\\/\\\/eldigitaldeasturias.com\\\/magazine365\\\/la-ultima-guitarra-de-paco-de-lucia-sale-de-gira-de-la-mano-de-iberia\\\/#listItem\",\"name\":\"La \\u00faltima guitarra de Paco de Luc\\u00eda sale de gira de la mano de Iberia\"},\"previousItem\":{\"@type\":\"ListItem\",\"@id\":\"https:\\\/\\\/eldigitaldeasturias.com\\\/magazine365#listItem\",\"name\":\"Home\"}},{\"@type\":\"ListItem\",\"@id\":\"https:\\\/\\\/eldigitaldeasturias.com\\\/magazine365\\\/la-ultima-guitarra-de-paco-de-lucia-sale-de-gira-de-la-mano-de-iberia\\\/#listItem\",\"position\":3,\"name\":\"La \\u00faltima guitarra de Paco de Luc\\u00eda sale de gira de la mano de Iberia\",\"previousItem\":{\"@type\":\"ListItem\",\"@id\":\"https:\\\/\\\/eldigitaldeasturias.com\\\/magazine365\\\/category\\\/noticias-actualidad\\\/#listItem\",\"name\":\"Noticias y Actualidad\"}}]},{\"@type\":\"Organization\",\"@id\":\"https:\\\/\\\/eldigitaldeasturias.com\\\/magazine365\\\/#organization\",\"name\":\"El digital de Asturias\",\"description\":\"Revista de ocio, turismo y estilo de vida\",\"url\":\"https:\\\/\\\/eldigitaldeasturias.com\\\/magazine365\\\/\",\"logo\":{\"@type\":\"ImageObject\",\"url\":\"https:\\\/\\\/www.eldigitaldeasturias.com\\\/noticias\\\/wp-content\\\/uploads\\\/2020\\\/12\\\/EDA.jpg\",\"@id\":\"https:\\\/\\\/eldigitaldeasturias.com\\\/magazine365\\\/la-ultima-guitarra-de-paco-de-lucia-sale-de-gira-de-la-mano-de-iberia\\\/#organizationLogo\"},\"image\":{\"@id\":\"https:\\\/\\\/eldigitaldeasturias.com\\\/magazine365\\\/la-ultima-guitarra-de-paco-de-lucia-sale-de-gira-de-la-mano-de-iberia\\\/#organizationLogo\"}},{\"@type\":\"Person\",\"@id\":\"https:\\\/\\\/eldigitaldeasturias.com\\\/magazine365\\\/author\\\/admin\\\/#author\",\"url\":\"https:\\\/\\\/eldigitaldeasturias.com\\\/magazine365\\\/author\\\/admin\\\/\",\"name\":\"admin\",\"image\":{\"@type\":\"ImageObject\",\"@id\":\"https:\\\/\\\/eldigitaldeasturias.com\\\/magazine365\\\/la-ultima-guitarra-de-paco-de-lucia-sale-de-gira-de-la-mano-de-iberia\\\/#authorImage\",\"url\":\"https:\\\/\\\/eldigitaldeasturias.com\\\/magazine365\\\/wp-content\\\/litespeed\\\/avatar\\\/e571bcf59a0edd6fa6838245a470f2fe.jpg?ver=1777574230\",\"width\":96,\"height\":96,\"caption\":\"admin\"}},{\"@type\":\"WebPage\",\"@id\":\"https:\\\/\\\/eldigitaldeasturias.com\\\/magazine365\\\/la-ultima-guitarra-de-paco-de-lucia-sale-de-gira-de-la-mano-de-iberia\\\/#webpage\",\"url\":\"https:\\\/\\\/eldigitaldeasturias.com\\\/magazine365\\\/la-ultima-guitarra-de-paco-de-lucia-sale-de-gira-de-la-mano-de-iberia\\\/\",\"name\":\"La \\u00faltima guitarra de Paco de Luc\\u00eda sale de gira de la mano de Iberia | El Digital de Asturias\",\"description\":\"La \\u00faltima guitarra de Paco de Luc\\u00eda, 'La Maestro', se va de viaje de la mano de Iberia para hacer una gira y rendirle homenaje por toda Iberoam\\u00e9rica, en la que Mariza, Caetano Veloso, Carlinhos Brown, Alejandro Sanz y Tomatito, entre otros la acompa\\u00f1ar\\u00e1n en esta gira in\\u00e9dita plasmada en el documental 'La guitarra vuela.\",\"inLanguage\":\"es-ES\",\"isPartOf\":{\"@id\":\"https:\\\/\\\/eldigitaldeasturias.com\\\/magazine365\\\/#website\"},\"breadcrumb\":{\"@id\":\"https:\\\/\\\/eldigitaldeasturias.com\\\/magazine365\\\/la-ultima-guitarra-de-paco-de-lucia-sale-de-gira-de-la-mano-de-iberia\\\/#breadcrumblist\"},\"author\":{\"@id\":\"https:\\\/\\\/eldigitaldeasturias.com\\\/magazine365\\\/author\\\/admin\\\/#author\"},\"creator\":{\"@id\":\"https:\\\/\\\/eldigitaldeasturias.com\\\/magazine365\\\/author\\\/admin\\\/#author\"},\"image\":{\"@type\":\"ImageObject\",\"url\":\"https:\\\/\\\/eldigitaldeasturias.com\\\/magazine365\\\/wp-content\\\/uploads\\\/2016\\\/05\\\/fotonoticia_20160505183220_800.jpg\",\"@id\":\"https:\\\/\\\/eldigitaldeasturias.com\\\/magazine365\\\/la-ultima-guitarra-de-paco-de-lucia-sale-de-gira-de-la-mano-de-iberia\\\/#mainImage\",\"width\":800,\"height\":519},\"primaryImageOfPage\":{\"@id\":\"https:\\\/\\\/eldigitaldeasturias.com\\\/magazine365\\\/la-ultima-guitarra-de-paco-de-lucia-sale-de-gira-de-la-mano-de-iberia\\\/#mainImage\"},\"datePublished\":\"2016-05-10T23:08:39+02:00\",\"dateModified\":\"2016-05-10T23:08:39+02:00\"},{\"@type\":\"WebSite\",\"@id\":\"https:\\\/\\\/eldigitaldeasturias.com\\\/magazine365\\\/#website\",\"url\":\"https:\\\/\\\/eldigitaldeasturias.com\\\/magazine365\\\/\",\"name\":\"El Digital de Asturias\",\"description\":\"Revista de ocio, turismo y estilo de vida\",\"inLanguage\":\"es-ES\",\"publisher\":{\"@id\":\"https:\\\/\\\/eldigitaldeasturias.com\\\/magazine365\\\/#organization\"}}]}\n\t\t<\/script>\n\t\t<!-- All in One SEO Pro -->\r\n\t\t<title>La \u00faltima guitarra de Paco de Luc\u00eda sale de gira de la mano de Iberia | El Digital de Asturias<\/title>\n\n","aioseo_head_json":{"title":"La \u00faltima guitarra de Paco de Luc\u00eda sale de gira de la mano de Iberia | El Digital de Asturias","description":"La \u00faltima guitarra de Paco de Luc\u00eda, 'La Maestro', se va de viaje de la mano de Iberia para hacer una gira y rendirle homenaje por toda Iberoam\u00e9rica, en la que Mariza, Caetano Veloso, Carlinhos Brown, Alejandro Sanz y Tomatito, entre otros la acompa\u00f1ar\u00e1n en esta gira in\u00e9dita plasmada en el documental 'La guitarra vuela.","canonical_url":"https:\/\/eldigitaldeasturias.com\/magazine365\/la-ultima-guitarra-de-paco-de-lucia-sale-de-gira-de-la-mano-de-iberia\/","robots":"max-image-preview:large","keywords":"noticias y actualidad","webmasterTools":{"google-site-verification":"UA-38556648-1","miscellaneous":""},"schema":{"@context":"https:\/\/schema.org","@graph":[{"@type":"Article","@id":"https:\/\/eldigitaldeasturias.com\/magazine365\/la-ultima-guitarra-de-paco-de-lucia-sale-de-gira-de-la-mano-de-iberia\/#article","name":"La \u00faltima guitarra de Paco de Luc\u00eda sale de gira de la mano de Iberia | El Digital de Asturias","headline":"La \u00faltima guitarra de Paco de Luc\u00eda sale de gira de la mano de Iberia","author":{"@id":"https:\/\/eldigitaldeasturias.com\/magazine365\/author\/admin\/#author"},"publisher":{"@id":"https:\/\/eldigitaldeasturias.com\/magazine365\/#organization"},"image":{"@type":"ImageObject","url":"https:\/\/eldigitaldeasturias.com\/magazine365\/wp-content\/uploads\/2016\/05\/fotonoticia_20160505183220_800.jpg","width":800,"height":519},"datePublished":"2016-05-10T23:08:39+02:00","dateModified":"2016-05-10T23:08:39+02:00","inLanguage":"es-ES","mainEntityOfPage":{"@id":"https:\/\/eldigitaldeasturias.com\/magazine365\/la-ultima-guitarra-de-paco-de-lucia-sale-de-gira-de-la-mano-de-iberia\/#webpage"},"isPartOf":{"@id":"https:\/\/eldigitaldeasturias.com\/magazine365\/la-ultima-guitarra-de-paco-de-lucia-sale-de-gira-de-la-mano-de-iberia\/#webpage"},"articleSection":"Noticias y Actualidad"},{"@type":"BreadcrumbList","@id":"https:\/\/eldigitaldeasturias.com\/magazine365\/la-ultima-guitarra-de-paco-de-lucia-sale-de-gira-de-la-mano-de-iberia\/#breadcrumblist","itemListElement":[{"@type":"ListItem","@id":"https:\/\/eldigitaldeasturias.com\/magazine365#listItem","position":1,"name":"Home","item":"https:\/\/eldigitaldeasturias.com\/magazine365","nextItem":{"@type":"ListItem","@id":"https:\/\/eldigitaldeasturias.com\/magazine365\/category\/noticias-actualidad\/#listItem","name":"Noticias y Actualidad"}},{"@type":"ListItem","@id":"https:\/\/eldigitaldeasturias.com\/magazine365\/category\/noticias-actualidad\/#listItem","position":2,"name":"Noticias y Actualidad","item":"https:\/\/eldigitaldeasturias.com\/magazine365\/category\/noticias-actualidad\/","nextItem":{"@type":"ListItem","@id":"https:\/\/eldigitaldeasturias.com\/magazine365\/la-ultima-guitarra-de-paco-de-lucia-sale-de-gira-de-la-mano-de-iberia\/#listItem","name":"La \u00faltima guitarra de Paco de Luc\u00eda sale de gira de la mano de Iberia"},"previousItem":{"@type":"ListItem","@id":"https:\/\/eldigitaldeasturias.com\/magazine365#listItem","name":"Home"}},{"@type":"ListItem","@id":"https:\/\/eldigitaldeasturias.com\/magazine365\/la-ultima-guitarra-de-paco-de-lucia-sale-de-gira-de-la-mano-de-iberia\/#listItem","position":3,"name":"La \u00faltima guitarra de Paco de Luc\u00eda sale de gira de la mano de Iberia","previousItem":{"@type":"ListItem","@id":"https:\/\/eldigitaldeasturias.com\/magazine365\/category\/noticias-actualidad\/#listItem","name":"Noticias y Actualidad"}}]},{"@type":"Organization","@id":"https:\/\/eldigitaldeasturias.com\/magazine365\/#organization","name":"El digital de Asturias","description":"Revista de ocio, turismo y estilo de vida","url":"https:\/\/eldigitaldeasturias.com\/magazine365\/","logo":{"@type":"ImageObject","url":"https:\/\/www.eldigitaldeasturias.com\/noticias\/wp-content\/uploads\/2020\/12\/EDA.jpg","@id":"https:\/\/eldigitaldeasturias.com\/magazine365\/la-ultima-guitarra-de-paco-de-lucia-sale-de-gira-de-la-mano-de-iberia\/#organizationLogo"},"image":{"@id":"https:\/\/eldigitaldeasturias.com\/magazine365\/la-ultima-guitarra-de-paco-de-lucia-sale-de-gira-de-la-mano-de-iberia\/#organizationLogo"}},{"@type":"Person","@id":"https:\/\/eldigitaldeasturias.com\/magazine365\/author\/admin\/#author","url":"https:\/\/eldigitaldeasturias.com\/magazine365\/author\/admin\/","name":"admin","image":{"@type":"ImageObject","@id":"https:\/\/eldigitaldeasturias.com\/magazine365\/la-ultima-guitarra-de-paco-de-lucia-sale-de-gira-de-la-mano-de-iberia\/#authorImage","url":"https:\/\/eldigitaldeasturias.com\/magazine365\/wp-content\/litespeed\/avatar\/e571bcf59a0edd6fa6838245a470f2fe.jpg?ver=1777574230","width":96,"height":96,"caption":"admin"}},{"@type":"WebPage","@id":"https:\/\/eldigitaldeasturias.com\/magazine365\/la-ultima-guitarra-de-paco-de-lucia-sale-de-gira-de-la-mano-de-iberia\/#webpage","url":"https:\/\/eldigitaldeasturias.com\/magazine365\/la-ultima-guitarra-de-paco-de-lucia-sale-de-gira-de-la-mano-de-iberia\/","name":"La \u00faltima guitarra de Paco de Luc\u00eda sale de gira de la mano de Iberia | El Digital de Asturias","description":"La \u00faltima guitarra de Paco de Luc\u00eda, 'La Maestro', se va de viaje de la mano de Iberia para hacer una gira y rendirle homenaje por toda Iberoam\u00e9rica, en la que Mariza, Caetano Veloso, Carlinhos Brown, Alejandro Sanz y Tomatito, entre otros la acompa\u00f1ar\u00e1n en esta gira in\u00e9dita plasmada en el documental 'La guitarra vuela.","inLanguage":"es-ES","isPartOf":{"@id":"https:\/\/eldigitaldeasturias.com\/magazine365\/#website"},"breadcrumb":{"@id":"https:\/\/eldigitaldeasturias.com\/magazine365\/la-ultima-guitarra-de-paco-de-lucia-sale-de-gira-de-la-mano-de-iberia\/#breadcrumblist"},"author":{"@id":"https:\/\/eldigitaldeasturias.com\/magazine365\/author\/admin\/#author"},"creator":{"@id":"https:\/\/eldigitaldeasturias.com\/magazine365\/author\/admin\/#author"},"image":{"@type":"ImageObject","url":"https:\/\/eldigitaldeasturias.com\/magazine365\/wp-content\/uploads\/2016\/05\/fotonoticia_20160505183220_800.jpg","@id":"https:\/\/eldigitaldeasturias.com\/magazine365\/la-ultima-guitarra-de-paco-de-lucia-sale-de-gira-de-la-mano-de-iberia\/#mainImage","width":800,"height":519},"primaryImageOfPage":{"@id":"https:\/\/eldigitaldeasturias.com\/magazine365\/la-ultima-guitarra-de-paco-de-lucia-sale-de-gira-de-la-mano-de-iberia\/#mainImage"},"datePublished":"2016-05-10T23:08:39+02:00","dateModified":"2016-05-10T23:08:39+02:00"},{"@type":"WebSite","@id":"https:\/\/eldigitaldeasturias.com\/magazine365\/#website","url":"https:\/\/eldigitaldeasturias.com\/magazine365\/","name":"El Digital de Asturias","description":"Revista de ocio, turismo y estilo de vida","inLanguage":"es-ES","publisher":{"@id":"https:\/\/eldigitaldeasturias.com\/magazine365\/#organization"}}]},"og:locale":"es_ES","og:site_name":"El Digital de Asturias \u2013 Revista de ocio, turismo y estilo de vida","og:type":"article","og:title":"La \u00faltima guitarra de Paco de Luc\u00eda sale de gira de la mano de Iberia | El Digital de Asturias","og:description":"La \u00faltima guitarra de Paco de Luc\u00eda, 'La Maestro', se va de viaje de la mano de Iberia para hacer una gira y rendirle homenaje por toda Iberoam\u00e9rica, en la que Mariza, Caetano Veloso, Carlinhos Brown, Alejandro Sanz y Tomatito, entre otros la acompa\u00f1ar\u00e1n en esta gira in\u00e9dita plasmada en el documental 'La guitarra vuela.","og:url":"https:\/\/eldigitaldeasturias.com\/magazine365\/la-ultima-guitarra-de-paco-de-lucia-sale-de-gira-de-la-mano-de-iberia\/","og:image":"https:\/\/eldigitaldeasturias.com\/magazine365\/wp-content\/uploads\/2016\/05\/fotonoticia_20160505183220_800.jpg","og:image:secure_url":"https:\/\/eldigitaldeasturias.com\/magazine365\/wp-content\/uploads\/2016\/05\/fotonoticia_20160505183220_800.jpg","og:image:width":800,"og:image:height":519,"article:published_time":"2016-05-10T21:08:39+00:00","article:modified_time":"2016-05-10T21:08:39+00:00","twitter:card":"summary_large_image","twitter:title":"La \u00faltima guitarra de Paco de Luc\u00eda sale de gira de la mano de Iberia | El Digital de Asturias","twitter:description":"La \u00faltima guitarra de Paco de Luc\u00eda, 'La Maestro', se va de viaje de la mano de Iberia para hacer una gira y rendirle homenaje por toda Iberoam\u00e9rica, en la que Mariza, Caetano Veloso, Carlinhos Brown, Alejandro Sanz y Tomatito, entre otros la acompa\u00f1ar\u00e1n en esta gira in\u00e9dita plasmada en el documental 'La guitarra vuela.","twitter:image":"https:\/\/eldigitaldeasturias.com\/magazine365\/wp-content\/uploads\/2016\/05\/fotonoticia_20160505183220_800.jpg"},"aioseo_meta_data":{"post_id":"76148","title":null,"description":null,"keywords":null,"keyphrases":null,"primary_term":null,"canonical_url":null,"og_title":null,"og_description":null,"og_object_type":"default","og_image_type":"default","og_image_url":null,"og_image_width":null,"og_image_height":null,"og_image_custom_url":null,"og_image_custom_fields":null,"og_video":null,"og_custom_url":null,"og_article_section":null,"og_article_tags":null,"twitter_use_og":false,"twitter_card":"default","twitter_image_type":"default","twitter_image_url":null,"twitter_image_custom_url":null,"twitter_image_custom_fields":null,"twitter_title":null,"twitter_description":null,"schema":{"blockGraphs":[],"customGraphs":[],"default":{"data":{"Article":[],"Course":[],"Dataset":[],"FAQPage":[],"Movie":[],"Person":[],"Product":[],"ProductReview":[],"Car":[],"Recipe":[],"Service":[],"SoftwareApplication":[],"WebPage":[]},"graphName":"","isEnabled":true},"graphs":[],"defaultGraph":"","defaultPostTypeGraph":""},"schema_type":null,"schema_type_options":null,"pillar_content":false,"robots_default":true,"robots_noindex":false,"robots_noarchive":false,"robots_nosnippet":false,"robots_nofollow":false,"robots_noimageindex":false,"robots_noodp":false,"robots_notranslate":false,"robots_max_snippet":null,"robots_max_videopreview":null,"robots_max_imagepreview":"large","priority":null,"frequency":null,"location":null,"local_seo":null,"seo_analyzer_scan_date":"2025-09-27 11:57:55","breadcrumb_settings":null,"limit_modified_date":false,"open_ai":null,"ai":null,"created":"2021-03-08 18:31:46","updated":"2025-09-27 11:57:55"},"aioseo_breadcrumb":"<div class=\"aioseo-breadcrumbs\"><span class=\"aioseo-breadcrumb\">\n\t<a href=\"https:\/\/eldigitaldeasturias.com\/magazine365\" title=\"Home\">Home<\/a>\n<\/span><span class=\"aioseo-breadcrumb-separator\">\u2013<\/span><span class=\"aioseo-breadcrumb\">\n\t<a href=\"https:\/\/eldigitaldeasturias.com\/magazine365\/category\/noticias-actualidad\/\" title=\"Noticias y Actualidad\">Noticias y Actualidad<\/a>\n<\/span><span class=\"aioseo-breadcrumb-separator\">\u2013<\/span><span class=\"aioseo-breadcrumb\">\n\t<a href=\"https:\/\/eldigitaldeasturias.com\/magazine365\/la-ultima-guitarra-de-paco-de-lucia-sale-de-gira-de-la-mano-de-iberia\/\" title=\"La \u00faltima guitarra de Paco de Luc\u00eda sale de gira de la mano de Iberia\">La \u00faltima guitarra de Paco de Luc\u00eda sale de gira de la mano de Iberia<\/a>\n<\/span><\/div>","aioseo_breadcrumb_json":[{"label":"Home","link":"https:\/\/eldigitaldeasturias.com\/magazine365"},{"label":"Noticias y Actualidad","link":"https:\/\/eldigitaldeasturias.com\/magazine365\/category\/noticias-actualidad\/"},{"label":"La \u00faltima guitarra de Paco de Luc\u00eda sale de gira de la mano de Iberia","link":"https:\/\/eldigitaldeasturias.com\/magazine365\/la-ultima-guitarra-de-paco-de-lucia-sale-de-gira-de-la-mano-de-iberia\/"}],"_links":{"self":[{"href":"https:\/\/eldigitaldeasturias.com\/magazine365\/wp-json\/wp\/v2\/posts\/76148","targetHints":{"allow":["GET"]}}],"collection":[{"href":"https:\/\/eldigitaldeasturias.com\/magazine365\/wp-json\/wp\/v2\/posts"}],"about":[{"href":"https:\/\/eldigitaldeasturias.com\/magazine365\/wp-json\/wp\/v2\/types\/post"}],"author":[{"embeddable":true,"href":"https:\/\/eldigitaldeasturias.com\/magazine365\/wp-json\/wp\/v2\/users\/1"}],"replies":[{"embeddable":true,"href":"https:\/\/eldigitaldeasturias.com\/magazine365\/wp-json\/wp\/v2\/comments?post=76148"}],"version-history":[{"count":0,"href":"https:\/\/eldigitaldeasturias.com\/magazine365\/wp-json\/wp\/v2\/posts\/76148\/revisions"}],"wp:featuredmedia":[{"embeddable":true,"href":"https:\/\/eldigitaldeasturias.com\/magazine365\/wp-json\/wp\/v2\/media\/76149"}],"wp:attachment":[{"href":"https:\/\/eldigitaldeasturias.com\/magazine365\/wp-json\/wp\/v2\/media?parent=76148"}],"wp:term":[{"taxonomy":"category","embeddable":true,"href":"https:\/\/eldigitaldeasturias.com\/magazine365\/wp-json\/wp\/v2\/categories?post=76148"},{"taxonomy":"post_tag","embeddable":true,"href":"https:\/\/eldigitaldeasturias.com\/magazine365\/wp-json\/wp\/v2\/tags?post=76148"}],"curies":[{"name":"wp","href":"https:\/\/api.w.org\/{rel}","templated":true}]}}