{"id":76145,"date":"2016-05-10T23:07:49","date_gmt":"2016-05-10T21:07:49","guid":{"rendered":"http:\/\/eldigitaldeasturias.com\/magazine365\/?p=76145"},"modified":"2016-05-10T23:07:49","modified_gmt":"2016-05-10T21:07:49","slug":"un-grupo-de-120-agentes-de-viajes-de-globalia-travelplan-visitaran-la-laguna","status":"publish","type":"post","link":"https:\/\/eldigitaldeasturias.com\/magazine365\/un-grupo-de-120-agentes-de-viajes-de-globalia-travelplan-visitaran-la-laguna\/","title":{"rendered":"Un grupo de 120 agentes de viajes de Globalia-Travelplan visitar\u00e1n La Laguna"},"content":{"rendered":"<p><img fetchpriority=\"high\" decoding=\"async\" class=\"alignleft size-medium wp-image-76146\" src=\"https:\/\/eldigitaldeasturias.com\/magazine365\/wp-content\/uploads\/2016\/05\/fotonoticia_20160505182933_800-360x241.jpg\" alt=\"fotonoticia_20160505182933_800\" width=\"360\" height=\"241\" srcset=\"https:\/\/eldigitaldeasturias.com\/magazine365\/wp-content\/uploads\/2016\/05\/fotonoticia_20160505182933_800-360x241.jpg 360w, https:\/\/eldigitaldeasturias.com\/magazine365\/wp-content\/uploads\/2016\/05\/fotonoticia_20160505182933_800-650x436.jpg 650w, https:\/\/eldigitaldeasturias.com\/magazine365\/wp-content\/uploads\/2016\/05\/fotonoticia_20160505182933_800-768x515.jpg 768w, https:\/\/eldigitaldeasturias.com\/magazine365\/wp-content\/uploads\/2016\/05\/fotonoticia_20160505182933_800-150x101.jpg 150w, https:\/\/eldigitaldeasturias.com\/magazine365\/wp-content\/uploads\/2016\/05\/fotonoticia_20160505182933_800-450x302.jpg 450w, https:\/\/eldigitaldeasturias.com\/magazine365\/wp-content\/uploads\/2016\/05\/fotonoticia_20160505182933_800.jpg 800w\" sizes=\"(max-width: 360px) 100vw, 360px\" \/>Un grupo de 120 agentes de viajes de Globalia-Travelplan visitar\u00e1n La Laguna ma\u00f1ana viernes, donde realizar\u00e1n una ruta guiada por el casco hist\u00f3rico del municipio y visitar\u00e1n los lugares m\u00e1s emblem\u00e1ticos de la ciudad.<\/p>\n<p>La concejal de Turismo, Mar\u00eda Jos\u00e9 Casta\u00f1eda, ha explicado la importancia de este tipo de acciones para la localidad, ya que \u00abpermiten dar a conocer el patrimonio hist\u00f3rico, cultural y la gastronom\u00eda de esta ciudad Patrimonio de la Humanidad\u00bb.<\/p>\n<p>La Laguna, \u00fanica ciudad de Canarias que es Patrimonio de la Humanidad, se posiciona como destino emergente de visita casi obligada para los turistas que eligen Tenerife como destino de vacaciones y que buscan ampliar su experiencia con actividades complementarias vinculadas a la historia, la gastronom\u00eda, la cultura y la naturaleza.<\/p>\n<p>De igual forma, tal y como indica Mar\u00eda Jos\u00e9 Casta\u00f1eda, \u00abes un destino ideal para albergar turismo de congresos y convenciones, pues cuenta con espacios significativos y una amplia oferta que aportan valor a\u00f1adido a estos eventos profesionales\u00bb.<\/p>\n","protected":false},"excerpt":{"rendered":"<p>Un grupo de 120 agentes de viajes de Globalia-Travelplan visitar\u00e1n La Laguna ma\u00f1ana viernes, donde realizar\u00e1n una ruta guiada por el casco hist\u00f3rico del municipio y visitar\u00e1n los lugares m\u00e1s emblem\u00e1ticos de la ciudad. La concejal de Turismo, Mar\u00eda Jos\u00e9 Casta\u00f1eda, ha explicado la importancia de este tipo de acciones para la localidad, ya que<\/p>\n","protected":false},"author":1,"featured_media":76146,"comment_status":"open","ping_status":"closed","sticky":false,"template":"","format":"standard","meta":{"footnotes":""},"categories":[224],"tags":[],"class_list":{"0":"post-76145","1":"post","2":"type-post","3":"status-publish","4":"format-standard","5":"has-post-thumbnail","7":"category-noticias-actualidad"},"aioseo_notices":[],"aioseo_head":"\n\t\t<!-- All in One SEO Pro 4.9.6.1 - aioseo.com -->\n\t<meta name=\"description\" content=\"Un grupo de 120 agentes de viajes de Globalia-Travelplan visitar\u00e1n La Laguna ma\u00f1ana viernes, donde realizar\u00e1n una ruta guiada por el casco hist\u00f3rico del municipio y visitar\u00e1n los lugares m\u00e1s emblem\u00e1ticos de la ciudad. La concejal de Turismo, Mar\u00eda Jos\u00e9 Casta\u00f1eda, ha explicado la importancia de este tipo de acciones para la localidad, ya que\" \/>\n\t<meta name=\"robots\" content=\"max-image-preview:large\" \/>\n\t<meta name=\"author\" content=\"admin\"\/>\n\t<meta name=\"google-site-verification\" content=\"UA-38556648-1\" \/>\n\t<meta name=\"keywords\" content=\"noticias y actualidad\" \/>\n\t<link rel=\"canonical\" href=\"https:\/\/eldigitaldeasturias.com\/magazine365\/un-grupo-de-120-agentes-de-viajes-de-globalia-travelplan-visitaran-la-laguna\/\" \/>\n\t<meta name=\"generator\" content=\"All in One SEO Pro (AIOSEO) 4.9.6.1\" \/>\n\t\t<meta property=\"og:locale\" content=\"es_ES\" \/>\n\t\t<meta property=\"og:site_name\" content=\"El Digital de Asturias \u2013 Revista de ocio, turismo y estilo de vida\" \/>\n\t\t<meta property=\"og:type\" content=\"article\" \/>\n\t\t<meta property=\"og:title\" content=\"Un grupo de 120 agentes de viajes de Globalia-Travelplan visitar\u00e1n La Laguna | El Digital de Asturias\" \/>\n\t\t<meta property=\"og:description\" content=\"Un grupo de 120 agentes de viajes de Globalia-Travelplan visitar\u00e1n La Laguna ma\u00f1ana viernes, donde realizar\u00e1n una ruta guiada por el casco hist\u00f3rico del municipio y visitar\u00e1n los lugares m\u00e1s emblem\u00e1ticos de la ciudad. La concejal de Turismo, Mar\u00eda Jos\u00e9 Casta\u00f1eda, ha explicado la importancia de este tipo de acciones para la localidad, ya que\" \/>\n\t\t<meta property=\"og:url\" content=\"https:\/\/eldigitaldeasturias.com\/magazine365\/un-grupo-de-120-agentes-de-viajes-de-globalia-travelplan-visitaran-la-laguna\/\" \/>\n\t\t<meta property=\"og:image\" content=\"https:\/\/eldigitaldeasturias.com\/magazine365\/wp-content\/uploads\/2016\/05\/fotonoticia_20160505182933_800.jpg\" \/>\n\t\t<meta property=\"og:image:secure_url\" content=\"https:\/\/eldigitaldeasturias.com\/magazine365\/wp-content\/uploads\/2016\/05\/fotonoticia_20160505182933_800.jpg\" \/>\n\t\t<meta property=\"og:image:width\" content=\"800\" \/>\n\t\t<meta property=\"og:image:height\" content=\"536\" \/>\n\t\t<meta property=\"article:published_time\" content=\"2016-05-10T21:07:49+00:00\" \/>\n\t\t<meta property=\"article:modified_time\" content=\"2016-05-10T21:07:49+00:00\" \/>\n\t\t<meta name=\"twitter:card\" content=\"summary_large_image\" \/>\n\t\t<meta name=\"twitter:title\" content=\"Un grupo de 120 agentes de viajes de Globalia-Travelplan visitar\u00e1n La Laguna | El Digital de Asturias\" \/>\n\t\t<meta name=\"twitter:description\" content=\"Un grupo de 120 agentes de viajes de Globalia-Travelplan visitar\u00e1n La Laguna ma\u00f1ana viernes, donde realizar\u00e1n una ruta guiada por el casco hist\u00f3rico del municipio y visitar\u00e1n los lugares m\u00e1s emblem\u00e1ticos de la ciudad. La concejal de Turismo, Mar\u00eda Jos\u00e9 Casta\u00f1eda, ha explicado la importancia de este tipo de acciones para la localidad, ya que\" \/>\n\t\t<meta name=\"twitter:image\" content=\"https:\/\/eldigitaldeasturias.com\/magazine365\/wp-content\/uploads\/2016\/05\/fotonoticia_20160505182933_800.jpg\" \/>\n\t\t<script type=\"application\/ld+json\" class=\"aioseo-schema\">\n\t\t\t{\"@context\":\"https:\\\/\\\/schema.org\",\"@graph\":[{\"@type\":\"Article\",\"@id\":\"https:\\\/\\\/eldigitaldeasturias.com\\\/magazine365\\\/un-grupo-de-120-agentes-de-viajes-de-globalia-travelplan-visitaran-la-laguna\\\/#article\",\"name\":\"Un grupo de 120 agentes de viajes de Globalia-Travelplan visitar\\u00e1n La Laguna | El Digital de Asturias\",\"headline\":\"Un grupo de 120 agentes de viajes de Globalia-Travelplan visitar\\u00e1n La Laguna\",\"author\":{\"@id\":\"https:\\\/\\\/eldigitaldeasturias.com\\\/magazine365\\\/author\\\/admin\\\/#author\"},\"publisher\":{\"@id\":\"https:\\\/\\\/eldigitaldeasturias.com\\\/magazine365\\\/#organization\"},\"image\":{\"@type\":\"ImageObject\",\"url\":\"https:\\\/\\\/eldigitaldeasturias.com\\\/magazine365\\\/wp-content\\\/uploads\\\/2016\\\/05\\\/fotonoticia_20160505182933_800.jpg\",\"width\":800,\"height\":536},\"datePublished\":\"2016-05-10T23:07:49+02:00\",\"dateModified\":\"2016-05-10T23:07:49+02:00\",\"inLanguage\":\"es-ES\",\"mainEntityOfPage\":{\"@id\":\"https:\\\/\\\/eldigitaldeasturias.com\\\/magazine365\\\/un-grupo-de-120-agentes-de-viajes-de-globalia-travelplan-visitaran-la-laguna\\\/#webpage\"},\"isPartOf\":{\"@id\":\"https:\\\/\\\/eldigitaldeasturias.com\\\/magazine365\\\/un-grupo-de-120-agentes-de-viajes-de-globalia-travelplan-visitaran-la-laguna\\\/#webpage\"},\"articleSection\":\"Noticias y Actualidad\"},{\"@type\":\"BreadcrumbList\",\"@id\":\"https:\\\/\\\/eldigitaldeasturias.com\\\/magazine365\\\/un-grupo-de-120-agentes-de-viajes-de-globalia-travelplan-visitaran-la-laguna\\\/#breadcrumblist\",\"itemListElement\":[{\"@type\":\"ListItem\",\"@id\":\"https:\\\/\\\/eldigitaldeasturias.com\\\/magazine365#listItem\",\"position\":1,\"name\":\"Home\",\"item\":\"https:\\\/\\\/eldigitaldeasturias.com\\\/magazine365\",\"nextItem\":{\"@type\":\"ListItem\",\"@id\":\"https:\\\/\\\/eldigitaldeasturias.com\\\/magazine365\\\/category\\\/noticias-actualidad\\\/#listItem\",\"name\":\"Noticias y Actualidad\"}},{\"@type\":\"ListItem\",\"@id\":\"https:\\\/\\\/eldigitaldeasturias.com\\\/magazine365\\\/category\\\/noticias-actualidad\\\/#listItem\",\"position\":2,\"name\":\"Noticias y Actualidad\",\"item\":\"https:\\\/\\\/eldigitaldeasturias.com\\\/magazine365\\\/category\\\/noticias-actualidad\\\/\",\"nextItem\":{\"@type\":\"ListItem\",\"@id\":\"https:\\\/\\\/eldigitaldeasturias.com\\\/magazine365\\\/un-grupo-de-120-agentes-de-viajes-de-globalia-travelplan-visitaran-la-laguna\\\/#listItem\",\"name\":\"Un grupo de 120 agentes de viajes de Globalia-Travelplan visitar\\u00e1n La Laguna\"},\"previousItem\":{\"@type\":\"ListItem\",\"@id\":\"https:\\\/\\\/eldigitaldeasturias.com\\\/magazine365#listItem\",\"name\":\"Home\"}},{\"@type\":\"ListItem\",\"@id\":\"https:\\\/\\\/eldigitaldeasturias.com\\\/magazine365\\\/un-grupo-de-120-agentes-de-viajes-de-globalia-travelplan-visitaran-la-laguna\\\/#listItem\",\"position\":3,\"name\":\"Un grupo de 120 agentes de viajes de Globalia-Travelplan visitar\\u00e1n La Laguna\",\"previousItem\":{\"@type\":\"ListItem\",\"@id\":\"https:\\\/\\\/eldigitaldeasturias.com\\\/magazine365\\\/category\\\/noticias-actualidad\\\/#listItem\",\"name\":\"Noticias y Actualidad\"}}]},{\"@type\":\"Organization\",\"@id\":\"https:\\\/\\\/eldigitaldeasturias.com\\\/magazine365\\\/#organization\",\"name\":\"El digital de Asturias\",\"description\":\"Revista de ocio, turismo y estilo de vida\",\"url\":\"https:\\\/\\\/eldigitaldeasturias.com\\\/magazine365\\\/\",\"logo\":{\"@type\":\"ImageObject\",\"url\":\"https:\\\/\\\/www.eldigitaldeasturias.com\\\/noticias\\\/wp-content\\\/uploads\\\/2020\\\/12\\\/EDA.jpg\",\"@id\":\"https:\\\/\\\/eldigitaldeasturias.com\\\/magazine365\\\/un-grupo-de-120-agentes-de-viajes-de-globalia-travelplan-visitaran-la-laguna\\\/#organizationLogo\"},\"image\":{\"@id\":\"https:\\\/\\\/eldigitaldeasturias.com\\\/magazine365\\\/un-grupo-de-120-agentes-de-viajes-de-globalia-travelplan-visitaran-la-laguna\\\/#organizationLogo\"}},{\"@type\":\"Person\",\"@id\":\"https:\\\/\\\/eldigitaldeasturias.com\\\/magazine365\\\/author\\\/admin\\\/#author\",\"url\":\"https:\\\/\\\/eldigitaldeasturias.com\\\/magazine365\\\/author\\\/admin\\\/\",\"name\":\"admin\",\"image\":{\"@type\":\"ImageObject\",\"@id\":\"https:\\\/\\\/eldigitaldeasturias.com\\\/magazine365\\\/un-grupo-de-120-agentes-de-viajes-de-globalia-travelplan-visitaran-la-laguna\\\/#authorImage\",\"url\":\"https:\\\/\\\/eldigitaldeasturias.com\\\/magazine365\\\/wp-content\\\/litespeed\\\/avatar\\\/e571bcf59a0edd6fa6838245a470f2fe.jpg?ver=1777574230\",\"width\":96,\"height\":96,\"caption\":\"admin\"}},{\"@type\":\"WebPage\",\"@id\":\"https:\\\/\\\/eldigitaldeasturias.com\\\/magazine365\\\/un-grupo-de-120-agentes-de-viajes-de-globalia-travelplan-visitaran-la-laguna\\\/#webpage\",\"url\":\"https:\\\/\\\/eldigitaldeasturias.com\\\/magazine365\\\/un-grupo-de-120-agentes-de-viajes-de-globalia-travelplan-visitaran-la-laguna\\\/\",\"name\":\"Un grupo de 120 agentes de viajes de Globalia-Travelplan visitar\\u00e1n La Laguna | El Digital de Asturias\",\"description\":\"Un grupo de 120 agentes de viajes de Globalia-Travelplan visitar\\u00e1n La Laguna ma\\u00f1ana viernes, donde realizar\\u00e1n una ruta guiada por el casco hist\\u00f3rico del municipio y visitar\\u00e1n los lugares m\\u00e1s emblem\\u00e1ticos de la ciudad. La concejal de Turismo, Mar\\u00eda Jos\\u00e9 Casta\\u00f1eda, ha explicado la importancia de este tipo de acciones para la localidad, ya que\",\"inLanguage\":\"es-ES\",\"isPartOf\":{\"@id\":\"https:\\\/\\\/eldigitaldeasturias.com\\\/magazine365\\\/#website\"},\"breadcrumb\":{\"@id\":\"https:\\\/\\\/eldigitaldeasturias.com\\\/magazine365\\\/un-grupo-de-120-agentes-de-viajes-de-globalia-travelplan-visitaran-la-laguna\\\/#breadcrumblist\"},\"author\":{\"@id\":\"https:\\\/\\\/eldigitaldeasturias.com\\\/magazine365\\\/author\\\/admin\\\/#author\"},\"creator\":{\"@id\":\"https:\\\/\\\/eldigitaldeasturias.com\\\/magazine365\\\/author\\\/admin\\\/#author\"},\"image\":{\"@type\":\"ImageObject\",\"url\":\"https:\\\/\\\/eldigitaldeasturias.com\\\/magazine365\\\/wp-content\\\/uploads\\\/2016\\\/05\\\/fotonoticia_20160505182933_800.jpg\",\"@id\":\"https:\\\/\\\/eldigitaldeasturias.com\\\/magazine365\\\/un-grupo-de-120-agentes-de-viajes-de-globalia-travelplan-visitaran-la-laguna\\\/#mainImage\",\"width\":800,\"height\":536},\"primaryImageOfPage\":{\"@id\":\"https:\\\/\\\/eldigitaldeasturias.com\\\/magazine365\\\/un-grupo-de-120-agentes-de-viajes-de-globalia-travelplan-visitaran-la-laguna\\\/#mainImage\"},\"datePublished\":\"2016-05-10T23:07:49+02:00\",\"dateModified\":\"2016-05-10T23:07:49+02:00\"},{\"@type\":\"WebSite\",\"@id\":\"https:\\\/\\\/eldigitaldeasturias.com\\\/magazine365\\\/#website\",\"url\":\"https:\\\/\\\/eldigitaldeasturias.com\\\/magazine365\\\/\",\"name\":\"El Digital de Asturias\",\"description\":\"Revista de ocio, turismo y estilo de vida\",\"inLanguage\":\"es-ES\",\"publisher\":{\"@id\":\"https:\\\/\\\/eldigitaldeasturias.com\\\/magazine365\\\/#organization\"}}]}\n\t\t<\/script>\n\t\t<!-- All in One SEO Pro -->\r\n\t\t<title>Un grupo de 120 agentes de viajes de Globalia-Travelplan visitar\u00e1n La Laguna | El Digital de Asturias<\/title>\n\n","aioseo_head_json":{"title":"Un grupo de 120 agentes de viajes de Globalia-Travelplan visitar\u00e1n La Laguna | El Digital de Asturias","description":"Un grupo de 120 agentes de viajes de Globalia-Travelplan visitar\u00e1n La Laguna ma\u00f1ana viernes, donde realizar\u00e1n una ruta guiada por el casco hist\u00f3rico del municipio y visitar\u00e1n los lugares m\u00e1s emblem\u00e1ticos de la ciudad. La concejal de Turismo, Mar\u00eda Jos\u00e9 Casta\u00f1eda, ha explicado la importancia de este tipo de acciones para la localidad, ya que","canonical_url":"https:\/\/eldigitaldeasturias.com\/magazine365\/un-grupo-de-120-agentes-de-viajes-de-globalia-travelplan-visitaran-la-laguna\/","robots":"max-image-preview:large","keywords":"noticias y actualidad","webmasterTools":{"google-site-verification":"UA-38556648-1","miscellaneous":""},"schema":{"@context":"https:\/\/schema.org","@graph":[{"@type":"Article","@id":"https:\/\/eldigitaldeasturias.com\/magazine365\/un-grupo-de-120-agentes-de-viajes-de-globalia-travelplan-visitaran-la-laguna\/#article","name":"Un grupo de 120 agentes de viajes de Globalia-Travelplan visitar\u00e1n La Laguna | El Digital de Asturias","headline":"Un grupo de 120 agentes de viajes de Globalia-Travelplan visitar\u00e1n La Laguna","author":{"@id":"https:\/\/eldigitaldeasturias.com\/magazine365\/author\/admin\/#author"},"publisher":{"@id":"https:\/\/eldigitaldeasturias.com\/magazine365\/#organization"},"image":{"@type":"ImageObject","url":"https:\/\/eldigitaldeasturias.com\/magazine365\/wp-content\/uploads\/2016\/05\/fotonoticia_20160505182933_800.jpg","width":800,"height":536},"datePublished":"2016-05-10T23:07:49+02:00","dateModified":"2016-05-10T23:07:49+02:00","inLanguage":"es-ES","mainEntityOfPage":{"@id":"https:\/\/eldigitaldeasturias.com\/magazine365\/un-grupo-de-120-agentes-de-viajes-de-globalia-travelplan-visitaran-la-laguna\/#webpage"},"isPartOf":{"@id":"https:\/\/eldigitaldeasturias.com\/magazine365\/un-grupo-de-120-agentes-de-viajes-de-globalia-travelplan-visitaran-la-laguna\/#webpage"},"articleSection":"Noticias y Actualidad"},{"@type":"BreadcrumbList","@id":"https:\/\/eldigitaldeasturias.com\/magazine365\/un-grupo-de-120-agentes-de-viajes-de-globalia-travelplan-visitaran-la-laguna\/#breadcrumblist","itemListElement":[{"@type":"ListItem","@id":"https:\/\/eldigitaldeasturias.com\/magazine365#listItem","position":1,"name":"Home","item":"https:\/\/eldigitaldeasturias.com\/magazine365","nextItem":{"@type":"ListItem","@id":"https:\/\/eldigitaldeasturias.com\/magazine365\/category\/noticias-actualidad\/#listItem","name":"Noticias y Actualidad"}},{"@type":"ListItem","@id":"https:\/\/eldigitaldeasturias.com\/magazine365\/category\/noticias-actualidad\/#listItem","position":2,"name":"Noticias y Actualidad","item":"https:\/\/eldigitaldeasturias.com\/magazine365\/category\/noticias-actualidad\/","nextItem":{"@type":"ListItem","@id":"https:\/\/eldigitaldeasturias.com\/magazine365\/un-grupo-de-120-agentes-de-viajes-de-globalia-travelplan-visitaran-la-laguna\/#listItem","name":"Un grupo de 120 agentes de viajes de Globalia-Travelplan visitar\u00e1n La Laguna"},"previousItem":{"@type":"ListItem","@id":"https:\/\/eldigitaldeasturias.com\/magazine365#listItem","name":"Home"}},{"@type":"ListItem","@id":"https:\/\/eldigitaldeasturias.com\/magazine365\/un-grupo-de-120-agentes-de-viajes-de-globalia-travelplan-visitaran-la-laguna\/#listItem","position":3,"name":"Un grupo de 120 agentes de viajes de Globalia-Travelplan visitar\u00e1n La Laguna","previousItem":{"@type":"ListItem","@id":"https:\/\/eldigitaldeasturias.com\/magazine365\/category\/noticias-actualidad\/#listItem","name":"Noticias y Actualidad"}}]},{"@type":"Organization","@id":"https:\/\/eldigitaldeasturias.com\/magazine365\/#organization","name":"El digital de Asturias","description":"Revista de ocio, turismo y estilo de vida","url":"https:\/\/eldigitaldeasturias.com\/magazine365\/","logo":{"@type":"ImageObject","url":"https:\/\/www.eldigitaldeasturias.com\/noticias\/wp-content\/uploads\/2020\/12\/EDA.jpg","@id":"https:\/\/eldigitaldeasturias.com\/magazine365\/un-grupo-de-120-agentes-de-viajes-de-globalia-travelplan-visitaran-la-laguna\/#organizationLogo"},"image":{"@id":"https:\/\/eldigitaldeasturias.com\/magazine365\/un-grupo-de-120-agentes-de-viajes-de-globalia-travelplan-visitaran-la-laguna\/#organizationLogo"}},{"@type":"Person","@id":"https:\/\/eldigitaldeasturias.com\/magazine365\/author\/admin\/#author","url":"https:\/\/eldigitaldeasturias.com\/magazine365\/author\/admin\/","name":"admin","image":{"@type":"ImageObject","@id":"https:\/\/eldigitaldeasturias.com\/magazine365\/un-grupo-de-120-agentes-de-viajes-de-globalia-travelplan-visitaran-la-laguna\/#authorImage","url":"https:\/\/eldigitaldeasturias.com\/magazine365\/wp-content\/litespeed\/avatar\/e571bcf59a0edd6fa6838245a470f2fe.jpg?ver=1777574230","width":96,"height":96,"caption":"admin"}},{"@type":"WebPage","@id":"https:\/\/eldigitaldeasturias.com\/magazine365\/un-grupo-de-120-agentes-de-viajes-de-globalia-travelplan-visitaran-la-laguna\/#webpage","url":"https:\/\/eldigitaldeasturias.com\/magazine365\/un-grupo-de-120-agentes-de-viajes-de-globalia-travelplan-visitaran-la-laguna\/","name":"Un grupo de 120 agentes de viajes de Globalia-Travelplan visitar\u00e1n La Laguna | El Digital de Asturias","description":"Un grupo de 120 agentes de viajes de Globalia-Travelplan visitar\u00e1n La Laguna ma\u00f1ana viernes, donde realizar\u00e1n una ruta guiada por el casco hist\u00f3rico del municipio y visitar\u00e1n los lugares m\u00e1s emblem\u00e1ticos de la ciudad. La concejal de Turismo, Mar\u00eda Jos\u00e9 Casta\u00f1eda, ha explicado la importancia de este tipo de acciones para la localidad, ya que","inLanguage":"es-ES","isPartOf":{"@id":"https:\/\/eldigitaldeasturias.com\/magazine365\/#website"},"breadcrumb":{"@id":"https:\/\/eldigitaldeasturias.com\/magazine365\/un-grupo-de-120-agentes-de-viajes-de-globalia-travelplan-visitaran-la-laguna\/#breadcrumblist"},"author":{"@id":"https:\/\/eldigitaldeasturias.com\/magazine365\/author\/admin\/#author"},"creator":{"@id":"https:\/\/eldigitaldeasturias.com\/magazine365\/author\/admin\/#author"},"image":{"@type":"ImageObject","url":"https:\/\/eldigitaldeasturias.com\/magazine365\/wp-content\/uploads\/2016\/05\/fotonoticia_20160505182933_800.jpg","@id":"https:\/\/eldigitaldeasturias.com\/magazine365\/un-grupo-de-120-agentes-de-viajes-de-globalia-travelplan-visitaran-la-laguna\/#mainImage","width":800,"height":536},"primaryImageOfPage":{"@id":"https:\/\/eldigitaldeasturias.com\/magazine365\/un-grupo-de-120-agentes-de-viajes-de-globalia-travelplan-visitaran-la-laguna\/#mainImage"},"datePublished":"2016-05-10T23:07:49+02:00","dateModified":"2016-05-10T23:07:49+02:00"},{"@type":"WebSite","@id":"https:\/\/eldigitaldeasturias.com\/magazine365\/#website","url":"https:\/\/eldigitaldeasturias.com\/magazine365\/","name":"El Digital de Asturias","description":"Revista de ocio, turismo y estilo de vida","inLanguage":"es-ES","publisher":{"@id":"https:\/\/eldigitaldeasturias.com\/magazine365\/#organization"}}]},"og:locale":"es_ES","og:site_name":"El Digital de Asturias \u2013 Revista de ocio, turismo y estilo de vida","og:type":"article","og:title":"Un grupo de 120 agentes de viajes de Globalia-Travelplan visitar\u00e1n La Laguna | El Digital de Asturias","og:description":"Un grupo de 120 agentes de viajes de Globalia-Travelplan visitar\u00e1n La Laguna ma\u00f1ana viernes, donde realizar\u00e1n una ruta guiada por el casco hist\u00f3rico del municipio y visitar\u00e1n los lugares m\u00e1s emblem\u00e1ticos de la ciudad. La concejal de Turismo, Mar\u00eda Jos\u00e9 Casta\u00f1eda, ha explicado la importancia de este tipo de acciones para la localidad, ya que","og:url":"https:\/\/eldigitaldeasturias.com\/magazine365\/un-grupo-de-120-agentes-de-viajes-de-globalia-travelplan-visitaran-la-laguna\/","og:image":"https:\/\/eldigitaldeasturias.com\/magazine365\/wp-content\/uploads\/2016\/05\/fotonoticia_20160505182933_800.jpg","og:image:secure_url":"https:\/\/eldigitaldeasturias.com\/magazine365\/wp-content\/uploads\/2016\/05\/fotonoticia_20160505182933_800.jpg","og:image:width":800,"og:image:height":536,"article:published_time":"2016-05-10T21:07:49+00:00","article:modified_time":"2016-05-10T21:07:49+00:00","twitter:card":"summary_large_image","twitter:title":"Un grupo de 120 agentes de viajes de Globalia-Travelplan visitar\u00e1n La Laguna | El Digital de Asturias","twitter:description":"Un grupo de 120 agentes de viajes de Globalia-Travelplan visitar\u00e1n La Laguna ma\u00f1ana viernes, donde realizar\u00e1n una ruta guiada por el casco hist\u00f3rico del municipio y visitar\u00e1n los lugares m\u00e1s emblem\u00e1ticos de la ciudad. La concejal de Turismo, Mar\u00eda Jos\u00e9 Casta\u00f1eda, ha explicado la importancia de este tipo de acciones para la localidad, ya que","twitter:image":"https:\/\/eldigitaldeasturias.com\/magazine365\/wp-content\/uploads\/2016\/05\/fotonoticia_20160505182933_800.jpg"},"aioseo_meta_data":{"post_id":"76145","title":null,"description":null,"keywords":null,"keyphrases":null,"primary_term":null,"canonical_url":null,"og_title":null,"og_description":null,"og_object_type":"default","og_image_type":"default","og_image_url":null,"og_image_width":null,"og_image_height":null,"og_image_custom_url":null,"og_image_custom_fields":null,"og_video":null,"og_custom_url":null,"og_article_section":null,"og_article_tags":null,"twitter_use_og":false,"twitter_card":"default","twitter_image_type":"default","twitter_image_url":null,"twitter_image_custom_url":null,"twitter_image_custom_fields":null,"twitter_title":null,"twitter_description":null,"schema":{"blockGraphs":[],"customGraphs":[],"default":{"data":{"Article":[],"Course":[],"Dataset":[],"FAQPage":[],"Movie":[],"Person":[],"Product":[],"ProductReview":[],"Car":[],"Recipe":[],"Service":[],"SoftwareApplication":[],"WebPage":[]},"graphName":"","isEnabled":true},"graphs":[],"defaultGraph":"","defaultPostTypeGraph":""},"schema_type":null,"schema_type_options":null,"pillar_content":false,"robots_default":true,"robots_noindex":false,"robots_noarchive":false,"robots_nosnippet":false,"robots_nofollow":false,"robots_noimageindex":false,"robots_noodp":false,"robots_notranslate":false,"robots_max_snippet":null,"robots_max_videopreview":null,"robots_max_imagepreview":"large","priority":null,"frequency":null,"location":null,"local_seo":null,"seo_analyzer_scan_date":"2025-09-27 11:55:55","breadcrumb_settings":null,"limit_modified_date":false,"open_ai":null,"ai":null,"created":"2021-03-08 18:31:46","updated":"2025-09-27 11:55:55"},"aioseo_breadcrumb":"<div class=\"aioseo-breadcrumbs\"><span class=\"aioseo-breadcrumb\">\n\t<a href=\"https:\/\/eldigitaldeasturias.com\/magazine365\" title=\"Home\">Home<\/a>\n<\/span><span class=\"aioseo-breadcrumb-separator\">\u2013<\/span><span class=\"aioseo-breadcrumb\">\n\t<a href=\"https:\/\/eldigitaldeasturias.com\/magazine365\/category\/noticias-actualidad\/\" title=\"Noticias y Actualidad\">Noticias y Actualidad<\/a>\n<\/span><span class=\"aioseo-breadcrumb-separator\">\u2013<\/span><span class=\"aioseo-breadcrumb\">\n\t<a href=\"https:\/\/eldigitaldeasturias.com\/magazine365\/un-grupo-de-120-agentes-de-viajes-de-globalia-travelplan-visitaran-la-laguna\/\" title=\"Un grupo de 120 agentes de viajes de Globalia-Travelplan visitar\u00e1n La Laguna\">Un grupo de 120 agentes de viajes de Globalia-Travelplan visitar\u00e1n La Laguna<\/a>\n<\/span><\/div>","aioseo_breadcrumb_json":[{"label":"Home","link":"https:\/\/eldigitaldeasturias.com\/magazine365"},{"label":"Noticias y Actualidad","link":"https:\/\/eldigitaldeasturias.com\/magazine365\/category\/noticias-actualidad\/"},{"label":"Un grupo de 120 agentes de viajes de Globalia-Travelplan visitar\u00e1n La Laguna","link":"https:\/\/eldigitaldeasturias.com\/magazine365\/un-grupo-de-120-agentes-de-viajes-de-globalia-travelplan-visitaran-la-laguna\/"}],"_links":{"self":[{"href":"https:\/\/eldigitaldeasturias.com\/magazine365\/wp-json\/wp\/v2\/posts\/76145","targetHints":{"allow":["GET"]}}],"collection":[{"href":"https:\/\/eldigitaldeasturias.com\/magazine365\/wp-json\/wp\/v2\/posts"}],"about":[{"href":"https:\/\/eldigitaldeasturias.com\/magazine365\/wp-json\/wp\/v2\/types\/post"}],"author":[{"embeddable":true,"href":"https:\/\/eldigitaldeasturias.com\/magazine365\/wp-json\/wp\/v2\/users\/1"}],"replies":[{"embeddable":true,"href":"https:\/\/eldigitaldeasturias.com\/magazine365\/wp-json\/wp\/v2\/comments?post=76145"}],"version-history":[{"count":0,"href":"https:\/\/eldigitaldeasturias.com\/magazine365\/wp-json\/wp\/v2\/posts\/76145\/revisions"}],"wp:featuredmedia":[{"embeddable":true,"href":"https:\/\/eldigitaldeasturias.com\/magazine365\/wp-json\/wp\/v2\/media\/76146"}],"wp:attachment":[{"href":"https:\/\/eldigitaldeasturias.com\/magazine365\/wp-json\/wp\/v2\/media?parent=76145"}],"wp:term":[{"taxonomy":"category","embeddable":true,"href":"https:\/\/eldigitaldeasturias.com\/magazine365\/wp-json\/wp\/v2\/categories?post=76145"},{"taxonomy":"post_tag","embeddable":true,"href":"https:\/\/eldigitaldeasturias.com\/magazine365\/wp-json\/wp\/v2\/tags?post=76145"}],"curies":[{"name":"wp","href":"https:\/\/api.w.org\/{rel}","templated":true}]}}