{"id":76131,"date":"2016-05-10T17:04:59","date_gmt":"2016-05-10T15:04:59","guid":{"rendered":"http:\/\/eldigitaldeasturias.com\/magazine365\/?p=76131"},"modified":"2016-05-10T17:04:59","modified_gmt":"2016-05-10T15:04:59","slug":"la-oficina-de-turismo-del-ayuntamiento-de-valencia-se-traslada-al-edificio-municipal","status":"publish","type":"post","link":"https:\/\/eldigitaldeasturias.com\/magazine365\/la-oficina-de-turismo-del-ayuntamiento-de-valencia-se-traslada-al-edificio-municipal\/","title":{"rendered":"La Oficina de Turismo del Ayuntamiento de Valencia se traslada al edificio municipal"},"content":{"rendered":"<p><img fetchpriority=\"high\" decoding=\"async\" class=\"alignleft size-medium wp-image-76132\" src=\"https:\/\/eldigitaldeasturias.com\/magazine365\/wp-content\/uploads\/2016\/05\/fotonoticia_20160505172934_800-360x270.jpg\" alt=\"fotonoticia_20160505172934_800\" width=\"360\" height=\"270\" srcset=\"https:\/\/eldigitaldeasturias.com\/magazine365\/wp-content\/uploads\/2016\/05\/fotonoticia_20160505172934_800-360x270.jpg 360w, https:\/\/eldigitaldeasturias.com\/magazine365\/wp-content\/uploads\/2016\/05\/fotonoticia_20160505172934_800-650x488.jpg 650w, https:\/\/eldigitaldeasturias.com\/magazine365\/wp-content\/uploads\/2016\/05\/fotonoticia_20160505172934_800-768x576.jpg 768w, https:\/\/eldigitaldeasturias.com\/magazine365\/wp-content\/uploads\/2016\/05\/fotonoticia_20160505172934_800-150x113.jpg 150w, https:\/\/eldigitaldeasturias.com\/magazine365\/wp-content\/uploads\/2016\/05\/fotonoticia_20160505172934_800-450x338.jpg 450w, https:\/\/eldigitaldeasturias.com\/magazine365\/wp-content\/uploads\/2016\/05\/fotonoticia_20160505172934_800-90x67.jpg 90w, https:\/\/eldigitaldeasturias.com\/magazine365\/wp-content\/uploads\/2016\/05\/fotonoticia_20160505172934_800-164x124.jpg 164w, https:\/\/eldigitaldeasturias.com\/magazine365\/wp-content\/uploads\/2016\/05\/fotonoticia_20160505172934_800-100x75.jpg 100w, https:\/\/eldigitaldeasturias.com\/magazine365\/wp-content\/uploads\/2016\/05\/fotonoticia_20160505172934_800.jpg 800w\" sizes=\"(max-width: 360px) 100vw, 360px\" \/>La Oficina de Turismo del Ayuntamiento de Valencia ha abierto sus puertas este jueves en una nueva ubicaci\u00f3n, en el propio edificio municipal, con el objetivo de \u00abmejorar la atenci\u00f3n e informaci\u00f3n\u00bb a los visitantes, seg\u00fan ha informado el consistorio en un comunicado.<\/p>\n<p>El primer teniente de alcalde y concejal de Desarrollo Econ\u00f3mico Sostenible, Joan Calabuig, ha visitado esta ma\u00f1ana la nueva oficina, que se ha trasladado desde su anterior ubicaci\u00f3n &#8211;junto a los puestos de flores y frente al edificio de Correos&#8211; hasta el propio edificio municipal, junto a la puerta principal sita en la plaza del Ayuntamiento, n\u00famero 1.<\/p>\n<p>En esta nueva ubicaci\u00f3n, que dispone de un espacio m\u00e1s amplio, los turistas encontrar\u00e1n toda la informaci\u00f3n necesaria para disfrutar de la ciudad y un mejor servicio de atenci\u00f3n. Adem\u00e1s, se mantiene el servicio de publicaciones, con lo que tambi\u00e9n se ampl\u00eda la oferta cultural destinada a los turistas, seg\u00fan han explicado desde el consistorio.<\/p>\n<p>El horario de la oficina ser\u00e1 el mismo que manten\u00eda hasta el momento. As\u00ed, permanecer\u00e1 abierta de 09.00 a 19.00 horas, de lunes a s\u00e1bado; y los domingos y festivos, de 10.00 a 14.00 horas.<\/p>\n<p>Los servicios ofrecidos tambi\u00e9n ser\u00e1n los mismos, \u00abpero localizados en una mejor ubicaci\u00f3n con el objetivo de conseguir una planificaci\u00f3n integral de la estancia del turista en la ciudad\u00bb. En concreto, desde esta oficina se ofrecer\u00e1 informaci\u00f3n tur\u00edstica de Valencia y de la Comunitat Valenciana, distribuci\u00f3n de folletos tur\u00edsticos, reservas de hotel y de oferta gastron\u00f3mica, gesti\u00f3n de la oferta cultural y espect\u00e1culo.<\/p>\n<p>Los turistas tambi\u00e9n encontrar\u00e1n en este punto informaci\u00f3n y venta de la Valencia Tourist Card, as\u00ed como para los principales atractivos tur\u00edsticos de la ciudad (Bioparc, Bus Tur\u00edstic, Ciudad de las Artes y las Ciencias, visitas guiadas o alquiler de bicicletas, entre otros servicios).<\/p>\n","protected":false},"excerpt":{"rendered":"<p>La Oficina de Turismo del Ayuntamiento de Valencia ha abierto sus puertas este jueves en una nueva ubicaci\u00f3n, en el propio edificio municipal, con el objetivo de \u00abmejorar la atenci\u00f3n e informaci\u00f3n\u00bb a los visitantes, seg\u00fan ha informado el consistorio en un comunicado. El primer teniente de alcalde y concejal de Desarrollo Econ\u00f3mico Sostenible, Joan<\/p>\n","protected":false},"author":1,"featured_media":76132,"comment_status":"open","ping_status":"closed","sticky":false,"template":"","format":"standard","meta":{"footnotes":""},"categories":[224],"tags":[],"class_list":{"0":"post-76131","1":"post","2":"type-post","3":"status-publish","4":"format-standard","5":"has-post-thumbnail","7":"category-noticias-actualidad"},"aioseo_notices":[],"aioseo_head":"\n\t\t<!-- All in One SEO Pro 4.9.6.1 - aioseo.com -->\n\t<meta name=\"description\" content=\"La Oficina de Turismo del Ayuntamiento de Valencia ha abierto sus puertas este jueves en una nueva ubicaci\u00f3n, en el propio edificio municipal, con el objetivo de &quot;mejorar la atenci\u00f3n e informaci\u00f3n&quot; a los visitantes, seg\u00fan ha informado el consistorio en un comunicado. El primer teniente de alcalde y concejal de Desarrollo Econ\u00f3mico Sostenible, Joan\" \/>\n\t<meta name=\"robots\" content=\"max-image-preview:large\" \/>\n\t<meta name=\"author\" content=\"admin\"\/>\n\t<meta name=\"google-site-verification\" content=\"UA-38556648-1\" \/>\n\t<meta name=\"keywords\" content=\"noticias y actualidad\" \/>\n\t<link rel=\"canonical\" href=\"https:\/\/eldigitaldeasturias.com\/magazine365\/la-oficina-de-turismo-del-ayuntamiento-de-valencia-se-traslada-al-edificio-municipal\/\" \/>\n\t<meta name=\"generator\" content=\"All in One SEO Pro (AIOSEO) 4.9.6.1\" \/>\n\t\t<meta property=\"og:locale\" content=\"es_ES\" \/>\n\t\t<meta property=\"og:site_name\" content=\"El Digital de Asturias \u2013 Revista de ocio, turismo y estilo de vida\" \/>\n\t\t<meta property=\"og:type\" content=\"article\" \/>\n\t\t<meta property=\"og:title\" content=\"La Oficina de Turismo del Ayuntamiento de Valencia se traslada al edificio municipal | El Digital de Asturias\" \/>\n\t\t<meta property=\"og:description\" content=\"La Oficina de Turismo del Ayuntamiento de Valencia ha abierto sus puertas este jueves en una nueva ubicaci\u00f3n, en el propio edificio municipal, con el objetivo de &quot;mejorar la atenci\u00f3n e informaci\u00f3n&quot; a los visitantes, seg\u00fan ha informado el consistorio en un comunicado. El primer teniente de alcalde y concejal de Desarrollo Econ\u00f3mico Sostenible, Joan\" \/>\n\t\t<meta property=\"og:url\" content=\"https:\/\/eldigitaldeasturias.com\/magazine365\/la-oficina-de-turismo-del-ayuntamiento-de-valencia-se-traslada-al-edificio-municipal\/\" \/>\n\t\t<meta property=\"og:image\" content=\"https:\/\/eldigitaldeasturias.com\/magazine365\/wp-content\/uploads\/2016\/05\/fotonoticia_20160505172934_800.jpg\" \/>\n\t\t<meta property=\"og:image:secure_url\" content=\"https:\/\/eldigitaldeasturias.com\/magazine365\/wp-content\/uploads\/2016\/05\/fotonoticia_20160505172934_800.jpg\" \/>\n\t\t<meta property=\"og:image:width\" content=\"800\" \/>\n\t\t<meta property=\"og:image:height\" content=\"600\" \/>\n\t\t<meta property=\"article:published_time\" content=\"2016-05-10T15:04:59+00:00\" \/>\n\t\t<meta property=\"article:modified_time\" content=\"2016-05-10T15:04:59+00:00\" \/>\n\t\t<meta name=\"twitter:card\" content=\"summary_large_image\" \/>\n\t\t<meta name=\"twitter:title\" content=\"La Oficina de Turismo del Ayuntamiento de Valencia se traslada al edificio municipal | El Digital de Asturias\" \/>\n\t\t<meta name=\"twitter:description\" content=\"La Oficina de Turismo del Ayuntamiento de Valencia ha abierto sus puertas este jueves en una nueva ubicaci\u00f3n, en el propio edificio municipal, con el objetivo de &quot;mejorar la atenci\u00f3n e informaci\u00f3n&quot; a los visitantes, seg\u00fan ha informado el consistorio en un comunicado. El primer teniente de alcalde y concejal de Desarrollo Econ\u00f3mico Sostenible, Joan\" \/>\n\t\t<meta name=\"twitter:image\" content=\"https:\/\/eldigitaldeasturias.com\/magazine365\/wp-content\/uploads\/2016\/05\/fotonoticia_20160505172934_800.jpg\" \/>\n\t\t<script type=\"application\/ld+json\" class=\"aioseo-schema\">\n\t\t\t{\"@context\":\"https:\\\/\\\/schema.org\",\"@graph\":[{\"@type\":\"Article\",\"@id\":\"https:\\\/\\\/eldigitaldeasturias.com\\\/magazine365\\\/la-oficina-de-turismo-del-ayuntamiento-de-valencia-se-traslada-al-edificio-municipal\\\/#article\",\"name\":\"La Oficina de Turismo del Ayuntamiento de Valencia se traslada al edificio municipal | El Digital de Asturias\",\"headline\":\"La Oficina de Turismo del Ayuntamiento de Valencia se traslada al edificio municipal\",\"author\":{\"@id\":\"https:\\\/\\\/eldigitaldeasturias.com\\\/magazine365\\\/author\\\/admin\\\/#author\"},\"publisher\":{\"@id\":\"https:\\\/\\\/eldigitaldeasturias.com\\\/magazine365\\\/#organization\"},\"image\":{\"@type\":\"ImageObject\",\"url\":\"https:\\\/\\\/eldigitaldeasturias.com\\\/magazine365\\\/wp-content\\\/uploads\\\/2016\\\/05\\\/fotonoticia_20160505172934_800.jpg\",\"width\":800,\"height\":600},\"datePublished\":\"2016-05-10T17:04:59+02:00\",\"dateModified\":\"2016-05-10T17:04:59+02:00\",\"inLanguage\":\"es-ES\",\"mainEntityOfPage\":{\"@id\":\"https:\\\/\\\/eldigitaldeasturias.com\\\/magazine365\\\/la-oficina-de-turismo-del-ayuntamiento-de-valencia-se-traslada-al-edificio-municipal\\\/#webpage\"},\"isPartOf\":{\"@id\":\"https:\\\/\\\/eldigitaldeasturias.com\\\/magazine365\\\/la-oficina-de-turismo-del-ayuntamiento-de-valencia-se-traslada-al-edificio-municipal\\\/#webpage\"},\"articleSection\":\"Noticias y Actualidad\"},{\"@type\":\"BreadcrumbList\",\"@id\":\"https:\\\/\\\/eldigitaldeasturias.com\\\/magazine365\\\/la-oficina-de-turismo-del-ayuntamiento-de-valencia-se-traslada-al-edificio-municipal\\\/#breadcrumblist\",\"itemListElement\":[{\"@type\":\"ListItem\",\"@id\":\"https:\\\/\\\/eldigitaldeasturias.com\\\/magazine365#listItem\",\"position\":1,\"name\":\"Home\",\"item\":\"https:\\\/\\\/eldigitaldeasturias.com\\\/magazine365\",\"nextItem\":{\"@type\":\"ListItem\",\"@id\":\"https:\\\/\\\/eldigitaldeasturias.com\\\/magazine365\\\/category\\\/noticias-actualidad\\\/#listItem\",\"name\":\"Noticias y Actualidad\"}},{\"@type\":\"ListItem\",\"@id\":\"https:\\\/\\\/eldigitaldeasturias.com\\\/magazine365\\\/category\\\/noticias-actualidad\\\/#listItem\",\"position\":2,\"name\":\"Noticias y Actualidad\",\"item\":\"https:\\\/\\\/eldigitaldeasturias.com\\\/magazine365\\\/category\\\/noticias-actualidad\\\/\",\"nextItem\":{\"@type\":\"ListItem\",\"@id\":\"https:\\\/\\\/eldigitaldeasturias.com\\\/magazine365\\\/la-oficina-de-turismo-del-ayuntamiento-de-valencia-se-traslada-al-edificio-municipal\\\/#listItem\",\"name\":\"La Oficina de Turismo del Ayuntamiento de Valencia se traslada al edificio municipal\"},\"previousItem\":{\"@type\":\"ListItem\",\"@id\":\"https:\\\/\\\/eldigitaldeasturias.com\\\/magazine365#listItem\",\"name\":\"Home\"}},{\"@type\":\"ListItem\",\"@id\":\"https:\\\/\\\/eldigitaldeasturias.com\\\/magazine365\\\/la-oficina-de-turismo-del-ayuntamiento-de-valencia-se-traslada-al-edificio-municipal\\\/#listItem\",\"position\":3,\"name\":\"La Oficina de Turismo del Ayuntamiento de Valencia se traslada al edificio municipal\",\"previousItem\":{\"@type\":\"ListItem\",\"@id\":\"https:\\\/\\\/eldigitaldeasturias.com\\\/magazine365\\\/category\\\/noticias-actualidad\\\/#listItem\",\"name\":\"Noticias y Actualidad\"}}]},{\"@type\":\"Organization\",\"@id\":\"https:\\\/\\\/eldigitaldeasturias.com\\\/magazine365\\\/#organization\",\"name\":\"El digital de Asturias\",\"description\":\"Revista de ocio, turismo y estilo de vida\",\"url\":\"https:\\\/\\\/eldigitaldeasturias.com\\\/magazine365\\\/\",\"logo\":{\"@type\":\"ImageObject\",\"url\":\"https:\\\/\\\/www.eldigitaldeasturias.com\\\/noticias\\\/wp-content\\\/uploads\\\/2020\\\/12\\\/EDA.jpg\",\"@id\":\"https:\\\/\\\/eldigitaldeasturias.com\\\/magazine365\\\/la-oficina-de-turismo-del-ayuntamiento-de-valencia-se-traslada-al-edificio-municipal\\\/#organizationLogo\"},\"image\":{\"@id\":\"https:\\\/\\\/eldigitaldeasturias.com\\\/magazine365\\\/la-oficina-de-turismo-del-ayuntamiento-de-valencia-se-traslada-al-edificio-municipal\\\/#organizationLogo\"}},{\"@type\":\"Person\",\"@id\":\"https:\\\/\\\/eldigitaldeasturias.com\\\/magazine365\\\/author\\\/admin\\\/#author\",\"url\":\"https:\\\/\\\/eldigitaldeasturias.com\\\/magazine365\\\/author\\\/admin\\\/\",\"name\":\"admin\",\"image\":{\"@type\":\"ImageObject\",\"@id\":\"https:\\\/\\\/eldigitaldeasturias.com\\\/magazine365\\\/la-oficina-de-turismo-del-ayuntamiento-de-valencia-se-traslada-al-edificio-municipal\\\/#authorImage\",\"url\":\"https:\\\/\\\/eldigitaldeasturias.com\\\/magazine365\\\/wp-content\\\/litespeed\\\/avatar\\\/e571bcf59a0edd6fa6838245a470f2fe.jpg?ver=1777574230\",\"width\":96,\"height\":96,\"caption\":\"admin\"}},{\"@type\":\"WebPage\",\"@id\":\"https:\\\/\\\/eldigitaldeasturias.com\\\/magazine365\\\/la-oficina-de-turismo-del-ayuntamiento-de-valencia-se-traslada-al-edificio-municipal\\\/#webpage\",\"url\":\"https:\\\/\\\/eldigitaldeasturias.com\\\/magazine365\\\/la-oficina-de-turismo-del-ayuntamiento-de-valencia-se-traslada-al-edificio-municipal\\\/\",\"name\":\"La Oficina de Turismo del Ayuntamiento de Valencia se traslada al edificio municipal | El Digital de Asturias\",\"description\":\"La Oficina de Turismo del Ayuntamiento de Valencia ha abierto sus puertas este jueves en una nueva ubicaci\\u00f3n, en el propio edificio municipal, con el objetivo de \\\"mejorar la atenci\\u00f3n e informaci\\u00f3n\\\" a los visitantes, seg\\u00fan ha informado el consistorio en un comunicado. El primer teniente de alcalde y concejal de Desarrollo Econ\\u00f3mico Sostenible, Joan\",\"inLanguage\":\"es-ES\",\"isPartOf\":{\"@id\":\"https:\\\/\\\/eldigitaldeasturias.com\\\/magazine365\\\/#website\"},\"breadcrumb\":{\"@id\":\"https:\\\/\\\/eldigitaldeasturias.com\\\/magazine365\\\/la-oficina-de-turismo-del-ayuntamiento-de-valencia-se-traslada-al-edificio-municipal\\\/#breadcrumblist\"},\"author\":{\"@id\":\"https:\\\/\\\/eldigitaldeasturias.com\\\/magazine365\\\/author\\\/admin\\\/#author\"},\"creator\":{\"@id\":\"https:\\\/\\\/eldigitaldeasturias.com\\\/magazine365\\\/author\\\/admin\\\/#author\"},\"image\":{\"@type\":\"ImageObject\",\"url\":\"https:\\\/\\\/eldigitaldeasturias.com\\\/magazine365\\\/wp-content\\\/uploads\\\/2016\\\/05\\\/fotonoticia_20160505172934_800.jpg\",\"@id\":\"https:\\\/\\\/eldigitaldeasturias.com\\\/magazine365\\\/la-oficina-de-turismo-del-ayuntamiento-de-valencia-se-traslada-al-edificio-municipal\\\/#mainImage\",\"width\":800,\"height\":600},\"primaryImageOfPage\":{\"@id\":\"https:\\\/\\\/eldigitaldeasturias.com\\\/magazine365\\\/la-oficina-de-turismo-del-ayuntamiento-de-valencia-se-traslada-al-edificio-municipal\\\/#mainImage\"},\"datePublished\":\"2016-05-10T17:04:59+02:00\",\"dateModified\":\"2016-05-10T17:04:59+02:00\"},{\"@type\":\"WebSite\",\"@id\":\"https:\\\/\\\/eldigitaldeasturias.com\\\/magazine365\\\/#website\",\"url\":\"https:\\\/\\\/eldigitaldeasturias.com\\\/magazine365\\\/\",\"name\":\"El Digital de Asturias\",\"description\":\"Revista de ocio, turismo y estilo de vida\",\"inLanguage\":\"es-ES\",\"publisher\":{\"@id\":\"https:\\\/\\\/eldigitaldeasturias.com\\\/magazine365\\\/#organization\"}}]}\n\t\t<\/script>\n\t\t<!-- All in One SEO Pro -->\r\n\t\t<title>La Oficina de Turismo del Ayuntamiento de Valencia se traslada al edificio municipal | El Digital de Asturias<\/title>\n\n","aioseo_head_json":{"title":"La Oficina de Turismo del Ayuntamiento de Valencia se traslada al edificio municipal | El Digital de Asturias","description":"La Oficina de Turismo del Ayuntamiento de Valencia ha abierto sus puertas este jueves en una nueva ubicaci\u00f3n, en el propio edificio municipal, con el objetivo de \"mejorar la atenci\u00f3n e informaci\u00f3n\" a los visitantes, seg\u00fan ha informado el consistorio en un comunicado. El primer teniente de alcalde y concejal de Desarrollo Econ\u00f3mico Sostenible, Joan","canonical_url":"https:\/\/eldigitaldeasturias.com\/magazine365\/la-oficina-de-turismo-del-ayuntamiento-de-valencia-se-traslada-al-edificio-municipal\/","robots":"max-image-preview:large","keywords":"noticias y actualidad","webmasterTools":{"google-site-verification":"UA-38556648-1","miscellaneous":""},"schema":{"@context":"https:\/\/schema.org","@graph":[{"@type":"Article","@id":"https:\/\/eldigitaldeasturias.com\/magazine365\/la-oficina-de-turismo-del-ayuntamiento-de-valencia-se-traslada-al-edificio-municipal\/#article","name":"La Oficina de Turismo del Ayuntamiento de Valencia se traslada al edificio municipal | El Digital de Asturias","headline":"La Oficina de Turismo del Ayuntamiento de Valencia se traslada al edificio municipal","author":{"@id":"https:\/\/eldigitaldeasturias.com\/magazine365\/author\/admin\/#author"},"publisher":{"@id":"https:\/\/eldigitaldeasturias.com\/magazine365\/#organization"},"image":{"@type":"ImageObject","url":"https:\/\/eldigitaldeasturias.com\/magazine365\/wp-content\/uploads\/2016\/05\/fotonoticia_20160505172934_800.jpg","width":800,"height":600},"datePublished":"2016-05-10T17:04:59+02:00","dateModified":"2016-05-10T17:04:59+02:00","inLanguage":"es-ES","mainEntityOfPage":{"@id":"https:\/\/eldigitaldeasturias.com\/magazine365\/la-oficina-de-turismo-del-ayuntamiento-de-valencia-se-traslada-al-edificio-municipal\/#webpage"},"isPartOf":{"@id":"https:\/\/eldigitaldeasturias.com\/magazine365\/la-oficina-de-turismo-del-ayuntamiento-de-valencia-se-traslada-al-edificio-municipal\/#webpage"},"articleSection":"Noticias y Actualidad"},{"@type":"BreadcrumbList","@id":"https:\/\/eldigitaldeasturias.com\/magazine365\/la-oficina-de-turismo-del-ayuntamiento-de-valencia-se-traslada-al-edificio-municipal\/#breadcrumblist","itemListElement":[{"@type":"ListItem","@id":"https:\/\/eldigitaldeasturias.com\/magazine365#listItem","position":1,"name":"Home","item":"https:\/\/eldigitaldeasturias.com\/magazine365","nextItem":{"@type":"ListItem","@id":"https:\/\/eldigitaldeasturias.com\/magazine365\/category\/noticias-actualidad\/#listItem","name":"Noticias y Actualidad"}},{"@type":"ListItem","@id":"https:\/\/eldigitaldeasturias.com\/magazine365\/category\/noticias-actualidad\/#listItem","position":2,"name":"Noticias y Actualidad","item":"https:\/\/eldigitaldeasturias.com\/magazine365\/category\/noticias-actualidad\/","nextItem":{"@type":"ListItem","@id":"https:\/\/eldigitaldeasturias.com\/magazine365\/la-oficina-de-turismo-del-ayuntamiento-de-valencia-se-traslada-al-edificio-municipal\/#listItem","name":"La Oficina de Turismo del Ayuntamiento de Valencia se traslada al edificio municipal"},"previousItem":{"@type":"ListItem","@id":"https:\/\/eldigitaldeasturias.com\/magazine365#listItem","name":"Home"}},{"@type":"ListItem","@id":"https:\/\/eldigitaldeasturias.com\/magazine365\/la-oficina-de-turismo-del-ayuntamiento-de-valencia-se-traslada-al-edificio-municipal\/#listItem","position":3,"name":"La Oficina de Turismo del Ayuntamiento de Valencia se traslada al edificio municipal","previousItem":{"@type":"ListItem","@id":"https:\/\/eldigitaldeasturias.com\/magazine365\/category\/noticias-actualidad\/#listItem","name":"Noticias y Actualidad"}}]},{"@type":"Organization","@id":"https:\/\/eldigitaldeasturias.com\/magazine365\/#organization","name":"El digital de Asturias","description":"Revista de ocio, turismo y estilo de vida","url":"https:\/\/eldigitaldeasturias.com\/magazine365\/","logo":{"@type":"ImageObject","url":"https:\/\/www.eldigitaldeasturias.com\/noticias\/wp-content\/uploads\/2020\/12\/EDA.jpg","@id":"https:\/\/eldigitaldeasturias.com\/magazine365\/la-oficina-de-turismo-del-ayuntamiento-de-valencia-se-traslada-al-edificio-municipal\/#organizationLogo"},"image":{"@id":"https:\/\/eldigitaldeasturias.com\/magazine365\/la-oficina-de-turismo-del-ayuntamiento-de-valencia-se-traslada-al-edificio-municipal\/#organizationLogo"}},{"@type":"Person","@id":"https:\/\/eldigitaldeasturias.com\/magazine365\/author\/admin\/#author","url":"https:\/\/eldigitaldeasturias.com\/magazine365\/author\/admin\/","name":"admin","image":{"@type":"ImageObject","@id":"https:\/\/eldigitaldeasturias.com\/magazine365\/la-oficina-de-turismo-del-ayuntamiento-de-valencia-se-traslada-al-edificio-municipal\/#authorImage","url":"https:\/\/eldigitaldeasturias.com\/magazine365\/wp-content\/litespeed\/avatar\/e571bcf59a0edd6fa6838245a470f2fe.jpg?ver=1777574230","width":96,"height":96,"caption":"admin"}},{"@type":"WebPage","@id":"https:\/\/eldigitaldeasturias.com\/magazine365\/la-oficina-de-turismo-del-ayuntamiento-de-valencia-se-traslada-al-edificio-municipal\/#webpage","url":"https:\/\/eldigitaldeasturias.com\/magazine365\/la-oficina-de-turismo-del-ayuntamiento-de-valencia-se-traslada-al-edificio-municipal\/","name":"La Oficina de Turismo del Ayuntamiento de Valencia se traslada al edificio municipal | El Digital de Asturias","description":"La Oficina de Turismo del Ayuntamiento de Valencia ha abierto sus puertas este jueves en una nueva ubicaci\u00f3n, en el propio edificio municipal, con el objetivo de \"mejorar la atenci\u00f3n e informaci\u00f3n\" a los visitantes, seg\u00fan ha informado el consistorio en un comunicado. El primer teniente de alcalde y concejal de Desarrollo Econ\u00f3mico Sostenible, Joan","inLanguage":"es-ES","isPartOf":{"@id":"https:\/\/eldigitaldeasturias.com\/magazine365\/#website"},"breadcrumb":{"@id":"https:\/\/eldigitaldeasturias.com\/magazine365\/la-oficina-de-turismo-del-ayuntamiento-de-valencia-se-traslada-al-edificio-municipal\/#breadcrumblist"},"author":{"@id":"https:\/\/eldigitaldeasturias.com\/magazine365\/author\/admin\/#author"},"creator":{"@id":"https:\/\/eldigitaldeasturias.com\/magazine365\/author\/admin\/#author"},"image":{"@type":"ImageObject","url":"https:\/\/eldigitaldeasturias.com\/magazine365\/wp-content\/uploads\/2016\/05\/fotonoticia_20160505172934_800.jpg","@id":"https:\/\/eldigitaldeasturias.com\/magazine365\/la-oficina-de-turismo-del-ayuntamiento-de-valencia-se-traslada-al-edificio-municipal\/#mainImage","width":800,"height":600},"primaryImageOfPage":{"@id":"https:\/\/eldigitaldeasturias.com\/magazine365\/la-oficina-de-turismo-del-ayuntamiento-de-valencia-se-traslada-al-edificio-municipal\/#mainImage"},"datePublished":"2016-05-10T17:04:59+02:00","dateModified":"2016-05-10T17:04:59+02:00"},{"@type":"WebSite","@id":"https:\/\/eldigitaldeasturias.com\/magazine365\/#website","url":"https:\/\/eldigitaldeasturias.com\/magazine365\/","name":"El Digital de Asturias","description":"Revista de ocio, turismo y estilo de vida","inLanguage":"es-ES","publisher":{"@id":"https:\/\/eldigitaldeasturias.com\/magazine365\/#organization"}}]},"og:locale":"es_ES","og:site_name":"El Digital de Asturias \u2013 Revista de ocio, turismo y estilo de vida","og:type":"article","og:title":"La Oficina de Turismo del Ayuntamiento de Valencia se traslada al edificio municipal | El Digital de Asturias","og:description":"La Oficina de Turismo del Ayuntamiento de Valencia ha abierto sus puertas este jueves en una nueva ubicaci\u00f3n, en el propio edificio municipal, con el objetivo de &quot;mejorar la atenci\u00f3n e informaci\u00f3n&quot; a los visitantes, seg\u00fan ha informado el consistorio en un comunicado. El primer teniente de alcalde y concejal de Desarrollo Econ\u00f3mico Sostenible, Joan","og:url":"https:\/\/eldigitaldeasturias.com\/magazine365\/la-oficina-de-turismo-del-ayuntamiento-de-valencia-se-traslada-al-edificio-municipal\/","og:image":"https:\/\/eldigitaldeasturias.com\/magazine365\/wp-content\/uploads\/2016\/05\/fotonoticia_20160505172934_800.jpg","og:image:secure_url":"https:\/\/eldigitaldeasturias.com\/magazine365\/wp-content\/uploads\/2016\/05\/fotonoticia_20160505172934_800.jpg","og:image:width":800,"og:image:height":600,"article:published_time":"2016-05-10T15:04:59+00:00","article:modified_time":"2016-05-10T15:04:59+00:00","twitter:card":"summary_large_image","twitter:title":"La Oficina de Turismo del Ayuntamiento de Valencia se traslada al edificio municipal | El Digital de Asturias","twitter:description":"La Oficina de Turismo del Ayuntamiento de Valencia ha abierto sus puertas este jueves en una nueva ubicaci\u00f3n, en el propio edificio municipal, con el objetivo de &quot;mejorar la atenci\u00f3n e informaci\u00f3n&quot; a los visitantes, seg\u00fan ha informado el consistorio en un comunicado. El primer teniente de alcalde y concejal de Desarrollo Econ\u00f3mico Sostenible, Joan","twitter:image":"https:\/\/eldigitaldeasturias.com\/magazine365\/wp-content\/uploads\/2016\/05\/fotonoticia_20160505172934_800.jpg"},"aioseo_meta_data":{"post_id":"76131","title":null,"description":null,"keywords":null,"keyphrases":null,"primary_term":null,"canonical_url":null,"og_title":null,"og_description":null,"og_object_type":"default","og_image_type":"default","og_image_url":null,"og_image_width":null,"og_image_height":null,"og_image_custom_url":null,"og_image_custom_fields":null,"og_video":null,"og_custom_url":null,"og_article_section":null,"og_article_tags":null,"twitter_use_og":false,"twitter_card":"default","twitter_image_type":"default","twitter_image_url":null,"twitter_image_custom_url":null,"twitter_image_custom_fields":null,"twitter_title":null,"twitter_description":null,"schema":{"blockGraphs":[],"customGraphs":[],"default":{"data":{"Article":[],"Course":[],"Dataset":[],"FAQPage":[],"Movie":[],"Person":[],"Product":[],"ProductReview":[],"Car":[],"Recipe":[],"Service":[],"SoftwareApplication":[],"WebPage":[]},"graphName":"","isEnabled":true},"graphs":[],"defaultGraph":"","defaultPostTypeGraph":""},"schema_type":null,"schema_type_options":null,"pillar_content":false,"robots_default":true,"robots_noindex":false,"robots_noarchive":false,"robots_nosnippet":false,"robots_nofollow":false,"robots_noimageindex":false,"robots_noodp":false,"robots_notranslate":false,"robots_max_snippet":null,"robots_max_videopreview":null,"robots_max_imagepreview":"large","priority":null,"frequency":null,"location":null,"local_seo":null,"seo_analyzer_scan_date":"2025-09-27 11:55:50","breadcrumb_settings":null,"limit_modified_date":false,"open_ai":null,"ai":null,"created":"2021-03-08 18:31:46","updated":"2025-09-27 11:55:50"},"aioseo_breadcrumb":"<div class=\"aioseo-breadcrumbs\"><span class=\"aioseo-breadcrumb\">\n\t<a href=\"https:\/\/eldigitaldeasturias.com\/magazine365\" title=\"Home\">Home<\/a>\n<\/span><span class=\"aioseo-breadcrumb-separator\">\u2013<\/span><span class=\"aioseo-breadcrumb\">\n\t<a href=\"https:\/\/eldigitaldeasturias.com\/magazine365\/category\/noticias-actualidad\/\" title=\"Noticias y Actualidad\">Noticias y Actualidad<\/a>\n<\/span><span class=\"aioseo-breadcrumb-separator\">\u2013<\/span><span class=\"aioseo-breadcrumb\">\n\t<a href=\"https:\/\/eldigitaldeasturias.com\/magazine365\/la-oficina-de-turismo-del-ayuntamiento-de-valencia-se-traslada-al-edificio-municipal\/\" title=\"La Oficina de Turismo del Ayuntamiento de Valencia se traslada al edificio municipal\">La Oficina de Turismo del Ayuntamiento de Valencia se traslada al edificio municipal<\/a>\n<\/span><\/div>","aioseo_breadcrumb_json":[{"label":"Home","link":"https:\/\/eldigitaldeasturias.com\/magazine365"},{"label":"Noticias y Actualidad","link":"https:\/\/eldigitaldeasturias.com\/magazine365\/category\/noticias-actualidad\/"},{"label":"La Oficina de Turismo del Ayuntamiento de Valencia se traslada al edificio municipal","link":"https:\/\/eldigitaldeasturias.com\/magazine365\/la-oficina-de-turismo-del-ayuntamiento-de-valencia-se-traslada-al-edificio-municipal\/"}],"_links":{"self":[{"href":"https:\/\/eldigitaldeasturias.com\/magazine365\/wp-json\/wp\/v2\/posts\/76131","targetHints":{"allow":["GET"]}}],"collection":[{"href":"https:\/\/eldigitaldeasturias.com\/magazine365\/wp-json\/wp\/v2\/posts"}],"about":[{"href":"https:\/\/eldigitaldeasturias.com\/magazine365\/wp-json\/wp\/v2\/types\/post"}],"author":[{"embeddable":true,"href":"https:\/\/eldigitaldeasturias.com\/magazine365\/wp-json\/wp\/v2\/users\/1"}],"replies":[{"embeddable":true,"href":"https:\/\/eldigitaldeasturias.com\/magazine365\/wp-json\/wp\/v2\/comments?post=76131"}],"version-history":[{"count":0,"href":"https:\/\/eldigitaldeasturias.com\/magazine365\/wp-json\/wp\/v2\/posts\/76131\/revisions"}],"wp:featuredmedia":[{"embeddable":true,"href":"https:\/\/eldigitaldeasturias.com\/magazine365\/wp-json\/wp\/v2\/media\/76132"}],"wp:attachment":[{"href":"https:\/\/eldigitaldeasturias.com\/magazine365\/wp-json\/wp\/v2\/media?parent=76131"}],"wp:term":[{"taxonomy":"category","embeddable":true,"href":"https:\/\/eldigitaldeasturias.com\/magazine365\/wp-json\/wp\/v2\/categories?post=76131"},{"taxonomy":"post_tag","embeddable":true,"href":"https:\/\/eldigitaldeasturias.com\/magazine365\/wp-json\/wp\/v2\/tags?post=76131"}],"curies":[{"name":"wp","href":"https:\/\/api.w.org\/{rel}","templated":true}]}}