{"id":76122,"date":"2016-05-10T16:48:19","date_gmt":"2016-05-10T14:48:19","guid":{"rendered":"http:\/\/eldigitaldeasturias.com\/magazine365\/?p=76122"},"modified":"2016-05-10T16:48:19","modified_gmt":"2016-05-10T14:48:19","slug":"el-pp-a-exige-a-la-junta-que-diga-cuando-terminaran-las-obras-del-palacio-de-congresos-de-cordoba","status":"publish","type":"post","link":"https:\/\/eldigitaldeasturias.com\/magazine365\/el-pp-a-exige-a-la-junta-que-diga-cuando-terminaran-las-obras-del-palacio-de-congresos-de-cordoba\/","title":{"rendered":"El PP-A exige a la Junta que diga cu\u00e1ndo terminar\u00e1n las obras del Palacio de Congresos de C\u00f3rdoba"},"content":{"rendered":"<p><img fetchpriority=\"high\" decoding=\"async\" class=\"alignleft size-medium wp-image-76123\" src=\"https:\/\/eldigitaldeasturias.com\/magazine365\/wp-content\/uploads\/2016\/05\/fotonoticia_20160505161435_800-360x270.jpg\" alt=\"fotonoticia_20160505161435_800\" width=\"360\" height=\"270\" srcset=\"https:\/\/eldigitaldeasturias.com\/magazine365\/wp-content\/uploads\/2016\/05\/fotonoticia_20160505161435_800-360x270.jpg 360w, https:\/\/eldigitaldeasturias.com\/magazine365\/wp-content\/uploads\/2016\/05\/fotonoticia_20160505161435_800-650x488.jpg 650w, https:\/\/eldigitaldeasturias.com\/magazine365\/wp-content\/uploads\/2016\/05\/fotonoticia_20160505161435_800-768x576.jpg 768w, https:\/\/eldigitaldeasturias.com\/magazine365\/wp-content\/uploads\/2016\/05\/fotonoticia_20160505161435_800-150x113.jpg 150w, https:\/\/eldigitaldeasturias.com\/magazine365\/wp-content\/uploads\/2016\/05\/fotonoticia_20160505161435_800-450x338.jpg 450w, https:\/\/eldigitaldeasturias.com\/magazine365\/wp-content\/uploads\/2016\/05\/fotonoticia_20160505161435_800-90x67.jpg 90w, https:\/\/eldigitaldeasturias.com\/magazine365\/wp-content\/uploads\/2016\/05\/fotonoticia_20160505161435_800-164x124.jpg 164w, https:\/\/eldigitaldeasturias.com\/magazine365\/wp-content\/uploads\/2016\/05\/fotonoticia_20160505161435_800-100x75.jpg 100w, https:\/\/eldigitaldeasturias.com\/magazine365\/wp-content\/uploads\/2016\/05\/fotonoticia_20160505161435_800.jpg 800w\" sizes=\"(max-width: 360px) 100vw, 360px\" \/>La portavoz del Grupo Parlamentario Popular andaluz, Carmen Crespo, y el presidente del PP de C\u00f3rdoba, Jos\u00e9 Antonio Nieto, han exigido este jueves a la Junta de Andaluc\u00eda que ponga fecha a la terminaci\u00f3n de las obras de reforma del Palacio de Congresos de la calle Torrijos, al tiempo que criticado que el retraso acumulado de tres a\u00f1os \u00abafecta a la ciudad y no tiene ninguna justificaci\u00f3n\u00bb.<\/p>\n<p>En declaraciones a los periodistas, acompa\u00f1ados de parlamentarios del PP regional, Crespo ha anunciado que reclamar\u00e1n al Gobierno andaluz en el Parlamento que \u00abdiga cu\u00e1ndo y c\u00f3mo retomar\u00e1 las obras de reforma, mostrando as\u00ed su compromiso con C\u00f3rdoba\u00bb.<\/p>\n<p>Para la portavoz popular, \u00abhace falta un compromiso real de la Junta con C\u00f3rdoba que hoy no existe, tal y como lo demuestra la cantidad de infraestructuras pendientes que el Gobierno andaluz tiene en la provincia y que ni siquiera aparecen en los presupuestos auton\u00f3micos\u00bb.<\/p>\n<p>Mientras, Nieto ha advertido de que \u00abel retraso en la apertura del Palacio de Congresos provoca una p\u00e9rdida de capacidad en uno de los sectores del turismo que m\u00e1s recursos dejan, como es el de congresos, y la Junta a\u00fan no sabe ni una fecha aproximada de terminaci\u00f3n de la obra\u00bb.<\/p>\n<p>\u00abEst\u00e1 demostrado que la relaci\u00f3n de gasto por congresista es m\u00e1s alta que la de cualquier visitante, adem\u00e1s de servir para luchar contra la estacionalidad que sufre el sector en C\u00f3rdoba\u00bb, ha subrayado Nieto, quien ha recordado que \u00abla p\u00e9rdida en estos tres a\u00f1os de retraso supera los 16 millones de euros\u00bb.<\/p>\n<p><strong>EL IMPULSO DEL CEFC<\/strong><\/p>\n<p>Seg\u00fan ha defendido, \u00abel turismo de congresos requiere espacios para desarrollarse\u00bb, como el Centro de Exposiciones, Ferias y Convenciones (CEFC) \u00abimpulsado por el anterior gobierno municipal del PP y que va a permitir a C\u00f3rdoba entrar en un sector importante como el de las grandes convenciones, ferias y congresos\u00bb, ha valorado Nieto.<\/p>\n<p>Sin embargo, ha aclarado que el Centro de Exposiciones, Ferias y Convenciones \u00abno puede ser sustitutivo del Palacio de Congresos\u00bb, dado que \u00abel 98% de los congresos que se celebran en Andaluc\u00eda son ligeramente inferiores a las mil personas, por lo que se necesita este espacio ya abierto\u00bb.<\/p>\n<p>A su juicio, \u00abel Gobierno andaluz debe explicar qu\u00e9 va a pasar con el Palacio de congresos, qu\u00e9 pasa sobre la gesti\u00f3n realizada por la anterior empresa y cu\u00e1ndo van a disponer los cordobeses de este equipamiento\u00bb, ha enfatizado el popular.<\/p>\n<p>Por otra parte, Crespo ha elogiado el trabajo de \u00ablos diputados auton\u00f3micos del PP por C\u00f3rdoba\u00bb, de hecho ha indicado que llevar\u00e1n una pregunta oral al Parlamento sobre la residencia de mayores del Parque Figueroa, sobre \u00abqu\u00e9 ha pasado con la legionella\u00bb en la misma y \u00abcu\u00e1ndo se van a hacer obras\u00bb en las instalaciones.<\/p>\n<p><strong>\u00abEL RIESGO\u00bb EN LOS PATIOS<\/strong><\/p>\n<p>En otro orden de cosas, sobre la gesti\u00f3n de la Fiesta de los Patios por el actual gobierno municipal, Nieto considera que dicho gobierno \u00abcada vez tiene menos excusas para justificar lo injustificable\u00bb, porque este evento, \u00abcomplejo y tremendamente importante\u00bb para la ciudad, \u00ablo han puesto en riesgo hasta el \u00faltimo momento\u00bb, tras \u00abel plante de los cuidadores y propietarios por la actitud del equipo de gobierno y su ineptitud\u00bb.<\/p>\n<p>Asimismo, ha advertido de que se ve \u00abc\u00f3mo se han gestionado y se gestionan mal proyectos importante para C\u00f3rdoba, como el Plan Tur\u00edstico de Grandes Ciudades, que se retrasa sin ninguna justificaci\u00f3n y que ya no cuela echarle la culpa al anterior gobierno\u00bb.<\/p>\n<p>En su opini\u00f3n, \u00abel desgobierno es fruto de la falta de cohesi\u00f3n interna, de la falta de preparaci\u00f3n de los concejales y de la falta de un programa com\u00fan\u00bb, a lo que ha a\u00f1adido que \u00abno hay capacidad para gobernar\u00bb y ello \u00abse nota de manera inmediata\u00bb. Por ello, ha dicho que conf\u00eda en que \u00abaprendan de una vez por todas a gestionar\u00bb, aunque cree que \u00ablo que va a ocurrir es que se van a terminar estos cuatro a\u00f1os y van a seguir sin enterarse de que es gobernar un ayuntamiento\u00bb.<\/p>\n","protected":false},"excerpt":{"rendered":"<p>La portavoz del Grupo Parlamentario Popular andaluz, Carmen Crespo, y el presidente del PP de C\u00f3rdoba, Jos\u00e9 Antonio Nieto, han exigido este jueves a la Junta de Andaluc\u00eda que ponga fecha a la terminaci\u00f3n de las obras de reforma del Palacio de Congresos de la calle Torrijos, al tiempo que criticado que el retraso acumulado<\/p>\n","protected":false},"author":1,"featured_media":76123,"comment_status":"open","ping_status":"closed","sticky":false,"template":"","format":"standard","meta":{"footnotes":""},"categories":[224],"tags":[],"class_list":{"0":"post-76122","1":"post","2":"type-post","3":"status-publish","4":"format-standard","5":"has-post-thumbnail","7":"category-noticias-actualidad"},"aioseo_notices":[],"aioseo_head":"\n\t\t<!-- All in One SEO Pro 4.9.6.1 - aioseo.com -->\n\t<meta name=\"description\" content=\"La portavoz del Grupo Parlamentario Popular andaluz, Carmen Crespo, y el presidente del PP de C\u00f3rdoba, Jos\u00e9 Antonio Nieto, han exigido este jueves a la Junta de Andaluc\u00eda que ponga fecha a la terminaci\u00f3n de las obras de reforma del Palacio de Congresos de la calle Torrijos, al tiempo que criticado que el retraso acumulado\" \/>\n\t<meta name=\"robots\" content=\"max-image-preview:large\" \/>\n\t<meta name=\"author\" content=\"admin\"\/>\n\t<meta name=\"google-site-verification\" content=\"UA-38556648-1\" \/>\n\t<meta name=\"keywords\" content=\"noticias y actualidad\" \/>\n\t<link rel=\"canonical\" href=\"https:\/\/eldigitaldeasturias.com\/magazine365\/el-pp-a-exige-a-la-junta-que-diga-cuando-terminaran-las-obras-del-palacio-de-congresos-de-cordoba\/\" \/>\n\t<meta name=\"generator\" content=\"All in One SEO Pro (AIOSEO) 4.9.6.1\" \/>\n\t\t<meta property=\"og:locale\" content=\"es_ES\" \/>\n\t\t<meta property=\"og:site_name\" content=\"El Digital de Asturias \u2013 Revista de ocio, turismo y estilo de vida\" \/>\n\t\t<meta property=\"og:type\" content=\"article\" \/>\n\t\t<meta property=\"og:title\" content=\"El PP-A exige a la Junta que diga cu\u00e1ndo terminar\u00e1n las obras del Palacio de Congresos de C\u00f3rdoba | El Digital de Asturias\" \/>\n\t\t<meta property=\"og:description\" content=\"La portavoz del Grupo Parlamentario Popular andaluz, Carmen Crespo, y el presidente del PP de C\u00f3rdoba, Jos\u00e9 Antonio Nieto, han exigido este jueves a la Junta de Andaluc\u00eda que ponga fecha a la terminaci\u00f3n de las obras de reforma del Palacio de Congresos de la calle Torrijos, al tiempo que criticado que el retraso acumulado\" \/>\n\t\t<meta property=\"og:url\" content=\"https:\/\/eldigitaldeasturias.com\/magazine365\/el-pp-a-exige-a-la-junta-que-diga-cuando-terminaran-las-obras-del-palacio-de-congresos-de-cordoba\/\" \/>\n\t\t<meta property=\"og:image\" content=\"https:\/\/eldigitaldeasturias.com\/magazine365\/wp-content\/uploads\/2016\/05\/fotonoticia_20160505161435_800.jpg\" \/>\n\t\t<meta property=\"og:image:secure_url\" content=\"https:\/\/eldigitaldeasturias.com\/magazine365\/wp-content\/uploads\/2016\/05\/fotonoticia_20160505161435_800.jpg\" \/>\n\t\t<meta property=\"og:image:width\" content=\"800\" \/>\n\t\t<meta property=\"og:image:height\" content=\"600\" \/>\n\t\t<meta property=\"article:published_time\" content=\"2016-05-10T14:48:19+00:00\" \/>\n\t\t<meta property=\"article:modified_time\" content=\"2016-05-10T14:48:19+00:00\" \/>\n\t\t<meta name=\"twitter:card\" content=\"summary_large_image\" \/>\n\t\t<meta name=\"twitter:title\" content=\"El PP-A exige a la Junta que diga cu\u00e1ndo terminar\u00e1n las obras del Palacio de Congresos de C\u00f3rdoba | El Digital de Asturias\" \/>\n\t\t<meta name=\"twitter:description\" content=\"La portavoz del Grupo Parlamentario Popular andaluz, Carmen Crespo, y el presidente del PP de C\u00f3rdoba, Jos\u00e9 Antonio Nieto, han exigido este jueves a la Junta de Andaluc\u00eda que ponga fecha a la terminaci\u00f3n de las obras de reforma del Palacio de Congresos de la calle Torrijos, al tiempo que criticado que el retraso acumulado\" \/>\n\t\t<meta name=\"twitter:image\" content=\"https:\/\/eldigitaldeasturias.com\/magazine365\/wp-content\/uploads\/2016\/05\/fotonoticia_20160505161435_800.jpg\" \/>\n\t\t<script type=\"application\/ld+json\" class=\"aioseo-schema\">\n\t\t\t{\"@context\":\"https:\\\/\\\/schema.org\",\"@graph\":[{\"@type\":\"Article\",\"@id\":\"https:\\\/\\\/eldigitaldeasturias.com\\\/magazine365\\\/el-pp-a-exige-a-la-junta-que-diga-cuando-terminaran-las-obras-del-palacio-de-congresos-de-cordoba\\\/#article\",\"name\":\"El PP-A exige a la Junta que diga cu\\u00e1ndo terminar\\u00e1n las obras del Palacio de Congresos de C\\u00f3rdoba | El Digital de Asturias\",\"headline\":\"El PP-A exige a la Junta que diga cu\\u00e1ndo terminar\\u00e1n las obras del Palacio de Congresos de C\\u00f3rdoba\",\"author\":{\"@id\":\"https:\\\/\\\/eldigitaldeasturias.com\\\/magazine365\\\/author\\\/admin\\\/#author\"},\"publisher\":{\"@id\":\"https:\\\/\\\/eldigitaldeasturias.com\\\/magazine365\\\/#organization\"},\"image\":{\"@type\":\"ImageObject\",\"url\":\"https:\\\/\\\/eldigitaldeasturias.com\\\/magazine365\\\/wp-content\\\/uploads\\\/2016\\\/05\\\/fotonoticia_20160505161435_800.jpg\",\"width\":800,\"height\":600},\"datePublished\":\"2016-05-10T16:48:19+02:00\",\"dateModified\":\"2016-05-10T16:48:19+02:00\",\"inLanguage\":\"es-ES\",\"mainEntityOfPage\":{\"@id\":\"https:\\\/\\\/eldigitaldeasturias.com\\\/magazine365\\\/el-pp-a-exige-a-la-junta-que-diga-cuando-terminaran-las-obras-del-palacio-de-congresos-de-cordoba\\\/#webpage\"},\"isPartOf\":{\"@id\":\"https:\\\/\\\/eldigitaldeasturias.com\\\/magazine365\\\/el-pp-a-exige-a-la-junta-que-diga-cuando-terminaran-las-obras-del-palacio-de-congresos-de-cordoba\\\/#webpage\"},\"articleSection\":\"Noticias y Actualidad\"},{\"@type\":\"BreadcrumbList\",\"@id\":\"https:\\\/\\\/eldigitaldeasturias.com\\\/magazine365\\\/el-pp-a-exige-a-la-junta-que-diga-cuando-terminaran-las-obras-del-palacio-de-congresos-de-cordoba\\\/#breadcrumblist\",\"itemListElement\":[{\"@type\":\"ListItem\",\"@id\":\"https:\\\/\\\/eldigitaldeasturias.com\\\/magazine365#listItem\",\"position\":1,\"name\":\"Home\",\"item\":\"https:\\\/\\\/eldigitaldeasturias.com\\\/magazine365\",\"nextItem\":{\"@type\":\"ListItem\",\"@id\":\"https:\\\/\\\/eldigitaldeasturias.com\\\/magazine365\\\/category\\\/noticias-actualidad\\\/#listItem\",\"name\":\"Noticias y Actualidad\"}},{\"@type\":\"ListItem\",\"@id\":\"https:\\\/\\\/eldigitaldeasturias.com\\\/magazine365\\\/category\\\/noticias-actualidad\\\/#listItem\",\"position\":2,\"name\":\"Noticias y Actualidad\",\"item\":\"https:\\\/\\\/eldigitaldeasturias.com\\\/magazine365\\\/category\\\/noticias-actualidad\\\/\",\"nextItem\":{\"@type\":\"ListItem\",\"@id\":\"https:\\\/\\\/eldigitaldeasturias.com\\\/magazine365\\\/el-pp-a-exige-a-la-junta-que-diga-cuando-terminaran-las-obras-del-palacio-de-congresos-de-cordoba\\\/#listItem\",\"name\":\"El PP-A exige a la Junta que diga cu\\u00e1ndo terminar\\u00e1n las obras del Palacio de Congresos de C\\u00f3rdoba\"},\"previousItem\":{\"@type\":\"ListItem\",\"@id\":\"https:\\\/\\\/eldigitaldeasturias.com\\\/magazine365#listItem\",\"name\":\"Home\"}},{\"@type\":\"ListItem\",\"@id\":\"https:\\\/\\\/eldigitaldeasturias.com\\\/magazine365\\\/el-pp-a-exige-a-la-junta-que-diga-cuando-terminaran-las-obras-del-palacio-de-congresos-de-cordoba\\\/#listItem\",\"position\":3,\"name\":\"El PP-A exige a la Junta que diga cu\\u00e1ndo terminar\\u00e1n las obras del Palacio de Congresos de C\\u00f3rdoba\",\"previousItem\":{\"@type\":\"ListItem\",\"@id\":\"https:\\\/\\\/eldigitaldeasturias.com\\\/magazine365\\\/category\\\/noticias-actualidad\\\/#listItem\",\"name\":\"Noticias y Actualidad\"}}]},{\"@type\":\"Organization\",\"@id\":\"https:\\\/\\\/eldigitaldeasturias.com\\\/magazine365\\\/#organization\",\"name\":\"El digital de Asturias\",\"description\":\"Revista de ocio, turismo y estilo de vida\",\"url\":\"https:\\\/\\\/eldigitaldeasturias.com\\\/magazine365\\\/\",\"logo\":{\"@type\":\"ImageObject\",\"url\":\"https:\\\/\\\/www.eldigitaldeasturias.com\\\/noticias\\\/wp-content\\\/uploads\\\/2020\\\/12\\\/EDA.jpg\",\"@id\":\"https:\\\/\\\/eldigitaldeasturias.com\\\/magazine365\\\/el-pp-a-exige-a-la-junta-que-diga-cuando-terminaran-las-obras-del-palacio-de-congresos-de-cordoba\\\/#organizationLogo\"},\"image\":{\"@id\":\"https:\\\/\\\/eldigitaldeasturias.com\\\/magazine365\\\/el-pp-a-exige-a-la-junta-que-diga-cuando-terminaran-las-obras-del-palacio-de-congresos-de-cordoba\\\/#organizationLogo\"}},{\"@type\":\"Person\",\"@id\":\"https:\\\/\\\/eldigitaldeasturias.com\\\/magazine365\\\/author\\\/admin\\\/#author\",\"url\":\"https:\\\/\\\/eldigitaldeasturias.com\\\/magazine365\\\/author\\\/admin\\\/\",\"name\":\"admin\",\"image\":{\"@type\":\"ImageObject\",\"@id\":\"https:\\\/\\\/eldigitaldeasturias.com\\\/magazine365\\\/el-pp-a-exige-a-la-junta-que-diga-cuando-terminaran-las-obras-del-palacio-de-congresos-de-cordoba\\\/#authorImage\",\"url\":\"https:\\\/\\\/eldigitaldeasturias.com\\\/magazine365\\\/wp-content\\\/litespeed\\\/avatar\\\/e571bcf59a0edd6fa6838245a470f2fe.jpg?ver=1777574230\",\"width\":96,\"height\":96,\"caption\":\"admin\"}},{\"@type\":\"WebPage\",\"@id\":\"https:\\\/\\\/eldigitaldeasturias.com\\\/magazine365\\\/el-pp-a-exige-a-la-junta-que-diga-cuando-terminaran-las-obras-del-palacio-de-congresos-de-cordoba\\\/#webpage\",\"url\":\"https:\\\/\\\/eldigitaldeasturias.com\\\/magazine365\\\/el-pp-a-exige-a-la-junta-que-diga-cuando-terminaran-las-obras-del-palacio-de-congresos-de-cordoba\\\/\",\"name\":\"El PP-A exige a la Junta que diga cu\\u00e1ndo terminar\\u00e1n las obras del Palacio de Congresos de C\\u00f3rdoba | El Digital de Asturias\",\"description\":\"La portavoz del Grupo Parlamentario Popular andaluz, Carmen Crespo, y el presidente del PP de C\\u00f3rdoba, Jos\\u00e9 Antonio Nieto, han exigido este jueves a la Junta de Andaluc\\u00eda que ponga fecha a la terminaci\\u00f3n de las obras de reforma del Palacio de Congresos de la calle Torrijos, al tiempo que criticado que el retraso acumulado\",\"inLanguage\":\"es-ES\",\"isPartOf\":{\"@id\":\"https:\\\/\\\/eldigitaldeasturias.com\\\/magazine365\\\/#website\"},\"breadcrumb\":{\"@id\":\"https:\\\/\\\/eldigitaldeasturias.com\\\/magazine365\\\/el-pp-a-exige-a-la-junta-que-diga-cuando-terminaran-las-obras-del-palacio-de-congresos-de-cordoba\\\/#breadcrumblist\"},\"author\":{\"@id\":\"https:\\\/\\\/eldigitaldeasturias.com\\\/magazine365\\\/author\\\/admin\\\/#author\"},\"creator\":{\"@id\":\"https:\\\/\\\/eldigitaldeasturias.com\\\/magazine365\\\/author\\\/admin\\\/#author\"},\"image\":{\"@type\":\"ImageObject\",\"url\":\"https:\\\/\\\/eldigitaldeasturias.com\\\/magazine365\\\/wp-content\\\/uploads\\\/2016\\\/05\\\/fotonoticia_20160505161435_800.jpg\",\"@id\":\"https:\\\/\\\/eldigitaldeasturias.com\\\/magazine365\\\/el-pp-a-exige-a-la-junta-que-diga-cuando-terminaran-las-obras-del-palacio-de-congresos-de-cordoba\\\/#mainImage\",\"width\":800,\"height\":600},\"primaryImageOfPage\":{\"@id\":\"https:\\\/\\\/eldigitaldeasturias.com\\\/magazine365\\\/el-pp-a-exige-a-la-junta-que-diga-cuando-terminaran-las-obras-del-palacio-de-congresos-de-cordoba\\\/#mainImage\"},\"datePublished\":\"2016-05-10T16:48:19+02:00\",\"dateModified\":\"2016-05-10T16:48:19+02:00\"},{\"@type\":\"WebSite\",\"@id\":\"https:\\\/\\\/eldigitaldeasturias.com\\\/magazine365\\\/#website\",\"url\":\"https:\\\/\\\/eldigitaldeasturias.com\\\/magazine365\\\/\",\"name\":\"El Digital de Asturias\",\"description\":\"Revista de ocio, turismo y estilo de vida\",\"inLanguage\":\"es-ES\",\"publisher\":{\"@id\":\"https:\\\/\\\/eldigitaldeasturias.com\\\/magazine365\\\/#organization\"}}]}\n\t\t<\/script>\n\t\t<!-- All in One SEO Pro -->\r\n\t\t<title>El PP-A exige a la Junta que diga cu\u00e1ndo terminar\u00e1n las obras del Palacio de Congresos de C\u00f3rdoba | El Digital de Asturias<\/title>\n\n","aioseo_head_json":{"title":"El PP-A exige a la Junta que diga cu\u00e1ndo terminar\u00e1n las obras del Palacio de Congresos de C\u00f3rdoba | El Digital de Asturias","description":"La portavoz del Grupo Parlamentario Popular andaluz, Carmen Crespo, y el presidente del PP de C\u00f3rdoba, Jos\u00e9 Antonio Nieto, han exigido este jueves a la Junta de Andaluc\u00eda que ponga fecha a la terminaci\u00f3n de las obras de reforma del Palacio de Congresos de la calle Torrijos, al tiempo que criticado que el retraso acumulado","canonical_url":"https:\/\/eldigitaldeasturias.com\/magazine365\/el-pp-a-exige-a-la-junta-que-diga-cuando-terminaran-las-obras-del-palacio-de-congresos-de-cordoba\/","robots":"max-image-preview:large","keywords":"noticias y actualidad","webmasterTools":{"google-site-verification":"UA-38556648-1","miscellaneous":""},"schema":{"@context":"https:\/\/schema.org","@graph":[{"@type":"Article","@id":"https:\/\/eldigitaldeasturias.com\/magazine365\/el-pp-a-exige-a-la-junta-que-diga-cuando-terminaran-las-obras-del-palacio-de-congresos-de-cordoba\/#article","name":"El PP-A exige a la Junta que diga cu\u00e1ndo terminar\u00e1n las obras del Palacio de Congresos de C\u00f3rdoba | El Digital de Asturias","headline":"El PP-A exige a la Junta que diga cu\u00e1ndo terminar\u00e1n las obras del Palacio de Congresos de C\u00f3rdoba","author":{"@id":"https:\/\/eldigitaldeasturias.com\/magazine365\/author\/admin\/#author"},"publisher":{"@id":"https:\/\/eldigitaldeasturias.com\/magazine365\/#organization"},"image":{"@type":"ImageObject","url":"https:\/\/eldigitaldeasturias.com\/magazine365\/wp-content\/uploads\/2016\/05\/fotonoticia_20160505161435_800.jpg","width":800,"height":600},"datePublished":"2016-05-10T16:48:19+02:00","dateModified":"2016-05-10T16:48:19+02:00","inLanguage":"es-ES","mainEntityOfPage":{"@id":"https:\/\/eldigitaldeasturias.com\/magazine365\/el-pp-a-exige-a-la-junta-que-diga-cuando-terminaran-las-obras-del-palacio-de-congresos-de-cordoba\/#webpage"},"isPartOf":{"@id":"https:\/\/eldigitaldeasturias.com\/magazine365\/el-pp-a-exige-a-la-junta-que-diga-cuando-terminaran-las-obras-del-palacio-de-congresos-de-cordoba\/#webpage"},"articleSection":"Noticias y Actualidad"},{"@type":"BreadcrumbList","@id":"https:\/\/eldigitaldeasturias.com\/magazine365\/el-pp-a-exige-a-la-junta-que-diga-cuando-terminaran-las-obras-del-palacio-de-congresos-de-cordoba\/#breadcrumblist","itemListElement":[{"@type":"ListItem","@id":"https:\/\/eldigitaldeasturias.com\/magazine365#listItem","position":1,"name":"Home","item":"https:\/\/eldigitaldeasturias.com\/magazine365","nextItem":{"@type":"ListItem","@id":"https:\/\/eldigitaldeasturias.com\/magazine365\/category\/noticias-actualidad\/#listItem","name":"Noticias y Actualidad"}},{"@type":"ListItem","@id":"https:\/\/eldigitaldeasturias.com\/magazine365\/category\/noticias-actualidad\/#listItem","position":2,"name":"Noticias y Actualidad","item":"https:\/\/eldigitaldeasturias.com\/magazine365\/category\/noticias-actualidad\/","nextItem":{"@type":"ListItem","@id":"https:\/\/eldigitaldeasturias.com\/magazine365\/el-pp-a-exige-a-la-junta-que-diga-cuando-terminaran-las-obras-del-palacio-de-congresos-de-cordoba\/#listItem","name":"El PP-A exige a la Junta que diga cu\u00e1ndo terminar\u00e1n las obras del Palacio de Congresos de C\u00f3rdoba"},"previousItem":{"@type":"ListItem","@id":"https:\/\/eldigitaldeasturias.com\/magazine365#listItem","name":"Home"}},{"@type":"ListItem","@id":"https:\/\/eldigitaldeasturias.com\/magazine365\/el-pp-a-exige-a-la-junta-que-diga-cuando-terminaran-las-obras-del-palacio-de-congresos-de-cordoba\/#listItem","position":3,"name":"El PP-A exige a la Junta que diga cu\u00e1ndo terminar\u00e1n las obras del Palacio de Congresos de C\u00f3rdoba","previousItem":{"@type":"ListItem","@id":"https:\/\/eldigitaldeasturias.com\/magazine365\/category\/noticias-actualidad\/#listItem","name":"Noticias y Actualidad"}}]},{"@type":"Organization","@id":"https:\/\/eldigitaldeasturias.com\/magazine365\/#organization","name":"El digital de Asturias","description":"Revista de ocio, turismo y estilo de vida","url":"https:\/\/eldigitaldeasturias.com\/magazine365\/","logo":{"@type":"ImageObject","url":"https:\/\/www.eldigitaldeasturias.com\/noticias\/wp-content\/uploads\/2020\/12\/EDA.jpg","@id":"https:\/\/eldigitaldeasturias.com\/magazine365\/el-pp-a-exige-a-la-junta-que-diga-cuando-terminaran-las-obras-del-palacio-de-congresos-de-cordoba\/#organizationLogo"},"image":{"@id":"https:\/\/eldigitaldeasturias.com\/magazine365\/el-pp-a-exige-a-la-junta-que-diga-cuando-terminaran-las-obras-del-palacio-de-congresos-de-cordoba\/#organizationLogo"}},{"@type":"Person","@id":"https:\/\/eldigitaldeasturias.com\/magazine365\/author\/admin\/#author","url":"https:\/\/eldigitaldeasturias.com\/magazine365\/author\/admin\/","name":"admin","image":{"@type":"ImageObject","@id":"https:\/\/eldigitaldeasturias.com\/magazine365\/el-pp-a-exige-a-la-junta-que-diga-cuando-terminaran-las-obras-del-palacio-de-congresos-de-cordoba\/#authorImage","url":"https:\/\/eldigitaldeasturias.com\/magazine365\/wp-content\/litespeed\/avatar\/e571bcf59a0edd6fa6838245a470f2fe.jpg?ver=1777574230","width":96,"height":96,"caption":"admin"}},{"@type":"WebPage","@id":"https:\/\/eldigitaldeasturias.com\/magazine365\/el-pp-a-exige-a-la-junta-que-diga-cuando-terminaran-las-obras-del-palacio-de-congresos-de-cordoba\/#webpage","url":"https:\/\/eldigitaldeasturias.com\/magazine365\/el-pp-a-exige-a-la-junta-que-diga-cuando-terminaran-las-obras-del-palacio-de-congresos-de-cordoba\/","name":"El PP-A exige a la Junta que diga cu\u00e1ndo terminar\u00e1n las obras del Palacio de Congresos de C\u00f3rdoba | El Digital de Asturias","description":"La portavoz del Grupo Parlamentario Popular andaluz, Carmen Crespo, y el presidente del PP de C\u00f3rdoba, Jos\u00e9 Antonio Nieto, han exigido este jueves a la Junta de Andaluc\u00eda que ponga fecha a la terminaci\u00f3n de las obras de reforma del Palacio de Congresos de la calle Torrijos, al tiempo que criticado que el retraso acumulado","inLanguage":"es-ES","isPartOf":{"@id":"https:\/\/eldigitaldeasturias.com\/magazine365\/#website"},"breadcrumb":{"@id":"https:\/\/eldigitaldeasturias.com\/magazine365\/el-pp-a-exige-a-la-junta-que-diga-cuando-terminaran-las-obras-del-palacio-de-congresos-de-cordoba\/#breadcrumblist"},"author":{"@id":"https:\/\/eldigitaldeasturias.com\/magazine365\/author\/admin\/#author"},"creator":{"@id":"https:\/\/eldigitaldeasturias.com\/magazine365\/author\/admin\/#author"},"image":{"@type":"ImageObject","url":"https:\/\/eldigitaldeasturias.com\/magazine365\/wp-content\/uploads\/2016\/05\/fotonoticia_20160505161435_800.jpg","@id":"https:\/\/eldigitaldeasturias.com\/magazine365\/el-pp-a-exige-a-la-junta-que-diga-cuando-terminaran-las-obras-del-palacio-de-congresos-de-cordoba\/#mainImage","width":800,"height":600},"primaryImageOfPage":{"@id":"https:\/\/eldigitaldeasturias.com\/magazine365\/el-pp-a-exige-a-la-junta-que-diga-cuando-terminaran-las-obras-del-palacio-de-congresos-de-cordoba\/#mainImage"},"datePublished":"2016-05-10T16:48:19+02:00","dateModified":"2016-05-10T16:48:19+02:00"},{"@type":"WebSite","@id":"https:\/\/eldigitaldeasturias.com\/magazine365\/#website","url":"https:\/\/eldigitaldeasturias.com\/magazine365\/","name":"El Digital de Asturias","description":"Revista de ocio, turismo y estilo de vida","inLanguage":"es-ES","publisher":{"@id":"https:\/\/eldigitaldeasturias.com\/magazine365\/#organization"}}]},"og:locale":"es_ES","og:site_name":"El Digital de Asturias \u2013 Revista de ocio, turismo y estilo de vida","og:type":"article","og:title":"El PP-A exige a la Junta que diga cu\u00e1ndo terminar\u00e1n las obras del Palacio de Congresos de C\u00f3rdoba | El Digital de Asturias","og:description":"La portavoz del Grupo Parlamentario Popular andaluz, Carmen Crespo, y el presidente del PP de C\u00f3rdoba, Jos\u00e9 Antonio Nieto, han exigido este jueves a la Junta de Andaluc\u00eda que ponga fecha a la terminaci\u00f3n de las obras de reforma del Palacio de Congresos de la calle Torrijos, al tiempo que criticado que el retraso acumulado","og:url":"https:\/\/eldigitaldeasturias.com\/magazine365\/el-pp-a-exige-a-la-junta-que-diga-cuando-terminaran-las-obras-del-palacio-de-congresos-de-cordoba\/","og:image":"https:\/\/eldigitaldeasturias.com\/magazine365\/wp-content\/uploads\/2016\/05\/fotonoticia_20160505161435_800.jpg","og:image:secure_url":"https:\/\/eldigitaldeasturias.com\/magazine365\/wp-content\/uploads\/2016\/05\/fotonoticia_20160505161435_800.jpg","og:image:width":800,"og:image:height":600,"article:published_time":"2016-05-10T14:48:19+00:00","article:modified_time":"2016-05-10T14:48:19+00:00","twitter:card":"summary_large_image","twitter:title":"El PP-A exige a la Junta que diga cu\u00e1ndo terminar\u00e1n las obras del Palacio de Congresos de C\u00f3rdoba | El Digital de Asturias","twitter:description":"La portavoz del Grupo Parlamentario Popular andaluz, Carmen Crespo, y el presidente del PP de C\u00f3rdoba, Jos\u00e9 Antonio Nieto, han exigido este jueves a la Junta de Andaluc\u00eda que ponga fecha a la terminaci\u00f3n de las obras de reforma del Palacio de Congresos de la calle Torrijos, al tiempo que criticado que el retraso acumulado","twitter:image":"https:\/\/eldigitaldeasturias.com\/magazine365\/wp-content\/uploads\/2016\/05\/fotonoticia_20160505161435_800.jpg"},"aioseo_meta_data":{"post_id":"76122","title":null,"description":null,"keywords":null,"keyphrases":null,"primary_term":null,"canonical_url":null,"og_title":null,"og_description":null,"og_object_type":"default","og_image_type":"default","og_image_url":null,"og_image_width":null,"og_image_height":null,"og_image_custom_url":null,"og_image_custom_fields":null,"og_video":null,"og_custom_url":null,"og_article_section":null,"og_article_tags":null,"twitter_use_og":false,"twitter_card":"default","twitter_image_type":"default","twitter_image_url":null,"twitter_image_custom_url":null,"twitter_image_custom_fields":null,"twitter_title":null,"twitter_description":null,"schema":{"blockGraphs":[],"customGraphs":[],"default":{"data":{"Article":[],"Course":[],"Dataset":[],"FAQPage":[],"Movie":[],"Person":[],"Product":[],"ProductReview":[],"Car":[],"Recipe":[],"Service":[],"SoftwareApplication":[],"WebPage":[]},"graphName":"","isEnabled":true},"graphs":[],"defaultGraph":"","defaultPostTypeGraph":""},"schema_type":null,"schema_type_options":null,"pillar_content":false,"robots_default":true,"robots_noindex":false,"robots_noarchive":false,"robots_nosnippet":false,"robots_nofollow":false,"robots_noimageindex":false,"robots_noodp":false,"robots_notranslate":false,"robots_max_snippet":null,"robots_max_videopreview":null,"robots_max_imagepreview":"large","priority":null,"frequency":null,"location":null,"local_seo":null,"seo_analyzer_scan_date":"2025-09-27 11:53:57","breadcrumb_settings":null,"limit_modified_date":false,"open_ai":null,"ai":null,"created":"2021-03-08 18:33:02","updated":"2025-09-27 11:53:57"},"aioseo_breadcrumb":"<div class=\"aioseo-breadcrumbs\"><span class=\"aioseo-breadcrumb\">\n\t<a href=\"https:\/\/eldigitaldeasturias.com\/magazine365\" title=\"Home\">Home<\/a>\n<\/span><span class=\"aioseo-breadcrumb-separator\">\u2013<\/span><span class=\"aioseo-breadcrumb\">\n\t<a href=\"https:\/\/eldigitaldeasturias.com\/magazine365\/category\/noticias-actualidad\/\" title=\"Noticias y Actualidad\">Noticias y Actualidad<\/a>\n<\/span><span class=\"aioseo-breadcrumb-separator\">\u2013<\/span><span class=\"aioseo-breadcrumb\">\n\t<a href=\"https:\/\/eldigitaldeasturias.com\/magazine365\/el-pp-a-exige-a-la-junta-que-diga-cuando-terminaran-las-obras-del-palacio-de-congresos-de-cordoba\/\" title=\"El PP-A exige a la Junta que diga cu\u00e1ndo terminar\u00e1n las obras del Palacio de Congresos de C\u00f3rdoba\">El PP-A exige a la Junta que diga cu\u00e1ndo terminar\u00e1n las obras del Palacio de Congresos de C\u00f3rdoba<\/a>\n<\/span><\/div>","aioseo_breadcrumb_json":[{"label":"Home","link":"https:\/\/eldigitaldeasturias.com\/magazine365"},{"label":"Noticias y Actualidad","link":"https:\/\/eldigitaldeasturias.com\/magazine365\/category\/noticias-actualidad\/"},{"label":"El PP-A exige a la Junta que diga cu\u00e1ndo terminar\u00e1n las obras del Palacio de Congresos de C\u00f3rdoba","link":"https:\/\/eldigitaldeasturias.com\/magazine365\/el-pp-a-exige-a-la-junta-que-diga-cuando-terminaran-las-obras-del-palacio-de-congresos-de-cordoba\/"}],"_links":{"self":[{"href":"https:\/\/eldigitaldeasturias.com\/magazine365\/wp-json\/wp\/v2\/posts\/76122","targetHints":{"allow":["GET"]}}],"collection":[{"href":"https:\/\/eldigitaldeasturias.com\/magazine365\/wp-json\/wp\/v2\/posts"}],"about":[{"href":"https:\/\/eldigitaldeasturias.com\/magazine365\/wp-json\/wp\/v2\/types\/post"}],"author":[{"embeddable":true,"href":"https:\/\/eldigitaldeasturias.com\/magazine365\/wp-json\/wp\/v2\/users\/1"}],"replies":[{"embeddable":true,"href":"https:\/\/eldigitaldeasturias.com\/magazine365\/wp-json\/wp\/v2\/comments?post=76122"}],"version-history":[{"count":0,"href":"https:\/\/eldigitaldeasturias.com\/magazine365\/wp-json\/wp\/v2\/posts\/76122\/revisions"}],"wp:featuredmedia":[{"embeddable":true,"href":"https:\/\/eldigitaldeasturias.com\/magazine365\/wp-json\/wp\/v2\/media\/76123"}],"wp:attachment":[{"href":"https:\/\/eldigitaldeasturias.com\/magazine365\/wp-json\/wp\/v2\/media?parent=76122"}],"wp:term":[{"taxonomy":"category","embeddable":true,"href":"https:\/\/eldigitaldeasturias.com\/magazine365\/wp-json\/wp\/v2\/categories?post=76122"},{"taxonomy":"post_tag","embeddable":true,"href":"https:\/\/eldigitaldeasturias.com\/magazine365\/wp-json\/wp\/v2\/tags?post=76122"}],"curies":[{"name":"wp","href":"https:\/\/api.w.org\/{rel}","templated":true}]}}