{"id":76098,"date":"2016-05-10T12:44:06","date_gmt":"2016-05-10T10:44:06","guid":{"rendered":"http:\/\/eldigitaldeasturias.com\/magazine365\/?p=76098"},"modified":"2016-05-10T12:44:06","modified_gmt":"2016-05-10T10:44:06","slug":"la-junta-garantiza-la-viabilidad-de-sierra-nevada","status":"publish","type":"post","link":"https:\/\/eldigitaldeasturias.com\/magazine365\/la-junta-garantiza-la-viabilidad-de-sierra-nevada\/","title":{"rendered":"La Junta \u00abgarantiza la viabilidad\u00bb de Sierra Nevada"},"content":{"rendered":"<p><img fetchpriority=\"high\" decoding=\"async\" class=\"alignleft size-medium wp-image-76099\" src=\"https:\/\/eldigitaldeasturias.com\/magazine365\/wp-content\/uploads\/2016\/05\/fotonoticia_20160505141816_800-360x240.jpg\" alt=\"fotonoticia_20160505141816_800\" width=\"360\" height=\"240\" srcset=\"https:\/\/eldigitaldeasturias.com\/magazine365\/wp-content\/uploads\/2016\/05\/fotonoticia_20160505141816_800-360x240.jpg 360w, https:\/\/eldigitaldeasturias.com\/magazine365\/wp-content\/uploads\/2016\/05\/fotonoticia_20160505141816_800-650x433.jpg 650w, https:\/\/eldigitaldeasturias.com\/magazine365\/wp-content\/uploads\/2016\/05\/fotonoticia_20160505141816_800-768x512.jpg 768w, https:\/\/eldigitaldeasturias.com\/magazine365\/wp-content\/uploads\/2016\/05\/fotonoticia_20160505141816_800-150x100.jpg 150w, https:\/\/eldigitaldeasturias.com\/magazine365\/wp-content\/uploads\/2016\/05\/fotonoticia_20160505141816_800-450x300.jpg 450w, https:\/\/eldigitaldeasturias.com\/magazine365\/wp-content\/uploads\/2016\/05\/fotonoticia_20160505141816_800-101x66.jpg 101w, https:\/\/eldigitaldeasturias.com\/magazine365\/wp-content\/uploads\/2016\/05\/fotonoticia_20160505141816_800.jpg 800w\" sizes=\"(max-width: 360px) 100vw, 360px\" \/>El consejero de Turismo y Deporte de la Junta de Andaluc\u00eda, Francisco Javier Fern\u00e1ndez, ha querido este jueves \u00abgarantizar la viabilidad de la estaci\u00f3n de esqu\u00ed de Sierra Nevada\u00bb, de la empresa que la gestiona, Cetursa, y del \u00abempleo\u00bb que genera, y ha asegurado que desde la Administraci\u00f3n auton\u00f3mica est\u00e1n \u00aben el camino para solucionar los problemas que han llevado a tener un endeudamiento\u00bb en torno a la misma.<\/p>\n<p>El titular andaluz de Turismo ha trasladado este mensaje en el transcurso de una comparecencia en la comisi\u00f3n parlamentaria del ramo en la que, a petici\u00f3n del PP-A, Podemos e IULV-CA, el consejero ha informado sobre la situaci\u00f3n de Cetursa Sierra Nevada S.A. y la estaci\u00f3n de esqu\u00ed.<\/p>\n<p>Fern\u00e1ndez ha comenzado su intervenci\u00f3n destacando que la granadina es \u00abla primera estaci\u00f3n de esqu\u00ed espa\u00f1ola en cuota de mercado\u00bb, de modo que \u00ababsorbe al 20 por ciento de clientes\u00bb y \u00abalcanza el mill\u00f3n en temporada de invierno\u00bb, as\u00ed como \u00abcuenta con un programa espec\u00edfico de desestacionalizaci\u00f3n\u00bb.<\/p>\n<p>Respecto a Cetursa Sierra Nevada S.A., ha recordado que \u00abfue una empresa privada\u00bb que no fue \u00abcreada al efecto por la Administraci\u00f3n auton\u00f3mica para gestionar una estaci\u00f3n de esqu\u00ed\u00bb, si bien actualmente la Junta es su \u00abprincipal accionista\u00bb, aunque no le realiza \u00abtransferencias ni para inversiones ni gastos de funcionamiento\u00bb.<\/p>\n<p>Tras resaltar los \u00abm\u00e1s de 8.500 empleos que genera\u00bb la estaci\u00f3n \u00aben temporada de invierno\u00bb, el consejero se ha remitido a los datos aportados por el consejo de administraci\u00f3n de la sociedad mercantil el pasado mes de marzo en relaci\u00f3n a las cuentas anuales del ejercicio 2015, que arrojaron un beneficio neto, despu\u00e9s de impuestos, de 2,6 millones de euros.<\/p>\n<p>Seg\u00fan la formulaci\u00f3n de cuentas, auditadas por &#8216;Ernst and Young&#8217;, en 2015 se alcanz\u00f3 una cifra de negocios de 28,1 millones de euros propiciados por distintas l\u00edneas de actividad de Cetursa Sierra Nevada S.A &#8211;una cifra inferior a la de 2014 por \u00abla falta de nieve en diciembre\u00bb&#8211; y otros 6,5 millones por ingresos excepcionales como consecuencia del reagrupamiento de las empresas del grupo y la incorporaci\u00f3n de activos.<\/p>\n<p>El consejero ha destacado adem\u00e1s que los gastos de personal de la empresa representan \u00abcasi el 50 por ciento del total en 2015\u00bb, y que Cetursa realiza \u00abun nivel de inversiones muy elevado con cargo a sus cuentas de resultados\u00bb.<\/p>\n<p>Tambi\u00e9n ha cifrado en 328 el n\u00famero medio de trabajadores en la empresa en 2015, lo que \u00abpone de manifiesto que la pol\u00edtica de la empresa de mantenimiento y creaci\u00f3n de empleo cuando hay nieve es real\u00bb, seg\u00fan ha defendido el consejero, que ha recordado que en la citada sociedad mercantil \u00abconviven cuatro convenios colectivos\u00bb; los de hosteler\u00eda, aparcamientos, agencias de viaje y remontes, siendo este \u00faltimo \u00abel mejor del sector de la nieve en Espa\u00f1a\u00bb.<\/p>\n<p>Igualmente, ha subrayado que la contrataci\u00f3n de trabajadores fijos-discontinuos en la empresa se rige \u00aben funci\u00f3n de la nieve que hay\u00bb, de modo que dichos empleados \u00abentran cuando hay nieve y se van cuando no la hay\u00bb.<\/p>\n<p>PP-A: CETURSA \u00abEST\u00c1 AL BORDE DEL RESCATE P\u00daBLICO\u00bb<\/p>\n<p>Por parte de los grupos parlamentarios ha intervenido, en representaci\u00f3n del PP-A, la diputada Marifran Carazo, quien ha incidido en que el consejero \u00abtiene que dar explicaciones\u00bb porque \u00abesta temporada han saltado todas las alarmas\u00bb, y al hilo ha trasladado que los granadinos est\u00e1n \u00abmuy preocupados por el d\u00eda a d\u00eda y la viabilidad\u00bb de Cetursa, cuya situaci\u00f3n econ\u00f3mica \u00abes muy grave\u00bb, seg\u00fan ha aseverado la &#8216;popular&#8217;.<\/p>\n<p>En esa l\u00ednea, ha instado al consejero a \u00abaceptar la realidad y asumirla\u00bb, porque \u00abla empresa est\u00e1 al borde del rescate p\u00fablico\u00bb y \u00absigue arrojando p\u00e9rdidas\u00bb, y a tomar \u00abdecisiones pol\u00edticas\u00bb, porque \u00abuna empresa que est\u00e1 endeudada no es capaz de asumir una mala temporada\u00bb.<\/p>\n<p>Por su parte, el diputado de Podemos David Moscoso tambi\u00e9n ha trasladado la \u00abdesaz\u00f3n y preocupaci\u00f3n sincera\u00bb de su grupo \u00abpor la situaci\u00f3n de Cetursa\u00bb, y ha acusado al consejero de haber aportado \u00abuna versi\u00f3n edulcorada\u00bb de lo que sucede en la empresa.<\/p>\n<p>Citando \u00abel relato de los trabajadores\u00bb, Moscoso ha mencionado distintos servicios que \u00abse est\u00e1n externalizando\u00bb, y le ha preguntado al consejero \u00absi est\u00e1 convencido de que los procesos de contrataci\u00f3n p\u00fablica en Cetursa han cumplido la legislaci\u00f3n vigente\u00bb.<\/p>\n<p>Por parte de Ciudadanos (C&#8217;s) ha intervenido Jos\u00e9 Antonio Funes, que ha se\u00f1alado que desde el comit\u00e9 de empresa de Cetursa \u00abse quejan de oscurantismo por parte de la empresa p\u00fablica\u00bb y le achacan \u00abuna actitud prepotente y de alguna manera incluso desp\u00f3tica\u00bb, as\u00ed como alertan de una \u00abdescapitalizaci\u00f3n de la empresa que les preocupa mucho\u00bb.<\/p>\n<p>Frente a ellos, el parlamentario del PSOE-A Miguel Castellano ha reprochado que \u00abse ha lanzado mucha porquer\u00eda sobre la estaci\u00f3n de esqu\u00ed\u00bb granadina y ha criticado la ausencia en la comisi\u00f3n de la diputada de IULV-CA Mar\u00eda del Carmen P\u00e9rez, \u00abdespu\u00e9s de todo lo que ha dicho en comparecencias p\u00fablicas\u00bb en relaci\u00f3n a Cetursa.<\/p>\n<p>Adem\u00e1s, ha remarcado que Cetursa era \u00abuna empresa privada que rescat\u00f3 la Junta, que ha puesto el dinero y la gesti\u00f3n mayoritaria en una empresa que ha conseguido dar empleo a m\u00e1s de 8.000 personas\u00bb, y en esa l\u00ednea ha pedido \u00abun poco de responsabilidad\u00bb para hablar de una estaci\u00f3n de esqu\u00ed \u00abgestionada por lo p\u00fablico y con una gesti\u00f3n dif\u00edcil cuando no hay nieve\u00bb, y a dejar de lado la \u00abdemagogia\u00bb.<\/p>\n<p>\u00abTOTAL TRANSPARENCIA\u00bb CON CETURSA<\/p>\n<p>En su primera r\u00e9plica a los representantes de los grupos parlamentarios, el consejero ha insistido en \u00abgarantizar que una de las grandes empresas para Granada y Andaluc\u00eda no va a tener un problema en el futuro que ponga en peligro el empleo que crea\u00bb, y ha remarcado que los \u00abcontroles p\u00fablicos\u00bb que se llevan a cabo desde la Junta aseguran que \u00abtodo se lleva con total transparencia\u00bb.<\/p>\n<p>No obstante, ha animado a \u00abir a los tribunales\u00bb a aquel sindicato que tenga \u00abconstancia de mala praxis o ilegal\u00bb. \u00abEst\u00e1n en su derecho y su obligaci\u00f3n\u00bb, ha aseverado Fern\u00e1ndez, que ha remarcado adem\u00e1s que Cetursa gestiona \u00abuna estaci\u00f3n de esqu\u00ed\u00bb, para desligar de ella \u00abfunciones que no les son propias\u00bb.<\/p>\n<p>\u00abEn ese proceso de conseguir que seamos lo que tenemos que ser estamos\u00bb, ha resumido el consejero, que tambi\u00e9n ha abogado por la \u00abtransparencia\u00bb y el \u00abdi\u00e1logo\u00bb con los trabajadores, al tiempo que ha defendido que las \u00abcondiciones laborales\u00bb de los empleados son \u00abmuestra de lo que tiene que ser un empleo estable\u00bb, por lo que ha llamado a no ver \u00abel vaso medio vac\u00edo, o solo ver o interpretar algunas cuestiones\u00bb.<\/p>\n<p>Ha concluido indicando que la empresa \u00abest\u00e1 empezando a amortizar la deuda que se gener\u00f3 por falta de aportaci\u00f3n p\u00fablica\u00bb, y para \u00abmejorar la estaci\u00f3n\u00bb, y ofreci\u00e9ndose a comparecer en el Parlamento para informar sobre Cetursa \u00abcada vez que se considere\u00bb por parte de los grupos parlamentarios, a quienes ha pedido \u00abresponsabilidad, seriedad y rigor\u00bb.<\/p>\n<p>En sus segundas intervenciones, tanto Carazo (PP-A) como Moscoso (Podemos) han negado haber incurrido en \u00abdemagogia\u00bb, sino que ha trasladado \u00abpreocupaci\u00f3n\u00bb, seg\u00fan la &#8216;popular&#8217;, por \u00abuna empresa que aumenta temporada tras temporada su endeudamiento\u00bb. El diputado de Podemos ha remachado, por su parte, que \u00abalgo no va a bien\u00bb con Cetursa.<\/p>\n<p>El consejero ha zanjado el debate insistiendo en que desde la Junta est\u00e1n \u00abpeleando por que la estaci\u00f3n de esqu\u00ed sea atractiva\u00bb y capte a esquiadores con m\u00e1s o menos kil\u00f3metros de nieve.<\/p>\n","protected":false},"excerpt":{"rendered":"<p>El consejero de Turismo y Deporte de la Junta de Andaluc\u00eda, Francisco Javier Fern\u00e1ndez, ha querido este jueves \u00abgarantizar la viabilidad de la estaci\u00f3n de esqu\u00ed de Sierra Nevada\u00bb, de la empresa que la gestiona, Cetursa, y del \u00abempleo\u00bb que genera, y ha asegurado que desde la Administraci\u00f3n auton\u00f3mica est\u00e1n \u00aben el camino para solucionar<\/p>\n","protected":false},"author":1,"featured_media":76099,"comment_status":"open","ping_status":"closed","sticky":false,"template":"","format":"standard","meta":{"footnotes":""},"categories":[224],"tags":[],"class_list":{"0":"post-76098","1":"post","2":"type-post","3":"status-publish","4":"format-standard","5":"has-post-thumbnail","7":"category-noticias-actualidad"},"aioseo_notices":[],"aioseo_head":"\n\t\t<!-- All in One SEO Pro 4.9.6.1 - aioseo.com -->\n\t<meta name=\"description\" content=\"El consejero de Turismo y Deporte de la Junta de Andaluc\u00eda, Francisco Javier Fern\u00e1ndez, ha querido este jueves &quot;garantizar la viabilidad de la estaci\u00f3n de esqu\u00ed de Sierra Nevada&quot;, de la empresa que la gestiona, Cetursa, y del &quot;empleo&quot; que genera, y ha asegurado que desde la Administraci\u00f3n auton\u00f3mica est\u00e1n &quot;en el camino para solucionar\" \/>\n\t<meta name=\"robots\" content=\"max-image-preview:large\" \/>\n\t<meta name=\"author\" content=\"admin\"\/>\n\t<meta name=\"google-site-verification\" content=\"UA-38556648-1\" \/>\n\t<meta name=\"keywords\" content=\"noticias y actualidad\" \/>\n\t<link rel=\"canonical\" href=\"https:\/\/eldigitaldeasturias.com\/magazine365\/la-junta-garantiza-la-viabilidad-de-sierra-nevada\/\" \/>\n\t<meta name=\"generator\" content=\"All in One SEO Pro (AIOSEO) 4.9.6.1\" \/>\n\t\t<meta property=\"og:locale\" content=\"es_ES\" \/>\n\t\t<meta property=\"og:site_name\" content=\"El Digital de Asturias \u2013 Revista de ocio, turismo y estilo de vida\" \/>\n\t\t<meta property=\"og:type\" content=\"article\" \/>\n\t\t<meta property=\"og:title\" content=\"La Junta \u00abgarantiza la viabilidad\u00bb de Sierra Nevada | El Digital de Asturias\" \/>\n\t\t<meta property=\"og:description\" content=\"El consejero de Turismo y Deporte de la Junta de Andaluc\u00eda, Francisco Javier Fern\u00e1ndez, ha querido este jueves &quot;garantizar la viabilidad de la estaci\u00f3n de esqu\u00ed de Sierra Nevada&quot;, de la empresa que la gestiona, Cetursa, y del &quot;empleo&quot; que genera, y ha asegurado que desde la Administraci\u00f3n auton\u00f3mica est\u00e1n &quot;en el camino para solucionar\" \/>\n\t\t<meta property=\"og:url\" content=\"https:\/\/eldigitaldeasturias.com\/magazine365\/la-junta-garantiza-la-viabilidad-de-sierra-nevada\/\" \/>\n\t\t<meta property=\"og:image\" content=\"https:\/\/eldigitaldeasturias.com\/magazine365\/wp-content\/uploads\/2016\/05\/fotonoticia_20160505141816_800.jpg\" \/>\n\t\t<meta property=\"og:image:secure_url\" content=\"https:\/\/eldigitaldeasturias.com\/magazine365\/wp-content\/uploads\/2016\/05\/fotonoticia_20160505141816_800.jpg\" \/>\n\t\t<meta property=\"og:image:width\" content=\"800\" \/>\n\t\t<meta property=\"og:image:height\" content=\"533\" \/>\n\t\t<meta property=\"article:published_time\" content=\"2016-05-10T10:44:06+00:00\" \/>\n\t\t<meta property=\"article:modified_time\" content=\"2016-05-10T10:44:06+00:00\" \/>\n\t\t<meta name=\"twitter:card\" content=\"summary_large_image\" \/>\n\t\t<meta name=\"twitter:title\" content=\"La Junta \u00abgarantiza la viabilidad\u00bb de Sierra Nevada | El Digital de Asturias\" \/>\n\t\t<meta name=\"twitter:description\" content=\"El consejero de Turismo y Deporte de la Junta de Andaluc\u00eda, Francisco Javier Fern\u00e1ndez, ha querido este jueves &quot;garantizar la viabilidad de la estaci\u00f3n de esqu\u00ed de Sierra Nevada&quot;, de la empresa que la gestiona, Cetursa, y del &quot;empleo&quot; que genera, y ha asegurado que desde la Administraci\u00f3n auton\u00f3mica est\u00e1n &quot;en el camino para solucionar\" \/>\n\t\t<meta name=\"twitter:image\" content=\"https:\/\/eldigitaldeasturias.com\/magazine365\/wp-content\/uploads\/2016\/05\/fotonoticia_20160505141816_800.jpg\" \/>\n\t\t<script type=\"application\/ld+json\" class=\"aioseo-schema\">\n\t\t\t{\"@context\":\"https:\\\/\\\/schema.org\",\"@graph\":[{\"@type\":\"Article\",\"@id\":\"https:\\\/\\\/eldigitaldeasturias.com\\\/magazine365\\\/la-junta-garantiza-la-viabilidad-de-sierra-nevada\\\/#article\",\"name\":\"La Junta \\u00abgarantiza la viabilidad\\u00bb de Sierra Nevada | El Digital de Asturias\",\"headline\":\"La Junta \\u00abgarantiza la viabilidad\\u00bb de Sierra Nevada\",\"author\":{\"@id\":\"https:\\\/\\\/eldigitaldeasturias.com\\\/magazine365\\\/author\\\/admin\\\/#author\"},\"publisher\":{\"@id\":\"https:\\\/\\\/eldigitaldeasturias.com\\\/magazine365\\\/#organization\"},\"image\":{\"@type\":\"ImageObject\",\"url\":\"https:\\\/\\\/eldigitaldeasturias.com\\\/magazine365\\\/wp-content\\\/uploads\\\/2016\\\/05\\\/fotonoticia_20160505141816_800.jpg\",\"width\":800,\"height\":533},\"datePublished\":\"2016-05-10T12:44:06+02:00\",\"dateModified\":\"2016-05-10T12:44:06+02:00\",\"inLanguage\":\"es-ES\",\"mainEntityOfPage\":{\"@id\":\"https:\\\/\\\/eldigitaldeasturias.com\\\/magazine365\\\/la-junta-garantiza-la-viabilidad-de-sierra-nevada\\\/#webpage\"},\"isPartOf\":{\"@id\":\"https:\\\/\\\/eldigitaldeasturias.com\\\/magazine365\\\/la-junta-garantiza-la-viabilidad-de-sierra-nevada\\\/#webpage\"},\"articleSection\":\"Noticias y Actualidad\"},{\"@type\":\"BreadcrumbList\",\"@id\":\"https:\\\/\\\/eldigitaldeasturias.com\\\/magazine365\\\/la-junta-garantiza-la-viabilidad-de-sierra-nevada\\\/#breadcrumblist\",\"itemListElement\":[{\"@type\":\"ListItem\",\"@id\":\"https:\\\/\\\/eldigitaldeasturias.com\\\/magazine365#listItem\",\"position\":1,\"name\":\"Home\",\"item\":\"https:\\\/\\\/eldigitaldeasturias.com\\\/magazine365\",\"nextItem\":{\"@type\":\"ListItem\",\"@id\":\"https:\\\/\\\/eldigitaldeasturias.com\\\/magazine365\\\/category\\\/noticias-actualidad\\\/#listItem\",\"name\":\"Noticias y Actualidad\"}},{\"@type\":\"ListItem\",\"@id\":\"https:\\\/\\\/eldigitaldeasturias.com\\\/magazine365\\\/category\\\/noticias-actualidad\\\/#listItem\",\"position\":2,\"name\":\"Noticias y Actualidad\",\"item\":\"https:\\\/\\\/eldigitaldeasturias.com\\\/magazine365\\\/category\\\/noticias-actualidad\\\/\",\"nextItem\":{\"@type\":\"ListItem\",\"@id\":\"https:\\\/\\\/eldigitaldeasturias.com\\\/magazine365\\\/la-junta-garantiza-la-viabilidad-de-sierra-nevada\\\/#listItem\",\"name\":\"La Junta \\u00abgarantiza la viabilidad\\u00bb de Sierra Nevada\"},\"previousItem\":{\"@type\":\"ListItem\",\"@id\":\"https:\\\/\\\/eldigitaldeasturias.com\\\/magazine365#listItem\",\"name\":\"Home\"}},{\"@type\":\"ListItem\",\"@id\":\"https:\\\/\\\/eldigitaldeasturias.com\\\/magazine365\\\/la-junta-garantiza-la-viabilidad-de-sierra-nevada\\\/#listItem\",\"position\":3,\"name\":\"La Junta \\u00abgarantiza la viabilidad\\u00bb de Sierra Nevada\",\"previousItem\":{\"@type\":\"ListItem\",\"@id\":\"https:\\\/\\\/eldigitaldeasturias.com\\\/magazine365\\\/category\\\/noticias-actualidad\\\/#listItem\",\"name\":\"Noticias y Actualidad\"}}]},{\"@type\":\"Organization\",\"@id\":\"https:\\\/\\\/eldigitaldeasturias.com\\\/magazine365\\\/#organization\",\"name\":\"El digital de Asturias\",\"description\":\"Revista de ocio, turismo y estilo de vida\",\"url\":\"https:\\\/\\\/eldigitaldeasturias.com\\\/magazine365\\\/\",\"logo\":{\"@type\":\"ImageObject\",\"url\":\"https:\\\/\\\/www.eldigitaldeasturias.com\\\/noticias\\\/wp-content\\\/uploads\\\/2020\\\/12\\\/EDA.jpg\",\"@id\":\"https:\\\/\\\/eldigitaldeasturias.com\\\/magazine365\\\/la-junta-garantiza-la-viabilidad-de-sierra-nevada\\\/#organizationLogo\"},\"image\":{\"@id\":\"https:\\\/\\\/eldigitaldeasturias.com\\\/magazine365\\\/la-junta-garantiza-la-viabilidad-de-sierra-nevada\\\/#organizationLogo\"}},{\"@type\":\"Person\",\"@id\":\"https:\\\/\\\/eldigitaldeasturias.com\\\/magazine365\\\/author\\\/admin\\\/#author\",\"url\":\"https:\\\/\\\/eldigitaldeasturias.com\\\/magazine365\\\/author\\\/admin\\\/\",\"name\":\"admin\",\"image\":{\"@type\":\"ImageObject\",\"@id\":\"https:\\\/\\\/eldigitaldeasturias.com\\\/magazine365\\\/la-junta-garantiza-la-viabilidad-de-sierra-nevada\\\/#authorImage\",\"url\":\"https:\\\/\\\/eldigitaldeasturias.com\\\/magazine365\\\/wp-content\\\/litespeed\\\/avatar\\\/e571bcf59a0edd6fa6838245a470f2fe.jpg?ver=1777574230\",\"width\":96,\"height\":96,\"caption\":\"admin\"}},{\"@type\":\"WebPage\",\"@id\":\"https:\\\/\\\/eldigitaldeasturias.com\\\/magazine365\\\/la-junta-garantiza-la-viabilidad-de-sierra-nevada\\\/#webpage\",\"url\":\"https:\\\/\\\/eldigitaldeasturias.com\\\/magazine365\\\/la-junta-garantiza-la-viabilidad-de-sierra-nevada\\\/\",\"name\":\"La Junta \\u00abgarantiza la viabilidad\\u00bb de Sierra Nevada | El Digital de Asturias\",\"description\":\"El consejero de Turismo y Deporte de la Junta de Andaluc\\u00eda, Francisco Javier Fern\\u00e1ndez, ha querido este jueves \\\"garantizar la viabilidad de la estaci\\u00f3n de esqu\\u00ed de Sierra Nevada\\\", de la empresa que la gestiona, Cetursa, y del \\\"empleo\\\" que genera, y ha asegurado que desde la Administraci\\u00f3n auton\\u00f3mica est\\u00e1n \\\"en el camino para solucionar\",\"inLanguage\":\"es-ES\",\"isPartOf\":{\"@id\":\"https:\\\/\\\/eldigitaldeasturias.com\\\/magazine365\\\/#website\"},\"breadcrumb\":{\"@id\":\"https:\\\/\\\/eldigitaldeasturias.com\\\/magazine365\\\/la-junta-garantiza-la-viabilidad-de-sierra-nevada\\\/#breadcrumblist\"},\"author\":{\"@id\":\"https:\\\/\\\/eldigitaldeasturias.com\\\/magazine365\\\/author\\\/admin\\\/#author\"},\"creator\":{\"@id\":\"https:\\\/\\\/eldigitaldeasturias.com\\\/magazine365\\\/author\\\/admin\\\/#author\"},\"image\":{\"@type\":\"ImageObject\",\"url\":\"https:\\\/\\\/eldigitaldeasturias.com\\\/magazine365\\\/wp-content\\\/uploads\\\/2016\\\/05\\\/fotonoticia_20160505141816_800.jpg\",\"@id\":\"https:\\\/\\\/eldigitaldeasturias.com\\\/magazine365\\\/la-junta-garantiza-la-viabilidad-de-sierra-nevada\\\/#mainImage\",\"width\":800,\"height\":533},\"primaryImageOfPage\":{\"@id\":\"https:\\\/\\\/eldigitaldeasturias.com\\\/magazine365\\\/la-junta-garantiza-la-viabilidad-de-sierra-nevada\\\/#mainImage\"},\"datePublished\":\"2016-05-10T12:44:06+02:00\",\"dateModified\":\"2016-05-10T12:44:06+02:00\"},{\"@type\":\"WebSite\",\"@id\":\"https:\\\/\\\/eldigitaldeasturias.com\\\/magazine365\\\/#website\",\"url\":\"https:\\\/\\\/eldigitaldeasturias.com\\\/magazine365\\\/\",\"name\":\"El Digital de Asturias\",\"description\":\"Revista de ocio, turismo y estilo de vida\",\"inLanguage\":\"es-ES\",\"publisher\":{\"@id\":\"https:\\\/\\\/eldigitaldeasturias.com\\\/magazine365\\\/#organization\"}}]}\n\t\t<\/script>\n\t\t<!-- All in One SEO Pro -->\r\n\t\t<title>La Junta \u00abgarantiza la viabilidad\u00bb de Sierra Nevada | El Digital de Asturias<\/title>\n\n","aioseo_head_json":{"title":"La Junta \u00abgarantiza la viabilidad\u00bb de Sierra Nevada | El Digital de Asturias","description":"El consejero de Turismo y Deporte de la Junta de Andaluc\u00eda, Francisco Javier Fern\u00e1ndez, ha querido este jueves \"garantizar la viabilidad de la estaci\u00f3n de esqu\u00ed de Sierra Nevada\", de la empresa que la gestiona, Cetursa, y del \"empleo\" que genera, y ha asegurado que desde la Administraci\u00f3n auton\u00f3mica est\u00e1n \"en el camino para solucionar","canonical_url":"https:\/\/eldigitaldeasturias.com\/magazine365\/la-junta-garantiza-la-viabilidad-de-sierra-nevada\/","robots":"max-image-preview:large","keywords":"noticias y actualidad","webmasterTools":{"google-site-verification":"UA-38556648-1","miscellaneous":""},"schema":{"@context":"https:\/\/schema.org","@graph":[{"@type":"Article","@id":"https:\/\/eldigitaldeasturias.com\/magazine365\/la-junta-garantiza-la-viabilidad-de-sierra-nevada\/#article","name":"La Junta \u00abgarantiza la viabilidad\u00bb de Sierra Nevada | El Digital de Asturias","headline":"La Junta \u00abgarantiza la viabilidad\u00bb de Sierra Nevada","author":{"@id":"https:\/\/eldigitaldeasturias.com\/magazine365\/author\/admin\/#author"},"publisher":{"@id":"https:\/\/eldigitaldeasturias.com\/magazine365\/#organization"},"image":{"@type":"ImageObject","url":"https:\/\/eldigitaldeasturias.com\/magazine365\/wp-content\/uploads\/2016\/05\/fotonoticia_20160505141816_800.jpg","width":800,"height":533},"datePublished":"2016-05-10T12:44:06+02:00","dateModified":"2016-05-10T12:44:06+02:00","inLanguage":"es-ES","mainEntityOfPage":{"@id":"https:\/\/eldigitaldeasturias.com\/magazine365\/la-junta-garantiza-la-viabilidad-de-sierra-nevada\/#webpage"},"isPartOf":{"@id":"https:\/\/eldigitaldeasturias.com\/magazine365\/la-junta-garantiza-la-viabilidad-de-sierra-nevada\/#webpage"},"articleSection":"Noticias y Actualidad"},{"@type":"BreadcrumbList","@id":"https:\/\/eldigitaldeasturias.com\/magazine365\/la-junta-garantiza-la-viabilidad-de-sierra-nevada\/#breadcrumblist","itemListElement":[{"@type":"ListItem","@id":"https:\/\/eldigitaldeasturias.com\/magazine365#listItem","position":1,"name":"Home","item":"https:\/\/eldigitaldeasturias.com\/magazine365","nextItem":{"@type":"ListItem","@id":"https:\/\/eldigitaldeasturias.com\/magazine365\/category\/noticias-actualidad\/#listItem","name":"Noticias y Actualidad"}},{"@type":"ListItem","@id":"https:\/\/eldigitaldeasturias.com\/magazine365\/category\/noticias-actualidad\/#listItem","position":2,"name":"Noticias y Actualidad","item":"https:\/\/eldigitaldeasturias.com\/magazine365\/category\/noticias-actualidad\/","nextItem":{"@type":"ListItem","@id":"https:\/\/eldigitaldeasturias.com\/magazine365\/la-junta-garantiza-la-viabilidad-de-sierra-nevada\/#listItem","name":"La Junta \u00abgarantiza la viabilidad\u00bb de Sierra Nevada"},"previousItem":{"@type":"ListItem","@id":"https:\/\/eldigitaldeasturias.com\/magazine365#listItem","name":"Home"}},{"@type":"ListItem","@id":"https:\/\/eldigitaldeasturias.com\/magazine365\/la-junta-garantiza-la-viabilidad-de-sierra-nevada\/#listItem","position":3,"name":"La Junta \u00abgarantiza la viabilidad\u00bb de Sierra Nevada","previousItem":{"@type":"ListItem","@id":"https:\/\/eldigitaldeasturias.com\/magazine365\/category\/noticias-actualidad\/#listItem","name":"Noticias y Actualidad"}}]},{"@type":"Organization","@id":"https:\/\/eldigitaldeasturias.com\/magazine365\/#organization","name":"El digital de Asturias","description":"Revista de ocio, turismo y estilo de vida","url":"https:\/\/eldigitaldeasturias.com\/magazine365\/","logo":{"@type":"ImageObject","url":"https:\/\/www.eldigitaldeasturias.com\/noticias\/wp-content\/uploads\/2020\/12\/EDA.jpg","@id":"https:\/\/eldigitaldeasturias.com\/magazine365\/la-junta-garantiza-la-viabilidad-de-sierra-nevada\/#organizationLogo"},"image":{"@id":"https:\/\/eldigitaldeasturias.com\/magazine365\/la-junta-garantiza-la-viabilidad-de-sierra-nevada\/#organizationLogo"}},{"@type":"Person","@id":"https:\/\/eldigitaldeasturias.com\/magazine365\/author\/admin\/#author","url":"https:\/\/eldigitaldeasturias.com\/magazine365\/author\/admin\/","name":"admin","image":{"@type":"ImageObject","@id":"https:\/\/eldigitaldeasturias.com\/magazine365\/la-junta-garantiza-la-viabilidad-de-sierra-nevada\/#authorImage","url":"https:\/\/eldigitaldeasturias.com\/magazine365\/wp-content\/litespeed\/avatar\/e571bcf59a0edd6fa6838245a470f2fe.jpg?ver=1777574230","width":96,"height":96,"caption":"admin"}},{"@type":"WebPage","@id":"https:\/\/eldigitaldeasturias.com\/magazine365\/la-junta-garantiza-la-viabilidad-de-sierra-nevada\/#webpage","url":"https:\/\/eldigitaldeasturias.com\/magazine365\/la-junta-garantiza-la-viabilidad-de-sierra-nevada\/","name":"La Junta \u00abgarantiza la viabilidad\u00bb de Sierra Nevada | El Digital de Asturias","description":"El consejero de Turismo y Deporte de la Junta de Andaluc\u00eda, Francisco Javier Fern\u00e1ndez, ha querido este jueves \"garantizar la viabilidad de la estaci\u00f3n de esqu\u00ed de Sierra Nevada\", de la empresa que la gestiona, Cetursa, y del \"empleo\" que genera, y ha asegurado que desde la Administraci\u00f3n auton\u00f3mica est\u00e1n \"en el camino para solucionar","inLanguage":"es-ES","isPartOf":{"@id":"https:\/\/eldigitaldeasturias.com\/magazine365\/#website"},"breadcrumb":{"@id":"https:\/\/eldigitaldeasturias.com\/magazine365\/la-junta-garantiza-la-viabilidad-de-sierra-nevada\/#breadcrumblist"},"author":{"@id":"https:\/\/eldigitaldeasturias.com\/magazine365\/author\/admin\/#author"},"creator":{"@id":"https:\/\/eldigitaldeasturias.com\/magazine365\/author\/admin\/#author"},"image":{"@type":"ImageObject","url":"https:\/\/eldigitaldeasturias.com\/magazine365\/wp-content\/uploads\/2016\/05\/fotonoticia_20160505141816_800.jpg","@id":"https:\/\/eldigitaldeasturias.com\/magazine365\/la-junta-garantiza-la-viabilidad-de-sierra-nevada\/#mainImage","width":800,"height":533},"primaryImageOfPage":{"@id":"https:\/\/eldigitaldeasturias.com\/magazine365\/la-junta-garantiza-la-viabilidad-de-sierra-nevada\/#mainImage"},"datePublished":"2016-05-10T12:44:06+02:00","dateModified":"2016-05-10T12:44:06+02:00"},{"@type":"WebSite","@id":"https:\/\/eldigitaldeasturias.com\/magazine365\/#website","url":"https:\/\/eldigitaldeasturias.com\/magazine365\/","name":"El Digital de Asturias","description":"Revista de ocio, turismo y estilo de vida","inLanguage":"es-ES","publisher":{"@id":"https:\/\/eldigitaldeasturias.com\/magazine365\/#organization"}}]},"og:locale":"es_ES","og:site_name":"El Digital de Asturias \u2013 Revista de ocio, turismo y estilo de vida","og:type":"article","og:title":"La Junta \u00abgarantiza la viabilidad\u00bb de Sierra Nevada | El Digital de Asturias","og:description":"El consejero de Turismo y Deporte de la Junta de Andaluc\u00eda, Francisco Javier Fern\u00e1ndez, ha querido este jueves &quot;garantizar la viabilidad de la estaci\u00f3n de esqu\u00ed de Sierra Nevada&quot;, de la empresa que la gestiona, Cetursa, y del &quot;empleo&quot; que genera, y ha asegurado que desde la Administraci\u00f3n auton\u00f3mica est\u00e1n &quot;en el camino para solucionar","og:url":"https:\/\/eldigitaldeasturias.com\/magazine365\/la-junta-garantiza-la-viabilidad-de-sierra-nevada\/","og:image":"https:\/\/eldigitaldeasturias.com\/magazine365\/wp-content\/uploads\/2016\/05\/fotonoticia_20160505141816_800.jpg","og:image:secure_url":"https:\/\/eldigitaldeasturias.com\/magazine365\/wp-content\/uploads\/2016\/05\/fotonoticia_20160505141816_800.jpg","og:image:width":800,"og:image:height":533,"article:published_time":"2016-05-10T10:44:06+00:00","article:modified_time":"2016-05-10T10:44:06+00:00","twitter:card":"summary_large_image","twitter:title":"La Junta \u00abgarantiza la viabilidad\u00bb de Sierra Nevada | El Digital de Asturias","twitter:description":"El consejero de Turismo y Deporte de la Junta de Andaluc\u00eda, Francisco Javier Fern\u00e1ndez, ha querido este jueves &quot;garantizar la viabilidad de la estaci\u00f3n de esqu\u00ed de Sierra Nevada&quot;, de la empresa que la gestiona, Cetursa, y del &quot;empleo&quot; que genera, y ha asegurado que desde la Administraci\u00f3n auton\u00f3mica est\u00e1n &quot;en el camino para solucionar","twitter:image":"https:\/\/eldigitaldeasturias.com\/magazine365\/wp-content\/uploads\/2016\/05\/fotonoticia_20160505141816_800.jpg"},"aioseo_meta_data":{"post_id":"76098","title":null,"description":null,"keywords":null,"keyphrases":null,"primary_term":null,"canonical_url":null,"og_title":null,"og_description":null,"og_object_type":"default","og_image_type":"default","og_image_url":null,"og_image_width":null,"og_image_height":null,"og_image_custom_url":null,"og_image_custom_fields":null,"og_video":null,"og_custom_url":null,"og_article_section":null,"og_article_tags":null,"twitter_use_og":false,"twitter_card":"default","twitter_image_type":"default","twitter_image_url":null,"twitter_image_custom_url":null,"twitter_image_custom_fields":null,"twitter_title":null,"twitter_description":null,"schema":{"blockGraphs":[],"customGraphs":[],"default":{"data":{"Article":[],"Course":[],"Dataset":[],"FAQPage":[],"Movie":[],"Person":[],"Product":[],"ProductReview":[],"Car":[],"Recipe":[],"Service":[],"SoftwareApplication":[],"WebPage":[]},"graphName":"","isEnabled":true},"graphs":[],"defaultGraph":"","defaultPostTypeGraph":""},"schema_type":null,"schema_type_options":null,"pillar_content":false,"robots_default":true,"robots_noindex":false,"robots_noarchive":false,"robots_nosnippet":false,"robots_nofollow":false,"robots_noimageindex":false,"robots_noodp":false,"robots_notranslate":false,"robots_max_snippet":null,"robots_max_videopreview":null,"robots_max_imagepreview":"large","priority":null,"frequency":null,"location":null,"local_seo":null,"seo_analyzer_scan_date":"2025-09-27 11:49:57","breadcrumb_settings":null,"limit_modified_date":false,"open_ai":null,"ai":null,"created":"2021-03-08 18:33:02","updated":"2025-09-27 11:49:57"},"aioseo_breadcrumb":"<div class=\"aioseo-breadcrumbs\"><span class=\"aioseo-breadcrumb\">\n\t<a href=\"https:\/\/eldigitaldeasturias.com\/magazine365\" title=\"Home\">Home<\/a>\n<\/span><span class=\"aioseo-breadcrumb-separator\">\u2013<\/span><span class=\"aioseo-breadcrumb\">\n\t<a href=\"https:\/\/eldigitaldeasturias.com\/magazine365\/category\/noticias-actualidad\/\" title=\"Noticias y Actualidad\">Noticias y Actualidad<\/a>\n<\/span><span class=\"aioseo-breadcrumb-separator\">\u2013<\/span><span class=\"aioseo-breadcrumb\">\n\t<a href=\"https:\/\/eldigitaldeasturias.com\/magazine365\/la-junta-garantiza-la-viabilidad-de-sierra-nevada\/\" title=\"La Junta \u00abgarantiza la viabilidad\u00bb de Sierra Nevada\">La Junta \u00abgarantiza la viabilidad\u00bb de Sierra Nevada<\/a>\n<\/span><\/div>","aioseo_breadcrumb_json":[{"label":"Home","link":"https:\/\/eldigitaldeasturias.com\/magazine365"},{"label":"Noticias y Actualidad","link":"https:\/\/eldigitaldeasturias.com\/magazine365\/category\/noticias-actualidad\/"},{"label":"La Junta \u00abgarantiza la viabilidad\u00bb de Sierra Nevada","link":"https:\/\/eldigitaldeasturias.com\/magazine365\/la-junta-garantiza-la-viabilidad-de-sierra-nevada\/"}],"_links":{"self":[{"href":"https:\/\/eldigitaldeasturias.com\/magazine365\/wp-json\/wp\/v2\/posts\/76098","targetHints":{"allow":["GET"]}}],"collection":[{"href":"https:\/\/eldigitaldeasturias.com\/magazine365\/wp-json\/wp\/v2\/posts"}],"about":[{"href":"https:\/\/eldigitaldeasturias.com\/magazine365\/wp-json\/wp\/v2\/types\/post"}],"author":[{"embeddable":true,"href":"https:\/\/eldigitaldeasturias.com\/magazine365\/wp-json\/wp\/v2\/users\/1"}],"replies":[{"embeddable":true,"href":"https:\/\/eldigitaldeasturias.com\/magazine365\/wp-json\/wp\/v2\/comments?post=76098"}],"version-history":[{"count":0,"href":"https:\/\/eldigitaldeasturias.com\/magazine365\/wp-json\/wp\/v2\/posts\/76098\/revisions"}],"wp:featuredmedia":[{"embeddable":true,"href":"https:\/\/eldigitaldeasturias.com\/magazine365\/wp-json\/wp\/v2\/media\/76099"}],"wp:attachment":[{"href":"https:\/\/eldigitaldeasturias.com\/magazine365\/wp-json\/wp\/v2\/media?parent=76098"}],"wp:term":[{"taxonomy":"category","embeddable":true,"href":"https:\/\/eldigitaldeasturias.com\/magazine365\/wp-json\/wp\/v2\/categories?post=76098"},{"taxonomy":"post_tag","embeddable":true,"href":"https:\/\/eldigitaldeasturias.com\/magazine365\/wp-json\/wp\/v2\/tags?post=76098"}],"curies":[{"name":"wp","href":"https:\/\/api.w.org\/{rel}","templated":true}]}}