{"id":76095,"date":"2016-05-10T12:43:06","date_gmt":"2016-05-10T10:43:06","guid":{"rendered":"http:\/\/eldigitaldeasturias.com\/magazine365\/?p=76095"},"modified":"2016-05-10T12:43:06","modified_gmt":"2016-05-10T10:43:06","slug":"luis-eduardo-cortes-dimite-de-sus-cargos-en-ifema","status":"publish","type":"post","link":"https:\/\/eldigitaldeasturias.com\/magazine365\/luis-eduardo-cortes-dimite-de-sus-cargos-en-ifema\/","title":{"rendered":"Luis Eduardo Cort\u00e9s dimite de sus cargos en Ifema"},"content":{"rendered":"<p><img fetchpriority=\"high\" decoding=\"async\" class=\"alignleft size-medium wp-image-76096\" src=\"https:\/\/eldigitaldeasturias.com\/magazine365\/wp-content\/uploads\/2016\/05\/fotonoticia_20160505141719_800-360x248.jpg\" alt=\"fotonoticia_20160505141719_800\" width=\"360\" height=\"248\" srcset=\"https:\/\/eldigitaldeasturias.com\/magazine365\/wp-content\/uploads\/2016\/05\/fotonoticia_20160505141719_800-360x248.jpg 360w, https:\/\/eldigitaldeasturias.com\/magazine365\/wp-content\/uploads\/2016\/05\/fotonoticia_20160505141719_800-650x449.jpg 650w, https:\/\/eldigitaldeasturias.com\/magazine365\/wp-content\/uploads\/2016\/05\/fotonoticia_20160505141719_800-768x530.jpg 768w, https:\/\/eldigitaldeasturias.com\/magazine365\/wp-content\/uploads\/2016\/05\/fotonoticia_20160505141719_800-150x104.jpg 150w, https:\/\/eldigitaldeasturias.com\/magazine365\/wp-content\/uploads\/2016\/05\/fotonoticia_20160505141719_800-450x311.jpg 450w, https:\/\/eldigitaldeasturias.com\/magazine365\/wp-content\/uploads\/2016\/05\/fotonoticia_20160505141719_800.jpg 800w\" sizes=\"(max-width: 360px) 100vw, 360px\" \/>El hasta ahora presidente del Comit\u00e9 Ejecutivo y vicepresidente de Ifema, Luis Eduardo Cort\u00e9s, ha renunciado a todos sus cargos en la entidad ferial, seg\u00fan han indicado a Europa Press fuentes de la instituci\u00f3n.<\/p>\n<p>En la reuni\u00f3n de ayer en el Comit\u00e9 de Ifema se comunic\u00f3 oficialmente la renuncia voluntaria de Cortes a sus cargos con efecto a 30 de abril, seg\u00fan detallan las mismas fuentes. Cortes ha estado ostentando el puesto de presidente del Comit\u00e9 Ejecutivo cerca de ocho a\u00f1os.<\/p>\n<p>Ello se produce con la aprobaci\u00f3n por parte de las instituciones consorciadas en Ifema de los nuevos estatutos de la instituci\u00f3n que estipulan que la elecci\u00f3n de este puesto se sustente en una persona con perfil profesional, elegido por la Junta Rectora de Ifema.<\/p>\n<p>Antes, este puesto era un cargo nato asignado por la C\u00e1mara de Comercio de Madrid (una de las entidades presentes en el Consorcio) o a la persona designada por la entidad cameral, que hab\u00eda propuesto a Cort\u00e9s para ocupar este puesto, tal y como adelanta este jueves el diario &#8216;La Raz\u00f3n&#8217;.<\/p>\n<p>Desde Ifema relatan que a\u00fan queda por remitir la notificaci\u00f3n oficial de la aprobaci\u00f3n de los estatutos por parte de las entidades consorciadas en Ifema para que entren en vigor los nuevos estatutos.<\/p>\n<p>Cuando ello se produzca, arrancar\u00e1 el proceso para la elecci\u00f3n del nuevo presidente del Comit\u00e9 Ejecutivo de Ifema, algo que se prev\u00e9 para las pr\u00f3ximas semanas.<\/p>\n<p>La Comunidad, el Ayuntamiento de Madrid, la C\u00e1mara de Comercio de Madrid y la Fundaci\u00f3n Montemadrid han refrendado los nuevos estatutos de Ifema donde se estipula la selecci\u00f3n del director general a trav\u00e9s de criterios profesionales, la presidencia rotatoria de la Junta Rectora, la eliminaci\u00f3n de la remuneraci\u00f3n de todos los miembros de \u00e9sta y la posibilidad de organizar en las instalaciones manifestaciones culturales, deportivas y de las artes.<\/p>\n","protected":false},"excerpt":{"rendered":"<p>El hasta ahora presidente del Comit\u00e9 Ejecutivo y vicepresidente de Ifema, Luis Eduardo Cort\u00e9s, ha renunciado a todos sus cargos en la entidad ferial, seg\u00fan han indicado a Europa Press fuentes de la instituci\u00f3n. En la reuni\u00f3n de ayer en el Comit\u00e9 de Ifema se comunic\u00f3 oficialmente la renuncia voluntaria de Cortes a sus cargos<\/p>\n","protected":false},"author":1,"featured_media":76096,"comment_status":"open","ping_status":"closed","sticky":false,"template":"","format":"standard","meta":{"footnotes":""},"categories":[224],"tags":[],"class_list":{"0":"post-76095","1":"post","2":"type-post","3":"status-publish","4":"format-standard","5":"has-post-thumbnail","7":"category-noticias-actualidad"},"aioseo_notices":[],"aioseo_head":"\n\t\t<!-- All in One SEO Pro 4.9.6.1 - aioseo.com -->\n\t<meta name=\"description\" content=\"El hasta ahora presidente del Comit\u00e9 Ejecutivo y vicepresidente de Ifema, Luis Eduardo Cort\u00e9s, ha renunciado a todos sus cargos en la entidad ferial, seg\u00fan han indicado a Europa Press fuentes de la instituci\u00f3n. En la reuni\u00f3n de ayer en el Comit\u00e9 de Ifema se comunic\u00f3 oficialmente la renuncia voluntaria de Cortes a sus cargos\" \/>\n\t<meta name=\"robots\" content=\"max-image-preview:large\" \/>\n\t<meta name=\"author\" content=\"admin\"\/>\n\t<meta name=\"google-site-verification\" content=\"UA-38556648-1\" \/>\n\t<meta name=\"keywords\" content=\"noticias y actualidad\" \/>\n\t<link rel=\"canonical\" href=\"https:\/\/eldigitaldeasturias.com\/magazine365\/luis-eduardo-cortes-dimite-de-sus-cargos-en-ifema\/\" \/>\n\t<meta name=\"generator\" content=\"All in One SEO Pro (AIOSEO) 4.9.6.1\" \/>\n\t\t<meta property=\"og:locale\" content=\"es_ES\" \/>\n\t\t<meta property=\"og:site_name\" content=\"El Digital de Asturias \u2013 Revista de ocio, turismo y estilo de vida\" \/>\n\t\t<meta property=\"og:type\" content=\"article\" \/>\n\t\t<meta property=\"og:title\" content=\"Luis Eduardo Cort\u00e9s dimite de sus cargos en Ifema | El Digital de Asturias\" \/>\n\t\t<meta property=\"og:description\" content=\"El hasta ahora presidente del Comit\u00e9 Ejecutivo y vicepresidente de Ifema, Luis Eduardo Cort\u00e9s, ha renunciado a todos sus cargos en la entidad ferial, seg\u00fan han indicado a Europa Press fuentes de la instituci\u00f3n. En la reuni\u00f3n de ayer en el Comit\u00e9 de Ifema se comunic\u00f3 oficialmente la renuncia voluntaria de Cortes a sus cargos\" \/>\n\t\t<meta property=\"og:url\" content=\"https:\/\/eldigitaldeasturias.com\/magazine365\/luis-eduardo-cortes-dimite-de-sus-cargos-en-ifema\/\" \/>\n\t\t<meta property=\"og:image\" content=\"https:\/\/eldigitaldeasturias.com\/magazine365\/wp-content\/uploads\/2016\/05\/fotonoticia_20160505141719_800.jpg\" \/>\n\t\t<meta property=\"og:image:secure_url\" content=\"https:\/\/eldigitaldeasturias.com\/magazine365\/wp-content\/uploads\/2016\/05\/fotonoticia_20160505141719_800.jpg\" \/>\n\t\t<meta property=\"og:image:width\" content=\"800\" \/>\n\t\t<meta property=\"og:image:height\" content=\"552\" \/>\n\t\t<meta property=\"article:published_time\" content=\"2016-05-10T10:43:06+00:00\" \/>\n\t\t<meta property=\"article:modified_time\" content=\"2016-05-10T10:43:06+00:00\" \/>\n\t\t<meta name=\"twitter:card\" content=\"summary_large_image\" \/>\n\t\t<meta name=\"twitter:title\" content=\"Luis Eduardo Cort\u00e9s dimite de sus cargos en Ifema | El Digital de Asturias\" \/>\n\t\t<meta name=\"twitter:description\" content=\"El hasta ahora presidente del Comit\u00e9 Ejecutivo y vicepresidente de Ifema, Luis Eduardo Cort\u00e9s, ha renunciado a todos sus cargos en la entidad ferial, seg\u00fan han indicado a Europa Press fuentes de la instituci\u00f3n. En la reuni\u00f3n de ayer en el Comit\u00e9 de Ifema se comunic\u00f3 oficialmente la renuncia voluntaria de Cortes a sus cargos\" \/>\n\t\t<meta name=\"twitter:image\" content=\"https:\/\/eldigitaldeasturias.com\/magazine365\/wp-content\/uploads\/2016\/05\/fotonoticia_20160505141719_800.jpg\" \/>\n\t\t<script type=\"application\/ld+json\" class=\"aioseo-schema\">\n\t\t\t{\"@context\":\"https:\\\/\\\/schema.org\",\"@graph\":[{\"@type\":\"Article\",\"@id\":\"https:\\\/\\\/eldigitaldeasturias.com\\\/magazine365\\\/luis-eduardo-cortes-dimite-de-sus-cargos-en-ifema\\\/#article\",\"name\":\"Luis Eduardo Cort\\u00e9s dimite de sus cargos en Ifema | El Digital de Asturias\",\"headline\":\"Luis Eduardo Cort\\u00e9s dimite de sus cargos en Ifema\",\"author\":{\"@id\":\"https:\\\/\\\/eldigitaldeasturias.com\\\/magazine365\\\/author\\\/admin\\\/#author\"},\"publisher\":{\"@id\":\"https:\\\/\\\/eldigitaldeasturias.com\\\/magazine365\\\/#organization\"},\"image\":{\"@type\":\"ImageObject\",\"url\":\"https:\\\/\\\/eldigitaldeasturias.com\\\/magazine365\\\/wp-content\\\/uploads\\\/2016\\\/05\\\/fotonoticia_20160505141719_800.jpg\",\"width\":800,\"height\":552},\"datePublished\":\"2016-05-10T12:43:06+02:00\",\"dateModified\":\"2016-05-10T12:43:06+02:00\",\"inLanguage\":\"es-ES\",\"mainEntityOfPage\":{\"@id\":\"https:\\\/\\\/eldigitaldeasturias.com\\\/magazine365\\\/luis-eduardo-cortes-dimite-de-sus-cargos-en-ifema\\\/#webpage\"},\"isPartOf\":{\"@id\":\"https:\\\/\\\/eldigitaldeasturias.com\\\/magazine365\\\/luis-eduardo-cortes-dimite-de-sus-cargos-en-ifema\\\/#webpage\"},\"articleSection\":\"Noticias y Actualidad\"},{\"@type\":\"BreadcrumbList\",\"@id\":\"https:\\\/\\\/eldigitaldeasturias.com\\\/magazine365\\\/luis-eduardo-cortes-dimite-de-sus-cargos-en-ifema\\\/#breadcrumblist\",\"itemListElement\":[{\"@type\":\"ListItem\",\"@id\":\"https:\\\/\\\/eldigitaldeasturias.com\\\/magazine365#listItem\",\"position\":1,\"name\":\"Home\",\"item\":\"https:\\\/\\\/eldigitaldeasturias.com\\\/magazine365\",\"nextItem\":{\"@type\":\"ListItem\",\"@id\":\"https:\\\/\\\/eldigitaldeasturias.com\\\/magazine365\\\/category\\\/noticias-actualidad\\\/#listItem\",\"name\":\"Noticias y Actualidad\"}},{\"@type\":\"ListItem\",\"@id\":\"https:\\\/\\\/eldigitaldeasturias.com\\\/magazine365\\\/category\\\/noticias-actualidad\\\/#listItem\",\"position\":2,\"name\":\"Noticias y Actualidad\",\"item\":\"https:\\\/\\\/eldigitaldeasturias.com\\\/magazine365\\\/category\\\/noticias-actualidad\\\/\",\"nextItem\":{\"@type\":\"ListItem\",\"@id\":\"https:\\\/\\\/eldigitaldeasturias.com\\\/magazine365\\\/luis-eduardo-cortes-dimite-de-sus-cargos-en-ifema\\\/#listItem\",\"name\":\"Luis Eduardo Cort\\u00e9s dimite de sus cargos en Ifema\"},\"previousItem\":{\"@type\":\"ListItem\",\"@id\":\"https:\\\/\\\/eldigitaldeasturias.com\\\/magazine365#listItem\",\"name\":\"Home\"}},{\"@type\":\"ListItem\",\"@id\":\"https:\\\/\\\/eldigitaldeasturias.com\\\/magazine365\\\/luis-eduardo-cortes-dimite-de-sus-cargos-en-ifema\\\/#listItem\",\"position\":3,\"name\":\"Luis Eduardo Cort\\u00e9s dimite de sus cargos en Ifema\",\"previousItem\":{\"@type\":\"ListItem\",\"@id\":\"https:\\\/\\\/eldigitaldeasturias.com\\\/magazine365\\\/category\\\/noticias-actualidad\\\/#listItem\",\"name\":\"Noticias y Actualidad\"}}]},{\"@type\":\"Organization\",\"@id\":\"https:\\\/\\\/eldigitaldeasturias.com\\\/magazine365\\\/#organization\",\"name\":\"El digital de Asturias\",\"description\":\"Revista de ocio, turismo y estilo de vida\",\"url\":\"https:\\\/\\\/eldigitaldeasturias.com\\\/magazine365\\\/\",\"logo\":{\"@type\":\"ImageObject\",\"url\":\"https:\\\/\\\/www.eldigitaldeasturias.com\\\/noticias\\\/wp-content\\\/uploads\\\/2020\\\/12\\\/EDA.jpg\",\"@id\":\"https:\\\/\\\/eldigitaldeasturias.com\\\/magazine365\\\/luis-eduardo-cortes-dimite-de-sus-cargos-en-ifema\\\/#organizationLogo\"},\"image\":{\"@id\":\"https:\\\/\\\/eldigitaldeasturias.com\\\/magazine365\\\/luis-eduardo-cortes-dimite-de-sus-cargos-en-ifema\\\/#organizationLogo\"}},{\"@type\":\"Person\",\"@id\":\"https:\\\/\\\/eldigitaldeasturias.com\\\/magazine365\\\/author\\\/admin\\\/#author\",\"url\":\"https:\\\/\\\/eldigitaldeasturias.com\\\/magazine365\\\/author\\\/admin\\\/\",\"name\":\"admin\",\"image\":{\"@type\":\"ImageObject\",\"@id\":\"https:\\\/\\\/eldigitaldeasturias.com\\\/magazine365\\\/luis-eduardo-cortes-dimite-de-sus-cargos-en-ifema\\\/#authorImage\",\"url\":\"https:\\\/\\\/eldigitaldeasturias.com\\\/magazine365\\\/wp-content\\\/litespeed\\\/avatar\\\/e571bcf59a0edd6fa6838245a470f2fe.jpg?ver=1777574230\",\"width\":96,\"height\":96,\"caption\":\"admin\"}},{\"@type\":\"WebPage\",\"@id\":\"https:\\\/\\\/eldigitaldeasturias.com\\\/magazine365\\\/luis-eduardo-cortes-dimite-de-sus-cargos-en-ifema\\\/#webpage\",\"url\":\"https:\\\/\\\/eldigitaldeasturias.com\\\/magazine365\\\/luis-eduardo-cortes-dimite-de-sus-cargos-en-ifema\\\/\",\"name\":\"Luis Eduardo Cort\\u00e9s dimite de sus cargos en Ifema | El Digital de Asturias\",\"description\":\"El hasta ahora presidente del Comit\\u00e9 Ejecutivo y vicepresidente de Ifema, Luis Eduardo Cort\\u00e9s, ha renunciado a todos sus cargos en la entidad ferial, seg\\u00fan han indicado a Europa Press fuentes de la instituci\\u00f3n. En la reuni\\u00f3n de ayer en el Comit\\u00e9 de Ifema se comunic\\u00f3 oficialmente la renuncia voluntaria de Cortes a sus cargos\",\"inLanguage\":\"es-ES\",\"isPartOf\":{\"@id\":\"https:\\\/\\\/eldigitaldeasturias.com\\\/magazine365\\\/#website\"},\"breadcrumb\":{\"@id\":\"https:\\\/\\\/eldigitaldeasturias.com\\\/magazine365\\\/luis-eduardo-cortes-dimite-de-sus-cargos-en-ifema\\\/#breadcrumblist\"},\"author\":{\"@id\":\"https:\\\/\\\/eldigitaldeasturias.com\\\/magazine365\\\/author\\\/admin\\\/#author\"},\"creator\":{\"@id\":\"https:\\\/\\\/eldigitaldeasturias.com\\\/magazine365\\\/author\\\/admin\\\/#author\"},\"image\":{\"@type\":\"ImageObject\",\"url\":\"https:\\\/\\\/eldigitaldeasturias.com\\\/magazine365\\\/wp-content\\\/uploads\\\/2016\\\/05\\\/fotonoticia_20160505141719_800.jpg\",\"@id\":\"https:\\\/\\\/eldigitaldeasturias.com\\\/magazine365\\\/luis-eduardo-cortes-dimite-de-sus-cargos-en-ifema\\\/#mainImage\",\"width\":800,\"height\":552},\"primaryImageOfPage\":{\"@id\":\"https:\\\/\\\/eldigitaldeasturias.com\\\/magazine365\\\/luis-eduardo-cortes-dimite-de-sus-cargos-en-ifema\\\/#mainImage\"},\"datePublished\":\"2016-05-10T12:43:06+02:00\",\"dateModified\":\"2016-05-10T12:43:06+02:00\"},{\"@type\":\"WebSite\",\"@id\":\"https:\\\/\\\/eldigitaldeasturias.com\\\/magazine365\\\/#website\",\"url\":\"https:\\\/\\\/eldigitaldeasturias.com\\\/magazine365\\\/\",\"name\":\"El Digital de Asturias\",\"description\":\"Revista de ocio, turismo y estilo de vida\",\"inLanguage\":\"es-ES\",\"publisher\":{\"@id\":\"https:\\\/\\\/eldigitaldeasturias.com\\\/magazine365\\\/#organization\"}}]}\n\t\t<\/script>\n\t\t<!-- All in One SEO Pro -->\r\n\t\t<title>Luis Eduardo Cort\u00e9s dimite de sus cargos en Ifema | El Digital de Asturias<\/title>\n\n","aioseo_head_json":{"title":"Luis Eduardo Cort\u00e9s dimite de sus cargos en Ifema | El Digital de Asturias","description":"El hasta ahora presidente del Comit\u00e9 Ejecutivo y vicepresidente de Ifema, Luis Eduardo Cort\u00e9s, ha renunciado a todos sus cargos en la entidad ferial, seg\u00fan han indicado a Europa Press fuentes de la instituci\u00f3n. En la reuni\u00f3n de ayer en el Comit\u00e9 de Ifema se comunic\u00f3 oficialmente la renuncia voluntaria de Cortes a sus cargos","canonical_url":"https:\/\/eldigitaldeasturias.com\/magazine365\/luis-eduardo-cortes-dimite-de-sus-cargos-en-ifema\/","robots":"max-image-preview:large","keywords":"noticias y actualidad","webmasterTools":{"google-site-verification":"UA-38556648-1","miscellaneous":""},"schema":{"@context":"https:\/\/schema.org","@graph":[{"@type":"Article","@id":"https:\/\/eldigitaldeasturias.com\/magazine365\/luis-eduardo-cortes-dimite-de-sus-cargos-en-ifema\/#article","name":"Luis Eduardo Cort\u00e9s dimite de sus cargos en Ifema | El Digital de Asturias","headline":"Luis Eduardo Cort\u00e9s dimite de sus cargos en Ifema","author":{"@id":"https:\/\/eldigitaldeasturias.com\/magazine365\/author\/admin\/#author"},"publisher":{"@id":"https:\/\/eldigitaldeasturias.com\/magazine365\/#organization"},"image":{"@type":"ImageObject","url":"https:\/\/eldigitaldeasturias.com\/magazine365\/wp-content\/uploads\/2016\/05\/fotonoticia_20160505141719_800.jpg","width":800,"height":552},"datePublished":"2016-05-10T12:43:06+02:00","dateModified":"2016-05-10T12:43:06+02:00","inLanguage":"es-ES","mainEntityOfPage":{"@id":"https:\/\/eldigitaldeasturias.com\/magazine365\/luis-eduardo-cortes-dimite-de-sus-cargos-en-ifema\/#webpage"},"isPartOf":{"@id":"https:\/\/eldigitaldeasturias.com\/magazine365\/luis-eduardo-cortes-dimite-de-sus-cargos-en-ifema\/#webpage"},"articleSection":"Noticias y Actualidad"},{"@type":"BreadcrumbList","@id":"https:\/\/eldigitaldeasturias.com\/magazine365\/luis-eduardo-cortes-dimite-de-sus-cargos-en-ifema\/#breadcrumblist","itemListElement":[{"@type":"ListItem","@id":"https:\/\/eldigitaldeasturias.com\/magazine365#listItem","position":1,"name":"Home","item":"https:\/\/eldigitaldeasturias.com\/magazine365","nextItem":{"@type":"ListItem","@id":"https:\/\/eldigitaldeasturias.com\/magazine365\/category\/noticias-actualidad\/#listItem","name":"Noticias y Actualidad"}},{"@type":"ListItem","@id":"https:\/\/eldigitaldeasturias.com\/magazine365\/category\/noticias-actualidad\/#listItem","position":2,"name":"Noticias y Actualidad","item":"https:\/\/eldigitaldeasturias.com\/magazine365\/category\/noticias-actualidad\/","nextItem":{"@type":"ListItem","@id":"https:\/\/eldigitaldeasturias.com\/magazine365\/luis-eduardo-cortes-dimite-de-sus-cargos-en-ifema\/#listItem","name":"Luis Eduardo Cort\u00e9s dimite de sus cargos en Ifema"},"previousItem":{"@type":"ListItem","@id":"https:\/\/eldigitaldeasturias.com\/magazine365#listItem","name":"Home"}},{"@type":"ListItem","@id":"https:\/\/eldigitaldeasturias.com\/magazine365\/luis-eduardo-cortes-dimite-de-sus-cargos-en-ifema\/#listItem","position":3,"name":"Luis Eduardo Cort\u00e9s dimite de sus cargos en Ifema","previousItem":{"@type":"ListItem","@id":"https:\/\/eldigitaldeasturias.com\/magazine365\/category\/noticias-actualidad\/#listItem","name":"Noticias y Actualidad"}}]},{"@type":"Organization","@id":"https:\/\/eldigitaldeasturias.com\/magazine365\/#organization","name":"El digital de Asturias","description":"Revista de ocio, turismo y estilo de vida","url":"https:\/\/eldigitaldeasturias.com\/magazine365\/","logo":{"@type":"ImageObject","url":"https:\/\/www.eldigitaldeasturias.com\/noticias\/wp-content\/uploads\/2020\/12\/EDA.jpg","@id":"https:\/\/eldigitaldeasturias.com\/magazine365\/luis-eduardo-cortes-dimite-de-sus-cargos-en-ifema\/#organizationLogo"},"image":{"@id":"https:\/\/eldigitaldeasturias.com\/magazine365\/luis-eduardo-cortes-dimite-de-sus-cargos-en-ifema\/#organizationLogo"}},{"@type":"Person","@id":"https:\/\/eldigitaldeasturias.com\/magazine365\/author\/admin\/#author","url":"https:\/\/eldigitaldeasturias.com\/magazine365\/author\/admin\/","name":"admin","image":{"@type":"ImageObject","@id":"https:\/\/eldigitaldeasturias.com\/magazine365\/luis-eduardo-cortes-dimite-de-sus-cargos-en-ifema\/#authorImage","url":"https:\/\/eldigitaldeasturias.com\/magazine365\/wp-content\/litespeed\/avatar\/e571bcf59a0edd6fa6838245a470f2fe.jpg?ver=1777574230","width":96,"height":96,"caption":"admin"}},{"@type":"WebPage","@id":"https:\/\/eldigitaldeasturias.com\/magazine365\/luis-eduardo-cortes-dimite-de-sus-cargos-en-ifema\/#webpage","url":"https:\/\/eldigitaldeasturias.com\/magazine365\/luis-eduardo-cortes-dimite-de-sus-cargos-en-ifema\/","name":"Luis Eduardo Cort\u00e9s dimite de sus cargos en Ifema | El Digital de Asturias","description":"El hasta ahora presidente del Comit\u00e9 Ejecutivo y vicepresidente de Ifema, Luis Eduardo Cort\u00e9s, ha renunciado a todos sus cargos en la entidad ferial, seg\u00fan han indicado a Europa Press fuentes de la instituci\u00f3n. En la reuni\u00f3n de ayer en el Comit\u00e9 de Ifema se comunic\u00f3 oficialmente la renuncia voluntaria de Cortes a sus cargos","inLanguage":"es-ES","isPartOf":{"@id":"https:\/\/eldigitaldeasturias.com\/magazine365\/#website"},"breadcrumb":{"@id":"https:\/\/eldigitaldeasturias.com\/magazine365\/luis-eduardo-cortes-dimite-de-sus-cargos-en-ifema\/#breadcrumblist"},"author":{"@id":"https:\/\/eldigitaldeasturias.com\/magazine365\/author\/admin\/#author"},"creator":{"@id":"https:\/\/eldigitaldeasturias.com\/magazine365\/author\/admin\/#author"},"image":{"@type":"ImageObject","url":"https:\/\/eldigitaldeasturias.com\/magazine365\/wp-content\/uploads\/2016\/05\/fotonoticia_20160505141719_800.jpg","@id":"https:\/\/eldigitaldeasturias.com\/magazine365\/luis-eduardo-cortes-dimite-de-sus-cargos-en-ifema\/#mainImage","width":800,"height":552},"primaryImageOfPage":{"@id":"https:\/\/eldigitaldeasturias.com\/magazine365\/luis-eduardo-cortes-dimite-de-sus-cargos-en-ifema\/#mainImage"},"datePublished":"2016-05-10T12:43:06+02:00","dateModified":"2016-05-10T12:43:06+02:00"},{"@type":"WebSite","@id":"https:\/\/eldigitaldeasturias.com\/magazine365\/#website","url":"https:\/\/eldigitaldeasturias.com\/magazine365\/","name":"El Digital de Asturias","description":"Revista de ocio, turismo y estilo de vida","inLanguage":"es-ES","publisher":{"@id":"https:\/\/eldigitaldeasturias.com\/magazine365\/#organization"}}]},"og:locale":"es_ES","og:site_name":"El Digital de Asturias \u2013 Revista de ocio, turismo y estilo de vida","og:type":"article","og:title":"Luis Eduardo Cort\u00e9s dimite de sus cargos en Ifema | El Digital de Asturias","og:description":"El hasta ahora presidente del Comit\u00e9 Ejecutivo y vicepresidente de Ifema, Luis Eduardo Cort\u00e9s, ha renunciado a todos sus cargos en la entidad ferial, seg\u00fan han indicado a Europa Press fuentes de la instituci\u00f3n. En la reuni\u00f3n de ayer en el Comit\u00e9 de Ifema se comunic\u00f3 oficialmente la renuncia voluntaria de Cortes a sus cargos","og:url":"https:\/\/eldigitaldeasturias.com\/magazine365\/luis-eduardo-cortes-dimite-de-sus-cargos-en-ifema\/","og:image":"https:\/\/eldigitaldeasturias.com\/magazine365\/wp-content\/uploads\/2016\/05\/fotonoticia_20160505141719_800.jpg","og:image:secure_url":"https:\/\/eldigitaldeasturias.com\/magazine365\/wp-content\/uploads\/2016\/05\/fotonoticia_20160505141719_800.jpg","og:image:width":800,"og:image:height":552,"article:published_time":"2016-05-10T10:43:06+00:00","article:modified_time":"2016-05-10T10:43:06+00:00","twitter:card":"summary_large_image","twitter:title":"Luis Eduardo Cort\u00e9s dimite de sus cargos en Ifema | El Digital de Asturias","twitter:description":"El hasta ahora presidente del Comit\u00e9 Ejecutivo y vicepresidente de Ifema, Luis Eduardo Cort\u00e9s, ha renunciado a todos sus cargos en la entidad ferial, seg\u00fan han indicado a Europa Press fuentes de la instituci\u00f3n. En la reuni\u00f3n de ayer en el Comit\u00e9 de Ifema se comunic\u00f3 oficialmente la renuncia voluntaria de Cortes a sus cargos","twitter:image":"https:\/\/eldigitaldeasturias.com\/magazine365\/wp-content\/uploads\/2016\/05\/fotonoticia_20160505141719_800.jpg"},"aioseo_meta_data":{"post_id":"76095","title":null,"description":null,"keywords":null,"keyphrases":null,"primary_term":null,"canonical_url":null,"og_title":null,"og_description":null,"og_object_type":"default","og_image_type":"default","og_image_url":null,"og_image_width":null,"og_image_height":null,"og_image_custom_url":null,"og_image_custom_fields":null,"og_video":null,"og_custom_url":null,"og_article_section":null,"og_article_tags":null,"twitter_use_og":false,"twitter_card":"default","twitter_image_type":"default","twitter_image_url":null,"twitter_image_custom_url":null,"twitter_image_custom_fields":null,"twitter_title":null,"twitter_description":null,"schema":{"blockGraphs":[],"customGraphs":[],"default":{"data":{"Article":[],"Course":[],"Dataset":[],"FAQPage":[],"Movie":[],"Person":[],"Product":[],"ProductReview":[],"Car":[],"Recipe":[],"Service":[],"SoftwareApplication":[],"WebPage":[]},"graphName":"","isEnabled":true},"graphs":[],"defaultGraph":"","defaultPostTypeGraph":""},"schema_type":null,"schema_type_options":null,"pillar_content":false,"robots_default":true,"robots_noindex":false,"robots_noarchive":false,"robots_nosnippet":false,"robots_nofollow":false,"robots_noimageindex":false,"robots_noodp":false,"robots_notranslate":false,"robots_max_snippet":null,"robots_max_videopreview":null,"robots_max_imagepreview":"large","priority":null,"frequency":null,"location":null,"local_seo":null,"seo_analyzer_scan_date":"2025-09-27 11:49:56","breadcrumb_settings":null,"limit_modified_date":false,"open_ai":null,"ai":null,"created":"2021-03-08 18:33:02","updated":"2025-09-27 11:49:56"},"aioseo_breadcrumb":"<div class=\"aioseo-breadcrumbs\"><span class=\"aioseo-breadcrumb\">\n\t<a href=\"https:\/\/eldigitaldeasturias.com\/magazine365\" title=\"Home\">Home<\/a>\n<\/span><span class=\"aioseo-breadcrumb-separator\">\u2013<\/span><span class=\"aioseo-breadcrumb\">\n\t<a href=\"https:\/\/eldigitaldeasturias.com\/magazine365\/category\/noticias-actualidad\/\" title=\"Noticias y Actualidad\">Noticias y Actualidad<\/a>\n<\/span><span class=\"aioseo-breadcrumb-separator\">\u2013<\/span><span class=\"aioseo-breadcrumb\">\n\t<a href=\"https:\/\/eldigitaldeasturias.com\/magazine365\/luis-eduardo-cortes-dimite-de-sus-cargos-en-ifema\/\" title=\"Luis Eduardo Cort\u00e9s dimite de sus cargos en Ifema\">Luis Eduardo Cort\u00e9s dimite de sus cargos en Ifema<\/a>\n<\/span><\/div>","aioseo_breadcrumb_json":[{"label":"Home","link":"https:\/\/eldigitaldeasturias.com\/magazine365"},{"label":"Noticias y Actualidad","link":"https:\/\/eldigitaldeasturias.com\/magazine365\/category\/noticias-actualidad\/"},{"label":"Luis Eduardo Cort\u00e9s dimite de sus cargos en Ifema","link":"https:\/\/eldigitaldeasturias.com\/magazine365\/luis-eduardo-cortes-dimite-de-sus-cargos-en-ifema\/"}],"_links":{"self":[{"href":"https:\/\/eldigitaldeasturias.com\/magazine365\/wp-json\/wp\/v2\/posts\/76095","targetHints":{"allow":["GET"]}}],"collection":[{"href":"https:\/\/eldigitaldeasturias.com\/magazine365\/wp-json\/wp\/v2\/posts"}],"about":[{"href":"https:\/\/eldigitaldeasturias.com\/magazine365\/wp-json\/wp\/v2\/types\/post"}],"author":[{"embeddable":true,"href":"https:\/\/eldigitaldeasturias.com\/magazine365\/wp-json\/wp\/v2\/users\/1"}],"replies":[{"embeddable":true,"href":"https:\/\/eldigitaldeasturias.com\/magazine365\/wp-json\/wp\/v2\/comments?post=76095"}],"version-history":[{"count":0,"href":"https:\/\/eldigitaldeasturias.com\/magazine365\/wp-json\/wp\/v2\/posts\/76095\/revisions"}],"wp:featuredmedia":[{"embeddable":true,"href":"https:\/\/eldigitaldeasturias.com\/magazine365\/wp-json\/wp\/v2\/media\/76096"}],"wp:attachment":[{"href":"https:\/\/eldigitaldeasturias.com\/magazine365\/wp-json\/wp\/v2\/media?parent=76095"}],"wp:term":[{"taxonomy":"category","embeddable":true,"href":"https:\/\/eldigitaldeasturias.com\/magazine365\/wp-json\/wp\/v2\/categories?post=76095"},{"taxonomy":"post_tag","embeddable":true,"href":"https:\/\/eldigitaldeasturias.com\/magazine365\/wp-json\/wp\/v2\/tags?post=76095"}],"curies":[{"name":"wp","href":"https:\/\/api.w.org\/{rel}","templated":true}]}}