{"id":76081,"date":"2016-05-09T03:25:44","date_gmt":"2016-05-09T01:25:44","guid":{"rendered":"http:\/\/eldigitaldeasturias.com\/magazine365\/?p=76081"},"modified":"2016-05-09T03:25:44","modified_gmt":"2016-05-09T01:25:44","slug":"la-ruta-europea-de-las-aves-impulsara-el-desarrollo-economico-de-la-zona-de-la-nava","status":"publish","type":"post","link":"https:\/\/eldigitaldeasturias.com\/magazine365\/la-ruta-europea-de-las-aves-impulsara-el-desarrollo-economico-de-la-zona-de-la-nava\/","title":{"rendered":"La &#8216;Ruta Europea de las Aves&#8217; impulsar\u00e1 el desarrollo econ\u00f3mico de la zona de La Nava"},"content":{"rendered":"<p><img fetchpriority=\"high\" decoding=\"async\" class=\"alignleft size-medium wp-image-76082\" src=\"https:\/\/eldigitaldeasturias.com\/magazine365\/wp-content\/uploads\/2016\/05\/fotonoticia_20160505141126_800-360x270.jpg\" alt=\"fotonoticia_20160505141126_800\" width=\"360\" height=\"270\" srcset=\"https:\/\/eldigitaldeasturias.com\/magazine365\/wp-content\/uploads\/2016\/05\/fotonoticia_20160505141126_800-360x270.jpg 360w, https:\/\/eldigitaldeasturias.com\/magazine365\/wp-content\/uploads\/2016\/05\/fotonoticia_20160505141126_800-650x488.jpg 650w, https:\/\/eldigitaldeasturias.com\/magazine365\/wp-content\/uploads\/2016\/05\/fotonoticia_20160505141126_800-768x576.jpg 768w, https:\/\/eldigitaldeasturias.com\/magazine365\/wp-content\/uploads\/2016\/05\/fotonoticia_20160505141126_800-150x113.jpg 150w, https:\/\/eldigitaldeasturias.com\/magazine365\/wp-content\/uploads\/2016\/05\/fotonoticia_20160505141126_800-450x338.jpg 450w, https:\/\/eldigitaldeasturias.com\/magazine365\/wp-content\/uploads\/2016\/05\/fotonoticia_20160505141126_800-90x67.jpg 90w, https:\/\/eldigitaldeasturias.com\/magazine365\/wp-content\/uploads\/2016\/05\/fotonoticia_20160505141126_800-164x124.jpg 164w, https:\/\/eldigitaldeasturias.com\/magazine365\/wp-content\/uploads\/2016\/05\/fotonoticia_20160505141126_800-100x75.jpg 100w, https:\/\/eldigitaldeasturias.com\/magazine365\/wp-content\/uploads\/2016\/05\/fotonoticia_20160505141126_800.jpg 800w\" sizes=\"(max-width: 360px) 100vw, 360px\" \/>La &#8216;Ruta Europea de las Aves&#8217; (Birdflyway) tratar\u00e1 de impulsar el desarrollo econ\u00f3mico de la zona de la Laguna de La Nava, en la provincia de Palencia, en el marco de un proyecto que comprende otras zonas h\u00famedas que conforman el recorrido espa\u00f1ol de este itinerario transeuropeo integrado por humedales situados en la ruta migratoria del \u00e1nsar com\u00fan y el \u00e1guila pescadora.<\/p>\n<p>La Casa del Parque de Fuentes de Nava ha sido el escenario elegido para acoger en la provincia de Palencia la presentaci\u00f3n del proyecto, del que forma parte la Laguna de la Nava y que de forma simult\u00e1nea se ha dado a conocer en las otras tres zonas h\u00famedas (Urdaibai en Vizcaya; El Oso en \u00c1vila y Do\u00f1ana en Huelva, Sevilla y C\u00e1diz).<\/p>\n<p>Este proyecto tiene como objetivos la puesta en valor de los humedales que componen la ruta, muchos de los cuales forman parte de la Red Natura 2000, y la generaci\u00f3n de recursos econ\u00f3micos que reviertan en la conservaci\u00f3n y gesti\u00f3n de estos espacios naturales, as\u00ed como en beneficio de sus comunidades locales.<\/p>\n<p>En concreto, Birdflyway pretende promocionar y dar a conocer la comarca de cada una de las etapas. Para ello, se ha dise\u00f1ado una serie de retos que los visitantes deber\u00e1n cumplimentar antes de obtener el sellado del pasaporte que acredite que ha cumplido esa etapa.<\/p>\n<p>En este sentido, la etapa de La Nava incluye una visita a la escultura de Jorge Manrique, situada en la Plaza Mayor del municipio palentino de Paredes de Nava, los palomares as\u00ed como la observaci\u00f3n de avutardas en Guaza de Campos y de varias especies en la Laguna de La Nava en Fuentes de Nava.<\/p>\n<p>En la actualidad la ruta est\u00e1 compuesta por trece etapas distribuidas en siete pa\u00edses: Espa\u00f1a (cuatro etapas), Reino Unido (cuatro etapas), Suecia (una etapa), Holanda (una etapa), Francia (una etapa), B\u00e9lgica (una etapa) y Portugal (una etapa).<\/p>\n<p>LAGUNA DE LA NAVA<\/p>\n<p>A d\u00eda de hoy, con una extensi\u00f3n de 307 hect\u00e1reas, La Nava es una de las zonas h\u00famedas m\u00e1s importantes de Espa\u00f1a. Un total de 259 especies de aves han sido detectadas en este reducido enclave, lo que supone aproximadamente el 50 por ciento de las presentes en todo el territorio espa\u00f1ol.<\/p>\n<p>Durante los meses invernales, La Nava recibe todos los a\u00f1os la visita de varios miles de aves acu\u00e1ticas, siendo el \u00e1nsar com\u00fan la especie m\u00e1s abundante, con una poblaci\u00f3n media de 12.000-15.000 ejemplares. A los \u00e1nsares se suman otras especies de an\u00e1tidas como el pato cuchara, cerceta com\u00fan, \u00e1nade real, \u00e1nade friso o \u00e1nade silb\u00f3n.<\/p>\n<p>Por otro lado, en los meses de primavera y verano, sus someras aguas y zonas de vegetaci\u00f3n palustre sirven como lugar de nidificaci\u00f3n para especies como la garza imperial, la cig\u00fce\u00f1uela, fochas, avefr\u00edas o gaviotas reidoras.<\/p>\n<p>Estos aguazales cumplen tambi\u00e9n un papel fundamental como lugar de reposo, descanso y alimentaci\u00f3n durante los pasos migratorios; recalando especies tan amenazadas y escasas como el carricer\u00edn cejudo.<\/p>\n<p>Adem\u00e1s, este espacio natural tiene un papel ecol\u00f3gico y es tambi\u00e9n un importante motor de la econom\u00eda terracampina, ya que m\u00e1s de 20.000 personas visitan todos los a\u00f1os este humedal, generando importantes recursos econ\u00f3micos y contribuyendo al mantenimiento del mundo rural.<\/p>\n","protected":false},"excerpt":{"rendered":"<p>La &#8216;Ruta Europea de las Aves&#8217; (Birdflyway) tratar\u00e1 de impulsar el desarrollo econ\u00f3mico de la zona de la Laguna de La Nava, en la provincia de Palencia, en el marco de un proyecto que comprende otras zonas h\u00famedas que conforman el recorrido espa\u00f1ol de este itinerario transeuropeo integrado por humedales situados en la ruta migratoria<\/p>\n","protected":false},"author":1,"featured_media":76082,"comment_status":"open","ping_status":"closed","sticky":false,"template":"","format":"standard","meta":{"footnotes":""},"categories":[224],"tags":[],"class_list":{"0":"post-76081","1":"post","2":"type-post","3":"status-publish","4":"format-standard","5":"has-post-thumbnail","7":"category-noticias-actualidad"},"aioseo_notices":[],"aioseo_head":"\n\t\t<!-- All in One SEO Pro 4.9.6.1 - aioseo.com -->\n\t<meta name=\"description\" content=\"La &#039;Ruta Europea de las Aves&#039; (Birdflyway) tratar\u00e1 de impulsar el desarrollo econ\u00f3mico de la zona de la Laguna de La Nava, en la provincia de Palencia, en el marco de un proyecto que comprende otras zonas h\u00famedas que conforman el recorrido espa\u00f1ol de este itinerario transeuropeo integrado por humedales situados en la ruta migratoria\" \/>\n\t<meta name=\"robots\" content=\"max-image-preview:large\" \/>\n\t<meta name=\"author\" content=\"admin\"\/>\n\t<meta name=\"google-site-verification\" content=\"UA-38556648-1\" \/>\n\t<meta name=\"keywords\" content=\"noticias y actualidad\" \/>\n\t<link rel=\"canonical\" href=\"https:\/\/eldigitaldeasturias.com\/magazine365\/la-ruta-europea-de-las-aves-impulsara-el-desarrollo-economico-de-la-zona-de-la-nava\/\" \/>\n\t<meta name=\"generator\" content=\"All in One SEO Pro (AIOSEO) 4.9.6.1\" \/>\n\t\t<meta property=\"og:locale\" content=\"es_ES\" \/>\n\t\t<meta property=\"og:site_name\" content=\"El Digital de Asturias \u2013 Revista de ocio, turismo y estilo de vida\" \/>\n\t\t<meta property=\"og:type\" content=\"article\" \/>\n\t\t<meta property=\"og:title\" content=\"La \u2018Ruta Europea de las Aves\u2019 impulsar\u00e1 el desarrollo econ\u00f3mico de la zona de La Nava | El Digital de Asturias\" \/>\n\t\t<meta property=\"og:description\" content=\"La &#039;Ruta Europea de las Aves&#039; (Birdflyway) tratar\u00e1 de impulsar el desarrollo econ\u00f3mico de la zona de la Laguna de La Nava, en la provincia de Palencia, en el marco de un proyecto que comprende otras zonas h\u00famedas que conforman el recorrido espa\u00f1ol de este itinerario transeuropeo integrado por humedales situados en la ruta migratoria\" \/>\n\t\t<meta property=\"og:url\" content=\"https:\/\/eldigitaldeasturias.com\/magazine365\/la-ruta-europea-de-las-aves-impulsara-el-desarrollo-economico-de-la-zona-de-la-nava\/\" \/>\n\t\t<meta property=\"og:image\" content=\"https:\/\/eldigitaldeasturias.com\/magazine365\/wp-content\/uploads\/2016\/05\/fotonoticia_20160505141126_800.jpg\" \/>\n\t\t<meta property=\"og:image:secure_url\" content=\"https:\/\/eldigitaldeasturias.com\/magazine365\/wp-content\/uploads\/2016\/05\/fotonoticia_20160505141126_800.jpg\" \/>\n\t\t<meta property=\"og:image:width\" content=\"800\" \/>\n\t\t<meta property=\"og:image:height\" content=\"600\" \/>\n\t\t<meta property=\"article:published_time\" content=\"2016-05-09T01:25:44+00:00\" \/>\n\t\t<meta property=\"article:modified_time\" content=\"2016-05-09T01:25:44+00:00\" \/>\n\t\t<meta name=\"twitter:card\" content=\"summary_large_image\" \/>\n\t\t<meta name=\"twitter:title\" content=\"La \u2018Ruta Europea de las Aves\u2019 impulsar\u00e1 el desarrollo econ\u00f3mico de la zona de La Nava | El Digital de Asturias\" \/>\n\t\t<meta name=\"twitter:description\" content=\"La &#039;Ruta Europea de las Aves&#039; (Birdflyway) tratar\u00e1 de impulsar el desarrollo econ\u00f3mico de la zona de la Laguna de La Nava, en la provincia de Palencia, en el marco de un proyecto que comprende otras zonas h\u00famedas que conforman el recorrido espa\u00f1ol de este itinerario transeuropeo integrado por humedales situados en la ruta migratoria\" \/>\n\t\t<meta name=\"twitter:image\" content=\"https:\/\/eldigitaldeasturias.com\/magazine365\/wp-content\/uploads\/2016\/05\/fotonoticia_20160505141126_800.jpg\" \/>\n\t\t<script type=\"application\/ld+json\" class=\"aioseo-schema\">\n\t\t\t{\"@context\":\"https:\\\/\\\/schema.org\",\"@graph\":[{\"@type\":\"Article\",\"@id\":\"https:\\\/\\\/eldigitaldeasturias.com\\\/magazine365\\\/la-ruta-europea-de-las-aves-impulsara-el-desarrollo-economico-de-la-zona-de-la-nava\\\/#article\",\"name\":\"La \\u2018Ruta Europea de las Aves\\u2019 impulsar\\u00e1 el desarrollo econ\\u00f3mico de la zona de La Nava | El Digital de Asturias\",\"headline\":\"La &#8216;Ruta Europea de las Aves&#8217; impulsar\\u00e1 el desarrollo econ\\u00f3mico de la zona de La Nava\",\"author\":{\"@id\":\"https:\\\/\\\/eldigitaldeasturias.com\\\/magazine365\\\/author\\\/admin\\\/#author\"},\"publisher\":{\"@id\":\"https:\\\/\\\/eldigitaldeasturias.com\\\/magazine365\\\/#organization\"},\"image\":{\"@type\":\"ImageObject\",\"url\":\"https:\\\/\\\/eldigitaldeasturias.com\\\/magazine365\\\/wp-content\\\/uploads\\\/2016\\\/05\\\/fotonoticia_20160505141126_800.jpg\",\"width\":800,\"height\":600},\"datePublished\":\"2016-05-09T03:25:44+02:00\",\"dateModified\":\"2016-05-09T03:25:44+02:00\",\"inLanguage\":\"es-ES\",\"mainEntityOfPage\":{\"@id\":\"https:\\\/\\\/eldigitaldeasturias.com\\\/magazine365\\\/la-ruta-europea-de-las-aves-impulsara-el-desarrollo-economico-de-la-zona-de-la-nava\\\/#webpage\"},\"isPartOf\":{\"@id\":\"https:\\\/\\\/eldigitaldeasturias.com\\\/magazine365\\\/la-ruta-europea-de-las-aves-impulsara-el-desarrollo-economico-de-la-zona-de-la-nava\\\/#webpage\"},\"articleSection\":\"Noticias y Actualidad\"},{\"@type\":\"BreadcrumbList\",\"@id\":\"https:\\\/\\\/eldigitaldeasturias.com\\\/magazine365\\\/la-ruta-europea-de-las-aves-impulsara-el-desarrollo-economico-de-la-zona-de-la-nava\\\/#breadcrumblist\",\"itemListElement\":[{\"@type\":\"ListItem\",\"@id\":\"https:\\\/\\\/eldigitaldeasturias.com\\\/magazine365#listItem\",\"position\":1,\"name\":\"Home\",\"item\":\"https:\\\/\\\/eldigitaldeasturias.com\\\/magazine365\",\"nextItem\":{\"@type\":\"ListItem\",\"@id\":\"https:\\\/\\\/eldigitaldeasturias.com\\\/magazine365\\\/category\\\/noticias-actualidad\\\/#listItem\",\"name\":\"Noticias y Actualidad\"}},{\"@type\":\"ListItem\",\"@id\":\"https:\\\/\\\/eldigitaldeasturias.com\\\/magazine365\\\/category\\\/noticias-actualidad\\\/#listItem\",\"position\":2,\"name\":\"Noticias y Actualidad\",\"item\":\"https:\\\/\\\/eldigitaldeasturias.com\\\/magazine365\\\/category\\\/noticias-actualidad\\\/\",\"nextItem\":{\"@type\":\"ListItem\",\"@id\":\"https:\\\/\\\/eldigitaldeasturias.com\\\/magazine365\\\/la-ruta-europea-de-las-aves-impulsara-el-desarrollo-economico-de-la-zona-de-la-nava\\\/#listItem\",\"name\":\"La &#8216;Ruta Europea de las Aves&#8217; impulsar\\u00e1 el desarrollo econ\\u00f3mico de la zona de La Nava\"},\"previousItem\":{\"@type\":\"ListItem\",\"@id\":\"https:\\\/\\\/eldigitaldeasturias.com\\\/magazine365#listItem\",\"name\":\"Home\"}},{\"@type\":\"ListItem\",\"@id\":\"https:\\\/\\\/eldigitaldeasturias.com\\\/magazine365\\\/la-ruta-europea-de-las-aves-impulsara-el-desarrollo-economico-de-la-zona-de-la-nava\\\/#listItem\",\"position\":3,\"name\":\"La &#8216;Ruta Europea de las Aves&#8217; impulsar\\u00e1 el desarrollo econ\\u00f3mico de la zona de La Nava\",\"previousItem\":{\"@type\":\"ListItem\",\"@id\":\"https:\\\/\\\/eldigitaldeasturias.com\\\/magazine365\\\/category\\\/noticias-actualidad\\\/#listItem\",\"name\":\"Noticias y Actualidad\"}}]},{\"@type\":\"Organization\",\"@id\":\"https:\\\/\\\/eldigitaldeasturias.com\\\/magazine365\\\/#organization\",\"name\":\"El digital de Asturias\",\"description\":\"Revista de ocio, turismo y estilo de vida\",\"url\":\"https:\\\/\\\/eldigitaldeasturias.com\\\/magazine365\\\/\",\"logo\":{\"@type\":\"ImageObject\",\"url\":\"https:\\\/\\\/www.eldigitaldeasturias.com\\\/noticias\\\/wp-content\\\/uploads\\\/2020\\\/12\\\/EDA.jpg\",\"@id\":\"https:\\\/\\\/eldigitaldeasturias.com\\\/magazine365\\\/la-ruta-europea-de-las-aves-impulsara-el-desarrollo-economico-de-la-zona-de-la-nava\\\/#organizationLogo\"},\"image\":{\"@id\":\"https:\\\/\\\/eldigitaldeasturias.com\\\/magazine365\\\/la-ruta-europea-de-las-aves-impulsara-el-desarrollo-economico-de-la-zona-de-la-nava\\\/#organizationLogo\"}},{\"@type\":\"Person\",\"@id\":\"https:\\\/\\\/eldigitaldeasturias.com\\\/magazine365\\\/author\\\/admin\\\/#author\",\"url\":\"https:\\\/\\\/eldigitaldeasturias.com\\\/magazine365\\\/author\\\/admin\\\/\",\"name\":\"admin\",\"image\":{\"@type\":\"ImageObject\",\"@id\":\"https:\\\/\\\/eldigitaldeasturias.com\\\/magazine365\\\/la-ruta-europea-de-las-aves-impulsara-el-desarrollo-economico-de-la-zona-de-la-nava\\\/#authorImage\",\"url\":\"https:\\\/\\\/eldigitaldeasturias.com\\\/magazine365\\\/wp-content\\\/litespeed\\\/avatar\\\/e571bcf59a0edd6fa6838245a470f2fe.jpg?ver=1777574230\",\"width\":96,\"height\":96,\"caption\":\"admin\"}},{\"@type\":\"WebPage\",\"@id\":\"https:\\\/\\\/eldigitaldeasturias.com\\\/magazine365\\\/la-ruta-europea-de-las-aves-impulsara-el-desarrollo-economico-de-la-zona-de-la-nava\\\/#webpage\",\"url\":\"https:\\\/\\\/eldigitaldeasturias.com\\\/magazine365\\\/la-ruta-europea-de-las-aves-impulsara-el-desarrollo-economico-de-la-zona-de-la-nava\\\/\",\"name\":\"La \\u2018Ruta Europea de las Aves\\u2019 impulsar\\u00e1 el desarrollo econ\\u00f3mico de la zona de La Nava | El Digital de Asturias\",\"description\":\"La 'Ruta Europea de las Aves' (Birdflyway) tratar\\u00e1 de impulsar el desarrollo econ\\u00f3mico de la zona de la Laguna de La Nava, en la provincia de Palencia, en el marco de un proyecto que comprende otras zonas h\\u00famedas que conforman el recorrido espa\\u00f1ol de este itinerario transeuropeo integrado por humedales situados en la ruta migratoria\",\"inLanguage\":\"es-ES\",\"isPartOf\":{\"@id\":\"https:\\\/\\\/eldigitaldeasturias.com\\\/magazine365\\\/#website\"},\"breadcrumb\":{\"@id\":\"https:\\\/\\\/eldigitaldeasturias.com\\\/magazine365\\\/la-ruta-europea-de-las-aves-impulsara-el-desarrollo-economico-de-la-zona-de-la-nava\\\/#breadcrumblist\"},\"author\":{\"@id\":\"https:\\\/\\\/eldigitaldeasturias.com\\\/magazine365\\\/author\\\/admin\\\/#author\"},\"creator\":{\"@id\":\"https:\\\/\\\/eldigitaldeasturias.com\\\/magazine365\\\/author\\\/admin\\\/#author\"},\"image\":{\"@type\":\"ImageObject\",\"url\":\"https:\\\/\\\/eldigitaldeasturias.com\\\/magazine365\\\/wp-content\\\/uploads\\\/2016\\\/05\\\/fotonoticia_20160505141126_800.jpg\",\"@id\":\"https:\\\/\\\/eldigitaldeasturias.com\\\/magazine365\\\/la-ruta-europea-de-las-aves-impulsara-el-desarrollo-economico-de-la-zona-de-la-nava\\\/#mainImage\",\"width\":800,\"height\":600},\"primaryImageOfPage\":{\"@id\":\"https:\\\/\\\/eldigitaldeasturias.com\\\/magazine365\\\/la-ruta-europea-de-las-aves-impulsara-el-desarrollo-economico-de-la-zona-de-la-nava\\\/#mainImage\"},\"datePublished\":\"2016-05-09T03:25:44+02:00\",\"dateModified\":\"2016-05-09T03:25:44+02:00\"},{\"@type\":\"WebSite\",\"@id\":\"https:\\\/\\\/eldigitaldeasturias.com\\\/magazine365\\\/#website\",\"url\":\"https:\\\/\\\/eldigitaldeasturias.com\\\/magazine365\\\/\",\"name\":\"El Digital de Asturias\",\"description\":\"Revista de ocio, turismo y estilo de vida\",\"inLanguage\":\"es-ES\",\"publisher\":{\"@id\":\"https:\\\/\\\/eldigitaldeasturias.com\\\/magazine365\\\/#organization\"}}]}\n\t\t<\/script>\n\t\t<!-- All in One SEO Pro -->\r\n\t\t<title>La \u2018Ruta Europea de las Aves\u2019 impulsar\u00e1 el desarrollo econ\u00f3mico de la zona de La Nava | El Digital de Asturias<\/title>\n\n","aioseo_head_json":{"title":"La \u2018Ruta Europea de las Aves\u2019 impulsar\u00e1 el desarrollo econ\u00f3mico de la zona de La Nava | El Digital de Asturias","description":"La 'Ruta Europea de las Aves' (Birdflyway) tratar\u00e1 de impulsar el desarrollo econ\u00f3mico de la zona de la Laguna de La Nava, en la provincia de Palencia, en el marco de un proyecto que comprende otras zonas h\u00famedas que conforman el recorrido espa\u00f1ol de este itinerario transeuropeo integrado por humedales situados en la ruta migratoria","canonical_url":"https:\/\/eldigitaldeasturias.com\/magazine365\/la-ruta-europea-de-las-aves-impulsara-el-desarrollo-economico-de-la-zona-de-la-nava\/","robots":"max-image-preview:large","keywords":"noticias y actualidad","webmasterTools":{"google-site-verification":"UA-38556648-1","miscellaneous":""},"schema":{"@context":"https:\/\/schema.org","@graph":[{"@type":"Article","@id":"https:\/\/eldigitaldeasturias.com\/magazine365\/la-ruta-europea-de-las-aves-impulsara-el-desarrollo-economico-de-la-zona-de-la-nava\/#article","name":"La \u2018Ruta Europea de las Aves\u2019 impulsar\u00e1 el desarrollo econ\u00f3mico de la zona de La Nava | El Digital de Asturias","headline":"La &#8216;Ruta Europea de las Aves&#8217; impulsar\u00e1 el desarrollo econ\u00f3mico de la zona de La Nava","author":{"@id":"https:\/\/eldigitaldeasturias.com\/magazine365\/author\/admin\/#author"},"publisher":{"@id":"https:\/\/eldigitaldeasturias.com\/magazine365\/#organization"},"image":{"@type":"ImageObject","url":"https:\/\/eldigitaldeasturias.com\/magazine365\/wp-content\/uploads\/2016\/05\/fotonoticia_20160505141126_800.jpg","width":800,"height":600},"datePublished":"2016-05-09T03:25:44+02:00","dateModified":"2016-05-09T03:25:44+02:00","inLanguage":"es-ES","mainEntityOfPage":{"@id":"https:\/\/eldigitaldeasturias.com\/magazine365\/la-ruta-europea-de-las-aves-impulsara-el-desarrollo-economico-de-la-zona-de-la-nava\/#webpage"},"isPartOf":{"@id":"https:\/\/eldigitaldeasturias.com\/magazine365\/la-ruta-europea-de-las-aves-impulsara-el-desarrollo-economico-de-la-zona-de-la-nava\/#webpage"},"articleSection":"Noticias y Actualidad"},{"@type":"BreadcrumbList","@id":"https:\/\/eldigitaldeasturias.com\/magazine365\/la-ruta-europea-de-las-aves-impulsara-el-desarrollo-economico-de-la-zona-de-la-nava\/#breadcrumblist","itemListElement":[{"@type":"ListItem","@id":"https:\/\/eldigitaldeasturias.com\/magazine365#listItem","position":1,"name":"Home","item":"https:\/\/eldigitaldeasturias.com\/magazine365","nextItem":{"@type":"ListItem","@id":"https:\/\/eldigitaldeasturias.com\/magazine365\/category\/noticias-actualidad\/#listItem","name":"Noticias y Actualidad"}},{"@type":"ListItem","@id":"https:\/\/eldigitaldeasturias.com\/magazine365\/category\/noticias-actualidad\/#listItem","position":2,"name":"Noticias y Actualidad","item":"https:\/\/eldigitaldeasturias.com\/magazine365\/category\/noticias-actualidad\/","nextItem":{"@type":"ListItem","@id":"https:\/\/eldigitaldeasturias.com\/magazine365\/la-ruta-europea-de-las-aves-impulsara-el-desarrollo-economico-de-la-zona-de-la-nava\/#listItem","name":"La &#8216;Ruta Europea de las Aves&#8217; impulsar\u00e1 el desarrollo econ\u00f3mico de la zona de La Nava"},"previousItem":{"@type":"ListItem","@id":"https:\/\/eldigitaldeasturias.com\/magazine365#listItem","name":"Home"}},{"@type":"ListItem","@id":"https:\/\/eldigitaldeasturias.com\/magazine365\/la-ruta-europea-de-las-aves-impulsara-el-desarrollo-economico-de-la-zona-de-la-nava\/#listItem","position":3,"name":"La &#8216;Ruta Europea de las Aves&#8217; impulsar\u00e1 el desarrollo econ\u00f3mico de la zona de La Nava","previousItem":{"@type":"ListItem","@id":"https:\/\/eldigitaldeasturias.com\/magazine365\/category\/noticias-actualidad\/#listItem","name":"Noticias y Actualidad"}}]},{"@type":"Organization","@id":"https:\/\/eldigitaldeasturias.com\/magazine365\/#organization","name":"El digital de Asturias","description":"Revista de ocio, turismo y estilo de vida","url":"https:\/\/eldigitaldeasturias.com\/magazine365\/","logo":{"@type":"ImageObject","url":"https:\/\/www.eldigitaldeasturias.com\/noticias\/wp-content\/uploads\/2020\/12\/EDA.jpg","@id":"https:\/\/eldigitaldeasturias.com\/magazine365\/la-ruta-europea-de-las-aves-impulsara-el-desarrollo-economico-de-la-zona-de-la-nava\/#organizationLogo"},"image":{"@id":"https:\/\/eldigitaldeasturias.com\/magazine365\/la-ruta-europea-de-las-aves-impulsara-el-desarrollo-economico-de-la-zona-de-la-nava\/#organizationLogo"}},{"@type":"Person","@id":"https:\/\/eldigitaldeasturias.com\/magazine365\/author\/admin\/#author","url":"https:\/\/eldigitaldeasturias.com\/magazine365\/author\/admin\/","name":"admin","image":{"@type":"ImageObject","@id":"https:\/\/eldigitaldeasturias.com\/magazine365\/la-ruta-europea-de-las-aves-impulsara-el-desarrollo-economico-de-la-zona-de-la-nava\/#authorImage","url":"https:\/\/eldigitaldeasturias.com\/magazine365\/wp-content\/litespeed\/avatar\/e571bcf59a0edd6fa6838245a470f2fe.jpg?ver=1777574230","width":96,"height":96,"caption":"admin"}},{"@type":"WebPage","@id":"https:\/\/eldigitaldeasturias.com\/magazine365\/la-ruta-europea-de-las-aves-impulsara-el-desarrollo-economico-de-la-zona-de-la-nava\/#webpage","url":"https:\/\/eldigitaldeasturias.com\/magazine365\/la-ruta-europea-de-las-aves-impulsara-el-desarrollo-economico-de-la-zona-de-la-nava\/","name":"La \u2018Ruta Europea de las Aves\u2019 impulsar\u00e1 el desarrollo econ\u00f3mico de la zona de La Nava | El Digital de Asturias","description":"La 'Ruta Europea de las Aves' (Birdflyway) tratar\u00e1 de impulsar el desarrollo econ\u00f3mico de la zona de la Laguna de La Nava, en la provincia de Palencia, en el marco de un proyecto que comprende otras zonas h\u00famedas que conforman el recorrido espa\u00f1ol de este itinerario transeuropeo integrado por humedales situados en la ruta migratoria","inLanguage":"es-ES","isPartOf":{"@id":"https:\/\/eldigitaldeasturias.com\/magazine365\/#website"},"breadcrumb":{"@id":"https:\/\/eldigitaldeasturias.com\/magazine365\/la-ruta-europea-de-las-aves-impulsara-el-desarrollo-economico-de-la-zona-de-la-nava\/#breadcrumblist"},"author":{"@id":"https:\/\/eldigitaldeasturias.com\/magazine365\/author\/admin\/#author"},"creator":{"@id":"https:\/\/eldigitaldeasturias.com\/magazine365\/author\/admin\/#author"},"image":{"@type":"ImageObject","url":"https:\/\/eldigitaldeasturias.com\/magazine365\/wp-content\/uploads\/2016\/05\/fotonoticia_20160505141126_800.jpg","@id":"https:\/\/eldigitaldeasturias.com\/magazine365\/la-ruta-europea-de-las-aves-impulsara-el-desarrollo-economico-de-la-zona-de-la-nava\/#mainImage","width":800,"height":600},"primaryImageOfPage":{"@id":"https:\/\/eldigitaldeasturias.com\/magazine365\/la-ruta-europea-de-las-aves-impulsara-el-desarrollo-economico-de-la-zona-de-la-nava\/#mainImage"},"datePublished":"2016-05-09T03:25:44+02:00","dateModified":"2016-05-09T03:25:44+02:00"},{"@type":"WebSite","@id":"https:\/\/eldigitaldeasturias.com\/magazine365\/#website","url":"https:\/\/eldigitaldeasturias.com\/magazine365\/","name":"El Digital de Asturias","description":"Revista de ocio, turismo y estilo de vida","inLanguage":"es-ES","publisher":{"@id":"https:\/\/eldigitaldeasturias.com\/magazine365\/#organization"}}]},"og:locale":"es_ES","og:site_name":"El Digital de Asturias \u2013 Revista de ocio, turismo y estilo de vida","og:type":"article","og:title":"La \u2018Ruta Europea de las Aves\u2019 impulsar\u00e1 el desarrollo econ\u00f3mico de la zona de La Nava | El Digital de Asturias","og:description":"La 'Ruta Europea de las Aves' (Birdflyway) tratar\u00e1 de impulsar el desarrollo econ\u00f3mico de la zona de la Laguna de La Nava, en la provincia de Palencia, en el marco de un proyecto que comprende otras zonas h\u00famedas que conforman el recorrido espa\u00f1ol de este itinerario transeuropeo integrado por humedales situados en la ruta migratoria","og:url":"https:\/\/eldigitaldeasturias.com\/magazine365\/la-ruta-europea-de-las-aves-impulsara-el-desarrollo-economico-de-la-zona-de-la-nava\/","og:image":"https:\/\/eldigitaldeasturias.com\/magazine365\/wp-content\/uploads\/2016\/05\/fotonoticia_20160505141126_800.jpg","og:image:secure_url":"https:\/\/eldigitaldeasturias.com\/magazine365\/wp-content\/uploads\/2016\/05\/fotonoticia_20160505141126_800.jpg","og:image:width":800,"og:image:height":600,"article:published_time":"2016-05-09T01:25:44+00:00","article:modified_time":"2016-05-09T01:25:44+00:00","twitter:card":"summary_large_image","twitter:title":"La \u2018Ruta Europea de las Aves\u2019 impulsar\u00e1 el desarrollo econ\u00f3mico de la zona de La Nava | El Digital de Asturias","twitter:description":"La 'Ruta Europea de las Aves' (Birdflyway) tratar\u00e1 de impulsar el desarrollo econ\u00f3mico de la zona de la Laguna de La Nava, en la provincia de Palencia, en el marco de un proyecto que comprende otras zonas h\u00famedas que conforman el recorrido espa\u00f1ol de este itinerario transeuropeo integrado por humedales situados en la ruta migratoria","twitter:image":"https:\/\/eldigitaldeasturias.com\/magazine365\/wp-content\/uploads\/2016\/05\/fotonoticia_20160505141126_800.jpg"},"aioseo_meta_data":{"post_id":"76081","title":null,"description":null,"keywords":null,"keyphrases":null,"primary_term":null,"canonical_url":null,"og_title":null,"og_description":null,"og_object_type":"default","og_image_type":"default","og_image_url":null,"og_image_width":null,"og_image_height":null,"og_image_custom_url":null,"og_image_custom_fields":null,"og_video":null,"og_custom_url":null,"og_article_section":null,"og_article_tags":null,"twitter_use_og":false,"twitter_card":"default","twitter_image_type":"default","twitter_image_url":null,"twitter_image_custom_url":null,"twitter_image_custom_fields":null,"twitter_title":null,"twitter_description":null,"schema":{"blockGraphs":[],"customGraphs":[],"default":{"data":{"Article":[],"Course":[],"Dataset":[],"FAQPage":[],"Movie":[],"Person":[],"Product":[],"ProductReview":[],"Car":[],"Recipe":[],"Service":[],"SoftwareApplication":[],"WebPage":[]},"graphName":"","isEnabled":true},"graphs":[],"defaultGraph":"","defaultPostTypeGraph":""},"schema_type":null,"schema_type_options":null,"pillar_content":false,"robots_default":true,"robots_noindex":false,"robots_noarchive":false,"robots_nosnippet":false,"robots_nofollow":false,"robots_noimageindex":false,"robots_noodp":false,"robots_notranslate":false,"robots_max_snippet":null,"robots_max_videopreview":null,"robots_max_imagepreview":"large","priority":null,"frequency":null,"location":null,"local_seo":null,"seo_analyzer_scan_date":"2025-09-27 11:48:44","breadcrumb_settings":null,"limit_modified_date":false,"open_ai":null,"ai":null,"created":"2021-03-08 18:33:02","updated":"2025-09-27 11:48:44"},"aioseo_breadcrumb":"<div class=\"aioseo-breadcrumbs\"><span class=\"aioseo-breadcrumb\">\n\t<a href=\"https:\/\/eldigitaldeasturias.com\/magazine365\" title=\"Home\">Home<\/a>\n<\/span><span class=\"aioseo-breadcrumb-separator\">\u2013<\/span><span class=\"aioseo-breadcrumb\">\n\t<a href=\"https:\/\/eldigitaldeasturias.com\/magazine365\/category\/noticias-actualidad\/\" title=\"Noticias y Actualidad\">Noticias y Actualidad<\/a>\n<\/span><span class=\"aioseo-breadcrumb-separator\">\u2013<\/span><span class=\"aioseo-breadcrumb\">\n\t<a href=\"https:\/\/eldigitaldeasturias.com\/magazine365\/la-ruta-europea-de-las-aves-impulsara-el-desarrollo-economico-de-la-zona-de-la-nava\/\" title=\"La \u2018Ruta Europea de las Aves\u2019 impulsar\u00e1 el desarrollo econ\u00f3mico de la zona de La Nava\">La \u2018Ruta Europea de las Aves\u2019 impulsar\u00e1 el desarrollo econ\u00f3mico de la zona de La Nava<\/a>\n<\/span><\/div>","aioseo_breadcrumb_json":[{"label":"Home","link":"https:\/\/eldigitaldeasturias.com\/magazine365"},{"label":"Noticias y Actualidad","link":"https:\/\/eldigitaldeasturias.com\/magazine365\/category\/noticias-actualidad\/"},{"label":"La &#8216;Ruta Europea de las Aves&#8217; impulsar\u00e1 el desarrollo econ\u00f3mico de la zona de La Nava","link":"https:\/\/eldigitaldeasturias.com\/magazine365\/la-ruta-europea-de-las-aves-impulsara-el-desarrollo-economico-de-la-zona-de-la-nava\/"}],"_links":{"self":[{"href":"https:\/\/eldigitaldeasturias.com\/magazine365\/wp-json\/wp\/v2\/posts\/76081","targetHints":{"allow":["GET"]}}],"collection":[{"href":"https:\/\/eldigitaldeasturias.com\/magazine365\/wp-json\/wp\/v2\/posts"}],"about":[{"href":"https:\/\/eldigitaldeasturias.com\/magazine365\/wp-json\/wp\/v2\/types\/post"}],"author":[{"embeddable":true,"href":"https:\/\/eldigitaldeasturias.com\/magazine365\/wp-json\/wp\/v2\/users\/1"}],"replies":[{"embeddable":true,"href":"https:\/\/eldigitaldeasturias.com\/magazine365\/wp-json\/wp\/v2\/comments?post=76081"}],"version-history":[{"count":0,"href":"https:\/\/eldigitaldeasturias.com\/magazine365\/wp-json\/wp\/v2\/posts\/76081\/revisions"}],"wp:featuredmedia":[{"embeddable":true,"href":"https:\/\/eldigitaldeasturias.com\/magazine365\/wp-json\/wp\/v2\/media\/76082"}],"wp:attachment":[{"href":"https:\/\/eldigitaldeasturias.com\/magazine365\/wp-json\/wp\/v2\/media?parent=76081"}],"wp:term":[{"taxonomy":"category","embeddable":true,"href":"https:\/\/eldigitaldeasturias.com\/magazine365\/wp-json\/wp\/v2\/categories?post=76081"},{"taxonomy":"post_tag","embeddable":true,"href":"https:\/\/eldigitaldeasturias.com\/magazine365\/wp-json\/wp\/v2\/tags?post=76081"}],"curies":[{"name":"wp","href":"https:\/\/api.w.org\/{rel}","templated":true}]}}