{"id":76078,"date":"2016-05-09T03:23:56","date_gmt":"2016-05-09T01:23:56","guid":{"rendered":"http:\/\/eldigitaldeasturias.com\/magazine365\/?p=76078"},"modified":"2016-05-09T03:23:56","modified_gmt":"2016-05-09T01:23:56","slug":"pastor-garantiza-el-servicio-del-ave-espana-francia-incluso-si-la-concesionaria-tp-ferro-deja-de-prestarlo","status":"publish","type":"post","link":"https:\/\/eldigitaldeasturias.com\/magazine365\/pastor-garantiza-el-servicio-del-ave-espana-francia-incluso-si-la-concesionaria-tp-ferro-deja-de-prestarlo\/","title":{"rendered":"Pastor garantiza el servicio del AVE Espa\u00f1a-Francia incluso si la concesionaria TP Ferro deja de prestarlo"},"content":{"rendered":"<p><img fetchpriority=\"high\" decoding=\"async\" class=\"alignleft size-medium wp-image-76079\" src=\"https:\/\/eldigitaldeasturias.com\/magazine365\/wp-content\/uploads\/2016\/05\/fotonoticia_20160505141038_800-218x300.jpg\" alt=\"fotonoticia_20160505141038_800\" width=\"218\" height=\"300\" srcset=\"https:\/\/eldigitaldeasturias.com\/magazine365\/wp-content\/uploads\/2016\/05\/fotonoticia_20160505141038_800-218x300.jpg 218w, https:\/\/eldigitaldeasturias.com\/magazine365\/wp-content\/uploads\/2016\/05\/fotonoticia_20160505141038_800-465x640.jpg 465w, https:\/\/eldigitaldeasturias.com\/magazine365\/wp-content\/uploads\/2016\/05\/fotonoticia_20160505141038_800-768x1056.jpg 768w, https:\/\/eldigitaldeasturias.com\/magazine365\/wp-content\/uploads\/2016\/05\/fotonoticia_20160505141038_800-150x206.jpg 150w, https:\/\/eldigitaldeasturias.com\/magazine365\/wp-content\/uploads\/2016\/05\/fotonoticia_20160505141038_800-450x619.jpg 450w, https:\/\/eldigitaldeasturias.com\/magazine365\/wp-content\/uploads\/2016\/05\/fotonoticia_20160505141038_800.jpg 800w\" sizes=\"(max-width: 218px) 100vw, 218px\" \/>La ministra de Fomento en funciones, Ana Pastor, ha afirmado este jueves que si la sociedad concesionaria TP Ferro deja de prestar el servicio al AVE Espa\u00f1a-Francia, \u00e9ste estar\u00e1 \u00abgarantizado\u00bb por parte de Renfe Operadora y la SCNF francesa.<\/p>\n<p>As\u00ed lo ha se\u00f1alado en declaraciones a los periodistas durante la inauguraci\u00f3n del Sal\u00f3n Inmobiliario Internacional de Madrid (SIMA), que se celebra hasta el domingo, en la que ha dicho esperar que TP Ferro, la sociedad concesionaria participada a partes iguales por la constructora espa\u00f1ola y la francesa Eiffage, pueda resolver sus problemas, despu\u00e9s de que haya solicitado preconcurso de acreedores en marzo de 2015.<\/p>\n<p>No obstante, ha afirmado que el Gobierno espa\u00f1ol y el franc\u00e9s prestar\u00e1n \u00abel servicio p\u00fablico\u00bb, por lo que el servicio estar\u00e1 \u00abgarantizado\u00bb por los dos operadores (Renfe Operadora y SCNF) si la concesionaria dejase de prestarlo.<\/p>\n<p>Preguntada por si el Gobierno estar\u00eda dispuesto a rescatar a la compa\u00f1\u00eda, Pastor ha se\u00f1alado que el Ejecutivo no se dedica a rescatar sino a \u00abdar un servicio y a resolver los problemas que desgraciadamente he tenido que sufrir y heredar\u00bb.<\/p>\n","protected":false},"excerpt":{"rendered":"<p>La ministra de Fomento en funciones, Ana Pastor, ha afirmado este jueves que si la sociedad concesionaria TP Ferro deja de prestar el servicio al AVE Espa\u00f1a-Francia, \u00e9ste estar\u00e1 \u00abgarantizado\u00bb por parte de Renfe Operadora y la SCNF francesa. As\u00ed lo ha se\u00f1alado en declaraciones a los periodistas durante la inauguraci\u00f3n del Sal\u00f3n Inmobiliario Internacional<\/p>\n","protected":false},"author":1,"featured_media":76079,"comment_status":"open","ping_status":"closed","sticky":false,"template":"","format":"standard","meta":{"footnotes":""},"categories":[224],"tags":[],"class_list":{"0":"post-76078","1":"post","2":"type-post","3":"status-publish","4":"format-standard","5":"has-post-thumbnail","7":"category-noticias-actualidad"},"aioseo_notices":[],"aioseo_head":"\n\t\t<!-- All in One SEO Pro 4.9.6.1 - aioseo.com -->\n\t<meta name=\"description\" content=\"La ministra de Fomento en funciones, Ana Pastor, ha afirmado este jueves que si la sociedad concesionaria TP Ferro deja de prestar el servicio al AVE Espa\u00f1a-Francia, \u00e9ste estar\u00e1 &quot;garantizado&quot; por parte de Renfe Operadora y la SCNF francesa. As\u00ed lo ha se\u00f1alado en declaraciones a los periodistas durante la inauguraci\u00f3n del Sal\u00f3n Inmobiliario Internacional\" \/>\n\t<meta name=\"robots\" content=\"max-image-preview:large\" \/>\n\t<meta name=\"author\" content=\"admin\"\/>\n\t<meta name=\"google-site-verification\" content=\"UA-38556648-1\" \/>\n\t<meta name=\"keywords\" content=\"noticias y actualidad\" \/>\n\t<link rel=\"canonical\" href=\"https:\/\/eldigitaldeasturias.com\/magazine365\/pastor-garantiza-el-servicio-del-ave-espana-francia-incluso-si-la-concesionaria-tp-ferro-deja-de-prestarlo\/\" \/>\n\t<meta name=\"generator\" content=\"All in One SEO Pro (AIOSEO) 4.9.6.1\" \/>\n\t\t<meta property=\"og:locale\" content=\"es_ES\" \/>\n\t\t<meta property=\"og:site_name\" content=\"El Digital de Asturias \u2013 Revista de ocio, turismo y estilo de vida\" \/>\n\t\t<meta property=\"og:type\" content=\"article\" \/>\n\t\t<meta property=\"og:title\" content=\"Pastor garantiza el servicio del AVE Espa\u00f1a-Francia incluso si la concesionaria TP Ferro deja de prestarlo | El Digital de Asturias\" \/>\n\t\t<meta property=\"og:description\" content=\"La ministra de Fomento en funciones, Ana Pastor, ha afirmado este jueves que si la sociedad concesionaria TP Ferro deja de prestar el servicio al AVE Espa\u00f1a-Francia, \u00e9ste estar\u00e1 &quot;garantizado&quot; por parte de Renfe Operadora y la SCNF francesa. As\u00ed lo ha se\u00f1alado en declaraciones a los periodistas durante la inauguraci\u00f3n del Sal\u00f3n Inmobiliario Internacional\" \/>\n\t\t<meta property=\"og:url\" content=\"https:\/\/eldigitaldeasturias.com\/magazine365\/pastor-garantiza-el-servicio-del-ave-espana-francia-incluso-si-la-concesionaria-tp-ferro-deja-de-prestarlo\/\" \/>\n\t\t<meta property=\"og:image\" content=\"https:\/\/eldigitaldeasturias.com\/magazine365\/wp-content\/uploads\/2016\/05\/fotonoticia_20160505141038_800.jpg\" \/>\n\t\t<meta property=\"og:image:secure_url\" content=\"https:\/\/eldigitaldeasturias.com\/magazine365\/wp-content\/uploads\/2016\/05\/fotonoticia_20160505141038_800.jpg\" \/>\n\t\t<meta property=\"og:image:width\" content=\"800\" \/>\n\t\t<meta property=\"og:image:height\" content=\"1100\" \/>\n\t\t<meta property=\"article:published_time\" content=\"2016-05-09T01:23:56+00:00\" \/>\n\t\t<meta property=\"article:modified_time\" content=\"2016-05-09T01:23:56+00:00\" \/>\n\t\t<meta name=\"twitter:card\" content=\"summary_large_image\" \/>\n\t\t<meta name=\"twitter:title\" content=\"Pastor garantiza el servicio del AVE Espa\u00f1a-Francia incluso si la concesionaria TP Ferro deja de prestarlo | El Digital de Asturias\" \/>\n\t\t<meta name=\"twitter:description\" content=\"La ministra de Fomento en funciones, Ana Pastor, ha afirmado este jueves que si la sociedad concesionaria TP Ferro deja de prestar el servicio al AVE Espa\u00f1a-Francia, \u00e9ste estar\u00e1 &quot;garantizado&quot; por parte de Renfe Operadora y la SCNF francesa. As\u00ed lo ha se\u00f1alado en declaraciones a los periodistas durante la inauguraci\u00f3n del Sal\u00f3n Inmobiliario Internacional\" \/>\n\t\t<meta name=\"twitter:image\" content=\"https:\/\/eldigitaldeasturias.com\/magazine365\/wp-content\/uploads\/2016\/05\/fotonoticia_20160505141038_800.jpg\" \/>\n\t\t<script type=\"application\/ld+json\" class=\"aioseo-schema\">\n\t\t\t{\"@context\":\"https:\\\/\\\/schema.org\",\"@graph\":[{\"@type\":\"Article\",\"@id\":\"https:\\\/\\\/eldigitaldeasturias.com\\\/magazine365\\\/pastor-garantiza-el-servicio-del-ave-espana-francia-incluso-si-la-concesionaria-tp-ferro-deja-de-prestarlo\\\/#article\",\"name\":\"Pastor garantiza el servicio del AVE Espa\\u00f1a-Francia incluso si la concesionaria TP Ferro deja de prestarlo | El Digital de Asturias\",\"headline\":\"Pastor garantiza el servicio del AVE Espa\\u00f1a-Francia incluso si la concesionaria TP Ferro deja de prestarlo\",\"author\":{\"@id\":\"https:\\\/\\\/eldigitaldeasturias.com\\\/magazine365\\\/author\\\/admin\\\/#author\"},\"publisher\":{\"@id\":\"https:\\\/\\\/eldigitaldeasturias.com\\\/magazine365\\\/#organization\"},\"image\":{\"@type\":\"ImageObject\",\"url\":\"https:\\\/\\\/eldigitaldeasturias.com\\\/magazine365\\\/wp-content\\\/uploads\\\/2016\\\/05\\\/fotonoticia_20160505141038_800.jpg\",\"width\":800,\"height\":1100},\"datePublished\":\"2016-05-09T03:23:56+02:00\",\"dateModified\":\"2016-05-09T03:23:56+02:00\",\"inLanguage\":\"es-ES\",\"mainEntityOfPage\":{\"@id\":\"https:\\\/\\\/eldigitaldeasturias.com\\\/magazine365\\\/pastor-garantiza-el-servicio-del-ave-espana-francia-incluso-si-la-concesionaria-tp-ferro-deja-de-prestarlo\\\/#webpage\"},\"isPartOf\":{\"@id\":\"https:\\\/\\\/eldigitaldeasturias.com\\\/magazine365\\\/pastor-garantiza-el-servicio-del-ave-espana-francia-incluso-si-la-concesionaria-tp-ferro-deja-de-prestarlo\\\/#webpage\"},\"articleSection\":\"Noticias y Actualidad\"},{\"@type\":\"BreadcrumbList\",\"@id\":\"https:\\\/\\\/eldigitaldeasturias.com\\\/magazine365\\\/pastor-garantiza-el-servicio-del-ave-espana-francia-incluso-si-la-concesionaria-tp-ferro-deja-de-prestarlo\\\/#breadcrumblist\",\"itemListElement\":[{\"@type\":\"ListItem\",\"@id\":\"https:\\\/\\\/eldigitaldeasturias.com\\\/magazine365#listItem\",\"position\":1,\"name\":\"Home\",\"item\":\"https:\\\/\\\/eldigitaldeasturias.com\\\/magazine365\",\"nextItem\":{\"@type\":\"ListItem\",\"@id\":\"https:\\\/\\\/eldigitaldeasturias.com\\\/magazine365\\\/category\\\/noticias-actualidad\\\/#listItem\",\"name\":\"Noticias y Actualidad\"}},{\"@type\":\"ListItem\",\"@id\":\"https:\\\/\\\/eldigitaldeasturias.com\\\/magazine365\\\/category\\\/noticias-actualidad\\\/#listItem\",\"position\":2,\"name\":\"Noticias y Actualidad\",\"item\":\"https:\\\/\\\/eldigitaldeasturias.com\\\/magazine365\\\/category\\\/noticias-actualidad\\\/\",\"nextItem\":{\"@type\":\"ListItem\",\"@id\":\"https:\\\/\\\/eldigitaldeasturias.com\\\/magazine365\\\/pastor-garantiza-el-servicio-del-ave-espana-francia-incluso-si-la-concesionaria-tp-ferro-deja-de-prestarlo\\\/#listItem\",\"name\":\"Pastor garantiza el servicio del AVE Espa\\u00f1a-Francia incluso si la concesionaria TP Ferro deja de prestarlo\"},\"previousItem\":{\"@type\":\"ListItem\",\"@id\":\"https:\\\/\\\/eldigitaldeasturias.com\\\/magazine365#listItem\",\"name\":\"Home\"}},{\"@type\":\"ListItem\",\"@id\":\"https:\\\/\\\/eldigitaldeasturias.com\\\/magazine365\\\/pastor-garantiza-el-servicio-del-ave-espana-francia-incluso-si-la-concesionaria-tp-ferro-deja-de-prestarlo\\\/#listItem\",\"position\":3,\"name\":\"Pastor garantiza el servicio del AVE Espa\\u00f1a-Francia incluso si la concesionaria TP Ferro deja de prestarlo\",\"previousItem\":{\"@type\":\"ListItem\",\"@id\":\"https:\\\/\\\/eldigitaldeasturias.com\\\/magazine365\\\/category\\\/noticias-actualidad\\\/#listItem\",\"name\":\"Noticias y Actualidad\"}}]},{\"@type\":\"Organization\",\"@id\":\"https:\\\/\\\/eldigitaldeasturias.com\\\/magazine365\\\/#organization\",\"name\":\"El digital de Asturias\",\"description\":\"Revista de ocio, turismo y estilo de vida\",\"url\":\"https:\\\/\\\/eldigitaldeasturias.com\\\/magazine365\\\/\",\"logo\":{\"@type\":\"ImageObject\",\"url\":\"https:\\\/\\\/www.eldigitaldeasturias.com\\\/noticias\\\/wp-content\\\/uploads\\\/2020\\\/12\\\/EDA.jpg\",\"@id\":\"https:\\\/\\\/eldigitaldeasturias.com\\\/magazine365\\\/pastor-garantiza-el-servicio-del-ave-espana-francia-incluso-si-la-concesionaria-tp-ferro-deja-de-prestarlo\\\/#organizationLogo\"},\"image\":{\"@id\":\"https:\\\/\\\/eldigitaldeasturias.com\\\/magazine365\\\/pastor-garantiza-el-servicio-del-ave-espana-francia-incluso-si-la-concesionaria-tp-ferro-deja-de-prestarlo\\\/#organizationLogo\"}},{\"@type\":\"Person\",\"@id\":\"https:\\\/\\\/eldigitaldeasturias.com\\\/magazine365\\\/author\\\/admin\\\/#author\",\"url\":\"https:\\\/\\\/eldigitaldeasturias.com\\\/magazine365\\\/author\\\/admin\\\/\",\"name\":\"admin\",\"image\":{\"@type\":\"ImageObject\",\"@id\":\"https:\\\/\\\/eldigitaldeasturias.com\\\/magazine365\\\/pastor-garantiza-el-servicio-del-ave-espana-francia-incluso-si-la-concesionaria-tp-ferro-deja-de-prestarlo\\\/#authorImage\",\"url\":\"https:\\\/\\\/eldigitaldeasturias.com\\\/magazine365\\\/wp-content\\\/litespeed\\\/avatar\\\/e571bcf59a0edd6fa6838245a470f2fe.jpg?ver=1777574230\",\"width\":96,\"height\":96,\"caption\":\"admin\"}},{\"@type\":\"WebPage\",\"@id\":\"https:\\\/\\\/eldigitaldeasturias.com\\\/magazine365\\\/pastor-garantiza-el-servicio-del-ave-espana-francia-incluso-si-la-concesionaria-tp-ferro-deja-de-prestarlo\\\/#webpage\",\"url\":\"https:\\\/\\\/eldigitaldeasturias.com\\\/magazine365\\\/pastor-garantiza-el-servicio-del-ave-espana-francia-incluso-si-la-concesionaria-tp-ferro-deja-de-prestarlo\\\/\",\"name\":\"Pastor garantiza el servicio del AVE Espa\\u00f1a-Francia incluso si la concesionaria TP Ferro deja de prestarlo | El Digital de Asturias\",\"description\":\"La ministra de Fomento en funciones, Ana Pastor, ha afirmado este jueves que si la sociedad concesionaria TP Ferro deja de prestar el servicio al AVE Espa\\u00f1a-Francia, \\u00e9ste estar\\u00e1 \\\"garantizado\\\" por parte de Renfe Operadora y la SCNF francesa. As\\u00ed lo ha se\\u00f1alado en declaraciones a los periodistas durante la inauguraci\\u00f3n del Sal\\u00f3n Inmobiliario Internacional\",\"inLanguage\":\"es-ES\",\"isPartOf\":{\"@id\":\"https:\\\/\\\/eldigitaldeasturias.com\\\/magazine365\\\/#website\"},\"breadcrumb\":{\"@id\":\"https:\\\/\\\/eldigitaldeasturias.com\\\/magazine365\\\/pastor-garantiza-el-servicio-del-ave-espana-francia-incluso-si-la-concesionaria-tp-ferro-deja-de-prestarlo\\\/#breadcrumblist\"},\"author\":{\"@id\":\"https:\\\/\\\/eldigitaldeasturias.com\\\/magazine365\\\/author\\\/admin\\\/#author\"},\"creator\":{\"@id\":\"https:\\\/\\\/eldigitaldeasturias.com\\\/magazine365\\\/author\\\/admin\\\/#author\"},\"image\":{\"@type\":\"ImageObject\",\"url\":\"https:\\\/\\\/eldigitaldeasturias.com\\\/magazine365\\\/wp-content\\\/uploads\\\/2016\\\/05\\\/fotonoticia_20160505141038_800.jpg\",\"@id\":\"https:\\\/\\\/eldigitaldeasturias.com\\\/magazine365\\\/pastor-garantiza-el-servicio-del-ave-espana-francia-incluso-si-la-concesionaria-tp-ferro-deja-de-prestarlo\\\/#mainImage\",\"width\":800,\"height\":1100},\"primaryImageOfPage\":{\"@id\":\"https:\\\/\\\/eldigitaldeasturias.com\\\/magazine365\\\/pastor-garantiza-el-servicio-del-ave-espana-francia-incluso-si-la-concesionaria-tp-ferro-deja-de-prestarlo\\\/#mainImage\"},\"datePublished\":\"2016-05-09T03:23:56+02:00\",\"dateModified\":\"2016-05-09T03:23:56+02:00\"},{\"@type\":\"WebSite\",\"@id\":\"https:\\\/\\\/eldigitaldeasturias.com\\\/magazine365\\\/#website\",\"url\":\"https:\\\/\\\/eldigitaldeasturias.com\\\/magazine365\\\/\",\"name\":\"El Digital de Asturias\",\"description\":\"Revista de ocio, turismo y estilo de vida\",\"inLanguage\":\"es-ES\",\"publisher\":{\"@id\":\"https:\\\/\\\/eldigitaldeasturias.com\\\/magazine365\\\/#organization\"}}]}\n\t\t<\/script>\n\t\t<!-- All in One SEO Pro -->\r\n\t\t<title>Pastor garantiza el servicio del AVE Espa\u00f1a-Francia incluso si la concesionaria TP Ferro deja de prestarlo | El Digital de Asturias<\/title>\n\n","aioseo_head_json":{"title":"Pastor garantiza el servicio del AVE Espa\u00f1a-Francia incluso si la concesionaria TP Ferro deja de prestarlo | El Digital de Asturias","description":"La ministra de Fomento en funciones, Ana Pastor, ha afirmado este jueves que si la sociedad concesionaria TP Ferro deja de prestar el servicio al AVE Espa\u00f1a-Francia, \u00e9ste estar\u00e1 \"garantizado\" por parte de Renfe Operadora y la SCNF francesa. As\u00ed lo ha se\u00f1alado en declaraciones a los periodistas durante la inauguraci\u00f3n del Sal\u00f3n Inmobiliario Internacional","canonical_url":"https:\/\/eldigitaldeasturias.com\/magazine365\/pastor-garantiza-el-servicio-del-ave-espana-francia-incluso-si-la-concesionaria-tp-ferro-deja-de-prestarlo\/","robots":"max-image-preview:large","keywords":"noticias y actualidad","webmasterTools":{"google-site-verification":"UA-38556648-1","miscellaneous":""},"schema":{"@context":"https:\/\/schema.org","@graph":[{"@type":"Article","@id":"https:\/\/eldigitaldeasturias.com\/magazine365\/pastor-garantiza-el-servicio-del-ave-espana-francia-incluso-si-la-concesionaria-tp-ferro-deja-de-prestarlo\/#article","name":"Pastor garantiza el servicio del AVE Espa\u00f1a-Francia incluso si la concesionaria TP Ferro deja de prestarlo | El Digital de Asturias","headline":"Pastor garantiza el servicio del AVE Espa\u00f1a-Francia incluso si la concesionaria TP Ferro deja de prestarlo","author":{"@id":"https:\/\/eldigitaldeasturias.com\/magazine365\/author\/admin\/#author"},"publisher":{"@id":"https:\/\/eldigitaldeasturias.com\/magazine365\/#organization"},"image":{"@type":"ImageObject","url":"https:\/\/eldigitaldeasturias.com\/magazine365\/wp-content\/uploads\/2016\/05\/fotonoticia_20160505141038_800.jpg","width":800,"height":1100},"datePublished":"2016-05-09T03:23:56+02:00","dateModified":"2016-05-09T03:23:56+02:00","inLanguage":"es-ES","mainEntityOfPage":{"@id":"https:\/\/eldigitaldeasturias.com\/magazine365\/pastor-garantiza-el-servicio-del-ave-espana-francia-incluso-si-la-concesionaria-tp-ferro-deja-de-prestarlo\/#webpage"},"isPartOf":{"@id":"https:\/\/eldigitaldeasturias.com\/magazine365\/pastor-garantiza-el-servicio-del-ave-espana-francia-incluso-si-la-concesionaria-tp-ferro-deja-de-prestarlo\/#webpage"},"articleSection":"Noticias y Actualidad"},{"@type":"BreadcrumbList","@id":"https:\/\/eldigitaldeasturias.com\/magazine365\/pastor-garantiza-el-servicio-del-ave-espana-francia-incluso-si-la-concesionaria-tp-ferro-deja-de-prestarlo\/#breadcrumblist","itemListElement":[{"@type":"ListItem","@id":"https:\/\/eldigitaldeasturias.com\/magazine365#listItem","position":1,"name":"Home","item":"https:\/\/eldigitaldeasturias.com\/magazine365","nextItem":{"@type":"ListItem","@id":"https:\/\/eldigitaldeasturias.com\/magazine365\/category\/noticias-actualidad\/#listItem","name":"Noticias y Actualidad"}},{"@type":"ListItem","@id":"https:\/\/eldigitaldeasturias.com\/magazine365\/category\/noticias-actualidad\/#listItem","position":2,"name":"Noticias y Actualidad","item":"https:\/\/eldigitaldeasturias.com\/magazine365\/category\/noticias-actualidad\/","nextItem":{"@type":"ListItem","@id":"https:\/\/eldigitaldeasturias.com\/magazine365\/pastor-garantiza-el-servicio-del-ave-espana-francia-incluso-si-la-concesionaria-tp-ferro-deja-de-prestarlo\/#listItem","name":"Pastor garantiza el servicio del AVE Espa\u00f1a-Francia incluso si la concesionaria TP Ferro deja de prestarlo"},"previousItem":{"@type":"ListItem","@id":"https:\/\/eldigitaldeasturias.com\/magazine365#listItem","name":"Home"}},{"@type":"ListItem","@id":"https:\/\/eldigitaldeasturias.com\/magazine365\/pastor-garantiza-el-servicio-del-ave-espana-francia-incluso-si-la-concesionaria-tp-ferro-deja-de-prestarlo\/#listItem","position":3,"name":"Pastor garantiza el servicio del AVE Espa\u00f1a-Francia incluso si la concesionaria TP Ferro deja de prestarlo","previousItem":{"@type":"ListItem","@id":"https:\/\/eldigitaldeasturias.com\/magazine365\/category\/noticias-actualidad\/#listItem","name":"Noticias y Actualidad"}}]},{"@type":"Organization","@id":"https:\/\/eldigitaldeasturias.com\/magazine365\/#organization","name":"El digital de Asturias","description":"Revista de ocio, turismo y estilo de vida","url":"https:\/\/eldigitaldeasturias.com\/magazine365\/","logo":{"@type":"ImageObject","url":"https:\/\/www.eldigitaldeasturias.com\/noticias\/wp-content\/uploads\/2020\/12\/EDA.jpg","@id":"https:\/\/eldigitaldeasturias.com\/magazine365\/pastor-garantiza-el-servicio-del-ave-espana-francia-incluso-si-la-concesionaria-tp-ferro-deja-de-prestarlo\/#organizationLogo"},"image":{"@id":"https:\/\/eldigitaldeasturias.com\/magazine365\/pastor-garantiza-el-servicio-del-ave-espana-francia-incluso-si-la-concesionaria-tp-ferro-deja-de-prestarlo\/#organizationLogo"}},{"@type":"Person","@id":"https:\/\/eldigitaldeasturias.com\/magazine365\/author\/admin\/#author","url":"https:\/\/eldigitaldeasturias.com\/magazine365\/author\/admin\/","name":"admin","image":{"@type":"ImageObject","@id":"https:\/\/eldigitaldeasturias.com\/magazine365\/pastor-garantiza-el-servicio-del-ave-espana-francia-incluso-si-la-concesionaria-tp-ferro-deja-de-prestarlo\/#authorImage","url":"https:\/\/eldigitaldeasturias.com\/magazine365\/wp-content\/litespeed\/avatar\/e571bcf59a0edd6fa6838245a470f2fe.jpg?ver=1777574230","width":96,"height":96,"caption":"admin"}},{"@type":"WebPage","@id":"https:\/\/eldigitaldeasturias.com\/magazine365\/pastor-garantiza-el-servicio-del-ave-espana-francia-incluso-si-la-concesionaria-tp-ferro-deja-de-prestarlo\/#webpage","url":"https:\/\/eldigitaldeasturias.com\/magazine365\/pastor-garantiza-el-servicio-del-ave-espana-francia-incluso-si-la-concesionaria-tp-ferro-deja-de-prestarlo\/","name":"Pastor garantiza el servicio del AVE Espa\u00f1a-Francia incluso si la concesionaria TP Ferro deja de prestarlo | El Digital de Asturias","description":"La ministra de Fomento en funciones, Ana Pastor, ha afirmado este jueves que si la sociedad concesionaria TP Ferro deja de prestar el servicio al AVE Espa\u00f1a-Francia, \u00e9ste estar\u00e1 \"garantizado\" por parte de Renfe Operadora y la SCNF francesa. As\u00ed lo ha se\u00f1alado en declaraciones a los periodistas durante la inauguraci\u00f3n del Sal\u00f3n Inmobiliario Internacional","inLanguage":"es-ES","isPartOf":{"@id":"https:\/\/eldigitaldeasturias.com\/magazine365\/#website"},"breadcrumb":{"@id":"https:\/\/eldigitaldeasturias.com\/magazine365\/pastor-garantiza-el-servicio-del-ave-espana-francia-incluso-si-la-concesionaria-tp-ferro-deja-de-prestarlo\/#breadcrumblist"},"author":{"@id":"https:\/\/eldigitaldeasturias.com\/magazine365\/author\/admin\/#author"},"creator":{"@id":"https:\/\/eldigitaldeasturias.com\/magazine365\/author\/admin\/#author"},"image":{"@type":"ImageObject","url":"https:\/\/eldigitaldeasturias.com\/magazine365\/wp-content\/uploads\/2016\/05\/fotonoticia_20160505141038_800.jpg","@id":"https:\/\/eldigitaldeasturias.com\/magazine365\/pastor-garantiza-el-servicio-del-ave-espana-francia-incluso-si-la-concesionaria-tp-ferro-deja-de-prestarlo\/#mainImage","width":800,"height":1100},"primaryImageOfPage":{"@id":"https:\/\/eldigitaldeasturias.com\/magazine365\/pastor-garantiza-el-servicio-del-ave-espana-francia-incluso-si-la-concesionaria-tp-ferro-deja-de-prestarlo\/#mainImage"},"datePublished":"2016-05-09T03:23:56+02:00","dateModified":"2016-05-09T03:23:56+02:00"},{"@type":"WebSite","@id":"https:\/\/eldigitaldeasturias.com\/magazine365\/#website","url":"https:\/\/eldigitaldeasturias.com\/magazine365\/","name":"El Digital de Asturias","description":"Revista de ocio, turismo y estilo de vida","inLanguage":"es-ES","publisher":{"@id":"https:\/\/eldigitaldeasturias.com\/magazine365\/#organization"}}]},"og:locale":"es_ES","og:site_name":"El Digital de Asturias \u2013 Revista de ocio, turismo y estilo de vida","og:type":"article","og:title":"Pastor garantiza el servicio del AVE Espa\u00f1a-Francia incluso si la concesionaria TP Ferro deja de prestarlo | El Digital de Asturias","og:description":"La ministra de Fomento en funciones, Ana Pastor, ha afirmado este jueves que si la sociedad concesionaria TP Ferro deja de prestar el servicio al AVE Espa\u00f1a-Francia, \u00e9ste estar\u00e1 &quot;garantizado&quot; por parte de Renfe Operadora y la SCNF francesa. As\u00ed lo ha se\u00f1alado en declaraciones a los periodistas durante la inauguraci\u00f3n del Sal\u00f3n Inmobiliario Internacional","og:url":"https:\/\/eldigitaldeasturias.com\/magazine365\/pastor-garantiza-el-servicio-del-ave-espana-francia-incluso-si-la-concesionaria-tp-ferro-deja-de-prestarlo\/","og:image":"https:\/\/eldigitaldeasturias.com\/magazine365\/wp-content\/uploads\/2016\/05\/fotonoticia_20160505141038_800.jpg","og:image:secure_url":"https:\/\/eldigitaldeasturias.com\/magazine365\/wp-content\/uploads\/2016\/05\/fotonoticia_20160505141038_800.jpg","og:image:width":800,"og:image:height":1100,"article:published_time":"2016-05-09T01:23:56+00:00","article:modified_time":"2016-05-09T01:23:56+00:00","twitter:card":"summary_large_image","twitter:title":"Pastor garantiza el servicio del AVE Espa\u00f1a-Francia incluso si la concesionaria TP Ferro deja de prestarlo | El Digital de Asturias","twitter:description":"La ministra de Fomento en funciones, Ana Pastor, ha afirmado este jueves que si la sociedad concesionaria TP Ferro deja de prestar el servicio al AVE Espa\u00f1a-Francia, \u00e9ste estar\u00e1 &quot;garantizado&quot; por parte de Renfe Operadora y la SCNF francesa. As\u00ed lo ha se\u00f1alado en declaraciones a los periodistas durante la inauguraci\u00f3n del Sal\u00f3n Inmobiliario Internacional","twitter:image":"https:\/\/eldigitaldeasturias.com\/magazine365\/wp-content\/uploads\/2016\/05\/fotonoticia_20160505141038_800.jpg"},"aioseo_meta_data":{"post_id":"76078","title":null,"description":null,"keywords":null,"keyphrases":null,"primary_term":null,"canonical_url":null,"og_title":null,"og_description":null,"og_object_type":"default","og_image_type":"default","og_image_url":null,"og_image_width":null,"og_image_height":null,"og_image_custom_url":null,"og_image_custom_fields":null,"og_video":null,"og_custom_url":null,"og_article_section":null,"og_article_tags":null,"twitter_use_og":false,"twitter_card":"default","twitter_image_type":"default","twitter_image_url":null,"twitter_image_custom_url":null,"twitter_image_custom_fields":null,"twitter_title":null,"twitter_description":null,"schema":{"blockGraphs":[],"customGraphs":[],"default":{"data":{"Article":[],"Course":[],"Dataset":[],"FAQPage":[],"Movie":[],"Person":[],"Product":[],"ProductReview":[],"Car":[],"Recipe":[],"Service":[],"SoftwareApplication":[],"WebPage":[]},"graphName":"","isEnabled":true},"graphs":[],"defaultGraph":"","defaultPostTypeGraph":""},"schema_type":null,"schema_type_options":null,"pillar_content":false,"robots_default":true,"robots_noindex":false,"robots_noarchive":false,"robots_nosnippet":false,"robots_nofollow":false,"robots_noimageindex":false,"robots_noodp":false,"robots_notranslate":false,"robots_max_snippet":null,"robots_max_videopreview":null,"robots_max_imagepreview":"large","priority":null,"frequency":null,"location":null,"local_seo":null,"seo_analyzer_scan_date":"2025-09-27 11:48:42","breadcrumb_settings":null,"limit_modified_date":false,"open_ai":null,"ai":null,"created":"2021-03-08 18:33:02","updated":"2025-09-27 11:48:42"},"aioseo_breadcrumb":"<div class=\"aioseo-breadcrumbs\"><span class=\"aioseo-breadcrumb\">\n\t<a href=\"https:\/\/eldigitaldeasturias.com\/magazine365\" title=\"Home\">Home<\/a>\n<\/span><span class=\"aioseo-breadcrumb-separator\">\u2013<\/span><span class=\"aioseo-breadcrumb\">\n\t<a href=\"https:\/\/eldigitaldeasturias.com\/magazine365\/category\/noticias-actualidad\/\" title=\"Noticias y Actualidad\">Noticias y Actualidad<\/a>\n<\/span><span class=\"aioseo-breadcrumb-separator\">\u2013<\/span><span class=\"aioseo-breadcrumb\">\n\t<a href=\"https:\/\/eldigitaldeasturias.com\/magazine365\/pastor-garantiza-el-servicio-del-ave-espana-francia-incluso-si-la-concesionaria-tp-ferro-deja-de-prestarlo\/\" title=\"Pastor garantiza el servicio del AVE Espa\u00f1a-Francia incluso si la concesionaria TP Ferro deja de prestarlo\">Pastor garantiza el servicio del AVE Espa\u00f1a-Francia incluso si la concesionaria TP Ferro deja de prestarlo<\/a>\n<\/span><\/div>","aioseo_breadcrumb_json":[{"label":"Home","link":"https:\/\/eldigitaldeasturias.com\/magazine365"},{"label":"Noticias y Actualidad","link":"https:\/\/eldigitaldeasturias.com\/magazine365\/category\/noticias-actualidad\/"},{"label":"Pastor garantiza el servicio del AVE Espa\u00f1a-Francia incluso si la concesionaria TP Ferro deja de prestarlo","link":"https:\/\/eldigitaldeasturias.com\/magazine365\/pastor-garantiza-el-servicio-del-ave-espana-francia-incluso-si-la-concesionaria-tp-ferro-deja-de-prestarlo\/"}],"_links":{"self":[{"href":"https:\/\/eldigitaldeasturias.com\/magazine365\/wp-json\/wp\/v2\/posts\/76078","targetHints":{"allow":["GET"]}}],"collection":[{"href":"https:\/\/eldigitaldeasturias.com\/magazine365\/wp-json\/wp\/v2\/posts"}],"about":[{"href":"https:\/\/eldigitaldeasturias.com\/magazine365\/wp-json\/wp\/v2\/types\/post"}],"author":[{"embeddable":true,"href":"https:\/\/eldigitaldeasturias.com\/magazine365\/wp-json\/wp\/v2\/users\/1"}],"replies":[{"embeddable":true,"href":"https:\/\/eldigitaldeasturias.com\/magazine365\/wp-json\/wp\/v2\/comments?post=76078"}],"version-history":[{"count":0,"href":"https:\/\/eldigitaldeasturias.com\/magazine365\/wp-json\/wp\/v2\/posts\/76078\/revisions"}],"wp:featuredmedia":[{"embeddable":true,"href":"https:\/\/eldigitaldeasturias.com\/magazine365\/wp-json\/wp\/v2\/media\/76079"}],"wp:attachment":[{"href":"https:\/\/eldigitaldeasturias.com\/magazine365\/wp-json\/wp\/v2\/media?parent=76078"}],"wp:term":[{"taxonomy":"category","embeddable":true,"href":"https:\/\/eldigitaldeasturias.com\/magazine365\/wp-json\/wp\/v2\/categories?post=76078"},{"taxonomy":"post_tag","embeddable":true,"href":"https:\/\/eldigitaldeasturias.com\/magazine365\/wp-json\/wp\/v2\/tags?post=76078"}],"curies":[{"name":"wp","href":"https:\/\/api.w.org\/{rel}","templated":true}]}}