{"id":76063,"date":"2016-05-09T03:17:51","date_gmt":"2016-05-09T01:17:51","guid":{"rendered":"http:\/\/eldigitaldeasturias.com\/magazine365\/?p=76063"},"modified":"2016-05-09T03:17:51","modified_gmt":"2016-05-09T01:17:51","slug":"cartagena-despide-el-programa-turismo-senior-con-la-recepcion-de-los-ultimos-1-550-turistas-austriacos","status":"publish","type":"post","link":"https:\/\/eldigitaldeasturias.com\/magazine365\/cartagena-despide-el-programa-turismo-senior-con-la-recepcion-de-los-ultimos-1-550-turistas-austriacos\/","title":{"rendered":"Cartagena despide el Programa Turismo Senior con la recepci\u00f3n de los \u00faltimos 1.550 turistas austriacos"},"content":{"rendered":"<p><img fetchpriority=\"high\" decoding=\"async\" class=\"alignleft size-medium wp-image-76064\" src=\"https:\/\/eldigitaldeasturias.com\/magazine365\/wp-content\/uploads\/2016\/05\/fotonoticia_20160505133532_800-360x270.jpg\" alt=\"fotonoticia_20160505133532_800\" width=\"360\" height=\"270\" srcset=\"https:\/\/eldigitaldeasturias.com\/magazine365\/wp-content\/uploads\/2016\/05\/fotonoticia_20160505133532_800-360x270.jpg 360w, https:\/\/eldigitaldeasturias.com\/magazine365\/wp-content\/uploads\/2016\/05\/fotonoticia_20160505133532_800-650x488.jpg 650w, https:\/\/eldigitaldeasturias.com\/magazine365\/wp-content\/uploads\/2016\/05\/fotonoticia_20160505133532_800-768x576.jpg 768w, https:\/\/eldigitaldeasturias.com\/magazine365\/wp-content\/uploads\/2016\/05\/fotonoticia_20160505133532_800-150x113.jpg 150w, https:\/\/eldigitaldeasturias.com\/magazine365\/wp-content\/uploads\/2016\/05\/fotonoticia_20160505133532_800-450x338.jpg 450w, https:\/\/eldigitaldeasturias.com\/magazine365\/wp-content\/uploads\/2016\/05\/fotonoticia_20160505133532_800-90x67.jpg 90w, https:\/\/eldigitaldeasturias.com\/magazine365\/wp-content\/uploads\/2016\/05\/fotonoticia_20160505133532_800-164x124.jpg 164w, https:\/\/eldigitaldeasturias.com\/magazine365\/wp-content\/uploads\/2016\/05\/fotonoticia_20160505133532_800-100x75.jpg 100w, https:\/\/eldigitaldeasturias.com\/magazine365\/wp-content\/uploads\/2016\/05\/fotonoticia_20160505133532_800.jpg 800w\" sizes=\"(max-width: 360px) 100vw, 360px\" \/>Cartagena ha recibido este jueves al \u00faltimo grupo de turistas austriacos que en las \u00faltimas semanas han llegado a la ciudad para conocer riqueza patrimonial, hist\u00f3rica y gastron\u00f3mica, pertenecientes al Programa Turismo Senior.<\/p>\n<p>Un total de 1.550 austriacos habr\u00e1n sido recibidos al finalizar el d\u00eda, ya que debido a la gran afluencia de estos turistas han tenido que programarse dos recepciones en el Auditorio y Palacio de Congresos El Batel.<\/p>\n<p>En la primera recepci\u00f3n, el alcalde, Jos\u00e9 L\u00f3pez, ha dedicado unas palabras de bienvenida a estos turistas para invitarles a conozcan las oportunidades que ofrece la ciudad de Cartagena, donde el Sol es uno de sus principales protagonistas.<\/p>\n<p>L\u00f3pez ha estado acompa\u00f1ado del consejero de Desarrollo Econ\u00f3mico y Turismo de Murcia, Juan Hern\u00e1ndez, y el director general de Turismo de la Regi\u00f3n de Murcia, Manuel Fern\u00e1ndez-Delgado.<\/p>\n<p>El alcalde se ha dirigido a los visitantes para informarles de los mayores atractivos de la ciudad, invit\u00e1ndoles a conocer su gastronom\u00eda t\u00edpica como el caldero o el famoso caf\u00e9 asi\u00e1tico y dese\u00e1ndoles una buena estancia.<\/p>\n<p>\u00c9sta ha sido la \u00faltima de las cinco visitas programadas de este \u00faltimo a\u00f1o del Programa Turismo Senior firmado por el Ayuntamiento de Cartagena con el Instituto de Turismo de la Regi\u00f3n de Murcia para 2015\/16, que en total ha recibido en estos dos a\u00f1os a 14.000 turistas que han podido disfrutar de rutas por la ciudad visitando el Teatro Romano, el Museo Naval o la F\u00e1brica Licor 43 entre otros puntos, adem\u00e1s de otras zonas de la regi\u00f3n como la ciudad de Murcia, Valle de Ricote, Clasparra, Caravaca, Bullas o Lorca.<\/p>\n<p>El alcalde, Jos\u00e9 L\u00f3pez, ha indicado que si estos turistas vienen a Cartagena tienen el mejor referente de la Comunidad, porque \u00abse dan todas las tipolog\u00edas de turismo quitando la de nieve, viendo as\u00ed cubiertas todas sus expectativas de sol, de playa, de turismo gastron\u00f3mico, turismo arqueol\u00f3gico o de cultura\u00bb.<\/p>\n<p>Por este motivo, ha querido agradecer la llegada de estos turistas que mueven el mercado local en temporadas bajas, as\u00ed como la promoci\u00f3n que hacen de la comarca, la ciudad y la Comunidad Aut\u00f3noma a la vuelta a sus pa\u00edses.<\/p>\n<p>Por su parte, el consejero de Turismo de Murcia, Juan Hern\u00e1ndez, ha destacado que gracias a los diferentes programas destinados al Turismo \u00abse est\u00e1n batiendo record a nivel de ocupaci\u00f3n y llegada de turistas internacionales con datos muy positivos para la Regi\u00f3n, algo que favorecen operativas como la de turistas austriacos que consiguen dinamizar el comercio, el turismo, la econom\u00eda y con ello generar empleo\u00bb.<\/p>\n<p>A las 15.00 horas tendr\u00e1 lugar la segunda recepci\u00f3n de turistas austriacos que contar\u00e1 con la presencia de la concejala de Turismo del Ayuntamiento de Cartagena, Obdulia G\u00f3mez.<\/p>\n","protected":false},"excerpt":{"rendered":"<p>Cartagena ha recibido este jueves al \u00faltimo grupo de turistas austriacos que en las \u00faltimas semanas han llegado a la ciudad para conocer riqueza patrimonial, hist\u00f3rica y gastron\u00f3mica, pertenecientes al Programa Turismo Senior. Un total de 1.550 austriacos habr\u00e1n sido recibidos al finalizar el d\u00eda, ya que debido a la gran afluencia de estos turistas<\/p>\n","protected":false},"author":1,"featured_media":76064,"comment_status":"open","ping_status":"closed","sticky":false,"template":"","format":"standard","meta":{"footnotes":""},"categories":[224],"tags":[],"class_list":{"0":"post-76063","1":"post","2":"type-post","3":"status-publish","4":"format-standard","5":"has-post-thumbnail","7":"category-noticias-actualidad"},"aioseo_notices":[],"aioseo_head":"\n\t\t<!-- All in One SEO Pro 4.9.6.1 - aioseo.com -->\n\t<meta name=\"description\" content=\"Cartagena ha recibido este jueves al \u00faltimo grupo de turistas austriacos que en las \u00faltimas semanas han llegado a la ciudad para conocer riqueza patrimonial, hist\u00f3rica y gastron\u00f3mica, pertenecientes al Programa Turismo Senior. Un total de 1.550 austriacos habr\u00e1n sido recibidos al finalizar el d\u00eda, ya que debido a la gran afluencia de estos turistas\" \/>\n\t<meta name=\"robots\" content=\"max-image-preview:large\" \/>\n\t<meta name=\"author\" content=\"admin\"\/>\n\t<meta name=\"google-site-verification\" content=\"UA-38556648-1\" \/>\n\t<meta name=\"keywords\" content=\"noticias y actualidad\" \/>\n\t<link rel=\"canonical\" href=\"https:\/\/eldigitaldeasturias.com\/magazine365\/cartagena-despide-el-programa-turismo-senior-con-la-recepcion-de-los-ultimos-1-550-turistas-austriacos\/\" \/>\n\t<meta name=\"generator\" content=\"All in One SEO Pro (AIOSEO) 4.9.6.1\" \/>\n\t\t<meta property=\"og:locale\" content=\"es_ES\" \/>\n\t\t<meta property=\"og:site_name\" content=\"El Digital de Asturias \u2013 Revista de ocio, turismo y estilo de vida\" \/>\n\t\t<meta property=\"og:type\" content=\"article\" \/>\n\t\t<meta property=\"og:title\" content=\"Cartagena despide el Programa Turismo Senior con la recepci\u00f3n de los \u00faltimos 1.550 turistas austriacos | El Digital de Asturias\" \/>\n\t\t<meta property=\"og:description\" content=\"Cartagena ha recibido este jueves al \u00faltimo grupo de turistas austriacos que en las \u00faltimas semanas han llegado a la ciudad para conocer riqueza patrimonial, hist\u00f3rica y gastron\u00f3mica, pertenecientes al Programa Turismo Senior. Un total de 1.550 austriacos habr\u00e1n sido recibidos al finalizar el d\u00eda, ya que debido a la gran afluencia de estos turistas\" \/>\n\t\t<meta property=\"og:url\" content=\"https:\/\/eldigitaldeasturias.com\/magazine365\/cartagena-despide-el-programa-turismo-senior-con-la-recepcion-de-los-ultimos-1-550-turistas-austriacos\/\" \/>\n\t\t<meta property=\"og:image\" content=\"https:\/\/eldigitaldeasturias.com\/magazine365\/wp-content\/uploads\/2016\/05\/fotonoticia_20160505133532_800.jpg\" \/>\n\t\t<meta property=\"og:image:secure_url\" content=\"https:\/\/eldigitaldeasturias.com\/magazine365\/wp-content\/uploads\/2016\/05\/fotonoticia_20160505133532_800.jpg\" \/>\n\t\t<meta property=\"og:image:width\" content=\"800\" \/>\n\t\t<meta property=\"og:image:height\" content=\"600\" \/>\n\t\t<meta property=\"article:published_time\" content=\"2016-05-09T01:17:51+00:00\" \/>\n\t\t<meta property=\"article:modified_time\" content=\"2016-05-09T01:17:51+00:00\" \/>\n\t\t<meta name=\"twitter:card\" content=\"summary_large_image\" \/>\n\t\t<meta name=\"twitter:title\" content=\"Cartagena despide el Programa Turismo Senior con la recepci\u00f3n de los \u00faltimos 1.550 turistas austriacos | El Digital de Asturias\" \/>\n\t\t<meta name=\"twitter:description\" content=\"Cartagena ha recibido este jueves al \u00faltimo grupo de turistas austriacos que en las \u00faltimas semanas han llegado a la ciudad para conocer riqueza patrimonial, hist\u00f3rica y gastron\u00f3mica, pertenecientes al Programa Turismo Senior. Un total de 1.550 austriacos habr\u00e1n sido recibidos al finalizar el d\u00eda, ya que debido a la gran afluencia de estos turistas\" \/>\n\t\t<meta name=\"twitter:image\" content=\"https:\/\/eldigitaldeasturias.com\/magazine365\/wp-content\/uploads\/2016\/05\/fotonoticia_20160505133532_800.jpg\" \/>\n\t\t<script type=\"application\/ld+json\" class=\"aioseo-schema\">\n\t\t\t{\"@context\":\"https:\\\/\\\/schema.org\",\"@graph\":[{\"@type\":\"Article\",\"@id\":\"https:\\\/\\\/eldigitaldeasturias.com\\\/magazine365\\\/cartagena-despide-el-programa-turismo-senior-con-la-recepcion-de-los-ultimos-1-550-turistas-austriacos\\\/#article\",\"name\":\"Cartagena despide el Programa Turismo Senior con la recepci\\u00f3n de los \\u00faltimos 1.550 turistas austriacos | El Digital de Asturias\",\"headline\":\"Cartagena despide el Programa Turismo Senior con la recepci\\u00f3n de los \\u00faltimos 1.550 turistas austriacos\",\"author\":{\"@id\":\"https:\\\/\\\/eldigitaldeasturias.com\\\/magazine365\\\/author\\\/admin\\\/#author\"},\"publisher\":{\"@id\":\"https:\\\/\\\/eldigitaldeasturias.com\\\/magazine365\\\/#organization\"},\"image\":{\"@type\":\"ImageObject\",\"url\":\"https:\\\/\\\/eldigitaldeasturias.com\\\/magazine365\\\/wp-content\\\/uploads\\\/2016\\\/05\\\/fotonoticia_20160505133532_800.jpg\",\"width\":800,\"height\":600},\"datePublished\":\"2016-05-09T03:17:51+02:00\",\"dateModified\":\"2016-05-09T03:17:51+02:00\",\"inLanguage\":\"es-ES\",\"mainEntityOfPage\":{\"@id\":\"https:\\\/\\\/eldigitaldeasturias.com\\\/magazine365\\\/cartagena-despide-el-programa-turismo-senior-con-la-recepcion-de-los-ultimos-1-550-turistas-austriacos\\\/#webpage\"},\"isPartOf\":{\"@id\":\"https:\\\/\\\/eldigitaldeasturias.com\\\/magazine365\\\/cartagena-despide-el-programa-turismo-senior-con-la-recepcion-de-los-ultimos-1-550-turistas-austriacos\\\/#webpage\"},\"articleSection\":\"Noticias y Actualidad\"},{\"@type\":\"BreadcrumbList\",\"@id\":\"https:\\\/\\\/eldigitaldeasturias.com\\\/magazine365\\\/cartagena-despide-el-programa-turismo-senior-con-la-recepcion-de-los-ultimos-1-550-turistas-austriacos\\\/#breadcrumblist\",\"itemListElement\":[{\"@type\":\"ListItem\",\"@id\":\"https:\\\/\\\/eldigitaldeasturias.com\\\/magazine365#listItem\",\"position\":1,\"name\":\"Home\",\"item\":\"https:\\\/\\\/eldigitaldeasturias.com\\\/magazine365\",\"nextItem\":{\"@type\":\"ListItem\",\"@id\":\"https:\\\/\\\/eldigitaldeasturias.com\\\/magazine365\\\/category\\\/noticias-actualidad\\\/#listItem\",\"name\":\"Noticias y Actualidad\"}},{\"@type\":\"ListItem\",\"@id\":\"https:\\\/\\\/eldigitaldeasturias.com\\\/magazine365\\\/category\\\/noticias-actualidad\\\/#listItem\",\"position\":2,\"name\":\"Noticias y Actualidad\",\"item\":\"https:\\\/\\\/eldigitaldeasturias.com\\\/magazine365\\\/category\\\/noticias-actualidad\\\/\",\"nextItem\":{\"@type\":\"ListItem\",\"@id\":\"https:\\\/\\\/eldigitaldeasturias.com\\\/magazine365\\\/cartagena-despide-el-programa-turismo-senior-con-la-recepcion-de-los-ultimos-1-550-turistas-austriacos\\\/#listItem\",\"name\":\"Cartagena despide el Programa Turismo Senior con la recepci\\u00f3n de los \\u00faltimos 1.550 turistas austriacos\"},\"previousItem\":{\"@type\":\"ListItem\",\"@id\":\"https:\\\/\\\/eldigitaldeasturias.com\\\/magazine365#listItem\",\"name\":\"Home\"}},{\"@type\":\"ListItem\",\"@id\":\"https:\\\/\\\/eldigitaldeasturias.com\\\/magazine365\\\/cartagena-despide-el-programa-turismo-senior-con-la-recepcion-de-los-ultimos-1-550-turistas-austriacos\\\/#listItem\",\"position\":3,\"name\":\"Cartagena despide el Programa Turismo Senior con la recepci\\u00f3n de los \\u00faltimos 1.550 turistas austriacos\",\"previousItem\":{\"@type\":\"ListItem\",\"@id\":\"https:\\\/\\\/eldigitaldeasturias.com\\\/magazine365\\\/category\\\/noticias-actualidad\\\/#listItem\",\"name\":\"Noticias y Actualidad\"}}]},{\"@type\":\"Organization\",\"@id\":\"https:\\\/\\\/eldigitaldeasturias.com\\\/magazine365\\\/#organization\",\"name\":\"El digital de Asturias\",\"description\":\"Revista de ocio, turismo y estilo de vida\",\"url\":\"https:\\\/\\\/eldigitaldeasturias.com\\\/magazine365\\\/\",\"logo\":{\"@type\":\"ImageObject\",\"url\":\"https:\\\/\\\/www.eldigitaldeasturias.com\\\/noticias\\\/wp-content\\\/uploads\\\/2020\\\/12\\\/EDA.jpg\",\"@id\":\"https:\\\/\\\/eldigitaldeasturias.com\\\/magazine365\\\/cartagena-despide-el-programa-turismo-senior-con-la-recepcion-de-los-ultimos-1-550-turistas-austriacos\\\/#organizationLogo\"},\"image\":{\"@id\":\"https:\\\/\\\/eldigitaldeasturias.com\\\/magazine365\\\/cartagena-despide-el-programa-turismo-senior-con-la-recepcion-de-los-ultimos-1-550-turistas-austriacos\\\/#organizationLogo\"}},{\"@type\":\"Person\",\"@id\":\"https:\\\/\\\/eldigitaldeasturias.com\\\/magazine365\\\/author\\\/admin\\\/#author\",\"url\":\"https:\\\/\\\/eldigitaldeasturias.com\\\/magazine365\\\/author\\\/admin\\\/\",\"name\":\"admin\",\"image\":{\"@type\":\"ImageObject\",\"@id\":\"https:\\\/\\\/eldigitaldeasturias.com\\\/magazine365\\\/cartagena-despide-el-programa-turismo-senior-con-la-recepcion-de-los-ultimos-1-550-turistas-austriacos\\\/#authorImage\",\"url\":\"https:\\\/\\\/eldigitaldeasturias.com\\\/magazine365\\\/wp-content\\\/litespeed\\\/avatar\\\/e571bcf59a0edd6fa6838245a470f2fe.jpg?ver=1777574230\",\"width\":96,\"height\":96,\"caption\":\"admin\"}},{\"@type\":\"WebPage\",\"@id\":\"https:\\\/\\\/eldigitaldeasturias.com\\\/magazine365\\\/cartagena-despide-el-programa-turismo-senior-con-la-recepcion-de-los-ultimos-1-550-turistas-austriacos\\\/#webpage\",\"url\":\"https:\\\/\\\/eldigitaldeasturias.com\\\/magazine365\\\/cartagena-despide-el-programa-turismo-senior-con-la-recepcion-de-los-ultimos-1-550-turistas-austriacos\\\/\",\"name\":\"Cartagena despide el Programa Turismo Senior con la recepci\\u00f3n de los \\u00faltimos 1.550 turistas austriacos | El Digital de Asturias\",\"description\":\"Cartagena ha recibido este jueves al \\u00faltimo grupo de turistas austriacos que en las \\u00faltimas semanas han llegado a la ciudad para conocer riqueza patrimonial, hist\\u00f3rica y gastron\\u00f3mica, pertenecientes al Programa Turismo Senior. Un total de 1.550 austriacos habr\\u00e1n sido recibidos al finalizar el d\\u00eda, ya que debido a la gran afluencia de estos turistas\",\"inLanguage\":\"es-ES\",\"isPartOf\":{\"@id\":\"https:\\\/\\\/eldigitaldeasturias.com\\\/magazine365\\\/#website\"},\"breadcrumb\":{\"@id\":\"https:\\\/\\\/eldigitaldeasturias.com\\\/magazine365\\\/cartagena-despide-el-programa-turismo-senior-con-la-recepcion-de-los-ultimos-1-550-turistas-austriacos\\\/#breadcrumblist\"},\"author\":{\"@id\":\"https:\\\/\\\/eldigitaldeasturias.com\\\/magazine365\\\/author\\\/admin\\\/#author\"},\"creator\":{\"@id\":\"https:\\\/\\\/eldigitaldeasturias.com\\\/magazine365\\\/author\\\/admin\\\/#author\"},\"image\":{\"@type\":\"ImageObject\",\"url\":\"https:\\\/\\\/eldigitaldeasturias.com\\\/magazine365\\\/wp-content\\\/uploads\\\/2016\\\/05\\\/fotonoticia_20160505133532_800.jpg\",\"@id\":\"https:\\\/\\\/eldigitaldeasturias.com\\\/magazine365\\\/cartagena-despide-el-programa-turismo-senior-con-la-recepcion-de-los-ultimos-1-550-turistas-austriacos\\\/#mainImage\",\"width\":800,\"height\":600},\"primaryImageOfPage\":{\"@id\":\"https:\\\/\\\/eldigitaldeasturias.com\\\/magazine365\\\/cartagena-despide-el-programa-turismo-senior-con-la-recepcion-de-los-ultimos-1-550-turistas-austriacos\\\/#mainImage\"},\"datePublished\":\"2016-05-09T03:17:51+02:00\",\"dateModified\":\"2016-05-09T03:17:51+02:00\"},{\"@type\":\"WebSite\",\"@id\":\"https:\\\/\\\/eldigitaldeasturias.com\\\/magazine365\\\/#website\",\"url\":\"https:\\\/\\\/eldigitaldeasturias.com\\\/magazine365\\\/\",\"name\":\"El Digital de Asturias\",\"description\":\"Revista de ocio, turismo y estilo de vida\",\"inLanguage\":\"es-ES\",\"publisher\":{\"@id\":\"https:\\\/\\\/eldigitaldeasturias.com\\\/magazine365\\\/#organization\"}}]}\n\t\t<\/script>\n\t\t<!-- All in One SEO Pro -->\r\n\t\t<title>Cartagena despide el Programa Turismo Senior con la recepci\u00f3n de los \u00faltimos 1.550 turistas austriacos | El Digital de Asturias<\/title>\n\n","aioseo_head_json":{"title":"Cartagena despide el Programa Turismo Senior con la recepci\u00f3n de los \u00faltimos 1.550 turistas austriacos | El Digital de Asturias","description":"Cartagena ha recibido este jueves al \u00faltimo grupo de turistas austriacos que en las \u00faltimas semanas han llegado a la ciudad para conocer riqueza patrimonial, hist\u00f3rica y gastron\u00f3mica, pertenecientes al Programa Turismo Senior. Un total de 1.550 austriacos habr\u00e1n sido recibidos al finalizar el d\u00eda, ya que debido a la gran afluencia de estos turistas","canonical_url":"https:\/\/eldigitaldeasturias.com\/magazine365\/cartagena-despide-el-programa-turismo-senior-con-la-recepcion-de-los-ultimos-1-550-turistas-austriacos\/","robots":"max-image-preview:large","keywords":"noticias y actualidad","webmasterTools":{"google-site-verification":"UA-38556648-1","miscellaneous":""},"schema":{"@context":"https:\/\/schema.org","@graph":[{"@type":"Article","@id":"https:\/\/eldigitaldeasturias.com\/magazine365\/cartagena-despide-el-programa-turismo-senior-con-la-recepcion-de-los-ultimos-1-550-turistas-austriacos\/#article","name":"Cartagena despide el Programa Turismo Senior con la recepci\u00f3n de los \u00faltimos 1.550 turistas austriacos | El Digital de Asturias","headline":"Cartagena despide el Programa Turismo Senior con la recepci\u00f3n de los \u00faltimos 1.550 turistas austriacos","author":{"@id":"https:\/\/eldigitaldeasturias.com\/magazine365\/author\/admin\/#author"},"publisher":{"@id":"https:\/\/eldigitaldeasturias.com\/magazine365\/#organization"},"image":{"@type":"ImageObject","url":"https:\/\/eldigitaldeasturias.com\/magazine365\/wp-content\/uploads\/2016\/05\/fotonoticia_20160505133532_800.jpg","width":800,"height":600},"datePublished":"2016-05-09T03:17:51+02:00","dateModified":"2016-05-09T03:17:51+02:00","inLanguage":"es-ES","mainEntityOfPage":{"@id":"https:\/\/eldigitaldeasturias.com\/magazine365\/cartagena-despide-el-programa-turismo-senior-con-la-recepcion-de-los-ultimos-1-550-turistas-austriacos\/#webpage"},"isPartOf":{"@id":"https:\/\/eldigitaldeasturias.com\/magazine365\/cartagena-despide-el-programa-turismo-senior-con-la-recepcion-de-los-ultimos-1-550-turistas-austriacos\/#webpage"},"articleSection":"Noticias y Actualidad"},{"@type":"BreadcrumbList","@id":"https:\/\/eldigitaldeasturias.com\/magazine365\/cartagena-despide-el-programa-turismo-senior-con-la-recepcion-de-los-ultimos-1-550-turistas-austriacos\/#breadcrumblist","itemListElement":[{"@type":"ListItem","@id":"https:\/\/eldigitaldeasturias.com\/magazine365#listItem","position":1,"name":"Home","item":"https:\/\/eldigitaldeasturias.com\/magazine365","nextItem":{"@type":"ListItem","@id":"https:\/\/eldigitaldeasturias.com\/magazine365\/category\/noticias-actualidad\/#listItem","name":"Noticias y Actualidad"}},{"@type":"ListItem","@id":"https:\/\/eldigitaldeasturias.com\/magazine365\/category\/noticias-actualidad\/#listItem","position":2,"name":"Noticias y Actualidad","item":"https:\/\/eldigitaldeasturias.com\/magazine365\/category\/noticias-actualidad\/","nextItem":{"@type":"ListItem","@id":"https:\/\/eldigitaldeasturias.com\/magazine365\/cartagena-despide-el-programa-turismo-senior-con-la-recepcion-de-los-ultimos-1-550-turistas-austriacos\/#listItem","name":"Cartagena despide el Programa Turismo Senior con la recepci\u00f3n de los \u00faltimos 1.550 turistas austriacos"},"previousItem":{"@type":"ListItem","@id":"https:\/\/eldigitaldeasturias.com\/magazine365#listItem","name":"Home"}},{"@type":"ListItem","@id":"https:\/\/eldigitaldeasturias.com\/magazine365\/cartagena-despide-el-programa-turismo-senior-con-la-recepcion-de-los-ultimos-1-550-turistas-austriacos\/#listItem","position":3,"name":"Cartagena despide el Programa Turismo Senior con la recepci\u00f3n de los \u00faltimos 1.550 turistas austriacos","previousItem":{"@type":"ListItem","@id":"https:\/\/eldigitaldeasturias.com\/magazine365\/category\/noticias-actualidad\/#listItem","name":"Noticias y Actualidad"}}]},{"@type":"Organization","@id":"https:\/\/eldigitaldeasturias.com\/magazine365\/#organization","name":"El digital de Asturias","description":"Revista de ocio, turismo y estilo de vida","url":"https:\/\/eldigitaldeasturias.com\/magazine365\/","logo":{"@type":"ImageObject","url":"https:\/\/www.eldigitaldeasturias.com\/noticias\/wp-content\/uploads\/2020\/12\/EDA.jpg","@id":"https:\/\/eldigitaldeasturias.com\/magazine365\/cartagena-despide-el-programa-turismo-senior-con-la-recepcion-de-los-ultimos-1-550-turistas-austriacos\/#organizationLogo"},"image":{"@id":"https:\/\/eldigitaldeasturias.com\/magazine365\/cartagena-despide-el-programa-turismo-senior-con-la-recepcion-de-los-ultimos-1-550-turistas-austriacos\/#organizationLogo"}},{"@type":"Person","@id":"https:\/\/eldigitaldeasturias.com\/magazine365\/author\/admin\/#author","url":"https:\/\/eldigitaldeasturias.com\/magazine365\/author\/admin\/","name":"admin","image":{"@type":"ImageObject","@id":"https:\/\/eldigitaldeasturias.com\/magazine365\/cartagena-despide-el-programa-turismo-senior-con-la-recepcion-de-los-ultimos-1-550-turistas-austriacos\/#authorImage","url":"https:\/\/eldigitaldeasturias.com\/magazine365\/wp-content\/litespeed\/avatar\/e571bcf59a0edd6fa6838245a470f2fe.jpg?ver=1777574230","width":96,"height":96,"caption":"admin"}},{"@type":"WebPage","@id":"https:\/\/eldigitaldeasturias.com\/magazine365\/cartagena-despide-el-programa-turismo-senior-con-la-recepcion-de-los-ultimos-1-550-turistas-austriacos\/#webpage","url":"https:\/\/eldigitaldeasturias.com\/magazine365\/cartagena-despide-el-programa-turismo-senior-con-la-recepcion-de-los-ultimos-1-550-turistas-austriacos\/","name":"Cartagena despide el Programa Turismo Senior con la recepci\u00f3n de los \u00faltimos 1.550 turistas austriacos | El Digital de Asturias","description":"Cartagena ha recibido este jueves al \u00faltimo grupo de turistas austriacos que en las \u00faltimas semanas han llegado a la ciudad para conocer riqueza patrimonial, hist\u00f3rica y gastron\u00f3mica, pertenecientes al Programa Turismo Senior. Un total de 1.550 austriacos habr\u00e1n sido recibidos al finalizar el d\u00eda, ya que debido a la gran afluencia de estos turistas","inLanguage":"es-ES","isPartOf":{"@id":"https:\/\/eldigitaldeasturias.com\/magazine365\/#website"},"breadcrumb":{"@id":"https:\/\/eldigitaldeasturias.com\/magazine365\/cartagena-despide-el-programa-turismo-senior-con-la-recepcion-de-los-ultimos-1-550-turistas-austriacos\/#breadcrumblist"},"author":{"@id":"https:\/\/eldigitaldeasturias.com\/magazine365\/author\/admin\/#author"},"creator":{"@id":"https:\/\/eldigitaldeasturias.com\/magazine365\/author\/admin\/#author"},"image":{"@type":"ImageObject","url":"https:\/\/eldigitaldeasturias.com\/magazine365\/wp-content\/uploads\/2016\/05\/fotonoticia_20160505133532_800.jpg","@id":"https:\/\/eldigitaldeasturias.com\/magazine365\/cartagena-despide-el-programa-turismo-senior-con-la-recepcion-de-los-ultimos-1-550-turistas-austriacos\/#mainImage","width":800,"height":600},"primaryImageOfPage":{"@id":"https:\/\/eldigitaldeasturias.com\/magazine365\/cartagena-despide-el-programa-turismo-senior-con-la-recepcion-de-los-ultimos-1-550-turistas-austriacos\/#mainImage"},"datePublished":"2016-05-09T03:17:51+02:00","dateModified":"2016-05-09T03:17:51+02:00"},{"@type":"WebSite","@id":"https:\/\/eldigitaldeasturias.com\/magazine365\/#website","url":"https:\/\/eldigitaldeasturias.com\/magazine365\/","name":"El Digital de Asturias","description":"Revista de ocio, turismo y estilo de vida","inLanguage":"es-ES","publisher":{"@id":"https:\/\/eldigitaldeasturias.com\/magazine365\/#organization"}}]},"og:locale":"es_ES","og:site_name":"El Digital de Asturias \u2013 Revista de ocio, turismo y estilo de vida","og:type":"article","og:title":"Cartagena despide el Programa Turismo Senior con la recepci\u00f3n de los \u00faltimos 1.550 turistas austriacos | El Digital de Asturias","og:description":"Cartagena ha recibido este jueves al \u00faltimo grupo de turistas austriacos que en las \u00faltimas semanas han llegado a la ciudad para conocer riqueza patrimonial, hist\u00f3rica y gastron\u00f3mica, pertenecientes al Programa Turismo Senior. Un total de 1.550 austriacos habr\u00e1n sido recibidos al finalizar el d\u00eda, ya que debido a la gran afluencia de estos turistas","og:url":"https:\/\/eldigitaldeasturias.com\/magazine365\/cartagena-despide-el-programa-turismo-senior-con-la-recepcion-de-los-ultimos-1-550-turistas-austriacos\/","og:image":"https:\/\/eldigitaldeasturias.com\/magazine365\/wp-content\/uploads\/2016\/05\/fotonoticia_20160505133532_800.jpg","og:image:secure_url":"https:\/\/eldigitaldeasturias.com\/magazine365\/wp-content\/uploads\/2016\/05\/fotonoticia_20160505133532_800.jpg","og:image:width":800,"og:image:height":600,"article:published_time":"2016-05-09T01:17:51+00:00","article:modified_time":"2016-05-09T01:17:51+00:00","twitter:card":"summary_large_image","twitter:title":"Cartagena despide el Programa Turismo Senior con la recepci\u00f3n de los \u00faltimos 1.550 turistas austriacos | El Digital de Asturias","twitter:description":"Cartagena ha recibido este jueves al \u00faltimo grupo de turistas austriacos que en las \u00faltimas semanas han llegado a la ciudad para conocer riqueza patrimonial, hist\u00f3rica y gastron\u00f3mica, pertenecientes al Programa Turismo Senior. Un total de 1.550 austriacos habr\u00e1n sido recibidos al finalizar el d\u00eda, ya que debido a la gran afluencia de estos turistas","twitter:image":"https:\/\/eldigitaldeasturias.com\/magazine365\/wp-content\/uploads\/2016\/05\/fotonoticia_20160505133532_800.jpg"},"aioseo_meta_data":{"post_id":"76063","title":null,"description":null,"keywords":null,"keyphrases":null,"primary_term":null,"canonical_url":null,"og_title":null,"og_description":null,"og_object_type":"default","og_image_type":"default","og_image_url":null,"og_image_width":null,"og_image_height":null,"og_image_custom_url":null,"og_image_custom_fields":null,"og_video":null,"og_custom_url":null,"og_article_section":null,"og_article_tags":null,"twitter_use_og":false,"twitter_card":"default","twitter_image_type":"default","twitter_image_url":null,"twitter_image_custom_url":null,"twitter_image_custom_fields":null,"twitter_title":null,"twitter_description":null,"schema":{"blockGraphs":[],"customGraphs":[],"default":{"data":{"Article":[],"Course":[],"Dataset":[],"FAQPage":[],"Movie":[],"Person":[],"Product":[],"ProductReview":[],"Car":[],"Recipe":[],"Service":[],"SoftwareApplication":[],"WebPage":[]},"graphName":"","isEnabled":true},"graphs":[],"defaultGraph":"","defaultPostTypeGraph":""},"schema_type":null,"schema_type_options":null,"pillar_content":false,"robots_default":true,"robots_noindex":false,"robots_noarchive":false,"robots_nosnippet":false,"robots_nofollow":false,"robots_noimageindex":false,"robots_noodp":false,"robots_notranslate":false,"robots_max_snippet":null,"robots_max_videopreview":null,"robots_max_imagepreview":"large","priority":null,"frequency":null,"location":null,"local_seo":null,"seo_analyzer_scan_date":"2025-09-27 11:46:57","breadcrumb_settings":null,"limit_modified_date":false,"open_ai":null,"ai":null,"created":"2021-03-08 18:33:02","updated":"2025-09-27 11:46:57"},"aioseo_breadcrumb":"<div class=\"aioseo-breadcrumbs\"><span class=\"aioseo-breadcrumb\">\n\t<a href=\"https:\/\/eldigitaldeasturias.com\/magazine365\" title=\"Home\">Home<\/a>\n<\/span><span class=\"aioseo-breadcrumb-separator\">\u2013<\/span><span class=\"aioseo-breadcrumb\">\n\t<a href=\"https:\/\/eldigitaldeasturias.com\/magazine365\/category\/noticias-actualidad\/\" title=\"Noticias y Actualidad\">Noticias y Actualidad<\/a>\n<\/span><span class=\"aioseo-breadcrumb-separator\">\u2013<\/span><span class=\"aioseo-breadcrumb\">\n\t<a href=\"https:\/\/eldigitaldeasturias.com\/magazine365\/cartagena-despide-el-programa-turismo-senior-con-la-recepcion-de-los-ultimos-1-550-turistas-austriacos\/\" title=\"Cartagena despide el Programa Turismo Senior con la recepci\u00f3n de los \u00faltimos 1.550 turistas austriacos\">Cartagena despide el Programa Turismo Senior con la recepci\u00f3n de los \u00faltimos 1.550 turistas austriacos<\/a>\n<\/span><\/div>","aioseo_breadcrumb_json":[{"label":"Home","link":"https:\/\/eldigitaldeasturias.com\/magazine365"},{"label":"Noticias y Actualidad","link":"https:\/\/eldigitaldeasturias.com\/magazine365\/category\/noticias-actualidad\/"},{"label":"Cartagena despide el Programa Turismo Senior con la recepci\u00f3n de los \u00faltimos 1.550 turistas austriacos","link":"https:\/\/eldigitaldeasturias.com\/magazine365\/cartagena-despide-el-programa-turismo-senior-con-la-recepcion-de-los-ultimos-1-550-turistas-austriacos\/"}],"_links":{"self":[{"href":"https:\/\/eldigitaldeasturias.com\/magazine365\/wp-json\/wp\/v2\/posts\/76063","targetHints":{"allow":["GET"]}}],"collection":[{"href":"https:\/\/eldigitaldeasturias.com\/magazine365\/wp-json\/wp\/v2\/posts"}],"about":[{"href":"https:\/\/eldigitaldeasturias.com\/magazine365\/wp-json\/wp\/v2\/types\/post"}],"author":[{"embeddable":true,"href":"https:\/\/eldigitaldeasturias.com\/magazine365\/wp-json\/wp\/v2\/users\/1"}],"replies":[{"embeddable":true,"href":"https:\/\/eldigitaldeasturias.com\/magazine365\/wp-json\/wp\/v2\/comments?post=76063"}],"version-history":[{"count":0,"href":"https:\/\/eldigitaldeasturias.com\/magazine365\/wp-json\/wp\/v2\/posts\/76063\/revisions"}],"wp:featuredmedia":[{"embeddable":true,"href":"https:\/\/eldigitaldeasturias.com\/magazine365\/wp-json\/wp\/v2\/media\/76064"}],"wp:attachment":[{"href":"https:\/\/eldigitaldeasturias.com\/magazine365\/wp-json\/wp\/v2\/media?parent=76063"}],"wp:term":[{"taxonomy":"category","embeddable":true,"href":"https:\/\/eldigitaldeasturias.com\/magazine365\/wp-json\/wp\/v2\/categories?post=76063"},{"taxonomy":"post_tag","embeddable":true,"href":"https:\/\/eldigitaldeasturias.com\/magazine365\/wp-json\/wp\/v2\/tags?post=76063"}],"curies":[{"name":"wp","href":"https:\/\/api.w.org\/{rel}","templated":true}]}}