{"id":76060,"date":"2016-05-09T03:15:10","date_gmt":"2016-05-09T01:15:10","guid":{"rendered":"http:\/\/eldigitaldeasturias.com\/magazine365\/?p=76060"},"modified":"2016-05-09T03:15:10","modified_gmt":"2016-05-09T01:15:10","slug":"amadeus-eleva-un-17-su-beneficio-ajustado-en-el-primer-trimestre","status":"publish","type":"post","link":"https:\/\/eldigitaldeasturias.com\/magazine365\/amadeus-eleva-un-17-su-beneficio-ajustado-en-el-primer-trimestre\/","title":{"rendered":"Amadeus eleva un 17% su beneficio ajustado en el primer trimestre"},"content":{"rendered":"<p><img fetchpriority=\"high\" decoding=\"async\" class=\"alignleft size-medium wp-image-76061\" src=\"https:\/\/eldigitaldeasturias.com\/magazine365\/wp-content\/uploads\/2016\/05\/fotonoticia_20160505130330_800-360x270.jpg\" alt=\"fotonoticia_20160505130330_800\" width=\"360\" height=\"270\" srcset=\"https:\/\/eldigitaldeasturias.com\/magazine365\/wp-content\/uploads\/2016\/05\/fotonoticia_20160505130330_800-360x270.jpg 360w, https:\/\/eldigitaldeasturias.com\/magazine365\/wp-content\/uploads\/2016\/05\/fotonoticia_20160505130330_800-650x488.jpg 650w, https:\/\/eldigitaldeasturias.com\/magazine365\/wp-content\/uploads\/2016\/05\/fotonoticia_20160505130330_800-768x577.jpg 768w, https:\/\/eldigitaldeasturias.com\/magazine365\/wp-content\/uploads\/2016\/05\/fotonoticia_20160505130330_800-150x113.jpg 150w, https:\/\/eldigitaldeasturias.com\/magazine365\/wp-content\/uploads\/2016\/05\/fotonoticia_20160505130330_800-450x338.jpg 450w, https:\/\/eldigitaldeasturias.com\/magazine365\/wp-content\/uploads\/2016\/05\/fotonoticia_20160505130330_800-90x67.jpg 90w, https:\/\/eldigitaldeasturias.com\/magazine365\/wp-content\/uploads\/2016\/05\/fotonoticia_20160505130330_800-164x124.jpg 164w, https:\/\/eldigitaldeasturias.com\/magazine365\/wp-content\/uploads\/2016\/05\/fotonoticia_20160505130330_800-100x75.jpg 100w, https:\/\/eldigitaldeasturias.com\/magazine365\/wp-content\/uploads\/2016\/05\/fotonoticia_20160505130330_800.jpg 800w\" sizes=\"(max-width: 360px) 100vw, 360px\" \/>Amadeus IT Holding logr\u00f3 un beneficio ajustado de 245,6 millones de euros en el primer trimestre del a\u00f1o, lo que supone un 17% m\u00e1s que en el mismo periodo de 2015, excluido el efecto neto de varias partidas, con un beneficio del periodo de 217,2 millones de euros, un 7,2% m\u00e1s, inform\u00f3 este jueves el proveedor de servicios tur\u00edsticos a la Comisi\u00f3n Nacional del Mercado de Valores (CNMV).<\/p>\n<p>Los ingresos ordinarios alcanzaron los 1.120 millones de euros entre enero y marzo, lo que supone un 13,2% m\u00e1s que en el primer trimestre de 2015, impulsados por la positiva evoluci\u00f3n de los negocios de distribuci\u00f3n y soluciones tecnol\u00f3gicas y por la contribuci\u00f3n de sus \u00faltimas adquisiciones, sobre todo de Navitaire. Como es habitual, destin\u00f3 el 14,9% de sus ingresos a inversi\u00f3n en I+D, 166,9 millones e euros.<\/p>\n<p>El resultado bruto de explotaci\u00f3n (Ebitda) se situ\u00f3 en 448,8 millones de euros, tras elevarse un 15,2%, mientras que el beneficio antes de impuestos alcanz\u00f3 los 306,9 millones, un 4,3% m\u00e1s en comparaci\u00f3n con el primer trimestre de 2015.<\/p>\n<p>El presidente y consejero delegado de Amadeus, Luis Maroto, ha subrayado que el arranque de a\u00f1o ha sido \u00abmuy positivo\u00bb, ya que la compa\u00f1\u00eda ha conseguido unos \u00abs\u00f3lidos\u00bb resultados financieros y ha anunciado varios \u00e9xitos comerciales tanto en el negocio de distribuci\u00f3n como en el de soluciones tecnol\u00f3gicas.<\/p>\n<p>Maroto se\u00f1al\u00f3 que el negocio de la distribuci\u00f3n sigui\u00f3 creciendo de forma continuada, con un aumento del 4,2% de los ingresos en el trimestre, y un repunte del 37,6% en los ingresos en el negocio de soluciones tecnol\u00f3gicas, gracias a un s\u00f3lido crecimiento subyacente de dos d\u00edgitos, sumando a la consolidaci\u00f3n de Navitaire y a las compras realizadas en 2015. \u00abAbordamos el resto del a\u00f1o con optimismo\u00bb, ha apuntado.<\/p>\n<p>UN 2,4% M\u00c1S DE RESERVAS A\u00c9REAS EN AAVV.<\/p>\n<p>El volumen de reservas a\u00e9reas realizadas por agencias de viajes se increment\u00f3 un 2,4%, hasta los 141,2 millones, por encima del crecimiento de la industria (+0,8%), y con mejores precios, con lo que su cuota de mercado mundial se situ\u00f3 en el 42,6%, 0,7 puntos porcentuales m\u00e1s.<\/p>\n<p>Alrededor del 75% de las reservas a\u00e9reas procesadas a trav\u00e9s del sistema de Amadeus en todo el mundo se efectuaron en aerol\u00edneas con contratos de distribuci\u00f3n con el proveedor. La compa\u00f1\u00eda registr\u00f3 un aumento del 12,4% en las reservas de aerol\u00edneas de bajo coste e h\u00edbridas a trav\u00e9s de agencias.<\/p>\n<p>Amadeus explica que la evoluci\u00f3n de la industria se vio lastrada considerablemente en todas las regiones por las fechas de la Semana Santa, que recay\u00f3 este a\u00f1o en el primer trimestre, frente al segundo trimestre del a\u00f1o pasado.<\/p>\n<p>En una conferencia telef\u00f3nica, con motivo de los resultados trimestrales, la directora financiera del grupo, Ana de Pro, admiti\u00f3 el impacto de los atentados en Bruselas y tambi\u00e9n en Turqu\u00eda sobre las reservas en Europa generalizado en toda la industria, que no ha crecido de forma extensiva, en parte tambi\u00e9n por el efecto calendario de la Semana Santa.<\/p>\n<p>No obstante, apunt\u00f3 cuando por desgracia hay atentados, desastres naturales y malas condiciones climatol\u00f3gicas con un impacto local negativo, a medio plazo tienen una recuperaci\u00f3n posterior. \u00abPuede que se crezca al 5% o al 6% en vez de al 7%, pero siempre hay una recuperaci\u00f3n posterior\u00bb, se\u00f1al\u00f3.<\/p>\n<p>Asimismo, se\u00f1al\u00f3 que pese a este impacto el crecimiento de los pasajeros a\u00e9reos en el a\u00f1o sigue siendo \u00abbastante bueno\u00bb con respecto al ejercicio pasado, por lo que la compa\u00f1\u00eda no est\u00e1 preocupada.<\/p>\n<p>CA\u00cdDA DE LAS RESERVAS EN EUROPA.<\/p>\n<p>Este efecto, junto con las repercusiones de los ataques terroristas que se perpetraron en B\u00e9lgica y Turqu\u00eda, limit\u00f3 considerablemente el crecimiento de la industria de reservas en Europa. Adem\u00e1s, las reservas registraron ca\u00eddas en Latinoam\u00e9rica y Norteam\u00e9rica por la situaci\u00f3n en econ\u00f3mica en pa\u00edses como Brasil o Venezuela y las malas condiciones meteorol\u00f3gicas en EE.UU.<\/p>\n<p>En Europa la evoluci\u00f3n de las reservas tambi\u00e9n se vio afectada por la debilidad en general que experiment\u00f3 el sector en esta regi\u00f3n, con una ca\u00edda del 4,6%, aportando el 7,9% del total.<\/p>\n<p>Durante el primer trimestre, las reservas totales alcanzaron los 157 millones, un 1,7% m\u00e1s, con un total de 269,5 millones de pasajeros embarcados, lo que supone un aumento del 63% &#8211;excluyendo los pasajeros embarcados por Navitaire, este crecimiento hubiera sido del 9,9%&#8211;. Por contra, las reservas no a\u00e9reas alcanzaron los 15,8 millones de euros, lo que supone un 4% menos con respecto al primer trimestre de 2015.<\/p>\n<p>La partida global de gastos de explotaci\u00f3n, incluidas las retribuciones a los empleados y otros gastos de explotaci\u00f3n, aument\u00f3 un 15% en el primer trimestre, hasta los 373,9 millones de euros.<\/p>\n<p>EL AUMENTO DE DEUDA, EN EL RANGO PREVISTO.<\/p>\n<p>A 31 de marzo, la deuda neta financiera del grupo alcanz\u00f3 los 1.683,5 millones de euros, un 40,6% m\u00e1s, con una ratio de deuda neta\/Ebitda de 1,43 veces. La compa\u00f1\u00eda tecnol\u00f3gica cuenta con un flujo de caja libre de 264,5 millones de euros, lo que supone un 17,9% m\u00e1s.<\/p>\n<p>Al respecto, De Pro defendi\u00f3 que el incremento de la deuda, que se explica fundamentalmente por la compra de Navitaire y otras adquisiciones, y por el pago en enero de un dividendo complementario a cuenta del ejercicio anterior, est\u00e1 en el rango marcado por la compa\u00f1\u00eda, de entre 1 y 1,5 veces deuda\/Ebitda.<\/p>\n<p>\u00abYo no dir\u00eda en absoluto, ni mucho menos, que estamos sobreendeudados, somos una compa\u00f1\u00eda con un balance muy s\u00f3lido, con una visibilidad de generaci\u00f3n de ingresos bastante fuerte, con acuerdos de entre 3 y 10-15 a\u00f1os\u00bb, afirm\u00f3 De Pro, para se\u00f1alar que la compa\u00f1\u00eda sigue invirtiendo, siendo activos con adquisiciones, y tiene previsto continuar retribuyendo a los accionistas\u00bb.<\/p>\n<p>Amadeus firm\u00f3 en el periodo un cr\u00e9dito bancario de 500 millones de euros, concedido en julio de 2015, para financiar parcialmente la adquisici\u00f3n de Navitaire, y realiz\u00f3 una nueva emisi\u00f3n de 30 millones de euros.<\/p>\n<p>En enero, abon\u00f3 un dividendo complementario a cuenta de 0,34 euros por acci\u00f3n y en junio propondr\u00e1 a la junta de accionistas un dividendo bruto total de 0,775 euros por t\u00edtulo, lo que representa un 10,7% m\u00e1s frente al a\u00f1o anterior. De esta forma, Amadeus propondr\u00e1 una reparto de 340,1 millones de euros en concepto de dividendo con cargo al ejercicio 2015, 2,4 veces m\u00e1s que el ejercicio precedente (141,3 millones).<\/p>\n","protected":false},"excerpt":{"rendered":"<p>Amadeus IT Holding logr\u00f3 un beneficio ajustado de 245,6 millones de euros en el primer trimestre del a\u00f1o, lo que supone un 17% m\u00e1s que en el mismo periodo de 2015, excluido el efecto neto de varias partidas, con un beneficio del periodo de 217,2 millones de euros, un 7,2% m\u00e1s, inform\u00f3 este jueves el<\/p>\n","protected":false},"author":1,"featured_media":76061,"comment_status":"open","ping_status":"closed","sticky":false,"template":"","format":"standard","meta":{"footnotes":""},"categories":[224],"tags":[],"class_list":{"0":"post-76060","1":"post","2":"type-post","3":"status-publish","4":"format-standard","5":"has-post-thumbnail","7":"category-noticias-actualidad"},"aioseo_notices":[],"aioseo_head":"\n\t\t<!-- All in One SEO Pro 4.9.6.1 - aioseo.com -->\n\t<meta name=\"description\" content=\"Amadeus IT Holding logr\u00f3 un beneficio ajustado de 245,6 millones de euros en el primer trimestre del a\u00f1o, lo que supone un 17% m\u00e1s que en el mismo periodo de 2015, excluido el efecto neto de varias partidas, con un beneficio del periodo de 217,2 millones de euros, un 7,2% m\u00e1s, inform\u00f3 este jueves el\" \/>\n\t<meta name=\"robots\" content=\"max-image-preview:large\" \/>\n\t<meta name=\"author\" content=\"admin\"\/>\n\t<meta name=\"google-site-verification\" content=\"UA-38556648-1\" \/>\n\t<meta name=\"keywords\" content=\"noticias y actualidad\" \/>\n\t<link rel=\"canonical\" href=\"https:\/\/eldigitaldeasturias.com\/magazine365\/amadeus-eleva-un-17-su-beneficio-ajustado-en-el-primer-trimestre\/\" \/>\n\t<meta name=\"generator\" content=\"All in One SEO Pro (AIOSEO) 4.9.6.1\" \/>\n\t\t<meta property=\"og:locale\" content=\"es_ES\" \/>\n\t\t<meta property=\"og:site_name\" content=\"El Digital de Asturias \u2013 Revista de ocio, turismo y estilo de vida\" \/>\n\t\t<meta property=\"og:type\" content=\"article\" \/>\n\t\t<meta property=\"og:title\" content=\"Amadeus eleva un 17% su beneficio ajustado en el primer trimestre | El Digital de Asturias\" \/>\n\t\t<meta property=\"og:description\" content=\"Amadeus IT Holding logr\u00f3 un beneficio ajustado de 245,6 millones de euros en el primer trimestre del a\u00f1o, lo que supone un 17% m\u00e1s que en el mismo periodo de 2015, excluido el efecto neto de varias partidas, con un beneficio del periodo de 217,2 millones de euros, un 7,2% m\u00e1s, inform\u00f3 este jueves el\" \/>\n\t\t<meta property=\"og:url\" content=\"https:\/\/eldigitaldeasturias.com\/magazine365\/amadeus-eleva-un-17-su-beneficio-ajustado-en-el-primer-trimestre\/\" \/>\n\t\t<meta property=\"og:image\" content=\"https:\/\/eldigitaldeasturias.com\/magazine365\/wp-content\/uploads\/2016\/05\/fotonoticia_20160505130330_800.jpg\" \/>\n\t\t<meta property=\"og:image:secure_url\" content=\"https:\/\/eldigitaldeasturias.com\/magazine365\/wp-content\/uploads\/2016\/05\/fotonoticia_20160505130330_800.jpg\" \/>\n\t\t<meta property=\"og:image:width\" content=\"800\" \/>\n\t\t<meta property=\"og:image:height\" content=\"601\" \/>\n\t\t<meta property=\"article:published_time\" content=\"2016-05-09T01:15:10+00:00\" \/>\n\t\t<meta property=\"article:modified_time\" content=\"2016-05-09T01:15:10+00:00\" \/>\n\t\t<meta name=\"twitter:card\" content=\"summary_large_image\" \/>\n\t\t<meta name=\"twitter:title\" content=\"Amadeus eleva un 17% su beneficio ajustado en el primer trimestre | El Digital de Asturias\" \/>\n\t\t<meta name=\"twitter:description\" content=\"Amadeus IT Holding logr\u00f3 un beneficio ajustado de 245,6 millones de euros en el primer trimestre del a\u00f1o, lo que supone un 17% m\u00e1s que en el mismo periodo de 2015, excluido el efecto neto de varias partidas, con un beneficio del periodo de 217,2 millones de euros, un 7,2% m\u00e1s, inform\u00f3 este jueves el\" \/>\n\t\t<meta name=\"twitter:image\" content=\"https:\/\/eldigitaldeasturias.com\/magazine365\/wp-content\/uploads\/2016\/05\/fotonoticia_20160505130330_800.jpg\" \/>\n\t\t<script type=\"application\/ld+json\" class=\"aioseo-schema\">\n\t\t\t{\"@context\":\"https:\\\/\\\/schema.org\",\"@graph\":[{\"@type\":\"Article\",\"@id\":\"https:\\\/\\\/eldigitaldeasturias.com\\\/magazine365\\\/amadeus-eleva-un-17-su-beneficio-ajustado-en-el-primer-trimestre\\\/#article\",\"name\":\"Amadeus eleva un 17% su beneficio ajustado en el primer trimestre | El Digital de Asturias\",\"headline\":\"Amadeus eleva un 17% su beneficio ajustado en el primer trimestre\",\"author\":{\"@id\":\"https:\\\/\\\/eldigitaldeasturias.com\\\/magazine365\\\/author\\\/admin\\\/#author\"},\"publisher\":{\"@id\":\"https:\\\/\\\/eldigitaldeasturias.com\\\/magazine365\\\/#organization\"},\"image\":{\"@type\":\"ImageObject\",\"url\":\"https:\\\/\\\/eldigitaldeasturias.com\\\/magazine365\\\/wp-content\\\/uploads\\\/2016\\\/05\\\/fotonoticia_20160505130330_800.jpg\",\"width\":800,\"height\":601},\"datePublished\":\"2016-05-09T03:15:10+02:00\",\"dateModified\":\"2016-05-09T03:15:10+02:00\",\"inLanguage\":\"es-ES\",\"mainEntityOfPage\":{\"@id\":\"https:\\\/\\\/eldigitaldeasturias.com\\\/magazine365\\\/amadeus-eleva-un-17-su-beneficio-ajustado-en-el-primer-trimestre\\\/#webpage\"},\"isPartOf\":{\"@id\":\"https:\\\/\\\/eldigitaldeasturias.com\\\/magazine365\\\/amadeus-eleva-un-17-su-beneficio-ajustado-en-el-primer-trimestre\\\/#webpage\"},\"articleSection\":\"Noticias y Actualidad\"},{\"@type\":\"BreadcrumbList\",\"@id\":\"https:\\\/\\\/eldigitaldeasturias.com\\\/magazine365\\\/amadeus-eleva-un-17-su-beneficio-ajustado-en-el-primer-trimestre\\\/#breadcrumblist\",\"itemListElement\":[{\"@type\":\"ListItem\",\"@id\":\"https:\\\/\\\/eldigitaldeasturias.com\\\/magazine365#listItem\",\"position\":1,\"name\":\"Home\",\"item\":\"https:\\\/\\\/eldigitaldeasturias.com\\\/magazine365\",\"nextItem\":{\"@type\":\"ListItem\",\"@id\":\"https:\\\/\\\/eldigitaldeasturias.com\\\/magazine365\\\/category\\\/noticias-actualidad\\\/#listItem\",\"name\":\"Noticias y Actualidad\"}},{\"@type\":\"ListItem\",\"@id\":\"https:\\\/\\\/eldigitaldeasturias.com\\\/magazine365\\\/category\\\/noticias-actualidad\\\/#listItem\",\"position\":2,\"name\":\"Noticias y Actualidad\",\"item\":\"https:\\\/\\\/eldigitaldeasturias.com\\\/magazine365\\\/category\\\/noticias-actualidad\\\/\",\"nextItem\":{\"@type\":\"ListItem\",\"@id\":\"https:\\\/\\\/eldigitaldeasturias.com\\\/magazine365\\\/amadeus-eleva-un-17-su-beneficio-ajustado-en-el-primer-trimestre\\\/#listItem\",\"name\":\"Amadeus eleva un 17% su beneficio ajustado en el primer trimestre\"},\"previousItem\":{\"@type\":\"ListItem\",\"@id\":\"https:\\\/\\\/eldigitaldeasturias.com\\\/magazine365#listItem\",\"name\":\"Home\"}},{\"@type\":\"ListItem\",\"@id\":\"https:\\\/\\\/eldigitaldeasturias.com\\\/magazine365\\\/amadeus-eleva-un-17-su-beneficio-ajustado-en-el-primer-trimestre\\\/#listItem\",\"position\":3,\"name\":\"Amadeus eleva un 17% su beneficio ajustado en el primer trimestre\",\"previousItem\":{\"@type\":\"ListItem\",\"@id\":\"https:\\\/\\\/eldigitaldeasturias.com\\\/magazine365\\\/category\\\/noticias-actualidad\\\/#listItem\",\"name\":\"Noticias y Actualidad\"}}]},{\"@type\":\"Organization\",\"@id\":\"https:\\\/\\\/eldigitaldeasturias.com\\\/magazine365\\\/#organization\",\"name\":\"El digital de Asturias\",\"description\":\"Revista de ocio, turismo y estilo de vida\",\"url\":\"https:\\\/\\\/eldigitaldeasturias.com\\\/magazine365\\\/\",\"logo\":{\"@type\":\"ImageObject\",\"url\":\"https:\\\/\\\/www.eldigitaldeasturias.com\\\/noticias\\\/wp-content\\\/uploads\\\/2020\\\/12\\\/EDA.jpg\",\"@id\":\"https:\\\/\\\/eldigitaldeasturias.com\\\/magazine365\\\/amadeus-eleva-un-17-su-beneficio-ajustado-en-el-primer-trimestre\\\/#organizationLogo\"},\"image\":{\"@id\":\"https:\\\/\\\/eldigitaldeasturias.com\\\/magazine365\\\/amadeus-eleva-un-17-su-beneficio-ajustado-en-el-primer-trimestre\\\/#organizationLogo\"}},{\"@type\":\"Person\",\"@id\":\"https:\\\/\\\/eldigitaldeasturias.com\\\/magazine365\\\/author\\\/admin\\\/#author\",\"url\":\"https:\\\/\\\/eldigitaldeasturias.com\\\/magazine365\\\/author\\\/admin\\\/\",\"name\":\"admin\",\"image\":{\"@type\":\"ImageObject\",\"@id\":\"https:\\\/\\\/eldigitaldeasturias.com\\\/magazine365\\\/amadeus-eleva-un-17-su-beneficio-ajustado-en-el-primer-trimestre\\\/#authorImage\",\"url\":\"https:\\\/\\\/eldigitaldeasturias.com\\\/magazine365\\\/wp-content\\\/litespeed\\\/avatar\\\/e571bcf59a0edd6fa6838245a470f2fe.jpg?ver=1777574230\",\"width\":96,\"height\":96,\"caption\":\"admin\"}},{\"@type\":\"WebPage\",\"@id\":\"https:\\\/\\\/eldigitaldeasturias.com\\\/magazine365\\\/amadeus-eleva-un-17-su-beneficio-ajustado-en-el-primer-trimestre\\\/#webpage\",\"url\":\"https:\\\/\\\/eldigitaldeasturias.com\\\/magazine365\\\/amadeus-eleva-un-17-su-beneficio-ajustado-en-el-primer-trimestre\\\/\",\"name\":\"Amadeus eleva un 17% su beneficio ajustado en el primer trimestre | El Digital de Asturias\",\"description\":\"Amadeus IT Holding logr\\u00f3 un beneficio ajustado de 245,6 millones de euros en el primer trimestre del a\\u00f1o, lo que supone un 17% m\\u00e1s que en el mismo periodo de 2015, excluido el efecto neto de varias partidas, con un beneficio del periodo de 217,2 millones de euros, un 7,2% m\\u00e1s, inform\\u00f3 este jueves el\",\"inLanguage\":\"es-ES\",\"isPartOf\":{\"@id\":\"https:\\\/\\\/eldigitaldeasturias.com\\\/magazine365\\\/#website\"},\"breadcrumb\":{\"@id\":\"https:\\\/\\\/eldigitaldeasturias.com\\\/magazine365\\\/amadeus-eleva-un-17-su-beneficio-ajustado-en-el-primer-trimestre\\\/#breadcrumblist\"},\"author\":{\"@id\":\"https:\\\/\\\/eldigitaldeasturias.com\\\/magazine365\\\/author\\\/admin\\\/#author\"},\"creator\":{\"@id\":\"https:\\\/\\\/eldigitaldeasturias.com\\\/magazine365\\\/author\\\/admin\\\/#author\"},\"image\":{\"@type\":\"ImageObject\",\"url\":\"https:\\\/\\\/eldigitaldeasturias.com\\\/magazine365\\\/wp-content\\\/uploads\\\/2016\\\/05\\\/fotonoticia_20160505130330_800.jpg\",\"@id\":\"https:\\\/\\\/eldigitaldeasturias.com\\\/magazine365\\\/amadeus-eleva-un-17-su-beneficio-ajustado-en-el-primer-trimestre\\\/#mainImage\",\"width\":800,\"height\":601},\"primaryImageOfPage\":{\"@id\":\"https:\\\/\\\/eldigitaldeasturias.com\\\/magazine365\\\/amadeus-eleva-un-17-su-beneficio-ajustado-en-el-primer-trimestre\\\/#mainImage\"},\"datePublished\":\"2016-05-09T03:15:10+02:00\",\"dateModified\":\"2016-05-09T03:15:10+02:00\"},{\"@type\":\"WebSite\",\"@id\":\"https:\\\/\\\/eldigitaldeasturias.com\\\/magazine365\\\/#website\",\"url\":\"https:\\\/\\\/eldigitaldeasturias.com\\\/magazine365\\\/\",\"name\":\"El Digital de Asturias\",\"description\":\"Revista de ocio, turismo y estilo de vida\",\"inLanguage\":\"es-ES\",\"publisher\":{\"@id\":\"https:\\\/\\\/eldigitaldeasturias.com\\\/magazine365\\\/#organization\"}}]}\n\t\t<\/script>\n\t\t<!-- All in One SEO Pro -->\r\n\t\t<title>Amadeus eleva un 17% su beneficio ajustado en el primer trimestre | El Digital de Asturias<\/title>\n\n","aioseo_head_json":{"title":"Amadeus eleva un 17% su beneficio ajustado en el primer trimestre | El Digital de Asturias","description":"Amadeus IT Holding logr\u00f3 un beneficio ajustado de 245,6 millones de euros en el primer trimestre del a\u00f1o, lo que supone un 17% m\u00e1s que en el mismo periodo de 2015, excluido el efecto neto de varias partidas, con un beneficio del periodo de 217,2 millones de euros, un 7,2% m\u00e1s, inform\u00f3 este jueves el","canonical_url":"https:\/\/eldigitaldeasturias.com\/magazine365\/amadeus-eleva-un-17-su-beneficio-ajustado-en-el-primer-trimestre\/","robots":"max-image-preview:large","keywords":"noticias y actualidad","webmasterTools":{"google-site-verification":"UA-38556648-1","miscellaneous":""},"schema":{"@context":"https:\/\/schema.org","@graph":[{"@type":"Article","@id":"https:\/\/eldigitaldeasturias.com\/magazine365\/amadeus-eleva-un-17-su-beneficio-ajustado-en-el-primer-trimestre\/#article","name":"Amadeus eleva un 17% su beneficio ajustado en el primer trimestre | El Digital de Asturias","headline":"Amadeus eleva un 17% su beneficio ajustado en el primer trimestre","author":{"@id":"https:\/\/eldigitaldeasturias.com\/magazine365\/author\/admin\/#author"},"publisher":{"@id":"https:\/\/eldigitaldeasturias.com\/magazine365\/#organization"},"image":{"@type":"ImageObject","url":"https:\/\/eldigitaldeasturias.com\/magazine365\/wp-content\/uploads\/2016\/05\/fotonoticia_20160505130330_800.jpg","width":800,"height":601},"datePublished":"2016-05-09T03:15:10+02:00","dateModified":"2016-05-09T03:15:10+02:00","inLanguage":"es-ES","mainEntityOfPage":{"@id":"https:\/\/eldigitaldeasturias.com\/magazine365\/amadeus-eleva-un-17-su-beneficio-ajustado-en-el-primer-trimestre\/#webpage"},"isPartOf":{"@id":"https:\/\/eldigitaldeasturias.com\/magazine365\/amadeus-eleva-un-17-su-beneficio-ajustado-en-el-primer-trimestre\/#webpage"},"articleSection":"Noticias y Actualidad"},{"@type":"BreadcrumbList","@id":"https:\/\/eldigitaldeasturias.com\/magazine365\/amadeus-eleva-un-17-su-beneficio-ajustado-en-el-primer-trimestre\/#breadcrumblist","itemListElement":[{"@type":"ListItem","@id":"https:\/\/eldigitaldeasturias.com\/magazine365#listItem","position":1,"name":"Home","item":"https:\/\/eldigitaldeasturias.com\/magazine365","nextItem":{"@type":"ListItem","@id":"https:\/\/eldigitaldeasturias.com\/magazine365\/category\/noticias-actualidad\/#listItem","name":"Noticias y Actualidad"}},{"@type":"ListItem","@id":"https:\/\/eldigitaldeasturias.com\/magazine365\/category\/noticias-actualidad\/#listItem","position":2,"name":"Noticias y Actualidad","item":"https:\/\/eldigitaldeasturias.com\/magazine365\/category\/noticias-actualidad\/","nextItem":{"@type":"ListItem","@id":"https:\/\/eldigitaldeasturias.com\/magazine365\/amadeus-eleva-un-17-su-beneficio-ajustado-en-el-primer-trimestre\/#listItem","name":"Amadeus eleva un 17% su beneficio ajustado en el primer trimestre"},"previousItem":{"@type":"ListItem","@id":"https:\/\/eldigitaldeasturias.com\/magazine365#listItem","name":"Home"}},{"@type":"ListItem","@id":"https:\/\/eldigitaldeasturias.com\/magazine365\/amadeus-eleva-un-17-su-beneficio-ajustado-en-el-primer-trimestre\/#listItem","position":3,"name":"Amadeus eleva un 17% su beneficio ajustado en el primer trimestre","previousItem":{"@type":"ListItem","@id":"https:\/\/eldigitaldeasturias.com\/magazine365\/category\/noticias-actualidad\/#listItem","name":"Noticias y Actualidad"}}]},{"@type":"Organization","@id":"https:\/\/eldigitaldeasturias.com\/magazine365\/#organization","name":"El digital de Asturias","description":"Revista de ocio, turismo y estilo de vida","url":"https:\/\/eldigitaldeasturias.com\/magazine365\/","logo":{"@type":"ImageObject","url":"https:\/\/www.eldigitaldeasturias.com\/noticias\/wp-content\/uploads\/2020\/12\/EDA.jpg","@id":"https:\/\/eldigitaldeasturias.com\/magazine365\/amadeus-eleva-un-17-su-beneficio-ajustado-en-el-primer-trimestre\/#organizationLogo"},"image":{"@id":"https:\/\/eldigitaldeasturias.com\/magazine365\/amadeus-eleva-un-17-su-beneficio-ajustado-en-el-primer-trimestre\/#organizationLogo"}},{"@type":"Person","@id":"https:\/\/eldigitaldeasturias.com\/magazine365\/author\/admin\/#author","url":"https:\/\/eldigitaldeasturias.com\/magazine365\/author\/admin\/","name":"admin","image":{"@type":"ImageObject","@id":"https:\/\/eldigitaldeasturias.com\/magazine365\/amadeus-eleva-un-17-su-beneficio-ajustado-en-el-primer-trimestre\/#authorImage","url":"https:\/\/eldigitaldeasturias.com\/magazine365\/wp-content\/litespeed\/avatar\/e571bcf59a0edd6fa6838245a470f2fe.jpg?ver=1777574230","width":96,"height":96,"caption":"admin"}},{"@type":"WebPage","@id":"https:\/\/eldigitaldeasturias.com\/magazine365\/amadeus-eleva-un-17-su-beneficio-ajustado-en-el-primer-trimestre\/#webpage","url":"https:\/\/eldigitaldeasturias.com\/magazine365\/amadeus-eleva-un-17-su-beneficio-ajustado-en-el-primer-trimestre\/","name":"Amadeus eleva un 17% su beneficio ajustado en el primer trimestre | El Digital de Asturias","description":"Amadeus IT Holding logr\u00f3 un beneficio ajustado de 245,6 millones de euros en el primer trimestre del a\u00f1o, lo que supone un 17% m\u00e1s que en el mismo periodo de 2015, excluido el efecto neto de varias partidas, con un beneficio del periodo de 217,2 millones de euros, un 7,2% m\u00e1s, inform\u00f3 este jueves el","inLanguage":"es-ES","isPartOf":{"@id":"https:\/\/eldigitaldeasturias.com\/magazine365\/#website"},"breadcrumb":{"@id":"https:\/\/eldigitaldeasturias.com\/magazine365\/amadeus-eleva-un-17-su-beneficio-ajustado-en-el-primer-trimestre\/#breadcrumblist"},"author":{"@id":"https:\/\/eldigitaldeasturias.com\/magazine365\/author\/admin\/#author"},"creator":{"@id":"https:\/\/eldigitaldeasturias.com\/magazine365\/author\/admin\/#author"},"image":{"@type":"ImageObject","url":"https:\/\/eldigitaldeasturias.com\/magazine365\/wp-content\/uploads\/2016\/05\/fotonoticia_20160505130330_800.jpg","@id":"https:\/\/eldigitaldeasturias.com\/magazine365\/amadeus-eleva-un-17-su-beneficio-ajustado-en-el-primer-trimestre\/#mainImage","width":800,"height":601},"primaryImageOfPage":{"@id":"https:\/\/eldigitaldeasturias.com\/magazine365\/amadeus-eleva-un-17-su-beneficio-ajustado-en-el-primer-trimestre\/#mainImage"},"datePublished":"2016-05-09T03:15:10+02:00","dateModified":"2016-05-09T03:15:10+02:00"},{"@type":"WebSite","@id":"https:\/\/eldigitaldeasturias.com\/magazine365\/#website","url":"https:\/\/eldigitaldeasturias.com\/magazine365\/","name":"El Digital de Asturias","description":"Revista de ocio, turismo y estilo de vida","inLanguage":"es-ES","publisher":{"@id":"https:\/\/eldigitaldeasturias.com\/magazine365\/#organization"}}]},"og:locale":"es_ES","og:site_name":"El Digital de Asturias \u2013 Revista de ocio, turismo y estilo de vida","og:type":"article","og:title":"Amadeus eleva un 17% su beneficio ajustado en el primer trimestre | El Digital de Asturias","og:description":"Amadeus IT Holding logr\u00f3 un beneficio ajustado de 245,6 millones de euros en el primer trimestre del a\u00f1o, lo que supone un 17% m\u00e1s que en el mismo periodo de 2015, excluido el efecto neto de varias partidas, con un beneficio del periodo de 217,2 millones de euros, un 7,2% m\u00e1s, inform\u00f3 este jueves el","og:url":"https:\/\/eldigitaldeasturias.com\/magazine365\/amadeus-eleva-un-17-su-beneficio-ajustado-en-el-primer-trimestre\/","og:image":"https:\/\/eldigitaldeasturias.com\/magazine365\/wp-content\/uploads\/2016\/05\/fotonoticia_20160505130330_800.jpg","og:image:secure_url":"https:\/\/eldigitaldeasturias.com\/magazine365\/wp-content\/uploads\/2016\/05\/fotonoticia_20160505130330_800.jpg","og:image:width":800,"og:image:height":601,"article:published_time":"2016-05-09T01:15:10+00:00","article:modified_time":"2016-05-09T01:15:10+00:00","twitter:card":"summary_large_image","twitter:title":"Amadeus eleva un 17% su beneficio ajustado en el primer trimestre | El Digital de Asturias","twitter:description":"Amadeus IT Holding logr\u00f3 un beneficio ajustado de 245,6 millones de euros en el primer trimestre del a\u00f1o, lo que supone un 17% m\u00e1s que en el mismo periodo de 2015, excluido el efecto neto de varias partidas, con un beneficio del periodo de 217,2 millones de euros, un 7,2% m\u00e1s, inform\u00f3 este jueves el","twitter:image":"https:\/\/eldigitaldeasturias.com\/magazine365\/wp-content\/uploads\/2016\/05\/fotonoticia_20160505130330_800.jpg"},"aioseo_meta_data":{"post_id":"76060","title":null,"description":null,"keywords":null,"keyphrases":null,"primary_term":null,"canonical_url":null,"og_title":null,"og_description":null,"og_object_type":"default","og_image_type":"default","og_image_url":null,"og_image_width":null,"og_image_height":null,"og_image_custom_url":null,"og_image_custom_fields":null,"og_video":null,"og_custom_url":null,"og_article_section":null,"og_article_tags":null,"twitter_use_og":false,"twitter_card":"default","twitter_image_type":"default","twitter_image_url":null,"twitter_image_custom_url":null,"twitter_image_custom_fields":null,"twitter_title":null,"twitter_description":null,"schema":{"blockGraphs":[],"customGraphs":[],"default":{"data":{"Article":[],"Course":[],"Dataset":[],"FAQPage":[],"Movie":[],"Person":[],"Product":[],"ProductReview":[],"Car":[],"Recipe":[],"Service":[],"SoftwareApplication":[],"WebPage":[]},"graphName":"","isEnabled":true},"graphs":[],"defaultGraph":"","defaultPostTypeGraph":""},"schema_type":null,"schema_type_options":null,"pillar_content":false,"robots_default":true,"robots_noindex":false,"robots_noarchive":false,"robots_nosnippet":false,"robots_nofollow":false,"robots_noimageindex":false,"robots_noodp":false,"robots_notranslate":false,"robots_max_snippet":null,"robots_max_videopreview":null,"robots_max_imagepreview":"large","priority":null,"frequency":null,"location":null,"local_seo":null,"seo_analyzer_scan_date":"2025-09-27 11:46:56","breadcrumb_settings":null,"limit_modified_date":false,"open_ai":null,"ai":null,"created":"2021-03-08 18:33:02","updated":"2025-09-27 11:46:56"},"aioseo_breadcrumb":"<div class=\"aioseo-breadcrumbs\"><span class=\"aioseo-breadcrumb\">\n\t<a href=\"https:\/\/eldigitaldeasturias.com\/magazine365\" title=\"Home\">Home<\/a>\n<\/span><span class=\"aioseo-breadcrumb-separator\">\u2013<\/span><span class=\"aioseo-breadcrumb\">\n\t<a href=\"https:\/\/eldigitaldeasturias.com\/magazine365\/category\/noticias-actualidad\/\" title=\"Noticias y Actualidad\">Noticias y Actualidad<\/a>\n<\/span><span class=\"aioseo-breadcrumb-separator\">\u2013<\/span><span class=\"aioseo-breadcrumb\">\n\t<a href=\"https:\/\/eldigitaldeasturias.com\/magazine365\/amadeus-eleva-un-17-su-beneficio-ajustado-en-el-primer-trimestre\/\" title=\"Amadeus eleva un 17% su beneficio ajustado en el primer trimestre\">Amadeus eleva un 17% su beneficio ajustado en el primer trimestre<\/a>\n<\/span><\/div>","aioseo_breadcrumb_json":[{"label":"Home","link":"https:\/\/eldigitaldeasturias.com\/magazine365"},{"label":"Noticias y Actualidad","link":"https:\/\/eldigitaldeasturias.com\/magazine365\/category\/noticias-actualidad\/"},{"label":"Amadeus eleva un 17% su beneficio ajustado en el primer trimestre","link":"https:\/\/eldigitaldeasturias.com\/magazine365\/amadeus-eleva-un-17-su-beneficio-ajustado-en-el-primer-trimestre\/"}],"_links":{"self":[{"href":"https:\/\/eldigitaldeasturias.com\/magazine365\/wp-json\/wp\/v2\/posts\/76060","targetHints":{"allow":["GET"]}}],"collection":[{"href":"https:\/\/eldigitaldeasturias.com\/magazine365\/wp-json\/wp\/v2\/posts"}],"about":[{"href":"https:\/\/eldigitaldeasturias.com\/magazine365\/wp-json\/wp\/v2\/types\/post"}],"author":[{"embeddable":true,"href":"https:\/\/eldigitaldeasturias.com\/magazine365\/wp-json\/wp\/v2\/users\/1"}],"replies":[{"embeddable":true,"href":"https:\/\/eldigitaldeasturias.com\/magazine365\/wp-json\/wp\/v2\/comments?post=76060"}],"version-history":[{"count":0,"href":"https:\/\/eldigitaldeasturias.com\/magazine365\/wp-json\/wp\/v2\/posts\/76060\/revisions"}],"wp:featuredmedia":[{"embeddable":true,"href":"https:\/\/eldigitaldeasturias.com\/magazine365\/wp-json\/wp\/v2\/media\/76061"}],"wp:attachment":[{"href":"https:\/\/eldigitaldeasturias.com\/magazine365\/wp-json\/wp\/v2\/media?parent=76060"}],"wp:term":[{"taxonomy":"category","embeddable":true,"href":"https:\/\/eldigitaldeasturias.com\/magazine365\/wp-json\/wp\/v2\/categories?post=76060"},{"taxonomy":"post_tag","embeddable":true,"href":"https:\/\/eldigitaldeasturias.com\/magazine365\/wp-json\/wp\/v2\/tags?post=76060"}],"curies":[{"name":"wp","href":"https:\/\/api.w.org\/{rel}","templated":true}]}}