{"id":76036,"date":"2016-05-09T02:58:39","date_gmt":"2016-05-09T00:58:39","guid":{"rendered":"http:\/\/eldigitaldeasturias.com\/magazine365\/?p=76036"},"modified":"2016-05-09T02:58:39","modified_gmt":"2016-05-09T00:58:39","slug":"andalucia-aprueba-por-unanimidad-una-iniciativa-de-cs-para-el-tren-del-litoral-de-la-costa-del-sol","status":"publish","type":"post","link":"https:\/\/eldigitaldeasturias.com\/magazine365\/andalucia-aprueba-por-unanimidad-una-iniciativa-de-cs-para-el-tren-del-litoral-de-la-costa-del-sol\/","title":{"rendered":"Andaluc\u00eda aprueba por unanimidad una iniciativa de C&#8217;s para el tren del litoral de la Costa del Sol"},"content":{"rendered":"<p><img fetchpriority=\"high\" decoding=\"async\" class=\"alignleft size-medium wp-image-76037\" src=\"https:\/\/eldigitaldeasturias.com\/magazine365\/wp-content\/uploads\/2016\/05\/fotonoticia_20160504181909_800-360x203.jpg\" alt=\"fotonoticia_20160504181909_800\" width=\"360\" height=\"203\" srcset=\"https:\/\/eldigitaldeasturias.com\/magazine365\/wp-content\/uploads\/2016\/05\/fotonoticia_20160504181909_800-360x203.jpg 360w, https:\/\/eldigitaldeasturias.com\/magazine365\/wp-content\/uploads\/2016\/05\/fotonoticia_20160504181909_800-650x366.jpg 650w, https:\/\/eldigitaldeasturias.com\/magazine365\/wp-content\/uploads\/2016\/05\/fotonoticia_20160504181909_800-768x432.jpg 768w, https:\/\/eldigitaldeasturias.com\/magazine365\/wp-content\/uploads\/2016\/05\/fotonoticia_20160504181909_800-150x84.jpg 150w, https:\/\/eldigitaldeasturias.com\/magazine365\/wp-content\/uploads\/2016\/05\/fotonoticia_20160504181909_800-450x253.jpg 450w, https:\/\/eldigitaldeasturias.com\/magazine365\/wp-content\/uploads\/2016\/05\/fotonoticia_20160504181909_800-499x280.jpg 499w, https:\/\/eldigitaldeasturias.com\/magazine365\/wp-content\/uploads\/2016\/05\/fotonoticia_20160504181909_800-510x289.jpg 510w, https:\/\/eldigitaldeasturias.com\/magazine365\/wp-content\/uploads\/2016\/05\/fotonoticia_20160504181909_800.jpg 800w\" sizes=\"(max-width: 360px) 100vw, 360px\" \/>La comisi\u00f3n de Fomento y Vivienda del Parlamento de Andaluc\u00eda ha aprobado este mi\u00e9rcoles por unanimidad de todos los grupos una proposici\u00f3n no de ley (PNL) de Ciudadanos (C&#8217;s) para el tren del litoral de la Costa del Sol.<\/p>\n<p>La iniciativa aprobada acuerda abordar \u00abde una forma decidida\u00bb el proyecto de corredor ferroviario de la Costa del Sol, elaborando un plan que recoja el compromiso, los plazos y las partidas presupuestarias para los pr\u00f3ximos ejercicios.<\/p>\n<p>En relaci\u00f3n al importe econ\u00f3mico, se insta al Ejecutivo andaluz que comunique si se han definido las inversiones por el Ministerio de Econom\u00eda con las que hacer frente a las partidas presupuestarias necesarias para materializar las actuaciones correspondientes al Corredor de la Costa del Sol, y si el denominado Plan Junker sigue priorizando el tren litoral.<\/p>\n<p>Seg\u00fan ha indicado en una nota la formaci\u00f3n naranja, el diputado por M\u00e1laga, Carlos Hern\u00e1ndez, ha defendido esta iniciativa \u00abque pone fin a 17 a\u00f1os de promesas en las que las distintas administraciones no han sido capaces de ponerse de acuerdo para abordar este proyecto vital para la econom\u00eda de la Costa del Sol\u00bb.<\/p>\n<p>Hern\u00e1ndez ha afirmado que \u00abes un gran proyecto que estimular\u00e1 y transformar\u00e1 completamente la econom\u00eda de la Costa del Sol, potenci\u00e1ndola como destino tur\u00edstico y ayudando de forma inmediata a combatir el desempleo\u00bb.<\/p>\n<p>Este proyecto, \u00abseg\u00fan un estudio de la propia administraci\u00f3n andaluza, tendr\u00eda una demanda de 100 millones de viajes al a\u00f1o, lo que nos obliga a superar la fase de estudios, proyectos e informes y concretar la voluntad pol\u00edtica, la disponibilidad presupuestaria y un compromiso a corto y medio plazo\u00bb, ha concluido Hern\u00e1ndez.<\/p>\n","protected":false},"excerpt":{"rendered":"<p>La comisi\u00f3n de Fomento y Vivienda del Parlamento de Andaluc\u00eda ha aprobado este mi\u00e9rcoles por unanimidad de todos los grupos una proposici\u00f3n no de ley (PNL) de Ciudadanos (C&#8217;s) para el tren del litoral de la Costa del Sol. La iniciativa aprobada acuerda abordar \u00abde una forma decidida\u00bb el proyecto de corredor ferroviario de la<\/p>\n","protected":false},"author":1,"featured_media":76037,"comment_status":"open","ping_status":"closed","sticky":false,"template":"","format":"standard","meta":{"footnotes":""},"categories":[224],"tags":[],"class_list":{"0":"post-76036","1":"post","2":"type-post","3":"status-publish","4":"format-standard","5":"has-post-thumbnail","7":"category-noticias-actualidad"},"aioseo_notices":[],"aioseo_head":"\n\t\t<!-- All in One SEO Pro 4.9.6.1 - aioseo.com -->\n\t<meta name=\"description\" content=\"La comisi\u00f3n de Fomento y Vivienda del Parlamento de Andaluc\u00eda ha aprobado este mi\u00e9rcoles por unanimidad de todos los grupos una proposici\u00f3n no de ley (PNL) de Ciudadanos (C&#039;s) para el tren del litoral de la Costa del Sol. La iniciativa aprobada acuerda abordar &quot;de una forma decidida&quot; el proyecto de corredor ferroviario de la\" \/>\n\t<meta name=\"robots\" content=\"max-image-preview:large\" \/>\n\t<meta name=\"author\" content=\"admin\"\/>\n\t<meta name=\"google-site-verification\" content=\"UA-38556648-1\" \/>\n\t<meta name=\"keywords\" content=\"noticias y actualidad\" \/>\n\t<link rel=\"canonical\" href=\"https:\/\/eldigitaldeasturias.com\/magazine365\/andalucia-aprueba-por-unanimidad-una-iniciativa-de-cs-para-el-tren-del-litoral-de-la-costa-del-sol\/\" \/>\n\t<meta name=\"generator\" content=\"All in One SEO Pro (AIOSEO) 4.9.6.1\" \/>\n\t\t<meta property=\"og:locale\" content=\"es_ES\" \/>\n\t\t<meta property=\"og:site_name\" content=\"El Digital de Asturias \u2013 Revista de ocio, turismo y estilo de vida\" \/>\n\t\t<meta property=\"og:type\" content=\"article\" \/>\n\t\t<meta property=\"og:title\" content=\"Andaluc\u00eda aprueba por unanimidad una iniciativa de C\u2019s para el tren del litoral de la Costa del Sol | El Digital de Asturias\" \/>\n\t\t<meta property=\"og:description\" content=\"La comisi\u00f3n de Fomento y Vivienda del Parlamento de Andaluc\u00eda ha aprobado este mi\u00e9rcoles por unanimidad de todos los grupos una proposici\u00f3n no de ley (PNL) de Ciudadanos (C&#039;s) para el tren del litoral de la Costa del Sol. La iniciativa aprobada acuerda abordar &quot;de una forma decidida&quot; el proyecto de corredor ferroviario de la\" \/>\n\t\t<meta property=\"og:url\" content=\"https:\/\/eldigitaldeasturias.com\/magazine365\/andalucia-aprueba-por-unanimidad-una-iniciativa-de-cs-para-el-tren-del-litoral-de-la-costa-del-sol\/\" \/>\n\t\t<meta property=\"og:image\" content=\"https:\/\/eldigitaldeasturias.com\/magazine365\/wp-content\/uploads\/2016\/05\/fotonoticia_20160504181909_800.jpg\" \/>\n\t\t<meta property=\"og:image:secure_url\" content=\"https:\/\/eldigitaldeasturias.com\/magazine365\/wp-content\/uploads\/2016\/05\/fotonoticia_20160504181909_800.jpg\" \/>\n\t\t<meta property=\"og:image:width\" content=\"800\" \/>\n\t\t<meta property=\"og:image:height\" content=\"450\" \/>\n\t\t<meta property=\"article:published_time\" content=\"2016-05-09T00:58:39+00:00\" \/>\n\t\t<meta property=\"article:modified_time\" content=\"2016-05-09T00:58:39+00:00\" \/>\n\t\t<meta name=\"twitter:card\" content=\"summary_large_image\" \/>\n\t\t<meta name=\"twitter:title\" content=\"Andaluc\u00eda aprueba por unanimidad una iniciativa de C\u2019s para el tren del litoral de la Costa del Sol | El Digital de Asturias\" \/>\n\t\t<meta name=\"twitter:description\" content=\"La comisi\u00f3n de Fomento y Vivienda del Parlamento de Andaluc\u00eda ha aprobado este mi\u00e9rcoles por unanimidad de todos los grupos una proposici\u00f3n no de ley (PNL) de Ciudadanos (C&#039;s) para el tren del litoral de la Costa del Sol. La iniciativa aprobada acuerda abordar &quot;de una forma decidida&quot; el proyecto de corredor ferroviario de la\" \/>\n\t\t<meta name=\"twitter:image\" content=\"https:\/\/eldigitaldeasturias.com\/magazine365\/wp-content\/uploads\/2016\/05\/fotonoticia_20160504181909_800.jpg\" \/>\n\t\t<script type=\"application\/ld+json\" class=\"aioseo-schema\">\n\t\t\t{\"@context\":\"https:\\\/\\\/schema.org\",\"@graph\":[{\"@type\":\"Article\",\"@id\":\"https:\\\/\\\/eldigitaldeasturias.com\\\/magazine365\\\/andalucia-aprueba-por-unanimidad-una-iniciativa-de-cs-para-el-tren-del-litoral-de-la-costa-del-sol\\\/#article\",\"name\":\"Andaluc\\u00eda aprueba por unanimidad una iniciativa de C\\u2019s para el tren del litoral de la Costa del Sol | El Digital de Asturias\",\"headline\":\"Andaluc\\u00eda aprueba por unanimidad una iniciativa de C&#8217;s para el tren del litoral de la Costa del Sol\",\"author\":{\"@id\":\"https:\\\/\\\/eldigitaldeasturias.com\\\/magazine365\\\/author\\\/admin\\\/#author\"},\"publisher\":{\"@id\":\"https:\\\/\\\/eldigitaldeasturias.com\\\/magazine365\\\/#organization\"},\"image\":{\"@type\":\"ImageObject\",\"url\":\"https:\\\/\\\/eldigitaldeasturias.com\\\/magazine365\\\/wp-content\\\/uploads\\\/2016\\\/05\\\/fotonoticia_20160504181909_800.jpg\",\"width\":800,\"height\":450},\"datePublished\":\"2016-05-09T02:58:39+02:00\",\"dateModified\":\"2016-05-09T02:58:39+02:00\",\"inLanguage\":\"es-ES\",\"mainEntityOfPage\":{\"@id\":\"https:\\\/\\\/eldigitaldeasturias.com\\\/magazine365\\\/andalucia-aprueba-por-unanimidad-una-iniciativa-de-cs-para-el-tren-del-litoral-de-la-costa-del-sol\\\/#webpage\"},\"isPartOf\":{\"@id\":\"https:\\\/\\\/eldigitaldeasturias.com\\\/magazine365\\\/andalucia-aprueba-por-unanimidad-una-iniciativa-de-cs-para-el-tren-del-litoral-de-la-costa-del-sol\\\/#webpage\"},\"articleSection\":\"Noticias y Actualidad\"},{\"@type\":\"BreadcrumbList\",\"@id\":\"https:\\\/\\\/eldigitaldeasturias.com\\\/magazine365\\\/andalucia-aprueba-por-unanimidad-una-iniciativa-de-cs-para-el-tren-del-litoral-de-la-costa-del-sol\\\/#breadcrumblist\",\"itemListElement\":[{\"@type\":\"ListItem\",\"@id\":\"https:\\\/\\\/eldigitaldeasturias.com\\\/magazine365#listItem\",\"position\":1,\"name\":\"Home\",\"item\":\"https:\\\/\\\/eldigitaldeasturias.com\\\/magazine365\",\"nextItem\":{\"@type\":\"ListItem\",\"@id\":\"https:\\\/\\\/eldigitaldeasturias.com\\\/magazine365\\\/category\\\/noticias-actualidad\\\/#listItem\",\"name\":\"Noticias y Actualidad\"}},{\"@type\":\"ListItem\",\"@id\":\"https:\\\/\\\/eldigitaldeasturias.com\\\/magazine365\\\/category\\\/noticias-actualidad\\\/#listItem\",\"position\":2,\"name\":\"Noticias y Actualidad\",\"item\":\"https:\\\/\\\/eldigitaldeasturias.com\\\/magazine365\\\/category\\\/noticias-actualidad\\\/\",\"nextItem\":{\"@type\":\"ListItem\",\"@id\":\"https:\\\/\\\/eldigitaldeasturias.com\\\/magazine365\\\/andalucia-aprueba-por-unanimidad-una-iniciativa-de-cs-para-el-tren-del-litoral-de-la-costa-del-sol\\\/#listItem\",\"name\":\"Andaluc\\u00eda aprueba por unanimidad una iniciativa de C&#8217;s para el tren del litoral de la Costa del Sol\"},\"previousItem\":{\"@type\":\"ListItem\",\"@id\":\"https:\\\/\\\/eldigitaldeasturias.com\\\/magazine365#listItem\",\"name\":\"Home\"}},{\"@type\":\"ListItem\",\"@id\":\"https:\\\/\\\/eldigitaldeasturias.com\\\/magazine365\\\/andalucia-aprueba-por-unanimidad-una-iniciativa-de-cs-para-el-tren-del-litoral-de-la-costa-del-sol\\\/#listItem\",\"position\":3,\"name\":\"Andaluc\\u00eda aprueba por unanimidad una iniciativa de C&#8217;s para el tren del litoral de la Costa del Sol\",\"previousItem\":{\"@type\":\"ListItem\",\"@id\":\"https:\\\/\\\/eldigitaldeasturias.com\\\/magazine365\\\/category\\\/noticias-actualidad\\\/#listItem\",\"name\":\"Noticias y Actualidad\"}}]},{\"@type\":\"Organization\",\"@id\":\"https:\\\/\\\/eldigitaldeasturias.com\\\/magazine365\\\/#organization\",\"name\":\"El digital de Asturias\",\"description\":\"Revista de ocio, turismo y estilo de vida\",\"url\":\"https:\\\/\\\/eldigitaldeasturias.com\\\/magazine365\\\/\",\"logo\":{\"@type\":\"ImageObject\",\"url\":\"https:\\\/\\\/www.eldigitaldeasturias.com\\\/noticias\\\/wp-content\\\/uploads\\\/2020\\\/12\\\/EDA.jpg\",\"@id\":\"https:\\\/\\\/eldigitaldeasturias.com\\\/magazine365\\\/andalucia-aprueba-por-unanimidad-una-iniciativa-de-cs-para-el-tren-del-litoral-de-la-costa-del-sol\\\/#organizationLogo\"},\"image\":{\"@id\":\"https:\\\/\\\/eldigitaldeasturias.com\\\/magazine365\\\/andalucia-aprueba-por-unanimidad-una-iniciativa-de-cs-para-el-tren-del-litoral-de-la-costa-del-sol\\\/#organizationLogo\"}},{\"@type\":\"Person\",\"@id\":\"https:\\\/\\\/eldigitaldeasturias.com\\\/magazine365\\\/author\\\/admin\\\/#author\",\"url\":\"https:\\\/\\\/eldigitaldeasturias.com\\\/magazine365\\\/author\\\/admin\\\/\",\"name\":\"admin\",\"image\":{\"@type\":\"ImageObject\",\"@id\":\"https:\\\/\\\/eldigitaldeasturias.com\\\/magazine365\\\/andalucia-aprueba-por-unanimidad-una-iniciativa-de-cs-para-el-tren-del-litoral-de-la-costa-del-sol\\\/#authorImage\",\"url\":\"https:\\\/\\\/eldigitaldeasturias.com\\\/magazine365\\\/wp-content\\\/litespeed\\\/avatar\\\/e571bcf59a0edd6fa6838245a470f2fe.jpg?ver=1777574230\",\"width\":96,\"height\":96,\"caption\":\"admin\"}},{\"@type\":\"WebPage\",\"@id\":\"https:\\\/\\\/eldigitaldeasturias.com\\\/magazine365\\\/andalucia-aprueba-por-unanimidad-una-iniciativa-de-cs-para-el-tren-del-litoral-de-la-costa-del-sol\\\/#webpage\",\"url\":\"https:\\\/\\\/eldigitaldeasturias.com\\\/magazine365\\\/andalucia-aprueba-por-unanimidad-una-iniciativa-de-cs-para-el-tren-del-litoral-de-la-costa-del-sol\\\/\",\"name\":\"Andaluc\\u00eda aprueba por unanimidad una iniciativa de C\\u2019s para el tren del litoral de la Costa del Sol | El Digital de Asturias\",\"description\":\"La comisi\\u00f3n de Fomento y Vivienda del Parlamento de Andaluc\\u00eda ha aprobado este mi\\u00e9rcoles por unanimidad de todos los grupos una proposici\\u00f3n no de ley (PNL) de Ciudadanos (C's) para el tren del litoral de la Costa del Sol. La iniciativa aprobada acuerda abordar \\\"de una forma decidida\\\" el proyecto de corredor ferroviario de la\",\"inLanguage\":\"es-ES\",\"isPartOf\":{\"@id\":\"https:\\\/\\\/eldigitaldeasturias.com\\\/magazine365\\\/#website\"},\"breadcrumb\":{\"@id\":\"https:\\\/\\\/eldigitaldeasturias.com\\\/magazine365\\\/andalucia-aprueba-por-unanimidad-una-iniciativa-de-cs-para-el-tren-del-litoral-de-la-costa-del-sol\\\/#breadcrumblist\"},\"author\":{\"@id\":\"https:\\\/\\\/eldigitaldeasturias.com\\\/magazine365\\\/author\\\/admin\\\/#author\"},\"creator\":{\"@id\":\"https:\\\/\\\/eldigitaldeasturias.com\\\/magazine365\\\/author\\\/admin\\\/#author\"},\"image\":{\"@type\":\"ImageObject\",\"url\":\"https:\\\/\\\/eldigitaldeasturias.com\\\/magazine365\\\/wp-content\\\/uploads\\\/2016\\\/05\\\/fotonoticia_20160504181909_800.jpg\",\"@id\":\"https:\\\/\\\/eldigitaldeasturias.com\\\/magazine365\\\/andalucia-aprueba-por-unanimidad-una-iniciativa-de-cs-para-el-tren-del-litoral-de-la-costa-del-sol\\\/#mainImage\",\"width\":800,\"height\":450},\"primaryImageOfPage\":{\"@id\":\"https:\\\/\\\/eldigitaldeasturias.com\\\/magazine365\\\/andalucia-aprueba-por-unanimidad-una-iniciativa-de-cs-para-el-tren-del-litoral-de-la-costa-del-sol\\\/#mainImage\"},\"datePublished\":\"2016-05-09T02:58:39+02:00\",\"dateModified\":\"2016-05-09T02:58:39+02:00\"},{\"@type\":\"WebSite\",\"@id\":\"https:\\\/\\\/eldigitaldeasturias.com\\\/magazine365\\\/#website\",\"url\":\"https:\\\/\\\/eldigitaldeasturias.com\\\/magazine365\\\/\",\"name\":\"El Digital de Asturias\",\"description\":\"Revista de ocio, turismo y estilo de vida\",\"inLanguage\":\"es-ES\",\"publisher\":{\"@id\":\"https:\\\/\\\/eldigitaldeasturias.com\\\/magazine365\\\/#organization\"}}]}\n\t\t<\/script>\n\t\t<!-- All in One SEO Pro -->\r\n\t\t<title>Andaluc\u00eda aprueba por unanimidad una iniciativa de C\u2019s para el tren del litoral de la Costa del Sol | El Digital de Asturias<\/title>\n\n","aioseo_head_json":{"title":"Andaluc\u00eda aprueba por unanimidad una iniciativa de C\u2019s para el tren del litoral de la Costa del Sol | El Digital de Asturias","description":"La comisi\u00f3n de Fomento y Vivienda del Parlamento de Andaluc\u00eda ha aprobado este mi\u00e9rcoles por unanimidad de todos los grupos una proposici\u00f3n no de ley (PNL) de Ciudadanos (C's) para el tren del litoral de la Costa del Sol. La iniciativa aprobada acuerda abordar \"de una forma decidida\" el proyecto de corredor ferroviario de la","canonical_url":"https:\/\/eldigitaldeasturias.com\/magazine365\/andalucia-aprueba-por-unanimidad-una-iniciativa-de-cs-para-el-tren-del-litoral-de-la-costa-del-sol\/","robots":"max-image-preview:large","keywords":"noticias y actualidad","webmasterTools":{"google-site-verification":"UA-38556648-1","miscellaneous":""},"schema":{"@context":"https:\/\/schema.org","@graph":[{"@type":"Article","@id":"https:\/\/eldigitaldeasturias.com\/magazine365\/andalucia-aprueba-por-unanimidad-una-iniciativa-de-cs-para-el-tren-del-litoral-de-la-costa-del-sol\/#article","name":"Andaluc\u00eda aprueba por unanimidad una iniciativa de C\u2019s para el tren del litoral de la Costa del Sol | El Digital de Asturias","headline":"Andaluc\u00eda aprueba por unanimidad una iniciativa de C&#8217;s para el tren del litoral de la Costa del Sol","author":{"@id":"https:\/\/eldigitaldeasturias.com\/magazine365\/author\/admin\/#author"},"publisher":{"@id":"https:\/\/eldigitaldeasturias.com\/magazine365\/#organization"},"image":{"@type":"ImageObject","url":"https:\/\/eldigitaldeasturias.com\/magazine365\/wp-content\/uploads\/2016\/05\/fotonoticia_20160504181909_800.jpg","width":800,"height":450},"datePublished":"2016-05-09T02:58:39+02:00","dateModified":"2016-05-09T02:58:39+02:00","inLanguage":"es-ES","mainEntityOfPage":{"@id":"https:\/\/eldigitaldeasturias.com\/magazine365\/andalucia-aprueba-por-unanimidad-una-iniciativa-de-cs-para-el-tren-del-litoral-de-la-costa-del-sol\/#webpage"},"isPartOf":{"@id":"https:\/\/eldigitaldeasturias.com\/magazine365\/andalucia-aprueba-por-unanimidad-una-iniciativa-de-cs-para-el-tren-del-litoral-de-la-costa-del-sol\/#webpage"},"articleSection":"Noticias y Actualidad"},{"@type":"BreadcrumbList","@id":"https:\/\/eldigitaldeasturias.com\/magazine365\/andalucia-aprueba-por-unanimidad-una-iniciativa-de-cs-para-el-tren-del-litoral-de-la-costa-del-sol\/#breadcrumblist","itemListElement":[{"@type":"ListItem","@id":"https:\/\/eldigitaldeasturias.com\/magazine365#listItem","position":1,"name":"Home","item":"https:\/\/eldigitaldeasturias.com\/magazine365","nextItem":{"@type":"ListItem","@id":"https:\/\/eldigitaldeasturias.com\/magazine365\/category\/noticias-actualidad\/#listItem","name":"Noticias y Actualidad"}},{"@type":"ListItem","@id":"https:\/\/eldigitaldeasturias.com\/magazine365\/category\/noticias-actualidad\/#listItem","position":2,"name":"Noticias y Actualidad","item":"https:\/\/eldigitaldeasturias.com\/magazine365\/category\/noticias-actualidad\/","nextItem":{"@type":"ListItem","@id":"https:\/\/eldigitaldeasturias.com\/magazine365\/andalucia-aprueba-por-unanimidad-una-iniciativa-de-cs-para-el-tren-del-litoral-de-la-costa-del-sol\/#listItem","name":"Andaluc\u00eda aprueba por unanimidad una iniciativa de C&#8217;s para el tren del litoral de la Costa del Sol"},"previousItem":{"@type":"ListItem","@id":"https:\/\/eldigitaldeasturias.com\/magazine365#listItem","name":"Home"}},{"@type":"ListItem","@id":"https:\/\/eldigitaldeasturias.com\/magazine365\/andalucia-aprueba-por-unanimidad-una-iniciativa-de-cs-para-el-tren-del-litoral-de-la-costa-del-sol\/#listItem","position":3,"name":"Andaluc\u00eda aprueba por unanimidad una iniciativa de C&#8217;s para el tren del litoral de la Costa del Sol","previousItem":{"@type":"ListItem","@id":"https:\/\/eldigitaldeasturias.com\/magazine365\/category\/noticias-actualidad\/#listItem","name":"Noticias y Actualidad"}}]},{"@type":"Organization","@id":"https:\/\/eldigitaldeasturias.com\/magazine365\/#organization","name":"El digital de Asturias","description":"Revista de ocio, turismo y estilo de vida","url":"https:\/\/eldigitaldeasturias.com\/magazine365\/","logo":{"@type":"ImageObject","url":"https:\/\/www.eldigitaldeasturias.com\/noticias\/wp-content\/uploads\/2020\/12\/EDA.jpg","@id":"https:\/\/eldigitaldeasturias.com\/magazine365\/andalucia-aprueba-por-unanimidad-una-iniciativa-de-cs-para-el-tren-del-litoral-de-la-costa-del-sol\/#organizationLogo"},"image":{"@id":"https:\/\/eldigitaldeasturias.com\/magazine365\/andalucia-aprueba-por-unanimidad-una-iniciativa-de-cs-para-el-tren-del-litoral-de-la-costa-del-sol\/#organizationLogo"}},{"@type":"Person","@id":"https:\/\/eldigitaldeasturias.com\/magazine365\/author\/admin\/#author","url":"https:\/\/eldigitaldeasturias.com\/magazine365\/author\/admin\/","name":"admin","image":{"@type":"ImageObject","@id":"https:\/\/eldigitaldeasturias.com\/magazine365\/andalucia-aprueba-por-unanimidad-una-iniciativa-de-cs-para-el-tren-del-litoral-de-la-costa-del-sol\/#authorImage","url":"https:\/\/eldigitaldeasturias.com\/magazine365\/wp-content\/litespeed\/avatar\/e571bcf59a0edd6fa6838245a470f2fe.jpg?ver=1777574230","width":96,"height":96,"caption":"admin"}},{"@type":"WebPage","@id":"https:\/\/eldigitaldeasturias.com\/magazine365\/andalucia-aprueba-por-unanimidad-una-iniciativa-de-cs-para-el-tren-del-litoral-de-la-costa-del-sol\/#webpage","url":"https:\/\/eldigitaldeasturias.com\/magazine365\/andalucia-aprueba-por-unanimidad-una-iniciativa-de-cs-para-el-tren-del-litoral-de-la-costa-del-sol\/","name":"Andaluc\u00eda aprueba por unanimidad una iniciativa de C\u2019s para el tren del litoral de la Costa del Sol | El Digital de Asturias","description":"La comisi\u00f3n de Fomento y Vivienda del Parlamento de Andaluc\u00eda ha aprobado este mi\u00e9rcoles por unanimidad de todos los grupos una proposici\u00f3n no de ley (PNL) de Ciudadanos (C's) para el tren del litoral de la Costa del Sol. La iniciativa aprobada acuerda abordar \"de una forma decidida\" el proyecto de corredor ferroviario de la","inLanguage":"es-ES","isPartOf":{"@id":"https:\/\/eldigitaldeasturias.com\/magazine365\/#website"},"breadcrumb":{"@id":"https:\/\/eldigitaldeasturias.com\/magazine365\/andalucia-aprueba-por-unanimidad-una-iniciativa-de-cs-para-el-tren-del-litoral-de-la-costa-del-sol\/#breadcrumblist"},"author":{"@id":"https:\/\/eldigitaldeasturias.com\/magazine365\/author\/admin\/#author"},"creator":{"@id":"https:\/\/eldigitaldeasturias.com\/magazine365\/author\/admin\/#author"},"image":{"@type":"ImageObject","url":"https:\/\/eldigitaldeasturias.com\/magazine365\/wp-content\/uploads\/2016\/05\/fotonoticia_20160504181909_800.jpg","@id":"https:\/\/eldigitaldeasturias.com\/magazine365\/andalucia-aprueba-por-unanimidad-una-iniciativa-de-cs-para-el-tren-del-litoral-de-la-costa-del-sol\/#mainImage","width":800,"height":450},"primaryImageOfPage":{"@id":"https:\/\/eldigitaldeasturias.com\/magazine365\/andalucia-aprueba-por-unanimidad-una-iniciativa-de-cs-para-el-tren-del-litoral-de-la-costa-del-sol\/#mainImage"},"datePublished":"2016-05-09T02:58:39+02:00","dateModified":"2016-05-09T02:58:39+02:00"},{"@type":"WebSite","@id":"https:\/\/eldigitaldeasturias.com\/magazine365\/#website","url":"https:\/\/eldigitaldeasturias.com\/magazine365\/","name":"El Digital de Asturias","description":"Revista de ocio, turismo y estilo de vida","inLanguage":"es-ES","publisher":{"@id":"https:\/\/eldigitaldeasturias.com\/magazine365\/#organization"}}]},"og:locale":"es_ES","og:site_name":"El Digital de Asturias \u2013 Revista de ocio, turismo y estilo de vida","og:type":"article","og:title":"Andaluc\u00eda aprueba por unanimidad una iniciativa de C\u2019s para el tren del litoral de la Costa del Sol | El Digital de Asturias","og:description":"La comisi\u00f3n de Fomento y Vivienda del Parlamento de Andaluc\u00eda ha aprobado este mi\u00e9rcoles por unanimidad de todos los grupos una proposici\u00f3n no de ley (PNL) de Ciudadanos (C's) para el tren del litoral de la Costa del Sol. La iniciativa aprobada acuerda abordar &quot;de una forma decidida&quot; el proyecto de corredor ferroviario de la","og:url":"https:\/\/eldigitaldeasturias.com\/magazine365\/andalucia-aprueba-por-unanimidad-una-iniciativa-de-cs-para-el-tren-del-litoral-de-la-costa-del-sol\/","og:image":"https:\/\/eldigitaldeasturias.com\/magazine365\/wp-content\/uploads\/2016\/05\/fotonoticia_20160504181909_800.jpg","og:image:secure_url":"https:\/\/eldigitaldeasturias.com\/magazine365\/wp-content\/uploads\/2016\/05\/fotonoticia_20160504181909_800.jpg","og:image:width":800,"og:image:height":450,"article:published_time":"2016-05-09T00:58:39+00:00","article:modified_time":"2016-05-09T00:58:39+00:00","twitter:card":"summary_large_image","twitter:title":"Andaluc\u00eda aprueba por unanimidad una iniciativa de C\u2019s para el tren del litoral de la Costa del Sol | El Digital de Asturias","twitter:description":"La comisi\u00f3n de Fomento y Vivienda del Parlamento de Andaluc\u00eda ha aprobado este mi\u00e9rcoles por unanimidad de todos los grupos una proposici\u00f3n no de ley (PNL) de Ciudadanos (C's) para el tren del litoral de la Costa del Sol. La iniciativa aprobada acuerda abordar &quot;de una forma decidida&quot; el proyecto de corredor ferroviario de la","twitter:image":"https:\/\/eldigitaldeasturias.com\/magazine365\/wp-content\/uploads\/2016\/05\/fotonoticia_20160504181909_800.jpg"},"aioseo_meta_data":{"post_id":"76036","title":null,"description":null,"keywords":null,"keyphrases":null,"primary_term":null,"canonical_url":null,"og_title":null,"og_description":null,"og_object_type":"default","og_image_type":"default","og_image_url":null,"og_image_width":null,"og_image_height":null,"og_image_custom_url":null,"og_image_custom_fields":null,"og_video":null,"og_custom_url":null,"og_article_section":null,"og_article_tags":null,"twitter_use_og":false,"twitter_card":"default","twitter_image_type":"default","twitter_image_url":null,"twitter_image_custom_url":null,"twitter_image_custom_fields":null,"twitter_title":null,"twitter_description":null,"schema":{"blockGraphs":[],"customGraphs":[],"default":{"data":{"Article":[],"Course":[],"Dataset":[],"FAQPage":[],"Movie":[],"Person":[],"Product":[],"ProductReview":[],"Car":[],"Recipe":[],"Service":[],"SoftwareApplication":[],"WebPage":[]},"graphName":"","isEnabled":true},"graphs":[],"defaultGraph":"","defaultPostTypeGraph":""},"schema_type":null,"schema_type_options":null,"pillar_content":false,"robots_default":true,"robots_noindex":false,"robots_noarchive":false,"robots_nosnippet":false,"robots_nofollow":false,"robots_noimageindex":false,"robots_noodp":false,"robots_notranslate":false,"robots_max_snippet":null,"robots_max_videopreview":null,"robots_max_imagepreview":"large","priority":null,"frequency":null,"location":null,"local_seo":null,"seo_analyzer_scan_date":"2025-09-27 11:45:05","breadcrumb_settings":null,"limit_modified_date":false,"open_ai":null,"ai":null,"created":"2021-03-08 18:33:54","updated":"2025-09-27 11:45:05"},"aioseo_breadcrumb":"<div class=\"aioseo-breadcrumbs\"><span class=\"aioseo-breadcrumb\">\n\t<a href=\"https:\/\/eldigitaldeasturias.com\/magazine365\" title=\"Home\">Home<\/a>\n<\/span><span class=\"aioseo-breadcrumb-separator\">\u2013<\/span><span class=\"aioseo-breadcrumb\">\n\t<a href=\"https:\/\/eldigitaldeasturias.com\/magazine365\/category\/noticias-actualidad\/\" title=\"Noticias y Actualidad\">Noticias y Actualidad<\/a>\n<\/span><span class=\"aioseo-breadcrumb-separator\">\u2013<\/span><span class=\"aioseo-breadcrumb\">\n\t<a href=\"https:\/\/eldigitaldeasturias.com\/magazine365\/andalucia-aprueba-por-unanimidad-una-iniciativa-de-cs-para-el-tren-del-litoral-de-la-costa-del-sol\/\" title=\"Andaluc\u00eda aprueba por unanimidad una iniciativa de C\u2019s para el tren del litoral de la Costa del Sol\">Andaluc\u00eda aprueba por unanimidad una iniciativa de C\u2019s para el tren del litoral de la Costa del Sol<\/a>\n<\/span><\/div>","aioseo_breadcrumb_json":[{"label":"Home","link":"https:\/\/eldigitaldeasturias.com\/magazine365"},{"label":"Noticias y Actualidad","link":"https:\/\/eldigitaldeasturias.com\/magazine365\/category\/noticias-actualidad\/"},{"label":"Andaluc\u00eda aprueba por unanimidad una iniciativa de C&#8217;s para el tren del litoral de la Costa del Sol","link":"https:\/\/eldigitaldeasturias.com\/magazine365\/andalucia-aprueba-por-unanimidad-una-iniciativa-de-cs-para-el-tren-del-litoral-de-la-costa-del-sol\/"}],"_links":{"self":[{"href":"https:\/\/eldigitaldeasturias.com\/magazine365\/wp-json\/wp\/v2\/posts\/76036","targetHints":{"allow":["GET"]}}],"collection":[{"href":"https:\/\/eldigitaldeasturias.com\/magazine365\/wp-json\/wp\/v2\/posts"}],"about":[{"href":"https:\/\/eldigitaldeasturias.com\/magazine365\/wp-json\/wp\/v2\/types\/post"}],"author":[{"embeddable":true,"href":"https:\/\/eldigitaldeasturias.com\/magazine365\/wp-json\/wp\/v2\/users\/1"}],"replies":[{"embeddable":true,"href":"https:\/\/eldigitaldeasturias.com\/magazine365\/wp-json\/wp\/v2\/comments?post=76036"}],"version-history":[{"count":0,"href":"https:\/\/eldigitaldeasturias.com\/magazine365\/wp-json\/wp\/v2\/posts\/76036\/revisions"}],"wp:featuredmedia":[{"embeddable":true,"href":"https:\/\/eldigitaldeasturias.com\/magazine365\/wp-json\/wp\/v2\/media\/76037"}],"wp:attachment":[{"href":"https:\/\/eldigitaldeasturias.com\/magazine365\/wp-json\/wp\/v2\/media?parent=76036"}],"wp:term":[{"taxonomy":"category","embeddable":true,"href":"https:\/\/eldigitaldeasturias.com\/magazine365\/wp-json\/wp\/v2\/categories?post=76036"},{"taxonomy":"post_tag","embeddable":true,"href":"https:\/\/eldigitaldeasturias.com\/magazine365\/wp-json\/wp\/v2\/tags?post=76036"}],"curies":[{"name":"wp","href":"https:\/\/api.w.org\/{rel}","templated":true}]}}