{"id":75997,"date":"2016-05-09T02:38:12","date_gmt":"2016-05-09T00:38:12","guid":{"rendered":"http:\/\/eldigitaldeasturias.com\/magazine365\/?p=75997"},"modified":"2016-05-09T02:38:12","modified_gmt":"2016-05-09T00:38:12","slug":"air-nostrum-advierte-de-que-la-falta-de-gobierno-ha-frenado-el-numero-de-pasajeros-que-viaja-por-negocios","status":"publish","type":"post","link":"https:\/\/eldigitaldeasturias.com\/magazine365\/air-nostrum-advierte-de-que-la-falta-de-gobierno-ha-frenado-el-numero-de-pasajeros-que-viaja-por-negocios\/","title":{"rendered":"Air Nostrum advierte de que la falta de Gobierno ha frenado el n\u00famero de pasajeros que viaja por negocios"},"content":{"rendered":"<p><img fetchpriority=\"high\" decoding=\"async\" class=\"alignleft size-medium wp-image-75998\" src=\"https:\/\/eldigitaldeasturias.com\/magazine365\/wp-content\/uploads\/2016\/05\/fotonoticia_20160504164809_800-326x300.jpg\" alt=\"fotonoticia_20160504164809_800\" width=\"326\" height=\"300\" srcset=\"https:\/\/eldigitaldeasturias.com\/magazine365\/wp-content\/uploads\/2016\/05\/fotonoticia_20160504164809_800-326x300.jpg 326w, https:\/\/eldigitaldeasturias.com\/magazine365\/wp-content\/uploads\/2016\/05\/fotonoticia_20160504164809_800-650x598.jpg 650w, https:\/\/eldigitaldeasturias.com\/magazine365\/wp-content\/uploads\/2016\/05\/fotonoticia_20160504164809_800-768x707.jpg 768w, https:\/\/eldigitaldeasturias.com\/magazine365\/wp-content\/uploads\/2016\/05\/fotonoticia_20160504164809_800-150x138.jpg 150w, https:\/\/eldigitaldeasturias.com\/magazine365\/wp-content\/uploads\/2016\/05\/fotonoticia_20160504164809_800-450x414.jpg 450w, https:\/\/eldigitaldeasturias.com\/magazine365\/wp-content\/uploads\/2016\/05\/fotonoticia_20160504164809_800.jpg 800w\" sizes=\"(max-width: 326px) 100vw, 326px\" \/>El presidente de la aerol\u00ednea Air Nostrum, Carlos Bertomeu, ha advertido este mi\u00e9rcoles de que la falta de Gobierno en Espa\u00f1a ha provocado la paralizaci\u00f3n de proyectos y como consecuencia el n\u00famero de pasajeros que viajan por negocios ha descendido. \u00abEste tipo de &#8216;pasaje de proyectos&#8217; est\u00e1 empezando a faltar y esto no pasaba desde hace 25 meses\u00bb, ha advertido.<\/p>\n<p>As\u00ed lo ha puesto de manifiesto Carlos Bertomeu, en rueda de prensa en la que ha presentado los resultados de la compa\u00f1\u00eda en el pasado ejercicio 2015 y ha informado de los planes futuros de la entidad, al ser preguntado por las perspectivas para este 2016.<\/p>\n<p>Bertomeu ha explicado que el llamado &#8216;pasaje de proyectos&#8217; es el formado por un perfil de viajero de \u00faltima hora, que normalmente utiliza una tarifa completa, y que viaja por temas relacionados con el lanzamiento de nuevos proyectos e iniciativas.<\/p>\n<p>En este sentido, ha lamentado que el a\u00f1o \u00abno ha empezado igual de bien\u00bb que el anterior como consecuencia de la falta de Gobierno en Espa\u00f1a lo que ha provocado que se paralicen muchos proyectos y posibles actuaciones como concursos p\u00fablicos o inversiones lo que ha conllevado que descienda el n\u00famero de personas que se desplazan por estos motivos.<\/p>\n<p>As\u00ed, ha detallado que en abril de 2014 la compa\u00f1\u00eda llevaba un \u00e9poca de mantenimiento y de parada de la ca\u00edda de los ingresos y n\u00famero de pasajeros que, sin embargo, ha cambiado desde finales de enero de este a\u00f1o.<\/p>\n<p>En concreto, ha explicado que hay el &#8216;pasaje de proyectos&#8217;, espor\u00e1dico pero de tarifa completa y relacionado con la actividad gubernamental, \u00abest\u00e1 empezando a faltar\u00bb porque no se convocan concursos ni se llevan a cabo iniciativas que impliquen desplazamientos.<\/p>\n<p>Por lo tanto, ha remarcado que ser\u00eda \u00abmuy bueno\u00bb para la econom\u00eda y la recuperaci\u00f3n del pa\u00eds que las incertidumbres pol\u00edticas \u00abse aclararan cuanto antes\u00bb.<\/p>\n<p>TURISMO \u00abFUERTE\u00bb<\/p>\n<p>Preguntado sobre si considera que esta situaci\u00f3n pueda contagiar a otro tipo de perfil de pasajero, Bertomeu ha negado este extremo porque \u00abel turismo sigue siendo fuerte\u00bb y \u00abhay un volumen muy relevante de pasajero espor\u00e1dico\u00bb que \u00abseguir\u00e1 estando\u00bb, ha considerado.<\/p>\n<p>Sin embargo, ha advertido de que la incertidumbre pol\u00edtica no solo ha provocado que el volumen de pasajeros institucionales \u00abdeje de moverse\u00bb, sino que, adem\u00e1s, \u00abhay proyectos que se frenan hasta que se aclare el escenario\u00bb.<\/p>\n","protected":false},"excerpt":{"rendered":"<p>El presidente de la aerol\u00ednea Air Nostrum, Carlos Bertomeu, ha advertido este mi\u00e9rcoles de que la falta de Gobierno en Espa\u00f1a ha provocado la paralizaci\u00f3n de proyectos y como consecuencia el n\u00famero de pasajeros que viajan por negocios ha descendido. \u00abEste tipo de &#8216;pasaje de proyectos&#8217; est\u00e1 empezando a faltar y esto no pasaba desde<\/p>\n","protected":false},"author":1,"featured_media":75998,"comment_status":"open","ping_status":"closed","sticky":false,"template":"","format":"standard","meta":{"footnotes":""},"categories":[224],"tags":[],"class_list":{"0":"post-75997","1":"post","2":"type-post","3":"status-publish","4":"format-standard","5":"has-post-thumbnail","7":"category-noticias-actualidad"},"aioseo_notices":[],"aioseo_head":"\n\t\t<!-- All in One SEO Pro 4.9.6.1 - aioseo.com -->\n\t<meta name=\"description\" content=\"El presidente de la aerol\u00ednea Air Nostrum, Carlos Bertomeu, ha advertido este mi\u00e9rcoles de que la falta de Gobierno en Espa\u00f1a ha provocado la paralizaci\u00f3n de proyectos y como consecuencia el n\u00famero de pasajeros que viajan por negocios ha descendido. &quot;Este tipo de &#039;pasaje de proyectos&#039; est\u00e1 empezando a faltar y esto no pasaba desde\" \/>\n\t<meta name=\"robots\" content=\"max-image-preview:large\" \/>\n\t<meta name=\"author\" content=\"admin\"\/>\n\t<meta name=\"google-site-verification\" content=\"UA-38556648-1\" \/>\n\t<meta name=\"keywords\" content=\"noticias y actualidad\" \/>\n\t<link rel=\"canonical\" href=\"https:\/\/eldigitaldeasturias.com\/magazine365\/air-nostrum-advierte-de-que-la-falta-de-gobierno-ha-frenado-el-numero-de-pasajeros-que-viaja-por-negocios\/\" \/>\n\t<meta name=\"generator\" content=\"All in One SEO Pro (AIOSEO) 4.9.6.1\" \/>\n\t\t<meta property=\"og:locale\" content=\"es_ES\" \/>\n\t\t<meta property=\"og:site_name\" content=\"El Digital de Asturias \u2013 Revista de ocio, turismo y estilo de vida\" \/>\n\t\t<meta property=\"og:type\" content=\"article\" \/>\n\t\t<meta property=\"og:title\" content=\"Air Nostrum advierte de que la falta de Gobierno ha frenado el n\u00famero de pasajeros que viaja por negocios | El Digital de Asturias\" \/>\n\t\t<meta property=\"og:description\" content=\"El presidente de la aerol\u00ednea Air Nostrum, Carlos Bertomeu, ha advertido este mi\u00e9rcoles de que la falta de Gobierno en Espa\u00f1a ha provocado la paralizaci\u00f3n de proyectos y como consecuencia el n\u00famero de pasajeros que viajan por negocios ha descendido. &quot;Este tipo de &#039;pasaje de proyectos&#039; est\u00e1 empezando a faltar y esto no pasaba desde\" \/>\n\t\t<meta property=\"og:url\" content=\"https:\/\/eldigitaldeasturias.com\/magazine365\/air-nostrum-advierte-de-que-la-falta-de-gobierno-ha-frenado-el-numero-de-pasajeros-que-viaja-por-negocios\/\" \/>\n\t\t<meta property=\"og:image\" content=\"https:\/\/eldigitaldeasturias.com\/magazine365\/wp-content\/uploads\/2016\/05\/fotonoticia_20160504164809_800.jpg\" \/>\n\t\t<meta property=\"og:image:secure_url\" content=\"https:\/\/eldigitaldeasturias.com\/magazine365\/wp-content\/uploads\/2016\/05\/fotonoticia_20160504164809_800.jpg\" \/>\n\t\t<meta property=\"og:image:width\" content=\"800\" \/>\n\t\t<meta property=\"og:image:height\" content=\"736\" \/>\n\t\t<meta property=\"article:published_time\" content=\"2016-05-09T00:38:12+00:00\" \/>\n\t\t<meta property=\"article:modified_time\" content=\"2016-05-09T00:38:12+00:00\" \/>\n\t\t<meta name=\"twitter:card\" content=\"summary_large_image\" \/>\n\t\t<meta name=\"twitter:title\" content=\"Air Nostrum advierte de que la falta de Gobierno ha frenado el n\u00famero de pasajeros que viaja por negocios | El Digital de Asturias\" \/>\n\t\t<meta name=\"twitter:description\" content=\"El presidente de la aerol\u00ednea Air Nostrum, Carlos Bertomeu, ha advertido este mi\u00e9rcoles de que la falta de Gobierno en Espa\u00f1a ha provocado la paralizaci\u00f3n de proyectos y como consecuencia el n\u00famero de pasajeros que viajan por negocios ha descendido. &quot;Este tipo de &#039;pasaje de proyectos&#039; est\u00e1 empezando a faltar y esto no pasaba desde\" \/>\n\t\t<meta name=\"twitter:image\" content=\"https:\/\/eldigitaldeasturias.com\/magazine365\/wp-content\/uploads\/2016\/05\/fotonoticia_20160504164809_800.jpg\" \/>\n\t\t<script type=\"application\/ld+json\" class=\"aioseo-schema\">\n\t\t\t{\"@context\":\"https:\\\/\\\/schema.org\",\"@graph\":[{\"@type\":\"Article\",\"@id\":\"https:\\\/\\\/eldigitaldeasturias.com\\\/magazine365\\\/air-nostrum-advierte-de-que-la-falta-de-gobierno-ha-frenado-el-numero-de-pasajeros-que-viaja-por-negocios\\\/#article\",\"name\":\"Air Nostrum advierte de que la falta de Gobierno ha frenado el n\\u00famero de pasajeros que viaja por negocios | El Digital de Asturias\",\"headline\":\"Air Nostrum advierte de que la falta de Gobierno ha frenado el n\\u00famero de pasajeros que viaja por negocios\",\"author\":{\"@id\":\"https:\\\/\\\/eldigitaldeasturias.com\\\/magazine365\\\/author\\\/admin\\\/#author\"},\"publisher\":{\"@id\":\"https:\\\/\\\/eldigitaldeasturias.com\\\/magazine365\\\/#organization\"},\"image\":{\"@type\":\"ImageObject\",\"url\":\"https:\\\/\\\/eldigitaldeasturias.com\\\/magazine365\\\/wp-content\\\/uploads\\\/2016\\\/05\\\/fotonoticia_20160504164809_800.jpg\",\"width\":800,\"height\":736},\"datePublished\":\"2016-05-09T02:38:12+02:00\",\"dateModified\":\"2016-05-09T02:38:12+02:00\",\"inLanguage\":\"es-ES\",\"mainEntityOfPage\":{\"@id\":\"https:\\\/\\\/eldigitaldeasturias.com\\\/magazine365\\\/air-nostrum-advierte-de-que-la-falta-de-gobierno-ha-frenado-el-numero-de-pasajeros-que-viaja-por-negocios\\\/#webpage\"},\"isPartOf\":{\"@id\":\"https:\\\/\\\/eldigitaldeasturias.com\\\/magazine365\\\/air-nostrum-advierte-de-que-la-falta-de-gobierno-ha-frenado-el-numero-de-pasajeros-que-viaja-por-negocios\\\/#webpage\"},\"articleSection\":\"Noticias y Actualidad\"},{\"@type\":\"BreadcrumbList\",\"@id\":\"https:\\\/\\\/eldigitaldeasturias.com\\\/magazine365\\\/air-nostrum-advierte-de-que-la-falta-de-gobierno-ha-frenado-el-numero-de-pasajeros-que-viaja-por-negocios\\\/#breadcrumblist\",\"itemListElement\":[{\"@type\":\"ListItem\",\"@id\":\"https:\\\/\\\/eldigitaldeasturias.com\\\/magazine365#listItem\",\"position\":1,\"name\":\"Home\",\"item\":\"https:\\\/\\\/eldigitaldeasturias.com\\\/magazine365\",\"nextItem\":{\"@type\":\"ListItem\",\"@id\":\"https:\\\/\\\/eldigitaldeasturias.com\\\/magazine365\\\/category\\\/noticias-actualidad\\\/#listItem\",\"name\":\"Noticias y Actualidad\"}},{\"@type\":\"ListItem\",\"@id\":\"https:\\\/\\\/eldigitaldeasturias.com\\\/magazine365\\\/category\\\/noticias-actualidad\\\/#listItem\",\"position\":2,\"name\":\"Noticias y Actualidad\",\"item\":\"https:\\\/\\\/eldigitaldeasturias.com\\\/magazine365\\\/category\\\/noticias-actualidad\\\/\",\"nextItem\":{\"@type\":\"ListItem\",\"@id\":\"https:\\\/\\\/eldigitaldeasturias.com\\\/magazine365\\\/air-nostrum-advierte-de-que-la-falta-de-gobierno-ha-frenado-el-numero-de-pasajeros-que-viaja-por-negocios\\\/#listItem\",\"name\":\"Air Nostrum advierte de que la falta de Gobierno ha frenado el n\\u00famero de pasajeros que viaja por negocios\"},\"previousItem\":{\"@type\":\"ListItem\",\"@id\":\"https:\\\/\\\/eldigitaldeasturias.com\\\/magazine365#listItem\",\"name\":\"Home\"}},{\"@type\":\"ListItem\",\"@id\":\"https:\\\/\\\/eldigitaldeasturias.com\\\/magazine365\\\/air-nostrum-advierte-de-que-la-falta-de-gobierno-ha-frenado-el-numero-de-pasajeros-que-viaja-por-negocios\\\/#listItem\",\"position\":3,\"name\":\"Air Nostrum advierte de que la falta de Gobierno ha frenado el n\\u00famero de pasajeros que viaja por negocios\",\"previousItem\":{\"@type\":\"ListItem\",\"@id\":\"https:\\\/\\\/eldigitaldeasturias.com\\\/magazine365\\\/category\\\/noticias-actualidad\\\/#listItem\",\"name\":\"Noticias y Actualidad\"}}]},{\"@type\":\"Organization\",\"@id\":\"https:\\\/\\\/eldigitaldeasturias.com\\\/magazine365\\\/#organization\",\"name\":\"El digital de Asturias\",\"description\":\"Revista de ocio, turismo y estilo de vida\",\"url\":\"https:\\\/\\\/eldigitaldeasturias.com\\\/magazine365\\\/\",\"logo\":{\"@type\":\"ImageObject\",\"url\":\"https:\\\/\\\/www.eldigitaldeasturias.com\\\/noticias\\\/wp-content\\\/uploads\\\/2020\\\/12\\\/EDA.jpg\",\"@id\":\"https:\\\/\\\/eldigitaldeasturias.com\\\/magazine365\\\/air-nostrum-advierte-de-que-la-falta-de-gobierno-ha-frenado-el-numero-de-pasajeros-que-viaja-por-negocios\\\/#organizationLogo\"},\"image\":{\"@id\":\"https:\\\/\\\/eldigitaldeasturias.com\\\/magazine365\\\/air-nostrum-advierte-de-que-la-falta-de-gobierno-ha-frenado-el-numero-de-pasajeros-que-viaja-por-negocios\\\/#organizationLogo\"}},{\"@type\":\"Person\",\"@id\":\"https:\\\/\\\/eldigitaldeasturias.com\\\/magazine365\\\/author\\\/admin\\\/#author\",\"url\":\"https:\\\/\\\/eldigitaldeasturias.com\\\/magazine365\\\/author\\\/admin\\\/\",\"name\":\"admin\",\"image\":{\"@type\":\"ImageObject\",\"@id\":\"https:\\\/\\\/eldigitaldeasturias.com\\\/magazine365\\\/air-nostrum-advierte-de-que-la-falta-de-gobierno-ha-frenado-el-numero-de-pasajeros-que-viaja-por-negocios\\\/#authorImage\",\"url\":\"https:\\\/\\\/eldigitaldeasturias.com\\\/magazine365\\\/wp-content\\\/litespeed\\\/avatar\\\/e571bcf59a0edd6fa6838245a470f2fe.jpg?ver=1777574230\",\"width\":96,\"height\":96,\"caption\":\"admin\"}},{\"@type\":\"WebPage\",\"@id\":\"https:\\\/\\\/eldigitaldeasturias.com\\\/magazine365\\\/air-nostrum-advierte-de-que-la-falta-de-gobierno-ha-frenado-el-numero-de-pasajeros-que-viaja-por-negocios\\\/#webpage\",\"url\":\"https:\\\/\\\/eldigitaldeasturias.com\\\/magazine365\\\/air-nostrum-advierte-de-que-la-falta-de-gobierno-ha-frenado-el-numero-de-pasajeros-que-viaja-por-negocios\\\/\",\"name\":\"Air Nostrum advierte de que la falta de Gobierno ha frenado el n\\u00famero de pasajeros que viaja por negocios | El Digital de Asturias\",\"description\":\"El presidente de la aerol\\u00ednea Air Nostrum, Carlos Bertomeu, ha advertido este mi\\u00e9rcoles de que la falta de Gobierno en Espa\\u00f1a ha provocado la paralizaci\\u00f3n de proyectos y como consecuencia el n\\u00famero de pasajeros que viajan por negocios ha descendido. \\\"Este tipo de 'pasaje de proyectos' est\\u00e1 empezando a faltar y esto no pasaba desde\",\"inLanguage\":\"es-ES\",\"isPartOf\":{\"@id\":\"https:\\\/\\\/eldigitaldeasturias.com\\\/magazine365\\\/#website\"},\"breadcrumb\":{\"@id\":\"https:\\\/\\\/eldigitaldeasturias.com\\\/magazine365\\\/air-nostrum-advierte-de-que-la-falta-de-gobierno-ha-frenado-el-numero-de-pasajeros-que-viaja-por-negocios\\\/#breadcrumblist\"},\"author\":{\"@id\":\"https:\\\/\\\/eldigitaldeasturias.com\\\/magazine365\\\/author\\\/admin\\\/#author\"},\"creator\":{\"@id\":\"https:\\\/\\\/eldigitaldeasturias.com\\\/magazine365\\\/author\\\/admin\\\/#author\"},\"image\":{\"@type\":\"ImageObject\",\"url\":\"https:\\\/\\\/eldigitaldeasturias.com\\\/magazine365\\\/wp-content\\\/uploads\\\/2016\\\/05\\\/fotonoticia_20160504164809_800.jpg\",\"@id\":\"https:\\\/\\\/eldigitaldeasturias.com\\\/magazine365\\\/air-nostrum-advierte-de-que-la-falta-de-gobierno-ha-frenado-el-numero-de-pasajeros-que-viaja-por-negocios\\\/#mainImage\",\"width\":800,\"height\":736},\"primaryImageOfPage\":{\"@id\":\"https:\\\/\\\/eldigitaldeasturias.com\\\/magazine365\\\/air-nostrum-advierte-de-que-la-falta-de-gobierno-ha-frenado-el-numero-de-pasajeros-que-viaja-por-negocios\\\/#mainImage\"},\"datePublished\":\"2016-05-09T02:38:12+02:00\",\"dateModified\":\"2016-05-09T02:38:12+02:00\"},{\"@type\":\"WebSite\",\"@id\":\"https:\\\/\\\/eldigitaldeasturias.com\\\/magazine365\\\/#website\",\"url\":\"https:\\\/\\\/eldigitaldeasturias.com\\\/magazine365\\\/\",\"name\":\"El Digital de Asturias\",\"description\":\"Revista de ocio, turismo y estilo de vida\",\"inLanguage\":\"es-ES\",\"publisher\":{\"@id\":\"https:\\\/\\\/eldigitaldeasturias.com\\\/magazine365\\\/#organization\"}}]}\n\t\t<\/script>\n\t\t<!-- All in One SEO Pro -->\r\n\t\t<title>Air Nostrum advierte de que la falta de Gobierno ha frenado el n\u00famero de pasajeros que viaja por negocios | El Digital de Asturias<\/title>\n\n","aioseo_head_json":{"title":"Air Nostrum advierte de que la falta de Gobierno ha frenado el n\u00famero de pasajeros que viaja por negocios | El Digital de Asturias","description":"El presidente de la aerol\u00ednea Air Nostrum, Carlos Bertomeu, ha advertido este mi\u00e9rcoles de que la falta de Gobierno en Espa\u00f1a ha provocado la paralizaci\u00f3n de proyectos y como consecuencia el n\u00famero de pasajeros que viajan por negocios ha descendido. \"Este tipo de 'pasaje de proyectos' est\u00e1 empezando a faltar y esto no pasaba desde","canonical_url":"https:\/\/eldigitaldeasturias.com\/magazine365\/air-nostrum-advierte-de-que-la-falta-de-gobierno-ha-frenado-el-numero-de-pasajeros-que-viaja-por-negocios\/","robots":"max-image-preview:large","keywords":"noticias y actualidad","webmasterTools":{"google-site-verification":"UA-38556648-1","miscellaneous":""},"schema":{"@context":"https:\/\/schema.org","@graph":[{"@type":"Article","@id":"https:\/\/eldigitaldeasturias.com\/magazine365\/air-nostrum-advierte-de-que-la-falta-de-gobierno-ha-frenado-el-numero-de-pasajeros-que-viaja-por-negocios\/#article","name":"Air Nostrum advierte de que la falta de Gobierno ha frenado el n\u00famero de pasajeros que viaja por negocios | El Digital de Asturias","headline":"Air Nostrum advierte de que la falta de Gobierno ha frenado el n\u00famero de pasajeros que viaja por negocios","author":{"@id":"https:\/\/eldigitaldeasturias.com\/magazine365\/author\/admin\/#author"},"publisher":{"@id":"https:\/\/eldigitaldeasturias.com\/magazine365\/#organization"},"image":{"@type":"ImageObject","url":"https:\/\/eldigitaldeasturias.com\/magazine365\/wp-content\/uploads\/2016\/05\/fotonoticia_20160504164809_800.jpg","width":800,"height":736},"datePublished":"2016-05-09T02:38:12+02:00","dateModified":"2016-05-09T02:38:12+02:00","inLanguage":"es-ES","mainEntityOfPage":{"@id":"https:\/\/eldigitaldeasturias.com\/magazine365\/air-nostrum-advierte-de-que-la-falta-de-gobierno-ha-frenado-el-numero-de-pasajeros-que-viaja-por-negocios\/#webpage"},"isPartOf":{"@id":"https:\/\/eldigitaldeasturias.com\/magazine365\/air-nostrum-advierte-de-que-la-falta-de-gobierno-ha-frenado-el-numero-de-pasajeros-que-viaja-por-negocios\/#webpage"},"articleSection":"Noticias y Actualidad"},{"@type":"BreadcrumbList","@id":"https:\/\/eldigitaldeasturias.com\/magazine365\/air-nostrum-advierte-de-que-la-falta-de-gobierno-ha-frenado-el-numero-de-pasajeros-que-viaja-por-negocios\/#breadcrumblist","itemListElement":[{"@type":"ListItem","@id":"https:\/\/eldigitaldeasturias.com\/magazine365#listItem","position":1,"name":"Home","item":"https:\/\/eldigitaldeasturias.com\/magazine365","nextItem":{"@type":"ListItem","@id":"https:\/\/eldigitaldeasturias.com\/magazine365\/category\/noticias-actualidad\/#listItem","name":"Noticias y Actualidad"}},{"@type":"ListItem","@id":"https:\/\/eldigitaldeasturias.com\/magazine365\/category\/noticias-actualidad\/#listItem","position":2,"name":"Noticias y Actualidad","item":"https:\/\/eldigitaldeasturias.com\/magazine365\/category\/noticias-actualidad\/","nextItem":{"@type":"ListItem","@id":"https:\/\/eldigitaldeasturias.com\/magazine365\/air-nostrum-advierte-de-que-la-falta-de-gobierno-ha-frenado-el-numero-de-pasajeros-que-viaja-por-negocios\/#listItem","name":"Air Nostrum advierte de que la falta de Gobierno ha frenado el n\u00famero de pasajeros que viaja por negocios"},"previousItem":{"@type":"ListItem","@id":"https:\/\/eldigitaldeasturias.com\/magazine365#listItem","name":"Home"}},{"@type":"ListItem","@id":"https:\/\/eldigitaldeasturias.com\/magazine365\/air-nostrum-advierte-de-que-la-falta-de-gobierno-ha-frenado-el-numero-de-pasajeros-que-viaja-por-negocios\/#listItem","position":3,"name":"Air Nostrum advierte de que la falta de Gobierno ha frenado el n\u00famero de pasajeros que viaja por negocios","previousItem":{"@type":"ListItem","@id":"https:\/\/eldigitaldeasturias.com\/magazine365\/category\/noticias-actualidad\/#listItem","name":"Noticias y Actualidad"}}]},{"@type":"Organization","@id":"https:\/\/eldigitaldeasturias.com\/magazine365\/#organization","name":"El digital de Asturias","description":"Revista de ocio, turismo y estilo de vida","url":"https:\/\/eldigitaldeasturias.com\/magazine365\/","logo":{"@type":"ImageObject","url":"https:\/\/www.eldigitaldeasturias.com\/noticias\/wp-content\/uploads\/2020\/12\/EDA.jpg","@id":"https:\/\/eldigitaldeasturias.com\/magazine365\/air-nostrum-advierte-de-que-la-falta-de-gobierno-ha-frenado-el-numero-de-pasajeros-que-viaja-por-negocios\/#organizationLogo"},"image":{"@id":"https:\/\/eldigitaldeasturias.com\/magazine365\/air-nostrum-advierte-de-que-la-falta-de-gobierno-ha-frenado-el-numero-de-pasajeros-que-viaja-por-negocios\/#organizationLogo"}},{"@type":"Person","@id":"https:\/\/eldigitaldeasturias.com\/magazine365\/author\/admin\/#author","url":"https:\/\/eldigitaldeasturias.com\/magazine365\/author\/admin\/","name":"admin","image":{"@type":"ImageObject","@id":"https:\/\/eldigitaldeasturias.com\/magazine365\/air-nostrum-advierte-de-que-la-falta-de-gobierno-ha-frenado-el-numero-de-pasajeros-que-viaja-por-negocios\/#authorImage","url":"https:\/\/eldigitaldeasturias.com\/magazine365\/wp-content\/litespeed\/avatar\/e571bcf59a0edd6fa6838245a470f2fe.jpg?ver=1777574230","width":96,"height":96,"caption":"admin"}},{"@type":"WebPage","@id":"https:\/\/eldigitaldeasturias.com\/magazine365\/air-nostrum-advierte-de-que-la-falta-de-gobierno-ha-frenado-el-numero-de-pasajeros-que-viaja-por-negocios\/#webpage","url":"https:\/\/eldigitaldeasturias.com\/magazine365\/air-nostrum-advierte-de-que-la-falta-de-gobierno-ha-frenado-el-numero-de-pasajeros-que-viaja-por-negocios\/","name":"Air Nostrum advierte de que la falta de Gobierno ha frenado el n\u00famero de pasajeros que viaja por negocios | El Digital de Asturias","description":"El presidente de la aerol\u00ednea Air Nostrum, Carlos Bertomeu, ha advertido este mi\u00e9rcoles de que la falta de Gobierno en Espa\u00f1a ha provocado la paralizaci\u00f3n de proyectos y como consecuencia el n\u00famero de pasajeros que viajan por negocios ha descendido. \"Este tipo de 'pasaje de proyectos' est\u00e1 empezando a faltar y esto no pasaba desde","inLanguage":"es-ES","isPartOf":{"@id":"https:\/\/eldigitaldeasturias.com\/magazine365\/#website"},"breadcrumb":{"@id":"https:\/\/eldigitaldeasturias.com\/magazine365\/air-nostrum-advierte-de-que-la-falta-de-gobierno-ha-frenado-el-numero-de-pasajeros-que-viaja-por-negocios\/#breadcrumblist"},"author":{"@id":"https:\/\/eldigitaldeasturias.com\/magazine365\/author\/admin\/#author"},"creator":{"@id":"https:\/\/eldigitaldeasturias.com\/magazine365\/author\/admin\/#author"},"image":{"@type":"ImageObject","url":"https:\/\/eldigitaldeasturias.com\/magazine365\/wp-content\/uploads\/2016\/05\/fotonoticia_20160504164809_800.jpg","@id":"https:\/\/eldigitaldeasturias.com\/magazine365\/air-nostrum-advierte-de-que-la-falta-de-gobierno-ha-frenado-el-numero-de-pasajeros-que-viaja-por-negocios\/#mainImage","width":800,"height":736},"primaryImageOfPage":{"@id":"https:\/\/eldigitaldeasturias.com\/magazine365\/air-nostrum-advierte-de-que-la-falta-de-gobierno-ha-frenado-el-numero-de-pasajeros-que-viaja-por-negocios\/#mainImage"},"datePublished":"2016-05-09T02:38:12+02:00","dateModified":"2016-05-09T02:38:12+02:00"},{"@type":"WebSite","@id":"https:\/\/eldigitaldeasturias.com\/magazine365\/#website","url":"https:\/\/eldigitaldeasturias.com\/magazine365\/","name":"El Digital de Asturias","description":"Revista de ocio, turismo y estilo de vida","inLanguage":"es-ES","publisher":{"@id":"https:\/\/eldigitaldeasturias.com\/magazine365\/#organization"}}]},"og:locale":"es_ES","og:site_name":"El Digital de Asturias \u2013 Revista de ocio, turismo y estilo de vida","og:type":"article","og:title":"Air Nostrum advierte de que la falta de Gobierno ha frenado el n\u00famero de pasajeros que viaja por negocios | El Digital de Asturias","og:description":"El presidente de la aerol\u00ednea Air Nostrum, Carlos Bertomeu, ha advertido este mi\u00e9rcoles de que la falta de Gobierno en Espa\u00f1a ha provocado la paralizaci\u00f3n de proyectos y como consecuencia el n\u00famero de pasajeros que viajan por negocios ha descendido. &quot;Este tipo de 'pasaje de proyectos' est\u00e1 empezando a faltar y esto no pasaba desde","og:url":"https:\/\/eldigitaldeasturias.com\/magazine365\/air-nostrum-advierte-de-que-la-falta-de-gobierno-ha-frenado-el-numero-de-pasajeros-que-viaja-por-negocios\/","og:image":"https:\/\/eldigitaldeasturias.com\/magazine365\/wp-content\/uploads\/2016\/05\/fotonoticia_20160504164809_800.jpg","og:image:secure_url":"https:\/\/eldigitaldeasturias.com\/magazine365\/wp-content\/uploads\/2016\/05\/fotonoticia_20160504164809_800.jpg","og:image:width":800,"og:image:height":736,"article:published_time":"2016-05-09T00:38:12+00:00","article:modified_time":"2016-05-09T00:38:12+00:00","twitter:card":"summary_large_image","twitter:title":"Air Nostrum advierte de que la falta de Gobierno ha frenado el n\u00famero de pasajeros que viaja por negocios | El Digital de Asturias","twitter:description":"El presidente de la aerol\u00ednea Air Nostrum, Carlos Bertomeu, ha advertido este mi\u00e9rcoles de que la falta de Gobierno en Espa\u00f1a ha provocado la paralizaci\u00f3n de proyectos y como consecuencia el n\u00famero de pasajeros que viajan por negocios ha descendido. &quot;Este tipo de 'pasaje de proyectos' est\u00e1 empezando a faltar y esto no pasaba desde","twitter:image":"https:\/\/eldigitaldeasturias.com\/magazine365\/wp-content\/uploads\/2016\/05\/fotonoticia_20160504164809_800.jpg"},"aioseo_meta_data":{"post_id":"75997","title":null,"description":null,"keywords":null,"keyphrases":null,"primary_term":null,"canonical_url":null,"og_title":null,"og_description":null,"og_object_type":"default","og_image_type":"default","og_image_url":null,"og_image_width":null,"og_image_height":null,"og_image_custom_url":null,"og_image_custom_fields":null,"og_video":null,"og_custom_url":null,"og_article_section":null,"og_article_tags":null,"twitter_use_og":false,"twitter_card":"default","twitter_image_type":"default","twitter_image_url":null,"twitter_image_custom_url":null,"twitter_image_custom_fields":null,"twitter_title":null,"twitter_description":null,"schema":{"blockGraphs":[],"customGraphs":[],"default":{"data":{"Article":[],"Course":[],"Dataset":[],"FAQPage":[],"Movie":[],"Person":[],"Product":[],"ProductReview":[],"Car":[],"Recipe":[],"Service":[],"SoftwareApplication":[],"WebPage":[]},"graphName":"","isEnabled":true},"graphs":[],"defaultGraph":"","defaultPostTypeGraph":""},"schema_type":null,"schema_type_options":null,"pillar_content":false,"robots_default":true,"robots_noindex":false,"robots_noarchive":false,"robots_nosnippet":false,"robots_nofollow":false,"robots_noimageindex":false,"robots_noodp":false,"robots_notranslate":false,"robots_max_snippet":null,"robots_max_videopreview":null,"robots_max_imagepreview":"large","priority":null,"frequency":null,"location":null,"local_seo":null,"seo_analyzer_scan_date":"2025-09-27 11:39:21","breadcrumb_settings":null,"limit_modified_date":false,"open_ai":null,"ai":null,"created":"2021-03-08 18:33:54","updated":"2025-09-27 11:39:21"},"aioseo_breadcrumb":"<div class=\"aioseo-breadcrumbs\"><span class=\"aioseo-breadcrumb\">\n\t<a href=\"https:\/\/eldigitaldeasturias.com\/magazine365\" title=\"Home\">Home<\/a>\n<\/span><span class=\"aioseo-breadcrumb-separator\">\u2013<\/span><span class=\"aioseo-breadcrumb\">\n\t<a href=\"https:\/\/eldigitaldeasturias.com\/magazine365\/category\/noticias-actualidad\/\" title=\"Noticias y Actualidad\">Noticias y Actualidad<\/a>\n<\/span><span class=\"aioseo-breadcrumb-separator\">\u2013<\/span><span class=\"aioseo-breadcrumb\">\n\t<a href=\"https:\/\/eldigitaldeasturias.com\/magazine365\/air-nostrum-advierte-de-que-la-falta-de-gobierno-ha-frenado-el-numero-de-pasajeros-que-viaja-por-negocios\/\" title=\"Air Nostrum advierte de que la falta de Gobierno ha frenado el n\u00famero de pasajeros que viaja por negocios\">Air Nostrum advierte de que la falta de Gobierno ha frenado el n\u00famero de pasajeros que viaja por negocios<\/a>\n<\/span><\/div>","aioseo_breadcrumb_json":[{"label":"Home","link":"https:\/\/eldigitaldeasturias.com\/magazine365"},{"label":"Noticias y Actualidad","link":"https:\/\/eldigitaldeasturias.com\/magazine365\/category\/noticias-actualidad\/"},{"label":"Air Nostrum advierte de que la falta de Gobierno ha frenado el n\u00famero de pasajeros que viaja por negocios","link":"https:\/\/eldigitaldeasturias.com\/magazine365\/air-nostrum-advierte-de-que-la-falta-de-gobierno-ha-frenado-el-numero-de-pasajeros-que-viaja-por-negocios\/"}],"_links":{"self":[{"href":"https:\/\/eldigitaldeasturias.com\/magazine365\/wp-json\/wp\/v2\/posts\/75997","targetHints":{"allow":["GET"]}}],"collection":[{"href":"https:\/\/eldigitaldeasturias.com\/magazine365\/wp-json\/wp\/v2\/posts"}],"about":[{"href":"https:\/\/eldigitaldeasturias.com\/magazine365\/wp-json\/wp\/v2\/types\/post"}],"author":[{"embeddable":true,"href":"https:\/\/eldigitaldeasturias.com\/magazine365\/wp-json\/wp\/v2\/users\/1"}],"replies":[{"embeddable":true,"href":"https:\/\/eldigitaldeasturias.com\/magazine365\/wp-json\/wp\/v2\/comments?post=75997"}],"version-history":[{"count":0,"href":"https:\/\/eldigitaldeasturias.com\/magazine365\/wp-json\/wp\/v2\/posts\/75997\/revisions"}],"wp:featuredmedia":[{"embeddable":true,"href":"https:\/\/eldigitaldeasturias.com\/magazine365\/wp-json\/wp\/v2\/media\/75998"}],"wp:attachment":[{"href":"https:\/\/eldigitaldeasturias.com\/magazine365\/wp-json\/wp\/v2\/media?parent=75997"}],"wp:term":[{"taxonomy":"category","embeddable":true,"href":"https:\/\/eldigitaldeasturias.com\/magazine365\/wp-json\/wp\/v2\/categories?post=75997"},{"taxonomy":"post_tag","embeddable":true,"href":"https:\/\/eldigitaldeasturias.com\/magazine365\/wp-json\/wp\/v2\/tags?post=75997"}],"curies":[{"name":"wp","href":"https:\/\/api.w.org\/{rel}","templated":true}]}}