{"id":75994,"date":"2016-05-09T02:37:22","date_gmt":"2016-05-09T00:37:22","guid":{"rendered":"http:\/\/eldigitaldeasturias.com\/magazine365\/?p=75994"},"modified":"2016-05-09T02:37:22","modified_gmt":"2016-05-09T00:37:22","slug":"generalitat-valenciana-dice-que-la-reparacion-del-aeropuerto-de-castellon-debe-ser-a-costa-de-la-antigua-gerencia","status":"publish","type":"post","link":"https:\/\/eldigitaldeasturias.com\/magazine365\/generalitat-valenciana-dice-que-la-reparacion-del-aeropuerto-de-castellon-debe-ser-a-costa-de-la-antigua-gerencia\/","title":{"rendered":"Generalitat Valenciana dice que la reparaci\u00f3n del aeropuerto de Castell\u00f3n debe ser a costa de la antigua gerencia"},"content":{"rendered":"<p><img fetchpriority=\"high\" decoding=\"async\" class=\"alignleft size-medium wp-image-75995\" src=\"https:\/\/eldigitaldeasturias.com\/magazine365\/wp-content\/uploads\/2016\/05\/fotonoticia_20160504164620_800-360x239.jpg\" alt=\"fotonoticia_20160504164620_800\" width=\"360\" height=\"239\" srcset=\"https:\/\/eldigitaldeasturias.com\/magazine365\/wp-content\/uploads\/2016\/05\/fotonoticia_20160504164620_800-360x239.jpg 360w, https:\/\/eldigitaldeasturias.com\/magazine365\/wp-content\/uploads\/2016\/05\/fotonoticia_20160504164620_800-650x432.jpg 650w, https:\/\/eldigitaldeasturias.com\/magazine365\/wp-content\/uploads\/2016\/05\/fotonoticia_20160504164620_800-768x511.jpg 768w, https:\/\/eldigitaldeasturias.com\/magazine365\/wp-content\/uploads\/2016\/05\/fotonoticia_20160504164620_800-150x100.jpg 150w, https:\/\/eldigitaldeasturias.com\/magazine365\/wp-content\/uploads\/2016\/05\/fotonoticia_20160504164620_800-450x299.jpg 450w, https:\/\/eldigitaldeasturias.com\/magazine365\/wp-content\/uploads\/2016\/05\/fotonoticia_20160504164620_800-121x79.jpg 121w, https:\/\/eldigitaldeasturias.com\/magazine365\/wp-content\/uploads\/2016\/05\/fotonoticia_20160504164620_800-101x66.jpg 101w, https:\/\/eldigitaldeasturias.com\/magazine365\/wp-content\/uploads\/2016\/05\/fotonoticia_20160504164620_800.jpg 800w\" sizes=\"(max-width: 360px) 100vw, 360px\" \/>La vicepresidenta de la Generalitat Valenciana, M\u00f3nica Oltra, ha defendido que \u00abla reparaci\u00f3n del aeropuerto tiene que ser a costa de aqu\u00e9llos que han hecho el da\u00f1o, y eso es responsabilidad de la antigua gerencia y de la empresa que no ejecut\u00f3 unas obras que fueran \u00fatiles\u00bb.<\/p>\n<p>Oltra ha realizado estas declaraciones ante los medios durante la celebraci\u00f3n del 25 aniversario del Centro Ocupacional Rafalafena de Castell\u00f3n, en referencia a la demanda que ha puesto Aerocas al exdirector general y a la constructora del aeropuerto de Castell\u00f3n por fallos en la obra de la infraestructura.<\/p>\n<p>Concretamente, la sociedad p\u00fablica de la Generalitat ha emprendido acciones legales por la deficiente construcci\u00f3n del canal de drenaje y ahora reclama a los responsables de la obra una indemnizaci\u00f3n de m\u00e1s de dos millones de euros, que es el coste de reparaci\u00f3n, seg\u00fan publica este mi\u00e9rcoles el diario Levante.<\/p>\n<p>En este sentido, la vicepresidenta ha a\u00f1adido que \u00ablos valencianos no podemos estar pagando siempre las malas obras o las obras in\u00fatiles que empresas o que gerencias, que no sab\u00edan defender el inter\u00e9s general, han tolerado\u00bb.<\/p>\n<p>Adem\u00e1s, la vicepresidenta ha criticado que \u00abno puede ser que con el dineral que ha costado el aeropuerto est\u00e9 mal hecho y se tenga que hacer una reforma\u00bb.<\/p>\n<p>Finalmente, Oltra ha sentenciado que \u00abeste gobierno lo que defiende es el inter\u00e9s general de los ciudadanos y ciudadanas frente al inter\u00e9s particular de una empresa o de las ganancias de determinadas personas que han hecho mucho negocio en los \u00faltimos a\u00f1os a costa de lo que todos los valencianos hemos tenido que pagar\u00bb.<\/p>\n<p>Por su parte, la consellera de Vivienda, Obras P\u00fablicas y Vertebraci\u00f3n del Territorio, Mar\u00eda Jos\u00e9 Salvador, ha asegurado al respecto en otro acto que \u00aben la medida en que se detectaron una serie de deficiencias, el Gobierno valenciano a tomado las decisiones legales que ha considerado oportunas en estos momentos\u00bb.<\/p>\n<p>\u00abEn el proceso de construcci\u00f3n del aeropuerto este gobierno act\u00faa con toda responsabilidad de, si hay responsabilidades, tomar la decisiones legales que ha considerado oportunas\u00bb, ha insistido.<\/p>\n","protected":false},"excerpt":{"rendered":"<p>La vicepresidenta de la Generalitat Valenciana, M\u00f3nica Oltra, ha defendido que \u00abla reparaci\u00f3n del aeropuerto tiene que ser a costa de aqu\u00e9llos que han hecho el da\u00f1o, y eso es responsabilidad de la antigua gerencia y de la empresa que no ejecut\u00f3 unas obras que fueran \u00fatiles\u00bb. Oltra ha realizado estas declaraciones ante los medios<\/p>\n","protected":false},"author":1,"featured_media":75995,"comment_status":"open","ping_status":"closed","sticky":false,"template":"","format":"standard","meta":{"footnotes":""},"categories":[224],"tags":[],"class_list":{"0":"post-75994","1":"post","2":"type-post","3":"status-publish","4":"format-standard","5":"has-post-thumbnail","7":"category-noticias-actualidad"},"aioseo_notices":[],"aioseo_head":"\n\t\t<!-- All in One SEO Pro 4.9.6.1 - aioseo.com -->\n\t<meta name=\"description\" content=\"La vicepresidenta de la Generalitat Valenciana, M\u00f3nica Oltra, ha defendido que &quot;la reparaci\u00f3n del aeropuerto tiene que ser a costa de aqu\u00e9llos que han hecho el da\u00f1o, y eso es responsabilidad de la antigua gerencia y de la empresa que no ejecut\u00f3 unas obras que fueran \u00fatiles&quot;. Oltra ha realizado estas declaraciones ante los medios\" \/>\n\t<meta name=\"robots\" content=\"max-image-preview:large\" \/>\n\t<meta name=\"author\" content=\"admin\"\/>\n\t<meta name=\"google-site-verification\" content=\"UA-38556648-1\" \/>\n\t<meta name=\"keywords\" content=\"noticias y actualidad\" \/>\n\t<link rel=\"canonical\" href=\"https:\/\/eldigitaldeasturias.com\/magazine365\/generalitat-valenciana-dice-que-la-reparacion-del-aeropuerto-de-castellon-debe-ser-a-costa-de-la-antigua-gerencia\/\" \/>\n\t<meta name=\"generator\" content=\"All in One SEO Pro (AIOSEO) 4.9.6.1\" \/>\n\t\t<meta property=\"og:locale\" content=\"es_ES\" \/>\n\t\t<meta property=\"og:site_name\" content=\"El Digital de Asturias \u2013 Revista de ocio, turismo y estilo de vida\" \/>\n\t\t<meta property=\"og:type\" content=\"article\" \/>\n\t\t<meta property=\"og:title\" content=\"Generalitat Valenciana dice que la reparaci\u00f3n del aeropuerto de Castell\u00f3n debe ser a costa de la antigua gerencia | El Digital de Asturias\" \/>\n\t\t<meta property=\"og:description\" content=\"La vicepresidenta de la Generalitat Valenciana, M\u00f3nica Oltra, ha defendido que &quot;la reparaci\u00f3n del aeropuerto tiene que ser a costa de aqu\u00e9llos que han hecho el da\u00f1o, y eso es responsabilidad de la antigua gerencia y de la empresa que no ejecut\u00f3 unas obras que fueran \u00fatiles&quot;. Oltra ha realizado estas declaraciones ante los medios\" \/>\n\t\t<meta property=\"og:url\" content=\"https:\/\/eldigitaldeasturias.com\/magazine365\/generalitat-valenciana-dice-que-la-reparacion-del-aeropuerto-de-castellon-debe-ser-a-costa-de-la-antigua-gerencia\/\" \/>\n\t\t<meta property=\"og:image\" content=\"https:\/\/eldigitaldeasturias.com\/magazine365\/wp-content\/uploads\/2016\/05\/fotonoticia_20160504164620_800.jpg\" \/>\n\t\t<meta property=\"og:image:secure_url\" content=\"https:\/\/eldigitaldeasturias.com\/magazine365\/wp-content\/uploads\/2016\/05\/fotonoticia_20160504164620_800.jpg\" \/>\n\t\t<meta property=\"og:image:width\" content=\"800\" \/>\n\t\t<meta property=\"og:image:height\" content=\"532\" \/>\n\t\t<meta property=\"article:published_time\" content=\"2016-05-09T00:37:22+00:00\" \/>\n\t\t<meta property=\"article:modified_time\" content=\"2016-05-09T00:37:22+00:00\" \/>\n\t\t<meta name=\"twitter:card\" content=\"summary_large_image\" \/>\n\t\t<meta name=\"twitter:title\" content=\"Generalitat Valenciana dice que la reparaci\u00f3n del aeropuerto de Castell\u00f3n debe ser a costa de la antigua gerencia | El Digital de Asturias\" \/>\n\t\t<meta name=\"twitter:description\" content=\"La vicepresidenta de la Generalitat Valenciana, M\u00f3nica Oltra, ha defendido que &quot;la reparaci\u00f3n del aeropuerto tiene que ser a costa de aqu\u00e9llos que han hecho el da\u00f1o, y eso es responsabilidad de la antigua gerencia y de la empresa que no ejecut\u00f3 unas obras que fueran \u00fatiles&quot;. Oltra ha realizado estas declaraciones ante los medios\" \/>\n\t\t<meta name=\"twitter:image\" content=\"https:\/\/eldigitaldeasturias.com\/magazine365\/wp-content\/uploads\/2016\/05\/fotonoticia_20160504164620_800.jpg\" \/>\n\t\t<script type=\"application\/ld+json\" class=\"aioseo-schema\">\n\t\t\t{\"@context\":\"https:\\\/\\\/schema.org\",\"@graph\":[{\"@type\":\"Article\",\"@id\":\"https:\\\/\\\/eldigitaldeasturias.com\\\/magazine365\\\/generalitat-valenciana-dice-que-la-reparacion-del-aeropuerto-de-castellon-debe-ser-a-costa-de-la-antigua-gerencia\\\/#article\",\"name\":\"Generalitat Valenciana dice que la reparaci\\u00f3n del aeropuerto de Castell\\u00f3n debe ser a costa de la antigua gerencia | El Digital de Asturias\",\"headline\":\"Generalitat Valenciana dice que la reparaci\\u00f3n del aeropuerto de Castell\\u00f3n debe ser a costa de la antigua gerencia\",\"author\":{\"@id\":\"https:\\\/\\\/eldigitaldeasturias.com\\\/magazine365\\\/author\\\/admin\\\/#author\"},\"publisher\":{\"@id\":\"https:\\\/\\\/eldigitaldeasturias.com\\\/magazine365\\\/#organization\"},\"image\":{\"@type\":\"ImageObject\",\"url\":\"https:\\\/\\\/eldigitaldeasturias.com\\\/magazine365\\\/wp-content\\\/uploads\\\/2016\\\/05\\\/fotonoticia_20160504164620_800.jpg\",\"width\":800,\"height\":532},\"datePublished\":\"2016-05-09T02:37:22+02:00\",\"dateModified\":\"2016-05-09T02:37:22+02:00\",\"inLanguage\":\"es-ES\",\"mainEntityOfPage\":{\"@id\":\"https:\\\/\\\/eldigitaldeasturias.com\\\/magazine365\\\/generalitat-valenciana-dice-que-la-reparacion-del-aeropuerto-de-castellon-debe-ser-a-costa-de-la-antigua-gerencia\\\/#webpage\"},\"isPartOf\":{\"@id\":\"https:\\\/\\\/eldigitaldeasturias.com\\\/magazine365\\\/generalitat-valenciana-dice-que-la-reparacion-del-aeropuerto-de-castellon-debe-ser-a-costa-de-la-antigua-gerencia\\\/#webpage\"},\"articleSection\":\"Noticias y Actualidad\"},{\"@type\":\"BreadcrumbList\",\"@id\":\"https:\\\/\\\/eldigitaldeasturias.com\\\/magazine365\\\/generalitat-valenciana-dice-que-la-reparacion-del-aeropuerto-de-castellon-debe-ser-a-costa-de-la-antigua-gerencia\\\/#breadcrumblist\",\"itemListElement\":[{\"@type\":\"ListItem\",\"@id\":\"https:\\\/\\\/eldigitaldeasturias.com\\\/magazine365#listItem\",\"position\":1,\"name\":\"Home\",\"item\":\"https:\\\/\\\/eldigitaldeasturias.com\\\/magazine365\",\"nextItem\":{\"@type\":\"ListItem\",\"@id\":\"https:\\\/\\\/eldigitaldeasturias.com\\\/magazine365\\\/category\\\/noticias-actualidad\\\/#listItem\",\"name\":\"Noticias y Actualidad\"}},{\"@type\":\"ListItem\",\"@id\":\"https:\\\/\\\/eldigitaldeasturias.com\\\/magazine365\\\/category\\\/noticias-actualidad\\\/#listItem\",\"position\":2,\"name\":\"Noticias y Actualidad\",\"item\":\"https:\\\/\\\/eldigitaldeasturias.com\\\/magazine365\\\/category\\\/noticias-actualidad\\\/\",\"nextItem\":{\"@type\":\"ListItem\",\"@id\":\"https:\\\/\\\/eldigitaldeasturias.com\\\/magazine365\\\/generalitat-valenciana-dice-que-la-reparacion-del-aeropuerto-de-castellon-debe-ser-a-costa-de-la-antigua-gerencia\\\/#listItem\",\"name\":\"Generalitat Valenciana dice que la reparaci\\u00f3n del aeropuerto de Castell\\u00f3n debe ser a costa de la antigua gerencia\"},\"previousItem\":{\"@type\":\"ListItem\",\"@id\":\"https:\\\/\\\/eldigitaldeasturias.com\\\/magazine365#listItem\",\"name\":\"Home\"}},{\"@type\":\"ListItem\",\"@id\":\"https:\\\/\\\/eldigitaldeasturias.com\\\/magazine365\\\/generalitat-valenciana-dice-que-la-reparacion-del-aeropuerto-de-castellon-debe-ser-a-costa-de-la-antigua-gerencia\\\/#listItem\",\"position\":3,\"name\":\"Generalitat Valenciana dice que la reparaci\\u00f3n del aeropuerto de Castell\\u00f3n debe ser a costa de la antigua gerencia\",\"previousItem\":{\"@type\":\"ListItem\",\"@id\":\"https:\\\/\\\/eldigitaldeasturias.com\\\/magazine365\\\/category\\\/noticias-actualidad\\\/#listItem\",\"name\":\"Noticias y Actualidad\"}}]},{\"@type\":\"Organization\",\"@id\":\"https:\\\/\\\/eldigitaldeasturias.com\\\/magazine365\\\/#organization\",\"name\":\"El digital de Asturias\",\"description\":\"Revista de ocio, turismo y estilo de vida\",\"url\":\"https:\\\/\\\/eldigitaldeasturias.com\\\/magazine365\\\/\",\"logo\":{\"@type\":\"ImageObject\",\"url\":\"https:\\\/\\\/www.eldigitaldeasturias.com\\\/noticias\\\/wp-content\\\/uploads\\\/2020\\\/12\\\/EDA.jpg\",\"@id\":\"https:\\\/\\\/eldigitaldeasturias.com\\\/magazine365\\\/generalitat-valenciana-dice-que-la-reparacion-del-aeropuerto-de-castellon-debe-ser-a-costa-de-la-antigua-gerencia\\\/#organizationLogo\"},\"image\":{\"@id\":\"https:\\\/\\\/eldigitaldeasturias.com\\\/magazine365\\\/generalitat-valenciana-dice-que-la-reparacion-del-aeropuerto-de-castellon-debe-ser-a-costa-de-la-antigua-gerencia\\\/#organizationLogo\"}},{\"@type\":\"Person\",\"@id\":\"https:\\\/\\\/eldigitaldeasturias.com\\\/magazine365\\\/author\\\/admin\\\/#author\",\"url\":\"https:\\\/\\\/eldigitaldeasturias.com\\\/magazine365\\\/author\\\/admin\\\/\",\"name\":\"admin\",\"image\":{\"@type\":\"ImageObject\",\"@id\":\"https:\\\/\\\/eldigitaldeasturias.com\\\/magazine365\\\/generalitat-valenciana-dice-que-la-reparacion-del-aeropuerto-de-castellon-debe-ser-a-costa-de-la-antigua-gerencia\\\/#authorImage\",\"url\":\"https:\\\/\\\/eldigitaldeasturias.com\\\/magazine365\\\/wp-content\\\/litespeed\\\/avatar\\\/e571bcf59a0edd6fa6838245a470f2fe.jpg?ver=1777574230\",\"width\":96,\"height\":96,\"caption\":\"admin\"}},{\"@type\":\"WebPage\",\"@id\":\"https:\\\/\\\/eldigitaldeasturias.com\\\/magazine365\\\/generalitat-valenciana-dice-que-la-reparacion-del-aeropuerto-de-castellon-debe-ser-a-costa-de-la-antigua-gerencia\\\/#webpage\",\"url\":\"https:\\\/\\\/eldigitaldeasturias.com\\\/magazine365\\\/generalitat-valenciana-dice-que-la-reparacion-del-aeropuerto-de-castellon-debe-ser-a-costa-de-la-antigua-gerencia\\\/\",\"name\":\"Generalitat Valenciana dice que la reparaci\\u00f3n del aeropuerto de Castell\\u00f3n debe ser a costa de la antigua gerencia | El Digital de Asturias\",\"description\":\"La vicepresidenta de la Generalitat Valenciana, M\\u00f3nica Oltra, ha defendido que \\\"la reparaci\\u00f3n del aeropuerto tiene que ser a costa de aqu\\u00e9llos que han hecho el da\\u00f1o, y eso es responsabilidad de la antigua gerencia y de la empresa que no ejecut\\u00f3 unas obras que fueran \\u00fatiles\\\". Oltra ha realizado estas declaraciones ante los medios\",\"inLanguage\":\"es-ES\",\"isPartOf\":{\"@id\":\"https:\\\/\\\/eldigitaldeasturias.com\\\/magazine365\\\/#website\"},\"breadcrumb\":{\"@id\":\"https:\\\/\\\/eldigitaldeasturias.com\\\/magazine365\\\/generalitat-valenciana-dice-que-la-reparacion-del-aeropuerto-de-castellon-debe-ser-a-costa-de-la-antigua-gerencia\\\/#breadcrumblist\"},\"author\":{\"@id\":\"https:\\\/\\\/eldigitaldeasturias.com\\\/magazine365\\\/author\\\/admin\\\/#author\"},\"creator\":{\"@id\":\"https:\\\/\\\/eldigitaldeasturias.com\\\/magazine365\\\/author\\\/admin\\\/#author\"},\"image\":{\"@type\":\"ImageObject\",\"url\":\"https:\\\/\\\/eldigitaldeasturias.com\\\/magazine365\\\/wp-content\\\/uploads\\\/2016\\\/05\\\/fotonoticia_20160504164620_800.jpg\",\"@id\":\"https:\\\/\\\/eldigitaldeasturias.com\\\/magazine365\\\/generalitat-valenciana-dice-que-la-reparacion-del-aeropuerto-de-castellon-debe-ser-a-costa-de-la-antigua-gerencia\\\/#mainImage\",\"width\":800,\"height\":532},\"primaryImageOfPage\":{\"@id\":\"https:\\\/\\\/eldigitaldeasturias.com\\\/magazine365\\\/generalitat-valenciana-dice-que-la-reparacion-del-aeropuerto-de-castellon-debe-ser-a-costa-de-la-antigua-gerencia\\\/#mainImage\"},\"datePublished\":\"2016-05-09T02:37:22+02:00\",\"dateModified\":\"2016-05-09T02:37:22+02:00\"},{\"@type\":\"WebSite\",\"@id\":\"https:\\\/\\\/eldigitaldeasturias.com\\\/magazine365\\\/#website\",\"url\":\"https:\\\/\\\/eldigitaldeasturias.com\\\/magazine365\\\/\",\"name\":\"El Digital de Asturias\",\"description\":\"Revista de ocio, turismo y estilo de vida\",\"inLanguage\":\"es-ES\",\"publisher\":{\"@id\":\"https:\\\/\\\/eldigitaldeasturias.com\\\/magazine365\\\/#organization\"}}]}\n\t\t<\/script>\n\t\t<!-- All in One SEO Pro -->\r\n\t\t<title>Generalitat Valenciana dice que la reparaci\u00f3n del aeropuerto de Castell\u00f3n debe ser a costa de la antigua gerencia | El Digital de Asturias<\/title>\n\n","aioseo_head_json":{"title":"Generalitat Valenciana dice que la reparaci\u00f3n del aeropuerto de Castell\u00f3n debe ser a costa de la antigua gerencia | El Digital de Asturias","description":"La vicepresidenta de la Generalitat Valenciana, M\u00f3nica Oltra, ha defendido que \"la reparaci\u00f3n del aeropuerto tiene que ser a costa de aqu\u00e9llos que han hecho el da\u00f1o, y eso es responsabilidad de la antigua gerencia y de la empresa que no ejecut\u00f3 unas obras que fueran \u00fatiles\". Oltra ha realizado estas declaraciones ante los medios","canonical_url":"https:\/\/eldigitaldeasturias.com\/magazine365\/generalitat-valenciana-dice-que-la-reparacion-del-aeropuerto-de-castellon-debe-ser-a-costa-de-la-antigua-gerencia\/","robots":"max-image-preview:large","keywords":"noticias y actualidad","webmasterTools":{"google-site-verification":"UA-38556648-1","miscellaneous":""},"schema":{"@context":"https:\/\/schema.org","@graph":[{"@type":"Article","@id":"https:\/\/eldigitaldeasturias.com\/magazine365\/generalitat-valenciana-dice-que-la-reparacion-del-aeropuerto-de-castellon-debe-ser-a-costa-de-la-antigua-gerencia\/#article","name":"Generalitat Valenciana dice que la reparaci\u00f3n del aeropuerto de Castell\u00f3n debe ser a costa de la antigua gerencia | El Digital de Asturias","headline":"Generalitat Valenciana dice que la reparaci\u00f3n del aeropuerto de Castell\u00f3n debe ser a costa de la antigua gerencia","author":{"@id":"https:\/\/eldigitaldeasturias.com\/magazine365\/author\/admin\/#author"},"publisher":{"@id":"https:\/\/eldigitaldeasturias.com\/magazine365\/#organization"},"image":{"@type":"ImageObject","url":"https:\/\/eldigitaldeasturias.com\/magazine365\/wp-content\/uploads\/2016\/05\/fotonoticia_20160504164620_800.jpg","width":800,"height":532},"datePublished":"2016-05-09T02:37:22+02:00","dateModified":"2016-05-09T02:37:22+02:00","inLanguage":"es-ES","mainEntityOfPage":{"@id":"https:\/\/eldigitaldeasturias.com\/magazine365\/generalitat-valenciana-dice-que-la-reparacion-del-aeropuerto-de-castellon-debe-ser-a-costa-de-la-antigua-gerencia\/#webpage"},"isPartOf":{"@id":"https:\/\/eldigitaldeasturias.com\/magazine365\/generalitat-valenciana-dice-que-la-reparacion-del-aeropuerto-de-castellon-debe-ser-a-costa-de-la-antigua-gerencia\/#webpage"},"articleSection":"Noticias y Actualidad"},{"@type":"BreadcrumbList","@id":"https:\/\/eldigitaldeasturias.com\/magazine365\/generalitat-valenciana-dice-que-la-reparacion-del-aeropuerto-de-castellon-debe-ser-a-costa-de-la-antigua-gerencia\/#breadcrumblist","itemListElement":[{"@type":"ListItem","@id":"https:\/\/eldigitaldeasturias.com\/magazine365#listItem","position":1,"name":"Home","item":"https:\/\/eldigitaldeasturias.com\/magazine365","nextItem":{"@type":"ListItem","@id":"https:\/\/eldigitaldeasturias.com\/magazine365\/category\/noticias-actualidad\/#listItem","name":"Noticias y Actualidad"}},{"@type":"ListItem","@id":"https:\/\/eldigitaldeasturias.com\/magazine365\/category\/noticias-actualidad\/#listItem","position":2,"name":"Noticias y Actualidad","item":"https:\/\/eldigitaldeasturias.com\/magazine365\/category\/noticias-actualidad\/","nextItem":{"@type":"ListItem","@id":"https:\/\/eldigitaldeasturias.com\/magazine365\/generalitat-valenciana-dice-que-la-reparacion-del-aeropuerto-de-castellon-debe-ser-a-costa-de-la-antigua-gerencia\/#listItem","name":"Generalitat Valenciana dice que la reparaci\u00f3n del aeropuerto de Castell\u00f3n debe ser a costa de la antigua gerencia"},"previousItem":{"@type":"ListItem","@id":"https:\/\/eldigitaldeasturias.com\/magazine365#listItem","name":"Home"}},{"@type":"ListItem","@id":"https:\/\/eldigitaldeasturias.com\/magazine365\/generalitat-valenciana-dice-que-la-reparacion-del-aeropuerto-de-castellon-debe-ser-a-costa-de-la-antigua-gerencia\/#listItem","position":3,"name":"Generalitat Valenciana dice que la reparaci\u00f3n del aeropuerto de Castell\u00f3n debe ser a costa de la antigua gerencia","previousItem":{"@type":"ListItem","@id":"https:\/\/eldigitaldeasturias.com\/magazine365\/category\/noticias-actualidad\/#listItem","name":"Noticias y Actualidad"}}]},{"@type":"Organization","@id":"https:\/\/eldigitaldeasturias.com\/magazine365\/#organization","name":"El digital de Asturias","description":"Revista de ocio, turismo y estilo de vida","url":"https:\/\/eldigitaldeasturias.com\/magazine365\/","logo":{"@type":"ImageObject","url":"https:\/\/www.eldigitaldeasturias.com\/noticias\/wp-content\/uploads\/2020\/12\/EDA.jpg","@id":"https:\/\/eldigitaldeasturias.com\/magazine365\/generalitat-valenciana-dice-que-la-reparacion-del-aeropuerto-de-castellon-debe-ser-a-costa-de-la-antigua-gerencia\/#organizationLogo"},"image":{"@id":"https:\/\/eldigitaldeasturias.com\/magazine365\/generalitat-valenciana-dice-que-la-reparacion-del-aeropuerto-de-castellon-debe-ser-a-costa-de-la-antigua-gerencia\/#organizationLogo"}},{"@type":"Person","@id":"https:\/\/eldigitaldeasturias.com\/magazine365\/author\/admin\/#author","url":"https:\/\/eldigitaldeasturias.com\/magazine365\/author\/admin\/","name":"admin","image":{"@type":"ImageObject","@id":"https:\/\/eldigitaldeasturias.com\/magazine365\/generalitat-valenciana-dice-que-la-reparacion-del-aeropuerto-de-castellon-debe-ser-a-costa-de-la-antigua-gerencia\/#authorImage","url":"https:\/\/eldigitaldeasturias.com\/magazine365\/wp-content\/litespeed\/avatar\/e571bcf59a0edd6fa6838245a470f2fe.jpg?ver=1777574230","width":96,"height":96,"caption":"admin"}},{"@type":"WebPage","@id":"https:\/\/eldigitaldeasturias.com\/magazine365\/generalitat-valenciana-dice-que-la-reparacion-del-aeropuerto-de-castellon-debe-ser-a-costa-de-la-antigua-gerencia\/#webpage","url":"https:\/\/eldigitaldeasturias.com\/magazine365\/generalitat-valenciana-dice-que-la-reparacion-del-aeropuerto-de-castellon-debe-ser-a-costa-de-la-antigua-gerencia\/","name":"Generalitat Valenciana dice que la reparaci\u00f3n del aeropuerto de Castell\u00f3n debe ser a costa de la antigua gerencia | El Digital de Asturias","description":"La vicepresidenta de la Generalitat Valenciana, M\u00f3nica Oltra, ha defendido que \"la reparaci\u00f3n del aeropuerto tiene que ser a costa de aqu\u00e9llos que han hecho el da\u00f1o, y eso es responsabilidad de la antigua gerencia y de la empresa que no ejecut\u00f3 unas obras que fueran \u00fatiles\". Oltra ha realizado estas declaraciones ante los medios","inLanguage":"es-ES","isPartOf":{"@id":"https:\/\/eldigitaldeasturias.com\/magazine365\/#website"},"breadcrumb":{"@id":"https:\/\/eldigitaldeasturias.com\/magazine365\/generalitat-valenciana-dice-que-la-reparacion-del-aeropuerto-de-castellon-debe-ser-a-costa-de-la-antigua-gerencia\/#breadcrumblist"},"author":{"@id":"https:\/\/eldigitaldeasturias.com\/magazine365\/author\/admin\/#author"},"creator":{"@id":"https:\/\/eldigitaldeasturias.com\/magazine365\/author\/admin\/#author"},"image":{"@type":"ImageObject","url":"https:\/\/eldigitaldeasturias.com\/magazine365\/wp-content\/uploads\/2016\/05\/fotonoticia_20160504164620_800.jpg","@id":"https:\/\/eldigitaldeasturias.com\/magazine365\/generalitat-valenciana-dice-que-la-reparacion-del-aeropuerto-de-castellon-debe-ser-a-costa-de-la-antigua-gerencia\/#mainImage","width":800,"height":532},"primaryImageOfPage":{"@id":"https:\/\/eldigitaldeasturias.com\/magazine365\/generalitat-valenciana-dice-que-la-reparacion-del-aeropuerto-de-castellon-debe-ser-a-costa-de-la-antigua-gerencia\/#mainImage"},"datePublished":"2016-05-09T02:37:22+02:00","dateModified":"2016-05-09T02:37:22+02:00"},{"@type":"WebSite","@id":"https:\/\/eldigitaldeasturias.com\/magazine365\/#website","url":"https:\/\/eldigitaldeasturias.com\/magazine365\/","name":"El Digital de Asturias","description":"Revista de ocio, turismo y estilo de vida","inLanguage":"es-ES","publisher":{"@id":"https:\/\/eldigitaldeasturias.com\/magazine365\/#organization"}}]},"og:locale":"es_ES","og:site_name":"El Digital de Asturias \u2013 Revista de ocio, turismo y estilo de vida","og:type":"article","og:title":"Generalitat Valenciana dice que la reparaci\u00f3n del aeropuerto de Castell\u00f3n debe ser a costa de la antigua gerencia | El Digital de Asturias","og:description":"La vicepresidenta de la Generalitat Valenciana, M\u00f3nica Oltra, ha defendido que &quot;la reparaci\u00f3n del aeropuerto tiene que ser a costa de aqu\u00e9llos que han hecho el da\u00f1o, y eso es responsabilidad de la antigua gerencia y de la empresa que no ejecut\u00f3 unas obras que fueran \u00fatiles&quot;. Oltra ha realizado estas declaraciones ante los medios","og:url":"https:\/\/eldigitaldeasturias.com\/magazine365\/generalitat-valenciana-dice-que-la-reparacion-del-aeropuerto-de-castellon-debe-ser-a-costa-de-la-antigua-gerencia\/","og:image":"https:\/\/eldigitaldeasturias.com\/magazine365\/wp-content\/uploads\/2016\/05\/fotonoticia_20160504164620_800.jpg","og:image:secure_url":"https:\/\/eldigitaldeasturias.com\/magazine365\/wp-content\/uploads\/2016\/05\/fotonoticia_20160504164620_800.jpg","og:image:width":800,"og:image:height":532,"article:published_time":"2016-05-09T00:37:22+00:00","article:modified_time":"2016-05-09T00:37:22+00:00","twitter:card":"summary_large_image","twitter:title":"Generalitat Valenciana dice que la reparaci\u00f3n del aeropuerto de Castell\u00f3n debe ser a costa de la antigua gerencia | El Digital de Asturias","twitter:description":"La vicepresidenta de la Generalitat Valenciana, M\u00f3nica Oltra, ha defendido que &quot;la reparaci\u00f3n del aeropuerto tiene que ser a costa de aqu\u00e9llos que han hecho el da\u00f1o, y eso es responsabilidad de la antigua gerencia y de la empresa que no ejecut\u00f3 unas obras que fueran \u00fatiles&quot;. Oltra ha realizado estas declaraciones ante los medios","twitter:image":"https:\/\/eldigitaldeasturias.com\/magazine365\/wp-content\/uploads\/2016\/05\/fotonoticia_20160504164620_800.jpg"},"aioseo_meta_data":{"post_id":"75994","title":null,"description":null,"keywords":null,"keyphrases":null,"primary_term":null,"canonical_url":null,"og_title":null,"og_description":null,"og_object_type":"default","og_image_type":"default","og_image_url":null,"og_image_width":null,"og_image_height":null,"og_image_custom_url":null,"og_image_custom_fields":null,"og_video":null,"og_custom_url":null,"og_article_section":null,"og_article_tags":null,"twitter_use_og":false,"twitter_card":"default","twitter_image_type":"default","twitter_image_url":null,"twitter_image_custom_url":null,"twitter_image_custom_fields":null,"twitter_title":null,"twitter_description":null,"schema":{"blockGraphs":[],"customGraphs":[],"default":{"data":{"Article":[],"Course":[],"Dataset":[],"FAQPage":[],"Movie":[],"Person":[],"Product":[],"ProductReview":[],"Car":[],"Recipe":[],"Service":[],"SoftwareApplication":[],"WebPage":[]},"graphName":"","isEnabled":true},"graphs":[],"defaultGraph":"","defaultPostTypeGraph":""},"schema_type":null,"schema_type_options":null,"pillar_content":false,"robots_default":true,"robots_noindex":false,"robots_noarchive":false,"robots_nosnippet":false,"robots_nofollow":false,"robots_noimageindex":false,"robots_noodp":false,"robots_notranslate":false,"robots_max_snippet":null,"robots_max_videopreview":null,"robots_max_imagepreview":"large","priority":null,"frequency":null,"location":null,"local_seo":null,"seo_analyzer_scan_date":"2025-09-27 11:39:18","breadcrumb_settings":null,"limit_modified_date":false,"open_ai":null,"ai":null,"created":"2021-03-08 18:33:54","updated":"2025-09-27 11:39:18"},"aioseo_breadcrumb":"<div class=\"aioseo-breadcrumbs\"><span class=\"aioseo-breadcrumb\">\n\t<a href=\"https:\/\/eldigitaldeasturias.com\/magazine365\" title=\"Home\">Home<\/a>\n<\/span><span class=\"aioseo-breadcrumb-separator\">\u2013<\/span><span class=\"aioseo-breadcrumb\">\n\t<a href=\"https:\/\/eldigitaldeasturias.com\/magazine365\/category\/noticias-actualidad\/\" title=\"Noticias y Actualidad\">Noticias y Actualidad<\/a>\n<\/span><span class=\"aioseo-breadcrumb-separator\">\u2013<\/span><span class=\"aioseo-breadcrumb\">\n\t<a href=\"https:\/\/eldigitaldeasturias.com\/magazine365\/generalitat-valenciana-dice-que-la-reparacion-del-aeropuerto-de-castellon-debe-ser-a-costa-de-la-antigua-gerencia\/\" title=\"Generalitat Valenciana dice que la reparaci\u00f3n del aeropuerto de Castell\u00f3n debe ser a costa de la antigua gerencia\">Generalitat Valenciana dice que la reparaci\u00f3n del aeropuerto de Castell\u00f3n debe ser a costa de la antigua gerencia<\/a>\n<\/span><\/div>","aioseo_breadcrumb_json":[{"label":"Home","link":"https:\/\/eldigitaldeasturias.com\/magazine365"},{"label":"Noticias y Actualidad","link":"https:\/\/eldigitaldeasturias.com\/magazine365\/category\/noticias-actualidad\/"},{"label":"Generalitat Valenciana dice que la reparaci\u00f3n del aeropuerto de Castell\u00f3n debe ser a costa de la antigua gerencia","link":"https:\/\/eldigitaldeasturias.com\/magazine365\/generalitat-valenciana-dice-que-la-reparacion-del-aeropuerto-de-castellon-debe-ser-a-costa-de-la-antigua-gerencia\/"}],"_links":{"self":[{"href":"https:\/\/eldigitaldeasturias.com\/magazine365\/wp-json\/wp\/v2\/posts\/75994","targetHints":{"allow":["GET"]}}],"collection":[{"href":"https:\/\/eldigitaldeasturias.com\/magazine365\/wp-json\/wp\/v2\/posts"}],"about":[{"href":"https:\/\/eldigitaldeasturias.com\/magazine365\/wp-json\/wp\/v2\/types\/post"}],"author":[{"embeddable":true,"href":"https:\/\/eldigitaldeasturias.com\/magazine365\/wp-json\/wp\/v2\/users\/1"}],"replies":[{"embeddable":true,"href":"https:\/\/eldigitaldeasturias.com\/magazine365\/wp-json\/wp\/v2\/comments?post=75994"}],"version-history":[{"count":0,"href":"https:\/\/eldigitaldeasturias.com\/magazine365\/wp-json\/wp\/v2\/posts\/75994\/revisions"}],"wp:featuredmedia":[{"embeddable":true,"href":"https:\/\/eldigitaldeasturias.com\/magazine365\/wp-json\/wp\/v2\/media\/75995"}],"wp:attachment":[{"href":"https:\/\/eldigitaldeasturias.com\/magazine365\/wp-json\/wp\/v2\/media?parent=75994"}],"wp:term":[{"taxonomy":"category","embeddable":true,"href":"https:\/\/eldigitaldeasturias.com\/magazine365\/wp-json\/wp\/v2\/categories?post=75994"},{"taxonomy":"post_tag","embeddable":true,"href":"https:\/\/eldigitaldeasturias.com\/magazine365\/wp-json\/wp\/v2\/tags?post=75994"}],"curies":[{"name":"wp","href":"https:\/\/api.w.org\/{rel}","templated":true}]}}