{"id":75988,"date":"2016-05-09T02:34:41","date_gmt":"2016-05-09T00:34:41","guid":{"rendered":"http:\/\/eldigitaldeasturias.com\/magazine365\/?p=75988"},"modified":"2016-05-09T02:34:41","modified_gmt":"2016-05-09T00:34:41","slug":"starwood-abrira-el-segundo-hotel-de-su-marca-aloft-en-seul-en-2017","status":"publish","type":"post","link":"https:\/\/eldigitaldeasturias.com\/magazine365\/starwood-abrira-el-segundo-hotel-de-su-marca-aloft-en-seul-en-2017\/","title":{"rendered":"Starwood abrir\u00e1 el segundo hotel de su marca Aloft en Se\u00fal en 2017"},"content":{"rendered":"<p><img fetchpriority=\"high\" decoding=\"async\" class=\"alignleft size-medium wp-image-75989\" src=\"https:\/\/eldigitaldeasturias.com\/magazine365\/wp-content\/uploads\/2016\/05\/fotonoticia_20160504155931_800-360x251.jpg\" alt=\"fotonoticia_20160504155931_800\" width=\"360\" height=\"251\" srcset=\"https:\/\/eldigitaldeasturias.com\/magazine365\/wp-content\/uploads\/2016\/05\/fotonoticia_20160504155931_800-360x251.jpg 360w, https:\/\/eldigitaldeasturias.com\/magazine365\/wp-content\/uploads\/2016\/05\/fotonoticia_20160504155931_800-650x453.jpg 650w, https:\/\/eldigitaldeasturias.com\/magazine365\/wp-content\/uploads\/2016\/05\/fotonoticia_20160504155931_800-768x536.jpg 768w, https:\/\/eldigitaldeasturias.com\/magazine365\/wp-content\/uploads\/2016\/05\/fotonoticia_20160504155931_800-150x105.jpg 150w, https:\/\/eldigitaldeasturias.com\/magazine365\/wp-content\/uploads\/2016\/05\/fotonoticia_20160504155931_800-450x314.jpg 450w, https:\/\/eldigitaldeasturias.com\/magazine365\/wp-content\/uploads\/2016\/05\/fotonoticia_20160504155931_800.jpg 800w\" sizes=\"(max-width: 360px) 100vw, 360px\" \/>La marca Aloft, perteneciente al grupo Starwood Hotels &amp; Resorts, abrir\u00e1 su segundo hotel en Se\u00fal bajo el nombre de &#8216;Aloft Seoul Myeongdong&#8217; en febrero de 2017, seg\u00fan ha informado la compa\u00f1\u00eda.<\/p>\n<p>El hotel tendr\u00e1 una capacidad de 223 habitaciones, un restaurante 24 horas, un gimnasio y servicio WiFi en todas sus instalaciones.<\/p>\n<p>Con esta nueva apertura Starwood Hotels &amp; Resorts contar\u00e1 con dos propiedades y con la gesti\u00f3n de ocho hoteles en Corea del Sur a trav\u00e9s de las marcas &#8216;Aloft&#8217;, &#8216;Sheraton&#8217;, &#8216;W Hotels&#8217;, &#8216;Westin&#8217; y &#8216;Four Points&#8217;.<\/p>\n<p>Actualmente, Aloft Hotels cuenta con m\u00e1s de 100 establecimientos en 16 ciudades de todo el mundo.<\/p>\n","protected":false},"excerpt":{"rendered":"<p>La marca Aloft, perteneciente al grupo Starwood Hotels &amp; Resorts, abrir\u00e1 su segundo hotel en Se\u00fal bajo el nombre de &#8216;Aloft Seoul Myeongdong&#8217; en febrero de 2017, seg\u00fan ha informado la compa\u00f1\u00eda. El hotel tendr\u00e1 una capacidad de 223 habitaciones, un restaurante 24 horas, un gimnasio y servicio WiFi en todas sus instalaciones. Con esta<\/p>\n","protected":false},"author":1,"featured_media":75989,"comment_status":"open","ping_status":"closed","sticky":false,"template":"","format":"standard","meta":{"footnotes":""},"categories":[224],"tags":[],"class_list":{"0":"post-75988","1":"post","2":"type-post","3":"status-publish","4":"format-standard","5":"has-post-thumbnail","7":"category-noticias-actualidad"},"aioseo_notices":[],"aioseo_head":"\n\t\t<!-- All in One SEO Pro 4.9.6.1 - aioseo.com -->\n\t<meta name=\"description\" content=\"La marca Aloft, perteneciente al grupo Starwood Hotels &amp; Resorts, abrir\u00e1 su segundo hotel en Se\u00fal bajo el nombre de &#039;Aloft Seoul Myeongdong&#039; en febrero de 2017, seg\u00fan ha informado la compa\u00f1\u00eda. El hotel tendr\u00e1 una capacidad de 223 habitaciones, un restaurante 24 horas, un gimnasio y servicio WiFi en todas sus instalaciones. Con esta\" \/>\n\t<meta name=\"robots\" content=\"max-image-preview:large\" \/>\n\t<meta name=\"author\" content=\"admin\"\/>\n\t<meta name=\"google-site-verification\" content=\"UA-38556648-1\" \/>\n\t<meta name=\"keywords\" content=\"noticias y actualidad\" \/>\n\t<link rel=\"canonical\" href=\"https:\/\/eldigitaldeasturias.com\/magazine365\/starwood-abrira-el-segundo-hotel-de-su-marca-aloft-en-seul-en-2017\/\" \/>\n\t<meta name=\"generator\" content=\"All in One SEO Pro (AIOSEO) 4.9.6.1\" \/>\n\t\t<meta property=\"og:locale\" content=\"es_ES\" \/>\n\t\t<meta property=\"og:site_name\" content=\"El Digital de Asturias \u2013 Revista de ocio, turismo y estilo de vida\" \/>\n\t\t<meta property=\"og:type\" content=\"article\" \/>\n\t\t<meta property=\"og:title\" content=\"Starwood abrir\u00e1 el segundo hotel de su marca Aloft en Se\u00fal en 2017 | El Digital de Asturias\" \/>\n\t\t<meta property=\"og:description\" content=\"La marca Aloft, perteneciente al grupo Starwood Hotels &amp; Resorts, abrir\u00e1 su segundo hotel en Se\u00fal bajo el nombre de &#039;Aloft Seoul Myeongdong&#039; en febrero de 2017, seg\u00fan ha informado la compa\u00f1\u00eda. El hotel tendr\u00e1 una capacidad de 223 habitaciones, un restaurante 24 horas, un gimnasio y servicio WiFi en todas sus instalaciones. Con esta\" \/>\n\t\t<meta property=\"og:url\" content=\"https:\/\/eldigitaldeasturias.com\/magazine365\/starwood-abrira-el-segundo-hotel-de-su-marca-aloft-en-seul-en-2017\/\" \/>\n\t\t<meta property=\"og:image\" content=\"https:\/\/eldigitaldeasturias.com\/magazine365\/wp-content\/uploads\/2016\/05\/fotonoticia_20160504155931_800.jpg\" \/>\n\t\t<meta property=\"og:image:secure_url\" content=\"https:\/\/eldigitaldeasturias.com\/magazine365\/wp-content\/uploads\/2016\/05\/fotonoticia_20160504155931_800.jpg\" \/>\n\t\t<meta property=\"og:image:width\" content=\"800\" \/>\n\t\t<meta property=\"og:image:height\" content=\"558\" \/>\n\t\t<meta property=\"article:published_time\" content=\"2016-05-09T00:34:41+00:00\" \/>\n\t\t<meta property=\"article:modified_time\" content=\"2016-05-09T00:34:41+00:00\" \/>\n\t\t<meta name=\"twitter:card\" content=\"summary_large_image\" \/>\n\t\t<meta name=\"twitter:title\" content=\"Starwood abrir\u00e1 el segundo hotel de su marca Aloft en Se\u00fal en 2017 | El Digital de Asturias\" \/>\n\t\t<meta name=\"twitter:description\" content=\"La marca Aloft, perteneciente al grupo Starwood Hotels &amp; Resorts, abrir\u00e1 su segundo hotel en Se\u00fal bajo el nombre de &#039;Aloft Seoul Myeongdong&#039; en febrero de 2017, seg\u00fan ha informado la compa\u00f1\u00eda. El hotel tendr\u00e1 una capacidad de 223 habitaciones, un restaurante 24 horas, un gimnasio y servicio WiFi en todas sus instalaciones. Con esta\" \/>\n\t\t<meta name=\"twitter:image\" content=\"https:\/\/eldigitaldeasturias.com\/magazine365\/wp-content\/uploads\/2016\/05\/fotonoticia_20160504155931_800.jpg\" \/>\n\t\t<script type=\"application\/ld+json\" class=\"aioseo-schema\">\n\t\t\t{\"@context\":\"https:\\\/\\\/schema.org\",\"@graph\":[{\"@type\":\"Article\",\"@id\":\"https:\\\/\\\/eldigitaldeasturias.com\\\/magazine365\\\/starwood-abrira-el-segundo-hotel-de-su-marca-aloft-en-seul-en-2017\\\/#article\",\"name\":\"Starwood abrir\\u00e1 el segundo hotel de su marca Aloft en Se\\u00fal en 2017 | El Digital de Asturias\",\"headline\":\"Starwood abrir\\u00e1 el segundo hotel de su marca Aloft en Se\\u00fal en 2017\",\"author\":{\"@id\":\"https:\\\/\\\/eldigitaldeasturias.com\\\/magazine365\\\/author\\\/admin\\\/#author\"},\"publisher\":{\"@id\":\"https:\\\/\\\/eldigitaldeasturias.com\\\/magazine365\\\/#organization\"},\"image\":{\"@type\":\"ImageObject\",\"url\":\"https:\\\/\\\/eldigitaldeasturias.com\\\/magazine365\\\/wp-content\\\/uploads\\\/2016\\\/05\\\/fotonoticia_20160504155931_800.jpg\",\"width\":800,\"height\":558},\"datePublished\":\"2016-05-09T02:34:41+02:00\",\"dateModified\":\"2016-05-09T02:34:41+02:00\",\"inLanguage\":\"es-ES\",\"mainEntityOfPage\":{\"@id\":\"https:\\\/\\\/eldigitaldeasturias.com\\\/magazine365\\\/starwood-abrira-el-segundo-hotel-de-su-marca-aloft-en-seul-en-2017\\\/#webpage\"},\"isPartOf\":{\"@id\":\"https:\\\/\\\/eldigitaldeasturias.com\\\/magazine365\\\/starwood-abrira-el-segundo-hotel-de-su-marca-aloft-en-seul-en-2017\\\/#webpage\"},\"articleSection\":\"Noticias y Actualidad\"},{\"@type\":\"BreadcrumbList\",\"@id\":\"https:\\\/\\\/eldigitaldeasturias.com\\\/magazine365\\\/starwood-abrira-el-segundo-hotel-de-su-marca-aloft-en-seul-en-2017\\\/#breadcrumblist\",\"itemListElement\":[{\"@type\":\"ListItem\",\"@id\":\"https:\\\/\\\/eldigitaldeasturias.com\\\/magazine365#listItem\",\"position\":1,\"name\":\"Home\",\"item\":\"https:\\\/\\\/eldigitaldeasturias.com\\\/magazine365\",\"nextItem\":{\"@type\":\"ListItem\",\"@id\":\"https:\\\/\\\/eldigitaldeasturias.com\\\/magazine365\\\/category\\\/noticias-actualidad\\\/#listItem\",\"name\":\"Noticias y Actualidad\"}},{\"@type\":\"ListItem\",\"@id\":\"https:\\\/\\\/eldigitaldeasturias.com\\\/magazine365\\\/category\\\/noticias-actualidad\\\/#listItem\",\"position\":2,\"name\":\"Noticias y Actualidad\",\"item\":\"https:\\\/\\\/eldigitaldeasturias.com\\\/magazine365\\\/category\\\/noticias-actualidad\\\/\",\"nextItem\":{\"@type\":\"ListItem\",\"@id\":\"https:\\\/\\\/eldigitaldeasturias.com\\\/magazine365\\\/starwood-abrira-el-segundo-hotel-de-su-marca-aloft-en-seul-en-2017\\\/#listItem\",\"name\":\"Starwood abrir\\u00e1 el segundo hotel de su marca Aloft en Se\\u00fal en 2017\"},\"previousItem\":{\"@type\":\"ListItem\",\"@id\":\"https:\\\/\\\/eldigitaldeasturias.com\\\/magazine365#listItem\",\"name\":\"Home\"}},{\"@type\":\"ListItem\",\"@id\":\"https:\\\/\\\/eldigitaldeasturias.com\\\/magazine365\\\/starwood-abrira-el-segundo-hotel-de-su-marca-aloft-en-seul-en-2017\\\/#listItem\",\"position\":3,\"name\":\"Starwood abrir\\u00e1 el segundo hotel de su marca Aloft en Se\\u00fal en 2017\",\"previousItem\":{\"@type\":\"ListItem\",\"@id\":\"https:\\\/\\\/eldigitaldeasturias.com\\\/magazine365\\\/category\\\/noticias-actualidad\\\/#listItem\",\"name\":\"Noticias y Actualidad\"}}]},{\"@type\":\"Organization\",\"@id\":\"https:\\\/\\\/eldigitaldeasturias.com\\\/magazine365\\\/#organization\",\"name\":\"El digital de Asturias\",\"description\":\"Revista de ocio, turismo y estilo de vida\",\"url\":\"https:\\\/\\\/eldigitaldeasturias.com\\\/magazine365\\\/\",\"logo\":{\"@type\":\"ImageObject\",\"url\":\"https:\\\/\\\/www.eldigitaldeasturias.com\\\/noticias\\\/wp-content\\\/uploads\\\/2020\\\/12\\\/EDA.jpg\",\"@id\":\"https:\\\/\\\/eldigitaldeasturias.com\\\/magazine365\\\/starwood-abrira-el-segundo-hotel-de-su-marca-aloft-en-seul-en-2017\\\/#organizationLogo\"},\"image\":{\"@id\":\"https:\\\/\\\/eldigitaldeasturias.com\\\/magazine365\\\/starwood-abrira-el-segundo-hotel-de-su-marca-aloft-en-seul-en-2017\\\/#organizationLogo\"}},{\"@type\":\"Person\",\"@id\":\"https:\\\/\\\/eldigitaldeasturias.com\\\/magazine365\\\/author\\\/admin\\\/#author\",\"url\":\"https:\\\/\\\/eldigitaldeasturias.com\\\/magazine365\\\/author\\\/admin\\\/\",\"name\":\"admin\",\"image\":{\"@type\":\"ImageObject\",\"@id\":\"https:\\\/\\\/eldigitaldeasturias.com\\\/magazine365\\\/starwood-abrira-el-segundo-hotel-de-su-marca-aloft-en-seul-en-2017\\\/#authorImage\",\"url\":\"https:\\\/\\\/eldigitaldeasturias.com\\\/magazine365\\\/wp-content\\\/litespeed\\\/avatar\\\/e571bcf59a0edd6fa6838245a470f2fe.jpg?ver=1777574230\",\"width\":96,\"height\":96,\"caption\":\"admin\"}},{\"@type\":\"WebPage\",\"@id\":\"https:\\\/\\\/eldigitaldeasturias.com\\\/magazine365\\\/starwood-abrira-el-segundo-hotel-de-su-marca-aloft-en-seul-en-2017\\\/#webpage\",\"url\":\"https:\\\/\\\/eldigitaldeasturias.com\\\/magazine365\\\/starwood-abrira-el-segundo-hotel-de-su-marca-aloft-en-seul-en-2017\\\/\",\"name\":\"Starwood abrir\\u00e1 el segundo hotel de su marca Aloft en Se\\u00fal en 2017 | El Digital de Asturias\",\"description\":\"La marca Aloft, perteneciente al grupo Starwood Hotels & Resorts, abrir\\u00e1 su segundo hotel en Se\\u00fal bajo el nombre de 'Aloft Seoul Myeongdong' en febrero de 2017, seg\\u00fan ha informado la compa\\u00f1\\u00eda. El hotel tendr\\u00e1 una capacidad de 223 habitaciones, un restaurante 24 horas, un gimnasio y servicio WiFi en todas sus instalaciones. Con esta\",\"inLanguage\":\"es-ES\",\"isPartOf\":{\"@id\":\"https:\\\/\\\/eldigitaldeasturias.com\\\/magazine365\\\/#website\"},\"breadcrumb\":{\"@id\":\"https:\\\/\\\/eldigitaldeasturias.com\\\/magazine365\\\/starwood-abrira-el-segundo-hotel-de-su-marca-aloft-en-seul-en-2017\\\/#breadcrumblist\"},\"author\":{\"@id\":\"https:\\\/\\\/eldigitaldeasturias.com\\\/magazine365\\\/author\\\/admin\\\/#author\"},\"creator\":{\"@id\":\"https:\\\/\\\/eldigitaldeasturias.com\\\/magazine365\\\/author\\\/admin\\\/#author\"},\"image\":{\"@type\":\"ImageObject\",\"url\":\"https:\\\/\\\/eldigitaldeasturias.com\\\/magazine365\\\/wp-content\\\/uploads\\\/2016\\\/05\\\/fotonoticia_20160504155931_800.jpg\",\"@id\":\"https:\\\/\\\/eldigitaldeasturias.com\\\/magazine365\\\/starwood-abrira-el-segundo-hotel-de-su-marca-aloft-en-seul-en-2017\\\/#mainImage\",\"width\":800,\"height\":558},\"primaryImageOfPage\":{\"@id\":\"https:\\\/\\\/eldigitaldeasturias.com\\\/magazine365\\\/starwood-abrira-el-segundo-hotel-de-su-marca-aloft-en-seul-en-2017\\\/#mainImage\"},\"datePublished\":\"2016-05-09T02:34:41+02:00\",\"dateModified\":\"2016-05-09T02:34:41+02:00\"},{\"@type\":\"WebSite\",\"@id\":\"https:\\\/\\\/eldigitaldeasturias.com\\\/magazine365\\\/#website\",\"url\":\"https:\\\/\\\/eldigitaldeasturias.com\\\/magazine365\\\/\",\"name\":\"El Digital de Asturias\",\"description\":\"Revista de ocio, turismo y estilo de vida\",\"inLanguage\":\"es-ES\",\"publisher\":{\"@id\":\"https:\\\/\\\/eldigitaldeasturias.com\\\/magazine365\\\/#organization\"}}]}\n\t\t<\/script>\n\t\t<!-- All in One SEO Pro -->\r\n\t\t<title>Starwood abrir\u00e1 el segundo hotel de su marca Aloft en Se\u00fal en 2017 | El Digital de Asturias<\/title>\n\n","aioseo_head_json":{"title":"Starwood abrir\u00e1 el segundo hotel de su marca Aloft en Se\u00fal en 2017 | El Digital de Asturias","description":"La marca Aloft, perteneciente al grupo Starwood Hotels & Resorts, abrir\u00e1 su segundo hotel en Se\u00fal bajo el nombre de 'Aloft Seoul Myeongdong' en febrero de 2017, seg\u00fan ha informado la compa\u00f1\u00eda. El hotel tendr\u00e1 una capacidad de 223 habitaciones, un restaurante 24 horas, un gimnasio y servicio WiFi en todas sus instalaciones. Con esta","canonical_url":"https:\/\/eldigitaldeasturias.com\/magazine365\/starwood-abrira-el-segundo-hotel-de-su-marca-aloft-en-seul-en-2017\/","robots":"max-image-preview:large","keywords":"noticias y actualidad","webmasterTools":{"google-site-verification":"UA-38556648-1","miscellaneous":""},"schema":{"@context":"https:\/\/schema.org","@graph":[{"@type":"Article","@id":"https:\/\/eldigitaldeasturias.com\/magazine365\/starwood-abrira-el-segundo-hotel-de-su-marca-aloft-en-seul-en-2017\/#article","name":"Starwood abrir\u00e1 el segundo hotel de su marca Aloft en Se\u00fal en 2017 | El Digital de Asturias","headline":"Starwood abrir\u00e1 el segundo hotel de su marca Aloft en Se\u00fal en 2017","author":{"@id":"https:\/\/eldigitaldeasturias.com\/magazine365\/author\/admin\/#author"},"publisher":{"@id":"https:\/\/eldigitaldeasturias.com\/magazine365\/#organization"},"image":{"@type":"ImageObject","url":"https:\/\/eldigitaldeasturias.com\/magazine365\/wp-content\/uploads\/2016\/05\/fotonoticia_20160504155931_800.jpg","width":800,"height":558},"datePublished":"2016-05-09T02:34:41+02:00","dateModified":"2016-05-09T02:34:41+02:00","inLanguage":"es-ES","mainEntityOfPage":{"@id":"https:\/\/eldigitaldeasturias.com\/magazine365\/starwood-abrira-el-segundo-hotel-de-su-marca-aloft-en-seul-en-2017\/#webpage"},"isPartOf":{"@id":"https:\/\/eldigitaldeasturias.com\/magazine365\/starwood-abrira-el-segundo-hotel-de-su-marca-aloft-en-seul-en-2017\/#webpage"},"articleSection":"Noticias y Actualidad"},{"@type":"BreadcrumbList","@id":"https:\/\/eldigitaldeasturias.com\/magazine365\/starwood-abrira-el-segundo-hotel-de-su-marca-aloft-en-seul-en-2017\/#breadcrumblist","itemListElement":[{"@type":"ListItem","@id":"https:\/\/eldigitaldeasturias.com\/magazine365#listItem","position":1,"name":"Home","item":"https:\/\/eldigitaldeasturias.com\/magazine365","nextItem":{"@type":"ListItem","@id":"https:\/\/eldigitaldeasturias.com\/magazine365\/category\/noticias-actualidad\/#listItem","name":"Noticias y Actualidad"}},{"@type":"ListItem","@id":"https:\/\/eldigitaldeasturias.com\/magazine365\/category\/noticias-actualidad\/#listItem","position":2,"name":"Noticias y Actualidad","item":"https:\/\/eldigitaldeasturias.com\/magazine365\/category\/noticias-actualidad\/","nextItem":{"@type":"ListItem","@id":"https:\/\/eldigitaldeasturias.com\/magazine365\/starwood-abrira-el-segundo-hotel-de-su-marca-aloft-en-seul-en-2017\/#listItem","name":"Starwood abrir\u00e1 el segundo hotel de su marca Aloft en Se\u00fal en 2017"},"previousItem":{"@type":"ListItem","@id":"https:\/\/eldigitaldeasturias.com\/magazine365#listItem","name":"Home"}},{"@type":"ListItem","@id":"https:\/\/eldigitaldeasturias.com\/magazine365\/starwood-abrira-el-segundo-hotel-de-su-marca-aloft-en-seul-en-2017\/#listItem","position":3,"name":"Starwood abrir\u00e1 el segundo hotel de su marca Aloft en Se\u00fal en 2017","previousItem":{"@type":"ListItem","@id":"https:\/\/eldigitaldeasturias.com\/magazine365\/category\/noticias-actualidad\/#listItem","name":"Noticias y Actualidad"}}]},{"@type":"Organization","@id":"https:\/\/eldigitaldeasturias.com\/magazine365\/#organization","name":"El digital de Asturias","description":"Revista de ocio, turismo y estilo de vida","url":"https:\/\/eldigitaldeasturias.com\/magazine365\/","logo":{"@type":"ImageObject","url":"https:\/\/www.eldigitaldeasturias.com\/noticias\/wp-content\/uploads\/2020\/12\/EDA.jpg","@id":"https:\/\/eldigitaldeasturias.com\/magazine365\/starwood-abrira-el-segundo-hotel-de-su-marca-aloft-en-seul-en-2017\/#organizationLogo"},"image":{"@id":"https:\/\/eldigitaldeasturias.com\/magazine365\/starwood-abrira-el-segundo-hotel-de-su-marca-aloft-en-seul-en-2017\/#organizationLogo"}},{"@type":"Person","@id":"https:\/\/eldigitaldeasturias.com\/magazine365\/author\/admin\/#author","url":"https:\/\/eldigitaldeasturias.com\/magazine365\/author\/admin\/","name":"admin","image":{"@type":"ImageObject","@id":"https:\/\/eldigitaldeasturias.com\/magazine365\/starwood-abrira-el-segundo-hotel-de-su-marca-aloft-en-seul-en-2017\/#authorImage","url":"https:\/\/eldigitaldeasturias.com\/magazine365\/wp-content\/litespeed\/avatar\/e571bcf59a0edd6fa6838245a470f2fe.jpg?ver=1777574230","width":96,"height":96,"caption":"admin"}},{"@type":"WebPage","@id":"https:\/\/eldigitaldeasturias.com\/magazine365\/starwood-abrira-el-segundo-hotel-de-su-marca-aloft-en-seul-en-2017\/#webpage","url":"https:\/\/eldigitaldeasturias.com\/magazine365\/starwood-abrira-el-segundo-hotel-de-su-marca-aloft-en-seul-en-2017\/","name":"Starwood abrir\u00e1 el segundo hotel de su marca Aloft en Se\u00fal en 2017 | El Digital de Asturias","description":"La marca Aloft, perteneciente al grupo Starwood Hotels & Resorts, abrir\u00e1 su segundo hotel en Se\u00fal bajo el nombre de 'Aloft Seoul Myeongdong' en febrero de 2017, seg\u00fan ha informado la compa\u00f1\u00eda. El hotel tendr\u00e1 una capacidad de 223 habitaciones, un restaurante 24 horas, un gimnasio y servicio WiFi en todas sus instalaciones. Con esta","inLanguage":"es-ES","isPartOf":{"@id":"https:\/\/eldigitaldeasturias.com\/magazine365\/#website"},"breadcrumb":{"@id":"https:\/\/eldigitaldeasturias.com\/magazine365\/starwood-abrira-el-segundo-hotel-de-su-marca-aloft-en-seul-en-2017\/#breadcrumblist"},"author":{"@id":"https:\/\/eldigitaldeasturias.com\/magazine365\/author\/admin\/#author"},"creator":{"@id":"https:\/\/eldigitaldeasturias.com\/magazine365\/author\/admin\/#author"},"image":{"@type":"ImageObject","url":"https:\/\/eldigitaldeasturias.com\/magazine365\/wp-content\/uploads\/2016\/05\/fotonoticia_20160504155931_800.jpg","@id":"https:\/\/eldigitaldeasturias.com\/magazine365\/starwood-abrira-el-segundo-hotel-de-su-marca-aloft-en-seul-en-2017\/#mainImage","width":800,"height":558},"primaryImageOfPage":{"@id":"https:\/\/eldigitaldeasturias.com\/magazine365\/starwood-abrira-el-segundo-hotel-de-su-marca-aloft-en-seul-en-2017\/#mainImage"},"datePublished":"2016-05-09T02:34:41+02:00","dateModified":"2016-05-09T02:34:41+02:00"},{"@type":"WebSite","@id":"https:\/\/eldigitaldeasturias.com\/magazine365\/#website","url":"https:\/\/eldigitaldeasturias.com\/magazine365\/","name":"El Digital de Asturias","description":"Revista de ocio, turismo y estilo de vida","inLanguage":"es-ES","publisher":{"@id":"https:\/\/eldigitaldeasturias.com\/magazine365\/#organization"}}]},"og:locale":"es_ES","og:site_name":"El Digital de Asturias \u2013 Revista de ocio, turismo y estilo de vida","og:type":"article","og:title":"Starwood abrir\u00e1 el segundo hotel de su marca Aloft en Se\u00fal en 2017 | El Digital de Asturias","og:description":"La marca Aloft, perteneciente al grupo Starwood Hotels &amp; Resorts, abrir\u00e1 su segundo hotel en Se\u00fal bajo el nombre de 'Aloft Seoul Myeongdong' en febrero de 2017, seg\u00fan ha informado la compa\u00f1\u00eda. El hotel tendr\u00e1 una capacidad de 223 habitaciones, un restaurante 24 horas, un gimnasio y servicio WiFi en todas sus instalaciones. Con esta","og:url":"https:\/\/eldigitaldeasturias.com\/magazine365\/starwood-abrira-el-segundo-hotel-de-su-marca-aloft-en-seul-en-2017\/","og:image":"https:\/\/eldigitaldeasturias.com\/magazine365\/wp-content\/uploads\/2016\/05\/fotonoticia_20160504155931_800.jpg","og:image:secure_url":"https:\/\/eldigitaldeasturias.com\/magazine365\/wp-content\/uploads\/2016\/05\/fotonoticia_20160504155931_800.jpg","og:image:width":800,"og:image:height":558,"article:published_time":"2016-05-09T00:34:41+00:00","article:modified_time":"2016-05-09T00:34:41+00:00","twitter:card":"summary_large_image","twitter:title":"Starwood abrir\u00e1 el segundo hotel de su marca Aloft en Se\u00fal en 2017 | El Digital de Asturias","twitter:description":"La marca Aloft, perteneciente al grupo Starwood Hotels &amp; Resorts, abrir\u00e1 su segundo hotel en Se\u00fal bajo el nombre de 'Aloft Seoul Myeongdong' en febrero de 2017, seg\u00fan ha informado la compa\u00f1\u00eda. El hotel tendr\u00e1 una capacidad de 223 habitaciones, un restaurante 24 horas, un gimnasio y servicio WiFi en todas sus instalaciones. Con esta","twitter:image":"https:\/\/eldigitaldeasturias.com\/magazine365\/wp-content\/uploads\/2016\/05\/fotonoticia_20160504155931_800.jpg"},"aioseo_meta_data":{"post_id":"75988","title":null,"description":null,"keywords":null,"keyphrases":null,"primary_term":null,"canonical_url":null,"og_title":null,"og_description":null,"og_object_type":"default","og_image_type":"default","og_image_url":null,"og_image_width":null,"og_image_height":null,"og_image_custom_url":null,"og_image_custom_fields":null,"og_video":null,"og_custom_url":null,"og_article_section":null,"og_article_tags":null,"twitter_use_og":false,"twitter_card":"default","twitter_image_type":"default","twitter_image_url":null,"twitter_image_custom_url":null,"twitter_image_custom_fields":null,"twitter_title":null,"twitter_description":null,"schema":{"blockGraphs":[],"customGraphs":[],"default":{"data":{"Article":[],"Course":[],"Dataset":[],"FAQPage":[],"Movie":[],"Person":[],"Product":[],"ProductReview":[],"Car":[],"Recipe":[],"Service":[],"SoftwareApplication":[],"WebPage":[]},"graphName":"","isEnabled":true},"graphs":[],"defaultGraph":"","defaultPostTypeGraph":""},"schema_type":null,"schema_type_options":null,"pillar_content":false,"robots_default":true,"robots_noindex":false,"robots_noarchive":false,"robots_nosnippet":false,"robots_nofollow":false,"robots_noimageindex":false,"robots_noodp":false,"robots_notranslate":false,"robots_max_snippet":null,"robots_max_videopreview":null,"robots_max_imagepreview":"large","priority":null,"frequency":null,"location":null,"local_seo":null,"seo_analyzer_scan_date":"2025-09-27 11:37:08","breadcrumb_settings":null,"limit_modified_date":false,"open_ai":null,"ai":null,"created":"2021-03-08 18:33:54","updated":"2025-09-27 11:37:08"},"aioseo_breadcrumb":"<div class=\"aioseo-breadcrumbs\"><span class=\"aioseo-breadcrumb\">\n\t<a href=\"https:\/\/eldigitaldeasturias.com\/magazine365\" title=\"Home\">Home<\/a>\n<\/span><span class=\"aioseo-breadcrumb-separator\">\u2013<\/span><span class=\"aioseo-breadcrumb\">\n\t<a href=\"https:\/\/eldigitaldeasturias.com\/magazine365\/category\/noticias-actualidad\/\" title=\"Noticias y Actualidad\">Noticias y Actualidad<\/a>\n<\/span><span class=\"aioseo-breadcrumb-separator\">\u2013<\/span><span class=\"aioseo-breadcrumb\">\n\t<a href=\"https:\/\/eldigitaldeasturias.com\/magazine365\/starwood-abrira-el-segundo-hotel-de-su-marca-aloft-en-seul-en-2017\/\" title=\"Starwood abrir\u00e1 el segundo hotel de su marca Aloft en Se\u00fal en 2017\">Starwood abrir\u00e1 el segundo hotel de su marca Aloft en Se\u00fal en 2017<\/a>\n<\/span><\/div>","aioseo_breadcrumb_json":[{"label":"Home","link":"https:\/\/eldigitaldeasturias.com\/magazine365"},{"label":"Noticias y Actualidad","link":"https:\/\/eldigitaldeasturias.com\/magazine365\/category\/noticias-actualidad\/"},{"label":"Starwood abrir\u00e1 el segundo hotel de su marca Aloft en Se\u00fal en 2017","link":"https:\/\/eldigitaldeasturias.com\/magazine365\/starwood-abrira-el-segundo-hotel-de-su-marca-aloft-en-seul-en-2017\/"}],"_links":{"self":[{"href":"https:\/\/eldigitaldeasturias.com\/magazine365\/wp-json\/wp\/v2\/posts\/75988","targetHints":{"allow":["GET"]}}],"collection":[{"href":"https:\/\/eldigitaldeasturias.com\/magazine365\/wp-json\/wp\/v2\/posts"}],"about":[{"href":"https:\/\/eldigitaldeasturias.com\/magazine365\/wp-json\/wp\/v2\/types\/post"}],"author":[{"embeddable":true,"href":"https:\/\/eldigitaldeasturias.com\/magazine365\/wp-json\/wp\/v2\/users\/1"}],"replies":[{"embeddable":true,"href":"https:\/\/eldigitaldeasturias.com\/magazine365\/wp-json\/wp\/v2\/comments?post=75988"}],"version-history":[{"count":0,"href":"https:\/\/eldigitaldeasturias.com\/magazine365\/wp-json\/wp\/v2\/posts\/75988\/revisions"}],"wp:featuredmedia":[{"embeddable":true,"href":"https:\/\/eldigitaldeasturias.com\/magazine365\/wp-json\/wp\/v2\/media\/75989"}],"wp:attachment":[{"href":"https:\/\/eldigitaldeasturias.com\/magazine365\/wp-json\/wp\/v2\/media?parent=75988"}],"wp:term":[{"taxonomy":"category","embeddable":true,"href":"https:\/\/eldigitaldeasturias.com\/magazine365\/wp-json\/wp\/v2\/categories?post=75988"},{"taxonomy":"post_tag","embeddable":true,"href":"https:\/\/eldigitaldeasturias.com\/magazine365\/wp-json\/wp\/v2\/tags?post=75988"}],"curies":[{"name":"wp","href":"https:\/\/api.w.org\/{rel}","templated":true}]}}