{"id":75961,"date":"2016-05-08T14:01:06","date_gmt":"2016-05-08T12:01:06","guid":{"rendered":"http:\/\/eldigitaldeasturias.com\/magazine365\/?p=75961"},"modified":"2016-05-08T14:01:06","modified_gmt":"2016-05-08T12:01:06","slug":"infojobs-recuerda-que-el-periodo-de-marzo-a-julio-es-historicamente-bueno-para-el-empleo-por-el-turismo","status":"publish","type":"post","link":"https:\/\/eldigitaldeasturias.com\/magazine365\/infojobs-recuerda-que-el-periodo-de-marzo-a-julio-es-historicamente-bueno-para-el-empleo-por-el-turismo\/","title":{"rendered":"InfoJobs recuerda que el periodo de marzo a julio es hist\u00f3ricamente bueno para el empleo por el turismo"},"content":{"rendered":"<p><img fetchpriority=\"high\" decoding=\"async\" class=\"alignleft size-medium wp-image-75962\" src=\"https:\/\/eldigitaldeasturias.com\/magazine365\/wp-content\/uploads\/2016\/05\/fotonoticia_20160504123223_800-360x240.jpg\" alt=\"fotonoticia_20160504123223_800\" width=\"360\" height=\"240\" srcset=\"https:\/\/eldigitaldeasturias.com\/magazine365\/wp-content\/uploads\/2016\/05\/fotonoticia_20160504123223_800-360x240.jpg 360w, https:\/\/eldigitaldeasturias.com\/magazine365\/wp-content\/uploads\/2016\/05\/fotonoticia_20160504123223_800-650x433.jpg 650w, https:\/\/eldigitaldeasturias.com\/magazine365\/wp-content\/uploads\/2016\/05\/fotonoticia_20160504123223_800-768x512.jpg 768w, https:\/\/eldigitaldeasturias.com\/magazine365\/wp-content\/uploads\/2016\/05\/fotonoticia_20160504123223_800-150x100.jpg 150w, https:\/\/eldigitaldeasturias.com\/magazine365\/wp-content\/uploads\/2016\/05\/fotonoticia_20160504123223_800-450x300.jpg 450w, https:\/\/eldigitaldeasturias.com\/magazine365\/wp-content\/uploads\/2016\/05\/fotonoticia_20160504123223_800-101x66.jpg 101w, https:\/\/eldigitaldeasturias.com\/magazine365\/wp-content\/uploads\/2016\/05\/fotonoticia_20160504123223_800.jpg 800w\" sizes=\"(max-width: 360px) 100vw, 360px\" \/>El portal de empleo InfoJobs ha recordado este mi\u00e9rcoles, tras la publicaci\u00f3n de los datos de paro y afiliaci\u00f3n de abril, que los meses comprendidos entre marzo y julio son hist\u00f3ricamente los m\u00e1s favorables para el empleo gracias a la pujanza del sector tur\u00edstico.<\/p>\n<p>InfoJobs ha llamado la atenci\u00f3n sobre el hecho de que, en t\u00e9rminos interanuales, el desempleo se haya reducido mucho m\u00e1s entre los hombres (-9,81%) que entre las mujeres (-5,38%).<\/p>\n<p>\u00abNo es un fen\u00f3meno nuevo: la evoluci\u00f3n hist\u00f3rica del mercado laboral espa\u00f1ol muestra que el problema viene de lejos. Pero lo que s\u00ed que se\u00f1alan estos \u00faltimos datos es que la tendencia de creaci\u00f3n de empleo actual repite el mismo patr\u00f3n de comportamiento y que, si no se act\u00faa, persistir\u00e1 la desigualdad entre hombres y mujeres a la hora de encontrar trabajo\u00bb, ha advertido el portal de empleo.<\/p>\n<p>Para avanzar en la soluci\u00f3n de este problema, InfoJobs apuesta por medidas de conciliaci\u00f3n, persecuci\u00f3n de las pr\u00e1cticas machistas en los procesos de selecci\u00f3n y la promoci\u00f3n de una cultura igualitaria en materia laboral.<\/p>\n","protected":false},"excerpt":{"rendered":"<p>El portal de empleo InfoJobs ha recordado este mi\u00e9rcoles, tras la publicaci\u00f3n de los datos de paro y afiliaci\u00f3n de abril, que los meses comprendidos entre marzo y julio son hist\u00f3ricamente los m\u00e1s favorables para el empleo gracias a la pujanza del sector tur\u00edstico. InfoJobs ha llamado la atenci\u00f3n sobre el hecho de que, en<\/p>\n","protected":false},"author":1,"featured_media":75962,"comment_status":"open","ping_status":"closed","sticky":false,"template":"","format":"standard","meta":{"footnotes":""},"categories":[224],"tags":[],"class_list":{"0":"post-75961","1":"post","2":"type-post","3":"status-publish","4":"format-standard","5":"has-post-thumbnail","7":"category-noticias-actualidad"},"aioseo_notices":[],"aioseo_head":"\n\t\t<!-- All in One SEO Pro 4.9.6.1 - aioseo.com -->\n\t<meta name=\"description\" content=\"El portal de empleo InfoJobs ha recordado este mi\u00e9rcoles, tras la publicaci\u00f3n de los datos de paro y afiliaci\u00f3n de abril, que los meses comprendidos entre marzo y julio son hist\u00f3ricamente los m\u00e1s favorables para el empleo gracias a la pujanza del sector tur\u00edstico. InfoJobs ha llamado la atenci\u00f3n sobre el hecho de que, en\" \/>\n\t<meta name=\"robots\" content=\"max-image-preview:large\" \/>\n\t<meta name=\"author\" content=\"admin\"\/>\n\t<meta name=\"google-site-verification\" content=\"UA-38556648-1\" \/>\n\t<meta name=\"keywords\" content=\"noticias y actualidad\" \/>\n\t<link rel=\"canonical\" href=\"https:\/\/eldigitaldeasturias.com\/magazine365\/infojobs-recuerda-que-el-periodo-de-marzo-a-julio-es-historicamente-bueno-para-el-empleo-por-el-turismo\/\" \/>\n\t<meta name=\"generator\" content=\"All in One SEO Pro (AIOSEO) 4.9.6.1\" \/>\n\t\t<meta property=\"og:locale\" content=\"es_ES\" \/>\n\t\t<meta property=\"og:site_name\" content=\"El Digital de Asturias \u2013 Revista de ocio, turismo y estilo de vida\" \/>\n\t\t<meta property=\"og:type\" content=\"article\" \/>\n\t\t<meta property=\"og:title\" content=\"InfoJobs recuerda que el periodo de marzo a julio es hist\u00f3ricamente bueno para el empleo por el turismo | El Digital de Asturias\" \/>\n\t\t<meta property=\"og:description\" content=\"El portal de empleo InfoJobs ha recordado este mi\u00e9rcoles, tras la publicaci\u00f3n de los datos de paro y afiliaci\u00f3n de abril, que los meses comprendidos entre marzo y julio son hist\u00f3ricamente los m\u00e1s favorables para el empleo gracias a la pujanza del sector tur\u00edstico. InfoJobs ha llamado la atenci\u00f3n sobre el hecho de que, en\" \/>\n\t\t<meta property=\"og:url\" content=\"https:\/\/eldigitaldeasturias.com\/magazine365\/infojobs-recuerda-que-el-periodo-de-marzo-a-julio-es-historicamente-bueno-para-el-empleo-por-el-turismo\/\" \/>\n\t\t<meta property=\"og:image\" content=\"https:\/\/eldigitaldeasturias.com\/magazine365\/wp-content\/uploads\/2016\/05\/fotonoticia_20160504123223_800.jpg\" \/>\n\t\t<meta property=\"og:image:secure_url\" content=\"https:\/\/eldigitaldeasturias.com\/magazine365\/wp-content\/uploads\/2016\/05\/fotonoticia_20160504123223_800.jpg\" \/>\n\t\t<meta property=\"og:image:width\" content=\"800\" \/>\n\t\t<meta property=\"og:image:height\" content=\"533\" \/>\n\t\t<meta property=\"article:published_time\" content=\"2016-05-08T12:01:06+00:00\" \/>\n\t\t<meta property=\"article:modified_time\" content=\"2016-05-08T12:01:06+00:00\" \/>\n\t\t<meta name=\"twitter:card\" content=\"summary_large_image\" \/>\n\t\t<meta name=\"twitter:title\" content=\"InfoJobs recuerda que el periodo de marzo a julio es hist\u00f3ricamente bueno para el empleo por el turismo | El Digital de Asturias\" \/>\n\t\t<meta name=\"twitter:description\" content=\"El portal de empleo InfoJobs ha recordado este mi\u00e9rcoles, tras la publicaci\u00f3n de los datos de paro y afiliaci\u00f3n de abril, que los meses comprendidos entre marzo y julio son hist\u00f3ricamente los m\u00e1s favorables para el empleo gracias a la pujanza del sector tur\u00edstico. InfoJobs ha llamado la atenci\u00f3n sobre el hecho de que, en\" \/>\n\t\t<meta name=\"twitter:image\" content=\"https:\/\/eldigitaldeasturias.com\/magazine365\/wp-content\/uploads\/2016\/05\/fotonoticia_20160504123223_800.jpg\" \/>\n\t\t<script type=\"application\/ld+json\" class=\"aioseo-schema\">\n\t\t\t{\"@context\":\"https:\\\/\\\/schema.org\",\"@graph\":[{\"@type\":\"Article\",\"@id\":\"https:\\\/\\\/eldigitaldeasturias.com\\\/magazine365\\\/infojobs-recuerda-que-el-periodo-de-marzo-a-julio-es-historicamente-bueno-para-el-empleo-por-el-turismo\\\/#article\",\"name\":\"InfoJobs recuerda que el periodo de marzo a julio es hist\\u00f3ricamente bueno para el empleo por el turismo | El Digital de Asturias\",\"headline\":\"InfoJobs recuerda que el periodo de marzo a julio es hist\\u00f3ricamente bueno para el empleo por el turismo\",\"author\":{\"@id\":\"https:\\\/\\\/eldigitaldeasturias.com\\\/magazine365\\\/author\\\/admin\\\/#author\"},\"publisher\":{\"@id\":\"https:\\\/\\\/eldigitaldeasturias.com\\\/magazine365\\\/#organization\"},\"image\":{\"@type\":\"ImageObject\",\"url\":\"https:\\\/\\\/eldigitaldeasturias.com\\\/magazine365\\\/wp-content\\\/uploads\\\/2016\\\/05\\\/fotonoticia_20160504123223_800.jpg\",\"width\":800,\"height\":533},\"datePublished\":\"2016-05-08T14:01:06+02:00\",\"dateModified\":\"2016-05-08T14:01:06+02:00\",\"inLanguage\":\"es-ES\",\"mainEntityOfPage\":{\"@id\":\"https:\\\/\\\/eldigitaldeasturias.com\\\/magazine365\\\/infojobs-recuerda-que-el-periodo-de-marzo-a-julio-es-historicamente-bueno-para-el-empleo-por-el-turismo\\\/#webpage\"},\"isPartOf\":{\"@id\":\"https:\\\/\\\/eldigitaldeasturias.com\\\/magazine365\\\/infojobs-recuerda-que-el-periodo-de-marzo-a-julio-es-historicamente-bueno-para-el-empleo-por-el-turismo\\\/#webpage\"},\"articleSection\":\"Noticias y Actualidad\"},{\"@type\":\"BreadcrumbList\",\"@id\":\"https:\\\/\\\/eldigitaldeasturias.com\\\/magazine365\\\/infojobs-recuerda-que-el-periodo-de-marzo-a-julio-es-historicamente-bueno-para-el-empleo-por-el-turismo\\\/#breadcrumblist\",\"itemListElement\":[{\"@type\":\"ListItem\",\"@id\":\"https:\\\/\\\/eldigitaldeasturias.com\\\/magazine365#listItem\",\"position\":1,\"name\":\"Home\",\"item\":\"https:\\\/\\\/eldigitaldeasturias.com\\\/magazine365\",\"nextItem\":{\"@type\":\"ListItem\",\"@id\":\"https:\\\/\\\/eldigitaldeasturias.com\\\/magazine365\\\/category\\\/noticias-actualidad\\\/#listItem\",\"name\":\"Noticias y Actualidad\"}},{\"@type\":\"ListItem\",\"@id\":\"https:\\\/\\\/eldigitaldeasturias.com\\\/magazine365\\\/category\\\/noticias-actualidad\\\/#listItem\",\"position\":2,\"name\":\"Noticias y Actualidad\",\"item\":\"https:\\\/\\\/eldigitaldeasturias.com\\\/magazine365\\\/category\\\/noticias-actualidad\\\/\",\"nextItem\":{\"@type\":\"ListItem\",\"@id\":\"https:\\\/\\\/eldigitaldeasturias.com\\\/magazine365\\\/infojobs-recuerda-que-el-periodo-de-marzo-a-julio-es-historicamente-bueno-para-el-empleo-por-el-turismo\\\/#listItem\",\"name\":\"InfoJobs recuerda que el periodo de marzo a julio es hist\\u00f3ricamente bueno para el empleo por el turismo\"},\"previousItem\":{\"@type\":\"ListItem\",\"@id\":\"https:\\\/\\\/eldigitaldeasturias.com\\\/magazine365#listItem\",\"name\":\"Home\"}},{\"@type\":\"ListItem\",\"@id\":\"https:\\\/\\\/eldigitaldeasturias.com\\\/magazine365\\\/infojobs-recuerda-que-el-periodo-de-marzo-a-julio-es-historicamente-bueno-para-el-empleo-por-el-turismo\\\/#listItem\",\"position\":3,\"name\":\"InfoJobs recuerda que el periodo de marzo a julio es hist\\u00f3ricamente bueno para el empleo por el turismo\",\"previousItem\":{\"@type\":\"ListItem\",\"@id\":\"https:\\\/\\\/eldigitaldeasturias.com\\\/magazine365\\\/category\\\/noticias-actualidad\\\/#listItem\",\"name\":\"Noticias y Actualidad\"}}]},{\"@type\":\"Organization\",\"@id\":\"https:\\\/\\\/eldigitaldeasturias.com\\\/magazine365\\\/#organization\",\"name\":\"El digital de Asturias\",\"description\":\"Revista de ocio, turismo y estilo de vida\",\"url\":\"https:\\\/\\\/eldigitaldeasturias.com\\\/magazine365\\\/\",\"logo\":{\"@type\":\"ImageObject\",\"url\":\"https:\\\/\\\/www.eldigitaldeasturias.com\\\/noticias\\\/wp-content\\\/uploads\\\/2020\\\/12\\\/EDA.jpg\",\"@id\":\"https:\\\/\\\/eldigitaldeasturias.com\\\/magazine365\\\/infojobs-recuerda-que-el-periodo-de-marzo-a-julio-es-historicamente-bueno-para-el-empleo-por-el-turismo\\\/#organizationLogo\"},\"image\":{\"@id\":\"https:\\\/\\\/eldigitaldeasturias.com\\\/magazine365\\\/infojobs-recuerda-que-el-periodo-de-marzo-a-julio-es-historicamente-bueno-para-el-empleo-por-el-turismo\\\/#organizationLogo\"}},{\"@type\":\"Person\",\"@id\":\"https:\\\/\\\/eldigitaldeasturias.com\\\/magazine365\\\/author\\\/admin\\\/#author\",\"url\":\"https:\\\/\\\/eldigitaldeasturias.com\\\/magazine365\\\/author\\\/admin\\\/\",\"name\":\"admin\",\"image\":{\"@type\":\"ImageObject\",\"@id\":\"https:\\\/\\\/eldigitaldeasturias.com\\\/magazine365\\\/infojobs-recuerda-que-el-periodo-de-marzo-a-julio-es-historicamente-bueno-para-el-empleo-por-el-turismo\\\/#authorImage\",\"url\":\"https:\\\/\\\/eldigitaldeasturias.com\\\/magazine365\\\/wp-content\\\/litespeed\\\/avatar\\\/e571bcf59a0edd6fa6838245a470f2fe.jpg?ver=1777574230\",\"width\":96,\"height\":96,\"caption\":\"admin\"}},{\"@type\":\"WebPage\",\"@id\":\"https:\\\/\\\/eldigitaldeasturias.com\\\/magazine365\\\/infojobs-recuerda-que-el-periodo-de-marzo-a-julio-es-historicamente-bueno-para-el-empleo-por-el-turismo\\\/#webpage\",\"url\":\"https:\\\/\\\/eldigitaldeasturias.com\\\/magazine365\\\/infojobs-recuerda-que-el-periodo-de-marzo-a-julio-es-historicamente-bueno-para-el-empleo-por-el-turismo\\\/\",\"name\":\"InfoJobs recuerda que el periodo de marzo a julio es hist\\u00f3ricamente bueno para el empleo por el turismo | El Digital de Asturias\",\"description\":\"El portal de empleo InfoJobs ha recordado este mi\\u00e9rcoles, tras la publicaci\\u00f3n de los datos de paro y afiliaci\\u00f3n de abril, que los meses comprendidos entre marzo y julio son hist\\u00f3ricamente los m\\u00e1s favorables para el empleo gracias a la pujanza del sector tur\\u00edstico. InfoJobs ha llamado la atenci\\u00f3n sobre el hecho de que, en\",\"inLanguage\":\"es-ES\",\"isPartOf\":{\"@id\":\"https:\\\/\\\/eldigitaldeasturias.com\\\/magazine365\\\/#website\"},\"breadcrumb\":{\"@id\":\"https:\\\/\\\/eldigitaldeasturias.com\\\/magazine365\\\/infojobs-recuerda-que-el-periodo-de-marzo-a-julio-es-historicamente-bueno-para-el-empleo-por-el-turismo\\\/#breadcrumblist\"},\"author\":{\"@id\":\"https:\\\/\\\/eldigitaldeasturias.com\\\/magazine365\\\/author\\\/admin\\\/#author\"},\"creator\":{\"@id\":\"https:\\\/\\\/eldigitaldeasturias.com\\\/magazine365\\\/author\\\/admin\\\/#author\"},\"image\":{\"@type\":\"ImageObject\",\"url\":\"https:\\\/\\\/eldigitaldeasturias.com\\\/magazine365\\\/wp-content\\\/uploads\\\/2016\\\/05\\\/fotonoticia_20160504123223_800.jpg\",\"@id\":\"https:\\\/\\\/eldigitaldeasturias.com\\\/magazine365\\\/infojobs-recuerda-que-el-periodo-de-marzo-a-julio-es-historicamente-bueno-para-el-empleo-por-el-turismo\\\/#mainImage\",\"width\":800,\"height\":533},\"primaryImageOfPage\":{\"@id\":\"https:\\\/\\\/eldigitaldeasturias.com\\\/magazine365\\\/infojobs-recuerda-que-el-periodo-de-marzo-a-julio-es-historicamente-bueno-para-el-empleo-por-el-turismo\\\/#mainImage\"},\"datePublished\":\"2016-05-08T14:01:06+02:00\",\"dateModified\":\"2016-05-08T14:01:06+02:00\"},{\"@type\":\"WebSite\",\"@id\":\"https:\\\/\\\/eldigitaldeasturias.com\\\/magazine365\\\/#website\",\"url\":\"https:\\\/\\\/eldigitaldeasturias.com\\\/magazine365\\\/\",\"name\":\"El Digital de Asturias\",\"description\":\"Revista de ocio, turismo y estilo de vida\",\"inLanguage\":\"es-ES\",\"publisher\":{\"@id\":\"https:\\\/\\\/eldigitaldeasturias.com\\\/magazine365\\\/#organization\"}}]}\n\t\t<\/script>\n\t\t<!-- All in One SEO Pro -->\r\n\t\t<title>InfoJobs recuerda que el periodo de marzo a julio es hist\u00f3ricamente bueno para el empleo por el turismo | El Digital de Asturias<\/title>\n\n","aioseo_head_json":{"title":"InfoJobs recuerda que el periodo de marzo a julio es hist\u00f3ricamente bueno para el empleo por el turismo | El Digital de Asturias","description":"El portal de empleo InfoJobs ha recordado este mi\u00e9rcoles, tras la publicaci\u00f3n de los datos de paro y afiliaci\u00f3n de abril, que los meses comprendidos entre marzo y julio son hist\u00f3ricamente los m\u00e1s favorables para el empleo gracias a la pujanza del sector tur\u00edstico. InfoJobs ha llamado la atenci\u00f3n sobre el hecho de que, en","canonical_url":"https:\/\/eldigitaldeasturias.com\/magazine365\/infojobs-recuerda-que-el-periodo-de-marzo-a-julio-es-historicamente-bueno-para-el-empleo-por-el-turismo\/","robots":"max-image-preview:large","keywords":"noticias y actualidad","webmasterTools":{"google-site-verification":"UA-38556648-1","miscellaneous":""},"schema":{"@context":"https:\/\/schema.org","@graph":[{"@type":"Article","@id":"https:\/\/eldigitaldeasturias.com\/magazine365\/infojobs-recuerda-que-el-periodo-de-marzo-a-julio-es-historicamente-bueno-para-el-empleo-por-el-turismo\/#article","name":"InfoJobs recuerda que el periodo de marzo a julio es hist\u00f3ricamente bueno para el empleo por el turismo | El Digital de Asturias","headline":"InfoJobs recuerda que el periodo de marzo a julio es hist\u00f3ricamente bueno para el empleo por el turismo","author":{"@id":"https:\/\/eldigitaldeasturias.com\/magazine365\/author\/admin\/#author"},"publisher":{"@id":"https:\/\/eldigitaldeasturias.com\/magazine365\/#organization"},"image":{"@type":"ImageObject","url":"https:\/\/eldigitaldeasturias.com\/magazine365\/wp-content\/uploads\/2016\/05\/fotonoticia_20160504123223_800.jpg","width":800,"height":533},"datePublished":"2016-05-08T14:01:06+02:00","dateModified":"2016-05-08T14:01:06+02:00","inLanguage":"es-ES","mainEntityOfPage":{"@id":"https:\/\/eldigitaldeasturias.com\/magazine365\/infojobs-recuerda-que-el-periodo-de-marzo-a-julio-es-historicamente-bueno-para-el-empleo-por-el-turismo\/#webpage"},"isPartOf":{"@id":"https:\/\/eldigitaldeasturias.com\/magazine365\/infojobs-recuerda-que-el-periodo-de-marzo-a-julio-es-historicamente-bueno-para-el-empleo-por-el-turismo\/#webpage"},"articleSection":"Noticias y Actualidad"},{"@type":"BreadcrumbList","@id":"https:\/\/eldigitaldeasturias.com\/magazine365\/infojobs-recuerda-que-el-periodo-de-marzo-a-julio-es-historicamente-bueno-para-el-empleo-por-el-turismo\/#breadcrumblist","itemListElement":[{"@type":"ListItem","@id":"https:\/\/eldigitaldeasturias.com\/magazine365#listItem","position":1,"name":"Home","item":"https:\/\/eldigitaldeasturias.com\/magazine365","nextItem":{"@type":"ListItem","@id":"https:\/\/eldigitaldeasturias.com\/magazine365\/category\/noticias-actualidad\/#listItem","name":"Noticias y Actualidad"}},{"@type":"ListItem","@id":"https:\/\/eldigitaldeasturias.com\/magazine365\/category\/noticias-actualidad\/#listItem","position":2,"name":"Noticias y Actualidad","item":"https:\/\/eldigitaldeasturias.com\/magazine365\/category\/noticias-actualidad\/","nextItem":{"@type":"ListItem","@id":"https:\/\/eldigitaldeasturias.com\/magazine365\/infojobs-recuerda-que-el-periodo-de-marzo-a-julio-es-historicamente-bueno-para-el-empleo-por-el-turismo\/#listItem","name":"InfoJobs recuerda que el periodo de marzo a julio es hist\u00f3ricamente bueno para el empleo por el turismo"},"previousItem":{"@type":"ListItem","@id":"https:\/\/eldigitaldeasturias.com\/magazine365#listItem","name":"Home"}},{"@type":"ListItem","@id":"https:\/\/eldigitaldeasturias.com\/magazine365\/infojobs-recuerda-que-el-periodo-de-marzo-a-julio-es-historicamente-bueno-para-el-empleo-por-el-turismo\/#listItem","position":3,"name":"InfoJobs recuerda que el periodo de marzo a julio es hist\u00f3ricamente bueno para el empleo por el turismo","previousItem":{"@type":"ListItem","@id":"https:\/\/eldigitaldeasturias.com\/magazine365\/category\/noticias-actualidad\/#listItem","name":"Noticias y Actualidad"}}]},{"@type":"Organization","@id":"https:\/\/eldigitaldeasturias.com\/magazine365\/#organization","name":"El digital de Asturias","description":"Revista de ocio, turismo y estilo de vida","url":"https:\/\/eldigitaldeasturias.com\/magazine365\/","logo":{"@type":"ImageObject","url":"https:\/\/www.eldigitaldeasturias.com\/noticias\/wp-content\/uploads\/2020\/12\/EDA.jpg","@id":"https:\/\/eldigitaldeasturias.com\/magazine365\/infojobs-recuerda-que-el-periodo-de-marzo-a-julio-es-historicamente-bueno-para-el-empleo-por-el-turismo\/#organizationLogo"},"image":{"@id":"https:\/\/eldigitaldeasturias.com\/magazine365\/infojobs-recuerda-que-el-periodo-de-marzo-a-julio-es-historicamente-bueno-para-el-empleo-por-el-turismo\/#organizationLogo"}},{"@type":"Person","@id":"https:\/\/eldigitaldeasturias.com\/magazine365\/author\/admin\/#author","url":"https:\/\/eldigitaldeasturias.com\/magazine365\/author\/admin\/","name":"admin","image":{"@type":"ImageObject","@id":"https:\/\/eldigitaldeasturias.com\/magazine365\/infojobs-recuerda-que-el-periodo-de-marzo-a-julio-es-historicamente-bueno-para-el-empleo-por-el-turismo\/#authorImage","url":"https:\/\/eldigitaldeasturias.com\/magazine365\/wp-content\/litespeed\/avatar\/e571bcf59a0edd6fa6838245a470f2fe.jpg?ver=1777574230","width":96,"height":96,"caption":"admin"}},{"@type":"WebPage","@id":"https:\/\/eldigitaldeasturias.com\/magazine365\/infojobs-recuerda-que-el-periodo-de-marzo-a-julio-es-historicamente-bueno-para-el-empleo-por-el-turismo\/#webpage","url":"https:\/\/eldigitaldeasturias.com\/magazine365\/infojobs-recuerda-que-el-periodo-de-marzo-a-julio-es-historicamente-bueno-para-el-empleo-por-el-turismo\/","name":"InfoJobs recuerda que el periodo de marzo a julio es hist\u00f3ricamente bueno para el empleo por el turismo | El Digital de Asturias","description":"El portal de empleo InfoJobs ha recordado este mi\u00e9rcoles, tras la publicaci\u00f3n de los datos de paro y afiliaci\u00f3n de abril, que los meses comprendidos entre marzo y julio son hist\u00f3ricamente los m\u00e1s favorables para el empleo gracias a la pujanza del sector tur\u00edstico. InfoJobs ha llamado la atenci\u00f3n sobre el hecho de que, en","inLanguage":"es-ES","isPartOf":{"@id":"https:\/\/eldigitaldeasturias.com\/magazine365\/#website"},"breadcrumb":{"@id":"https:\/\/eldigitaldeasturias.com\/magazine365\/infojobs-recuerda-que-el-periodo-de-marzo-a-julio-es-historicamente-bueno-para-el-empleo-por-el-turismo\/#breadcrumblist"},"author":{"@id":"https:\/\/eldigitaldeasturias.com\/magazine365\/author\/admin\/#author"},"creator":{"@id":"https:\/\/eldigitaldeasturias.com\/magazine365\/author\/admin\/#author"},"image":{"@type":"ImageObject","url":"https:\/\/eldigitaldeasturias.com\/magazine365\/wp-content\/uploads\/2016\/05\/fotonoticia_20160504123223_800.jpg","@id":"https:\/\/eldigitaldeasturias.com\/magazine365\/infojobs-recuerda-que-el-periodo-de-marzo-a-julio-es-historicamente-bueno-para-el-empleo-por-el-turismo\/#mainImage","width":800,"height":533},"primaryImageOfPage":{"@id":"https:\/\/eldigitaldeasturias.com\/magazine365\/infojobs-recuerda-que-el-periodo-de-marzo-a-julio-es-historicamente-bueno-para-el-empleo-por-el-turismo\/#mainImage"},"datePublished":"2016-05-08T14:01:06+02:00","dateModified":"2016-05-08T14:01:06+02:00"},{"@type":"WebSite","@id":"https:\/\/eldigitaldeasturias.com\/magazine365\/#website","url":"https:\/\/eldigitaldeasturias.com\/magazine365\/","name":"El Digital de Asturias","description":"Revista de ocio, turismo y estilo de vida","inLanguage":"es-ES","publisher":{"@id":"https:\/\/eldigitaldeasturias.com\/magazine365\/#organization"}}]},"og:locale":"es_ES","og:site_name":"El Digital de Asturias \u2013 Revista de ocio, turismo y estilo de vida","og:type":"article","og:title":"InfoJobs recuerda que el periodo de marzo a julio es hist\u00f3ricamente bueno para el empleo por el turismo | El Digital de Asturias","og:description":"El portal de empleo InfoJobs ha recordado este mi\u00e9rcoles, tras la publicaci\u00f3n de los datos de paro y afiliaci\u00f3n de abril, que los meses comprendidos entre marzo y julio son hist\u00f3ricamente los m\u00e1s favorables para el empleo gracias a la pujanza del sector tur\u00edstico. InfoJobs ha llamado la atenci\u00f3n sobre el hecho de que, en","og:url":"https:\/\/eldigitaldeasturias.com\/magazine365\/infojobs-recuerda-que-el-periodo-de-marzo-a-julio-es-historicamente-bueno-para-el-empleo-por-el-turismo\/","og:image":"https:\/\/eldigitaldeasturias.com\/magazine365\/wp-content\/uploads\/2016\/05\/fotonoticia_20160504123223_800.jpg","og:image:secure_url":"https:\/\/eldigitaldeasturias.com\/magazine365\/wp-content\/uploads\/2016\/05\/fotonoticia_20160504123223_800.jpg","og:image:width":800,"og:image:height":533,"article:published_time":"2016-05-08T12:01:06+00:00","article:modified_time":"2016-05-08T12:01:06+00:00","twitter:card":"summary_large_image","twitter:title":"InfoJobs recuerda que el periodo de marzo a julio es hist\u00f3ricamente bueno para el empleo por el turismo | El Digital de Asturias","twitter:description":"El portal de empleo InfoJobs ha recordado este mi\u00e9rcoles, tras la publicaci\u00f3n de los datos de paro y afiliaci\u00f3n de abril, que los meses comprendidos entre marzo y julio son hist\u00f3ricamente los m\u00e1s favorables para el empleo gracias a la pujanza del sector tur\u00edstico. InfoJobs ha llamado la atenci\u00f3n sobre el hecho de que, en","twitter:image":"https:\/\/eldigitaldeasturias.com\/magazine365\/wp-content\/uploads\/2016\/05\/fotonoticia_20160504123223_800.jpg"},"aioseo_meta_data":{"post_id":"75961","title":null,"description":null,"keywords":null,"keyphrases":null,"primary_term":null,"canonical_url":null,"og_title":null,"og_description":null,"og_object_type":"default","og_image_type":"default","og_image_url":null,"og_image_width":null,"og_image_height":null,"og_image_custom_url":null,"og_image_custom_fields":null,"og_video":null,"og_custom_url":null,"og_article_section":null,"og_article_tags":null,"twitter_use_og":false,"twitter_card":"default","twitter_image_type":"default","twitter_image_url":null,"twitter_image_custom_url":null,"twitter_image_custom_fields":null,"twitter_title":null,"twitter_description":null,"schema":{"blockGraphs":[],"customGraphs":[],"default":{"data":{"Article":[],"Course":[],"Dataset":[],"FAQPage":[],"Movie":[],"Person":[],"Product":[],"ProductReview":[],"Car":[],"Recipe":[],"Service":[],"SoftwareApplication":[],"WebPage":[]},"graphName":"","isEnabled":true},"graphs":[],"defaultGraph":"","defaultPostTypeGraph":""},"schema_type":null,"schema_type_options":null,"pillar_content":false,"robots_default":true,"robots_noindex":false,"robots_noarchive":false,"robots_nosnippet":false,"robots_nofollow":false,"robots_noimageindex":false,"robots_noodp":false,"robots_notranslate":false,"robots_max_snippet":null,"robots_max_videopreview":null,"robots_max_imagepreview":"large","priority":null,"frequency":null,"location":null,"local_seo":null,"seo_analyzer_scan_date":"2025-09-27 11:35:08","breadcrumb_settings":null,"limit_modified_date":false,"open_ai":null,"ai":null,"created":"2021-03-08 13:41:13","updated":"2025-09-27 11:35:08"},"aioseo_breadcrumb":"<div class=\"aioseo-breadcrumbs\"><span class=\"aioseo-breadcrumb\">\n\t<a href=\"https:\/\/eldigitaldeasturias.com\/magazine365\" title=\"Home\">Home<\/a>\n<\/span><span class=\"aioseo-breadcrumb-separator\">\u2013<\/span><span class=\"aioseo-breadcrumb\">\n\t<a href=\"https:\/\/eldigitaldeasturias.com\/magazine365\/category\/noticias-actualidad\/\" title=\"Noticias y Actualidad\">Noticias y Actualidad<\/a>\n<\/span><span class=\"aioseo-breadcrumb-separator\">\u2013<\/span><span class=\"aioseo-breadcrumb\">\n\t<a href=\"https:\/\/eldigitaldeasturias.com\/magazine365\/infojobs-recuerda-que-el-periodo-de-marzo-a-julio-es-historicamente-bueno-para-el-empleo-por-el-turismo\/\" title=\"InfoJobs recuerda que el periodo de marzo a julio es hist\u00f3ricamente bueno para el empleo por el turismo\">InfoJobs recuerda que el periodo de marzo a julio es hist\u00f3ricamente bueno para el empleo por el turismo<\/a>\n<\/span><\/div>","aioseo_breadcrumb_json":[{"label":"Home","link":"https:\/\/eldigitaldeasturias.com\/magazine365"},{"label":"Noticias y Actualidad","link":"https:\/\/eldigitaldeasturias.com\/magazine365\/category\/noticias-actualidad\/"},{"label":"InfoJobs recuerda que el periodo de marzo a julio es hist\u00f3ricamente bueno para el empleo por el turismo","link":"https:\/\/eldigitaldeasturias.com\/magazine365\/infojobs-recuerda-que-el-periodo-de-marzo-a-julio-es-historicamente-bueno-para-el-empleo-por-el-turismo\/"}],"_links":{"self":[{"href":"https:\/\/eldigitaldeasturias.com\/magazine365\/wp-json\/wp\/v2\/posts\/75961","targetHints":{"allow":["GET"]}}],"collection":[{"href":"https:\/\/eldigitaldeasturias.com\/magazine365\/wp-json\/wp\/v2\/posts"}],"about":[{"href":"https:\/\/eldigitaldeasturias.com\/magazine365\/wp-json\/wp\/v2\/types\/post"}],"author":[{"embeddable":true,"href":"https:\/\/eldigitaldeasturias.com\/magazine365\/wp-json\/wp\/v2\/users\/1"}],"replies":[{"embeddable":true,"href":"https:\/\/eldigitaldeasturias.com\/magazine365\/wp-json\/wp\/v2\/comments?post=75961"}],"version-history":[{"count":0,"href":"https:\/\/eldigitaldeasturias.com\/magazine365\/wp-json\/wp\/v2\/posts\/75961\/revisions"}],"wp:featuredmedia":[{"embeddable":true,"href":"https:\/\/eldigitaldeasturias.com\/magazine365\/wp-json\/wp\/v2\/media\/75962"}],"wp:attachment":[{"href":"https:\/\/eldigitaldeasturias.com\/magazine365\/wp-json\/wp\/v2\/media?parent=75961"}],"wp:term":[{"taxonomy":"category","embeddable":true,"href":"https:\/\/eldigitaldeasturias.com\/magazine365\/wp-json\/wp\/v2\/categories?post=75961"},{"taxonomy":"post_tag","embeddable":true,"href":"https:\/\/eldigitaldeasturias.com\/magazine365\/wp-json\/wp\/v2\/tags?post=75961"}],"curies":[{"name":"wp","href":"https:\/\/api.w.org\/{rel}","templated":true}]}}