{"id":75944,"date":"2016-05-07T02:21:02","date_gmt":"2016-05-07T00:21:02","guid":{"rendered":"http:\/\/eldigitaldeasturias.com\/magazine365\/?p=75944"},"modified":"2016-05-07T02:21:02","modified_gmt":"2016-05-07T00:21:02","slug":"airberlin-transporta-76-millones-de-pasajeros-hasta-abril-un-71-menos","status":"publish","type":"post","link":"https:\/\/eldigitaldeasturias.com\/magazine365\/airberlin-transporta-76-millones-de-pasajeros-hasta-abril-un-71-menos\/","title":{"rendered":"airberlin transporta 7,6 millones de pasajeros hasta abril, un 7,1% menos"},"content":{"rendered":"<p><img fetchpriority=\"high\" decoding=\"async\" class=\"alignleft size-medium wp-image-75945\" src=\"https:\/\/eldigitaldeasturias.com\/magazine365\/wp-content\/uploads\/2016\/05\/fotonoticia_20160504110318_800-360x247.jpg\" alt=\"fotonoticia_20160504110318_800\" width=\"360\" height=\"247\" srcset=\"https:\/\/eldigitaldeasturias.com\/magazine365\/wp-content\/uploads\/2016\/05\/fotonoticia_20160504110318_800-360x247.jpg 360w, https:\/\/eldigitaldeasturias.com\/magazine365\/wp-content\/uploads\/2016\/05\/fotonoticia_20160504110318_800-650x446.jpg 650w, https:\/\/eldigitaldeasturias.com\/magazine365\/wp-content\/uploads\/2016\/05\/fotonoticia_20160504110318_800-768x527.jpg 768w, https:\/\/eldigitaldeasturias.com\/magazine365\/wp-content\/uploads\/2016\/05\/fotonoticia_20160504110318_800-150x103.jpg 150w, https:\/\/eldigitaldeasturias.com\/magazine365\/wp-content\/uploads\/2016\/05\/fotonoticia_20160504110318_800-450x309.jpg 450w, https:\/\/eldigitaldeasturias.com\/magazine365\/wp-content\/uploads\/2016\/05\/fotonoticia_20160504110318_800.jpg 800w\" sizes=\"(max-width: 360px) 100vw, 360px\" \/>airberlin ha transportado 7,6 millones de pasajeros en los cuatro primeros meses del a\u00f1o, lo que supone un 7,1% menos que en el mismo periodo del a\u00f1o precedente, ha informado la aerol\u00ednea germana.<\/p>\n<p>Este resultado es debido a un descenso del 7,8% de la capacidad y a una bajada del 7,5% en el tr\u00e1fico de pasajeros de enero a abril. El factor de ocupaci\u00f3n se situ\u00f3 en el 82,9%, 0,3 puntos porcentuales m\u00e1s.<\/p>\n<p>En el mes de abril, la compa\u00f1\u00eda ha trasladado un 8% menos de viajeros, hasta los 2,2 millones, tras recortar en un 9,5% su oferta y registrar una ca\u00edda de la demanda del 8,7%. El factor de ocupaci\u00f3n en el cuarto mes del a\u00f1o fue del 81,8%, 0,7 puntos porcentuales m\u00e1s.<\/p>\n<p>\u00abA pesar de la volatilidad del mercado, fuimos capaces de aumentar nuestra capacidad. En el pr\u00f3ximo mes, la optimizaci\u00f3n de nuestra red seguir\u00e1 siendo una piedra angular de la reorientaci\u00f3n de airberlin, por ello, nos estamos centrando en nuestros vuelos de larga distancia desde &#8216;hubs&#8217; como D\u00fcsseldorf o Berl\u00edn\u00bb, ha explicado el consejero delegado de la aerol\u00ednea, Stefan Pichler.<\/p>\n","protected":false},"excerpt":{"rendered":"<p>airberlin ha transportado 7,6 millones de pasajeros en los cuatro primeros meses del a\u00f1o, lo que supone un 7,1% menos que en el mismo periodo del a\u00f1o precedente, ha informado la aerol\u00ednea germana. Este resultado es debido a un descenso del 7,8% de la capacidad y a una bajada del 7,5% en el tr\u00e1fico de<\/p>\n","protected":false},"author":1,"featured_media":75945,"comment_status":"open","ping_status":"closed","sticky":false,"template":"","format":"standard","meta":{"footnotes":""},"categories":[224],"tags":[],"class_list":{"0":"post-75944","1":"post","2":"type-post","3":"status-publish","4":"format-standard","5":"has-post-thumbnail","7":"category-noticias-actualidad"},"aioseo_notices":[],"aioseo_head":"\n\t\t<!-- All in One SEO Pro 4.9.6.1 - aioseo.com -->\n\t<meta name=\"description\" content=\"airberlin ha transportado 7,6 millones de pasajeros en los cuatro primeros meses del a\u00f1o, lo que supone un 7,1% menos que en el mismo periodo del a\u00f1o precedente, ha informado la aerol\u00ednea germana. Este resultado es debido a un descenso del 7,8% de la capacidad y a una bajada del 7,5% en el tr\u00e1fico de\" \/>\n\t<meta name=\"robots\" content=\"max-image-preview:large\" \/>\n\t<meta name=\"author\" content=\"admin\"\/>\n\t<meta name=\"google-site-verification\" content=\"UA-38556648-1\" \/>\n\t<meta name=\"keywords\" content=\"noticias y actualidad\" \/>\n\t<link rel=\"canonical\" href=\"https:\/\/eldigitaldeasturias.com\/magazine365\/airberlin-transporta-76-millones-de-pasajeros-hasta-abril-un-71-menos\/\" \/>\n\t<meta name=\"generator\" content=\"All in One SEO Pro (AIOSEO) 4.9.6.1\" \/>\n\t\t<meta property=\"og:locale\" content=\"es_ES\" \/>\n\t\t<meta property=\"og:site_name\" content=\"El Digital de Asturias \u2013 Revista de ocio, turismo y estilo de vida\" \/>\n\t\t<meta property=\"og:type\" content=\"article\" \/>\n\t\t<meta property=\"og:title\" content=\"airberlin transporta 7,6 millones de pasajeros hasta abril, un 7,1% menos | El Digital de Asturias\" \/>\n\t\t<meta property=\"og:description\" content=\"airberlin ha transportado 7,6 millones de pasajeros en los cuatro primeros meses del a\u00f1o, lo que supone un 7,1% menos que en el mismo periodo del a\u00f1o precedente, ha informado la aerol\u00ednea germana. Este resultado es debido a un descenso del 7,8% de la capacidad y a una bajada del 7,5% en el tr\u00e1fico de\" \/>\n\t\t<meta property=\"og:url\" content=\"https:\/\/eldigitaldeasturias.com\/magazine365\/airberlin-transporta-76-millones-de-pasajeros-hasta-abril-un-71-menos\/\" \/>\n\t\t<meta property=\"og:image\" content=\"https:\/\/eldigitaldeasturias.com\/magazine365\/wp-content\/uploads\/2016\/05\/fotonoticia_20160504110318_800.jpg\" \/>\n\t\t<meta property=\"og:image:secure_url\" content=\"https:\/\/eldigitaldeasturias.com\/magazine365\/wp-content\/uploads\/2016\/05\/fotonoticia_20160504110318_800.jpg\" \/>\n\t\t<meta property=\"og:image:width\" content=\"800\" \/>\n\t\t<meta property=\"og:image:height\" content=\"549\" \/>\n\t\t<meta property=\"article:published_time\" content=\"2016-05-07T00:21:02+00:00\" \/>\n\t\t<meta property=\"article:modified_time\" content=\"2016-05-07T00:21:02+00:00\" \/>\n\t\t<meta name=\"twitter:card\" content=\"summary_large_image\" \/>\n\t\t<meta name=\"twitter:title\" content=\"airberlin transporta 7,6 millones de pasajeros hasta abril, un 7,1% menos | El Digital de Asturias\" \/>\n\t\t<meta name=\"twitter:description\" content=\"airberlin ha transportado 7,6 millones de pasajeros en los cuatro primeros meses del a\u00f1o, lo que supone un 7,1% menos que en el mismo periodo del a\u00f1o precedente, ha informado la aerol\u00ednea germana. Este resultado es debido a un descenso del 7,8% de la capacidad y a una bajada del 7,5% en el tr\u00e1fico de\" \/>\n\t\t<meta name=\"twitter:image\" content=\"https:\/\/eldigitaldeasturias.com\/magazine365\/wp-content\/uploads\/2016\/05\/fotonoticia_20160504110318_800.jpg\" \/>\n\t\t<script type=\"application\/ld+json\" class=\"aioseo-schema\">\n\t\t\t{\"@context\":\"https:\\\/\\\/schema.org\",\"@graph\":[{\"@type\":\"Article\",\"@id\":\"https:\\\/\\\/eldigitaldeasturias.com\\\/magazine365\\\/airberlin-transporta-76-millones-de-pasajeros-hasta-abril-un-71-menos\\\/#article\",\"name\":\"airberlin transporta 7,6 millones de pasajeros hasta abril, un 7,1% menos | El Digital de Asturias\",\"headline\":\"airberlin transporta 7,6 millones de pasajeros hasta abril, un 7,1% menos\",\"author\":{\"@id\":\"https:\\\/\\\/eldigitaldeasturias.com\\\/magazine365\\\/author\\\/admin\\\/#author\"},\"publisher\":{\"@id\":\"https:\\\/\\\/eldigitaldeasturias.com\\\/magazine365\\\/#organization\"},\"image\":{\"@type\":\"ImageObject\",\"url\":\"https:\\\/\\\/eldigitaldeasturias.com\\\/magazine365\\\/wp-content\\\/uploads\\\/2016\\\/05\\\/fotonoticia_20160504110318_800.jpg\",\"width\":800,\"height\":549},\"datePublished\":\"2016-05-07T02:21:02+02:00\",\"dateModified\":\"2016-05-07T02:21:02+02:00\",\"inLanguage\":\"es-ES\",\"mainEntityOfPage\":{\"@id\":\"https:\\\/\\\/eldigitaldeasturias.com\\\/magazine365\\\/airberlin-transporta-76-millones-de-pasajeros-hasta-abril-un-71-menos\\\/#webpage\"},\"isPartOf\":{\"@id\":\"https:\\\/\\\/eldigitaldeasturias.com\\\/magazine365\\\/airberlin-transporta-76-millones-de-pasajeros-hasta-abril-un-71-menos\\\/#webpage\"},\"articleSection\":\"Noticias y Actualidad\"},{\"@type\":\"BreadcrumbList\",\"@id\":\"https:\\\/\\\/eldigitaldeasturias.com\\\/magazine365\\\/airberlin-transporta-76-millones-de-pasajeros-hasta-abril-un-71-menos\\\/#breadcrumblist\",\"itemListElement\":[{\"@type\":\"ListItem\",\"@id\":\"https:\\\/\\\/eldigitaldeasturias.com\\\/magazine365#listItem\",\"position\":1,\"name\":\"Home\",\"item\":\"https:\\\/\\\/eldigitaldeasturias.com\\\/magazine365\",\"nextItem\":{\"@type\":\"ListItem\",\"@id\":\"https:\\\/\\\/eldigitaldeasturias.com\\\/magazine365\\\/category\\\/noticias-actualidad\\\/#listItem\",\"name\":\"Noticias y Actualidad\"}},{\"@type\":\"ListItem\",\"@id\":\"https:\\\/\\\/eldigitaldeasturias.com\\\/magazine365\\\/category\\\/noticias-actualidad\\\/#listItem\",\"position\":2,\"name\":\"Noticias y Actualidad\",\"item\":\"https:\\\/\\\/eldigitaldeasturias.com\\\/magazine365\\\/category\\\/noticias-actualidad\\\/\",\"nextItem\":{\"@type\":\"ListItem\",\"@id\":\"https:\\\/\\\/eldigitaldeasturias.com\\\/magazine365\\\/airberlin-transporta-76-millones-de-pasajeros-hasta-abril-un-71-menos\\\/#listItem\",\"name\":\"airberlin transporta 7,6 millones de pasajeros hasta abril, un 7,1% menos\"},\"previousItem\":{\"@type\":\"ListItem\",\"@id\":\"https:\\\/\\\/eldigitaldeasturias.com\\\/magazine365#listItem\",\"name\":\"Home\"}},{\"@type\":\"ListItem\",\"@id\":\"https:\\\/\\\/eldigitaldeasturias.com\\\/magazine365\\\/airberlin-transporta-76-millones-de-pasajeros-hasta-abril-un-71-menos\\\/#listItem\",\"position\":3,\"name\":\"airberlin transporta 7,6 millones de pasajeros hasta abril, un 7,1% menos\",\"previousItem\":{\"@type\":\"ListItem\",\"@id\":\"https:\\\/\\\/eldigitaldeasturias.com\\\/magazine365\\\/category\\\/noticias-actualidad\\\/#listItem\",\"name\":\"Noticias y Actualidad\"}}]},{\"@type\":\"Organization\",\"@id\":\"https:\\\/\\\/eldigitaldeasturias.com\\\/magazine365\\\/#organization\",\"name\":\"El digital de Asturias\",\"description\":\"Revista de ocio, turismo y estilo de vida\",\"url\":\"https:\\\/\\\/eldigitaldeasturias.com\\\/magazine365\\\/\",\"logo\":{\"@type\":\"ImageObject\",\"url\":\"https:\\\/\\\/www.eldigitaldeasturias.com\\\/noticias\\\/wp-content\\\/uploads\\\/2020\\\/12\\\/EDA.jpg\",\"@id\":\"https:\\\/\\\/eldigitaldeasturias.com\\\/magazine365\\\/airberlin-transporta-76-millones-de-pasajeros-hasta-abril-un-71-menos\\\/#organizationLogo\"},\"image\":{\"@id\":\"https:\\\/\\\/eldigitaldeasturias.com\\\/magazine365\\\/airberlin-transporta-76-millones-de-pasajeros-hasta-abril-un-71-menos\\\/#organizationLogo\"}},{\"@type\":\"Person\",\"@id\":\"https:\\\/\\\/eldigitaldeasturias.com\\\/magazine365\\\/author\\\/admin\\\/#author\",\"url\":\"https:\\\/\\\/eldigitaldeasturias.com\\\/magazine365\\\/author\\\/admin\\\/\",\"name\":\"admin\",\"image\":{\"@type\":\"ImageObject\",\"@id\":\"https:\\\/\\\/eldigitaldeasturias.com\\\/magazine365\\\/airberlin-transporta-76-millones-de-pasajeros-hasta-abril-un-71-menos\\\/#authorImage\",\"url\":\"https:\\\/\\\/eldigitaldeasturias.com\\\/magazine365\\\/wp-content\\\/litespeed\\\/avatar\\\/e571bcf59a0edd6fa6838245a470f2fe.jpg?ver=1777574230\",\"width\":96,\"height\":96,\"caption\":\"admin\"}},{\"@type\":\"WebPage\",\"@id\":\"https:\\\/\\\/eldigitaldeasturias.com\\\/magazine365\\\/airberlin-transporta-76-millones-de-pasajeros-hasta-abril-un-71-menos\\\/#webpage\",\"url\":\"https:\\\/\\\/eldigitaldeasturias.com\\\/magazine365\\\/airberlin-transporta-76-millones-de-pasajeros-hasta-abril-un-71-menos\\\/\",\"name\":\"airberlin transporta 7,6 millones de pasajeros hasta abril, un 7,1% menos | El Digital de Asturias\",\"description\":\"airberlin ha transportado 7,6 millones de pasajeros en los cuatro primeros meses del a\\u00f1o, lo que supone un 7,1% menos que en el mismo periodo del a\\u00f1o precedente, ha informado la aerol\\u00ednea germana. Este resultado es debido a un descenso del 7,8% de la capacidad y a una bajada del 7,5% en el tr\\u00e1fico de\",\"inLanguage\":\"es-ES\",\"isPartOf\":{\"@id\":\"https:\\\/\\\/eldigitaldeasturias.com\\\/magazine365\\\/#website\"},\"breadcrumb\":{\"@id\":\"https:\\\/\\\/eldigitaldeasturias.com\\\/magazine365\\\/airberlin-transporta-76-millones-de-pasajeros-hasta-abril-un-71-menos\\\/#breadcrumblist\"},\"author\":{\"@id\":\"https:\\\/\\\/eldigitaldeasturias.com\\\/magazine365\\\/author\\\/admin\\\/#author\"},\"creator\":{\"@id\":\"https:\\\/\\\/eldigitaldeasturias.com\\\/magazine365\\\/author\\\/admin\\\/#author\"},\"image\":{\"@type\":\"ImageObject\",\"url\":\"https:\\\/\\\/eldigitaldeasturias.com\\\/magazine365\\\/wp-content\\\/uploads\\\/2016\\\/05\\\/fotonoticia_20160504110318_800.jpg\",\"@id\":\"https:\\\/\\\/eldigitaldeasturias.com\\\/magazine365\\\/airberlin-transporta-76-millones-de-pasajeros-hasta-abril-un-71-menos\\\/#mainImage\",\"width\":800,\"height\":549},\"primaryImageOfPage\":{\"@id\":\"https:\\\/\\\/eldigitaldeasturias.com\\\/magazine365\\\/airberlin-transporta-76-millones-de-pasajeros-hasta-abril-un-71-menos\\\/#mainImage\"},\"datePublished\":\"2016-05-07T02:21:02+02:00\",\"dateModified\":\"2016-05-07T02:21:02+02:00\"},{\"@type\":\"WebSite\",\"@id\":\"https:\\\/\\\/eldigitaldeasturias.com\\\/magazine365\\\/#website\",\"url\":\"https:\\\/\\\/eldigitaldeasturias.com\\\/magazine365\\\/\",\"name\":\"El Digital de Asturias\",\"description\":\"Revista de ocio, turismo y estilo de vida\",\"inLanguage\":\"es-ES\",\"publisher\":{\"@id\":\"https:\\\/\\\/eldigitaldeasturias.com\\\/magazine365\\\/#organization\"}}]}\n\t\t<\/script>\n\t\t<!-- All in One SEO Pro -->\r\n\t\t<title>airberlin transporta 7,6 millones de pasajeros hasta abril, un 7,1% menos | El Digital de Asturias<\/title>\n\n","aioseo_head_json":{"title":"airberlin transporta 7,6 millones de pasajeros hasta abril, un 7,1% menos | El Digital de Asturias","description":"airberlin ha transportado 7,6 millones de pasajeros en los cuatro primeros meses del a\u00f1o, lo que supone un 7,1% menos que en el mismo periodo del a\u00f1o precedente, ha informado la aerol\u00ednea germana. Este resultado es debido a un descenso del 7,8% de la capacidad y a una bajada del 7,5% en el tr\u00e1fico de","canonical_url":"https:\/\/eldigitaldeasturias.com\/magazine365\/airberlin-transporta-76-millones-de-pasajeros-hasta-abril-un-71-menos\/","robots":"max-image-preview:large","keywords":"noticias y actualidad","webmasterTools":{"google-site-verification":"UA-38556648-1","miscellaneous":""},"schema":{"@context":"https:\/\/schema.org","@graph":[{"@type":"Article","@id":"https:\/\/eldigitaldeasturias.com\/magazine365\/airberlin-transporta-76-millones-de-pasajeros-hasta-abril-un-71-menos\/#article","name":"airberlin transporta 7,6 millones de pasajeros hasta abril, un 7,1% menos | El Digital de Asturias","headline":"airberlin transporta 7,6 millones de pasajeros hasta abril, un 7,1% menos","author":{"@id":"https:\/\/eldigitaldeasturias.com\/magazine365\/author\/admin\/#author"},"publisher":{"@id":"https:\/\/eldigitaldeasturias.com\/magazine365\/#organization"},"image":{"@type":"ImageObject","url":"https:\/\/eldigitaldeasturias.com\/magazine365\/wp-content\/uploads\/2016\/05\/fotonoticia_20160504110318_800.jpg","width":800,"height":549},"datePublished":"2016-05-07T02:21:02+02:00","dateModified":"2016-05-07T02:21:02+02:00","inLanguage":"es-ES","mainEntityOfPage":{"@id":"https:\/\/eldigitaldeasturias.com\/magazine365\/airberlin-transporta-76-millones-de-pasajeros-hasta-abril-un-71-menos\/#webpage"},"isPartOf":{"@id":"https:\/\/eldigitaldeasturias.com\/magazine365\/airberlin-transporta-76-millones-de-pasajeros-hasta-abril-un-71-menos\/#webpage"},"articleSection":"Noticias y Actualidad"},{"@type":"BreadcrumbList","@id":"https:\/\/eldigitaldeasturias.com\/magazine365\/airberlin-transporta-76-millones-de-pasajeros-hasta-abril-un-71-menos\/#breadcrumblist","itemListElement":[{"@type":"ListItem","@id":"https:\/\/eldigitaldeasturias.com\/magazine365#listItem","position":1,"name":"Home","item":"https:\/\/eldigitaldeasturias.com\/magazine365","nextItem":{"@type":"ListItem","@id":"https:\/\/eldigitaldeasturias.com\/magazine365\/category\/noticias-actualidad\/#listItem","name":"Noticias y Actualidad"}},{"@type":"ListItem","@id":"https:\/\/eldigitaldeasturias.com\/magazine365\/category\/noticias-actualidad\/#listItem","position":2,"name":"Noticias y Actualidad","item":"https:\/\/eldigitaldeasturias.com\/magazine365\/category\/noticias-actualidad\/","nextItem":{"@type":"ListItem","@id":"https:\/\/eldigitaldeasturias.com\/magazine365\/airberlin-transporta-76-millones-de-pasajeros-hasta-abril-un-71-menos\/#listItem","name":"airberlin transporta 7,6 millones de pasajeros hasta abril, un 7,1% menos"},"previousItem":{"@type":"ListItem","@id":"https:\/\/eldigitaldeasturias.com\/magazine365#listItem","name":"Home"}},{"@type":"ListItem","@id":"https:\/\/eldigitaldeasturias.com\/magazine365\/airberlin-transporta-76-millones-de-pasajeros-hasta-abril-un-71-menos\/#listItem","position":3,"name":"airberlin transporta 7,6 millones de pasajeros hasta abril, un 7,1% menos","previousItem":{"@type":"ListItem","@id":"https:\/\/eldigitaldeasturias.com\/magazine365\/category\/noticias-actualidad\/#listItem","name":"Noticias y Actualidad"}}]},{"@type":"Organization","@id":"https:\/\/eldigitaldeasturias.com\/magazine365\/#organization","name":"El digital de Asturias","description":"Revista de ocio, turismo y estilo de vida","url":"https:\/\/eldigitaldeasturias.com\/magazine365\/","logo":{"@type":"ImageObject","url":"https:\/\/www.eldigitaldeasturias.com\/noticias\/wp-content\/uploads\/2020\/12\/EDA.jpg","@id":"https:\/\/eldigitaldeasturias.com\/magazine365\/airberlin-transporta-76-millones-de-pasajeros-hasta-abril-un-71-menos\/#organizationLogo"},"image":{"@id":"https:\/\/eldigitaldeasturias.com\/magazine365\/airberlin-transporta-76-millones-de-pasajeros-hasta-abril-un-71-menos\/#organizationLogo"}},{"@type":"Person","@id":"https:\/\/eldigitaldeasturias.com\/magazine365\/author\/admin\/#author","url":"https:\/\/eldigitaldeasturias.com\/magazine365\/author\/admin\/","name":"admin","image":{"@type":"ImageObject","@id":"https:\/\/eldigitaldeasturias.com\/magazine365\/airberlin-transporta-76-millones-de-pasajeros-hasta-abril-un-71-menos\/#authorImage","url":"https:\/\/eldigitaldeasturias.com\/magazine365\/wp-content\/litespeed\/avatar\/e571bcf59a0edd6fa6838245a470f2fe.jpg?ver=1777574230","width":96,"height":96,"caption":"admin"}},{"@type":"WebPage","@id":"https:\/\/eldigitaldeasturias.com\/magazine365\/airberlin-transporta-76-millones-de-pasajeros-hasta-abril-un-71-menos\/#webpage","url":"https:\/\/eldigitaldeasturias.com\/magazine365\/airberlin-transporta-76-millones-de-pasajeros-hasta-abril-un-71-menos\/","name":"airberlin transporta 7,6 millones de pasajeros hasta abril, un 7,1% menos | El Digital de Asturias","description":"airberlin ha transportado 7,6 millones de pasajeros en los cuatro primeros meses del a\u00f1o, lo que supone un 7,1% menos que en el mismo periodo del a\u00f1o precedente, ha informado la aerol\u00ednea germana. Este resultado es debido a un descenso del 7,8% de la capacidad y a una bajada del 7,5% en el tr\u00e1fico de","inLanguage":"es-ES","isPartOf":{"@id":"https:\/\/eldigitaldeasturias.com\/magazine365\/#website"},"breadcrumb":{"@id":"https:\/\/eldigitaldeasturias.com\/magazine365\/airberlin-transporta-76-millones-de-pasajeros-hasta-abril-un-71-menos\/#breadcrumblist"},"author":{"@id":"https:\/\/eldigitaldeasturias.com\/magazine365\/author\/admin\/#author"},"creator":{"@id":"https:\/\/eldigitaldeasturias.com\/magazine365\/author\/admin\/#author"},"image":{"@type":"ImageObject","url":"https:\/\/eldigitaldeasturias.com\/magazine365\/wp-content\/uploads\/2016\/05\/fotonoticia_20160504110318_800.jpg","@id":"https:\/\/eldigitaldeasturias.com\/magazine365\/airberlin-transporta-76-millones-de-pasajeros-hasta-abril-un-71-menos\/#mainImage","width":800,"height":549},"primaryImageOfPage":{"@id":"https:\/\/eldigitaldeasturias.com\/magazine365\/airberlin-transporta-76-millones-de-pasajeros-hasta-abril-un-71-menos\/#mainImage"},"datePublished":"2016-05-07T02:21:02+02:00","dateModified":"2016-05-07T02:21:02+02:00"},{"@type":"WebSite","@id":"https:\/\/eldigitaldeasturias.com\/magazine365\/#website","url":"https:\/\/eldigitaldeasturias.com\/magazine365\/","name":"El Digital de Asturias","description":"Revista de ocio, turismo y estilo de vida","inLanguage":"es-ES","publisher":{"@id":"https:\/\/eldigitaldeasturias.com\/magazine365\/#organization"}}]},"og:locale":"es_ES","og:site_name":"El Digital de Asturias \u2013 Revista de ocio, turismo y estilo de vida","og:type":"article","og:title":"airberlin transporta 7,6 millones de pasajeros hasta abril, un 7,1% menos | El Digital de Asturias","og:description":"airberlin ha transportado 7,6 millones de pasajeros en los cuatro primeros meses del a\u00f1o, lo que supone un 7,1% menos que en el mismo periodo del a\u00f1o precedente, ha informado la aerol\u00ednea germana. Este resultado es debido a un descenso del 7,8% de la capacidad y a una bajada del 7,5% en el tr\u00e1fico de","og:url":"https:\/\/eldigitaldeasturias.com\/magazine365\/airberlin-transporta-76-millones-de-pasajeros-hasta-abril-un-71-menos\/","og:image":"https:\/\/eldigitaldeasturias.com\/magazine365\/wp-content\/uploads\/2016\/05\/fotonoticia_20160504110318_800.jpg","og:image:secure_url":"https:\/\/eldigitaldeasturias.com\/magazine365\/wp-content\/uploads\/2016\/05\/fotonoticia_20160504110318_800.jpg","og:image:width":800,"og:image:height":549,"article:published_time":"2016-05-07T00:21:02+00:00","article:modified_time":"2016-05-07T00:21:02+00:00","twitter:card":"summary_large_image","twitter:title":"airberlin transporta 7,6 millones de pasajeros hasta abril, un 7,1% menos | El Digital de Asturias","twitter:description":"airberlin ha transportado 7,6 millones de pasajeros en los cuatro primeros meses del a\u00f1o, lo que supone un 7,1% menos que en el mismo periodo del a\u00f1o precedente, ha informado la aerol\u00ednea germana. Este resultado es debido a un descenso del 7,8% de la capacidad y a una bajada del 7,5% en el tr\u00e1fico de","twitter:image":"https:\/\/eldigitaldeasturias.com\/magazine365\/wp-content\/uploads\/2016\/05\/fotonoticia_20160504110318_800.jpg"},"aioseo_meta_data":{"post_id":"75944","title":null,"description":null,"keywords":null,"keyphrases":null,"primary_term":null,"canonical_url":null,"og_title":null,"og_description":null,"og_object_type":"default","og_image_type":"default","og_image_url":null,"og_image_width":null,"og_image_height":null,"og_image_custom_url":null,"og_image_custom_fields":null,"og_video":null,"og_custom_url":null,"og_article_section":null,"og_article_tags":null,"twitter_use_og":false,"twitter_card":"default","twitter_image_type":"default","twitter_image_url":null,"twitter_image_custom_url":null,"twitter_image_custom_fields":null,"twitter_title":null,"twitter_description":null,"schema":{"blockGraphs":[],"customGraphs":[],"default":{"data":{"Article":[],"Course":[],"Dataset":[],"FAQPage":[],"Movie":[],"Person":[],"Product":[],"ProductReview":[],"Car":[],"Recipe":[],"Service":[],"SoftwareApplication":[],"WebPage":[]},"graphName":"","isEnabled":true},"graphs":[],"defaultGraph":"","defaultPostTypeGraph":""},"schema_type":null,"schema_type_options":null,"pillar_content":false,"robots_default":true,"robots_noindex":false,"robots_noarchive":false,"robots_nosnippet":false,"robots_nofollow":false,"robots_noimageindex":false,"robots_noodp":false,"robots_notranslate":false,"robots_max_snippet":null,"robots_max_videopreview":null,"robots_max_imagepreview":"large","priority":null,"frequency":null,"location":null,"local_seo":null,"seo_analyzer_scan_date":"2025-09-27 11:30:58","breadcrumb_settings":null,"limit_modified_date":false,"open_ai":null,"ai":null,"created":"2021-03-08 18:34:41","updated":"2025-09-27 11:30:58"},"aioseo_breadcrumb":"<div class=\"aioseo-breadcrumbs\"><span class=\"aioseo-breadcrumb\">\n\t<a href=\"https:\/\/eldigitaldeasturias.com\/magazine365\" title=\"Home\">Home<\/a>\n<\/span><span class=\"aioseo-breadcrumb-separator\">\u2013<\/span><span class=\"aioseo-breadcrumb\">\n\t<a href=\"https:\/\/eldigitaldeasturias.com\/magazine365\/category\/noticias-actualidad\/\" title=\"Noticias y Actualidad\">Noticias y Actualidad<\/a>\n<\/span><span class=\"aioseo-breadcrumb-separator\">\u2013<\/span><span class=\"aioseo-breadcrumb\">\n\t<a href=\"https:\/\/eldigitaldeasturias.com\/magazine365\/airberlin-transporta-76-millones-de-pasajeros-hasta-abril-un-71-menos\/\" title=\"airberlin transporta 7,6 millones de pasajeros hasta abril, un 7,1% menos\">airberlin transporta 7,6 millones de pasajeros hasta abril, un 7,1% menos<\/a>\n<\/span><\/div>","aioseo_breadcrumb_json":[{"label":"Home","link":"https:\/\/eldigitaldeasturias.com\/magazine365"},{"label":"Noticias y Actualidad","link":"https:\/\/eldigitaldeasturias.com\/magazine365\/category\/noticias-actualidad\/"},{"label":"airberlin transporta 7,6 millones de pasajeros hasta abril, un 7,1% menos","link":"https:\/\/eldigitaldeasturias.com\/magazine365\/airberlin-transporta-76-millones-de-pasajeros-hasta-abril-un-71-menos\/"}],"_links":{"self":[{"href":"https:\/\/eldigitaldeasturias.com\/magazine365\/wp-json\/wp\/v2\/posts\/75944","targetHints":{"allow":["GET"]}}],"collection":[{"href":"https:\/\/eldigitaldeasturias.com\/magazine365\/wp-json\/wp\/v2\/posts"}],"about":[{"href":"https:\/\/eldigitaldeasturias.com\/magazine365\/wp-json\/wp\/v2\/types\/post"}],"author":[{"embeddable":true,"href":"https:\/\/eldigitaldeasturias.com\/magazine365\/wp-json\/wp\/v2\/users\/1"}],"replies":[{"embeddable":true,"href":"https:\/\/eldigitaldeasturias.com\/magazine365\/wp-json\/wp\/v2\/comments?post=75944"}],"version-history":[{"count":0,"href":"https:\/\/eldigitaldeasturias.com\/magazine365\/wp-json\/wp\/v2\/posts\/75944\/revisions"}],"wp:featuredmedia":[{"embeddable":true,"href":"https:\/\/eldigitaldeasturias.com\/magazine365\/wp-json\/wp\/v2\/media\/75945"}],"wp:attachment":[{"href":"https:\/\/eldigitaldeasturias.com\/magazine365\/wp-json\/wp\/v2\/media?parent=75944"}],"wp:term":[{"taxonomy":"category","embeddable":true,"href":"https:\/\/eldigitaldeasturias.com\/magazine365\/wp-json\/wp\/v2\/categories?post=75944"},{"taxonomy":"post_tag","embeddable":true,"href":"https:\/\/eldigitaldeasturias.com\/magazine365\/wp-json\/wp\/v2\/tags?post=75944"}],"curies":[{"name":"wp","href":"https:\/\/api.w.org\/{rel}","templated":true}]}}