{"id":75935,"date":"2016-05-07T01:56:16","date_gmt":"2016-05-06T23:56:16","guid":{"rendered":"http:\/\/eldigitaldeasturias.com\/magazine365\/?p=75935"},"modified":"2016-05-07T01:56:16","modified_gmt":"2016-05-06T23:56:16","slug":"sepla-denunciara-a-air-nostrum-por-el-despido-de-un-piloto-alegando-falta-de-puntualidad","status":"publish","type":"post","link":"https:\/\/eldigitaldeasturias.com\/magazine365\/sepla-denunciara-a-air-nostrum-por-el-despido-de-un-piloto-alegando-falta-de-puntualidad\/","title":{"rendered":"Sepla denunciar\u00e1 a Air Nostrum por el despido de un piloto alegando \u00abfalta de puntualidad"},"content":{"rendered":"<p><img fetchpriority=\"high\" decoding=\"async\" class=\"alignleft size-medium wp-image-75936\" src=\"https:\/\/eldigitaldeasturias.com\/magazine365\/wp-content\/uploads\/2016\/05\/fotonoticia_20160504102933_800-360x270.jpg\" alt=\"fotonoticia_20160504102933_800\" width=\"360\" height=\"270\" srcset=\"https:\/\/eldigitaldeasturias.com\/magazine365\/wp-content\/uploads\/2016\/05\/fotonoticia_20160504102933_800-360x270.jpg 360w, https:\/\/eldigitaldeasturias.com\/magazine365\/wp-content\/uploads\/2016\/05\/fotonoticia_20160504102933_800-650x488.jpg 650w, https:\/\/eldigitaldeasturias.com\/magazine365\/wp-content\/uploads\/2016\/05\/fotonoticia_20160504102933_800-768x576.jpg 768w, https:\/\/eldigitaldeasturias.com\/magazine365\/wp-content\/uploads\/2016\/05\/fotonoticia_20160504102933_800-150x113.jpg 150w, https:\/\/eldigitaldeasturias.com\/magazine365\/wp-content\/uploads\/2016\/05\/fotonoticia_20160504102933_800-450x338.jpg 450w, https:\/\/eldigitaldeasturias.com\/magazine365\/wp-content\/uploads\/2016\/05\/fotonoticia_20160504102933_800-90x67.jpg 90w, https:\/\/eldigitaldeasturias.com\/magazine365\/wp-content\/uploads\/2016\/05\/fotonoticia_20160504102933_800-164x124.jpg 164w, https:\/\/eldigitaldeasturias.com\/magazine365\/wp-content\/uploads\/2016\/05\/fotonoticia_20160504102933_800-100x75.jpg 100w, https:\/\/eldigitaldeasturias.com\/magazine365\/wp-content\/uploads\/2016\/05\/fotonoticia_20160504102933_800.jpg 800w\" sizes=\"(max-width: 360px) 100vw, 360px\" \/>El Sindicato Espa\u00f1ol de Pilotos de L\u00edneas A\u00e9reas (Sepla) denunciar\u00e1 a Air Nostrum por el despido de un comandante el pasado 11 de abril alegando \u00abfalta de puntualidad\u00bb, al entender que se trata de un despido \u00abimprocedente\u00bb, una situaci\u00f3n que provoca \u00abmiedo y presi\u00f3n\u00bb al resto de los pilotos que trabajan en la compa\u00f1\u00eda.<\/p>\n<p>As\u00ed lo ha avanzado el jefe de la secci\u00f3n sindical del sindicato en la aerol\u00ednea, Pedro Salazar, en declaraciones a Europa Press, tras asegurar que la compa\u00f1\u00eda hace recaer \u00abtoda la responsabilidad\u00bb en el comandante de la aeronave en el caso de no llegar a la hora prevista.<\/p>\n<p>Los pilotos tienen que rellenar una ficha y justificar cualquier salida o llegada con m\u00e1s de tres minutos de retraso, seg\u00fan la operativa de la compa\u00f1\u00eda a\u00e9rea.<\/p>\n<p>En la carta de despido, la compa\u00f1\u00eda ha justificado su decisi\u00f3n, se\u00f1alando una actitud negativa por parte del comandante, adem\u00e1s de no velar por los intereses de la empresa, ya que ser piloto significa \u00abtener un puesto de confianza\u00bb. El piloto, que llevaba 15 a\u00f1os en la empresa, no hab\u00eda acumulado ninguna amonestaci\u00f3n.<\/p>\n<p>LA PUNTUALIDAD, UN BAREMO DE CALIDAD IMPORTANTE PARA LA COMPA\u00d1\u00cdA.<\/p>\n<p>\u00abConfirmamos el despido de este piloto por reiterados incumplimientos en su trabajo. En Air Nostrum trabajamos con unos par\u00e1metros de calidad que deben cumplir todos los colectivos de la empresa en atenci\u00f3n a nuestros pasajeros y la puntualidad es uno de los m\u00e1s importantes\u00bb, han se\u00f1alado fuentes de la aerol\u00ednea a Europa Press.<\/p>\n<p>El comandante despedido, Mitoa Edjang, ha puntualizado que solo hubo dos faltas concretas. La primera el 25 de febrero, donde qued\u00f3 justificado que la salida desde el aeropuerto Adolfo Su\u00e1rez Madrid-Barajas fue 15 minutos tarde, pero, finalmente, el avi\u00f3n lleg\u00f3 en hora al aer\u00f3dromo de Almer\u00eda.<\/p>\n<p>El piloto despedido alega que este retraso en el despegue no fue un problema suyo, sino que fue la torre de control la que tard\u00f3 que darle la salida.<\/p>\n<p>El segundo retraso fue el 1 de marzo cuando el comandante cubr\u00eda la ruta entre Valencia y el aeropuerto de la capital. El motivo que alega el piloto para haber aterrizado \u00abentre nueve y diez minutos\u00bb es que un usuario subi\u00f3 al avi\u00f3n un arma sin justificar y tuvieron que esperar a que el pasajero cumpliese con el protocolo establecido. Una vez resuelto el problema, el avi\u00f3n tuvo que esperar el aterrizaje de un carguero y el despegue de dos aviones m\u00e1s, antes de poder efectuar su salida.<\/p>\n<p>REDUCCI\u00d3N DEL TIEMPO DE ESCALAS.<\/p>\n<p>Desde el Sepla se\u00f1alan que la compa\u00f1\u00eda lleva reduciendo el tiempo entre escalas desde antes del verano, hasta llegar a 25 minutos entre salida y llegada en aeropuertos de poco tr\u00e1nsito.<\/p>\n<p>El sindicato explica que si no hay ning\u00fan tipo de incidente en los momentos previos al despegue se puede llegar a salir en hora, de lo contrario, hay que reducir los tiempos en las tareas de preparaci\u00f3n del avi\u00f3n.<\/p>\n<p>Air Nostrum ha establecido este baremo de tiempo porque se mide con Ryanair, que tambi\u00e9n hace escalas de 30 minutos en aeropuertos peque\u00f1os. No obstante, denuncia que Air Nostrum hace escalas de 30 minutos hasta en los aeropuertos de mucho tr\u00e1fico como Madrid-Barajas.<\/p>\n<p>Despu\u00e9s del verano, la aerol\u00ednea redujo la escala de 40 a 30 minutos y a 25 minutos en escalas reducidas debido a que durante los meses estivales la compa\u00f1\u00eda tuvo problemas con la puntualidad de sus vuelos, por ello, se propuso mejorarla asumiendo m\u00e1s producci\u00f3n de la que pod\u00eda hacer, ha especificado el sindicato.<\/p>\n<p>El Sepla ha a\u00f1adido que antes del verano ya redujeron la escala de 45 minutos a 40, y despu\u00e9s de los meses estivales y agrega que, a pesar de hacer escalas m\u00e1s reducidas, las operaciones establecidas a los pilotos por d\u00eda siguen siendo las mismas, hasta un m\u00e1ximo de seis.<\/p>\n<p>El sindicato recuerda que tanto los comandantes (-27%) como los copilotos han registrado rebajas salariales de entre el 17% y el 20% en los \u00faltimos cuatro a\u00f1os, a\u00fan cuando la compa\u00f1\u00eda obtuvo beneficios en 2015 y prev\u00e9 cerrar 2016 igualmente con ganancias.<\/p>\n","protected":false},"excerpt":{"rendered":"<p>El Sindicato Espa\u00f1ol de Pilotos de L\u00edneas A\u00e9reas (Sepla) denunciar\u00e1 a Air Nostrum por el despido de un comandante el pasado 11 de abril alegando \u00abfalta de puntualidad\u00bb, al entender que se trata de un despido \u00abimprocedente\u00bb, una situaci\u00f3n que provoca \u00abmiedo y presi\u00f3n\u00bb al resto de los pilotos que trabajan en la compa\u00f1\u00eda. As\u00ed<\/p>\n","protected":false},"author":1,"featured_media":75936,"comment_status":"open","ping_status":"closed","sticky":false,"template":"","format":"standard","meta":{"footnotes":""},"categories":[224],"tags":[],"class_list":{"0":"post-75935","1":"post","2":"type-post","3":"status-publish","4":"format-standard","5":"has-post-thumbnail","7":"category-noticias-actualidad"},"aioseo_notices":[],"aioseo_head":"\n\t\t<!-- All in One SEO Pro 4.9.6.1 - aioseo.com -->\n\t<meta name=\"description\" content=\"El Sindicato Espa\u00f1ol de Pilotos de L\u00edneas A\u00e9reas (Sepla) denunciar\u00e1 a Air Nostrum por el despido de un comandante el pasado 11 de abril alegando &quot;falta de puntualidad&quot;, al entender que se trata de un despido &quot;improcedente&quot;, una situaci\u00f3n que provoca &quot;miedo y presi\u00f3n&quot; al resto de los pilotos que trabajan en la compa\u00f1\u00eda. As\u00ed\" \/>\n\t<meta name=\"robots\" content=\"max-image-preview:large\" \/>\n\t<meta name=\"author\" content=\"admin\"\/>\n\t<meta name=\"google-site-verification\" content=\"UA-38556648-1\" \/>\n\t<meta name=\"keywords\" content=\"noticias y actualidad\" \/>\n\t<link rel=\"canonical\" href=\"https:\/\/eldigitaldeasturias.com\/magazine365\/sepla-denunciara-a-air-nostrum-por-el-despido-de-un-piloto-alegando-falta-de-puntualidad\/\" \/>\n\t<meta name=\"generator\" content=\"All in One SEO Pro (AIOSEO) 4.9.6.1\" \/>\n\t\t<meta property=\"og:locale\" content=\"es_ES\" \/>\n\t\t<meta property=\"og:site_name\" content=\"El Digital de Asturias \u2013 Revista de ocio, turismo y estilo de vida\" \/>\n\t\t<meta property=\"og:type\" content=\"article\" \/>\n\t\t<meta property=\"og:title\" content=\"Sepla denunciar\u00e1 a Air Nostrum por el despido de un piloto alegando \u00abfalta de puntualidad | El Digital de Asturias\" \/>\n\t\t<meta property=\"og:description\" content=\"El Sindicato Espa\u00f1ol de Pilotos de L\u00edneas A\u00e9reas (Sepla) denunciar\u00e1 a Air Nostrum por el despido de un comandante el pasado 11 de abril alegando &quot;falta de puntualidad&quot;, al entender que se trata de un despido &quot;improcedente&quot;, una situaci\u00f3n que provoca &quot;miedo y presi\u00f3n&quot; al resto de los pilotos que trabajan en la compa\u00f1\u00eda. As\u00ed\" \/>\n\t\t<meta property=\"og:url\" content=\"https:\/\/eldigitaldeasturias.com\/magazine365\/sepla-denunciara-a-air-nostrum-por-el-despido-de-un-piloto-alegando-falta-de-puntualidad\/\" \/>\n\t\t<meta property=\"og:image\" content=\"https:\/\/eldigitaldeasturias.com\/magazine365\/wp-content\/uploads\/2016\/05\/fotonoticia_20160504102933_800.jpg\" \/>\n\t\t<meta property=\"og:image:secure_url\" content=\"https:\/\/eldigitaldeasturias.com\/magazine365\/wp-content\/uploads\/2016\/05\/fotonoticia_20160504102933_800.jpg\" \/>\n\t\t<meta property=\"og:image:width\" content=\"800\" \/>\n\t\t<meta property=\"og:image:height\" content=\"600\" \/>\n\t\t<meta property=\"article:published_time\" content=\"2016-05-06T23:56:16+00:00\" \/>\n\t\t<meta property=\"article:modified_time\" content=\"2016-05-06T23:56:16+00:00\" \/>\n\t\t<meta name=\"twitter:card\" content=\"summary_large_image\" \/>\n\t\t<meta name=\"twitter:title\" content=\"Sepla denunciar\u00e1 a Air Nostrum por el despido de un piloto alegando \u00abfalta de puntualidad | El Digital de Asturias\" \/>\n\t\t<meta name=\"twitter:description\" content=\"El Sindicato Espa\u00f1ol de Pilotos de L\u00edneas A\u00e9reas (Sepla) denunciar\u00e1 a Air Nostrum por el despido de un comandante el pasado 11 de abril alegando &quot;falta de puntualidad&quot;, al entender que se trata de un despido &quot;improcedente&quot;, una situaci\u00f3n que provoca &quot;miedo y presi\u00f3n&quot; al resto de los pilotos que trabajan en la compa\u00f1\u00eda. As\u00ed\" \/>\n\t\t<meta name=\"twitter:image\" content=\"https:\/\/eldigitaldeasturias.com\/magazine365\/wp-content\/uploads\/2016\/05\/fotonoticia_20160504102933_800.jpg\" \/>\n\t\t<script type=\"application\/ld+json\" class=\"aioseo-schema\">\n\t\t\t{\"@context\":\"https:\\\/\\\/schema.org\",\"@graph\":[{\"@type\":\"Article\",\"@id\":\"https:\\\/\\\/eldigitaldeasturias.com\\\/magazine365\\\/sepla-denunciara-a-air-nostrum-por-el-despido-de-un-piloto-alegando-falta-de-puntualidad\\\/#article\",\"name\":\"Sepla denunciar\\u00e1 a Air Nostrum por el despido de un piloto alegando \\u00abfalta de puntualidad | El Digital de Asturias\",\"headline\":\"Sepla denunciar\\u00e1 a Air Nostrum por el despido de un piloto alegando \\u00abfalta de puntualidad\",\"author\":{\"@id\":\"https:\\\/\\\/eldigitaldeasturias.com\\\/magazine365\\\/author\\\/admin\\\/#author\"},\"publisher\":{\"@id\":\"https:\\\/\\\/eldigitaldeasturias.com\\\/magazine365\\\/#organization\"},\"image\":{\"@type\":\"ImageObject\",\"url\":\"https:\\\/\\\/eldigitaldeasturias.com\\\/magazine365\\\/wp-content\\\/uploads\\\/2016\\\/05\\\/fotonoticia_20160504102933_800.jpg\",\"width\":800,\"height\":600},\"datePublished\":\"2016-05-07T01:56:16+02:00\",\"dateModified\":\"2016-05-07T01:56:16+02:00\",\"inLanguage\":\"es-ES\",\"mainEntityOfPage\":{\"@id\":\"https:\\\/\\\/eldigitaldeasturias.com\\\/magazine365\\\/sepla-denunciara-a-air-nostrum-por-el-despido-de-un-piloto-alegando-falta-de-puntualidad\\\/#webpage\"},\"isPartOf\":{\"@id\":\"https:\\\/\\\/eldigitaldeasturias.com\\\/magazine365\\\/sepla-denunciara-a-air-nostrum-por-el-despido-de-un-piloto-alegando-falta-de-puntualidad\\\/#webpage\"},\"articleSection\":\"Noticias y Actualidad\"},{\"@type\":\"BreadcrumbList\",\"@id\":\"https:\\\/\\\/eldigitaldeasturias.com\\\/magazine365\\\/sepla-denunciara-a-air-nostrum-por-el-despido-de-un-piloto-alegando-falta-de-puntualidad\\\/#breadcrumblist\",\"itemListElement\":[{\"@type\":\"ListItem\",\"@id\":\"https:\\\/\\\/eldigitaldeasturias.com\\\/magazine365#listItem\",\"position\":1,\"name\":\"Home\",\"item\":\"https:\\\/\\\/eldigitaldeasturias.com\\\/magazine365\",\"nextItem\":{\"@type\":\"ListItem\",\"@id\":\"https:\\\/\\\/eldigitaldeasturias.com\\\/magazine365\\\/category\\\/noticias-actualidad\\\/#listItem\",\"name\":\"Noticias y Actualidad\"}},{\"@type\":\"ListItem\",\"@id\":\"https:\\\/\\\/eldigitaldeasturias.com\\\/magazine365\\\/category\\\/noticias-actualidad\\\/#listItem\",\"position\":2,\"name\":\"Noticias y Actualidad\",\"item\":\"https:\\\/\\\/eldigitaldeasturias.com\\\/magazine365\\\/category\\\/noticias-actualidad\\\/\",\"nextItem\":{\"@type\":\"ListItem\",\"@id\":\"https:\\\/\\\/eldigitaldeasturias.com\\\/magazine365\\\/sepla-denunciara-a-air-nostrum-por-el-despido-de-un-piloto-alegando-falta-de-puntualidad\\\/#listItem\",\"name\":\"Sepla denunciar\\u00e1 a Air Nostrum por el despido de un piloto alegando \\u00abfalta de puntualidad\"},\"previousItem\":{\"@type\":\"ListItem\",\"@id\":\"https:\\\/\\\/eldigitaldeasturias.com\\\/magazine365#listItem\",\"name\":\"Home\"}},{\"@type\":\"ListItem\",\"@id\":\"https:\\\/\\\/eldigitaldeasturias.com\\\/magazine365\\\/sepla-denunciara-a-air-nostrum-por-el-despido-de-un-piloto-alegando-falta-de-puntualidad\\\/#listItem\",\"position\":3,\"name\":\"Sepla denunciar\\u00e1 a Air Nostrum por el despido de un piloto alegando \\u00abfalta de puntualidad\",\"previousItem\":{\"@type\":\"ListItem\",\"@id\":\"https:\\\/\\\/eldigitaldeasturias.com\\\/magazine365\\\/category\\\/noticias-actualidad\\\/#listItem\",\"name\":\"Noticias y Actualidad\"}}]},{\"@type\":\"Organization\",\"@id\":\"https:\\\/\\\/eldigitaldeasturias.com\\\/magazine365\\\/#organization\",\"name\":\"El digital de Asturias\",\"description\":\"Revista de ocio, turismo y estilo de vida\",\"url\":\"https:\\\/\\\/eldigitaldeasturias.com\\\/magazine365\\\/\",\"logo\":{\"@type\":\"ImageObject\",\"url\":\"https:\\\/\\\/www.eldigitaldeasturias.com\\\/noticias\\\/wp-content\\\/uploads\\\/2020\\\/12\\\/EDA.jpg\",\"@id\":\"https:\\\/\\\/eldigitaldeasturias.com\\\/magazine365\\\/sepla-denunciara-a-air-nostrum-por-el-despido-de-un-piloto-alegando-falta-de-puntualidad\\\/#organizationLogo\"},\"image\":{\"@id\":\"https:\\\/\\\/eldigitaldeasturias.com\\\/magazine365\\\/sepla-denunciara-a-air-nostrum-por-el-despido-de-un-piloto-alegando-falta-de-puntualidad\\\/#organizationLogo\"}},{\"@type\":\"Person\",\"@id\":\"https:\\\/\\\/eldigitaldeasturias.com\\\/magazine365\\\/author\\\/admin\\\/#author\",\"url\":\"https:\\\/\\\/eldigitaldeasturias.com\\\/magazine365\\\/author\\\/admin\\\/\",\"name\":\"admin\",\"image\":{\"@type\":\"ImageObject\",\"@id\":\"https:\\\/\\\/eldigitaldeasturias.com\\\/magazine365\\\/sepla-denunciara-a-air-nostrum-por-el-despido-de-un-piloto-alegando-falta-de-puntualidad\\\/#authorImage\",\"url\":\"https:\\\/\\\/eldigitaldeasturias.com\\\/magazine365\\\/wp-content\\\/litespeed\\\/avatar\\\/e571bcf59a0edd6fa6838245a470f2fe.jpg?ver=1777574230\",\"width\":96,\"height\":96,\"caption\":\"admin\"}},{\"@type\":\"WebPage\",\"@id\":\"https:\\\/\\\/eldigitaldeasturias.com\\\/magazine365\\\/sepla-denunciara-a-air-nostrum-por-el-despido-de-un-piloto-alegando-falta-de-puntualidad\\\/#webpage\",\"url\":\"https:\\\/\\\/eldigitaldeasturias.com\\\/magazine365\\\/sepla-denunciara-a-air-nostrum-por-el-despido-de-un-piloto-alegando-falta-de-puntualidad\\\/\",\"name\":\"Sepla denunciar\\u00e1 a Air Nostrum por el despido de un piloto alegando \\u00abfalta de puntualidad | El Digital de Asturias\",\"description\":\"El Sindicato Espa\\u00f1ol de Pilotos de L\\u00edneas A\\u00e9reas (Sepla) denunciar\\u00e1 a Air Nostrum por el despido de un comandante el pasado 11 de abril alegando \\\"falta de puntualidad\\\", al entender que se trata de un despido \\\"improcedente\\\", una situaci\\u00f3n que provoca \\\"miedo y presi\\u00f3n\\\" al resto de los pilotos que trabajan en la compa\\u00f1\\u00eda. As\\u00ed\",\"inLanguage\":\"es-ES\",\"isPartOf\":{\"@id\":\"https:\\\/\\\/eldigitaldeasturias.com\\\/magazine365\\\/#website\"},\"breadcrumb\":{\"@id\":\"https:\\\/\\\/eldigitaldeasturias.com\\\/magazine365\\\/sepla-denunciara-a-air-nostrum-por-el-despido-de-un-piloto-alegando-falta-de-puntualidad\\\/#breadcrumblist\"},\"author\":{\"@id\":\"https:\\\/\\\/eldigitaldeasturias.com\\\/magazine365\\\/author\\\/admin\\\/#author\"},\"creator\":{\"@id\":\"https:\\\/\\\/eldigitaldeasturias.com\\\/magazine365\\\/author\\\/admin\\\/#author\"},\"image\":{\"@type\":\"ImageObject\",\"url\":\"https:\\\/\\\/eldigitaldeasturias.com\\\/magazine365\\\/wp-content\\\/uploads\\\/2016\\\/05\\\/fotonoticia_20160504102933_800.jpg\",\"@id\":\"https:\\\/\\\/eldigitaldeasturias.com\\\/magazine365\\\/sepla-denunciara-a-air-nostrum-por-el-despido-de-un-piloto-alegando-falta-de-puntualidad\\\/#mainImage\",\"width\":800,\"height\":600},\"primaryImageOfPage\":{\"@id\":\"https:\\\/\\\/eldigitaldeasturias.com\\\/magazine365\\\/sepla-denunciara-a-air-nostrum-por-el-despido-de-un-piloto-alegando-falta-de-puntualidad\\\/#mainImage\"},\"datePublished\":\"2016-05-07T01:56:16+02:00\",\"dateModified\":\"2016-05-07T01:56:16+02:00\"},{\"@type\":\"WebSite\",\"@id\":\"https:\\\/\\\/eldigitaldeasturias.com\\\/magazine365\\\/#website\",\"url\":\"https:\\\/\\\/eldigitaldeasturias.com\\\/magazine365\\\/\",\"name\":\"El Digital de Asturias\",\"description\":\"Revista de ocio, turismo y estilo de vida\",\"inLanguage\":\"es-ES\",\"publisher\":{\"@id\":\"https:\\\/\\\/eldigitaldeasturias.com\\\/magazine365\\\/#organization\"}}]}\n\t\t<\/script>\n\t\t<!-- All in One SEO Pro -->\r\n\t\t<title>Sepla denunciar\u00e1 a Air Nostrum por el despido de un piloto alegando \u00abfalta de puntualidad | El Digital de Asturias<\/title>\n\n","aioseo_head_json":{"title":"Sepla denunciar\u00e1 a Air Nostrum por el despido de un piloto alegando \u00abfalta de puntualidad | El Digital de Asturias","description":"El Sindicato Espa\u00f1ol de Pilotos de L\u00edneas A\u00e9reas (Sepla) denunciar\u00e1 a Air Nostrum por el despido de un comandante el pasado 11 de abril alegando \"falta de puntualidad\", al entender que se trata de un despido \"improcedente\", una situaci\u00f3n que provoca \"miedo y presi\u00f3n\" al resto de los pilotos que trabajan en la compa\u00f1\u00eda. As\u00ed","canonical_url":"https:\/\/eldigitaldeasturias.com\/magazine365\/sepla-denunciara-a-air-nostrum-por-el-despido-de-un-piloto-alegando-falta-de-puntualidad\/","robots":"max-image-preview:large","keywords":"noticias y actualidad","webmasterTools":{"google-site-verification":"UA-38556648-1","miscellaneous":""},"schema":{"@context":"https:\/\/schema.org","@graph":[{"@type":"Article","@id":"https:\/\/eldigitaldeasturias.com\/magazine365\/sepla-denunciara-a-air-nostrum-por-el-despido-de-un-piloto-alegando-falta-de-puntualidad\/#article","name":"Sepla denunciar\u00e1 a Air Nostrum por el despido de un piloto alegando \u00abfalta de puntualidad | El Digital de Asturias","headline":"Sepla denunciar\u00e1 a Air Nostrum por el despido de un piloto alegando \u00abfalta de puntualidad","author":{"@id":"https:\/\/eldigitaldeasturias.com\/magazine365\/author\/admin\/#author"},"publisher":{"@id":"https:\/\/eldigitaldeasturias.com\/magazine365\/#organization"},"image":{"@type":"ImageObject","url":"https:\/\/eldigitaldeasturias.com\/magazine365\/wp-content\/uploads\/2016\/05\/fotonoticia_20160504102933_800.jpg","width":800,"height":600},"datePublished":"2016-05-07T01:56:16+02:00","dateModified":"2016-05-07T01:56:16+02:00","inLanguage":"es-ES","mainEntityOfPage":{"@id":"https:\/\/eldigitaldeasturias.com\/magazine365\/sepla-denunciara-a-air-nostrum-por-el-despido-de-un-piloto-alegando-falta-de-puntualidad\/#webpage"},"isPartOf":{"@id":"https:\/\/eldigitaldeasturias.com\/magazine365\/sepla-denunciara-a-air-nostrum-por-el-despido-de-un-piloto-alegando-falta-de-puntualidad\/#webpage"},"articleSection":"Noticias y Actualidad"},{"@type":"BreadcrumbList","@id":"https:\/\/eldigitaldeasturias.com\/magazine365\/sepla-denunciara-a-air-nostrum-por-el-despido-de-un-piloto-alegando-falta-de-puntualidad\/#breadcrumblist","itemListElement":[{"@type":"ListItem","@id":"https:\/\/eldigitaldeasturias.com\/magazine365#listItem","position":1,"name":"Home","item":"https:\/\/eldigitaldeasturias.com\/magazine365","nextItem":{"@type":"ListItem","@id":"https:\/\/eldigitaldeasturias.com\/magazine365\/category\/noticias-actualidad\/#listItem","name":"Noticias y Actualidad"}},{"@type":"ListItem","@id":"https:\/\/eldigitaldeasturias.com\/magazine365\/category\/noticias-actualidad\/#listItem","position":2,"name":"Noticias y Actualidad","item":"https:\/\/eldigitaldeasturias.com\/magazine365\/category\/noticias-actualidad\/","nextItem":{"@type":"ListItem","@id":"https:\/\/eldigitaldeasturias.com\/magazine365\/sepla-denunciara-a-air-nostrum-por-el-despido-de-un-piloto-alegando-falta-de-puntualidad\/#listItem","name":"Sepla denunciar\u00e1 a Air Nostrum por el despido de un piloto alegando \u00abfalta de puntualidad"},"previousItem":{"@type":"ListItem","@id":"https:\/\/eldigitaldeasturias.com\/magazine365#listItem","name":"Home"}},{"@type":"ListItem","@id":"https:\/\/eldigitaldeasturias.com\/magazine365\/sepla-denunciara-a-air-nostrum-por-el-despido-de-un-piloto-alegando-falta-de-puntualidad\/#listItem","position":3,"name":"Sepla denunciar\u00e1 a Air Nostrum por el despido de un piloto alegando \u00abfalta de puntualidad","previousItem":{"@type":"ListItem","@id":"https:\/\/eldigitaldeasturias.com\/magazine365\/category\/noticias-actualidad\/#listItem","name":"Noticias y Actualidad"}}]},{"@type":"Organization","@id":"https:\/\/eldigitaldeasturias.com\/magazine365\/#organization","name":"El digital de Asturias","description":"Revista de ocio, turismo y estilo de vida","url":"https:\/\/eldigitaldeasturias.com\/magazine365\/","logo":{"@type":"ImageObject","url":"https:\/\/www.eldigitaldeasturias.com\/noticias\/wp-content\/uploads\/2020\/12\/EDA.jpg","@id":"https:\/\/eldigitaldeasturias.com\/magazine365\/sepla-denunciara-a-air-nostrum-por-el-despido-de-un-piloto-alegando-falta-de-puntualidad\/#organizationLogo"},"image":{"@id":"https:\/\/eldigitaldeasturias.com\/magazine365\/sepla-denunciara-a-air-nostrum-por-el-despido-de-un-piloto-alegando-falta-de-puntualidad\/#organizationLogo"}},{"@type":"Person","@id":"https:\/\/eldigitaldeasturias.com\/magazine365\/author\/admin\/#author","url":"https:\/\/eldigitaldeasturias.com\/magazine365\/author\/admin\/","name":"admin","image":{"@type":"ImageObject","@id":"https:\/\/eldigitaldeasturias.com\/magazine365\/sepla-denunciara-a-air-nostrum-por-el-despido-de-un-piloto-alegando-falta-de-puntualidad\/#authorImage","url":"https:\/\/eldigitaldeasturias.com\/magazine365\/wp-content\/litespeed\/avatar\/e571bcf59a0edd6fa6838245a470f2fe.jpg?ver=1777574230","width":96,"height":96,"caption":"admin"}},{"@type":"WebPage","@id":"https:\/\/eldigitaldeasturias.com\/magazine365\/sepla-denunciara-a-air-nostrum-por-el-despido-de-un-piloto-alegando-falta-de-puntualidad\/#webpage","url":"https:\/\/eldigitaldeasturias.com\/magazine365\/sepla-denunciara-a-air-nostrum-por-el-despido-de-un-piloto-alegando-falta-de-puntualidad\/","name":"Sepla denunciar\u00e1 a Air Nostrum por el despido de un piloto alegando \u00abfalta de puntualidad | El Digital de Asturias","description":"El Sindicato Espa\u00f1ol de Pilotos de L\u00edneas A\u00e9reas (Sepla) denunciar\u00e1 a Air Nostrum por el despido de un comandante el pasado 11 de abril alegando \"falta de puntualidad\", al entender que se trata de un despido \"improcedente\", una situaci\u00f3n que provoca \"miedo y presi\u00f3n\" al resto de los pilotos que trabajan en la compa\u00f1\u00eda. As\u00ed","inLanguage":"es-ES","isPartOf":{"@id":"https:\/\/eldigitaldeasturias.com\/magazine365\/#website"},"breadcrumb":{"@id":"https:\/\/eldigitaldeasturias.com\/magazine365\/sepla-denunciara-a-air-nostrum-por-el-despido-de-un-piloto-alegando-falta-de-puntualidad\/#breadcrumblist"},"author":{"@id":"https:\/\/eldigitaldeasturias.com\/magazine365\/author\/admin\/#author"},"creator":{"@id":"https:\/\/eldigitaldeasturias.com\/magazine365\/author\/admin\/#author"},"image":{"@type":"ImageObject","url":"https:\/\/eldigitaldeasturias.com\/magazine365\/wp-content\/uploads\/2016\/05\/fotonoticia_20160504102933_800.jpg","@id":"https:\/\/eldigitaldeasturias.com\/magazine365\/sepla-denunciara-a-air-nostrum-por-el-despido-de-un-piloto-alegando-falta-de-puntualidad\/#mainImage","width":800,"height":600},"primaryImageOfPage":{"@id":"https:\/\/eldigitaldeasturias.com\/magazine365\/sepla-denunciara-a-air-nostrum-por-el-despido-de-un-piloto-alegando-falta-de-puntualidad\/#mainImage"},"datePublished":"2016-05-07T01:56:16+02:00","dateModified":"2016-05-07T01:56:16+02:00"},{"@type":"WebSite","@id":"https:\/\/eldigitaldeasturias.com\/magazine365\/#website","url":"https:\/\/eldigitaldeasturias.com\/magazine365\/","name":"El Digital de Asturias","description":"Revista de ocio, turismo y estilo de vida","inLanguage":"es-ES","publisher":{"@id":"https:\/\/eldigitaldeasturias.com\/magazine365\/#organization"}}]},"og:locale":"es_ES","og:site_name":"El Digital de Asturias \u2013 Revista de ocio, turismo y estilo de vida","og:type":"article","og:title":"Sepla denunciar\u00e1 a Air Nostrum por el despido de un piloto alegando \u00abfalta de puntualidad | El Digital de Asturias","og:description":"El Sindicato Espa\u00f1ol de Pilotos de L\u00edneas A\u00e9reas (Sepla) denunciar\u00e1 a Air Nostrum por el despido de un comandante el pasado 11 de abril alegando &quot;falta de puntualidad&quot;, al entender que se trata de un despido &quot;improcedente&quot;, una situaci\u00f3n que provoca &quot;miedo y presi\u00f3n&quot; al resto de los pilotos que trabajan en la compa\u00f1\u00eda. As\u00ed","og:url":"https:\/\/eldigitaldeasturias.com\/magazine365\/sepla-denunciara-a-air-nostrum-por-el-despido-de-un-piloto-alegando-falta-de-puntualidad\/","og:image":"https:\/\/eldigitaldeasturias.com\/magazine365\/wp-content\/uploads\/2016\/05\/fotonoticia_20160504102933_800.jpg","og:image:secure_url":"https:\/\/eldigitaldeasturias.com\/magazine365\/wp-content\/uploads\/2016\/05\/fotonoticia_20160504102933_800.jpg","og:image:width":800,"og:image:height":600,"article:published_time":"2016-05-06T23:56:16+00:00","article:modified_time":"2016-05-06T23:56:16+00:00","twitter:card":"summary_large_image","twitter:title":"Sepla denunciar\u00e1 a Air Nostrum por el despido de un piloto alegando \u00abfalta de puntualidad | El Digital de Asturias","twitter:description":"El Sindicato Espa\u00f1ol de Pilotos de L\u00edneas A\u00e9reas (Sepla) denunciar\u00e1 a Air Nostrum por el despido de un comandante el pasado 11 de abril alegando &quot;falta de puntualidad&quot;, al entender que se trata de un despido &quot;improcedente&quot;, una situaci\u00f3n que provoca &quot;miedo y presi\u00f3n&quot; al resto de los pilotos que trabajan en la compa\u00f1\u00eda. As\u00ed","twitter:image":"https:\/\/eldigitaldeasturias.com\/magazine365\/wp-content\/uploads\/2016\/05\/fotonoticia_20160504102933_800.jpg"},"aioseo_meta_data":{"post_id":"75935","title":null,"description":null,"keywords":null,"keyphrases":null,"primary_term":null,"canonical_url":null,"og_title":null,"og_description":null,"og_object_type":"default","og_image_type":"default","og_image_url":null,"og_image_width":null,"og_image_height":null,"og_image_custom_url":null,"og_image_custom_fields":null,"og_video":null,"og_custom_url":null,"og_article_section":null,"og_article_tags":null,"twitter_use_og":false,"twitter_card":"default","twitter_image_type":"default","twitter_image_url":null,"twitter_image_custom_url":null,"twitter_image_custom_fields":null,"twitter_title":null,"twitter_description":null,"schema":{"blockGraphs":[],"customGraphs":[],"default":{"data":{"Article":[],"Course":[],"Dataset":[],"FAQPage":[],"Movie":[],"Person":[],"Product":[],"ProductReview":[],"Car":[],"Recipe":[],"Service":[],"SoftwareApplication":[],"WebPage":[]},"graphName":"","isEnabled":true},"graphs":[],"defaultGraph":"","defaultPostTypeGraph":""},"schema_type":null,"schema_type_options":null,"pillar_content":false,"robots_default":true,"robots_noindex":false,"robots_noarchive":false,"robots_nosnippet":false,"robots_nofollow":false,"robots_noimageindex":false,"robots_noodp":false,"robots_notranslate":false,"robots_max_snippet":null,"robots_max_videopreview":null,"robots_max_imagepreview":"large","priority":null,"frequency":null,"location":null,"local_seo":null,"seo_analyzer_scan_date":"2025-09-27 11:30:52","breadcrumb_settings":null,"limit_modified_date":false,"open_ai":null,"ai":null,"created":"2021-03-08 18:34:41","updated":"2025-09-27 11:30:52"},"aioseo_breadcrumb":"<div class=\"aioseo-breadcrumbs\"><span class=\"aioseo-breadcrumb\">\n\t<a href=\"https:\/\/eldigitaldeasturias.com\/magazine365\" title=\"Home\">Home<\/a>\n<\/span><span class=\"aioseo-breadcrumb-separator\">\u2013<\/span><span class=\"aioseo-breadcrumb\">\n\t<a href=\"https:\/\/eldigitaldeasturias.com\/magazine365\/category\/noticias-actualidad\/\" title=\"Noticias y Actualidad\">Noticias y Actualidad<\/a>\n<\/span><span class=\"aioseo-breadcrumb-separator\">\u2013<\/span><span class=\"aioseo-breadcrumb\">\n\t<a href=\"https:\/\/eldigitaldeasturias.com\/magazine365\/sepla-denunciara-a-air-nostrum-por-el-despido-de-un-piloto-alegando-falta-de-puntualidad\/\" title=\"Sepla denunciar\u00e1 a Air Nostrum por el despido de un piloto alegando \u00abfalta de puntualidad\">Sepla denunciar\u00e1 a Air Nostrum por el despido de un piloto alegando \u00abfalta de puntualidad<\/a>\n<\/span><\/div>","aioseo_breadcrumb_json":[{"label":"Home","link":"https:\/\/eldigitaldeasturias.com\/magazine365"},{"label":"Noticias y Actualidad","link":"https:\/\/eldigitaldeasturias.com\/magazine365\/category\/noticias-actualidad\/"},{"label":"Sepla denunciar\u00e1 a Air Nostrum por el despido de un piloto alegando \u00abfalta de puntualidad","link":"https:\/\/eldigitaldeasturias.com\/magazine365\/sepla-denunciara-a-air-nostrum-por-el-despido-de-un-piloto-alegando-falta-de-puntualidad\/"}],"_links":{"self":[{"href":"https:\/\/eldigitaldeasturias.com\/magazine365\/wp-json\/wp\/v2\/posts\/75935","targetHints":{"allow":["GET"]}}],"collection":[{"href":"https:\/\/eldigitaldeasturias.com\/magazine365\/wp-json\/wp\/v2\/posts"}],"about":[{"href":"https:\/\/eldigitaldeasturias.com\/magazine365\/wp-json\/wp\/v2\/types\/post"}],"author":[{"embeddable":true,"href":"https:\/\/eldigitaldeasturias.com\/magazine365\/wp-json\/wp\/v2\/users\/1"}],"replies":[{"embeddable":true,"href":"https:\/\/eldigitaldeasturias.com\/magazine365\/wp-json\/wp\/v2\/comments?post=75935"}],"version-history":[{"count":0,"href":"https:\/\/eldigitaldeasturias.com\/magazine365\/wp-json\/wp\/v2\/posts\/75935\/revisions"}],"wp:featuredmedia":[{"embeddable":true,"href":"https:\/\/eldigitaldeasturias.com\/magazine365\/wp-json\/wp\/v2\/media\/75936"}],"wp:attachment":[{"href":"https:\/\/eldigitaldeasturias.com\/magazine365\/wp-json\/wp\/v2\/media?parent=75935"}],"wp:term":[{"taxonomy":"category","embeddable":true,"href":"https:\/\/eldigitaldeasturias.com\/magazine365\/wp-json\/wp\/v2\/categories?post=75935"},{"taxonomy":"post_tag","embeddable":true,"href":"https:\/\/eldigitaldeasturias.com\/magazine365\/wp-json\/wp\/v2\/tags?post=75935"}],"curies":[{"name":"wp","href":"https:\/\/api.w.org\/{rel}","templated":true}]}}