{"id":75926,"date":"2016-05-07T01:53:23","date_gmt":"2016-05-06T23:53:23","guid":{"rendered":"http:\/\/eldigitaldeasturias.com\/magazine365\/?p=75926"},"modified":"2016-05-07T01:53:23","modified_gmt":"2016-05-06T23:53:23","slug":"rosario-alarcon-cordoba-no-puede-seguir-cerrando-sus-puertas-al-turismo","status":"publish","type":"post","link":"https:\/\/eldigitaldeasturias.com\/magazine365\/rosario-alarcon-cordoba-no-puede-seguir-cerrando-sus-puertas-al-turismo\/","title":{"rendered":"Rosario Alarc\u00f3n: \u00abC\u00f3rdoba no puede seguir cerrando sus puertas al turismo\u00bb"},"content":{"rendered":"<p><img fetchpriority=\"high\" decoding=\"async\" class=\"alignleft size-medium wp-image-75927\" src=\"https:\/\/eldigitaldeasturias.com\/magazine365\/wp-content\/uploads\/2016\/05\/fotonoticia_20160503204808_800-360x203.jpg\" alt=\"fotonoticia_20160503204808_800\" width=\"360\" height=\"203\" srcset=\"https:\/\/eldigitaldeasturias.com\/magazine365\/wp-content\/uploads\/2016\/05\/fotonoticia_20160503204808_800-360x203.jpg 360w, https:\/\/eldigitaldeasturias.com\/magazine365\/wp-content\/uploads\/2016\/05\/fotonoticia_20160503204808_800-650x366.jpg 650w, https:\/\/eldigitaldeasturias.com\/magazine365\/wp-content\/uploads\/2016\/05\/fotonoticia_20160503204808_800-768x432.jpg 768w, https:\/\/eldigitaldeasturias.com\/magazine365\/wp-content\/uploads\/2016\/05\/fotonoticia_20160503204808_800-150x84.jpg 150w, https:\/\/eldigitaldeasturias.com\/magazine365\/wp-content\/uploads\/2016\/05\/fotonoticia_20160503204808_800-450x253.jpg 450w, https:\/\/eldigitaldeasturias.com\/magazine365\/wp-content\/uploads\/2016\/05\/fotonoticia_20160503204808_800-499x280.jpg 499w, https:\/\/eldigitaldeasturias.com\/magazine365\/wp-content\/uploads\/2016\/05\/fotonoticia_20160503204808_800-510x289.jpg 510w, https:\/\/eldigitaldeasturias.com\/magazine365\/wp-content\/uploads\/2016\/05\/fotonoticia_20160503204808_800.jpg 800w\" sizes=\"(max-width: 360px) 100vw, 360px\" \/>La portavoz de Turismo del PP andaluz y diputada auton\u00f3mica por C\u00f3rdoba, Rosario Alarc\u00f3n, ha afirmado este martes que \u00abC\u00f3rdoba no puede seguir cerrando sus puertas al turismo, tal y como ha ocurrido en el puente del primero de mayo\u00bb.<\/p>\n<p>Seg\u00fan ha informado el PP, Alarc\u00f3n, que ha mantenido un encuentro con la Asociaci\u00f3n de Empresarios de Hospedaje de C\u00f3rdoba (Aehco), ha dicho lamentar que \u00abel turismo en C\u00f3rdoba est\u00e9 gestionado por autoridades que son insensibles para con el principal sector productivo de nuestra ciudad\u00bb. As\u00ed lo refleja, seg\u00fan ha se\u00f1alado la parlamentaria popular, que el Ayuntamiento de C\u00f3rdoba \u00abhaya vuelto a mantener cerrados el Alc\u00e1zar de los Reyes Cristianos y los Museos Taurino y Julio Romero de Torres\u00bb.<\/p>\n<p>\u00abY m\u00e1s grave a\u00fan &#8211;ha proseguido&#8211; es que la Junta de Andaluc\u00eda se haya sumado a la falta de visi\u00f3n tur\u00edstica del gobierno municipal de C\u00f3rdoba y haya decidido tambi\u00e9n cerrar Medina Azahara y los Museos de Bellas Artes y Arqueol\u00f3gico\u00bb.<\/p>\n<p>Ante esta situaci\u00f3n, Rosario Alarc\u00f3n ha anunciado que llevar\u00e1 ante el consejero de Turismo el cierre de museos llevado a cabo en el puente del 1\u00ba de mayo para pedirle una explicaci\u00f3n y preguntarle, en concreto, \u00ab\u00bfpor qu\u00e9 la Junta no ha actuado en C\u00f3rdoba igual que hizo en el pasado puente de Andaluc\u00eda, cuando los museos que son de su competencia s\u00ed estaban operativos?\u00bb.<\/p>\n<p>\u00abCon el turismo toda oportunidad que se brinde para reforzar la marca C\u00f3rdoba no se puede perder, y en C\u00f3rdoba ya estamos perdiendo muchas\u00bb, seg\u00fan ha asegurado Alarc\u00f3n, quien ha dicho sobre el Festival de los Patios Cordobeses que \u00abson uno de los mayores reclamos en el mundo de nuestra ciudad, por lo que hemos perdido una oportunidad de oro de mostrar nuestro potencial\u00bb.<\/p>\n<p>A este respecto, la diputada regional del PP ha recordado que \u00abel sector tur\u00edstico ya avis\u00f3 de las buenas previsiones para el puente de mayo, sobre todo de madrile\u00f1os, al ser el d\u00eda 2 la fiesta de su comunidad, y ha vuelto a ocurrir lo mismo que en el pasado puente de Andaluc\u00eda\u00bb.<\/p>\n<p>En consecuencia, Rosario Alarc\u00f3n pide, tanto a la Junta, como al Ayuntamiento, \u00abque esto no vuelva a ocurrir, para que la imagen de C\u00f3rdoba no siga da\u00f1\u00e1ndose, porque decisiones de este tipo provocan un grave lastre en la promoci\u00f3n de nuestra ciudad\u00bb.<\/p>\n<p>En este sentido, ha indicado que \u00abla calidad tur\u00edstica de C\u00f3rdoba no es solo aumentar el n\u00famero de plazas hoteleras, sino que las administraciones competentes hagan atractiva siempre la ciudad y trabaje contra la estacionalidad\u00bb.<\/p>\n","protected":false},"excerpt":{"rendered":"<p>La portavoz de Turismo del PP andaluz y diputada auton\u00f3mica por C\u00f3rdoba, Rosario Alarc\u00f3n, ha afirmado este martes que \u00abC\u00f3rdoba no puede seguir cerrando sus puertas al turismo, tal y como ha ocurrido en el puente del primero de mayo\u00bb. Seg\u00fan ha informado el PP, Alarc\u00f3n, que ha mantenido un encuentro con la Asociaci\u00f3n de<\/p>\n","protected":false},"author":1,"featured_media":75927,"comment_status":"open","ping_status":"closed","sticky":false,"template":"","format":"standard","meta":{"footnotes":""},"categories":[224],"tags":[],"class_list":{"0":"post-75926","1":"post","2":"type-post","3":"status-publish","4":"format-standard","5":"has-post-thumbnail","7":"category-noticias-actualidad"},"aioseo_notices":[],"aioseo_head":"\n\t\t<!-- All in One SEO Pro 4.9.6.1 - aioseo.com -->\n\t<meta name=\"description\" content=\"La portavoz de Turismo del PP andaluz y diputada auton\u00f3mica por C\u00f3rdoba, Rosario Alarc\u00f3n, ha afirmado este martes que &quot;C\u00f3rdoba no puede seguir cerrando sus puertas al turismo, tal y como ha ocurrido en el puente del primero de mayo&quot;. Seg\u00fan ha informado el PP, Alarc\u00f3n, que ha mantenido un encuentro con la Asociaci\u00f3n de\" \/>\n\t<meta name=\"robots\" content=\"max-image-preview:large\" \/>\n\t<meta name=\"author\" content=\"admin\"\/>\n\t<meta name=\"google-site-verification\" content=\"UA-38556648-1\" \/>\n\t<meta name=\"keywords\" content=\"noticias y actualidad\" \/>\n\t<link rel=\"canonical\" href=\"https:\/\/eldigitaldeasturias.com\/magazine365\/rosario-alarcon-cordoba-no-puede-seguir-cerrando-sus-puertas-al-turismo\/\" \/>\n\t<meta name=\"generator\" content=\"All in One SEO Pro (AIOSEO) 4.9.6.1\" \/>\n\t\t<meta property=\"og:locale\" content=\"es_ES\" \/>\n\t\t<meta property=\"og:site_name\" content=\"El Digital de Asturias \u2013 Revista de ocio, turismo y estilo de vida\" \/>\n\t\t<meta property=\"og:type\" content=\"article\" \/>\n\t\t<meta property=\"og:title\" content=\"Rosario Alarc\u00f3n: \u00abC\u00f3rdoba no puede seguir cerrando sus puertas al turismo\u00bb | El Digital de Asturias\" \/>\n\t\t<meta property=\"og:description\" content=\"La portavoz de Turismo del PP andaluz y diputada auton\u00f3mica por C\u00f3rdoba, Rosario Alarc\u00f3n, ha afirmado este martes que &quot;C\u00f3rdoba no puede seguir cerrando sus puertas al turismo, tal y como ha ocurrido en el puente del primero de mayo&quot;. Seg\u00fan ha informado el PP, Alarc\u00f3n, que ha mantenido un encuentro con la Asociaci\u00f3n de\" \/>\n\t\t<meta property=\"og:url\" content=\"https:\/\/eldigitaldeasturias.com\/magazine365\/rosario-alarcon-cordoba-no-puede-seguir-cerrando-sus-puertas-al-turismo\/\" \/>\n\t\t<meta property=\"og:image\" content=\"https:\/\/eldigitaldeasturias.com\/magazine365\/wp-content\/uploads\/2016\/05\/fotonoticia_20160503204808_800.jpg\" \/>\n\t\t<meta property=\"og:image:secure_url\" content=\"https:\/\/eldigitaldeasturias.com\/magazine365\/wp-content\/uploads\/2016\/05\/fotonoticia_20160503204808_800.jpg\" \/>\n\t\t<meta property=\"og:image:width\" content=\"800\" \/>\n\t\t<meta property=\"og:image:height\" content=\"450\" \/>\n\t\t<meta property=\"article:published_time\" content=\"2016-05-06T23:53:23+00:00\" \/>\n\t\t<meta property=\"article:modified_time\" content=\"2016-05-06T23:53:23+00:00\" \/>\n\t\t<meta name=\"twitter:card\" content=\"summary_large_image\" \/>\n\t\t<meta name=\"twitter:title\" content=\"Rosario Alarc\u00f3n: \u00abC\u00f3rdoba no puede seguir cerrando sus puertas al turismo\u00bb | El Digital de Asturias\" \/>\n\t\t<meta name=\"twitter:description\" content=\"La portavoz de Turismo del PP andaluz y diputada auton\u00f3mica por C\u00f3rdoba, Rosario Alarc\u00f3n, ha afirmado este martes que &quot;C\u00f3rdoba no puede seguir cerrando sus puertas al turismo, tal y como ha ocurrido en el puente del primero de mayo&quot;. Seg\u00fan ha informado el PP, Alarc\u00f3n, que ha mantenido un encuentro con la Asociaci\u00f3n de\" \/>\n\t\t<meta name=\"twitter:image\" content=\"https:\/\/eldigitaldeasturias.com\/magazine365\/wp-content\/uploads\/2016\/05\/fotonoticia_20160503204808_800.jpg\" \/>\n\t\t<script type=\"application\/ld+json\" class=\"aioseo-schema\">\n\t\t\t{\"@context\":\"https:\\\/\\\/schema.org\",\"@graph\":[{\"@type\":\"Article\",\"@id\":\"https:\\\/\\\/eldigitaldeasturias.com\\\/magazine365\\\/rosario-alarcon-cordoba-no-puede-seguir-cerrando-sus-puertas-al-turismo\\\/#article\",\"name\":\"Rosario Alarc\\u00f3n: \\u00abC\\u00f3rdoba no puede seguir cerrando sus puertas al turismo\\u00bb | El Digital de Asturias\",\"headline\":\"Rosario Alarc\\u00f3n: \\u00abC\\u00f3rdoba no puede seguir cerrando sus puertas al turismo\\u00bb\",\"author\":{\"@id\":\"https:\\\/\\\/eldigitaldeasturias.com\\\/magazine365\\\/author\\\/admin\\\/#author\"},\"publisher\":{\"@id\":\"https:\\\/\\\/eldigitaldeasturias.com\\\/magazine365\\\/#organization\"},\"image\":{\"@type\":\"ImageObject\",\"url\":\"https:\\\/\\\/eldigitaldeasturias.com\\\/magazine365\\\/wp-content\\\/uploads\\\/2016\\\/05\\\/fotonoticia_20160503204808_800.jpg\",\"width\":800,\"height\":450},\"datePublished\":\"2016-05-07T01:53:23+02:00\",\"dateModified\":\"2016-05-07T01:53:23+02:00\",\"inLanguage\":\"es-ES\",\"mainEntityOfPage\":{\"@id\":\"https:\\\/\\\/eldigitaldeasturias.com\\\/magazine365\\\/rosario-alarcon-cordoba-no-puede-seguir-cerrando-sus-puertas-al-turismo\\\/#webpage\"},\"isPartOf\":{\"@id\":\"https:\\\/\\\/eldigitaldeasturias.com\\\/magazine365\\\/rosario-alarcon-cordoba-no-puede-seguir-cerrando-sus-puertas-al-turismo\\\/#webpage\"},\"articleSection\":\"Noticias y Actualidad\"},{\"@type\":\"BreadcrumbList\",\"@id\":\"https:\\\/\\\/eldigitaldeasturias.com\\\/magazine365\\\/rosario-alarcon-cordoba-no-puede-seguir-cerrando-sus-puertas-al-turismo\\\/#breadcrumblist\",\"itemListElement\":[{\"@type\":\"ListItem\",\"@id\":\"https:\\\/\\\/eldigitaldeasturias.com\\\/magazine365#listItem\",\"position\":1,\"name\":\"Home\",\"item\":\"https:\\\/\\\/eldigitaldeasturias.com\\\/magazine365\",\"nextItem\":{\"@type\":\"ListItem\",\"@id\":\"https:\\\/\\\/eldigitaldeasturias.com\\\/magazine365\\\/category\\\/noticias-actualidad\\\/#listItem\",\"name\":\"Noticias y Actualidad\"}},{\"@type\":\"ListItem\",\"@id\":\"https:\\\/\\\/eldigitaldeasturias.com\\\/magazine365\\\/category\\\/noticias-actualidad\\\/#listItem\",\"position\":2,\"name\":\"Noticias y Actualidad\",\"item\":\"https:\\\/\\\/eldigitaldeasturias.com\\\/magazine365\\\/category\\\/noticias-actualidad\\\/\",\"nextItem\":{\"@type\":\"ListItem\",\"@id\":\"https:\\\/\\\/eldigitaldeasturias.com\\\/magazine365\\\/rosario-alarcon-cordoba-no-puede-seguir-cerrando-sus-puertas-al-turismo\\\/#listItem\",\"name\":\"Rosario Alarc\\u00f3n: \\u00abC\\u00f3rdoba no puede seguir cerrando sus puertas al turismo\\u00bb\"},\"previousItem\":{\"@type\":\"ListItem\",\"@id\":\"https:\\\/\\\/eldigitaldeasturias.com\\\/magazine365#listItem\",\"name\":\"Home\"}},{\"@type\":\"ListItem\",\"@id\":\"https:\\\/\\\/eldigitaldeasturias.com\\\/magazine365\\\/rosario-alarcon-cordoba-no-puede-seguir-cerrando-sus-puertas-al-turismo\\\/#listItem\",\"position\":3,\"name\":\"Rosario Alarc\\u00f3n: \\u00abC\\u00f3rdoba no puede seguir cerrando sus puertas al turismo\\u00bb\",\"previousItem\":{\"@type\":\"ListItem\",\"@id\":\"https:\\\/\\\/eldigitaldeasturias.com\\\/magazine365\\\/category\\\/noticias-actualidad\\\/#listItem\",\"name\":\"Noticias y Actualidad\"}}]},{\"@type\":\"Organization\",\"@id\":\"https:\\\/\\\/eldigitaldeasturias.com\\\/magazine365\\\/#organization\",\"name\":\"El digital de Asturias\",\"description\":\"Revista de ocio, turismo y estilo de vida\",\"url\":\"https:\\\/\\\/eldigitaldeasturias.com\\\/magazine365\\\/\",\"logo\":{\"@type\":\"ImageObject\",\"url\":\"https:\\\/\\\/www.eldigitaldeasturias.com\\\/noticias\\\/wp-content\\\/uploads\\\/2020\\\/12\\\/EDA.jpg\",\"@id\":\"https:\\\/\\\/eldigitaldeasturias.com\\\/magazine365\\\/rosario-alarcon-cordoba-no-puede-seguir-cerrando-sus-puertas-al-turismo\\\/#organizationLogo\"},\"image\":{\"@id\":\"https:\\\/\\\/eldigitaldeasturias.com\\\/magazine365\\\/rosario-alarcon-cordoba-no-puede-seguir-cerrando-sus-puertas-al-turismo\\\/#organizationLogo\"}},{\"@type\":\"Person\",\"@id\":\"https:\\\/\\\/eldigitaldeasturias.com\\\/magazine365\\\/author\\\/admin\\\/#author\",\"url\":\"https:\\\/\\\/eldigitaldeasturias.com\\\/magazine365\\\/author\\\/admin\\\/\",\"name\":\"admin\",\"image\":{\"@type\":\"ImageObject\",\"@id\":\"https:\\\/\\\/eldigitaldeasturias.com\\\/magazine365\\\/rosario-alarcon-cordoba-no-puede-seguir-cerrando-sus-puertas-al-turismo\\\/#authorImage\",\"url\":\"https:\\\/\\\/eldigitaldeasturias.com\\\/magazine365\\\/wp-content\\\/litespeed\\\/avatar\\\/e571bcf59a0edd6fa6838245a470f2fe.jpg?ver=1777574230\",\"width\":96,\"height\":96,\"caption\":\"admin\"}},{\"@type\":\"WebPage\",\"@id\":\"https:\\\/\\\/eldigitaldeasturias.com\\\/magazine365\\\/rosario-alarcon-cordoba-no-puede-seguir-cerrando-sus-puertas-al-turismo\\\/#webpage\",\"url\":\"https:\\\/\\\/eldigitaldeasturias.com\\\/magazine365\\\/rosario-alarcon-cordoba-no-puede-seguir-cerrando-sus-puertas-al-turismo\\\/\",\"name\":\"Rosario Alarc\\u00f3n: \\u00abC\\u00f3rdoba no puede seguir cerrando sus puertas al turismo\\u00bb | El Digital de Asturias\",\"description\":\"La portavoz de Turismo del PP andaluz y diputada auton\\u00f3mica por C\\u00f3rdoba, Rosario Alarc\\u00f3n, ha afirmado este martes que \\\"C\\u00f3rdoba no puede seguir cerrando sus puertas al turismo, tal y como ha ocurrido en el puente del primero de mayo\\\". Seg\\u00fan ha informado el PP, Alarc\\u00f3n, que ha mantenido un encuentro con la Asociaci\\u00f3n de\",\"inLanguage\":\"es-ES\",\"isPartOf\":{\"@id\":\"https:\\\/\\\/eldigitaldeasturias.com\\\/magazine365\\\/#website\"},\"breadcrumb\":{\"@id\":\"https:\\\/\\\/eldigitaldeasturias.com\\\/magazine365\\\/rosario-alarcon-cordoba-no-puede-seguir-cerrando-sus-puertas-al-turismo\\\/#breadcrumblist\"},\"author\":{\"@id\":\"https:\\\/\\\/eldigitaldeasturias.com\\\/magazine365\\\/author\\\/admin\\\/#author\"},\"creator\":{\"@id\":\"https:\\\/\\\/eldigitaldeasturias.com\\\/magazine365\\\/author\\\/admin\\\/#author\"},\"image\":{\"@type\":\"ImageObject\",\"url\":\"https:\\\/\\\/eldigitaldeasturias.com\\\/magazine365\\\/wp-content\\\/uploads\\\/2016\\\/05\\\/fotonoticia_20160503204808_800.jpg\",\"@id\":\"https:\\\/\\\/eldigitaldeasturias.com\\\/magazine365\\\/rosario-alarcon-cordoba-no-puede-seguir-cerrando-sus-puertas-al-turismo\\\/#mainImage\",\"width\":800,\"height\":450},\"primaryImageOfPage\":{\"@id\":\"https:\\\/\\\/eldigitaldeasturias.com\\\/magazine365\\\/rosario-alarcon-cordoba-no-puede-seguir-cerrando-sus-puertas-al-turismo\\\/#mainImage\"},\"datePublished\":\"2016-05-07T01:53:23+02:00\",\"dateModified\":\"2016-05-07T01:53:23+02:00\"},{\"@type\":\"WebSite\",\"@id\":\"https:\\\/\\\/eldigitaldeasturias.com\\\/magazine365\\\/#website\",\"url\":\"https:\\\/\\\/eldigitaldeasturias.com\\\/magazine365\\\/\",\"name\":\"El Digital de Asturias\",\"description\":\"Revista de ocio, turismo y estilo de vida\",\"inLanguage\":\"es-ES\",\"publisher\":{\"@id\":\"https:\\\/\\\/eldigitaldeasturias.com\\\/magazine365\\\/#organization\"}}]}\n\t\t<\/script>\n\t\t<!-- All in One SEO Pro -->\r\n\t\t<title>Rosario Alarc\u00f3n: \u00abC\u00f3rdoba no puede seguir cerrando sus puertas al turismo\u00bb | El Digital de Asturias<\/title>\n\n","aioseo_head_json":{"title":"Rosario Alarc\u00f3n: \u00abC\u00f3rdoba no puede seguir cerrando sus puertas al turismo\u00bb | El Digital de Asturias","description":"La portavoz de Turismo del PP andaluz y diputada auton\u00f3mica por C\u00f3rdoba, Rosario Alarc\u00f3n, ha afirmado este martes que \"C\u00f3rdoba no puede seguir cerrando sus puertas al turismo, tal y como ha ocurrido en el puente del primero de mayo\". Seg\u00fan ha informado el PP, Alarc\u00f3n, que ha mantenido un encuentro con la Asociaci\u00f3n de","canonical_url":"https:\/\/eldigitaldeasturias.com\/magazine365\/rosario-alarcon-cordoba-no-puede-seguir-cerrando-sus-puertas-al-turismo\/","robots":"max-image-preview:large","keywords":"noticias y actualidad","webmasterTools":{"google-site-verification":"UA-38556648-1","miscellaneous":""},"schema":{"@context":"https:\/\/schema.org","@graph":[{"@type":"Article","@id":"https:\/\/eldigitaldeasturias.com\/magazine365\/rosario-alarcon-cordoba-no-puede-seguir-cerrando-sus-puertas-al-turismo\/#article","name":"Rosario Alarc\u00f3n: \u00abC\u00f3rdoba no puede seguir cerrando sus puertas al turismo\u00bb | El Digital de Asturias","headline":"Rosario Alarc\u00f3n: \u00abC\u00f3rdoba no puede seguir cerrando sus puertas al turismo\u00bb","author":{"@id":"https:\/\/eldigitaldeasturias.com\/magazine365\/author\/admin\/#author"},"publisher":{"@id":"https:\/\/eldigitaldeasturias.com\/magazine365\/#organization"},"image":{"@type":"ImageObject","url":"https:\/\/eldigitaldeasturias.com\/magazine365\/wp-content\/uploads\/2016\/05\/fotonoticia_20160503204808_800.jpg","width":800,"height":450},"datePublished":"2016-05-07T01:53:23+02:00","dateModified":"2016-05-07T01:53:23+02:00","inLanguage":"es-ES","mainEntityOfPage":{"@id":"https:\/\/eldigitaldeasturias.com\/magazine365\/rosario-alarcon-cordoba-no-puede-seguir-cerrando-sus-puertas-al-turismo\/#webpage"},"isPartOf":{"@id":"https:\/\/eldigitaldeasturias.com\/magazine365\/rosario-alarcon-cordoba-no-puede-seguir-cerrando-sus-puertas-al-turismo\/#webpage"},"articleSection":"Noticias y Actualidad"},{"@type":"BreadcrumbList","@id":"https:\/\/eldigitaldeasturias.com\/magazine365\/rosario-alarcon-cordoba-no-puede-seguir-cerrando-sus-puertas-al-turismo\/#breadcrumblist","itemListElement":[{"@type":"ListItem","@id":"https:\/\/eldigitaldeasturias.com\/magazine365#listItem","position":1,"name":"Home","item":"https:\/\/eldigitaldeasturias.com\/magazine365","nextItem":{"@type":"ListItem","@id":"https:\/\/eldigitaldeasturias.com\/magazine365\/category\/noticias-actualidad\/#listItem","name":"Noticias y Actualidad"}},{"@type":"ListItem","@id":"https:\/\/eldigitaldeasturias.com\/magazine365\/category\/noticias-actualidad\/#listItem","position":2,"name":"Noticias y Actualidad","item":"https:\/\/eldigitaldeasturias.com\/magazine365\/category\/noticias-actualidad\/","nextItem":{"@type":"ListItem","@id":"https:\/\/eldigitaldeasturias.com\/magazine365\/rosario-alarcon-cordoba-no-puede-seguir-cerrando-sus-puertas-al-turismo\/#listItem","name":"Rosario Alarc\u00f3n: \u00abC\u00f3rdoba no puede seguir cerrando sus puertas al turismo\u00bb"},"previousItem":{"@type":"ListItem","@id":"https:\/\/eldigitaldeasturias.com\/magazine365#listItem","name":"Home"}},{"@type":"ListItem","@id":"https:\/\/eldigitaldeasturias.com\/magazine365\/rosario-alarcon-cordoba-no-puede-seguir-cerrando-sus-puertas-al-turismo\/#listItem","position":3,"name":"Rosario Alarc\u00f3n: \u00abC\u00f3rdoba no puede seguir cerrando sus puertas al turismo\u00bb","previousItem":{"@type":"ListItem","@id":"https:\/\/eldigitaldeasturias.com\/magazine365\/category\/noticias-actualidad\/#listItem","name":"Noticias y Actualidad"}}]},{"@type":"Organization","@id":"https:\/\/eldigitaldeasturias.com\/magazine365\/#organization","name":"El digital de Asturias","description":"Revista de ocio, turismo y estilo de vida","url":"https:\/\/eldigitaldeasturias.com\/magazine365\/","logo":{"@type":"ImageObject","url":"https:\/\/www.eldigitaldeasturias.com\/noticias\/wp-content\/uploads\/2020\/12\/EDA.jpg","@id":"https:\/\/eldigitaldeasturias.com\/magazine365\/rosario-alarcon-cordoba-no-puede-seguir-cerrando-sus-puertas-al-turismo\/#organizationLogo"},"image":{"@id":"https:\/\/eldigitaldeasturias.com\/magazine365\/rosario-alarcon-cordoba-no-puede-seguir-cerrando-sus-puertas-al-turismo\/#organizationLogo"}},{"@type":"Person","@id":"https:\/\/eldigitaldeasturias.com\/magazine365\/author\/admin\/#author","url":"https:\/\/eldigitaldeasturias.com\/magazine365\/author\/admin\/","name":"admin","image":{"@type":"ImageObject","@id":"https:\/\/eldigitaldeasturias.com\/magazine365\/rosario-alarcon-cordoba-no-puede-seguir-cerrando-sus-puertas-al-turismo\/#authorImage","url":"https:\/\/eldigitaldeasturias.com\/magazine365\/wp-content\/litespeed\/avatar\/e571bcf59a0edd6fa6838245a470f2fe.jpg?ver=1777574230","width":96,"height":96,"caption":"admin"}},{"@type":"WebPage","@id":"https:\/\/eldigitaldeasturias.com\/magazine365\/rosario-alarcon-cordoba-no-puede-seguir-cerrando-sus-puertas-al-turismo\/#webpage","url":"https:\/\/eldigitaldeasturias.com\/magazine365\/rosario-alarcon-cordoba-no-puede-seguir-cerrando-sus-puertas-al-turismo\/","name":"Rosario Alarc\u00f3n: \u00abC\u00f3rdoba no puede seguir cerrando sus puertas al turismo\u00bb | El Digital de Asturias","description":"La portavoz de Turismo del PP andaluz y diputada auton\u00f3mica por C\u00f3rdoba, Rosario Alarc\u00f3n, ha afirmado este martes que \"C\u00f3rdoba no puede seguir cerrando sus puertas al turismo, tal y como ha ocurrido en el puente del primero de mayo\". Seg\u00fan ha informado el PP, Alarc\u00f3n, que ha mantenido un encuentro con la Asociaci\u00f3n de","inLanguage":"es-ES","isPartOf":{"@id":"https:\/\/eldigitaldeasturias.com\/magazine365\/#website"},"breadcrumb":{"@id":"https:\/\/eldigitaldeasturias.com\/magazine365\/rosario-alarcon-cordoba-no-puede-seguir-cerrando-sus-puertas-al-turismo\/#breadcrumblist"},"author":{"@id":"https:\/\/eldigitaldeasturias.com\/magazine365\/author\/admin\/#author"},"creator":{"@id":"https:\/\/eldigitaldeasturias.com\/magazine365\/author\/admin\/#author"},"image":{"@type":"ImageObject","url":"https:\/\/eldigitaldeasturias.com\/magazine365\/wp-content\/uploads\/2016\/05\/fotonoticia_20160503204808_800.jpg","@id":"https:\/\/eldigitaldeasturias.com\/magazine365\/rosario-alarcon-cordoba-no-puede-seguir-cerrando-sus-puertas-al-turismo\/#mainImage","width":800,"height":450},"primaryImageOfPage":{"@id":"https:\/\/eldigitaldeasturias.com\/magazine365\/rosario-alarcon-cordoba-no-puede-seguir-cerrando-sus-puertas-al-turismo\/#mainImage"},"datePublished":"2016-05-07T01:53:23+02:00","dateModified":"2016-05-07T01:53:23+02:00"},{"@type":"WebSite","@id":"https:\/\/eldigitaldeasturias.com\/magazine365\/#website","url":"https:\/\/eldigitaldeasturias.com\/magazine365\/","name":"El Digital de Asturias","description":"Revista de ocio, turismo y estilo de vida","inLanguage":"es-ES","publisher":{"@id":"https:\/\/eldigitaldeasturias.com\/magazine365\/#organization"}}]},"og:locale":"es_ES","og:site_name":"El Digital de Asturias \u2013 Revista de ocio, turismo y estilo de vida","og:type":"article","og:title":"Rosario Alarc\u00f3n: \u00abC\u00f3rdoba no puede seguir cerrando sus puertas al turismo\u00bb | El Digital de Asturias","og:description":"La portavoz de Turismo del PP andaluz y diputada auton\u00f3mica por C\u00f3rdoba, Rosario Alarc\u00f3n, ha afirmado este martes que &quot;C\u00f3rdoba no puede seguir cerrando sus puertas al turismo, tal y como ha ocurrido en el puente del primero de mayo&quot;. Seg\u00fan ha informado el PP, Alarc\u00f3n, que ha mantenido un encuentro con la Asociaci\u00f3n de","og:url":"https:\/\/eldigitaldeasturias.com\/magazine365\/rosario-alarcon-cordoba-no-puede-seguir-cerrando-sus-puertas-al-turismo\/","og:image":"https:\/\/eldigitaldeasturias.com\/magazine365\/wp-content\/uploads\/2016\/05\/fotonoticia_20160503204808_800.jpg","og:image:secure_url":"https:\/\/eldigitaldeasturias.com\/magazine365\/wp-content\/uploads\/2016\/05\/fotonoticia_20160503204808_800.jpg","og:image:width":800,"og:image:height":450,"article:published_time":"2016-05-06T23:53:23+00:00","article:modified_time":"2016-05-06T23:53:23+00:00","twitter:card":"summary_large_image","twitter:title":"Rosario Alarc\u00f3n: \u00abC\u00f3rdoba no puede seguir cerrando sus puertas al turismo\u00bb | El Digital de Asturias","twitter:description":"La portavoz de Turismo del PP andaluz y diputada auton\u00f3mica por C\u00f3rdoba, Rosario Alarc\u00f3n, ha afirmado este martes que &quot;C\u00f3rdoba no puede seguir cerrando sus puertas al turismo, tal y como ha ocurrido en el puente del primero de mayo&quot;. Seg\u00fan ha informado el PP, Alarc\u00f3n, que ha mantenido un encuentro con la Asociaci\u00f3n de","twitter:image":"https:\/\/eldigitaldeasturias.com\/magazine365\/wp-content\/uploads\/2016\/05\/fotonoticia_20160503204808_800.jpg"},"aioseo_meta_data":{"post_id":"75926","title":null,"description":null,"keywords":null,"keyphrases":null,"primary_term":null,"canonical_url":null,"og_title":null,"og_description":null,"og_object_type":"default","og_image_type":"default","og_image_url":null,"og_image_width":null,"og_image_height":null,"og_image_custom_url":null,"og_image_custom_fields":null,"og_video":null,"og_custom_url":null,"og_article_section":null,"og_article_tags":null,"twitter_use_og":false,"twitter_card":"default","twitter_image_type":"default","twitter_image_url":null,"twitter_image_custom_url":null,"twitter_image_custom_fields":null,"twitter_title":null,"twitter_description":null,"schema":{"blockGraphs":[],"customGraphs":[],"default":{"data":{"Article":[],"Course":[],"Dataset":[],"FAQPage":[],"Movie":[],"Person":[],"Product":[],"ProductReview":[],"Car":[],"Recipe":[],"Service":[],"SoftwareApplication":[],"WebPage":[]},"graphName":"","isEnabled":true},"graphs":[],"defaultGraph":"","defaultPostTypeGraph":""},"schema_type":null,"schema_type_options":null,"pillar_content":false,"robots_default":true,"robots_noindex":false,"robots_noarchive":false,"robots_nosnippet":false,"robots_nofollow":false,"robots_noimageindex":false,"robots_noodp":false,"robots_notranslate":false,"robots_max_snippet":null,"robots_max_videopreview":null,"robots_max_imagepreview":"large","priority":null,"frequency":null,"location":null,"local_seo":null,"seo_analyzer_scan_date":"2025-09-27 11:28:59","breadcrumb_settings":null,"limit_modified_date":false,"open_ai":null,"ai":null,"created":"2021-03-08 18:34:41","updated":"2025-09-27 11:28:59"},"aioseo_breadcrumb":"<div class=\"aioseo-breadcrumbs\"><span class=\"aioseo-breadcrumb\">\n\t<a href=\"https:\/\/eldigitaldeasturias.com\/magazine365\" title=\"Home\">Home<\/a>\n<\/span><span class=\"aioseo-breadcrumb-separator\">\u2013<\/span><span class=\"aioseo-breadcrumb\">\n\t<a href=\"https:\/\/eldigitaldeasturias.com\/magazine365\/category\/noticias-actualidad\/\" title=\"Noticias y Actualidad\">Noticias y Actualidad<\/a>\n<\/span><span class=\"aioseo-breadcrumb-separator\">\u2013<\/span><span class=\"aioseo-breadcrumb\">\n\t<a href=\"https:\/\/eldigitaldeasturias.com\/magazine365\/rosario-alarcon-cordoba-no-puede-seguir-cerrando-sus-puertas-al-turismo\/\" title=\"Rosario Alarc\u00f3n: \u00abC\u00f3rdoba no puede seguir cerrando sus puertas al turismo\u00bb\">Rosario Alarc\u00f3n: \u00abC\u00f3rdoba no puede seguir cerrando sus puertas al turismo\u00bb<\/a>\n<\/span><\/div>","aioseo_breadcrumb_json":[{"label":"Home","link":"https:\/\/eldigitaldeasturias.com\/magazine365"},{"label":"Noticias y Actualidad","link":"https:\/\/eldigitaldeasturias.com\/magazine365\/category\/noticias-actualidad\/"},{"label":"Rosario Alarc\u00f3n: \u00abC\u00f3rdoba no puede seguir cerrando sus puertas al turismo\u00bb","link":"https:\/\/eldigitaldeasturias.com\/magazine365\/rosario-alarcon-cordoba-no-puede-seguir-cerrando-sus-puertas-al-turismo\/"}],"_links":{"self":[{"href":"https:\/\/eldigitaldeasturias.com\/magazine365\/wp-json\/wp\/v2\/posts\/75926","targetHints":{"allow":["GET"]}}],"collection":[{"href":"https:\/\/eldigitaldeasturias.com\/magazine365\/wp-json\/wp\/v2\/posts"}],"about":[{"href":"https:\/\/eldigitaldeasturias.com\/magazine365\/wp-json\/wp\/v2\/types\/post"}],"author":[{"embeddable":true,"href":"https:\/\/eldigitaldeasturias.com\/magazine365\/wp-json\/wp\/v2\/users\/1"}],"replies":[{"embeddable":true,"href":"https:\/\/eldigitaldeasturias.com\/magazine365\/wp-json\/wp\/v2\/comments?post=75926"}],"version-history":[{"count":0,"href":"https:\/\/eldigitaldeasturias.com\/magazine365\/wp-json\/wp\/v2\/posts\/75926\/revisions"}],"wp:featuredmedia":[{"embeddable":true,"href":"https:\/\/eldigitaldeasturias.com\/magazine365\/wp-json\/wp\/v2\/media\/75927"}],"wp:attachment":[{"href":"https:\/\/eldigitaldeasturias.com\/magazine365\/wp-json\/wp\/v2\/media?parent=75926"}],"wp:term":[{"taxonomy":"category","embeddable":true,"href":"https:\/\/eldigitaldeasturias.com\/magazine365\/wp-json\/wp\/v2\/categories?post=75926"},{"taxonomy":"post_tag","embeddable":true,"href":"https:\/\/eldigitaldeasturias.com\/magazine365\/wp-json\/wp\/v2\/tags?post=75926"}],"curies":[{"name":"wp","href":"https:\/\/api.w.org\/{rel}","templated":true}]}}