{"id":75916,"date":"2016-05-07T01:43:02","date_gmt":"2016-05-06T23:43:02","guid":{"rendered":"http:\/\/eldigitaldeasturias.com\/magazine365\/?p=75916"},"modified":"2016-05-07T01:43:02","modified_gmt":"2016-05-06T23:43:02","slug":"soria-licita-la-semana-que-viene-el-estudio-de-viabilidad-de-la-estacion-de-esqui-de-urbion","status":"publish","type":"post","link":"https:\/\/eldigitaldeasturias.com\/magazine365\/soria-licita-la-semana-que-viene-el-estudio-de-viabilidad-de-la-estacion-de-esqui-de-urbion\/","title":{"rendered":"Soria licita la semana que viene el estudio de viabilidad de la estaci\u00f3n de esqu\u00ed de Urbi\u00f3n"},"content":{"rendered":"<p><img fetchpriority=\"high\" decoding=\"async\" class=\"alignleft size-medium wp-image-75917\" src=\"https:\/\/eldigitaldeasturias.com\/magazine365\/wp-content\/uploads\/2016\/05\/fotonoticia_20160503192539_800-360x240.jpg\" alt=\"fotonoticia_20160503192539_800\" width=\"360\" height=\"240\" srcset=\"https:\/\/eldigitaldeasturias.com\/magazine365\/wp-content\/uploads\/2016\/05\/fotonoticia_20160503192539_800-360x240.jpg 360w, https:\/\/eldigitaldeasturias.com\/magazine365\/wp-content\/uploads\/2016\/05\/fotonoticia_20160503192539_800-650x433.jpg 650w, https:\/\/eldigitaldeasturias.com\/magazine365\/wp-content\/uploads\/2016\/05\/fotonoticia_20160503192539_800-768x512.jpg 768w, https:\/\/eldigitaldeasturias.com\/magazine365\/wp-content\/uploads\/2016\/05\/fotonoticia_20160503192539_800-150x100.jpg 150w, https:\/\/eldigitaldeasturias.com\/magazine365\/wp-content\/uploads\/2016\/05\/fotonoticia_20160503192539_800-450x300.jpg 450w, https:\/\/eldigitaldeasturias.com\/magazine365\/wp-content\/uploads\/2016\/05\/fotonoticia_20160503192539_800-101x66.jpg 101w, https:\/\/eldigitaldeasturias.com\/magazine365\/wp-content\/uploads\/2016\/05\/fotonoticia_20160503192539_800.jpg 800w\" sizes=\"(max-width: 360px) 100vw, 360px\" \/>El presidente de la Diputaci\u00f3n de Soria, Luis Rey, ha anunciado hoy tras la Junta de Gobierno que la semana que viene estar\u00e1n listas las bases para la licitaci\u00f3n del estudio de viabilidad del proyecto de una estaci\u00f3n de esqu\u00ed en la zona de Urbi\u00f3n.<\/p>\n<p>Desde que alcanz\u00f3 la presidencia el pasado verano, uno de los objetivos del grupo socialista es conseguir que Soria tenga su pista de esqu\u00ed, m\u00e1s all\u00e1 del punto de nieve actual que hay en Santa In\u00e9s.<\/p>\n<p>Los movimientos para conseguirlo empezaron r\u00e1pido porque \u00abel proyecto de nieve es de toda la legislatura, los pasos hay que darlos despacio y bien: hay que ver viabilidad, conocer el impacto medioambiental, desarrollar el proyecto y, a la par que todo ello, buscar la financiaci\u00f3n, que no va a ser f\u00e1cil\u00bb.<\/p>\n<p>\u00abSiempre he dicho que va a ser un proyecto largo y que nos va a costar, pero mantenemos la ilusi\u00f3n mientras vamos cubriendo etapas. Lo primero, tenemos que conocer esta viabilidad, porque sabemos que es dif\u00edcil, incluso a Aramon ha habido proyectos que se le han quedado por el camino. No quiero enga\u00f1ar a nadie, no voy a decir que en dos a\u00f1os esto vaya a estar en marcha\u00bb, ha advertido el presidente.<\/p>\n<p>Dentro de este primer estudio de viabilidad, se pedir\u00e1 tambi\u00e9n conocer cu\u00e1l es el mejor medio para gestionarlo: p\u00fablico, privado o mixto.<\/p>\n<p>Rey ha comentado que no ha coincidido con nadie que diga que es un mal proyecto. \u00abEs una de las ideas m\u00e1s potentes para ayudar al desarrollo del turismo en la provincia\u00bb, sostiene.<\/p>\n<p>Este a\u00f1o, curiosamente, ha sido uno de los mejores para el punto de nieve a pesar de que faltaron esas nevadas durante buena parte del invierno.<\/p>\n<p>Rey est\u00e1 convencido de que a ello ha ayudado el acuerdo con el Ayuntamiento de Montenegro de Cameros para el uso de la pista de esqu\u00ed de fondo: \u00abCuando tengamos los datos en la mano podremos evaluar, pero est\u00e1 claro que ning\u00fan conflicto ayuda\u00bb.<\/p>\n","protected":false},"excerpt":{"rendered":"<p>El presidente de la Diputaci\u00f3n de Soria, Luis Rey, ha anunciado hoy tras la Junta de Gobierno que la semana que viene estar\u00e1n listas las bases para la licitaci\u00f3n del estudio de viabilidad del proyecto de una estaci\u00f3n de esqu\u00ed en la zona de Urbi\u00f3n. Desde que alcanz\u00f3 la presidencia el pasado verano, uno de<\/p>\n","protected":false},"author":1,"featured_media":75917,"comment_status":"open","ping_status":"closed","sticky":false,"template":"","format":"standard","meta":{"footnotes":""},"categories":[224],"tags":[],"class_list":{"0":"post-75916","1":"post","2":"type-post","3":"status-publish","4":"format-standard","5":"has-post-thumbnail","7":"category-noticias-actualidad"},"aioseo_notices":[],"aioseo_head":"\n\t\t<!-- All in One SEO Pro 4.9.6.1 - aioseo.com -->\n\t<meta name=\"description\" content=\"El presidente de la Diputaci\u00f3n de Soria, Luis Rey, ha anunciado hoy tras la Junta de Gobierno que la semana que viene estar\u00e1n listas las bases para la licitaci\u00f3n del estudio de viabilidad del proyecto de una estaci\u00f3n de esqu\u00ed en la zona de Urbi\u00f3n. Desde que alcanz\u00f3 la presidencia el pasado verano, uno de\" \/>\n\t<meta name=\"robots\" content=\"max-image-preview:large\" \/>\n\t<meta name=\"author\" content=\"admin\"\/>\n\t<meta name=\"google-site-verification\" content=\"UA-38556648-1\" \/>\n\t<meta name=\"keywords\" content=\"noticias y actualidad\" \/>\n\t<link rel=\"canonical\" href=\"https:\/\/eldigitaldeasturias.com\/magazine365\/soria-licita-la-semana-que-viene-el-estudio-de-viabilidad-de-la-estacion-de-esqui-de-urbion\/\" \/>\n\t<meta name=\"generator\" content=\"All in One SEO Pro (AIOSEO) 4.9.6.1\" \/>\n\t\t<meta property=\"og:locale\" content=\"es_ES\" \/>\n\t\t<meta property=\"og:site_name\" content=\"El Digital de Asturias \u2013 Revista de ocio, turismo y estilo de vida\" \/>\n\t\t<meta property=\"og:type\" content=\"article\" \/>\n\t\t<meta property=\"og:title\" content=\"Soria licita la semana que viene el estudio de viabilidad de la estaci\u00f3n de esqu\u00ed de Urbi\u00f3n | El Digital de Asturias\" \/>\n\t\t<meta property=\"og:description\" content=\"El presidente de la Diputaci\u00f3n de Soria, Luis Rey, ha anunciado hoy tras la Junta de Gobierno que la semana que viene estar\u00e1n listas las bases para la licitaci\u00f3n del estudio de viabilidad del proyecto de una estaci\u00f3n de esqu\u00ed en la zona de Urbi\u00f3n. Desde que alcanz\u00f3 la presidencia el pasado verano, uno de\" \/>\n\t\t<meta property=\"og:url\" content=\"https:\/\/eldigitaldeasturias.com\/magazine365\/soria-licita-la-semana-que-viene-el-estudio-de-viabilidad-de-la-estacion-de-esqui-de-urbion\/\" \/>\n\t\t<meta property=\"og:image\" content=\"https:\/\/eldigitaldeasturias.com\/magazine365\/wp-content\/uploads\/2016\/05\/fotonoticia_20160503192539_800.jpg\" \/>\n\t\t<meta property=\"og:image:secure_url\" content=\"https:\/\/eldigitaldeasturias.com\/magazine365\/wp-content\/uploads\/2016\/05\/fotonoticia_20160503192539_800.jpg\" \/>\n\t\t<meta property=\"og:image:width\" content=\"800\" \/>\n\t\t<meta property=\"og:image:height\" content=\"533\" \/>\n\t\t<meta property=\"article:published_time\" content=\"2016-05-06T23:43:02+00:00\" \/>\n\t\t<meta property=\"article:modified_time\" content=\"2016-05-06T23:43:02+00:00\" \/>\n\t\t<meta name=\"twitter:card\" content=\"summary_large_image\" \/>\n\t\t<meta name=\"twitter:title\" content=\"Soria licita la semana que viene el estudio de viabilidad de la estaci\u00f3n de esqu\u00ed de Urbi\u00f3n | El Digital de Asturias\" \/>\n\t\t<meta name=\"twitter:description\" content=\"El presidente de la Diputaci\u00f3n de Soria, Luis Rey, ha anunciado hoy tras la Junta de Gobierno que la semana que viene estar\u00e1n listas las bases para la licitaci\u00f3n del estudio de viabilidad del proyecto de una estaci\u00f3n de esqu\u00ed en la zona de Urbi\u00f3n. Desde que alcanz\u00f3 la presidencia el pasado verano, uno de\" \/>\n\t\t<meta name=\"twitter:image\" content=\"https:\/\/eldigitaldeasturias.com\/magazine365\/wp-content\/uploads\/2016\/05\/fotonoticia_20160503192539_800.jpg\" \/>\n\t\t<script type=\"application\/ld+json\" class=\"aioseo-schema\">\n\t\t\t{\"@context\":\"https:\\\/\\\/schema.org\",\"@graph\":[{\"@type\":\"Article\",\"@id\":\"https:\\\/\\\/eldigitaldeasturias.com\\\/magazine365\\\/soria-licita-la-semana-que-viene-el-estudio-de-viabilidad-de-la-estacion-de-esqui-de-urbion\\\/#article\",\"name\":\"Soria licita la semana que viene el estudio de viabilidad de la estaci\\u00f3n de esqu\\u00ed de Urbi\\u00f3n | El Digital de Asturias\",\"headline\":\"Soria licita la semana que viene el estudio de viabilidad de la estaci\\u00f3n de esqu\\u00ed de Urbi\\u00f3n\",\"author\":{\"@id\":\"https:\\\/\\\/eldigitaldeasturias.com\\\/magazine365\\\/author\\\/admin\\\/#author\"},\"publisher\":{\"@id\":\"https:\\\/\\\/eldigitaldeasturias.com\\\/magazine365\\\/#organization\"},\"image\":{\"@type\":\"ImageObject\",\"url\":\"https:\\\/\\\/eldigitaldeasturias.com\\\/magazine365\\\/wp-content\\\/uploads\\\/2016\\\/05\\\/fotonoticia_20160503192539_800.jpg\",\"width\":800,\"height\":533},\"datePublished\":\"2016-05-07T01:43:02+02:00\",\"dateModified\":\"2016-05-07T01:43:02+02:00\",\"inLanguage\":\"es-ES\",\"mainEntityOfPage\":{\"@id\":\"https:\\\/\\\/eldigitaldeasturias.com\\\/magazine365\\\/soria-licita-la-semana-que-viene-el-estudio-de-viabilidad-de-la-estacion-de-esqui-de-urbion\\\/#webpage\"},\"isPartOf\":{\"@id\":\"https:\\\/\\\/eldigitaldeasturias.com\\\/magazine365\\\/soria-licita-la-semana-que-viene-el-estudio-de-viabilidad-de-la-estacion-de-esqui-de-urbion\\\/#webpage\"},\"articleSection\":\"Noticias y Actualidad\"},{\"@type\":\"BreadcrumbList\",\"@id\":\"https:\\\/\\\/eldigitaldeasturias.com\\\/magazine365\\\/soria-licita-la-semana-que-viene-el-estudio-de-viabilidad-de-la-estacion-de-esqui-de-urbion\\\/#breadcrumblist\",\"itemListElement\":[{\"@type\":\"ListItem\",\"@id\":\"https:\\\/\\\/eldigitaldeasturias.com\\\/magazine365#listItem\",\"position\":1,\"name\":\"Home\",\"item\":\"https:\\\/\\\/eldigitaldeasturias.com\\\/magazine365\",\"nextItem\":{\"@type\":\"ListItem\",\"@id\":\"https:\\\/\\\/eldigitaldeasturias.com\\\/magazine365\\\/category\\\/noticias-actualidad\\\/#listItem\",\"name\":\"Noticias y Actualidad\"}},{\"@type\":\"ListItem\",\"@id\":\"https:\\\/\\\/eldigitaldeasturias.com\\\/magazine365\\\/category\\\/noticias-actualidad\\\/#listItem\",\"position\":2,\"name\":\"Noticias y Actualidad\",\"item\":\"https:\\\/\\\/eldigitaldeasturias.com\\\/magazine365\\\/category\\\/noticias-actualidad\\\/\",\"nextItem\":{\"@type\":\"ListItem\",\"@id\":\"https:\\\/\\\/eldigitaldeasturias.com\\\/magazine365\\\/soria-licita-la-semana-que-viene-el-estudio-de-viabilidad-de-la-estacion-de-esqui-de-urbion\\\/#listItem\",\"name\":\"Soria licita la semana que viene el estudio de viabilidad de la estaci\\u00f3n de esqu\\u00ed de Urbi\\u00f3n\"},\"previousItem\":{\"@type\":\"ListItem\",\"@id\":\"https:\\\/\\\/eldigitaldeasturias.com\\\/magazine365#listItem\",\"name\":\"Home\"}},{\"@type\":\"ListItem\",\"@id\":\"https:\\\/\\\/eldigitaldeasturias.com\\\/magazine365\\\/soria-licita-la-semana-que-viene-el-estudio-de-viabilidad-de-la-estacion-de-esqui-de-urbion\\\/#listItem\",\"position\":3,\"name\":\"Soria licita la semana que viene el estudio de viabilidad de la estaci\\u00f3n de esqu\\u00ed de Urbi\\u00f3n\",\"previousItem\":{\"@type\":\"ListItem\",\"@id\":\"https:\\\/\\\/eldigitaldeasturias.com\\\/magazine365\\\/category\\\/noticias-actualidad\\\/#listItem\",\"name\":\"Noticias y Actualidad\"}}]},{\"@type\":\"Organization\",\"@id\":\"https:\\\/\\\/eldigitaldeasturias.com\\\/magazine365\\\/#organization\",\"name\":\"El digital de Asturias\",\"description\":\"Revista de ocio, turismo y estilo de vida\",\"url\":\"https:\\\/\\\/eldigitaldeasturias.com\\\/magazine365\\\/\",\"logo\":{\"@type\":\"ImageObject\",\"url\":\"https:\\\/\\\/www.eldigitaldeasturias.com\\\/noticias\\\/wp-content\\\/uploads\\\/2020\\\/12\\\/EDA.jpg\",\"@id\":\"https:\\\/\\\/eldigitaldeasturias.com\\\/magazine365\\\/soria-licita-la-semana-que-viene-el-estudio-de-viabilidad-de-la-estacion-de-esqui-de-urbion\\\/#organizationLogo\"},\"image\":{\"@id\":\"https:\\\/\\\/eldigitaldeasturias.com\\\/magazine365\\\/soria-licita-la-semana-que-viene-el-estudio-de-viabilidad-de-la-estacion-de-esqui-de-urbion\\\/#organizationLogo\"}},{\"@type\":\"Person\",\"@id\":\"https:\\\/\\\/eldigitaldeasturias.com\\\/magazine365\\\/author\\\/admin\\\/#author\",\"url\":\"https:\\\/\\\/eldigitaldeasturias.com\\\/magazine365\\\/author\\\/admin\\\/\",\"name\":\"admin\",\"image\":{\"@type\":\"ImageObject\",\"@id\":\"https:\\\/\\\/eldigitaldeasturias.com\\\/magazine365\\\/soria-licita-la-semana-que-viene-el-estudio-de-viabilidad-de-la-estacion-de-esqui-de-urbion\\\/#authorImage\",\"url\":\"https:\\\/\\\/eldigitaldeasturias.com\\\/magazine365\\\/wp-content\\\/litespeed\\\/avatar\\\/e571bcf59a0edd6fa6838245a470f2fe.jpg?ver=1777574230\",\"width\":96,\"height\":96,\"caption\":\"admin\"}},{\"@type\":\"WebPage\",\"@id\":\"https:\\\/\\\/eldigitaldeasturias.com\\\/magazine365\\\/soria-licita-la-semana-que-viene-el-estudio-de-viabilidad-de-la-estacion-de-esqui-de-urbion\\\/#webpage\",\"url\":\"https:\\\/\\\/eldigitaldeasturias.com\\\/magazine365\\\/soria-licita-la-semana-que-viene-el-estudio-de-viabilidad-de-la-estacion-de-esqui-de-urbion\\\/\",\"name\":\"Soria licita la semana que viene el estudio de viabilidad de la estaci\\u00f3n de esqu\\u00ed de Urbi\\u00f3n | El Digital de Asturias\",\"description\":\"El presidente de la Diputaci\\u00f3n de Soria, Luis Rey, ha anunciado hoy tras la Junta de Gobierno que la semana que viene estar\\u00e1n listas las bases para la licitaci\\u00f3n del estudio de viabilidad del proyecto de una estaci\\u00f3n de esqu\\u00ed en la zona de Urbi\\u00f3n. Desde que alcanz\\u00f3 la presidencia el pasado verano, uno de\",\"inLanguage\":\"es-ES\",\"isPartOf\":{\"@id\":\"https:\\\/\\\/eldigitaldeasturias.com\\\/magazine365\\\/#website\"},\"breadcrumb\":{\"@id\":\"https:\\\/\\\/eldigitaldeasturias.com\\\/magazine365\\\/soria-licita-la-semana-que-viene-el-estudio-de-viabilidad-de-la-estacion-de-esqui-de-urbion\\\/#breadcrumblist\"},\"author\":{\"@id\":\"https:\\\/\\\/eldigitaldeasturias.com\\\/magazine365\\\/author\\\/admin\\\/#author\"},\"creator\":{\"@id\":\"https:\\\/\\\/eldigitaldeasturias.com\\\/magazine365\\\/author\\\/admin\\\/#author\"},\"image\":{\"@type\":\"ImageObject\",\"url\":\"https:\\\/\\\/eldigitaldeasturias.com\\\/magazine365\\\/wp-content\\\/uploads\\\/2016\\\/05\\\/fotonoticia_20160503192539_800.jpg\",\"@id\":\"https:\\\/\\\/eldigitaldeasturias.com\\\/magazine365\\\/soria-licita-la-semana-que-viene-el-estudio-de-viabilidad-de-la-estacion-de-esqui-de-urbion\\\/#mainImage\",\"width\":800,\"height\":533},\"primaryImageOfPage\":{\"@id\":\"https:\\\/\\\/eldigitaldeasturias.com\\\/magazine365\\\/soria-licita-la-semana-que-viene-el-estudio-de-viabilidad-de-la-estacion-de-esqui-de-urbion\\\/#mainImage\"},\"datePublished\":\"2016-05-07T01:43:02+02:00\",\"dateModified\":\"2016-05-07T01:43:02+02:00\"},{\"@type\":\"WebSite\",\"@id\":\"https:\\\/\\\/eldigitaldeasturias.com\\\/magazine365\\\/#website\",\"url\":\"https:\\\/\\\/eldigitaldeasturias.com\\\/magazine365\\\/\",\"name\":\"El Digital de Asturias\",\"description\":\"Revista de ocio, turismo y estilo de vida\",\"inLanguage\":\"es-ES\",\"publisher\":{\"@id\":\"https:\\\/\\\/eldigitaldeasturias.com\\\/magazine365\\\/#organization\"}}]}\n\t\t<\/script>\n\t\t<!-- All in One SEO Pro -->\r\n\t\t<title>Soria licita la semana que viene el estudio de viabilidad de la estaci\u00f3n de esqu\u00ed de Urbi\u00f3n | El Digital de Asturias<\/title>\n\n","aioseo_head_json":{"title":"Soria licita la semana que viene el estudio de viabilidad de la estaci\u00f3n de esqu\u00ed de Urbi\u00f3n | El Digital de Asturias","description":"El presidente de la Diputaci\u00f3n de Soria, Luis Rey, ha anunciado hoy tras la Junta de Gobierno que la semana que viene estar\u00e1n listas las bases para la licitaci\u00f3n del estudio de viabilidad del proyecto de una estaci\u00f3n de esqu\u00ed en la zona de Urbi\u00f3n. Desde que alcanz\u00f3 la presidencia el pasado verano, uno de","canonical_url":"https:\/\/eldigitaldeasturias.com\/magazine365\/soria-licita-la-semana-que-viene-el-estudio-de-viabilidad-de-la-estacion-de-esqui-de-urbion\/","robots":"max-image-preview:large","keywords":"noticias y actualidad","webmasterTools":{"google-site-verification":"UA-38556648-1","miscellaneous":""},"schema":{"@context":"https:\/\/schema.org","@graph":[{"@type":"Article","@id":"https:\/\/eldigitaldeasturias.com\/magazine365\/soria-licita-la-semana-que-viene-el-estudio-de-viabilidad-de-la-estacion-de-esqui-de-urbion\/#article","name":"Soria licita la semana que viene el estudio de viabilidad de la estaci\u00f3n de esqu\u00ed de Urbi\u00f3n | El Digital de Asturias","headline":"Soria licita la semana que viene el estudio de viabilidad de la estaci\u00f3n de esqu\u00ed de Urbi\u00f3n","author":{"@id":"https:\/\/eldigitaldeasturias.com\/magazine365\/author\/admin\/#author"},"publisher":{"@id":"https:\/\/eldigitaldeasturias.com\/magazine365\/#organization"},"image":{"@type":"ImageObject","url":"https:\/\/eldigitaldeasturias.com\/magazine365\/wp-content\/uploads\/2016\/05\/fotonoticia_20160503192539_800.jpg","width":800,"height":533},"datePublished":"2016-05-07T01:43:02+02:00","dateModified":"2016-05-07T01:43:02+02:00","inLanguage":"es-ES","mainEntityOfPage":{"@id":"https:\/\/eldigitaldeasturias.com\/magazine365\/soria-licita-la-semana-que-viene-el-estudio-de-viabilidad-de-la-estacion-de-esqui-de-urbion\/#webpage"},"isPartOf":{"@id":"https:\/\/eldigitaldeasturias.com\/magazine365\/soria-licita-la-semana-que-viene-el-estudio-de-viabilidad-de-la-estacion-de-esqui-de-urbion\/#webpage"},"articleSection":"Noticias y Actualidad"},{"@type":"BreadcrumbList","@id":"https:\/\/eldigitaldeasturias.com\/magazine365\/soria-licita-la-semana-que-viene-el-estudio-de-viabilidad-de-la-estacion-de-esqui-de-urbion\/#breadcrumblist","itemListElement":[{"@type":"ListItem","@id":"https:\/\/eldigitaldeasturias.com\/magazine365#listItem","position":1,"name":"Home","item":"https:\/\/eldigitaldeasturias.com\/magazine365","nextItem":{"@type":"ListItem","@id":"https:\/\/eldigitaldeasturias.com\/magazine365\/category\/noticias-actualidad\/#listItem","name":"Noticias y Actualidad"}},{"@type":"ListItem","@id":"https:\/\/eldigitaldeasturias.com\/magazine365\/category\/noticias-actualidad\/#listItem","position":2,"name":"Noticias y Actualidad","item":"https:\/\/eldigitaldeasturias.com\/magazine365\/category\/noticias-actualidad\/","nextItem":{"@type":"ListItem","@id":"https:\/\/eldigitaldeasturias.com\/magazine365\/soria-licita-la-semana-que-viene-el-estudio-de-viabilidad-de-la-estacion-de-esqui-de-urbion\/#listItem","name":"Soria licita la semana que viene el estudio de viabilidad de la estaci\u00f3n de esqu\u00ed de Urbi\u00f3n"},"previousItem":{"@type":"ListItem","@id":"https:\/\/eldigitaldeasturias.com\/magazine365#listItem","name":"Home"}},{"@type":"ListItem","@id":"https:\/\/eldigitaldeasturias.com\/magazine365\/soria-licita-la-semana-que-viene-el-estudio-de-viabilidad-de-la-estacion-de-esqui-de-urbion\/#listItem","position":3,"name":"Soria licita la semana que viene el estudio de viabilidad de la estaci\u00f3n de esqu\u00ed de Urbi\u00f3n","previousItem":{"@type":"ListItem","@id":"https:\/\/eldigitaldeasturias.com\/magazine365\/category\/noticias-actualidad\/#listItem","name":"Noticias y Actualidad"}}]},{"@type":"Organization","@id":"https:\/\/eldigitaldeasturias.com\/magazine365\/#organization","name":"El digital de Asturias","description":"Revista de ocio, turismo y estilo de vida","url":"https:\/\/eldigitaldeasturias.com\/magazine365\/","logo":{"@type":"ImageObject","url":"https:\/\/www.eldigitaldeasturias.com\/noticias\/wp-content\/uploads\/2020\/12\/EDA.jpg","@id":"https:\/\/eldigitaldeasturias.com\/magazine365\/soria-licita-la-semana-que-viene-el-estudio-de-viabilidad-de-la-estacion-de-esqui-de-urbion\/#organizationLogo"},"image":{"@id":"https:\/\/eldigitaldeasturias.com\/magazine365\/soria-licita-la-semana-que-viene-el-estudio-de-viabilidad-de-la-estacion-de-esqui-de-urbion\/#organizationLogo"}},{"@type":"Person","@id":"https:\/\/eldigitaldeasturias.com\/magazine365\/author\/admin\/#author","url":"https:\/\/eldigitaldeasturias.com\/magazine365\/author\/admin\/","name":"admin","image":{"@type":"ImageObject","@id":"https:\/\/eldigitaldeasturias.com\/magazine365\/soria-licita-la-semana-que-viene-el-estudio-de-viabilidad-de-la-estacion-de-esqui-de-urbion\/#authorImage","url":"https:\/\/eldigitaldeasturias.com\/magazine365\/wp-content\/litespeed\/avatar\/e571bcf59a0edd6fa6838245a470f2fe.jpg?ver=1777574230","width":96,"height":96,"caption":"admin"}},{"@type":"WebPage","@id":"https:\/\/eldigitaldeasturias.com\/magazine365\/soria-licita-la-semana-que-viene-el-estudio-de-viabilidad-de-la-estacion-de-esqui-de-urbion\/#webpage","url":"https:\/\/eldigitaldeasturias.com\/magazine365\/soria-licita-la-semana-que-viene-el-estudio-de-viabilidad-de-la-estacion-de-esqui-de-urbion\/","name":"Soria licita la semana que viene el estudio de viabilidad de la estaci\u00f3n de esqu\u00ed de Urbi\u00f3n | El Digital de Asturias","description":"El presidente de la Diputaci\u00f3n de Soria, Luis Rey, ha anunciado hoy tras la Junta de Gobierno que la semana que viene estar\u00e1n listas las bases para la licitaci\u00f3n del estudio de viabilidad del proyecto de una estaci\u00f3n de esqu\u00ed en la zona de Urbi\u00f3n. Desde que alcanz\u00f3 la presidencia el pasado verano, uno de","inLanguage":"es-ES","isPartOf":{"@id":"https:\/\/eldigitaldeasturias.com\/magazine365\/#website"},"breadcrumb":{"@id":"https:\/\/eldigitaldeasturias.com\/magazine365\/soria-licita-la-semana-que-viene-el-estudio-de-viabilidad-de-la-estacion-de-esqui-de-urbion\/#breadcrumblist"},"author":{"@id":"https:\/\/eldigitaldeasturias.com\/magazine365\/author\/admin\/#author"},"creator":{"@id":"https:\/\/eldigitaldeasturias.com\/magazine365\/author\/admin\/#author"},"image":{"@type":"ImageObject","url":"https:\/\/eldigitaldeasturias.com\/magazine365\/wp-content\/uploads\/2016\/05\/fotonoticia_20160503192539_800.jpg","@id":"https:\/\/eldigitaldeasturias.com\/magazine365\/soria-licita-la-semana-que-viene-el-estudio-de-viabilidad-de-la-estacion-de-esqui-de-urbion\/#mainImage","width":800,"height":533},"primaryImageOfPage":{"@id":"https:\/\/eldigitaldeasturias.com\/magazine365\/soria-licita-la-semana-que-viene-el-estudio-de-viabilidad-de-la-estacion-de-esqui-de-urbion\/#mainImage"},"datePublished":"2016-05-07T01:43:02+02:00","dateModified":"2016-05-07T01:43:02+02:00"},{"@type":"WebSite","@id":"https:\/\/eldigitaldeasturias.com\/magazine365\/#website","url":"https:\/\/eldigitaldeasturias.com\/magazine365\/","name":"El Digital de Asturias","description":"Revista de ocio, turismo y estilo de vida","inLanguage":"es-ES","publisher":{"@id":"https:\/\/eldigitaldeasturias.com\/magazine365\/#organization"}}]},"og:locale":"es_ES","og:site_name":"El Digital de Asturias \u2013 Revista de ocio, turismo y estilo de vida","og:type":"article","og:title":"Soria licita la semana que viene el estudio de viabilidad de la estaci\u00f3n de esqu\u00ed de Urbi\u00f3n | El Digital de Asturias","og:description":"El presidente de la Diputaci\u00f3n de Soria, Luis Rey, ha anunciado hoy tras la Junta de Gobierno que la semana que viene estar\u00e1n listas las bases para la licitaci\u00f3n del estudio de viabilidad del proyecto de una estaci\u00f3n de esqu\u00ed en la zona de Urbi\u00f3n. Desde que alcanz\u00f3 la presidencia el pasado verano, uno de","og:url":"https:\/\/eldigitaldeasturias.com\/magazine365\/soria-licita-la-semana-que-viene-el-estudio-de-viabilidad-de-la-estacion-de-esqui-de-urbion\/","og:image":"https:\/\/eldigitaldeasturias.com\/magazine365\/wp-content\/uploads\/2016\/05\/fotonoticia_20160503192539_800.jpg","og:image:secure_url":"https:\/\/eldigitaldeasturias.com\/magazine365\/wp-content\/uploads\/2016\/05\/fotonoticia_20160503192539_800.jpg","og:image:width":800,"og:image:height":533,"article:published_time":"2016-05-06T23:43:02+00:00","article:modified_time":"2016-05-06T23:43:02+00:00","twitter:card":"summary_large_image","twitter:title":"Soria licita la semana que viene el estudio de viabilidad de la estaci\u00f3n de esqu\u00ed de Urbi\u00f3n | El Digital de Asturias","twitter:description":"El presidente de la Diputaci\u00f3n de Soria, Luis Rey, ha anunciado hoy tras la Junta de Gobierno que la semana que viene estar\u00e1n listas las bases para la licitaci\u00f3n del estudio de viabilidad del proyecto de una estaci\u00f3n de esqu\u00ed en la zona de Urbi\u00f3n. Desde que alcanz\u00f3 la presidencia el pasado verano, uno de","twitter:image":"https:\/\/eldigitaldeasturias.com\/magazine365\/wp-content\/uploads\/2016\/05\/fotonoticia_20160503192539_800.jpg"},"aioseo_meta_data":{"post_id":"75916","title":null,"description":null,"keywords":null,"keyphrases":null,"primary_term":null,"canonical_url":null,"og_title":null,"og_description":null,"og_object_type":"default","og_image_type":"default","og_image_url":null,"og_image_width":null,"og_image_height":null,"og_image_custom_url":null,"og_image_custom_fields":null,"og_video":null,"og_custom_url":null,"og_article_section":null,"og_article_tags":null,"twitter_use_og":false,"twitter_card":"default","twitter_image_type":"default","twitter_image_url":null,"twitter_image_custom_url":null,"twitter_image_custom_fields":null,"twitter_title":null,"twitter_description":null,"schema":{"blockGraphs":[],"customGraphs":[],"default":{"data":{"Article":[],"Course":[],"Dataset":[],"FAQPage":[],"Movie":[],"Person":[],"Product":[],"ProductReview":[],"Car":[],"Recipe":[],"Service":[],"SoftwareApplication":[],"WebPage":[]},"graphName":"","isEnabled":true},"graphs":[],"defaultGraph":"","defaultPostTypeGraph":""},"schema_type":null,"schema_type_options":null,"pillar_content":false,"robots_default":true,"robots_noindex":false,"robots_noarchive":false,"robots_nosnippet":false,"robots_nofollow":false,"robots_noimageindex":false,"robots_noodp":false,"robots_notranslate":false,"robots_max_snippet":null,"robots_max_videopreview":null,"robots_max_imagepreview":"large","priority":null,"frequency":null,"location":null,"local_seo":null,"seo_analyzer_scan_date":"2025-09-27 11:28:52","breadcrumb_settings":null,"limit_modified_date":false,"open_ai":null,"ai":null,"created":"2021-03-08 18:34:41","updated":"2025-09-27 11:28:52"},"aioseo_breadcrumb":"<div class=\"aioseo-breadcrumbs\"><span class=\"aioseo-breadcrumb\">\n\t<a href=\"https:\/\/eldigitaldeasturias.com\/magazine365\" title=\"Home\">Home<\/a>\n<\/span><span class=\"aioseo-breadcrumb-separator\">\u2013<\/span><span class=\"aioseo-breadcrumb\">\n\t<a href=\"https:\/\/eldigitaldeasturias.com\/magazine365\/category\/noticias-actualidad\/\" title=\"Noticias y Actualidad\">Noticias y Actualidad<\/a>\n<\/span><span class=\"aioseo-breadcrumb-separator\">\u2013<\/span><span class=\"aioseo-breadcrumb\">\n\t<a href=\"https:\/\/eldigitaldeasturias.com\/magazine365\/soria-licita-la-semana-que-viene-el-estudio-de-viabilidad-de-la-estacion-de-esqui-de-urbion\/\" title=\"Soria licita la semana que viene el estudio de viabilidad de la estaci\u00f3n de esqu\u00ed de Urbi\u00f3n\">Soria licita la semana que viene el estudio de viabilidad de la estaci\u00f3n de esqu\u00ed de Urbi\u00f3n<\/a>\n<\/span><\/div>","aioseo_breadcrumb_json":[{"label":"Home","link":"https:\/\/eldigitaldeasturias.com\/magazine365"},{"label":"Noticias y Actualidad","link":"https:\/\/eldigitaldeasturias.com\/magazine365\/category\/noticias-actualidad\/"},{"label":"Soria licita la semana que viene el estudio de viabilidad de la estaci\u00f3n de esqu\u00ed de Urbi\u00f3n","link":"https:\/\/eldigitaldeasturias.com\/magazine365\/soria-licita-la-semana-que-viene-el-estudio-de-viabilidad-de-la-estacion-de-esqui-de-urbion\/"}],"_links":{"self":[{"href":"https:\/\/eldigitaldeasturias.com\/magazine365\/wp-json\/wp\/v2\/posts\/75916","targetHints":{"allow":["GET"]}}],"collection":[{"href":"https:\/\/eldigitaldeasturias.com\/magazine365\/wp-json\/wp\/v2\/posts"}],"about":[{"href":"https:\/\/eldigitaldeasturias.com\/magazine365\/wp-json\/wp\/v2\/types\/post"}],"author":[{"embeddable":true,"href":"https:\/\/eldigitaldeasturias.com\/magazine365\/wp-json\/wp\/v2\/users\/1"}],"replies":[{"embeddable":true,"href":"https:\/\/eldigitaldeasturias.com\/magazine365\/wp-json\/wp\/v2\/comments?post=75916"}],"version-history":[{"count":0,"href":"https:\/\/eldigitaldeasturias.com\/magazine365\/wp-json\/wp\/v2\/posts\/75916\/revisions"}],"wp:featuredmedia":[{"embeddable":true,"href":"https:\/\/eldigitaldeasturias.com\/magazine365\/wp-json\/wp\/v2\/media\/75917"}],"wp:attachment":[{"href":"https:\/\/eldigitaldeasturias.com\/magazine365\/wp-json\/wp\/v2\/media?parent=75916"}],"wp:term":[{"taxonomy":"category","embeddable":true,"href":"https:\/\/eldigitaldeasturias.com\/magazine365\/wp-json\/wp\/v2\/categories?post=75916"},{"taxonomy":"post_tag","embeddable":true,"href":"https:\/\/eldigitaldeasturias.com\/magazine365\/wp-json\/wp\/v2\/tags?post=75916"}],"curies":[{"name":"wp","href":"https:\/\/api.w.org\/{rel}","templated":true}]}}