{"id":75824,"date":"2016-05-04T15:51:30","date_gmt":"2016-05-04T13:51:30","guid":{"rendered":"http:\/\/eldigitaldeasturias.com\/magazine365\/?p=75824"},"modified":"2016-05-04T15:51:30","modified_gmt":"2016-05-04T13:51:30","slug":"el-aeropuerto-de-jerez-recibe-este-miercoles-el-primer-vuelo-de-brussels-airlines-que-enlaza-con-bruselas","status":"publish","type":"post","link":"https:\/\/eldigitaldeasturias.com\/magazine365\/el-aeropuerto-de-jerez-recibe-este-miercoles-el-primer-vuelo-de-brussels-airlines-que-enlaza-con-bruselas\/","title":{"rendered":"El Aeropuerto de Jerez recibe este mi\u00e9rcoles el primer vuelo de Brussels Airlines que enlaza con Bruselas"},"content":{"rendered":"<p><img fetchpriority=\"high\" decoding=\"async\" class=\"alignleft size-medium wp-image-75825\" src=\"https:\/\/eldigitaldeasturias.com\/magazine365\/wp-content\/uploads\/2016\/05\/fotonoticia_20160503124019_800-360x240.jpg\" alt=\"fotonoticia_20160503124019_800\" width=\"360\" height=\"240\" srcset=\"https:\/\/eldigitaldeasturias.com\/magazine365\/wp-content\/uploads\/2016\/05\/fotonoticia_20160503124019_800-360x240.jpg 360w, https:\/\/eldigitaldeasturias.com\/magazine365\/wp-content\/uploads\/2016\/05\/fotonoticia_20160503124019_800-650x434.jpg 650w, https:\/\/eldigitaldeasturias.com\/magazine365\/wp-content\/uploads\/2016\/05\/fotonoticia_20160503124019_800-768x513.jpg 768w, https:\/\/eldigitaldeasturias.com\/magazine365\/wp-content\/uploads\/2016\/05\/fotonoticia_20160503124019_800-150x100.jpg 150w, https:\/\/eldigitaldeasturias.com\/magazine365\/wp-content\/uploads\/2016\/05\/fotonoticia_20160503124019_800-450x300.jpg 450w, https:\/\/eldigitaldeasturias.com\/magazine365\/wp-content\/uploads\/2016\/05\/fotonoticia_20160503124019_800-101x66.jpg 101w, https:\/\/eldigitaldeasturias.com\/magazine365\/wp-content\/uploads\/2016\/05\/fotonoticia_20160503124019_800.jpg 800w\" sizes=\"(max-width: 360px) 100vw, 360px\" \/>El aeropuerto de Jerez de la Frontera (C\u00e1diz) recibe este mi\u00e9rcoles a las 14,50 horas el primer vuelo de la operativa de Brussels Airlines que unir\u00e1 la provincia gaditana con Bruselas hasta finales del mes de septiembre.<\/p>\n<p>Seg\u00fan ha indicado el Patronato Provincial de Turismo de la Diputaci\u00f3n de C\u00e1diz, en total Brussel Airlines pone a la venta 8.000 billetes para el vuelo Jerez-Bruselas, y otros tantos para el Bruselas-Jerez.<\/p>\n<p>As\u00ed, desde el 4 de mayo y hasta finales de septiembre, Brussels Airlines volar\u00e1 a Jerez los mi\u00e9rcoles y domingo, con un total de 42 trayectos en los que emplear\u00e1 Airbus 320 y 319, con tarifas, en algunos casos, muy reducidas.<\/p>\n<p>La conexi\u00f3n de Brussels Airlines ser\u00e1 la segunda que est\u00e9 operativa este a\u00f1o entre la capital belga y el aeropuerto de Jerez, ya que, desde el 27 de marzo y hasta octubre, Jetair vuela los domingos duplicando esta frecuencia durante julio y agosto.<\/p>\n<p>Actualmente, la provincia recibe unos 20.000 belgas cada a\u00f1o, habiendo aumentado un cinco por ciento la llegada de turistas en el ejercicio de 2015 con respecto a 2014.<\/p>\n<p>Seg\u00fan ha indicado el Patronato, al ser la primera vez que Brussels Airlines vuela a Jerez, brindar\u00e1 un \u00abrecibimiento especial\u00bb a los pasajeros de este primer vuelo, como ya ha hecho en otras ocasiones.<\/p>\n<p>En concreto, un venenciador ofrecer\u00e1 una copa de jerez a cada pasajero mientras disfrutan de un espect\u00e1culo flamenco en el vest\u00edbulo del aeropuerto. A continuaci\u00f3n, el Patronato le entregar\u00e1 a cada pasajero una bolsa con informaci\u00f3n tur\u00edstica de la provincia.<\/p>\n<p>Adem\u00e1s, antes y durante la maniobra de aterrizaje, est\u00e1 previsto que los bomberos del aeropuerto hagan el tradicional arco de agua con las mangueras para que la aeronave pase por debajo.<\/p>\n","protected":false},"excerpt":{"rendered":"<p>El aeropuerto de Jerez de la Frontera (C\u00e1diz) recibe este mi\u00e9rcoles a las 14,50 horas el primer vuelo de la operativa de Brussels Airlines que unir\u00e1 la provincia gaditana con Bruselas hasta finales del mes de septiembre. Seg\u00fan ha indicado el Patronato Provincial de Turismo de la Diputaci\u00f3n de C\u00e1diz, en total Brussel Airlines pone<\/p>\n","protected":false},"author":1,"featured_media":75825,"comment_status":"open","ping_status":"closed","sticky":false,"template":"","format":"standard","meta":{"footnotes":""},"categories":[224],"tags":[],"class_list":{"0":"post-75824","1":"post","2":"type-post","3":"status-publish","4":"format-standard","5":"has-post-thumbnail","7":"category-noticias-actualidad"},"aioseo_notices":[],"aioseo_head":"\n\t\t<!-- All in One SEO Pro 4.9.6.1 - aioseo.com -->\n\t<meta name=\"description\" content=\"El aeropuerto de Jerez de la Frontera (C\u00e1diz) recibe este mi\u00e9rcoles a las 14,50 horas el primer vuelo de la operativa de Brussels Airlines que unir\u00e1 la provincia gaditana con Bruselas hasta finales del mes de septiembre. Seg\u00fan ha indicado el Patronato Provincial de Turismo de la Diputaci\u00f3n de C\u00e1diz, en total Brussel Airlines pone\" \/>\n\t<meta name=\"robots\" content=\"max-image-preview:large\" \/>\n\t<meta name=\"author\" content=\"admin\"\/>\n\t<meta name=\"google-site-verification\" content=\"UA-38556648-1\" \/>\n\t<meta name=\"keywords\" content=\"noticias y actualidad\" \/>\n\t<link rel=\"canonical\" href=\"https:\/\/eldigitaldeasturias.com\/magazine365\/el-aeropuerto-de-jerez-recibe-este-miercoles-el-primer-vuelo-de-brussels-airlines-que-enlaza-con-bruselas\/\" \/>\n\t<meta name=\"generator\" content=\"All in One SEO Pro (AIOSEO) 4.9.6.1\" \/>\n\t\t<meta property=\"og:locale\" content=\"es_ES\" \/>\n\t\t<meta property=\"og:site_name\" content=\"El Digital de Asturias \u2013 Revista de ocio, turismo y estilo de vida\" \/>\n\t\t<meta property=\"og:type\" content=\"article\" \/>\n\t\t<meta property=\"og:title\" content=\"El Aeropuerto de Jerez recibe este mi\u00e9rcoles el primer vuelo de Brussels Airlines que enlaza con Bruselas | El Digital de Asturias\" \/>\n\t\t<meta property=\"og:description\" content=\"El aeropuerto de Jerez de la Frontera (C\u00e1diz) recibe este mi\u00e9rcoles a las 14,50 horas el primer vuelo de la operativa de Brussels Airlines que unir\u00e1 la provincia gaditana con Bruselas hasta finales del mes de septiembre. Seg\u00fan ha indicado el Patronato Provincial de Turismo de la Diputaci\u00f3n de C\u00e1diz, en total Brussel Airlines pone\" \/>\n\t\t<meta property=\"og:url\" content=\"https:\/\/eldigitaldeasturias.com\/magazine365\/el-aeropuerto-de-jerez-recibe-este-miercoles-el-primer-vuelo-de-brussels-airlines-que-enlaza-con-bruselas\/\" \/>\n\t\t<meta property=\"og:image\" content=\"https:\/\/eldigitaldeasturias.com\/magazine365\/wp-content\/uploads\/2016\/05\/fotonoticia_20160503124019_800.jpg\" \/>\n\t\t<meta property=\"og:image:secure_url\" content=\"https:\/\/eldigitaldeasturias.com\/magazine365\/wp-content\/uploads\/2016\/05\/fotonoticia_20160503124019_800.jpg\" \/>\n\t\t<meta property=\"og:image:width\" content=\"800\" \/>\n\t\t<meta property=\"og:image:height\" content=\"534\" \/>\n\t\t<meta property=\"article:published_time\" content=\"2016-05-04T13:51:30+00:00\" \/>\n\t\t<meta property=\"article:modified_time\" content=\"2016-05-04T13:51:30+00:00\" \/>\n\t\t<meta name=\"twitter:card\" content=\"summary_large_image\" \/>\n\t\t<meta name=\"twitter:title\" content=\"El Aeropuerto de Jerez recibe este mi\u00e9rcoles el primer vuelo de Brussels Airlines que enlaza con Bruselas | El Digital de Asturias\" \/>\n\t\t<meta name=\"twitter:description\" content=\"El aeropuerto de Jerez de la Frontera (C\u00e1diz) recibe este mi\u00e9rcoles a las 14,50 horas el primer vuelo de la operativa de Brussels Airlines que unir\u00e1 la provincia gaditana con Bruselas hasta finales del mes de septiembre. Seg\u00fan ha indicado el Patronato Provincial de Turismo de la Diputaci\u00f3n de C\u00e1diz, en total Brussel Airlines pone\" \/>\n\t\t<meta name=\"twitter:image\" content=\"https:\/\/eldigitaldeasturias.com\/magazine365\/wp-content\/uploads\/2016\/05\/fotonoticia_20160503124019_800.jpg\" \/>\n\t\t<script type=\"application\/ld+json\" class=\"aioseo-schema\">\n\t\t\t{\"@context\":\"https:\\\/\\\/schema.org\",\"@graph\":[{\"@type\":\"Article\",\"@id\":\"https:\\\/\\\/eldigitaldeasturias.com\\\/magazine365\\\/el-aeropuerto-de-jerez-recibe-este-miercoles-el-primer-vuelo-de-brussels-airlines-que-enlaza-con-bruselas\\\/#article\",\"name\":\"El Aeropuerto de Jerez recibe este mi\\u00e9rcoles el primer vuelo de Brussels Airlines que enlaza con Bruselas | El Digital de Asturias\",\"headline\":\"El Aeropuerto de Jerez recibe este mi\\u00e9rcoles el primer vuelo de Brussels Airlines que enlaza con Bruselas\",\"author\":{\"@id\":\"https:\\\/\\\/eldigitaldeasturias.com\\\/magazine365\\\/author\\\/admin\\\/#author\"},\"publisher\":{\"@id\":\"https:\\\/\\\/eldigitaldeasturias.com\\\/magazine365\\\/#organization\"},\"image\":{\"@type\":\"ImageObject\",\"url\":\"https:\\\/\\\/eldigitaldeasturias.com\\\/magazine365\\\/wp-content\\\/uploads\\\/2016\\\/05\\\/fotonoticia_20160503124019_800.jpg\",\"width\":800,\"height\":534},\"datePublished\":\"2016-05-04T15:51:30+02:00\",\"dateModified\":\"2016-05-04T15:51:30+02:00\",\"inLanguage\":\"es-ES\",\"mainEntityOfPage\":{\"@id\":\"https:\\\/\\\/eldigitaldeasturias.com\\\/magazine365\\\/el-aeropuerto-de-jerez-recibe-este-miercoles-el-primer-vuelo-de-brussels-airlines-que-enlaza-con-bruselas\\\/#webpage\"},\"isPartOf\":{\"@id\":\"https:\\\/\\\/eldigitaldeasturias.com\\\/magazine365\\\/el-aeropuerto-de-jerez-recibe-este-miercoles-el-primer-vuelo-de-brussels-airlines-que-enlaza-con-bruselas\\\/#webpage\"},\"articleSection\":\"Noticias y Actualidad\"},{\"@type\":\"BreadcrumbList\",\"@id\":\"https:\\\/\\\/eldigitaldeasturias.com\\\/magazine365\\\/el-aeropuerto-de-jerez-recibe-este-miercoles-el-primer-vuelo-de-brussels-airlines-que-enlaza-con-bruselas\\\/#breadcrumblist\",\"itemListElement\":[{\"@type\":\"ListItem\",\"@id\":\"https:\\\/\\\/eldigitaldeasturias.com\\\/magazine365#listItem\",\"position\":1,\"name\":\"Home\",\"item\":\"https:\\\/\\\/eldigitaldeasturias.com\\\/magazine365\",\"nextItem\":{\"@type\":\"ListItem\",\"@id\":\"https:\\\/\\\/eldigitaldeasturias.com\\\/magazine365\\\/category\\\/noticias-actualidad\\\/#listItem\",\"name\":\"Noticias y Actualidad\"}},{\"@type\":\"ListItem\",\"@id\":\"https:\\\/\\\/eldigitaldeasturias.com\\\/magazine365\\\/category\\\/noticias-actualidad\\\/#listItem\",\"position\":2,\"name\":\"Noticias y Actualidad\",\"item\":\"https:\\\/\\\/eldigitaldeasturias.com\\\/magazine365\\\/category\\\/noticias-actualidad\\\/\",\"nextItem\":{\"@type\":\"ListItem\",\"@id\":\"https:\\\/\\\/eldigitaldeasturias.com\\\/magazine365\\\/el-aeropuerto-de-jerez-recibe-este-miercoles-el-primer-vuelo-de-brussels-airlines-que-enlaza-con-bruselas\\\/#listItem\",\"name\":\"El Aeropuerto de Jerez recibe este mi\\u00e9rcoles el primer vuelo de Brussels Airlines que enlaza con Bruselas\"},\"previousItem\":{\"@type\":\"ListItem\",\"@id\":\"https:\\\/\\\/eldigitaldeasturias.com\\\/magazine365#listItem\",\"name\":\"Home\"}},{\"@type\":\"ListItem\",\"@id\":\"https:\\\/\\\/eldigitaldeasturias.com\\\/magazine365\\\/el-aeropuerto-de-jerez-recibe-este-miercoles-el-primer-vuelo-de-brussels-airlines-que-enlaza-con-bruselas\\\/#listItem\",\"position\":3,\"name\":\"El Aeropuerto de Jerez recibe este mi\\u00e9rcoles el primer vuelo de Brussels Airlines que enlaza con Bruselas\",\"previousItem\":{\"@type\":\"ListItem\",\"@id\":\"https:\\\/\\\/eldigitaldeasturias.com\\\/magazine365\\\/category\\\/noticias-actualidad\\\/#listItem\",\"name\":\"Noticias y Actualidad\"}}]},{\"@type\":\"Organization\",\"@id\":\"https:\\\/\\\/eldigitaldeasturias.com\\\/magazine365\\\/#organization\",\"name\":\"El digital de Asturias\",\"description\":\"Revista de ocio, turismo y estilo de vida\",\"url\":\"https:\\\/\\\/eldigitaldeasturias.com\\\/magazine365\\\/\",\"logo\":{\"@type\":\"ImageObject\",\"url\":\"https:\\\/\\\/www.eldigitaldeasturias.com\\\/noticias\\\/wp-content\\\/uploads\\\/2020\\\/12\\\/EDA.jpg\",\"@id\":\"https:\\\/\\\/eldigitaldeasturias.com\\\/magazine365\\\/el-aeropuerto-de-jerez-recibe-este-miercoles-el-primer-vuelo-de-brussels-airlines-que-enlaza-con-bruselas\\\/#organizationLogo\"},\"image\":{\"@id\":\"https:\\\/\\\/eldigitaldeasturias.com\\\/magazine365\\\/el-aeropuerto-de-jerez-recibe-este-miercoles-el-primer-vuelo-de-brussels-airlines-que-enlaza-con-bruselas\\\/#organizationLogo\"}},{\"@type\":\"Person\",\"@id\":\"https:\\\/\\\/eldigitaldeasturias.com\\\/magazine365\\\/author\\\/admin\\\/#author\",\"url\":\"https:\\\/\\\/eldigitaldeasturias.com\\\/magazine365\\\/author\\\/admin\\\/\",\"name\":\"admin\",\"image\":{\"@type\":\"ImageObject\",\"@id\":\"https:\\\/\\\/eldigitaldeasturias.com\\\/magazine365\\\/el-aeropuerto-de-jerez-recibe-este-miercoles-el-primer-vuelo-de-brussels-airlines-que-enlaza-con-bruselas\\\/#authorImage\",\"url\":\"https:\\\/\\\/eldigitaldeasturias.com\\\/magazine365\\\/wp-content\\\/litespeed\\\/avatar\\\/e571bcf59a0edd6fa6838245a470f2fe.jpg?ver=1777574230\",\"width\":96,\"height\":96,\"caption\":\"admin\"}},{\"@type\":\"WebPage\",\"@id\":\"https:\\\/\\\/eldigitaldeasturias.com\\\/magazine365\\\/el-aeropuerto-de-jerez-recibe-este-miercoles-el-primer-vuelo-de-brussels-airlines-que-enlaza-con-bruselas\\\/#webpage\",\"url\":\"https:\\\/\\\/eldigitaldeasturias.com\\\/magazine365\\\/el-aeropuerto-de-jerez-recibe-este-miercoles-el-primer-vuelo-de-brussels-airlines-que-enlaza-con-bruselas\\\/\",\"name\":\"El Aeropuerto de Jerez recibe este mi\\u00e9rcoles el primer vuelo de Brussels Airlines que enlaza con Bruselas | El Digital de Asturias\",\"description\":\"El aeropuerto de Jerez de la Frontera (C\\u00e1diz) recibe este mi\\u00e9rcoles a las 14,50 horas el primer vuelo de la operativa de Brussels Airlines que unir\\u00e1 la provincia gaditana con Bruselas hasta finales del mes de septiembre. Seg\\u00fan ha indicado el Patronato Provincial de Turismo de la Diputaci\\u00f3n de C\\u00e1diz, en total Brussel Airlines pone\",\"inLanguage\":\"es-ES\",\"isPartOf\":{\"@id\":\"https:\\\/\\\/eldigitaldeasturias.com\\\/magazine365\\\/#website\"},\"breadcrumb\":{\"@id\":\"https:\\\/\\\/eldigitaldeasturias.com\\\/magazine365\\\/el-aeropuerto-de-jerez-recibe-este-miercoles-el-primer-vuelo-de-brussels-airlines-que-enlaza-con-bruselas\\\/#breadcrumblist\"},\"author\":{\"@id\":\"https:\\\/\\\/eldigitaldeasturias.com\\\/magazine365\\\/author\\\/admin\\\/#author\"},\"creator\":{\"@id\":\"https:\\\/\\\/eldigitaldeasturias.com\\\/magazine365\\\/author\\\/admin\\\/#author\"},\"image\":{\"@type\":\"ImageObject\",\"url\":\"https:\\\/\\\/eldigitaldeasturias.com\\\/magazine365\\\/wp-content\\\/uploads\\\/2016\\\/05\\\/fotonoticia_20160503124019_800.jpg\",\"@id\":\"https:\\\/\\\/eldigitaldeasturias.com\\\/magazine365\\\/el-aeropuerto-de-jerez-recibe-este-miercoles-el-primer-vuelo-de-brussels-airlines-que-enlaza-con-bruselas\\\/#mainImage\",\"width\":800,\"height\":534},\"primaryImageOfPage\":{\"@id\":\"https:\\\/\\\/eldigitaldeasturias.com\\\/magazine365\\\/el-aeropuerto-de-jerez-recibe-este-miercoles-el-primer-vuelo-de-brussels-airlines-que-enlaza-con-bruselas\\\/#mainImage\"},\"datePublished\":\"2016-05-04T15:51:30+02:00\",\"dateModified\":\"2016-05-04T15:51:30+02:00\"},{\"@type\":\"WebSite\",\"@id\":\"https:\\\/\\\/eldigitaldeasturias.com\\\/magazine365\\\/#website\",\"url\":\"https:\\\/\\\/eldigitaldeasturias.com\\\/magazine365\\\/\",\"name\":\"El Digital de Asturias\",\"description\":\"Revista de ocio, turismo y estilo de vida\",\"inLanguage\":\"es-ES\",\"publisher\":{\"@id\":\"https:\\\/\\\/eldigitaldeasturias.com\\\/magazine365\\\/#organization\"}}]}\n\t\t<\/script>\n\t\t<!-- All in One SEO Pro -->\r\n\t\t<title>El Aeropuerto de Jerez recibe este mi\u00e9rcoles el primer vuelo de Brussels Airlines que enlaza con Bruselas | El Digital de Asturias<\/title>\n\n","aioseo_head_json":{"title":"El Aeropuerto de Jerez recibe este mi\u00e9rcoles el primer vuelo de Brussels Airlines que enlaza con Bruselas | El Digital de Asturias","description":"El aeropuerto de Jerez de la Frontera (C\u00e1diz) recibe este mi\u00e9rcoles a las 14,50 horas el primer vuelo de la operativa de Brussels Airlines que unir\u00e1 la provincia gaditana con Bruselas hasta finales del mes de septiembre. Seg\u00fan ha indicado el Patronato Provincial de Turismo de la Diputaci\u00f3n de C\u00e1diz, en total Brussel Airlines pone","canonical_url":"https:\/\/eldigitaldeasturias.com\/magazine365\/el-aeropuerto-de-jerez-recibe-este-miercoles-el-primer-vuelo-de-brussels-airlines-que-enlaza-con-bruselas\/","robots":"max-image-preview:large","keywords":"noticias y actualidad","webmasterTools":{"google-site-verification":"UA-38556648-1","miscellaneous":""},"schema":{"@context":"https:\/\/schema.org","@graph":[{"@type":"Article","@id":"https:\/\/eldigitaldeasturias.com\/magazine365\/el-aeropuerto-de-jerez-recibe-este-miercoles-el-primer-vuelo-de-brussels-airlines-que-enlaza-con-bruselas\/#article","name":"El Aeropuerto de Jerez recibe este mi\u00e9rcoles el primer vuelo de Brussels Airlines que enlaza con Bruselas | El Digital de Asturias","headline":"El Aeropuerto de Jerez recibe este mi\u00e9rcoles el primer vuelo de Brussels Airlines que enlaza con Bruselas","author":{"@id":"https:\/\/eldigitaldeasturias.com\/magazine365\/author\/admin\/#author"},"publisher":{"@id":"https:\/\/eldigitaldeasturias.com\/magazine365\/#organization"},"image":{"@type":"ImageObject","url":"https:\/\/eldigitaldeasturias.com\/magazine365\/wp-content\/uploads\/2016\/05\/fotonoticia_20160503124019_800.jpg","width":800,"height":534},"datePublished":"2016-05-04T15:51:30+02:00","dateModified":"2016-05-04T15:51:30+02:00","inLanguage":"es-ES","mainEntityOfPage":{"@id":"https:\/\/eldigitaldeasturias.com\/magazine365\/el-aeropuerto-de-jerez-recibe-este-miercoles-el-primer-vuelo-de-brussels-airlines-que-enlaza-con-bruselas\/#webpage"},"isPartOf":{"@id":"https:\/\/eldigitaldeasturias.com\/magazine365\/el-aeropuerto-de-jerez-recibe-este-miercoles-el-primer-vuelo-de-brussels-airlines-que-enlaza-con-bruselas\/#webpage"},"articleSection":"Noticias y Actualidad"},{"@type":"BreadcrumbList","@id":"https:\/\/eldigitaldeasturias.com\/magazine365\/el-aeropuerto-de-jerez-recibe-este-miercoles-el-primer-vuelo-de-brussels-airlines-que-enlaza-con-bruselas\/#breadcrumblist","itemListElement":[{"@type":"ListItem","@id":"https:\/\/eldigitaldeasturias.com\/magazine365#listItem","position":1,"name":"Home","item":"https:\/\/eldigitaldeasturias.com\/magazine365","nextItem":{"@type":"ListItem","@id":"https:\/\/eldigitaldeasturias.com\/magazine365\/category\/noticias-actualidad\/#listItem","name":"Noticias y Actualidad"}},{"@type":"ListItem","@id":"https:\/\/eldigitaldeasturias.com\/magazine365\/category\/noticias-actualidad\/#listItem","position":2,"name":"Noticias y Actualidad","item":"https:\/\/eldigitaldeasturias.com\/magazine365\/category\/noticias-actualidad\/","nextItem":{"@type":"ListItem","@id":"https:\/\/eldigitaldeasturias.com\/magazine365\/el-aeropuerto-de-jerez-recibe-este-miercoles-el-primer-vuelo-de-brussels-airlines-que-enlaza-con-bruselas\/#listItem","name":"El Aeropuerto de Jerez recibe este mi\u00e9rcoles el primer vuelo de Brussels Airlines que enlaza con Bruselas"},"previousItem":{"@type":"ListItem","@id":"https:\/\/eldigitaldeasturias.com\/magazine365#listItem","name":"Home"}},{"@type":"ListItem","@id":"https:\/\/eldigitaldeasturias.com\/magazine365\/el-aeropuerto-de-jerez-recibe-este-miercoles-el-primer-vuelo-de-brussels-airlines-que-enlaza-con-bruselas\/#listItem","position":3,"name":"El Aeropuerto de Jerez recibe este mi\u00e9rcoles el primer vuelo de Brussels Airlines que enlaza con Bruselas","previousItem":{"@type":"ListItem","@id":"https:\/\/eldigitaldeasturias.com\/magazine365\/category\/noticias-actualidad\/#listItem","name":"Noticias y Actualidad"}}]},{"@type":"Organization","@id":"https:\/\/eldigitaldeasturias.com\/magazine365\/#organization","name":"El digital de Asturias","description":"Revista de ocio, turismo y estilo de vida","url":"https:\/\/eldigitaldeasturias.com\/magazine365\/","logo":{"@type":"ImageObject","url":"https:\/\/www.eldigitaldeasturias.com\/noticias\/wp-content\/uploads\/2020\/12\/EDA.jpg","@id":"https:\/\/eldigitaldeasturias.com\/magazine365\/el-aeropuerto-de-jerez-recibe-este-miercoles-el-primer-vuelo-de-brussels-airlines-que-enlaza-con-bruselas\/#organizationLogo"},"image":{"@id":"https:\/\/eldigitaldeasturias.com\/magazine365\/el-aeropuerto-de-jerez-recibe-este-miercoles-el-primer-vuelo-de-brussels-airlines-que-enlaza-con-bruselas\/#organizationLogo"}},{"@type":"Person","@id":"https:\/\/eldigitaldeasturias.com\/magazine365\/author\/admin\/#author","url":"https:\/\/eldigitaldeasturias.com\/magazine365\/author\/admin\/","name":"admin","image":{"@type":"ImageObject","@id":"https:\/\/eldigitaldeasturias.com\/magazine365\/el-aeropuerto-de-jerez-recibe-este-miercoles-el-primer-vuelo-de-brussels-airlines-que-enlaza-con-bruselas\/#authorImage","url":"https:\/\/eldigitaldeasturias.com\/magazine365\/wp-content\/litespeed\/avatar\/e571bcf59a0edd6fa6838245a470f2fe.jpg?ver=1777574230","width":96,"height":96,"caption":"admin"}},{"@type":"WebPage","@id":"https:\/\/eldigitaldeasturias.com\/magazine365\/el-aeropuerto-de-jerez-recibe-este-miercoles-el-primer-vuelo-de-brussels-airlines-que-enlaza-con-bruselas\/#webpage","url":"https:\/\/eldigitaldeasturias.com\/magazine365\/el-aeropuerto-de-jerez-recibe-este-miercoles-el-primer-vuelo-de-brussels-airlines-que-enlaza-con-bruselas\/","name":"El Aeropuerto de Jerez recibe este mi\u00e9rcoles el primer vuelo de Brussels Airlines que enlaza con Bruselas | El Digital de Asturias","description":"El aeropuerto de Jerez de la Frontera (C\u00e1diz) recibe este mi\u00e9rcoles a las 14,50 horas el primer vuelo de la operativa de Brussels Airlines que unir\u00e1 la provincia gaditana con Bruselas hasta finales del mes de septiembre. Seg\u00fan ha indicado el Patronato Provincial de Turismo de la Diputaci\u00f3n de C\u00e1diz, en total Brussel Airlines pone","inLanguage":"es-ES","isPartOf":{"@id":"https:\/\/eldigitaldeasturias.com\/magazine365\/#website"},"breadcrumb":{"@id":"https:\/\/eldigitaldeasturias.com\/magazine365\/el-aeropuerto-de-jerez-recibe-este-miercoles-el-primer-vuelo-de-brussels-airlines-que-enlaza-con-bruselas\/#breadcrumblist"},"author":{"@id":"https:\/\/eldigitaldeasturias.com\/magazine365\/author\/admin\/#author"},"creator":{"@id":"https:\/\/eldigitaldeasturias.com\/magazine365\/author\/admin\/#author"},"image":{"@type":"ImageObject","url":"https:\/\/eldigitaldeasturias.com\/magazine365\/wp-content\/uploads\/2016\/05\/fotonoticia_20160503124019_800.jpg","@id":"https:\/\/eldigitaldeasturias.com\/magazine365\/el-aeropuerto-de-jerez-recibe-este-miercoles-el-primer-vuelo-de-brussels-airlines-que-enlaza-con-bruselas\/#mainImage","width":800,"height":534},"primaryImageOfPage":{"@id":"https:\/\/eldigitaldeasturias.com\/magazine365\/el-aeropuerto-de-jerez-recibe-este-miercoles-el-primer-vuelo-de-brussels-airlines-que-enlaza-con-bruselas\/#mainImage"},"datePublished":"2016-05-04T15:51:30+02:00","dateModified":"2016-05-04T15:51:30+02:00"},{"@type":"WebSite","@id":"https:\/\/eldigitaldeasturias.com\/magazine365\/#website","url":"https:\/\/eldigitaldeasturias.com\/magazine365\/","name":"El Digital de Asturias","description":"Revista de ocio, turismo y estilo de vida","inLanguage":"es-ES","publisher":{"@id":"https:\/\/eldigitaldeasturias.com\/magazine365\/#organization"}}]},"og:locale":"es_ES","og:site_name":"El Digital de Asturias \u2013 Revista de ocio, turismo y estilo de vida","og:type":"article","og:title":"El Aeropuerto de Jerez recibe este mi\u00e9rcoles el primer vuelo de Brussels Airlines que enlaza con Bruselas | El Digital de Asturias","og:description":"El aeropuerto de Jerez de la Frontera (C\u00e1diz) recibe este mi\u00e9rcoles a las 14,50 horas el primer vuelo de la operativa de Brussels Airlines que unir\u00e1 la provincia gaditana con Bruselas hasta finales del mes de septiembre. Seg\u00fan ha indicado el Patronato Provincial de Turismo de la Diputaci\u00f3n de C\u00e1diz, en total Brussel Airlines pone","og:url":"https:\/\/eldigitaldeasturias.com\/magazine365\/el-aeropuerto-de-jerez-recibe-este-miercoles-el-primer-vuelo-de-brussels-airlines-que-enlaza-con-bruselas\/","og:image":"https:\/\/eldigitaldeasturias.com\/magazine365\/wp-content\/uploads\/2016\/05\/fotonoticia_20160503124019_800.jpg","og:image:secure_url":"https:\/\/eldigitaldeasturias.com\/magazine365\/wp-content\/uploads\/2016\/05\/fotonoticia_20160503124019_800.jpg","og:image:width":800,"og:image:height":534,"article:published_time":"2016-05-04T13:51:30+00:00","article:modified_time":"2016-05-04T13:51:30+00:00","twitter:card":"summary_large_image","twitter:title":"El Aeropuerto de Jerez recibe este mi\u00e9rcoles el primer vuelo de Brussels Airlines que enlaza con Bruselas | El Digital de Asturias","twitter:description":"El aeropuerto de Jerez de la Frontera (C\u00e1diz) recibe este mi\u00e9rcoles a las 14,50 horas el primer vuelo de la operativa de Brussels Airlines que unir\u00e1 la provincia gaditana con Bruselas hasta finales del mes de septiembre. Seg\u00fan ha indicado el Patronato Provincial de Turismo de la Diputaci\u00f3n de C\u00e1diz, en total Brussel Airlines pone","twitter:image":"https:\/\/eldigitaldeasturias.com\/magazine365\/wp-content\/uploads\/2016\/05\/fotonoticia_20160503124019_800.jpg"},"aioseo_meta_data":{"post_id":"75824","title":null,"description":null,"keywords":null,"keyphrases":null,"primary_term":null,"canonical_url":null,"og_title":null,"og_description":null,"og_object_type":"default","og_image_type":"default","og_image_url":null,"og_image_width":null,"og_image_height":null,"og_image_custom_url":null,"og_image_custom_fields":null,"og_video":null,"og_custom_url":null,"og_article_section":null,"og_article_tags":null,"twitter_use_og":false,"twitter_card":"default","twitter_image_type":"default","twitter_image_url":null,"twitter_image_custom_url":null,"twitter_image_custom_fields":null,"twitter_title":null,"twitter_description":null,"schema":{"blockGraphs":[],"customGraphs":[],"default":{"data":{"Article":[],"Course":[],"Dataset":[],"FAQPage":[],"Movie":[],"Person":[],"Product":[],"ProductReview":[],"Car":[],"Recipe":[],"Service":[],"SoftwareApplication":[],"WebPage":[]},"graphName":"","isEnabled":true},"graphs":[],"defaultGraph":"","defaultPostTypeGraph":""},"schema_type":null,"schema_type_options":null,"pillar_content":false,"robots_default":true,"robots_noindex":false,"robots_noarchive":false,"robots_nosnippet":false,"robots_nofollow":false,"robots_noimageindex":false,"robots_noodp":false,"robots_notranslate":false,"robots_max_snippet":null,"robots_max_videopreview":null,"robots_max_imagepreview":"large","priority":null,"frequency":null,"location":null,"local_seo":null,"seo_analyzer_scan_date":"2025-09-27 11:17:05","breadcrumb_settings":null,"limit_modified_date":false,"open_ai":null,"ai":null,"created":"2021-03-08 18:35:40","updated":"2025-09-27 11:17:05"},"aioseo_breadcrumb":"<div class=\"aioseo-breadcrumbs\"><span class=\"aioseo-breadcrumb\">\n\t<a href=\"https:\/\/eldigitaldeasturias.com\/magazine365\" title=\"Home\">Home<\/a>\n<\/span><span class=\"aioseo-breadcrumb-separator\">\u2013<\/span><span class=\"aioseo-breadcrumb\">\n\t<a href=\"https:\/\/eldigitaldeasturias.com\/magazine365\/category\/noticias-actualidad\/\" title=\"Noticias y Actualidad\">Noticias y Actualidad<\/a>\n<\/span><span class=\"aioseo-breadcrumb-separator\">\u2013<\/span><span class=\"aioseo-breadcrumb\">\n\t<a href=\"https:\/\/eldigitaldeasturias.com\/magazine365\/el-aeropuerto-de-jerez-recibe-este-miercoles-el-primer-vuelo-de-brussels-airlines-que-enlaza-con-bruselas\/\" title=\"El Aeropuerto de Jerez recibe este mi\u00e9rcoles el primer vuelo de Brussels Airlines que enlaza con Bruselas\">El Aeropuerto de Jerez recibe este mi\u00e9rcoles el primer vuelo de Brussels Airlines que enlaza con Bruselas<\/a>\n<\/span><\/div>","aioseo_breadcrumb_json":[{"label":"Home","link":"https:\/\/eldigitaldeasturias.com\/magazine365"},{"label":"Noticias y Actualidad","link":"https:\/\/eldigitaldeasturias.com\/magazine365\/category\/noticias-actualidad\/"},{"label":"El Aeropuerto de Jerez recibe este mi\u00e9rcoles el primer vuelo de Brussels Airlines que enlaza con Bruselas","link":"https:\/\/eldigitaldeasturias.com\/magazine365\/el-aeropuerto-de-jerez-recibe-este-miercoles-el-primer-vuelo-de-brussels-airlines-que-enlaza-con-bruselas\/"}],"_links":{"self":[{"href":"https:\/\/eldigitaldeasturias.com\/magazine365\/wp-json\/wp\/v2\/posts\/75824","targetHints":{"allow":["GET"]}}],"collection":[{"href":"https:\/\/eldigitaldeasturias.com\/magazine365\/wp-json\/wp\/v2\/posts"}],"about":[{"href":"https:\/\/eldigitaldeasturias.com\/magazine365\/wp-json\/wp\/v2\/types\/post"}],"author":[{"embeddable":true,"href":"https:\/\/eldigitaldeasturias.com\/magazine365\/wp-json\/wp\/v2\/users\/1"}],"replies":[{"embeddable":true,"href":"https:\/\/eldigitaldeasturias.com\/magazine365\/wp-json\/wp\/v2\/comments?post=75824"}],"version-history":[{"count":0,"href":"https:\/\/eldigitaldeasturias.com\/magazine365\/wp-json\/wp\/v2\/posts\/75824\/revisions"}],"wp:featuredmedia":[{"embeddable":true,"href":"https:\/\/eldigitaldeasturias.com\/magazine365\/wp-json\/wp\/v2\/media\/75825"}],"wp:attachment":[{"href":"https:\/\/eldigitaldeasturias.com\/magazine365\/wp-json\/wp\/v2\/media?parent=75824"}],"wp:term":[{"taxonomy":"category","embeddable":true,"href":"https:\/\/eldigitaldeasturias.com\/magazine365\/wp-json\/wp\/v2\/categories?post=75824"},{"taxonomy":"post_tag","embeddable":true,"href":"https:\/\/eldigitaldeasturias.com\/magazine365\/wp-json\/wp\/v2\/tags?post=75824"}],"curies":[{"name":"wp","href":"https:\/\/api.w.org\/{rel}","templated":true}]}}