{"id":744,"date":"2014-01-12T02:22:24","date_gmt":"2014-01-12T03:22:24","guid":{"rendered":"http:\/\/eldigitaldeasturias.com\/magazine365\/?p=744"},"modified":"2014-01-12T02:24:54","modified_gmt":"2014-01-12T03:24:54","slug":"como-cuidar-las-plantas-de-interior","status":"publish","type":"post","link":"https:\/\/eldigitaldeasturias.com\/magazine365\/como-cuidar-las-plantas-de-interior\/","title":{"rendered":"Como cuidar las plantas de interior"},"content":{"rendered":"<p><img fetchpriority=\"high\" decoding=\"async\" class=\"alignleft size-medium wp-image-749\" alt=\"LAS_PLANTAS_DE_INTER_36456634\" src=\"https:\/\/eldigitaldeasturias.com\/magazine365\/wp-content\/uploads\/2014\/01\/LAS_PLANTAS_DE_INTER_364566341-355x300.jpg\" width=\"355\" height=\"300\" \/>Por Eva Neumann (dpa)<\/p>\n<p>BONN (dpa) &#8211; Aunque est\u00e9n protegidas por ventanas de vidrio grueso, tambi\u00e9n el invierno es una \u00e9poca dif\u00edcil para las plantas de interior. La mayor\u00eda de esas plantas son originarias de regiones tropicales o subtropicales, por lo que durante todo el a\u00f1o se encuentran en las habitaciones de la casa con temperaturas adecuadas. \u00abSin embargo, las cinco horas de luz en invierno son muy pocas para ellas\u00bb, explica Markus Gregg, experto alem\u00e1n en ajardinamiento e hidrocultivos. \u00abAdem\u00e1s, les hace da\u00f1o el aire seco de la calefacci\u00f3n\u00bb. Para que las plantas de interior aguanten bien los meses de invierno, necesitan un cuidado adicional.<\/p>\n<p>&#8211; Falta de luz: las plantas de interior tienen que aprovechar plenamente la escasa luz del sol. Por esto, deber\u00edan estar lo m\u00e1s cerca posible de las ventanas, preferiblemente sin estar separadas de ellas por cortinas o persianas, porque \u00e9stas pueden quitarles una cantidad importante de luz. Si hay un lugarcito para las plantas junto a una ventana en el lado sur de la casa, mejor a\u00fan.<\/p>\n<p>Durante la primera mitad del invierno casi nunca hay exceso de luz solar. Sin embargo, existe un peligro: si despu\u00e9s de ser regada queda agua en las hojas o en otras partes de la planta, el efecto de los rayos de sol puede verse reforzado, ya que las gotas act\u00faan como un espejo ustorio. A finales de invierno, cuando el sol vuelve a ser m\u00e1s fuerte, hay que tener cuidado. \u00abEn febrero o marzo, los rayos del sol f\u00e1cilmente pueden causar quemaduras en una planta junto a una ventana con orientaci\u00f3n sur\u00bb, advierte Markus Gregg. Entonces, es mejor alejar la planta un poco de la ventana o colocarla en una ventana con orientaci\u00f3n oeste o este.<\/p>\n<p>&#8211; Da\u00f1os por congelaci\u00f3n: puede sonar absurdo, pero en invierno existe en muchas habitaciones de la casa el peligro de que las plantas se congelen. \u00abSi las hojas est\u00e1n apoyadas durante mucho tiempo en una parte fr\u00eda de la ventana, se ablandan y se congelan\u00bb, dice Gregg. Una distancia de algunos cent\u00edmetros es suficiente para que las plantas est\u00e9n protegidas.<\/p>\n<p>En muchos lugares el fr\u00edo tambi\u00e9n puede venir desde abajo. \u00abLas repisas de piedra o m\u00e1rmol mal aisladas hacen que las plantas tengan los pies fr\u00edos\u00bb, explica el jardinero Olaf Beier. \u00c9l recomienda colocar las macetas sobre platillos cubiertos de fieltro.<\/p>\n<p>Tambi\u00e9n el aire fr\u00edo que entra en la casa cuando se ventila puede matar a las plantas por congelaci\u00f3n. \u00abCuando se ventila la casa con una temperatura bajo cero grados, el helecho se muere\u00bb, dice la experta en jardiner\u00eda Karen Falch. Ella recomienda alejar todas las plantas de la corriente de aire directa.<\/p>\n<p>&#8211; Humedad: el aire seco generado por la calefacci\u00f3n no es bueno para las plantas. \u00abLo ideal es una humedad ambiental relativa de entre un 40 y un 60 por ciento\u00bb, dice Gregg. Lo mejor que se puede hacer para aumentar la humedad ambiental es utilizar un pulverizador: a las plantas les gusta una ducha de agua tibia con bajo contenido de cal.<\/p>\n<p>De vez en cuando tambi\u00e9n es bueno regar las plantas con abundante agua en la ba\u00f1era o la ducha. \u00abTambi\u00e9n es una buena idea elegir unas macetas exteriores m\u00e1s grandes, construir con piedras una elevaci\u00f3n en la parte inferior de ellas y luego llenarlas con tanta agua que haya una distancia suficiente con la base de la maceta\u00bb, explica Falch.<\/p>\n<p>&#8211; Frecuencia de riego: fuera del per\u00edodo de crecimiento, las plantas necesitan bastante menos agua. \u00abLo mejor es regarlas s\u00f3lo cuando la tierra casi ya no est\u00e1 h\u00fameda\u00bb, recomienda Beier.<\/p>\n<p>&#8211; Par\u00e1sitos: Cuando las condiciones de vida de una planta no son \u00f3ptimas, los par\u00e1sitos f\u00e1cilmente se ensa\u00f1an con ella. \u00abLos par\u00e1sitos t\u00edpicos del invierno son los \u00e1caros rojos y los trips\u00bb, dice Falch. \u00abLes gusta el aire seco de la calefacci\u00f3n\u00bb. Cuando el jardinero aficionado descubre en la parte inferior de las hojas puntos rojos, amarillentos o grises o hilados, es necesario recurrir a pesticidas. Adem\u00e1s, hay que aislar las plantas afectadas de sus vecinas.<\/p>\n","protected":false},"excerpt":{"rendered":"<p>Por Eva Neumann (dpa) BONN (dpa) &#8211; Aunque est\u00e9n protegidas por ventanas de vidrio grueso, tambi\u00e9n el invierno es una \u00e9poca dif\u00edcil para las plantas de interior. La mayor\u00eda de esas plantas son originarias de regiones tropicales o subtropicales, por lo que durante todo el a\u00f1o se encuentran en las habitaciones de la casa con<\/p>\n","protected":false},"author":1,"featured_media":0,"comment_status":"open","ping_status":"open","sticky":false,"template":"","format":"standard","meta":{"footnotes":""},"categories":[224],"tags":[],"class_list":{"0":"post-744","1":"post","2":"type-post","3":"status-publish","4":"format-standard","6":"category-noticias-actualidad"},"aioseo_notices":[],"aioseo_head":"\n\t\t<!-- All in One SEO Pro 4.9.6.1 - aioseo.com -->\n\t<meta name=\"description\" content=\"Por Eva Neumann (dpa) BONN (dpa) - Aunque est\u00e9n protegidas por ventanas de vidrio grueso, tambi\u00e9n el invierno es una \u00e9poca dif\u00edcil para las plantas de interior. La mayor\u00eda de esas plantas son originarias de regiones tropicales o subtropicales, por lo que durante todo el a\u00f1o se encuentran en las habitaciones de la casa con\" \/>\n\t<meta name=\"robots\" content=\"max-image-preview:large\" \/>\n\t<meta name=\"author\" content=\"admin\"\/>\n\t<meta name=\"google-site-verification\" content=\"UA-38556648-1\" \/>\n\t<meta name=\"keywords\" content=\"noticias y actualidad\" \/>\n\t<link rel=\"canonical\" href=\"https:\/\/eldigitaldeasturias.com\/magazine365\/como-cuidar-las-plantas-de-interior\/\" \/>\n\t<meta name=\"generator\" content=\"All in One SEO Pro (AIOSEO) 4.9.6.1\" \/>\n\t\t<meta property=\"og:locale\" content=\"es_ES\" \/>\n\t\t<meta property=\"og:site_name\" content=\"El Digital de Asturias \u2013 Revista de ocio, turismo y estilo de vida\" \/>\n\t\t<meta property=\"og:type\" content=\"article\" \/>\n\t\t<meta property=\"og:title\" content=\"Como cuidar las plantas de interior | El Digital de Asturias\" \/>\n\t\t<meta property=\"og:description\" content=\"Por Eva Neumann (dpa) BONN (dpa) - Aunque est\u00e9n protegidas por ventanas de vidrio grueso, tambi\u00e9n el invierno es una \u00e9poca dif\u00edcil para las plantas de interior. La mayor\u00eda de esas plantas son originarias de regiones tropicales o subtropicales, por lo que durante todo el a\u00f1o se encuentran en las habitaciones de la casa con\" \/>\n\t\t<meta property=\"og:url\" content=\"https:\/\/eldigitaldeasturias.com\/magazine365\/como-cuidar-las-plantas-de-interior\/\" \/>\n\t\t<meta property=\"og:image\" content=\"https:\/\/www.eldigitaldeasturias.com\/noticias\/wp-content\/uploads\/2020\/12\/EDA.jpg\" \/>\n\t\t<meta property=\"og:image:secure_url\" content=\"https:\/\/www.eldigitaldeasturias.com\/noticias\/wp-content\/uploads\/2020\/12\/EDA.jpg\" \/>\n\t\t<meta property=\"article:published_time\" content=\"2014-01-12T03:22:24+00:00\" \/>\n\t\t<meta property=\"article:modified_time\" content=\"2014-01-12T03:24:54+00:00\" \/>\n\t\t<meta name=\"twitter:card\" content=\"summary_large_image\" \/>\n\t\t<meta name=\"twitter:title\" content=\"Como cuidar las plantas de interior | El Digital de Asturias\" \/>\n\t\t<meta name=\"twitter:description\" content=\"Por Eva Neumann (dpa) BONN (dpa) - Aunque est\u00e9n protegidas por ventanas de vidrio grueso, tambi\u00e9n el invierno es una \u00e9poca dif\u00edcil para las plantas de interior. La mayor\u00eda de esas plantas son originarias de regiones tropicales o subtropicales, por lo que durante todo el a\u00f1o se encuentran en las habitaciones de la casa con\" \/>\n\t\t<meta name=\"twitter:image\" content=\"https:\/\/www.eldigitaldeasturias.com\/noticias\/wp-content\/uploads\/2020\/12\/EDA.jpg\" \/>\n\t\t<script type=\"application\/ld+json\" class=\"aioseo-schema\">\n\t\t\t{\"@context\":\"https:\\\/\\\/schema.org\",\"@graph\":[{\"@type\":\"Article\",\"@id\":\"https:\\\/\\\/eldigitaldeasturias.com\\\/magazine365\\\/como-cuidar-las-plantas-de-interior\\\/#article\",\"name\":\"Como cuidar las plantas de interior | El Digital de Asturias\",\"headline\":\"Como cuidar las plantas de interior\",\"author\":{\"@id\":\"https:\\\/\\\/eldigitaldeasturias.com\\\/magazine365\\\/author\\\/admin\\\/#author\"},\"publisher\":{\"@id\":\"https:\\\/\\\/eldigitaldeasturias.com\\\/magazine365\\\/#organization\"},\"image\":{\"@type\":\"ImageObject\",\"url\":\"http:\\\/\\\/eldigitaldeasturias.com\\\/magazine365\\\/wp-content\\\/uploads\\\/2014\\\/01\\\/LAS_PLANTAS_DE_INTER_364566341-355x300.jpg\",\"@id\":\"https:\\\/\\\/eldigitaldeasturias.com\\\/magazine365\\\/como-cuidar-las-plantas-de-interior\\\/#articleImage\"},\"datePublished\":\"2014-01-12T02:22:24+01:00\",\"dateModified\":\"2014-01-12T02:24:54+01:00\",\"inLanguage\":\"es-ES\",\"mainEntityOfPage\":{\"@id\":\"https:\\\/\\\/eldigitaldeasturias.com\\\/magazine365\\\/como-cuidar-las-plantas-de-interior\\\/#webpage\"},\"isPartOf\":{\"@id\":\"https:\\\/\\\/eldigitaldeasturias.com\\\/magazine365\\\/como-cuidar-las-plantas-de-interior\\\/#webpage\"},\"articleSection\":\"Noticias y Actualidad\"},{\"@type\":\"BreadcrumbList\",\"@id\":\"https:\\\/\\\/eldigitaldeasturias.com\\\/magazine365\\\/como-cuidar-las-plantas-de-interior\\\/#breadcrumblist\",\"itemListElement\":[{\"@type\":\"ListItem\",\"@id\":\"https:\\\/\\\/eldigitaldeasturias.com\\\/magazine365#listItem\",\"position\":1,\"name\":\"Home\",\"item\":\"https:\\\/\\\/eldigitaldeasturias.com\\\/magazine365\",\"nextItem\":{\"@type\":\"ListItem\",\"@id\":\"https:\\\/\\\/eldigitaldeasturias.com\\\/magazine365\\\/category\\\/noticias-actualidad\\\/#listItem\",\"name\":\"Noticias y Actualidad\"}},{\"@type\":\"ListItem\",\"@id\":\"https:\\\/\\\/eldigitaldeasturias.com\\\/magazine365\\\/category\\\/noticias-actualidad\\\/#listItem\",\"position\":2,\"name\":\"Noticias y Actualidad\",\"item\":\"https:\\\/\\\/eldigitaldeasturias.com\\\/magazine365\\\/category\\\/noticias-actualidad\\\/\",\"nextItem\":{\"@type\":\"ListItem\",\"@id\":\"https:\\\/\\\/eldigitaldeasturias.com\\\/magazine365\\\/como-cuidar-las-plantas-de-interior\\\/#listItem\",\"name\":\"Como cuidar las plantas de interior\"},\"previousItem\":{\"@type\":\"ListItem\",\"@id\":\"https:\\\/\\\/eldigitaldeasturias.com\\\/magazine365#listItem\",\"name\":\"Home\"}},{\"@type\":\"ListItem\",\"@id\":\"https:\\\/\\\/eldigitaldeasturias.com\\\/magazine365\\\/como-cuidar-las-plantas-de-interior\\\/#listItem\",\"position\":3,\"name\":\"Como cuidar las plantas de interior\",\"previousItem\":{\"@type\":\"ListItem\",\"@id\":\"https:\\\/\\\/eldigitaldeasturias.com\\\/magazine365\\\/category\\\/noticias-actualidad\\\/#listItem\",\"name\":\"Noticias y Actualidad\"}}]},{\"@type\":\"Organization\",\"@id\":\"https:\\\/\\\/eldigitaldeasturias.com\\\/magazine365\\\/#organization\",\"name\":\"El digital de Asturias\",\"description\":\"Revista de ocio, turismo y estilo de vida\",\"url\":\"https:\\\/\\\/eldigitaldeasturias.com\\\/magazine365\\\/\",\"logo\":{\"@type\":\"ImageObject\",\"url\":\"https:\\\/\\\/www.eldigitaldeasturias.com\\\/noticias\\\/wp-content\\\/uploads\\\/2020\\\/12\\\/EDA.jpg\",\"@id\":\"https:\\\/\\\/eldigitaldeasturias.com\\\/magazine365\\\/como-cuidar-las-plantas-de-interior\\\/#organizationLogo\"},\"image\":{\"@id\":\"https:\\\/\\\/eldigitaldeasturias.com\\\/magazine365\\\/como-cuidar-las-plantas-de-interior\\\/#organizationLogo\"}},{\"@type\":\"Person\",\"@id\":\"https:\\\/\\\/eldigitaldeasturias.com\\\/magazine365\\\/author\\\/admin\\\/#author\",\"url\":\"https:\\\/\\\/eldigitaldeasturias.com\\\/magazine365\\\/author\\\/admin\\\/\",\"name\":\"admin\",\"image\":{\"@type\":\"ImageObject\",\"@id\":\"https:\\\/\\\/eldigitaldeasturias.com\\\/magazine365\\\/como-cuidar-las-plantas-de-interior\\\/#authorImage\",\"url\":\"https:\\\/\\\/eldigitaldeasturias.com\\\/magazine365\\\/wp-content\\\/litespeed\\\/avatar\\\/e571bcf59a0edd6fa6838245a470f2fe.jpg?ver=1776969259\",\"width\":96,\"height\":96,\"caption\":\"admin\"}},{\"@type\":\"WebPage\",\"@id\":\"https:\\\/\\\/eldigitaldeasturias.com\\\/magazine365\\\/como-cuidar-las-plantas-de-interior\\\/#webpage\",\"url\":\"https:\\\/\\\/eldigitaldeasturias.com\\\/magazine365\\\/como-cuidar-las-plantas-de-interior\\\/\",\"name\":\"Como cuidar las plantas de interior | El Digital de Asturias\",\"description\":\"Por Eva Neumann (dpa) BONN (dpa) - Aunque est\\u00e9n protegidas por ventanas de vidrio grueso, tambi\\u00e9n el invierno es una \\u00e9poca dif\\u00edcil para las plantas de interior. La mayor\\u00eda de esas plantas son originarias de regiones tropicales o subtropicales, por lo que durante todo el a\\u00f1o se encuentran en las habitaciones de la casa con\",\"inLanguage\":\"es-ES\",\"isPartOf\":{\"@id\":\"https:\\\/\\\/eldigitaldeasturias.com\\\/magazine365\\\/#website\"},\"breadcrumb\":{\"@id\":\"https:\\\/\\\/eldigitaldeasturias.com\\\/magazine365\\\/como-cuidar-las-plantas-de-interior\\\/#breadcrumblist\"},\"author\":{\"@id\":\"https:\\\/\\\/eldigitaldeasturias.com\\\/magazine365\\\/author\\\/admin\\\/#author\"},\"creator\":{\"@id\":\"https:\\\/\\\/eldigitaldeasturias.com\\\/magazine365\\\/author\\\/admin\\\/#author\"},\"datePublished\":\"2014-01-12T02:22:24+01:00\",\"dateModified\":\"2014-01-12T02:24:54+01:00\"},{\"@type\":\"WebSite\",\"@id\":\"https:\\\/\\\/eldigitaldeasturias.com\\\/magazine365\\\/#website\",\"url\":\"https:\\\/\\\/eldigitaldeasturias.com\\\/magazine365\\\/\",\"name\":\"El Digital de Asturias\",\"description\":\"Revista de ocio, turismo y estilo de vida\",\"inLanguage\":\"es-ES\",\"publisher\":{\"@id\":\"https:\\\/\\\/eldigitaldeasturias.com\\\/magazine365\\\/#organization\"}}]}\n\t\t<\/script>\n\t\t<!-- All in One SEO Pro -->\r\n\t\t<title>Como cuidar las plantas de interior | El Digital de Asturias<\/title>\n\n","aioseo_head_json":{"title":"Como cuidar las plantas de interior | El Digital de Asturias","description":"Por Eva Neumann (dpa) BONN (dpa) - Aunque est\u00e9n protegidas por ventanas de vidrio grueso, tambi\u00e9n el invierno es una \u00e9poca dif\u00edcil para las plantas de interior. La mayor\u00eda de esas plantas son originarias de regiones tropicales o subtropicales, por lo que durante todo el a\u00f1o se encuentran en las habitaciones de la casa con","canonical_url":"https:\/\/eldigitaldeasturias.com\/magazine365\/como-cuidar-las-plantas-de-interior\/","robots":"max-image-preview:large","keywords":"noticias y actualidad","webmasterTools":{"google-site-verification":"UA-38556648-1","miscellaneous":""},"schema":{"@context":"https:\/\/schema.org","@graph":[{"@type":"Article","@id":"https:\/\/eldigitaldeasturias.com\/magazine365\/como-cuidar-las-plantas-de-interior\/#article","name":"Como cuidar las plantas de interior | El Digital de Asturias","headline":"Como cuidar las plantas de interior","author":{"@id":"https:\/\/eldigitaldeasturias.com\/magazine365\/author\/admin\/#author"},"publisher":{"@id":"https:\/\/eldigitaldeasturias.com\/magazine365\/#organization"},"image":{"@type":"ImageObject","url":"http:\/\/eldigitaldeasturias.com\/magazine365\/wp-content\/uploads\/2014\/01\/LAS_PLANTAS_DE_INTER_364566341-355x300.jpg","@id":"https:\/\/eldigitaldeasturias.com\/magazine365\/como-cuidar-las-plantas-de-interior\/#articleImage"},"datePublished":"2014-01-12T02:22:24+01:00","dateModified":"2014-01-12T02:24:54+01:00","inLanguage":"es-ES","mainEntityOfPage":{"@id":"https:\/\/eldigitaldeasturias.com\/magazine365\/como-cuidar-las-plantas-de-interior\/#webpage"},"isPartOf":{"@id":"https:\/\/eldigitaldeasturias.com\/magazine365\/como-cuidar-las-plantas-de-interior\/#webpage"},"articleSection":"Noticias y Actualidad"},{"@type":"BreadcrumbList","@id":"https:\/\/eldigitaldeasturias.com\/magazine365\/como-cuidar-las-plantas-de-interior\/#breadcrumblist","itemListElement":[{"@type":"ListItem","@id":"https:\/\/eldigitaldeasturias.com\/magazine365#listItem","position":1,"name":"Home","item":"https:\/\/eldigitaldeasturias.com\/magazine365","nextItem":{"@type":"ListItem","@id":"https:\/\/eldigitaldeasturias.com\/magazine365\/category\/noticias-actualidad\/#listItem","name":"Noticias y Actualidad"}},{"@type":"ListItem","@id":"https:\/\/eldigitaldeasturias.com\/magazine365\/category\/noticias-actualidad\/#listItem","position":2,"name":"Noticias y Actualidad","item":"https:\/\/eldigitaldeasturias.com\/magazine365\/category\/noticias-actualidad\/","nextItem":{"@type":"ListItem","@id":"https:\/\/eldigitaldeasturias.com\/magazine365\/como-cuidar-las-plantas-de-interior\/#listItem","name":"Como cuidar las plantas de interior"},"previousItem":{"@type":"ListItem","@id":"https:\/\/eldigitaldeasturias.com\/magazine365#listItem","name":"Home"}},{"@type":"ListItem","@id":"https:\/\/eldigitaldeasturias.com\/magazine365\/como-cuidar-las-plantas-de-interior\/#listItem","position":3,"name":"Como cuidar las plantas de interior","previousItem":{"@type":"ListItem","@id":"https:\/\/eldigitaldeasturias.com\/magazine365\/category\/noticias-actualidad\/#listItem","name":"Noticias y Actualidad"}}]},{"@type":"Organization","@id":"https:\/\/eldigitaldeasturias.com\/magazine365\/#organization","name":"El digital de Asturias","description":"Revista de ocio, turismo y estilo de vida","url":"https:\/\/eldigitaldeasturias.com\/magazine365\/","logo":{"@type":"ImageObject","url":"https:\/\/www.eldigitaldeasturias.com\/noticias\/wp-content\/uploads\/2020\/12\/EDA.jpg","@id":"https:\/\/eldigitaldeasturias.com\/magazine365\/como-cuidar-las-plantas-de-interior\/#organizationLogo"},"image":{"@id":"https:\/\/eldigitaldeasturias.com\/magazine365\/como-cuidar-las-plantas-de-interior\/#organizationLogo"}},{"@type":"Person","@id":"https:\/\/eldigitaldeasturias.com\/magazine365\/author\/admin\/#author","url":"https:\/\/eldigitaldeasturias.com\/magazine365\/author\/admin\/","name":"admin","image":{"@type":"ImageObject","@id":"https:\/\/eldigitaldeasturias.com\/magazine365\/como-cuidar-las-plantas-de-interior\/#authorImage","url":"https:\/\/eldigitaldeasturias.com\/magazine365\/wp-content\/litespeed\/avatar\/e571bcf59a0edd6fa6838245a470f2fe.jpg?ver=1776969259","width":96,"height":96,"caption":"admin"}},{"@type":"WebPage","@id":"https:\/\/eldigitaldeasturias.com\/magazine365\/como-cuidar-las-plantas-de-interior\/#webpage","url":"https:\/\/eldigitaldeasturias.com\/magazine365\/como-cuidar-las-plantas-de-interior\/","name":"Como cuidar las plantas de interior | El Digital de Asturias","description":"Por Eva Neumann (dpa) BONN (dpa) - Aunque est\u00e9n protegidas por ventanas de vidrio grueso, tambi\u00e9n el invierno es una \u00e9poca dif\u00edcil para las plantas de interior. La mayor\u00eda de esas plantas son originarias de regiones tropicales o subtropicales, por lo que durante todo el a\u00f1o se encuentran en las habitaciones de la casa con","inLanguage":"es-ES","isPartOf":{"@id":"https:\/\/eldigitaldeasturias.com\/magazine365\/#website"},"breadcrumb":{"@id":"https:\/\/eldigitaldeasturias.com\/magazine365\/como-cuidar-las-plantas-de-interior\/#breadcrumblist"},"author":{"@id":"https:\/\/eldigitaldeasturias.com\/magazine365\/author\/admin\/#author"},"creator":{"@id":"https:\/\/eldigitaldeasturias.com\/magazine365\/author\/admin\/#author"},"datePublished":"2014-01-12T02:22:24+01:00","dateModified":"2014-01-12T02:24:54+01:00"},{"@type":"WebSite","@id":"https:\/\/eldigitaldeasturias.com\/magazine365\/#website","url":"https:\/\/eldigitaldeasturias.com\/magazine365\/","name":"El Digital de Asturias","description":"Revista de ocio, turismo y estilo de vida","inLanguage":"es-ES","publisher":{"@id":"https:\/\/eldigitaldeasturias.com\/magazine365\/#organization"}}]},"og:locale":"es_ES","og:site_name":"El Digital de Asturias \u2013 Revista de ocio, turismo y estilo de vida","og:type":"article","og:title":"Como cuidar las plantas de interior | El Digital de Asturias","og:description":"Por Eva Neumann (dpa) BONN (dpa) - Aunque est\u00e9n protegidas por ventanas de vidrio grueso, tambi\u00e9n el invierno es una \u00e9poca dif\u00edcil para las plantas de interior. La mayor\u00eda de esas plantas son originarias de regiones tropicales o subtropicales, por lo que durante todo el a\u00f1o se encuentran en las habitaciones de la casa con","og:url":"https:\/\/eldigitaldeasturias.com\/magazine365\/como-cuidar-las-plantas-de-interior\/","og:image":"https:\/\/www.eldigitaldeasturias.com\/noticias\/wp-content\/uploads\/2020\/12\/EDA.jpg","og:image:secure_url":"https:\/\/www.eldigitaldeasturias.com\/noticias\/wp-content\/uploads\/2020\/12\/EDA.jpg","article:published_time":"2014-01-12T03:22:24+00:00","article:modified_time":"2014-01-12T03:24:54+00:00","twitter:card":"summary_large_image","twitter:title":"Como cuidar las plantas de interior | El Digital de Asturias","twitter:description":"Por Eva Neumann (dpa) BONN (dpa) - Aunque est\u00e9n protegidas por ventanas de vidrio grueso, tambi\u00e9n el invierno es una \u00e9poca dif\u00edcil para las plantas de interior. La mayor\u00eda de esas plantas son originarias de regiones tropicales o subtropicales, por lo que durante todo el a\u00f1o se encuentran en las habitaciones de la casa con","twitter:image":"https:\/\/www.eldigitaldeasturias.com\/noticias\/wp-content\/uploads\/2020\/12\/EDA.jpg"},"aioseo_meta_data":{"post_id":"744","title":null,"description":null,"keywords":null,"keyphrases":null,"primary_term":null,"canonical_url":null,"og_title":null,"og_description":null,"og_object_type":"default","og_image_type":"default","og_image_url":null,"og_image_width":null,"og_image_height":null,"og_image_custom_url":null,"og_image_custom_fields":null,"og_video":null,"og_custom_url":null,"og_article_section":null,"og_article_tags":null,"twitter_use_og":false,"twitter_card":"default","twitter_image_type":"default","twitter_image_url":null,"twitter_image_custom_url":null,"twitter_image_custom_fields":null,"twitter_title":null,"twitter_description":null,"schema":{"blockGraphs":[],"customGraphs":[],"default":{"data":{"Article":[],"Course":[],"Dataset":[],"FAQPage":[],"Movie":[],"Person":[],"Product":[],"ProductReview":[],"Car":[],"Recipe":[],"Service":[],"SoftwareApplication":[],"WebPage":[]},"graphName":"","isEnabled":true},"graphs":[],"defaultGraph":"","defaultPostTypeGraph":""},"schema_type":null,"schema_type_options":null,"pillar_content":false,"robots_default":true,"robots_noindex":false,"robots_noarchive":false,"robots_nosnippet":false,"robots_nofollow":false,"robots_noimageindex":false,"robots_noodp":false,"robots_notranslate":false,"robots_max_snippet":null,"robots_max_videopreview":null,"robots_max_imagepreview":"large","priority":null,"frequency":null,"location":null,"local_seo":null,"seo_analyzer_scan_date":"2025-09-16 08:06:57","breadcrumb_settings":null,"limit_modified_date":false,"open_ai":null,"ai":null,"created":"2020-12-21 13:34:34","updated":"2025-09-16 08:06:57"},"aioseo_breadcrumb":"<div class=\"aioseo-breadcrumbs\"><span class=\"aioseo-breadcrumb\">\n\t<a href=\"https:\/\/eldigitaldeasturias.com\/magazine365\" title=\"Home\">Home<\/a>\n<\/span><span class=\"aioseo-breadcrumb-separator\">\u2013<\/span><span class=\"aioseo-breadcrumb\">\n\t<a href=\"https:\/\/eldigitaldeasturias.com\/magazine365\/category\/noticias-actualidad\/\" title=\"Noticias y Actualidad\">Noticias y Actualidad<\/a>\n<\/span><span class=\"aioseo-breadcrumb-separator\">\u2013<\/span><span class=\"aioseo-breadcrumb\">\n\t<a href=\"https:\/\/eldigitaldeasturias.com\/magazine365\/como-cuidar-las-plantas-de-interior\/\" title=\"Como cuidar las plantas de interior\">Como cuidar las plantas de interior<\/a>\n<\/span><\/div>","aioseo_breadcrumb_json":[{"label":"Home","link":"https:\/\/eldigitaldeasturias.com\/magazine365"},{"label":"Noticias y Actualidad","link":"https:\/\/eldigitaldeasturias.com\/magazine365\/category\/noticias-actualidad\/"},{"label":"Como cuidar las plantas de interior","link":"https:\/\/eldigitaldeasturias.com\/magazine365\/como-cuidar-las-plantas-de-interior\/"}],"_links":{"self":[{"href":"https:\/\/eldigitaldeasturias.com\/magazine365\/wp-json\/wp\/v2\/posts\/744","targetHints":{"allow":["GET"]}}],"collection":[{"href":"https:\/\/eldigitaldeasturias.com\/magazine365\/wp-json\/wp\/v2\/posts"}],"about":[{"href":"https:\/\/eldigitaldeasturias.com\/magazine365\/wp-json\/wp\/v2\/types\/post"}],"author":[{"embeddable":true,"href":"https:\/\/eldigitaldeasturias.com\/magazine365\/wp-json\/wp\/v2\/users\/1"}],"replies":[{"embeddable":true,"href":"https:\/\/eldigitaldeasturias.com\/magazine365\/wp-json\/wp\/v2\/comments?post=744"}],"version-history":[{"count":0,"href":"https:\/\/eldigitaldeasturias.com\/magazine365\/wp-json\/wp\/v2\/posts\/744\/revisions"}],"wp:attachment":[{"href":"https:\/\/eldigitaldeasturias.com\/magazine365\/wp-json\/wp\/v2\/media?parent=744"}],"wp:term":[{"taxonomy":"category","embeddable":true,"href":"https:\/\/eldigitaldeasturias.com\/magazine365\/wp-json\/wp\/v2\/categories?post=744"},{"taxonomy":"post_tag","embeddable":true,"href":"https:\/\/eldigitaldeasturias.com\/magazine365\/wp-json\/wp\/v2\/tags?post=744"}],"curies":[{"name":"wp","href":"https:\/\/api.w.org\/{rel}","templated":true}]}}