{"id":74377,"date":"2016-04-21T22:11:46","date_gmt":"2016-04-21T20:11:46","guid":{"rendered":"http:\/\/eldigitaldeasturias.com\/magazine365\/?p=74377"},"modified":"2016-04-21T22:11:46","modified_gmt":"2016-04-21T20:11:46","slug":"villanueva-de-la-concepcion-espera-3-000-visitantes-en-su-dia-de-la-haba","status":"publish","type":"post","link":"https:\/\/eldigitaldeasturias.com\/magazine365\/villanueva-de-la-concepcion-espera-3-000-visitantes-en-su-dia-de-la-haba\/","title":{"rendered":"Villanueva de la Concepci\u00f3n espera 3.000 visitantes en su &#8216;D\u00eda de la Haba&#8217;"},"content":{"rendered":"<p><img fetchpriority=\"high\" decoding=\"async\" class=\"alignleft size-medium wp-image-74378\" src=\"https:\/\/eldigitaldeasturias.com\/magazine365\/wp-content\/uploads\/2016\/04\/fotonoticia_20160421172525_800-360x240.jpg\" alt=\"fotonoticia_20160421172525_800\" width=\"360\" height=\"240\" srcset=\"https:\/\/eldigitaldeasturias.com\/magazine365\/wp-content\/uploads\/2016\/04\/fotonoticia_20160421172525_800-360x240.jpg 360w, https:\/\/eldigitaldeasturias.com\/magazine365\/wp-content\/uploads\/2016\/04\/fotonoticia_20160421172525_800-650x433.jpg 650w, https:\/\/eldigitaldeasturias.com\/magazine365\/wp-content\/uploads\/2016\/04\/fotonoticia_20160421172525_800-768x512.jpg 768w, https:\/\/eldigitaldeasturias.com\/magazine365\/wp-content\/uploads\/2016\/04\/fotonoticia_20160421172525_800-150x100.jpg 150w, https:\/\/eldigitaldeasturias.com\/magazine365\/wp-content\/uploads\/2016\/04\/fotonoticia_20160421172525_800-450x300.jpg 450w, https:\/\/eldigitaldeasturias.com\/magazine365\/wp-content\/uploads\/2016\/04\/fotonoticia_20160421172525_800-101x66.jpg 101w, https:\/\/eldigitaldeasturias.com\/magazine365\/wp-content\/uploads\/2016\/04\/fotonoticia_20160421172525_800.jpg 800w\" sizes=\"(max-width: 360px) 100vw, 360px\" \/>El municipio malague\u00f1o de Villanueva de la Concepci\u00f3n celebrar\u00e1 el pr\u00f3ximo domingo su XI edici\u00f3n del &#8216;D\u00eda de la Haba&#8217;, fiesta declarada de Singularidad Tur\u00edstica Provincial con la que se pretende homenajear y dar a conocer las propiedades de esta legumbre y que espera la visita de unas 3.000 personas.<\/p>\n<p>As\u00ed lo ha informado el diputado de Desarrollo Econ\u00f3mico y Productivo, Jacobo Florido, que junto al alcalde, Gonzalo S\u00e1nchez, han repasado la programaci\u00f3n para este d\u00eda en el que adem\u00e1s de degustar platos tradicionales cuyo ingrediente principal es la haba, los asistentes podr\u00e1n participar en una decena de actividades organizadas por el consistorio.<\/p>\n<p>S\u00e1nchez ha invitado a todos los malague\u00f1os y vecinos de municipios cercanos a que visiten esta localidad de la comarca de Antequera, conocida como &#8216;El Pueblecillo&#8217;, el pr\u00f3ximo domingo donde se repartir\u00e1n gratuitamente raciones de platos t\u00edpicos elaborados con m\u00e1s de media tonelada de este vegetal que ha conservado esta cosecha su excelente calidad aunque la producci\u00f3n de este a\u00f1o se haya visto disminuida debido a la escasez de lluvias.<\/p>\n<p>ACTIVIDADES<\/p>\n<p>La jornada comenzar\u00e1 a las 11.00 horas, con la apertura de un mercado formado por 60 expositores en el que los visitantes podr\u00e1n comprar productos de artesan\u00eda y t\u00edpicos de la zona, entre los que se encuentran negocios de hosteler\u00eda, reposter\u00eda, y artesanos, entre otros.<\/p>\n<p>Adem\u00e1s de chacinas, dulces, esparto y cer\u00e1mica, se podr\u00e1 adquirir el t\u00edpico hornazo, elaborado con pan y huevo, que se realiza para festejar el d\u00eda de San Marcos, donde se aprovecha el d\u00eda para salir al campo y tener contacto con la naturaleza, ha manifestado el alcalde.<\/p>\n<p>M\u00e1s tarde, a partir de las 12.00 horas, la panda de verdiales de Villanueva de la Concepci\u00f3n ubicada en la plaza de Andaluc\u00eda, amenizar\u00e1 la jornada y, a partir de las 14.00 horas comenzar\u00e1n las degustaciones de tortillas de habas y porra aderezada con esta legumbre que reunir\u00e1 a vecinos y visitantes en el punto neur\u00e1lgico de la localidad.<\/p>\n<p>Por otro lado, durante toda la jornada, los asistentes podr\u00e1n unirse a la visita guiada a los puntos de inter\u00e9s tur\u00edstico del municipio como el paraje natural del Torcal; la iglesia parroquial de Nuestra Se\u00f1ora de la Inmaculada Concepci\u00f3n del siglo XIX; el puente del Horcajo, edificado sobre el r\u00edo Campanillas forma parte de los puentes hist\u00f3ricos del Camino Real de Carlos III; o la ruta rom\u00e1ntica, recorrido tur\u00edstico inaugurado en 2015 donde los visitantes pueden fotografiarse en un total de diez espacios destacados del municipio donde pueden leerse frases rom\u00e1nticas.<\/p>\n<p>Se trata, seg\u00fan ha afirmado el alcalde, de pasear por las calles, plazas y rincones del pueblo, nuevos proyectos originales para atraer visitantes, propuestas que, como en este caso, se diferencian de la oferta existente en el \u00e1mbito provincial.<\/p>\n<p>Por \u00faltimo, Florido ha recordado que el evento es puntuable para el Pasaporte del Turista Singular, por lo que el p\u00fablico que desee participar podr\u00e1 sellar su pasaporte en un expositor habilitado para tal efecto por parte del ayuntamiento.<\/p>\n","protected":false},"excerpt":{"rendered":"<p>El municipio malague\u00f1o de Villanueva de la Concepci\u00f3n celebrar\u00e1 el pr\u00f3ximo domingo su XI edici\u00f3n del &#8216;D\u00eda de la Haba&#8217;, fiesta declarada de Singularidad Tur\u00edstica Provincial con la que se pretende homenajear y dar a conocer las propiedades de esta legumbre y que espera la visita de unas 3.000 personas. As\u00ed lo ha informado el<\/p>\n","protected":false},"author":1,"featured_media":74378,"comment_status":"open","ping_status":"closed","sticky":false,"template":"","format":"standard","meta":{"footnotes":""},"categories":[224],"tags":[],"class_list":{"0":"post-74377","1":"post","2":"type-post","3":"status-publish","4":"format-standard","5":"has-post-thumbnail","7":"category-noticias-actualidad"},"aioseo_notices":[],"aioseo_head":"\n\t\t<!-- All in One SEO Pro 4.9.6.1 - aioseo.com -->\n\t<meta name=\"description\" content=\"El municipio malague\u00f1o de Villanueva de la Concepci\u00f3n celebrar\u00e1 el pr\u00f3ximo domingo su XI edici\u00f3n del &#039;D\u00eda de la Haba&#039;, fiesta declarada de Singularidad Tur\u00edstica Provincial con la que se pretende homenajear y dar a conocer las propiedades de esta legumbre y que espera la visita de unas 3.000 personas. As\u00ed lo ha informado el\" \/>\n\t<meta name=\"robots\" content=\"max-image-preview:large\" \/>\n\t<meta name=\"author\" content=\"admin\"\/>\n\t<meta name=\"google-site-verification\" content=\"UA-38556648-1\" \/>\n\t<meta name=\"keywords\" content=\"noticias y actualidad\" \/>\n\t<link rel=\"canonical\" href=\"https:\/\/eldigitaldeasturias.com\/magazine365\/villanueva-de-la-concepcion-espera-3-000-visitantes-en-su-dia-de-la-haba\/\" \/>\n\t<meta name=\"generator\" content=\"All in One SEO Pro (AIOSEO) 4.9.6.1\" \/>\n\t\t<meta property=\"og:locale\" content=\"es_ES\" \/>\n\t\t<meta property=\"og:site_name\" content=\"El Digital de Asturias \u2013 Revista de ocio, turismo y estilo de vida\" \/>\n\t\t<meta property=\"og:type\" content=\"article\" \/>\n\t\t<meta property=\"og:title\" content=\"Villanueva de la Concepci\u00f3n espera 3.000 visitantes en su \u2018D\u00eda de la Haba\u2019 | El Digital de Asturias\" \/>\n\t\t<meta property=\"og:description\" content=\"El municipio malague\u00f1o de Villanueva de la Concepci\u00f3n celebrar\u00e1 el pr\u00f3ximo domingo su XI edici\u00f3n del &#039;D\u00eda de la Haba&#039;, fiesta declarada de Singularidad Tur\u00edstica Provincial con la que se pretende homenajear y dar a conocer las propiedades de esta legumbre y que espera la visita de unas 3.000 personas. As\u00ed lo ha informado el\" \/>\n\t\t<meta property=\"og:url\" content=\"https:\/\/eldigitaldeasturias.com\/magazine365\/villanueva-de-la-concepcion-espera-3-000-visitantes-en-su-dia-de-la-haba\/\" \/>\n\t\t<meta property=\"og:image\" content=\"https:\/\/eldigitaldeasturias.com\/magazine365\/wp-content\/uploads\/2016\/04\/fotonoticia_20160421172525_800.jpg\" \/>\n\t\t<meta property=\"og:image:secure_url\" content=\"https:\/\/eldigitaldeasturias.com\/magazine365\/wp-content\/uploads\/2016\/04\/fotonoticia_20160421172525_800.jpg\" \/>\n\t\t<meta property=\"og:image:width\" content=\"800\" \/>\n\t\t<meta property=\"og:image:height\" content=\"533\" \/>\n\t\t<meta property=\"article:published_time\" content=\"2016-04-21T20:11:46+00:00\" \/>\n\t\t<meta property=\"article:modified_time\" content=\"2016-04-21T20:11:46+00:00\" \/>\n\t\t<meta name=\"twitter:card\" content=\"summary_large_image\" \/>\n\t\t<meta name=\"twitter:title\" content=\"Villanueva de la Concepci\u00f3n espera 3.000 visitantes en su \u2018D\u00eda de la Haba\u2019 | El Digital de Asturias\" \/>\n\t\t<meta name=\"twitter:description\" content=\"El municipio malague\u00f1o de Villanueva de la Concepci\u00f3n celebrar\u00e1 el pr\u00f3ximo domingo su XI edici\u00f3n del &#039;D\u00eda de la Haba&#039;, fiesta declarada de Singularidad Tur\u00edstica Provincial con la que se pretende homenajear y dar a conocer las propiedades de esta legumbre y que espera la visita de unas 3.000 personas. As\u00ed lo ha informado el\" \/>\n\t\t<meta name=\"twitter:image\" content=\"https:\/\/eldigitaldeasturias.com\/magazine365\/wp-content\/uploads\/2016\/04\/fotonoticia_20160421172525_800.jpg\" \/>\n\t\t<script type=\"application\/ld+json\" class=\"aioseo-schema\">\n\t\t\t{\"@context\":\"https:\\\/\\\/schema.org\",\"@graph\":[{\"@type\":\"Article\",\"@id\":\"https:\\\/\\\/eldigitaldeasturias.com\\\/magazine365\\\/villanueva-de-la-concepcion-espera-3-000-visitantes-en-su-dia-de-la-haba\\\/#article\",\"name\":\"Villanueva de la Concepci\\u00f3n espera 3.000 visitantes en su \\u2018D\\u00eda de la Haba\\u2019 | El Digital de Asturias\",\"headline\":\"Villanueva de la Concepci\\u00f3n espera 3.000 visitantes en su &#8216;D\\u00eda de la Haba&#8217;\",\"author\":{\"@id\":\"https:\\\/\\\/eldigitaldeasturias.com\\\/magazine365\\\/author\\\/admin\\\/#author\"},\"publisher\":{\"@id\":\"https:\\\/\\\/eldigitaldeasturias.com\\\/magazine365\\\/#organization\"},\"image\":{\"@type\":\"ImageObject\",\"url\":\"https:\\\/\\\/eldigitaldeasturias.com\\\/magazine365\\\/wp-content\\\/uploads\\\/2016\\\/04\\\/fotonoticia_20160421172525_800.jpg\",\"width\":800,\"height\":533},\"datePublished\":\"2016-04-21T22:11:46+02:00\",\"dateModified\":\"2016-04-21T22:11:46+02:00\",\"inLanguage\":\"es-ES\",\"mainEntityOfPage\":{\"@id\":\"https:\\\/\\\/eldigitaldeasturias.com\\\/magazine365\\\/villanueva-de-la-concepcion-espera-3-000-visitantes-en-su-dia-de-la-haba\\\/#webpage\"},\"isPartOf\":{\"@id\":\"https:\\\/\\\/eldigitaldeasturias.com\\\/magazine365\\\/villanueva-de-la-concepcion-espera-3-000-visitantes-en-su-dia-de-la-haba\\\/#webpage\"},\"articleSection\":\"Noticias y Actualidad\"},{\"@type\":\"BreadcrumbList\",\"@id\":\"https:\\\/\\\/eldigitaldeasturias.com\\\/magazine365\\\/villanueva-de-la-concepcion-espera-3-000-visitantes-en-su-dia-de-la-haba\\\/#breadcrumblist\",\"itemListElement\":[{\"@type\":\"ListItem\",\"@id\":\"https:\\\/\\\/eldigitaldeasturias.com\\\/magazine365#listItem\",\"position\":1,\"name\":\"Home\",\"item\":\"https:\\\/\\\/eldigitaldeasturias.com\\\/magazine365\",\"nextItem\":{\"@type\":\"ListItem\",\"@id\":\"https:\\\/\\\/eldigitaldeasturias.com\\\/magazine365\\\/category\\\/noticias-actualidad\\\/#listItem\",\"name\":\"Noticias y Actualidad\"}},{\"@type\":\"ListItem\",\"@id\":\"https:\\\/\\\/eldigitaldeasturias.com\\\/magazine365\\\/category\\\/noticias-actualidad\\\/#listItem\",\"position\":2,\"name\":\"Noticias y Actualidad\",\"item\":\"https:\\\/\\\/eldigitaldeasturias.com\\\/magazine365\\\/category\\\/noticias-actualidad\\\/\",\"nextItem\":{\"@type\":\"ListItem\",\"@id\":\"https:\\\/\\\/eldigitaldeasturias.com\\\/magazine365\\\/villanueva-de-la-concepcion-espera-3-000-visitantes-en-su-dia-de-la-haba\\\/#listItem\",\"name\":\"Villanueva de la Concepci\\u00f3n espera 3.000 visitantes en su &#8216;D\\u00eda de la Haba&#8217;\"},\"previousItem\":{\"@type\":\"ListItem\",\"@id\":\"https:\\\/\\\/eldigitaldeasturias.com\\\/magazine365#listItem\",\"name\":\"Home\"}},{\"@type\":\"ListItem\",\"@id\":\"https:\\\/\\\/eldigitaldeasturias.com\\\/magazine365\\\/villanueva-de-la-concepcion-espera-3-000-visitantes-en-su-dia-de-la-haba\\\/#listItem\",\"position\":3,\"name\":\"Villanueva de la Concepci\\u00f3n espera 3.000 visitantes en su &#8216;D\\u00eda de la Haba&#8217;\",\"previousItem\":{\"@type\":\"ListItem\",\"@id\":\"https:\\\/\\\/eldigitaldeasturias.com\\\/magazine365\\\/category\\\/noticias-actualidad\\\/#listItem\",\"name\":\"Noticias y Actualidad\"}}]},{\"@type\":\"Organization\",\"@id\":\"https:\\\/\\\/eldigitaldeasturias.com\\\/magazine365\\\/#organization\",\"name\":\"El digital de Asturias\",\"description\":\"Revista de ocio, turismo y estilo de vida\",\"url\":\"https:\\\/\\\/eldigitaldeasturias.com\\\/magazine365\\\/\",\"logo\":{\"@type\":\"ImageObject\",\"url\":\"https:\\\/\\\/www.eldigitaldeasturias.com\\\/noticias\\\/wp-content\\\/uploads\\\/2020\\\/12\\\/EDA.jpg\",\"@id\":\"https:\\\/\\\/eldigitaldeasturias.com\\\/magazine365\\\/villanueva-de-la-concepcion-espera-3-000-visitantes-en-su-dia-de-la-haba\\\/#organizationLogo\"},\"image\":{\"@id\":\"https:\\\/\\\/eldigitaldeasturias.com\\\/magazine365\\\/villanueva-de-la-concepcion-espera-3-000-visitantes-en-su-dia-de-la-haba\\\/#organizationLogo\"}},{\"@type\":\"Person\",\"@id\":\"https:\\\/\\\/eldigitaldeasturias.com\\\/magazine365\\\/author\\\/admin\\\/#author\",\"url\":\"https:\\\/\\\/eldigitaldeasturias.com\\\/magazine365\\\/author\\\/admin\\\/\",\"name\":\"admin\",\"image\":{\"@type\":\"ImageObject\",\"@id\":\"https:\\\/\\\/eldigitaldeasturias.com\\\/magazine365\\\/villanueva-de-la-concepcion-espera-3-000-visitantes-en-su-dia-de-la-haba\\\/#authorImage\",\"url\":\"https:\\\/\\\/eldigitaldeasturias.com\\\/magazine365\\\/wp-content\\\/litespeed\\\/avatar\\\/e571bcf59a0edd6fa6838245a470f2fe.jpg?ver=1777574230\",\"width\":96,\"height\":96,\"caption\":\"admin\"}},{\"@type\":\"WebPage\",\"@id\":\"https:\\\/\\\/eldigitaldeasturias.com\\\/magazine365\\\/villanueva-de-la-concepcion-espera-3-000-visitantes-en-su-dia-de-la-haba\\\/#webpage\",\"url\":\"https:\\\/\\\/eldigitaldeasturias.com\\\/magazine365\\\/villanueva-de-la-concepcion-espera-3-000-visitantes-en-su-dia-de-la-haba\\\/\",\"name\":\"Villanueva de la Concepci\\u00f3n espera 3.000 visitantes en su \\u2018D\\u00eda de la Haba\\u2019 | El Digital de Asturias\",\"description\":\"El municipio malague\\u00f1o de Villanueva de la Concepci\\u00f3n celebrar\\u00e1 el pr\\u00f3ximo domingo su XI edici\\u00f3n del 'D\\u00eda de la Haba', fiesta declarada de Singularidad Tur\\u00edstica Provincial con la que se pretende homenajear y dar a conocer las propiedades de esta legumbre y que espera la visita de unas 3.000 personas. As\\u00ed lo ha informado el\",\"inLanguage\":\"es-ES\",\"isPartOf\":{\"@id\":\"https:\\\/\\\/eldigitaldeasturias.com\\\/magazine365\\\/#website\"},\"breadcrumb\":{\"@id\":\"https:\\\/\\\/eldigitaldeasturias.com\\\/magazine365\\\/villanueva-de-la-concepcion-espera-3-000-visitantes-en-su-dia-de-la-haba\\\/#breadcrumblist\"},\"author\":{\"@id\":\"https:\\\/\\\/eldigitaldeasturias.com\\\/magazine365\\\/author\\\/admin\\\/#author\"},\"creator\":{\"@id\":\"https:\\\/\\\/eldigitaldeasturias.com\\\/magazine365\\\/author\\\/admin\\\/#author\"},\"image\":{\"@type\":\"ImageObject\",\"url\":\"https:\\\/\\\/eldigitaldeasturias.com\\\/magazine365\\\/wp-content\\\/uploads\\\/2016\\\/04\\\/fotonoticia_20160421172525_800.jpg\",\"@id\":\"https:\\\/\\\/eldigitaldeasturias.com\\\/magazine365\\\/villanueva-de-la-concepcion-espera-3-000-visitantes-en-su-dia-de-la-haba\\\/#mainImage\",\"width\":800,\"height\":533},\"primaryImageOfPage\":{\"@id\":\"https:\\\/\\\/eldigitaldeasturias.com\\\/magazine365\\\/villanueva-de-la-concepcion-espera-3-000-visitantes-en-su-dia-de-la-haba\\\/#mainImage\"},\"datePublished\":\"2016-04-21T22:11:46+02:00\",\"dateModified\":\"2016-04-21T22:11:46+02:00\"},{\"@type\":\"WebSite\",\"@id\":\"https:\\\/\\\/eldigitaldeasturias.com\\\/magazine365\\\/#website\",\"url\":\"https:\\\/\\\/eldigitaldeasturias.com\\\/magazine365\\\/\",\"name\":\"El Digital de Asturias\",\"description\":\"Revista de ocio, turismo y estilo de vida\",\"inLanguage\":\"es-ES\",\"publisher\":{\"@id\":\"https:\\\/\\\/eldigitaldeasturias.com\\\/magazine365\\\/#organization\"}}]}\n\t\t<\/script>\n\t\t<!-- All in One SEO Pro -->\r\n\t\t<title>Villanueva de la Concepci\u00f3n espera 3.000 visitantes en su \u2018D\u00eda de la Haba\u2019 | El Digital de Asturias<\/title>\n\n","aioseo_head_json":{"title":"Villanueva de la Concepci\u00f3n espera 3.000 visitantes en su \u2018D\u00eda de la Haba\u2019 | El Digital de Asturias","description":"El municipio malague\u00f1o de Villanueva de la Concepci\u00f3n celebrar\u00e1 el pr\u00f3ximo domingo su XI edici\u00f3n del 'D\u00eda de la Haba', fiesta declarada de Singularidad Tur\u00edstica Provincial con la que se pretende homenajear y dar a conocer las propiedades de esta legumbre y que espera la visita de unas 3.000 personas. As\u00ed lo ha informado el","canonical_url":"https:\/\/eldigitaldeasturias.com\/magazine365\/villanueva-de-la-concepcion-espera-3-000-visitantes-en-su-dia-de-la-haba\/","robots":"max-image-preview:large","keywords":"noticias y actualidad","webmasterTools":{"google-site-verification":"UA-38556648-1","miscellaneous":""},"schema":{"@context":"https:\/\/schema.org","@graph":[{"@type":"Article","@id":"https:\/\/eldigitaldeasturias.com\/magazine365\/villanueva-de-la-concepcion-espera-3-000-visitantes-en-su-dia-de-la-haba\/#article","name":"Villanueva de la Concepci\u00f3n espera 3.000 visitantes en su \u2018D\u00eda de la Haba\u2019 | El Digital de Asturias","headline":"Villanueva de la Concepci\u00f3n espera 3.000 visitantes en su &#8216;D\u00eda de la Haba&#8217;","author":{"@id":"https:\/\/eldigitaldeasturias.com\/magazine365\/author\/admin\/#author"},"publisher":{"@id":"https:\/\/eldigitaldeasturias.com\/magazine365\/#organization"},"image":{"@type":"ImageObject","url":"https:\/\/eldigitaldeasturias.com\/magazine365\/wp-content\/uploads\/2016\/04\/fotonoticia_20160421172525_800.jpg","width":800,"height":533},"datePublished":"2016-04-21T22:11:46+02:00","dateModified":"2016-04-21T22:11:46+02:00","inLanguage":"es-ES","mainEntityOfPage":{"@id":"https:\/\/eldigitaldeasturias.com\/magazine365\/villanueva-de-la-concepcion-espera-3-000-visitantes-en-su-dia-de-la-haba\/#webpage"},"isPartOf":{"@id":"https:\/\/eldigitaldeasturias.com\/magazine365\/villanueva-de-la-concepcion-espera-3-000-visitantes-en-su-dia-de-la-haba\/#webpage"},"articleSection":"Noticias y Actualidad"},{"@type":"BreadcrumbList","@id":"https:\/\/eldigitaldeasturias.com\/magazine365\/villanueva-de-la-concepcion-espera-3-000-visitantes-en-su-dia-de-la-haba\/#breadcrumblist","itemListElement":[{"@type":"ListItem","@id":"https:\/\/eldigitaldeasturias.com\/magazine365#listItem","position":1,"name":"Home","item":"https:\/\/eldigitaldeasturias.com\/magazine365","nextItem":{"@type":"ListItem","@id":"https:\/\/eldigitaldeasturias.com\/magazine365\/category\/noticias-actualidad\/#listItem","name":"Noticias y Actualidad"}},{"@type":"ListItem","@id":"https:\/\/eldigitaldeasturias.com\/magazine365\/category\/noticias-actualidad\/#listItem","position":2,"name":"Noticias y Actualidad","item":"https:\/\/eldigitaldeasturias.com\/magazine365\/category\/noticias-actualidad\/","nextItem":{"@type":"ListItem","@id":"https:\/\/eldigitaldeasturias.com\/magazine365\/villanueva-de-la-concepcion-espera-3-000-visitantes-en-su-dia-de-la-haba\/#listItem","name":"Villanueva de la Concepci\u00f3n espera 3.000 visitantes en su &#8216;D\u00eda de la Haba&#8217;"},"previousItem":{"@type":"ListItem","@id":"https:\/\/eldigitaldeasturias.com\/magazine365#listItem","name":"Home"}},{"@type":"ListItem","@id":"https:\/\/eldigitaldeasturias.com\/magazine365\/villanueva-de-la-concepcion-espera-3-000-visitantes-en-su-dia-de-la-haba\/#listItem","position":3,"name":"Villanueva de la Concepci\u00f3n espera 3.000 visitantes en su &#8216;D\u00eda de la Haba&#8217;","previousItem":{"@type":"ListItem","@id":"https:\/\/eldigitaldeasturias.com\/magazine365\/category\/noticias-actualidad\/#listItem","name":"Noticias y Actualidad"}}]},{"@type":"Organization","@id":"https:\/\/eldigitaldeasturias.com\/magazine365\/#organization","name":"El digital de Asturias","description":"Revista de ocio, turismo y estilo de vida","url":"https:\/\/eldigitaldeasturias.com\/magazine365\/","logo":{"@type":"ImageObject","url":"https:\/\/www.eldigitaldeasturias.com\/noticias\/wp-content\/uploads\/2020\/12\/EDA.jpg","@id":"https:\/\/eldigitaldeasturias.com\/magazine365\/villanueva-de-la-concepcion-espera-3-000-visitantes-en-su-dia-de-la-haba\/#organizationLogo"},"image":{"@id":"https:\/\/eldigitaldeasturias.com\/magazine365\/villanueva-de-la-concepcion-espera-3-000-visitantes-en-su-dia-de-la-haba\/#organizationLogo"}},{"@type":"Person","@id":"https:\/\/eldigitaldeasturias.com\/magazine365\/author\/admin\/#author","url":"https:\/\/eldigitaldeasturias.com\/magazine365\/author\/admin\/","name":"admin","image":{"@type":"ImageObject","@id":"https:\/\/eldigitaldeasturias.com\/magazine365\/villanueva-de-la-concepcion-espera-3-000-visitantes-en-su-dia-de-la-haba\/#authorImage","url":"https:\/\/eldigitaldeasturias.com\/magazine365\/wp-content\/litespeed\/avatar\/e571bcf59a0edd6fa6838245a470f2fe.jpg?ver=1777574230","width":96,"height":96,"caption":"admin"}},{"@type":"WebPage","@id":"https:\/\/eldigitaldeasturias.com\/magazine365\/villanueva-de-la-concepcion-espera-3-000-visitantes-en-su-dia-de-la-haba\/#webpage","url":"https:\/\/eldigitaldeasturias.com\/magazine365\/villanueva-de-la-concepcion-espera-3-000-visitantes-en-su-dia-de-la-haba\/","name":"Villanueva de la Concepci\u00f3n espera 3.000 visitantes en su \u2018D\u00eda de la Haba\u2019 | El Digital de Asturias","description":"El municipio malague\u00f1o de Villanueva de la Concepci\u00f3n celebrar\u00e1 el pr\u00f3ximo domingo su XI edici\u00f3n del 'D\u00eda de la Haba', fiesta declarada de Singularidad Tur\u00edstica Provincial con la que se pretende homenajear y dar a conocer las propiedades de esta legumbre y que espera la visita de unas 3.000 personas. As\u00ed lo ha informado el","inLanguage":"es-ES","isPartOf":{"@id":"https:\/\/eldigitaldeasturias.com\/magazine365\/#website"},"breadcrumb":{"@id":"https:\/\/eldigitaldeasturias.com\/magazine365\/villanueva-de-la-concepcion-espera-3-000-visitantes-en-su-dia-de-la-haba\/#breadcrumblist"},"author":{"@id":"https:\/\/eldigitaldeasturias.com\/magazine365\/author\/admin\/#author"},"creator":{"@id":"https:\/\/eldigitaldeasturias.com\/magazine365\/author\/admin\/#author"},"image":{"@type":"ImageObject","url":"https:\/\/eldigitaldeasturias.com\/magazine365\/wp-content\/uploads\/2016\/04\/fotonoticia_20160421172525_800.jpg","@id":"https:\/\/eldigitaldeasturias.com\/magazine365\/villanueva-de-la-concepcion-espera-3-000-visitantes-en-su-dia-de-la-haba\/#mainImage","width":800,"height":533},"primaryImageOfPage":{"@id":"https:\/\/eldigitaldeasturias.com\/magazine365\/villanueva-de-la-concepcion-espera-3-000-visitantes-en-su-dia-de-la-haba\/#mainImage"},"datePublished":"2016-04-21T22:11:46+02:00","dateModified":"2016-04-21T22:11:46+02:00"},{"@type":"WebSite","@id":"https:\/\/eldigitaldeasturias.com\/magazine365\/#website","url":"https:\/\/eldigitaldeasturias.com\/magazine365\/","name":"El Digital de Asturias","description":"Revista de ocio, turismo y estilo de vida","inLanguage":"es-ES","publisher":{"@id":"https:\/\/eldigitaldeasturias.com\/magazine365\/#organization"}}]},"og:locale":"es_ES","og:site_name":"El Digital de Asturias \u2013 Revista de ocio, turismo y estilo de vida","og:type":"article","og:title":"Villanueva de la Concepci\u00f3n espera 3.000 visitantes en su \u2018D\u00eda de la Haba\u2019 | El Digital de Asturias","og:description":"El municipio malague\u00f1o de Villanueva de la Concepci\u00f3n celebrar\u00e1 el pr\u00f3ximo domingo su XI edici\u00f3n del 'D\u00eda de la Haba', fiesta declarada de Singularidad Tur\u00edstica Provincial con la que se pretende homenajear y dar a conocer las propiedades de esta legumbre y que espera la visita de unas 3.000 personas. As\u00ed lo ha informado el","og:url":"https:\/\/eldigitaldeasturias.com\/magazine365\/villanueva-de-la-concepcion-espera-3-000-visitantes-en-su-dia-de-la-haba\/","og:image":"https:\/\/eldigitaldeasturias.com\/magazine365\/wp-content\/uploads\/2016\/04\/fotonoticia_20160421172525_800.jpg","og:image:secure_url":"https:\/\/eldigitaldeasturias.com\/magazine365\/wp-content\/uploads\/2016\/04\/fotonoticia_20160421172525_800.jpg","og:image:width":800,"og:image:height":533,"article:published_time":"2016-04-21T20:11:46+00:00","article:modified_time":"2016-04-21T20:11:46+00:00","twitter:card":"summary_large_image","twitter:title":"Villanueva de la Concepci\u00f3n espera 3.000 visitantes en su \u2018D\u00eda de la Haba\u2019 | El Digital de Asturias","twitter:description":"El municipio malague\u00f1o de Villanueva de la Concepci\u00f3n celebrar\u00e1 el pr\u00f3ximo domingo su XI edici\u00f3n del 'D\u00eda de la Haba', fiesta declarada de Singularidad Tur\u00edstica Provincial con la que se pretende homenajear y dar a conocer las propiedades de esta legumbre y que espera la visita de unas 3.000 personas. As\u00ed lo ha informado el","twitter:image":"https:\/\/eldigitaldeasturias.com\/magazine365\/wp-content\/uploads\/2016\/04\/fotonoticia_20160421172525_800.jpg"},"aioseo_meta_data":{"post_id":"74377","title":null,"description":null,"keywords":null,"keyphrases":null,"primary_term":null,"canonical_url":null,"og_title":null,"og_description":null,"og_object_type":"default","og_image_type":"default","og_image_url":null,"og_image_width":null,"og_image_height":null,"og_image_custom_url":null,"og_image_custom_fields":null,"og_video":null,"og_custom_url":null,"og_article_section":null,"og_article_tags":null,"twitter_use_og":false,"twitter_card":"default","twitter_image_type":"default","twitter_image_url":null,"twitter_image_custom_url":null,"twitter_image_custom_fields":null,"twitter_title":null,"twitter_description":null,"schema":{"blockGraphs":[],"customGraphs":[],"default":{"data":{"Article":[],"Course":[],"Dataset":[],"FAQPage":[],"Movie":[],"Person":[],"Product":[],"ProductReview":[],"Car":[],"Recipe":[],"Service":[],"SoftwareApplication":[],"WebPage":[]},"graphName":"","isEnabled":true},"graphs":[],"defaultGraph":"","defaultPostTypeGraph":""},"schema_type":null,"schema_type_options":null,"pillar_content":false,"robots_default":true,"robots_noindex":false,"robots_noarchive":false,"robots_nosnippet":false,"robots_nofollow":false,"robots_noimageindex":false,"robots_noodp":false,"robots_notranslate":false,"robots_max_snippet":null,"robots_max_videopreview":null,"robots_max_imagepreview":"large","priority":null,"frequency":null,"location":null,"local_seo":null,"seo_analyzer_scan_date":"2025-09-27 08:30:03","breadcrumb_settings":null,"limit_modified_date":false,"open_ai":null,"ai":null,"created":"2021-03-08 18:57:17","updated":"2025-09-27 08:30:03"},"aioseo_breadcrumb":"<div class=\"aioseo-breadcrumbs\"><span class=\"aioseo-breadcrumb\">\n\t<a href=\"https:\/\/eldigitaldeasturias.com\/magazine365\" title=\"Home\">Home<\/a>\n<\/span><span class=\"aioseo-breadcrumb-separator\">\u2013<\/span><span class=\"aioseo-breadcrumb\">\n\t<a href=\"https:\/\/eldigitaldeasturias.com\/magazine365\/category\/noticias-actualidad\/\" title=\"Noticias y Actualidad\">Noticias y Actualidad<\/a>\n<\/span><span class=\"aioseo-breadcrumb-separator\">\u2013<\/span><span class=\"aioseo-breadcrumb\">\n\t<a href=\"https:\/\/eldigitaldeasturias.com\/magazine365\/villanueva-de-la-concepcion-espera-3-000-visitantes-en-su-dia-de-la-haba\/\" title=\"Villanueva de la Concepci\u00f3n espera 3.000 visitantes en su \u2018D\u00eda de la Haba\u2019\">Villanueva de la Concepci\u00f3n espera 3.000 visitantes en su \u2018D\u00eda de la Haba\u2019<\/a>\n<\/span><\/div>","aioseo_breadcrumb_json":[{"label":"Home","link":"https:\/\/eldigitaldeasturias.com\/magazine365"},{"label":"Noticias y Actualidad","link":"https:\/\/eldigitaldeasturias.com\/magazine365\/category\/noticias-actualidad\/"},{"label":"Villanueva de la Concepci\u00f3n espera 3.000 visitantes en su &#8216;D\u00eda de la Haba&#8217;","link":"https:\/\/eldigitaldeasturias.com\/magazine365\/villanueva-de-la-concepcion-espera-3-000-visitantes-en-su-dia-de-la-haba\/"}],"_links":{"self":[{"href":"https:\/\/eldigitaldeasturias.com\/magazine365\/wp-json\/wp\/v2\/posts\/74377","targetHints":{"allow":["GET"]}}],"collection":[{"href":"https:\/\/eldigitaldeasturias.com\/magazine365\/wp-json\/wp\/v2\/posts"}],"about":[{"href":"https:\/\/eldigitaldeasturias.com\/magazine365\/wp-json\/wp\/v2\/types\/post"}],"author":[{"embeddable":true,"href":"https:\/\/eldigitaldeasturias.com\/magazine365\/wp-json\/wp\/v2\/users\/1"}],"replies":[{"embeddable":true,"href":"https:\/\/eldigitaldeasturias.com\/magazine365\/wp-json\/wp\/v2\/comments?post=74377"}],"version-history":[{"count":0,"href":"https:\/\/eldigitaldeasturias.com\/magazine365\/wp-json\/wp\/v2\/posts\/74377\/revisions"}],"wp:featuredmedia":[{"embeddable":true,"href":"https:\/\/eldigitaldeasturias.com\/magazine365\/wp-json\/wp\/v2\/media\/74378"}],"wp:attachment":[{"href":"https:\/\/eldigitaldeasturias.com\/magazine365\/wp-json\/wp\/v2\/media?parent=74377"}],"wp:term":[{"taxonomy":"category","embeddable":true,"href":"https:\/\/eldigitaldeasturias.com\/magazine365\/wp-json\/wp\/v2\/categories?post=74377"},{"taxonomy":"post_tag","embeddable":true,"href":"https:\/\/eldigitaldeasturias.com\/magazine365\/wp-json\/wp\/v2\/tags?post=74377"}],"curies":[{"name":"wp","href":"https:\/\/api.w.org\/{rel}","templated":true}]}}