{"id":729,"date":"2014-01-11T21:42:48","date_gmt":"2014-01-11T22:42:48","guid":{"rendered":"http:\/\/eldigitaldeasturias.com\/magazine365\/?p=729"},"modified":"2014-01-11T21:43:49","modified_gmt":"2014-01-11T22:43:49","slug":"un-gorrino-encarnado-y-rellenito-el-pin-del-cocido-de-lalin","status":"publish","type":"post","link":"https:\/\/eldigitaldeasturias.com\/magazine365\/un-gorrino-encarnado-y-rellenito-el-pin-del-cocido-de-lalin\/","title":{"rendered":"Un gorrino encarnado y rellenito, el &#8216;pin&#8217; del Cocido de Lal\u00edn"},"content":{"rendered":"<p><img fetchpriority=\"high\" decoding=\"async\" class=\"alignleft size-medium wp-image-730\" alt=\"5842779w\" src=\"https:\/\/eldigitaldeasturias.com\/magazine365\/wp-content\/uploads\/2014\/01\/5842779w-360x239.jpg\" width=\"360\" height=\"239\" \/>Lal\u00edn (Pontevedra), 11 ene (EFE).- Un gorrino encarnado y de buen ver. Es el dise\u00f1o elegido por la artista Pilar Taboada para el &#8216;pin&#8217; que se entregar\u00e1 a los comensales que ocupen cada una de las mesas de los 25 restaurantes que participan en el 16\u00ba Mes del Cocido de Lal\u00edn, desde el pr\u00f3ximo 23 de enero al mismo d\u00eda del mes siguiente.<\/p>\n<p>El edil de Turismo de este municipio, Jos\u00e9 Antonio Rodr\u00edguez, ha resaltado la importancia de esta consolidada convocatoria por lo que supone para la econom\u00eda local y ha indicado en una conferencia de prensa celebrada este s\u00e1bado que un motivo fundamental para quien acude a esta localidad de Pontevedra es justamente su gastronom\u00eda.<\/p>\n<p>Al igual que en 2013, se har\u00e1 entrega de un cuestionario para conocer las impresiones del respetable, con preguntas similares al del ejercicio pasado, en el que se cubrieron 2.800 encuestas, y con el objetivo de contratar y empezar a trabajar en el Observatorio del Cocido de Lal\u00edn.<\/p>\n<p>La versi\u00f3n gallega del cocido, que alcanza cada a\u00f1o por esta \u00e9poca su m\u00e1xima expresi\u00f3n, supone la consagraci\u00f3n del cerdo, ben\u00e9fico animal sobre el que se construy\u00f3 Europa.<\/p>\n<p>Del morro al rabo, con las \u00fanicas excepciones del jam\u00f3n y los lomos, destinados a otros menesteres, el cerdo acaba en diversas ollas y fuentes y sirve un cocido que no puede tildarse m\u00e1s que de monumental.<\/p>\n<p>L\u00f3gico, teniendo en cuenta la alt\u00edsima consideraci\u00f3n en la que los gallegos tienen al marrano, fuente tradicional de prote\u00ednas animales de todos los niveles de la cocina galaica.<\/p>\n<p>El cocido lleva garbanzos, habas, patatas levemente ruborizadas, grelos y a partir de ah\u00ed&#8230; cabeza curada de cerdo (&#8216;cachola&#8217;, o &#8216;cacheira&#8217;, o &#8216;cachucha&#8217;), con sus diferentes sabores y cortes; lac\u00f3n, espinazo (so\u00e1), rabo, tocino veteado (de febra) y costilla, todo ello salado; morros, orejas, manos y lenguas en el mismo estado; chorizos \u00abde carne\u00bb y chorizos \u00abceboleiros\u00bb; algo de grasa de cerdo y jarrete de ternera y una gallina, a poder ser de confianza.<\/p>\n<p>Un cocido gallego, un cocido de Lal\u00edn, es algo que no se prepara en un momento, ni que deba consumirse en el plazo normal que se da a una comida.<\/p>\n<p>Su preparaci\u00f3n, que empieza en el preceptivo desalado de las carnes que lo requieren, comienza varios d\u00edas antes de la cita.<\/p>\n<p>Ya con todo dispuesto, muy de ma\u00f1ana se inicia la confecci\u00f3n propiamente dicha. Cada carne tiene su cocci\u00f3n y da un caldo diferente, y se necesitan muchas horas y cuatro o cinco ollas (potas) para confeccionar el plato.<\/p>\n<p>Un cocido \u00abde crego\u00bb (de cura), que dir\u00eda Cunqueiro, exige que se dedique a su degustaci\u00f3n tanto tiempo al menos como el que los cocineros han dedicado a su elaboraci\u00f3n.<\/p>\n<p>\u00abEs una experiencia, es algo que nos diferencia\u00bb, ha dicho hoy el concejal, quien ha avanzado que un \u00abdec\u00e1logo\u00bb, con el compromiso de calidad, estar\u00e1 presente en todos los negocios.<\/p>\n<p>Tambi\u00e9n habr\u00e1 un sorteo de paquetes tur\u00edsticos.<\/p>\n<p>Los productos utilizados para la elaboraci\u00f3n ser\u00e1n de primera calidad y la carne estar\u00e1 curada y ahumada. La recomendaci\u00f3n para el maridaje ser\u00e1 un vino de la Denominaci\u00f3n de Origen Monterrei y los postres, sobremesas tradicionales como las filloas, las orejas o el queso con membrillo.<\/p>\n<p>El 28 de este mes, ser\u00e1 la presentaci\u00f3n en la Casa de Galicia en Madrid, con la presencia de los comendadores m\u00e1s medi\u00e1ticos, como la presentadora Susanna Griso.<\/p>\n<p>Los restaurantes Combarro y Sanxenxo, en la capital espa\u00f1ola, ser\u00e1n los principales exponentes de este manjar, desde esa misma jornada hasta el 28 de febrero.<\/p>\n<p>Madrid Fusi\u00f3n se convertir\u00e1 en el otro escenario de la cocina de vanguardia con cocineros de Lal\u00edn.<\/p>\n<p>El alcalde, Xos\u00e9 Crespo, no ha estado presente en el acto celebrado en el Ayuntamiento, y que ha terminado con una fotograf\u00eda entre pol\u00edticos y restauradores ante un marrano, por razones personales.<\/p>\n","protected":false},"excerpt":{"rendered":"<p>Lal\u00edn (Pontevedra), 11 ene (EFE).- Un gorrino encarnado y de buen ver. Es el dise\u00f1o elegido por la artista Pilar Taboada para el &#8216;pin&#8217; que se entregar\u00e1 a los comensales que ocupen cada una de las mesas de los 25 restaurantes que participan en el 16\u00ba Mes del Cocido de Lal\u00edn, desde el pr\u00f3ximo 23<\/p>\n","protected":false},"author":1,"featured_media":730,"comment_status":"open","ping_status":"open","sticky":false,"template":"","format":"standard","meta":{"footnotes":""},"categories":[224],"tags":[],"class_list":{"0":"post-729","1":"post","2":"type-post","3":"status-publish","4":"format-standard","5":"has-post-thumbnail","7":"category-noticias-actualidad"},"aioseo_notices":[],"aioseo_head":"\n\t\t<!-- All in One SEO Pro 4.9.6.1 - aioseo.com -->\n\t<meta name=\"description\" content=\"Lal\u00edn (Pontevedra), 11 ene (EFE).- Un gorrino encarnado y de buen ver. Es el dise\u00f1o elegido por la artista Pilar Taboada para el &#039;pin&#039; que se entregar\u00e1 a los comensales que ocupen cada una de las mesas de los 25 restaurantes que participan en el 16\u00ba Mes del Cocido de Lal\u00edn, desde el pr\u00f3ximo 23\" \/>\n\t<meta name=\"robots\" content=\"max-image-preview:large\" \/>\n\t<meta name=\"author\" content=\"admin\"\/>\n\t<meta name=\"google-site-verification\" content=\"UA-38556648-1\" \/>\n\t<meta name=\"keywords\" content=\"noticias y actualidad\" \/>\n\t<link rel=\"canonical\" href=\"https:\/\/eldigitaldeasturias.com\/magazine365\/un-gorrino-encarnado-y-rellenito-el-pin-del-cocido-de-lalin\/\" \/>\n\t<meta name=\"generator\" content=\"All in One SEO Pro (AIOSEO) 4.9.6.1\" \/>\n\t\t<meta property=\"og:locale\" content=\"es_ES\" \/>\n\t\t<meta property=\"og:site_name\" content=\"El Digital de Asturias \u2013 Revista de ocio, turismo y estilo de vida\" \/>\n\t\t<meta property=\"og:type\" content=\"article\" \/>\n\t\t<meta property=\"og:title\" content=\"Un gorrino encarnado y rellenito, el \u2018pin\u2019 del Cocido de Lal\u00edn | El Digital de Asturias\" \/>\n\t\t<meta property=\"og:description\" content=\"Lal\u00edn (Pontevedra), 11 ene (EFE).- Un gorrino encarnado y de buen ver. Es el dise\u00f1o elegido por la artista Pilar Taboada para el &#039;pin&#039; que se entregar\u00e1 a los comensales que ocupen cada una de las mesas de los 25 restaurantes que participan en el 16\u00ba Mes del Cocido de Lal\u00edn, desde el pr\u00f3ximo 23\" \/>\n\t\t<meta property=\"og:url\" content=\"https:\/\/eldigitaldeasturias.com\/magazine365\/un-gorrino-encarnado-y-rellenito-el-pin-del-cocido-de-lalin\/\" \/>\n\t\t<meta property=\"og:image\" content=\"https:\/\/eldigitaldeasturias.com\/magazine365\/wp-content\/uploads\/2014\/01\/5842779w.jpg\" \/>\n\t\t<meta property=\"og:image:secure_url\" content=\"https:\/\/eldigitaldeasturias.com\/magazine365\/wp-content\/uploads\/2014\/01\/5842779w.jpg\" \/>\n\t\t<meta property=\"og:image:width\" content=\"800\" \/>\n\t\t<meta property=\"og:image:height\" content=\"533\" \/>\n\t\t<meta property=\"article:published_time\" content=\"2014-01-11T22:42:48+00:00\" \/>\n\t\t<meta property=\"article:modified_time\" content=\"2014-01-11T22:43:49+00:00\" \/>\n\t\t<meta name=\"twitter:card\" content=\"summary_large_image\" \/>\n\t\t<meta name=\"twitter:title\" content=\"Un gorrino encarnado y rellenito, el \u2018pin\u2019 del Cocido de Lal\u00edn | El Digital de Asturias\" \/>\n\t\t<meta name=\"twitter:description\" content=\"Lal\u00edn (Pontevedra), 11 ene (EFE).- Un gorrino encarnado y de buen ver. Es el dise\u00f1o elegido por la artista Pilar Taboada para el &#039;pin&#039; que se entregar\u00e1 a los comensales que ocupen cada una de las mesas de los 25 restaurantes que participan en el 16\u00ba Mes del Cocido de Lal\u00edn, desde el pr\u00f3ximo 23\" \/>\n\t\t<meta name=\"twitter:image\" content=\"https:\/\/eldigitaldeasturias.com\/magazine365\/wp-content\/uploads\/2014\/01\/5842779w.jpg\" \/>\n\t\t<script type=\"application\/ld+json\" class=\"aioseo-schema\">\n\t\t\t{\"@context\":\"https:\\\/\\\/schema.org\",\"@graph\":[{\"@type\":\"Article\",\"@id\":\"https:\\\/\\\/eldigitaldeasturias.com\\\/magazine365\\\/un-gorrino-encarnado-y-rellenito-el-pin-del-cocido-de-lalin\\\/#article\",\"name\":\"Un gorrino encarnado y rellenito, el \\u2018pin\\u2019 del Cocido de Lal\\u00edn | El Digital de Asturias\",\"headline\":\"Un gorrino encarnado y rellenito, el &#8216;pin&#8217; del Cocido de Lal\\u00edn\",\"author\":{\"@id\":\"https:\\\/\\\/eldigitaldeasturias.com\\\/magazine365\\\/author\\\/admin\\\/#author\"},\"publisher\":{\"@id\":\"https:\\\/\\\/eldigitaldeasturias.com\\\/magazine365\\\/#organization\"},\"image\":{\"@type\":\"ImageObject\",\"url\":\"https:\\\/\\\/eldigitaldeasturias.com\\\/magazine365\\\/wp-content\\\/uploads\\\/2014\\\/01\\\/5842779w.jpg\",\"width\":800,\"height\":533},\"datePublished\":\"2014-01-11T21:42:48+01:00\",\"dateModified\":\"2014-01-11T21:43:49+01:00\",\"inLanguage\":\"es-ES\",\"mainEntityOfPage\":{\"@id\":\"https:\\\/\\\/eldigitaldeasturias.com\\\/magazine365\\\/un-gorrino-encarnado-y-rellenito-el-pin-del-cocido-de-lalin\\\/#webpage\"},\"isPartOf\":{\"@id\":\"https:\\\/\\\/eldigitaldeasturias.com\\\/magazine365\\\/un-gorrino-encarnado-y-rellenito-el-pin-del-cocido-de-lalin\\\/#webpage\"},\"articleSection\":\"Noticias y Actualidad\"},{\"@type\":\"BreadcrumbList\",\"@id\":\"https:\\\/\\\/eldigitaldeasturias.com\\\/magazine365\\\/un-gorrino-encarnado-y-rellenito-el-pin-del-cocido-de-lalin\\\/#breadcrumblist\",\"itemListElement\":[{\"@type\":\"ListItem\",\"@id\":\"https:\\\/\\\/eldigitaldeasturias.com\\\/magazine365#listItem\",\"position\":1,\"name\":\"Home\",\"item\":\"https:\\\/\\\/eldigitaldeasturias.com\\\/magazine365\",\"nextItem\":{\"@type\":\"ListItem\",\"@id\":\"https:\\\/\\\/eldigitaldeasturias.com\\\/magazine365\\\/category\\\/noticias-actualidad\\\/#listItem\",\"name\":\"Noticias y Actualidad\"}},{\"@type\":\"ListItem\",\"@id\":\"https:\\\/\\\/eldigitaldeasturias.com\\\/magazine365\\\/category\\\/noticias-actualidad\\\/#listItem\",\"position\":2,\"name\":\"Noticias y Actualidad\",\"item\":\"https:\\\/\\\/eldigitaldeasturias.com\\\/magazine365\\\/category\\\/noticias-actualidad\\\/\",\"nextItem\":{\"@type\":\"ListItem\",\"@id\":\"https:\\\/\\\/eldigitaldeasturias.com\\\/magazine365\\\/un-gorrino-encarnado-y-rellenito-el-pin-del-cocido-de-lalin\\\/#listItem\",\"name\":\"Un gorrino encarnado y rellenito, el &#8216;pin&#8217; del Cocido de Lal\\u00edn\"},\"previousItem\":{\"@type\":\"ListItem\",\"@id\":\"https:\\\/\\\/eldigitaldeasturias.com\\\/magazine365#listItem\",\"name\":\"Home\"}},{\"@type\":\"ListItem\",\"@id\":\"https:\\\/\\\/eldigitaldeasturias.com\\\/magazine365\\\/un-gorrino-encarnado-y-rellenito-el-pin-del-cocido-de-lalin\\\/#listItem\",\"position\":3,\"name\":\"Un gorrino encarnado y rellenito, el &#8216;pin&#8217; del Cocido de Lal\\u00edn\",\"previousItem\":{\"@type\":\"ListItem\",\"@id\":\"https:\\\/\\\/eldigitaldeasturias.com\\\/magazine365\\\/category\\\/noticias-actualidad\\\/#listItem\",\"name\":\"Noticias y Actualidad\"}}]},{\"@type\":\"Organization\",\"@id\":\"https:\\\/\\\/eldigitaldeasturias.com\\\/magazine365\\\/#organization\",\"name\":\"El digital de Asturias\",\"description\":\"Revista de ocio, turismo y estilo de vida\",\"url\":\"https:\\\/\\\/eldigitaldeasturias.com\\\/magazine365\\\/\",\"logo\":{\"@type\":\"ImageObject\",\"url\":\"https:\\\/\\\/www.eldigitaldeasturias.com\\\/noticias\\\/wp-content\\\/uploads\\\/2020\\\/12\\\/EDA.jpg\",\"@id\":\"https:\\\/\\\/eldigitaldeasturias.com\\\/magazine365\\\/un-gorrino-encarnado-y-rellenito-el-pin-del-cocido-de-lalin\\\/#organizationLogo\"},\"image\":{\"@id\":\"https:\\\/\\\/eldigitaldeasturias.com\\\/magazine365\\\/un-gorrino-encarnado-y-rellenito-el-pin-del-cocido-de-lalin\\\/#organizationLogo\"}},{\"@type\":\"Person\",\"@id\":\"https:\\\/\\\/eldigitaldeasturias.com\\\/magazine365\\\/author\\\/admin\\\/#author\",\"url\":\"https:\\\/\\\/eldigitaldeasturias.com\\\/magazine365\\\/author\\\/admin\\\/\",\"name\":\"admin\",\"image\":{\"@type\":\"ImageObject\",\"@id\":\"https:\\\/\\\/eldigitaldeasturias.com\\\/magazine365\\\/un-gorrino-encarnado-y-rellenito-el-pin-del-cocido-de-lalin\\\/#authorImage\",\"url\":\"https:\\\/\\\/eldigitaldeasturias.com\\\/magazine365\\\/wp-content\\\/litespeed\\\/avatar\\\/e571bcf59a0edd6fa6838245a470f2fe.jpg?ver=1776969259\",\"width\":96,\"height\":96,\"caption\":\"admin\"}},{\"@type\":\"WebPage\",\"@id\":\"https:\\\/\\\/eldigitaldeasturias.com\\\/magazine365\\\/un-gorrino-encarnado-y-rellenito-el-pin-del-cocido-de-lalin\\\/#webpage\",\"url\":\"https:\\\/\\\/eldigitaldeasturias.com\\\/magazine365\\\/un-gorrino-encarnado-y-rellenito-el-pin-del-cocido-de-lalin\\\/\",\"name\":\"Un gorrino encarnado y rellenito, el \\u2018pin\\u2019 del Cocido de Lal\\u00edn | El Digital de Asturias\",\"description\":\"Lal\\u00edn (Pontevedra), 11 ene (EFE).- Un gorrino encarnado y de buen ver. Es el dise\\u00f1o elegido por la artista Pilar Taboada para el 'pin' que se entregar\\u00e1 a los comensales que ocupen cada una de las mesas de los 25 restaurantes que participan en el 16\\u00ba Mes del Cocido de Lal\\u00edn, desde el pr\\u00f3ximo 23\",\"inLanguage\":\"es-ES\",\"isPartOf\":{\"@id\":\"https:\\\/\\\/eldigitaldeasturias.com\\\/magazine365\\\/#website\"},\"breadcrumb\":{\"@id\":\"https:\\\/\\\/eldigitaldeasturias.com\\\/magazine365\\\/un-gorrino-encarnado-y-rellenito-el-pin-del-cocido-de-lalin\\\/#breadcrumblist\"},\"author\":{\"@id\":\"https:\\\/\\\/eldigitaldeasturias.com\\\/magazine365\\\/author\\\/admin\\\/#author\"},\"creator\":{\"@id\":\"https:\\\/\\\/eldigitaldeasturias.com\\\/magazine365\\\/author\\\/admin\\\/#author\"},\"image\":{\"@type\":\"ImageObject\",\"url\":\"https:\\\/\\\/eldigitaldeasturias.com\\\/magazine365\\\/wp-content\\\/uploads\\\/2014\\\/01\\\/5842779w.jpg\",\"@id\":\"https:\\\/\\\/eldigitaldeasturias.com\\\/magazine365\\\/un-gorrino-encarnado-y-rellenito-el-pin-del-cocido-de-lalin\\\/#mainImage\",\"width\":800,\"height\":533},\"primaryImageOfPage\":{\"@id\":\"https:\\\/\\\/eldigitaldeasturias.com\\\/magazine365\\\/un-gorrino-encarnado-y-rellenito-el-pin-del-cocido-de-lalin\\\/#mainImage\"},\"datePublished\":\"2014-01-11T21:42:48+01:00\",\"dateModified\":\"2014-01-11T21:43:49+01:00\"},{\"@type\":\"WebSite\",\"@id\":\"https:\\\/\\\/eldigitaldeasturias.com\\\/magazine365\\\/#website\",\"url\":\"https:\\\/\\\/eldigitaldeasturias.com\\\/magazine365\\\/\",\"name\":\"El Digital de Asturias\",\"description\":\"Revista de ocio, turismo y estilo de vida\",\"inLanguage\":\"es-ES\",\"publisher\":{\"@id\":\"https:\\\/\\\/eldigitaldeasturias.com\\\/magazine365\\\/#organization\"}}]}\n\t\t<\/script>\n\t\t<!-- All in One SEO Pro -->\r\n\t\t<title>Un gorrino encarnado y rellenito, el \u2018pin\u2019 del Cocido de Lal\u00edn | El Digital de Asturias<\/title>\n\n","aioseo_head_json":{"title":"Un gorrino encarnado y rellenito, el \u2018pin\u2019 del Cocido de Lal\u00edn | El Digital de Asturias","description":"Lal\u00edn (Pontevedra), 11 ene (EFE).- Un gorrino encarnado y de buen ver. Es el dise\u00f1o elegido por la artista Pilar Taboada para el 'pin' que se entregar\u00e1 a los comensales que ocupen cada una de las mesas de los 25 restaurantes que participan en el 16\u00ba Mes del Cocido de Lal\u00edn, desde el pr\u00f3ximo 23","canonical_url":"https:\/\/eldigitaldeasturias.com\/magazine365\/un-gorrino-encarnado-y-rellenito-el-pin-del-cocido-de-lalin\/","robots":"max-image-preview:large","keywords":"noticias y actualidad","webmasterTools":{"google-site-verification":"UA-38556648-1","miscellaneous":""},"schema":{"@context":"https:\/\/schema.org","@graph":[{"@type":"Article","@id":"https:\/\/eldigitaldeasturias.com\/magazine365\/un-gorrino-encarnado-y-rellenito-el-pin-del-cocido-de-lalin\/#article","name":"Un gorrino encarnado y rellenito, el \u2018pin\u2019 del Cocido de Lal\u00edn | El Digital de Asturias","headline":"Un gorrino encarnado y rellenito, el &#8216;pin&#8217; del Cocido de Lal\u00edn","author":{"@id":"https:\/\/eldigitaldeasturias.com\/magazine365\/author\/admin\/#author"},"publisher":{"@id":"https:\/\/eldigitaldeasturias.com\/magazine365\/#organization"},"image":{"@type":"ImageObject","url":"https:\/\/eldigitaldeasturias.com\/magazine365\/wp-content\/uploads\/2014\/01\/5842779w.jpg","width":800,"height":533},"datePublished":"2014-01-11T21:42:48+01:00","dateModified":"2014-01-11T21:43:49+01:00","inLanguage":"es-ES","mainEntityOfPage":{"@id":"https:\/\/eldigitaldeasturias.com\/magazine365\/un-gorrino-encarnado-y-rellenito-el-pin-del-cocido-de-lalin\/#webpage"},"isPartOf":{"@id":"https:\/\/eldigitaldeasturias.com\/magazine365\/un-gorrino-encarnado-y-rellenito-el-pin-del-cocido-de-lalin\/#webpage"},"articleSection":"Noticias y Actualidad"},{"@type":"BreadcrumbList","@id":"https:\/\/eldigitaldeasturias.com\/magazine365\/un-gorrino-encarnado-y-rellenito-el-pin-del-cocido-de-lalin\/#breadcrumblist","itemListElement":[{"@type":"ListItem","@id":"https:\/\/eldigitaldeasturias.com\/magazine365#listItem","position":1,"name":"Home","item":"https:\/\/eldigitaldeasturias.com\/magazine365","nextItem":{"@type":"ListItem","@id":"https:\/\/eldigitaldeasturias.com\/magazine365\/category\/noticias-actualidad\/#listItem","name":"Noticias y Actualidad"}},{"@type":"ListItem","@id":"https:\/\/eldigitaldeasturias.com\/magazine365\/category\/noticias-actualidad\/#listItem","position":2,"name":"Noticias y Actualidad","item":"https:\/\/eldigitaldeasturias.com\/magazine365\/category\/noticias-actualidad\/","nextItem":{"@type":"ListItem","@id":"https:\/\/eldigitaldeasturias.com\/magazine365\/un-gorrino-encarnado-y-rellenito-el-pin-del-cocido-de-lalin\/#listItem","name":"Un gorrino encarnado y rellenito, el &#8216;pin&#8217; del Cocido de Lal\u00edn"},"previousItem":{"@type":"ListItem","@id":"https:\/\/eldigitaldeasturias.com\/magazine365#listItem","name":"Home"}},{"@type":"ListItem","@id":"https:\/\/eldigitaldeasturias.com\/magazine365\/un-gorrino-encarnado-y-rellenito-el-pin-del-cocido-de-lalin\/#listItem","position":3,"name":"Un gorrino encarnado y rellenito, el &#8216;pin&#8217; del Cocido de Lal\u00edn","previousItem":{"@type":"ListItem","@id":"https:\/\/eldigitaldeasturias.com\/magazine365\/category\/noticias-actualidad\/#listItem","name":"Noticias y Actualidad"}}]},{"@type":"Organization","@id":"https:\/\/eldigitaldeasturias.com\/magazine365\/#organization","name":"El digital de Asturias","description":"Revista de ocio, turismo y estilo de vida","url":"https:\/\/eldigitaldeasturias.com\/magazine365\/","logo":{"@type":"ImageObject","url":"https:\/\/www.eldigitaldeasturias.com\/noticias\/wp-content\/uploads\/2020\/12\/EDA.jpg","@id":"https:\/\/eldigitaldeasturias.com\/magazine365\/un-gorrino-encarnado-y-rellenito-el-pin-del-cocido-de-lalin\/#organizationLogo"},"image":{"@id":"https:\/\/eldigitaldeasturias.com\/magazine365\/un-gorrino-encarnado-y-rellenito-el-pin-del-cocido-de-lalin\/#organizationLogo"}},{"@type":"Person","@id":"https:\/\/eldigitaldeasturias.com\/magazine365\/author\/admin\/#author","url":"https:\/\/eldigitaldeasturias.com\/magazine365\/author\/admin\/","name":"admin","image":{"@type":"ImageObject","@id":"https:\/\/eldigitaldeasturias.com\/magazine365\/un-gorrino-encarnado-y-rellenito-el-pin-del-cocido-de-lalin\/#authorImage","url":"https:\/\/eldigitaldeasturias.com\/magazine365\/wp-content\/litespeed\/avatar\/e571bcf59a0edd6fa6838245a470f2fe.jpg?ver=1776969259","width":96,"height":96,"caption":"admin"}},{"@type":"WebPage","@id":"https:\/\/eldigitaldeasturias.com\/magazine365\/un-gorrino-encarnado-y-rellenito-el-pin-del-cocido-de-lalin\/#webpage","url":"https:\/\/eldigitaldeasturias.com\/magazine365\/un-gorrino-encarnado-y-rellenito-el-pin-del-cocido-de-lalin\/","name":"Un gorrino encarnado y rellenito, el \u2018pin\u2019 del Cocido de Lal\u00edn | El Digital de Asturias","description":"Lal\u00edn (Pontevedra), 11 ene (EFE).- Un gorrino encarnado y de buen ver. Es el dise\u00f1o elegido por la artista Pilar Taboada para el 'pin' que se entregar\u00e1 a los comensales que ocupen cada una de las mesas de los 25 restaurantes que participan en el 16\u00ba Mes del Cocido de Lal\u00edn, desde el pr\u00f3ximo 23","inLanguage":"es-ES","isPartOf":{"@id":"https:\/\/eldigitaldeasturias.com\/magazine365\/#website"},"breadcrumb":{"@id":"https:\/\/eldigitaldeasturias.com\/magazine365\/un-gorrino-encarnado-y-rellenito-el-pin-del-cocido-de-lalin\/#breadcrumblist"},"author":{"@id":"https:\/\/eldigitaldeasturias.com\/magazine365\/author\/admin\/#author"},"creator":{"@id":"https:\/\/eldigitaldeasturias.com\/magazine365\/author\/admin\/#author"},"image":{"@type":"ImageObject","url":"https:\/\/eldigitaldeasturias.com\/magazine365\/wp-content\/uploads\/2014\/01\/5842779w.jpg","@id":"https:\/\/eldigitaldeasturias.com\/magazine365\/un-gorrino-encarnado-y-rellenito-el-pin-del-cocido-de-lalin\/#mainImage","width":800,"height":533},"primaryImageOfPage":{"@id":"https:\/\/eldigitaldeasturias.com\/magazine365\/un-gorrino-encarnado-y-rellenito-el-pin-del-cocido-de-lalin\/#mainImage"},"datePublished":"2014-01-11T21:42:48+01:00","dateModified":"2014-01-11T21:43:49+01:00"},{"@type":"WebSite","@id":"https:\/\/eldigitaldeasturias.com\/magazine365\/#website","url":"https:\/\/eldigitaldeasturias.com\/magazine365\/","name":"El Digital de Asturias","description":"Revista de ocio, turismo y estilo de vida","inLanguage":"es-ES","publisher":{"@id":"https:\/\/eldigitaldeasturias.com\/magazine365\/#organization"}}]},"og:locale":"es_ES","og:site_name":"El Digital de Asturias \u2013 Revista de ocio, turismo y estilo de vida","og:type":"article","og:title":"Un gorrino encarnado y rellenito, el \u2018pin\u2019 del Cocido de Lal\u00edn | El Digital de Asturias","og:description":"Lal\u00edn (Pontevedra), 11 ene (EFE).- Un gorrino encarnado y de buen ver. Es el dise\u00f1o elegido por la artista Pilar Taboada para el 'pin' que se entregar\u00e1 a los comensales que ocupen cada una de las mesas de los 25 restaurantes que participan en el 16\u00ba Mes del Cocido de Lal\u00edn, desde el pr\u00f3ximo 23","og:url":"https:\/\/eldigitaldeasturias.com\/magazine365\/un-gorrino-encarnado-y-rellenito-el-pin-del-cocido-de-lalin\/","og:image":"https:\/\/eldigitaldeasturias.com\/magazine365\/wp-content\/uploads\/2014\/01\/5842779w.jpg","og:image:secure_url":"https:\/\/eldigitaldeasturias.com\/magazine365\/wp-content\/uploads\/2014\/01\/5842779w.jpg","og:image:width":800,"og:image:height":533,"article:published_time":"2014-01-11T22:42:48+00:00","article:modified_time":"2014-01-11T22:43:49+00:00","twitter:card":"summary_large_image","twitter:title":"Un gorrino encarnado y rellenito, el \u2018pin\u2019 del Cocido de Lal\u00edn | El Digital de Asturias","twitter:description":"Lal\u00edn (Pontevedra), 11 ene (EFE).- Un gorrino encarnado y de buen ver. Es el dise\u00f1o elegido por la artista Pilar Taboada para el 'pin' que se entregar\u00e1 a los comensales que ocupen cada una de las mesas de los 25 restaurantes que participan en el 16\u00ba Mes del Cocido de Lal\u00edn, desde el pr\u00f3ximo 23","twitter:image":"https:\/\/eldigitaldeasturias.com\/magazine365\/wp-content\/uploads\/2014\/01\/5842779w.jpg"},"aioseo_meta_data":{"post_id":"729","title":null,"description":null,"keywords":null,"keyphrases":null,"primary_term":null,"canonical_url":null,"og_title":null,"og_description":null,"og_object_type":"default","og_image_type":"default","og_image_url":null,"og_image_width":null,"og_image_height":null,"og_image_custom_url":null,"og_image_custom_fields":null,"og_video":null,"og_custom_url":null,"og_article_section":null,"og_article_tags":null,"twitter_use_og":false,"twitter_card":"default","twitter_image_type":"default","twitter_image_url":null,"twitter_image_custom_url":null,"twitter_image_custom_fields":null,"twitter_title":null,"twitter_description":null,"schema":{"blockGraphs":[],"customGraphs":[],"default":{"data":{"Article":[],"Course":[],"Dataset":[],"FAQPage":[],"Movie":[],"Person":[],"Product":[],"ProductReview":[],"Car":[],"Recipe":[],"Service":[],"SoftwareApplication":[],"WebPage":[]},"graphName":"","isEnabled":true},"graphs":[],"defaultGraph":"","defaultPostTypeGraph":""},"schema_type":null,"schema_type_options":null,"pillar_content":false,"robots_default":true,"robots_noindex":false,"robots_noarchive":false,"robots_nosnippet":false,"robots_nofollow":false,"robots_noimageindex":false,"robots_noodp":false,"robots_notranslate":false,"robots_max_snippet":null,"robots_max_videopreview":null,"robots_max_imagepreview":"large","priority":null,"frequency":null,"location":null,"local_seo":null,"seo_analyzer_scan_date":"2025-09-16 08:05:15","breadcrumb_settings":null,"limit_modified_date":false,"open_ai":null,"ai":null,"created":"2020-12-21 13:34:33","updated":"2025-09-16 08:05:15"},"aioseo_breadcrumb":"<div class=\"aioseo-breadcrumbs\"><span class=\"aioseo-breadcrumb\">\n\t<a href=\"https:\/\/eldigitaldeasturias.com\/magazine365\" title=\"Home\">Home<\/a>\n<\/span><span class=\"aioseo-breadcrumb-separator\">\u2013<\/span><span class=\"aioseo-breadcrumb\">\n\t<a href=\"https:\/\/eldigitaldeasturias.com\/magazine365\/category\/noticias-actualidad\/\" title=\"Noticias y Actualidad\">Noticias y Actualidad<\/a>\n<\/span><span class=\"aioseo-breadcrumb-separator\">\u2013<\/span><span class=\"aioseo-breadcrumb\">\n\t<a href=\"https:\/\/eldigitaldeasturias.com\/magazine365\/un-gorrino-encarnado-y-rellenito-el-pin-del-cocido-de-lalin\/\" title=\"Un gorrino encarnado y rellenito, el \u2018pin\u2019 del Cocido de Lal\u00edn\">Un gorrino encarnado y rellenito, el \u2018pin\u2019 del Cocido de Lal\u00edn<\/a>\n<\/span><\/div>","aioseo_breadcrumb_json":[{"label":"Home","link":"https:\/\/eldigitaldeasturias.com\/magazine365"},{"label":"Noticias y Actualidad","link":"https:\/\/eldigitaldeasturias.com\/magazine365\/category\/noticias-actualidad\/"},{"label":"Un gorrino encarnado y rellenito, el &#8216;pin&#8217; del Cocido de Lal\u00edn","link":"https:\/\/eldigitaldeasturias.com\/magazine365\/un-gorrino-encarnado-y-rellenito-el-pin-del-cocido-de-lalin\/"}],"_links":{"self":[{"href":"https:\/\/eldigitaldeasturias.com\/magazine365\/wp-json\/wp\/v2\/posts\/729","targetHints":{"allow":["GET"]}}],"collection":[{"href":"https:\/\/eldigitaldeasturias.com\/magazine365\/wp-json\/wp\/v2\/posts"}],"about":[{"href":"https:\/\/eldigitaldeasturias.com\/magazine365\/wp-json\/wp\/v2\/types\/post"}],"author":[{"embeddable":true,"href":"https:\/\/eldigitaldeasturias.com\/magazine365\/wp-json\/wp\/v2\/users\/1"}],"replies":[{"embeddable":true,"href":"https:\/\/eldigitaldeasturias.com\/magazine365\/wp-json\/wp\/v2\/comments?post=729"}],"version-history":[{"count":0,"href":"https:\/\/eldigitaldeasturias.com\/magazine365\/wp-json\/wp\/v2\/posts\/729\/revisions"}],"wp:featuredmedia":[{"embeddable":true,"href":"https:\/\/eldigitaldeasturias.com\/magazine365\/wp-json\/wp\/v2\/media\/730"}],"wp:attachment":[{"href":"https:\/\/eldigitaldeasturias.com\/magazine365\/wp-json\/wp\/v2\/media?parent=729"}],"wp:term":[{"taxonomy":"category","embeddable":true,"href":"https:\/\/eldigitaldeasturias.com\/magazine365\/wp-json\/wp\/v2\/categories?post=729"},{"taxonomy":"post_tag","embeddable":true,"href":"https:\/\/eldigitaldeasturias.com\/magazine365\/wp-json\/wp\/v2\/tags?post=729"}],"curies":[{"name":"wp","href":"https:\/\/api.w.org\/{rel}","templated":true}]}}