{"id":714,"date":"2014-01-11T21:31:51","date_gmt":"2014-01-11T22:31:51","guid":{"rendered":"http:\/\/eldigitaldeasturias.com\/magazine365\/?p=714"},"modified":"2014-01-11T21:31:51","modified_gmt":"2014-01-11T22:31:51","slug":"lucero-se-margina-del-festival-de-vina-del-mar-por-el-escandalo-de-sus-fotos-de-caza","status":"publish","type":"post","link":"https:\/\/eldigitaldeasturias.com\/magazine365\/lucero-se-margina-del-festival-de-vina-del-mar-por-el-escandalo-de-sus-fotos-de-caza\/","title":{"rendered":"Lucero se margina del Festival de Vi\u00f1a del Mar por el esc\u00e1ndalo de sus fotos de caza"},"content":{"rendered":"<p><img fetchpriority=\"high\" decoding=\"async\" class=\"alignleft size-medium wp-image-715\" alt=\"5842564w\" src=\"https:\/\/eldigitaldeasturias.com\/magazine365\/wp-content\/uploads\/2014\/01\/5842564w-360x243.jpg\" width=\"360\" height=\"243\" \/>Santiago de Chile, 11 ene (EFE).- La artista mexicana Lucero cancel\u00f3 su participaci\u00f3n en el Festival de Vi\u00f1a del Mar 2014, debido al esc\u00e1ndalo que desat\u00f3 la publicaci\u00f3n de unas fotos de la artista junto a animales muertos, inform\u00f3 la cadena televisiva Chilevisi\u00f3n.<\/p>\n<p>\u00abEn nombre del Festival Internacional de la Canci\u00f3n de Vi\u00f1a del Mar, queremos informar que la cantante y actriz Lucero ha decidido cancelar su participaci\u00f3n en la pr\u00f3xima edici\u00f3n del certamen\u00bb, dijo en un comunicado Chilevisi\u00f3n, encargada de la transmisi\u00f3n del evento.<\/p>\n<p>\u00abEl motivo de esta decisi\u00f3n nos fue expuesto por el manager de la cantante, Ernesto Fern\u00e1ndez. La raz\u00f3n es el revuelo medi\u00e1tico originado por la publicaci\u00f3n de fotograf\u00edas de la vida privada de la artista, que &#8216;han puesto en riesgo la seguridad y su imagen p\u00fablica'\u00bb, a\u00f1adi\u00f3 la nota de prensa.<\/p>\n<p>Lucero deb\u00eda participar en el certamen, que se realizar\u00e1 entre el 23 y 28 de febrero, como jurado y parte del show internacional.<\/p>\n<p>Sin embargo, las fotos publicadas por una revista mexicana que mostraban a la artista y su pareja posando junto a una cabra mont\u00e9s muerta desat\u00f3 una fuerte pol\u00e9mica tanto en su pa\u00eds como en el resto de Latinoam\u00e9rica a trav\u00e9s de la prensa y redes sociales.<\/p>\n<p>\u00abLamentamos todo lo sucedido, ya que nuestra misi\u00f3n es trabajar por engrandecer el mejor evento musical de habla hispana, y entendemos que estos hechos est\u00e1n ajenos al quehacer art\u00edstico que nos convoca\u00bb, dijo el canal, que organiza el festival junto a la municipalidad de Vi\u00f1a del Mar.<\/p>\n<p>Chilevisi\u00f3n se\u00f1al\u00f3 que en los pr\u00f3ximos d\u00edas se dar\u00e1 a conocer a un nuevo integrante para el jurado, as\u00ed como un show de cierre para el d\u00eda martes 25 de febrero, fecha en que se deb\u00eda presentar Lucero.<\/p>\n","protected":false},"excerpt":{"rendered":"<p>Santiago de Chile, 11 ene (EFE).- La artista mexicana Lucero cancel\u00f3 su participaci\u00f3n en el Festival de Vi\u00f1a del Mar 2014, debido al esc\u00e1ndalo que desat\u00f3 la publicaci\u00f3n de unas fotos de la artista junto a animales muertos, inform\u00f3 la cadena televisiva Chilevisi\u00f3n. \u00abEn nombre del Festival Internacional de la Canci\u00f3n de Vi\u00f1a del Mar,<\/p>\n","protected":false},"author":1,"featured_media":715,"comment_status":"open","ping_status":"open","sticky":false,"template":"","format":"standard","meta":{"footnotes":""},"categories":[224],"tags":[],"class_list":{"0":"post-714","1":"post","2":"type-post","3":"status-publish","4":"format-standard","5":"has-post-thumbnail","7":"category-noticias-actualidad"},"aioseo_notices":[],"aioseo_head":"\n\t\t<!-- All in One SEO Pro 4.9.6.1 - aioseo.com -->\n\t<meta name=\"description\" content=\"Santiago de Chile, 11 ene (EFE).- La artista mexicana Lucero cancel\u00f3 su participaci\u00f3n en el Festival de Vi\u00f1a del Mar 2014, debido al esc\u00e1ndalo que desat\u00f3 la publicaci\u00f3n de unas fotos de la artista junto a animales muertos, inform\u00f3 la cadena televisiva Chilevisi\u00f3n. &quot;En nombre del Festival Internacional de la Canci\u00f3n de Vi\u00f1a del Mar,\" \/>\n\t<meta name=\"robots\" content=\"max-image-preview:large\" \/>\n\t<meta name=\"author\" content=\"admin\"\/>\n\t<meta name=\"google-site-verification\" content=\"UA-38556648-1\" \/>\n\t<meta name=\"keywords\" content=\"noticias y actualidad\" \/>\n\t<link rel=\"canonical\" href=\"https:\/\/eldigitaldeasturias.com\/magazine365\/lucero-se-margina-del-festival-de-vina-del-mar-por-el-escandalo-de-sus-fotos-de-caza\/\" \/>\n\t<meta name=\"generator\" content=\"All in One SEO Pro (AIOSEO) 4.9.6.1\" \/>\n\t\t<meta property=\"og:locale\" content=\"es_ES\" \/>\n\t\t<meta property=\"og:site_name\" content=\"El Digital de Asturias \u2013 Revista de ocio, turismo y estilo de vida\" \/>\n\t\t<meta property=\"og:type\" content=\"article\" \/>\n\t\t<meta property=\"og:title\" content=\"Lucero se margina del Festival de Vi\u00f1a del Mar por el esc\u00e1ndalo de sus fotos de caza | El Digital de Asturias\" \/>\n\t\t<meta property=\"og:description\" content=\"Santiago de Chile, 11 ene (EFE).- La artista mexicana Lucero cancel\u00f3 su participaci\u00f3n en el Festival de Vi\u00f1a del Mar 2014, debido al esc\u00e1ndalo que desat\u00f3 la publicaci\u00f3n de unas fotos de la artista junto a animales muertos, inform\u00f3 la cadena televisiva Chilevisi\u00f3n. &quot;En nombre del Festival Internacional de la Canci\u00f3n de Vi\u00f1a del Mar,\" \/>\n\t\t<meta property=\"og:url\" content=\"https:\/\/eldigitaldeasturias.com\/magazine365\/lucero-se-margina-del-festival-de-vina-del-mar-por-el-escandalo-de-sus-fotos-de-caza\/\" \/>\n\t\t<meta property=\"og:image\" content=\"https:\/\/eldigitaldeasturias.com\/magazine365\/wp-content\/uploads\/2014\/01\/5842564w.jpg\" \/>\n\t\t<meta property=\"og:image:secure_url\" content=\"https:\/\/eldigitaldeasturias.com\/magazine365\/wp-content\/uploads\/2014\/01\/5842564w.jpg\" \/>\n\t\t<meta property=\"og:image:width\" content=\"800\" \/>\n\t\t<meta property=\"og:image:height\" content=\"542\" \/>\n\t\t<meta property=\"article:published_time\" content=\"2014-01-11T22:31:51+00:00\" \/>\n\t\t<meta property=\"article:modified_time\" content=\"2014-01-11T22:31:51+00:00\" \/>\n\t\t<meta name=\"twitter:card\" content=\"summary_large_image\" \/>\n\t\t<meta name=\"twitter:title\" content=\"Lucero se margina del Festival de Vi\u00f1a del Mar por el esc\u00e1ndalo de sus fotos de caza | El Digital de Asturias\" \/>\n\t\t<meta name=\"twitter:description\" content=\"Santiago de Chile, 11 ene (EFE).- La artista mexicana Lucero cancel\u00f3 su participaci\u00f3n en el Festival de Vi\u00f1a del Mar 2014, debido al esc\u00e1ndalo que desat\u00f3 la publicaci\u00f3n de unas fotos de la artista junto a animales muertos, inform\u00f3 la cadena televisiva Chilevisi\u00f3n. &quot;En nombre del Festival Internacional de la Canci\u00f3n de Vi\u00f1a del Mar,\" \/>\n\t\t<meta name=\"twitter:image\" content=\"https:\/\/eldigitaldeasturias.com\/magazine365\/wp-content\/uploads\/2014\/01\/5842564w.jpg\" \/>\n\t\t<script type=\"application\/ld+json\" class=\"aioseo-schema\">\n\t\t\t{\"@context\":\"https:\\\/\\\/schema.org\",\"@graph\":[{\"@type\":\"Article\",\"@id\":\"https:\\\/\\\/eldigitaldeasturias.com\\\/magazine365\\\/lucero-se-margina-del-festival-de-vina-del-mar-por-el-escandalo-de-sus-fotos-de-caza\\\/#article\",\"name\":\"Lucero se margina del Festival de Vi\\u00f1a del Mar por el esc\\u00e1ndalo de sus fotos de caza | El Digital de Asturias\",\"headline\":\"Lucero se margina del Festival de Vi\\u00f1a del Mar por el esc\\u00e1ndalo de sus fotos de caza\",\"author\":{\"@id\":\"https:\\\/\\\/eldigitaldeasturias.com\\\/magazine365\\\/author\\\/admin\\\/#author\"},\"publisher\":{\"@id\":\"https:\\\/\\\/eldigitaldeasturias.com\\\/magazine365\\\/#organization\"},\"image\":{\"@type\":\"ImageObject\",\"url\":\"https:\\\/\\\/eldigitaldeasturias.com\\\/magazine365\\\/wp-content\\\/uploads\\\/2014\\\/01\\\/5842564w.jpg\",\"width\":800,\"height\":542},\"datePublished\":\"2014-01-11T21:31:51+01:00\",\"dateModified\":\"2014-01-11T21:31:51+01:00\",\"inLanguage\":\"es-ES\",\"mainEntityOfPage\":{\"@id\":\"https:\\\/\\\/eldigitaldeasturias.com\\\/magazine365\\\/lucero-se-margina-del-festival-de-vina-del-mar-por-el-escandalo-de-sus-fotos-de-caza\\\/#webpage\"},\"isPartOf\":{\"@id\":\"https:\\\/\\\/eldigitaldeasturias.com\\\/magazine365\\\/lucero-se-margina-del-festival-de-vina-del-mar-por-el-escandalo-de-sus-fotos-de-caza\\\/#webpage\"},\"articleSection\":\"Noticias y Actualidad\"},{\"@type\":\"BreadcrumbList\",\"@id\":\"https:\\\/\\\/eldigitaldeasturias.com\\\/magazine365\\\/lucero-se-margina-del-festival-de-vina-del-mar-por-el-escandalo-de-sus-fotos-de-caza\\\/#breadcrumblist\",\"itemListElement\":[{\"@type\":\"ListItem\",\"@id\":\"https:\\\/\\\/eldigitaldeasturias.com\\\/magazine365#listItem\",\"position\":1,\"name\":\"Home\",\"item\":\"https:\\\/\\\/eldigitaldeasturias.com\\\/magazine365\",\"nextItem\":{\"@type\":\"ListItem\",\"@id\":\"https:\\\/\\\/eldigitaldeasturias.com\\\/magazine365\\\/category\\\/noticias-actualidad\\\/#listItem\",\"name\":\"Noticias y Actualidad\"}},{\"@type\":\"ListItem\",\"@id\":\"https:\\\/\\\/eldigitaldeasturias.com\\\/magazine365\\\/category\\\/noticias-actualidad\\\/#listItem\",\"position\":2,\"name\":\"Noticias y Actualidad\",\"item\":\"https:\\\/\\\/eldigitaldeasturias.com\\\/magazine365\\\/category\\\/noticias-actualidad\\\/\",\"nextItem\":{\"@type\":\"ListItem\",\"@id\":\"https:\\\/\\\/eldigitaldeasturias.com\\\/magazine365\\\/lucero-se-margina-del-festival-de-vina-del-mar-por-el-escandalo-de-sus-fotos-de-caza\\\/#listItem\",\"name\":\"Lucero se margina del Festival de Vi\\u00f1a del Mar por el esc\\u00e1ndalo de sus fotos de caza\"},\"previousItem\":{\"@type\":\"ListItem\",\"@id\":\"https:\\\/\\\/eldigitaldeasturias.com\\\/magazine365#listItem\",\"name\":\"Home\"}},{\"@type\":\"ListItem\",\"@id\":\"https:\\\/\\\/eldigitaldeasturias.com\\\/magazine365\\\/lucero-se-margina-del-festival-de-vina-del-mar-por-el-escandalo-de-sus-fotos-de-caza\\\/#listItem\",\"position\":3,\"name\":\"Lucero se margina del Festival de Vi\\u00f1a del Mar por el esc\\u00e1ndalo de sus fotos de caza\",\"previousItem\":{\"@type\":\"ListItem\",\"@id\":\"https:\\\/\\\/eldigitaldeasturias.com\\\/magazine365\\\/category\\\/noticias-actualidad\\\/#listItem\",\"name\":\"Noticias y Actualidad\"}}]},{\"@type\":\"Organization\",\"@id\":\"https:\\\/\\\/eldigitaldeasturias.com\\\/magazine365\\\/#organization\",\"name\":\"El digital de Asturias\",\"description\":\"Revista de ocio, turismo y estilo de vida\",\"url\":\"https:\\\/\\\/eldigitaldeasturias.com\\\/magazine365\\\/\",\"logo\":{\"@type\":\"ImageObject\",\"url\":\"https:\\\/\\\/www.eldigitaldeasturias.com\\\/noticias\\\/wp-content\\\/uploads\\\/2020\\\/12\\\/EDA.jpg\",\"@id\":\"https:\\\/\\\/eldigitaldeasturias.com\\\/magazine365\\\/lucero-se-margina-del-festival-de-vina-del-mar-por-el-escandalo-de-sus-fotos-de-caza\\\/#organizationLogo\"},\"image\":{\"@id\":\"https:\\\/\\\/eldigitaldeasturias.com\\\/magazine365\\\/lucero-se-margina-del-festival-de-vina-del-mar-por-el-escandalo-de-sus-fotos-de-caza\\\/#organizationLogo\"}},{\"@type\":\"Person\",\"@id\":\"https:\\\/\\\/eldigitaldeasturias.com\\\/magazine365\\\/author\\\/admin\\\/#author\",\"url\":\"https:\\\/\\\/eldigitaldeasturias.com\\\/magazine365\\\/author\\\/admin\\\/\",\"name\":\"admin\",\"image\":{\"@type\":\"ImageObject\",\"@id\":\"https:\\\/\\\/eldigitaldeasturias.com\\\/magazine365\\\/lucero-se-margina-del-festival-de-vina-del-mar-por-el-escandalo-de-sus-fotos-de-caza\\\/#authorImage\",\"url\":\"https:\\\/\\\/eldigitaldeasturias.com\\\/magazine365\\\/wp-content\\\/litespeed\\\/avatar\\\/e571bcf59a0edd6fa6838245a470f2fe.jpg?ver=1776969259\",\"width\":96,\"height\":96,\"caption\":\"admin\"}},{\"@type\":\"WebPage\",\"@id\":\"https:\\\/\\\/eldigitaldeasturias.com\\\/magazine365\\\/lucero-se-margina-del-festival-de-vina-del-mar-por-el-escandalo-de-sus-fotos-de-caza\\\/#webpage\",\"url\":\"https:\\\/\\\/eldigitaldeasturias.com\\\/magazine365\\\/lucero-se-margina-del-festival-de-vina-del-mar-por-el-escandalo-de-sus-fotos-de-caza\\\/\",\"name\":\"Lucero se margina del Festival de Vi\\u00f1a del Mar por el esc\\u00e1ndalo de sus fotos de caza | El Digital de Asturias\",\"description\":\"Santiago de Chile, 11 ene (EFE).- La artista mexicana Lucero cancel\\u00f3 su participaci\\u00f3n en el Festival de Vi\\u00f1a del Mar 2014, debido al esc\\u00e1ndalo que desat\\u00f3 la publicaci\\u00f3n de unas fotos de la artista junto a animales muertos, inform\\u00f3 la cadena televisiva Chilevisi\\u00f3n. \\\"En nombre del Festival Internacional de la Canci\\u00f3n de Vi\\u00f1a del Mar,\",\"inLanguage\":\"es-ES\",\"isPartOf\":{\"@id\":\"https:\\\/\\\/eldigitaldeasturias.com\\\/magazine365\\\/#website\"},\"breadcrumb\":{\"@id\":\"https:\\\/\\\/eldigitaldeasturias.com\\\/magazine365\\\/lucero-se-margina-del-festival-de-vina-del-mar-por-el-escandalo-de-sus-fotos-de-caza\\\/#breadcrumblist\"},\"author\":{\"@id\":\"https:\\\/\\\/eldigitaldeasturias.com\\\/magazine365\\\/author\\\/admin\\\/#author\"},\"creator\":{\"@id\":\"https:\\\/\\\/eldigitaldeasturias.com\\\/magazine365\\\/author\\\/admin\\\/#author\"},\"image\":{\"@type\":\"ImageObject\",\"url\":\"https:\\\/\\\/eldigitaldeasturias.com\\\/magazine365\\\/wp-content\\\/uploads\\\/2014\\\/01\\\/5842564w.jpg\",\"@id\":\"https:\\\/\\\/eldigitaldeasturias.com\\\/magazine365\\\/lucero-se-margina-del-festival-de-vina-del-mar-por-el-escandalo-de-sus-fotos-de-caza\\\/#mainImage\",\"width\":800,\"height\":542},\"primaryImageOfPage\":{\"@id\":\"https:\\\/\\\/eldigitaldeasturias.com\\\/magazine365\\\/lucero-se-margina-del-festival-de-vina-del-mar-por-el-escandalo-de-sus-fotos-de-caza\\\/#mainImage\"},\"datePublished\":\"2014-01-11T21:31:51+01:00\",\"dateModified\":\"2014-01-11T21:31:51+01:00\"},{\"@type\":\"WebSite\",\"@id\":\"https:\\\/\\\/eldigitaldeasturias.com\\\/magazine365\\\/#website\",\"url\":\"https:\\\/\\\/eldigitaldeasturias.com\\\/magazine365\\\/\",\"name\":\"El Digital de Asturias\",\"description\":\"Revista de ocio, turismo y estilo de vida\",\"inLanguage\":\"es-ES\",\"publisher\":{\"@id\":\"https:\\\/\\\/eldigitaldeasturias.com\\\/magazine365\\\/#organization\"}}]}\n\t\t<\/script>\n\t\t<!-- All in One SEO Pro -->\r\n\t\t<title>Lucero se margina del Festival de Vi\u00f1a del Mar por el esc\u00e1ndalo de sus fotos de caza | El Digital de Asturias<\/title>\n\n","aioseo_head_json":{"title":"Lucero se margina del Festival de Vi\u00f1a del Mar por el esc\u00e1ndalo de sus fotos de caza | El Digital de Asturias","description":"Santiago de Chile, 11 ene (EFE).- La artista mexicana Lucero cancel\u00f3 su participaci\u00f3n en el Festival de Vi\u00f1a del Mar 2014, debido al esc\u00e1ndalo que desat\u00f3 la publicaci\u00f3n de unas fotos de la artista junto a animales muertos, inform\u00f3 la cadena televisiva Chilevisi\u00f3n. \"En nombre del Festival Internacional de la Canci\u00f3n de Vi\u00f1a del Mar,","canonical_url":"https:\/\/eldigitaldeasturias.com\/magazine365\/lucero-se-margina-del-festival-de-vina-del-mar-por-el-escandalo-de-sus-fotos-de-caza\/","robots":"max-image-preview:large","keywords":"noticias y actualidad","webmasterTools":{"google-site-verification":"UA-38556648-1","miscellaneous":""},"schema":{"@context":"https:\/\/schema.org","@graph":[{"@type":"Article","@id":"https:\/\/eldigitaldeasturias.com\/magazine365\/lucero-se-margina-del-festival-de-vina-del-mar-por-el-escandalo-de-sus-fotos-de-caza\/#article","name":"Lucero se margina del Festival de Vi\u00f1a del Mar por el esc\u00e1ndalo de sus fotos de caza | El Digital de Asturias","headline":"Lucero se margina del Festival de Vi\u00f1a del Mar por el esc\u00e1ndalo de sus fotos de caza","author":{"@id":"https:\/\/eldigitaldeasturias.com\/magazine365\/author\/admin\/#author"},"publisher":{"@id":"https:\/\/eldigitaldeasturias.com\/magazine365\/#organization"},"image":{"@type":"ImageObject","url":"https:\/\/eldigitaldeasturias.com\/magazine365\/wp-content\/uploads\/2014\/01\/5842564w.jpg","width":800,"height":542},"datePublished":"2014-01-11T21:31:51+01:00","dateModified":"2014-01-11T21:31:51+01:00","inLanguage":"es-ES","mainEntityOfPage":{"@id":"https:\/\/eldigitaldeasturias.com\/magazine365\/lucero-se-margina-del-festival-de-vina-del-mar-por-el-escandalo-de-sus-fotos-de-caza\/#webpage"},"isPartOf":{"@id":"https:\/\/eldigitaldeasturias.com\/magazine365\/lucero-se-margina-del-festival-de-vina-del-mar-por-el-escandalo-de-sus-fotos-de-caza\/#webpage"},"articleSection":"Noticias y Actualidad"},{"@type":"BreadcrumbList","@id":"https:\/\/eldigitaldeasturias.com\/magazine365\/lucero-se-margina-del-festival-de-vina-del-mar-por-el-escandalo-de-sus-fotos-de-caza\/#breadcrumblist","itemListElement":[{"@type":"ListItem","@id":"https:\/\/eldigitaldeasturias.com\/magazine365#listItem","position":1,"name":"Home","item":"https:\/\/eldigitaldeasturias.com\/magazine365","nextItem":{"@type":"ListItem","@id":"https:\/\/eldigitaldeasturias.com\/magazine365\/category\/noticias-actualidad\/#listItem","name":"Noticias y Actualidad"}},{"@type":"ListItem","@id":"https:\/\/eldigitaldeasturias.com\/magazine365\/category\/noticias-actualidad\/#listItem","position":2,"name":"Noticias y Actualidad","item":"https:\/\/eldigitaldeasturias.com\/magazine365\/category\/noticias-actualidad\/","nextItem":{"@type":"ListItem","@id":"https:\/\/eldigitaldeasturias.com\/magazine365\/lucero-se-margina-del-festival-de-vina-del-mar-por-el-escandalo-de-sus-fotos-de-caza\/#listItem","name":"Lucero se margina del Festival de Vi\u00f1a del Mar por el esc\u00e1ndalo de sus fotos de caza"},"previousItem":{"@type":"ListItem","@id":"https:\/\/eldigitaldeasturias.com\/magazine365#listItem","name":"Home"}},{"@type":"ListItem","@id":"https:\/\/eldigitaldeasturias.com\/magazine365\/lucero-se-margina-del-festival-de-vina-del-mar-por-el-escandalo-de-sus-fotos-de-caza\/#listItem","position":3,"name":"Lucero se margina del Festival de Vi\u00f1a del Mar por el esc\u00e1ndalo de sus fotos de caza","previousItem":{"@type":"ListItem","@id":"https:\/\/eldigitaldeasturias.com\/magazine365\/category\/noticias-actualidad\/#listItem","name":"Noticias y Actualidad"}}]},{"@type":"Organization","@id":"https:\/\/eldigitaldeasturias.com\/magazine365\/#organization","name":"El digital de Asturias","description":"Revista de ocio, turismo y estilo de vida","url":"https:\/\/eldigitaldeasturias.com\/magazine365\/","logo":{"@type":"ImageObject","url":"https:\/\/www.eldigitaldeasturias.com\/noticias\/wp-content\/uploads\/2020\/12\/EDA.jpg","@id":"https:\/\/eldigitaldeasturias.com\/magazine365\/lucero-se-margina-del-festival-de-vina-del-mar-por-el-escandalo-de-sus-fotos-de-caza\/#organizationLogo"},"image":{"@id":"https:\/\/eldigitaldeasturias.com\/magazine365\/lucero-se-margina-del-festival-de-vina-del-mar-por-el-escandalo-de-sus-fotos-de-caza\/#organizationLogo"}},{"@type":"Person","@id":"https:\/\/eldigitaldeasturias.com\/magazine365\/author\/admin\/#author","url":"https:\/\/eldigitaldeasturias.com\/magazine365\/author\/admin\/","name":"admin","image":{"@type":"ImageObject","@id":"https:\/\/eldigitaldeasturias.com\/magazine365\/lucero-se-margina-del-festival-de-vina-del-mar-por-el-escandalo-de-sus-fotos-de-caza\/#authorImage","url":"https:\/\/eldigitaldeasturias.com\/magazine365\/wp-content\/litespeed\/avatar\/e571bcf59a0edd6fa6838245a470f2fe.jpg?ver=1776969259","width":96,"height":96,"caption":"admin"}},{"@type":"WebPage","@id":"https:\/\/eldigitaldeasturias.com\/magazine365\/lucero-se-margina-del-festival-de-vina-del-mar-por-el-escandalo-de-sus-fotos-de-caza\/#webpage","url":"https:\/\/eldigitaldeasturias.com\/magazine365\/lucero-se-margina-del-festival-de-vina-del-mar-por-el-escandalo-de-sus-fotos-de-caza\/","name":"Lucero se margina del Festival de Vi\u00f1a del Mar por el esc\u00e1ndalo de sus fotos de caza | El Digital de Asturias","description":"Santiago de Chile, 11 ene (EFE).- La artista mexicana Lucero cancel\u00f3 su participaci\u00f3n en el Festival de Vi\u00f1a del Mar 2014, debido al esc\u00e1ndalo que desat\u00f3 la publicaci\u00f3n de unas fotos de la artista junto a animales muertos, inform\u00f3 la cadena televisiva Chilevisi\u00f3n. \"En nombre del Festival Internacional de la Canci\u00f3n de Vi\u00f1a del Mar,","inLanguage":"es-ES","isPartOf":{"@id":"https:\/\/eldigitaldeasturias.com\/magazine365\/#website"},"breadcrumb":{"@id":"https:\/\/eldigitaldeasturias.com\/magazine365\/lucero-se-margina-del-festival-de-vina-del-mar-por-el-escandalo-de-sus-fotos-de-caza\/#breadcrumblist"},"author":{"@id":"https:\/\/eldigitaldeasturias.com\/magazine365\/author\/admin\/#author"},"creator":{"@id":"https:\/\/eldigitaldeasturias.com\/magazine365\/author\/admin\/#author"},"image":{"@type":"ImageObject","url":"https:\/\/eldigitaldeasturias.com\/magazine365\/wp-content\/uploads\/2014\/01\/5842564w.jpg","@id":"https:\/\/eldigitaldeasturias.com\/magazine365\/lucero-se-margina-del-festival-de-vina-del-mar-por-el-escandalo-de-sus-fotos-de-caza\/#mainImage","width":800,"height":542},"primaryImageOfPage":{"@id":"https:\/\/eldigitaldeasturias.com\/magazine365\/lucero-se-margina-del-festival-de-vina-del-mar-por-el-escandalo-de-sus-fotos-de-caza\/#mainImage"},"datePublished":"2014-01-11T21:31:51+01:00","dateModified":"2014-01-11T21:31:51+01:00"},{"@type":"WebSite","@id":"https:\/\/eldigitaldeasturias.com\/magazine365\/#website","url":"https:\/\/eldigitaldeasturias.com\/magazine365\/","name":"El Digital de Asturias","description":"Revista de ocio, turismo y estilo de vida","inLanguage":"es-ES","publisher":{"@id":"https:\/\/eldigitaldeasturias.com\/magazine365\/#organization"}}]},"og:locale":"es_ES","og:site_name":"El Digital de Asturias \u2013 Revista de ocio, turismo y estilo de vida","og:type":"article","og:title":"Lucero se margina del Festival de Vi\u00f1a del Mar por el esc\u00e1ndalo de sus fotos de caza | El Digital de Asturias","og:description":"Santiago de Chile, 11 ene (EFE).- La artista mexicana Lucero cancel\u00f3 su participaci\u00f3n en el Festival de Vi\u00f1a del Mar 2014, debido al esc\u00e1ndalo que desat\u00f3 la publicaci\u00f3n de unas fotos de la artista junto a animales muertos, inform\u00f3 la cadena televisiva Chilevisi\u00f3n. &quot;En nombre del Festival Internacional de la Canci\u00f3n de Vi\u00f1a del Mar,","og:url":"https:\/\/eldigitaldeasturias.com\/magazine365\/lucero-se-margina-del-festival-de-vina-del-mar-por-el-escandalo-de-sus-fotos-de-caza\/","og:image":"https:\/\/eldigitaldeasturias.com\/magazine365\/wp-content\/uploads\/2014\/01\/5842564w.jpg","og:image:secure_url":"https:\/\/eldigitaldeasturias.com\/magazine365\/wp-content\/uploads\/2014\/01\/5842564w.jpg","og:image:width":800,"og:image:height":542,"article:published_time":"2014-01-11T22:31:51+00:00","article:modified_time":"2014-01-11T22:31:51+00:00","twitter:card":"summary_large_image","twitter:title":"Lucero se margina del Festival de Vi\u00f1a del Mar por el esc\u00e1ndalo de sus fotos de caza | El Digital de Asturias","twitter:description":"Santiago de Chile, 11 ene (EFE).- La artista mexicana Lucero cancel\u00f3 su participaci\u00f3n en el Festival de Vi\u00f1a del Mar 2014, debido al esc\u00e1ndalo que desat\u00f3 la publicaci\u00f3n de unas fotos de la artista junto a animales muertos, inform\u00f3 la cadena televisiva Chilevisi\u00f3n. &quot;En nombre del Festival Internacional de la Canci\u00f3n de Vi\u00f1a del Mar,","twitter:image":"https:\/\/eldigitaldeasturias.com\/magazine365\/wp-content\/uploads\/2014\/01\/5842564w.jpg"},"aioseo_meta_data":{"post_id":"714","title":null,"description":null,"keywords":null,"keyphrases":null,"primary_term":null,"canonical_url":null,"og_title":null,"og_description":null,"og_object_type":"default","og_image_type":"default","og_image_url":null,"og_image_width":null,"og_image_height":null,"og_image_custom_url":null,"og_image_custom_fields":null,"og_video":null,"og_custom_url":null,"og_article_section":null,"og_article_tags":null,"twitter_use_og":false,"twitter_card":"default","twitter_image_type":"default","twitter_image_url":null,"twitter_image_custom_url":null,"twitter_image_custom_fields":null,"twitter_title":null,"twitter_description":null,"schema":{"blockGraphs":[],"customGraphs":[],"default":{"data":{"Article":[],"Course":[],"Dataset":[],"FAQPage":[],"Movie":[],"Person":[],"Product":[],"ProductReview":[],"Car":[],"Recipe":[],"Service":[],"SoftwareApplication":[],"WebPage":[]},"graphName":"","isEnabled":true},"graphs":[],"defaultGraph":"","defaultPostTypeGraph":""},"schema_type":null,"schema_type_options":null,"pillar_content":false,"robots_default":true,"robots_noindex":false,"robots_noarchive":false,"robots_nosnippet":false,"robots_nofollow":false,"robots_noimageindex":false,"robots_noodp":false,"robots_notranslate":false,"robots_max_snippet":null,"robots_max_videopreview":null,"robots_max_imagepreview":"large","priority":null,"frequency":null,"location":null,"local_seo":null,"seo_analyzer_scan_date":"2025-09-16 08:03:10","breadcrumb_settings":null,"limit_modified_date":false,"open_ai":null,"ai":null,"created":"2020-12-21 13:34:33","updated":"2025-09-16 08:03:10"},"aioseo_breadcrumb":"<div class=\"aioseo-breadcrumbs\"><span class=\"aioseo-breadcrumb\">\n\t<a href=\"https:\/\/eldigitaldeasturias.com\/magazine365\" title=\"Home\">Home<\/a>\n<\/span><span class=\"aioseo-breadcrumb-separator\">\u2013<\/span><span class=\"aioseo-breadcrumb\">\n\t<a href=\"https:\/\/eldigitaldeasturias.com\/magazine365\/category\/noticias-actualidad\/\" title=\"Noticias y Actualidad\">Noticias y Actualidad<\/a>\n<\/span><span class=\"aioseo-breadcrumb-separator\">\u2013<\/span><span class=\"aioseo-breadcrumb\">\n\t<a href=\"https:\/\/eldigitaldeasturias.com\/magazine365\/lucero-se-margina-del-festival-de-vina-del-mar-por-el-escandalo-de-sus-fotos-de-caza\/\" title=\"Lucero se margina del Festival de Vi\u00f1a del Mar por el esc\u00e1ndalo de sus fotos de caza\">Lucero se margina del Festival de Vi\u00f1a del Mar por el esc\u00e1ndalo de sus fotos de caza<\/a>\n<\/span><\/div>","aioseo_breadcrumb_json":[{"label":"Home","link":"https:\/\/eldigitaldeasturias.com\/magazine365"},{"label":"Noticias y Actualidad","link":"https:\/\/eldigitaldeasturias.com\/magazine365\/category\/noticias-actualidad\/"},{"label":"Lucero se margina del Festival de Vi\u00f1a del Mar por el esc\u00e1ndalo de sus fotos de caza","link":"https:\/\/eldigitaldeasturias.com\/magazine365\/lucero-se-margina-del-festival-de-vina-del-mar-por-el-escandalo-de-sus-fotos-de-caza\/"}],"_links":{"self":[{"href":"https:\/\/eldigitaldeasturias.com\/magazine365\/wp-json\/wp\/v2\/posts\/714","targetHints":{"allow":["GET"]}}],"collection":[{"href":"https:\/\/eldigitaldeasturias.com\/magazine365\/wp-json\/wp\/v2\/posts"}],"about":[{"href":"https:\/\/eldigitaldeasturias.com\/magazine365\/wp-json\/wp\/v2\/types\/post"}],"author":[{"embeddable":true,"href":"https:\/\/eldigitaldeasturias.com\/magazine365\/wp-json\/wp\/v2\/users\/1"}],"replies":[{"embeddable":true,"href":"https:\/\/eldigitaldeasturias.com\/magazine365\/wp-json\/wp\/v2\/comments?post=714"}],"version-history":[{"count":0,"href":"https:\/\/eldigitaldeasturias.com\/magazine365\/wp-json\/wp\/v2\/posts\/714\/revisions"}],"wp:featuredmedia":[{"embeddable":true,"href":"https:\/\/eldigitaldeasturias.com\/magazine365\/wp-json\/wp\/v2\/media\/715"}],"wp:attachment":[{"href":"https:\/\/eldigitaldeasturias.com\/magazine365\/wp-json\/wp\/v2\/media?parent=714"}],"wp:term":[{"taxonomy":"category","embeddable":true,"href":"https:\/\/eldigitaldeasturias.com\/magazine365\/wp-json\/wp\/v2\/categories?post=714"},{"taxonomy":"post_tag","embeddable":true,"href":"https:\/\/eldigitaldeasturias.com\/magazine365\/wp-json\/wp\/v2\/tags?post=714"}],"curies":[{"name":"wp","href":"https:\/\/api.w.org\/{rel}","templated":true}]}}