{"id":711,"date":"2014-01-11T21:30:42","date_gmt":"2014-01-11T22:30:42","guid":{"rendered":"http:\/\/eldigitaldeasturias.com\/magazine365\/?p=711"},"modified":"2014-01-11T21:30:42","modified_gmt":"2014-01-11T22:30:42","slug":"la-princesa-magdalena-de-suecia-dara-a-luz-en-nueva-york","status":"publish","type":"post","link":"https:\/\/eldigitaldeasturias.com\/magazine365\/la-princesa-magdalena-de-suecia-dara-a-luz-en-nueva-york\/","title":{"rendered":"La princesa Magdalena de Suecia dar\u00e1 a luz en Nueva York"},"content":{"rendered":"<p><img fetchpriority=\"high\" decoding=\"async\" class=\"alignleft size-medium wp-image-712\" alt=\"5842565w\" src=\"https:\/\/eldigitaldeasturias.com\/magazine365\/wp-content\/uploads\/2014\/01\/5842565w-360x239.jpg\" width=\"360\" height=\"239\" srcset=\"https:\/\/eldigitaldeasturias.com\/magazine365\/wp-content\/uploads\/2014\/01\/5842565w-360x239.jpg 360w, https:\/\/eldigitaldeasturias.com\/magazine365\/wp-content\/uploads\/2014\/01\/5842565w-650x432.jpg 650w, https:\/\/eldigitaldeasturias.com\/magazine365\/wp-content\/uploads\/2014\/01\/5842565w-768x511.jpg 768w, https:\/\/eldigitaldeasturias.com\/magazine365\/wp-content\/uploads\/2014\/01\/5842565w-150x100.jpg 150w, https:\/\/eldigitaldeasturias.com\/magazine365\/wp-content\/uploads\/2014\/01\/5842565w-450x299.jpg 450w, https:\/\/eldigitaldeasturias.com\/magazine365\/wp-content\/uploads\/2014\/01\/5842565w.jpg 800w\" sizes=\"(max-width: 360px) 100vw, 360px\" \/>Berl\u00edn, 11 ene (EFE).- La princesa Magdalena de Suecia dar\u00e1 a luz a su primer hijo, una ni\u00f1a, en Nueva York, la ciudad donde reside, seg\u00fan inform\u00f3 hoy la Casa Real sueca.<\/p>\n<p>\u00abTras considerarlo en detalle y de acuerdo con el rey y la reina, la princesa Magdalena y el se\u00f1or Christopher O&#8217;Neill han decidido que su hija nacer\u00e1 en Nueva York\u00bb, se\u00f1al\u00f3 la Casa Real en un comunicado remitido hoy a los medios.<\/p>\n<p>El nacimiento de la ni\u00f1a se espera para finales de febrero.<\/p>\n<p>Magdalena, hermana peque\u00f1a de la princesa heredera, Victoria, y cuarta en la l\u00ednea de sucesi\u00f3n al trono, contrajo matrimonio con O&#8217;Neill, un financiero estadounidense, el pasado 8 de junio en la capilla del Palacio Real de Estocolmo, despu\u00e9s de una relaci\u00f3n de dos a\u00f1os.<\/p>\n<p>Fue el segundo compromiso de boda en tres a\u00f1os para Magdalena, tras el fallido intento con el abogado sueco Jonas Bergstr\u00f6m, con quien form\u00f3 pareja durante siete a\u00f1os.<\/p>\n","protected":false},"excerpt":{"rendered":"<p>Berl\u00edn, 11 ene (EFE).- La princesa Magdalena de Suecia dar\u00e1 a luz a su primer hijo, una ni\u00f1a, en Nueva York, la ciudad donde reside, seg\u00fan inform\u00f3 hoy la Casa Real sueca. \u00abTras considerarlo en detalle y de acuerdo con el rey y la reina, la princesa Magdalena y el se\u00f1or Christopher O&#8217;Neill han decidido<\/p>\n","protected":false},"author":1,"featured_media":712,"comment_status":"open","ping_status":"open","sticky":false,"template":"","format":"standard","meta":{"footnotes":""},"categories":[224],"tags":[],"class_list":{"0":"post-711","1":"post","2":"type-post","3":"status-publish","4":"format-standard","5":"has-post-thumbnail","7":"category-noticias-actualidad"},"aioseo_notices":[],"aioseo_head":"\n\t\t<!-- All in One SEO Pro 4.9.6.1 - aioseo.com -->\n\t<meta name=\"description\" content=\"Berl\u00edn, 11 ene (EFE).- La princesa Magdalena de Suecia dar\u00e1 a luz a su primer hijo, una ni\u00f1a, en Nueva York, la ciudad donde reside, seg\u00fan inform\u00f3 hoy la Casa Real sueca. &quot;Tras considerarlo en detalle y de acuerdo con el rey y la reina, la princesa Magdalena y el se\u00f1or Christopher O&#039;Neill han decidido\" \/>\n\t<meta name=\"robots\" content=\"max-image-preview:large\" \/>\n\t<meta name=\"author\" content=\"admin\"\/>\n\t<meta name=\"google-site-verification\" content=\"UA-38556648-1\" \/>\n\t<meta name=\"keywords\" content=\"noticias y actualidad\" \/>\n\t<link rel=\"canonical\" href=\"https:\/\/eldigitaldeasturias.com\/magazine365\/la-princesa-magdalena-de-suecia-dara-a-luz-en-nueva-york\/\" \/>\n\t<meta name=\"generator\" content=\"All in One SEO Pro (AIOSEO) 4.9.6.1\" \/>\n\t\t<meta property=\"og:locale\" content=\"es_ES\" \/>\n\t\t<meta property=\"og:site_name\" content=\"El Digital de Asturias \u2013 Revista de ocio, turismo y estilo de vida\" \/>\n\t\t<meta property=\"og:type\" content=\"article\" \/>\n\t\t<meta property=\"og:title\" content=\"La princesa Magdalena de Suecia dar\u00e1 a luz en Nueva York | El Digital de Asturias\" \/>\n\t\t<meta property=\"og:description\" content=\"Berl\u00edn, 11 ene (EFE).- La princesa Magdalena de Suecia dar\u00e1 a luz a su primer hijo, una ni\u00f1a, en Nueva York, la ciudad donde reside, seg\u00fan inform\u00f3 hoy la Casa Real sueca. &quot;Tras considerarlo en detalle y de acuerdo con el rey y la reina, la princesa Magdalena y el se\u00f1or Christopher O&#039;Neill han decidido\" \/>\n\t\t<meta property=\"og:url\" content=\"https:\/\/eldigitaldeasturias.com\/magazine365\/la-princesa-magdalena-de-suecia-dara-a-luz-en-nueva-york\/\" \/>\n\t\t<meta property=\"og:image\" content=\"https:\/\/eldigitaldeasturias.com\/magazine365\/wp-content\/uploads\/2014\/01\/5842565w.jpg\" \/>\n\t\t<meta property=\"og:image:secure_url\" content=\"https:\/\/eldigitaldeasturias.com\/magazine365\/wp-content\/uploads\/2014\/01\/5842565w.jpg\" \/>\n\t\t<meta property=\"og:image:width\" content=\"800\" \/>\n\t\t<meta property=\"og:image:height\" content=\"532\" \/>\n\t\t<meta property=\"article:published_time\" content=\"2014-01-11T22:30:42+00:00\" \/>\n\t\t<meta property=\"article:modified_time\" content=\"2014-01-11T22:30:42+00:00\" \/>\n\t\t<meta name=\"twitter:card\" content=\"summary_large_image\" \/>\n\t\t<meta name=\"twitter:title\" content=\"La princesa Magdalena de Suecia dar\u00e1 a luz en Nueva York | El Digital de Asturias\" \/>\n\t\t<meta name=\"twitter:description\" content=\"Berl\u00edn, 11 ene (EFE).- La princesa Magdalena de Suecia dar\u00e1 a luz a su primer hijo, una ni\u00f1a, en Nueva York, la ciudad donde reside, seg\u00fan inform\u00f3 hoy la Casa Real sueca. &quot;Tras considerarlo en detalle y de acuerdo con el rey y la reina, la princesa Magdalena y el se\u00f1or Christopher O&#039;Neill han decidido\" \/>\n\t\t<meta name=\"twitter:image\" content=\"https:\/\/eldigitaldeasturias.com\/magazine365\/wp-content\/uploads\/2014\/01\/5842565w.jpg\" \/>\n\t\t<script type=\"application\/ld+json\" class=\"aioseo-schema\">\n\t\t\t{\"@context\":\"https:\\\/\\\/schema.org\",\"@graph\":[{\"@type\":\"Article\",\"@id\":\"https:\\\/\\\/eldigitaldeasturias.com\\\/magazine365\\\/la-princesa-magdalena-de-suecia-dara-a-luz-en-nueva-york\\\/#article\",\"name\":\"La princesa Magdalena de Suecia dar\\u00e1 a luz en Nueva York | El Digital de Asturias\",\"headline\":\"La princesa Magdalena de Suecia dar\\u00e1 a luz en Nueva York\",\"author\":{\"@id\":\"https:\\\/\\\/eldigitaldeasturias.com\\\/magazine365\\\/author\\\/admin\\\/#author\"},\"publisher\":{\"@id\":\"https:\\\/\\\/eldigitaldeasturias.com\\\/magazine365\\\/#organization\"},\"image\":{\"@type\":\"ImageObject\",\"url\":\"https:\\\/\\\/eldigitaldeasturias.com\\\/magazine365\\\/wp-content\\\/uploads\\\/2014\\\/01\\\/5842565w.jpg\",\"width\":800,\"height\":532},\"datePublished\":\"2014-01-11T21:30:42+01:00\",\"dateModified\":\"2014-01-11T21:30:42+01:00\",\"inLanguage\":\"es-ES\",\"mainEntityOfPage\":{\"@id\":\"https:\\\/\\\/eldigitaldeasturias.com\\\/magazine365\\\/la-princesa-magdalena-de-suecia-dara-a-luz-en-nueva-york\\\/#webpage\"},\"isPartOf\":{\"@id\":\"https:\\\/\\\/eldigitaldeasturias.com\\\/magazine365\\\/la-princesa-magdalena-de-suecia-dara-a-luz-en-nueva-york\\\/#webpage\"},\"articleSection\":\"Noticias y Actualidad\"},{\"@type\":\"BreadcrumbList\",\"@id\":\"https:\\\/\\\/eldigitaldeasturias.com\\\/magazine365\\\/la-princesa-magdalena-de-suecia-dara-a-luz-en-nueva-york\\\/#breadcrumblist\",\"itemListElement\":[{\"@type\":\"ListItem\",\"@id\":\"https:\\\/\\\/eldigitaldeasturias.com\\\/magazine365#listItem\",\"position\":1,\"name\":\"Home\",\"item\":\"https:\\\/\\\/eldigitaldeasturias.com\\\/magazine365\",\"nextItem\":{\"@type\":\"ListItem\",\"@id\":\"https:\\\/\\\/eldigitaldeasturias.com\\\/magazine365\\\/category\\\/noticias-actualidad\\\/#listItem\",\"name\":\"Noticias y Actualidad\"}},{\"@type\":\"ListItem\",\"@id\":\"https:\\\/\\\/eldigitaldeasturias.com\\\/magazine365\\\/category\\\/noticias-actualidad\\\/#listItem\",\"position\":2,\"name\":\"Noticias y Actualidad\",\"item\":\"https:\\\/\\\/eldigitaldeasturias.com\\\/magazine365\\\/category\\\/noticias-actualidad\\\/\",\"nextItem\":{\"@type\":\"ListItem\",\"@id\":\"https:\\\/\\\/eldigitaldeasturias.com\\\/magazine365\\\/la-princesa-magdalena-de-suecia-dara-a-luz-en-nueva-york\\\/#listItem\",\"name\":\"La princesa Magdalena de Suecia dar\\u00e1 a luz en Nueva York\"},\"previousItem\":{\"@type\":\"ListItem\",\"@id\":\"https:\\\/\\\/eldigitaldeasturias.com\\\/magazine365#listItem\",\"name\":\"Home\"}},{\"@type\":\"ListItem\",\"@id\":\"https:\\\/\\\/eldigitaldeasturias.com\\\/magazine365\\\/la-princesa-magdalena-de-suecia-dara-a-luz-en-nueva-york\\\/#listItem\",\"position\":3,\"name\":\"La princesa Magdalena de Suecia dar\\u00e1 a luz en Nueva York\",\"previousItem\":{\"@type\":\"ListItem\",\"@id\":\"https:\\\/\\\/eldigitaldeasturias.com\\\/magazine365\\\/category\\\/noticias-actualidad\\\/#listItem\",\"name\":\"Noticias y Actualidad\"}}]},{\"@type\":\"Organization\",\"@id\":\"https:\\\/\\\/eldigitaldeasturias.com\\\/magazine365\\\/#organization\",\"name\":\"El digital de Asturias\",\"description\":\"Revista de ocio, turismo y estilo de vida\",\"url\":\"https:\\\/\\\/eldigitaldeasturias.com\\\/magazine365\\\/\",\"logo\":{\"@type\":\"ImageObject\",\"url\":\"https:\\\/\\\/www.eldigitaldeasturias.com\\\/noticias\\\/wp-content\\\/uploads\\\/2020\\\/12\\\/EDA.jpg\",\"@id\":\"https:\\\/\\\/eldigitaldeasturias.com\\\/magazine365\\\/la-princesa-magdalena-de-suecia-dara-a-luz-en-nueva-york\\\/#organizationLogo\"},\"image\":{\"@id\":\"https:\\\/\\\/eldigitaldeasturias.com\\\/magazine365\\\/la-princesa-magdalena-de-suecia-dara-a-luz-en-nueva-york\\\/#organizationLogo\"}},{\"@type\":\"Person\",\"@id\":\"https:\\\/\\\/eldigitaldeasturias.com\\\/magazine365\\\/author\\\/admin\\\/#author\",\"url\":\"https:\\\/\\\/eldigitaldeasturias.com\\\/magazine365\\\/author\\\/admin\\\/\",\"name\":\"admin\",\"image\":{\"@type\":\"ImageObject\",\"@id\":\"https:\\\/\\\/eldigitaldeasturias.com\\\/magazine365\\\/la-princesa-magdalena-de-suecia-dara-a-luz-en-nueva-york\\\/#authorImage\",\"url\":\"https:\\\/\\\/eldigitaldeasturias.com\\\/magazine365\\\/wp-content\\\/litespeed\\\/avatar\\\/e571bcf59a0edd6fa6838245a470f2fe.jpg?ver=1776969259\",\"width\":96,\"height\":96,\"caption\":\"admin\"}},{\"@type\":\"WebPage\",\"@id\":\"https:\\\/\\\/eldigitaldeasturias.com\\\/magazine365\\\/la-princesa-magdalena-de-suecia-dara-a-luz-en-nueva-york\\\/#webpage\",\"url\":\"https:\\\/\\\/eldigitaldeasturias.com\\\/magazine365\\\/la-princesa-magdalena-de-suecia-dara-a-luz-en-nueva-york\\\/\",\"name\":\"La princesa Magdalena de Suecia dar\\u00e1 a luz en Nueva York | El Digital de Asturias\",\"description\":\"Berl\\u00edn, 11 ene (EFE).- La princesa Magdalena de Suecia dar\\u00e1 a luz a su primer hijo, una ni\\u00f1a, en Nueva York, la ciudad donde reside, seg\\u00fan inform\\u00f3 hoy la Casa Real sueca. \\\"Tras considerarlo en detalle y de acuerdo con el rey y la reina, la princesa Magdalena y el se\\u00f1or Christopher O'Neill han decidido\",\"inLanguage\":\"es-ES\",\"isPartOf\":{\"@id\":\"https:\\\/\\\/eldigitaldeasturias.com\\\/magazine365\\\/#website\"},\"breadcrumb\":{\"@id\":\"https:\\\/\\\/eldigitaldeasturias.com\\\/magazine365\\\/la-princesa-magdalena-de-suecia-dara-a-luz-en-nueva-york\\\/#breadcrumblist\"},\"author\":{\"@id\":\"https:\\\/\\\/eldigitaldeasturias.com\\\/magazine365\\\/author\\\/admin\\\/#author\"},\"creator\":{\"@id\":\"https:\\\/\\\/eldigitaldeasturias.com\\\/magazine365\\\/author\\\/admin\\\/#author\"},\"image\":{\"@type\":\"ImageObject\",\"url\":\"https:\\\/\\\/eldigitaldeasturias.com\\\/magazine365\\\/wp-content\\\/uploads\\\/2014\\\/01\\\/5842565w.jpg\",\"@id\":\"https:\\\/\\\/eldigitaldeasturias.com\\\/magazine365\\\/la-princesa-magdalena-de-suecia-dara-a-luz-en-nueva-york\\\/#mainImage\",\"width\":800,\"height\":532},\"primaryImageOfPage\":{\"@id\":\"https:\\\/\\\/eldigitaldeasturias.com\\\/magazine365\\\/la-princesa-magdalena-de-suecia-dara-a-luz-en-nueva-york\\\/#mainImage\"},\"datePublished\":\"2014-01-11T21:30:42+01:00\",\"dateModified\":\"2014-01-11T21:30:42+01:00\"},{\"@type\":\"WebSite\",\"@id\":\"https:\\\/\\\/eldigitaldeasturias.com\\\/magazine365\\\/#website\",\"url\":\"https:\\\/\\\/eldigitaldeasturias.com\\\/magazine365\\\/\",\"name\":\"El Digital de Asturias\",\"description\":\"Revista de ocio, turismo y estilo de vida\",\"inLanguage\":\"es-ES\",\"publisher\":{\"@id\":\"https:\\\/\\\/eldigitaldeasturias.com\\\/magazine365\\\/#organization\"}}]}\n\t\t<\/script>\n\t\t<!-- All in One SEO Pro -->\r\n\t\t<title>La princesa Magdalena de Suecia dar\u00e1 a luz en Nueva York | El Digital de Asturias<\/title>\n\n","aioseo_head_json":{"title":"La princesa Magdalena de Suecia dar\u00e1 a luz en Nueva York | El Digital de Asturias","description":"Berl\u00edn, 11 ene (EFE).- La princesa Magdalena de Suecia dar\u00e1 a luz a su primer hijo, una ni\u00f1a, en Nueva York, la ciudad donde reside, seg\u00fan inform\u00f3 hoy la Casa Real sueca. \"Tras considerarlo en detalle y de acuerdo con el rey y la reina, la princesa Magdalena y el se\u00f1or Christopher O'Neill han decidido","canonical_url":"https:\/\/eldigitaldeasturias.com\/magazine365\/la-princesa-magdalena-de-suecia-dara-a-luz-en-nueva-york\/","robots":"max-image-preview:large","keywords":"noticias y actualidad","webmasterTools":{"google-site-verification":"UA-38556648-1","miscellaneous":""},"schema":{"@context":"https:\/\/schema.org","@graph":[{"@type":"Article","@id":"https:\/\/eldigitaldeasturias.com\/magazine365\/la-princesa-magdalena-de-suecia-dara-a-luz-en-nueva-york\/#article","name":"La princesa Magdalena de Suecia dar\u00e1 a luz en Nueva York | El Digital de Asturias","headline":"La princesa Magdalena de Suecia dar\u00e1 a luz en Nueva York","author":{"@id":"https:\/\/eldigitaldeasturias.com\/magazine365\/author\/admin\/#author"},"publisher":{"@id":"https:\/\/eldigitaldeasturias.com\/magazine365\/#organization"},"image":{"@type":"ImageObject","url":"https:\/\/eldigitaldeasturias.com\/magazine365\/wp-content\/uploads\/2014\/01\/5842565w.jpg","width":800,"height":532},"datePublished":"2014-01-11T21:30:42+01:00","dateModified":"2014-01-11T21:30:42+01:00","inLanguage":"es-ES","mainEntityOfPage":{"@id":"https:\/\/eldigitaldeasturias.com\/magazine365\/la-princesa-magdalena-de-suecia-dara-a-luz-en-nueva-york\/#webpage"},"isPartOf":{"@id":"https:\/\/eldigitaldeasturias.com\/magazine365\/la-princesa-magdalena-de-suecia-dara-a-luz-en-nueva-york\/#webpage"},"articleSection":"Noticias y Actualidad"},{"@type":"BreadcrumbList","@id":"https:\/\/eldigitaldeasturias.com\/magazine365\/la-princesa-magdalena-de-suecia-dara-a-luz-en-nueva-york\/#breadcrumblist","itemListElement":[{"@type":"ListItem","@id":"https:\/\/eldigitaldeasturias.com\/magazine365#listItem","position":1,"name":"Home","item":"https:\/\/eldigitaldeasturias.com\/magazine365","nextItem":{"@type":"ListItem","@id":"https:\/\/eldigitaldeasturias.com\/magazine365\/category\/noticias-actualidad\/#listItem","name":"Noticias y Actualidad"}},{"@type":"ListItem","@id":"https:\/\/eldigitaldeasturias.com\/magazine365\/category\/noticias-actualidad\/#listItem","position":2,"name":"Noticias y Actualidad","item":"https:\/\/eldigitaldeasturias.com\/magazine365\/category\/noticias-actualidad\/","nextItem":{"@type":"ListItem","@id":"https:\/\/eldigitaldeasturias.com\/magazine365\/la-princesa-magdalena-de-suecia-dara-a-luz-en-nueva-york\/#listItem","name":"La princesa Magdalena de Suecia dar\u00e1 a luz en Nueva York"},"previousItem":{"@type":"ListItem","@id":"https:\/\/eldigitaldeasturias.com\/magazine365#listItem","name":"Home"}},{"@type":"ListItem","@id":"https:\/\/eldigitaldeasturias.com\/magazine365\/la-princesa-magdalena-de-suecia-dara-a-luz-en-nueva-york\/#listItem","position":3,"name":"La princesa Magdalena de Suecia dar\u00e1 a luz en Nueva York","previousItem":{"@type":"ListItem","@id":"https:\/\/eldigitaldeasturias.com\/magazine365\/category\/noticias-actualidad\/#listItem","name":"Noticias y Actualidad"}}]},{"@type":"Organization","@id":"https:\/\/eldigitaldeasturias.com\/magazine365\/#organization","name":"El digital de Asturias","description":"Revista de ocio, turismo y estilo de vida","url":"https:\/\/eldigitaldeasturias.com\/magazine365\/","logo":{"@type":"ImageObject","url":"https:\/\/www.eldigitaldeasturias.com\/noticias\/wp-content\/uploads\/2020\/12\/EDA.jpg","@id":"https:\/\/eldigitaldeasturias.com\/magazine365\/la-princesa-magdalena-de-suecia-dara-a-luz-en-nueva-york\/#organizationLogo"},"image":{"@id":"https:\/\/eldigitaldeasturias.com\/magazine365\/la-princesa-magdalena-de-suecia-dara-a-luz-en-nueva-york\/#organizationLogo"}},{"@type":"Person","@id":"https:\/\/eldigitaldeasturias.com\/magazine365\/author\/admin\/#author","url":"https:\/\/eldigitaldeasturias.com\/magazine365\/author\/admin\/","name":"admin","image":{"@type":"ImageObject","@id":"https:\/\/eldigitaldeasturias.com\/magazine365\/la-princesa-magdalena-de-suecia-dara-a-luz-en-nueva-york\/#authorImage","url":"https:\/\/eldigitaldeasturias.com\/magazine365\/wp-content\/litespeed\/avatar\/e571bcf59a0edd6fa6838245a470f2fe.jpg?ver=1776969259","width":96,"height":96,"caption":"admin"}},{"@type":"WebPage","@id":"https:\/\/eldigitaldeasturias.com\/magazine365\/la-princesa-magdalena-de-suecia-dara-a-luz-en-nueva-york\/#webpage","url":"https:\/\/eldigitaldeasturias.com\/magazine365\/la-princesa-magdalena-de-suecia-dara-a-luz-en-nueva-york\/","name":"La princesa Magdalena de Suecia dar\u00e1 a luz en Nueva York | El Digital de Asturias","description":"Berl\u00edn, 11 ene (EFE).- La princesa Magdalena de Suecia dar\u00e1 a luz a su primer hijo, una ni\u00f1a, en Nueva York, la ciudad donde reside, seg\u00fan inform\u00f3 hoy la Casa Real sueca. \"Tras considerarlo en detalle y de acuerdo con el rey y la reina, la princesa Magdalena y el se\u00f1or Christopher O'Neill han decidido","inLanguage":"es-ES","isPartOf":{"@id":"https:\/\/eldigitaldeasturias.com\/magazine365\/#website"},"breadcrumb":{"@id":"https:\/\/eldigitaldeasturias.com\/magazine365\/la-princesa-magdalena-de-suecia-dara-a-luz-en-nueva-york\/#breadcrumblist"},"author":{"@id":"https:\/\/eldigitaldeasturias.com\/magazine365\/author\/admin\/#author"},"creator":{"@id":"https:\/\/eldigitaldeasturias.com\/magazine365\/author\/admin\/#author"},"image":{"@type":"ImageObject","url":"https:\/\/eldigitaldeasturias.com\/magazine365\/wp-content\/uploads\/2014\/01\/5842565w.jpg","@id":"https:\/\/eldigitaldeasturias.com\/magazine365\/la-princesa-magdalena-de-suecia-dara-a-luz-en-nueva-york\/#mainImage","width":800,"height":532},"primaryImageOfPage":{"@id":"https:\/\/eldigitaldeasturias.com\/magazine365\/la-princesa-magdalena-de-suecia-dara-a-luz-en-nueva-york\/#mainImage"},"datePublished":"2014-01-11T21:30:42+01:00","dateModified":"2014-01-11T21:30:42+01:00"},{"@type":"WebSite","@id":"https:\/\/eldigitaldeasturias.com\/magazine365\/#website","url":"https:\/\/eldigitaldeasturias.com\/magazine365\/","name":"El Digital de Asturias","description":"Revista de ocio, turismo y estilo de vida","inLanguage":"es-ES","publisher":{"@id":"https:\/\/eldigitaldeasturias.com\/magazine365\/#organization"}}]},"og:locale":"es_ES","og:site_name":"El Digital de Asturias \u2013 Revista de ocio, turismo y estilo de vida","og:type":"article","og:title":"La princesa Magdalena de Suecia dar\u00e1 a luz en Nueva York | El Digital de Asturias","og:description":"Berl\u00edn, 11 ene (EFE).- La princesa Magdalena de Suecia dar\u00e1 a luz a su primer hijo, una ni\u00f1a, en Nueva York, la ciudad donde reside, seg\u00fan inform\u00f3 hoy la Casa Real sueca. &quot;Tras considerarlo en detalle y de acuerdo con el rey y la reina, la princesa Magdalena y el se\u00f1or Christopher O'Neill han decidido","og:url":"https:\/\/eldigitaldeasturias.com\/magazine365\/la-princesa-magdalena-de-suecia-dara-a-luz-en-nueva-york\/","og:image":"https:\/\/eldigitaldeasturias.com\/magazine365\/wp-content\/uploads\/2014\/01\/5842565w.jpg","og:image:secure_url":"https:\/\/eldigitaldeasturias.com\/magazine365\/wp-content\/uploads\/2014\/01\/5842565w.jpg","og:image:width":800,"og:image:height":532,"article:published_time":"2014-01-11T22:30:42+00:00","article:modified_time":"2014-01-11T22:30:42+00:00","twitter:card":"summary_large_image","twitter:title":"La princesa Magdalena de Suecia dar\u00e1 a luz en Nueva York | El Digital de Asturias","twitter:description":"Berl\u00edn, 11 ene (EFE).- La princesa Magdalena de Suecia dar\u00e1 a luz a su primer hijo, una ni\u00f1a, en Nueva York, la ciudad donde reside, seg\u00fan inform\u00f3 hoy la Casa Real sueca. &quot;Tras considerarlo en detalle y de acuerdo con el rey y la reina, la princesa Magdalena y el se\u00f1or Christopher O'Neill han decidido","twitter:image":"https:\/\/eldigitaldeasturias.com\/magazine365\/wp-content\/uploads\/2014\/01\/5842565w.jpg"},"aioseo_meta_data":{"post_id":"711","title":null,"description":null,"keywords":null,"keyphrases":null,"primary_term":null,"canonical_url":null,"og_title":null,"og_description":null,"og_object_type":"default","og_image_type":"default","og_image_url":null,"og_image_width":null,"og_image_height":null,"og_image_custom_url":null,"og_image_custom_fields":null,"og_video":null,"og_custom_url":null,"og_article_section":null,"og_article_tags":null,"twitter_use_og":false,"twitter_card":"default","twitter_image_type":"default","twitter_image_url":null,"twitter_image_custom_url":null,"twitter_image_custom_fields":null,"twitter_title":null,"twitter_description":null,"schema":{"blockGraphs":[],"customGraphs":[],"default":{"data":{"Article":[],"Course":[],"Dataset":[],"FAQPage":[],"Movie":[],"Person":[],"Product":[],"ProductReview":[],"Car":[],"Recipe":[],"Service":[],"SoftwareApplication":[],"WebPage":[]},"graphName":"","isEnabled":true},"graphs":[],"defaultGraph":"","defaultPostTypeGraph":""},"schema_type":null,"schema_type_options":null,"pillar_content":false,"robots_default":true,"robots_noindex":false,"robots_noarchive":false,"robots_nosnippet":false,"robots_nofollow":false,"robots_noimageindex":false,"robots_noodp":false,"robots_notranslate":false,"robots_max_snippet":null,"robots_max_videopreview":null,"robots_max_imagepreview":"large","priority":null,"frequency":null,"location":null,"local_seo":null,"seo_analyzer_scan_date":"2025-09-16 08:03:08","breadcrumb_settings":null,"limit_modified_date":false,"open_ai":null,"ai":null,"created":"2020-12-21 13:34:32","updated":"2025-09-16 08:03:08"},"aioseo_breadcrumb":"<div class=\"aioseo-breadcrumbs\"><span class=\"aioseo-breadcrumb\">\n\t<a href=\"https:\/\/eldigitaldeasturias.com\/magazine365\" title=\"Home\">Home<\/a>\n<\/span><span class=\"aioseo-breadcrumb-separator\">\u2013<\/span><span class=\"aioseo-breadcrumb\">\n\t<a href=\"https:\/\/eldigitaldeasturias.com\/magazine365\/category\/noticias-actualidad\/\" title=\"Noticias y Actualidad\">Noticias y Actualidad<\/a>\n<\/span><span class=\"aioseo-breadcrumb-separator\">\u2013<\/span><span class=\"aioseo-breadcrumb\">\n\t<a href=\"https:\/\/eldigitaldeasturias.com\/magazine365\/la-princesa-magdalena-de-suecia-dara-a-luz-en-nueva-york\/\" title=\"La princesa Magdalena de Suecia dar\u00e1 a luz en Nueva York\">La princesa Magdalena de Suecia dar\u00e1 a luz en Nueva York<\/a>\n<\/span><\/div>","aioseo_breadcrumb_json":[{"label":"Home","link":"https:\/\/eldigitaldeasturias.com\/magazine365"},{"label":"Noticias y Actualidad","link":"https:\/\/eldigitaldeasturias.com\/magazine365\/category\/noticias-actualidad\/"},{"label":"La princesa Magdalena de Suecia dar\u00e1 a luz en Nueva York","link":"https:\/\/eldigitaldeasturias.com\/magazine365\/la-princesa-magdalena-de-suecia-dara-a-luz-en-nueva-york\/"}],"_links":{"self":[{"href":"https:\/\/eldigitaldeasturias.com\/magazine365\/wp-json\/wp\/v2\/posts\/711","targetHints":{"allow":["GET"]}}],"collection":[{"href":"https:\/\/eldigitaldeasturias.com\/magazine365\/wp-json\/wp\/v2\/posts"}],"about":[{"href":"https:\/\/eldigitaldeasturias.com\/magazine365\/wp-json\/wp\/v2\/types\/post"}],"author":[{"embeddable":true,"href":"https:\/\/eldigitaldeasturias.com\/magazine365\/wp-json\/wp\/v2\/users\/1"}],"replies":[{"embeddable":true,"href":"https:\/\/eldigitaldeasturias.com\/magazine365\/wp-json\/wp\/v2\/comments?post=711"}],"version-history":[{"count":0,"href":"https:\/\/eldigitaldeasturias.com\/magazine365\/wp-json\/wp\/v2\/posts\/711\/revisions"}],"wp:featuredmedia":[{"embeddable":true,"href":"https:\/\/eldigitaldeasturias.com\/magazine365\/wp-json\/wp\/v2\/media\/712"}],"wp:attachment":[{"href":"https:\/\/eldigitaldeasturias.com\/magazine365\/wp-json\/wp\/v2\/media?parent=711"}],"wp:term":[{"taxonomy":"category","embeddable":true,"href":"https:\/\/eldigitaldeasturias.com\/magazine365\/wp-json\/wp\/v2\/categories?post=711"},{"taxonomy":"post_tag","embeddable":true,"href":"https:\/\/eldigitaldeasturias.com\/magazine365\/wp-json\/wp\/v2\/tags?post=711"}],"curies":[{"name":"wp","href":"https:\/\/api.w.org\/{rel}","templated":true}]}}