{"id":702,"date":"2014-01-11T21:26:56","date_gmt":"2014-01-11T22:26:56","guid":{"rendered":"http:\/\/eldigitaldeasturias.com\/magazine365\/?p=702"},"modified":"2014-01-11T21:26:56","modified_gmt":"2014-01-11T22:26:56","slug":"mago-gallego-de-17-anos-dice-que-siempre-quiso-ser-artista-y-hacer-cosas-imposibles","status":"publish","type":"post","link":"https:\/\/eldigitaldeasturias.com\/magazine365\/mago-gallego-de-17-anos-dice-que-siempre-quiso-ser-artista-y-hacer-cosas-imposibles\/","title":{"rendered":"Mago gallego de 17 a\u00f1os dice que siempre quiso ser artista y \u00abhacer cosas imposibles\u00bb"},"content":{"rendered":"<p><img fetchpriority=\"high\" decoding=\"async\" class=\"alignleft size-medium wp-image-703\" alt=\"5842237w\" src=\"https:\/\/eldigitaldeasturias.com\/magazine365\/wp-content\/uploads\/2014\/01\/5842237w-360x257.jpg\" width=\"360\" height=\"257\" \/>A Coru\u00f1a, 11 ene (EFE).- El joven ilusionista Mart\u00edn Varela, que muestra hoy su espect\u00e1culo \u00abManifesto\u00bb en el Teatro Col\u00f3n de A Coru\u00f1a, asegura, en una entrevista con EFE, que siempre quiso \u00abser artista\u00bb y que eligi\u00f3 la magia porque \u00abquer\u00eda hacer cosas imposibles\u00bb.<\/p>\n<p>El ferrolano de apenas diecisiete a\u00f1os que estudia segundo de Bachillerato pasar\u00e1 hoy, a partir de las 20:00 horas, una de las pruebas m\u00e1s importantes de su corta carrera como mago profesional, en un escenario como el Col\u00f3n, que le trae gratos recuerdos por todas las veces que lo visit\u00f3, aunque en esta ocasi\u00f3n no ser\u00e1 como mero espectador.<\/p>\n<p>Con \u00abManifesto\u00bb, que le llev\u00f3 nueve meses de intenso y minucioso trabajo para hacer una funci\u00f3n de noventa minutos, materializa un sue\u00f1o que inici\u00f3 \u00abcuando ten\u00eda nueve a\u00f1os\u00bb y \u00abempezaba a hacer n\u00fameros de magia delante de su familia\u00bb hasta que a los once mostr\u00f3 sus cualidades al p\u00fablico.<\/p>\n<p>\u00abDesde peque\u00f1o me gustaba much\u00edsimo el espect\u00e1culo, sab\u00eda que quer\u00eda ser un artista, pero no sab\u00eda qu\u00e9 tipo de artista. Despu\u00e9s de ver un espect\u00e1culo de Juan Tamariz dije: &#8216;Yo quiero ser mago&#8217;, quer\u00eda hacer cosas imposibles. Ve\u00eda el circo y ve\u00eda que lo que hac\u00edan era muy dif\u00edcil, pero no imposible; cuando vi que se pod\u00edan hacer cosas imposibles ya pens\u00e9: yo quiero hacer esto\u00bb, indica.<\/p>\n<p>La formaci\u00f3n es lo que m\u00e1s le cost\u00f3, pues en su familia \u00abnadie tiene ni idea de magia\u00bb, aunque su madre \u00abes un poco teatrera -bromea\u00bb, por lo que vio alargado un proceso que al principio pens\u00f3 que podr\u00eda ser casi \u00abautom\u00e1tico.<\/p>\n<p>\u00abNo hay muchas escuelas de magia, solo tuve la oportunidad de ir una semana a la escuela de la hija de Juan Tamariz, Ana Tamariz, en Madrid. Se puede decir que soy autodidacta, gracias a internet pude adquirir libros y v\u00eddeos, Amazon me salv\u00f3 la vida. La mayor\u00eda ven\u00edan en ingl\u00e9s, as\u00ed que aprend\u00ed el idioma\u00bb, se\u00f1ala.<\/p>\n<p>Su especialidad es la \u00abmanipulaci\u00f3n\u00bb, que es la rama m\u00e1s dif\u00edcil de la magia, con lo que empez\u00f3 en su d\u00eda y que sorprendi\u00f3 a muchos, aunque reconoce que le \u00abencanta aprender de todo y saber c\u00f3mo se hace la magia de cerca\u00bb.<\/p>\n<p>Recomienda a todo el que quiera iniciarse como ilusionista que \u00abbusque su sitio\u00bb y que siga el consejo de David Copperfield: \u00abactuar\u00bb, pues ah\u00ed es \u00abcuando uno se enfrenta a situaciones de verdad\u00bb.<\/p>\n<p>Mart\u00edn recuerda con una sonrisa en los labios sus primeras actuaciones \u00aben bares y en sitios peque\u00f1os\u00bb, como la que tuvo en una casa de turismo rural en Ferrol, en la que se empap\u00f3 cuando saltaron los aspersores en medio de una actuaci\u00f3n, aunque sali\u00f3 del paso con algo de teatro y su extroversi\u00f3n natural.<\/p>\n<p>\u00abMe enfrent\u00e9 muchas veces a situaciones dif\u00edciles encima del escenario -contin\u00faa-. Debido muchas veces a problemas de n\u00fameros que fallan, es un riesgo que corremos siempre. En &#8216;Manifesto&#8217; dependo de nueve personas para cada n\u00famero\u00bb.<\/p>\n<p>\u00abDependo de que la iluminaci\u00f3n entre bien, la m\u00fasica entre bien, de los t\u00e9cnicos de atr\u00e1s -que es un t\u00e9cnico de escena, un regidor y dos &#8216;partenaires&#8217;-, que la tramoya entre bien, que los ca\u00f1ones de seguimiento me sigan bien o no me sigan cuando no me tienen que seguir. Llegas a un nivel log\u00edstico enorme que hay que saber controlar\u00bb, a\u00f1ade.<\/p>\n<p>Varela invita a todo el p\u00fablico a ver \u00abManifesto\u00bb, que adem\u00e1s de hoy en el Teatro Col\u00f3n estar\u00e1 el pr\u00f3ximo 25 de enero en Santiago de Compostela, en un espect\u00e1culo que \u00aben m\u00fasica ser\u00eda lo m\u00e1s parecido a la \u00f3pera\u00bb y en el que se puede \u00abvivir una experiencia diferente\u00bb.<\/p>\n<p>\u00abNos cuesta mucho hacer que venga p\u00fablico porque la gente piensa que van a ver lo mismo de siempre, aunque cuando vienen les encanta\u00bb, no solo por el humor, sino tambi\u00e9n por la belleza del contenido, explica.<\/p>\n<p>Este joven, que est\u00e1 a punto de cumplir la mayor\u00eda de edad, busca la perfecci\u00f3n en sus espect\u00e1culos y sue\u00f1a con poder vivir alg\u00fan d\u00eda de la magia y que el arte vuelva a tener la importancia de hace unos a\u00f1os, cuando la situaci\u00f3n econ\u00f3mica era mejor, pero en cualquier caso se centra en que la parte art\u00edstica de \u00abManifesto\u00bb tenga lo mejor de los mejores.<\/p>\n<p>\u00abCuando empec\u00e9 me fijaba mucho m\u00e1s en los magos. Ahora en cambio me estoy alejando un poco m\u00e1s de los magos. Quiz\u00e1 intento darle un toque diferente a lo que hago. Intento inspirarme en otros artistas que me gustan. Sobre todo el Circo del Sol es una compa\u00f1\u00eda que me gusta\u00bb, confiesa.<\/p>\n<p>Miguel \u00c1lvarez<\/p>\n","protected":false},"excerpt":{"rendered":"<p>A Coru\u00f1a, 11 ene (EFE).- El joven ilusionista Mart\u00edn Varela, que muestra hoy su espect\u00e1culo \u00abManifesto\u00bb en el Teatro Col\u00f3n de A Coru\u00f1a, asegura, en una entrevista con EFE, que siempre quiso \u00abser artista\u00bb y que eligi\u00f3 la magia porque \u00abquer\u00eda hacer cosas imposibles\u00bb. El ferrolano de apenas diecisiete a\u00f1os que estudia segundo de Bachillerato<\/p>\n","protected":false},"author":1,"featured_media":703,"comment_status":"open","ping_status":"open","sticky":false,"template":"","format":"standard","meta":{"footnotes":""},"categories":[224],"tags":[],"class_list":{"0":"post-702","1":"post","2":"type-post","3":"status-publish","4":"format-standard","5":"has-post-thumbnail","7":"category-noticias-actualidad"},"aioseo_notices":[],"aioseo_head":"\n\t\t<!-- All in One SEO Pro 4.9.6.1 - aioseo.com -->\n\t<meta name=\"description\" content=\"A Coru\u00f1a, 11 ene (EFE).- El joven ilusionista Mart\u00edn Varela, que muestra hoy su espect\u00e1culo &quot;Manifesto&quot; en el Teatro Col\u00f3n de A Coru\u00f1a, asegura, en una entrevista con EFE, que siempre quiso &quot;ser artista&quot; y que eligi\u00f3 la magia porque &quot;quer\u00eda hacer cosas imposibles&quot;. El ferrolano de apenas diecisiete a\u00f1os que estudia segundo de Bachillerato\" \/>\n\t<meta name=\"robots\" content=\"max-image-preview:large\" \/>\n\t<meta name=\"author\" content=\"admin\"\/>\n\t<meta name=\"google-site-verification\" content=\"UA-38556648-1\" \/>\n\t<meta name=\"keywords\" content=\"noticias y actualidad\" \/>\n\t<link rel=\"canonical\" href=\"https:\/\/eldigitaldeasturias.com\/magazine365\/mago-gallego-de-17-anos-dice-que-siempre-quiso-ser-artista-y-hacer-cosas-imposibles\/\" \/>\n\t<meta name=\"generator\" content=\"All in One SEO Pro (AIOSEO) 4.9.6.1\" \/>\n\t\t<meta property=\"og:locale\" content=\"es_ES\" \/>\n\t\t<meta property=\"og:site_name\" content=\"El Digital de Asturias \u2013 Revista de ocio, turismo y estilo de vida\" \/>\n\t\t<meta property=\"og:type\" content=\"article\" \/>\n\t\t<meta property=\"og:title\" content=\"Mago gallego de 17 a\u00f1os dice que siempre quiso ser artista y \u00abhacer cosas imposibles\u00bb | El Digital de Asturias\" \/>\n\t\t<meta property=\"og:description\" content=\"A Coru\u00f1a, 11 ene (EFE).- El joven ilusionista Mart\u00edn Varela, que muestra hoy su espect\u00e1culo &quot;Manifesto&quot; en el Teatro Col\u00f3n de A Coru\u00f1a, asegura, en una entrevista con EFE, que siempre quiso &quot;ser artista&quot; y que eligi\u00f3 la magia porque &quot;quer\u00eda hacer cosas imposibles&quot;. El ferrolano de apenas diecisiete a\u00f1os que estudia segundo de Bachillerato\" \/>\n\t\t<meta property=\"og:url\" content=\"https:\/\/eldigitaldeasturias.com\/magazine365\/mago-gallego-de-17-anos-dice-que-siempre-quiso-ser-artista-y-hacer-cosas-imposibles\/\" \/>\n\t\t<meta property=\"og:image\" content=\"https:\/\/eldigitaldeasturias.com\/magazine365\/wp-content\/uploads\/2014\/01\/5842237w.jpg\" \/>\n\t\t<meta property=\"og:image:secure_url\" content=\"https:\/\/eldigitaldeasturias.com\/magazine365\/wp-content\/uploads\/2014\/01\/5842237w.jpg\" \/>\n\t\t<meta property=\"og:image:width\" content=\"800\" \/>\n\t\t<meta property=\"og:image:height\" content=\"573\" \/>\n\t\t<meta property=\"article:published_time\" content=\"2014-01-11T22:26:56+00:00\" \/>\n\t\t<meta property=\"article:modified_time\" content=\"2014-01-11T22:26:56+00:00\" \/>\n\t\t<meta name=\"twitter:card\" content=\"summary_large_image\" \/>\n\t\t<meta name=\"twitter:title\" content=\"Mago gallego de 17 a\u00f1os dice que siempre quiso ser artista y \u00abhacer cosas imposibles\u00bb | El Digital de Asturias\" \/>\n\t\t<meta name=\"twitter:description\" content=\"A Coru\u00f1a, 11 ene (EFE).- El joven ilusionista Mart\u00edn Varela, que muestra hoy su espect\u00e1culo &quot;Manifesto&quot; en el Teatro Col\u00f3n de A Coru\u00f1a, asegura, en una entrevista con EFE, que siempre quiso &quot;ser artista&quot; y que eligi\u00f3 la magia porque &quot;quer\u00eda hacer cosas imposibles&quot;. El ferrolano de apenas diecisiete a\u00f1os que estudia segundo de Bachillerato\" \/>\n\t\t<meta name=\"twitter:image\" content=\"https:\/\/eldigitaldeasturias.com\/magazine365\/wp-content\/uploads\/2014\/01\/5842237w.jpg\" \/>\n\t\t<script type=\"application\/ld+json\" class=\"aioseo-schema\">\n\t\t\t{\"@context\":\"https:\\\/\\\/schema.org\",\"@graph\":[{\"@type\":\"Article\",\"@id\":\"https:\\\/\\\/eldigitaldeasturias.com\\\/magazine365\\\/mago-gallego-de-17-anos-dice-que-siempre-quiso-ser-artista-y-hacer-cosas-imposibles\\\/#article\",\"name\":\"Mago gallego de 17 a\\u00f1os dice que siempre quiso ser artista y \\u00abhacer cosas imposibles\\u00bb | El Digital de Asturias\",\"headline\":\"Mago gallego de 17 a\\u00f1os dice que siempre quiso ser artista y \\u00abhacer cosas imposibles\\u00bb\",\"author\":{\"@id\":\"https:\\\/\\\/eldigitaldeasturias.com\\\/magazine365\\\/author\\\/admin\\\/#author\"},\"publisher\":{\"@id\":\"https:\\\/\\\/eldigitaldeasturias.com\\\/magazine365\\\/#organization\"},\"image\":{\"@type\":\"ImageObject\",\"url\":\"https:\\\/\\\/eldigitaldeasturias.com\\\/magazine365\\\/wp-content\\\/uploads\\\/2014\\\/01\\\/5842237w.jpg\",\"width\":800,\"height\":573},\"datePublished\":\"2014-01-11T21:26:56+01:00\",\"dateModified\":\"2014-01-11T21:26:56+01:00\",\"inLanguage\":\"es-ES\",\"mainEntityOfPage\":{\"@id\":\"https:\\\/\\\/eldigitaldeasturias.com\\\/magazine365\\\/mago-gallego-de-17-anos-dice-que-siempre-quiso-ser-artista-y-hacer-cosas-imposibles\\\/#webpage\"},\"isPartOf\":{\"@id\":\"https:\\\/\\\/eldigitaldeasturias.com\\\/magazine365\\\/mago-gallego-de-17-anos-dice-que-siempre-quiso-ser-artista-y-hacer-cosas-imposibles\\\/#webpage\"},\"articleSection\":\"Noticias y Actualidad\"},{\"@type\":\"BreadcrumbList\",\"@id\":\"https:\\\/\\\/eldigitaldeasturias.com\\\/magazine365\\\/mago-gallego-de-17-anos-dice-que-siempre-quiso-ser-artista-y-hacer-cosas-imposibles\\\/#breadcrumblist\",\"itemListElement\":[{\"@type\":\"ListItem\",\"@id\":\"https:\\\/\\\/eldigitaldeasturias.com\\\/magazine365#listItem\",\"position\":1,\"name\":\"Home\",\"item\":\"https:\\\/\\\/eldigitaldeasturias.com\\\/magazine365\",\"nextItem\":{\"@type\":\"ListItem\",\"@id\":\"https:\\\/\\\/eldigitaldeasturias.com\\\/magazine365\\\/category\\\/noticias-actualidad\\\/#listItem\",\"name\":\"Noticias y Actualidad\"}},{\"@type\":\"ListItem\",\"@id\":\"https:\\\/\\\/eldigitaldeasturias.com\\\/magazine365\\\/category\\\/noticias-actualidad\\\/#listItem\",\"position\":2,\"name\":\"Noticias y Actualidad\",\"item\":\"https:\\\/\\\/eldigitaldeasturias.com\\\/magazine365\\\/category\\\/noticias-actualidad\\\/\",\"nextItem\":{\"@type\":\"ListItem\",\"@id\":\"https:\\\/\\\/eldigitaldeasturias.com\\\/magazine365\\\/mago-gallego-de-17-anos-dice-que-siempre-quiso-ser-artista-y-hacer-cosas-imposibles\\\/#listItem\",\"name\":\"Mago gallego de 17 a\\u00f1os dice que siempre quiso ser artista y \\u00abhacer cosas imposibles\\u00bb\"},\"previousItem\":{\"@type\":\"ListItem\",\"@id\":\"https:\\\/\\\/eldigitaldeasturias.com\\\/magazine365#listItem\",\"name\":\"Home\"}},{\"@type\":\"ListItem\",\"@id\":\"https:\\\/\\\/eldigitaldeasturias.com\\\/magazine365\\\/mago-gallego-de-17-anos-dice-que-siempre-quiso-ser-artista-y-hacer-cosas-imposibles\\\/#listItem\",\"position\":3,\"name\":\"Mago gallego de 17 a\\u00f1os dice que siempre quiso ser artista y \\u00abhacer cosas imposibles\\u00bb\",\"previousItem\":{\"@type\":\"ListItem\",\"@id\":\"https:\\\/\\\/eldigitaldeasturias.com\\\/magazine365\\\/category\\\/noticias-actualidad\\\/#listItem\",\"name\":\"Noticias y Actualidad\"}}]},{\"@type\":\"Organization\",\"@id\":\"https:\\\/\\\/eldigitaldeasturias.com\\\/magazine365\\\/#organization\",\"name\":\"El digital de Asturias\",\"description\":\"Revista de ocio, turismo y estilo de vida\",\"url\":\"https:\\\/\\\/eldigitaldeasturias.com\\\/magazine365\\\/\",\"logo\":{\"@type\":\"ImageObject\",\"url\":\"https:\\\/\\\/www.eldigitaldeasturias.com\\\/noticias\\\/wp-content\\\/uploads\\\/2020\\\/12\\\/EDA.jpg\",\"@id\":\"https:\\\/\\\/eldigitaldeasturias.com\\\/magazine365\\\/mago-gallego-de-17-anos-dice-que-siempre-quiso-ser-artista-y-hacer-cosas-imposibles\\\/#organizationLogo\"},\"image\":{\"@id\":\"https:\\\/\\\/eldigitaldeasturias.com\\\/magazine365\\\/mago-gallego-de-17-anos-dice-que-siempre-quiso-ser-artista-y-hacer-cosas-imposibles\\\/#organizationLogo\"}},{\"@type\":\"Person\",\"@id\":\"https:\\\/\\\/eldigitaldeasturias.com\\\/magazine365\\\/author\\\/admin\\\/#author\",\"url\":\"https:\\\/\\\/eldigitaldeasturias.com\\\/magazine365\\\/author\\\/admin\\\/\",\"name\":\"admin\",\"image\":{\"@type\":\"ImageObject\",\"@id\":\"https:\\\/\\\/eldigitaldeasturias.com\\\/magazine365\\\/mago-gallego-de-17-anos-dice-que-siempre-quiso-ser-artista-y-hacer-cosas-imposibles\\\/#authorImage\",\"url\":\"https:\\\/\\\/eldigitaldeasturias.com\\\/magazine365\\\/wp-content\\\/litespeed\\\/avatar\\\/e571bcf59a0edd6fa6838245a470f2fe.jpg?ver=1776969259\",\"width\":96,\"height\":96,\"caption\":\"admin\"}},{\"@type\":\"WebPage\",\"@id\":\"https:\\\/\\\/eldigitaldeasturias.com\\\/magazine365\\\/mago-gallego-de-17-anos-dice-que-siempre-quiso-ser-artista-y-hacer-cosas-imposibles\\\/#webpage\",\"url\":\"https:\\\/\\\/eldigitaldeasturias.com\\\/magazine365\\\/mago-gallego-de-17-anos-dice-que-siempre-quiso-ser-artista-y-hacer-cosas-imposibles\\\/\",\"name\":\"Mago gallego de 17 a\\u00f1os dice que siempre quiso ser artista y \\u00abhacer cosas imposibles\\u00bb | El Digital de Asturias\",\"description\":\"A Coru\\u00f1a, 11 ene (EFE).- El joven ilusionista Mart\\u00edn Varela, que muestra hoy su espect\\u00e1culo \\\"Manifesto\\\" en el Teatro Col\\u00f3n de A Coru\\u00f1a, asegura, en una entrevista con EFE, que siempre quiso \\\"ser artista\\\" y que eligi\\u00f3 la magia porque \\\"quer\\u00eda hacer cosas imposibles\\\". El ferrolano de apenas diecisiete a\\u00f1os que estudia segundo de Bachillerato\",\"inLanguage\":\"es-ES\",\"isPartOf\":{\"@id\":\"https:\\\/\\\/eldigitaldeasturias.com\\\/magazine365\\\/#website\"},\"breadcrumb\":{\"@id\":\"https:\\\/\\\/eldigitaldeasturias.com\\\/magazine365\\\/mago-gallego-de-17-anos-dice-que-siempre-quiso-ser-artista-y-hacer-cosas-imposibles\\\/#breadcrumblist\"},\"author\":{\"@id\":\"https:\\\/\\\/eldigitaldeasturias.com\\\/magazine365\\\/author\\\/admin\\\/#author\"},\"creator\":{\"@id\":\"https:\\\/\\\/eldigitaldeasturias.com\\\/magazine365\\\/author\\\/admin\\\/#author\"},\"image\":{\"@type\":\"ImageObject\",\"url\":\"https:\\\/\\\/eldigitaldeasturias.com\\\/magazine365\\\/wp-content\\\/uploads\\\/2014\\\/01\\\/5842237w.jpg\",\"@id\":\"https:\\\/\\\/eldigitaldeasturias.com\\\/magazine365\\\/mago-gallego-de-17-anos-dice-que-siempre-quiso-ser-artista-y-hacer-cosas-imposibles\\\/#mainImage\",\"width\":800,\"height\":573},\"primaryImageOfPage\":{\"@id\":\"https:\\\/\\\/eldigitaldeasturias.com\\\/magazine365\\\/mago-gallego-de-17-anos-dice-que-siempre-quiso-ser-artista-y-hacer-cosas-imposibles\\\/#mainImage\"},\"datePublished\":\"2014-01-11T21:26:56+01:00\",\"dateModified\":\"2014-01-11T21:26:56+01:00\"},{\"@type\":\"WebSite\",\"@id\":\"https:\\\/\\\/eldigitaldeasturias.com\\\/magazine365\\\/#website\",\"url\":\"https:\\\/\\\/eldigitaldeasturias.com\\\/magazine365\\\/\",\"name\":\"El Digital de Asturias\",\"description\":\"Revista de ocio, turismo y estilo de vida\",\"inLanguage\":\"es-ES\",\"publisher\":{\"@id\":\"https:\\\/\\\/eldigitaldeasturias.com\\\/magazine365\\\/#organization\"}}]}\n\t\t<\/script>\n\t\t<!-- All in One SEO Pro -->\r\n\t\t<title>Mago gallego de 17 a\u00f1os dice que siempre quiso ser artista y \u00abhacer cosas imposibles\u00bb | El Digital de Asturias<\/title>\n\n","aioseo_head_json":{"title":"Mago gallego de 17 a\u00f1os dice que siempre quiso ser artista y \u00abhacer cosas imposibles\u00bb | El Digital de Asturias","description":"A Coru\u00f1a, 11 ene (EFE).- El joven ilusionista Mart\u00edn Varela, que muestra hoy su espect\u00e1culo \"Manifesto\" en el Teatro Col\u00f3n de A Coru\u00f1a, asegura, en una entrevista con EFE, que siempre quiso \"ser artista\" y que eligi\u00f3 la magia porque \"quer\u00eda hacer cosas imposibles\". El ferrolano de apenas diecisiete a\u00f1os que estudia segundo de Bachillerato","canonical_url":"https:\/\/eldigitaldeasturias.com\/magazine365\/mago-gallego-de-17-anos-dice-que-siempre-quiso-ser-artista-y-hacer-cosas-imposibles\/","robots":"max-image-preview:large","keywords":"noticias y actualidad","webmasterTools":{"google-site-verification":"UA-38556648-1","miscellaneous":""},"schema":{"@context":"https:\/\/schema.org","@graph":[{"@type":"Article","@id":"https:\/\/eldigitaldeasturias.com\/magazine365\/mago-gallego-de-17-anos-dice-que-siempre-quiso-ser-artista-y-hacer-cosas-imposibles\/#article","name":"Mago gallego de 17 a\u00f1os dice que siempre quiso ser artista y \u00abhacer cosas imposibles\u00bb | El Digital de Asturias","headline":"Mago gallego de 17 a\u00f1os dice que siempre quiso ser artista y \u00abhacer cosas imposibles\u00bb","author":{"@id":"https:\/\/eldigitaldeasturias.com\/magazine365\/author\/admin\/#author"},"publisher":{"@id":"https:\/\/eldigitaldeasturias.com\/magazine365\/#organization"},"image":{"@type":"ImageObject","url":"https:\/\/eldigitaldeasturias.com\/magazine365\/wp-content\/uploads\/2014\/01\/5842237w.jpg","width":800,"height":573},"datePublished":"2014-01-11T21:26:56+01:00","dateModified":"2014-01-11T21:26:56+01:00","inLanguage":"es-ES","mainEntityOfPage":{"@id":"https:\/\/eldigitaldeasturias.com\/magazine365\/mago-gallego-de-17-anos-dice-que-siempre-quiso-ser-artista-y-hacer-cosas-imposibles\/#webpage"},"isPartOf":{"@id":"https:\/\/eldigitaldeasturias.com\/magazine365\/mago-gallego-de-17-anos-dice-que-siempre-quiso-ser-artista-y-hacer-cosas-imposibles\/#webpage"},"articleSection":"Noticias y Actualidad"},{"@type":"BreadcrumbList","@id":"https:\/\/eldigitaldeasturias.com\/magazine365\/mago-gallego-de-17-anos-dice-que-siempre-quiso-ser-artista-y-hacer-cosas-imposibles\/#breadcrumblist","itemListElement":[{"@type":"ListItem","@id":"https:\/\/eldigitaldeasturias.com\/magazine365#listItem","position":1,"name":"Home","item":"https:\/\/eldigitaldeasturias.com\/magazine365","nextItem":{"@type":"ListItem","@id":"https:\/\/eldigitaldeasturias.com\/magazine365\/category\/noticias-actualidad\/#listItem","name":"Noticias y Actualidad"}},{"@type":"ListItem","@id":"https:\/\/eldigitaldeasturias.com\/magazine365\/category\/noticias-actualidad\/#listItem","position":2,"name":"Noticias y Actualidad","item":"https:\/\/eldigitaldeasturias.com\/magazine365\/category\/noticias-actualidad\/","nextItem":{"@type":"ListItem","@id":"https:\/\/eldigitaldeasturias.com\/magazine365\/mago-gallego-de-17-anos-dice-que-siempre-quiso-ser-artista-y-hacer-cosas-imposibles\/#listItem","name":"Mago gallego de 17 a\u00f1os dice que siempre quiso ser artista y \u00abhacer cosas imposibles\u00bb"},"previousItem":{"@type":"ListItem","@id":"https:\/\/eldigitaldeasturias.com\/magazine365#listItem","name":"Home"}},{"@type":"ListItem","@id":"https:\/\/eldigitaldeasturias.com\/magazine365\/mago-gallego-de-17-anos-dice-que-siempre-quiso-ser-artista-y-hacer-cosas-imposibles\/#listItem","position":3,"name":"Mago gallego de 17 a\u00f1os dice que siempre quiso ser artista y \u00abhacer cosas imposibles\u00bb","previousItem":{"@type":"ListItem","@id":"https:\/\/eldigitaldeasturias.com\/magazine365\/category\/noticias-actualidad\/#listItem","name":"Noticias y Actualidad"}}]},{"@type":"Organization","@id":"https:\/\/eldigitaldeasturias.com\/magazine365\/#organization","name":"El digital de Asturias","description":"Revista de ocio, turismo y estilo de vida","url":"https:\/\/eldigitaldeasturias.com\/magazine365\/","logo":{"@type":"ImageObject","url":"https:\/\/www.eldigitaldeasturias.com\/noticias\/wp-content\/uploads\/2020\/12\/EDA.jpg","@id":"https:\/\/eldigitaldeasturias.com\/magazine365\/mago-gallego-de-17-anos-dice-que-siempre-quiso-ser-artista-y-hacer-cosas-imposibles\/#organizationLogo"},"image":{"@id":"https:\/\/eldigitaldeasturias.com\/magazine365\/mago-gallego-de-17-anos-dice-que-siempre-quiso-ser-artista-y-hacer-cosas-imposibles\/#organizationLogo"}},{"@type":"Person","@id":"https:\/\/eldigitaldeasturias.com\/magazine365\/author\/admin\/#author","url":"https:\/\/eldigitaldeasturias.com\/magazine365\/author\/admin\/","name":"admin","image":{"@type":"ImageObject","@id":"https:\/\/eldigitaldeasturias.com\/magazine365\/mago-gallego-de-17-anos-dice-que-siempre-quiso-ser-artista-y-hacer-cosas-imposibles\/#authorImage","url":"https:\/\/eldigitaldeasturias.com\/magazine365\/wp-content\/litespeed\/avatar\/e571bcf59a0edd6fa6838245a470f2fe.jpg?ver=1776969259","width":96,"height":96,"caption":"admin"}},{"@type":"WebPage","@id":"https:\/\/eldigitaldeasturias.com\/magazine365\/mago-gallego-de-17-anos-dice-que-siempre-quiso-ser-artista-y-hacer-cosas-imposibles\/#webpage","url":"https:\/\/eldigitaldeasturias.com\/magazine365\/mago-gallego-de-17-anos-dice-que-siempre-quiso-ser-artista-y-hacer-cosas-imposibles\/","name":"Mago gallego de 17 a\u00f1os dice que siempre quiso ser artista y \u00abhacer cosas imposibles\u00bb | El Digital de Asturias","description":"A Coru\u00f1a, 11 ene (EFE).- El joven ilusionista Mart\u00edn Varela, que muestra hoy su espect\u00e1culo \"Manifesto\" en el Teatro Col\u00f3n de A Coru\u00f1a, asegura, en una entrevista con EFE, que siempre quiso \"ser artista\" y que eligi\u00f3 la magia porque \"quer\u00eda hacer cosas imposibles\". El ferrolano de apenas diecisiete a\u00f1os que estudia segundo de Bachillerato","inLanguage":"es-ES","isPartOf":{"@id":"https:\/\/eldigitaldeasturias.com\/magazine365\/#website"},"breadcrumb":{"@id":"https:\/\/eldigitaldeasturias.com\/magazine365\/mago-gallego-de-17-anos-dice-que-siempre-quiso-ser-artista-y-hacer-cosas-imposibles\/#breadcrumblist"},"author":{"@id":"https:\/\/eldigitaldeasturias.com\/magazine365\/author\/admin\/#author"},"creator":{"@id":"https:\/\/eldigitaldeasturias.com\/magazine365\/author\/admin\/#author"},"image":{"@type":"ImageObject","url":"https:\/\/eldigitaldeasturias.com\/magazine365\/wp-content\/uploads\/2014\/01\/5842237w.jpg","@id":"https:\/\/eldigitaldeasturias.com\/magazine365\/mago-gallego-de-17-anos-dice-que-siempre-quiso-ser-artista-y-hacer-cosas-imposibles\/#mainImage","width":800,"height":573},"primaryImageOfPage":{"@id":"https:\/\/eldigitaldeasturias.com\/magazine365\/mago-gallego-de-17-anos-dice-que-siempre-quiso-ser-artista-y-hacer-cosas-imposibles\/#mainImage"},"datePublished":"2014-01-11T21:26:56+01:00","dateModified":"2014-01-11T21:26:56+01:00"},{"@type":"WebSite","@id":"https:\/\/eldigitaldeasturias.com\/magazine365\/#website","url":"https:\/\/eldigitaldeasturias.com\/magazine365\/","name":"El Digital de Asturias","description":"Revista de ocio, turismo y estilo de vida","inLanguage":"es-ES","publisher":{"@id":"https:\/\/eldigitaldeasturias.com\/magazine365\/#organization"}}]},"og:locale":"es_ES","og:site_name":"El Digital de Asturias \u2013 Revista de ocio, turismo y estilo de vida","og:type":"article","og:title":"Mago gallego de 17 a\u00f1os dice que siempre quiso ser artista y \u00abhacer cosas imposibles\u00bb | El Digital de Asturias","og:description":"A Coru\u00f1a, 11 ene (EFE).- El joven ilusionista Mart\u00edn Varela, que muestra hoy su espect\u00e1culo &quot;Manifesto&quot; en el Teatro Col\u00f3n de A Coru\u00f1a, asegura, en una entrevista con EFE, que siempre quiso &quot;ser artista&quot; y que eligi\u00f3 la magia porque &quot;quer\u00eda hacer cosas imposibles&quot;. El ferrolano de apenas diecisiete a\u00f1os que estudia segundo de Bachillerato","og:url":"https:\/\/eldigitaldeasturias.com\/magazine365\/mago-gallego-de-17-anos-dice-que-siempre-quiso-ser-artista-y-hacer-cosas-imposibles\/","og:image":"https:\/\/eldigitaldeasturias.com\/magazine365\/wp-content\/uploads\/2014\/01\/5842237w.jpg","og:image:secure_url":"https:\/\/eldigitaldeasturias.com\/magazine365\/wp-content\/uploads\/2014\/01\/5842237w.jpg","og:image:width":800,"og:image:height":573,"article:published_time":"2014-01-11T22:26:56+00:00","article:modified_time":"2014-01-11T22:26:56+00:00","twitter:card":"summary_large_image","twitter:title":"Mago gallego de 17 a\u00f1os dice que siempre quiso ser artista y \u00abhacer cosas imposibles\u00bb | El Digital de Asturias","twitter:description":"A Coru\u00f1a, 11 ene (EFE).- El joven ilusionista Mart\u00edn Varela, que muestra hoy su espect\u00e1culo &quot;Manifesto&quot; en el Teatro Col\u00f3n de A Coru\u00f1a, asegura, en una entrevista con EFE, que siempre quiso &quot;ser artista&quot; y que eligi\u00f3 la magia porque &quot;quer\u00eda hacer cosas imposibles&quot;. El ferrolano de apenas diecisiete a\u00f1os que estudia segundo de Bachillerato","twitter:image":"https:\/\/eldigitaldeasturias.com\/magazine365\/wp-content\/uploads\/2014\/01\/5842237w.jpg"},"aioseo_meta_data":{"post_id":"702","title":null,"description":null,"keywords":null,"keyphrases":null,"primary_term":null,"canonical_url":null,"og_title":null,"og_description":null,"og_object_type":"default","og_image_type":"default","og_image_url":null,"og_image_width":null,"og_image_height":null,"og_image_custom_url":null,"og_image_custom_fields":null,"og_video":null,"og_custom_url":null,"og_article_section":null,"og_article_tags":null,"twitter_use_og":false,"twitter_card":"default","twitter_image_type":"default","twitter_image_url":null,"twitter_image_custom_url":null,"twitter_image_custom_fields":null,"twitter_title":null,"twitter_description":null,"schema":{"blockGraphs":[],"customGraphs":[],"default":{"data":{"Article":[],"Course":[],"Dataset":[],"FAQPage":[],"Movie":[],"Person":[],"Product":[],"ProductReview":[],"Car":[],"Recipe":[],"Service":[],"SoftwareApplication":[],"WebPage":[]},"graphName":"","isEnabled":true},"graphs":[],"defaultGraph":"","defaultPostTypeGraph":""},"schema_type":null,"schema_type_options":null,"pillar_content":false,"robots_default":true,"robots_noindex":false,"robots_noarchive":false,"robots_nosnippet":false,"robots_nofollow":false,"robots_noimageindex":false,"robots_noodp":false,"robots_notranslate":false,"robots_max_snippet":null,"robots_max_videopreview":null,"robots_max_imagepreview":"large","priority":null,"frequency":null,"location":null,"local_seo":null,"seo_analyzer_scan_date":"2025-09-16 08:02:00","breadcrumb_settings":null,"limit_modified_date":false,"open_ai":null,"ai":null,"created":"2020-12-21 13:34:32","updated":"2025-09-16 08:02:00"},"aioseo_breadcrumb":"<div class=\"aioseo-breadcrumbs\"><span class=\"aioseo-breadcrumb\">\n\t<a href=\"https:\/\/eldigitaldeasturias.com\/magazine365\" title=\"Home\">Home<\/a>\n<\/span><span class=\"aioseo-breadcrumb-separator\">\u2013<\/span><span class=\"aioseo-breadcrumb\">\n\t<a href=\"https:\/\/eldigitaldeasturias.com\/magazine365\/category\/noticias-actualidad\/\" title=\"Noticias y Actualidad\">Noticias y Actualidad<\/a>\n<\/span><span class=\"aioseo-breadcrumb-separator\">\u2013<\/span><span class=\"aioseo-breadcrumb\">\n\t<a href=\"https:\/\/eldigitaldeasturias.com\/magazine365\/mago-gallego-de-17-anos-dice-que-siempre-quiso-ser-artista-y-hacer-cosas-imposibles\/\" title=\"Mago gallego de 17 a\u00f1os dice que siempre quiso ser artista y \u00abhacer cosas imposibles\u00bb\">Mago gallego de 17 a\u00f1os dice que siempre quiso ser artista y \u00abhacer cosas imposibles\u00bb<\/a>\n<\/span><\/div>","aioseo_breadcrumb_json":[{"label":"Home","link":"https:\/\/eldigitaldeasturias.com\/magazine365"},{"label":"Noticias y Actualidad","link":"https:\/\/eldigitaldeasturias.com\/magazine365\/category\/noticias-actualidad\/"},{"label":"Mago gallego de 17 a\u00f1os dice que siempre quiso ser artista y \u00abhacer cosas imposibles\u00bb","link":"https:\/\/eldigitaldeasturias.com\/magazine365\/mago-gallego-de-17-anos-dice-que-siempre-quiso-ser-artista-y-hacer-cosas-imposibles\/"}],"_links":{"self":[{"href":"https:\/\/eldigitaldeasturias.com\/magazine365\/wp-json\/wp\/v2\/posts\/702","targetHints":{"allow":["GET"]}}],"collection":[{"href":"https:\/\/eldigitaldeasturias.com\/magazine365\/wp-json\/wp\/v2\/posts"}],"about":[{"href":"https:\/\/eldigitaldeasturias.com\/magazine365\/wp-json\/wp\/v2\/types\/post"}],"author":[{"embeddable":true,"href":"https:\/\/eldigitaldeasturias.com\/magazine365\/wp-json\/wp\/v2\/users\/1"}],"replies":[{"embeddable":true,"href":"https:\/\/eldigitaldeasturias.com\/magazine365\/wp-json\/wp\/v2\/comments?post=702"}],"version-history":[{"count":0,"href":"https:\/\/eldigitaldeasturias.com\/magazine365\/wp-json\/wp\/v2\/posts\/702\/revisions"}],"wp:featuredmedia":[{"embeddable":true,"href":"https:\/\/eldigitaldeasturias.com\/magazine365\/wp-json\/wp\/v2\/media\/703"}],"wp:attachment":[{"href":"https:\/\/eldigitaldeasturias.com\/magazine365\/wp-json\/wp\/v2\/media?parent=702"}],"wp:term":[{"taxonomy":"category","embeddable":true,"href":"https:\/\/eldigitaldeasturias.com\/magazine365\/wp-json\/wp\/v2\/categories?post=702"},{"taxonomy":"post_tag","embeddable":true,"href":"https:\/\/eldigitaldeasturias.com\/magazine365\/wp-json\/wp\/v2\/tags?post=702"}],"curies":[{"name":"wp","href":"https:\/\/api.w.org\/{rel}","templated":true}]}}