{"id":696,"date":"2014-01-11T21:24:26","date_gmt":"2014-01-11T22:24:26","guid":{"rendered":"http:\/\/eldigitaldeasturias.com\/magazine365\/?p=696"},"modified":"2014-01-11T21:24:26","modified_gmt":"2014-01-11T22:24:26","slug":"la-intimidad-de-un-presidente-frances-de-nuevo-bajo-los-focos","status":"publish","type":"post","link":"https:\/\/eldigitaldeasturias.com\/magazine365\/la-intimidad-de-un-presidente-frances-de-nuevo-bajo-los-focos\/","title":{"rendered":"La intimidad de un presidente franc\u00e9s, de nuevo bajo los focos"},"content":{"rendered":"<p><img fetchpriority=\"high\" decoding=\"async\" class=\"alignleft size-medium wp-image-697\" alt=\"5842219w\" src=\"https:\/\/eldigitaldeasturias.com\/magazine365\/wp-content\/uploads\/2014\/01\/5842219w-360x260.jpg\" width=\"360\" height=\"260\" srcset=\"https:\/\/eldigitaldeasturias.com\/magazine365\/wp-content\/uploads\/2014\/01\/5842219w-360x260.jpg 360w, https:\/\/eldigitaldeasturias.com\/magazine365\/wp-content\/uploads\/2014\/01\/5842219w-650x470.jpg 650w, https:\/\/eldigitaldeasturias.com\/magazine365\/wp-content\/uploads\/2014\/01\/5842219w-768x555.jpg 768w, https:\/\/eldigitaldeasturias.com\/magazine365\/wp-content\/uploads\/2014\/01\/5842219w-150x108.jpg 150w, https:\/\/eldigitaldeasturias.com\/magazine365\/wp-content\/uploads\/2014\/01\/5842219w-450x325.jpg 450w, https:\/\/eldigitaldeasturias.com\/magazine365\/wp-content\/uploads\/2014\/01\/5842219w.jpg 800w\" sizes=\"(max-width: 360px) 100vw, 360px\" \/>Par\u00eds, 11 ene (EFE).- La vida privada del presidente franc\u00e9s, Fran\u00e7ois Hollande, acaba de ser de nuevo expuesta al mundo en la prensa, a la que el jefe del Estado felicitar\u00e1 el a\u00f1o el martes, una formalidad que esta vez adquiere una enorme expectaci\u00f3n.<\/p>\n<p>La tradicional felicitaci\u00f3n que la presidencia env\u00eda a la prensa en forma de acto institucional en el Palacio del El\u00edseo, prevista para el 14 de enero como una conferencia de prensa, ser\u00e1 esta vez con seguridad seguida entre otros motivos para analizar la respuesta de Hollande a un nuevo reto a su imagen p\u00fablica.<\/p>\n<p>La bomba medi\u00e1tica lanzada el jueves por la noche por una revista del coraz\u00f3n con supuestas fotograf\u00edas que, seg\u00fan el medio, demuestran una relaci\u00f3n sentimental del presidente con la actriz Julie Gayet es un nuevo cap\u00edtulo de una serie que no debe sorprender a los franceses: los asuntos de alcoba de la jefatura del Estado.<\/p>\n<p>Los medios galos se libran este fin de semana al habitual debate entre partidarios y detractores de la transparencia en estos asuntos, al usual intercambio de opiniones entre quienes quieren juzgar al jefe del Estado \u00fanicamente por su acci\u00f3n p\u00fablica y quienes adem\u00e1s pretenden valorarle por su vida privada.<\/p>\n<p>En el caso de Hollande no es materia novedosa: su relaci\u00f3n con la periodista Val\u00e9rie Trierweiler, sin v\u00ednculo matrimonial entre ambos, ya influy\u00f3 de manera importante en el inicio del mandato presidencial cuando ella difundi\u00f3 en un tuit un mensaje retador contra la anterior compa\u00f1era sentimental del pol\u00edtico socialista, S\u00e9gol\u00e8ne Royal.<\/p>\n<p>La presidencia \u00abnormal\u00bb anunciada por Hollande, por contraposici\u00f3n a una \u00abhiperactiva\u00bb presidencia atribuida a su predecesor, el conservador Nicolas Sarkozy, mantiene efectivamente un nivel de normalidad desde el punto de vista de la exposici\u00f3n p\u00fablica reciente de la vida \u00edntima del jefe del Estado.<\/p>\n<p>As\u00ed fue precisamente con Sarkozy, cuya relaci\u00f3n con la exmodelo y cantante Carla Bruni invadi\u00f3 desde los primeros pasos de su presidencia una acci\u00f3n oficial en la que el presidente aliment\u00f3 la atenci\u00f3n de los medios de comunicaci\u00f3n, ya curiosos por saber c\u00f3mo cambi\u00f3 de pareja el expresidente.<\/p>\n<p>Sin embargo la presidencia de la V Rep\u00fablica francesa, la comenzada con el general Charles de Gaulle en 1958 y que fortaleci\u00f3 los poderes del jefe del Estado, se caracteriz\u00f3 en sus comienzos por una acentuada confidencialidad de la vida privada del m\u00e1ximo mandatario del pa\u00eds.<\/p>\n<p>Su sucesor, Georges Pompidou, abri\u00f3 esa parcela de la intimidad a los medios, que con motivo de los rumores en torno a la muerte de un exguardaespaldas del actor Alain Delon, llegaron a interesarse tibiamente por rumores que afectaban a su esposa y que no alcanzaron la notoriedad que hoy se presta a la vida privada de los presidentes.<\/p>\n<p>Posteriormente, a Val\u00e9ry Giscard D&#8217;Estaing se le adjudicar\u00edan inclinaciones extramaritales mencionadas por los medios franceses pero con la excusa de hacerse eco de informaciones publicadas en el extranjero.<\/p>\n<p>El cambio lleg\u00f3 con el socialista Fran\u00e7ois Mitterrand, como hoy se recuerda a prop\u00f3sito del asunto que pone los focos sobre la vida privada de Hollande: la revista \u00abParis Match\u00bb publica en 1994 fotograf\u00edas de la hija ileg\u00edtima del presidente, Mazarine, y comienza ciertamente lo que en Francia ya se conoce como la \u00abpeoplelisation\u00bb, o vulgarizaci\u00f3n en la prensa del coraz\u00f3n, de los asuntos de Estado.<\/p>\n<p>Con el conservador Jacques Chirac los medios franceses divulgan ya con menor pudor noticias que difunden el \u00abgusto por las mujeres\u00bb de un presidente al que adem\u00e1s se le llega a adjudicar un hijo secreto en 1996 (rumor no probado), pero todav\u00eda no hay nombres de personas, los eventuales \u00abl\u00edos\u00bb del jefe del Estado no son identificados.<\/p>\n<p>Sarzkozy, ya dos a\u00f1os antes de acceder a la presidencia, en 2005, confiesa en la televisi\u00f3n sus problemas conyugales con su esposa, C\u00e9cilia, y lleva con su llegada al El\u00edseo en 2007 la atenci\u00f3n medi\u00e1tica sobre una relaci\u00f3n que se rompe y as\u00ed lo exhibe p\u00fablicamente, hasta que pasea su nuevo amor con Bruni.<\/p>\n<p>Hollande conecta as\u00ed con una pr\u00e1ctica por lo tanto no general durante la V Rep\u00fablica pero s\u00ed acentuada con los \u00faltimos presidentes, aunque en su caso coincide con una popularidad entre los franceses que alcanza m\u00ednimos hist\u00f3ricos.<\/p>\n","protected":false},"excerpt":{"rendered":"<p>Par\u00eds, 11 ene (EFE).- La vida privada del presidente franc\u00e9s, Fran\u00e7ois Hollande, acaba de ser de nuevo expuesta al mundo en la prensa, a la que el jefe del Estado felicitar\u00e1 el a\u00f1o el martes, una formalidad que esta vez adquiere una enorme expectaci\u00f3n. La tradicional felicitaci\u00f3n que la presidencia env\u00eda a la prensa en<\/p>\n","protected":false},"author":1,"featured_media":697,"comment_status":"open","ping_status":"open","sticky":false,"template":"","format":"standard","meta":{"footnotes":""},"categories":[224],"tags":[],"class_list":{"0":"post-696","1":"post","2":"type-post","3":"status-publish","4":"format-standard","5":"has-post-thumbnail","7":"category-noticias-actualidad"},"aioseo_notices":[],"aioseo_head":"\n\t\t<!-- All in One SEO Pro 4.9.6.1 - aioseo.com -->\n\t<meta name=\"description\" content=\"Par\u00eds, 11 ene (EFE).- La vida privada del presidente franc\u00e9s, Fran\u00e7ois Hollande, acaba de ser de nuevo expuesta al mundo en la prensa, a la que el jefe del Estado felicitar\u00e1 el a\u00f1o el martes, una formalidad que esta vez adquiere una enorme expectaci\u00f3n. La tradicional felicitaci\u00f3n que la presidencia env\u00eda a la prensa en\" \/>\n\t<meta name=\"robots\" content=\"max-image-preview:large\" \/>\n\t<meta name=\"author\" content=\"admin\"\/>\n\t<meta name=\"google-site-verification\" content=\"UA-38556648-1\" \/>\n\t<meta name=\"keywords\" content=\"noticias y actualidad\" \/>\n\t<link rel=\"canonical\" href=\"https:\/\/eldigitaldeasturias.com\/magazine365\/la-intimidad-de-un-presidente-frances-de-nuevo-bajo-los-focos\/\" \/>\n\t<meta name=\"generator\" content=\"All in One SEO Pro (AIOSEO) 4.9.6.1\" \/>\n\t\t<meta property=\"og:locale\" content=\"es_ES\" \/>\n\t\t<meta property=\"og:site_name\" content=\"El Digital de Asturias \u2013 Revista de ocio, turismo y estilo de vida\" \/>\n\t\t<meta property=\"og:type\" content=\"article\" \/>\n\t\t<meta property=\"og:title\" content=\"La intimidad de un presidente franc\u00e9s, de nuevo bajo los focos | El Digital de Asturias\" \/>\n\t\t<meta property=\"og:description\" content=\"Par\u00eds, 11 ene (EFE).- La vida privada del presidente franc\u00e9s, Fran\u00e7ois Hollande, acaba de ser de nuevo expuesta al mundo en la prensa, a la que el jefe del Estado felicitar\u00e1 el a\u00f1o el martes, una formalidad que esta vez adquiere una enorme expectaci\u00f3n. La tradicional felicitaci\u00f3n que la presidencia env\u00eda a la prensa en\" \/>\n\t\t<meta property=\"og:url\" content=\"https:\/\/eldigitaldeasturias.com\/magazine365\/la-intimidad-de-un-presidente-frances-de-nuevo-bajo-los-focos\/\" \/>\n\t\t<meta property=\"og:image\" content=\"https:\/\/eldigitaldeasturias.com\/magazine365\/wp-content\/uploads\/2014\/01\/5842219w.jpg\" \/>\n\t\t<meta property=\"og:image:secure_url\" content=\"https:\/\/eldigitaldeasturias.com\/magazine365\/wp-content\/uploads\/2014\/01\/5842219w.jpg\" \/>\n\t\t<meta property=\"og:image:width\" content=\"800\" \/>\n\t\t<meta property=\"og:image:height\" content=\"578\" \/>\n\t\t<meta property=\"article:published_time\" content=\"2014-01-11T22:24:26+00:00\" \/>\n\t\t<meta property=\"article:modified_time\" content=\"2014-01-11T22:24:26+00:00\" \/>\n\t\t<meta name=\"twitter:card\" content=\"summary_large_image\" \/>\n\t\t<meta name=\"twitter:title\" content=\"La intimidad de un presidente franc\u00e9s, de nuevo bajo los focos | El Digital de Asturias\" \/>\n\t\t<meta name=\"twitter:description\" content=\"Par\u00eds, 11 ene (EFE).- La vida privada del presidente franc\u00e9s, Fran\u00e7ois Hollande, acaba de ser de nuevo expuesta al mundo en la prensa, a la que el jefe del Estado felicitar\u00e1 el a\u00f1o el martes, una formalidad que esta vez adquiere una enorme expectaci\u00f3n. La tradicional felicitaci\u00f3n que la presidencia env\u00eda a la prensa en\" \/>\n\t\t<meta name=\"twitter:image\" content=\"https:\/\/eldigitaldeasturias.com\/magazine365\/wp-content\/uploads\/2014\/01\/5842219w.jpg\" \/>\n\t\t<script type=\"application\/ld+json\" class=\"aioseo-schema\">\n\t\t\t{\"@context\":\"https:\\\/\\\/schema.org\",\"@graph\":[{\"@type\":\"Article\",\"@id\":\"https:\\\/\\\/eldigitaldeasturias.com\\\/magazine365\\\/la-intimidad-de-un-presidente-frances-de-nuevo-bajo-los-focos\\\/#article\",\"name\":\"La intimidad de un presidente franc\\u00e9s, de nuevo bajo los focos | El Digital de Asturias\",\"headline\":\"La intimidad de un presidente franc\\u00e9s, de nuevo bajo los focos\",\"author\":{\"@id\":\"https:\\\/\\\/eldigitaldeasturias.com\\\/magazine365\\\/author\\\/admin\\\/#author\"},\"publisher\":{\"@id\":\"https:\\\/\\\/eldigitaldeasturias.com\\\/magazine365\\\/#organization\"},\"image\":{\"@type\":\"ImageObject\",\"url\":\"https:\\\/\\\/eldigitaldeasturias.com\\\/magazine365\\\/wp-content\\\/uploads\\\/2014\\\/01\\\/5842219w.jpg\",\"width\":800,\"height\":578},\"datePublished\":\"2014-01-11T21:24:26+01:00\",\"dateModified\":\"2014-01-11T21:24:26+01:00\",\"inLanguage\":\"es-ES\",\"mainEntityOfPage\":{\"@id\":\"https:\\\/\\\/eldigitaldeasturias.com\\\/magazine365\\\/la-intimidad-de-un-presidente-frances-de-nuevo-bajo-los-focos\\\/#webpage\"},\"isPartOf\":{\"@id\":\"https:\\\/\\\/eldigitaldeasturias.com\\\/magazine365\\\/la-intimidad-de-un-presidente-frances-de-nuevo-bajo-los-focos\\\/#webpage\"},\"articleSection\":\"Noticias y Actualidad\"},{\"@type\":\"BreadcrumbList\",\"@id\":\"https:\\\/\\\/eldigitaldeasturias.com\\\/magazine365\\\/la-intimidad-de-un-presidente-frances-de-nuevo-bajo-los-focos\\\/#breadcrumblist\",\"itemListElement\":[{\"@type\":\"ListItem\",\"@id\":\"https:\\\/\\\/eldigitaldeasturias.com\\\/magazine365#listItem\",\"position\":1,\"name\":\"Home\",\"item\":\"https:\\\/\\\/eldigitaldeasturias.com\\\/magazine365\",\"nextItem\":{\"@type\":\"ListItem\",\"@id\":\"https:\\\/\\\/eldigitaldeasturias.com\\\/magazine365\\\/category\\\/noticias-actualidad\\\/#listItem\",\"name\":\"Noticias y Actualidad\"}},{\"@type\":\"ListItem\",\"@id\":\"https:\\\/\\\/eldigitaldeasturias.com\\\/magazine365\\\/category\\\/noticias-actualidad\\\/#listItem\",\"position\":2,\"name\":\"Noticias y Actualidad\",\"item\":\"https:\\\/\\\/eldigitaldeasturias.com\\\/magazine365\\\/category\\\/noticias-actualidad\\\/\",\"nextItem\":{\"@type\":\"ListItem\",\"@id\":\"https:\\\/\\\/eldigitaldeasturias.com\\\/magazine365\\\/la-intimidad-de-un-presidente-frances-de-nuevo-bajo-los-focos\\\/#listItem\",\"name\":\"La intimidad de un presidente franc\\u00e9s, de nuevo bajo los focos\"},\"previousItem\":{\"@type\":\"ListItem\",\"@id\":\"https:\\\/\\\/eldigitaldeasturias.com\\\/magazine365#listItem\",\"name\":\"Home\"}},{\"@type\":\"ListItem\",\"@id\":\"https:\\\/\\\/eldigitaldeasturias.com\\\/magazine365\\\/la-intimidad-de-un-presidente-frances-de-nuevo-bajo-los-focos\\\/#listItem\",\"position\":3,\"name\":\"La intimidad de un presidente franc\\u00e9s, de nuevo bajo los focos\",\"previousItem\":{\"@type\":\"ListItem\",\"@id\":\"https:\\\/\\\/eldigitaldeasturias.com\\\/magazine365\\\/category\\\/noticias-actualidad\\\/#listItem\",\"name\":\"Noticias y Actualidad\"}}]},{\"@type\":\"Organization\",\"@id\":\"https:\\\/\\\/eldigitaldeasturias.com\\\/magazine365\\\/#organization\",\"name\":\"El digital de Asturias\",\"description\":\"Revista de ocio, turismo y estilo de vida\",\"url\":\"https:\\\/\\\/eldigitaldeasturias.com\\\/magazine365\\\/\",\"logo\":{\"@type\":\"ImageObject\",\"url\":\"https:\\\/\\\/www.eldigitaldeasturias.com\\\/noticias\\\/wp-content\\\/uploads\\\/2020\\\/12\\\/EDA.jpg\",\"@id\":\"https:\\\/\\\/eldigitaldeasturias.com\\\/magazine365\\\/la-intimidad-de-un-presidente-frances-de-nuevo-bajo-los-focos\\\/#organizationLogo\"},\"image\":{\"@id\":\"https:\\\/\\\/eldigitaldeasturias.com\\\/magazine365\\\/la-intimidad-de-un-presidente-frances-de-nuevo-bajo-los-focos\\\/#organizationLogo\"}},{\"@type\":\"Person\",\"@id\":\"https:\\\/\\\/eldigitaldeasturias.com\\\/magazine365\\\/author\\\/admin\\\/#author\",\"url\":\"https:\\\/\\\/eldigitaldeasturias.com\\\/magazine365\\\/author\\\/admin\\\/\",\"name\":\"admin\",\"image\":{\"@type\":\"ImageObject\",\"@id\":\"https:\\\/\\\/eldigitaldeasturias.com\\\/magazine365\\\/la-intimidad-de-un-presidente-frances-de-nuevo-bajo-los-focos\\\/#authorImage\",\"url\":\"https:\\\/\\\/eldigitaldeasturias.com\\\/magazine365\\\/wp-content\\\/litespeed\\\/avatar\\\/e571bcf59a0edd6fa6838245a470f2fe.jpg?ver=1776969259\",\"width\":96,\"height\":96,\"caption\":\"admin\"}},{\"@type\":\"WebPage\",\"@id\":\"https:\\\/\\\/eldigitaldeasturias.com\\\/magazine365\\\/la-intimidad-de-un-presidente-frances-de-nuevo-bajo-los-focos\\\/#webpage\",\"url\":\"https:\\\/\\\/eldigitaldeasturias.com\\\/magazine365\\\/la-intimidad-de-un-presidente-frances-de-nuevo-bajo-los-focos\\\/\",\"name\":\"La intimidad de un presidente franc\\u00e9s, de nuevo bajo los focos | El Digital de Asturias\",\"description\":\"Par\\u00eds, 11 ene (EFE).- La vida privada del presidente franc\\u00e9s, Fran\\u00e7ois Hollande, acaba de ser de nuevo expuesta al mundo en la prensa, a la que el jefe del Estado felicitar\\u00e1 el a\\u00f1o el martes, una formalidad que esta vez adquiere una enorme expectaci\\u00f3n. La tradicional felicitaci\\u00f3n que la presidencia env\\u00eda a la prensa en\",\"inLanguage\":\"es-ES\",\"isPartOf\":{\"@id\":\"https:\\\/\\\/eldigitaldeasturias.com\\\/magazine365\\\/#website\"},\"breadcrumb\":{\"@id\":\"https:\\\/\\\/eldigitaldeasturias.com\\\/magazine365\\\/la-intimidad-de-un-presidente-frances-de-nuevo-bajo-los-focos\\\/#breadcrumblist\"},\"author\":{\"@id\":\"https:\\\/\\\/eldigitaldeasturias.com\\\/magazine365\\\/author\\\/admin\\\/#author\"},\"creator\":{\"@id\":\"https:\\\/\\\/eldigitaldeasturias.com\\\/magazine365\\\/author\\\/admin\\\/#author\"},\"image\":{\"@type\":\"ImageObject\",\"url\":\"https:\\\/\\\/eldigitaldeasturias.com\\\/magazine365\\\/wp-content\\\/uploads\\\/2014\\\/01\\\/5842219w.jpg\",\"@id\":\"https:\\\/\\\/eldigitaldeasturias.com\\\/magazine365\\\/la-intimidad-de-un-presidente-frances-de-nuevo-bajo-los-focos\\\/#mainImage\",\"width\":800,\"height\":578},\"primaryImageOfPage\":{\"@id\":\"https:\\\/\\\/eldigitaldeasturias.com\\\/magazine365\\\/la-intimidad-de-un-presidente-frances-de-nuevo-bajo-los-focos\\\/#mainImage\"},\"datePublished\":\"2014-01-11T21:24:26+01:00\",\"dateModified\":\"2014-01-11T21:24:26+01:00\"},{\"@type\":\"WebSite\",\"@id\":\"https:\\\/\\\/eldigitaldeasturias.com\\\/magazine365\\\/#website\",\"url\":\"https:\\\/\\\/eldigitaldeasturias.com\\\/magazine365\\\/\",\"name\":\"El Digital de Asturias\",\"description\":\"Revista de ocio, turismo y estilo de vida\",\"inLanguage\":\"es-ES\",\"publisher\":{\"@id\":\"https:\\\/\\\/eldigitaldeasturias.com\\\/magazine365\\\/#organization\"}}]}\n\t\t<\/script>\n\t\t<!-- All in One SEO Pro -->\r\n\t\t<title>La intimidad de un presidente franc\u00e9s, de nuevo bajo los focos | El Digital de Asturias<\/title>\n\n","aioseo_head_json":{"title":"La intimidad de un presidente franc\u00e9s, de nuevo bajo los focos | El Digital de Asturias","description":"Par\u00eds, 11 ene (EFE).- La vida privada del presidente franc\u00e9s, Fran\u00e7ois Hollande, acaba de ser de nuevo expuesta al mundo en la prensa, a la que el jefe del Estado felicitar\u00e1 el a\u00f1o el martes, una formalidad que esta vez adquiere una enorme expectaci\u00f3n. La tradicional felicitaci\u00f3n que la presidencia env\u00eda a la prensa en","canonical_url":"https:\/\/eldigitaldeasturias.com\/magazine365\/la-intimidad-de-un-presidente-frances-de-nuevo-bajo-los-focos\/","robots":"max-image-preview:large","keywords":"noticias y actualidad","webmasterTools":{"google-site-verification":"UA-38556648-1","miscellaneous":""},"schema":{"@context":"https:\/\/schema.org","@graph":[{"@type":"Article","@id":"https:\/\/eldigitaldeasturias.com\/magazine365\/la-intimidad-de-un-presidente-frances-de-nuevo-bajo-los-focos\/#article","name":"La intimidad de un presidente franc\u00e9s, de nuevo bajo los focos | El Digital de Asturias","headline":"La intimidad de un presidente franc\u00e9s, de nuevo bajo los focos","author":{"@id":"https:\/\/eldigitaldeasturias.com\/magazine365\/author\/admin\/#author"},"publisher":{"@id":"https:\/\/eldigitaldeasturias.com\/magazine365\/#organization"},"image":{"@type":"ImageObject","url":"https:\/\/eldigitaldeasturias.com\/magazine365\/wp-content\/uploads\/2014\/01\/5842219w.jpg","width":800,"height":578},"datePublished":"2014-01-11T21:24:26+01:00","dateModified":"2014-01-11T21:24:26+01:00","inLanguage":"es-ES","mainEntityOfPage":{"@id":"https:\/\/eldigitaldeasturias.com\/magazine365\/la-intimidad-de-un-presidente-frances-de-nuevo-bajo-los-focos\/#webpage"},"isPartOf":{"@id":"https:\/\/eldigitaldeasturias.com\/magazine365\/la-intimidad-de-un-presidente-frances-de-nuevo-bajo-los-focos\/#webpage"},"articleSection":"Noticias y Actualidad"},{"@type":"BreadcrumbList","@id":"https:\/\/eldigitaldeasturias.com\/magazine365\/la-intimidad-de-un-presidente-frances-de-nuevo-bajo-los-focos\/#breadcrumblist","itemListElement":[{"@type":"ListItem","@id":"https:\/\/eldigitaldeasturias.com\/magazine365#listItem","position":1,"name":"Home","item":"https:\/\/eldigitaldeasturias.com\/magazine365","nextItem":{"@type":"ListItem","@id":"https:\/\/eldigitaldeasturias.com\/magazine365\/category\/noticias-actualidad\/#listItem","name":"Noticias y Actualidad"}},{"@type":"ListItem","@id":"https:\/\/eldigitaldeasturias.com\/magazine365\/category\/noticias-actualidad\/#listItem","position":2,"name":"Noticias y Actualidad","item":"https:\/\/eldigitaldeasturias.com\/magazine365\/category\/noticias-actualidad\/","nextItem":{"@type":"ListItem","@id":"https:\/\/eldigitaldeasturias.com\/magazine365\/la-intimidad-de-un-presidente-frances-de-nuevo-bajo-los-focos\/#listItem","name":"La intimidad de un presidente franc\u00e9s, de nuevo bajo los focos"},"previousItem":{"@type":"ListItem","@id":"https:\/\/eldigitaldeasturias.com\/magazine365#listItem","name":"Home"}},{"@type":"ListItem","@id":"https:\/\/eldigitaldeasturias.com\/magazine365\/la-intimidad-de-un-presidente-frances-de-nuevo-bajo-los-focos\/#listItem","position":3,"name":"La intimidad de un presidente franc\u00e9s, de nuevo bajo los focos","previousItem":{"@type":"ListItem","@id":"https:\/\/eldigitaldeasturias.com\/magazine365\/category\/noticias-actualidad\/#listItem","name":"Noticias y Actualidad"}}]},{"@type":"Organization","@id":"https:\/\/eldigitaldeasturias.com\/magazine365\/#organization","name":"El digital de Asturias","description":"Revista de ocio, turismo y estilo de vida","url":"https:\/\/eldigitaldeasturias.com\/magazine365\/","logo":{"@type":"ImageObject","url":"https:\/\/www.eldigitaldeasturias.com\/noticias\/wp-content\/uploads\/2020\/12\/EDA.jpg","@id":"https:\/\/eldigitaldeasturias.com\/magazine365\/la-intimidad-de-un-presidente-frances-de-nuevo-bajo-los-focos\/#organizationLogo"},"image":{"@id":"https:\/\/eldigitaldeasturias.com\/magazine365\/la-intimidad-de-un-presidente-frances-de-nuevo-bajo-los-focos\/#organizationLogo"}},{"@type":"Person","@id":"https:\/\/eldigitaldeasturias.com\/magazine365\/author\/admin\/#author","url":"https:\/\/eldigitaldeasturias.com\/magazine365\/author\/admin\/","name":"admin","image":{"@type":"ImageObject","@id":"https:\/\/eldigitaldeasturias.com\/magazine365\/la-intimidad-de-un-presidente-frances-de-nuevo-bajo-los-focos\/#authorImage","url":"https:\/\/eldigitaldeasturias.com\/magazine365\/wp-content\/litespeed\/avatar\/e571bcf59a0edd6fa6838245a470f2fe.jpg?ver=1776969259","width":96,"height":96,"caption":"admin"}},{"@type":"WebPage","@id":"https:\/\/eldigitaldeasturias.com\/magazine365\/la-intimidad-de-un-presidente-frances-de-nuevo-bajo-los-focos\/#webpage","url":"https:\/\/eldigitaldeasturias.com\/magazine365\/la-intimidad-de-un-presidente-frances-de-nuevo-bajo-los-focos\/","name":"La intimidad de un presidente franc\u00e9s, de nuevo bajo los focos | El Digital de Asturias","description":"Par\u00eds, 11 ene (EFE).- La vida privada del presidente franc\u00e9s, Fran\u00e7ois Hollande, acaba de ser de nuevo expuesta al mundo en la prensa, a la que el jefe del Estado felicitar\u00e1 el a\u00f1o el martes, una formalidad que esta vez adquiere una enorme expectaci\u00f3n. La tradicional felicitaci\u00f3n que la presidencia env\u00eda a la prensa en","inLanguage":"es-ES","isPartOf":{"@id":"https:\/\/eldigitaldeasturias.com\/magazine365\/#website"},"breadcrumb":{"@id":"https:\/\/eldigitaldeasturias.com\/magazine365\/la-intimidad-de-un-presidente-frances-de-nuevo-bajo-los-focos\/#breadcrumblist"},"author":{"@id":"https:\/\/eldigitaldeasturias.com\/magazine365\/author\/admin\/#author"},"creator":{"@id":"https:\/\/eldigitaldeasturias.com\/magazine365\/author\/admin\/#author"},"image":{"@type":"ImageObject","url":"https:\/\/eldigitaldeasturias.com\/magazine365\/wp-content\/uploads\/2014\/01\/5842219w.jpg","@id":"https:\/\/eldigitaldeasturias.com\/magazine365\/la-intimidad-de-un-presidente-frances-de-nuevo-bajo-los-focos\/#mainImage","width":800,"height":578},"primaryImageOfPage":{"@id":"https:\/\/eldigitaldeasturias.com\/magazine365\/la-intimidad-de-un-presidente-frances-de-nuevo-bajo-los-focos\/#mainImage"},"datePublished":"2014-01-11T21:24:26+01:00","dateModified":"2014-01-11T21:24:26+01:00"},{"@type":"WebSite","@id":"https:\/\/eldigitaldeasturias.com\/magazine365\/#website","url":"https:\/\/eldigitaldeasturias.com\/magazine365\/","name":"El Digital de Asturias","description":"Revista de ocio, turismo y estilo de vida","inLanguage":"es-ES","publisher":{"@id":"https:\/\/eldigitaldeasturias.com\/magazine365\/#organization"}}]},"og:locale":"es_ES","og:site_name":"El Digital de Asturias \u2013 Revista de ocio, turismo y estilo de vida","og:type":"article","og:title":"La intimidad de un presidente franc\u00e9s, de nuevo bajo los focos | El Digital de Asturias","og:description":"Par\u00eds, 11 ene (EFE).- La vida privada del presidente franc\u00e9s, Fran\u00e7ois Hollande, acaba de ser de nuevo expuesta al mundo en la prensa, a la que el jefe del Estado felicitar\u00e1 el a\u00f1o el martes, una formalidad que esta vez adquiere una enorme expectaci\u00f3n. La tradicional felicitaci\u00f3n que la presidencia env\u00eda a la prensa en","og:url":"https:\/\/eldigitaldeasturias.com\/magazine365\/la-intimidad-de-un-presidente-frances-de-nuevo-bajo-los-focos\/","og:image":"https:\/\/eldigitaldeasturias.com\/magazine365\/wp-content\/uploads\/2014\/01\/5842219w.jpg","og:image:secure_url":"https:\/\/eldigitaldeasturias.com\/magazine365\/wp-content\/uploads\/2014\/01\/5842219w.jpg","og:image:width":800,"og:image:height":578,"article:published_time":"2014-01-11T22:24:26+00:00","article:modified_time":"2014-01-11T22:24:26+00:00","twitter:card":"summary_large_image","twitter:title":"La intimidad de un presidente franc\u00e9s, de nuevo bajo los focos | El Digital de Asturias","twitter:description":"Par\u00eds, 11 ene (EFE).- La vida privada del presidente franc\u00e9s, Fran\u00e7ois Hollande, acaba de ser de nuevo expuesta al mundo en la prensa, a la que el jefe del Estado felicitar\u00e1 el a\u00f1o el martes, una formalidad que esta vez adquiere una enorme expectaci\u00f3n. La tradicional felicitaci\u00f3n que la presidencia env\u00eda a la prensa en","twitter:image":"https:\/\/eldigitaldeasturias.com\/magazine365\/wp-content\/uploads\/2014\/01\/5842219w.jpg"},"aioseo_meta_data":{"post_id":"696","title":null,"description":null,"keywords":null,"keyphrases":null,"primary_term":null,"canonical_url":null,"og_title":null,"og_description":null,"og_object_type":"default","og_image_type":"default","og_image_url":null,"og_image_width":null,"og_image_height":null,"og_image_custom_url":null,"og_image_custom_fields":null,"og_video":null,"og_custom_url":null,"og_article_section":null,"og_article_tags":null,"twitter_use_og":false,"twitter_card":"default","twitter_image_type":"default","twitter_image_url":null,"twitter_image_custom_url":null,"twitter_image_custom_fields":null,"twitter_title":null,"twitter_description":null,"schema":{"blockGraphs":[],"customGraphs":[],"default":{"data":{"Article":[],"Course":[],"Dataset":[],"FAQPage":[],"Movie":[],"Person":[],"Product":[],"ProductReview":[],"Car":[],"Recipe":[],"Service":[],"SoftwareApplication":[],"WebPage":[]},"graphName":"","isEnabled":true},"graphs":[],"defaultGraph":"","defaultPostTypeGraph":""},"schema_type":null,"schema_type_options":null,"pillar_content":false,"robots_default":true,"robots_noindex":false,"robots_noarchive":false,"robots_nosnippet":false,"robots_nofollow":false,"robots_noimageindex":false,"robots_noodp":false,"robots_notranslate":false,"robots_max_snippet":null,"robots_max_videopreview":null,"robots_max_imagepreview":"large","priority":null,"frequency":null,"location":null,"local_seo":null,"seo_analyzer_scan_date":"2025-09-16 08:01:56","breadcrumb_settings":null,"limit_modified_date":false,"open_ai":null,"ai":null,"created":"2020-12-21 13:34:32","updated":"2025-09-16 08:01:56"},"aioseo_breadcrumb":"<div class=\"aioseo-breadcrumbs\"><span class=\"aioseo-breadcrumb\">\n\t<a href=\"https:\/\/eldigitaldeasturias.com\/magazine365\" title=\"Home\">Home<\/a>\n<\/span><span class=\"aioseo-breadcrumb-separator\">\u2013<\/span><span class=\"aioseo-breadcrumb\">\n\t<a href=\"https:\/\/eldigitaldeasturias.com\/magazine365\/category\/noticias-actualidad\/\" title=\"Noticias y Actualidad\">Noticias y Actualidad<\/a>\n<\/span><span class=\"aioseo-breadcrumb-separator\">\u2013<\/span><span class=\"aioseo-breadcrumb\">\n\t<a href=\"https:\/\/eldigitaldeasturias.com\/magazine365\/la-intimidad-de-un-presidente-frances-de-nuevo-bajo-los-focos\/\" title=\"La intimidad de un presidente franc\u00e9s, de nuevo bajo los focos\">La intimidad de un presidente franc\u00e9s, de nuevo bajo los focos<\/a>\n<\/span><\/div>","aioseo_breadcrumb_json":[{"label":"Home","link":"https:\/\/eldigitaldeasturias.com\/magazine365"},{"label":"Noticias y Actualidad","link":"https:\/\/eldigitaldeasturias.com\/magazine365\/category\/noticias-actualidad\/"},{"label":"La intimidad de un presidente franc\u00e9s, de nuevo bajo los focos","link":"https:\/\/eldigitaldeasturias.com\/magazine365\/la-intimidad-de-un-presidente-frances-de-nuevo-bajo-los-focos\/"}],"_links":{"self":[{"href":"https:\/\/eldigitaldeasturias.com\/magazine365\/wp-json\/wp\/v2\/posts\/696","targetHints":{"allow":["GET"]}}],"collection":[{"href":"https:\/\/eldigitaldeasturias.com\/magazine365\/wp-json\/wp\/v2\/posts"}],"about":[{"href":"https:\/\/eldigitaldeasturias.com\/magazine365\/wp-json\/wp\/v2\/types\/post"}],"author":[{"embeddable":true,"href":"https:\/\/eldigitaldeasturias.com\/magazine365\/wp-json\/wp\/v2\/users\/1"}],"replies":[{"embeddable":true,"href":"https:\/\/eldigitaldeasturias.com\/magazine365\/wp-json\/wp\/v2\/comments?post=696"}],"version-history":[{"count":0,"href":"https:\/\/eldigitaldeasturias.com\/magazine365\/wp-json\/wp\/v2\/posts\/696\/revisions"}],"wp:featuredmedia":[{"embeddable":true,"href":"https:\/\/eldigitaldeasturias.com\/magazine365\/wp-json\/wp\/v2\/media\/697"}],"wp:attachment":[{"href":"https:\/\/eldigitaldeasturias.com\/magazine365\/wp-json\/wp\/v2\/media?parent=696"}],"wp:term":[{"taxonomy":"category","embeddable":true,"href":"https:\/\/eldigitaldeasturias.com\/magazine365\/wp-json\/wp\/v2\/categories?post=696"},{"taxonomy":"post_tag","embeddable":true,"href":"https:\/\/eldigitaldeasturias.com\/magazine365\/wp-json\/wp\/v2\/tags?post=696"}],"curies":[{"name":"wp","href":"https:\/\/api.w.org\/{rel}","templated":true}]}}