{"id":690,"date":"2014-01-10T21:13:53","date_gmt":"2014-01-10T22:13:53","guid":{"rendered":"http:\/\/eldigitaldeasturias.com\/magazine365\/?p=690"},"modified":"2014-01-10T21:14:06","modified_gmt":"2014-01-10T22:14:06","slug":"pedro-rey-el-nino-al-que-tintin-convirtio-en-su-mejor-coleccionista","status":"publish","type":"post","link":"https:\/\/eldigitaldeasturias.com\/magazine365\/pedro-rey-el-nino-al-que-tintin-convirtio-en-su-mejor-coleccionista\/","title":{"rendered":"Pedro Rey, el ni\u00f1o al que Tint\u00edn convirti\u00f3 en su mejor coleccionista"},"content":{"rendered":"<p><img fetchpriority=\"high\" decoding=\"async\" class=\"alignleft size-medium wp-image-691\" alt=\"5841373w\" src=\"https:\/\/eldigitaldeasturias.com\/magazine365\/wp-content\/uploads\/2014\/01\/5841373w-360x248.jpg\" width=\"360\" height=\"248\" srcset=\"https:\/\/eldigitaldeasturias.com\/magazine365\/wp-content\/uploads\/2014\/01\/5841373w-360x248.jpg 360w, https:\/\/eldigitaldeasturias.com\/magazine365\/wp-content\/uploads\/2014\/01\/5841373w-650x449.jpg 650w, https:\/\/eldigitaldeasturias.com\/magazine365\/wp-content\/uploads\/2014\/01\/5841373w-768x530.jpg 768w, https:\/\/eldigitaldeasturias.com\/magazine365\/wp-content\/uploads\/2014\/01\/5841373w-150x104.jpg 150w, https:\/\/eldigitaldeasturias.com\/magazine365\/wp-content\/uploads\/2014\/01\/5841373w-450x311.jpg 450w, https:\/\/eldigitaldeasturias.com\/magazine365\/wp-content\/uploads\/2014\/01\/5841373w.jpg 800w\" sizes=\"(max-width: 360px) 100vw, 360px\" \/>Santiago de Compostela, 10 ene (EFE).- El gallego Pedro Rey, autor de uno de los blog m\u00e1s visitados en lengua espa\u00f1ola sobre el universo de Tint\u00edn, posee una de las mayores colecciones del mundo sobre el reportero con tup\u00e9 rubio.<\/p>\n<p>Su blog, www.pedrorey.com, permanentemente actualizado con noticias diarias y todas las novedades y eventos que se producen en relaci\u00f3n con el famoso c\u00f3mic, es un referente y no solo para los pa\u00edses de habla hispana.<\/p>\n<p>Adem\u00e1s, este 10 de enero tiene un especial inter\u00e9s, ya que tal d\u00eda como hoy, hace 85 a\u00f1os, aparec\u00edan publicadas las vi\u00f1etas de \u00abTint\u00edn en el pa\u00eds de los soviets\u00bb, la primera aventura de este inmortal reportero al que el belga Georges Remi (Herg\u00e9) convirti\u00f3 en el corresponsal mundial de Le Petit Vingti\u00e8me.<\/p>\n<p>La lucha entre las grandes compa\u00f1\u00edas petrol\u00edferas por la aparici\u00f3n de gasolina adulterada en el mercado fue lo que llev\u00f3 a este joven reportero a viajar a Khemed en \u00abTint\u00edn en el pa\u00eds del oro negro\u00bb, el libro con el que Pedro Rey se \u00abenganch\u00f3\u00bb a este c\u00f3mic.<\/p>\n<p>\u00abTen\u00eda seis a\u00f1os. Mis padres ven\u00edan de un viaje y me regalaron el libro. Me gust\u00f3 tanto que pronto me hice con la colecci\u00f3n entera. Pero quer\u00eda m\u00e1s. En aquellos tiempos, en Espa\u00f1a, casi no hab\u00eda nada en el mercado, pero yo me fui haciendo con lo que pod\u00eda\u00bb, relata Rey, en la actualidad dise\u00f1ador gr\u00e1fico de la p\u00e1gina web de la Universidad de Santiago de Compostela.<\/p>\n<p>Con traducciones en m\u00e1s de cien idiomas y m\u00e1s de 250 millones de ejemplares en ventas, parece obvio que el universo Tint\u00edn no es solo mero entretenimiento infantil sino un fen\u00f3meno impar.<\/p>\n<p>Cada a\u00f1o en B\u00e9lgica se celebra su cumplea\u00f1os, existe una moneda de diez euros con su figura, sellos de correos, carteles, dulces&#8230; Incluso est\u00e1 en la filmograf\u00eda de Steven Spielberg.<\/p>\n<p>Tint\u00edn vive en nuestra imaginaci\u00f3n desde ni\u00f1os, es uno de esos h\u00e9roes como el Capit\u00e1n Trueno, Batman, Spiderman o Superman, irremplazables a pesar del paso del tiempo.<\/p>\n<p>\u00abEs el c\u00f3mic por excelencia, el m\u00e1s le\u00eddo, pero tambi\u00e9n el que m\u00e1s se vende\u00bb, apostilla Rey, quien posee m\u00e1s de 1.000 figuras del c\u00f3mic y alrededor de 500 libros del mismo.<\/p>\n<p>\u00abLa isla negra\u00bb y \u00abLas joyas de la Castafiore\u00bb son las historias que m\u00e1s le gustaron, asegura: \u00abLa primera es una aventura cl\u00e1sica, casi infantil, pero muy divertida; la segunda, una de esas historias que de peque\u00f1o no valoras, pero, cuando tienes otros ojos, s\u00ed que puedes entenderla mejor. Posee un gui\u00f3n muy interesante, a pesar de que todo sucede en el mismo sitio\u00bb.<\/p>\n<p>Todos los personajes tienen su protagonismo en estos \u00e1lbumes, aunque para Rey, uno de los vocales de la asociaci\u00f3n \u00abtintin\u00f3fila\u00bb Mil Rayos, Tint\u00edn es el referente: \u00abEn alg\u00fan momento, todos no dejamos de ser Haddock, Tornasol&#8230;, pero Tint\u00edn es el que engancha\u00bb.<\/p>\n<p>Hace casi cuarenta a\u00f1os que Tint\u00edn muri\u00f3, pero \u00e9l sigue estando muy vivo. Y eso que jam\u00e1s lleg\u00f3 a publicar sus cr\u00f3nicas period\u00edsticas: \u00abS\u00f3lo hay una en la primera de sus aventuras, en &#8216;Tint\u00edn en el pa\u00eds de los soviets'\u00bb.<\/p>\n<p>Ah\u00ed Tint\u00edn s\u00ed que dice que va a enviar su cr\u00f3nica a Le Petit Vingti\u00e8me, que era el peri\u00f3dico donde se publicaban sus noticias y el que lo hab\u00eda enviado supuestamente a Rusiapara, apunta Rey, una de las pocas personas que posee la maqueta del bardo del Unicornio, una de sus piezas m\u00e1s cotizadas.<\/p>\n<p>Por algo es un \u00abtintin\u00f3filo\u00bb.<\/p>\n<p>Por David Moldes.<\/p>\n","protected":false},"excerpt":{"rendered":"<p>Santiago de Compostela, 10 ene (EFE).- El gallego Pedro Rey, autor de uno de los blog m\u00e1s visitados en lengua espa\u00f1ola sobre el universo de Tint\u00edn, posee una de las mayores colecciones del mundo sobre el reportero con tup\u00e9 rubio. Su blog, www.pedrorey.com, permanentemente actualizado con noticias diarias y todas las novedades y eventos que<\/p>\n","protected":false},"author":1,"featured_media":691,"comment_status":"open","ping_status":"open","sticky":false,"template":"","format":"standard","meta":{"footnotes":""},"categories":[224],"tags":[],"class_list":{"0":"post-690","1":"post","2":"type-post","3":"status-publish","4":"format-standard","5":"has-post-thumbnail","7":"category-noticias-actualidad"},"aioseo_notices":[],"aioseo_head":"\n\t\t<!-- All in One SEO Pro 4.9.6.1 - aioseo.com -->\n\t<meta name=\"description\" content=\"Santiago de Compostela, 10 ene (EFE).- El gallego Pedro Rey, autor de uno de los blog m\u00e1s visitados en lengua espa\u00f1ola sobre el universo de Tint\u00edn, posee una de las mayores colecciones del mundo sobre el reportero con tup\u00e9 rubio. Su blog, www.pedrorey.com, permanentemente actualizado con noticias diarias y todas las novedades y eventos que\" \/>\n\t<meta name=\"robots\" content=\"max-image-preview:large\" \/>\n\t<meta name=\"author\" content=\"admin\"\/>\n\t<meta name=\"google-site-verification\" content=\"UA-38556648-1\" \/>\n\t<meta name=\"keywords\" content=\"noticias y actualidad\" \/>\n\t<link rel=\"canonical\" href=\"https:\/\/eldigitaldeasturias.com\/magazine365\/pedro-rey-el-nino-al-que-tintin-convirtio-en-su-mejor-coleccionista\/\" \/>\n\t<meta name=\"generator\" content=\"All in One SEO Pro (AIOSEO) 4.9.6.1\" \/>\n\t\t<meta property=\"og:locale\" content=\"es_ES\" \/>\n\t\t<meta property=\"og:site_name\" content=\"El Digital de Asturias \u2013 Revista de ocio, turismo y estilo de vida\" \/>\n\t\t<meta property=\"og:type\" content=\"article\" \/>\n\t\t<meta property=\"og:title\" content=\"Pedro Rey, el ni\u00f1o al que Tint\u00edn convirti\u00f3 en su mejor coleccionista | El Digital de Asturias\" \/>\n\t\t<meta property=\"og:description\" content=\"Santiago de Compostela, 10 ene (EFE).- El gallego Pedro Rey, autor de uno de los blog m\u00e1s visitados en lengua espa\u00f1ola sobre el universo de Tint\u00edn, posee una de las mayores colecciones del mundo sobre el reportero con tup\u00e9 rubio. Su blog, www.pedrorey.com, permanentemente actualizado con noticias diarias y todas las novedades y eventos que\" \/>\n\t\t<meta property=\"og:url\" content=\"https:\/\/eldigitaldeasturias.com\/magazine365\/pedro-rey-el-nino-al-que-tintin-convirtio-en-su-mejor-coleccionista\/\" \/>\n\t\t<meta property=\"og:image\" content=\"https:\/\/eldigitaldeasturias.com\/magazine365\/wp-content\/uploads\/2014\/01\/5841373w.jpg\" \/>\n\t\t<meta property=\"og:image:secure_url\" content=\"https:\/\/eldigitaldeasturias.com\/magazine365\/wp-content\/uploads\/2014\/01\/5841373w.jpg\" \/>\n\t\t<meta property=\"og:image:width\" content=\"800\" \/>\n\t\t<meta property=\"og:image:height\" content=\"552\" \/>\n\t\t<meta property=\"article:published_time\" content=\"2014-01-10T22:13:53+00:00\" \/>\n\t\t<meta property=\"article:modified_time\" content=\"2014-01-10T22:14:06+00:00\" \/>\n\t\t<meta name=\"twitter:card\" content=\"summary_large_image\" \/>\n\t\t<meta name=\"twitter:title\" content=\"Pedro Rey, el ni\u00f1o al que Tint\u00edn convirti\u00f3 en su mejor coleccionista | El Digital de Asturias\" \/>\n\t\t<meta name=\"twitter:description\" content=\"Santiago de Compostela, 10 ene (EFE).- El gallego Pedro Rey, autor de uno de los blog m\u00e1s visitados en lengua espa\u00f1ola sobre el universo de Tint\u00edn, posee una de las mayores colecciones del mundo sobre el reportero con tup\u00e9 rubio. Su blog, www.pedrorey.com, permanentemente actualizado con noticias diarias y todas las novedades y eventos que\" \/>\n\t\t<meta name=\"twitter:image\" content=\"https:\/\/eldigitaldeasturias.com\/magazine365\/wp-content\/uploads\/2014\/01\/5841373w.jpg\" \/>\n\t\t<script type=\"application\/ld+json\" class=\"aioseo-schema\">\n\t\t\t{\"@context\":\"https:\\\/\\\/schema.org\",\"@graph\":[{\"@type\":\"Article\",\"@id\":\"https:\\\/\\\/eldigitaldeasturias.com\\\/magazine365\\\/pedro-rey-el-nino-al-que-tintin-convirtio-en-su-mejor-coleccionista\\\/#article\",\"name\":\"Pedro Rey, el ni\\u00f1o al que Tint\\u00edn convirti\\u00f3 en su mejor coleccionista | El Digital de Asturias\",\"headline\":\"Pedro Rey, el ni\\u00f1o al que Tint\\u00edn convirti\\u00f3 en su mejor coleccionista\",\"author\":{\"@id\":\"https:\\\/\\\/eldigitaldeasturias.com\\\/magazine365\\\/author\\\/admin\\\/#author\"},\"publisher\":{\"@id\":\"https:\\\/\\\/eldigitaldeasturias.com\\\/magazine365\\\/#organization\"},\"image\":{\"@type\":\"ImageObject\",\"url\":\"https:\\\/\\\/eldigitaldeasturias.com\\\/magazine365\\\/wp-content\\\/uploads\\\/2014\\\/01\\\/5841373w.jpg\",\"width\":800,\"height\":552},\"datePublished\":\"2014-01-10T21:13:53+01:00\",\"dateModified\":\"2014-01-10T21:14:06+01:00\",\"inLanguage\":\"es-ES\",\"mainEntityOfPage\":{\"@id\":\"https:\\\/\\\/eldigitaldeasturias.com\\\/magazine365\\\/pedro-rey-el-nino-al-que-tintin-convirtio-en-su-mejor-coleccionista\\\/#webpage\"},\"isPartOf\":{\"@id\":\"https:\\\/\\\/eldigitaldeasturias.com\\\/magazine365\\\/pedro-rey-el-nino-al-que-tintin-convirtio-en-su-mejor-coleccionista\\\/#webpage\"},\"articleSection\":\"Noticias y Actualidad\"},{\"@type\":\"BreadcrumbList\",\"@id\":\"https:\\\/\\\/eldigitaldeasturias.com\\\/magazine365\\\/pedro-rey-el-nino-al-que-tintin-convirtio-en-su-mejor-coleccionista\\\/#breadcrumblist\",\"itemListElement\":[{\"@type\":\"ListItem\",\"@id\":\"https:\\\/\\\/eldigitaldeasturias.com\\\/magazine365#listItem\",\"position\":1,\"name\":\"Home\",\"item\":\"https:\\\/\\\/eldigitaldeasturias.com\\\/magazine365\",\"nextItem\":{\"@type\":\"ListItem\",\"@id\":\"https:\\\/\\\/eldigitaldeasturias.com\\\/magazine365\\\/category\\\/noticias-actualidad\\\/#listItem\",\"name\":\"Noticias y Actualidad\"}},{\"@type\":\"ListItem\",\"@id\":\"https:\\\/\\\/eldigitaldeasturias.com\\\/magazine365\\\/category\\\/noticias-actualidad\\\/#listItem\",\"position\":2,\"name\":\"Noticias y Actualidad\",\"item\":\"https:\\\/\\\/eldigitaldeasturias.com\\\/magazine365\\\/category\\\/noticias-actualidad\\\/\",\"nextItem\":{\"@type\":\"ListItem\",\"@id\":\"https:\\\/\\\/eldigitaldeasturias.com\\\/magazine365\\\/pedro-rey-el-nino-al-que-tintin-convirtio-en-su-mejor-coleccionista\\\/#listItem\",\"name\":\"Pedro Rey, el ni\\u00f1o al que Tint\\u00edn convirti\\u00f3 en su mejor coleccionista\"},\"previousItem\":{\"@type\":\"ListItem\",\"@id\":\"https:\\\/\\\/eldigitaldeasturias.com\\\/magazine365#listItem\",\"name\":\"Home\"}},{\"@type\":\"ListItem\",\"@id\":\"https:\\\/\\\/eldigitaldeasturias.com\\\/magazine365\\\/pedro-rey-el-nino-al-que-tintin-convirtio-en-su-mejor-coleccionista\\\/#listItem\",\"position\":3,\"name\":\"Pedro Rey, el ni\\u00f1o al que Tint\\u00edn convirti\\u00f3 en su mejor coleccionista\",\"previousItem\":{\"@type\":\"ListItem\",\"@id\":\"https:\\\/\\\/eldigitaldeasturias.com\\\/magazine365\\\/category\\\/noticias-actualidad\\\/#listItem\",\"name\":\"Noticias y Actualidad\"}}]},{\"@type\":\"Organization\",\"@id\":\"https:\\\/\\\/eldigitaldeasturias.com\\\/magazine365\\\/#organization\",\"name\":\"El digital de Asturias\",\"description\":\"Revista de ocio, turismo y estilo de vida\",\"url\":\"https:\\\/\\\/eldigitaldeasturias.com\\\/magazine365\\\/\",\"logo\":{\"@type\":\"ImageObject\",\"url\":\"https:\\\/\\\/www.eldigitaldeasturias.com\\\/noticias\\\/wp-content\\\/uploads\\\/2020\\\/12\\\/EDA.jpg\",\"@id\":\"https:\\\/\\\/eldigitaldeasturias.com\\\/magazine365\\\/pedro-rey-el-nino-al-que-tintin-convirtio-en-su-mejor-coleccionista\\\/#organizationLogo\"},\"image\":{\"@id\":\"https:\\\/\\\/eldigitaldeasturias.com\\\/magazine365\\\/pedro-rey-el-nino-al-que-tintin-convirtio-en-su-mejor-coleccionista\\\/#organizationLogo\"}},{\"@type\":\"Person\",\"@id\":\"https:\\\/\\\/eldigitaldeasturias.com\\\/magazine365\\\/author\\\/admin\\\/#author\",\"url\":\"https:\\\/\\\/eldigitaldeasturias.com\\\/magazine365\\\/author\\\/admin\\\/\",\"name\":\"admin\",\"image\":{\"@type\":\"ImageObject\",\"@id\":\"https:\\\/\\\/eldigitaldeasturias.com\\\/magazine365\\\/pedro-rey-el-nino-al-que-tintin-convirtio-en-su-mejor-coleccionista\\\/#authorImage\",\"url\":\"https:\\\/\\\/eldigitaldeasturias.com\\\/magazine365\\\/wp-content\\\/litespeed\\\/avatar\\\/e571bcf59a0edd6fa6838245a470f2fe.jpg?ver=1776969259\",\"width\":96,\"height\":96,\"caption\":\"admin\"}},{\"@type\":\"WebPage\",\"@id\":\"https:\\\/\\\/eldigitaldeasturias.com\\\/magazine365\\\/pedro-rey-el-nino-al-que-tintin-convirtio-en-su-mejor-coleccionista\\\/#webpage\",\"url\":\"https:\\\/\\\/eldigitaldeasturias.com\\\/magazine365\\\/pedro-rey-el-nino-al-que-tintin-convirtio-en-su-mejor-coleccionista\\\/\",\"name\":\"Pedro Rey, el ni\\u00f1o al que Tint\\u00edn convirti\\u00f3 en su mejor coleccionista | El Digital de Asturias\",\"description\":\"Santiago de Compostela, 10 ene (EFE).- El gallego Pedro Rey, autor de uno de los blog m\\u00e1s visitados en lengua espa\\u00f1ola sobre el universo de Tint\\u00edn, posee una de las mayores colecciones del mundo sobre el reportero con tup\\u00e9 rubio. Su blog, www.pedrorey.com, permanentemente actualizado con noticias diarias y todas las novedades y eventos que\",\"inLanguage\":\"es-ES\",\"isPartOf\":{\"@id\":\"https:\\\/\\\/eldigitaldeasturias.com\\\/magazine365\\\/#website\"},\"breadcrumb\":{\"@id\":\"https:\\\/\\\/eldigitaldeasturias.com\\\/magazine365\\\/pedro-rey-el-nino-al-que-tintin-convirtio-en-su-mejor-coleccionista\\\/#breadcrumblist\"},\"author\":{\"@id\":\"https:\\\/\\\/eldigitaldeasturias.com\\\/magazine365\\\/author\\\/admin\\\/#author\"},\"creator\":{\"@id\":\"https:\\\/\\\/eldigitaldeasturias.com\\\/magazine365\\\/author\\\/admin\\\/#author\"},\"image\":{\"@type\":\"ImageObject\",\"url\":\"https:\\\/\\\/eldigitaldeasturias.com\\\/magazine365\\\/wp-content\\\/uploads\\\/2014\\\/01\\\/5841373w.jpg\",\"@id\":\"https:\\\/\\\/eldigitaldeasturias.com\\\/magazine365\\\/pedro-rey-el-nino-al-que-tintin-convirtio-en-su-mejor-coleccionista\\\/#mainImage\",\"width\":800,\"height\":552},\"primaryImageOfPage\":{\"@id\":\"https:\\\/\\\/eldigitaldeasturias.com\\\/magazine365\\\/pedro-rey-el-nino-al-que-tintin-convirtio-en-su-mejor-coleccionista\\\/#mainImage\"},\"datePublished\":\"2014-01-10T21:13:53+01:00\",\"dateModified\":\"2014-01-10T21:14:06+01:00\"},{\"@type\":\"WebSite\",\"@id\":\"https:\\\/\\\/eldigitaldeasturias.com\\\/magazine365\\\/#website\",\"url\":\"https:\\\/\\\/eldigitaldeasturias.com\\\/magazine365\\\/\",\"name\":\"El Digital de Asturias\",\"description\":\"Revista de ocio, turismo y estilo de vida\",\"inLanguage\":\"es-ES\",\"publisher\":{\"@id\":\"https:\\\/\\\/eldigitaldeasturias.com\\\/magazine365\\\/#organization\"}}]}\n\t\t<\/script>\n\t\t<!-- All in One SEO Pro -->\r\n\t\t<title>Pedro Rey, el ni\u00f1o al que Tint\u00edn convirti\u00f3 en su mejor coleccionista | El Digital de Asturias<\/title>\n\n","aioseo_head_json":{"title":"Pedro Rey, el ni\u00f1o al que Tint\u00edn convirti\u00f3 en su mejor coleccionista | El Digital de Asturias","description":"Santiago de Compostela, 10 ene (EFE).- El gallego Pedro Rey, autor de uno de los blog m\u00e1s visitados en lengua espa\u00f1ola sobre el universo de Tint\u00edn, posee una de las mayores colecciones del mundo sobre el reportero con tup\u00e9 rubio. Su blog, www.pedrorey.com, permanentemente actualizado con noticias diarias y todas las novedades y eventos que","canonical_url":"https:\/\/eldigitaldeasturias.com\/magazine365\/pedro-rey-el-nino-al-que-tintin-convirtio-en-su-mejor-coleccionista\/","robots":"max-image-preview:large","keywords":"noticias y actualidad","webmasterTools":{"google-site-verification":"UA-38556648-1","miscellaneous":""},"schema":{"@context":"https:\/\/schema.org","@graph":[{"@type":"Article","@id":"https:\/\/eldigitaldeasturias.com\/magazine365\/pedro-rey-el-nino-al-que-tintin-convirtio-en-su-mejor-coleccionista\/#article","name":"Pedro Rey, el ni\u00f1o al que Tint\u00edn convirti\u00f3 en su mejor coleccionista | El Digital de Asturias","headline":"Pedro Rey, el ni\u00f1o al que Tint\u00edn convirti\u00f3 en su mejor coleccionista","author":{"@id":"https:\/\/eldigitaldeasturias.com\/magazine365\/author\/admin\/#author"},"publisher":{"@id":"https:\/\/eldigitaldeasturias.com\/magazine365\/#organization"},"image":{"@type":"ImageObject","url":"https:\/\/eldigitaldeasturias.com\/magazine365\/wp-content\/uploads\/2014\/01\/5841373w.jpg","width":800,"height":552},"datePublished":"2014-01-10T21:13:53+01:00","dateModified":"2014-01-10T21:14:06+01:00","inLanguage":"es-ES","mainEntityOfPage":{"@id":"https:\/\/eldigitaldeasturias.com\/magazine365\/pedro-rey-el-nino-al-que-tintin-convirtio-en-su-mejor-coleccionista\/#webpage"},"isPartOf":{"@id":"https:\/\/eldigitaldeasturias.com\/magazine365\/pedro-rey-el-nino-al-que-tintin-convirtio-en-su-mejor-coleccionista\/#webpage"},"articleSection":"Noticias y Actualidad"},{"@type":"BreadcrumbList","@id":"https:\/\/eldigitaldeasturias.com\/magazine365\/pedro-rey-el-nino-al-que-tintin-convirtio-en-su-mejor-coleccionista\/#breadcrumblist","itemListElement":[{"@type":"ListItem","@id":"https:\/\/eldigitaldeasturias.com\/magazine365#listItem","position":1,"name":"Home","item":"https:\/\/eldigitaldeasturias.com\/magazine365","nextItem":{"@type":"ListItem","@id":"https:\/\/eldigitaldeasturias.com\/magazine365\/category\/noticias-actualidad\/#listItem","name":"Noticias y Actualidad"}},{"@type":"ListItem","@id":"https:\/\/eldigitaldeasturias.com\/magazine365\/category\/noticias-actualidad\/#listItem","position":2,"name":"Noticias y Actualidad","item":"https:\/\/eldigitaldeasturias.com\/magazine365\/category\/noticias-actualidad\/","nextItem":{"@type":"ListItem","@id":"https:\/\/eldigitaldeasturias.com\/magazine365\/pedro-rey-el-nino-al-que-tintin-convirtio-en-su-mejor-coleccionista\/#listItem","name":"Pedro Rey, el ni\u00f1o al que Tint\u00edn convirti\u00f3 en su mejor coleccionista"},"previousItem":{"@type":"ListItem","@id":"https:\/\/eldigitaldeasturias.com\/magazine365#listItem","name":"Home"}},{"@type":"ListItem","@id":"https:\/\/eldigitaldeasturias.com\/magazine365\/pedro-rey-el-nino-al-que-tintin-convirtio-en-su-mejor-coleccionista\/#listItem","position":3,"name":"Pedro Rey, el ni\u00f1o al que Tint\u00edn convirti\u00f3 en su mejor coleccionista","previousItem":{"@type":"ListItem","@id":"https:\/\/eldigitaldeasturias.com\/magazine365\/category\/noticias-actualidad\/#listItem","name":"Noticias y Actualidad"}}]},{"@type":"Organization","@id":"https:\/\/eldigitaldeasturias.com\/magazine365\/#organization","name":"El digital de Asturias","description":"Revista de ocio, turismo y estilo de vida","url":"https:\/\/eldigitaldeasturias.com\/magazine365\/","logo":{"@type":"ImageObject","url":"https:\/\/www.eldigitaldeasturias.com\/noticias\/wp-content\/uploads\/2020\/12\/EDA.jpg","@id":"https:\/\/eldigitaldeasturias.com\/magazine365\/pedro-rey-el-nino-al-que-tintin-convirtio-en-su-mejor-coleccionista\/#organizationLogo"},"image":{"@id":"https:\/\/eldigitaldeasturias.com\/magazine365\/pedro-rey-el-nino-al-que-tintin-convirtio-en-su-mejor-coleccionista\/#organizationLogo"}},{"@type":"Person","@id":"https:\/\/eldigitaldeasturias.com\/magazine365\/author\/admin\/#author","url":"https:\/\/eldigitaldeasturias.com\/magazine365\/author\/admin\/","name":"admin","image":{"@type":"ImageObject","@id":"https:\/\/eldigitaldeasturias.com\/magazine365\/pedro-rey-el-nino-al-que-tintin-convirtio-en-su-mejor-coleccionista\/#authorImage","url":"https:\/\/eldigitaldeasturias.com\/magazine365\/wp-content\/litespeed\/avatar\/e571bcf59a0edd6fa6838245a470f2fe.jpg?ver=1776969259","width":96,"height":96,"caption":"admin"}},{"@type":"WebPage","@id":"https:\/\/eldigitaldeasturias.com\/magazine365\/pedro-rey-el-nino-al-que-tintin-convirtio-en-su-mejor-coleccionista\/#webpage","url":"https:\/\/eldigitaldeasturias.com\/magazine365\/pedro-rey-el-nino-al-que-tintin-convirtio-en-su-mejor-coleccionista\/","name":"Pedro Rey, el ni\u00f1o al que Tint\u00edn convirti\u00f3 en su mejor coleccionista | El Digital de Asturias","description":"Santiago de Compostela, 10 ene (EFE).- El gallego Pedro Rey, autor de uno de los blog m\u00e1s visitados en lengua espa\u00f1ola sobre el universo de Tint\u00edn, posee una de las mayores colecciones del mundo sobre el reportero con tup\u00e9 rubio. Su blog, www.pedrorey.com, permanentemente actualizado con noticias diarias y todas las novedades y eventos que","inLanguage":"es-ES","isPartOf":{"@id":"https:\/\/eldigitaldeasturias.com\/magazine365\/#website"},"breadcrumb":{"@id":"https:\/\/eldigitaldeasturias.com\/magazine365\/pedro-rey-el-nino-al-que-tintin-convirtio-en-su-mejor-coleccionista\/#breadcrumblist"},"author":{"@id":"https:\/\/eldigitaldeasturias.com\/magazine365\/author\/admin\/#author"},"creator":{"@id":"https:\/\/eldigitaldeasturias.com\/magazine365\/author\/admin\/#author"},"image":{"@type":"ImageObject","url":"https:\/\/eldigitaldeasturias.com\/magazine365\/wp-content\/uploads\/2014\/01\/5841373w.jpg","@id":"https:\/\/eldigitaldeasturias.com\/magazine365\/pedro-rey-el-nino-al-que-tintin-convirtio-en-su-mejor-coleccionista\/#mainImage","width":800,"height":552},"primaryImageOfPage":{"@id":"https:\/\/eldigitaldeasturias.com\/magazine365\/pedro-rey-el-nino-al-que-tintin-convirtio-en-su-mejor-coleccionista\/#mainImage"},"datePublished":"2014-01-10T21:13:53+01:00","dateModified":"2014-01-10T21:14:06+01:00"},{"@type":"WebSite","@id":"https:\/\/eldigitaldeasturias.com\/magazine365\/#website","url":"https:\/\/eldigitaldeasturias.com\/magazine365\/","name":"El Digital de Asturias","description":"Revista de ocio, turismo y estilo de vida","inLanguage":"es-ES","publisher":{"@id":"https:\/\/eldigitaldeasturias.com\/magazine365\/#organization"}}]},"og:locale":"es_ES","og:site_name":"El Digital de Asturias \u2013 Revista de ocio, turismo y estilo de vida","og:type":"article","og:title":"Pedro Rey, el ni\u00f1o al que Tint\u00edn convirti\u00f3 en su mejor coleccionista | El Digital de Asturias","og:description":"Santiago de Compostela, 10 ene (EFE).- El gallego Pedro Rey, autor de uno de los blog m\u00e1s visitados en lengua espa\u00f1ola sobre el universo de Tint\u00edn, posee una de las mayores colecciones del mundo sobre el reportero con tup\u00e9 rubio. Su blog, www.pedrorey.com, permanentemente actualizado con noticias diarias y todas las novedades y eventos que","og:url":"https:\/\/eldigitaldeasturias.com\/magazine365\/pedro-rey-el-nino-al-que-tintin-convirtio-en-su-mejor-coleccionista\/","og:image":"https:\/\/eldigitaldeasturias.com\/magazine365\/wp-content\/uploads\/2014\/01\/5841373w.jpg","og:image:secure_url":"https:\/\/eldigitaldeasturias.com\/magazine365\/wp-content\/uploads\/2014\/01\/5841373w.jpg","og:image:width":800,"og:image:height":552,"article:published_time":"2014-01-10T22:13:53+00:00","article:modified_time":"2014-01-10T22:14:06+00:00","twitter:card":"summary_large_image","twitter:title":"Pedro Rey, el ni\u00f1o al que Tint\u00edn convirti\u00f3 en su mejor coleccionista | El Digital de Asturias","twitter:description":"Santiago de Compostela, 10 ene (EFE).- El gallego Pedro Rey, autor de uno de los blog m\u00e1s visitados en lengua espa\u00f1ola sobre el universo de Tint\u00edn, posee una de las mayores colecciones del mundo sobre el reportero con tup\u00e9 rubio. Su blog, www.pedrorey.com, permanentemente actualizado con noticias diarias y todas las novedades y eventos que","twitter:image":"https:\/\/eldigitaldeasturias.com\/magazine365\/wp-content\/uploads\/2014\/01\/5841373w.jpg"},"aioseo_meta_data":{"post_id":"690","title":null,"description":null,"keywords":null,"keyphrases":null,"primary_term":null,"canonical_url":null,"og_title":null,"og_description":null,"og_object_type":"default","og_image_type":"default","og_image_url":null,"og_image_width":null,"og_image_height":null,"og_image_custom_url":null,"og_image_custom_fields":null,"og_video":null,"og_custom_url":null,"og_article_section":null,"og_article_tags":null,"twitter_use_og":false,"twitter_card":"default","twitter_image_type":"default","twitter_image_url":null,"twitter_image_custom_url":null,"twitter_image_custom_fields":null,"twitter_title":null,"twitter_description":null,"schema":{"blockGraphs":[],"customGraphs":[],"default":{"data":{"Article":[],"Course":[],"Dataset":[],"FAQPage":[],"Movie":[],"Person":[],"Product":[],"ProductReview":[],"Car":[],"Recipe":[],"Service":[],"SoftwareApplication":[],"WebPage":[]},"graphName":"","isEnabled":true},"graphs":[],"defaultGraph":"","defaultPostTypeGraph":""},"schema_type":null,"schema_type_options":null,"pillar_content":false,"robots_default":true,"robots_noindex":false,"robots_noarchive":false,"robots_nosnippet":false,"robots_nofollow":false,"robots_noimageindex":false,"robots_noodp":false,"robots_notranslate":false,"robots_max_snippet":null,"robots_max_videopreview":null,"robots_max_imagepreview":"large","priority":null,"frequency":null,"location":null,"local_seo":null,"seo_analyzer_scan_date":"2025-09-16 08:00:38","breadcrumb_settings":null,"limit_modified_date":false,"open_ai":null,"ai":null,"created":"2020-12-21 13:34:31","updated":"2025-09-16 08:00:38"},"aioseo_breadcrumb":"<div class=\"aioseo-breadcrumbs\"><span class=\"aioseo-breadcrumb\">\n\t<a href=\"https:\/\/eldigitaldeasturias.com\/magazine365\" title=\"Home\">Home<\/a>\n<\/span><span class=\"aioseo-breadcrumb-separator\">\u2013<\/span><span class=\"aioseo-breadcrumb\">\n\t<a href=\"https:\/\/eldigitaldeasturias.com\/magazine365\/category\/noticias-actualidad\/\" title=\"Noticias y Actualidad\">Noticias y Actualidad<\/a>\n<\/span><span class=\"aioseo-breadcrumb-separator\">\u2013<\/span><span class=\"aioseo-breadcrumb\">\n\t<a href=\"https:\/\/eldigitaldeasturias.com\/magazine365\/pedro-rey-el-nino-al-que-tintin-convirtio-en-su-mejor-coleccionista\/\" title=\"Pedro Rey, el ni\u00f1o al que Tint\u00edn convirti\u00f3 en su mejor coleccionista\">Pedro Rey, el ni\u00f1o al que Tint\u00edn convirti\u00f3 en su mejor coleccionista<\/a>\n<\/span><\/div>","aioseo_breadcrumb_json":[{"label":"Home","link":"https:\/\/eldigitaldeasturias.com\/magazine365"},{"label":"Noticias y Actualidad","link":"https:\/\/eldigitaldeasturias.com\/magazine365\/category\/noticias-actualidad\/"},{"label":"Pedro Rey, el ni\u00f1o al que Tint\u00edn convirti\u00f3 en su mejor coleccionista","link":"https:\/\/eldigitaldeasturias.com\/magazine365\/pedro-rey-el-nino-al-que-tintin-convirtio-en-su-mejor-coleccionista\/"}],"_links":{"self":[{"href":"https:\/\/eldigitaldeasturias.com\/magazine365\/wp-json\/wp\/v2\/posts\/690","targetHints":{"allow":["GET"]}}],"collection":[{"href":"https:\/\/eldigitaldeasturias.com\/magazine365\/wp-json\/wp\/v2\/posts"}],"about":[{"href":"https:\/\/eldigitaldeasturias.com\/magazine365\/wp-json\/wp\/v2\/types\/post"}],"author":[{"embeddable":true,"href":"https:\/\/eldigitaldeasturias.com\/magazine365\/wp-json\/wp\/v2\/users\/1"}],"replies":[{"embeddable":true,"href":"https:\/\/eldigitaldeasturias.com\/magazine365\/wp-json\/wp\/v2\/comments?post=690"}],"version-history":[{"count":0,"href":"https:\/\/eldigitaldeasturias.com\/magazine365\/wp-json\/wp\/v2\/posts\/690\/revisions"}],"wp:featuredmedia":[{"embeddable":true,"href":"https:\/\/eldigitaldeasturias.com\/magazine365\/wp-json\/wp\/v2\/media\/691"}],"wp:attachment":[{"href":"https:\/\/eldigitaldeasturias.com\/magazine365\/wp-json\/wp\/v2\/media?parent=690"}],"wp:term":[{"taxonomy":"category","embeddable":true,"href":"https:\/\/eldigitaldeasturias.com\/magazine365\/wp-json\/wp\/v2\/categories?post=690"},{"taxonomy":"post_tag","embeddable":true,"href":"https:\/\/eldigitaldeasturias.com\/magazine365\/wp-json\/wp\/v2\/tags?post=690"}],"curies":[{"name":"wp","href":"https:\/\/api.w.org\/{rel}","templated":true}]}}