{"id":687,"date":"2014-01-10T21:11:08","date_gmt":"2014-01-10T22:11:08","guid":{"rendered":"http:\/\/eldigitaldeasturias.com\/magazine365\/?p=687"},"modified":"2014-01-10T21:11:08","modified_gmt":"2014-01-10T22:11:08","slug":"a-google-maps-se-le-colo-una-plaza-adolf-hitler-en-el-plano-de-berlin","status":"publish","type":"post","link":"https:\/\/eldigitaldeasturias.com\/magazine365\/a-google-maps-se-le-colo-una-plaza-adolf-hitler-en-el-plano-de-berlin\/","title":{"rendered":"A Google Maps se le col\u00f3 una \u00abPlaza Adolf Hitler\u00bb en el plano de Berl\u00edn"},"content":{"rendered":"<p><img fetchpriority=\"high\" decoding=\"async\" class=\"alignleft size-medium wp-image-688\" alt=\"5841130w\" src=\"https:\/\/eldigitaldeasturias.com\/magazine365\/wp-content\/uploads\/2014\/01\/5841130w-360x242.jpg\" width=\"360\" height=\"242\" srcset=\"https:\/\/eldigitaldeasturias.com\/magazine365\/wp-content\/uploads\/2014\/01\/5841130w-360x242.jpg 360w, https:\/\/eldigitaldeasturias.com\/magazine365\/wp-content\/uploads\/2014\/01\/5841130w-650x437.jpg 650w, https:\/\/eldigitaldeasturias.com\/magazine365\/wp-content\/uploads\/2014\/01\/5841130w-768x516.jpg 768w, https:\/\/eldigitaldeasturias.com\/magazine365\/wp-content\/uploads\/2014\/01\/5841130w-150x101.jpg 150w, https:\/\/eldigitaldeasturias.com\/magazine365\/wp-content\/uploads\/2014\/01\/5841130w-450x303.jpg 450w, https:\/\/eldigitaldeasturias.com\/magazine365\/wp-content\/uploads\/2014\/01\/5841130w.jpg 800w\" sizes=\"(max-width: 360px) 100vw, 360px\" \/>Berl\u00edn, 10 ene (EFE).- El servicio de mapas en internet Google Maps tuvo durante varios d\u00edas una \u00abAdolf-Hitler-Platz\u00bb -Plaza de Adolf Hitler- en el centro de Berl\u00edn, un nombre introducido por un colaborador externo y admitido sin m\u00e1s por uno de los supervisores de la compa\u00f1\u00eda.<\/p>\n<p>Diversos medios berlineses se hicieron eco hoy del gazapo aparecido en Google Maps, que hab\u00eda sido detectado por numerosos usuarios de la red social Twitter.<\/p>\n<p>El nombre de Adolf Hitler aparec\u00eda en la plaza de la capital alemana que actualmente lleva el nombre de Theodor Heuss, en memoria de quien fue el primer presidente que tuvo la Rep\u00fablica Federal de Alemania, fallecido en 1963.<\/p>\n<p>En tiempos del nazismo, desde la llegada de Hitler al poder en 1933 y hasta la capitulaci\u00f3n del Tercer Reich en 1945, ese lugar llev\u00f3 efectivamente el nombre del dictador nazi.<\/p>\n<p>Seg\u00fan el diario \u00abBerliner Zeitung\u00bb, un colaborador an\u00f3nimo introdujo a principios de este 2014 en el servicio de mapas el nombre de \u00abAdolf-Hitler-Platz\u00bb, como alternativa a su denominaci\u00f3n actual, lo que unos d\u00edas despu\u00e9s fue aceptado por un supervisor de la compa\u00f1\u00eda, de modo que qued\u00f3 colgado en la red.<\/p>\n<p>Otro usuario alert\u00f3, el 9 de enero, a Google Maps de la existencia de ese nombre, a lo que sigui\u00f3 ahora la correcci\u00f3n del error.<\/p>\n","protected":false},"excerpt":{"rendered":"<p>Berl\u00edn, 10 ene (EFE).- El servicio de mapas en internet Google Maps tuvo durante varios d\u00edas una \u00abAdolf-Hitler-Platz\u00bb -Plaza de Adolf Hitler- en el centro de Berl\u00edn, un nombre introducido por un colaborador externo y admitido sin m\u00e1s por uno de los supervisores de la compa\u00f1\u00eda. Diversos medios berlineses se hicieron eco hoy del gazapo<\/p>\n","protected":false},"author":1,"featured_media":688,"comment_status":"open","ping_status":"open","sticky":false,"template":"","format":"standard","meta":{"footnotes":""},"categories":[181],"tags":[],"class_list":{"0":"post-687","1":"post","2":"type-post","3":"status-publish","4":"format-standard","5":"has-post-thumbnail","7":"category-internet"},"aioseo_notices":[],"aioseo_head":"\n\t\t<!-- All in One SEO Pro 4.9.6.1 - aioseo.com -->\n\t<meta name=\"description\" content=\"Berl\u00edn, 10 ene (EFE).- El servicio de mapas en internet Google Maps tuvo durante varios d\u00edas una &quot;Adolf-Hitler-Platz&quot; -Plaza de Adolf Hitler- en el centro de Berl\u00edn, un nombre introducido por un colaborador externo y admitido sin m\u00e1s por uno de los supervisores de la compa\u00f1\u00eda. Diversos medios berlineses se hicieron eco hoy del gazapo\" \/>\n\t<meta name=\"robots\" content=\"max-image-preview:large\" \/>\n\t<meta name=\"author\" content=\"admin\"\/>\n\t<meta name=\"google-site-verification\" content=\"UA-38556648-1\" \/>\n\t<meta name=\"keywords\" content=\"internet\" \/>\n\t<link rel=\"canonical\" href=\"https:\/\/eldigitaldeasturias.com\/magazine365\/a-google-maps-se-le-colo-una-plaza-adolf-hitler-en-el-plano-de-berlin\/\" \/>\n\t<meta name=\"generator\" content=\"All in One SEO Pro (AIOSEO) 4.9.6.1\" \/>\n\t\t<meta property=\"og:locale\" content=\"es_ES\" \/>\n\t\t<meta property=\"og:site_name\" content=\"El Digital de Asturias \u2013 Revista de ocio, turismo y estilo de vida\" \/>\n\t\t<meta property=\"og:type\" content=\"article\" \/>\n\t\t<meta property=\"og:title\" content=\"A Google Maps se le col\u00f3 una \u00abPlaza Adolf Hitler\u00bb en el plano de Berl\u00edn | El Digital de Asturias\" \/>\n\t\t<meta property=\"og:description\" content=\"Berl\u00edn, 10 ene (EFE).- El servicio de mapas en internet Google Maps tuvo durante varios d\u00edas una &quot;Adolf-Hitler-Platz&quot; -Plaza de Adolf Hitler- en el centro de Berl\u00edn, un nombre introducido por un colaborador externo y admitido sin m\u00e1s por uno de los supervisores de la compa\u00f1\u00eda. Diversos medios berlineses se hicieron eco hoy del gazapo\" \/>\n\t\t<meta property=\"og:url\" content=\"https:\/\/eldigitaldeasturias.com\/magazine365\/a-google-maps-se-le-colo-una-plaza-adolf-hitler-en-el-plano-de-berlin\/\" \/>\n\t\t<meta property=\"og:image\" content=\"https:\/\/eldigitaldeasturias.com\/magazine365\/wp-content\/uploads\/2014\/01\/5841130w.jpg\" \/>\n\t\t<meta property=\"og:image:secure_url\" content=\"https:\/\/eldigitaldeasturias.com\/magazine365\/wp-content\/uploads\/2014\/01\/5841130w.jpg\" \/>\n\t\t<meta property=\"og:image:width\" content=\"800\" \/>\n\t\t<meta property=\"og:image:height\" content=\"538\" \/>\n\t\t<meta property=\"article:published_time\" content=\"2014-01-10T22:11:08+00:00\" \/>\n\t\t<meta property=\"article:modified_time\" content=\"2014-01-10T22:11:08+00:00\" \/>\n\t\t<meta name=\"twitter:card\" content=\"summary_large_image\" \/>\n\t\t<meta name=\"twitter:title\" content=\"A Google Maps se le col\u00f3 una \u00abPlaza Adolf Hitler\u00bb en el plano de Berl\u00edn | El Digital de Asturias\" \/>\n\t\t<meta name=\"twitter:description\" content=\"Berl\u00edn, 10 ene (EFE).- El servicio de mapas en internet Google Maps tuvo durante varios d\u00edas una &quot;Adolf-Hitler-Platz&quot; -Plaza de Adolf Hitler- en el centro de Berl\u00edn, un nombre introducido por un colaborador externo y admitido sin m\u00e1s por uno de los supervisores de la compa\u00f1\u00eda. Diversos medios berlineses se hicieron eco hoy del gazapo\" \/>\n\t\t<meta name=\"twitter:image\" content=\"https:\/\/eldigitaldeasturias.com\/magazine365\/wp-content\/uploads\/2014\/01\/5841130w.jpg\" \/>\n\t\t<script type=\"application\/ld+json\" class=\"aioseo-schema\">\n\t\t\t{\"@context\":\"https:\\\/\\\/schema.org\",\"@graph\":[{\"@type\":\"Article\",\"@id\":\"https:\\\/\\\/eldigitaldeasturias.com\\\/magazine365\\\/a-google-maps-se-le-colo-una-plaza-adolf-hitler-en-el-plano-de-berlin\\\/#article\",\"name\":\"A Google Maps se le col\\u00f3 una \\u00abPlaza Adolf Hitler\\u00bb en el plano de Berl\\u00edn | El Digital de Asturias\",\"headline\":\"A Google Maps se le col\\u00f3 una \\u00abPlaza Adolf Hitler\\u00bb en el plano de Berl\\u00edn\",\"author\":{\"@id\":\"https:\\\/\\\/eldigitaldeasturias.com\\\/magazine365\\\/author\\\/admin\\\/#author\"},\"publisher\":{\"@id\":\"https:\\\/\\\/eldigitaldeasturias.com\\\/magazine365\\\/#organization\"},\"image\":{\"@type\":\"ImageObject\",\"url\":\"https:\\\/\\\/eldigitaldeasturias.com\\\/magazine365\\\/wp-content\\\/uploads\\\/2014\\\/01\\\/5841130w.jpg\",\"width\":800,\"height\":538},\"datePublished\":\"2014-01-10T21:11:08+01:00\",\"dateModified\":\"2014-01-10T21:11:08+01:00\",\"inLanguage\":\"es-ES\",\"mainEntityOfPage\":{\"@id\":\"https:\\\/\\\/eldigitaldeasturias.com\\\/magazine365\\\/a-google-maps-se-le-colo-una-plaza-adolf-hitler-en-el-plano-de-berlin\\\/#webpage\"},\"isPartOf\":{\"@id\":\"https:\\\/\\\/eldigitaldeasturias.com\\\/magazine365\\\/a-google-maps-se-le-colo-una-plaza-adolf-hitler-en-el-plano-de-berlin\\\/#webpage\"},\"articleSection\":\"Internet\"},{\"@type\":\"BreadcrumbList\",\"@id\":\"https:\\\/\\\/eldigitaldeasturias.com\\\/magazine365\\\/a-google-maps-se-le-colo-una-plaza-adolf-hitler-en-el-plano-de-berlin\\\/#breadcrumblist\",\"itemListElement\":[{\"@type\":\"ListItem\",\"@id\":\"https:\\\/\\\/eldigitaldeasturias.com\\\/magazine365#listItem\",\"position\":1,\"name\":\"Home\",\"item\":\"https:\\\/\\\/eldigitaldeasturias.com\\\/magazine365\",\"nextItem\":{\"@type\":\"ListItem\",\"@id\":\"https:\\\/\\\/eldigitaldeasturias.com\\\/magazine365\\\/category\\\/internet\\\/#listItem\",\"name\":\"Internet\"}},{\"@type\":\"ListItem\",\"@id\":\"https:\\\/\\\/eldigitaldeasturias.com\\\/magazine365\\\/category\\\/internet\\\/#listItem\",\"position\":2,\"name\":\"Internet\",\"item\":\"https:\\\/\\\/eldigitaldeasturias.com\\\/magazine365\\\/category\\\/internet\\\/\",\"nextItem\":{\"@type\":\"ListItem\",\"@id\":\"https:\\\/\\\/eldigitaldeasturias.com\\\/magazine365\\\/a-google-maps-se-le-colo-una-plaza-adolf-hitler-en-el-plano-de-berlin\\\/#listItem\",\"name\":\"A Google Maps se le col\\u00f3 una \\u00abPlaza Adolf Hitler\\u00bb en el plano de Berl\\u00edn\"},\"previousItem\":{\"@type\":\"ListItem\",\"@id\":\"https:\\\/\\\/eldigitaldeasturias.com\\\/magazine365#listItem\",\"name\":\"Home\"}},{\"@type\":\"ListItem\",\"@id\":\"https:\\\/\\\/eldigitaldeasturias.com\\\/magazine365\\\/a-google-maps-se-le-colo-una-plaza-adolf-hitler-en-el-plano-de-berlin\\\/#listItem\",\"position\":3,\"name\":\"A Google Maps se le col\\u00f3 una \\u00abPlaza Adolf Hitler\\u00bb en el plano de Berl\\u00edn\",\"previousItem\":{\"@type\":\"ListItem\",\"@id\":\"https:\\\/\\\/eldigitaldeasturias.com\\\/magazine365\\\/category\\\/internet\\\/#listItem\",\"name\":\"Internet\"}}]},{\"@type\":\"Organization\",\"@id\":\"https:\\\/\\\/eldigitaldeasturias.com\\\/magazine365\\\/#organization\",\"name\":\"El digital de Asturias\",\"description\":\"Revista de ocio, turismo y estilo de vida\",\"url\":\"https:\\\/\\\/eldigitaldeasturias.com\\\/magazine365\\\/\",\"logo\":{\"@type\":\"ImageObject\",\"url\":\"https:\\\/\\\/www.eldigitaldeasturias.com\\\/noticias\\\/wp-content\\\/uploads\\\/2020\\\/12\\\/EDA.jpg\",\"@id\":\"https:\\\/\\\/eldigitaldeasturias.com\\\/magazine365\\\/a-google-maps-se-le-colo-una-plaza-adolf-hitler-en-el-plano-de-berlin\\\/#organizationLogo\"},\"image\":{\"@id\":\"https:\\\/\\\/eldigitaldeasturias.com\\\/magazine365\\\/a-google-maps-se-le-colo-una-plaza-adolf-hitler-en-el-plano-de-berlin\\\/#organizationLogo\"}},{\"@type\":\"Person\",\"@id\":\"https:\\\/\\\/eldigitaldeasturias.com\\\/magazine365\\\/author\\\/admin\\\/#author\",\"url\":\"https:\\\/\\\/eldigitaldeasturias.com\\\/magazine365\\\/author\\\/admin\\\/\",\"name\":\"admin\",\"image\":{\"@type\":\"ImageObject\",\"@id\":\"https:\\\/\\\/eldigitaldeasturias.com\\\/magazine365\\\/a-google-maps-se-le-colo-una-plaza-adolf-hitler-en-el-plano-de-berlin\\\/#authorImage\",\"url\":\"https:\\\/\\\/eldigitaldeasturias.com\\\/magazine365\\\/wp-content\\\/litespeed\\\/avatar\\\/e571bcf59a0edd6fa6838245a470f2fe.jpg?ver=1776969259\",\"width\":96,\"height\":96,\"caption\":\"admin\"}},{\"@type\":\"WebPage\",\"@id\":\"https:\\\/\\\/eldigitaldeasturias.com\\\/magazine365\\\/a-google-maps-se-le-colo-una-plaza-adolf-hitler-en-el-plano-de-berlin\\\/#webpage\",\"url\":\"https:\\\/\\\/eldigitaldeasturias.com\\\/magazine365\\\/a-google-maps-se-le-colo-una-plaza-adolf-hitler-en-el-plano-de-berlin\\\/\",\"name\":\"A Google Maps se le col\\u00f3 una \\u00abPlaza Adolf Hitler\\u00bb en el plano de Berl\\u00edn | El Digital de Asturias\",\"description\":\"Berl\\u00edn, 10 ene (EFE).- El servicio de mapas en internet Google Maps tuvo durante varios d\\u00edas una \\\"Adolf-Hitler-Platz\\\" -Plaza de Adolf Hitler- en el centro de Berl\\u00edn, un nombre introducido por un colaborador externo y admitido sin m\\u00e1s por uno de los supervisores de la compa\\u00f1\\u00eda. Diversos medios berlineses se hicieron eco hoy del gazapo\",\"inLanguage\":\"es-ES\",\"isPartOf\":{\"@id\":\"https:\\\/\\\/eldigitaldeasturias.com\\\/magazine365\\\/#website\"},\"breadcrumb\":{\"@id\":\"https:\\\/\\\/eldigitaldeasturias.com\\\/magazine365\\\/a-google-maps-se-le-colo-una-plaza-adolf-hitler-en-el-plano-de-berlin\\\/#breadcrumblist\"},\"author\":{\"@id\":\"https:\\\/\\\/eldigitaldeasturias.com\\\/magazine365\\\/author\\\/admin\\\/#author\"},\"creator\":{\"@id\":\"https:\\\/\\\/eldigitaldeasturias.com\\\/magazine365\\\/author\\\/admin\\\/#author\"},\"image\":{\"@type\":\"ImageObject\",\"url\":\"https:\\\/\\\/eldigitaldeasturias.com\\\/magazine365\\\/wp-content\\\/uploads\\\/2014\\\/01\\\/5841130w.jpg\",\"@id\":\"https:\\\/\\\/eldigitaldeasturias.com\\\/magazine365\\\/a-google-maps-se-le-colo-una-plaza-adolf-hitler-en-el-plano-de-berlin\\\/#mainImage\",\"width\":800,\"height\":538},\"primaryImageOfPage\":{\"@id\":\"https:\\\/\\\/eldigitaldeasturias.com\\\/magazine365\\\/a-google-maps-se-le-colo-una-plaza-adolf-hitler-en-el-plano-de-berlin\\\/#mainImage\"},\"datePublished\":\"2014-01-10T21:11:08+01:00\",\"dateModified\":\"2014-01-10T21:11:08+01:00\"},{\"@type\":\"WebSite\",\"@id\":\"https:\\\/\\\/eldigitaldeasturias.com\\\/magazine365\\\/#website\",\"url\":\"https:\\\/\\\/eldigitaldeasturias.com\\\/magazine365\\\/\",\"name\":\"El Digital de Asturias\",\"description\":\"Revista de ocio, turismo y estilo de vida\",\"inLanguage\":\"es-ES\",\"publisher\":{\"@id\":\"https:\\\/\\\/eldigitaldeasturias.com\\\/magazine365\\\/#organization\"}}]}\n\t\t<\/script>\n\t\t<!-- All in One SEO Pro -->\r\n\t\t<title>A Google Maps se le col\u00f3 una \u00abPlaza Adolf Hitler\u00bb en el plano de Berl\u00edn | El Digital de Asturias<\/title>\n\n","aioseo_head_json":{"title":"A Google Maps se le col\u00f3 una \u00abPlaza Adolf Hitler\u00bb en el plano de Berl\u00edn | El Digital de Asturias","description":"Berl\u00edn, 10 ene (EFE).- El servicio de mapas en internet Google Maps tuvo durante varios d\u00edas una \"Adolf-Hitler-Platz\" -Plaza de Adolf Hitler- en el centro de Berl\u00edn, un nombre introducido por un colaborador externo y admitido sin m\u00e1s por uno de los supervisores de la compa\u00f1\u00eda. Diversos medios berlineses se hicieron eco hoy del gazapo","canonical_url":"https:\/\/eldigitaldeasturias.com\/magazine365\/a-google-maps-se-le-colo-una-plaza-adolf-hitler-en-el-plano-de-berlin\/","robots":"max-image-preview:large","keywords":"internet","webmasterTools":{"google-site-verification":"UA-38556648-1","miscellaneous":""},"schema":{"@context":"https:\/\/schema.org","@graph":[{"@type":"Article","@id":"https:\/\/eldigitaldeasturias.com\/magazine365\/a-google-maps-se-le-colo-una-plaza-adolf-hitler-en-el-plano-de-berlin\/#article","name":"A Google Maps se le col\u00f3 una \u00abPlaza Adolf Hitler\u00bb en el plano de Berl\u00edn | El Digital de Asturias","headline":"A Google Maps se le col\u00f3 una \u00abPlaza Adolf Hitler\u00bb en el plano de Berl\u00edn","author":{"@id":"https:\/\/eldigitaldeasturias.com\/magazine365\/author\/admin\/#author"},"publisher":{"@id":"https:\/\/eldigitaldeasturias.com\/magazine365\/#organization"},"image":{"@type":"ImageObject","url":"https:\/\/eldigitaldeasturias.com\/magazine365\/wp-content\/uploads\/2014\/01\/5841130w.jpg","width":800,"height":538},"datePublished":"2014-01-10T21:11:08+01:00","dateModified":"2014-01-10T21:11:08+01:00","inLanguage":"es-ES","mainEntityOfPage":{"@id":"https:\/\/eldigitaldeasturias.com\/magazine365\/a-google-maps-se-le-colo-una-plaza-adolf-hitler-en-el-plano-de-berlin\/#webpage"},"isPartOf":{"@id":"https:\/\/eldigitaldeasturias.com\/magazine365\/a-google-maps-se-le-colo-una-plaza-adolf-hitler-en-el-plano-de-berlin\/#webpage"},"articleSection":"Internet"},{"@type":"BreadcrumbList","@id":"https:\/\/eldigitaldeasturias.com\/magazine365\/a-google-maps-se-le-colo-una-plaza-adolf-hitler-en-el-plano-de-berlin\/#breadcrumblist","itemListElement":[{"@type":"ListItem","@id":"https:\/\/eldigitaldeasturias.com\/magazine365#listItem","position":1,"name":"Home","item":"https:\/\/eldigitaldeasturias.com\/magazine365","nextItem":{"@type":"ListItem","@id":"https:\/\/eldigitaldeasturias.com\/magazine365\/category\/internet\/#listItem","name":"Internet"}},{"@type":"ListItem","@id":"https:\/\/eldigitaldeasturias.com\/magazine365\/category\/internet\/#listItem","position":2,"name":"Internet","item":"https:\/\/eldigitaldeasturias.com\/magazine365\/category\/internet\/","nextItem":{"@type":"ListItem","@id":"https:\/\/eldigitaldeasturias.com\/magazine365\/a-google-maps-se-le-colo-una-plaza-adolf-hitler-en-el-plano-de-berlin\/#listItem","name":"A Google Maps se le col\u00f3 una \u00abPlaza Adolf Hitler\u00bb en el plano de Berl\u00edn"},"previousItem":{"@type":"ListItem","@id":"https:\/\/eldigitaldeasturias.com\/magazine365#listItem","name":"Home"}},{"@type":"ListItem","@id":"https:\/\/eldigitaldeasturias.com\/magazine365\/a-google-maps-se-le-colo-una-plaza-adolf-hitler-en-el-plano-de-berlin\/#listItem","position":3,"name":"A Google Maps se le col\u00f3 una \u00abPlaza Adolf Hitler\u00bb en el plano de Berl\u00edn","previousItem":{"@type":"ListItem","@id":"https:\/\/eldigitaldeasturias.com\/magazine365\/category\/internet\/#listItem","name":"Internet"}}]},{"@type":"Organization","@id":"https:\/\/eldigitaldeasturias.com\/magazine365\/#organization","name":"El digital de Asturias","description":"Revista de ocio, turismo y estilo de vida","url":"https:\/\/eldigitaldeasturias.com\/magazine365\/","logo":{"@type":"ImageObject","url":"https:\/\/www.eldigitaldeasturias.com\/noticias\/wp-content\/uploads\/2020\/12\/EDA.jpg","@id":"https:\/\/eldigitaldeasturias.com\/magazine365\/a-google-maps-se-le-colo-una-plaza-adolf-hitler-en-el-plano-de-berlin\/#organizationLogo"},"image":{"@id":"https:\/\/eldigitaldeasturias.com\/magazine365\/a-google-maps-se-le-colo-una-plaza-adolf-hitler-en-el-plano-de-berlin\/#organizationLogo"}},{"@type":"Person","@id":"https:\/\/eldigitaldeasturias.com\/magazine365\/author\/admin\/#author","url":"https:\/\/eldigitaldeasturias.com\/magazine365\/author\/admin\/","name":"admin","image":{"@type":"ImageObject","@id":"https:\/\/eldigitaldeasturias.com\/magazine365\/a-google-maps-se-le-colo-una-plaza-adolf-hitler-en-el-plano-de-berlin\/#authorImage","url":"https:\/\/eldigitaldeasturias.com\/magazine365\/wp-content\/litespeed\/avatar\/e571bcf59a0edd6fa6838245a470f2fe.jpg?ver=1776969259","width":96,"height":96,"caption":"admin"}},{"@type":"WebPage","@id":"https:\/\/eldigitaldeasturias.com\/magazine365\/a-google-maps-se-le-colo-una-plaza-adolf-hitler-en-el-plano-de-berlin\/#webpage","url":"https:\/\/eldigitaldeasturias.com\/magazine365\/a-google-maps-se-le-colo-una-plaza-adolf-hitler-en-el-plano-de-berlin\/","name":"A Google Maps se le col\u00f3 una \u00abPlaza Adolf Hitler\u00bb en el plano de Berl\u00edn | El Digital de Asturias","description":"Berl\u00edn, 10 ene (EFE).- El servicio de mapas en internet Google Maps tuvo durante varios d\u00edas una \"Adolf-Hitler-Platz\" -Plaza de Adolf Hitler- en el centro de Berl\u00edn, un nombre introducido por un colaborador externo y admitido sin m\u00e1s por uno de los supervisores de la compa\u00f1\u00eda. Diversos medios berlineses se hicieron eco hoy del gazapo","inLanguage":"es-ES","isPartOf":{"@id":"https:\/\/eldigitaldeasturias.com\/magazine365\/#website"},"breadcrumb":{"@id":"https:\/\/eldigitaldeasturias.com\/magazine365\/a-google-maps-se-le-colo-una-plaza-adolf-hitler-en-el-plano-de-berlin\/#breadcrumblist"},"author":{"@id":"https:\/\/eldigitaldeasturias.com\/magazine365\/author\/admin\/#author"},"creator":{"@id":"https:\/\/eldigitaldeasturias.com\/magazine365\/author\/admin\/#author"},"image":{"@type":"ImageObject","url":"https:\/\/eldigitaldeasturias.com\/magazine365\/wp-content\/uploads\/2014\/01\/5841130w.jpg","@id":"https:\/\/eldigitaldeasturias.com\/magazine365\/a-google-maps-se-le-colo-una-plaza-adolf-hitler-en-el-plano-de-berlin\/#mainImage","width":800,"height":538},"primaryImageOfPage":{"@id":"https:\/\/eldigitaldeasturias.com\/magazine365\/a-google-maps-se-le-colo-una-plaza-adolf-hitler-en-el-plano-de-berlin\/#mainImage"},"datePublished":"2014-01-10T21:11:08+01:00","dateModified":"2014-01-10T21:11:08+01:00"},{"@type":"WebSite","@id":"https:\/\/eldigitaldeasturias.com\/magazine365\/#website","url":"https:\/\/eldigitaldeasturias.com\/magazine365\/","name":"El Digital de Asturias","description":"Revista de ocio, turismo y estilo de vida","inLanguage":"es-ES","publisher":{"@id":"https:\/\/eldigitaldeasturias.com\/magazine365\/#organization"}}]},"og:locale":"es_ES","og:site_name":"El Digital de Asturias \u2013 Revista de ocio, turismo y estilo de vida","og:type":"article","og:title":"A Google Maps se le col\u00f3 una \u00abPlaza Adolf Hitler\u00bb en el plano de Berl\u00edn | El Digital de Asturias","og:description":"Berl\u00edn, 10 ene (EFE).- El servicio de mapas en internet Google Maps tuvo durante varios d\u00edas una &quot;Adolf-Hitler-Platz&quot; -Plaza de Adolf Hitler- en el centro de Berl\u00edn, un nombre introducido por un colaborador externo y admitido sin m\u00e1s por uno de los supervisores de la compa\u00f1\u00eda. Diversos medios berlineses se hicieron eco hoy del gazapo","og:url":"https:\/\/eldigitaldeasturias.com\/magazine365\/a-google-maps-se-le-colo-una-plaza-adolf-hitler-en-el-plano-de-berlin\/","og:image":"https:\/\/eldigitaldeasturias.com\/magazine365\/wp-content\/uploads\/2014\/01\/5841130w.jpg","og:image:secure_url":"https:\/\/eldigitaldeasturias.com\/magazine365\/wp-content\/uploads\/2014\/01\/5841130w.jpg","og:image:width":800,"og:image:height":538,"article:published_time":"2014-01-10T22:11:08+00:00","article:modified_time":"2014-01-10T22:11:08+00:00","twitter:card":"summary_large_image","twitter:title":"A Google Maps se le col\u00f3 una \u00abPlaza Adolf Hitler\u00bb en el plano de Berl\u00edn | El Digital de Asturias","twitter:description":"Berl\u00edn, 10 ene (EFE).- El servicio de mapas en internet Google Maps tuvo durante varios d\u00edas una &quot;Adolf-Hitler-Platz&quot; -Plaza de Adolf Hitler- en el centro de Berl\u00edn, un nombre introducido por un colaborador externo y admitido sin m\u00e1s por uno de los supervisores de la compa\u00f1\u00eda. Diversos medios berlineses se hicieron eco hoy del gazapo","twitter:image":"https:\/\/eldigitaldeasturias.com\/magazine365\/wp-content\/uploads\/2014\/01\/5841130w.jpg"},"aioseo_meta_data":{"post_id":"687","title":null,"description":null,"keywords":null,"keyphrases":null,"primary_term":null,"canonical_url":null,"og_title":null,"og_description":null,"og_object_type":"default","og_image_type":"default","og_image_url":null,"og_image_width":null,"og_image_height":null,"og_image_custom_url":null,"og_image_custom_fields":null,"og_video":null,"og_custom_url":null,"og_article_section":null,"og_article_tags":null,"twitter_use_og":false,"twitter_card":"default","twitter_image_type":"default","twitter_image_url":null,"twitter_image_custom_url":null,"twitter_image_custom_fields":null,"twitter_title":null,"twitter_description":null,"schema":{"blockGraphs":[],"customGraphs":[],"default":{"data":{"Article":[],"Course":[],"Dataset":[],"FAQPage":[],"Movie":[],"Person":[],"Product":[],"ProductReview":[],"Car":[],"Recipe":[],"Service":[],"SoftwareApplication":[],"WebPage":[]},"graphName":"","isEnabled":true},"graphs":[]},"schema_type":null,"schema_type_options":null,"pillar_content":false,"robots_default":true,"robots_noindex":false,"robots_noarchive":false,"robots_nosnippet":false,"robots_nofollow":false,"robots_noimageindex":false,"robots_noodp":false,"robots_notranslate":false,"robots_max_snippet":null,"robots_max_videopreview":null,"robots_max_imagepreview":"large","priority":null,"frequency":null,"location":null,"local_seo":null,"seo_analyzer_scan_date":"2025-09-16 08:00:36","breadcrumb_settings":null,"limit_modified_date":false,"open_ai":null,"ai":null,"created":"2020-12-21 13:34:31","updated":"2025-09-16 08:00:36"},"aioseo_breadcrumb":"<div class=\"aioseo-breadcrumbs\"><span class=\"aioseo-breadcrumb\">\n\t<a href=\"https:\/\/eldigitaldeasturias.com\/magazine365\" title=\"Home\">Home<\/a>\n<\/span><span class=\"aioseo-breadcrumb-separator\">\u2013<\/span><span class=\"aioseo-breadcrumb\">\n\t<a href=\"https:\/\/eldigitaldeasturias.com\/magazine365\/category\/internet\/\" title=\"Internet\">Internet<\/a>\n<\/span><span class=\"aioseo-breadcrumb-separator\">\u2013<\/span><span class=\"aioseo-breadcrumb\">\n\t<a href=\"https:\/\/eldigitaldeasturias.com\/magazine365\/a-google-maps-se-le-colo-una-plaza-adolf-hitler-en-el-plano-de-berlin\/\" title=\"A Google Maps se le col\u00f3 una \u00abPlaza Adolf Hitler\u00bb en el plano de Berl\u00edn\">A Google Maps se le col\u00f3 una \u00abPlaza Adolf Hitler\u00bb en el plano de Berl\u00edn<\/a>\n<\/span><\/div>","aioseo_breadcrumb_json":[{"label":"Home","link":"https:\/\/eldigitaldeasturias.com\/magazine365"},{"label":"Internet","link":"https:\/\/eldigitaldeasturias.com\/magazine365\/category\/internet\/"},{"label":"A Google Maps se le col\u00f3 una \u00abPlaza Adolf Hitler\u00bb en el plano de Berl\u00edn","link":"https:\/\/eldigitaldeasturias.com\/magazine365\/a-google-maps-se-le-colo-una-plaza-adolf-hitler-en-el-plano-de-berlin\/"}],"_links":{"self":[{"href":"https:\/\/eldigitaldeasturias.com\/magazine365\/wp-json\/wp\/v2\/posts\/687","targetHints":{"allow":["GET"]}}],"collection":[{"href":"https:\/\/eldigitaldeasturias.com\/magazine365\/wp-json\/wp\/v2\/posts"}],"about":[{"href":"https:\/\/eldigitaldeasturias.com\/magazine365\/wp-json\/wp\/v2\/types\/post"}],"author":[{"embeddable":true,"href":"https:\/\/eldigitaldeasturias.com\/magazine365\/wp-json\/wp\/v2\/users\/1"}],"replies":[{"embeddable":true,"href":"https:\/\/eldigitaldeasturias.com\/magazine365\/wp-json\/wp\/v2\/comments?post=687"}],"version-history":[{"count":0,"href":"https:\/\/eldigitaldeasturias.com\/magazine365\/wp-json\/wp\/v2\/posts\/687\/revisions"}],"wp:featuredmedia":[{"embeddable":true,"href":"https:\/\/eldigitaldeasturias.com\/magazine365\/wp-json\/wp\/v2\/media\/688"}],"wp:attachment":[{"href":"https:\/\/eldigitaldeasturias.com\/magazine365\/wp-json\/wp\/v2\/media?parent=687"}],"wp:term":[{"taxonomy":"category","embeddable":true,"href":"https:\/\/eldigitaldeasturias.com\/magazine365\/wp-json\/wp\/v2\/categories?post=687"},{"taxonomy":"post_tag","embeddable":true,"href":"https:\/\/eldigitaldeasturias.com\/magazine365\/wp-json\/wp\/v2\/tags?post=687"}],"curies":[{"name":"wp","href":"https:\/\/api.w.org\/{rel}","templated":true}]}}