{"id":684,"date":"2014-01-10T21:09:09","date_gmt":"2014-01-10T22:09:09","guid":{"rendered":"http:\/\/eldigitaldeasturias.com\/magazine365\/?p=684"},"modified":"2014-01-10T21:09:09","modified_gmt":"2014-01-10T22:09:09","slug":"hallada-la-guillotina-con-la-que-los-nazis-ejecutaron-a-heroes-de-la-resistencia","status":"publish","type":"post","link":"https:\/\/eldigitaldeasturias.com\/magazine365\/hallada-la-guillotina-con-la-que-los-nazis-ejecutaron-a-heroes-de-la-resistencia\/","title":{"rendered":"Hallada la guillotina con la que los nazis ejecutaron a h\u00e9roes de la resistencia"},"content":{"rendered":"<p><img fetchpriority=\"high\" decoding=\"async\" class=\"alignleft size-medium wp-image-685\" alt=\"5841028w\" src=\"https:\/\/eldigitaldeasturias.com\/magazine365\/wp-content\/uploads\/2014\/01\/5841028w-360x271.jpg\" width=\"360\" height=\"271\" \/>Berl\u00edn, 10 ene (EFE).- La guillotina con que fueron ejecutados los hermanos Hans y Sophie Scholl, h\u00e9roes estudiantiles de la resistencia contra Adolf Hitler, ha sido hallada en el almac\u00e9n del Museo Nacional de Baviera, indicaron hoy fuentes de esa instituci\u00f3n.<\/p>\n<p>La pieza, que se daba por perdida, probablemente estaba en ese dep\u00f3sito \u00abdesde hace d\u00e9cadas\u00bb, indic\u00f3 en declaraciones a la radio p\u00fablica Sybe Wartena, responsable de la secci\u00f3n hist\u00f3rica del museo, despu\u00e9s de que un medio b\u00e1varo informara hoy del hallazgo.<\/p>\n<p>La fuente del museo no precis\u00f3 si la guillotina ser\u00e1 restaurada y expuesta, ante los previsibles recelos \u00e9ticos que podr\u00eda generar la exhibici\u00f3n del artefacto con que fueron ejecutados ambos hermanos, miembros del grupo Die Weisse Rose, La Rosa Blanca.<\/p>\n<p>Esta organizaci\u00f3n de la resistencia oper\u00f3 desde la Universidad Ludwig-Maximilians de M\u00fanich y fue la responsable de la edici\u00f3n clandestina en 1943 de un panfleto contra el r\u00e9gimen nazi en el que alertaban del genocidio.<\/p>\n<p>Los hermanos Scholl -Hans, de 25 a\u00f1os y Sophie, de 21- fueron descubiertos y detenidos en febrero de 1943 y tras un proceso sumar\u00edsimo fueron condenados a muerte y ejecutados con la guillotina.<\/p>\n<p>Otros compa\u00f1eros del grupo lograron hacer llegar a Londres la \u00faltima partida de los panfletos, que fueron lanzados sobre Alemania por la aviaci\u00f3n brit\u00e1nica.<\/p>\n<p>La acci\u00f3n qued\u00f3 inscrita en la historia de la resistencia y considerada exponente de la lucha de peque\u00f1os grupos estudiantiles, en muchos casos vinculados a la Iglesia, contra el aparato nazi.<\/p>\n<p>La Fundaci\u00f3n Weisse Rose, dedicada a la memoria de los hermanos Scholl, afirm\u00f3 hoy no tener conocimiento del paradero de la guillotina, que se cre\u00eda que se hab\u00eda arrojado a las aguas del Danubio en 1945.<\/p>\n","protected":false},"excerpt":{"rendered":"<p>Berl\u00edn, 10 ene (EFE).- La guillotina con que fueron ejecutados los hermanos Hans y Sophie Scholl, h\u00e9roes estudiantiles de la resistencia contra Adolf Hitler, ha sido hallada en el almac\u00e9n del Museo Nacional de Baviera, indicaron hoy fuentes de esa instituci\u00f3n. La pieza, que se daba por perdida, probablemente estaba en ese dep\u00f3sito \u00abdesde hace<\/p>\n","protected":false},"author":1,"featured_media":685,"comment_status":"open","ping_status":"open","sticky":false,"template":"","format":"standard","meta":{"footnotes":""},"categories":[224],"tags":[],"class_list":{"0":"post-684","1":"post","2":"type-post","3":"status-publish","4":"format-standard","5":"has-post-thumbnail","7":"category-noticias-actualidad"},"aioseo_notices":[],"aioseo_head":"\n\t\t<!-- All in One SEO Pro 4.9.6.1 - aioseo.com -->\n\t<meta name=\"description\" content=\"Berl\u00edn, 10 ene (EFE).- La guillotina con que fueron ejecutados los hermanos Hans y Sophie Scholl, h\u00e9roes estudiantiles de la resistencia contra Adolf Hitler, ha sido hallada en el almac\u00e9n del Museo Nacional de Baviera, indicaron hoy fuentes de esa instituci\u00f3n. La pieza, que se daba por perdida, probablemente estaba en ese dep\u00f3sito &quot;desde hace\" \/>\n\t<meta name=\"robots\" content=\"max-image-preview:large\" \/>\n\t<meta name=\"author\" content=\"admin\"\/>\n\t<meta name=\"google-site-verification\" content=\"UA-38556648-1\" \/>\n\t<meta name=\"keywords\" content=\"noticias y actualidad\" \/>\n\t<link rel=\"canonical\" href=\"https:\/\/eldigitaldeasturias.com\/magazine365\/hallada-la-guillotina-con-la-que-los-nazis-ejecutaron-a-heroes-de-la-resistencia\/\" \/>\n\t<meta name=\"generator\" content=\"All in One SEO Pro (AIOSEO) 4.9.6.1\" \/>\n\t\t<meta property=\"og:locale\" content=\"es_ES\" \/>\n\t\t<meta property=\"og:site_name\" content=\"El Digital de Asturias \u2013 Revista de ocio, turismo y estilo de vida\" \/>\n\t\t<meta property=\"og:type\" content=\"article\" \/>\n\t\t<meta property=\"og:title\" content=\"Hallada la guillotina con la que los nazis ejecutaron a h\u00e9roes de la resistencia | El Digital de Asturias\" \/>\n\t\t<meta property=\"og:description\" content=\"Berl\u00edn, 10 ene (EFE).- La guillotina con que fueron ejecutados los hermanos Hans y Sophie Scholl, h\u00e9roes estudiantiles de la resistencia contra Adolf Hitler, ha sido hallada en el almac\u00e9n del Museo Nacional de Baviera, indicaron hoy fuentes de esa instituci\u00f3n. La pieza, que se daba por perdida, probablemente estaba en ese dep\u00f3sito &quot;desde hace\" \/>\n\t\t<meta property=\"og:url\" content=\"https:\/\/eldigitaldeasturias.com\/magazine365\/hallada-la-guillotina-con-la-que-los-nazis-ejecutaron-a-heroes-de-la-resistencia\/\" \/>\n\t\t<meta property=\"og:image\" content=\"https:\/\/eldigitaldeasturias.com\/magazine365\/wp-content\/uploads\/2014\/01\/5841028w.jpg\" \/>\n\t\t<meta property=\"og:image:secure_url\" content=\"https:\/\/eldigitaldeasturias.com\/magazine365\/wp-content\/uploads\/2014\/01\/5841028w.jpg\" \/>\n\t\t<meta property=\"og:image:width\" content=\"800\" \/>\n\t\t<meta property=\"og:image:height\" content=\"604\" \/>\n\t\t<meta property=\"article:published_time\" content=\"2014-01-10T22:09:09+00:00\" \/>\n\t\t<meta property=\"article:modified_time\" content=\"2014-01-10T22:09:09+00:00\" \/>\n\t\t<meta name=\"twitter:card\" content=\"summary_large_image\" \/>\n\t\t<meta name=\"twitter:title\" content=\"Hallada la guillotina con la que los nazis ejecutaron a h\u00e9roes de la resistencia | El Digital de Asturias\" \/>\n\t\t<meta name=\"twitter:description\" content=\"Berl\u00edn, 10 ene (EFE).- La guillotina con que fueron ejecutados los hermanos Hans y Sophie Scholl, h\u00e9roes estudiantiles de la resistencia contra Adolf Hitler, ha sido hallada en el almac\u00e9n del Museo Nacional de Baviera, indicaron hoy fuentes de esa instituci\u00f3n. La pieza, que se daba por perdida, probablemente estaba en ese dep\u00f3sito &quot;desde hace\" \/>\n\t\t<meta name=\"twitter:image\" content=\"https:\/\/eldigitaldeasturias.com\/magazine365\/wp-content\/uploads\/2014\/01\/5841028w.jpg\" \/>\n\t\t<script type=\"application\/ld+json\" class=\"aioseo-schema\">\n\t\t\t{\"@context\":\"https:\\\/\\\/schema.org\",\"@graph\":[{\"@type\":\"Article\",\"@id\":\"https:\\\/\\\/eldigitaldeasturias.com\\\/magazine365\\\/hallada-la-guillotina-con-la-que-los-nazis-ejecutaron-a-heroes-de-la-resistencia\\\/#article\",\"name\":\"Hallada la guillotina con la que los nazis ejecutaron a h\\u00e9roes de la resistencia | El Digital de Asturias\",\"headline\":\"Hallada la guillotina con la que los nazis ejecutaron a h\\u00e9roes de la resistencia\",\"author\":{\"@id\":\"https:\\\/\\\/eldigitaldeasturias.com\\\/magazine365\\\/author\\\/admin\\\/#author\"},\"publisher\":{\"@id\":\"https:\\\/\\\/eldigitaldeasturias.com\\\/magazine365\\\/#organization\"},\"image\":{\"@type\":\"ImageObject\",\"url\":\"https:\\\/\\\/eldigitaldeasturias.com\\\/magazine365\\\/wp-content\\\/uploads\\\/2014\\\/01\\\/5841028w.jpg\",\"width\":800,\"height\":604},\"datePublished\":\"2014-01-10T21:09:09+01:00\",\"dateModified\":\"2014-01-10T21:09:09+01:00\",\"inLanguage\":\"es-ES\",\"mainEntityOfPage\":{\"@id\":\"https:\\\/\\\/eldigitaldeasturias.com\\\/magazine365\\\/hallada-la-guillotina-con-la-que-los-nazis-ejecutaron-a-heroes-de-la-resistencia\\\/#webpage\"},\"isPartOf\":{\"@id\":\"https:\\\/\\\/eldigitaldeasturias.com\\\/magazine365\\\/hallada-la-guillotina-con-la-que-los-nazis-ejecutaron-a-heroes-de-la-resistencia\\\/#webpage\"},\"articleSection\":\"Noticias y Actualidad\"},{\"@type\":\"BreadcrumbList\",\"@id\":\"https:\\\/\\\/eldigitaldeasturias.com\\\/magazine365\\\/hallada-la-guillotina-con-la-que-los-nazis-ejecutaron-a-heroes-de-la-resistencia\\\/#breadcrumblist\",\"itemListElement\":[{\"@type\":\"ListItem\",\"@id\":\"https:\\\/\\\/eldigitaldeasturias.com\\\/magazine365#listItem\",\"position\":1,\"name\":\"Home\",\"item\":\"https:\\\/\\\/eldigitaldeasturias.com\\\/magazine365\",\"nextItem\":{\"@type\":\"ListItem\",\"@id\":\"https:\\\/\\\/eldigitaldeasturias.com\\\/magazine365\\\/category\\\/noticias-actualidad\\\/#listItem\",\"name\":\"Noticias y Actualidad\"}},{\"@type\":\"ListItem\",\"@id\":\"https:\\\/\\\/eldigitaldeasturias.com\\\/magazine365\\\/category\\\/noticias-actualidad\\\/#listItem\",\"position\":2,\"name\":\"Noticias y Actualidad\",\"item\":\"https:\\\/\\\/eldigitaldeasturias.com\\\/magazine365\\\/category\\\/noticias-actualidad\\\/\",\"nextItem\":{\"@type\":\"ListItem\",\"@id\":\"https:\\\/\\\/eldigitaldeasturias.com\\\/magazine365\\\/hallada-la-guillotina-con-la-que-los-nazis-ejecutaron-a-heroes-de-la-resistencia\\\/#listItem\",\"name\":\"Hallada la guillotina con la que los nazis ejecutaron a h\\u00e9roes de la resistencia\"},\"previousItem\":{\"@type\":\"ListItem\",\"@id\":\"https:\\\/\\\/eldigitaldeasturias.com\\\/magazine365#listItem\",\"name\":\"Home\"}},{\"@type\":\"ListItem\",\"@id\":\"https:\\\/\\\/eldigitaldeasturias.com\\\/magazine365\\\/hallada-la-guillotina-con-la-que-los-nazis-ejecutaron-a-heroes-de-la-resistencia\\\/#listItem\",\"position\":3,\"name\":\"Hallada la guillotina con la que los nazis ejecutaron a h\\u00e9roes de la resistencia\",\"previousItem\":{\"@type\":\"ListItem\",\"@id\":\"https:\\\/\\\/eldigitaldeasturias.com\\\/magazine365\\\/category\\\/noticias-actualidad\\\/#listItem\",\"name\":\"Noticias y Actualidad\"}}]},{\"@type\":\"Organization\",\"@id\":\"https:\\\/\\\/eldigitaldeasturias.com\\\/magazine365\\\/#organization\",\"name\":\"El digital de Asturias\",\"description\":\"Revista de ocio, turismo y estilo de vida\",\"url\":\"https:\\\/\\\/eldigitaldeasturias.com\\\/magazine365\\\/\",\"logo\":{\"@type\":\"ImageObject\",\"url\":\"https:\\\/\\\/www.eldigitaldeasturias.com\\\/noticias\\\/wp-content\\\/uploads\\\/2020\\\/12\\\/EDA.jpg\",\"@id\":\"https:\\\/\\\/eldigitaldeasturias.com\\\/magazine365\\\/hallada-la-guillotina-con-la-que-los-nazis-ejecutaron-a-heroes-de-la-resistencia\\\/#organizationLogo\"},\"image\":{\"@id\":\"https:\\\/\\\/eldigitaldeasturias.com\\\/magazine365\\\/hallada-la-guillotina-con-la-que-los-nazis-ejecutaron-a-heroes-de-la-resistencia\\\/#organizationLogo\"}},{\"@type\":\"Person\",\"@id\":\"https:\\\/\\\/eldigitaldeasturias.com\\\/magazine365\\\/author\\\/admin\\\/#author\",\"url\":\"https:\\\/\\\/eldigitaldeasturias.com\\\/magazine365\\\/author\\\/admin\\\/\",\"name\":\"admin\",\"image\":{\"@type\":\"ImageObject\",\"@id\":\"https:\\\/\\\/eldigitaldeasturias.com\\\/magazine365\\\/hallada-la-guillotina-con-la-que-los-nazis-ejecutaron-a-heroes-de-la-resistencia\\\/#authorImage\",\"url\":\"https:\\\/\\\/eldigitaldeasturias.com\\\/magazine365\\\/wp-content\\\/litespeed\\\/avatar\\\/e571bcf59a0edd6fa6838245a470f2fe.jpg?ver=1776969259\",\"width\":96,\"height\":96,\"caption\":\"admin\"}},{\"@type\":\"WebPage\",\"@id\":\"https:\\\/\\\/eldigitaldeasturias.com\\\/magazine365\\\/hallada-la-guillotina-con-la-que-los-nazis-ejecutaron-a-heroes-de-la-resistencia\\\/#webpage\",\"url\":\"https:\\\/\\\/eldigitaldeasturias.com\\\/magazine365\\\/hallada-la-guillotina-con-la-que-los-nazis-ejecutaron-a-heroes-de-la-resistencia\\\/\",\"name\":\"Hallada la guillotina con la que los nazis ejecutaron a h\\u00e9roes de la resistencia | El Digital de Asturias\",\"description\":\"Berl\\u00edn, 10 ene (EFE).- La guillotina con que fueron ejecutados los hermanos Hans y Sophie Scholl, h\\u00e9roes estudiantiles de la resistencia contra Adolf Hitler, ha sido hallada en el almac\\u00e9n del Museo Nacional de Baviera, indicaron hoy fuentes de esa instituci\\u00f3n. La pieza, que se daba por perdida, probablemente estaba en ese dep\\u00f3sito \\\"desde hace\",\"inLanguage\":\"es-ES\",\"isPartOf\":{\"@id\":\"https:\\\/\\\/eldigitaldeasturias.com\\\/magazine365\\\/#website\"},\"breadcrumb\":{\"@id\":\"https:\\\/\\\/eldigitaldeasturias.com\\\/magazine365\\\/hallada-la-guillotina-con-la-que-los-nazis-ejecutaron-a-heroes-de-la-resistencia\\\/#breadcrumblist\"},\"author\":{\"@id\":\"https:\\\/\\\/eldigitaldeasturias.com\\\/magazine365\\\/author\\\/admin\\\/#author\"},\"creator\":{\"@id\":\"https:\\\/\\\/eldigitaldeasturias.com\\\/magazine365\\\/author\\\/admin\\\/#author\"},\"image\":{\"@type\":\"ImageObject\",\"url\":\"https:\\\/\\\/eldigitaldeasturias.com\\\/magazine365\\\/wp-content\\\/uploads\\\/2014\\\/01\\\/5841028w.jpg\",\"@id\":\"https:\\\/\\\/eldigitaldeasturias.com\\\/magazine365\\\/hallada-la-guillotina-con-la-que-los-nazis-ejecutaron-a-heroes-de-la-resistencia\\\/#mainImage\",\"width\":800,\"height\":604},\"primaryImageOfPage\":{\"@id\":\"https:\\\/\\\/eldigitaldeasturias.com\\\/magazine365\\\/hallada-la-guillotina-con-la-que-los-nazis-ejecutaron-a-heroes-de-la-resistencia\\\/#mainImage\"},\"datePublished\":\"2014-01-10T21:09:09+01:00\",\"dateModified\":\"2014-01-10T21:09:09+01:00\"},{\"@type\":\"WebSite\",\"@id\":\"https:\\\/\\\/eldigitaldeasturias.com\\\/magazine365\\\/#website\",\"url\":\"https:\\\/\\\/eldigitaldeasturias.com\\\/magazine365\\\/\",\"name\":\"El Digital de Asturias\",\"description\":\"Revista de ocio, turismo y estilo de vida\",\"inLanguage\":\"es-ES\",\"publisher\":{\"@id\":\"https:\\\/\\\/eldigitaldeasturias.com\\\/magazine365\\\/#organization\"}}]}\n\t\t<\/script>\n\t\t<!-- All in One SEO Pro -->\r\n\t\t<title>Hallada la guillotina con la que los nazis ejecutaron a h\u00e9roes de la resistencia | El Digital de Asturias<\/title>\n\n","aioseo_head_json":{"title":"Hallada la guillotina con la que los nazis ejecutaron a h\u00e9roes de la resistencia | El Digital de Asturias","description":"Berl\u00edn, 10 ene (EFE).- La guillotina con que fueron ejecutados los hermanos Hans y Sophie Scholl, h\u00e9roes estudiantiles de la resistencia contra Adolf Hitler, ha sido hallada en el almac\u00e9n del Museo Nacional de Baviera, indicaron hoy fuentes de esa instituci\u00f3n. La pieza, que se daba por perdida, probablemente estaba en ese dep\u00f3sito \"desde hace","canonical_url":"https:\/\/eldigitaldeasturias.com\/magazine365\/hallada-la-guillotina-con-la-que-los-nazis-ejecutaron-a-heroes-de-la-resistencia\/","robots":"max-image-preview:large","keywords":"noticias y actualidad","webmasterTools":{"google-site-verification":"UA-38556648-1","miscellaneous":""},"schema":{"@context":"https:\/\/schema.org","@graph":[{"@type":"Article","@id":"https:\/\/eldigitaldeasturias.com\/magazine365\/hallada-la-guillotina-con-la-que-los-nazis-ejecutaron-a-heroes-de-la-resistencia\/#article","name":"Hallada la guillotina con la que los nazis ejecutaron a h\u00e9roes de la resistencia | El Digital de Asturias","headline":"Hallada la guillotina con la que los nazis ejecutaron a h\u00e9roes de la resistencia","author":{"@id":"https:\/\/eldigitaldeasturias.com\/magazine365\/author\/admin\/#author"},"publisher":{"@id":"https:\/\/eldigitaldeasturias.com\/magazine365\/#organization"},"image":{"@type":"ImageObject","url":"https:\/\/eldigitaldeasturias.com\/magazine365\/wp-content\/uploads\/2014\/01\/5841028w.jpg","width":800,"height":604},"datePublished":"2014-01-10T21:09:09+01:00","dateModified":"2014-01-10T21:09:09+01:00","inLanguage":"es-ES","mainEntityOfPage":{"@id":"https:\/\/eldigitaldeasturias.com\/magazine365\/hallada-la-guillotina-con-la-que-los-nazis-ejecutaron-a-heroes-de-la-resistencia\/#webpage"},"isPartOf":{"@id":"https:\/\/eldigitaldeasturias.com\/magazine365\/hallada-la-guillotina-con-la-que-los-nazis-ejecutaron-a-heroes-de-la-resistencia\/#webpage"},"articleSection":"Noticias y Actualidad"},{"@type":"BreadcrumbList","@id":"https:\/\/eldigitaldeasturias.com\/magazine365\/hallada-la-guillotina-con-la-que-los-nazis-ejecutaron-a-heroes-de-la-resistencia\/#breadcrumblist","itemListElement":[{"@type":"ListItem","@id":"https:\/\/eldigitaldeasturias.com\/magazine365#listItem","position":1,"name":"Home","item":"https:\/\/eldigitaldeasturias.com\/magazine365","nextItem":{"@type":"ListItem","@id":"https:\/\/eldigitaldeasturias.com\/magazine365\/category\/noticias-actualidad\/#listItem","name":"Noticias y Actualidad"}},{"@type":"ListItem","@id":"https:\/\/eldigitaldeasturias.com\/magazine365\/category\/noticias-actualidad\/#listItem","position":2,"name":"Noticias y Actualidad","item":"https:\/\/eldigitaldeasturias.com\/magazine365\/category\/noticias-actualidad\/","nextItem":{"@type":"ListItem","@id":"https:\/\/eldigitaldeasturias.com\/magazine365\/hallada-la-guillotina-con-la-que-los-nazis-ejecutaron-a-heroes-de-la-resistencia\/#listItem","name":"Hallada la guillotina con la que los nazis ejecutaron a h\u00e9roes de la resistencia"},"previousItem":{"@type":"ListItem","@id":"https:\/\/eldigitaldeasturias.com\/magazine365#listItem","name":"Home"}},{"@type":"ListItem","@id":"https:\/\/eldigitaldeasturias.com\/magazine365\/hallada-la-guillotina-con-la-que-los-nazis-ejecutaron-a-heroes-de-la-resistencia\/#listItem","position":3,"name":"Hallada la guillotina con la que los nazis ejecutaron a h\u00e9roes de la resistencia","previousItem":{"@type":"ListItem","@id":"https:\/\/eldigitaldeasturias.com\/magazine365\/category\/noticias-actualidad\/#listItem","name":"Noticias y Actualidad"}}]},{"@type":"Organization","@id":"https:\/\/eldigitaldeasturias.com\/magazine365\/#organization","name":"El digital de Asturias","description":"Revista de ocio, turismo y estilo de vida","url":"https:\/\/eldigitaldeasturias.com\/magazine365\/","logo":{"@type":"ImageObject","url":"https:\/\/www.eldigitaldeasturias.com\/noticias\/wp-content\/uploads\/2020\/12\/EDA.jpg","@id":"https:\/\/eldigitaldeasturias.com\/magazine365\/hallada-la-guillotina-con-la-que-los-nazis-ejecutaron-a-heroes-de-la-resistencia\/#organizationLogo"},"image":{"@id":"https:\/\/eldigitaldeasturias.com\/magazine365\/hallada-la-guillotina-con-la-que-los-nazis-ejecutaron-a-heroes-de-la-resistencia\/#organizationLogo"}},{"@type":"Person","@id":"https:\/\/eldigitaldeasturias.com\/magazine365\/author\/admin\/#author","url":"https:\/\/eldigitaldeasturias.com\/magazine365\/author\/admin\/","name":"admin","image":{"@type":"ImageObject","@id":"https:\/\/eldigitaldeasturias.com\/magazine365\/hallada-la-guillotina-con-la-que-los-nazis-ejecutaron-a-heroes-de-la-resistencia\/#authorImage","url":"https:\/\/eldigitaldeasturias.com\/magazine365\/wp-content\/litespeed\/avatar\/e571bcf59a0edd6fa6838245a470f2fe.jpg?ver=1776969259","width":96,"height":96,"caption":"admin"}},{"@type":"WebPage","@id":"https:\/\/eldigitaldeasturias.com\/magazine365\/hallada-la-guillotina-con-la-que-los-nazis-ejecutaron-a-heroes-de-la-resistencia\/#webpage","url":"https:\/\/eldigitaldeasturias.com\/magazine365\/hallada-la-guillotina-con-la-que-los-nazis-ejecutaron-a-heroes-de-la-resistencia\/","name":"Hallada la guillotina con la que los nazis ejecutaron a h\u00e9roes de la resistencia | El Digital de Asturias","description":"Berl\u00edn, 10 ene (EFE).- La guillotina con que fueron ejecutados los hermanos Hans y Sophie Scholl, h\u00e9roes estudiantiles de la resistencia contra Adolf Hitler, ha sido hallada en el almac\u00e9n del Museo Nacional de Baviera, indicaron hoy fuentes de esa instituci\u00f3n. La pieza, que se daba por perdida, probablemente estaba en ese dep\u00f3sito \"desde hace","inLanguage":"es-ES","isPartOf":{"@id":"https:\/\/eldigitaldeasturias.com\/magazine365\/#website"},"breadcrumb":{"@id":"https:\/\/eldigitaldeasturias.com\/magazine365\/hallada-la-guillotina-con-la-que-los-nazis-ejecutaron-a-heroes-de-la-resistencia\/#breadcrumblist"},"author":{"@id":"https:\/\/eldigitaldeasturias.com\/magazine365\/author\/admin\/#author"},"creator":{"@id":"https:\/\/eldigitaldeasturias.com\/magazine365\/author\/admin\/#author"},"image":{"@type":"ImageObject","url":"https:\/\/eldigitaldeasturias.com\/magazine365\/wp-content\/uploads\/2014\/01\/5841028w.jpg","@id":"https:\/\/eldigitaldeasturias.com\/magazine365\/hallada-la-guillotina-con-la-que-los-nazis-ejecutaron-a-heroes-de-la-resistencia\/#mainImage","width":800,"height":604},"primaryImageOfPage":{"@id":"https:\/\/eldigitaldeasturias.com\/magazine365\/hallada-la-guillotina-con-la-que-los-nazis-ejecutaron-a-heroes-de-la-resistencia\/#mainImage"},"datePublished":"2014-01-10T21:09:09+01:00","dateModified":"2014-01-10T21:09:09+01:00"},{"@type":"WebSite","@id":"https:\/\/eldigitaldeasturias.com\/magazine365\/#website","url":"https:\/\/eldigitaldeasturias.com\/magazine365\/","name":"El Digital de Asturias","description":"Revista de ocio, turismo y estilo de vida","inLanguage":"es-ES","publisher":{"@id":"https:\/\/eldigitaldeasturias.com\/magazine365\/#organization"}}]},"og:locale":"es_ES","og:site_name":"El Digital de Asturias \u2013 Revista de ocio, turismo y estilo de vida","og:type":"article","og:title":"Hallada la guillotina con la que los nazis ejecutaron a h\u00e9roes de la resistencia | El Digital de Asturias","og:description":"Berl\u00edn, 10 ene (EFE).- La guillotina con que fueron ejecutados los hermanos Hans y Sophie Scholl, h\u00e9roes estudiantiles de la resistencia contra Adolf Hitler, ha sido hallada en el almac\u00e9n del Museo Nacional de Baviera, indicaron hoy fuentes de esa instituci\u00f3n. La pieza, que se daba por perdida, probablemente estaba en ese dep\u00f3sito &quot;desde hace","og:url":"https:\/\/eldigitaldeasturias.com\/magazine365\/hallada-la-guillotina-con-la-que-los-nazis-ejecutaron-a-heroes-de-la-resistencia\/","og:image":"https:\/\/eldigitaldeasturias.com\/magazine365\/wp-content\/uploads\/2014\/01\/5841028w.jpg","og:image:secure_url":"https:\/\/eldigitaldeasturias.com\/magazine365\/wp-content\/uploads\/2014\/01\/5841028w.jpg","og:image:width":800,"og:image:height":604,"article:published_time":"2014-01-10T22:09:09+00:00","article:modified_time":"2014-01-10T22:09:09+00:00","twitter:card":"summary_large_image","twitter:title":"Hallada la guillotina con la que los nazis ejecutaron a h\u00e9roes de la resistencia | El Digital de Asturias","twitter:description":"Berl\u00edn, 10 ene (EFE).- La guillotina con que fueron ejecutados los hermanos Hans y Sophie Scholl, h\u00e9roes estudiantiles de la resistencia contra Adolf Hitler, ha sido hallada en el almac\u00e9n del Museo Nacional de Baviera, indicaron hoy fuentes de esa instituci\u00f3n. La pieza, que se daba por perdida, probablemente estaba en ese dep\u00f3sito &quot;desde hace","twitter:image":"https:\/\/eldigitaldeasturias.com\/magazine365\/wp-content\/uploads\/2014\/01\/5841028w.jpg"},"aioseo_meta_data":{"post_id":"684","title":null,"description":null,"keywords":null,"keyphrases":null,"primary_term":null,"canonical_url":null,"og_title":null,"og_description":null,"og_object_type":"default","og_image_type":"default","og_image_url":null,"og_image_width":null,"og_image_height":null,"og_image_custom_url":null,"og_image_custom_fields":null,"og_video":null,"og_custom_url":null,"og_article_section":null,"og_article_tags":null,"twitter_use_og":false,"twitter_card":"default","twitter_image_type":"default","twitter_image_url":null,"twitter_image_custom_url":null,"twitter_image_custom_fields":null,"twitter_title":null,"twitter_description":null,"schema":{"blockGraphs":[],"customGraphs":[],"default":{"data":{"Article":[],"Course":[],"Dataset":[],"FAQPage":[],"Movie":[],"Person":[],"Product":[],"ProductReview":[],"Car":[],"Recipe":[],"Service":[],"SoftwareApplication":[],"WebPage":[]},"graphName":"","isEnabled":true},"graphs":[],"defaultGraph":"","defaultPostTypeGraph":""},"schema_type":null,"schema_type_options":null,"pillar_content":false,"robots_default":true,"robots_noindex":false,"robots_noarchive":false,"robots_nosnippet":false,"robots_nofollow":false,"robots_noimageindex":false,"robots_noodp":false,"robots_notranslate":false,"robots_max_snippet":null,"robots_max_videopreview":null,"robots_max_imagepreview":"large","priority":null,"frequency":null,"location":null,"local_seo":null,"seo_analyzer_scan_date":"2025-09-16 08:00:35","breadcrumb_settings":null,"limit_modified_date":false,"open_ai":null,"ai":null,"created":"2020-12-21 13:34:31","updated":"2025-09-16 08:00:35"},"aioseo_breadcrumb":"<div class=\"aioseo-breadcrumbs\"><span class=\"aioseo-breadcrumb\">\n\t<a href=\"https:\/\/eldigitaldeasturias.com\/magazine365\" title=\"Home\">Home<\/a>\n<\/span><span class=\"aioseo-breadcrumb-separator\">\u2013<\/span><span class=\"aioseo-breadcrumb\">\n\t<a href=\"https:\/\/eldigitaldeasturias.com\/magazine365\/category\/noticias-actualidad\/\" title=\"Noticias y Actualidad\">Noticias y Actualidad<\/a>\n<\/span><span class=\"aioseo-breadcrumb-separator\">\u2013<\/span><span class=\"aioseo-breadcrumb\">\n\t<a href=\"https:\/\/eldigitaldeasturias.com\/magazine365\/hallada-la-guillotina-con-la-que-los-nazis-ejecutaron-a-heroes-de-la-resistencia\/\" title=\"Hallada la guillotina con la que los nazis ejecutaron a h\u00e9roes de la resistencia\">Hallada la guillotina con la que los nazis ejecutaron a h\u00e9roes de la resistencia<\/a>\n<\/span><\/div>","aioseo_breadcrumb_json":[{"label":"Home","link":"https:\/\/eldigitaldeasturias.com\/magazine365"},{"label":"Noticias y Actualidad","link":"https:\/\/eldigitaldeasturias.com\/magazine365\/category\/noticias-actualidad\/"},{"label":"Hallada la guillotina con la que los nazis ejecutaron a h\u00e9roes de la resistencia","link":"https:\/\/eldigitaldeasturias.com\/magazine365\/hallada-la-guillotina-con-la-que-los-nazis-ejecutaron-a-heroes-de-la-resistencia\/"}],"_links":{"self":[{"href":"https:\/\/eldigitaldeasturias.com\/magazine365\/wp-json\/wp\/v2\/posts\/684","targetHints":{"allow":["GET"]}}],"collection":[{"href":"https:\/\/eldigitaldeasturias.com\/magazine365\/wp-json\/wp\/v2\/posts"}],"about":[{"href":"https:\/\/eldigitaldeasturias.com\/magazine365\/wp-json\/wp\/v2\/types\/post"}],"author":[{"embeddable":true,"href":"https:\/\/eldigitaldeasturias.com\/magazine365\/wp-json\/wp\/v2\/users\/1"}],"replies":[{"embeddable":true,"href":"https:\/\/eldigitaldeasturias.com\/magazine365\/wp-json\/wp\/v2\/comments?post=684"}],"version-history":[{"count":0,"href":"https:\/\/eldigitaldeasturias.com\/magazine365\/wp-json\/wp\/v2\/posts\/684\/revisions"}],"wp:featuredmedia":[{"embeddable":true,"href":"https:\/\/eldigitaldeasturias.com\/magazine365\/wp-json\/wp\/v2\/media\/685"}],"wp:attachment":[{"href":"https:\/\/eldigitaldeasturias.com\/magazine365\/wp-json\/wp\/v2\/media?parent=684"}],"wp:term":[{"taxonomy":"category","embeddable":true,"href":"https:\/\/eldigitaldeasturias.com\/magazine365\/wp-json\/wp\/v2\/categories?post=684"},{"taxonomy":"post_tag","embeddable":true,"href":"https:\/\/eldigitaldeasturias.com\/magazine365\/wp-json\/wp\/v2\/tags?post=684"}],"curies":[{"name":"wp","href":"https:\/\/api.w.org\/{rel}","templated":true}]}}