{"id":681,"date":"2014-01-10T21:07:43","date_gmt":"2014-01-10T22:07:43","guid":{"rendered":"http:\/\/eldigitaldeasturias.com\/magazine365\/?p=681"},"modified":"2014-01-10T21:07:43","modified_gmt":"2014-01-10T22:07:43","slug":"portugal-cree-prioritario-crecer-en-el-sector-del-turismo-religioso","status":"publish","type":"post","link":"https:\/\/eldigitaldeasturias.com\/magazine365\/portugal-cree-prioritario-crecer-en-el-sector-del-turismo-religioso\/","title":{"rendered":"Portugal cree \u00abprioritario\u00bb crecer en el sector del turismo religioso"},"content":{"rendered":"<p><img fetchpriority=\"high\" decoding=\"async\" class=\"alignleft size-medium wp-image-682\" alt=\"5841055w\" src=\"https:\/\/eldigitaldeasturias.com\/magazine365\/wp-content\/uploads\/2014\/01\/5841055w-360x239.jpg\" width=\"360\" height=\"239\" \/>Lisboa, 10 ene (EFE).- El Gobierno de Portugal otorga al desarrollo del turismo religioso un car\u00e1cter \u00abprioritario\u00bb debido al elevado margen de crecimiento de un sector que todav\u00eda est\u00e1 lejos de alcanzar todo su potencial.<\/p>\n<p>As\u00ed lo se\u00f1al\u00f3 hoy en declaraciones a los periodistas el secretario de Estado de Turismo luso, Adolfo Mesquita Nunes, quien subray\u00f3 que su patrimonio hace que Portugal tenga \u00abuna enorme capacidad para cautivar a los turistas que visitan los diferentes destinos por razones religiosas e hist\u00f3ricas\u00bb.<\/p>\n<p>El dirigente luso reconoci\u00f3 que F\u00e1tima es ya \u00abun gran polo de atracci\u00f3n tur\u00edstica\u00bb por su santuario, al que peregrinan miles de creyentes todos los a\u00f1os.<\/p>\n<p>No obstante, insisti\u00f3 en que Portugal debe intensificar los esfuerzos para promover otros lugares del pa\u00eds que tambi\u00e9n pueden ser de inter\u00e9s para cat\u00f3licos y jud\u00edos de todo el mundo.<\/p>\n<p>El Santuario de F\u00e1tima es, de hecho, uno de los puntos m\u00e1s visitados de Portugal desde que en 1917 tres ni\u00f1os (Jacinta, Francisco y Luc\u00eda) asegurasen haber presenciado la aparici\u00f3n de la Virgen Mar\u00eda en varias ocasiones.<\/p>\n<p>Cada a\u00f1o, entre 4 y 5 millones de cristianos peregrinan a F\u00e1tima para rendir culto a la Virgen, lo que supone unos importantes beneficios econ\u00f3micos para la ciudad y el pa\u00eds.<\/p>\n<p>El turismo es una de las principales \u00e1reas de actividad econ\u00f3mica de Portugal y representa un 14 % de su PIB, y s\u00f3lo los visitantes que viajan al pa\u00eds por motivos religiosos generan unos ingresos cercanos a los 700 millones de euros por a\u00f1o, de acuerdo con los estudios publicados por la patronal del sector.<\/p>\n<p>El secretario de Estado pidi\u00f3 por este motivo a los agentes y actores de este sector que encuentren un \u00ablenguaje com\u00fan\u00bb para desarrollar el turismo religioso sin prejuicios sobre el credo que profesen los viajeros.<\/p>\n<p>Entre otras iniciativas destinadas a fomentar este tipo de turismo, el Gobierno de Portugal crear\u00e1 una gu\u00eda de buenas pr\u00e1cticas e impulsar\u00e1 la producci\u00f3n de objetos de promoci\u00f3n dirigidos a mercados extranjeros con tem\u00e1tica cat\u00f3lica y judaica.<\/p>\n","protected":false},"excerpt":{"rendered":"<p>Lisboa, 10 ene (EFE).- El Gobierno de Portugal otorga al desarrollo del turismo religioso un car\u00e1cter \u00abprioritario\u00bb debido al elevado margen de crecimiento de un sector que todav\u00eda est\u00e1 lejos de alcanzar todo su potencial. As\u00ed lo se\u00f1al\u00f3 hoy en declaraciones a los periodistas el secretario de Estado de Turismo luso, Adolfo Mesquita Nunes, quien<\/p>\n","protected":false},"author":1,"featured_media":682,"comment_status":"open","ping_status":"open","sticky":false,"template":"","format":"standard","meta":{"footnotes":""},"categories":[222],"tags":[],"class_list":{"0":"post-681","1":"post","2":"type-post","3":"status-publish","4":"format-standard","5":"has-post-thumbnail","7":"category-actualidad-turismo"},"aioseo_notices":[],"aioseo_head":"\n\t\t<!-- All in One SEO Pro 4.9.6.1 - aioseo.com -->\n\t<meta name=\"description\" content=\"Lisboa, 10 ene (EFE).- El Gobierno de Portugal otorga al desarrollo del turismo religioso un car\u00e1cter &quot;prioritario&quot; debido al elevado margen de crecimiento de un sector que todav\u00eda est\u00e1 lejos de alcanzar todo su potencial. As\u00ed lo se\u00f1al\u00f3 hoy en declaraciones a los periodistas el secretario de Estado de Turismo luso, Adolfo Mesquita Nunes, quien\" \/>\n\t<meta name=\"robots\" content=\"max-image-preview:large\" \/>\n\t<meta name=\"author\" content=\"admin\"\/>\n\t<meta name=\"google-site-verification\" content=\"UA-38556648-1\" \/>\n\t<meta name=\"keywords\" content=\"actualidad turismo\" \/>\n\t<link rel=\"canonical\" href=\"https:\/\/eldigitaldeasturias.com\/magazine365\/portugal-cree-prioritario-crecer-en-el-sector-del-turismo-religioso\/\" \/>\n\t<meta name=\"generator\" content=\"All in One SEO Pro (AIOSEO) 4.9.6.1\" \/>\n\t\t<meta property=\"og:locale\" content=\"es_ES\" \/>\n\t\t<meta property=\"og:site_name\" content=\"El Digital de Asturias \u2013 Revista de ocio, turismo y estilo de vida\" \/>\n\t\t<meta property=\"og:type\" content=\"article\" \/>\n\t\t<meta property=\"og:title\" content=\"Portugal cree \u00abprioritario\u00bb crecer en el sector del turismo religioso | El Digital de Asturias\" \/>\n\t\t<meta property=\"og:description\" content=\"Lisboa, 10 ene (EFE).- El Gobierno de Portugal otorga al desarrollo del turismo religioso un car\u00e1cter &quot;prioritario&quot; debido al elevado margen de crecimiento de un sector que todav\u00eda est\u00e1 lejos de alcanzar todo su potencial. As\u00ed lo se\u00f1al\u00f3 hoy en declaraciones a los periodistas el secretario de Estado de Turismo luso, Adolfo Mesquita Nunes, quien\" \/>\n\t\t<meta property=\"og:url\" content=\"https:\/\/eldigitaldeasturias.com\/magazine365\/portugal-cree-prioritario-crecer-en-el-sector-del-turismo-religioso\/\" \/>\n\t\t<meta property=\"og:image\" content=\"https:\/\/eldigitaldeasturias.com\/magazine365\/wp-content\/uploads\/2014\/01\/5841055w.jpg\" \/>\n\t\t<meta property=\"og:image:secure_url\" content=\"https:\/\/eldigitaldeasturias.com\/magazine365\/wp-content\/uploads\/2014\/01\/5841055w.jpg\" \/>\n\t\t<meta property=\"og:image:width\" content=\"800\" \/>\n\t\t<meta property=\"og:image:height\" content=\"533\" \/>\n\t\t<meta property=\"article:published_time\" content=\"2014-01-10T22:07:43+00:00\" \/>\n\t\t<meta property=\"article:modified_time\" content=\"2014-01-10T22:07:43+00:00\" \/>\n\t\t<meta name=\"twitter:card\" content=\"summary_large_image\" \/>\n\t\t<meta name=\"twitter:title\" content=\"Portugal cree \u00abprioritario\u00bb crecer en el sector del turismo religioso | El Digital de Asturias\" \/>\n\t\t<meta name=\"twitter:description\" content=\"Lisboa, 10 ene (EFE).- El Gobierno de Portugal otorga al desarrollo del turismo religioso un car\u00e1cter &quot;prioritario&quot; debido al elevado margen de crecimiento de un sector que todav\u00eda est\u00e1 lejos de alcanzar todo su potencial. As\u00ed lo se\u00f1al\u00f3 hoy en declaraciones a los periodistas el secretario de Estado de Turismo luso, Adolfo Mesquita Nunes, quien\" \/>\n\t\t<meta name=\"twitter:image\" content=\"https:\/\/eldigitaldeasturias.com\/magazine365\/wp-content\/uploads\/2014\/01\/5841055w.jpg\" \/>\n\t\t<script type=\"application\/ld+json\" class=\"aioseo-schema\">\n\t\t\t{\"@context\":\"https:\\\/\\\/schema.org\",\"@graph\":[{\"@type\":\"Article\",\"@id\":\"https:\\\/\\\/eldigitaldeasturias.com\\\/magazine365\\\/portugal-cree-prioritario-crecer-en-el-sector-del-turismo-religioso\\\/#article\",\"name\":\"Portugal cree \\u00abprioritario\\u00bb crecer en el sector del turismo religioso | El Digital de Asturias\",\"headline\":\"Portugal cree \\u00abprioritario\\u00bb crecer en el sector del turismo religioso\",\"author\":{\"@id\":\"https:\\\/\\\/eldigitaldeasturias.com\\\/magazine365\\\/author\\\/admin\\\/#author\"},\"publisher\":{\"@id\":\"https:\\\/\\\/eldigitaldeasturias.com\\\/magazine365\\\/#organization\"},\"image\":{\"@type\":\"ImageObject\",\"url\":\"https:\\\/\\\/eldigitaldeasturias.com\\\/magazine365\\\/wp-content\\\/uploads\\\/2014\\\/01\\\/5841055w.jpg\",\"width\":800,\"height\":533},\"datePublished\":\"2014-01-10T21:07:43+01:00\",\"dateModified\":\"2014-01-10T21:07:43+01:00\",\"inLanguage\":\"es-ES\",\"mainEntityOfPage\":{\"@id\":\"https:\\\/\\\/eldigitaldeasturias.com\\\/magazine365\\\/portugal-cree-prioritario-crecer-en-el-sector-del-turismo-religioso\\\/#webpage\"},\"isPartOf\":{\"@id\":\"https:\\\/\\\/eldigitaldeasturias.com\\\/magazine365\\\/portugal-cree-prioritario-crecer-en-el-sector-del-turismo-religioso\\\/#webpage\"},\"articleSection\":\"Actualidad Turismo\"},{\"@type\":\"BreadcrumbList\",\"@id\":\"https:\\\/\\\/eldigitaldeasturias.com\\\/magazine365\\\/portugal-cree-prioritario-crecer-en-el-sector-del-turismo-religioso\\\/#breadcrumblist\",\"itemListElement\":[{\"@type\":\"ListItem\",\"@id\":\"https:\\\/\\\/eldigitaldeasturias.com\\\/magazine365#listItem\",\"position\":1,\"name\":\"Home\",\"item\":\"https:\\\/\\\/eldigitaldeasturias.com\\\/magazine365\",\"nextItem\":{\"@type\":\"ListItem\",\"@id\":\"https:\\\/\\\/eldigitaldeasturias.com\\\/magazine365\\\/category\\\/actualidad-turismo\\\/#listItem\",\"name\":\"Actualidad Turismo\"}},{\"@type\":\"ListItem\",\"@id\":\"https:\\\/\\\/eldigitaldeasturias.com\\\/magazine365\\\/category\\\/actualidad-turismo\\\/#listItem\",\"position\":2,\"name\":\"Actualidad Turismo\",\"item\":\"https:\\\/\\\/eldigitaldeasturias.com\\\/magazine365\\\/category\\\/actualidad-turismo\\\/\",\"nextItem\":{\"@type\":\"ListItem\",\"@id\":\"https:\\\/\\\/eldigitaldeasturias.com\\\/magazine365\\\/portugal-cree-prioritario-crecer-en-el-sector-del-turismo-religioso\\\/#listItem\",\"name\":\"Portugal cree \\u00abprioritario\\u00bb crecer en el sector del turismo religioso\"},\"previousItem\":{\"@type\":\"ListItem\",\"@id\":\"https:\\\/\\\/eldigitaldeasturias.com\\\/magazine365#listItem\",\"name\":\"Home\"}},{\"@type\":\"ListItem\",\"@id\":\"https:\\\/\\\/eldigitaldeasturias.com\\\/magazine365\\\/portugal-cree-prioritario-crecer-en-el-sector-del-turismo-religioso\\\/#listItem\",\"position\":3,\"name\":\"Portugal cree \\u00abprioritario\\u00bb crecer en el sector del turismo religioso\",\"previousItem\":{\"@type\":\"ListItem\",\"@id\":\"https:\\\/\\\/eldigitaldeasturias.com\\\/magazine365\\\/category\\\/actualidad-turismo\\\/#listItem\",\"name\":\"Actualidad Turismo\"}}]},{\"@type\":\"Organization\",\"@id\":\"https:\\\/\\\/eldigitaldeasturias.com\\\/magazine365\\\/#organization\",\"name\":\"El digital de Asturias\",\"description\":\"Revista de ocio, turismo y estilo de vida\",\"url\":\"https:\\\/\\\/eldigitaldeasturias.com\\\/magazine365\\\/\",\"logo\":{\"@type\":\"ImageObject\",\"url\":\"https:\\\/\\\/www.eldigitaldeasturias.com\\\/noticias\\\/wp-content\\\/uploads\\\/2020\\\/12\\\/EDA.jpg\",\"@id\":\"https:\\\/\\\/eldigitaldeasturias.com\\\/magazine365\\\/portugal-cree-prioritario-crecer-en-el-sector-del-turismo-religioso\\\/#organizationLogo\"},\"image\":{\"@id\":\"https:\\\/\\\/eldigitaldeasturias.com\\\/magazine365\\\/portugal-cree-prioritario-crecer-en-el-sector-del-turismo-religioso\\\/#organizationLogo\"}},{\"@type\":\"Person\",\"@id\":\"https:\\\/\\\/eldigitaldeasturias.com\\\/magazine365\\\/author\\\/admin\\\/#author\",\"url\":\"https:\\\/\\\/eldigitaldeasturias.com\\\/magazine365\\\/author\\\/admin\\\/\",\"name\":\"admin\",\"image\":{\"@type\":\"ImageObject\",\"@id\":\"https:\\\/\\\/eldigitaldeasturias.com\\\/magazine365\\\/portugal-cree-prioritario-crecer-en-el-sector-del-turismo-religioso\\\/#authorImage\",\"url\":\"https:\\\/\\\/eldigitaldeasturias.com\\\/magazine365\\\/wp-content\\\/litespeed\\\/avatar\\\/e571bcf59a0edd6fa6838245a470f2fe.jpg?ver=1776969259\",\"width\":96,\"height\":96,\"caption\":\"admin\"}},{\"@type\":\"WebPage\",\"@id\":\"https:\\\/\\\/eldigitaldeasturias.com\\\/magazine365\\\/portugal-cree-prioritario-crecer-en-el-sector-del-turismo-religioso\\\/#webpage\",\"url\":\"https:\\\/\\\/eldigitaldeasturias.com\\\/magazine365\\\/portugal-cree-prioritario-crecer-en-el-sector-del-turismo-religioso\\\/\",\"name\":\"Portugal cree \\u00abprioritario\\u00bb crecer en el sector del turismo religioso | El Digital de Asturias\",\"description\":\"Lisboa, 10 ene (EFE).- El Gobierno de Portugal otorga al desarrollo del turismo religioso un car\\u00e1cter \\\"prioritario\\\" debido al elevado margen de crecimiento de un sector que todav\\u00eda est\\u00e1 lejos de alcanzar todo su potencial. As\\u00ed lo se\\u00f1al\\u00f3 hoy en declaraciones a los periodistas el secretario de Estado de Turismo luso, Adolfo Mesquita Nunes, quien\",\"inLanguage\":\"es-ES\",\"isPartOf\":{\"@id\":\"https:\\\/\\\/eldigitaldeasturias.com\\\/magazine365\\\/#website\"},\"breadcrumb\":{\"@id\":\"https:\\\/\\\/eldigitaldeasturias.com\\\/magazine365\\\/portugal-cree-prioritario-crecer-en-el-sector-del-turismo-religioso\\\/#breadcrumblist\"},\"author\":{\"@id\":\"https:\\\/\\\/eldigitaldeasturias.com\\\/magazine365\\\/author\\\/admin\\\/#author\"},\"creator\":{\"@id\":\"https:\\\/\\\/eldigitaldeasturias.com\\\/magazine365\\\/author\\\/admin\\\/#author\"},\"image\":{\"@type\":\"ImageObject\",\"url\":\"https:\\\/\\\/eldigitaldeasturias.com\\\/magazine365\\\/wp-content\\\/uploads\\\/2014\\\/01\\\/5841055w.jpg\",\"@id\":\"https:\\\/\\\/eldigitaldeasturias.com\\\/magazine365\\\/portugal-cree-prioritario-crecer-en-el-sector-del-turismo-religioso\\\/#mainImage\",\"width\":800,\"height\":533},\"primaryImageOfPage\":{\"@id\":\"https:\\\/\\\/eldigitaldeasturias.com\\\/magazine365\\\/portugal-cree-prioritario-crecer-en-el-sector-del-turismo-religioso\\\/#mainImage\"},\"datePublished\":\"2014-01-10T21:07:43+01:00\",\"dateModified\":\"2014-01-10T21:07:43+01:00\"},{\"@type\":\"WebSite\",\"@id\":\"https:\\\/\\\/eldigitaldeasturias.com\\\/magazine365\\\/#website\",\"url\":\"https:\\\/\\\/eldigitaldeasturias.com\\\/magazine365\\\/\",\"name\":\"El Digital de Asturias\",\"description\":\"Revista de ocio, turismo y estilo de vida\",\"inLanguage\":\"es-ES\",\"publisher\":{\"@id\":\"https:\\\/\\\/eldigitaldeasturias.com\\\/magazine365\\\/#organization\"}}]}\n\t\t<\/script>\n\t\t<!-- All in One SEO Pro -->\r\n\t\t<title>Portugal cree \u00abprioritario\u00bb crecer en el sector del turismo religioso | El Digital de Asturias<\/title>\n\n","aioseo_head_json":{"title":"Portugal cree \u00abprioritario\u00bb crecer en el sector del turismo religioso | El Digital de Asturias","description":"Lisboa, 10 ene (EFE).- El Gobierno de Portugal otorga al desarrollo del turismo religioso un car\u00e1cter \"prioritario\" debido al elevado margen de crecimiento de un sector que todav\u00eda est\u00e1 lejos de alcanzar todo su potencial. As\u00ed lo se\u00f1al\u00f3 hoy en declaraciones a los periodistas el secretario de Estado de Turismo luso, Adolfo Mesquita Nunes, quien","canonical_url":"https:\/\/eldigitaldeasturias.com\/magazine365\/portugal-cree-prioritario-crecer-en-el-sector-del-turismo-religioso\/","robots":"max-image-preview:large","keywords":"actualidad turismo","webmasterTools":{"google-site-verification":"UA-38556648-1","miscellaneous":""},"schema":{"@context":"https:\/\/schema.org","@graph":[{"@type":"Article","@id":"https:\/\/eldigitaldeasturias.com\/magazine365\/portugal-cree-prioritario-crecer-en-el-sector-del-turismo-religioso\/#article","name":"Portugal cree \u00abprioritario\u00bb crecer en el sector del turismo religioso | El Digital de Asturias","headline":"Portugal cree \u00abprioritario\u00bb crecer en el sector del turismo religioso","author":{"@id":"https:\/\/eldigitaldeasturias.com\/magazine365\/author\/admin\/#author"},"publisher":{"@id":"https:\/\/eldigitaldeasturias.com\/magazine365\/#organization"},"image":{"@type":"ImageObject","url":"https:\/\/eldigitaldeasturias.com\/magazine365\/wp-content\/uploads\/2014\/01\/5841055w.jpg","width":800,"height":533},"datePublished":"2014-01-10T21:07:43+01:00","dateModified":"2014-01-10T21:07:43+01:00","inLanguage":"es-ES","mainEntityOfPage":{"@id":"https:\/\/eldigitaldeasturias.com\/magazine365\/portugal-cree-prioritario-crecer-en-el-sector-del-turismo-religioso\/#webpage"},"isPartOf":{"@id":"https:\/\/eldigitaldeasturias.com\/magazine365\/portugal-cree-prioritario-crecer-en-el-sector-del-turismo-religioso\/#webpage"},"articleSection":"Actualidad Turismo"},{"@type":"BreadcrumbList","@id":"https:\/\/eldigitaldeasturias.com\/magazine365\/portugal-cree-prioritario-crecer-en-el-sector-del-turismo-religioso\/#breadcrumblist","itemListElement":[{"@type":"ListItem","@id":"https:\/\/eldigitaldeasturias.com\/magazine365#listItem","position":1,"name":"Home","item":"https:\/\/eldigitaldeasturias.com\/magazine365","nextItem":{"@type":"ListItem","@id":"https:\/\/eldigitaldeasturias.com\/magazine365\/category\/actualidad-turismo\/#listItem","name":"Actualidad Turismo"}},{"@type":"ListItem","@id":"https:\/\/eldigitaldeasturias.com\/magazine365\/category\/actualidad-turismo\/#listItem","position":2,"name":"Actualidad Turismo","item":"https:\/\/eldigitaldeasturias.com\/magazine365\/category\/actualidad-turismo\/","nextItem":{"@type":"ListItem","@id":"https:\/\/eldigitaldeasturias.com\/magazine365\/portugal-cree-prioritario-crecer-en-el-sector-del-turismo-religioso\/#listItem","name":"Portugal cree \u00abprioritario\u00bb crecer en el sector del turismo religioso"},"previousItem":{"@type":"ListItem","@id":"https:\/\/eldigitaldeasturias.com\/magazine365#listItem","name":"Home"}},{"@type":"ListItem","@id":"https:\/\/eldigitaldeasturias.com\/magazine365\/portugal-cree-prioritario-crecer-en-el-sector-del-turismo-religioso\/#listItem","position":3,"name":"Portugal cree \u00abprioritario\u00bb crecer en el sector del turismo religioso","previousItem":{"@type":"ListItem","@id":"https:\/\/eldigitaldeasturias.com\/magazine365\/category\/actualidad-turismo\/#listItem","name":"Actualidad Turismo"}}]},{"@type":"Organization","@id":"https:\/\/eldigitaldeasturias.com\/magazine365\/#organization","name":"El digital de Asturias","description":"Revista de ocio, turismo y estilo de vida","url":"https:\/\/eldigitaldeasturias.com\/magazine365\/","logo":{"@type":"ImageObject","url":"https:\/\/www.eldigitaldeasturias.com\/noticias\/wp-content\/uploads\/2020\/12\/EDA.jpg","@id":"https:\/\/eldigitaldeasturias.com\/magazine365\/portugal-cree-prioritario-crecer-en-el-sector-del-turismo-religioso\/#organizationLogo"},"image":{"@id":"https:\/\/eldigitaldeasturias.com\/magazine365\/portugal-cree-prioritario-crecer-en-el-sector-del-turismo-religioso\/#organizationLogo"}},{"@type":"Person","@id":"https:\/\/eldigitaldeasturias.com\/magazine365\/author\/admin\/#author","url":"https:\/\/eldigitaldeasturias.com\/magazine365\/author\/admin\/","name":"admin","image":{"@type":"ImageObject","@id":"https:\/\/eldigitaldeasturias.com\/magazine365\/portugal-cree-prioritario-crecer-en-el-sector-del-turismo-religioso\/#authorImage","url":"https:\/\/eldigitaldeasturias.com\/magazine365\/wp-content\/litespeed\/avatar\/e571bcf59a0edd6fa6838245a470f2fe.jpg?ver=1776969259","width":96,"height":96,"caption":"admin"}},{"@type":"WebPage","@id":"https:\/\/eldigitaldeasturias.com\/magazine365\/portugal-cree-prioritario-crecer-en-el-sector-del-turismo-religioso\/#webpage","url":"https:\/\/eldigitaldeasturias.com\/magazine365\/portugal-cree-prioritario-crecer-en-el-sector-del-turismo-religioso\/","name":"Portugal cree \u00abprioritario\u00bb crecer en el sector del turismo religioso | El Digital de Asturias","description":"Lisboa, 10 ene (EFE).- El Gobierno de Portugal otorga al desarrollo del turismo religioso un car\u00e1cter \"prioritario\" debido al elevado margen de crecimiento de un sector que todav\u00eda est\u00e1 lejos de alcanzar todo su potencial. As\u00ed lo se\u00f1al\u00f3 hoy en declaraciones a los periodistas el secretario de Estado de Turismo luso, Adolfo Mesquita Nunes, quien","inLanguage":"es-ES","isPartOf":{"@id":"https:\/\/eldigitaldeasturias.com\/magazine365\/#website"},"breadcrumb":{"@id":"https:\/\/eldigitaldeasturias.com\/magazine365\/portugal-cree-prioritario-crecer-en-el-sector-del-turismo-religioso\/#breadcrumblist"},"author":{"@id":"https:\/\/eldigitaldeasturias.com\/magazine365\/author\/admin\/#author"},"creator":{"@id":"https:\/\/eldigitaldeasturias.com\/magazine365\/author\/admin\/#author"},"image":{"@type":"ImageObject","url":"https:\/\/eldigitaldeasturias.com\/magazine365\/wp-content\/uploads\/2014\/01\/5841055w.jpg","@id":"https:\/\/eldigitaldeasturias.com\/magazine365\/portugal-cree-prioritario-crecer-en-el-sector-del-turismo-religioso\/#mainImage","width":800,"height":533},"primaryImageOfPage":{"@id":"https:\/\/eldigitaldeasturias.com\/magazine365\/portugal-cree-prioritario-crecer-en-el-sector-del-turismo-religioso\/#mainImage"},"datePublished":"2014-01-10T21:07:43+01:00","dateModified":"2014-01-10T21:07:43+01:00"},{"@type":"WebSite","@id":"https:\/\/eldigitaldeasturias.com\/magazine365\/#website","url":"https:\/\/eldigitaldeasturias.com\/magazine365\/","name":"El Digital de Asturias","description":"Revista de ocio, turismo y estilo de vida","inLanguage":"es-ES","publisher":{"@id":"https:\/\/eldigitaldeasturias.com\/magazine365\/#organization"}}]},"og:locale":"es_ES","og:site_name":"El Digital de Asturias \u2013 Revista de ocio, turismo y estilo de vida","og:type":"article","og:title":"Portugal cree \u00abprioritario\u00bb crecer en el sector del turismo religioso | El Digital de Asturias","og:description":"Lisboa, 10 ene (EFE).- El Gobierno de Portugal otorga al desarrollo del turismo religioso un car\u00e1cter &quot;prioritario&quot; debido al elevado margen de crecimiento de un sector que todav\u00eda est\u00e1 lejos de alcanzar todo su potencial. As\u00ed lo se\u00f1al\u00f3 hoy en declaraciones a los periodistas el secretario de Estado de Turismo luso, Adolfo Mesquita Nunes, quien","og:url":"https:\/\/eldigitaldeasturias.com\/magazine365\/portugal-cree-prioritario-crecer-en-el-sector-del-turismo-religioso\/","og:image":"https:\/\/eldigitaldeasturias.com\/magazine365\/wp-content\/uploads\/2014\/01\/5841055w.jpg","og:image:secure_url":"https:\/\/eldigitaldeasturias.com\/magazine365\/wp-content\/uploads\/2014\/01\/5841055w.jpg","og:image:width":800,"og:image:height":533,"article:published_time":"2014-01-10T22:07:43+00:00","article:modified_time":"2014-01-10T22:07:43+00:00","twitter:card":"summary_large_image","twitter:title":"Portugal cree \u00abprioritario\u00bb crecer en el sector del turismo religioso | El Digital de Asturias","twitter:description":"Lisboa, 10 ene (EFE).- El Gobierno de Portugal otorga al desarrollo del turismo religioso un car\u00e1cter &quot;prioritario&quot; debido al elevado margen de crecimiento de un sector que todav\u00eda est\u00e1 lejos de alcanzar todo su potencial. As\u00ed lo se\u00f1al\u00f3 hoy en declaraciones a los periodistas el secretario de Estado de Turismo luso, Adolfo Mesquita Nunes, quien","twitter:image":"https:\/\/eldigitaldeasturias.com\/magazine365\/wp-content\/uploads\/2014\/01\/5841055w.jpg"},"aioseo_meta_data":{"post_id":"681","title":null,"description":null,"keywords":null,"keyphrases":null,"primary_term":null,"canonical_url":null,"og_title":null,"og_description":null,"og_object_type":"default","og_image_type":"default","og_image_url":null,"og_image_width":null,"og_image_height":null,"og_image_custom_url":null,"og_image_custom_fields":null,"og_video":null,"og_custom_url":null,"og_article_section":null,"og_article_tags":null,"twitter_use_og":false,"twitter_card":"default","twitter_image_type":"default","twitter_image_url":null,"twitter_image_custom_url":null,"twitter_image_custom_fields":null,"twitter_title":null,"twitter_description":null,"schema":{"blockGraphs":[],"customGraphs":[],"default":{"data":{"Article":[],"Course":[],"Dataset":[],"FAQPage":[],"Movie":[],"Person":[],"Product":[],"ProductReview":[],"Car":[],"Recipe":[],"Service":[],"SoftwareApplication":[],"WebPage":[]},"graphName":"","isEnabled":true},"graphs":[],"defaultGraph":"","defaultPostTypeGraph":""},"schema_type":null,"schema_type_options":null,"pillar_content":false,"robots_default":true,"robots_noindex":false,"robots_noarchive":false,"robots_nosnippet":false,"robots_nofollow":false,"robots_noimageindex":false,"robots_noodp":false,"robots_notranslate":false,"robots_max_snippet":null,"robots_max_videopreview":null,"robots_max_imagepreview":"large","priority":null,"frequency":null,"location":null,"local_seo":null,"seo_analyzer_scan_date":"2025-09-16 08:00:31","breadcrumb_settings":null,"limit_modified_date":false,"open_ai":null,"ai":null,"created":"2020-12-21 13:34:31","updated":"2025-09-16 08:00:31"},"aioseo_breadcrumb":"<div class=\"aioseo-breadcrumbs\"><span class=\"aioseo-breadcrumb\">\n\t<a href=\"https:\/\/eldigitaldeasturias.com\/magazine365\" title=\"Home\">Home<\/a>\n<\/span><span class=\"aioseo-breadcrumb-separator\">\u2013<\/span><span class=\"aioseo-breadcrumb\">\n\t<a href=\"https:\/\/eldigitaldeasturias.com\/magazine365\/category\/actualidad-turismo\/\" title=\"Actualidad Turismo\">Actualidad Turismo<\/a>\n<\/span><span class=\"aioseo-breadcrumb-separator\">\u2013<\/span><span class=\"aioseo-breadcrumb\">\n\t<a href=\"https:\/\/eldigitaldeasturias.com\/magazine365\/portugal-cree-prioritario-crecer-en-el-sector-del-turismo-religioso\/\" title=\"Portugal cree \u00abprioritario\u00bb crecer en el sector del turismo religioso\">Portugal cree \u00abprioritario\u00bb crecer en el sector del turismo religioso<\/a>\n<\/span><\/div>","aioseo_breadcrumb_json":[{"label":"Home","link":"https:\/\/eldigitaldeasturias.com\/magazine365"},{"label":"Actualidad Turismo","link":"https:\/\/eldigitaldeasturias.com\/magazine365\/category\/actualidad-turismo\/"},{"label":"Portugal cree \u00abprioritario\u00bb crecer en el sector del turismo religioso","link":"https:\/\/eldigitaldeasturias.com\/magazine365\/portugal-cree-prioritario-crecer-en-el-sector-del-turismo-religioso\/"}],"_links":{"self":[{"href":"https:\/\/eldigitaldeasturias.com\/magazine365\/wp-json\/wp\/v2\/posts\/681","targetHints":{"allow":["GET"]}}],"collection":[{"href":"https:\/\/eldigitaldeasturias.com\/magazine365\/wp-json\/wp\/v2\/posts"}],"about":[{"href":"https:\/\/eldigitaldeasturias.com\/magazine365\/wp-json\/wp\/v2\/types\/post"}],"author":[{"embeddable":true,"href":"https:\/\/eldigitaldeasturias.com\/magazine365\/wp-json\/wp\/v2\/users\/1"}],"replies":[{"embeddable":true,"href":"https:\/\/eldigitaldeasturias.com\/magazine365\/wp-json\/wp\/v2\/comments?post=681"}],"version-history":[{"count":0,"href":"https:\/\/eldigitaldeasturias.com\/magazine365\/wp-json\/wp\/v2\/posts\/681\/revisions"}],"wp:featuredmedia":[{"embeddable":true,"href":"https:\/\/eldigitaldeasturias.com\/magazine365\/wp-json\/wp\/v2\/media\/682"}],"wp:attachment":[{"href":"https:\/\/eldigitaldeasturias.com\/magazine365\/wp-json\/wp\/v2\/media?parent=681"}],"wp:term":[{"taxonomy":"category","embeddable":true,"href":"https:\/\/eldigitaldeasturias.com\/magazine365\/wp-json\/wp\/v2\/categories?post=681"},{"taxonomy":"post_tag","embeddable":true,"href":"https:\/\/eldigitaldeasturias.com\/magazine365\/wp-json\/wp\/v2\/tags?post=681"}],"curies":[{"name":"wp","href":"https:\/\/api.w.org\/{rel}","templated":true}]}}