{"id":667,"date":"2014-01-10T18:00:53","date_gmt":"2014-01-10T19:00:53","guid":{"rendered":"http:\/\/eldigitaldeasturias.com\/magazine365\/?p=667"},"modified":"2014-01-10T18:00:53","modified_gmt":"2014-01-10T19:00:53","slug":"pilotos-advierten-que-decidiran-si-las-condiciones-de-vuelo-permiten-el-uso-de-moviles","status":"publish","type":"post","link":"https:\/\/eldigitaldeasturias.com\/magazine365\/pilotos-advierten-que-decidiran-si-las-condiciones-de-vuelo-permiten-el-uso-de-moviles\/","title":{"rendered":"Pilotos advierten que decidir\u00e1n si las condiciones de vuelo permiten el uso de m\u00f3viles"},"content":{"rendered":"<p><img fetchpriority=\"high\" decoding=\"async\" class=\"alignleft size-medium wp-image-668\" alt=\"5840825w\" src=\"https:\/\/eldigitaldeasturias.com\/magazine365\/wp-content\/uploads\/2014\/01\/5840825w-360x240.jpg\" width=\"360\" height=\"240\" srcset=\"https:\/\/eldigitaldeasturias.com\/magazine365\/wp-content\/uploads\/2014\/01\/5840825w-360x240.jpg 360w, https:\/\/eldigitaldeasturias.com\/magazine365\/wp-content\/uploads\/2014\/01\/5840825w-650x434.jpg 650w, https:\/\/eldigitaldeasturias.com\/magazine365\/wp-content\/uploads\/2014\/01\/5840825w-768x513.jpg 768w, https:\/\/eldigitaldeasturias.com\/magazine365\/wp-content\/uploads\/2014\/01\/5840825w-150x100.jpg 150w, https:\/\/eldigitaldeasturias.com\/magazine365\/wp-content\/uploads\/2014\/01\/5840825w-450x300.jpg 450w, https:\/\/eldigitaldeasturias.com\/magazine365\/wp-content\/uploads\/2014\/01\/5840825w.jpg 800w\" sizes=\"(max-width: 360px) 100vw, 360px\" \/>Madrid, 10 ene (EFE).- El sindicato de pilotos ha dado la bienvenida al reglamento que permite el uso de dispositivos m\u00f3viles durante el vuelo a partir del 11 de enero, pero ha advertido de que ser\u00e1 siempre la tripulaci\u00f3n la que decida si las condiciones de vuelo aconsejan su uso.<\/p>\n<p>En un comunicado, el Sepla recuerda que la decisi\u00f3n de permitir el uso de estos dispositivos \u00aben modo avi\u00f3n\u00bb, publicada ayer en el Bolet\u00edn Oficial del Estado (BOE), procede de una normativa europea publicada por la Agencia Europea de Seguridad A\u00e9rea, que concede a las compa\u00f1\u00edas la potestad de decidir en qu\u00e9 aeronaves \u00abpueden tolerar las interferencias provenientes de los dispositivos electr\u00f3nicos\u00bb.<\/p>\n<p>Por ello, los pilotos recuerdan que ser\u00e1n los que decidan, en \u00faltima instancia, si las condiciones del vuelo son compatibles con las interferencias que provienen de este tipo de aparatos electr\u00f3nicos.<\/p>\n<p>Tras expresar su satisfacci\u00f3n por la adopci\u00f3n de medidas que \u00abfaciliten y hagan m\u00e1s c\u00f3modo\u00bb el vuelo para los viajeros, el Sepla recuerda que estas novedades no podr\u00e1n interferir en la operaci\u00f3n a\u00e9rea y resalta que las aerol\u00edneas deber\u00e1n aprobar previamente el uso de estos aparatos e informar a sus tripulaciones a trav\u00e9s de sus manuales de procedimientos.<\/p>\n","protected":false},"excerpt":{"rendered":"<p>Madrid, 10 ene (EFE).- El sindicato de pilotos ha dado la bienvenida al reglamento que permite el uso de dispositivos m\u00f3viles durante el vuelo a partir del 11 de enero, pero ha advertido de que ser\u00e1 siempre la tripulaci\u00f3n la que decida si las condiciones de vuelo aconsejan su uso. En un comunicado, el Sepla<\/p>\n","protected":false},"author":1,"featured_media":668,"comment_status":"open","ping_status":"open","sticky":false,"template":"","format":"standard","meta":{"footnotes":""},"categories":[224],"tags":[],"class_list":{"0":"post-667","1":"post","2":"type-post","3":"status-publish","4":"format-standard","5":"has-post-thumbnail","7":"category-noticias-actualidad"},"aioseo_notices":[],"aioseo_head":"\n\t\t<!-- All in One SEO Pro 4.9.6.1 - aioseo.com -->\n\t<meta name=\"description\" content=\"Madrid, 10 ene (EFE).- El sindicato de pilotos ha dado la bienvenida al reglamento que permite el uso de dispositivos m\u00f3viles durante el vuelo a partir del 11 de enero, pero ha advertido de que ser\u00e1 siempre la tripulaci\u00f3n la que decida si las condiciones de vuelo aconsejan su uso. En un comunicado, el Sepla\" \/>\n\t<meta name=\"robots\" content=\"max-image-preview:large\" \/>\n\t<meta name=\"author\" content=\"admin\"\/>\n\t<meta name=\"google-site-verification\" content=\"UA-38556648-1\" \/>\n\t<meta name=\"keywords\" content=\"noticias y actualidad\" \/>\n\t<link rel=\"canonical\" href=\"https:\/\/eldigitaldeasturias.com\/magazine365\/pilotos-advierten-que-decidiran-si-las-condiciones-de-vuelo-permiten-el-uso-de-moviles\/\" \/>\n\t<meta name=\"generator\" content=\"All in One SEO Pro (AIOSEO) 4.9.6.1\" \/>\n\t\t<meta property=\"og:locale\" content=\"es_ES\" \/>\n\t\t<meta property=\"og:site_name\" content=\"El Digital de Asturias \u2013 Revista de ocio, turismo y estilo de vida\" \/>\n\t\t<meta property=\"og:type\" content=\"article\" \/>\n\t\t<meta property=\"og:title\" content=\"Pilotos advierten que decidir\u00e1n si las condiciones de vuelo permiten el uso de m\u00f3viles | El Digital de Asturias\" \/>\n\t\t<meta property=\"og:description\" content=\"Madrid, 10 ene (EFE).- El sindicato de pilotos ha dado la bienvenida al reglamento que permite el uso de dispositivos m\u00f3viles durante el vuelo a partir del 11 de enero, pero ha advertido de que ser\u00e1 siempre la tripulaci\u00f3n la que decida si las condiciones de vuelo aconsejan su uso. En un comunicado, el Sepla\" \/>\n\t\t<meta property=\"og:url\" content=\"https:\/\/eldigitaldeasturias.com\/magazine365\/pilotos-advierten-que-decidiran-si-las-condiciones-de-vuelo-permiten-el-uso-de-moviles\/\" \/>\n\t\t<meta property=\"og:image\" content=\"https:\/\/eldigitaldeasturias.com\/magazine365\/wp-content\/uploads\/2014\/01\/5840825w.jpg\" \/>\n\t\t<meta property=\"og:image:secure_url\" content=\"https:\/\/eldigitaldeasturias.com\/magazine365\/wp-content\/uploads\/2014\/01\/5840825w.jpg\" \/>\n\t\t<meta property=\"og:image:width\" content=\"800\" \/>\n\t\t<meta property=\"og:image:height\" content=\"534\" \/>\n\t\t<meta property=\"article:published_time\" content=\"2014-01-10T19:00:53+00:00\" \/>\n\t\t<meta property=\"article:modified_time\" content=\"2014-01-10T19:00:53+00:00\" \/>\n\t\t<meta name=\"twitter:card\" content=\"summary_large_image\" \/>\n\t\t<meta name=\"twitter:title\" content=\"Pilotos advierten que decidir\u00e1n si las condiciones de vuelo permiten el uso de m\u00f3viles | El Digital de Asturias\" \/>\n\t\t<meta name=\"twitter:description\" content=\"Madrid, 10 ene (EFE).- El sindicato de pilotos ha dado la bienvenida al reglamento que permite el uso de dispositivos m\u00f3viles durante el vuelo a partir del 11 de enero, pero ha advertido de que ser\u00e1 siempre la tripulaci\u00f3n la que decida si las condiciones de vuelo aconsejan su uso. En un comunicado, el Sepla\" \/>\n\t\t<meta name=\"twitter:image\" content=\"https:\/\/eldigitaldeasturias.com\/magazine365\/wp-content\/uploads\/2014\/01\/5840825w.jpg\" \/>\n\t\t<script type=\"application\/ld+json\" class=\"aioseo-schema\">\n\t\t\t{\"@context\":\"https:\\\/\\\/schema.org\",\"@graph\":[{\"@type\":\"Article\",\"@id\":\"https:\\\/\\\/eldigitaldeasturias.com\\\/magazine365\\\/pilotos-advierten-que-decidiran-si-las-condiciones-de-vuelo-permiten-el-uso-de-moviles\\\/#article\",\"name\":\"Pilotos advierten que decidir\\u00e1n si las condiciones de vuelo permiten el uso de m\\u00f3viles | El Digital de Asturias\",\"headline\":\"Pilotos advierten que decidir\\u00e1n si las condiciones de vuelo permiten el uso de m\\u00f3viles\",\"author\":{\"@id\":\"https:\\\/\\\/eldigitaldeasturias.com\\\/magazine365\\\/author\\\/admin\\\/#author\"},\"publisher\":{\"@id\":\"https:\\\/\\\/eldigitaldeasturias.com\\\/magazine365\\\/#organization\"},\"image\":{\"@type\":\"ImageObject\",\"url\":\"https:\\\/\\\/eldigitaldeasturias.com\\\/magazine365\\\/wp-content\\\/uploads\\\/2014\\\/01\\\/5840825w.jpg\",\"width\":800,\"height\":534},\"datePublished\":\"2014-01-10T18:00:53+01:00\",\"dateModified\":\"2014-01-10T18:00:53+01:00\",\"inLanguage\":\"es-ES\",\"mainEntityOfPage\":{\"@id\":\"https:\\\/\\\/eldigitaldeasturias.com\\\/magazine365\\\/pilotos-advierten-que-decidiran-si-las-condiciones-de-vuelo-permiten-el-uso-de-moviles\\\/#webpage\"},\"isPartOf\":{\"@id\":\"https:\\\/\\\/eldigitaldeasturias.com\\\/magazine365\\\/pilotos-advierten-que-decidiran-si-las-condiciones-de-vuelo-permiten-el-uso-de-moviles\\\/#webpage\"},\"articleSection\":\"Noticias y Actualidad\"},{\"@type\":\"BreadcrumbList\",\"@id\":\"https:\\\/\\\/eldigitaldeasturias.com\\\/magazine365\\\/pilotos-advierten-que-decidiran-si-las-condiciones-de-vuelo-permiten-el-uso-de-moviles\\\/#breadcrumblist\",\"itemListElement\":[{\"@type\":\"ListItem\",\"@id\":\"https:\\\/\\\/eldigitaldeasturias.com\\\/magazine365#listItem\",\"position\":1,\"name\":\"Home\",\"item\":\"https:\\\/\\\/eldigitaldeasturias.com\\\/magazine365\",\"nextItem\":{\"@type\":\"ListItem\",\"@id\":\"https:\\\/\\\/eldigitaldeasturias.com\\\/magazine365\\\/category\\\/noticias-actualidad\\\/#listItem\",\"name\":\"Noticias y Actualidad\"}},{\"@type\":\"ListItem\",\"@id\":\"https:\\\/\\\/eldigitaldeasturias.com\\\/magazine365\\\/category\\\/noticias-actualidad\\\/#listItem\",\"position\":2,\"name\":\"Noticias y Actualidad\",\"item\":\"https:\\\/\\\/eldigitaldeasturias.com\\\/magazine365\\\/category\\\/noticias-actualidad\\\/\",\"nextItem\":{\"@type\":\"ListItem\",\"@id\":\"https:\\\/\\\/eldigitaldeasturias.com\\\/magazine365\\\/pilotos-advierten-que-decidiran-si-las-condiciones-de-vuelo-permiten-el-uso-de-moviles\\\/#listItem\",\"name\":\"Pilotos advierten que decidir\\u00e1n si las condiciones de vuelo permiten el uso de m\\u00f3viles\"},\"previousItem\":{\"@type\":\"ListItem\",\"@id\":\"https:\\\/\\\/eldigitaldeasturias.com\\\/magazine365#listItem\",\"name\":\"Home\"}},{\"@type\":\"ListItem\",\"@id\":\"https:\\\/\\\/eldigitaldeasturias.com\\\/magazine365\\\/pilotos-advierten-que-decidiran-si-las-condiciones-de-vuelo-permiten-el-uso-de-moviles\\\/#listItem\",\"position\":3,\"name\":\"Pilotos advierten que decidir\\u00e1n si las condiciones de vuelo permiten el uso de m\\u00f3viles\",\"previousItem\":{\"@type\":\"ListItem\",\"@id\":\"https:\\\/\\\/eldigitaldeasturias.com\\\/magazine365\\\/category\\\/noticias-actualidad\\\/#listItem\",\"name\":\"Noticias y Actualidad\"}}]},{\"@type\":\"Organization\",\"@id\":\"https:\\\/\\\/eldigitaldeasturias.com\\\/magazine365\\\/#organization\",\"name\":\"El digital de Asturias\",\"description\":\"Revista de ocio, turismo y estilo de vida\",\"url\":\"https:\\\/\\\/eldigitaldeasturias.com\\\/magazine365\\\/\",\"logo\":{\"@type\":\"ImageObject\",\"url\":\"https:\\\/\\\/www.eldigitaldeasturias.com\\\/noticias\\\/wp-content\\\/uploads\\\/2020\\\/12\\\/EDA.jpg\",\"@id\":\"https:\\\/\\\/eldigitaldeasturias.com\\\/magazine365\\\/pilotos-advierten-que-decidiran-si-las-condiciones-de-vuelo-permiten-el-uso-de-moviles\\\/#organizationLogo\"},\"image\":{\"@id\":\"https:\\\/\\\/eldigitaldeasturias.com\\\/magazine365\\\/pilotos-advierten-que-decidiran-si-las-condiciones-de-vuelo-permiten-el-uso-de-moviles\\\/#organizationLogo\"}},{\"@type\":\"Person\",\"@id\":\"https:\\\/\\\/eldigitaldeasturias.com\\\/magazine365\\\/author\\\/admin\\\/#author\",\"url\":\"https:\\\/\\\/eldigitaldeasturias.com\\\/magazine365\\\/author\\\/admin\\\/\",\"name\":\"admin\",\"image\":{\"@type\":\"ImageObject\",\"@id\":\"https:\\\/\\\/eldigitaldeasturias.com\\\/magazine365\\\/pilotos-advierten-que-decidiran-si-las-condiciones-de-vuelo-permiten-el-uso-de-moviles\\\/#authorImage\",\"url\":\"https:\\\/\\\/eldigitaldeasturias.com\\\/magazine365\\\/wp-content\\\/litespeed\\\/avatar\\\/e571bcf59a0edd6fa6838245a470f2fe.jpg?ver=1776969259\",\"width\":96,\"height\":96,\"caption\":\"admin\"}},{\"@type\":\"WebPage\",\"@id\":\"https:\\\/\\\/eldigitaldeasturias.com\\\/magazine365\\\/pilotos-advierten-que-decidiran-si-las-condiciones-de-vuelo-permiten-el-uso-de-moviles\\\/#webpage\",\"url\":\"https:\\\/\\\/eldigitaldeasturias.com\\\/magazine365\\\/pilotos-advierten-que-decidiran-si-las-condiciones-de-vuelo-permiten-el-uso-de-moviles\\\/\",\"name\":\"Pilotos advierten que decidir\\u00e1n si las condiciones de vuelo permiten el uso de m\\u00f3viles | El Digital de Asturias\",\"description\":\"Madrid, 10 ene (EFE).- El sindicato de pilotos ha dado la bienvenida al reglamento que permite el uso de dispositivos m\\u00f3viles durante el vuelo a partir del 11 de enero, pero ha advertido de que ser\\u00e1 siempre la tripulaci\\u00f3n la que decida si las condiciones de vuelo aconsejan su uso. En un comunicado, el Sepla\",\"inLanguage\":\"es-ES\",\"isPartOf\":{\"@id\":\"https:\\\/\\\/eldigitaldeasturias.com\\\/magazine365\\\/#website\"},\"breadcrumb\":{\"@id\":\"https:\\\/\\\/eldigitaldeasturias.com\\\/magazine365\\\/pilotos-advierten-que-decidiran-si-las-condiciones-de-vuelo-permiten-el-uso-de-moviles\\\/#breadcrumblist\"},\"author\":{\"@id\":\"https:\\\/\\\/eldigitaldeasturias.com\\\/magazine365\\\/author\\\/admin\\\/#author\"},\"creator\":{\"@id\":\"https:\\\/\\\/eldigitaldeasturias.com\\\/magazine365\\\/author\\\/admin\\\/#author\"},\"image\":{\"@type\":\"ImageObject\",\"url\":\"https:\\\/\\\/eldigitaldeasturias.com\\\/magazine365\\\/wp-content\\\/uploads\\\/2014\\\/01\\\/5840825w.jpg\",\"@id\":\"https:\\\/\\\/eldigitaldeasturias.com\\\/magazine365\\\/pilotos-advierten-que-decidiran-si-las-condiciones-de-vuelo-permiten-el-uso-de-moviles\\\/#mainImage\",\"width\":800,\"height\":534},\"primaryImageOfPage\":{\"@id\":\"https:\\\/\\\/eldigitaldeasturias.com\\\/magazine365\\\/pilotos-advierten-que-decidiran-si-las-condiciones-de-vuelo-permiten-el-uso-de-moviles\\\/#mainImage\"},\"datePublished\":\"2014-01-10T18:00:53+01:00\",\"dateModified\":\"2014-01-10T18:00:53+01:00\"},{\"@type\":\"WebSite\",\"@id\":\"https:\\\/\\\/eldigitaldeasturias.com\\\/magazine365\\\/#website\",\"url\":\"https:\\\/\\\/eldigitaldeasturias.com\\\/magazine365\\\/\",\"name\":\"El Digital de Asturias\",\"description\":\"Revista de ocio, turismo y estilo de vida\",\"inLanguage\":\"es-ES\",\"publisher\":{\"@id\":\"https:\\\/\\\/eldigitaldeasturias.com\\\/magazine365\\\/#organization\"}}]}\n\t\t<\/script>\n\t\t<!-- All in One SEO Pro -->\r\n\t\t<title>Pilotos advierten que decidir\u00e1n si las condiciones de vuelo permiten el uso de m\u00f3viles | El Digital de Asturias<\/title>\n\n","aioseo_head_json":{"title":"Pilotos advierten que decidir\u00e1n si las condiciones de vuelo permiten el uso de m\u00f3viles | El Digital de Asturias","description":"Madrid, 10 ene (EFE).- El sindicato de pilotos ha dado la bienvenida al reglamento que permite el uso de dispositivos m\u00f3viles durante el vuelo a partir del 11 de enero, pero ha advertido de que ser\u00e1 siempre la tripulaci\u00f3n la que decida si las condiciones de vuelo aconsejan su uso. En un comunicado, el Sepla","canonical_url":"https:\/\/eldigitaldeasturias.com\/magazine365\/pilotos-advierten-que-decidiran-si-las-condiciones-de-vuelo-permiten-el-uso-de-moviles\/","robots":"max-image-preview:large","keywords":"noticias y actualidad","webmasterTools":{"google-site-verification":"UA-38556648-1","miscellaneous":""},"schema":{"@context":"https:\/\/schema.org","@graph":[{"@type":"Article","@id":"https:\/\/eldigitaldeasturias.com\/magazine365\/pilotos-advierten-que-decidiran-si-las-condiciones-de-vuelo-permiten-el-uso-de-moviles\/#article","name":"Pilotos advierten que decidir\u00e1n si las condiciones de vuelo permiten el uso de m\u00f3viles | El Digital de Asturias","headline":"Pilotos advierten que decidir\u00e1n si las condiciones de vuelo permiten el uso de m\u00f3viles","author":{"@id":"https:\/\/eldigitaldeasturias.com\/magazine365\/author\/admin\/#author"},"publisher":{"@id":"https:\/\/eldigitaldeasturias.com\/magazine365\/#organization"},"image":{"@type":"ImageObject","url":"https:\/\/eldigitaldeasturias.com\/magazine365\/wp-content\/uploads\/2014\/01\/5840825w.jpg","width":800,"height":534},"datePublished":"2014-01-10T18:00:53+01:00","dateModified":"2014-01-10T18:00:53+01:00","inLanguage":"es-ES","mainEntityOfPage":{"@id":"https:\/\/eldigitaldeasturias.com\/magazine365\/pilotos-advierten-que-decidiran-si-las-condiciones-de-vuelo-permiten-el-uso-de-moviles\/#webpage"},"isPartOf":{"@id":"https:\/\/eldigitaldeasturias.com\/magazine365\/pilotos-advierten-que-decidiran-si-las-condiciones-de-vuelo-permiten-el-uso-de-moviles\/#webpage"},"articleSection":"Noticias y Actualidad"},{"@type":"BreadcrumbList","@id":"https:\/\/eldigitaldeasturias.com\/magazine365\/pilotos-advierten-que-decidiran-si-las-condiciones-de-vuelo-permiten-el-uso-de-moviles\/#breadcrumblist","itemListElement":[{"@type":"ListItem","@id":"https:\/\/eldigitaldeasturias.com\/magazine365#listItem","position":1,"name":"Home","item":"https:\/\/eldigitaldeasturias.com\/magazine365","nextItem":{"@type":"ListItem","@id":"https:\/\/eldigitaldeasturias.com\/magazine365\/category\/noticias-actualidad\/#listItem","name":"Noticias y Actualidad"}},{"@type":"ListItem","@id":"https:\/\/eldigitaldeasturias.com\/magazine365\/category\/noticias-actualidad\/#listItem","position":2,"name":"Noticias y Actualidad","item":"https:\/\/eldigitaldeasturias.com\/magazine365\/category\/noticias-actualidad\/","nextItem":{"@type":"ListItem","@id":"https:\/\/eldigitaldeasturias.com\/magazine365\/pilotos-advierten-que-decidiran-si-las-condiciones-de-vuelo-permiten-el-uso-de-moviles\/#listItem","name":"Pilotos advierten que decidir\u00e1n si las condiciones de vuelo permiten el uso de m\u00f3viles"},"previousItem":{"@type":"ListItem","@id":"https:\/\/eldigitaldeasturias.com\/magazine365#listItem","name":"Home"}},{"@type":"ListItem","@id":"https:\/\/eldigitaldeasturias.com\/magazine365\/pilotos-advierten-que-decidiran-si-las-condiciones-de-vuelo-permiten-el-uso-de-moviles\/#listItem","position":3,"name":"Pilotos advierten que decidir\u00e1n si las condiciones de vuelo permiten el uso de m\u00f3viles","previousItem":{"@type":"ListItem","@id":"https:\/\/eldigitaldeasturias.com\/magazine365\/category\/noticias-actualidad\/#listItem","name":"Noticias y Actualidad"}}]},{"@type":"Organization","@id":"https:\/\/eldigitaldeasturias.com\/magazine365\/#organization","name":"El digital de Asturias","description":"Revista de ocio, turismo y estilo de vida","url":"https:\/\/eldigitaldeasturias.com\/magazine365\/","logo":{"@type":"ImageObject","url":"https:\/\/www.eldigitaldeasturias.com\/noticias\/wp-content\/uploads\/2020\/12\/EDA.jpg","@id":"https:\/\/eldigitaldeasturias.com\/magazine365\/pilotos-advierten-que-decidiran-si-las-condiciones-de-vuelo-permiten-el-uso-de-moviles\/#organizationLogo"},"image":{"@id":"https:\/\/eldigitaldeasturias.com\/magazine365\/pilotos-advierten-que-decidiran-si-las-condiciones-de-vuelo-permiten-el-uso-de-moviles\/#organizationLogo"}},{"@type":"Person","@id":"https:\/\/eldigitaldeasturias.com\/magazine365\/author\/admin\/#author","url":"https:\/\/eldigitaldeasturias.com\/magazine365\/author\/admin\/","name":"admin","image":{"@type":"ImageObject","@id":"https:\/\/eldigitaldeasturias.com\/magazine365\/pilotos-advierten-que-decidiran-si-las-condiciones-de-vuelo-permiten-el-uso-de-moviles\/#authorImage","url":"https:\/\/eldigitaldeasturias.com\/magazine365\/wp-content\/litespeed\/avatar\/e571bcf59a0edd6fa6838245a470f2fe.jpg?ver=1776969259","width":96,"height":96,"caption":"admin"}},{"@type":"WebPage","@id":"https:\/\/eldigitaldeasturias.com\/magazine365\/pilotos-advierten-que-decidiran-si-las-condiciones-de-vuelo-permiten-el-uso-de-moviles\/#webpage","url":"https:\/\/eldigitaldeasturias.com\/magazine365\/pilotos-advierten-que-decidiran-si-las-condiciones-de-vuelo-permiten-el-uso-de-moviles\/","name":"Pilotos advierten que decidir\u00e1n si las condiciones de vuelo permiten el uso de m\u00f3viles | El Digital de Asturias","description":"Madrid, 10 ene (EFE).- El sindicato de pilotos ha dado la bienvenida al reglamento que permite el uso de dispositivos m\u00f3viles durante el vuelo a partir del 11 de enero, pero ha advertido de que ser\u00e1 siempre la tripulaci\u00f3n la que decida si las condiciones de vuelo aconsejan su uso. En un comunicado, el Sepla","inLanguage":"es-ES","isPartOf":{"@id":"https:\/\/eldigitaldeasturias.com\/magazine365\/#website"},"breadcrumb":{"@id":"https:\/\/eldigitaldeasturias.com\/magazine365\/pilotos-advierten-que-decidiran-si-las-condiciones-de-vuelo-permiten-el-uso-de-moviles\/#breadcrumblist"},"author":{"@id":"https:\/\/eldigitaldeasturias.com\/magazine365\/author\/admin\/#author"},"creator":{"@id":"https:\/\/eldigitaldeasturias.com\/magazine365\/author\/admin\/#author"},"image":{"@type":"ImageObject","url":"https:\/\/eldigitaldeasturias.com\/magazine365\/wp-content\/uploads\/2014\/01\/5840825w.jpg","@id":"https:\/\/eldigitaldeasturias.com\/magazine365\/pilotos-advierten-que-decidiran-si-las-condiciones-de-vuelo-permiten-el-uso-de-moviles\/#mainImage","width":800,"height":534},"primaryImageOfPage":{"@id":"https:\/\/eldigitaldeasturias.com\/magazine365\/pilotos-advierten-que-decidiran-si-las-condiciones-de-vuelo-permiten-el-uso-de-moviles\/#mainImage"},"datePublished":"2014-01-10T18:00:53+01:00","dateModified":"2014-01-10T18:00:53+01:00"},{"@type":"WebSite","@id":"https:\/\/eldigitaldeasturias.com\/magazine365\/#website","url":"https:\/\/eldigitaldeasturias.com\/magazine365\/","name":"El Digital de Asturias","description":"Revista de ocio, turismo y estilo de vida","inLanguage":"es-ES","publisher":{"@id":"https:\/\/eldigitaldeasturias.com\/magazine365\/#organization"}}]},"og:locale":"es_ES","og:site_name":"El Digital de Asturias \u2013 Revista de ocio, turismo y estilo de vida","og:type":"article","og:title":"Pilotos advierten que decidir\u00e1n si las condiciones de vuelo permiten el uso de m\u00f3viles | El Digital de Asturias","og:description":"Madrid, 10 ene (EFE).- El sindicato de pilotos ha dado la bienvenida al reglamento que permite el uso de dispositivos m\u00f3viles durante el vuelo a partir del 11 de enero, pero ha advertido de que ser\u00e1 siempre la tripulaci\u00f3n la que decida si las condiciones de vuelo aconsejan su uso. En un comunicado, el Sepla","og:url":"https:\/\/eldigitaldeasturias.com\/magazine365\/pilotos-advierten-que-decidiran-si-las-condiciones-de-vuelo-permiten-el-uso-de-moviles\/","og:image":"https:\/\/eldigitaldeasturias.com\/magazine365\/wp-content\/uploads\/2014\/01\/5840825w.jpg","og:image:secure_url":"https:\/\/eldigitaldeasturias.com\/magazine365\/wp-content\/uploads\/2014\/01\/5840825w.jpg","og:image:width":800,"og:image:height":534,"article:published_time":"2014-01-10T19:00:53+00:00","article:modified_time":"2014-01-10T19:00:53+00:00","twitter:card":"summary_large_image","twitter:title":"Pilotos advierten que decidir\u00e1n si las condiciones de vuelo permiten el uso de m\u00f3viles | El Digital de Asturias","twitter:description":"Madrid, 10 ene (EFE).- El sindicato de pilotos ha dado la bienvenida al reglamento que permite el uso de dispositivos m\u00f3viles durante el vuelo a partir del 11 de enero, pero ha advertido de que ser\u00e1 siempre la tripulaci\u00f3n la que decida si las condiciones de vuelo aconsejan su uso. En un comunicado, el Sepla","twitter:image":"https:\/\/eldigitaldeasturias.com\/magazine365\/wp-content\/uploads\/2014\/01\/5840825w.jpg"},"aioseo_meta_data":{"post_id":"667","title":null,"description":null,"keywords":null,"keyphrases":null,"primary_term":null,"canonical_url":null,"og_title":null,"og_description":null,"og_object_type":"default","og_image_type":"default","og_image_url":null,"og_image_width":null,"og_image_height":null,"og_image_custom_url":null,"og_image_custom_fields":null,"og_video":null,"og_custom_url":null,"og_article_section":null,"og_article_tags":null,"twitter_use_og":false,"twitter_card":"default","twitter_image_type":"default","twitter_image_url":null,"twitter_image_custom_url":null,"twitter_image_custom_fields":null,"twitter_title":null,"twitter_description":null,"schema":{"blockGraphs":[],"customGraphs":[],"default":{"data":{"Article":[],"Course":[],"Dataset":[],"FAQPage":[],"Movie":[],"Person":[],"Product":[],"ProductReview":[],"Car":[],"Recipe":[],"Service":[],"SoftwareApplication":[],"WebPage":[]},"graphName":"","isEnabled":true},"graphs":[],"defaultGraph":"","defaultPostTypeGraph":""},"schema_type":null,"schema_type_options":null,"pillar_content":false,"robots_default":true,"robots_noindex":false,"robots_noarchive":false,"robots_nosnippet":false,"robots_nofollow":false,"robots_noimageindex":false,"robots_noodp":false,"robots_notranslate":false,"robots_max_snippet":null,"robots_max_videopreview":null,"robots_max_imagepreview":"large","priority":null,"frequency":null,"location":null,"local_seo":null,"seo_analyzer_scan_date":"2025-09-16 07:58:58","breadcrumb_settings":null,"limit_modified_date":false,"open_ai":null,"ai":null,"created":"2020-12-21 13:33:34","updated":"2025-09-16 07:58:58"},"aioseo_breadcrumb":"<div class=\"aioseo-breadcrumbs\"><span class=\"aioseo-breadcrumb\">\n\t<a href=\"https:\/\/eldigitaldeasturias.com\/magazine365\" title=\"Home\">Home<\/a>\n<\/span><span class=\"aioseo-breadcrumb-separator\">\u2013<\/span><span class=\"aioseo-breadcrumb\">\n\t<a href=\"https:\/\/eldigitaldeasturias.com\/magazine365\/category\/noticias-actualidad\/\" title=\"Noticias y Actualidad\">Noticias y Actualidad<\/a>\n<\/span><span class=\"aioseo-breadcrumb-separator\">\u2013<\/span><span class=\"aioseo-breadcrumb\">\n\t<a href=\"https:\/\/eldigitaldeasturias.com\/magazine365\/pilotos-advierten-que-decidiran-si-las-condiciones-de-vuelo-permiten-el-uso-de-moviles\/\" title=\"Pilotos advierten que decidir\u00e1n si las condiciones de vuelo permiten el uso de m\u00f3viles\">Pilotos advierten que decidir\u00e1n si las condiciones de vuelo permiten el uso de m\u00f3viles<\/a>\n<\/span><\/div>","aioseo_breadcrumb_json":[{"label":"Home","link":"https:\/\/eldigitaldeasturias.com\/magazine365"},{"label":"Noticias y Actualidad","link":"https:\/\/eldigitaldeasturias.com\/magazine365\/category\/noticias-actualidad\/"},{"label":"Pilotos advierten que decidir\u00e1n si las condiciones de vuelo permiten el uso de m\u00f3viles","link":"https:\/\/eldigitaldeasturias.com\/magazine365\/pilotos-advierten-que-decidiran-si-las-condiciones-de-vuelo-permiten-el-uso-de-moviles\/"}],"_links":{"self":[{"href":"https:\/\/eldigitaldeasturias.com\/magazine365\/wp-json\/wp\/v2\/posts\/667","targetHints":{"allow":["GET"]}}],"collection":[{"href":"https:\/\/eldigitaldeasturias.com\/magazine365\/wp-json\/wp\/v2\/posts"}],"about":[{"href":"https:\/\/eldigitaldeasturias.com\/magazine365\/wp-json\/wp\/v2\/types\/post"}],"author":[{"embeddable":true,"href":"https:\/\/eldigitaldeasturias.com\/magazine365\/wp-json\/wp\/v2\/users\/1"}],"replies":[{"embeddable":true,"href":"https:\/\/eldigitaldeasturias.com\/magazine365\/wp-json\/wp\/v2\/comments?post=667"}],"version-history":[{"count":0,"href":"https:\/\/eldigitaldeasturias.com\/magazine365\/wp-json\/wp\/v2\/posts\/667\/revisions"}],"wp:featuredmedia":[{"embeddable":true,"href":"https:\/\/eldigitaldeasturias.com\/magazine365\/wp-json\/wp\/v2\/media\/668"}],"wp:attachment":[{"href":"https:\/\/eldigitaldeasturias.com\/magazine365\/wp-json\/wp\/v2\/media?parent=667"}],"wp:term":[{"taxonomy":"category","embeddable":true,"href":"https:\/\/eldigitaldeasturias.com\/magazine365\/wp-json\/wp\/v2\/categories?post=667"},{"taxonomy":"post_tag","embeddable":true,"href":"https:\/\/eldigitaldeasturias.com\/magazine365\/wp-json\/wp\/v2\/tags?post=667"}],"curies":[{"name":"wp","href":"https:\/\/api.w.org\/{rel}","templated":true}]}}