{"id":661,"date":"2014-01-10T17:56:29","date_gmt":"2014-01-10T18:56:29","guid":{"rendered":"http:\/\/eldigitaldeasturias.com\/magazine365\/?p=661"},"modified":"2014-01-10T17:56:29","modified_gmt":"2014-01-10T18:56:29","slug":"channel-4-emitira-el-primer-programa-en-directo-desde-el-espacio","status":"publish","type":"post","link":"https:\/\/eldigitaldeasturias.com\/magazine365\/channel-4-emitira-el-primer-programa-en-directo-desde-el-espacio\/","title":{"rendered":"Channel 4 emitir\u00e1 el primer programa en directo desde el espacio"},"content":{"rendered":"<p><img fetchpriority=\"high\" decoding=\"async\" class=\"alignleft size-medium wp-image-662\" alt=\"5840722w\" src=\"https:\/\/eldigitaldeasturias.com\/magazine365\/wp-content\/uploads\/2014\/01\/5840722w-360x237.jpg\" width=\"360\" height=\"237\" srcset=\"https:\/\/eldigitaldeasturias.com\/magazine365\/wp-content\/uploads\/2014\/01\/5840722w-360x237.jpg 360w, https:\/\/eldigitaldeasturias.com\/magazine365\/wp-content\/uploads\/2014\/01\/5840722w-650x428.jpg 650w, https:\/\/eldigitaldeasturias.com\/magazine365\/wp-content\/uploads\/2014\/01\/5840722w-768x506.jpg 768w, https:\/\/eldigitaldeasturias.com\/magazine365\/wp-content\/uploads\/2014\/01\/5840722w-150x99.jpg 150w, https:\/\/eldigitaldeasturias.com\/magazine365\/wp-content\/uploads\/2014\/01\/5840722w-450x296.jpg 450w, https:\/\/eldigitaldeasturias.com\/magazine365\/wp-content\/uploads\/2014\/01\/5840722w.jpg 800w\" sizes=\"(max-width: 360px) 100vw, 360px\" \/>Londres, 10 ene (EFE).- La cadena de televisi\u00f3n brit\u00e1nica Channel 4 emitir\u00e1 el pr\u00f3ximo marzo el primer programa en directo que mostrar\u00e1 la vida de los astronautas en la Estaci\u00f3n Espacial Internacional (EEI).<\/p>\n<p>El programa relatar\u00e1 c\u00f3mo la gravedad espacial afecta al cuerpo y la vida diaria, al tiempo que la EII enviar\u00e1 im\u00e1genes en alta definici\u00f3n en directo de c\u00f3mo se ve la Tierra desde el espacio.<\/p>\n<p>La transmisi\u00f3n de la cadena de televisi\u00f3n privada, de 90 minutos y que ser\u00e1 dirigida por el popular presentador Dermot O&#8217;Leary, tambi\u00e9n conectar\u00e1 en directo con los astronautas de la misi\u00f3n de control de la NASA en Houston (EE.UU.).<\/p>\n<p>Los productores del programa indicaron que esta transmisi\u00f3n en directo dar\u00e1 una visi\u00f3n realista de \u00abc\u00f3mo se abordan los problemas en el espacio\u00bb.<\/p>\n<p>Ser\u00e1 la primera vez en la historia que una televisi\u00f3n obtiene el permiso de la NASA para entrar en el interior de este centro de investigaci\u00f3n en la \u00f3rbita terrestre, seg\u00fan Channel 4.<\/p>\n<p>\u00abVamos a descubrir los espectaculares trabajos que se hacen desde el espacio, un tema que para m\u00ed siempre ha sido fascinante\u00bb, dijo Dermot O&#8217;Leary, conocido por presentar desde 2007 la edici\u00f3n brit\u00e1nica del programa \u00abFactor X\u00bb.<\/p>\n<p>El programa, que se prev\u00e9 emitir el pr\u00f3ximo marzo, contar\u00e1 con las intervenciones del profesor Stephen Hawking y del astronauta brit\u00e1nico Tim Peake, que empezar\u00e1 a formar parte de la tripulaci\u00f3n de la EEI en 2015.<\/p>\n<p>La Estaci\u00f3n Espacial Internacional, un proyecto de m\u00e1s de 100.000 millones de d\u00f3lares (73.500 millones de euros) con participaci\u00f3n de quince naciones, se desplaza a unos 27.000 kil\u00f3metros por hora en \u00f3rbita a unos 385 kil\u00f3metros de la Tierra y ha tenido residentes humanos de forma continua desde 2000.<\/p>\n","protected":false},"excerpt":{"rendered":"<p>Londres, 10 ene (EFE).- La cadena de televisi\u00f3n brit\u00e1nica Channel 4 emitir\u00e1 el pr\u00f3ximo marzo el primer programa en directo que mostrar\u00e1 la vida de los astronautas en la Estaci\u00f3n Espacial Internacional (EEI). El programa relatar\u00e1 c\u00f3mo la gravedad espacial afecta al cuerpo y la vida diaria, al tiempo que la EII enviar\u00e1 im\u00e1genes en<\/p>\n","protected":false},"author":1,"featured_media":662,"comment_status":"open","ping_status":"open","sticky":false,"template":"","format":"standard","meta":{"footnotes":""},"categories":[224],"tags":[],"class_list":{"0":"post-661","1":"post","2":"type-post","3":"status-publish","4":"format-standard","5":"has-post-thumbnail","7":"category-noticias-actualidad"},"aioseo_notices":[],"aioseo_head":"\n\t\t<!-- All in One SEO Pro 4.9.6.1 - aioseo.com -->\n\t<meta name=\"description\" content=\"Londres, 10 ene (EFE).- La cadena de televisi\u00f3n brit\u00e1nica Channel 4 emitir\u00e1 el pr\u00f3ximo marzo el primer programa en directo que mostrar\u00e1 la vida de los astronautas en la Estaci\u00f3n Espacial Internacional (EEI). El programa relatar\u00e1 c\u00f3mo la gravedad espacial afecta al cuerpo y la vida diaria, al tiempo que la EII enviar\u00e1 im\u00e1genes en\" \/>\n\t<meta name=\"robots\" content=\"max-image-preview:large\" \/>\n\t<meta name=\"author\" content=\"admin\"\/>\n\t<meta name=\"google-site-verification\" content=\"UA-38556648-1\" \/>\n\t<meta name=\"keywords\" content=\"noticias y actualidad\" \/>\n\t<link rel=\"canonical\" href=\"https:\/\/eldigitaldeasturias.com\/magazine365\/channel-4-emitira-el-primer-programa-en-directo-desde-el-espacio\/\" \/>\n\t<meta name=\"generator\" content=\"All in One SEO Pro (AIOSEO) 4.9.6.1\" \/>\n\t\t<meta property=\"og:locale\" content=\"es_ES\" \/>\n\t\t<meta property=\"og:site_name\" content=\"El Digital de Asturias \u2013 Revista de ocio, turismo y estilo de vida\" \/>\n\t\t<meta property=\"og:type\" content=\"article\" \/>\n\t\t<meta property=\"og:title\" content=\"Channel 4 emitir\u00e1 el primer programa en directo desde el espacio | El Digital de Asturias\" \/>\n\t\t<meta property=\"og:description\" content=\"Londres, 10 ene (EFE).- La cadena de televisi\u00f3n brit\u00e1nica Channel 4 emitir\u00e1 el pr\u00f3ximo marzo el primer programa en directo que mostrar\u00e1 la vida de los astronautas en la Estaci\u00f3n Espacial Internacional (EEI). El programa relatar\u00e1 c\u00f3mo la gravedad espacial afecta al cuerpo y la vida diaria, al tiempo que la EII enviar\u00e1 im\u00e1genes en\" \/>\n\t\t<meta property=\"og:url\" content=\"https:\/\/eldigitaldeasturias.com\/magazine365\/channel-4-emitira-el-primer-programa-en-directo-desde-el-espacio\/\" \/>\n\t\t<meta property=\"og:image\" content=\"https:\/\/eldigitaldeasturias.com\/magazine365\/wp-content\/uploads\/2014\/01\/5840722w.jpg\" \/>\n\t\t<meta property=\"og:image:secure_url\" content=\"https:\/\/eldigitaldeasturias.com\/magazine365\/wp-content\/uploads\/2014\/01\/5840722w.jpg\" \/>\n\t\t<meta property=\"og:image:width\" content=\"800\" \/>\n\t\t<meta property=\"og:image:height\" content=\"527\" \/>\n\t\t<meta property=\"article:published_time\" content=\"2014-01-10T18:56:29+00:00\" \/>\n\t\t<meta property=\"article:modified_time\" content=\"2014-01-10T18:56:29+00:00\" \/>\n\t\t<meta name=\"twitter:card\" content=\"summary_large_image\" \/>\n\t\t<meta name=\"twitter:title\" content=\"Channel 4 emitir\u00e1 el primer programa en directo desde el espacio | El Digital de Asturias\" \/>\n\t\t<meta name=\"twitter:description\" content=\"Londres, 10 ene (EFE).- La cadena de televisi\u00f3n brit\u00e1nica Channel 4 emitir\u00e1 el pr\u00f3ximo marzo el primer programa en directo que mostrar\u00e1 la vida de los astronautas en la Estaci\u00f3n Espacial Internacional (EEI). El programa relatar\u00e1 c\u00f3mo la gravedad espacial afecta al cuerpo y la vida diaria, al tiempo que la EII enviar\u00e1 im\u00e1genes en\" \/>\n\t\t<meta name=\"twitter:image\" content=\"https:\/\/eldigitaldeasturias.com\/magazine365\/wp-content\/uploads\/2014\/01\/5840722w.jpg\" \/>\n\t\t<script type=\"application\/ld+json\" class=\"aioseo-schema\">\n\t\t\t{\"@context\":\"https:\\\/\\\/schema.org\",\"@graph\":[{\"@type\":\"Article\",\"@id\":\"https:\\\/\\\/eldigitaldeasturias.com\\\/magazine365\\\/channel-4-emitira-el-primer-programa-en-directo-desde-el-espacio\\\/#article\",\"name\":\"Channel 4 emitir\\u00e1 el primer programa en directo desde el espacio | El Digital de Asturias\",\"headline\":\"Channel 4 emitir\\u00e1 el primer programa en directo desde el espacio\",\"author\":{\"@id\":\"https:\\\/\\\/eldigitaldeasturias.com\\\/magazine365\\\/author\\\/admin\\\/#author\"},\"publisher\":{\"@id\":\"https:\\\/\\\/eldigitaldeasturias.com\\\/magazine365\\\/#organization\"},\"image\":{\"@type\":\"ImageObject\",\"url\":\"https:\\\/\\\/eldigitaldeasturias.com\\\/magazine365\\\/wp-content\\\/uploads\\\/2014\\\/01\\\/5840722w.jpg\",\"width\":800,\"height\":527},\"datePublished\":\"2014-01-10T17:56:29+01:00\",\"dateModified\":\"2014-01-10T17:56:29+01:00\",\"inLanguage\":\"es-ES\",\"mainEntityOfPage\":{\"@id\":\"https:\\\/\\\/eldigitaldeasturias.com\\\/magazine365\\\/channel-4-emitira-el-primer-programa-en-directo-desde-el-espacio\\\/#webpage\"},\"isPartOf\":{\"@id\":\"https:\\\/\\\/eldigitaldeasturias.com\\\/magazine365\\\/channel-4-emitira-el-primer-programa-en-directo-desde-el-espacio\\\/#webpage\"},\"articleSection\":\"Noticias y Actualidad\"},{\"@type\":\"BreadcrumbList\",\"@id\":\"https:\\\/\\\/eldigitaldeasturias.com\\\/magazine365\\\/channel-4-emitira-el-primer-programa-en-directo-desde-el-espacio\\\/#breadcrumblist\",\"itemListElement\":[{\"@type\":\"ListItem\",\"@id\":\"https:\\\/\\\/eldigitaldeasturias.com\\\/magazine365#listItem\",\"position\":1,\"name\":\"Home\",\"item\":\"https:\\\/\\\/eldigitaldeasturias.com\\\/magazine365\",\"nextItem\":{\"@type\":\"ListItem\",\"@id\":\"https:\\\/\\\/eldigitaldeasturias.com\\\/magazine365\\\/category\\\/noticias-actualidad\\\/#listItem\",\"name\":\"Noticias y Actualidad\"}},{\"@type\":\"ListItem\",\"@id\":\"https:\\\/\\\/eldigitaldeasturias.com\\\/magazine365\\\/category\\\/noticias-actualidad\\\/#listItem\",\"position\":2,\"name\":\"Noticias y Actualidad\",\"item\":\"https:\\\/\\\/eldigitaldeasturias.com\\\/magazine365\\\/category\\\/noticias-actualidad\\\/\",\"nextItem\":{\"@type\":\"ListItem\",\"@id\":\"https:\\\/\\\/eldigitaldeasturias.com\\\/magazine365\\\/channel-4-emitira-el-primer-programa-en-directo-desde-el-espacio\\\/#listItem\",\"name\":\"Channel 4 emitir\\u00e1 el primer programa en directo desde el espacio\"},\"previousItem\":{\"@type\":\"ListItem\",\"@id\":\"https:\\\/\\\/eldigitaldeasturias.com\\\/magazine365#listItem\",\"name\":\"Home\"}},{\"@type\":\"ListItem\",\"@id\":\"https:\\\/\\\/eldigitaldeasturias.com\\\/magazine365\\\/channel-4-emitira-el-primer-programa-en-directo-desde-el-espacio\\\/#listItem\",\"position\":3,\"name\":\"Channel 4 emitir\\u00e1 el primer programa en directo desde el espacio\",\"previousItem\":{\"@type\":\"ListItem\",\"@id\":\"https:\\\/\\\/eldigitaldeasturias.com\\\/magazine365\\\/category\\\/noticias-actualidad\\\/#listItem\",\"name\":\"Noticias y Actualidad\"}}]},{\"@type\":\"Organization\",\"@id\":\"https:\\\/\\\/eldigitaldeasturias.com\\\/magazine365\\\/#organization\",\"name\":\"El digital de Asturias\",\"description\":\"Revista de ocio, turismo y estilo de vida\",\"url\":\"https:\\\/\\\/eldigitaldeasturias.com\\\/magazine365\\\/\",\"logo\":{\"@type\":\"ImageObject\",\"url\":\"https:\\\/\\\/www.eldigitaldeasturias.com\\\/noticias\\\/wp-content\\\/uploads\\\/2020\\\/12\\\/EDA.jpg\",\"@id\":\"https:\\\/\\\/eldigitaldeasturias.com\\\/magazine365\\\/channel-4-emitira-el-primer-programa-en-directo-desde-el-espacio\\\/#organizationLogo\"},\"image\":{\"@id\":\"https:\\\/\\\/eldigitaldeasturias.com\\\/magazine365\\\/channel-4-emitira-el-primer-programa-en-directo-desde-el-espacio\\\/#organizationLogo\"}},{\"@type\":\"Person\",\"@id\":\"https:\\\/\\\/eldigitaldeasturias.com\\\/magazine365\\\/author\\\/admin\\\/#author\",\"url\":\"https:\\\/\\\/eldigitaldeasturias.com\\\/magazine365\\\/author\\\/admin\\\/\",\"name\":\"admin\",\"image\":{\"@type\":\"ImageObject\",\"@id\":\"https:\\\/\\\/eldigitaldeasturias.com\\\/magazine365\\\/channel-4-emitira-el-primer-programa-en-directo-desde-el-espacio\\\/#authorImage\",\"url\":\"https:\\\/\\\/eldigitaldeasturias.com\\\/magazine365\\\/wp-content\\\/litespeed\\\/avatar\\\/e571bcf59a0edd6fa6838245a470f2fe.jpg?ver=1776969259\",\"width\":96,\"height\":96,\"caption\":\"admin\"}},{\"@type\":\"WebPage\",\"@id\":\"https:\\\/\\\/eldigitaldeasturias.com\\\/magazine365\\\/channel-4-emitira-el-primer-programa-en-directo-desde-el-espacio\\\/#webpage\",\"url\":\"https:\\\/\\\/eldigitaldeasturias.com\\\/magazine365\\\/channel-4-emitira-el-primer-programa-en-directo-desde-el-espacio\\\/\",\"name\":\"Channel 4 emitir\\u00e1 el primer programa en directo desde el espacio | El Digital de Asturias\",\"description\":\"Londres, 10 ene (EFE).- La cadena de televisi\\u00f3n brit\\u00e1nica Channel 4 emitir\\u00e1 el pr\\u00f3ximo marzo el primer programa en directo que mostrar\\u00e1 la vida de los astronautas en la Estaci\\u00f3n Espacial Internacional (EEI). El programa relatar\\u00e1 c\\u00f3mo la gravedad espacial afecta al cuerpo y la vida diaria, al tiempo que la EII enviar\\u00e1 im\\u00e1genes en\",\"inLanguage\":\"es-ES\",\"isPartOf\":{\"@id\":\"https:\\\/\\\/eldigitaldeasturias.com\\\/magazine365\\\/#website\"},\"breadcrumb\":{\"@id\":\"https:\\\/\\\/eldigitaldeasturias.com\\\/magazine365\\\/channel-4-emitira-el-primer-programa-en-directo-desde-el-espacio\\\/#breadcrumblist\"},\"author\":{\"@id\":\"https:\\\/\\\/eldigitaldeasturias.com\\\/magazine365\\\/author\\\/admin\\\/#author\"},\"creator\":{\"@id\":\"https:\\\/\\\/eldigitaldeasturias.com\\\/magazine365\\\/author\\\/admin\\\/#author\"},\"image\":{\"@type\":\"ImageObject\",\"url\":\"https:\\\/\\\/eldigitaldeasturias.com\\\/magazine365\\\/wp-content\\\/uploads\\\/2014\\\/01\\\/5840722w.jpg\",\"@id\":\"https:\\\/\\\/eldigitaldeasturias.com\\\/magazine365\\\/channel-4-emitira-el-primer-programa-en-directo-desde-el-espacio\\\/#mainImage\",\"width\":800,\"height\":527},\"primaryImageOfPage\":{\"@id\":\"https:\\\/\\\/eldigitaldeasturias.com\\\/magazine365\\\/channel-4-emitira-el-primer-programa-en-directo-desde-el-espacio\\\/#mainImage\"},\"datePublished\":\"2014-01-10T17:56:29+01:00\",\"dateModified\":\"2014-01-10T17:56:29+01:00\"},{\"@type\":\"WebSite\",\"@id\":\"https:\\\/\\\/eldigitaldeasturias.com\\\/magazine365\\\/#website\",\"url\":\"https:\\\/\\\/eldigitaldeasturias.com\\\/magazine365\\\/\",\"name\":\"El Digital de Asturias\",\"description\":\"Revista de ocio, turismo y estilo de vida\",\"inLanguage\":\"es-ES\",\"publisher\":{\"@id\":\"https:\\\/\\\/eldigitaldeasturias.com\\\/magazine365\\\/#organization\"}}]}\n\t\t<\/script>\n\t\t<!-- All in One SEO Pro -->\r\n\t\t<title>Channel 4 emitir\u00e1 el primer programa en directo desde el espacio | El Digital de Asturias<\/title>\n\n","aioseo_head_json":{"title":"Channel 4 emitir\u00e1 el primer programa en directo desde el espacio | El Digital de Asturias","description":"Londres, 10 ene (EFE).- La cadena de televisi\u00f3n brit\u00e1nica Channel 4 emitir\u00e1 el pr\u00f3ximo marzo el primer programa en directo que mostrar\u00e1 la vida de los astronautas en la Estaci\u00f3n Espacial Internacional (EEI). El programa relatar\u00e1 c\u00f3mo la gravedad espacial afecta al cuerpo y la vida diaria, al tiempo que la EII enviar\u00e1 im\u00e1genes en","canonical_url":"https:\/\/eldigitaldeasturias.com\/magazine365\/channel-4-emitira-el-primer-programa-en-directo-desde-el-espacio\/","robots":"max-image-preview:large","keywords":"noticias y actualidad","webmasterTools":{"google-site-verification":"UA-38556648-1","miscellaneous":""},"schema":{"@context":"https:\/\/schema.org","@graph":[{"@type":"Article","@id":"https:\/\/eldigitaldeasturias.com\/magazine365\/channel-4-emitira-el-primer-programa-en-directo-desde-el-espacio\/#article","name":"Channel 4 emitir\u00e1 el primer programa en directo desde el espacio | El Digital de Asturias","headline":"Channel 4 emitir\u00e1 el primer programa en directo desde el espacio","author":{"@id":"https:\/\/eldigitaldeasturias.com\/magazine365\/author\/admin\/#author"},"publisher":{"@id":"https:\/\/eldigitaldeasturias.com\/magazine365\/#organization"},"image":{"@type":"ImageObject","url":"https:\/\/eldigitaldeasturias.com\/magazine365\/wp-content\/uploads\/2014\/01\/5840722w.jpg","width":800,"height":527},"datePublished":"2014-01-10T17:56:29+01:00","dateModified":"2014-01-10T17:56:29+01:00","inLanguage":"es-ES","mainEntityOfPage":{"@id":"https:\/\/eldigitaldeasturias.com\/magazine365\/channel-4-emitira-el-primer-programa-en-directo-desde-el-espacio\/#webpage"},"isPartOf":{"@id":"https:\/\/eldigitaldeasturias.com\/magazine365\/channel-4-emitira-el-primer-programa-en-directo-desde-el-espacio\/#webpage"},"articleSection":"Noticias y Actualidad"},{"@type":"BreadcrumbList","@id":"https:\/\/eldigitaldeasturias.com\/magazine365\/channel-4-emitira-el-primer-programa-en-directo-desde-el-espacio\/#breadcrumblist","itemListElement":[{"@type":"ListItem","@id":"https:\/\/eldigitaldeasturias.com\/magazine365#listItem","position":1,"name":"Home","item":"https:\/\/eldigitaldeasturias.com\/magazine365","nextItem":{"@type":"ListItem","@id":"https:\/\/eldigitaldeasturias.com\/magazine365\/category\/noticias-actualidad\/#listItem","name":"Noticias y Actualidad"}},{"@type":"ListItem","@id":"https:\/\/eldigitaldeasturias.com\/magazine365\/category\/noticias-actualidad\/#listItem","position":2,"name":"Noticias y Actualidad","item":"https:\/\/eldigitaldeasturias.com\/magazine365\/category\/noticias-actualidad\/","nextItem":{"@type":"ListItem","@id":"https:\/\/eldigitaldeasturias.com\/magazine365\/channel-4-emitira-el-primer-programa-en-directo-desde-el-espacio\/#listItem","name":"Channel 4 emitir\u00e1 el primer programa en directo desde el espacio"},"previousItem":{"@type":"ListItem","@id":"https:\/\/eldigitaldeasturias.com\/magazine365#listItem","name":"Home"}},{"@type":"ListItem","@id":"https:\/\/eldigitaldeasturias.com\/magazine365\/channel-4-emitira-el-primer-programa-en-directo-desde-el-espacio\/#listItem","position":3,"name":"Channel 4 emitir\u00e1 el primer programa en directo desde el espacio","previousItem":{"@type":"ListItem","@id":"https:\/\/eldigitaldeasturias.com\/magazine365\/category\/noticias-actualidad\/#listItem","name":"Noticias y Actualidad"}}]},{"@type":"Organization","@id":"https:\/\/eldigitaldeasturias.com\/magazine365\/#organization","name":"El digital de Asturias","description":"Revista de ocio, turismo y estilo de vida","url":"https:\/\/eldigitaldeasturias.com\/magazine365\/","logo":{"@type":"ImageObject","url":"https:\/\/www.eldigitaldeasturias.com\/noticias\/wp-content\/uploads\/2020\/12\/EDA.jpg","@id":"https:\/\/eldigitaldeasturias.com\/magazine365\/channel-4-emitira-el-primer-programa-en-directo-desde-el-espacio\/#organizationLogo"},"image":{"@id":"https:\/\/eldigitaldeasturias.com\/magazine365\/channel-4-emitira-el-primer-programa-en-directo-desde-el-espacio\/#organizationLogo"}},{"@type":"Person","@id":"https:\/\/eldigitaldeasturias.com\/magazine365\/author\/admin\/#author","url":"https:\/\/eldigitaldeasturias.com\/magazine365\/author\/admin\/","name":"admin","image":{"@type":"ImageObject","@id":"https:\/\/eldigitaldeasturias.com\/magazine365\/channel-4-emitira-el-primer-programa-en-directo-desde-el-espacio\/#authorImage","url":"https:\/\/eldigitaldeasturias.com\/magazine365\/wp-content\/litespeed\/avatar\/e571bcf59a0edd6fa6838245a470f2fe.jpg?ver=1776969259","width":96,"height":96,"caption":"admin"}},{"@type":"WebPage","@id":"https:\/\/eldigitaldeasturias.com\/magazine365\/channel-4-emitira-el-primer-programa-en-directo-desde-el-espacio\/#webpage","url":"https:\/\/eldigitaldeasturias.com\/magazine365\/channel-4-emitira-el-primer-programa-en-directo-desde-el-espacio\/","name":"Channel 4 emitir\u00e1 el primer programa en directo desde el espacio | El Digital de Asturias","description":"Londres, 10 ene (EFE).- La cadena de televisi\u00f3n brit\u00e1nica Channel 4 emitir\u00e1 el pr\u00f3ximo marzo el primer programa en directo que mostrar\u00e1 la vida de los astronautas en la Estaci\u00f3n Espacial Internacional (EEI). El programa relatar\u00e1 c\u00f3mo la gravedad espacial afecta al cuerpo y la vida diaria, al tiempo que la EII enviar\u00e1 im\u00e1genes en","inLanguage":"es-ES","isPartOf":{"@id":"https:\/\/eldigitaldeasturias.com\/magazine365\/#website"},"breadcrumb":{"@id":"https:\/\/eldigitaldeasturias.com\/magazine365\/channel-4-emitira-el-primer-programa-en-directo-desde-el-espacio\/#breadcrumblist"},"author":{"@id":"https:\/\/eldigitaldeasturias.com\/magazine365\/author\/admin\/#author"},"creator":{"@id":"https:\/\/eldigitaldeasturias.com\/magazine365\/author\/admin\/#author"},"image":{"@type":"ImageObject","url":"https:\/\/eldigitaldeasturias.com\/magazine365\/wp-content\/uploads\/2014\/01\/5840722w.jpg","@id":"https:\/\/eldigitaldeasturias.com\/magazine365\/channel-4-emitira-el-primer-programa-en-directo-desde-el-espacio\/#mainImage","width":800,"height":527},"primaryImageOfPage":{"@id":"https:\/\/eldigitaldeasturias.com\/magazine365\/channel-4-emitira-el-primer-programa-en-directo-desde-el-espacio\/#mainImage"},"datePublished":"2014-01-10T17:56:29+01:00","dateModified":"2014-01-10T17:56:29+01:00"},{"@type":"WebSite","@id":"https:\/\/eldigitaldeasturias.com\/magazine365\/#website","url":"https:\/\/eldigitaldeasturias.com\/magazine365\/","name":"El Digital de Asturias","description":"Revista de ocio, turismo y estilo de vida","inLanguage":"es-ES","publisher":{"@id":"https:\/\/eldigitaldeasturias.com\/magazine365\/#organization"}}]},"og:locale":"es_ES","og:site_name":"El Digital de Asturias \u2013 Revista de ocio, turismo y estilo de vida","og:type":"article","og:title":"Channel 4 emitir\u00e1 el primer programa en directo desde el espacio | El Digital de Asturias","og:description":"Londres, 10 ene (EFE).- La cadena de televisi\u00f3n brit\u00e1nica Channel 4 emitir\u00e1 el pr\u00f3ximo marzo el primer programa en directo que mostrar\u00e1 la vida de los astronautas en la Estaci\u00f3n Espacial Internacional (EEI). El programa relatar\u00e1 c\u00f3mo la gravedad espacial afecta al cuerpo y la vida diaria, al tiempo que la EII enviar\u00e1 im\u00e1genes en","og:url":"https:\/\/eldigitaldeasturias.com\/magazine365\/channel-4-emitira-el-primer-programa-en-directo-desde-el-espacio\/","og:image":"https:\/\/eldigitaldeasturias.com\/magazine365\/wp-content\/uploads\/2014\/01\/5840722w.jpg","og:image:secure_url":"https:\/\/eldigitaldeasturias.com\/magazine365\/wp-content\/uploads\/2014\/01\/5840722w.jpg","og:image:width":800,"og:image:height":527,"article:published_time":"2014-01-10T18:56:29+00:00","article:modified_time":"2014-01-10T18:56:29+00:00","twitter:card":"summary_large_image","twitter:title":"Channel 4 emitir\u00e1 el primer programa en directo desde el espacio | El Digital de Asturias","twitter:description":"Londres, 10 ene (EFE).- La cadena de televisi\u00f3n brit\u00e1nica Channel 4 emitir\u00e1 el pr\u00f3ximo marzo el primer programa en directo que mostrar\u00e1 la vida de los astronautas en la Estaci\u00f3n Espacial Internacional (EEI). El programa relatar\u00e1 c\u00f3mo la gravedad espacial afecta al cuerpo y la vida diaria, al tiempo que la EII enviar\u00e1 im\u00e1genes en","twitter:image":"https:\/\/eldigitaldeasturias.com\/magazine365\/wp-content\/uploads\/2014\/01\/5840722w.jpg"},"aioseo_meta_data":{"post_id":"661","title":null,"description":null,"keywords":null,"keyphrases":null,"primary_term":null,"canonical_url":null,"og_title":null,"og_description":null,"og_object_type":"default","og_image_type":"default","og_image_url":null,"og_image_width":null,"og_image_height":null,"og_image_custom_url":null,"og_image_custom_fields":null,"og_video":null,"og_custom_url":null,"og_article_section":null,"og_article_tags":null,"twitter_use_og":false,"twitter_card":"default","twitter_image_type":"default","twitter_image_url":null,"twitter_image_custom_url":null,"twitter_image_custom_fields":null,"twitter_title":null,"twitter_description":null,"schema":{"blockGraphs":[],"customGraphs":[],"default":{"data":{"Article":[],"Course":[],"Dataset":[],"FAQPage":[],"Movie":[],"Person":[],"Product":[],"ProductReview":[],"Car":[],"Recipe":[],"Service":[],"SoftwareApplication":[],"WebPage":[]},"graphName":"","isEnabled":true},"graphs":[],"defaultGraph":"","defaultPostTypeGraph":""},"schema_type":null,"schema_type_options":null,"pillar_content":false,"robots_default":true,"robots_noindex":false,"robots_noarchive":false,"robots_nosnippet":false,"robots_nofollow":false,"robots_noimageindex":false,"robots_noodp":false,"robots_notranslate":false,"robots_max_snippet":null,"robots_max_videopreview":null,"robots_max_imagepreview":"large","priority":null,"frequency":null,"location":null,"local_seo":null,"seo_analyzer_scan_date":"2025-09-16 07:58:54","breadcrumb_settings":null,"limit_modified_date":false,"open_ai":null,"ai":null,"created":"2020-12-21 13:33:34","updated":"2025-09-16 07:58:54"},"aioseo_breadcrumb":"<div class=\"aioseo-breadcrumbs\"><span class=\"aioseo-breadcrumb\">\n\t<a href=\"https:\/\/eldigitaldeasturias.com\/magazine365\" title=\"Home\">Home<\/a>\n<\/span><span class=\"aioseo-breadcrumb-separator\">\u2013<\/span><span class=\"aioseo-breadcrumb\">\n\t<a href=\"https:\/\/eldigitaldeasturias.com\/magazine365\/category\/noticias-actualidad\/\" title=\"Noticias y Actualidad\">Noticias y Actualidad<\/a>\n<\/span><span class=\"aioseo-breadcrumb-separator\">\u2013<\/span><span class=\"aioseo-breadcrumb\">\n\t<a href=\"https:\/\/eldigitaldeasturias.com\/magazine365\/channel-4-emitira-el-primer-programa-en-directo-desde-el-espacio\/\" title=\"Channel 4 emitir\u00e1 el primer programa en directo desde el espacio\">Channel 4 emitir\u00e1 el primer programa en directo desde el espacio<\/a>\n<\/span><\/div>","aioseo_breadcrumb_json":[{"label":"Home","link":"https:\/\/eldigitaldeasturias.com\/magazine365"},{"label":"Noticias y Actualidad","link":"https:\/\/eldigitaldeasturias.com\/magazine365\/category\/noticias-actualidad\/"},{"label":"Channel 4 emitir\u00e1 el primer programa en directo desde el espacio","link":"https:\/\/eldigitaldeasturias.com\/magazine365\/channel-4-emitira-el-primer-programa-en-directo-desde-el-espacio\/"}],"_links":{"self":[{"href":"https:\/\/eldigitaldeasturias.com\/magazine365\/wp-json\/wp\/v2\/posts\/661","targetHints":{"allow":["GET"]}}],"collection":[{"href":"https:\/\/eldigitaldeasturias.com\/magazine365\/wp-json\/wp\/v2\/posts"}],"about":[{"href":"https:\/\/eldigitaldeasturias.com\/magazine365\/wp-json\/wp\/v2\/types\/post"}],"author":[{"embeddable":true,"href":"https:\/\/eldigitaldeasturias.com\/magazine365\/wp-json\/wp\/v2\/users\/1"}],"replies":[{"embeddable":true,"href":"https:\/\/eldigitaldeasturias.com\/magazine365\/wp-json\/wp\/v2\/comments?post=661"}],"version-history":[{"count":0,"href":"https:\/\/eldigitaldeasturias.com\/magazine365\/wp-json\/wp\/v2\/posts\/661\/revisions"}],"wp:featuredmedia":[{"embeddable":true,"href":"https:\/\/eldigitaldeasturias.com\/magazine365\/wp-json\/wp\/v2\/media\/662"}],"wp:attachment":[{"href":"https:\/\/eldigitaldeasturias.com\/magazine365\/wp-json\/wp\/v2\/media?parent=661"}],"wp:term":[{"taxonomy":"category","embeddable":true,"href":"https:\/\/eldigitaldeasturias.com\/magazine365\/wp-json\/wp\/v2\/categories?post=661"},{"taxonomy":"post_tag","embeddable":true,"href":"https:\/\/eldigitaldeasturias.com\/magazine365\/wp-json\/wp\/v2\/tags?post=661"}],"curies":[{"name":"wp","href":"https:\/\/api.w.org\/{rel}","templated":true}]}}