{"id":658,"date":"2014-01-10T17:53:46","date_gmt":"2014-01-10T18:53:46","guid":{"rendered":"http:\/\/eldigitaldeasturias.com\/magazine365\/?p=658"},"modified":"2014-01-10T17:53:46","modified_gmt":"2014-01-10T18:53:46","slug":"el-primer-masterchef-junior-espanol-aparca-la-cocina-por-los-deberes","status":"publish","type":"post","link":"https:\/\/eldigitaldeasturias.com\/magazine365\/el-primer-masterchef-junior-espanol-aparca-la-cocina-por-los-deberes\/","title":{"rendered":"El primer MasterChef J\u00fanior espa\u00f1ol, aparca la cocina por los \u00abdeberes\u00bb"},"content":{"rendered":"<p><img fetchpriority=\"high\" decoding=\"async\" class=\"alignleft size-medium wp-image-659\" alt=\"5840552w\" src=\"https:\/\/eldigitaldeasturias.com\/magazine365\/wp-content\/uploads\/2014\/01\/5840552w-269x300.jpg\" width=\"269\" height=\"300\" \/>Logro\u00f1o, 10 ene (EFE).- Mario Palacios, el joven logro\u00f1\u00e9s que desde el pasado seis de enero se convirti\u00f3 en el primer MasterChef J\u00fanior de Espa\u00f1a, ha reconocido hoy que no ha vuelto a cocinar desde la final del programa televisivo porque los \u00abdeberes\u00bb del colegio no le han dejado tiempo para ello.<\/p>\n<p>Mario Palacios ha sido recibido hoy por el presidente del Gobierno de La Rioja, Pedro Sanz, y por la alcaldesa de Logro\u00f1o, Concepci\u00f3n Gamarra, quienes le han felicitado por su actuaci\u00f3n en MasterChef y por haber representado a la comunidad y a su ciudad natal en este programa de TVE 1.<\/p>\n<p>Ha recibido como regalos de estas instituciones un delantal \u00abmuy chulo\u00bb, ha dicho, de color vino y bordado con la bandera de La Rioja, que le ha entregado Sanz; y la alcaldesa le ha obsequiado con un reloj para que controle los tiempos de cocci\u00f3n de sus platos.<\/p>\n<p>Este joven logro\u00f1\u00e9s, de doce a\u00f1os, super\u00f3, en primer lugar, una selecci\u00f3n a la que concurrieron 3.000 ni\u00f1os y finalmente fue considerado por el jurado como el mejor de los 16 cocineros j\u00fanior que iniciaron la grabaci\u00f3n del concurso.<\/p>\n<p>En la final cocin\u00f3 un plato de cocochas de bacalao al pilpil con berberechos, un plato que su madre y su abuela preparan para ocasiones especiales, aunque con almejas, ingrediente que sustituy\u00f3 por error, seg\u00fan \u00e9l mismo reconoci\u00f3.<\/p>\n<p>Desde que gan\u00f3, ha afirmado con naturalidad que la cocina es solo una afici\u00f3n para \u00e9l y que ni siquiera tiene claro que el d\u00eda de ma\u00f1ana quiera ser cocinero.<\/p>\n<p>Y en esa l\u00ednea, hoy ha admitido que no ha vuelto a ponerse delante de los fogones porque se ha dedicado a disfrutar de su triunfo, a ir al \u00abcole\u00bb y a hacer deberes atrasados, especialmente los de matem\u00e1ticas y ciencias naturales, que son sus asignaturas preferidas, junto a la de educaci\u00f3n f\u00edsica.<\/p>\n<p>En su encuentro con el presidente del Gobierno riojano, ha subrayado que el jurado, formado por los cocineros Samantha Vallejo-N\u00e1gera, Pepe Rodr\u00edguez Rey y Jordi Cruz, era \u00abmuy majo\u00bb y que desde comenz\u00f3 la grabaci\u00f3n del programa, hace varios meses, ha aprendido \u00abmucho\u00bb de cocina.<\/p>\n<p>\u00abEstoy muy contento porque el presidente de La Rioja me haya recibido y me haya regalado un delantal chulo\u00bb, ha dicho Mario Palacios, quien ha afirmado que fue \u00abmuy divertido\u00bb volver al colegio y que todos sus compa\u00f1eros le felicitaran.<\/p>\n<p>Ha asegurado que su plato preferido son los huevos fritos con patatas, que le salen muy bien, y que cocinar es solo para el tiempo libre que tiene.<\/p>\n<p>Sanz ha subrayado que se siente \u00aborgulloso\u00bb por el papel y los valores que transmitieron durante el concurso este joven logro\u00f1\u00e9s y su familia y por haber reconocido que los estudios son lo fundamental, mientras que la cocina es una actividad complementaria.<\/p>\n<p>Gamarra tambi\u00e9n ha felicitado a Palacios y le ha transmitido su reconocimiento por el papel que ha realizado y por c\u00f3mo ha representado a Logro\u00f1o.<\/p>\n<p>Eduardo Palacios<\/p>\n","protected":false},"excerpt":{"rendered":"<p>Logro\u00f1o, 10 ene (EFE).- Mario Palacios, el joven logro\u00f1\u00e9s que desde el pasado seis de enero se convirti\u00f3 en el primer MasterChef J\u00fanior de Espa\u00f1a, ha reconocido hoy que no ha vuelto a cocinar desde la final del programa televisivo porque los \u00abdeberes\u00bb del colegio no le han dejado tiempo para ello. Mario Palacios ha<\/p>\n","protected":false},"author":1,"featured_media":659,"comment_status":"open","ping_status":"open","sticky":false,"template":"","format":"standard","meta":{"footnotes":""},"categories":[224],"tags":[],"class_list":{"0":"post-658","1":"post","2":"type-post","3":"status-publish","4":"format-standard","5":"has-post-thumbnail","7":"category-noticias-actualidad"},"aioseo_notices":[],"aioseo_head":"\n\t\t<!-- All in One SEO Pro 4.9.6.1 - aioseo.com -->\n\t<meta name=\"description\" content=\"Logro\u00f1o, 10 ene (EFE).- Mario Palacios, el joven logro\u00f1\u00e9s que desde el pasado seis de enero se convirti\u00f3 en el primer MasterChef J\u00fanior de Espa\u00f1a, ha reconocido hoy que no ha vuelto a cocinar desde la final del programa televisivo porque los &quot;deberes&quot; del colegio no le han dejado tiempo para ello. Mario Palacios ha\" \/>\n\t<meta name=\"robots\" content=\"max-image-preview:large\" \/>\n\t<meta name=\"author\" content=\"admin\"\/>\n\t<meta name=\"google-site-verification\" content=\"UA-38556648-1\" \/>\n\t<meta name=\"keywords\" content=\"noticias y actualidad\" \/>\n\t<link rel=\"canonical\" href=\"https:\/\/eldigitaldeasturias.com\/magazine365\/el-primer-masterchef-junior-espanol-aparca-la-cocina-por-los-deberes\/\" \/>\n\t<meta name=\"generator\" content=\"All in One SEO Pro (AIOSEO) 4.9.6.1\" \/>\n\t\t<meta property=\"og:locale\" content=\"es_ES\" \/>\n\t\t<meta property=\"og:site_name\" content=\"El Digital de Asturias \u2013 Revista de ocio, turismo y estilo de vida\" \/>\n\t\t<meta property=\"og:type\" content=\"article\" \/>\n\t\t<meta property=\"og:title\" content=\"El primer MasterChef J\u00fanior espa\u00f1ol, aparca la cocina por los \u00abdeberes\u00bb | El Digital de Asturias\" \/>\n\t\t<meta property=\"og:description\" content=\"Logro\u00f1o, 10 ene (EFE).- Mario Palacios, el joven logro\u00f1\u00e9s que desde el pasado seis de enero se convirti\u00f3 en el primer MasterChef J\u00fanior de Espa\u00f1a, ha reconocido hoy que no ha vuelto a cocinar desde la final del programa televisivo porque los &quot;deberes&quot; del colegio no le han dejado tiempo para ello. Mario Palacios ha\" \/>\n\t\t<meta property=\"og:url\" content=\"https:\/\/eldigitaldeasturias.com\/magazine365\/el-primer-masterchef-junior-espanol-aparca-la-cocina-por-los-deberes\/\" \/>\n\t\t<meta property=\"og:image\" content=\"https:\/\/eldigitaldeasturias.com\/magazine365\/wp-content\/uploads\/2014\/01\/5840552w.jpg\" \/>\n\t\t<meta property=\"og:image:secure_url\" content=\"https:\/\/eldigitaldeasturias.com\/magazine365\/wp-content\/uploads\/2014\/01\/5840552w.jpg\" \/>\n\t\t<meta property=\"og:image:width\" content=\"700\" \/>\n\t\t<meta property=\"og:image:height\" content=\"779\" \/>\n\t\t<meta property=\"article:published_time\" content=\"2014-01-10T18:53:46+00:00\" \/>\n\t\t<meta property=\"article:modified_time\" content=\"2014-01-10T18:53:46+00:00\" \/>\n\t\t<meta name=\"twitter:card\" content=\"summary_large_image\" \/>\n\t\t<meta name=\"twitter:title\" content=\"El primer MasterChef J\u00fanior espa\u00f1ol, aparca la cocina por los \u00abdeberes\u00bb | El Digital de Asturias\" \/>\n\t\t<meta name=\"twitter:description\" content=\"Logro\u00f1o, 10 ene (EFE).- Mario Palacios, el joven logro\u00f1\u00e9s que desde el pasado seis de enero se convirti\u00f3 en el primer MasterChef J\u00fanior de Espa\u00f1a, ha reconocido hoy que no ha vuelto a cocinar desde la final del programa televisivo porque los &quot;deberes&quot; del colegio no le han dejado tiempo para ello. Mario Palacios ha\" \/>\n\t\t<meta name=\"twitter:image\" content=\"https:\/\/eldigitaldeasturias.com\/magazine365\/wp-content\/uploads\/2014\/01\/5840552w.jpg\" \/>\n\t\t<script type=\"application\/ld+json\" class=\"aioseo-schema\">\n\t\t\t{\"@context\":\"https:\\\/\\\/schema.org\",\"@graph\":[{\"@type\":\"Article\",\"@id\":\"https:\\\/\\\/eldigitaldeasturias.com\\\/magazine365\\\/el-primer-masterchef-junior-espanol-aparca-la-cocina-por-los-deberes\\\/#article\",\"name\":\"El primer MasterChef J\\u00fanior espa\\u00f1ol, aparca la cocina por los \\u00abdeberes\\u00bb | El Digital de Asturias\",\"headline\":\"El primer MasterChef J\\u00fanior espa\\u00f1ol, aparca la cocina por los \\u00abdeberes\\u00bb\",\"author\":{\"@id\":\"https:\\\/\\\/eldigitaldeasturias.com\\\/magazine365\\\/author\\\/admin\\\/#author\"},\"publisher\":{\"@id\":\"https:\\\/\\\/eldigitaldeasturias.com\\\/magazine365\\\/#organization\"},\"image\":{\"@type\":\"ImageObject\",\"url\":\"https:\\\/\\\/eldigitaldeasturias.com\\\/magazine365\\\/wp-content\\\/uploads\\\/2014\\\/01\\\/5840552w.jpg\",\"width\":700,\"height\":779},\"datePublished\":\"2014-01-10T17:53:46+01:00\",\"dateModified\":\"2014-01-10T17:53:46+01:00\",\"inLanguage\":\"es-ES\",\"mainEntityOfPage\":{\"@id\":\"https:\\\/\\\/eldigitaldeasturias.com\\\/magazine365\\\/el-primer-masterchef-junior-espanol-aparca-la-cocina-por-los-deberes\\\/#webpage\"},\"isPartOf\":{\"@id\":\"https:\\\/\\\/eldigitaldeasturias.com\\\/magazine365\\\/el-primer-masterchef-junior-espanol-aparca-la-cocina-por-los-deberes\\\/#webpage\"},\"articleSection\":\"Noticias y Actualidad\"},{\"@type\":\"BreadcrumbList\",\"@id\":\"https:\\\/\\\/eldigitaldeasturias.com\\\/magazine365\\\/el-primer-masterchef-junior-espanol-aparca-la-cocina-por-los-deberes\\\/#breadcrumblist\",\"itemListElement\":[{\"@type\":\"ListItem\",\"@id\":\"https:\\\/\\\/eldigitaldeasturias.com\\\/magazine365#listItem\",\"position\":1,\"name\":\"Home\",\"item\":\"https:\\\/\\\/eldigitaldeasturias.com\\\/magazine365\",\"nextItem\":{\"@type\":\"ListItem\",\"@id\":\"https:\\\/\\\/eldigitaldeasturias.com\\\/magazine365\\\/category\\\/noticias-actualidad\\\/#listItem\",\"name\":\"Noticias y Actualidad\"}},{\"@type\":\"ListItem\",\"@id\":\"https:\\\/\\\/eldigitaldeasturias.com\\\/magazine365\\\/category\\\/noticias-actualidad\\\/#listItem\",\"position\":2,\"name\":\"Noticias y Actualidad\",\"item\":\"https:\\\/\\\/eldigitaldeasturias.com\\\/magazine365\\\/category\\\/noticias-actualidad\\\/\",\"nextItem\":{\"@type\":\"ListItem\",\"@id\":\"https:\\\/\\\/eldigitaldeasturias.com\\\/magazine365\\\/el-primer-masterchef-junior-espanol-aparca-la-cocina-por-los-deberes\\\/#listItem\",\"name\":\"El primer MasterChef J\\u00fanior espa\\u00f1ol, aparca la cocina por los \\u00abdeberes\\u00bb\"},\"previousItem\":{\"@type\":\"ListItem\",\"@id\":\"https:\\\/\\\/eldigitaldeasturias.com\\\/magazine365#listItem\",\"name\":\"Home\"}},{\"@type\":\"ListItem\",\"@id\":\"https:\\\/\\\/eldigitaldeasturias.com\\\/magazine365\\\/el-primer-masterchef-junior-espanol-aparca-la-cocina-por-los-deberes\\\/#listItem\",\"position\":3,\"name\":\"El primer MasterChef J\\u00fanior espa\\u00f1ol, aparca la cocina por los \\u00abdeberes\\u00bb\",\"previousItem\":{\"@type\":\"ListItem\",\"@id\":\"https:\\\/\\\/eldigitaldeasturias.com\\\/magazine365\\\/category\\\/noticias-actualidad\\\/#listItem\",\"name\":\"Noticias y Actualidad\"}}]},{\"@type\":\"Organization\",\"@id\":\"https:\\\/\\\/eldigitaldeasturias.com\\\/magazine365\\\/#organization\",\"name\":\"El digital de Asturias\",\"description\":\"Revista de ocio, turismo y estilo de vida\",\"url\":\"https:\\\/\\\/eldigitaldeasturias.com\\\/magazine365\\\/\",\"logo\":{\"@type\":\"ImageObject\",\"url\":\"https:\\\/\\\/www.eldigitaldeasturias.com\\\/noticias\\\/wp-content\\\/uploads\\\/2020\\\/12\\\/EDA.jpg\",\"@id\":\"https:\\\/\\\/eldigitaldeasturias.com\\\/magazine365\\\/el-primer-masterchef-junior-espanol-aparca-la-cocina-por-los-deberes\\\/#organizationLogo\"},\"image\":{\"@id\":\"https:\\\/\\\/eldigitaldeasturias.com\\\/magazine365\\\/el-primer-masterchef-junior-espanol-aparca-la-cocina-por-los-deberes\\\/#organizationLogo\"}},{\"@type\":\"Person\",\"@id\":\"https:\\\/\\\/eldigitaldeasturias.com\\\/magazine365\\\/author\\\/admin\\\/#author\",\"url\":\"https:\\\/\\\/eldigitaldeasturias.com\\\/magazine365\\\/author\\\/admin\\\/\",\"name\":\"admin\",\"image\":{\"@type\":\"ImageObject\",\"@id\":\"https:\\\/\\\/eldigitaldeasturias.com\\\/magazine365\\\/el-primer-masterchef-junior-espanol-aparca-la-cocina-por-los-deberes\\\/#authorImage\",\"url\":\"https:\\\/\\\/eldigitaldeasturias.com\\\/magazine365\\\/wp-content\\\/litespeed\\\/avatar\\\/e571bcf59a0edd6fa6838245a470f2fe.jpg?ver=1776969259\",\"width\":96,\"height\":96,\"caption\":\"admin\"}},{\"@type\":\"WebPage\",\"@id\":\"https:\\\/\\\/eldigitaldeasturias.com\\\/magazine365\\\/el-primer-masterchef-junior-espanol-aparca-la-cocina-por-los-deberes\\\/#webpage\",\"url\":\"https:\\\/\\\/eldigitaldeasturias.com\\\/magazine365\\\/el-primer-masterchef-junior-espanol-aparca-la-cocina-por-los-deberes\\\/\",\"name\":\"El primer MasterChef J\\u00fanior espa\\u00f1ol, aparca la cocina por los \\u00abdeberes\\u00bb | El Digital de Asturias\",\"description\":\"Logro\\u00f1o, 10 ene (EFE).- Mario Palacios, el joven logro\\u00f1\\u00e9s que desde el pasado seis de enero se convirti\\u00f3 en el primer MasterChef J\\u00fanior de Espa\\u00f1a, ha reconocido hoy que no ha vuelto a cocinar desde la final del programa televisivo porque los \\\"deberes\\\" del colegio no le han dejado tiempo para ello. Mario Palacios ha\",\"inLanguage\":\"es-ES\",\"isPartOf\":{\"@id\":\"https:\\\/\\\/eldigitaldeasturias.com\\\/magazine365\\\/#website\"},\"breadcrumb\":{\"@id\":\"https:\\\/\\\/eldigitaldeasturias.com\\\/magazine365\\\/el-primer-masterchef-junior-espanol-aparca-la-cocina-por-los-deberes\\\/#breadcrumblist\"},\"author\":{\"@id\":\"https:\\\/\\\/eldigitaldeasturias.com\\\/magazine365\\\/author\\\/admin\\\/#author\"},\"creator\":{\"@id\":\"https:\\\/\\\/eldigitaldeasturias.com\\\/magazine365\\\/author\\\/admin\\\/#author\"},\"image\":{\"@type\":\"ImageObject\",\"url\":\"https:\\\/\\\/eldigitaldeasturias.com\\\/magazine365\\\/wp-content\\\/uploads\\\/2014\\\/01\\\/5840552w.jpg\",\"@id\":\"https:\\\/\\\/eldigitaldeasturias.com\\\/magazine365\\\/el-primer-masterchef-junior-espanol-aparca-la-cocina-por-los-deberes\\\/#mainImage\",\"width\":700,\"height\":779},\"primaryImageOfPage\":{\"@id\":\"https:\\\/\\\/eldigitaldeasturias.com\\\/magazine365\\\/el-primer-masterchef-junior-espanol-aparca-la-cocina-por-los-deberes\\\/#mainImage\"},\"datePublished\":\"2014-01-10T17:53:46+01:00\",\"dateModified\":\"2014-01-10T17:53:46+01:00\"},{\"@type\":\"WebSite\",\"@id\":\"https:\\\/\\\/eldigitaldeasturias.com\\\/magazine365\\\/#website\",\"url\":\"https:\\\/\\\/eldigitaldeasturias.com\\\/magazine365\\\/\",\"name\":\"El Digital de Asturias\",\"description\":\"Revista de ocio, turismo y estilo de vida\",\"inLanguage\":\"es-ES\",\"publisher\":{\"@id\":\"https:\\\/\\\/eldigitaldeasturias.com\\\/magazine365\\\/#organization\"}}]}\n\t\t<\/script>\n\t\t<!-- All in One SEO Pro -->\r\n\t\t<title>El primer MasterChef J\u00fanior espa\u00f1ol, aparca la cocina por los \u00abdeberes\u00bb | El Digital de Asturias<\/title>\n\n","aioseo_head_json":{"title":"El primer MasterChef J\u00fanior espa\u00f1ol, aparca la cocina por los \u00abdeberes\u00bb | El Digital de Asturias","description":"Logro\u00f1o, 10 ene (EFE).- Mario Palacios, el joven logro\u00f1\u00e9s que desde el pasado seis de enero se convirti\u00f3 en el primer MasterChef J\u00fanior de Espa\u00f1a, ha reconocido hoy que no ha vuelto a cocinar desde la final del programa televisivo porque los \"deberes\" del colegio no le han dejado tiempo para ello. Mario Palacios ha","canonical_url":"https:\/\/eldigitaldeasturias.com\/magazine365\/el-primer-masterchef-junior-espanol-aparca-la-cocina-por-los-deberes\/","robots":"max-image-preview:large","keywords":"noticias y actualidad","webmasterTools":{"google-site-verification":"UA-38556648-1","miscellaneous":""},"schema":{"@context":"https:\/\/schema.org","@graph":[{"@type":"Article","@id":"https:\/\/eldigitaldeasturias.com\/magazine365\/el-primer-masterchef-junior-espanol-aparca-la-cocina-por-los-deberes\/#article","name":"El primer MasterChef J\u00fanior espa\u00f1ol, aparca la cocina por los \u00abdeberes\u00bb | El Digital de Asturias","headline":"El primer MasterChef J\u00fanior espa\u00f1ol, aparca la cocina por los \u00abdeberes\u00bb","author":{"@id":"https:\/\/eldigitaldeasturias.com\/magazine365\/author\/admin\/#author"},"publisher":{"@id":"https:\/\/eldigitaldeasturias.com\/magazine365\/#organization"},"image":{"@type":"ImageObject","url":"https:\/\/eldigitaldeasturias.com\/magazine365\/wp-content\/uploads\/2014\/01\/5840552w.jpg","width":700,"height":779},"datePublished":"2014-01-10T17:53:46+01:00","dateModified":"2014-01-10T17:53:46+01:00","inLanguage":"es-ES","mainEntityOfPage":{"@id":"https:\/\/eldigitaldeasturias.com\/magazine365\/el-primer-masterchef-junior-espanol-aparca-la-cocina-por-los-deberes\/#webpage"},"isPartOf":{"@id":"https:\/\/eldigitaldeasturias.com\/magazine365\/el-primer-masterchef-junior-espanol-aparca-la-cocina-por-los-deberes\/#webpage"},"articleSection":"Noticias y Actualidad"},{"@type":"BreadcrumbList","@id":"https:\/\/eldigitaldeasturias.com\/magazine365\/el-primer-masterchef-junior-espanol-aparca-la-cocina-por-los-deberes\/#breadcrumblist","itemListElement":[{"@type":"ListItem","@id":"https:\/\/eldigitaldeasturias.com\/magazine365#listItem","position":1,"name":"Home","item":"https:\/\/eldigitaldeasturias.com\/magazine365","nextItem":{"@type":"ListItem","@id":"https:\/\/eldigitaldeasturias.com\/magazine365\/category\/noticias-actualidad\/#listItem","name":"Noticias y Actualidad"}},{"@type":"ListItem","@id":"https:\/\/eldigitaldeasturias.com\/magazine365\/category\/noticias-actualidad\/#listItem","position":2,"name":"Noticias y Actualidad","item":"https:\/\/eldigitaldeasturias.com\/magazine365\/category\/noticias-actualidad\/","nextItem":{"@type":"ListItem","@id":"https:\/\/eldigitaldeasturias.com\/magazine365\/el-primer-masterchef-junior-espanol-aparca-la-cocina-por-los-deberes\/#listItem","name":"El primer MasterChef J\u00fanior espa\u00f1ol, aparca la cocina por los \u00abdeberes\u00bb"},"previousItem":{"@type":"ListItem","@id":"https:\/\/eldigitaldeasturias.com\/magazine365#listItem","name":"Home"}},{"@type":"ListItem","@id":"https:\/\/eldigitaldeasturias.com\/magazine365\/el-primer-masterchef-junior-espanol-aparca-la-cocina-por-los-deberes\/#listItem","position":3,"name":"El primer MasterChef J\u00fanior espa\u00f1ol, aparca la cocina por los \u00abdeberes\u00bb","previousItem":{"@type":"ListItem","@id":"https:\/\/eldigitaldeasturias.com\/magazine365\/category\/noticias-actualidad\/#listItem","name":"Noticias y Actualidad"}}]},{"@type":"Organization","@id":"https:\/\/eldigitaldeasturias.com\/magazine365\/#organization","name":"El digital de Asturias","description":"Revista de ocio, turismo y estilo de vida","url":"https:\/\/eldigitaldeasturias.com\/magazine365\/","logo":{"@type":"ImageObject","url":"https:\/\/www.eldigitaldeasturias.com\/noticias\/wp-content\/uploads\/2020\/12\/EDA.jpg","@id":"https:\/\/eldigitaldeasturias.com\/magazine365\/el-primer-masterchef-junior-espanol-aparca-la-cocina-por-los-deberes\/#organizationLogo"},"image":{"@id":"https:\/\/eldigitaldeasturias.com\/magazine365\/el-primer-masterchef-junior-espanol-aparca-la-cocina-por-los-deberes\/#organizationLogo"}},{"@type":"Person","@id":"https:\/\/eldigitaldeasturias.com\/magazine365\/author\/admin\/#author","url":"https:\/\/eldigitaldeasturias.com\/magazine365\/author\/admin\/","name":"admin","image":{"@type":"ImageObject","@id":"https:\/\/eldigitaldeasturias.com\/magazine365\/el-primer-masterchef-junior-espanol-aparca-la-cocina-por-los-deberes\/#authorImage","url":"https:\/\/eldigitaldeasturias.com\/magazine365\/wp-content\/litespeed\/avatar\/e571bcf59a0edd6fa6838245a470f2fe.jpg?ver=1776969259","width":96,"height":96,"caption":"admin"}},{"@type":"WebPage","@id":"https:\/\/eldigitaldeasturias.com\/magazine365\/el-primer-masterchef-junior-espanol-aparca-la-cocina-por-los-deberes\/#webpage","url":"https:\/\/eldigitaldeasturias.com\/magazine365\/el-primer-masterchef-junior-espanol-aparca-la-cocina-por-los-deberes\/","name":"El primer MasterChef J\u00fanior espa\u00f1ol, aparca la cocina por los \u00abdeberes\u00bb | El Digital de Asturias","description":"Logro\u00f1o, 10 ene (EFE).- Mario Palacios, el joven logro\u00f1\u00e9s que desde el pasado seis de enero se convirti\u00f3 en el primer MasterChef J\u00fanior de Espa\u00f1a, ha reconocido hoy que no ha vuelto a cocinar desde la final del programa televisivo porque los \"deberes\" del colegio no le han dejado tiempo para ello. Mario Palacios ha","inLanguage":"es-ES","isPartOf":{"@id":"https:\/\/eldigitaldeasturias.com\/magazine365\/#website"},"breadcrumb":{"@id":"https:\/\/eldigitaldeasturias.com\/magazine365\/el-primer-masterchef-junior-espanol-aparca-la-cocina-por-los-deberes\/#breadcrumblist"},"author":{"@id":"https:\/\/eldigitaldeasturias.com\/magazine365\/author\/admin\/#author"},"creator":{"@id":"https:\/\/eldigitaldeasturias.com\/magazine365\/author\/admin\/#author"},"image":{"@type":"ImageObject","url":"https:\/\/eldigitaldeasturias.com\/magazine365\/wp-content\/uploads\/2014\/01\/5840552w.jpg","@id":"https:\/\/eldigitaldeasturias.com\/magazine365\/el-primer-masterchef-junior-espanol-aparca-la-cocina-por-los-deberes\/#mainImage","width":700,"height":779},"primaryImageOfPage":{"@id":"https:\/\/eldigitaldeasturias.com\/magazine365\/el-primer-masterchef-junior-espanol-aparca-la-cocina-por-los-deberes\/#mainImage"},"datePublished":"2014-01-10T17:53:46+01:00","dateModified":"2014-01-10T17:53:46+01:00"},{"@type":"WebSite","@id":"https:\/\/eldigitaldeasturias.com\/magazine365\/#website","url":"https:\/\/eldigitaldeasturias.com\/magazine365\/","name":"El Digital de Asturias","description":"Revista de ocio, turismo y estilo de vida","inLanguage":"es-ES","publisher":{"@id":"https:\/\/eldigitaldeasturias.com\/magazine365\/#organization"}}]},"og:locale":"es_ES","og:site_name":"El Digital de Asturias \u2013 Revista de ocio, turismo y estilo de vida","og:type":"article","og:title":"El primer MasterChef J\u00fanior espa\u00f1ol, aparca la cocina por los \u00abdeberes\u00bb | El Digital de Asturias","og:description":"Logro\u00f1o, 10 ene (EFE).- Mario Palacios, el joven logro\u00f1\u00e9s que desde el pasado seis de enero se convirti\u00f3 en el primer MasterChef J\u00fanior de Espa\u00f1a, ha reconocido hoy que no ha vuelto a cocinar desde la final del programa televisivo porque los &quot;deberes&quot; del colegio no le han dejado tiempo para ello. Mario Palacios ha","og:url":"https:\/\/eldigitaldeasturias.com\/magazine365\/el-primer-masterchef-junior-espanol-aparca-la-cocina-por-los-deberes\/","og:image":"https:\/\/eldigitaldeasturias.com\/magazine365\/wp-content\/uploads\/2014\/01\/5840552w.jpg","og:image:secure_url":"https:\/\/eldigitaldeasturias.com\/magazine365\/wp-content\/uploads\/2014\/01\/5840552w.jpg","og:image:width":700,"og:image:height":779,"article:published_time":"2014-01-10T18:53:46+00:00","article:modified_time":"2014-01-10T18:53:46+00:00","twitter:card":"summary_large_image","twitter:title":"El primer MasterChef J\u00fanior espa\u00f1ol, aparca la cocina por los \u00abdeberes\u00bb | El Digital de Asturias","twitter:description":"Logro\u00f1o, 10 ene (EFE).- Mario Palacios, el joven logro\u00f1\u00e9s que desde el pasado seis de enero se convirti\u00f3 en el primer MasterChef J\u00fanior de Espa\u00f1a, ha reconocido hoy que no ha vuelto a cocinar desde la final del programa televisivo porque los &quot;deberes&quot; del colegio no le han dejado tiempo para ello. Mario Palacios ha","twitter:image":"https:\/\/eldigitaldeasturias.com\/magazine365\/wp-content\/uploads\/2014\/01\/5840552w.jpg"},"aioseo_meta_data":{"post_id":"658","title":null,"description":null,"keywords":null,"keyphrases":null,"primary_term":null,"canonical_url":null,"og_title":null,"og_description":null,"og_object_type":"default","og_image_type":"default","og_image_url":null,"og_image_width":null,"og_image_height":null,"og_image_custom_url":null,"og_image_custom_fields":null,"og_video":null,"og_custom_url":null,"og_article_section":null,"og_article_tags":null,"twitter_use_og":false,"twitter_card":"default","twitter_image_type":"default","twitter_image_url":null,"twitter_image_custom_url":null,"twitter_image_custom_fields":null,"twitter_title":null,"twitter_description":null,"schema":{"blockGraphs":[],"customGraphs":[],"default":{"data":{"Article":[],"Course":[],"Dataset":[],"FAQPage":[],"Movie":[],"Person":[],"Product":[],"ProductReview":[],"Car":[],"Recipe":[],"Service":[],"SoftwareApplication":[],"WebPage":[]},"graphName":"","isEnabled":true},"graphs":[],"defaultGraph":"","defaultPostTypeGraph":""},"schema_type":null,"schema_type_options":null,"pillar_content":false,"robots_default":true,"robots_noindex":false,"robots_noarchive":false,"robots_nosnippet":false,"robots_nofollow":false,"robots_noimageindex":false,"robots_noodp":false,"robots_notranslate":false,"robots_max_snippet":null,"robots_max_videopreview":null,"robots_max_imagepreview":"large","priority":null,"frequency":null,"location":null,"local_seo":null,"seo_analyzer_scan_date":"2025-09-16 07:57:03","breadcrumb_settings":null,"limit_modified_date":false,"open_ai":null,"ai":null,"created":"2020-12-21 13:33:34","updated":"2025-09-16 07:57:03"},"aioseo_breadcrumb":"<div class=\"aioseo-breadcrumbs\"><span class=\"aioseo-breadcrumb\">\n\t<a href=\"https:\/\/eldigitaldeasturias.com\/magazine365\" title=\"Home\">Home<\/a>\n<\/span><span class=\"aioseo-breadcrumb-separator\">\u2013<\/span><span class=\"aioseo-breadcrumb\">\n\t<a href=\"https:\/\/eldigitaldeasturias.com\/magazine365\/category\/noticias-actualidad\/\" title=\"Noticias y Actualidad\">Noticias y Actualidad<\/a>\n<\/span><span class=\"aioseo-breadcrumb-separator\">\u2013<\/span><span class=\"aioseo-breadcrumb\">\n\t<a href=\"https:\/\/eldigitaldeasturias.com\/magazine365\/el-primer-masterchef-junior-espanol-aparca-la-cocina-por-los-deberes\/\" title=\"El primer MasterChef J\u00fanior espa\u00f1ol, aparca la cocina por los \u00abdeberes\u00bb\">El primer MasterChef J\u00fanior espa\u00f1ol, aparca la cocina por los \u00abdeberes\u00bb<\/a>\n<\/span><\/div>","aioseo_breadcrumb_json":[{"label":"Home","link":"https:\/\/eldigitaldeasturias.com\/magazine365"},{"label":"Noticias y Actualidad","link":"https:\/\/eldigitaldeasturias.com\/magazine365\/category\/noticias-actualidad\/"},{"label":"El primer MasterChef J\u00fanior espa\u00f1ol, aparca la cocina por los \u00abdeberes\u00bb","link":"https:\/\/eldigitaldeasturias.com\/magazine365\/el-primer-masterchef-junior-espanol-aparca-la-cocina-por-los-deberes\/"}],"_links":{"self":[{"href":"https:\/\/eldigitaldeasturias.com\/magazine365\/wp-json\/wp\/v2\/posts\/658","targetHints":{"allow":["GET"]}}],"collection":[{"href":"https:\/\/eldigitaldeasturias.com\/magazine365\/wp-json\/wp\/v2\/posts"}],"about":[{"href":"https:\/\/eldigitaldeasturias.com\/magazine365\/wp-json\/wp\/v2\/types\/post"}],"author":[{"embeddable":true,"href":"https:\/\/eldigitaldeasturias.com\/magazine365\/wp-json\/wp\/v2\/users\/1"}],"replies":[{"embeddable":true,"href":"https:\/\/eldigitaldeasturias.com\/magazine365\/wp-json\/wp\/v2\/comments?post=658"}],"version-history":[{"count":0,"href":"https:\/\/eldigitaldeasturias.com\/magazine365\/wp-json\/wp\/v2\/posts\/658\/revisions"}],"wp:featuredmedia":[{"embeddable":true,"href":"https:\/\/eldigitaldeasturias.com\/magazine365\/wp-json\/wp\/v2\/media\/659"}],"wp:attachment":[{"href":"https:\/\/eldigitaldeasturias.com\/magazine365\/wp-json\/wp\/v2\/media?parent=658"}],"wp:term":[{"taxonomy":"category","embeddable":true,"href":"https:\/\/eldigitaldeasturias.com\/magazine365\/wp-json\/wp\/v2\/categories?post=658"},{"taxonomy":"post_tag","embeddable":true,"href":"https:\/\/eldigitaldeasturias.com\/magazine365\/wp-json\/wp\/v2\/tags?post=658"}],"curies":[{"name":"wp","href":"https:\/\/api.w.org\/{rel}","templated":true}]}}