{"id":649,"date":"2014-01-10T17:48:17","date_gmt":"2014-01-10T18:48:17","guid":{"rendered":"http:\/\/eldigitaldeasturias.com\/magazine365\/?p=649"},"modified":"2014-01-10T17:48:17","modified_gmt":"2014-01-10T18:48:17","slug":"maribel-verdu-recibira-el-premio-malaga-en-el-festival-de-cine-espanol","status":"publish","type":"post","link":"https:\/\/eldigitaldeasturias.com\/magazine365\/maribel-verdu-recibira-el-premio-malaga-en-el-festival-de-cine-espanol\/","title":{"rendered":"Maribel Verd\u00fa recibir\u00e1 el Premio M\u00e1laga en el Festival de Cine Espa\u00f1ol"},"content":{"rendered":"<p><img fetchpriority=\"high\" decoding=\"async\" class=\"alignleft size-medium wp-image-650\" alt=\"5840410w\" src=\"https:\/\/eldigitaldeasturias.com\/magazine365\/wp-content\/uploads\/2014\/01\/5840410w-360x236.jpg\" width=\"360\" height=\"236\" srcset=\"https:\/\/eldigitaldeasturias.com\/magazine365\/wp-content\/uploads\/2014\/01\/5840410w-360x236.jpg 360w, https:\/\/eldigitaldeasturias.com\/magazine365\/wp-content\/uploads\/2014\/01\/5840410w-650x427.jpg 650w, https:\/\/eldigitaldeasturias.com\/magazine365\/wp-content\/uploads\/2014\/01\/5840410w-768x504.jpg 768w, https:\/\/eldigitaldeasturias.com\/magazine365\/wp-content\/uploads\/2014\/01\/5840410w-150x98.jpg 150w, https:\/\/eldigitaldeasturias.com\/magazine365\/wp-content\/uploads\/2014\/01\/5840410w-450x295.jpg 450w, https:\/\/eldigitaldeasturias.com\/magazine365\/wp-content\/uploads\/2014\/01\/5840410w.jpg 800w\" sizes=\"(max-width: 360px) 100vw, 360px\" \/>M\u00e1laga, 10 ene (EFE).- La actriz Maribel Verd\u00fa recibir\u00e1 el Premio M\u00e1laga, m\u00e1ximo galard\u00f3n honor\u00edfico del Festival de Cine Espa\u00f1ol, durante la decimos\u00e9ptima edici\u00f3n del certamen malague\u00f1o, que se celebrar\u00e1 del 21 al 29 de marzo.<\/p>\n<p>Maribel Verd\u00fa comenz\u00f3 su carrera a los 13 a\u00f1os de la mano de Vicente Aranda con \u00abEl crimen del Capit\u00e1n S\u00e1nchez\u00bb, pero fue con \u00ab27 horas\u00bb, de Montxo Armend\u00e1riz, con la que empez\u00f3 a hacerse notar, ha informado hoy el Festival de M\u00e1laga en un comunicado.<\/p>\n<p>Poco despu\u00e9s vinieron pel\u00edculas tan importantes como \u00abLa estanquera de Vallecas\u00bb, de Eloy de la Iglesia, y \u00abEl a\u00f1o de las luces\u00bb, de Fernando Trueba.<\/p>\n<p>A partir de entonces trabaja con los mejores directores espa\u00f1oles: Jos\u00e9 Luis Garci en \u00abCanci\u00f3n de Cuna\u00bb, Bigas Luna en \u00abHuevos de Oro\u00bb, de nuevo con Fernando Trueba en la oscarizada \u00abBelle Epoque\u00bb y Vicente Aranda en \u00abAmantes\u00bb.<\/p>\n<p>Tambi\u00e9n ha rodado a las \u00f3rdenes de Emilio Mart\u00ednez-L\u00e1zaro en \u00abCarreteras secundarias\u00bb, de Carlos Saura en \u00abGoya en Burdeos\u00bb o de Gonzalo Su\u00e1rez en \u00abEl Portero\u00bb y \u00abOviedo Express\u00bb, entre otros.<\/p>\n<p>En el \u00e1mbito internacional, destaca su papel protagonista en \u00abY tu mam\u00e1 tambi\u00e9n\u00bb, de Alfonso Cuar\u00f3n, a la que seguir\u00eda \u00abEl laberinto del Fauno\u00bb, de Guillermo de Toro.<\/p>\n<p>Tras esta pel\u00edcula, Maribel Verd\u00fa fue invitada a formar parte de la academia de Hollywood, a la que pertenece junto a la Espa\u00f1ola, Europea y Mexicana.<\/p>\n<p>En el teatro debut\u00f3 en 1986 con el personaje de Julieta y desde entonces ha simultaneado ambas disciplinas con obras como \u00abDespu\u00e9s de la lluvia\u00bb, de Sergi Bellbel; \u00abTe quiero mu\u00f1eca\u00bb, de Ernesto Caballero; \u00abLas amistades peligrosas\u00bb, de Christopher Hampton, o \u00abPor amor al arte\u00bb, de Neil Labute, dirigida por Gerardo Vera, con quien ya colabor\u00f3 en cine con \u00abLa Celestina\u00bb.<\/p>\n<p>Con m\u00e1s de sesenta pel\u00edculas, Maribel Verd\u00fa ha estado nominada al Goya en ocho ocasiones y actualmente es la actriz espa\u00f1ola m\u00e1s veces nominada a los premios Goya de la Academia.<\/p>\n<p>Logr\u00f3 el premio por \u00abSiete mesas de billar franc\u00e9s\u00bb, de Gracia Querejeta, y por \u00abBlancanieves\u00bb, de Pablo Berger, y adem\u00e1s del Goya, posee dos premios Ondas y tres Fotogramas de Plata.<\/p>\n<p>El C\u00edrculo de Escritores Cinematogr\u00e1ficos Espa\u00f1oles tambi\u00e9n la premi\u00f3 como mejor actriz en 1998 por \u00abLa buena estrella\u00bb y en 2008 por \u00abSiete mesas de billar franc\u00e9s\u00bb.<\/p>\n<p>Es adem\u00e1s la \u00fanica espa\u00f1ola que ha ganado el premio Ariel a la mejor actriz en M\u00e9xico, galard\u00f3n que obtuvo por \u00abEl laberinto del Fauno\u00bb.<\/p>\n<p>Tambi\u00e9n ha recibido la Medalla de Oro de la Academia de Ciencias y Artes Cinematogr\u00e1ficas, y como colof\u00f3n, en 2008 recibi\u00f3 el Premio Nacional de Cinematograf\u00eda.<\/p>\n","protected":false},"excerpt":{"rendered":"<p>M\u00e1laga, 10 ene (EFE).- La actriz Maribel Verd\u00fa recibir\u00e1 el Premio M\u00e1laga, m\u00e1ximo galard\u00f3n honor\u00edfico del Festival de Cine Espa\u00f1ol, durante la decimos\u00e9ptima edici\u00f3n del certamen malague\u00f1o, que se celebrar\u00e1 del 21 al 29 de marzo. Maribel Verd\u00fa comenz\u00f3 su carrera a los 13 a\u00f1os de la mano de Vicente Aranda con \u00abEl crimen del<\/p>\n","protected":false},"author":1,"featured_media":650,"comment_status":"open","ping_status":"open","sticky":false,"template":"","format":"standard","meta":{"footnotes":""},"categories":[224],"tags":[],"class_list":{"0":"post-649","1":"post","2":"type-post","3":"status-publish","4":"format-standard","5":"has-post-thumbnail","7":"category-noticias-actualidad"},"aioseo_notices":[],"aioseo_head":"\n\t\t<!-- All in One SEO Pro 4.9.6.1 - aioseo.com -->\n\t<meta name=\"description\" content=\"M\u00e1laga, 10 ene (EFE).- La actriz Maribel Verd\u00fa recibir\u00e1 el Premio M\u00e1laga, m\u00e1ximo galard\u00f3n honor\u00edfico del Festival de Cine Espa\u00f1ol, durante la decimos\u00e9ptima edici\u00f3n del certamen malague\u00f1o, que se celebrar\u00e1 del 21 al 29 de marzo. Maribel Verd\u00fa comenz\u00f3 su carrera a los 13 a\u00f1os de la mano de Vicente Aranda con &quot;El crimen del\" \/>\n\t<meta name=\"robots\" content=\"max-image-preview:large\" \/>\n\t<meta name=\"author\" content=\"admin\"\/>\n\t<meta name=\"google-site-verification\" content=\"UA-38556648-1\" \/>\n\t<meta name=\"keywords\" content=\"noticias y actualidad\" \/>\n\t<link rel=\"canonical\" href=\"https:\/\/eldigitaldeasturias.com\/magazine365\/maribel-verdu-recibira-el-premio-malaga-en-el-festival-de-cine-espanol\/\" \/>\n\t<meta name=\"generator\" content=\"All in One SEO Pro (AIOSEO) 4.9.6.1\" \/>\n\t\t<meta property=\"og:locale\" content=\"es_ES\" \/>\n\t\t<meta property=\"og:site_name\" content=\"El Digital de Asturias \u2013 Revista de ocio, turismo y estilo de vida\" \/>\n\t\t<meta property=\"og:type\" content=\"article\" \/>\n\t\t<meta property=\"og:title\" content=\"Maribel Verd\u00fa recibir\u00e1 el Premio M\u00e1laga en el Festival de Cine Espa\u00f1ol | El Digital de Asturias\" \/>\n\t\t<meta property=\"og:description\" content=\"M\u00e1laga, 10 ene (EFE).- La actriz Maribel Verd\u00fa recibir\u00e1 el Premio M\u00e1laga, m\u00e1ximo galard\u00f3n honor\u00edfico del Festival de Cine Espa\u00f1ol, durante la decimos\u00e9ptima edici\u00f3n del certamen malague\u00f1o, que se celebrar\u00e1 del 21 al 29 de marzo. Maribel Verd\u00fa comenz\u00f3 su carrera a los 13 a\u00f1os de la mano de Vicente Aranda con &quot;El crimen del\" \/>\n\t\t<meta property=\"og:url\" content=\"https:\/\/eldigitaldeasturias.com\/magazine365\/maribel-verdu-recibira-el-premio-malaga-en-el-festival-de-cine-espanol\/\" \/>\n\t\t<meta property=\"og:image\" content=\"https:\/\/eldigitaldeasturias.com\/magazine365\/wp-content\/uploads\/2014\/01\/5840410w.jpg\" \/>\n\t\t<meta property=\"og:image:secure_url\" content=\"https:\/\/eldigitaldeasturias.com\/magazine365\/wp-content\/uploads\/2014\/01\/5840410w.jpg\" \/>\n\t\t<meta property=\"og:image:width\" content=\"800\" \/>\n\t\t<meta property=\"og:image:height\" content=\"525\" \/>\n\t\t<meta property=\"article:published_time\" content=\"2014-01-10T18:48:17+00:00\" \/>\n\t\t<meta property=\"article:modified_time\" content=\"2014-01-10T18:48:17+00:00\" \/>\n\t\t<meta name=\"twitter:card\" content=\"summary_large_image\" \/>\n\t\t<meta name=\"twitter:title\" content=\"Maribel Verd\u00fa recibir\u00e1 el Premio M\u00e1laga en el Festival de Cine Espa\u00f1ol | El Digital de Asturias\" \/>\n\t\t<meta name=\"twitter:description\" content=\"M\u00e1laga, 10 ene (EFE).- La actriz Maribel Verd\u00fa recibir\u00e1 el Premio M\u00e1laga, m\u00e1ximo galard\u00f3n honor\u00edfico del Festival de Cine Espa\u00f1ol, durante la decimos\u00e9ptima edici\u00f3n del certamen malague\u00f1o, que se celebrar\u00e1 del 21 al 29 de marzo. Maribel Verd\u00fa comenz\u00f3 su carrera a los 13 a\u00f1os de la mano de Vicente Aranda con &quot;El crimen del\" \/>\n\t\t<meta name=\"twitter:image\" content=\"https:\/\/eldigitaldeasturias.com\/magazine365\/wp-content\/uploads\/2014\/01\/5840410w.jpg\" \/>\n\t\t<script type=\"application\/ld+json\" class=\"aioseo-schema\">\n\t\t\t{\"@context\":\"https:\\\/\\\/schema.org\",\"@graph\":[{\"@type\":\"Article\",\"@id\":\"https:\\\/\\\/eldigitaldeasturias.com\\\/magazine365\\\/maribel-verdu-recibira-el-premio-malaga-en-el-festival-de-cine-espanol\\\/#article\",\"name\":\"Maribel Verd\\u00fa recibir\\u00e1 el Premio M\\u00e1laga en el Festival de Cine Espa\\u00f1ol | El Digital de Asturias\",\"headline\":\"Maribel Verd\\u00fa recibir\\u00e1 el Premio M\\u00e1laga en el Festival de Cine Espa\\u00f1ol\",\"author\":{\"@id\":\"https:\\\/\\\/eldigitaldeasturias.com\\\/magazine365\\\/author\\\/admin\\\/#author\"},\"publisher\":{\"@id\":\"https:\\\/\\\/eldigitaldeasturias.com\\\/magazine365\\\/#organization\"},\"image\":{\"@type\":\"ImageObject\",\"url\":\"https:\\\/\\\/eldigitaldeasturias.com\\\/magazine365\\\/wp-content\\\/uploads\\\/2014\\\/01\\\/5840410w.jpg\",\"width\":800,\"height\":525},\"datePublished\":\"2014-01-10T17:48:17+01:00\",\"dateModified\":\"2014-01-10T17:48:17+01:00\",\"inLanguage\":\"es-ES\",\"mainEntityOfPage\":{\"@id\":\"https:\\\/\\\/eldigitaldeasturias.com\\\/magazine365\\\/maribel-verdu-recibira-el-premio-malaga-en-el-festival-de-cine-espanol\\\/#webpage\"},\"isPartOf\":{\"@id\":\"https:\\\/\\\/eldigitaldeasturias.com\\\/magazine365\\\/maribel-verdu-recibira-el-premio-malaga-en-el-festival-de-cine-espanol\\\/#webpage\"},\"articleSection\":\"Noticias y Actualidad\"},{\"@type\":\"BreadcrumbList\",\"@id\":\"https:\\\/\\\/eldigitaldeasturias.com\\\/magazine365\\\/maribel-verdu-recibira-el-premio-malaga-en-el-festival-de-cine-espanol\\\/#breadcrumblist\",\"itemListElement\":[{\"@type\":\"ListItem\",\"@id\":\"https:\\\/\\\/eldigitaldeasturias.com\\\/magazine365#listItem\",\"position\":1,\"name\":\"Home\",\"item\":\"https:\\\/\\\/eldigitaldeasturias.com\\\/magazine365\",\"nextItem\":{\"@type\":\"ListItem\",\"@id\":\"https:\\\/\\\/eldigitaldeasturias.com\\\/magazine365\\\/category\\\/noticias-actualidad\\\/#listItem\",\"name\":\"Noticias y Actualidad\"}},{\"@type\":\"ListItem\",\"@id\":\"https:\\\/\\\/eldigitaldeasturias.com\\\/magazine365\\\/category\\\/noticias-actualidad\\\/#listItem\",\"position\":2,\"name\":\"Noticias y Actualidad\",\"item\":\"https:\\\/\\\/eldigitaldeasturias.com\\\/magazine365\\\/category\\\/noticias-actualidad\\\/\",\"nextItem\":{\"@type\":\"ListItem\",\"@id\":\"https:\\\/\\\/eldigitaldeasturias.com\\\/magazine365\\\/maribel-verdu-recibira-el-premio-malaga-en-el-festival-de-cine-espanol\\\/#listItem\",\"name\":\"Maribel Verd\\u00fa recibir\\u00e1 el Premio M\\u00e1laga en el Festival de Cine Espa\\u00f1ol\"},\"previousItem\":{\"@type\":\"ListItem\",\"@id\":\"https:\\\/\\\/eldigitaldeasturias.com\\\/magazine365#listItem\",\"name\":\"Home\"}},{\"@type\":\"ListItem\",\"@id\":\"https:\\\/\\\/eldigitaldeasturias.com\\\/magazine365\\\/maribel-verdu-recibira-el-premio-malaga-en-el-festival-de-cine-espanol\\\/#listItem\",\"position\":3,\"name\":\"Maribel Verd\\u00fa recibir\\u00e1 el Premio M\\u00e1laga en el Festival de Cine Espa\\u00f1ol\",\"previousItem\":{\"@type\":\"ListItem\",\"@id\":\"https:\\\/\\\/eldigitaldeasturias.com\\\/magazine365\\\/category\\\/noticias-actualidad\\\/#listItem\",\"name\":\"Noticias y Actualidad\"}}]},{\"@type\":\"Organization\",\"@id\":\"https:\\\/\\\/eldigitaldeasturias.com\\\/magazine365\\\/#organization\",\"name\":\"El digital de Asturias\",\"description\":\"Revista de ocio, turismo y estilo de vida\",\"url\":\"https:\\\/\\\/eldigitaldeasturias.com\\\/magazine365\\\/\",\"logo\":{\"@type\":\"ImageObject\",\"url\":\"https:\\\/\\\/www.eldigitaldeasturias.com\\\/noticias\\\/wp-content\\\/uploads\\\/2020\\\/12\\\/EDA.jpg\",\"@id\":\"https:\\\/\\\/eldigitaldeasturias.com\\\/magazine365\\\/maribel-verdu-recibira-el-premio-malaga-en-el-festival-de-cine-espanol\\\/#organizationLogo\"},\"image\":{\"@id\":\"https:\\\/\\\/eldigitaldeasturias.com\\\/magazine365\\\/maribel-verdu-recibira-el-premio-malaga-en-el-festival-de-cine-espanol\\\/#organizationLogo\"}},{\"@type\":\"Person\",\"@id\":\"https:\\\/\\\/eldigitaldeasturias.com\\\/magazine365\\\/author\\\/admin\\\/#author\",\"url\":\"https:\\\/\\\/eldigitaldeasturias.com\\\/magazine365\\\/author\\\/admin\\\/\",\"name\":\"admin\",\"image\":{\"@type\":\"ImageObject\",\"@id\":\"https:\\\/\\\/eldigitaldeasturias.com\\\/magazine365\\\/maribel-verdu-recibira-el-premio-malaga-en-el-festival-de-cine-espanol\\\/#authorImage\",\"url\":\"https:\\\/\\\/eldigitaldeasturias.com\\\/magazine365\\\/wp-content\\\/litespeed\\\/avatar\\\/e571bcf59a0edd6fa6838245a470f2fe.jpg?ver=1776969259\",\"width\":96,\"height\":96,\"caption\":\"admin\"}},{\"@type\":\"WebPage\",\"@id\":\"https:\\\/\\\/eldigitaldeasturias.com\\\/magazine365\\\/maribel-verdu-recibira-el-premio-malaga-en-el-festival-de-cine-espanol\\\/#webpage\",\"url\":\"https:\\\/\\\/eldigitaldeasturias.com\\\/magazine365\\\/maribel-verdu-recibira-el-premio-malaga-en-el-festival-de-cine-espanol\\\/\",\"name\":\"Maribel Verd\\u00fa recibir\\u00e1 el Premio M\\u00e1laga en el Festival de Cine Espa\\u00f1ol | El Digital de Asturias\",\"description\":\"M\\u00e1laga, 10 ene (EFE).- La actriz Maribel Verd\\u00fa recibir\\u00e1 el Premio M\\u00e1laga, m\\u00e1ximo galard\\u00f3n honor\\u00edfico del Festival de Cine Espa\\u00f1ol, durante la decimos\\u00e9ptima edici\\u00f3n del certamen malague\\u00f1o, que se celebrar\\u00e1 del 21 al 29 de marzo. Maribel Verd\\u00fa comenz\\u00f3 su carrera a los 13 a\\u00f1os de la mano de Vicente Aranda con \\\"El crimen del\",\"inLanguage\":\"es-ES\",\"isPartOf\":{\"@id\":\"https:\\\/\\\/eldigitaldeasturias.com\\\/magazine365\\\/#website\"},\"breadcrumb\":{\"@id\":\"https:\\\/\\\/eldigitaldeasturias.com\\\/magazine365\\\/maribel-verdu-recibira-el-premio-malaga-en-el-festival-de-cine-espanol\\\/#breadcrumblist\"},\"author\":{\"@id\":\"https:\\\/\\\/eldigitaldeasturias.com\\\/magazine365\\\/author\\\/admin\\\/#author\"},\"creator\":{\"@id\":\"https:\\\/\\\/eldigitaldeasturias.com\\\/magazine365\\\/author\\\/admin\\\/#author\"},\"image\":{\"@type\":\"ImageObject\",\"url\":\"https:\\\/\\\/eldigitaldeasturias.com\\\/magazine365\\\/wp-content\\\/uploads\\\/2014\\\/01\\\/5840410w.jpg\",\"@id\":\"https:\\\/\\\/eldigitaldeasturias.com\\\/magazine365\\\/maribel-verdu-recibira-el-premio-malaga-en-el-festival-de-cine-espanol\\\/#mainImage\",\"width\":800,\"height\":525},\"primaryImageOfPage\":{\"@id\":\"https:\\\/\\\/eldigitaldeasturias.com\\\/magazine365\\\/maribel-verdu-recibira-el-premio-malaga-en-el-festival-de-cine-espanol\\\/#mainImage\"},\"datePublished\":\"2014-01-10T17:48:17+01:00\",\"dateModified\":\"2014-01-10T17:48:17+01:00\"},{\"@type\":\"WebSite\",\"@id\":\"https:\\\/\\\/eldigitaldeasturias.com\\\/magazine365\\\/#website\",\"url\":\"https:\\\/\\\/eldigitaldeasturias.com\\\/magazine365\\\/\",\"name\":\"El Digital de Asturias\",\"description\":\"Revista de ocio, turismo y estilo de vida\",\"inLanguage\":\"es-ES\",\"publisher\":{\"@id\":\"https:\\\/\\\/eldigitaldeasturias.com\\\/magazine365\\\/#organization\"}}]}\n\t\t<\/script>\n\t\t<!-- All in One SEO Pro -->\r\n\t\t<title>Maribel Verd\u00fa recibir\u00e1 el Premio M\u00e1laga en el Festival de Cine Espa\u00f1ol | El Digital de Asturias<\/title>\n\n","aioseo_head_json":{"title":"Maribel Verd\u00fa recibir\u00e1 el Premio M\u00e1laga en el Festival de Cine Espa\u00f1ol | El Digital de Asturias","description":"M\u00e1laga, 10 ene (EFE).- La actriz Maribel Verd\u00fa recibir\u00e1 el Premio M\u00e1laga, m\u00e1ximo galard\u00f3n honor\u00edfico del Festival de Cine Espa\u00f1ol, durante la decimos\u00e9ptima edici\u00f3n del certamen malague\u00f1o, que se celebrar\u00e1 del 21 al 29 de marzo. Maribel Verd\u00fa comenz\u00f3 su carrera a los 13 a\u00f1os de la mano de Vicente Aranda con \"El crimen del","canonical_url":"https:\/\/eldigitaldeasturias.com\/magazine365\/maribel-verdu-recibira-el-premio-malaga-en-el-festival-de-cine-espanol\/","robots":"max-image-preview:large","keywords":"noticias y actualidad","webmasterTools":{"google-site-verification":"UA-38556648-1","miscellaneous":""},"schema":{"@context":"https:\/\/schema.org","@graph":[{"@type":"Article","@id":"https:\/\/eldigitaldeasturias.com\/magazine365\/maribel-verdu-recibira-el-premio-malaga-en-el-festival-de-cine-espanol\/#article","name":"Maribel Verd\u00fa recibir\u00e1 el Premio M\u00e1laga en el Festival de Cine Espa\u00f1ol | El Digital de Asturias","headline":"Maribel Verd\u00fa recibir\u00e1 el Premio M\u00e1laga en el Festival de Cine Espa\u00f1ol","author":{"@id":"https:\/\/eldigitaldeasturias.com\/magazine365\/author\/admin\/#author"},"publisher":{"@id":"https:\/\/eldigitaldeasturias.com\/magazine365\/#organization"},"image":{"@type":"ImageObject","url":"https:\/\/eldigitaldeasturias.com\/magazine365\/wp-content\/uploads\/2014\/01\/5840410w.jpg","width":800,"height":525},"datePublished":"2014-01-10T17:48:17+01:00","dateModified":"2014-01-10T17:48:17+01:00","inLanguage":"es-ES","mainEntityOfPage":{"@id":"https:\/\/eldigitaldeasturias.com\/magazine365\/maribel-verdu-recibira-el-premio-malaga-en-el-festival-de-cine-espanol\/#webpage"},"isPartOf":{"@id":"https:\/\/eldigitaldeasturias.com\/magazine365\/maribel-verdu-recibira-el-premio-malaga-en-el-festival-de-cine-espanol\/#webpage"},"articleSection":"Noticias y Actualidad"},{"@type":"BreadcrumbList","@id":"https:\/\/eldigitaldeasturias.com\/magazine365\/maribel-verdu-recibira-el-premio-malaga-en-el-festival-de-cine-espanol\/#breadcrumblist","itemListElement":[{"@type":"ListItem","@id":"https:\/\/eldigitaldeasturias.com\/magazine365#listItem","position":1,"name":"Home","item":"https:\/\/eldigitaldeasturias.com\/magazine365","nextItem":{"@type":"ListItem","@id":"https:\/\/eldigitaldeasturias.com\/magazine365\/category\/noticias-actualidad\/#listItem","name":"Noticias y Actualidad"}},{"@type":"ListItem","@id":"https:\/\/eldigitaldeasturias.com\/magazine365\/category\/noticias-actualidad\/#listItem","position":2,"name":"Noticias y Actualidad","item":"https:\/\/eldigitaldeasturias.com\/magazine365\/category\/noticias-actualidad\/","nextItem":{"@type":"ListItem","@id":"https:\/\/eldigitaldeasturias.com\/magazine365\/maribel-verdu-recibira-el-premio-malaga-en-el-festival-de-cine-espanol\/#listItem","name":"Maribel Verd\u00fa recibir\u00e1 el Premio M\u00e1laga en el Festival de Cine Espa\u00f1ol"},"previousItem":{"@type":"ListItem","@id":"https:\/\/eldigitaldeasturias.com\/magazine365#listItem","name":"Home"}},{"@type":"ListItem","@id":"https:\/\/eldigitaldeasturias.com\/magazine365\/maribel-verdu-recibira-el-premio-malaga-en-el-festival-de-cine-espanol\/#listItem","position":3,"name":"Maribel Verd\u00fa recibir\u00e1 el Premio M\u00e1laga en el Festival de Cine Espa\u00f1ol","previousItem":{"@type":"ListItem","@id":"https:\/\/eldigitaldeasturias.com\/magazine365\/category\/noticias-actualidad\/#listItem","name":"Noticias y Actualidad"}}]},{"@type":"Organization","@id":"https:\/\/eldigitaldeasturias.com\/magazine365\/#organization","name":"El digital de Asturias","description":"Revista de ocio, turismo y estilo de vida","url":"https:\/\/eldigitaldeasturias.com\/magazine365\/","logo":{"@type":"ImageObject","url":"https:\/\/www.eldigitaldeasturias.com\/noticias\/wp-content\/uploads\/2020\/12\/EDA.jpg","@id":"https:\/\/eldigitaldeasturias.com\/magazine365\/maribel-verdu-recibira-el-premio-malaga-en-el-festival-de-cine-espanol\/#organizationLogo"},"image":{"@id":"https:\/\/eldigitaldeasturias.com\/magazine365\/maribel-verdu-recibira-el-premio-malaga-en-el-festival-de-cine-espanol\/#organizationLogo"}},{"@type":"Person","@id":"https:\/\/eldigitaldeasturias.com\/magazine365\/author\/admin\/#author","url":"https:\/\/eldigitaldeasturias.com\/magazine365\/author\/admin\/","name":"admin","image":{"@type":"ImageObject","@id":"https:\/\/eldigitaldeasturias.com\/magazine365\/maribel-verdu-recibira-el-premio-malaga-en-el-festival-de-cine-espanol\/#authorImage","url":"https:\/\/eldigitaldeasturias.com\/magazine365\/wp-content\/litespeed\/avatar\/e571bcf59a0edd6fa6838245a470f2fe.jpg?ver=1776969259","width":96,"height":96,"caption":"admin"}},{"@type":"WebPage","@id":"https:\/\/eldigitaldeasturias.com\/magazine365\/maribel-verdu-recibira-el-premio-malaga-en-el-festival-de-cine-espanol\/#webpage","url":"https:\/\/eldigitaldeasturias.com\/magazine365\/maribel-verdu-recibira-el-premio-malaga-en-el-festival-de-cine-espanol\/","name":"Maribel Verd\u00fa recibir\u00e1 el Premio M\u00e1laga en el Festival de Cine Espa\u00f1ol | El Digital de Asturias","description":"M\u00e1laga, 10 ene (EFE).- La actriz Maribel Verd\u00fa recibir\u00e1 el Premio M\u00e1laga, m\u00e1ximo galard\u00f3n honor\u00edfico del Festival de Cine Espa\u00f1ol, durante la decimos\u00e9ptima edici\u00f3n del certamen malague\u00f1o, que se celebrar\u00e1 del 21 al 29 de marzo. Maribel Verd\u00fa comenz\u00f3 su carrera a los 13 a\u00f1os de la mano de Vicente Aranda con \"El crimen del","inLanguage":"es-ES","isPartOf":{"@id":"https:\/\/eldigitaldeasturias.com\/magazine365\/#website"},"breadcrumb":{"@id":"https:\/\/eldigitaldeasturias.com\/magazine365\/maribel-verdu-recibira-el-premio-malaga-en-el-festival-de-cine-espanol\/#breadcrumblist"},"author":{"@id":"https:\/\/eldigitaldeasturias.com\/magazine365\/author\/admin\/#author"},"creator":{"@id":"https:\/\/eldigitaldeasturias.com\/magazine365\/author\/admin\/#author"},"image":{"@type":"ImageObject","url":"https:\/\/eldigitaldeasturias.com\/magazine365\/wp-content\/uploads\/2014\/01\/5840410w.jpg","@id":"https:\/\/eldigitaldeasturias.com\/magazine365\/maribel-verdu-recibira-el-premio-malaga-en-el-festival-de-cine-espanol\/#mainImage","width":800,"height":525},"primaryImageOfPage":{"@id":"https:\/\/eldigitaldeasturias.com\/magazine365\/maribel-verdu-recibira-el-premio-malaga-en-el-festival-de-cine-espanol\/#mainImage"},"datePublished":"2014-01-10T17:48:17+01:00","dateModified":"2014-01-10T17:48:17+01:00"},{"@type":"WebSite","@id":"https:\/\/eldigitaldeasturias.com\/magazine365\/#website","url":"https:\/\/eldigitaldeasturias.com\/magazine365\/","name":"El Digital de Asturias","description":"Revista de ocio, turismo y estilo de vida","inLanguage":"es-ES","publisher":{"@id":"https:\/\/eldigitaldeasturias.com\/magazine365\/#organization"}}]},"og:locale":"es_ES","og:site_name":"El Digital de Asturias \u2013 Revista de ocio, turismo y estilo de vida","og:type":"article","og:title":"Maribel Verd\u00fa recibir\u00e1 el Premio M\u00e1laga en el Festival de Cine Espa\u00f1ol | El Digital de Asturias","og:description":"M\u00e1laga, 10 ene (EFE).- La actriz Maribel Verd\u00fa recibir\u00e1 el Premio M\u00e1laga, m\u00e1ximo galard\u00f3n honor\u00edfico del Festival de Cine Espa\u00f1ol, durante la decimos\u00e9ptima edici\u00f3n del certamen malague\u00f1o, que se celebrar\u00e1 del 21 al 29 de marzo. Maribel Verd\u00fa comenz\u00f3 su carrera a los 13 a\u00f1os de la mano de Vicente Aranda con &quot;El crimen del","og:url":"https:\/\/eldigitaldeasturias.com\/magazine365\/maribel-verdu-recibira-el-premio-malaga-en-el-festival-de-cine-espanol\/","og:image":"https:\/\/eldigitaldeasturias.com\/magazine365\/wp-content\/uploads\/2014\/01\/5840410w.jpg","og:image:secure_url":"https:\/\/eldigitaldeasturias.com\/magazine365\/wp-content\/uploads\/2014\/01\/5840410w.jpg","og:image:width":800,"og:image:height":525,"article:published_time":"2014-01-10T18:48:17+00:00","article:modified_time":"2014-01-10T18:48:17+00:00","twitter:card":"summary_large_image","twitter:title":"Maribel Verd\u00fa recibir\u00e1 el Premio M\u00e1laga en el Festival de Cine Espa\u00f1ol | El Digital de Asturias","twitter:description":"M\u00e1laga, 10 ene (EFE).- La actriz Maribel Verd\u00fa recibir\u00e1 el Premio M\u00e1laga, m\u00e1ximo galard\u00f3n honor\u00edfico del Festival de Cine Espa\u00f1ol, durante la decimos\u00e9ptima edici\u00f3n del certamen malague\u00f1o, que se celebrar\u00e1 del 21 al 29 de marzo. Maribel Verd\u00fa comenz\u00f3 su carrera a los 13 a\u00f1os de la mano de Vicente Aranda con &quot;El crimen del","twitter:image":"https:\/\/eldigitaldeasturias.com\/magazine365\/wp-content\/uploads\/2014\/01\/5840410w.jpg"},"aioseo_meta_data":{"post_id":"649","title":null,"description":null,"keywords":null,"keyphrases":null,"primary_term":null,"canonical_url":null,"og_title":null,"og_description":null,"og_object_type":"default","og_image_type":"default","og_image_url":null,"og_image_width":null,"og_image_height":null,"og_image_custom_url":null,"og_image_custom_fields":null,"og_video":null,"og_custom_url":null,"og_article_section":null,"og_article_tags":null,"twitter_use_og":false,"twitter_card":"default","twitter_image_type":"default","twitter_image_url":null,"twitter_image_custom_url":null,"twitter_image_custom_fields":null,"twitter_title":null,"twitter_description":null,"schema":{"blockGraphs":[],"customGraphs":[],"default":{"data":{"Article":[],"Course":[],"Dataset":[],"FAQPage":[],"Movie":[],"Person":[],"Product":[],"ProductReview":[],"Car":[],"Recipe":[],"Service":[],"SoftwareApplication":[],"WebPage":[]},"graphName":"","isEnabled":true},"graphs":[],"defaultGraph":"","defaultPostTypeGraph":""},"schema_type":null,"schema_type_options":null,"pillar_content":false,"robots_default":true,"robots_noindex":false,"robots_noarchive":false,"robots_nosnippet":false,"robots_nofollow":false,"robots_noimageindex":false,"robots_noodp":false,"robots_notranslate":false,"robots_max_snippet":null,"robots_max_videopreview":null,"robots_max_imagepreview":"large","priority":null,"frequency":null,"location":null,"local_seo":null,"seo_analyzer_scan_date":"2025-09-16 07:56:59","breadcrumb_settings":null,"limit_modified_date":false,"open_ai":null,"ai":null,"created":"2020-12-21 13:33:33","updated":"2025-09-16 07:56:59"},"aioseo_breadcrumb":"<div class=\"aioseo-breadcrumbs\"><span class=\"aioseo-breadcrumb\">\n\t<a href=\"https:\/\/eldigitaldeasturias.com\/magazine365\" title=\"Home\">Home<\/a>\n<\/span><span class=\"aioseo-breadcrumb-separator\">\u2013<\/span><span class=\"aioseo-breadcrumb\">\n\t<a href=\"https:\/\/eldigitaldeasturias.com\/magazine365\/category\/noticias-actualidad\/\" title=\"Noticias y Actualidad\">Noticias y Actualidad<\/a>\n<\/span><span class=\"aioseo-breadcrumb-separator\">\u2013<\/span><span class=\"aioseo-breadcrumb\">\n\t<a href=\"https:\/\/eldigitaldeasturias.com\/magazine365\/maribel-verdu-recibira-el-premio-malaga-en-el-festival-de-cine-espanol\/\" title=\"Maribel Verd\u00fa recibir\u00e1 el Premio M\u00e1laga en el Festival de Cine Espa\u00f1ol\">Maribel Verd\u00fa recibir\u00e1 el Premio M\u00e1laga en el Festival de Cine Espa\u00f1ol<\/a>\n<\/span><\/div>","aioseo_breadcrumb_json":[{"label":"Home","link":"https:\/\/eldigitaldeasturias.com\/magazine365"},{"label":"Noticias y Actualidad","link":"https:\/\/eldigitaldeasturias.com\/magazine365\/category\/noticias-actualidad\/"},{"label":"Maribel Verd\u00fa recibir\u00e1 el Premio M\u00e1laga en el Festival de Cine Espa\u00f1ol","link":"https:\/\/eldigitaldeasturias.com\/magazine365\/maribel-verdu-recibira-el-premio-malaga-en-el-festival-de-cine-espanol\/"}],"_links":{"self":[{"href":"https:\/\/eldigitaldeasturias.com\/magazine365\/wp-json\/wp\/v2\/posts\/649","targetHints":{"allow":["GET"]}}],"collection":[{"href":"https:\/\/eldigitaldeasturias.com\/magazine365\/wp-json\/wp\/v2\/posts"}],"about":[{"href":"https:\/\/eldigitaldeasturias.com\/magazine365\/wp-json\/wp\/v2\/types\/post"}],"author":[{"embeddable":true,"href":"https:\/\/eldigitaldeasturias.com\/magazine365\/wp-json\/wp\/v2\/users\/1"}],"replies":[{"embeddable":true,"href":"https:\/\/eldigitaldeasturias.com\/magazine365\/wp-json\/wp\/v2\/comments?post=649"}],"version-history":[{"count":0,"href":"https:\/\/eldigitaldeasturias.com\/magazine365\/wp-json\/wp\/v2\/posts\/649\/revisions"}],"wp:featuredmedia":[{"embeddable":true,"href":"https:\/\/eldigitaldeasturias.com\/magazine365\/wp-json\/wp\/v2\/media\/650"}],"wp:attachment":[{"href":"https:\/\/eldigitaldeasturias.com\/magazine365\/wp-json\/wp\/v2\/media?parent=649"}],"wp:term":[{"taxonomy":"category","embeddable":true,"href":"https:\/\/eldigitaldeasturias.com\/magazine365\/wp-json\/wp\/v2\/categories?post=649"},{"taxonomy":"post_tag","embeddable":true,"href":"https:\/\/eldigitaldeasturias.com\/magazine365\/wp-json\/wp\/v2\/tags?post=649"}],"curies":[{"name":"wp","href":"https:\/\/api.w.org\/{rel}","templated":true}]}}