{"id":646,"date":"2014-01-10T17:46:35","date_gmt":"2014-01-10T18:46:35","guid":{"rendered":"http:\/\/eldigitaldeasturias.com\/magazine365\/?p=646"},"modified":"2014-01-10T17:46:35","modified_gmt":"2014-01-10T18:46:35","slug":"fira-de-barcelona-organizara-el-salon-de-moda-nupcial-barcelona-bridal-week","status":"publish","type":"post","link":"https:\/\/eldigitaldeasturias.com\/magazine365\/fira-de-barcelona-organizara-el-salon-de-moda-nupcial-barcelona-bridal-week\/","title":{"rendered":"Fira de Barcelona organizar\u00e1 el sal\u00f3n de moda nupcial Barcelona Bridal Week"},"content":{"rendered":"<p><img fetchpriority=\"high\" decoding=\"async\" class=\"alignleft size-medium wp-image-647\" alt=\"5840352w\" src=\"https:\/\/eldigitaldeasturias.com\/magazine365\/wp-content\/uploads\/2014\/01\/5840352w-360x199.jpg\" width=\"360\" height=\"199\" srcset=\"https:\/\/eldigitaldeasturias.com\/magazine365\/wp-content\/uploads\/2014\/01\/5840352w-360x199.jpg 360w, https:\/\/eldigitaldeasturias.com\/magazine365\/wp-content\/uploads\/2014\/01\/5840352w-650x360.jpg 650w, https:\/\/eldigitaldeasturias.com\/magazine365\/wp-content\/uploads\/2014\/01\/5840352w-768x425.jpg 768w, https:\/\/eldigitaldeasturias.com\/magazine365\/wp-content\/uploads\/2014\/01\/5840352w-150x83.jpg 150w, https:\/\/eldigitaldeasturias.com\/magazine365\/wp-content\/uploads\/2014\/01\/5840352w-450x249.jpg 450w, https:\/\/eldigitaldeasturias.com\/magazine365\/wp-content\/uploads\/2014\/01\/5840352w.jpg 800w\" sizes=\"(max-width: 360px) 100vw, 360px\" \/>Barcelona, 10 ene (EFE).- Fira de Barcelona organizar\u00e1 la Barcelona Bridal Week tras el acuerdo alcanzado con la Asociaci\u00f3n Moda Barcelona y Flaqu\u00e9 Internacional, que ha preparado el evento durante 23 ediciones, y en mayo de este a\u00f1o ya organizar\u00e1 el sal\u00f3n Noviaespa\u00f1a y la Pasarela Gaud\u00ed Novias.<\/p>\n<p>Seg\u00fan ha informado hoy Fira de Barcelona, la entidad ser\u00e1 a partir de ahora la responsable de la organizaci\u00f3n de estas citas de moda nupcial, que ya se hab\u00edan celebrado en el recinto de Fira en distintas ediciones, con el objetivo de consolidar el certamen como referente de un sector de gran importancia en el pa\u00eds e impulsar su internacionalizaci\u00f3n.<\/p>\n<p>Barcelona Bridal Week seguir\u00e1 contando con el apoyo de la Generalitat de Catalu\u00f1a y el Ayuntamiento de Barcelona.<\/p>\n<p>Fira de Barcelona suma este nuevo certamen a su oferta para el a\u00f1o 2014, en el que est\u00e1 previsto que se organicen m\u00e1s de 55 salones y eventos, como Alimentaria, Mobile World Congress o Expoquimia, entre otros.<\/p>\n<p>En su \u00faltima edici\u00f3n, Noviaespa\u00f1a reuni\u00f3 a m\u00e1s de 16.000 visitantes profesionales, un 60 % de los cuales eran extranjeros, y estuvieron presentes 200 marcas l\u00edderes mundiales, mientras que la Pasarela Gaud\u00ed Novias recibi\u00f3 a 9.300 personas.<\/p>\n<p>El sal\u00f3n Noviaespa\u00f1a se celebrar\u00e1 entre el 9 y el 11 de mayo y los desfiles de la Pasarela Gaud\u00ed Novias se podr\u00e1n ver entre el 6 y el 9 de mayo.<\/p>\n","protected":false},"excerpt":{"rendered":"<p>Barcelona, 10 ene (EFE).- Fira de Barcelona organizar\u00e1 la Barcelona Bridal Week tras el acuerdo alcanzado con la Asociaci\u00f3n Moda Barcelona y Flaqu\u00e9 Internacional, que ha preparado el evento durante 23 ediciones, y en mayo de este a\u00f1o ya organizar\u00e1 el sal\u00f3n Noviaespa\u00f1a y la Pasarela Gaud\u00ed Novias. Seg\u00fan ha informado hoy Fira de Barcelona,<\/p>\n","protected":false},"author":1,"featured_media":647,"comment_status":"open","ping_status":"open","sticky":false,"template":"","format":"standard","meta":{"footnotes":""},"categories":[225],"tags":[],"class_list":{"0":"post-646","1":"post","2":"type-post","3":"status-publish","4":"format-standard","5":"has-post-thumbnail","7":"category-moda"},"aioseo_notices":[],"aioseo_head":"\n\t\t<!-- All in One SEO Pro 4.9.6.1 - aioseo.com -->\n\t<meta name=\"description\" content=\"Barcelona, 10 ene (EFE).- Fira de Barcelona organizar\u00e1 la Barcelona Bridal Week tras el acuerdo alcanzado con la Asociaci\u00f3n Moda Barcelona y Flaqu\u00e9 Internacional, que ha preparado el evento durante 23 ediciones, y en mayo de este a\u00f1o ya organizar\u00e1 el sal\u00f3n Noviaespa\u00f1a y la Pasarela Gaud\u00ed Novias. Seg\u00fan ha informado hoy Fira de Barcelona,\" \/>\n\t<meta name=\"robots\" content=\"max-image-preview:large\" \/>\n\t<meta name=\"author\" content=\"admin\"\/>\n\t<meta name=\"google-site-verification\" content=\"UA-38556648-1\" \/>\n\t<meta name=\"keywords\" content=\"moda\" \/>\n\t<link rel=\"canonical\" href=\"https:\/\/eldigitaldeasturias.com\/magazine365\/fira-de-barcelona-organizara-el-salon-de-moda-nupcial-barcelona-bridal-week\/\" \/>\n\t<meta name=\"generator\" content=\"All in One SEO Pro (AIOSEO) 4.9.6.1\" \/>\n\t\t<meta property=\"og:locale\" content=\"es_ES\" \/>\n\t\t<meta property=\"og:site_name\" content=\"El Digital de Asturias \u2013 Revista de ocio, turismo y estilo de vida\" \/>\n\t\t<meta property=\"og:type\" content=\"article\" \/>\n\t\t<meta property=\"og:title\" content=\"Fira de Barcelona organizar\u00e1 el sal\u00f3n de moda nupcial Barcelona Bridal Week | El Digital de Asturias\" \/>\n\t\t<meta property=\"og:description\" content=\"Barcelona, 10 ene (EFE).- Fira de Barcelona organizar\u00e1 la Barcelona Bridal Week tras el acuerdo alcanzado con la Asociaci\u00f3n Moda Barcelona y Flaqu\u00e9 Internacional, que ha preparado el evento durante 23 ediciones, y en mayo de este a\u00f1o ya organizar\u00e1 el sal\u00f3n Noviaespa\u00f1a y la Pasarela Gaud\u00ed Novias. Seg\u00fan ha informado hoy Fira de Barcelona,\" \/>\n\t\t<meta property=\"og:url\" content=\"https:\/\/eldigitaldeasturias.com\/magazine365\/fira-de-barcelona-organizara-el-salon-de-moda-nupcial-barcelona-bridal-week\/\" \/>\n\t\t<meta property=\"og:image\" content=\"https:\/\/eldigitaldeasturias.com\/magazine365\/wp-content\/uploads\/2014\/01\/5840352w.jpg\" \/>\n\t\t<meta property=\"og:image:secure_url\" content=\"https:\/\/eldigitaldeasturias.com\/magazine365\/wp-content\/uploads\/2014\/01\/5840352w.jpg\" \/>\n\t\t<meta property=\"og:image:width\" content=\"800\" \/>\n\t\t<meta property=\"og:image:height\" content=\"443\" \/>\n\t\t<meta property=\"article:published_time\" content=\"2014-01-10T18:46:35+00:00\" \/>\n\t\t<meta property=\"article:modified_time\" content=\"2014-01-10T18:46:35+00:00\" \/>\n\t\t<meta name=\"twitter:card\" content=\"summary_large_image\" \/>\n\t\t<meta name=\"twitter:title\" content=\"Fira de Barcelona organizar\u00e1 el sal\u00f3n de moda nupcial Barcelona Bridal Week | El Digital de Asturias\" \/>\n\t\t<meta name=\"twitter:description\" content=\"Barcelona, 10 ene (EFE).- Fira de Barcelona organizar\u00e1 la Barcelona Bridal Week tras el acuerdo alcanzado con la Asociaci\u00f3n Moda Barcelona y Flaqu\u00e9 Internacional, que ha preparado el evento durante 23 ediciones, y en mayo de este a\u00f1o ya organizar\u00e1 el sal\u00f3n Noviaespa\u00f1a y la Pasarela Gaud\u00ed Novias. Seg\u00fan ha informado hoy Fira de Barcelona,\" \/>\n\t\t<meta name=\"twitter:image\" content=\"https:\/\/eldigitaldeasturias.com\/magazine365\/wp-content\/uploads\/2014\/01\/5840352w.jpg\" \/>\n\t\t<script type=\"application\/ld+json\" class=\"aioseo-schema\">\n\t\t\t{\"@context\":\"https:\\\/\\\/schema.org\",\"@graph\":[{\"@type\":\"Article\",\"@id\":\"https:\\\/\\\/eldigitaldeasturias.com\\\/magazine365\\\/fira-de-barcelona-organizara-el-salon-de-moda-nupcial-barcelona-bridal-week\\\/#article\",\"name\":\"Fira de Barcelona organizar\\u00e1 el sal\\u00f3n de moda nupcial Barcelona Bridal Week | El Digital de Asturias\",\"headline\":\"Fira de Barcelona organizar\\u00e1 el sal\\u00f3n de moda nupcial Barcelona Bridal Week\",\"author\":{\"@id\":\"https:\\\/\\\/eldigitaldeasturias.com\\\/magazine365\\\/author\\\/admin\\\/#author\"},\"publisher\":{\"@id\":\"https:\\\/\\\/eldigitaldeasturias.com\\\/magazine365\\\/#organization\"},\"image\":{\"@type\":\"ImageObject\",\"url\":\"https:\\\/\\\/eldigitaldeasturias.com\\\/magazine365\\\/wp-content\\\/uploads\\\/2014\\\/01\\\/5840352w.jpg\",\"width\":800,\"height\":443},\"datePublished\":\"2014-01-10T17:46:35+01:00\",\"dateModified\":\"2014-01-10T17:46:35+01:00\",\"inLanguage\":\"es-ES\",\"mainEntityOfPage\":{\"@id\":\"https:\\\/\\\/eldigitaldeasturias.com\\\/magazine365\\\/fira-de-barcelona-organizara-el-salon-de-moda-nupcial-barcelona-bridal-week\\\/#webpage\"},\"isPartOf\":{\"@id\":\"https:\\\/\\\/eldigitaldeasturias.com\\\/magazine365\\\/fira-de-barcelona-organizara-el-salon-de-moda-nupcial-barcelona-bridal-week\\\/#webpage\"},\"articleSection\":\"Moda\"},{\"@type\":\"BreadcrumbList\",\"@id\":\"https:\\\/\\\/eldigitaldeasturias.com\\\/magazine365\\\/fira-de-barcelona-organizara-el-salon-de-moda-nupcial-barcelona-bridal-week\\\/#breadcrumblist\",\"itemListElement\":[{\"@type\":\"ListItem\",\"@id\":\"https:\\\/\\\/eldigitaldeasturias.com\\\/magazine365#listItem\",\"position\":1,\"name\":\"Home\",\"item\":\"https:\\\/\\\/eldigitaldeasturias.com\\\/magazine365\",\"nextItem\":{\"@type\":\"ListItem\",\"@id\":\"https:\\\/\\\/eldigitaldeasturias.com\\\/magazine365\\\/category\\\/moda\\\/#listItem\",\"name\":\"Moda\"}},{\"@type\":\"ListItem\",\"@id\":\"https:\\\/\\\/eldigitaldeasturias.com\\\/magazine365\\\/category\\\/moda\\\/#listItem\",\"position\":2,\"name\":\"Moda\",\"item\":\"https:\\\/\\\/eldigitaldeasturias.com\\\/magazine365\\\/category\\\/moda\\\/\",\"nextItem\":{\"@type\":\"ListItem\",\"@id\":\"https:\\\/\\\/eldigitaldeasturias.com\\\/magazine365\\\/fira-de-barcelona-organizara-el-salon-de-moda-nupcial-barcelona-bridal-week\\\/#listItem\",\"name\":\"Fira de Barcelona organizar\\u00e1 el sal\\u00f3n de moda nupcial Barcelona Bridal Week\"},\"previousItem\":{\"@type\":\"ListItem\",\"@id\":\"https:\\\/\\\/eldigitaldeasturias.com\\\/magazine365#listItem\",\"name\":\"Home\"}},{\"@type\":\"ListItem\",\"@id\":\"https:\\\/\\\/eldigitaldeasturias.com\\\/magazine365\\\/fira-de-barcelona-organizara-el-salon-de-moda-nupcial-barcelona-bridal-week\\\/#listItem\",\"position\":3,\"name\":\"Fira de Barcelona organizar\\u00e1 el sal\\u00f3n de moda nupcial Barcelona Bridal Week\",\"previousItem\":{\"@type\":\"ListItem\",\"@id\":\"https:\\\/\\\/eldigitaldeasturias.com\\\/magazine365\\\/category\\\/moda\\\/#listItem\",\"name\":\"Moda\"}}]},{\"@type\":\"Organization\",\"@id\":\"https:\\\/\\\/eldigitaldeasturias.com\\\/magazine365\\\/#organization\",\"name\":\"El digital de Asturias\",\"description\":\"Revista de ocio, turismo y estilo de vida\",\"url\":\"https:\\\/\\\/eldigitaldeasturias.com\\\/magazine365\\\/\",\"logo\":{\"@type\":\"ImageObject\",\"url\":\"https:\\\/\\\/www.eldigitaldeasturias.com\\\/noticias\\\/wp-content\\\/uploads\\\/2020\\\/12\\\/EDA.jpg\",\"@id\":\"https:\\\/\\\/eldigitaldeasturias.com\\\/magazine365\\\/fira-de-barcelona-organizara-el-salon-de-moda-nupcial-barcelona-bridal-week\\\/#organizationLogo\"},\"image\":{\"@id\":\"https:\\\/\\\/eldigitaldeasturias.com\\\/magazine365\\\/fira-de-barcelona-organizara-el-salon-de-moda-nupcial-barcelona-bridal-week\\\/#organizationLogo\"}},{\"@type\":\"Person\",\"@id\":\"https:\\\/\\\/eldigitaldeasturias.com\\\/magazine365\\\/author\\\/admin\\\/#author\",\"url\":\"https:\\\/\\\/eldigitaldeasturias.com\\\/magazine365\\\/author\\\/admin\\\/\",\"name\":\"admin\",\"image\":{\"@type\":\"ImageObject\",\"@id\":\"https:\\\/\\\/eldigitaldeasturias.com\\\/magazine365\\\/fira-de-barcelona-organizara-el-salon-de-moda-nupcial-barcelona-bridal-week\\\/#authorImage\",\"url\":\"https:\\\/\\\/eldigitaldeasturias.com\\\/magazine365\\\/wp-content\\\/litespeed\\\/avatar\\\/e571bcf59a0edd6fa6838245a470f2fe.jpg?ver=1776969259\",\"width\":96,\"height\":96,\"caption\":\"admin\"}},{\"@type\":\"WebPage\",\"@id\":\"https:\\\/\\\/eldigitaldeasturias.com\\\/magazine365\\\/fira-de-barcelona-organizara-el-salon-de-moda-nupcial-barcelona-bridal-week\\\/#webpage\",\"url\":\"https:\\\/\\\/eldigitaldeasturias.com\\\/magazine365\\\/fira-de-barcelona-organizara-el-salon-de-moda-nupcial-barcelona-bridal-week\\\/\",\"name\":\"Fira de Barcelona organizar\\u00e1 el sal\\u00f3n de moda nupcial Barcelona Bridal Week | El Digital de Asturias\",\"description\":\"Barcelona, 10 ene (EFE).- Fira de Barcelona organizar\\u00e1 la Barcelona Bridal Week tras el acuerdo alcanzado con la Asociaci\\u00f3n Moda Barcelona y Flaqu\\u00e9 Internacional, que ha preparado el evento durante 23 ediciones, y en mayo de este a\\u00f1o ya organizar\\u00e1 el sal\\u00f3n Noviaespa\\u00f1a y la Pasarela Gaud\\u00ed Novias. Seg\\u00fan ha informado hoy Fira de Barcelona,\",\"inLanguage\":\"es-ES\",\"isPartOf\":{\"@id\":\"https:\\\/\\\/eldigitaldeasturias.com\\\/magazine365\\\/#website\"},\"breadcrumb\":{\"@id\":\"https:\\\/\\\/eldigitaldeasturias.com\\\/magazine365\\\/fira-de-barcelona-organizara-el-salon-de-moda-nupcial-barcelona-bridal-week\\\/#breadcrumblist\"},\"author\":{\"@id\":\"https:\\\/\\\/eldigitaldeasturias.com\\\/magazine365\\\/author\\\/admin\\\/#author\"},\"creator\":{\"@id\":\"https:\\\/\\\/eldigitaldeasturias.com\\\/magazine365\\\/author\\\/admin\\\/#author\"},\"image\":{\"@type\":\"ImageObject\",\"url\":\"https:\\\/\\\/eldigitaldeasturias.com\\\/magazine365\\\/wp-content\\\/uploads\\\/2014\\\/01\\\/5840352w.jpg\",\"@id\":\"https:\\\/\\\/eldigitaldeasturias.com\\\/magazine365\\\/fira-de-barcelona-organizara-el-salon-de-moda-nupcial-barcelona-bridal-week\\\/#mainImage\",\"width\":800,\"height\":443},\"primaryImageOfPage\":{\"@id\":\"https:\\\/\\\/eldigitaldeasturias.com\\\/magazine365\\\/fira-de-barcelona-organizara-el-salon-de-moda-nupcial-barcelona-bridal-week\\\/#mainImage\"},\"datePublished\":\"2014-01-10T17:46:35+01:00\",\"dateModified\":\"2014-01-10T17:46:35+01:00\"},{\"@type\":\"WebSite\",\"@id\":\"https:\\\/\\\/eldigitaldeasturias.com\\\/magazine365\\\/#website\",\"url\":\"https:\\\/\\\/eldigitaldeasturias.com\\\/magazine365\\\/\",\"name\":\"El Digital de Asturias\",\"description\":\"Revista de ocio, turismo y estilo de vida\",\"inLanguage\":\"es-ES\",\"publisher\":{\"@id\":\"https:\\\/\\\/eldigitaldeasturias.com\\\/magazine365\\\/#organization\"}}]}\n\t\t<\/script>\n\t\t<!-- All in One SEO Pro -->\r\n\t\t<title>Fira de Barcelona organizar\u00e1 el sal\u00f3n de moda nupcial Barcelona Bridal Week | El Digital de Asturias<\/title>\n\n","aioseo_head_json":{"title":"Fira de Barcelona organizar\u00e1 el sal\u00f3n de moda nupcial Barcelona Bridal Week | El Digital de Asturias","description":"Barcelona, 10 ene (EFE).- Fira de Barcelona organizar\u00e1 la Barcelona Bridal Week tras el acuerdo alcanzado con la Asociaci\u00f3n Moda Barcelona y Flaqu\u00e9 Internacional, que ha preparado el evento durante 23 ediciones, y en mayo de este a\u00f1o ya organizar\u00e1 el sal\u00f3n Noviaespa\u00f1a y la Pasarela Gaud\u00ed Novias. Seg\u00fan ha informado hoy Fira de Barcelona,","canonical_url":"https:\/\/eldigitaldeasturias.com\/magazine365\/fira-de-barcelona-organizara-el-salon-de-moda-nupcial-barcelona-bridal-week\/","robots":"max-image-preview:large","keywords":"moda","webmasterTools":{"google-site-verification":"UA-38556648-1","miscellaneous":""},"schema":{"@context":"https:\/\/schema.org","@graph":[{"@type":"Article","@id":"https:\/\/eldigitaldeasturias.com\/magazine365\/fira-de-barcelona-organizara-el-salon-de-moda-nupcial-barcelona-bridal-week\/#article","name":"Fira de Barcelona organizar\u00e1 el sal\u00f3n de moda nupcial Barcelona Bridal Week | El Digital de Asturias","headline":"Fira de Barcelona organizar\u00e1 el sal\u00f3n de moda nupcial Barcelona Bridal Week","author":{"@id":"https:\/\/eldigitaldeasturias.com\/magazine365\/author\/admin\/#author"},"publisher":{"@id":"https:\/\/eldigitaldeasturias.com\/magazine365\/#organization"},"image":{"@type":"ImageObject","url":"https:\/\/eldigitaldeasturias.com\/magazine365\/wp-content\/uploads\/2014\/01\/5840352w.jpg","width":800,"height":443},"datePublished":"2014-01-10T17:46:35+01:00","dateModified":"2014-01-10T17:46:35+01:00","inLanguage":"es-ES","mainEntityOfPage":{"@id":"https:\/\/eldigitaldeasturias.com\/magazine365\/fira-de-barcelona-organizara-el-salon-de-moda-nupcial-barcelona-bridal-week\/#webpage"},"isPartOf":{"@id":"https:\/\/eldigitaldeasturias.com\/magazine365\/fira-de-barcelona-organizara-el-salon-de-moda-nupcial-barcelona-bridal-week\/#webpage"},"articleSection":"Moda"},{"@type":"BreadcrumbList","@id":"https:\/\/eldigitaldeasturias.com\/magazine365\/fira-de-barcelona-organizara-el-salon-de-moda-nupcial-barcelona-bridal-week\/#breadcrumblist","itemListElement":[{"@type":"ListItem","@id":"https:\/\/eldigitaldeasturias.com\/magazine365#listItem","position":1,"name":"Home","item":"https:\/\/eldigitaldeasturias.com\/magazine365","nextItem":{"@type":"ListItem","@id":"https:\/\/eldigitaldeasturias.com\/magazine365\/category\/moda\/#listItem","name":"Moda"}},{"@type":"ListItem","@id":"https:\/\/eldigitaldeasturias.com\/magazine365\/category\/moda\/#listItem","position":2,"name":"Moda","item":"https:\/\/eldigitaldeasturias.com\/magazine365\/category\/moda\/","nextItem":{"@type":"ListItem","@id":"https:\/\/eldigitaldeasturias.com\/magazine365\/fira-de-barcelona-organizara-el-salon-de-moda-nupcial-barcelona-bridal-week\/#listItem","name":"Fira de Barcelona organizar\u00e1 el sal\u00f3n de moda nupcial Barcelona Bridal Week"},"previousItem":{"@type":"ListItem","@id":"https:\/\/eldigitaldeasturias.com\/magazine365#listItem","name":"Home"}},{"@type":"ListItem","@id":"https:\/\/eldigitaldeasturias.com\/magazine365\/fira-de-barcelona-organizara-el-salon-de-moda-nupcial-barcelona-bridal-week\/#listItem","position":3,"name":"Fira de Barcelona organizar\u00e1 el sal\u00f3n de moda nupcial Barcelona Bridal Week","previousItem":{"@type":"ListItem","@id":"https:\/\/eldigitaldeasturias.com\/magazine365\/category\/moda\/#listItem","name":"Moda"}}]},{"@type":"Organization","@id":"https:\/\/eldigitaldeasturias.com\/magazine365\/#organization","name":"El digital de Asturias","description":"Revista de ocio, turismo y estilo de vida","url":"https:\/\/eldigitaldeasturias.com\/magazine365\/","logo":{"@type":"ImageObject","url":"https:\/\/www.eldigitaldeasturias.com\/noticias\/wp-content\/uploads\/2020\/12\/EDA.jpg","@id":"https:\/\/eldigitaldeasturias.com\/magazine365\/fira-de-barcelona-organizara-el-salon-de-moda-nupcial-barcelona-bridal-week\/#organizationLogo"},"image":{"@id":"https:\/\/eldigitaldeasturias.com\/magazine365\/fira-de-barcelona-organizara-el-salon-de-moda-nupcial-barcelona-bridal-week\/#organizationLogo"}},{"@type":"Person","@id":"https:\/\/eldigitaldeasturias.com\/magazine365\/author\/admin\/#author","url":"https:\/\/eldigitaldeasturias.com\/magazine365\/author\/admin\/","name":"admin","image":{"@type":"ImageObject","@id":"https:\/\/eldigitaldeasturias.com\/magazine365\/fira-de-barcelona-organizara-el-salon-de-moda-nupcial-barcelona-bridal-week\/#authorImage","url":"https:\/\/eldigitaldeasturias.com\/magazine365\/wp-content\/litespeed\/avatar\/e571bcf59a0edd6fa6838245a470f2fe.jpg?ver=1776969259","width":96,"height":96,"caption":"admin"}},{"@type":"WebPage","@id":"https:\/\/eldigitaldeasturias.com\/magazine365\/fira-de-barcelona-organizara-el-salon-de-moda-nupcial-barcelona-bridal-week\/#webpage","url":"https:\/\/eldigitaldeasturias.com\/magazine365\/fira-de-barcelona-organizara-el-salon-de-moda-nupcial-barcelona-bridal-week\/","name":"Fira de Barcelona organizar\u00e1 el sal\u00f3n de moda nupcial Barcelona Bridal Week | El Digital de Asturias","description":"Barcelona, 10 ene (EFE).- Fira de Barcelona organizar\u00e1 la Barcelona Bridal Week tras el acuerdo alcanzado con la Asociaci\u00f3n Moda Barcelona y Flaqu\u00e9 Internacional, que ha preparado el evento durante 23 ediciones, y en mayo de este a\u00f1o ya organizar\u00e1 el sal\u00f3n Noviaespa\u00f1a y la Pasarela Gaud\u00ed Novias. Seg\u00fan ha informado hoy Fira de Barcelona,","inLanguage":"es-ES","isPartOf":{"@id":"https:\/\/eldigitaldeasturias.com\/magazine365\/#website"},"breadcrumb":{"@id":"https:\/\/eldigitaldeasturias.com\/magazine365\/fira-de-barcelona-organizara-el-salon-de-moda-nupcial-barcelona-bridal-week\/#breadcrumblist"},"author":{"@id":"https:\/\/eldigitaldeasturias.com\/magazine365\/author\/admin\/#author"},"creator":{"@id":"https:\/\/eldigitaldeasturias.com\/magazine365\/author\/admin\/#author"},"image":{"@type":"ImageObject","url":"https:\/\/eldigitaldeasturias.com\/magazine365\/wp-content\/uploads\/2014\/01\/5840352w.jpg","@id":"https:\/\/eldigitaldeasturias.com\/magazine365\/fira-de-barcelona-organizara-el-salon-de-moda-nupcial-barcelona-bridal-week\/#mainImage","width":800,"height":443},"primaryImageOfPage":{"@id":"https:\/\/eldigitaldeasturias.com\/magazine365\/fira-de-barcelona-organizara-el-salon-de-moda-nupcial-barcelona-bridal-week\/#mainImage"},"datePublished":"2014-01-10T17:46:35+01:00","dateModified":"2014-01-10T17:46:35+01:00"},{"@type":"WebSite","@id":"https:\/\/eldigitaldeasturias.com\/magazine365\/#website","url":"https:\/\/eldigitaldeasturias.com\/magazine365\/","name":"El Digital de Asturias","description":"Revista de ocio, turismo y estilo de vida","inLanguage":"es-ES","publisher":{"@id":"https:\/\/eldigitaldeasturias.com\/magazine365\/#organization"}}]},"og:locale":"es_ES","og:site_name":"El Digital de Asturias \u2013 Revista de ocio, turismo y estilo de vida","og:type":"article","og:title":"Fira de Barcelona organizar\u00e1 el sal\u00f3n de moda nupcial Barcelona Bridal Week | El Digital de Asturias","og:description":"Barcelona, 10 ene (EFE).- Fira de Barcelona organizar\u00e1 la Barcelona Bridal Week tras el acuerdo alcanzado con la Asociaci\u00f3n Moda Barcelona y Flaqu\u00e9 Internacional, que ha preparado el evento durante 23 ediciones, y en mayo de este a\u00f1o ya organizar\u00e1 el sal\u00f3n Noviaespa\u00f1a y la Pasarela Gaud\u00ed Novias. Seg\u00fan ha informado hoy Fira de Barcelona,","og:url":"https:\/\/eldigitaldeasturias.com\/magazine365\/fira-de-barcelona-organizara-el-salon-de-moda-nupcial-barcelona-bridal-week\/","og:image":"https:\/\/eldigitaldeasturias.com\/magazine365\/wp-content\/uploads\/2014\/01\/5840352w.jpg","og:image:secure_url":"https:\/\/eldigitaldeasturias.com\/magazine365\/wp-content\/uploads\/2014\/01\/5840352w.jpg","og:image:width":800,"og:image:height":443,"article:published_time":"2014-01-10T18:46:35+00:00","article:modified_time":"2014-01-10T18:46:35+00:00","twitter:card":"summary_large_image","twitter:title":"Fira de Barcelona organizar\u00e1 el sal\u00f3n de moda nupcial Barcelona Bridal Week | El Digital de Asturias","twitter:description":"Barcelona, 10 ene (EFE).- Fira de Barcelona organizar\u00e1 la Barcelona Bridal Week tras el acuerdo alcanzado con la Asociaci\u00f3n Moda Barcelona y Flaqu\u00e9 Internacional, que ha preparado el evento durante 23 ediciones, y en mayo de este a\u00f1o ya organizar\u00e1 el sal\u00f3n Noviaespa\u00f1a y la Pasarela Gaud\u00ed Novias. Seg\u00fan ha informado hoy Fira de Barcelona,","twitter:image":"https:\/\/eldigitaldeasturias.com\/magazine365\/wp-content\/uploads\/2014\/01\/5840352w.jpg"},"aioseo_meta_data":{"post_id":"646","title":null,"description":null,"keywords":null,"keyphrases":null,"primary_term":null,"canonical_url":null,"og_title":null,"og_description":null,"og_object_type":"default","og_image_type":"default","og_image_url":null,"og_image_width":null,"og_image_height":null,"og_image_custom_url":null,"og_image_custom_fields":null,"og_video":null,"og_custom_url":null,"og_article_section":null,"og_article_tags":null,"twitter_use_og":false,"twitter_card":"default","twitter_image_type":"default","twitter_image_url":null,"twitter_image_custom_url":null,"twitter_image_custom_fields":null,"twitter_title":null,"twitter_description":null,"schema":{"blockGraphs":[],"customGraphs":[],"default":{"data":{"Article":[],"Course":[],"Dataset":[],"FAQPage":[],"Movie":[],"Person":[],"Product":[],"ProductReview":[],"Car":[],"Recipe":[],"Service":[],"SoftwareApplication":[],"WebPage":[]},"graphName":"","isEnabled":true},"graphs":[],"defaultGraph":"","defaultPostTypeGraph":""},"schema_type":null,"schema_type_options":null,"pillar_content":false,"robots_default":true,"robots_noindex":false,"robots_noarchive":false,"robots_nosnippet":false,"robots_nofollow":false,"robots_noimageindex":false,"robots_noodp":false,"robots_notranslate":false,"robots_max_snippet":null,"robots_max_videopreview":null,"robots_max_imagepreview":"large","priority":null,"frequency":null,"location":null,"local_seo":null,"seo_analyzer_scan_date":"2025-09-16 07:56:57","breadcrumb_settings":null,"limit_modified_date":false,"open_ai":null,"ai":null,"created":"2020-12-21 13:33:33","updated":"2025-09-16 07:56:57"},"aioseo_breadcrumb":"<div class=\"aioseo-breadcrumbs\"><span class=\"aioseo-breadcrumb\">\n\t<a href=\"https:\/\/eldigitaldeasturias.com\/magazine365\" title=\"Home\">Home<\/a>\n<\/span><span class=\"aioseo-breadcrumb-separator\">\u2013<\/span><span class=\"aioseo-breadcrumb\">\n\t<a href=\"https:\/\/eldigitaldeasturias.com\/magazine365\/category\/moda\/\" title=\"Moda\">Moda<\/a>\n<\/span><span class=\"aioseo-breadcrumb-separator\">\u2013<\/span><span class=\"aioseo-breadcrumb\">\n\t<a href=\"https:\/\/eldigitaldeasturias.com\/magazine365\/fira-de-barcelona-organizara-el-salon-de-moda-nupcial-barcelona-bridal-week\/\" title=\"Fira de Barcelona organizar\u00e1 el sal\u00f3n de moda nupcial Barcelona Bridal Week\">Fira de Barcelona organizar\u00e1 el sal\u00f3n de moda nupcial Barcelona Bridal Week<\/a>\n<\/span><\/div>","aioseo_breadcrumb_json":[{"label":"Home","link":"https:\/\/eldigitaldeasturias.com\/magazine365"},{"label":"Moda","link":"https:\/\/eldigitaldeasturias.com\/magazine365\/category\/moda\/"},{"label":"Fira de Barcelona organizar\u00e1 el sal\u00f3n de moda nupcial Barcelona Bridal Week","link":"https:\/\/eldigitaldeasturias.com\/magazine365\/fira-de-barcelona-organizara-el-salon-de-moda-nupcial-barcelona-bridal-week\/"}],"_links":{"self":[{"href":"https:\/\/eldigitaldeasturias.com\/magazine365\/wp-json\/wp\/v2\/posts\/646","targetHints":{"allow":["GET"]}}],"collection":[{"href":"https:\/\/eldigitaldeasturias.com\/magazine365\/wp-json\/wp\/v2\/posts"}],"about":[{"href":"https:\/\/eldigitaldeasturias.com\/magazine365\/wp-json\/wp\/v2\/types\/post"}],"author":[{"embeddable":true,"href":"https:\/\/eldigitaldeasturias.com\/magazine365\/wp-json\/wp\/v2\/users\/1"}],"replies":[{"embeddable":true,"href":"https:\/\/eldigitaldeasturias.com\/magazine365\/wp-json\/wp\/v2\/comments?post=646"}],"version-history":[{"count":0,"href":"https:\/\/eldigitaldeasturias.com\/magazine365\/wp-json\/wp\/v2\/posts\/646\/revisions"}],"wp:featuredmedia":[{"embeddable":true,"href":"https:\/\/eldigitaldeasturias.com\/magazine365\/wp-json\/wp\/v2\/media\/647"}],"wp:attachment":[{"href":"https:\/\/eldigitaldeasturias.com\/magazine365\/wp-json\/wp\/v2\/media?parent=646"}],"wp:term":[{"taxonomy":"category","embeddable":true,"href":"https:\/\/eldigitaldeasturias.com\/magazine365\/wp-json\/wp\/v2\/categories?post=646"},{"taxonomy":"post_tag","embeddable":true,"href":"https:\/\/eldigitaldeasturias.com\/magazine365\/wp-json\/wp\/v2\/tags?post=646"}],"curies":[{"name":"wp","href":"https:\/\/api.w.org\/{rel}","templated":true}]}}