{"id":643,"date":"2014-01-10T17:45:11","date_gmt":"2014-01-10T18:45:11","guid":{"rendered":"http:\/\/eldigitaldeasturias.com\/magazine365\/?p=643"},"modified":"2014-01-10T17:45:11","modified_gmt":"2014-01-10T18:45:11","slug":"schauble-desplaza-a-merkel-como-el-politico-mas-popular-de-alemania","status":"publish","type":"post","link":"https:\/\/eldigitaldeasturias.com\/magazine365\/schauble-desplaza-a-merkel-como-el-politico-mas-popular-de-alemania\/","title":{"rendered":"Sch\u00e4uble desplaza a Merkel como el pol\u00edtico m\u00e1s popular de Alemania"},"content":{"rendered":"<p><img fetchpriority=\"high\" decoding=\"async\" class=\"alignleft size-medium wp-image-644\" alt=\"5840098w\" src=\"https:\/\/eldigitaldeasturias.com\/magazine365\/wp-content\/uploads\/2014\/01\/5840098w-360x243.jpg\" width=\"360\" height=\"243\" \/>Berl\u00edn, 10 ene (EFE).- El ministro de Finanzas alem\u00e1n, Wolfgang Sch\u00e4uble, desplaz\u00f3 a la canciller, Angela Merkel, como el pol\u00edtico m\u00e1s popular de Alemania, seg\u00fan la encuesta mensual de la Primera Cadena de la Televisi\u00f3n Alemana (ARD).<\/p>\n<p>Merkel ocupaba el primer puesto en la lista de pol\u00edticos m\u00e1s valorados en Alemania desde julio de 2012.<\/p>\n<p>Ahora Sch\u00e4uble es considerado por el 76 % de los preguntados como la persona adecuada para desempe\u00f1ar el cargo de ministro de Finanzas, mientras que Merkel tiene un 75 % de aprobaci\u00f3n.<\/p>\n<p>La mayor\u00eda de los ministros de la gran coalici\u00f3n reciben buenas notas en el sondeo de la ARD.<\/p>\n<p>El nuevo ministro de Exteriores, el socialdem\u00f3crata Frank-Walter Steinmeier, es considerado por el 73 % como la persona id\u00f3nea para su cargo; y el titular de Interior, el conservador Thomas de Maiziere, es valorado por un 61 %.<\/p>\n<p>Sigue en la clasificaci\u00f3n el ministro de Econom\u00eda, el l\u00edder del Partido Socialdem\u00f3crata, Sigmar Gabriel, con un 57 %.<\/p>\n<p>La nueva ministra de Defensa, Ursula von der Leyen, considerada por muchos analistas la delf\u00edn de Merkel, es la \u00fanica que tiene una calificaci\u00f3n negativa.<\/p>\n<p>Tras ser una de las ministras mejor valoradas en el anterior gabinete, cuando ocupaba la cartera de Trabajo, un 44 % de los encuestados estima que ahora est\u00e1 en el cargo equivocado.<\/p>\n<p>En cuanto a intenci\u00f3n de voto, el trabajo de la gran coalici\u00f3n parece favorecer de momento m\u00e1s al Partido Socialdem\u00f3crata (SPD) que a la Uni\u00f3n Cristianodem\u00f3crata (CDU) de Angela Merkel.<\/p>\n<p>Si las elecciones fueran este domingo, seg\u00fan la misma encuesta, la CDU perder\u00eda dos puntos con respecto al mes pasado, para quedar en un 41 %, mientras que el SPD subir\u00eda dos puntos para alcanzar el 27 %.<\/p>\n","protected":false},"excerpt":{"rendered":"<p>Berl\u00edn, 10 ene (EFE).- El ministro de Finanzas alem\u00e1n, Wolfgang Sch\u00e4uble, desplaz\u00f3 a la canciller, Angela Merkel, como el pol\u00edtico m\u00e1s popular de Alemania, seg\u00fan la encuesta mensual de la Primera Cadena de la Televisi\u00f3n Alemana (ARD). Merkel ocupaba el primer puesto en la lista de pol\u00edticos m\u00e1s valorados en Alemania desde julio de 2012.<\/p>\n","protected":false},"author":1,"featured_media":644,"comment_status":"open","ping_status":"open","sticky":false,"template":"","format":"standard","meta":{"footnotes":""},"categories":[224],"tags":[],"class_list":{"0":"post-643","1":"post","2":"type-post","3":"status-publish","4":"format-standard","5":"has-post-thumbnail","7":"category-noticias-actualidad"},"aioseo_notices":[],"aioseo_head":"\n\t\t<!-- All in One SEO Pro 4.9.6.1 - aioseo.com -->\n\t<meta name=\"description\" content=\"Berl\u00edn, 10 ene (EFE).- El ministro de Finanzas alem\u00e1n, Wolfgang Sch\u00e4uble, desplaz\u00f3 a la canciller, Angela Merkel, como el pol\u00edtico m\u00e1s popular de Alemania, seg\u00fan la encuesta mensual de la Primera Cadena de la Televisi\u00f3n Alemana (ARD). Merkel ocupaba el primer puesto en la lista de pol\u00edticos m\u00e1s valorados en Alemania desde julio de 2012.\" \/>\n\t<meta name=\"robots\" content=\"max-image-preview:large\" \/>\n\t<meta name=\"author\" content=\"admin\"\/>\n\t<meta name=\"google-site-verification\" content=\"UA-38556648-1\" \/>\n\t<meta name=\"keywords\" content=\"noticias y actualidad\" \/>\n\t<link rel=\"canonical\" href=\"https:\/\/eldigitaldeasturias.com\/magazine365\/schauble-desplaza-a-merkel-como-el-politico-mas-popular-de-alemania\/\" \/>\n\t<meta name=\"generator\" content=\"All in One SEO Pro (AIOSEO) 4.9.6.1\" \/>\n\t\t<meta property=\"og:locale\" content=\"es_ES\" \/>\n\t\t<meta property=\"og:site_name\" content=\"El Digital de Asturias \u2013 Revista de ocio, turismo y estilo de vida\" \/>\n\t\t<meta property=\"og:type\" content=\"article\" \/>\n\t\t<meta property=\"og:title\" content=\"Sch\u00e4uble desplaza a Merkel como el pol\u00edtico m\u00e1s popular de Alemania | El Digital de Asturias\" \/>\n\t\t<meta property=\"og:description\" content=\"Berl\u00edn, 10 ene (EFE).- El ministro de Finanzas alem\u00e1n, Wolfgang Sch\u00e4uble, desplaz\u00f3 a la canciller, Angela Merkel, como el pol\u00edtico m\u00e1s popular de Alemania, seg\u00fan la encuesta mensual de la Primera Cadena de la Televisi\u00f3n Alemana (ARD). Merkel ocupaba el primer puesto en la lista de pol\u00edticos m\u00e1s valorados en Alemania desde julio de 2012.\" \/>\n\t\t<meta property=\"og:url\" content=\"https:\/\/eldigitaldeasturias.com\/magazine365\/schauble-desplaza-a-merkel-como-el-politico-mas-popular-de-alemania\/\" \/>\n\t\t<meta property=\"og:image\" content=\"https:\/\/eldigitaldeasturias.com\/magazine365\/wp-content\/uploads\/2014\/01\/5840098w.jpg\" \/>\n\t\t<meta property=\"og:image:secure_url\" content=\"https:\/\/eldigitaldeasturias.com\/magazine365\/wp-content\/uploads\/2014\/01\/5840098w.jpg\" \/>\n\t\t<meta property=\"og:image:width\" content=\"800\" \/>\n\t\t<meta property=\"og:image:height\" content=\"542\" \/>\n\t\t<meta property=\"article:published_time\" content=\"2014-01-10T18:45:11+00:00\" \/>\n\t\t<meta property=\"article:modified_time\" content=\"2014-01-10T18:45:11+00:00\" \/>\n\t\t<meta name=\"twitter:card\" content=\"summary_large_image\" \/>\n\t\t<meta name=\"twitter:title\" content=\"Sch\u00e4uble desplaza a Merkel como el pol\u00edtico m\u00e1s popular de Alemania | El Digital de Asturias\" \/>\n\t\t<meta name=\"twitter:description\" content=\"Berl\u00edn, 10 ene (EFE).- El ministro de Finanzas alem\u00e1n, Wolfgang Sch\u00e4uble, desplaz\u00f3 a la canciller, Angela Merkel, como el pol\u00edtico m\u00e1s popular de Alemania, seg\u00fan la encuesta mensual de la Primera Cadena de la Televisi\u00f3n Alemana (ARD). Merkel ocupaba el primer puesto en la lista de pol\u00edticos m\u00e1s valorados en Alemania desde julio de 2012.\" \/>\n\t\t<meta name=\"twitter:image\" content=\"https:\/\/eldigitaldeasturias.com\/magazine365\/wp-content\/uploads\/2014\/01\/5840098w.jpg\" \/>\n\t\t<script type=\"application\/ld+json\" class=\"aioseo-schema\">\n\t\t\t{\"@context\":\"https:\\\/\\\/schema.org\",\"@graph\":[{\"@type\":\"Article\",\"@id\":\"https:\\\/\\\/eldigitaldeasturias.com\\\/magazine365\\\/schauble-desplaza-a-merkel-como-el-politico-mas-popular-de-alemania\\\/#article\",\"name\":\"Sch\\u00e4uble desplaza a Merkel como el pol\\u00edtico m\\u00e1s popular de Alemania | El Digital de Asturias\",\"headline\":\"Sch\\u00e4uble desplaza a Merkel como el pol\\u00edtico m\\u00e1s popular de Alemania\",\"author\":{\"@id\":\"https:\\\/\\\/eldigitaldeasturias.com\\\/magazine365\\\/author\\\/admin\\\/#author\"},\"publisher\":{\"@id\":\"https:\\\/\\\/eldigitaldeasturias.com\\\/magazine365\\\/#organization\"},\"image\":{\"@type\":\"ImageObject\",\"url\":\"https:\\\/\\\/eldigitaldeasturias.com\\\/magazine365\\\/wp-content\\\/uploads\\\/2014\\\/01\\\/5840098w.jpg\",\"width\":800,\"height\":542},\"datePublished\":\"2014-01-10T17:45:11+01:00\",\"dateModified\":\"2014-01-10T17:45:11+01:00\",\"inLanguage\":\"es-ES\",\"mainEntityOfPage\":{\"@id\":\"https:\\\/\\\/eldigitaldeasturias.com\\\/magazine365\\\/schauble-desplaza-a-merkel-como-el-politico-mas-popular-de-alemania\\\/#webpage\"},\"isPartOf\":{\"@id\":\"https:\\\/\\\/eldigitaldeasturias.com\\\/magazine365\\\/schauble-desplaza-a-merkel-como-el-politico-mas-popular-de-alemania\\\/#webpage\"},\"articleSection\":\"Noticias y Actualidad\"},{\"@type\":\"BreadcrumbList\",\"@id\":\"https:\\\/\\\/eldigitaldeasturias.com\\\/magazine365\\\/schauble-desplaza-a-merkel-como-el-politico-mas-popular-de-alemania\\\/#breadcrumblist\",\"itemListElement\":[{\"@type\":\"ListItem\",\"@id\":\"https:\\\/\\\/eldigitaldeasturias.com\\\/magazine365#listItem\",\"position\":1,\"name\":\"Home\",\"item\":\"https:\\\/\\\/eldigitaldeasturias.com\\\/magazine365\",\"nextItem\":{\"@type\":\"ListItem\",\"@id\":\"https:\\\/\\\/eldigitaldeasturias.com\\\/magazine365\\\/category\\\/noticias-actualidad\\\/#listItem\",\"name\":\"Noticias y Actualidad\"}},{\"@type\":\"ListItem\",\"@id\":\"https:\\\/\\\/eldigitaldeasturias.com\\\/magazine365\\\/category\\\/noticias-actualidad\\\/#listItem\",\"position\":2,\"name\":\"Noticias y Actualidad\",\"item\":\"https:\\\/\\\/eldigitaldeasturias.com\\\/magazine365\\\/category\\\/noticias-actualidad\\\/\",\"nextItem\":{\"@type\":\"ListItem\",\"@id\":\"https:\\\/\\\/eldigitaldeasturias.com\\\/magazine365\\\/schauble-desplaza-a-merkel-como-el-politico-mas-popular-de-alemania\\\/#listItem\",\"name\":\"Sch\\u00e4uble desplaza a Merkel como el pol\\u00edtico m\\u00e1s popular de Alemania\"},\"previousItem\":{\"@type\":\"ListItem\",\"@id\":\"https:\\\/\\\/eldigitaldeasturias.com\\\/magazine365#listItem\",\"name\":\"Home\"}},{\"@type\":\"ListItem\",\"@id\":\"https:\\\/\\\/eldigitaldeasturias.com\\\/magazine365\\\/schauble-desplaza-a-merkel-como-el-politico-mas-popular-de-alemania\\\/#listItem\",\"position\":3,\"name\":\"Sch\\u00e4uble desplaza a Merkel como el pol\\u00edtico m\\u00e1s popular de Alemania\",\"previousItem\":{\"@type\":\"ListItem\",\"@id\":\"https:\\\/\\\/eldigitaldeasturias.com\\\/magazine365\\\/category\\\/noticias-actualidad\\\/#listItem\",\"name\":\"Noticias y Actualidad\"}}]},{\"@type\":\"Organization\",\"@id\":\"https:\\\/\\\/eldigitaldeasturias.com\\\/magazine365\\\/#organization\",\"name\":\"El digital de Asturias\",\"description\":\"Revista de ocio, turismo y estilo de vida\",\"url\":\"https:\\\/\\\/eldigitaldeasturias.com\\\/magazine365\\\/\",\"logo\":{\"@type\":\"ImageObject\",\"url\":\"https:\\\/\\\/www.eldigitaldeasturias.com\\\/noticias\\\/wp-content\\\/uploads\\\/2020\\\/12\\\/EDA.jpg\",\"@id\":\"https:\\\/\\\/eldigitaldeasturias.com\\\/magazine365\\\/schauble-desplaza-a-merkel-como-el-politico-mas-popular-de-alemania\\\/#organizationLogo\"},\"image\":{\"@id\":\"https:\\\/\\\/eldigitaldeasturias.com\\\/magazine365\\\/schauble-desplaza-a-merkel-como-el-politico-mas-popular-de-alemania\\\/#organizationLogo\"}},{\"@type\":\"Person\",\"@id\":\"https:\\\/\\\/eldigitaldeasturias.com\\\/magazine365\\\/author\\\/admin\\\/#author\",\"url\":\"https:\\\/\\\/eldigitaldeasturias.com\\\/magazine365\\\/author\\\/admin\\\/\",\"name\":\"admin\",\"image\":{\"@type\":\"ImageObject\",\"@id\":\"https:\\\/\\\/eldigitaldeasturias.com\\\/magazine365\\\/schauble-desplaza-a-merkel-como-el-politico-mas-popular-de-alemania\\\/#authorImage\",\"url\":\"https:\\\/\\\/eldigitaldeasturias.com\\\/magazine365\\\/wp-content\\\/litespeed\\\/avatar\\\/e571bcf59a0edd6fa6838245a470f2fe.jpg?ver=1776969259\",\"width\":96,\"height\":96,\"caption\":\"admin\"}},{\"@type\":\"WebPage\",\"@id\":\"https:\\\/\\\/eldigitaldeasturias.com\\\/magazine365\\\/schauble-desplaza-a-merkel-como-el-politico-mas-popular-de-alemania\\\/#webpage\",\"url\":\"https:\\\/\\\/eldigitaldeasturias.com\\\/magazine365\\\/schauble-desplaza-a-merkel-como-el-politico-mas-popular-de-alemania\\\/\",\"name\":\"Sch\\u00e4uble desplaza a Merkel como el pol\\u00edtico m\\u00e1s popular de Alemania | El Digital de Asturias\",\"description\":\"Berl\\u00edn, 10 ene (EFE).- El ministro de Finanzas alem\\u00e1n, Wolfgang Sch\\u00e4uble, desplaz\\u00f3 a la canciller, Angela Merkel, como el pol\\u00edtico m\\u00e1s popular de Alemania, seg\\u00fan la encuesta mensual de la Primera Cadena de la Televisi\\u00f3n Alemana (ARD). Merkel ocupaba el primer puesto en la lista de pol\\u00edticos m\\u00e1s valorados en Alemania desde julio de 2012.\",\"inLanguage\":\"es-ES\",\"isPartOf\":{\"@id\":\"https:\\\/\\\/eldigitaldeasturias.com\\\/magazine365\\\/#website\"},\"breadcrumb\":{\"@id\":\"https:\\\/\\\/eldigitaldeasturias.com\\\/magazine365\\\/schauble-desplaza-a-merkel-como-el-politico-mas-popular-de-alemania\\\/#breadcrumblist\"},\"author\":{\"@id\":\"https:\\\/\\\/eldigitaldeasturias.com\\\/magazine365\\\/author\\\/admin\\\/#author\"},\"creator\":{\"@id\":\"https:\\\/\\\/eldigitaldeasturias.com\\\/magazine365\\\/author\\\/admin\\\/#author\"},\"image\":{\"@type\":\"ImageObject\",\"url\":\"https:\\\/\\\/eldigitaldeasturias.com\\\/magazine365\\\/wp-content\\\/uploads\\\/2014\\\/01\\\/5840098w.jpg\",\"@id\":\"https:\\\/\\\/eldigitaldeasturias.com\\\/magazine365\\\/schauble-desplaza-a-merkel-como-el-politico-mas-popular-de-alemania\\\/#mainImage\",\"width\":800,\"height\":542},\"primaryImageOfPage\":{\"@id\":\"https:\\\/\\\/eldigitaldeasturias.com\\\/magazine365\\\/schauble-desplaza-a-merkel-como-el-politico-mas-popular-de-alemania\\\/#mainImage\"},\"datePublished\":\"2014-01-10T17:45:11+01:00\",\"dateModified\":\"2014-01-10T17:45:11+01:00\"},{\"@type\":\"WebSite\",\"@id\":\"https:\\\/\\\/eldigitaldeasturias.com\\\/magazine365\\\/#website\",\"url\":\"https:\\\/\\\/eldigitaldeasturias.com\\\/magazine365\\\/\",\"name\":\"El Digital de Asturias\",\"description\":\"Revista de ocio, turismo y estilo de vida\",\"inLanguage\":\"es-ES\",\"publisher\":{\"@id\":\"https:\\\/\\\/eldigitaldeasturias.com\\\/magazine365\\\/#organization\"}}]}\n\t\t<\/script>\n\t\t<!-- All in One SEO Pro -->\r\n\t\t<title>Sch\u00e4uble desplaza a Merkel como el pol\u00edtico m\u00e1s popular de Alemania | El Digital de Asturias<\/title>\n\n","aioseo_head_json":{"title":"Sch\u00e4uble desplaza a Merkel como el pol\u00edtico m\u00e1s popular de Alemania | El Digital de Asturias","description":"Berl\u00edn, 10 ene (EFE).- El ministro de Finanzas alem\u00e1n, Wolfgang Sch\u00e4uble, desplaz\u00f3 a la canciller, Angela Merkel, como el pol\u00edtico m\u00e1s popular de Alemania, seg\u00fan la encuesta mensual de la Primera Cadena de la Televisi\u00f3n Alemana (ARD). Merkel ocupaba el primer puesto en la lista de pol\u00edticos m\u00e1s valorados en Alemania desde julio de 2012.","canonical_url":"https:\/\/eldigitaldeasturias.com\/magazine365\/schauble-desplaza-a-merkel-como-el-politico-mas-popular-de-alemania\/","robots":"max-image-preview:large","keywords":"noticias y actualidad","webmasterTools":{"google-site-verification":"UA-38556648-1","miscellaneous":""},"schema":{"@context":"https:\/\/schema.org","@graph":[{"@type":"Article","@id":"https:\/\/eldigitaldeasturias.com\/magazine365\/schauble-desplaza-a-merkel-como-el-politico-mas-popular-de-alemania\/#article","name":"Sch\u00e4uble desplaza a Merkel como el pol\u00edtico m\u00e1s popular de Alemania | El Digital de Asturias","headline":"Sch\u00e4uble desplaza a Merkel como el pol\u00edtico m\u00e1s popular de Alemania","author":{"@id":"https:\/\/eldigitaldeasturias.com\/magazine365\/author\/admin\/#author"},"publisher":{"@id":"https:\/\/eldigitaldeasturias.com\/magazine365\/#organization"},"image":{"@type":"ImageObject","url":"https:\/\/eldigitaldeasturias.com\/magazine365\/wp-content\/uploads\/2014\/01\/5840098w.jpg","width":800,"height":542},"datePublished":"2014-01-10T17:45:11+01:00","dateModified":"2014-01-10T17:45:11+01:00","inLanguage":"es-ES","mainEntityOfPage":{"@id":"https:\/\/eldigitaldeasturias.com\/magazine365\/schauble-desplaza-a-merkel-como-el-politico-mas-popular-de-alemania\/#webpage"},"isPartOf":{"@id":"https:\/\/eldigitaldeasturias.com\/magazine365\/schauble-desplaza-a-merkel-como-el-politico-mas-popular-de-alemania\/#webpage"},"articleSection":"Noticias y Actualidad"},{"@type":"BreadcrumbList","@id":"https:\/\/eldigitaldeasturias.com\/magazine365\/schauble-desplaza-a-merkel-como-el-politico-mas-popular-de-alemania\/#breadcrumblist","itemListElement":[{"@type":"ListItem","@id":"https:\/\/eldigitaldeasturias.com\/magazine365#listItem","position":1,"name":"Home","item":"https:\/\/eldigitaldeasturias.com\/magazine365","nextItem":{"@type":"ListItem","@id":"https:\/\/eldigitaldeasturias.com\/magazine365\/category\/noticias-actualidad\/#listItem","name":"Noticias y Actualidad"}},{"@type":"ListItem","@id":"https:\/\/eldigitaldeasturias.com\/magazine365\/category\/noticias-actualidad\/#listItem","position":2,"name":"Noticias y Actualidad","item":"https:\/\/eldigitaldeasturias.com\/magazine365\/category\/noticias-actualidad\/","nextItem":{"@type":"ListItem","@id":"https:\/\/eldigitaldeasturias.com\/magazine365\/schauble-desplaza-a-merkel-como-el-politico-mas-popular-de-alemania\/#listItem","name":"Sch\u00e4uble desplaza a Merkel como el pol\u00edtico m\u00e1s popular de Alemania"},"previousItem":{"@type":"ListItem","@id":"https:\/\/eldigitaldeasturias.com\/magazine365#listItem","name":"Home"}},{"@type":"ListItem","@id":"https:\/\/eldigitaldeasturias.com\/magazine365\/schauble-desplaza-a-merkel-como-el-politico-mas-popular-de-alemania\/#listItem","position":3,"name":"Sch\u00e4uble desplaza a Merkel como el pol\u00edtico m\u00e1s popular de Alemania","previousItem":{"@type":"ListItem","@id":"https:\/\/eldigitaldeasturias.com\/magazine365\/category\/noticias-actualidad\/#listItem","name":"Noticias y Actualidad"}}]},{"@type":"Organization","@id":"https:\/\/eldigitaldeasturias.com\/magazine365\/#organization","name":"El digital de Asturias","description":"Revista de ocio, turismo y estilo de vida","url":"https:\/\/eldigitaldeasturias.com\/magazine365\/","logo":{"@type":"ImageObject","url":"https:\/\/www.eldigitaldeasturias.com\/noticias\/wp-content\/uploads\/2020\/12\/EDA.jpg","@id":"https:\/\/eldigitaldeasturias.com\/magazine365\/schauble-desplaza-a-merkel-como-el-politico-mas-popular-de-alemania\/#organizationLogo"},"image":{"@id":"https:\/\/eldigitaldeasturias.com\/magazine365\/schauble-desplaza-a-merkel-como-el-politico-mas-popular-de-alemania\/#organizationLogo"}},{"@type":"Person","@id":"https:\/\/eldigitaldeasturias.com\/magazine365\/author\/admin\/#author","url":"https:\/\/eldigitaldeasturias.com\/magazine365\/author\/admin\/","name":"admin","image":{"@type":"ImageObject","@id":"https:\/\/eldigitaldeasturias.com\/magazine365\/schauble-desplaza-a-merkel-como-el-politico-mas-popular-de-alemania\/#authorImage","url":"https:\/\/eldigitaldeasturias.com\/magazine365\/wp-content\/litespeed\/avatar\/e571bcf59a0edd6fa6838245a470f2fe.jpg?ver=1776969259","width":96,"height":96,"caption":"admin"}},{"@type":"WebPage","@id":"https:\/\/eldigitaldeasturias.com\/magazine365\/schauble-desplaza-a-merkel-como-el-politico-mas-popular-de-alemania\/#webpage","url":"https:\/\/eldigitaldeasturias.com\/magazine365\/schauble-desplaza-a-merkel-como-el-politico-mas-popular-de-alemania\/","name":"Sch\u00e4uble desplaza a Merkel como el pol\u00edtico m\u00e1s popular de Alemania | El Digital de Asturias","description":"Berl\u00edn, 10 ene (EFE).- El ministro de Finanzas alem\u00e1n, Wolfgang Sch\u00e4uble, desplaz\u00f3 a la canciller, Angela Merkel, como el pol\u00edtico m\u00e1s popular de Alemania, seg\u00fan la encuesta mensual de la Primera Cadena de la Televisi\u00f3n Alemana (ARD). Merkel ocupaba el primer puesto en la lista de pol\u00edticos m\u00e1s valorados en Alemania desde julio de 2012.","inLanguage":"es-ES","isPartOf":{"@id":"https:\/\/eldigitaldeasturias.com\/magazine365\/#website"},"breadcrumb":{"@id":"https:\/\/eldigitaldeasturias.com\/magazine365\/schauble-desplaza-a-merkel-como-el-politico-mas-popular-de-alemania\/#breadcrumblist"},"author":{"@id":"https:\/\/eldigitaldeasturias.com\/magazine365\/author\/admin\/#author"},"creator":{"@id":"https:\/\/eldigitaldeasturias.com\/magazine365\/author\/admin\/#author"},"image":{"@type":"ImageObject","url":"https:\/\/eldigitaldeasturias.com\/magazine365\/wp-content\/uploads\/2014\/01\/5840098w.jpg","@id":"https:\/\/eldigitaldeasturias.com\/magazine365\/schauble-desplaza-a-merkel-como-el-politico-mas-popular-de-alemania\/#mainImage","width":800,"height":542},"primaryImageOfPage":{"@id":"https:\/\/eldigitaldeasturias.com\/magazine365\/schauble-desplaza-a-merkel-como-el-politico-mas-popular-de-alemania\/#mainImage"},"datePublished":"2014-01-10T17:45:11+01:00","dateModified":"2014-01-10T17:45:11+01:00"},{"@type":"WebSite","@id":"https:\/\/eldigitaldeasturias.com\/magazine365\/#website","url":"https:\/\/eldigitaldeasturias.com\/magazine365\/","name":"El Digital de Asturias","description":"Revista de ocio, turismo y estilo de vida","inLanguage":"es-ES","publisher":{"@id":"https:\/\/eldigitaldeasturias.com\/magazine365\/#organization"}}]},"og:locale":"es_ES","og:site_name":"El Digital de Asturias \u2013 Revista de ocio, turismo y estilo de vida","og:type":"article","og:title":"Sch\u00e4uble desplaza a Merkel como el pol\u00edtico m\u00e1s popular de Alemania | El Digital de Asturias","og:description":"Berl\u00edn, 10 ene (EFE).- El ministro de Finanzas alem\u00e1n, Wolfgang Sch\u00e4uble, desplaz\u00f3 a la canciller, Angela Merkel, como el pol\u00edtico m\u00e1s popular de Alemania, seg\u00fan la encuesta mensual de la Primera Cadena de la Televisi\u00f3n Alemana (ARD). Merkel ocupaba el primer puesto en la lista de pol\u00edticos m\u00e1s valorados en Alemania desde julio de 2012.","og:url":"https:\/\/eldigitaldeasturias.com\/magazine365\/schauble-desplaza-a-merkel-como-el-politico-mas-popular-de-alemania\/","og:image":"https:\/\/eldigitaldeasturias.com\/magazine365\/wp-content\/uploads\/2014\/01\/5840098w.jpg","og:image:secure_url":"https:\/\/eldigitaldeasturias.com\/magazine365\/wp-content\/uploads\/2014\/01\/5840098w.jpg","og:image:width":800,"og:image:height":542,"article:published_time":"2014-01-10T18:45:11+00:00","article:modified_time":"2014-01-10T18:45:11+00:00","twitter:card":"summary_large_image","twitter:title":"Sch\u00e4uble desplaza a Merkel como el pol\u00edtico m\u00e1s popular de Alemania | El Digital de Asturias","twitter:description":"Berl\u00edn, 10 ene (EFE).- El ministro de Finanzas alem\u00e1n, Wolfgang Sch\u00e4uble, desplaz\u00f3 a la canciller, Angela Merkel, como el pol\u00edtico m\u00e1s popular de Alemania, seg\u00fan la encuesta mensual de la Primera Cadena de la Televisi\u00f3n Alemana (ARD). Merkel ocupaba el primer puesto en la lista de pol\u00edticos m\u00e1s valorados en Alemania desde julio de 2012.","twitter:image":"https:\/\/eldigitaldeasturias.com\/magazine365\/wp-content\/uploads\/2014\/01\/5840098w.jpg"},"aioseo_meta_data":{"post_id":"643","title":null,"description":null,"keywords":null,"keyphrases":null,"primary_term":null,"canonical_url":null,"og_title":null,"og_description":null,"og_object_type":"default","og_image_type":"default","og_image_url":null,"og_image_width":null,"og_image_height":null,"og_image_custom_url":null,"og_image_custom_fields":null,"og_video":null,"og_custom_url":null,"og_article_section":null,"og_article_tags":null,"twitter_use_og":false,"twitter_card":"default","twitter_image_type":"default","twitter_image_url":null,"twitter_image_custom_url":null,"twitter_image_custom_fields":null,"twitter_title":null,"twitter_description":null,"schema":{"blockGraphs":[],"customGraphs":[],"default":{"data":{"Article":[],"Course":[],"Dataset":[],"FAQPage":[],"Movie":[],"Person":[],"Product":[],"ProductReview":[],"Car":[],"Recipe":[],"Service":[],"SoftwareApplication":[],"WebPage":[]},"graphName":"","isEnabled":true},"graphs":[],"defaultGraph":"","defaultPostTypeGraph":""},"schema_type":null,"schema_type_options":null,"pillar_content":false,"robots_default":true,"robots_noindex":false,"robots_noarchive":false,"robots_nosnippet":false,"robots_nofollow":false,"robots_noimageindex":false,"robots_noodp":false,"robots_notranslate":false,"robots_max_snippet":null,"robots_max_videopreview":null,"robots_max_imagepreview":"large","priority":null,"frequency":null,"location":null,"local_seo":null,"seo_analyzer_scan_date":"2025-09-16 07:55:02","breadcrumb_settings":null,"limit_modified_date":false,"open_ai":null,"ai":null,"created":"2020-12-21 13:33:33","updated":"2025-09-16 07:55:02"},"aioseo_breadcrumb":"<div class=\"aioseo-breadcrumbs\"><span class=\"aioseo-breadcrumb\">\n\t<a href=\"https:\/\/eldigitaldeasturias.com\/magazine365\" title=\"Home\">Home<\/a>\n<\/span><span class=\"aioseo-breadcrumb-separator\">\u2013<\/span><span class=\"aioseo-breadcrumb\">\n\t<a href=\"https:\/\/eldigitaldeasturias.com\/magazine365\/category\/noticias-actualidad\/\" title=\"Noticias y Actualidad\">Noticias y Actualidad<\/a>\n<\/span><span class=\"aioseo-breadcrumb-separator\">\u2013<\/span><span class=\"aioseo-breadcrumb\">\n\t<a href=\"https:\/\/eldigitaldeasturias.com\/magazine365\/schauble-desplaza-a-merkel-como-el-politico-mas-popular-de-alemania\/\" title=\"Sch\u00e4uble desplaza a Merkel como el pol\u00edtico m\u00e1s popular de Alemania\">Sch\u00e4uble desplaza a Merkel como el pol\u00edtico m\u00e1s popular de Alemania<\/a>\n<\/span><\/div>","aioseo_breadcrumb_json":[{"label":"Home","link":"https:\/\/eldigitaldeasturias.com\/magazine365"},{"label":"Noticias y Actualidad","link":"https:\/\/eldigitaldeasturias.com\/magazine365\/category\/noticias-actualidad\/"},{"label":"Sch\u00e4uble desplaza a Merkel como el pol\u00edtico m\u00e1s popular de Alemania","link":"https:\/\/eldigitaldeasturias.com\/magazine365\/schauble-desplaza-a-merkel-como-el-politico-mas-popular-de-alemania\/"}],"_links":{"self":[{"href":"https:\/\/eldigitaldeasturias.com\/magazine365\/wp-json\/wp\/v2\/posts\/643","targetHints":{"allow":["GET"]}}],"collection":[{"href":"https:\/\/eldigitaldeasturias.com\/magazine365\/wp-json\/wp\/v2\/posts"}],"about":[{"href":"https:\/\/eldigitaldeasturias.com\/magazine365\/wp-json\/wp\/v2\/types\/post"}],"author":[{"embeddable":true,"href":"https:\/\/eldigitaldeasturias.com\/magazine365\/wp-json\/wp\/v2\/users\/1"}],"replies":[{"embeddable":true,"href":"https:\/\/eldigitaldeasturias.com\/magazine365\/wp-json\/wp\/v2\/comments?post=643"}],"version-history":[{"count":0,"href":"https:\/\/eldigitaldeasturias.com\/magazine365\/wp-json\/wp\/v2\/posts\/643\/revisions"}],"wp:featuredmedia":[{"embeddable":true,"href":"https:\/\/eldigitaldeasturias.com\/magazine365\/wp-json\/wp\/v2\/media\/644"}],"wp:attachment":[{"href":"https:\/\/eldigitaldeasturias.com\/magazine365\/wp-json\/wp\/v2\/media?parent=643"}],"wp:term":[{"taxonomy":"category","embeddable":true,"href":"https:\/\/eldigitaldeasturias.com\/magazine365\/wp-json\/wp\/v2\/categories?post=643"},{"taxonomy":"post_tag","embeddable":true,"href":"https:\/\/eldigitaldeasturias.com\/magazine365\/wp-json\/wp\/v2\/tags?post=643"}],"curies":[{"name":"wp","href":"https:\/\/api.w.org\/{rel}","templated":true}]}}